{"id":18908,"date":"2026-04-30T15:45:57","date_gmt":"2026-04-30T21:45:57","guid":{"rendered":"https:\/\/agencia.252.com.mx\/home\/?p=18908"},"modified":"2026-04-30T15:48:18","modified_gmt":"2026-04-30T21:48:18","slug":"alarma-en-planteles-educativos-por-retos-virales-en-redes-sociales-como-el-clickbait","status":"publish","type":"post","link":"https:\/\/agencia.252.com.mx\/home\/alarma-en-planteles-educativos-por-retos-virales-en-redes-sociales-como-el-clickbait\/","title":{"rendered":"Alarma en planteles educativos\u00a0por retos virales en redes sociales como el clickbait"},"content":{"rendered":"<p>Visitas: 3<\/p>\n<ul class=\"wp-block-list\">\n<li><em>Los mensajes simulan amenazas con el objetivo de provocar reacciones inmediatas y facilitar su viralizaci\u00f3n<\/em><\/li>\n<\/ul>\n\n\n\n<ul class=\"wp-block-list\">\n<li><em>Compartir, comentar o reaccionar a este tipo de contenido contribuye a amplificar su alcance y a la generaci\u00f3n de desinformaci\u00f3n que provoca incertidumbre<\/em><\/li>\n<\/ul>\n\n\n\n<p>Juan Ignacio Corro&nbsp;<\/p>\n\n\n\n<p class=\"has-text-align-right\">Ciudad de M\u00e9xico, a 30 de abril de 2026<\/p>\n\n\n\n<p>La Secretar\u00eda de Seguridad Ciudadana de la Ciudad de M\u00e9xico mantiene patrullajes preventivos en las inmediaciones de planteles escolares y participa en el programa de Auxilio Escolar en 420 centros educativos de nivel b\u00e1sico y medio superior, entre otros objetivos, para prevenir supuestos actos de violencia en planteles escolares alentados en redes sociales como el clickbait, que ha generando temor entre la comunidad estudiantil, personal docente y padres de familia.<\/p>\n\n\n\n<p>La Polic\u00eda Cibern\u00e9tica refiri\u00f3 que estas publicaciones suelen corresponder a contenido alarmista o enga\u00f1oso (conocido como \u201cclickbait\u201d), cuyo prop\u00f3sito es atraer la atenci\u00f3n mediante mensajes sensacionalistas, exagerados o falsos. En muchos casos, se acompa\u00f1an de im\u00e1genes de salones de clase, sanitarios o instalaciones escolares para aparentar veracidad y facilitar su difusi\u00f3n sin que exista confirmaci\u00f3n de los hechos.<\/p>\n\n\n\n<p>Ante esta situaci\u00f3n, la Polic\u00eda Cibern\u00e9tica de la SSC emite las siguientes recomendaciones para prevenir la propagaci\u00f3n de este tipo de contenido:<\/p>\n\n\n\n<ul class=\"wp-block-list\">\n<li><em>No compartir mensajes alarmistas sin verificar previamente su autenticidad.<\/em><\/li>\n\n\n\n<li><em>Evitar la difusi\u00f3n de rumores en grupos escolares o aplicaciones de mensajer\u00eda instant\u00e1nea.<\/em><\/li>\n\n\n\n<li><em>Reportar a las autoridades cualquier publicaci\u00f3n sospechosa en redes sociales.<\/em><\/li>\n\n\n\n<li><em>Confirmar la informaci\u00f3n \u00fanicamente a trav\u00e9s de fuentes oficiales.<\/em><\/li>\n\n\n\n<li><em>Fomentar en ni\u00f1as, ni\u00f1os y j\u00f3venes el uso responsable de las redes sociales.<\/em><\/li>\n\n\n\n<li><em>Ante cualquier situaci\u00f3n de riesgo, dar aviso inmediato a las autoridades de seguridad.<\/em><\/li>\n<\/ul>\n\n\n\n<p>En caso de dudas, inquietudes o detecci\u00f3n de contenido sospechoso en el ciberespacio, la Polic\u00eda Cibern\u00e9tica brinda atenci\u00f3n a la ciudadan\u00eda las 24 horas del d\u00eda, los 7 d\u00edas de la semana, a trav\u00e9s del tel\u00e9fono 55 5242 5100, extensi\u00f3n 5086, as\u00ed como del correo electr\u00f3nico cibernetica@ssc.cdmx.gob.mx y las cuentas oficiales en redes sociales @SSC_CDMX y @UCS_GCDMX.<\/p>\n","protected":false},"excerpt":{"rendered":"<p>Visitas: 3 Juan Ignacio Corro&nbsp; Ciudad de M\u00e9xico, a 30 de abril de 2026 La Secretar\u00eda de Seguridad Ciudadana de la Ciudad de M\u00e9xico mantiene patrullajes preventivos en las inmediaciones de planteles escolares y participa en el programa de Auxilio Escolar en 420 centros educativos de nivel b\u00e1sico y medio superior, entre otros objetivos, para [&hellip;]<\/p>\n","protected":false},"author":5,"featured_media":18909,"comment_status":"open","ping_status":"open","sticky":false,"template":"","format":"standard","meta":{"site-sidebar-layout":"default","site-content-layout":"","ast-site-content-layout":"default","site-content-style":"default","site-sidebar-style":"default","ast-global-header-display":"","ast-banner-title-visibility":"","ast-main-header-display":"","ast-hfb-above-header-display":"","ast-hfb-below-header-display":"","ast-hfb-mobile-header-display":"","site-post-title":"","ast-breadcrumbs-content":"","ast-featured-img":"","footer-sml-layout":"","ast-disable-related-posts":"","theme-transparent-header-meta":"","adv-header-id-meta":"","stick-header-meta":"","header-above-stick-meta":"","header-main-stick-meta":"","header-below-stick-meta":"","astra-migrate-meta-layouts":"set","ast-page-background-enabled":"default","ast-page-background-meta":{"desktop":{"background-color":"var(--ast-global-color-4)","background-image":"","background-repeat":"repeat","background-position":"center center","background-size":"auto","background-attachment":"scroll","background-type":"","background-media":"","overlay-type":"","overlay-color":"","overlay-opacity":"","overlay-gradient":""},"tablet":{"background-color":"","background-image":"","background-repeat":"repeat","background-position":"center center","background-size":"auto","background-attachment":"scroll","background-type":"","background-media":"","overlay-type":"","overlay-color":"","overlay-opacity":"","overlay-gradient":""},"mobile":{"background-color":"","background-image":"","background-repeat":"repeat","background-position":"center center","background-size":"auto","background-attachment":"scroll","background-type":"","background-media":"","overlay-type":"","overlay-color":"","overlay-opacity":"","overlay-gradient":""}},"ast-content-background-meta":{"desktop":{"background-color":"var(--ast-global-color-5)","background-image":"","background-repeat":"repeat","background-position":"center center","background-size":"auto","background-attachment":"scroll","background-type":"","background-media":"","overlay-type":"","overlay-color":"","overlay-opacity":"","overlay-gradient":""},"tablet":{"background-color":"var(--ast-global-color-5)","background-image":"","background-repeat":"repeat","background-position":"center center","background-size":"auto","background-attachment":"scroll","background-type":"","background-media":"","overlay-type":"","overlay-color":"","overlay-opacity":"","overlay-gradient":""},"mobile":{"background-color":"var(--ast-global-color-5)","background-image":"","background-repeat":"repeat","background-position":"center center","background-size":"auto","background-attachment":"scroll","background-type":"","background-media":"","overlay-type":"","overlay-color":"","overlay-opacity":"","overlay-gradient":""}},"footnotes":""},"categories":[69,512,233,68],"tags":[535],"class_list":["post-18908","post","type-post","status-publish","format-standard","has-post-thumbnail","hentry","category-cdmx","category-metropoli","category-redes-sociales","category-seguridad","tag-cdmx"],"yoast_head":"<!-- This site is optimized with the Yoast SEO plugin v27.4 - https:\/\/yoast.com\/product\/yoast-seo-wordpress\/ -->\n<title>Alarma en planteles educativos\u00a0por retos virales en redes sociales como el clickbait - Agencia252<\/title>\n<meta name=\"robots\" content=\"index, follow, max-snippet:-1, max-image-preview:large, max-video-preview:-1\" \/>\n<link rel=\"canonical\" href=\"https:\/\/agencia.252.com.mx\/home\/alarma-en-planteles-educativos-por-retos-virales-en-redes-sociales-como-el-clickbait\/\" \/>\n<meta property=\"og:locale\" content=\"es_ES\" \/>\n<meta property=\"og:type\" content=\"article\" \/>\n<meta property=\"og:title\" content=\"Alarma en planteles educativos\u00a0por retos virales en redes sociales como el clickbait - Agencia252\" \/>\n<meta property=\"og:description\" content=\"Visitas: 3 Juan Ignacio Corro&nbsp; Ciudad de M\u00e9xico, a 30 de abril de 2026 La Secretar\u00eda de Seguridad Ciudadana de la Ciudad de M\u00e9xico mantiene patrullajes preventivos en las inmediaciones de planteles escolares y participa en el programa de Auxilio Escolar en 420 centros educativos de nivel b\u00e1sico y medio superior, entre otros objetivos, para [&hellip;]\" \/>\n<meta property=\"og:url\" content=\"https:\/\/agencia.252.com.mx\/home\/alarma-en-planteles-educativos-por-retos-virales-en-redes-sociales-como-el-clickbait\/\" \/>\n<meta property=\"og:site_name\" content=\"Agencia252\" \/>\n<meta property=\"article:publisher\" content=\"https:\/\/www.facebook.com\/252Comunicacion\/\" \/>\n<meta property=\"article:author\" content=\"https:\/\/www.facebook.com\/jcorroherrera\/\" \/>\n<meta property=\"article:published_time\" content=\"2026-04-30T21:45:57+00:00\" \/>\n<meta property=\"article:modified_time\" content=\"2026-04-30T21:48:18+00:00\" \/>\n<meta property=\"og:image\" content=\"http:\/\/agencia.252.com.mx\/wp-content\/uploads\/2026\/04\/WhatsApp-Image-2026-04-30-at-9.31.49-AM.jpeg\" \/>\n\t<meta property=\"og:image:width\" content=\"1333\" \/>\n\t<meta property=\"og:image:height\" content=\"1600\" \/>\n\t<meta property=\"og:image:type\" content=\"image\/jpeg\" \/>\n<meta name=\"author\" content=\"Nacho Corro\" \/>\n<meta name=\"twitter:card\" content=\"summary_large_image\" \/>\n<meta name=\"twitter:creator\" content=\"@Juan Ignacio Corro Herrera\" \/>\n<meta name=\"twitter:site\" content=\"@252COMS\" \/>\n<meta name=\"twitter:label1\" content=\"Escrito por\" \/>\n\t<meta name=\"twitter:data1\" content=\"Nacho Corro\" \/>\n\t<meta name=\"twitter:label2\" content=\"Tiempo de lectura\" \/>\n\t<meta name=\"twitter:data2\" content=\"2 minutos\" \/>\n<script type=\"application\/ld+json\" class=\"yoast-schema-graph\">{\"@context\":\"https:\\\/\\\/schema.org\",\"@graph\":[{\"@type\":\"Article\",\"@id\":\"https:\\\/\\\/agencia.252.com.mx\\\/home\\\/alarma-en-planteles-educativos-por-retos-virales-en-redes-sociales-como-el-clickbait\\\/#article\",\"isPartOf\":{\"@id\":\"https:\\\/\\\/agencia.252.com.mx\\\/home\\\/alarma-en-planteles-educativos-por-retos-virales-en-redes-sociales-como-el-clickbait\\\/\"},\"author\":{\"name\":\"Nacho Corro\",\"@id\":\"https:\\\/\\\/agencia.252.com.mx\\\/home\\\/#\\\/schema\\\/person\\\/6b972021e9a92d45ade8c78d81509098\"},\"headline\":\"Alarma en planteles educativos\u00a0por retos virales en redes sociales como el clickbait\",\"datePublished\":\"2026-04-30T21:45:57+00:00\",\"dateModified\":\"2026-04-30T21:48:18+00:00\",\"mainEntityOfPage\":{\"@id\":\"https:\\\/\\\/agencia.252.com.mx\\\/home\\\/alarma-en-planteles-educativos-por-retos-virales-en-redes-sociales-como-el-clickbait\\\/\"},\"wordCount\":376,\"commentCount\":0,\"publisher\":{\"@id\":\"https:\\\/\\\/agencia.252.com.mx\\\/home\\\/#organization\"},\"image\":{\"@id\":\"https:\\\/\\\/agencia.252.com.mx\\\/home\\\/alarma-en-planteles-educativos-por-retos-virales-en-redes-sociales-como-el-clickbait\\\/#primaryimage\"},\"thumbnailUrl\":\"https:\\\/\\\/agencia.252.com.mx\\\/wp-content\\\/uploads\\\/2026\\\/04\\\/WhatsApp-Image-2026-04-30-at-9.31.49-AM.jpeg\",\"keywords\":[\"CDMX\"],\"articleSection\":[\"CDMX\",\"Metropoli\",\"redes sociales\",\"Seguridad\"],\"inLanguage\":\"es\",\"potentialAction\":[{\"@type\":\"CommentAction\",\"name\":\"Comment\",\"target\":[\"https:\\\/\\\/agencia.252.com.mx\\\/home\\\/alarma-en-planteles-educativos-por-retos-virales-en-redes-sociales-como-el-clickbait\\\/#respond\"]}]},{\"@type\":\"WebPage\",\"@id\":\"https:\\\/\\\/agencia.252.com.mx\\\/home\\\/alarma-en-planteles-educativos-por-retos-virales-en-redes-sociales-como-el-clickbait\\\/\",\"url\":\"https:\\\/\\\/agencia.252.com.mx\\\/home\\\/alarma-en-planteles-educativos-por-retos-virales-en-redes-sociales-como-el-clickbait\\\/\",\"name\":\"Alarma en planteles educativos\u00a0por retos virales en redes sociales como el clickbait - Agencia252\",\"isPartOf\":{\"@id\":\"https:\\\/\\\/agencia.252.com.mx\\\/home\\\/#website\"},\"primaryImageOfPage\":{\"@id\":\"https:\\\/\\\/agencia.252.com.mx\\\/home\\\/alarma-en-planteles-educativos-por-retos-virales-en-redes-sociales-como-el-clickbait\\\/#primaryimage\"},\"image\":{\"@id\":\"https:\\\/\\\/agencia.252.com.mx\\\/home\\\/alarma-en-planteles-educativos-por-retos-virales-en-redes-sociales-como-el-clickbait\\\/#primaryimage\"},\"thumbnailUrl\":\"https:\\\/\\\/agencia.252.com.mx\\\/wp-content\\\/uploads\\\/2026\\\/04\\\/WhatsApp-Image-2026-04-30-at-9.31.49-AM.jpeg\",\"datePublished\":\"2026-04-30T21:45:57+00:00\",\"dateModified\":\"2026-04-30T21:48:18+00:00\",\"breadcrumb\":{\"@id\":\"https:\\\/\\\/agencia.252.com.mx\\\/home\\\/alarma-en-planteles-educativos-por-retos-virales-en-redes-sociales-como-el-clickbait\\\/#breadcrumb\"},\"inLanguage\":\"es\",\"potentialAction\":[{\"@type\":\"ReadAction\",\"target\":[\"https:\\\/\\\/agencia.252.com.mx\\\/home\\\/alarma-en-planteles-educativos-por-retos-virales-en-redes-sociales-como-el-clickbait\\\/\"]}]},{\"@type\":\"ImageObject\",\"inLanguage\":\"es\",\"@id\":\"https:\\\/\\\/agencia.252.com.mx\\\/home\\\/alarma-en-planteles-educativos-por-retos-virales-en-redes-sociales-como-el-clickbait\\\/#primaryimage\",\"url\":\"https:\\\/\\\/agencia.252.com.mx\\\/wp-content\\\/uploads\\\/2026\\\/04\\\/WhatsApp-Image-2026-04-30-at-9.31.49-AM.jpeg\",\"contentUrl\":\"https:\\\/\\\/agencia.252.com.mx\\\/wp-content\\\/uploads\\\/2026\\\/04\\\/WhatsApp-Image-2026-04-30-at-9.31.49-AM.jpeg\",\"width\":1333,\"height\":1600},{\"@type\":\"BreadcrumbList\",\"@id\":\"https:\\\/\\\/agencia.252.com.mx\\\/home\\\/alarma-en-planteles-educativos-por-retos-virales-en-redes-sociales-como-el-clickbait\\\/#breadcrumb\",\"itemListElement\":[{\"@type\":\"ListItem\",\"position\":1,\"name\":\"Portada\",\"item\":\"https:\\\/\\\/agencia.252.com.mx\\\/home\\\/\"},{\"@type\":\"ListItem\",\"position\":2,\"name\":\"Alarma en planteles educativos\u00a0por retos virales en redes sociales como el clickbait\"}]},{\"@type\":\"WebSite\",\"@id\":\"https:\\\/\\\/agencia.252.com.mx\\\/home\\\/#website\",\"url\":\"https:\\\/\\\/agencia.252.com.mx\\\/home\\\/\",\"name\":\"Agencia252\",\"description\":\"Tu espacio en la Red\",\"publisher\":{\"@id\":\"https:\\\/\\\/agencia.252.com.mx\\\/home\\\/#organization\"},\"potentialAction\":[{\"@type\":\"SearchAction\",\"target\":{\"@type\":\"EntryPoint\",\"urlTemplate\":\"https:\\\/\\\/agencia.252.com.mx\\\/home\\\/?s={search_term_string}\"},\"query-input\":{\"@type\":\"PropertyValueSpecification\",\"valueRequired\":true,\"valueName\":\"search_term_string\"}}],\"inLanguage\":\"es\"},{\"@type\":\"Organization\",\"@id\":\"https:\\\/\\\/agencia.252.com.mx\\\/home\\\/#organization\",\"name\":\"Agencia252\",\"url\":\"https:\\\/\\\/agencia.252.com.mx\\\/home\\\/\",\"logo\":{\"@type\":\"ImageObject\",\"inLanguage\":\"es\",\"@id\":\"https:\\\/\\\/agencia.252.com.mx\\\/home\\\/#\\\/schema\\\/logo\\\/image\\\/\",\"url\":\"https:\\\/\\\/agencia.252.com.mx\\\/wp-content\\\/uploads\\\/2023\\\/02\\\/cropped-ciruclo-agencia-e1677562404136.png\",\"contentUrl\":\"https:\\\/\\\/agencia.252.com.mx\\\/wp-content\\\/uploads\\\/2023\\\/02\\\/cropped-ciruclo-agencia-e1677562404136.png\",\"width\":512,\"height\":512,\"caption\":\"Agencia252\"},\"image\":{\"@id\":\"https:\\\/\\\/agencia.252.com.mx\\\/home\\\/#\\\/schema\\\/logo\\\/image\\\/\"},\"sameAs\":[\"https:\\\/\\\/www.facebook.com\\\/252Comunicacion\\\/\",\"https:\\\/\\\/x.com\\\/252COMS\"]},{\"@type\":\"Person\",\"@id\":\"https:\\\/\\\/agencia.252.com.mx\\\/home\\\/#\\\/schema\\\/person\\\/6b972021e9a92d45ade8c78d81509098\",\"name\":\"Nacho Corro\",\"image\":{\"@type\":\"ImageObject\",\"inLanguage\":\"es\",\"@id\":\"https:\\\/\\\/secure.gravatar.com\\\/avatar\\\/5db6df507cfe1307e192fbb498c6b85f1cf2ffd8b4cd37141b9eea588fcbd5a4?s=96&r=g\",\"url\":\"https:\\\/\\\/secure.gravatar.com\\\/avatar\\\/5db6df507cfe1307e192fbb498c6b85f1cf2ffd8b4cd37141b9eea588fcbd5a4?s=96&r=g\",\"contentUrl\":\"https:\\\/\\\/secure.gravatar.com\\\/avatar\\\/5db6df507cfe1307e192fbb498c6b85f1cf2ffd8b4cd37141b9eea588fcbd5a4?s=96&r=g\",\"caption\":\"Nacho Corro\"},\"description\":\"Comunicador Social, Periodista y Administraci\u00f3n P\u00fablica. Conversador pol\u00edtico, temas electorales y seguridad. Generador de contenidos digitales. Amante de la fotograf\u00eda\",\"sameAs\":[\"https:\\\/\\\/www.facebook.com\\\/jcorroherrera\\\/\",\"www.instagram.com\\\/nachocorro\\\/\",\"https:\\\/\\\/x.com\\\/Juan Ignacio Corro Herrera\"],\"url\":\"https:\\\/\\\/agencia.252.com.mx\\\/home\\\/author\\\/i-corro\\\/\"}]}<\/script>\n<!-- \/ Yoast SEO plugin. -->","yoast_head_json":{"title":"Alarma en planteles educativos\u00a0por retos virales en redes sociales como el clickbait - Agencia252","robots":{"index":"index","follow":"follow","max-snippet":"max-snippet:-1","max-image-preview":"max-image-preview:large","max-video-preview":"max-video-preview:-1"},"canonical":"https:\/\/agencia.252.com.mx\/home\/alarma-en-planteles-educativos-por-retos-virales-en-redes-sociales-como-el-clickbait\/","og_locale":"es_ES","og_type":"article","og_title":"Alarma en planteles educativos\u00a0por retos virales en redes sociales como el clickbait - Agencia252","og_description":"Visitas: 3 Juan Ignacio Corro&nbsp; Ciudad de M\u00e9xico, a 30 de abril de 2026 La Secretar\u00eda de Seguridad Ciudadana de la Ciudad de M\u00e9xico mantiene patrullajes preventivos en las inmediaciones de planteles escolares y participa en el programa de Auxilio Escolar en 420 centros educativos de nivel b\u00e1sico y medio superior, entre otros objetivos, para [&hellip;]","og_url":"https:\/\/agencia.252.com.mx\/home\/alarma-en-planteles-educativos-por-retos-virales-en-redes-sociales-como-el-clickbait\/","og_site_name":"Agencia252","article_publisher":"https:\/\/www.facebook.com\/252Comunicacion\/","article_author":"https:\/\/www.facebook.com\/jcorroherrera\/","article_published_time":"2026-04-30T21:45:57+00:00","article_modified_time":"2026-04-30T21:48:18+00:00","og_image":[{"width":1333,"height":1600,"url":"http:\/\/agencia.252.com.mx\/wp-content\/uploads\/2026\/04\/WhatsApp-Image-2026-04-30-at-9.31.49-AM.jpeg","type":"image\/jpeg"}],"author":"Nacho Corro","twitter_card":"summary_large_image","twitter_creator":"@Juan Ignacio Corro Herrera","twitter_site":"@252COMS","twitter_misc":{"Escrito por":"Nacho Corro","Tiempo de lectura":"2 minutos"},"schema":{"@context":"https:\/\/schema.org","@graph":[{"@type":"Article","@id":"https:\/\/agencia.252.com.mx\/home\/alarma-en-planteles-educativos-por-retos-virales-en-redes-sociales-como-el-clickbait\/#article","isPartOf":{"@id":"https:\/\/agencia.252.com.mx\/home\/alarma-en-planteles-educativos-por-retos-virales-en-redes-sociales-como-el-clickbait\/"},"author":{"name":"Nacho Corro","@id":"https:\/\/agencia.252.com.mx\/home\/#\/schema\/person\/6b972021e9a92d45ade8c78d81509098"},"headline":"Alarma en planteles educativos\u00a0por retos virales en redes sociales como el clickbait","datePublished":"2026-04-30T21:45:57+00:00","dateModified":"2026-04-30T21:48:18+00:00","mainEntityOfPage":{"@id":"https:\/\/agencia.252.com.mx\/home\/alarma-en-planteles-educativos-por-retos-virales-en-redes-sociales-como-el-clickbait\/"},"wordCount":376,"commentCount":0,"publisher":{"@id":"https:\/\/agencia.252.com.mx\/home\/#organization"},"image":{"@id":"https:\/\/agencia.252.com.mx\/home\/alarma-en-planteles-educativos-por-retos-virales-en-redes-sociales-como-el-clickbait\/#primaryimage"},"thumbnailUrl":"https:\/\/agencia.252.com.mx\/wp-content\/uploads\/2026\/04\/WhatsApp-Image-2026-04-30-at-9.31.49-AM.jpeg","keywords":["CDMX"],"articleSection":["CDMX","Metropoli","redes sociales","Seguridad"],"inLanguage":"es","potentialAction":[{"@type":"CommentAction","name":"Comment","target":["https:\/\/agencia.252.com.mx\/home\/alarma-en-planteles-educativos-por-retos-virales-en-redes-sociales-como-el-clickbait\/#respond"]}]},{"@type":"WebPage","@id":"https:\/\/agencia.252.com.mx\/home\/alarma-en-planteles-educativos-por-retos-virales-en-redes-sociales-como-el-clickbait\/","url":"https:\/\/agencia.252.com.mx\/home\/alarma-en-planteles-educativos-por-retos-virales-en-redes-sociales-como-el-clickbait\/","name":"Alarma en planteles educativos\u00a0por retos virales en redes sociales como el clickbait - Agencia252","isPartOf":{"@id":"https:\/\/agencia.252.com.mx\/home\/#website"},"primaryImageOfPage":{"@id":"https:\/\/agencia.252.com.mx\/home\/alarma-en-planteles-educativos-por-retos-virales-en-redes-sociales-como-el-clickbait\/#primaryimage"},"image":{"@id":"https:\/\/agencia.252.com.mx\/home\/alarma-en-planteles-educativos-por-retos-virales-en-redes-sociales-como-el-clickbait\/#primaryimage"},"thumbnailUrl":"https:\/\/agencia.252.com.mx\/wp-content\/uploads\/2026\/04\/WhatsApp-Image-2026-04-30-at-9.31.49-AM.jpeg","datePublished":"2026-04-30T21:45:57+00:00","dateModified":"2026-04-30T21:48:18+00:00","breadcrumb":{"@id":"https:\/\/agencia.252.com.mx\/home\/alarma-en-planteles-educativos-por-retos-virales-en-redes-sociales-como-el-clickbait\/#breadcrumb"},"inLanguage":"es","potentialAction":[{"@type":"ReadAction","target":["https:\/\/agencia.252.com.mx\/home\/alarma-en-planteles-educativos-por-retos-virales-en-redes-sociales-como-el-clickbait\/"]}]},{"@type":"ImageObject","inLanguage":"es","@id":"https:\/\/agencia.252.com.mx\/home\/alarma-en-planteles-educativos-por-retos-virales-en-redes-sociales-como-el-clickbait\/#primaryimage","url":"https:\/\/agencia.252.com.mx\/wp-content\/uploads\/2026\/04\/WhatsApp-Image-2026-04-30-at-9.31.49-AM.jpeg","contentUrl":"https:\/\/agencia.252.com.mx\/wp-content\/uploads\/2026\/04\/WhatsApp-Image-2026-04-30-at-9.31.49-AM.jpeg","width":1333,"height":1600},{"@type":"BreadcrumbList","@id":"https:\/\/agencia.252.com.mx\/home\/alarma-en-planteles-educativos-por-retos-virales-en-redes-sociales-como-el-clickbait\/#breadcrumb","itemListElement":[{"@type":"ListItem","position":1,"name":"Portada","item":"https:\/\/agencia.252.com.mx\/home\/"},{"@type":"ListItem","position":2,"name":"Alarma en planteles educativos\u00a0por retos virales en redes sociales como el clickbait"}]},{"@type":"WebSite","@id":"https:\/\/agencia.252.com.mx\/home\/#website","url":"https:\/\/agencia.252.com.mx\/home\/","name":"Agencia252","description":"Tu espacio en la Red","publisher":{"@id":"https:\/\/agencia.252.com.mx\/home\/#organization"},"potentialAction":[{"@type":"SearchAction","target":{"@type":"EntryPoint","urlTemplate":"https:\/\/agencia.252.com.mx\/home\/?s={search_term_string}"},"query-input":{"@type":"PropertyValueSpecification","valueRequired":true,"valueName":"search_term_string"}}],"inLanguage":"es"},{"@type":"Organization","@id":"https:\/\/agencia.252.com.mx\/home\/#organization","name":"Agencia252","url":"https:\/\/agencia.252.com.mx\/home\/","logo":{"@type":"ImageObject","inLanguage":"es","@id":"https:\/\/agencia.252.com.mx\/home\/#\/schema\/logo\/image\/","url":"https:\/\/agencia.252.com.mx\/wp-content\/uploads\/2023\/02\/cropped-ciruclo-agencia-e1677562404136.png","contentUrl":"https:\/\/agencia.252.com.mx\/wp-content\/uploads\/2023\/02\/cropped-ciruclo-agencia-e1677562404136.png","width":512,"height":512,"caption":"Agencia252"},"image":{"@id":"https:\/\/agencia.252.com.mx\/home\/#\/schema\/logo\/image\/"},"sameAs":["https:\/\/www.facebook.com\/252Comunicacion\/","https:\/\/x.com\/252COMS"]},{"@type":"Person","@id":"https:\/\/agencia.252.com.mx\/home\/#\/schema\/person\/6b972021e9a92d45ade8c78d81509098","name":"Nacho Corro","image":{"@type":"ImageObject","inLanguage":"es","@id":"https:\/\/secure.gravatar.com\/avatar\/5db6df507cfe1307e192fbb498c6b85f1cf2ffd8b4cd37141b9eea588fcbd5a4?s=96&r=g","url":"https:\/\/secure.gravatar.com\/avatar\/5db6df507cfe1307e192fbb498c6b85f1cf2ffd8b4cd37141b9eea588fcbd5a4?s=96&r=g","contentUrl":"https:\/\/secure.gravatar.com\/avatar\/5db6df507cfe1307e192fbb498c6b85f1cf2ffd8b4cd37141b9eea588fcbd5a4?s=96&r=g","caption":"Nacho Corro"},"description":"Comunicador Social, Periodista y Administraci\u00f3n P\u00fablica. Conversador pol\u00edtico, temas electorales y seguridad. Generador de contenidos digitales. Amante de la fotograf\u00eda","sameAs":["https:\/\/www.facebook.com\/jcorroherrera\/","www.instagram.com\/nachocorro\/","https:\/\/x.com\/Juan Ignacio Corro Herrera"],"url":"https:\/\/agencia.252.com.mx\/home\/author\/i-corro\/"}]}},"_links":{"self":[{"href":"https:\/\/agencia.252.com.mx\/home\/wp-json\/wp\/v2\/posts\/18908","targetHints":{"allow":["GET"]}}],"collection":[{"href":"https:\/\/agencia.252.com.mx\/home\/wp-json\/wp\/v2\/posts"}],"about":[{"href":"https:\/\/agencia.252.com.mx\/home\/wp-json\/wp\/v2\/types\/post"}],"author":[{"embeddable":true,"href":"https:\/\/agencia.252.com.mx\/home\/wp-json\/wp\/v2\/users\/5"}],"replies":[{"embeddable":true,"href":"https:\/\/agencia.252.com.mx\/home\/wp-json\/wp\/v2\/comments?post=18908"}],"version-history":[{"count":4,"href":"https:\/\/agencia.252.com.mx\/home\/wp-json\/wp\/v2\/posts\/18908\/revisions"}],"predecessor-version":[{"id":18914,"href":"https:\/\/agencia.252.com.mx\/home\/wp-json\/wp\/v2\/posts\/18908\/revisions\/18914"}],"wp:featuredmedia":[{"embeddable":true,"href":"https:\/\/agencia.252.com.mx\/home\/wp-json\/wp\/v2\/media\/18909"}],"wp:attachment":[{"href":"https:\/\/agencia.252.com.mx\/home\/wp-json\/wp\/v2\/media?parent=18908"}],"wp:term":[{"taxonomy":"category","embeddable":true,"href":"https:\/\/agencia.252.com.mx\/home\/wp-json\/wp\/v2\/categories?post=18908"},{"taxonomy":"post_tag","embeddable":true,"href":"https:\/\/agencia.252.com.mx\/home\/wp-json\/wp\/v2\/tags?post=18908"}],"curies":[{"name":"wp","href":"https:\/\/api.w.org\/{rel}","templated":true}]}}