{"id":18903,"date":"2026-04-30T13:49:31","date_gmt":"2026-04-30T19:49:31","guid":{"rendered":"https:\/\/agencia.252.com.mx\/home\/?p=18903"},"modified":"2026-04-30T13:52:45","modified_gmt":"2026-04-30T19:52:45","slug":"lider-de-grupo-delictivo-la-patrona-vinculado-a-proceso-operaba-en-cdmx-edomex-y-puebla","status":"publish","type":"post","link":"https:\/\/agencia.252.com.mx\/home\/lider-de-grupo-delictivo-la-patrona-vinculado-a-proceso-operaba-en-cdmx-edomex-y-puebla\/","title":{"rendered":"L\u00edder de grupo delictivo \u201cLa Patrona\u201d vinculado a proceso, operaba en CDMX, Edomex y Puebla"},"content":{"rendered":"<p>Visitas: 5<\/p>\n<ul class=\"wp-block-list\">\n<li><em>El seguimiento de c\u00e1maras de videovigilancia permiti\u00f3 identificar que uno de los veh\u00edculos utilizados para el traslado de los bienes se dirigi\u00f3 al domicilio de Ronny \u201cN\u201d<\/em><\/li>\n\n\n\n<li><em>El imputado permanece en prisi\u00f3n preventiva; ya enfrentaba otro proceso penal por los delitos contra la salud en su modalidad de narcomenudeo y portaci\u00f3n de arma de fuego<\/em><\/li>\n<\/ul>\n\n\n\n<p>Juan Ignacio Corro&nbsp;<\/p>\n\n\n\n<p class=\"has-text-align-right\">Ciudad de M\u00e9xico, a 30 de abril de 2026<\/p>\n\n\n\n<p>La Fiscal\u00eda General de Justicia de la Ciudad de M\u00e9xico (Fiscal\u00eda CDMX) obtuvo la vinculaci\u00f3n a proceso de Ronny \u201cN\u201d por el delito de robo a casa habitaci\u00f3n, identificado como probable l\u00edder de un grupo delictivo dedicado a este il\u00edcito mediante el esquema de enga\u00f1o conocido como \u201cLa Patrona\u201d, con operaciones principalmente en la Ciudad de M\u00e9xico, el Estado de M\u00e9xico y Puebla.<\/p>\n\n\n\n<p>De acuerdo con la investigaci\u00f3n, el 26 de octubre de 2025, una persona se comunic\u00f3 a un domicilio y, haci\u00e9ndose pasar por personal de un hospital privado, hizo creer a la trabajadora del hogar que su empleadora enfrentaba una situaci\u00f3n de emergencia relacionada con una supuesta deuda por una p\u00f3liza de seguro que deb\u00eda cubrirse de inmediato para evitar una sanci\u00f3n econ\u00f3mica. Bajo esta premisa, la convenci\u00f3 de reunir dinero y objetos de valor.<\/p>\n\n\n\n<p>La trabajadora del hogar continu\u00f3 la conversaci\u00f3n por mensajer\u00eda instant\u00e1nea y, siguiendo instrucciones, coloc\u00f3 el dinero y los objetos en bolsas para entregarlos a conductores de veh\u00edculos solicitados por aplicaci\u00f3n, quienes acudieron al domicilio para recogerlos.<\/p>\n\n\n\n<p>Como parte de las diligencias, el seguimiento de c\u00e1maras de videovigilancia permiti\u00f3 establecer que uno de los veh\u00edculos utilizados en el traslado de los bienes se dirigi\u00f3 al domicilio de Ronny \u201cN\u201d.&nbsp;<\/p>\n\n\n\n<p>Con estos datos, el agente del Ministerio P\u00fablico solicit\u00f3 y obtuvo de un juez de control la orden de aprehensi\u00f3n correspondiente, la cual fue ejecutada el 19 de abril de 2026 por agentes de la Polic\u00eda de Investigaci\u00f3n (PDI) en el Reclusorio Preventivo Varonil Norte, donde el imputado permanece en prisi\u00f3n preventiva por otro proceso penal relacionado con delitos contra la salud en su modalidad de narcomenudeo y portaci\u00f3n de arma de fuego.<\/p>\n\n\n\n<p>En audiencia celebrada el 21 de abril, con base en los datos de prueba presentados por la Fiscal\u00eda CDMX, la autoridad judicial determin\u00f3 su vinculaci\u00f3n a proceso por el delito de robo a casa habitaci\u00f3n, ratific\u00f3 la medida cautelar de prisi\u00f3n preventiva y fij\u00f3 un plazo de tres meses para el cierre de la investigaci\u00f3n.<\/p>\n","protected":false},"excerpt":{"rendered":"<p>Visitas: 5 Juan Ignacio Corro&nbsp; Ciudad de M\u00e9xico, a 30 de abril de 2026 La Fiscal\u00eda General de Justicia de la Ciudad de M\u00e9xico (Fiscal\u00eda CDMX) obtuvo la vinculaci\u00f3n a proceso de Ronny \u201cN\u201d por el delito de robo a casa habitaci\u00f3n, identificado como probable l\u00edder de un grupo delictivo dedicado a este il\u00edcito mediante [&hellip;]<\/p>\n","protected":false},"author":5,"featured_media":18904,"comment_status":"open","ping_status":"open","sticky":false,"template":"","format":"standard","meta":{"site-sidebar-layout":"default","site-content-layout":"","ast-site-content-layout":"default","site-content-style":"default","site-sidebar-style":"default","ast-global-header-display":"","ast-banner-title-visibility":"","ast-main-header-display":"","ast-hfb-above-header-display":"","ast-hfb-below-header-display":"","ast-hfb-mobile-header-display":"","site-post-title":"","ast-breadcrumbs-content":"","ast-featured-img":"","footer-sml-layout":"","ast-disable-related-posts":"","theme-transparent-header-meta":"","adv-header-id-meta":"","stick-header-meta":"","header-above-stick-meta":"","header-main-stick-meta":"","header-below-stick-meta":"","astra-migrate-meta-layouts":"set","ast-page-background-enabled":"default","ast-page-background-meta":{"desktop":{"background-color":"var(--ast-global-color-4)","background-image":"","background-repeat":"repeat","background-position":"center center","background-size":"auto","background-attachment":"scroll","background-type":"","background-media":"","overlay-type":"","overlay-color":"","overlay-opacity":"","overlay-gradient":""},"tablet":{"background-color":"","background-image":"","background-repeat":"repeat","background-position":"center center","background-size":"auto","background-attachment":"scroll","background-type":"","background-media":"","overlay-type":"","overlay-color":"","overlay-opacity":"","overlay-gradient":""},"mobile":{"background-color":"","background-image":"","background-repeat":"repeat","background-position":"center center","background-size":"auto","background-attachment":"scroll","background-type":"","background-media":"","overlay-type":"","overlay-color":"","overlay-opacity":"","overlay-gradient":""}},"ast-content-background-meta":{"desktop":{"background-color":"var(--ast-global-color-5)","background-image":"","background-repeat":"repeat","background-position":"center center","background-size":"auto","background-attachment":"scroll","background-type":"","background-media":"","overlay-type":"","overlay-color":"","overlay-opacity":"","overlay-gradient":""},"tablet":{"background-color":"var(--ast-global-color-5)","background-image":"","background-repeat":"repeat","background-position":"center center","background-size":"auto","background-attachment":"scroll","background-type":"","background-media":"","overlay-type":"","overlay-color":"","overlay-opacity":"","overlay-gradient":""},"mobile":{"background-color":"var(--ast-global-color-5)","background-image":"","background-repeat":"repeat","background-position":"center center","background-size":"auto","background-attachment":"scroll","background-type":"","background-media":"","overlay-type":"","overlay-color":"","overlay-opacity":"","overlay-gradient":""}},"footnotes":""},"categories":[69,8,9,68],"tags":[526],"class_list":["post-18903","post","type-post","status-publish","format-standard","has-post-thumbnail","hentry","category-cdmx","category-edomex","category-estados","category-seguridad","tag-edomex"],"yoast_head":"<!-- This site is optimized with the Yoast SEO plugin v27.4 - https:\/\/yoast.com\/product\/yoast-seo-wordpress\/ -->\n<title>L\u00edder de grupo delictivo \u201cLa Patrona\u201d vinculado a proceso, operaba en CDMX, Edomex y Puebla - Agencia252<\/title>\n<meta name=\"robots\" content=\"index, follow, max-snippet:-1, max-image-preview:large, max-video-preview:-1\" \/>\n<link rel=\"canonical\" href=\"https:\/\/agencia.252.com.mx\/home\/lider-de-grupo-delictivo-la-patrona-vinculado-a-proceso-operaba-en-cdmx-edomex-y-puebla\/\" \/>\n<meta property=\"og:locale\" content=\"es_ES\" \/>\n<meta property=\"og:type\" content=\"article\" \/>\n<meta property=\"og:title\" content=\"L\u00edder de grupo delictivo \u201cLa Patrona\u201d vinculado a proceso, operaba en CDMX, Edomex y Puebla - Agencia252\" \/>\n<meta property=\"og:description\" content=\"Visitas: 5 Juan Ignacio Corro&nbsp; Ciudad de M\u00e9xico, a 30 de abril de 2026 La Fiscal\u00eda General de Justicia de la Ciudad de M\u00e9xico (Fiscal\u00eda CDMX) obtuvo la vinculaci\u00f3n a proceso de Ronny \u201cN\u201d por el delito de robo a casa habitaci\u00f3n, identificado como probable l\u00edder de un grupo delictivo dedicado a este il\u00edcito mediante [&hellip;]\" \/>\n<meta property=\"og:url\" content=\"https:\/\/agencia.252.com.mx\/home\/lider-de-grupo-delictivo-la-patrona-vinculado-a-proceso-operaba-en-cdmx-edomex-y-puebla\/\" \/>\n<meta property=\"og:site_name\" content=\"Agencia252\" \/>\n<meta property=\"article:publisher\" content=\"https:\/\/www.facebook.com\/252Comunicacion\/\" \/>\n<meta property=\"article:author\" content=\"https:\/\/www.facebook.com\/jcorroherrera\/\" \/>\n<meta property=\"article:published_time\" content=\"2026-04-30T19:49:31+00:00\" \/>\n<meta property=\"article:modified_time\" content=\"2026-04-30T19:52:45+00:00\" \/>\n<meta property=\"og:image\" content=\"http:\/\/agencia.252.com.mx\/wp-content\/uploads\/2026\/04\/Ronny-N-FGJCDMX-DetH-scaled.jpg\" \/>\n\t<meta property=\"og:image:width\" content=\"2560\" \/>\n\t<meta property=\"og:image:height\" content=\"1440\" \/>\n\t<meta property=\"og:image:type\" content=\"image\/jpeg\" \/>\n<meta name=\"author\" content=\"Nacho Corro\" \/>\n<meta name=\"twitter:card\" content=\"summary_large_image\" \/>\n<meta name=\"twitter:creator\" content=\"@Juan Ignacio Corro Herrera\" \/>\n<meta name=\"twitter:site\" content=\"@252COMS\" \/>\n<meta name=\"twitter:label1\" content=\"Escrito por\" \/>\n\t<meta name=\"twitter:data1\" content=\"Nacho Corro\" \/>\n\t<meta name=\"twitter:label2\" content=\"Tiempo de lectura\" \/>\n\t<meta name=\"twitter:data2\" content=\"3 minutos\" \/>\n<script type=\"application\/ld+json\" class=\"yoast-schema-graph\">{\"@context\":\"https:\\\/\\\/schema.org\",\"@graph\":[{\"@type\":\"Article\",\"@id\":\"https:\\\/\\\/agencia.252.com.mx\\\/home\\\/lider-de-grupo-delictivo-la-patrona-vinculado-a-proceso-operaba-en-cdmx-edomex-y-puebla\\\/#article\",\"isPartOf\":{\"@id\":\"https:\\\/\\\/agencia.252.com.mx\\\/home\\\/lider-de-grupo-delictivo-la-patrona-vinculado-a-proceso-operaba-en-cdmx-edomex-y-puebla\\\/\"},\"author\":{\"name\":\"Nacho Corro\",\"@id\":\"https:\\\/\\\/agencia.252.com.mx\\\/home\\\/#\\\/schema\\\/person\\\/6b972021e9a92d45ade8c78d81509098\"},\"headline\":\"L\u00edder de grupo delictivo \u201cLa Patrona\u201d vinculado a proceso, operaba en CDMX, Edomex y Puebla\",\"datePublished\":\"2026-04-30T19:49:31+00:00\",\"dateModified\":\"2026-04-30T19:52:45+00:00\",\"mainEntityOfPage\":{\"@id\":\"https:\\\/\\\/agencia.252.com.mx\\\/home\\\/lider-de-grupo-delictivo-la-patrona-vinculado-a-proceso-operaba-en-cdmx-edomex-y-puebla\\\/\"},\"wordCount\":451,\"commentCount\":0,\"publisher\":{\"@id\":\"https:\\\/\\\/agencia.252.com.mx\\\/home\\\/#organization\"},\"image\":{\"@id\":\"https:\\\/\\\/agencia.252.com.mx\\\/home\\\/lider-de-grupo-delictivo-la-patrona-vinculado-a-proceso-operaba-en-cdmx-edomex-y-puebla\\\/#primaryimage\"},\"thumbnailUrl\":\"https:\\\/\\\/agencia.252.com.mx\\\/wp-content\\\/uploads\\\/2026\\\/04\\\/Ronny-N-FGJCDMX-DetH-scaled.jpg\",\"keywords\":[\"Edomex\"],\"articleSection\":[\"CDMX\",\"Edomex\",\"Estados\",\"Seguridad\"],\"inLanguage\":\"es\",\"potentialAction\":[{\"@type\":\"CommentAction\",\"name\":\"Comment\",\"target\":[\"https:\\\/\\\/agencia.252.com.mx\\\/home\\\/lider-de-grupo-delictivo-la-patrona-vinculado-a-proceso-operaba-en-cdmx-edomex-y-puebla\\\/#respond\"]}]},{\"@type\":\"WebPage\",\"@id\":\"https:\\\/\\\/agencia.252.com.mx\\\/home\\\/lider-de-grupo-delictivo-la-patrona-vinculado-a-proceso-operaba-en-cdmx-edomex-y-puebla\\\/\",\"url\":\"https:\\\/\\\/agencia.252.com.mx\\\/home\\\/lider-de-grupo-delictivo-la-patrona-vinculado-a-proceso-operaba-en-cdmx-edomex-y-puebla\\\/\",\"name\":\"L\u00edder de grupo delictivo \u201cLa Patrona\u201d vinculado a proceso, operaba en CDMX, Edomex y Puebla - Agencia252\",\"isPartOf\":{\"@id\":\"https:\\\/\\\/agencia.252.com.mx\\\/home\\\/#website\"},\"primaryImageOfPage\":{\"@id\":\"https:\\\/\\\/agencia.252.com.mx\\\/home\\\/lider-de-grupo-delictivo-la-patrona-vinculado-a-proceso-operaba-en-cdmx-edomex-y-puebla\\\/#primaryimage\"},\"image\":{\"@id\":\"https:\\\/\\\/agencia.252.com.mx\\\/home\\\/lider-de-grupo-delictivo-la-patrona-vinculado-a-proceso-operaba-en-cdmx-edomex-y-puebla\\\/#primaryimage\"},\"thumbnailUrl\":\"https:\\\/\\\/agencia.252.com.mx\\\/wp-content\\\/uploads\\\/2026\\\/04\\\/Ronny-N-FGJCDMX-DetH-scaled.jpg\",\"datePublished\":\"2026-04-30T19:49:31+00:00\",\"dateModified\":\"2026-04-30T19:52:45+00:00\",\"breadcrumb\":{\"@id\":\"https:\\\/\\\/agencia.252.com.mx\\\/home\\\/lider-de-grupo-delictivo-la-patrona-vinculado-a-proceso-operaba-en-cdmx-edomex-y-puebla\\\/#breadcrumb\"},\"inLanguage\":\"es\",\"potentialAction\":[{\"@type\":\"ReadAction\",\"target\":[\"https:\\\/\\\/agencia.252.com.mx\\\/home\\\/lider-de-grupo-delictivo-la-patrona-vinculado-a-proceso-operaba-en-cdmx-edomex-y-puebla\\\/\"]}]},{\"@type\":\"ImageObject\",\"inLanguage\":\"es\",\"@id\":\"https:\\\/\\\/agencia.252.com.mx\\\/home\\\/lider-de-grupo-delictivo-la-patrona-vinculado-a-proceso-operaba-en-cdmx-edomex-y-puebla\\\/#primaryimage\",\"url\":\"https:\\\/\\\/agencia.252.com.mx\\\/wp-content\\\/uploads\\\/2026\\\/04\\\/Ronny-N-FGJCDMX-DetH-scaled.jpg\",\"contentUrl\":\"https:\\\/\\\/agencia.252.com.mx\\\/wp-content\\\/uploads\\\/2026\\\/04\\\/Ronny-N-FGJCDMX-DetH-scaled.jpg\",\"width\":2560,\"height\":1440},{\"@type\":\"BreadcrumbList\",\"@id\":\"https:\\\/\\\/agencia.252.com.mx\\\/home\\\/lider-de-grupo-delictivo-la-patrona-vinculado-a-proceso-operaba-en-cdmx-edomex-y-puebla\\\/#breadcrumb\",\"itemListElement\":[{\"@type\":\"ListItem\",\"position\":1,\"name\":\"Portada\",\"item\":\"https:\\\/\\\/agencia.252.com.mx\\\/home\\\/\"},{\"@type\":\"ListItem\",\"position\":2,\"name\":\"L\u00edder de grupo delictivo \u201cLa Patrona\u201d vinculado a proceso, operaba en CDMX, Edomex y Puebla\"}]},{\"@type\":\"WebSite\",\"@id\":\"https:\\\/\\\/agencia.252.com.mx\\\/home\\\/#website\",\"url\":\"https:\\\/\\\/agencia.252.com.mx\\\/home\\\/\",\"name\":\"Agencia252\",\"description\":\"Tu espacio en la Red\",\"publisher\":{\"@id\":\"https:\\\/\\\/agencia.252.com.mx\\\/home\\\/#organization\"},\"potentialAction\":[{\"@type\":\"SearchAction\",\"target\":{\"@type\":\"EntryPoint\",\"urlTemplate\":\"https:\\\/\\\/agencia.252.com.mx\\\/home\\\/?s={search_term_string}\"},\"query-input\":{\"@type\":\"PropertyValueSpecification\",\"valueRequired\":true,\"valueName\":\"search_term_string\"}}],\"inLanguage\":\"es\"},{\"@type\":\"Organization\",\"@id\":\"https:\\\/\\\/agencia.252.com.mx\\\/home\\\/#organization\",\"name\":\"Agencia252\",\"url\":\"https:\\\/\\\/agencia.252.com.mx\\\/home\\\/\",\"logo\":{\"@type\":\"ImageObject\",\"inLanguage\":\"es\",\"@id\":\"https:\\\/\\\/agencia.252.com.mx\\\/home\\\/#\\\/schema\\\/logo\\\/image\\\/\",\"url\":\"https:\\\/\\\/agencia.252.com.mx\\\/wp-content\\\/uploads\\\/2023\\\/02\\\/cropped-ciruclo-agencia-e1677562404136.png\",\"contentUrl\":\"https:\\\/\\\/agencia.252.com.mx\\\/wp-content\\\/uploads\\\/2023\\\/02\\\/cropped-ciruclo-agencia-e1677562404136.png\",\"width\":512,\"height\":512,\"caption\":\"Agencia252\"},\"image\":{\"@id\":\"https:\\\/\\\/agencia.252.com.mx\\\/home\\\/#\\\/schema\\\/logo\\\/image\\\/\"},\"sameAs\":[\"https:\\\/\\\/www.facebook.com\\\/252Comunicacion\\\/\",\"https:\\\/\\\/x.com\\\/252COMS\"]},{\"@type\":\"Person\",\"@id\":\"https:\\\/\\\/agencia.252.com.mx\\\/home\\\/#\\\/schema\\\/person\\\/6b972021e9a92d45ade8c78d81509098\",\"name\":\"Nacho Corro\",\"image\":{\"@type\":\"ImageObject\",\"inLanguage\":\"es\",\"@id\":\"https:\\\/\\\/secure.gravatar.com\\\/avatar\\\/5db6df507cfe1307e192fbb498c6b85f1cf2ffd8b4cd37141b9eea588fcbd5a4?s=96&r=g\",\"url\":\"https:\\\/\\\/secure.gravatar.com\\\/avatar\\\/5db6df507cfe1307e192fbb498c6b85f1cf2ffd8b4cd37141b9eea588fcbd5a4?s=96&r=g\",\"contentUrl\":\"https:\\\/\\\/secure.gravatar.com\\\/avatar\\\/5db6df507cfe1307e192fbb498c6b85f1cf2ffd8b4cd37141b9eea588fcbd5a4?s=96&r=g\",\"caption\":\"Nacho Corro\"},\"description\":\"Comunicador Social, Periodista y Administraci\u00f3n P\u00fablica. Conversador pol\u00edtico, temas electorales y seguridad. Generador de contenidos digitales. Amante de la fotograf\u00eda\",\"sameAs\":[\"https:\\\/\\\/www.facebook.com\\\/jcorroherrera\\\/\",\"www.instagram.com\\\/nachocorro\\\/\",\"https:\\\/\\\/x.com\\\/Juan Ignacio Corro Herrera\"],\"url\":\"https:\\\/\\\/agencia.252.com.mx\\\/home\\\/author\\\/i-corro\\\/\"}]}<\/script>\n<!-- \/ Yoast SEO plugin. -->","yoast_head_json":{"title":"L\u00edder de grupo delictivo \u201cLa Patrona\u201d vinculado a proceso, operaba en CDMX, Edomex y Puebla - Agencia252","robots":{"index":"index","follow":"follow","max-snippet":"max-snippet:-1","max-image-preview":"max-image-preview:large","max-video-preview":"max-video-preview:-1"},"canonical":"https:\/\/agencia.252.com.mx\/home\/lider-de-grupo-delictivo-la-patrona-vinculado-a-proceso-operaba-en-cdmx-edomex-y-puebla\/","og_locale":"es_ES","og_type":"article","og_title":"L\u00edder de grupo delictivo \u201cLa Patrona\u201d vinculado a proceso, operaba en CDMX, Edomex y Puebla - Agencia252","og_description":"Visitas: 5 Juan Ignacio Corro&nbsp; Ciudad de M\u00e9xico, a 30 de abril de 2026 La Fiscal\u00eda General de Justicia de la Ciudad de M\u00e9xico (Fiscal\u00eda CDMX) obtuvo la vinculaci\u00f3n a proceso de Ronny \u201cN\u201d por el delito de robo a casa habitaci\u00f3n, identificado como probable l\u00edder de un grupo delictivo dedicado a este il\u00edcito mediante [&hellip;]","og_url":"https:\/\/agencia.252.com.mx\/home\/lider-de-grupo-delictivo-la-patrona-vinculado-a-proceso-operaba-en-cdmx-edomex-y-puebla\/","og_site_name":"Agencia252","article_publisher":"https:\/\/www.facebook.com\/252Comunicacion\/","article_author":"https:\/\/www.facebook.com\/jcorroherrera\/","article_published_time":"2026-04-30T19:49:31+00:00","article_modified_time":"2026-04-30T19:52:45+00:00","og_image":[{"width":2560,"height":1440,"url":"http:\/\/agencia.252.com.mx\/wp-content\/uploads\/2026\/04\/Ronny-N-FGJCDMX-DetH-scaled.jpg","type":"image\/jpeg"}],"author":"Nacho Corro","twitter_card":"summary_large_image","twitter_creator":"@Juan Ignacio Corro Herrera","twitter_site":"@252COMS","twitter_misc":{"Escrito por":"Nacho Corro","Tiempo de lectura":"3 minutos"},"schema":{"@context":"https:\/\/schema.org","@graph":[{"@type":"Article","@id":"https:\/\/agencia.252.com.mx\/home\/lider-de-grupo-delictivo-la-patrona-vinculado-a-proceso-operaba-en-cdmx-edomex-y-puebla\/#article","isPartOf":{"@id":"https:\/\/agencia.252.com.mx\/home\/lider-de-grupo-delictivo-la-patrona-vinculado-a-proceso-operaba-en-cdmx-edomex-y-puebla\/"},"author":{"name":"Nacho Corro","@id":"https:\/\/agencia.252.com.mx\/home\/#\/schema\/person\/6b972021e9a92d45ade8c78d81509098"},"headline":"L\u00edder de grupo delictivo \u201cLa Patrona\u201d vinculado a proceso, operaba en CDMX, Edomex y Puebla","datePublished":"2026-04-30T19:49:31+00:00","dateModified":"2026-04-30T19:52:45+00:00","mainEntityOfPage":{"@id":"https:\/\/agencia.252.com.mx\/home\/lider-de-grupo-delictivo-la-patrona-vinculado-a-proceso-operaba-en-cdmx-edomex-y-puebla\/"},"wordCount":451,"commentCount":0,"publisher":{"@id":"https:\/\/agencia.252.com.mx\/home\/#organization"},"image":{"@id":"https:\/\/agencia.252.com.mx\/home\/lider-de-grupo-delictivo-la-patrona-vinculado-a-proceso-operaba-en-cdmx-edomex-y-puebla\/#primaryimage"},"thumbnailUrl":"https:\/\/agencia.252.com.mx\/wp-content\/uploads\/2026\/04\/Ronny-N-FGJCDMX-DetH-scaled.jpg","keywords":["Edomex"],"articleSection":["CDMX","Edomex","Estados","Seguridad"],"inLanguage":"es","potentialAction":[{"@type":"CommentAction","name":"Comment","target":["https:\/\/agencia.252.com.mx\/home\/lider-de-grupo-delictivo-la-patrona-vinculado-a-proceso-operaba-en-cdmx-edomex-y-puebla\/#respond"]}]},{"@type":"WebPage","@id":"https:\/\/agencia.252.com.mx\/home\/lider-de-grupo-delictivo-la-patrona-vinculado-a-proceso-operaba-en-cdmx-edomex-y-puebla\/","url":"https:\/\/agencia.252.com.mx\/home\/lider-de-grupo-delictivo-la-patrona-vinculado-a-proceso-operaba-en-cdmx-edomex-y-puebla\/","name":"L\u00edder de grupo delictivo \u201cLa Patrona\u201d vinculado a proceso, operaba en CDMX, Edomex y Puebla - Agencia252","isPartOf":{"@id":"https:\/\/agencia.252.com.mx\/home\/#website"},"primaryImageOfPage":{"@id":"https:\/\/agencia.252.com.mx\/home\/lider-de-grupo-delictivo-la-patrona-vinculado-a-proceso-operaba-en-cdmx-edomex-y-puebla\/#primaryimage"},"image":{"@id":"https:\/\/agencia.252.com.mx\/home\/lider-de-grupo-delictivo-la-patrona-vinculado-a-proceso-operaba-en-cdmx-edomex-y-puebla\/#primaryimage"},"thumbnailUrl":"https:\/\/agencia.252.com.mx\/wp-content\/uploads\/2026\/04\/Ronny-N-FGJCDMX-DetH-scaled.jpg","datePublished":"2026-04-30T19:49:31+00:00","dateModified":"2026-04-30T19:52:45+00:00","breadcrumb":{"@id":"https:\/\/agencia.252.com.mx\/home\/lider-de-grupo-delictivo-la-patrona-vinculado-a-proceso-operaba-en-cdmx-edomex-y-puebla\/#breadcrumb"},"inLanguage":"es","potentialAction":[{"@type":"ReadAction","target":["https:\/\/agencia.252.com.mx\/home\/lider-de-grupo-delictivo-la-patrona-vinculado-a-proceso-operaba-en-cdmx-edomex-y-puebla\/"]}]},{"@type":"ImageObject","inLanguage":"es","@id":"https:\/\/agencia.252.com.mx\/home\/lider-de-grupo-delictivo-la-patrona-vinculado-a-proceso-operaba-en-cdmx-edomex-y-puebla\/#primaryimage","url":"https:\/\/agencia.252.com.mx\/wp-content\/uploads\/2026\/04\/Ronny-N-FGJCDMX-DetH-scaled.jpg","contentUrl":"https:\/\/agencia.252.com.mx\/wp-content\/uploads\/2026\/04\/Ronny-N-FGJCDMX-DetH-scaled.jpg","width":2560,"height":1440},{"@type":"BreadcrumbList","@id":"https:\/\/agencia.252.com.mx\/home\/lider-de-grupo-delictivo-la-patrona-vinculado-a-proceso-operaba-en-cdmx-edomex-y-puebla\/#breadcrumb","itemListElement":[{"@type":"ListItem","position":1,"name":"Portada","item":"https:\/\/agencia.252.com.mx\/home\/"},{"@type":"ListItem","position":2,"name":"L\u00edder de grupo delictivo \u201cLa Patrona\u201d vinculado a proceso, operaba en CDMX, Edomex y Puebla"}]},{"@type":"WebSite","@id":"https:\/\/agencia.252.com.mx\/home\/#website","url":"https:\/\/agencia.252.com.mx\/home\/","name":"Agencia252","description":"Tu espacio en la Red","publisher":{"@id":"https:\/\/agencia.252.com.mx\/home\/#organization"},"potentialAction":[{"@type":"SearchAction","target":{"@type":"EntryPoint","urlTemplate":"https:\/\/agencia.252.com.mx\/home\/?s={search_term_string}"},"query-input":{"@type":"PropertyValueSpecification","valueRequired":true,"valueName":"search_term_string"}}],"inLanguage":"es"},{"@type":"Organization","@id":"https:\/\/agencia.252.com.mx\/home\/#organization","name":"Agencia252","url":"https:\/\/agencia.252.com.mx\/home\/","logo":{"@type":"ImageObject","inLanguage":"es","@id":"https:\/\/agencia.252.com.mx\/home\/#\/schema\/logo\/image\/","url":"https:\/\/agencia.252.com.mx\/wp-content\/uploads\/2023\/02\/cropped-ciruclo-agencia-e1677562404136.png","contentUrl":"https:\/\/agencia.252.com.mx\/wp-content\/uploads\/2023\/02\/cropped-ciruclo-agencia-e1677562404136.png","width":512,"height":512,"caption":"Agencia252"},"image":{"@id":"https:\/\/agencia.252.com.mx\/home\/#\/schema\/logo\/image\/"},"sameAs":["https:\/\/www.facebook.com\/252Comunicacion\/","https:\/\/x.com\/252COMS"]},{"@type":"Person","@id":"https:\/\/agencia.252.com.mx\/home\/#\/schema\/person\/6b972021e9a92d45ade8c78d81509098","name":"Nacho Corro","image":{"@type":"ImageObject","inLanguage":"es","@id":"https:\/\/secure.gravatar.com\/avatar\/5db6df507cfe1307e192fbb498c6b85f1cf2ffd8b4cd37141b9eea588fcbd5a4?s=96&r=g","url":"https:\/\/secure.gravatar.com\/avatar\/5db6df507cfe1307e192fbb498c6b85f1cf2ffd8b4cd37141b9eea588fcbd5a4?s=96&r=g","contentUrl":"https:\/\/secure.gravatar.com\/avatar\/5db6df507cfe1307e192fbb498c6b85f1cf2ffd8b4cd37141b9eea588fcbd5a4?s=96&r=g","caption":"Nacho Corro"},"description":"Comunicador Social, Periodista y Administraci\u00f3n P\u00fablica. Conversador pol\u00edtico, temas electorales y seguridad. Generador de contenidos digitales. Amante de la fotograf\u00eda","sameAs":["https:\/\/www.facebook.com\/jcorroherrera\/","www.instagram.com\/nachocorro\/","https:\/\/x.com\/Juan Ignacio Corro Herrera"],"url":"https:\/\/agencia.252.com.mx\/home\/author\/i-corro\/"}]}},"_links":{"self":[{"href":"https:\/\/agencia.252.com.mx\/home\/wp-json\/wp\/v2\/posts\/18903","targetHints":{"allow":["GET"]}}],"collection":[{"href":"https:\/\/agencia.252.com.mx\/home\/wp-json\/wp\/v2\/posts"}],"about":[{"href":"https:\/\/agencia.252.com.mx\/home\/wp-json\/wp\/v2\/types\/post"}],"author":[{"embeddable":true,"href":"https:\/\/agencia.252.com.mx\/home\/wp-json\/wp\/v2\/users\/5"}],"replies":[{"embeddable":true,"href":"https:\/\/agencia.252.com.mx\/home\/wp-json\/wp\/v2\/comments?post=18903"}],"version-history":[{"count":1,"href":"https:\/\/agencia.252.com.mx\/home\/wp-json\/wp\/v2\/posts\/18903\/revisions"}],"predecessor-version":[{"id":18905,"href":"https:\/\/agencia.252.com.mx\/home\/wp-json\/wp\/v2\/posts\/18903\/revisions\/18905"}],"wp:featuredmedia":[{"embeddable":true,"href":"https:\/\/agencia.252.com.mx\/home\/wp-json\/wp\/v2\/media\/18904"}],"wp:attachment":[{"href":"https:\/\/agencia.252.com.mx\/home\/wp-json\/wp\/v2\/media?parent=18903"}],"wp:term":[{"taxonomy":"category","embeddable":true,"href":"https:\/\/agencia.252.com.mx\/home\/wp-json\/wp\/v2\/categories?post=18903"},{"taxonomy":"post_tag","embeddable":true,"href":"https:\/\/agencia.252.com.mx\/home\/wp-json\/wp\/v2\/tags?post=18903"}],"curies":[{"name":"wp","href":"https:\/\/api.w.org\/{rel}","templated":true}]}}