{"id":18900,"date":"2026-04-30T13:24:49","date_gmt":"2026-04-30T19:24:49","guid":{"rendered":"https:\/\/agencia.252.com.mx\/home\/?p=18900"},"modified":"2026-04-30T13:24:50","modified_gmt":"2026-04-30T19:24:50","slug":"aliados-de-morena-favorecen-la-iniciativa-sobre-plan-b-en-el-edomex-avalan-ir-contra-la-reeleccion-el-nepotismo-y-bajar-regidurias","status":"publish","type":"post","link":"https:\/\/agencia.252.com.mx\/home\/aliados-de-morena-favorecen-la-iniciativa-sobre-plan-b-en-el-edomex-avalan-ir-contra-la-reeleccion-el-nepotismo-y-bajar-regidurias\/","title":{"rendered":"Aliados de Morena favorecen la iniciativa sobre \u2018Plan B\u2019 en el Edomex: avalan ir contra la reelecci\u00f3n, el nepotismo y bajar regidur\u00edas\u00a0"},"content":{"rendered":"<p>Visitas: 6<\/p>\n<ul class=\"wp-block-list\">\n<li><em>Se inici\u00f3 el estudio de las iniciativas de los diputados Francisco V\u00e1zquez, Jos\u00e9 Alberto Couttolenc y Oscar Gonz\u00e1lez, coordinadores parlamentarios de morena, PVEM y PT, respectivamente, en materia de proceso electoral y austeridad del gasto p\u00fablico, respecto a lo denominado \u2018Plan B\u2019<\/em><\/li>\n<\/ul>\n\n\n\n<p>Juan Ignacio Corro&nbsp;<\/p>\n\n\n\n<p class=\"has-text-align-right\">Toluca, Estado de M\u00e9xico, a 30 de abril de 2026<\/p>\n\n\n\n<p>Las comisiones unidas del Congreso local, integrados por los aliados Morena, PVEM y PT, presentaron el an\u00e1lisis de cuatro iniciativas sobre ajustes al pr\u00f3ximo proceso electoral, la austeridad del gasto p\u00fablico, la paridad de g\u00e9nero en la administraci\u00f3n p\u00fablica, prohibir la reelecci\u00f3n y el nepotismo electoral, as\u00ed como&nbsp;&nbsp;garantizar espacios para las juventudes en la vida pol\u00edtica, y acordaron sumar m\u00e1s propuestas legislativas en la materia.<\/p>\n\n\n\n<p>Diversas fracciones, includio el PAN, respaldaron las propuestas al destacar la importancia de fortalecer el marco jur\u00eddico en la materia, en favor de la transparencia en el uso de los recursos p\u00fablicos y del combate a pr\u00e1cticas como el nepotismo y la reelecci\u00f3n, contrarias a los anhelos de la poblaci\u00f3n.<\/p>\n\n\n\n<p>Las propuestas plantean reducir privilegios, fortalecer la austeridad republicana, racionalizar el gasto p\u00fablico y mejorar la integraci\u00f3n de los \u00f3rganos de gobierno en los \u00e1mbitos legislativo y municipal.<\/p>\n\n\n\n<p>Al igual propone ajustes en el calendario electoral \u2014adelantando su inicio de enero a septiembre\u2014 y responde a la armonizaci\u00f3n de la legislaci\u00f3n estatal con las recientes reformas a la Constituci\u00f3n federal impulsadas por la presidenta Claudia Sheinbaum Pardo, conocidas como \u2018Plan B\u2019, cuya minuta aprob\u00f3 el Congreso mexiquense el pasado 9 de abril.<\/p>\n\n\n\n<p>Se busca prohibir la reelecci\u00f3n inmediata de alcald\u00edas, diputaciones, sindicaturas y regidur\u00edas, el nepotismo en cargos de elecci\u00f3n popular, incluida la gubernatura; as\u00ed como incorporar el principio de paridad de g\u00e9nero para la elecci\u00f3n de regidur\u00edas y sindicaturas municipales bajo el principio de mayor\u00eda relativa.&nbsp;<\/p>\n\n\n\n<p>El legislador Octavio Mart\u00ednez se\u00f1al\u00f3 que se debe legislar como si las elecciones para la renovaci\u00f3n del Poder Judicial se celebraran el primer domingo de junio de 2027, ya que hasta el momento no existe un ajuste legal que disponga lo contrario.<\/p>\n\n\n\n<p>Adem\u00e1s, se pronunci\u00f3 porque se puntualice que los ayuntamientos no podr\u00e1n incrementar el n\u00famero de 12 ediles, pese a que las reformas plantean un l\u00edmite de 15, y critic\u00f3 los altos sueldos para personas funcionarias de los organismos p\u00fablicos aut\u00f3nomos y su falta de transparencia en el ejercicio del recurso p\u00fablico, por lo que indic\u00f3 que las reformas ayudar\u00e1n a acabar con esos excesos.<\/p>\n\n\n\n<p>Por \u00faltimo, Joanna Felipe solicit\u00f3 considerar la carga de trabajo que tendr\u00e1n las personas titulares de las sindicaturas, particularmente las mujeres que ocupen esos cargos, pues, adem\u00e1s, enfrentan casos de violencia de g\u00e9nero. Tambi\u00e9n se pronunci\u00f3 por incorporar m\u00e1s iniciativas en la materia, especialmente aquellas que busquen la transparencia en el ejercicio del recurso p\u00fablico.<\/p>\n\n\n\n<p>Las propuestas se estudian en las comisiones de Gobernaci\u00f3n y Puntos Constitucionales, as\u00ed como Electoral y de Desarrollo Democr\u00e1tico de la LXII Legislatura mexiquense.<\/p>\n","protected":false},"excerpt":{"rendered":"<p>Visitas: 6 Juan Ignacio Corro&nbsp; Toluca, Estado de M\u00e9xico, a 30 de abril de 2026 Las comisiones unidas del Congreso local, integrados por los aliados Morena, PVEM y PT, presentaron el an\u00e1lisis de cuatro iniciativas sobre ajustes al pr\u00f3ximo proceso electoral, la austeridad del gasto p\u00fablico, la paridad de g\u00e9nero en la administraci\u00f3n p\u00fablica, prohibir [&hellip;]<\/p>\n","protected":false},"author":5,"featured_media":18901,"comment_status":"open","ping_status":"open","sticky":false,"template":"","format":"standard","meta":{"site-sidebar-layout":"default","site-content-layout":"","ast-site-content-layout":"default","site-content-style":"default","site-sidebar-style":"default","ast-global-header-display":"","ast-banner-title-visibility":"","ast-main-header-display":"","ast-hfb-above-header-display":"","ast-hfb-below-header-display":"","ast-hfb-mobile-header-display":"","site-post-title":"","ast-breadcrumbs-content":"","ast-featured-img":"","footer-sml-layout":"","ast-disable-related-posts":"","theme-transparent-header-meta":"","adv-header-id-meta":"","stick-header-meta":"","header-above-stick-meta":"","header-main-stick-meta":"","header-below-stick-meta":"","astra-migrate-meta-layouts":"set","ast-page-background-enabled":"default","ast-page-background-meta":{"desktop":{"background-color":"var(--ast-global-color-4)","background-image":"","background-repeat":"repeat","background-position":"center center","background-size":"auto","background-attachment":"scroll","background-type":"","background-media":"","overlay-type":"","overlay-color":"","overlay-opacity":"","overlay-gradient":""},"tablet":{"background-color":"","background-image":"","background-repeat":"repeat","background-position":"center center","background-size":"auto","background-attachment":"scroll","background-type":"","background-media":"","overlay-type":"","overlay-color":"","overlay-opacity":"","overlay-gradient":""},"mobile":{"background-color":"","background-image":"","background-repeat":"repeat","background-position":"center center","background-size":"auto","background-attachment":"scroll","background-type":"","background-media":"","overlay-type":"","overlay-color":"","overlay-opacity":"","overlay-gradient":""}},"ast-content-background-meta":{"desktop":{"background-color":"var(--ast-global-color-5)","background-image":"","background-repeat":"repeat","background-position":"center center","background-size":"auto","background-attachment":"scroll","background-type":"","background-media":"","overlay-type":"","overlay-color":"","overlay-opacity":"","overlay-gradient":""},"tablet":{"background-color":"var(--ast-global-color-5)","background-image":"","background-repeat":"repeat","background-position":"center center","background-size":"auto","background-attachment":"scroll","background-type":"","background-media":"","overlay-type":"","overlay-color":"","overlay-opacity":"","overlay-gradient":""},"mobile":{"background-color":"var(--ast-global-color-5)","background-image":"","background-repeat":"repeat","background-position":"center center","background-size":"auto","background-attachment":"scroll","background-type":"","background-media":"","overlay-type":"","overlay-color":"","overlay-opacity":"","overlay-gradient":""}},"footnotes":""},"categories":[94,596,68],"tags":[526],"class_list":["post-18900","post","type-post","status-publish","format-standard","has-post-thumbnail","hentry","category-congreso-edomex","category-elecciones-2027","category-seguridad","tag-edomex"],"yoast_head":"<!-- This site is optimized with the Yoast SEO plugin v27.4 - https:\/\/yoast.com\/product\/yoast-seo-wordpress\/ -->\n<title>Aliados de Morena favorecen la iniciativa sobre \u2018Plan B\u2019 en el Edomex: avalan ir contra la reelecci\u00f3n, el nepotismo y bajar regidur\u00edas\u00a0 - Agencia252<\/title>\n<meta name=\"robots\" content=\"index, follow, max-snippet:-1, max-image-preview:large, max-video-preview:-1\" \/>\n<link rel=\"canonical\" href=\"https:\/\/agencia.252.com.mx\/home\/aliados-de-morena-favorecen-la-iniciativa-sobre-plan-b-en-el-edomex-avalan-ir-contra-la-reeleccion-el-nepotismo-y-bajar-regidurias\/\" \/>\n<meta property=\"og:locale\" content=\"es_ES\" \/>\n<meta property=\"og:type\" content=\"article\" \/>\n<meta property=\"og:title\" content=\"Aliados de Morena favorecen la iniciativa sobre \u2018Plan B\u2019 en el Edomex: avalan ir contra la reelecci\u00f3n, el nepotismo y bajar regidur\u00edas\u00a0 - Agencia252\" \/>\n<meta property=\"og:description\" content=\"Visitas: 6 Juan Ignacio Corro&nbsp; Toluca, Estado de M\u00e9xico, a 30 de abril de 2026 Las comisiones unidas del Congreso local, integrados por los aliados Morena, PVEM y PT, presentaron el an\u00e1lisis de cuatro iniciativas sobre ajustes al pr\u00f3ximo proceso electoral, la austeridad del gasto p\u00fablico, la paridad de g\u00e9nero en la administraci\u00f3n p\u00fablica, prohibir [&hellip;]\" \/>\n<meta property=\"og:url\" content=\"https:\/\/agencia.252.com.mx\/home\/aliados-de-morena-favorecen-la-iniciativa-sobre-plan-b-en-el-edomex-avalan-ir-contra-la-reeleccion-el-nepotismo-y-bajar-regidurias\/\" \/>\n<meta property=\"og:site_name\" content=\"Agencia252\" \/>\n<meta property=\"article:publisher\" content=\"https:\/\/www.facebook.com\/252Comunicacion\/\" \/>\n<meta property=\"article:author\" content=\"https:\/\/www.facebook.com\/jcorroherrera\/\" \/>\n<meta property=\"article:published_time\" content=\"2026-04-30T19:24:49+00:00\" \/>\n<meta property=\"article:modified_time\" content=\"2026-04-30T19:24:50+00:00\" \/>\n<meta property=\"og:image\" content=\"http:\/\/agencia.252.com.mx\/wp-content\/uploads\/2026\/04\/WhatsApp-Image-2026-04-29-at-6.27.57-PM.jpeg\" \/>\n\t<meta property=\"og:image:width\" content=\"1472\" \/>\n\t<meta property=\"og:image:height\" content=\"983\" \/>\n\t<meta property=\"og:image:type\" content=\"image\/jpeg\" \/>\n<meta name=\"author\" content=\"Nacho Corro\" \/>\n<meta name=\"twitter:card\" content=\"summary_large_image\" \/>\n<meta name=\"twitter:creator\" content=\"@Juan Ignacio Corro Herrera\" \/>\n<meta name=\"twitter:site\" content=\"@252COMS\" \/>\n<meta name=\"twitter:label1\" content=\"Escrito por\" \/>\n\t<meta name=\"twitter:data1\" content=\"Nacho Corro\" \/>\n\t<meta name=\"twitter:label2\" content=\"Tiempo de lectura\" \/>\n\t<meta name=\"twitter:data2\" content=\"3 minutos\" \/>\n<script type=\"application\/ld+json\" class=\"yoast-schema-graph\">{\"@context\":\"https:\\\/\\\/schema.org\",\"@graph\":[{\"@type\":\"Article\",\"@id\":\"https:\\\/\\\/agencia.252.com.mx\\\/home\\\/aliados-de-morena-favorecen-la-iniciativa-sobre-plan-b-en-el-edomex-avalan-ir-contra-la-reeleccion-el-nepotismo-y-bajar-regidurias\\\/#article\",\"isPartOf\":{\"@id\":\"https:\\\/\\\/agencia.252.com.mx\\\/home\\\/aliados-de-morena-favorecen-la-iniciativa-sobre-plan-b-en-el-edomex-avalan-ir-contra-la-reeleccion-el-nepotismo-y-bajar-regidurias\\\/\"},\"author\":{\"name\":\"Nacho Corro\",\"@id\":\"https:\\\/\\\/agencia.252.com.mx\\\/home\\\/#\\\/schema\\\/person\\\/6b972021e9a92d45ade8c78d81509098\"},\"headline\":\"Aliados de Morena favorecen la iniciativa sobre \u2018Plan B\u2019 en el Edomex: avalan ir contra la reelecci\u00f3n, el nepotismo y bajar regidur\u00edas\u00a0\",\"datePublished\":\"2026-04-30T19:24:49+00:00\",\"dateModified\":\"2026-04-30T19:24:50+00:00\",\"mainEntityOfPage\":{\"@id\":\"https:\\\/\\\/agencia.252.com.mx\\\/home\\\/aliados-de-morena-favorecen-la-iniciativa-sobre-plan-b-en-el-edomex-avalan-ir-contra-la-reeleccion-el-nepotismo-y-bajar-regidurias\\\/\"},\"wordCount\":555,\"commentCount\":0,\"publisher\":{\"@id\":\"https:\\\/\\\/agencia.252.com.mx\\\/home\\\/#organization\"},\"image\":{\"@id\":\"https:\\\/\\\/agencia.252.com.mx\\\/home\\\/aliados-de-morena-favorecen-la-iniciativa-sobre-plan-b-en-el-edomex-avalan-ir-contra-la-reeleccion-el-nepotismo-y-bajar-regidurias\\\/#primaryimage\"},\"thumbnailUrl\":\"https:\\\/\\\/agencia.252.com.mx\\\/wp-content\\\/uploads\\\/2026\\\/04\\\/WhatsApp-Image-2026-04-29-at-6.27.57-PM.jpeg\",\"keywords\":[\"Edomex\"],\"articleSection\":[\"Congreso Edomex\",\"Elecciones 2027\",\"Seguridad\"],\"inLanguage\":\"es\",\"potentialAction\":[{\"@type\":\"CommentAction\",\"name\":\"Comment\",\"target\":[\"https:\\\/\\\/agencia.252.com.mx\\\/home\\\/aliados-de-morena-favorecen-la-iniciativa-sobre-plan-b-en-el-edomex-avalan-ir-contra-la-reeleccion-el-nepotismo-y-bajar-regidurias\\\/#respond\"]}]},{\"@type\":\"WebPage\",\"@id\":\"https:\\\/\\\/agencia.252.com.mx\\\/home\\\/aliados-de-morena-favorecen-la-iniciativa-sobre-plan-b-en-el-edomex-avalan-ir-contra-la-reeleccion-el-nepotismo-y-bajar-regidurias\\\/\",\"url\":\"https:\\\/\\\/agencia.252.com.mx\\\/home\\\/aliados-de-morena-favorecen-la-iniciativa-sobre-plan-b-en-el-edomex-avalan-ir-contra-la-reeleccion-el-nepotismo-y-bajar-regidurias\\\/\",\"name\":\"Aliados de Morena favorecen la iniciativa sobre \u2018Plan B\u2019 en el Edomex: avalan ir contra la reelecci\u00f3n, el nepotismo y bajar regidur\u00edas\u00a0 - Agencia252\",\"isPartOf\":{\"@id\":\"https:\\\/\\\/agencia.252.com.mx\\\/home\\\/#website\"},\"primaryImageOfPage\":{\"@id\":\"https:\\\/\\\/agencia.252.com.mx\\\/home\\\/aliados-de-morena-favorecen-la-iniciativa-sobre-plan-b-en-el-edomex-avalan-ir-contra-la-reeleccion-el-nepotismo-y-bajar-regidurias\\\/#primaryimage\"},\"image\":{\"@id\":\"https:\\\/\\\/agencia.252.com.mx\\\/home\\\/aliados-de-morena-favorecen-la-iniciativa-sobre-plan-b-en-el-edomex-avalan-ir-contra-la-reeleccion-el-nepotismo-y-bajar-regidurias\\\/#primaryimage\"},\"thumbnailUrl\":\"https:\\\/\\\/agencia.252.com.mx\\\/wp-content\\\/uploads\\\/2026\\\/04\\\/WhatsApp-Image-2026-04-29-at-6.27.57-PM.jpeg\",\"datePublished\":\"2026-04-30T19:24:49+00:00\",\"dateModified\":\"2026-04-30T19:24:50+00:00\",\"breadcrumb\":{\"@id\":\"https:\\\/\\\/agencia.252.com.mx\\\/home\\\/aliados-de-morena-favorecen-la-iniciativa-sobre-plan-b-en-el-edomex-avalan-ir-contra-la-reeleccion-el-nepotismo-y-bajar-regidurias\\\/#breadcrumb\"},\"inLanguage\":\"es\",\"potentialAction\":[{\"@type\":\"ReadAction\",\"target\":[\"https:\\\/\\\/agencia.252.com.mx\\\/home\\\/aliados-de-morena-favorecen-la-iniciativa-sobre-plan-b-en-el-edomex-avalan-ir-contra-la-reeleccion-el-nepotismo-y-bajar-regidurias\\\/\"]}]},{\"@type\":\"ImageObject\",\"inLanguage\":\"es\",\"@id\":\"https:\\\/\\\/agencia.252.com.mx\\\/home\\\/aliados-de-morena-favorecen-la-iniciativa-sobre-plan-b-en-el-edomex-avalan-ir-contra-la-reeleccion-el-nepotismo-y-bajar-regidurias\\\/#primaryimage\",\"url\":\"https:\\\/\\\/agencia.252.com.mx\\\/wp-content\\\/uploads\\\/2026\\\/04\\\/WhatsApp-Image-2026-04-29-at-6.27.57-PM.jpeg\",\"contentUrl\":\"https:\\\/\\\/agencia.252.com.mx\\\/wp-content\\\/uploads\\\/2026\\\/04\\\/WhatsApp-Image-2026-04-29-at-6.27.57-PM.jpeg\",\"width\":1472,\"height\":983},{\"@type\":\"BreadcrumbList\",\"@id\":\"https:\\\/\\\/agencia.252.com.mx\\\/home\\\/aliados-de-morena-favorecen-la-iniciativa-sobre-plan-b-en-el-edomex-avalan-ir-contra-la-reeleccion-el-nepotismo-y-bajar-regidurias\\\/#breadcrumb\",\"itemListElement\":[{\"@type\":\"ListItem\",\"position\":1,\"name\":\"Portada\",\"item\":\"https:\\\/\\\/agencia.252.com.mx\\\/home\\\/\"},{\"@type\":\"ListItem\",\"position\":2,\"name\":\"Aliados de Morena favorecen la iniciativa sobre \u2018Plan B\u2019 en el Edomex: avalan ir contra la reelecci\u00f3n, el nepotismo y bajar regidur\u00edas\u00a0\"}]},{\"@type\":\"WebSite\",\"@id\":\"https:\\\/\\\/agencia.252.com.mx\\\/home\\\/#website\",\"url\":\"https:\\\/\\\/agencia.252.com.mx\\\/home\\\/\",\"name\":\"Agencia252\",\"description\":\"Tu espacio en la Red\",\"publisher\":{\"@id\":\"https:\\\/\\\/agencia.252.com.mx\\\/home\\\/#organization\"},\"potentialAction\":[{\"@type\":\"SearchAction\",\"target\":{\"@type\":\"EntryPoint\",\"urlTemplate\":\"https:\\\/\\\/agencia.252.com.mx\\\/home\\\/?s={search_term_string}\"},\"query-input\":{\"@type\":\"PropertyValueSpecification\",\"valueRequired\":true,\"valueName\":\"search_term_string\"}}],\"inLanguage\":\"es\"},{\"@type\":\"Organization\",\"@id\":\"https:\\\/\\\/agencia.252.com.mx\\\/home\\\/#organization\",\"name\":\"Agencia252\",\"url\":\"https:\\\/\\\/agencia.252.com.mx\\\/home\\\/\",\"logo\":{\"@type\":\"ImageObject\",\"inLanguage\":\"es\",\"@id\":\"https:\\\/\\\/agencia.252.com.mx\\\/home\\\/#\\\/schema\\\/logo\\\/image\\\/\",\"url\":\"https:\\\/\\\/agencia.252.com.mx\\\/wp-content\\\/uploads\\\/2023\\\/02\\\/cropped-ciruclo-agencia-e1677562404136.png\",\"contentUrl\":\"https:\\\/\\\/agencia.252.com.mx\\\/wp-content\\\/uploads\\\/2023\\\/02\\\/cropped-ciruclo-agencia-e1677562404136.png\",\"width\":512,\"height\":512,\"caption\":\"Agencia252\"},\"image\":{\"@id\":\"https:\\\/\\\/agencia.252.com.mx\\\/home\\\/#\\\/schema\\\/logo\\\/image\\\/\"},\"sameAs\":[\"https:\\\/\\\/www.facebook.com\\\/252Comunicacion\\\/\",\"https:\\\/\\\/x.com\\\/252COMS\"]},{\"@type\":\"Person\",\"@id\":\"https:\\\/\\\/agencia.252.com.mx\\\/home\\\/#\\\/schema\\\/person\\\/6b972021e9a92d45ade8c78d81509098\",\"name\":\"Nacho Corro\",\"image\":{\"@type\":\"ImageObject\",\"inLanguage\":\"es\",\"@id\":\"https:\\\/\\\/secure.gravatar.com\\\/avatar\\\/5db6df507cfe1307e192fbb498c6b85f1cf2ffd8b4cd37141b9eea588fcbd5a4?s=96&r=g\",\"url\":\"https:\\\/\\\/secure.gravatar.com\\\/avatar\\\/5db6df507cfe1307e192fbb498c6b85f1cf2ffd8b4cd37141b9eea588fcbd5a4?s=96&r=g\",\"contentUrl\":\"https:\\\/\\\/secure.gravatar.com\\\/avatar\\\/5db6df507cfe1307e192fbb498c6b85f1cf2ffd8b4cd37141b9eea588fcbd5a4?s=96&r=g\",\"caption\":\"Nacho Corro\"},\"description\":\"Comunicador Social, Periodista y Administraci\u00f3n P\u00fablica. Conversador pol\u00edtico, temas electorales y seguridad. Generador de contenidos digitales. Amante de la fotograf\u00eda\",\"sameAs\":[\"https:\\\/\\\/www.facebook.com\\\/jcorroherrera\\\/\",\"www.instagram.com\\\/nachocorro\\\/\",\"https:\\\/\\\/x.com\\\/Juan Ignacio Corro Herrera\"],\"url\":\"https:\\\/\\\/agencia.252.com.mx\\\/home\\\/author\\\/i-corro\\\/\"}]}<\/script>\n<!-- \/ Yoast SEO plugin. -->","yoast_head_json":{"title":"Aliados de Morena favorecen la iniciativa sobre \u2018Plan B\u2019 en el Edomex: avalan ir contra la reelecci\u00f3n, el nepotismo y bajar regidur\u00edas\u00a0 - Agencia252","robots":{"index":"index","follow":"follow","max-snippet":"max-snippet:-1","max-image-preview":"max-image-preview:large","max-video-preview":"max-video-preview:-1"},"canonical":"https:\/\/agencia.252.com.mx\/home\/aliados-de-morena-favorecen-la-iniciativa-sobre-plan-b-en-el-edomex-avalan-ir-contra-la-reeleccion-el-nepotismo-y-bajar-regidurias\/","og_locale":"es_ES","og_type":"article","og_title":"Aliados de Morena favorecen la iniciativa sobre \u2018Plan B\u2019 en el Edomex: avalan ir contra la reelecci\u00f3n, el nepotismo y bajar regidur\u00edas\u00a0 - Agencia252","og_description":"Visitas: 6 Juan Ignacio Corro&nbsp; Toluca, Estado de M\u00e9xico, a 30 de abril de 2026 Las comisiones unidas del Congreso local, integrados por los aliados Morena, PVEM y PT, presentaron el an\u00e1lisis de cuatro iniciativas sobre ajustes al pr\u00f3ximo proceso electoral, la austeridad del gasto p\u00fablico, la paridad de g\u00e9nero en la administraci\u00f3n p\u00fablica, prohibir [&hellip;]","og_url":"https:\/\/agencia.252.com.mx\/home\/aliados-de-morena-favorecen-la-iniciativa-sobre-plan-b-en-el-edomex-avalan-ir-contra-la-reeleccion-el-nepotismo-y-bajar-regidurias\/","og_site_name":"Agencia252","article_publisher":"https:\/\/www.facebook.com\/252Comunicacion\/","article_author":"https:\/\/www.facebook.com\/jcorroherrera\/","article_published_time":"2026-04-30T19:24:49+00:00","article_modified_time":"2026-04-30T19:24:50+00:00","og_image":[{"width":1472,"height":983,"url":"http:\/\/agencia.252.com.mx\/wp-content\/uploads\/2026\/04\/WhatsApp-Image-2026-04-29-at-6.27.57-PM.jpeg","type":"image\/jpeg"}],"author":"Nacho Corro","twitter_card":"summary_large_image","twitter_creator":"@Juan Ignacio Corro Herrera","twitter_site":"@252COMS","twitter_misc":{"Escrito por":"Nacho Corro","Tiempo de lectura":"3 minutos"},"schema":{"@context":"https:\/\/schema.org","@graph":[{"@type":"Article","@id":"https:\/\/agencia.252.com.mx\/home\/aliados-de-morena-favorecen-la-iniciativa-sobre-plan-b-en-el-edomex-avalan-ir-contra-la-reeleccion-el-nepotismo-y-bajar-regidurias\/#article","isPartOf":{"@id":"https:\/\/agencia.252.com.mx\/home\/aliados-de-morena-favorecen-la-iniciativa-sobre-plan-b-en-el-edomex-avalan-ir-contra-la-reeleccion-el-nepotismo-y-bajar-regidurias\/"},"author":{"name":"Nacho Corro","@id":"https:\/\/agencia.252.com.mx\/home\/#\/schema\/person\/6b972021e9a92d45ade8c78d81509098"},"headline":"Aliados de Morena favorecen la iniciativa sobre \u2018Plan B\u2019 en el Edomex: avalan ir contra la reelecci\u00f3n, el nepotismo y bajar regidur\u00edas\u00a0","datePublished":"2026-04-30T19:24:49+00:00","dateModified":"2026-04-30T19:24:50+00:00","mainEntityOfPage":{"@id":"https:\/\/agencia.252.com.mx\/home\/aliados-de-morena-favorecen-la-iniciativa-sobre-plan-b-en-el-edomex-avalan-ir-contra-la-reeleccion-el-nepotismo-y-bajar-regidurias\/"},"wordCount":555,"commentCount":0,"publisher":{"@id":"https:\/\/agencia.252.com.mx\/home\/#organization"},"image":{"@id":"https:\/\/agencia.252.com.mx\/home\/aliados-de-morena-favorecen-la-iniciativa-sobre-plan-b-en-el-edomex-avalan-ir-contra-la-reeleccion-el-nepotismo-y-bajar-regidurias\/#primaryimage"},"thumbnailUrl":"https:\/\/agencia.252.com.mx\/wp-content\/uploads\/2026\/04\/WhatsApp-Image-2026-04-29-at-6.27.57-PM.jpeg","keywords":["Edomex"],"articleSection":["Congreso Edomex","Elecciones 2027","Seguridad"],"inLanguage":"es","potentialAction":[{"@type":"CommentAction","name":"Comment","target":["https:\/\/agencia.252.com.mx\/home\/aliados-de-morena-favorecen-la-iniciativa-sobre-plan-b-en-el-edomex-avalan-ir-contra-la-reeleccion-el-nepotismo-y-bajar-regidurias\/#respond"]}]},{"@type":"WebPage","@id":"https:\/\/agencia.252.com.mx\/home\/aliados-de-morena-favorecen-la-iniciativa-sobre-plan-b-en-el-edomex-avalan-ir-contra-la-reeleccion-el-nepotismo-y-bajar-regidurias\/","url":"https:\/\/agencia.252.com.mx\/home\/aliados-de-morena-favorecen-la-iniciativa-sobre-plan-b-en-el-edomex-avalan-ir-contra-la-reeleccion-el-nepotismo-y-bajar-regidurias\/","name":"Aliados de Morena favorecen la iniciativa sobre \u2018Plan B\u2019 en el Edomex: avalan ir contra la reelecci\u00f3n, el nepotismo y bajar regidur\u00edas\u00a0 - Agencia252","isPartOf":{"@id":"https:\/\/agencia.252.com.mx\/home\/#website"},"primaryImageOfPage":{"@id":"https:\/\/agencia.252.com.mx\/home\/aliados-de-morena-favorecen-la-iniciativa-sobre-plan-b-en-el-edomex-avalan-ir-contra-la-reeleccion-el-nepotismo-y-bajar-regidurias\/#primaryimage"},"image":{"@id":"https:\/\/agencia.252.com.mx\/home\/aliados-de-morena-favorecen-la-iniciativa-sobre-plan-b-en-el-edomex-avalan-ir-contra-la-reeleccion-el-nepotismo-y-bajar-regidurias\/#primaryimage"},"thumbnailUrl":"https:\/\/agencia.252.com.mx\/wp-content\/uploads\/2026\/04\/WhatsApp-Image-2026-04-29-at-6.27.57-PM.jpeg","datePublished":"2026-04-30T19:24:49+00:00","dateModified":"2026-04-30T19:24:50+00:00","breadcrumb":{"@id":"https:\/\/agencia.252.com.mx\/home\/aliados-de-morena-favorecen-la-iniciativa-sobre-plan-b-en-el-edomex-avalan-ir-contra-la-reeleccion-el-nepotismo-y-bajar-regidurias\/#breadcrumb"},"inLanguage":"es","potentialAction":[{"@type":"ReadAction","target":["https:\/\/agencia.252.com.mx\/home\/aliados-de-morena-favorecen-la-iniciativa-sobre-plan-b-en-el-edomex-avalan-ir-contra-la-reeleccion-el-nepotismo-y-bajar-regidurias\/"]}]},{"@type":"ImageObject","inLanguage":"es","@id":"https:\/\/agencia.252.com.mx\/home\/aliados-de-morena-favorecen-la-iniciativa-sobre-plan-b-en-el-edomex-avalan-ir-contra-la-reeleccion-el-nepotismo-y-bajar-regidurias\/#primaryimage","url":"https:\/\/agencia.252.com.mx\/wp-content\/uploads\/2026\/04\/WhatsApp-Image-2026-04-29-at-6.27.57-PM.jpeg","contentUrl":"https:\/\/agencia.252.com.mx\/wp-content\/uploads\/2026\/04\/WhatsApp-Image-2026-04-29-at-6.27.57-PM.jpeg","width":1472,"height":983},{"@type":"BreadcrumbList","@id":"https:\/\/agencia.252.com.mx\/home\/aliados-de-morena-favorecen-la-iniciativa-sobre-plan-b-en-el-edomex-avalan-ir-contra-la-reeleccion-el-nepotismo-y-bajar-regidurias\/#breadcrumb","itemListElement":[{"@type":"ListItem","position":1,"name":"Portada","item":"https:\/\/agencia.252.com.mx\/home\/"},{"@type":"ListItem","position":2,"name":"Aliados de Morena favorecen la iniciativa sobre \u2018Plan B\u2019 en el Edomex: avalan ir contra la reelecci\u00f3n, el nepotismo y bajar regidur\u00edas\u00a0"}]},{"@type":"WebSite","@id":"https:\/\/agencia.252.com.mx\/home\/#website","url":"https:\/\/agencia.252.com.mx\/home\/","name":"Agencia252","description":"Tu espacio en la Red","publisher":{"@id":"https:\/\/agencia.252.com.mx\/home\/#organization"},"potentialAction":[{"@type":"SearchAction","target":{"@type":"EntryPoint","urlTemplate":"https:\/\/agencia.252.com.mx\/home\/?s={search_term_string}"},"query-input":{"@type":"PropertyValueSpecification","valueRequired":true,"valueName":"search_term_string"}}],"inLanguage":"es"},{"@type":"Organization","@id":"https:\/\/agencia.252.com.mx\/home\/#organization","name":"Agencia252","url":"https:\/\/agencia.252.com.mx\/home\/","logo":{"@type":"ImageObject","inLanguage":"es","@id":"https:\/\/agencia.252.com.mx\/home\/#\/schema\/logo\/image\/","url":"https:\/\/agencia.252.com.mx\/wp-content\/uploads\/2023\/02\/cropped-ciruclo-agencia-e1677562404136.png","contentUrl":"https:\/\/agencia.252.com.mx\/wp-content\/uploads\/2023\/02\/cropped-ciruclo-agencia-e1677562404136.png","width":512,"height":512,"caption":"Agencia252"},"image":{"@id":"https:\/\/agencia.252.com.mx\/home\/#\/schema\/logo\/image\/"},"sameAs":["https:\/\/www.facebook.com\/252Comunicacion\/","https:\/\/x.com\/252COMS"]},{"@type":"Person","@id":"https:\/\/agencia.252.com.mx\/home\/#\/schema\/person\/6b972021e9a92d45ade8c78d81509098","name":"Nacho Corro","image":{"@type":"ImageObject","inLanguage":"es","@id":"https:\/\/secure.gravatar.com\/avatar\/5db6df507cfe1307e192fbb498c6b85f1cf2ffd8b4cd37141b9eea588fcbd5a4?s=96&r=g","url":"https:\/\/secure.gravatar.com\/avatar\/5db6df507cfe1307e192fbb498c6b85f1cf2ffd8b4cd37141b9eea588fcbd5a4?s=96&r=g","contentUrl":"https:\/\/secure.gravatar.com\/avatar\/5db6df507cfe1307e192fbb498c6b85f1cf2ffd8b4cd37141b9eea588fcbd5a4?s=96&r=g","caption":"Nacho Corro"},"description":"Comunicador Social, Periodista y Administraci\u00f3n P\u00fablica. Conversador pol\u00edtico, temas electorales y seguridad. Generador de contenidos digitales. Amante de la fotograf\u00eda","sameAs":["https:\/\/www.facebook.com\/jcorroherrera\/","www.instagram.com\/nachocorro\/","https:\/\/x.com\/Juan Ignacio Corro Herrera"],"url":"https:\/\/agencia.252.com.mx\/home\/author\/i-corro\/"}]}},"_links":{"self":[{"href":"https:\/\/agencia.252.com.mx\/home\/wp-json\/wp\/v2\/posts\/18900","targetHints":{"allow":["GET"]}}],"collection":[{"href":"https:\/\/agencia.252.com.mx\/home\/wp-json\/wp\/v2\/posts"}],"about":[{"href":"https:\/\/agencia.252.com.mx\/home\/wp-json\/wp\/v2\/types\/post"}],"author":[{"embeddable":true,"href":"https:\/\/agencia.252.com.mx\/home\/wp-json\/wp\/v2\/users\/5"}],"replies":[{"embeddable":true,"href":"https:\/\/agencia.252.com.mx\/home\/wp-json\/wp\/v2\/comments?post=18900"}],"version-history":[{"count":1,"href":"https:\/\/agencia.252.com.mx\/home\/wp-json\/wp\/v2\/posts\/18900\/revisions"}],"predecessor-version":[{"id":18902,"href":"https:\/\/agencia.252.com.mx\/home\/wp-json\/wp\/v2\/posts\/18900\/revisions\/18902"}],"wp:featuredmedia":[{"embeddable":true,"href":"https:\/\/agencia.252.com.mx\/home\/wp-json\/wp\/v2\/media\/18901"}],"wp:attachment":[{"href":"https:\/\/agencia.252.com.mx\/home\/wp-json\/wp\/v2\/media?parent=18900"}],"wp:term":[{"taxonomy":"category","embeddable":true,"href":"https:\/\/agencia.252.com.mx\/home\/wp-json\/wp\/v2\/categories?post=18900"},{"taxonomy":"post_tag","embeddable":true,"href":"https:\/\/agencia.252.com.mx\/home\/wp-json\/wp\/v2\/tags?post=18900"}],"curies":[{"name":"wp","href":"https:\/\/api.w.org\/{rel}","templated":true}]}}