{"id":18895,"date":"2026-04-30T12:50:35","date_gmt":"2026-04-30T18:50:35","guid":{"rendered":"https:\/\/agencia.252.com.mx\/home\/?p=18895"},"modified":"2026-04-30T12:55:10","modified_gmt":"2026-04-30T18:55:10","slug":"listo-el-dictamen-sobre-consulta-a-comunidades-indigenas-sobre-reforma-constitucional","status":"publish","type":"post","link":"https:\/\/agencia.252.com.mx\/home\/listo-el-dictamen-sobre-consulta-a-comunidades-indigenas-sobre-reforma-constitucional\/","title":{"rendered":"Listo el dictamen de la consulta a comunidades ind\u00edgenas sobre reforma constitucional"},"content":{"rendered":"<p>Visitas: 8<\/p>\n<ul class=\"wp-block-list\">\n<li><em>Mediante seis asambleas, comunidades, pueblos ind\u00edgenas y afromexicanos mexiquenses se pronunciaron sobre la reforma constitucional que plantea reconocerlos como sujetos de derecho p\u00fablico.\u00a0<\/em><\/li>\n\n\n\n<li><em>Se llev\u00f3 a cabo en asambleas regionales en Acambay, San Felipe del Progreso, Temoaya, Texcoco y Tejupilco el pasado 25 de abril, y una asamblea en Toluca este 29 de abril.\u00a0<\/em><\/li>\n\n\n\n<li><em>Participaron representantes de los pueblos mazahua, otom\u00ed, nahua, matlatzinca y tlahuica, provenientes de 48 municipios con presencia oficialmente registrada de estas poblaciones<\/em><\/li>\n<\/ul>\n\n\n\n<p>Juan Ignacio Corro&nbsp;<\/p>\n\n\n\n<p class=\"has-text-align-right\">Toluca, Estado de M\u00e9xico, a 30 de abril de 2026<\/p>\n\n\n\n<p>Con el aval de personas originarias y afromexicanas del Estado de M\u00e9xico, el Congreso del Estado de M\u00e9xico llev\u00f3 a cabo la consulta a efecto de que se pronunciaran sobre la reforma constitucional que plantea reconocerlos como sujetos de derecho p\u00fablico.<\/p>\n\n\n\n<p>Este proceso, realizado mediante cinco asambleas regionales y una asamblea general, permitir\u00e1 que el decreto de reforma a la Constituci\u00f3n estatal, sea sometido a consideraci\u00f3n del Pleno de la LXII Legislatura mexiquense.<\/p>\n\n\n\n<p>En este sentido, el 25 de abril se llevaron a cabo asambleas regionales en los municipios de Acambay, San Felipe del Progreso, Temoaya, Texcoco y Tejupilco. Posteriormente, el 29 de abril se realiz\u00f3 una asamblea general en Toluca, capital del estado, en la que participaron representantes de los pueblos mazahua, otom\u00ed, nahua, matlatzinca y tlahuica, provenientes de 48 municipios con presencia oficialmente registrada de estas poblaciones, as\u00ed como comunidades migrantes originarias de otras entidades del pa\u00eds y personas afrodescendientes, quienes tambi\u00e9n presentaron propuestas en las materias correspondientes.<\/p>\n\n\n\n<p>Con la asistencia de representantes del Consejo Estatal para el Desarrollo Integral de los Pueblos Ind\u00edgenas (Cedipiem) y de la Comisi\u00f3n de Derechos Humanos del Estado de M\u00e9xico (Codhem), la diputada Leticia Mej\u00eda, presidenta de la Comisi\u00f3n legislativa de Asuntos Ind\u00edgenas, precis\u00f3 que el ejercicio enriqueci\u00f3 el proyecto de decreto que modifica la Constituci\u00f3n estatal para armonizarla con la reforma constitucional federal en la materia de 2024.<\/p>\n\n\n\n<p>Detall\u00f3 que la reforma federal, dise\u00f1ada despu\u00e9s de que se pidiera opini\u00f3n y propuestas a comunidades originarias y afromexicanas de todo M\u00e9xico, mandata que las entidades armonicen sus constituciones locales con ella, por lo que en estas consultas solo ten\u00eda que exponerse si se lleva o no al Pleno el proyecto de decreto correspondiente, mientras que otras preocupaciones en materia de salud, educaci\u00f3n, infraestructura, vivienda, y preservaci\u00f3n de lenguas y tradiciones, se tomar\u00e1n en cuenta para la construcci\u00f3n de las leyes secundarias que dispondr\u00e1n lo que le toca hacer a cada una de las instancias relacionadas y las atribuciones de los gobiernos federal, estatales y municipales en este tema.<\/p>\n\n\n\n<p>Las y los participantes opinaron, entre el contenido principal del decreto, sobre el reconocimiento a su autonom\u00eda; el derecho a poder decidir c\u00f3mo organizarse y gobernarse internamente; la aplicaci\u00f3n de sus propias normas para resolver conflictos respetando la Constituci\u00f3n; la preservaci\u00f3n de su cultura, lenguas, tradiciones y conocimientos; el derecho a proteger las tierras; acceder a formas de propiedad reconocidas por la ley; derecho a la justicia con respeto a su contexto y a ser consultados cuando una decisi\u00f3n afecte a su pueblo o comunidad.<\/p>\n\n\n\n<p>Asimismo, se abordaron las obligaciones del Estado, entre las que destacan impulsar el desarrollo econ\u00f3mico de las comunidades respetando sus actividades tradicionales; asignar recursos p\u00fablicos que puedan administrar directamente; proteger su cultura y conocimientos; y garantizar una educaci\u00f3n intercultural y en sus lenguas. Tambi\u00e9n se plante\u00f3 mejorar el acceso a la salud, alimentaci\u00f3n y vivienda con pertinencia cultural; ampliar el acceso a servicios b\u00e1sicos; promover la participaci\u00f3n de las mujeres; fortalecer las comunicaciones; y atender a las personas ind\u00edgenas migrantes.<\/p>\n\n\n\n<p>En cuanto a los derechos de los pueblos afromexicanos, se subray\u00f3 la necesidad de reconocer su derecho a preservar y proteger su identidad cultural y forma de vida, as\u00ed como sus aportaciones hist\u00f3ricas y sociales, adem\u00e1s de garantizar su inclusi\u00f3n en los censos y registros oficiales.<\/p>\n","protected":false},"excerpt":{"rendered":"<p>Visitas: 8 Juan Ignacio Corro&nbsp; Toluca, Estado de M\u00e9xico, a 30 de abril de 2026 Con el aval de personas originarias y afromexicanas del Estado de M\u00e9xico, el Congreso del Estado de M\u00e9xico llev\u00f3 a cabo la consulta a efecto de que se pronunciaran sobre la reforma constitucional que plantea reconocerlos como sujetos de derecho [&hellip;]<\/p>\n","protected":false},"author":5,"featured_media":18896,"comment_status":"open","ping_status":"open","sticky":false,"template":"","format":"standard","meta":{"site-sidebar-layout":"default","site-content-layout":"","ast-site-content-layout":"default","site-content-style":"default","site-sidebar-style":"default","ast-global-header-display":"","ast-banner-title-visibility":"","ast-main-header-display":"","ast-hfb-above-header-display":"","ast-hfb-below-header-display":"","ast-hfb-mobile-header-display":"","site-post-title":"","ast-breadcrumbs-content":"","ast-featured-img":"","footer-sml-layout":"","ast-disable-related-posts":"","theme-transparent-header-meta":"","adv-header-id-meta":"","stick-header-meta":"","header-above-stick-meta":"","header-main-stick-meta":"","header-below-stick-meta":"","astra-migrate-meta-layouts":"set","ast-page-background-enabled":"default","ast-page-background-meta":{"desktop":{"background-color":"var(--ast-global-color-4)","background-image":"","background-repeat":"repeat","background-position":"center center","background-size":"auto","background-attachment":"scroll","background-type":"","background-media":"","overlay-type":"","overlay-color":"","overlay-opacity":"","overlay-gradient":""},"tablet":{"background-color":"","background-image":"","background-repeat":"repeat","background-position":"center center","background-size":"auto","background-attachment":"scroll","background-type":"","background-media":"","overlay-type":"","overlay-color":"","overlay-opacity":"","overlay-gradient":""},"mobile":{"background-color":"","background-image":"","background-repeat":"repeat","background-position":"center center","background-size":"auto","background-attachment":"scroll","background-type":"","background-media":"","overlay-type":"","overlay-color":"","overlay-opacity":"","overlay-gradient":""}},"ast-content-background-meta":{"desktop":{"background-color":"var(--ast-global-color-5)","background-image":"","background-repeat":"repeat","background-position":"center center","background-size":"auto","background-attachment":"scroll","background-type":"","background-media":"","overlay-type":"","overlay-color":"","overlay-opacity":"","overlay-gradient":""},"tablet":{"background-color":"var(--ast-global-color-5)","background-image":"","background-repeat":"repeat","background-position":"center center","background-size":"auto","background-attachment":"scroll","background-type":"","background-media":"","overlay-type":"","overlay-color":"","overlay-opacity":"","overlay-gradient":""},"mobile":{"background-color":"var(--ast-global-color-5)","background-image":"","background-repeat":"repeat","background-position":"center center","background-size":"auto","background-attachment":"scroll","background-type":"","background-media":"","overlay-type":"","overlay-color":"","overlay-opacity":"","overlay-gradient":""}},"footnotes":""},"categories":[94,8,68,31],"tags":[526],"class_list":["post-18895","post","type-post","status-publish","format-standard","has-post-thumbnail","hentry","category-congreso-edomex","category-edomex","category-seguridad","category-toluca","tag-edomex"],"yoast_head":"<!-- This site is optimized with the Yoast SEO plugin v27.4 - https:\/\/yoast.com\/product\/yoast-seo-wordpress\/ -->\n<title>Listo el dictamen de la consulta a comunidades ind\u00edgenas sobre reforma constitucional - Agencia252<\/title>\n<meta name=\"robots\" content=\"index, follow, max-snippet:-1, max-image-preview:large, max-video-preview:-1\" \/>\n<link rel=\"canonical\" href=\"https:\/\/agencia.252.com.mx\/home\/listo-el-dictamen-sobre-consulta-a-comunidades-indigenas-sobre-reforma-constitucional\/\" \/>\n<meta property=\"og:locale\" content=\"es_ES\" \/>\n<meta property=\"og:type\" content=\"article\" \/>\n<meta property=\"og:title\" content=\"Listo el dictamen de la consulta a comunidades ind\u00edgenas sobre reforma constitucional - Agencia252\" \/>\n<meta property=\"og:description\" content=\"Visitas: 8 Juan Ignacio Corro&nbsp; Toluca, Estado de M\u00e9xico, a 30 de abril de 2026 Con el aval de personas originarias y afromexicanas del Estado de M\u00e9xico, el Congreso del Estado de M\u00e9xico llev\u00f3 a cabo la consulta a efecto de que se pronunciaran sobre la reforma constitucional que plantea reconocerlos como sujetos de derecho [&hellip;]\" \/>\n<meta property=\"og:url\" content=\"https:\/\/agencia.252.com.mx\/home\/listo-el-dictamen-sobre-consulta-a-comunidades-indigenas-sobre-reforma-constitucional\/\" \/>\n<meta property=\"og:site_name\" content=\"Agencia252\" \/>\n<meta property=\"article:publisher\" content=\"https:\/\/www.facebook.com\/252Comunicacion\/\" \/>\n<meta property=\"article:author\" content=\"https:\/\/www.facebook.com\/jcorroherrera\/\" \/>\n<meta property=\"article:published_time\" content=\"2026-04-30T18:50:35+00:00\" \/>\n<meta property=\"article:modified_time\" content=\"2026-04-30T18:55:10+00:00\" \/>\n<meta property=\"og:image\" content=\"http:\/\/agencia.252.com.mx\/wp-content\/uploads\/2026\/04\/WhatsApp-Image-2026-04-29-at-8.24.37-PM.jpeg\" \/>\n\t<meta property=\"og:image:width\" content=\"1490\" \/>\n\t<meta property=\"og:image:height\" content=\"995\" \/>\n\t<meta property=\"og:image:type\" content=\"image\/jpeg\" \/>\n<meta name=\"author\" content=\"Nacho Corro\" \/>\n<meta name=\"twitter:card\" content=\"summary_large_image\" \/>\n<meta name=\"twitter:creator\" content=\"@Juan Ignacio Corro Herrera\" \/>\n<meta name=\"twitter:site\" content=\"@252COMS\" \/>\n<meta name=\"twitter:label1\" content=\"Escrito por\" \/>\n\t<meta name=\"twitter:data1\" content=\"Nacho Corro\" \/>\n\t<meta name=\"twitter:label2\" content=\"Tiempo de lectura\" \/>\n\t<meta name=\"twitter:data2\" content=\"4 minutos\" \/>\n<script type=\"application\/ld+json\" class=\"yoast-schema-graph\">{\"@context\":\"https:\\\/\\\/schema.org\",\"@graph\":[{\"@type\":\"Article\",\"@id\":\"https:\\\/\\\/agencia.252.com.mx\\\/home\\\/listo-el-dictamen-sobre-consulta-a-comunidades-indigenas-sobre-reforma-constitucional\\\/#article\",\"isPartOf\":{\"@id\":\"https:\\\/\\\/agencia.252.com.mx\\\/home\\\/listo-el-dictamen-sobre-consulta-a-comunidades-indigenas-sobre-reforma-constitucional\\\/\"},\"author\":{\"name\":\"Nacho Corro\",\"@id\":\"https:\\\/\\\/agencia.252.com.mx\\\/home\\\/#\\\/schema\\\/person\\\/6b972021e9a92d45ade8c78d81509098\"},\"headline\":\"Listo el dictamen de la consulta a comunidades ind\u00edgenas sobre reforma constitucional\",\"datePublished\":\"2026-04-30T18:50:35+00:00\",\"dateModified\":\"2026-04-30T18:55:10+00:00\",\"mainEntityOfPage\":{\"@id\":\"https:\\\/\\\/agencia.252.com.mx\\\/home\\\/listo-el-dictamen-sobre-consulta-a-comunidades-indigenas-sobre-reforma-constitucional\\\/\"},\"wordCount\":685,\"commentCount\":0,\"publisher\":{\"@id\":\"https:\\\/\\\/agencia.252.com.mx\\\/home\\\/#organization\"},\"image\":{\"@id\":\"https:\\\/\\\/agencia.252.com.mx\\\/home\\\/listo-el-dictamen-sobre-consulta-a-comunidades-indigenas-sobre-reforma-constitucional\\\/#primaryimage\"},\"thumbnailUrl\":\"https:\\\/\\\/agencia.252.com.mx\\\/wp-content\\\/uploads\\\/2026\\\/04\\\/WhatsApp-Image-2026-04-29-at-8.24.37-PM.jpeg\",\"keywords\":[\"Edomex\"],\"articleSection\":[\"Congreso Edomex\",\"Edomex\",\"Seguridad\",\"Toluca\"],\"inLanguage\":\"es\",\"potentialAction\":[{\"@type\":\"CommentAction\",\"name\":\"Comment\",\"target\":[\"https:\\\/\\\/agencia.252.com.mx\\\/home\\\/listo-el-dictamen-sobre-consulta-a-comunidades-indigenas-sobre-reforma-constitucional\\\/#respond\"]}]},{\"@type\":\"WebPage\",\"@id\":\"https:\\\/\\\/agencia.252.com.mx\\\/home\\\/listo-el-dictamen-sobre-consulta-a-comunidades-indigenas-sobre-reforma-constitucional\\\/\",\"url\":\"https:\\\/\\\/agencia.252.com.mx\\\/home\\\/listo-el-dictamen-sobre-consulta-a-comunidades-indigenas-sobre-reforma-constitucional\\\/\",\"name\":\"Listo el dictamen de la consulta a comunidades ind\u00edgenas sobre reforma constitucional - Agencia252\",\"isPartOf\":{\"@id\":\"https:\\\/\\\/agencia.252.com.mx\\\/home\\\/#website\"},\"primaryImageOfPage\":{\"@id\":\"https:\\\/\\\/agencia.252.com.mx\\\/home\\\/listo-el-dictamen-sobre-consulta-a-comunidades-indigenas-sobre-reforma-constitucional\\\/#primaryimage\"},\"image\":{\"@id\":\"https:\\\/\\\/agencia.252.com.mx\\\/home\\\/listo-el-dictamen-sobre-consulta-a-comunidades-indigenas-sobre-reforma-constitucional\\\/#primaryimage\"},\"thumbnailUrl\":\"https:\\\/\\\/agencia.252.com.mx\\\/wp-content\\\/uploads\\\/2026\\\/04\\\/WhatsApp-Image-2026-04-29-at-8.24.37-PM.jpeg\",\"datePublished\":\"2026-04-30T18:50:35+00:00\",\"dateModified\":\"2026-04-30T18:55:10+00:00\",\"breadcrumb\":{\"@id\":\"https:\\\/\\\/agencia.252.com.mx\\\/home\\\/listo-el-dictamen-sobre-consulta-a-comunidades-indigenas-sobre-reforma-constitucional\\\/#breadcrumb\"},\"inLanguage\":\"es\",\"potentialAction\":[{\"@type\":\"ReadAction\",\"target\":[\"https:\\\/\\\/agencia.252.com.mx\\\/home\\\/listo-el-dictamen-sobre-consulta-a-comunidades-indigenas-sobre-reforma-constitucional\\\/\"]}]},{\"@type\":\"ImageObject\",\"inLanguage\":\"es\",\"@id\":\"https:\\\/\\\/agencia.252.com.mx\\\/home\\\/listo-el-dictamen-sobre-consulta-a-comunidades-indigenas-sobre-reforma-constitucional\\\/#primaryimage\",\"url\":\"https:\\\/\\\/agencia.252.com.mx\\\/wp-content\\\/uploads\\\/2026\\\/04\\\/WhatsApp-Image-2026-04-29-at-8.24.37-PM.jpeg\",\"contentUrl\":\"https:\\\/\\\/agencia.252.com.mx\\\/wp-content\\\/uploads\\\/2026\\\/04\\\/WhatsApp-Image-2026-04-29-at-8.24.37-PM.jpeg\",\"width\":1490,\"height\":995},{\"@type\":\"BreadcrumbList\",\"@id\":\"https:\\\/\\\/agencia.252.com.mx\\\/home\\\/listo-el-dictamen-sobre-consulta-a-comunidades-indigenas-sobre-reforma-constitucional\\\/#breadcrumb\",\"itemListElement\":[{\"@type\":\"ListItem\",\"position\":1,\"name\":\"Portada\",\"item\":\"https:\\\/\\\/agencia.252.com.mx\\\/home\\\/\"},{\"@type\":\"ListItem\",\"position\":2,\"name\":\"Listo el dictamen de la consulta a comunidades ind\u00edgenas sobre reforma constitucional\"}]},{\"@type\":\"WebSite\",\"@id\":\"https:\\\/\\\/agencia.252.com.mx\\\/home\\\/#website\",\"url\":\"https:\\\/\\\/agencia.252.com.mx\\\/home\\\/\",\"name\":\"Agencia252\",\"description\":\"Tu espacio en la Red\",\"publisher\":{\"@id\":\"https:\\\/\\\/agencia.252.com.mx\\\/home\\\/#organization\"},\"potentialAction\":[{\"@type\":\"SearchAction\",\"target\":{\"@type\":\"EntryPoint\",\"urlTemplate\":\"https:\\\/\\\/agencia.252.com.mx\\\/home\\\/?s={search_term_string}\"},\"query-input\":{\"@type\":\"PropertyValueSpecification\",\"valueRequired\":true,\"valueName\":\"search_term_string\"}}],\"inLanguage\":\"es\"},{\"@type\":\"Organization\",\"@id\":\"https:\\\/\\\/agencia.252.com.mx\\\/home\\\/#organization\",\"name\":\"Agencia252\",\"url\":\"https:\\\/\\\/agencia.252.com.mx\\\/home\\\/\",\"logo\":{\"@type\":\"ImageObject\",\"inLanguage\":\"es\",\"@id\":\"https:\\\/\\\/agencia.252.com.mx\\\/home\\\/#\\\/schema\\\/logo\\\/image\\\/\",\"url\":\"https:\\\/\\\/agencia.252.com.mx\\\/wp-content\\\/uploads\\\/2023\\\/02\\\/cropped-ciruclo-agencia-e1677562404136.png\",\"contentUrl\":\"https:\\\/\\\/agencia.252.com.mx\\\/wp-content\\\/uploads\\\/2023\\\/02\\\/cropped-ciruclo-agencia-e1677562404136.png\",\"width\":512,\"height\":512,\"caption\":\"Agencia252\"},\"image\":{\"@id\":\"https:\\\/\\\/agencia.252.com.mx\\\/home\\\/#\\\/schema\\\/logo\\\/image\\\/\"},\"sameAs\":[\"https:\\\/\\\/www.facebook.com\\\/252Comunicacion\\\/\",\"https:\\\/\\\/x.com\\\/252COMS\"]},{\"@type\":\"Person\",\"@id\":\"https:\\\/\\\/agencia.252.com.mx\\\/home\\\/#\\\/schema\\\/person\\\/6b972021e9a92d45ade8c78d81509098\",\"name\":\"Nacho Corro\",\"image\":{\"@type\":\"ImageObject\",\"inLanguage\":\"es\",\"@id\":\"https:\\\/\\\/secure.gravatar.com\\\/avatar\\\/5db6df507cfe1307e192fbb498c6b85f1cf2ffd8b4cd37141b9eea588fcbd5a4?s=96&r=g\",\"url\":\"https:\\\/\\\/secure.gravatar.com\\\/avatar\\\/5db6df507cfe1307e192fbb498c6b85f1cf2ffd8b4cd37141b9eea588fcbd5a4?s=96&r=g\",\"contentUrl\":\"https:\\\/\\\/secure.gravatar.com\\\/avatar\\\/5db6df507cfe1307e192fbb498c6b85f1cf2ffd8b4cd37141b9eea588fcbd5a4?s=96&r=g\",\"caption\":\"Nacho Corro\"},\"description\":\"Comunicador Social, Periodista y Administraci\u00f3n P\u00fablica. Conversador pol\u00edtico, temas electorales y seguridad. Generador de contenidos digitales. Amante de la fotograf\u00eda\",\"sameAs\":[\"https:\\\/\\\/www.facebook.com\\\/jcorroherrera\\\/\",\"www.instagram.com\\\/nachocorro\\\/\",\"https:\\\/\\\/x.com\\\/Juan Ignacio Corro Herrera\"],\"url\":\"https:\\\/\\\/agencia.252.com.mx\\\/home\\\/author\\\/i-corro\\\/\"}]}<\/script>\n<!-- \/ Yoast SEO plugin. -->","yoast_head_json":{"title":"Listo el dictamen de la consulta a comunidades ind\u00edgenas sobre reforma constitucional - Agencia252","robots":{"index":"index","follow":"follow","max-snippet":"max-snippet:-1","max-image-preview":"max-image-preview:large","max-video-preview":"max-video-preview:-1"},"canonical":"https:\/\/agencia.252.com.mx\/home\/listo-el-dictamen-sobre-consulta-a-comunidades-indigenas-sobre-reforma-constitucional\/","og_locale":"es_ES","og_type":"article","og_title":"Listo el dictamen de la consulta a comunidades ind\u00edgenas sobre reforma constitucional - Agencia252","og_description":"Visitas: 8 Juan Ignacio Corro&nbsp; Toluca, Estado de M\u00e9xico, a 30 de abril de 2026 Con el aval de personas originarias y afromexicanas del Estado de M\u00e9xico, el Congreso del Estado de M\u00e9xico llev\u00f3 a cabo la consulta a efecto de que se pronunciaran sobre la reforma constitucional que plantea reconocerlos como sujetos de derecho [&hellip;]","og_url":"https:\/\/agencia.252.com.mx\/home\/listo-el-dictamen-sobre-consulta-a-comunidades-indigenas-sobre-reforma-constitucional\/","og_site_name":"Agencia252","article_publisher":"https:\/\/www.facebook.com\/252Comunicacion\/","article_author":"https:\/\/www.facebook.com\/jcorroherrera\/","article_published_time":"2026-04-30T18:50:35+00:00","article_modified_time":"2026-04-30T18:55:10+00:00","og_image":[{"width":1490,"height":995,"url":"http:\/\/agencia.252.com.mx\/wp-content\/uploads\/2026\/04\/WhatsApp-Image-2026-04-29-at-8.24.37-PM.jpeg","type":"image\/jpeg"}],"author":"Nacho Corro","twitter_card":"summary_large_image","twitter_creator":"@Juan Ignacio Corro Herrera","twitter_site":"@252COMS","twitter_misc":{"Escrito por":"Nacho Corro","Tiempo de lectura":"4 minutos"},"schema":{"@context":"https:\/\/schema.org","@graph":[{"@type":"Article","@id":"https:\/\/agencia.252.com.mx\/home\/listo-el-dictamen-sobre-consulta-a-comunidades-indigenas-sobre-reforma-constitucional\/#article","isPartOf":{"@id":"https:\/\/agencia.252.com.mx\/home\/listo-el-dictamen-sobre-consulta-a-comunidades-indigenas-sobre-reforma-constitucional\/"},"author":{"name":"Nacho Corro","@id":"https:\/\/agencia.252.com.mx\/home\/#\/schema\/person\/6b972021e9a92d45ade8c78d81509098"},"headline":"Listo el dictamen de la consulta a comunidades ind\u00edgenas sobre reforma constitucional","datePublished":"2026-04-30T18:50:35+00:00","dateModified":"2026-04-30T18:55:10+00:00","mainEntityOfPage":{"@id":"https:\/\/agencia.252.com.mx\/home\/listo-el-dictamen-sobre-consulta-a-comunidades-indigenas-sobre-reforma-constitucional\/"},"wordCount":685,"commentCount":0,"publisher":{"@id":"https:\/\/agencia.252.com.mx\/home\/#organization"},"image":{"@id":"https:\/\/agencia.252.com.mx\/home\/listo-el-dictamen-sobre-consulta-a-comunidades-indigenas-sobre-reforma-constitucional\/#primaryimage"},"thumbnailUrl":"https:\/\/agencia.252.com.mx\/wp-content\/uploads\/2026\/04\/WhatsApp-Image-2026-04-29-at-8.24.37-PM.jpeg","keywords":["Edomex"],"articleSection":["Congreso Edomex","Edomex","Seguridad","Toluca"],"inLanguage":"es","potentialAction":[{"@type":"CommentAction","name":"Comment","target":["https:\/\/agencia.252.com.mx\/home\/listo-el-dictamen-sobre-consulta-a-comunidades-indigenas-sobre-reforma-constitucional\/#respond"]}]},{"@type":"WebPage","@id":"https:\/\/agencia.252.com.mx\/home\/listo-el-dictamen-sobre-consulta-a-comunidades-indigenas-sobre-reforma-constitucional\/","url":"https:\/\/agencia.252.com.mx\/home\/listo-el-dictamen-sobre-consulta-a-comunidades-indigenas-sobre-reforma-constitucional\/","name":"Listo el dictamen de la consulta a comunidades ind\u00edgenas sobre reforma constitucional - Agencia252","isPartOf":{"@id":"https:\/\/agencia.252.com.mx\/home\/#website"},"primaryImageOfPage":{"@id":"https:\/\/agencia.252.com.mx\/home\/listo-el-dictamen-sobre-consulta-a-comunidades-indigenas-sobre-reforma-constitucional\/#primaryimage"},"image":{"@id":"https:\/\/agencia.252.com.mx\/home\/listo-el-dictamen-sobre-consulta-a-comunidades-indigenas-sobre-reforma-constitucional\/#primaryimage"},"thumbnailUrl":"https:\/\/agencia.252.com.mx\/wp-content\/uploads\/2026\/04\/WhatsApp-Image-2026-04-29-at-8.24.37-PM.jpeg","datePublished":"2026-04-30T18:50:35+00:00","dateModified":"2026-04-30T18:55:10+00:00","breadcrumb":{"@id":"https:\/\/agencia.252.com.mx\/home\/listo-el-dictamen-sobre-consulta-a-comunidades-indigenas-sobre-reforma-constitucional\/#breadcrumb"},"inLanguage":"es","potentialAction":[{"@type":"ReadAction","target":["https:\/\/agencia.252.com.mx\/home\/listo-el-dictamen-sobre-consulta-a-comunidades-indigenas-sobre-reforma-constitucional\/"]}]},{"@type":"ImageObject","inLanguage":"es","@id":"https:\/\/agencia.252.com.mx\/home\/listo-el-dictamen-sobre-consulta-a-comunidades-indigenas-sobre-reforma-constitucional\/#primaryimage","url":"https:\/\/agencia.252.com.mx\/wp-content\/uploads\/2026\/04\/WhatsApp-Image-2026-04-29-at-8.24.37-PM.jpeg","contentUrl":"https:\/\/agencia.252.com.mx\/wp-content\/uploads\/2026\/04\/WhatsApp-Image-2026-04-29-at-8.24.37-PM.jpeg","width":1490,"height":995},{"@type":"BreadcrumbList","@id":"https:\/\/agencia.252.com.mx\/home\/listo-el-dictamen-sobre-consulta-a-comunidades-indigenas-sobre-reforma-constitucional\/#breadcrumb","itemListElement":[{"@type":"ListItem","position":1,"name":"Portada","item":"https:\/\/agencia.252.com.mx\/home\/"},{"@type":"ListItem","position":2,"name":"Listo el dictamen de la consulta a comunidades ind\u00edgenas sobre reforma constitucional"}]},{"@type":"WebSite","@id":"https:\/\/agencia.252.com.mx\/home\/#website","url":"https:\/\/agencia.252.com.mx\/home\/","name":"Agencia252","description":"Tu espacio en la Red","publisher":{"@id":"https:\/\/agencia.252.com.mx\/home\/#organization"},"potentialAction":[{"@type":"SearchAction","target":{"@type":"EntryPoint","urlTemplate":"https:\/\/agencia.252.com.mx\/home\/?s={search_term_string}"},"query-input":{"@type":"PropertyValueSpecification","valueRequired":true,"valueName":"search_term_string"}}],"inLanguage":"es"},{"@type":"Organization","@id":"https:\/\/agencia.252.com.mx\/home\/#organization","name":"Agencia252","url":"https:\/\/agencia.252.com.mx\/home\/","logo":{"@type":"ImageObject","inLanguage":"es","@id":"https:\/\/agencia.252.com.mx\/home\/#\/schema\/logo\/image\/","url":"https:\/\/agencia.252.com.mx\/wp-content\/uploads\/2023\/02\/cropped-ciruclo-agencia-e1677562404136.png","contentUrl":"https:\/\/agencia.252.com.mx\/wp-content\/uploads\/2023\/02\/cropped-ciruclo-agencia-e1677562404136.png","width":512,"height":512,"caption":"Agencia252"},"image":{"@id":"https:\/\/agencia.252.com.mx\/home\/#\/schema\/logo\/image\/"},"sameAs":["https:\/\/www.facebook.com\/252Comunicacion\/","https:\/\/x.com\/252COMS"]},{"@type":"Person","@id":"https:\/\/agencia.252.com.mx\/home\/#\/schema\/person\/6b972021e9a92d45ade8c78d81509098","name":"Nacho Corro","image":{"@type":"ImageObject","inLanguage":"es","@id":"https:\/\/secure.gravatar.com\/avatar\/5db6df507cfe1307e192fbb498c6b85f1cf2ffd8b4cd37141b9eea588fcbd5a4?s=96&r=g","url":"https:\/\/secure.gravatar.com\/avatar\/5db6df507cfe1307e192fbb498c6b85f1cf2ffd8b4cd37141b9eea588fcbd5a4?s=96&r=g","contentUrl":"https:\/\/secure.gravatar.com\/avatar\/5db6df507cfe1307e192fbb498c6b85f1cf2ffd8b4cd37141b9eea588fcbd5a4?s=96&r=g","caption":"Nacho Corro"},"description":"Comunicador Social, Periodista y Administraci\u00f3n P\u00fablica. Conversador pol\u00edtico, temas electorales y seguridad. Generador de contenidos digitales. Amante de la fotograf\u00eda","sameAs":["https:\/\/www.facebook.com\/jcorroherrera\/","www.instagram.com\/nachocorro\/","https:\/\/x.com\/Juan Ignacio Corro Herrera"],"url":"https:\/\/agencia.252.com.mx\/home\/author\/i-corro\/"}]}},"_links":{"self":[{"href":"https:\/\/agencia.252.com.mx\/home\/wp-json\/wp\/v2\/posts\/18895","targetHints":{"allow":["GET"]}}],"collection":[{"href":"https:\/\/agencia.252.com.mx\/home\/wp-json\/wp\/v2\/posts"}],"about":[{"href":"https:\/\/agencia.252.com.mx\/home\/wp-json\/wp\/v2\/types\/post"}],"author":[{"embeddable":true,"href":"https:\/\/agencia.252.com.mx\/home\/wp-json\/wp\/v2\/users\/5"}],"replies":[{"embeddable":true,"href":"https:\/\/agencia.252.com.mx\/home\/wp-json\/wp\/v2\/comments?post=18895"}],"version-history":[{"count":3,"href":"https:\/\/agencia.252.com.mx\/home\/wp-json\/wp\/v2\/posts\/18895\/revisions"}],"predecessor-version":[{"id":18899,"href":"https:\/\/agencia.252.com.mx\/home\/wp-json\/wp\/v2\/posts\/18895\/revisions\/18899"}],"wp:featuredmedia":[{"embeddable":true,"href":"https:\/\/agencia.252.com.mx\/home\/wp-json\/wp\/v2\/media\/18896"}],"wp:attachment":[{"href":"https:\/\/agencia.252.com.mx\/home\/wp-json\/wp\/v2\/media?parent=18895"}],"wp:term":[{"taxonomy":"category","embeddable":true,"href":"https:\/\/agencia.252.com.mx\/home\/wp-json\/wp\/v2\/categories?post=18895"},{"taxonomy":"post_tag","embeddable":true,"href":"https:\/\/agencia.252.com.mx\/home\/wp-json\/wp\/v2\/tags?post=18895"}],"curies":[{"name":"wp","href":"https:\/\/api.w.org\/{rel}","templated":true}]}}