{"id":18891,"date":"2026-04-30T11:57:52","date_gmt":"2026-04-30T17:57:52","guid":{"rendered":"https:\/\/agencia.252.com.mx\/home\/?p=18891"},"modified":"2026-04-30T11:57:53","modified_gmt":"2026-04-30T17:57:53","slug":"inauguran-obras-de-infraestructura-urbana-y-seguridad-en-el-oriente-de-tlalnepantla","status":"publish","type":"post","link":"https:\/\/agencia.252.com.mx\/home\/inauguran-obras-de-infraestructura-urbana-y-seguridad-en-el-oriente-de-tlalnepantla\/","title":{"rendered":"Inauguran obras de infraestructura urbana y seguridad en el oriente de Tlalnepantla\u00a0"},"content":{"rendered":"<p>Visitas: 5<\/p>\n<ul class=\"wp-block-list\">\n<li><em>Raciel P\u00e9rez inaugur\u00f3 la rehabilitaci\u00f3n de los andadores Club Alpino Adamante y Club Alpino Matatenos en L\u00e1zaro C\u00e1rdenas, con una inversi\u00f3n de 5.8 millones de pesos.\u00a0\u00a0<\/em><\/li>\n\n\n\n<li><em>Las intervenciones incluyen la modernizaci\u00f3n de la red de drenaje, instalaci\u00f3n de puntos de monitoreo inteligente y recuperaci\u00f3n de espacios p\u00fablicos.\u00a0<\/em><\/li>\n<\/ul>\n\n\n\n<p>Juan Ignacio Corro&nbsp;<\/p>\n\n\n\n<p class=\"has-text-align-right\">Tlalnepantla, Estado de M\u00e9xico, a 30 de abril de 2026<\/p>\n\n\n\n<p>El Presidente Municipal, Raciel P\u00e9rez Cruz, encabez\u00f3 la entrega de obras de infraestructura y recuperaci\u00f3n de espacios p\u00fablicos en la comunidad de L\u00e1zaro C\u00e1rdenas, en donde se reafirm\u00f3 que la transformaci\u00f3n de Tlalnepantla se construye desde las calles con hogares llenos de esperanza y progreso.<\/p>\n\n\n\n<p>&nbsp;Acompa\u00f1ado por vecinos el acalde destac\u00f3 que estas acciones buscan cerrar las brechas de desigualdad y fortalecer la seguridad ciudadana.&nbsp;&nbsp;<\/p>\n\n\n\n<p>Durante la inauguraci\u00f3n del Andador Club Alpino Adamante, cuya inversi\u00f3n ascendi\u00f3 a 5 millones 152 mil 800 pesos, Raciel P\u00e9rez Cruz detall\u00f3 que la intervenci\u00f3n consisti\u00f3 en la rehabilitaci\u00f3n de 127 metros lineales que ahora cuentan con una red de drenaje sanitario renovada, nuevas escaleras de concreto y barandales de protecci\u00f3n.&nbsp;<\/p>\n\n\n\n<figure class=\"wp-block-image alignright size-medium\"><img fetchpriority=\"high\" decoding=\"async\" width=\"300\" height=\"200\" src=\"https:\/\/agencia.252.com.mx\/wp-content\/uploads\/2026\/04\/WhatsApp-Image-2026-04-29-at-3.29.28-PM-300x200.jpeg\" alt=\"\" class=\"wp-image-18893\" srcset=\"https:\/\/agencia.252.com.mx\/wp-content\/uploads\/2026\/04\/WhatsApp-Image-2026-04-29-at-3.29.28-PM-300x200.jpeg 300w, https:\/\/agencia.252.com.mx\/wp-content\/uploads\/2026\/04\/WhatsApp-Image-2026-04-29-at-3.29.28-PM-1024x683.jpeg 1024w, https:\/\/agencia.252.com.mx\/wp-content\/uploads\/2026\/04\/WhatsApp-Image-2026-04-29-at-3.29.28-PM-768x512.jpeg 768w, https:\/\/agencia.252.com.mx\/wp-content\/uploads\/2026\/04\/WhatsApp-Image-2026-04-29-at-3.29.28-PM.jpeg 1280w\" sizes=\"(max-width: 300px) 100vw, 300px\" \/><\/figure>\n\n\n\n<p>\u201cNo solo estamos mejorando la movilidad, estamos instalando tecnolog\u00eda para su tranquilidad\u201d, puntualiz\u00f3 el edil al referirse a las dos estaciones de p\u00e1nico y los dos puntos de monitoreo inteligente que se incorporaron al andador.&nbsp;<\/p>\n\n\n\n<p>Asimismo, el Presidente Municipal recorri\u00f3 el renovado Andador Club Alpino Matatenos, donde se destinaron 739 mil 83 pesos para el mejoramiento de 90 metros lineales.&nbsp;<\/p>\n\n\n\n<p>En este punto, Raciel P\u00e9rez Cruz resalt\u00f3 el valor de la pintura aplicada en muros y peraltes, la cual devuelve la dignidad al entorno urbano, complementada con la instalaci\u00f3n de luminarias LED, \u00e1reas de jardineras y ejercitadores para el uso de toda la comunidad.&nbsp;&nbsp;<\/p>\n\n\n\n<p>Con estas obras, la administraci\u00f3n encabezada por Raciel P\u00e9rez Cruz consolida una pol\u00edtica de justicia social en Tlalnepantla, con prioridad en obras de alto impacto que combinan la funcionalidad t\u00e9cnica con la seguridad preventiva para el bienestar de las y los habitantes<\/p>\n","protected":false},"excerpt":{"rendered":"<p>Visitas: 5 Juan Ignacio Corro&nbsp; Tlalnepantla, Estado de M\u00e9xico, a 30 de abril de 2026 El Presidente Municipal, Raciel P\u00e9rez Cruz, encabez\u00f3 la entrega de obras de infraestructura y recuperaci\u00f3n de espacios p\u00fablicos en la comunidad de L\u00e1zaro C\u00e1rdenas, en donde se reafirm\u00f3 que la transformaci\u00f3n de Tlalnepantla se construye desde las calles con hogares [&hellip;]<\/p>\n","protected":false},"author":5,"featured_media":18892,"comment_status":"open","ping_status":"open","sticky":false,"template":"","format":"standard","meta":{"site-sidebar-layout":"default","site-content-layout":"","ast-site-content-layout":"default","site-content-style":"default","site-sidebar-style":"default","ast-global-header-display":"","ast-banner-title-visibility":"","ast-main-header-display":"","ast-hfb-above-header-display":"","ast-hfb-below-header-display":"","ast-hfb-mobile-header-display":"","site-post-title":"","ast-breadcrumbs-content":"","ast-featured-img":"","footer-sml-layout":"","ast-disable-related-posts":"","theme-transparent-header-meta":"","adv-header-id-meta":"","stick-header-meta":"","header-above-stick-meta":"","header-main-stick-meta":"","header-below-stick-meta":"","astra-migrate-meta-layouts":"set","ast-page-background-enabled":"default","ast-page-background-meta":{"desktop":{"background-color":"var(--ast-global-color-4)","background-image":"","background-repeat":"repeat","background-position":"center center","background-size":"auto","background-attachment":"scroll","background-type":"","background-media":"","overlay-type":"","overlay-color":"","overlay-opacity":"","overlay-gradient":""},"tablet":{"background-color":"","background-image":"","background-repeat":"repeat","background-position":"center center","background-size":"auto","background-attachment":"scroll","background-type":"","background-media":"","overlay-type":"","overlay-color":"","overlay-opacity":"","overlay-gradient":""},"mobile":{"background-color":"","background-image":"","background-repeat":"repeat","background-position":"center center","background-size":"auto","background-attachment":"scroll","background-type":"","background-media":"","overlay-type":"","overlay-color":"","overlay-opacity":"","overlay-gradient":""}},"ast-content-background-meta":{"desktop":{"background-color":"var(--ast-global-color-5)","background-image":"","background-repeat":"repeat","background-position":"center center","background-size":"auto","background-attachment":"scroll","background-type":"","background-media":"","overlay-type":"","overlay-color":"","overlay-opacity":"","overlay-gradient":""},"tablet":{"background-color":"var(--ast-global-color-5)","background-image":"","background-repeat":"repeat","background-position":"center center","background-size":"auto","background-attachment":"scroll","background-type":"","background-media":"","overlay-type":"","overlay-color":"","overlay-opacity":"","overlay-gradient":""},"mobile":{"background-color":"var(--ast-global-color-5)","background-image":"","background-repeat":"repeat","background-position":"center center","background-size":"auto","background-attachment":"scroll","background-type":"","background-media":"","overlay-type":"","overlay-color":"","overlay-opacity":"","overlay-gradient":""}},"footnotes":""},"categories":[8,512,56],"tags":[526],"class_list":["post-18891","post","type-post","status-publish","format-standard","has-post-thumbnail","hentry","category-edomex","category-metropoli","category-tlalnepantla","tag-edomex"],"yoast_head":"<!-- This site is optimized with the Yoast SEO plugin v27.4 - https:\/\/yoast.com\/product\/yoast-seo-wordpress\/ -->\n<title>Inauguran obras de infraestructura urbana y seguridad en el oriente de Tlalnepantla\u00a0 - Agencia252<\/title>\n<meta name=\"robots\" content=\"index, follow, max-snippet:-1, max-image-preview:large, max-video-preview:-1\" \/>\n<link rel=\"canonical\" href=\"https:\/\/agencia.252.com.mx\/home\/inauguran-obras-de-infraestructura-urbana-y-seguridad-en-el-oriente-de-tlalnepantla\/\" \/>\n<meta property=\"og:locale\" content=\"es_ES\" \/>\n<meta property=\"og:type\" content=\"article\" \/>\n<meta property=\"og:title\" content=\"Inauguran obras de infraestructura urbana y seguridad en el oriente de Tlalnepantla\u00a0 - Agencia252\" \/>\n<meta property=\"og:description\" content=\"Visitas: 5 Juan Ignacio Corro&nbsp; Tlalnepantla, Estado de M\u00e9xico, a 30 de abril de 2026 El Presidente Municipal, Raciel P\u00e9rez Cruz, encabez\u00f3 la entrega de obras de infraestructura y recuperaci\u00f3n de espacios p\u00fablicos en la comunidad de L\u00e1zaro C\u00e1rdenas, en donde se reafirm\u00f3 que la transformaci\u00f3n de Tlalnepantla se construye desde las calles con hogares [&hellip;]\" \/>\n<meta property=\"og:url\" content=\"https:\/\/agencia.252.com.mx\/home\/inauguran-obras-de-infraestructura-urbana-y-seguridad-en-el-oriente-de-tlalnepantla\/\" \/>\n<meta property=\"og:site_name\" content=\"Agencia252\" \/>\n<meta property=\"article:publisher\" content=\"https:\/\/www.facebook.com\/252Comunicacion\/\" \/>\n<meta property=\"article:author\" content=\"https:\/\/www.facebook.com\/jcorroherrera\/\" \/>\n<meta property=\"article:published_time\" content=\"2026-04-30T17:57:52+00:00\" \/>\n<meta property=\"article:modified_time\" content=\"2026-04-30T17:57:53+00:00\" \/>\n<meta property=\"og:image\" content=\"http:\/\/agencia.252.com.mx\/wp-content\/uploads\/2026\/04\/WhatsApp-Image-2026-04-29-at-3.29.27-PM.jpeg\" \/>\n\t<meta property=\"og:image:width\" content=\"1280\" \/>\n\t<meta property=\"og:image:height\" content=\"854\" \/>\n\t<meta property=\"og:image:type\" content=\"image\/jpeg\" \/>\n<meta name=\"author\" content=\"Nacho Corro\" \/>\n<meta name=\"twitter:card\" content=\"summary_large_image\" \/>\n<meta name=\"twitter:creator\" content=\"@Juan Ignacio Corro Herrera\" \/>\n<meta name=\"twitter:site\" content=\"@252COMS\" \/>\n<meta name=\"twitter:label1\" content=\"Escrito por\" \/>\n\t<meta name=\"twitter:data1\" content=\"Nacho Corro\" \/>\n\t<meta name=\"twitter:label2\" content=\"Tiempo de lectura\" \/>\n\t<meta name=\"twitter:data2\" content=\"2 minutos\" \/>\n<script type=\"application\/ld+json\" class=\"yoast-schema-graph\">{\"@context\":\"https:\\\/\\\/schema.org\",\"@graph\":[{\"@type\":\"Article\",\"@id\":\"https:\\\/\\\/agencia.252.com.mx\\\/home\\\/inauguran-obras-de-infraestructura-urbana-y-seguridad-en-el-oriente-de-tlalnepantla\\\/#article\",\"isPartOf\":{\"@id\":\"https:\\\/\\\/agencia.252.com.mx\\\/home\\\/inauguran-obras-de-infraestructura-urbana-y-seguridad-en-el-oriente-de-tlalnepantla\\\/\"},\"author\":{\"name\":\"Nacho Corro\",\"@id\":\"https:\\\/\\\/agencia.252.com.mx\\\/home\\\/#\\\/schema\\\/person\\\/6b972021e9a92d45ade8c78d81509098\"},\"headline\":\"Inauguran obras de infraestructura urbana y seguridad en el oriente de Tlalnepantla\u00a0\",\"datePublished\":\"2026-04-30T17:57:52+00:00\",\"dateModified\":\"2026-04-30T17:57:53+00:00\",\"mainEntityOfPage\":{\"@id\":\"https:\\\/\\\/agencia.252.com.mx\\\/home\\\/inauguran-obras-de-infraestructura-urbana-y-seguridad-en-el-oriente-de-tlalnepantla\\\/\"},\"wordCount\":364,\"commentCount\":0,\"publisher\":{\"@id\":\"https:\\\/\\\/agencia.252.com.mx\\\/home\\\/#organization\"},\"image\":{\"@id\":\"https:\\\/\\\/agencia.252.com.mx\\\/home\\\/inauguran-obras-de-infraestructura-urbana-y-seguridad-en-el-oriente-de-tlalnepantla\\\/#primaryimage\"},\"thumbnailUrl\":\"https:\\\/\\\/agencia.252.com.mx\\\/wp-content\\\/uploads\\\/2026\\\/04\\\/WhatsApp-Image-2026-04-29-at-3.29.27-PM.jpeg\",\"keywords\":[\"Edomex\"],\"articleSection\":[\"Edomex\",\"Metropoli\",\"Tlalnepantla\"],\"inLanguage\":\"es\",\"potentialAction\":[{\"@type\":\"CommentAction\",\"name\":\"Comment\",\"target\":[\"https:\\\/\\\/agencia.252.com.mx\\\/home\\\/inauguran-obras-de-infraestructura-urbana-y-seguridad-en-el-oriente-de-tlalnepantla\\\/#respond\"]}]},{\"@type\":\"WebPage\",\"@id\":\"https:\\\/\\\/agencia.252.com.mx\\\/home\\\/inauguran-obras-de-infraestructura-urbana-y-seguridad-en-el-oriente-de-tlalnepantla\\\/\",\"url\":\"https:\\\/\\\/agencia.252.com.mx\\\/home\\\/inauguran-obras-de-infraestructura-urbana-y-seguridad-en-el-oriente-de-tlalnepantla\\\/\",\"name\":\"Inauguran obras de infraestructura urbana y seguridad en el oriente de Tlalnepantla\u00a0 - Agencia252\",\"isPartOf\":{\"@id\":\"https:\\\/\\\/agencia.252.com.mx\\\/home\\\/#website\"},\"primaryImageOfPage\":{\"@id\":\"https:\\\/\\\/agencia.252.com.mx\\\/home\\\/inauguran-obras-de-infraestructura-urbana-y-seguridad-en-el-oriente-de-tlalnepantla\\\/#primaryimage\"},\"image\":{\"@id\":\"https:\\\/\\\/agencia.252.com.mx\\\/home\\\/inauguran-obras-de-infraestructura-urbana-y-seguridad-en-el-oriente-de-tlalnepantla\\\/#primaryimage\"},\"thumbnailUrl\":\"https:\\\/\\\/agencia.252.com.mx\\\/wp-content\\\/uploads\\\/2026\\\/04\\\/WhatsApp-Image-2026-04-29-at-3.29.27-PM.jpeg\",\"datePublished\":\"2026-04-30T17:57:52+00:00\",\"dateModified\":\"2026-04-30T17:57:53+00:00\",\"breadcrumb\":{\"@id\":\"https:\\\/\\\/agencia.252.com.mx\\\/home\\\/inauguran-obras-de-infraestructura-urbana-y-seguridad-en-el-oriente-de-tlalnepantla\\\/#breadcrumb\"},\"inLanguage\":\"es\",\"potentialAction\":[{\"@type\":\"ReadAction\",\"target\":[\"https:\\\/\\\/agencia.252.com.mx\\\/home\\\/inauguran-obras-de-infraestructura-urbana-y-seguridad-en-el-oriente-de-tlalnepantla\\\/\"]}]},{\"@type\":\"ImageObject\",\"inLanguage\":\"es\",\"@id\":\"https:\\\/\\\/agencia.252.com.mx\\\/home\\\/inauguran-obras-de-infraestructura-urbana-y-seguridad-en-el-oriente-de-tlalnepantla\\\/#primaryimage\",\"url\":\"https:\\\/\\\/agencia.252.com.mx\\\/wp-content\\\/uploads\\\/2026\\\/04\\\/WhatsApp-Image-2026-04-29-at-3.29.27-PM.jpeg\",\"contentUrl\":\"https:\\\/\\\/agencia.252.com.mx\\\/wp-content\\\/uploads\\\/2026\\\/04\\\/WhatsApp-Image-2026-04-29-at-3.29.27-PM.jpeg\",\"width\":1280,\"height\":854},{\"@type\":\"BreadcrumbList\",\"@id\":\"https:\\\/\\\/agencia.252.com.mx\\\/home\\\/inauguran-obras-de-infraestructura-urbana-y-seguridad-en-el-oriente-de-tlalnepantla\\\/#breadcrumb\",\"itemListElement\":[{\"@type\":\"ListItem\",\"position\":1,\"name\":\"Portada\",\"item\":\"https:\\\/\\\/agencia.252.com.mx\\\/home\\\/\"},{\"@type\":\"ListItem\",\"position\":2,\"name\":\"Inauguran obras de infraestructura urbana y seguridad en el oriente de Tlalnepantla\u00a0\"}]},{\"@type\":\"WebSite\",\"@id\":\"https:\\\/\\\/agencia.252.com.mx\\\/home\\\/#website\",\"url\":\"https:\\\/\\\/agencia.252.com.mx\\\/home\\\/\",\"name\":\"Agencia252\",\"description\":\"Tu espacio en la Red\",\"publisher\":{\"@id\":\"https:\\\/\\\/agencia.252.com.mx\\\/home\\\/#organization\"},\"potentialAction\":[{\"@type\":\"SearchAction\",\"target\":{\"@type\":\"EntryPoint\",\"urlTemplate\":\"https:\\\/\\\/agencia.252.com.mx\\\/home\\\/?s={search_term_string}\"},\"query-input\":{\"@type\":\"PropertyValueSpecification\",\"valueRequired\":true,\"valueName\":\"search_term_string\"}}],\"inLanguage\":\"es\"},{\"@type\":\"Organization\",\"@id\":\"https:\\\/\\\/agencia.252.com.mx\\\/home\\\/#organization\",\"name\":\"Agencia252\",\"url\":\"https:\\\/\\\/agencia.252.com.mx\\\/home\\\/\",\"logo\":{\"@type\":\"ImageObject\",\"inLanguage\":\"es\",\"@id\":\"https:\\\/\\\/agencia.252.com.mx\\\/home\\\/#\\\/schema\\\/logo\\\/image\\\/\",\"url\":\"https:\\\/\\\/agencia.252.com.mx\\\/wp-content\\\/uploads\\\/2023\\\/02\\\/cropped-ciruclo-agencia-e1677562404136.png\",\"contentUrl\":\"https:\\\/\\\/agencia.252.com.mx\\\/wp-content\\\/uploads\\\/2023\\\/02\\\/cropped-ciruclo-agencia-e1677562404136.png\",\"width\":512,\"height\":512,\"caption\":\"Agencia252\"},\"image\":{\"@id\":\"https:\\\/\\\/agencia.252.com.mx\\\/home\\\/#\\\/schema\\\/logo\\\/image\\\/\"},\"sameAs\":[\"https:\\\/\\\/www.facebook.com\\\/252Comunicacion\\\/\",\"https:\\\/\\\/x.com\\\/252COMS\"]},{\"@type\":\"Person\",\"@id\":\"https:\\\/\\\/agencia.252.com.mx\\\/home\\\/#\\\/schema\\\/person\\\/6b972021e9a92d45ade8c78d81509098\",\"name\":\"Nacho Corro\",\"image\":{\"@type\":\"ImageObject\",\"inLanguage\":\"es\",\"@id\":\"https:\\\/\\\/secure.gravatar.com\\\/avatar\\\/5db6df507cfe1307e192fbb498c6b85f1cf2ffd8b4cd37141b9eea588fcbd5a4?s=96&r=g\",\"url\":\"https:\\\/\\\/secure.gravatar.com\\\/avatar\\\/5db6df507cfe1307e192fbb498c6b85f1cf2ffd8b4cd37141b9eea588fcbd5a4?s=96&r=g\",\"contentUrl\":\"https:\\\/\\\/secure.gravatar.com\\\/avatar\\\/5db6df507cfe1307e192fbb498c6b85f1cf2ffd8b4cd37141b9eea588fcbd5a4?s=96&r=g\",\"caption\":\"Nacho Corro\"},\"description\":\"Comunicador Social, Periodista y Administraci\u00f3n P\u00fablica. Conversador pol\u00edtico, temas electorales y seguridad. Generador de contenidos digitales. Amante de la fotograf\u00eda\",\"sameAs\":[\"https:\\\/\\\/www.facebook.com\\\/jcorroherrera\\\/\",\"www.instagram.com\\\/nachocorro\\\/\",\"https:\\\/\\\/x.com\\\/Juan Ignacio Corro Herrera\"],\"url\":\"https:\\\/\\\/agencia.252.com.mx\\\/home\\\/author\\\/i-corro\\\/\"}]}<\/script>\n<!-- \/ Yoast SEO plugin. -->","yoast_head_json":{"title":"Inauguran obras de infraestructura urbana y seguridad en el oriente de Tlalnepantla\u00a0 - Agencia252","robots":{"index":"index","follow":"follow","max-snippet":"max-snippet:-1","max-image-preview":"max-image-preview:large","max-video-preview":"max-video-preview:-1"},"canonical":"https:\/\/agencia.252.com.mx\/home\/inauguran-obras-de-infraestructura-urbana-y-seguridad-en-el-oriente-de-tlalnepantla\/","og_locale":"es_ES","og_type":"article","og_title":"Inauguran obras de infraestructura urbana y seguridad en el oriente de Tlalnepantla\u00a0 - Agencia252","og_description":"Visitas: 5 Juan Ignacio Corro&nbsp; Tlalnepantla, Estado de M\u00e9xico, a 30 de abril de 2026 El Presidente Municipal, Raciel P\u00e9rez Cruz, encabez\u00f3 la entrega de obras de infraestructura y recuperaci\u00f3n de espacios p\u00fablicos en la comunidad de L\u00e1zaro C\u00e1rdenas, en donde se reafirm\u00f3 que la transformaci\u00f3n de Tlalnepantla se construye desde las calles con hogares [&hellip;]","og_url":"https:\/\/agencia.252.com.mx\/home\/inauguran-obras-de-infraestructura-urbana-y-seguridad-en-el-oriente-de-tlalnepantla\/","og_site_name":"Agencia252","article_publisher":"https:\/\/www.facebook.com\/252Comunicacion\/","article_author":"https:\/\/www.facebook.com\/jcorroherrera\/","article_published_time":"2026-04-30T17:57:52+00:00","article_modified_time":"2026-04-30T17:57:53+00:00","og_image":[{"width":1280,"height":854,"url":"http:\/\/agencia.252.com.mx\/wp-content\/uploads\/2026\/04\/WhatsApp-Image-2026-04-29-at-3.29.27-PM.jpeg","type":"image\/jpeg"}],"author":"Nacho Corro","twitter_card":"summary_large_image","twitter_creator":"@Juan Ignacio Corro Herrera","twitter_site":"@252COMS","twitter_misc":{"Escrito por":"Nacho Corro","Tiempo de lectura":"2 minutos"},"schema":{"@context":"https:\/\/schema.org","@graph":[{"@type":"Article","@id":"https:\/\/agencia.252.com.mx\/home\/inauguran-obras-de-infraestructura-urbana-y-seguridad-en-el-oriente-de-tlalnepantla\/#article","isPartOf":{"@id":"https:\/\/agencia.252.com.mx\/home\/inauguran-obras-de-infraestructura-urbana-y-seguridad-en-el-oriente-de-tlalnepantla\/"},"author":{"name":"Nacho Corro","@id":"https:\/\/agencia.252.com.mx\/home\/#\/schema\/person\/6b972021e9a92d45ade8c78d81509098"},"headline":"Inauguran obras de infraestructura urbana y seguridad en el oriente de Tlalnepantla\u00a0","datePublished":"2026-04-30T17:57:52+00:00","dateModified":"2026-04-30T17:57:53+00:00","mainEntityOfPage":{"@id":"https:\/\/agencia.252.com.mx\/home\/inauguran-obras-de-infraestructura-urbana-y-seguridad-en-el-oriente-de-tlalnepantla\/"},"wordCount":364,"commentCount":0,"publisher":{"@id":"https:\/\/agencia.252.com.mx\/home\/#organization"},"image":{"@id":"https:\/\/agencia.252.com.mx\/home\/inauguran-obras-de-infraestructura-urbana-y-seguridad-en-el-oriente-de-tlalnepantla\/#primaryimage"},"thumbnailUrl":"https:\/\/agencia.252.com.mx\/wp-content\/uploads\/2026\/04\/WhatsApp-Image-2026-04-29-at-3.29.27-PM.jpeg","keywords":["Edomex"],"articleSection":["Edomex","Metropoli","Tlalnepantla"],"inLanguage":"es","potentialAction":[{"@type":"CommentAction","name":"Comment","target":["https:\/\/agencia.252.com.mx\/home\/inauguran-obras-de-infraestructura-urbana-y-seguridad-en-el-oriente-de-tlalnepantla\/#respond"]}]},{"@type":"WebPage","@id":"https:\/\/agencia.252.com.mx\/home\/inauguran-obras-de-infraestructura-urbana-y-seguridad-en-el-oriente-de-tlalnepantla\/","url":"https:\/\/agencia.252.com.mx\/home\/inauguran-obras-de-infraestructura-urbana-y-seguridad-en-el-oriente-de-tlalnepantla\/","name":"Inauguran obras de infraestructura urbana y seguridad en el oriente de Tlalnepantla\u00a0 - Agencia252","isPartOf":{"@id":"https:\/\/agencia.252.com.mx\/home\/#website"},"primaryImageOfPage":{"@id":"https:\/\/agencia.252.com.mx\/home\/inauguran-obras-de-infraestructura-urbana-y-seguridad-en-el-oriente-de-tlalnepantla\/#primaryimage"},"image":{"@id":"https:\/\/agencia.252.com.mx\/home\/inauguran-obras-de-infraestructura-urbana-y-seguridad-en-el-oriente-de-tlalnepantla\/#primaryimage"},"thumbnailUrl":"https:\/\/agencia.252.com.mx\/wp-content\/uploads\/2026\/04\/WhatsApp-Image-2026-04-29-at-3.29.27-PM.jpeg","datePublished":"2026-04-30T17:57:52+00:00","dateModified":"2026-04-30T17:57:53+00:00","breadcrumb":{"@id":"https:\/\/agencia.252.com.mx\/home\/inauguran-obras-de-infraestructura-urbana-y-seguridad-en-el-oriente-de-tlalnepantla\/#breadcrumb"},"inLanguage":"es","potentialAction":[{"@type":"ReadAction","target":["https:\/\/agencia.252.com.mx\/home\/inauguran-obras-de-infraestructura-urbana-y-seguridad-en-el-oriente-de-tlalnepantla\/"]}]},{"@type":"ImageObject","inLanguage":"es","@id":"https:\/\/agencia.252.com.mx\/home\/inauguran-obras-de-infraestructura-urbana-y-seguridad-en-el-oriente-de-tlalnepantla\/#primaryimage","url":"https:\/\/agencia.252.com.mx\/wp-content\/uploads\/2026\/04\/WhatsApp-Image-2026-04-29-at-3.29.27-PM.jpeg","contentUrl":"https:\/\/agencia.252.com.mx\/wp-content\/uploads\/2026\/04\/WhatsApp-Image-2026-04-29-at-3.29.27-PM.jpeg","width":1280,"height":854},{"@type":"BreadcrumbList","@id":"https:\/\/agencia.252.com.mx\/home\/inauguran-obras-de-infraestructura-urbana-y-seguridad-en-el-oriente-de-tlalnepantla\/#breadcrumb","itemListElement":[{"@type":"ListItem","position":1,"name":"Portada","item":"https:\/\/agencia.252.com.mx\/home\/"},{"@type":"ListItem","position":2,"name":"Inauguran obras de infraestructura urbana y seguridad en el oriente de Tlalnepantla\u00a0"}]},{"@type":"WebSite","@id":"https:\/\/agencia.252.com.mx\/home\/#website","url":"https:\/\/agencia.252.com.mx\/home\/","name":"Agencia252","description":"Tu espacio en la Red","publisher":{"@id":"https:\/\/agencia.252.com.mx\/home\/#organization"},"potentialAction":[{"@type":"SearchAction","target":{"@type":"EntryPoint","urlTemplate":"https:\/\/agencia.252.com.mx\/home\/?s={search_term_string}"},"query-input":{"@type":"PropertyValueSpecification","valueRequired":true,"valueName":"search_term_string"}}],"inLanguage":"es"},{"@type":"Organization","@id":"https:\/\/agencia.252.com.mx\/home\/#organization","name":"Agencia252","url":"https:\/\/agencia.252.com.mx\/home\/","logo":{"@type":"ImageObject","inLanguage":"es","@id":"https:\/\/agencia.252.com.mx\/home\/#\/schema\/logo\/image\/","url":"https:\/\/agencia.252.com.mx\/wp-content\/uploads\/2023\/02\/cropped-ciruclo-agencia-e1677562404136.png","contentUrl":"https:\/\/agencia.252.com.mx\/wp-content\/uploads\/2023\/02\/cropped-ciruclo-agencia-e1677562404136.png","width":512,"height":512,"caption":"Agencia252"},"image":{"@id":"https:\/\/agencia.252.com.mx\/home\/#\/schema\/logo\/image\/"},"sameAs":["https:\/\/www.facebook.com\/252Comunicacion\/","https:\/\/x.com\/252COMS"]},{"@type":"Person","@id":"https:\/\/agencia.252.com.mx\/home\/#\/schema\/person\/6b972021e9a92d45ade8c78d81509098","name":"Nacho Corro","image":{"@type":"ImageObject","inLanguage":"es","@id":"https:\/\/secure.gravatar.com\/avatar\/5db6df507cfe1307e192fbb498c6b85f1cf2ffd8b4cd37141b9eea588fcbd5a4?s=96&r=g","url":"https:\/\/secure.gravatar.com\/avatar\/5db6df507cfe1307e192fbb498c6b85f1cf2ffd8b4cd37141b9eea588fcbd5a4?s=96&r=g","contentUrl":"https:\/\/secure.gravatar.com\/avatar\/5db6df507cfe1307e192fbb498c6b85f1cf2ffd8b4cd37141b9eea588fcbd5a4?s=96&r=g","caption":"Nacho Corro"},"description":"Comunicador Social, Periodista y Administraci\u00f3n P\u00fablica. Conversador pol\u00edtico, temas electorales y seguridad. Generador de contenidos digitales. Amante de la fotograf\u00eda","sameAs":["https:\/\/www.facebook.com\/jcorroherrera\/","www.instagram.com\/nachocorro\/","https:\/\/x.com\/Juan Ignacio Corro Herrera"],"url":"https:\/\/agencia.252.com.mx\/home\/author\/i-corro\/"}]}},"_links":{"self":[{"href":"https:\/\/agencia.252.com.mx\/home\/wp-json\/wp\/v2\/posts\/18891","targetHints":{"allow":["GET"]}}],"collection":[{"href":"https:\/\/agencia.252.com.mx\/home\/wp-json\/wp\/v2\/posts"}],"about":[{"href":"https:\/\/agencia.252.com.mx\/home\/wp-json\/wp\/v2\/types\/post"}],"author":[{"embeddable":true,"href":"https:\/\/agencia.252.com.mx\/home\/wp-json\/wp\/v2\/users\/5"}],"replies":[{"embeddable":true,"href":"https:\/\/agencia.252.com.mx\/home\/wp-json\/wp\/v2\/comments?post=18891"}],"version-history":[{"count":1,"href":"https:\/\/agencia.252.com.mx\/home\/wp-json\/wp\/v2\/posts\/18891\/revisions"}],"predecessor-version":[{"id":18894,"href":"https:\/\/agencia.252.com.mx\/home\/wp-json\/wp\/v2\/posts\/18891\/revisions\/18894"}],"wp:featuredmedia":[{"embeddable":true,"href":"https:\/\/agencia.252.com.mx\/home\/wp-json\/wp\/v2\/media\/18892"}],"wp:attachment":[{"href":"https:\/\/agencia.252.com.mx\/home\/wp-json\/wp\/v2\/media?parent=18891"}],"wp:term":[{"taxonomy":"category","embeddable":true,"href":"https:\/\/agencia.252.com.mx\/home\/wp-json\/wp\/v2\/categories?post=18891"},{"taxonomy":"post_tag","embeddable":true,"href":"https:\/\/agencia.252.com.mx\/home\/wp-json\/wp\/v2\/tags?post=18891"}],"curies":[{"name":"wp","href":"https:\/\/api.w.org\/{rel}","templated":true}]}}