{"id":18887,"date":"2026-04-29T20:54:05","date_gmt":"2026-04-30T02:54:05","guid":{"rendered":"https:\/\/agencia.252.com.mx\/home\/?p=18887"},"modified":"2026-04-29T20:54:41","modified_gmt":"2026-04-30T02:54:41","slug":"revelan-que-marzo-fue-el-mes-menos-violento-en-cuautitlan-izcalli-en-los-ultimos-11-anos","status":"publish","type":"post","link":"https:\/\/agencia.252.com.mx\/home\/revelan-que-marzo-fue-el-mes-menos-violento-en-cuautitlan-izcalli-en-los-ultimos-11-anos\/","title":{"rendered":"Revelan que marzo fue el mes menos violento en Cuautitl\u00e1n Izcalli en los \u00faltimos 11 a\u00f1os\u00a0"},"content":{"rendered":"<p>Visitas: 8<\/p>\n<ul class=\"wp-block-list\">\n<li><em>Algunos de los delitos que han mostrado un comportamiento a la baja son las lesiones dolosas, de 167 a 120; el robo en transporte, de 116 a 97 incidentes<\/em><\/li>\n<\/ul>\n\n\n\n<p>Juan Ignacio Corro&nbsp;<\/p>\n\n\n\n<p class=\"has-text-align-right\">Cuautitl\u00e1n Izcalli, Estado de M\u00e9xico, a 29 de abril de 2026<\/p>\n\n\n\n<p>El alcalde Daniel Serrano, dio cuenta de la reducci\u00f3n sostenida en la incidencia delictiva en el territorio municipal, lo cual convierte a marzo del 2026 en el mes menos violento en los \u00faltimos 11 a\u00f1os, de acuerdo a cifras oficiales del Secretariado Ejecutivo del Sistema Nacional de Seguridad P\u00fablica.&nbsp;<\/p>\n\n\n\n<p>De acuerdo con la estad\u00edstica oficial nacional, Cuautitl\u00e1n Izcalli registr\u00f3 1,210 eventos delictivos generales durante marzo del 2026, frente al mismo mes del a\u00f1o inmediato anterior se tuvo una disminuci\u00f3n de 122 delitos. En el caso de delitos de alto impacto, se redujo de 670 incidentes a 517 en el tercer mes del presente a\u00f1o.&nbsp;<\/p>\n\n\n\n<p>El presidente municipal detall\u00f3 el \u00edndice delictivo general a\u00f1o con a\u00f1o: \u201cEn 2023, marzo tuvo una incidencia de 1,439 delitos, 2024 con 1,365 y 2025 con 1,332, mientras que en marzo del 2026 redujimos en 16%, con 1,210 eventos, lo cual es una disminuci\u00f3n sostenida\u201d.&nbsp;<\/p>\n\n\n\n<p>Cuautitl\u00e1n Izcalli tuvo, en suma, el mes menos violento de los \u00faltimos 11 a\u00f1os, cuando registr\u00f3 1,267 delitos en el a\u00f1o 2015 para luego incrementar la tendencia hacia el a\u00f1o 2016 y encontrar su pico en el a\u00f1o 2022, con 1,672 eventos en detrimento de la ciudadan\u00eda del municipio.<\/p>\n\n\n\n<p>Algunos de los delitos que han mostrado un comportamiento a la baja son las lesiones dolosas, de 167 a 120; el robo en transporte, de 116 a 97 incidentes; el robo a negocio, de 88 a 69 y el homicidio doloso de 11 a 3 lamentables agresiones. Estos indicadores se enmarcan en los delitos considerados de alto impacto, que mostraron una reducci\u00f3n del 23% en el periodo analizado.&nbsp;<\/p>\n\n\n\n<p>La reducci\u00f3n del 9% en la incidencia delictiva general, entre marzo del 2026 y el mismo mes del 2025, demuestra la efectividad de las pol\u00edticas implementadas por el Gobierno Municipal de Cuautitl\u00e1n Izcalli, en estrecha colaboraci\u00f3n con el Gobierno del Estado de M\u00e9xico y la Federaci\u00f3n, as\u00ed como con la Fiscal\u00eda Estatal a trav\u00e9s de las Mesas de P&nbsp;<\/p>\n","protected":false},"excerpt":{"rendered":"<p>Visitas: 8 Juan Ignacio Corro&nbsp; Cuautitl\u00e1n Izcalli, Estado de M\u00e9xico, a 29 de abril de 2026 El alcalde Daniel Serrano, dio cuenta de la reducci\u00f3n sostenida en la incidencia delictiva en el territorio municipal, lo cual convierte a marzo del 2026 en el mes menos violento en los \u00faltimos 11 a\u00f1os, de acuerdo a cifras [&hellip;]<\/p>\n","protected":false},"author":5,"featured_media":18888,"comment_status":"open","ping_status":"open","sticky":false,"template":"","format":"standard","meta":{"site-sidebar-layout":"default","site-content-layout":"","ast-site-content-layout":"default","site-content-style":"default","site-sidebar-style":"default","ast-global-header-display":"","ast-banner-title-visibility":"","ast-main-header-display":"","ast-hfb-above-header-display":"","ast-hfb-below-header-display":"","ast-hfb-mobile-header-display":"","site-post-title":"","ast-breadcrumbs-content":"","ast-featured-img":"","footer-sml-layout":"","ast-disable-related-posts":"","theme-transparent-header-meta":"","adv-header-id-meta":"","stick-header-meta":"","header-above-stick-meta":"","header-main-stick-meta":"","header-below-stick-meta":"","astra-migrate-meta-layouts":"set","ast-page-background-enabled":"default","ast-page-background-meta":{"desktop":{"background-color":"var(--ast-global-color-4)","background-image":"","background-repeat":"repeat","background-position":"center center","background-size":"auto","background-attachment":"scroll","background-type":"","background-media":"","overlay-type":"","overlay-color":"","overlay-opacity":"","overlay-gradient":""},"tablet":{"background-color":"","background-image":"","background-repeat":"repeat","background-position":"center center","background-size":"auto","background-attachment":"scroll","background-type":"","background-media":"","overlay-type":"","overlay-color":"","overlay-opacity":"","overlay-gradient":""},"mobile":{"background-color":"","background-image":"","background-repeat":"repeat","background-position":"center center","background-size":"auto","background-attachment":"scroll","background-type":"","background-media":"","overlay-type":"","overlay-color":"","overlay-opacity":"","overlay-gradient":""}},"ast-content-background-meta":{"desktop":{"background-color":"var(--ast-global-color-5)","background-image":"","background-repeat":"repeat","background-position":"center center","background-size":"auto","background-attachment":"scroll","background-type":"","background-media":"","overlay-type":"","overlay-color":"","overlay-opacity":"","overlay-gradient":""},"tablet":{"background-color":"var(--ast-global-color-5)","background-image":"","background-repeat":"repeat","background-position":"center center","background-size":"auto","background-attachment":"scroll","background-type":"","background-media":"","overlay-type":"","overlay-color":"","overlay-opacity":"","overlay-gradient":""},"mobile":{"background-color":"var(--ast-global-color-5)","background-image":"","background-repeat":"repeat","background-position":"center center","background-size":"auto","background-attachment":"scroll","background-type":"","background-media":"","overlay-type":"","overlay-color":"","overlay-opacity":"","overlay-gradient":""}},"footnotes":""},"categories":[324,8,512],"tags":[526],"class_list":["post-18887","post","type-post","status-publish","format-standard","has-post-thumbnail","hentry","category-cuautitlan-izcalli","category-edomex","category-metropoli","tag-edomex"],"yoast_head":"<!-- This site is optimized with the Yoast SEO plugin v27.4 - https:\/\/yoast.com\/product\/yoast-seo-wordpress\/ -->\n<title>Revelan que marzo fue el mes menos violento en Cuautitl\u00e1n Izcalli en los \u00faltimos 11 a\u00f1os\u00a0 - Agencia252<\/title>\n<meta name=\"robots\" content=\"index, follow, max-snippet:-1, max-image-preview:large, max-video-preview:-1\" \/>\n<link rel=\"canonical\" href=\"https:\/\/agencia.252.com.mx\/home\/revelan-que-marzo-fue-el-mes-menos-violento-en-cuautitlan-izcalli-en-los-ultimos-11-anos\/\" \/>\n<meta property=\"og:locale\" content=\"es_ES\" \/>\n<meta property=\"og:type\" content=\"article\" \/>\n<meta property=\"og:title\" content=\"Revelan que marzo fue el mes menos violento en Cuautitl\u00e1n Izcalli en los \u00faltimos 11 a\u00f1os\u00a0 - Agencia252\" \/>\n<meta property=\"og:description\" content=\"Visitas: 8 Juan Ignacio Corro&nbsp; Cuautitl\u00e1n Izcalli, Estado de M\u00e9xico, a 29 de abril de 2026 El alcalde Daniel Serrano, dio cuenta de la reducci\u00f3n sostenida en la incidencia delictiva en el territorio municipal, lo cual convierte a marzo del 2026 en el mes menos violento en los \u00faltimos 11 a\u00f1os, de acuerdo a cifras [&hellip;]\" \/>\n<meta property=\"og:url\" content=\"https:\/\/agencia.252.com.mx\/home\/revelan-que-marzo-fue-el-mes-menos-violento-en-cuautitlan-izcalli-en-los-ultimos-11-anos\/\" \/>\n<meta property=\"og:site_name\" content=\"Agencia252\" \/>\n<meta property=\"article:publisher\" content=\"https:\/\/www.facebook.com\/252Comunicacion\/\" \/>\n<meta property=\"article:author\" content=\"https:\/\/www.facebook.com\/jcorroherrera\/\" \/>\n<meta property=\"article:published_time\" content=\"2026-04-30T02:54:05+00:00\" \/>\n<meta property=\"article:modified_time\" content=\"2026-04-30T02:54:41+00:00\" \/>\n<meta property=\"og:image\" content=\"http:\/\/agencia.252.com.mx\/wp-content\/uploads\/2026\/04\/WhatsApp-Image-2026-04-29-at-11.02.23-AM-2.jpeg\" \/>\n\t<meta property=\"og:image:width\" content=\"1280\" \/>\n\t<meta property=\"og:image:height\" content=\"854\" \/>\n\t<meta property=\"og:image:type\" content=\"image\/jpeg\" \/>\n<meta name=\"author\" content=\"Nacho Corro\" \/>\n<meta name=\"twitter:card\" content=\"summary_large_image\" \/>\n<meta name=\"twitter:creator\" content=\"@Juan Ignacio Corro Herrera\" \/>\n<meta name=\"twitter:site\" content=\"@252COMS\" \/>\n<meta name=\"twitter:label1\" content=\"Escrito por\" \/>\n\t<meta name=\"twitter:data1\" content=\"Nacho Corro\" \/>\n\t<meta name=\"twitter:label2\" content=\"Tiempo de lectura\" \/>\n\t<meta name=\"twitter:data2\" content=\"2 minutos\" \/>\n<script type=\"application\/ld+json\" class=\"yoast-schema-graph\">{\"@context\":\"https:\\\/\\\/schema.org\",\"@graph\":[{\"@type\":\"Article\",\"@id\":\"https:\\\/\\\/agencia.252.com.mx\\\/home\\\/revelan-que-marzo-fue-el-mes-menos-violento-en-cuautitlan-izcalli-en-los-ultimos-11-anos\\\/#article\",\"isPartOf\":{\"@id\":\"https:\\\/\\\/agencia.252.com.mx\\\/home\\\/revelan-que-marzo-fue-el-mes-menos-violento-en-cuautitlan-izcalli-en-los-ultimos-11-anos\\\/\"},\"author\":{\"name\":\"Nacho Corro\",\"@id\":\"https:\\\/\\\/agencia.252.com.mx\\\/home\\\/#\\\/schema\\\/person\\\/6b972021e9a92d45ade8c78d81509098\"},\"headline\":\"Revelan que marzo fue el mes menos violento en Cuautitl\u00e1n Izcalli en los \u00faltimos 11 a\u00f1os\u00a0\",\"datePublished\":\"2026-04-30T02:54:05+00:00\",\"dateModified\":\"2026-04-30T02:54:41+00:00\",\"mainEntityOfPage\":{\"@id\":\"https:\\\/\\\/agencia.252.com.mx\\\/home\\\/revelan-que-marzo-fue-el-mes-menos-violento-en-cuautitlan-izcalli-en-los-ultimos-11-anos\\\/\"},\"wordCount\":379,\"commentCount\":0,\"publisher\":{\"@id\":\"https:\\\/\\\/agencia.252.com.mx\\\/home\\\/#organization\"},\"image\":{\"@id\":\"https:\\\/\\\/agencia.252.com.mx\\\/home\\\/revelan-que-marzo-fue-el-mes-menos-violento-en-cuautitlan-izcalli-en-los-ultimos-11-anos\\\/#primaryimage\"},\"thumbnailUrl\":\"https:\\\/\\\/agencia.252.com.mx\\\/wp-content\\\/uploads\\\/2026\\\/04\\\/WhatsApp-Image-2026-04-29-at-11.02.23-AM-2.jpeg\",\"keywords\":[\"Edomex\"],\"articleSection\":[\"Cuautitl\u00e1n Izcalli\",\"Edomex\",\"Metropoli\"],\"inLanguage\":\"es\",\"potentialAction\":[{\"@type\":\"CommentAction\",\"name\":\"Comment\",\"target\":[\"https:\\\/\\\/agencia.252.com.mx\\\/home\\\/revelan-que-marzo-fue-el-mes-menos-violento-en-cuautitlan-izcalli-en-los-ultimos-11-anos\\\/#respond\"]}]},{\"@type\":\"WebPage\",\"@id\":\"https:\\\/\\\/agencia.252.com.mx\\\/home\\\/revelan-que-marzo-fue-el-mes-menos-violento-en-cuautitlan-izcalli-en-los-ultimos-11-anos\\\/\",\"url\":\"https:\\\/\\\/agencia.252.com.mx\\\/home\\\/revelan-que-marzo-fue-el-mes-menos-violento-en-cuautitlan-izcalli-en-los-ultimos-11-anos\\\/\",\"name\":\"Revelan que marzo fue el mes menos violento en Cuautitl\u00e1n Izcalli en los \u00faltimos 11 a\u00f1os\u00a0 - Agencia252\",\"isPartOf\":{\"@id\":\"https:\\\/\\\/agencia.252.com.mx\\\/home\\\/#website\"},\"primaryImageOfPage\":{\"@id\":\"https:\\\/\\\/agencia.252.com.mx\\\/home\\\/revelan-que-marzo-fue-el-mes-menos-violento-en-cuautitlan-izcalli-en-los-ultimos-11-anos\\\/#primaryimage\"},\"image\":{\"@id\":\"https:\\\/\\\/agencia.252.com.mx\\\/home\\\/revelan-que-marzo-fue-el-mes-menos-violento-en-cuautitlan-izcalli-en-los-ultimos-11-anos\\\/#primaryimage\"},\"thumbnailUrl\":\"https:\\\/\\\/agencia.252.com.mx\\\/wp-content\\\/uploads\\\/2026\\\/04\\\/WhatsApp-Image-2026-04-29-at-11.02.23-AM-2.jpeg\",\"datePublished\":\"2026-04-30T02:54:05+00:00\",\"dateModified\":\"2026-04-30T02:54:41+00:00\",\"breadcrumb\":{\"@id\":\"https:\\\/\\\/agencia.252.com.mx\\\/home\\\/revelan-que-marzo-fue-el-mes-menos-violento-en-cuautitlan-izcalli-en-los-ultimos-11-anos\\\/#breadcrumb\"},\"inLanguage\":\"es\",\"potentialAction\":[{\"@type\":\"ReadAction\",\"target\":[\"https:\\\/\\\/agencia.252.com.mx\\\/home\\\/revelan-que-marzo-fue-el-mes-menos-violento-en-cuautitlan-izcalli-en-los-ultimos-11-anos\\\/\"]}]},{\"@type\":\"ImageObject\",\"inLanguage\":\"es\",\"@id\":\"https:\\\/\\\/agencia.252.com.mx\\\/home\\\/revelan-que-marzo-fue-el-mes-menos-violento-en-cuautitlan-izcalli-en-los-ultimos-11-anos\\\/#primaryimage\",\"url\":\"https:\\\/\\\/agencia.252.com.mx\\\/wp-content\\\/uploads\\\/2026\\\/04\\\/WhatsApp-Image-2026-04-29-at-11.02.23-AM-2.jpeg\",\"contentUrl\":\"https:\\\/\\\/agencia.252.com.mx\\\/wp-content\\\/uploads\\\/2026\\\/04\\\/WhatsApp-Image-2026-04-29-at-11.02.23-AM-2.jpeg\",\"width\":1280,\"height\":854},{\"@type\":\"BreadcrumbList\",\"@id\":\"https:\\\/\\\/agencia.252.com.mx\\\/home\\\/revelan-que-marzo-fue-el-mes-menos-violento-en-cuautitlan-izcalli-en-los-ultimos-11-anos\\\/#breadcrumb\",\"itemListElement\":[{\"@type\":\"ListItem\",\"position\":1,\"name\":\"Portada\",\"item\":\"https:\\\/\\\/agencia.252.com.mx\\\/home\\\/\"},{\"@type\":\"ListItem\",\"position\":2,\"name\":\"Revelan que marzo fue el mes menos violento en Cuautitl\u00e1n Izcalli en los \u00faltimos 11 a\u00f1os\u00a0\"}]},{\"@type\":\"WebSite\",\"@id\":\"https:\\\/\\\/agencia.252.com.mx\\\/home\\\/#website\",\"url\":\"https:\\\/\\\/agencia.252.com.mx\\\/home\\\/\",\"name\":\"Agencia252\",\"description\":\"Tu espacio en la Red\",\"publisher\":{\"@id\":\"https:\\\/\\\/agencia.252.com.mx\\\/home\\\/#organization\"},\"potentialAction\":[{\"@type\":\"SearchAction\",\"target\":{\"@type\":\"EntryPoint\",\"urlTemplate\":\"https:\\\/\\\/agencia.252.com.mx\\\/home\\\/?s={search_term_string}\"},\"query-input\":{\"@type\":\"PropertyValueSpecification\",\"valueRequired\":true,\"valueName\":\"search_term_string\"}}],\"inLanguage\":\"es\"},{\"@type\":\"Organization\",\"@id\":\"https:\\\/\\\/agencia.252.com.mx\\\/home\\\/#organization\",\"name\":\"Agencia252\",\"url\":\"https:\\\/\\\/agencia.252.com.mx\\\/home\\\/\",\"logo\":{\"@type\":\"ImageObject\",\"inLanguage\":\"es\",\"@id\":\"https:\\\/\\\/agencia.252.com.mx\\\/home\\\/#\\\/schema\\\/logo\\\/image\\\/\",\"url\":\"https:\\\/\\\/agencia.252.com.mx\\\/wp-content\\\/uploads\\\/2023\\\/02\\\/cropped-ciruclo-agencia-e1677562404136.png\",\"contentUrl\":\"https:\\\/\\\/agencia.252.com.mx\\\/wp-content\\\/uploads\\\/2023\\\/02\\\/cropped-ciruclo-agencia-e1677562404136.png\",\"width\":512,\"height\":512,\"caption\":\"Agencia252\"},\"image\":{\"@id\":\"https:\\\/\\\/agencia.252.com.mx\\\/home\\\/#\\\/schema\\\/logo\\\/image\\\/\"},\"sameAs\":[\"https:\\\/\\\/www.facebook.com\\\/252Comunicacion\\\/\",\"https:\\\/\\\/x.com\\\/252COMS\"]},{\"@type\":\"Person\",\"@id\":\"https:\\\/\\\/agencia.252.com.mx\\\/home\\\/#\\\/schema\\\/person\\\/6b972021e9a92d45ade8c78d81509098\",\"name\":\"Nacho Corro\",\"image\":{\"@type\":\"ImageObject\",\"inLanguage\":\"es\",\"@id\":\"https:\\\/\\\/secure.gravatar.com\\\/avatar\\\/5db6df507cfe1307e192fbb498c6b85f1cf2ffd8b4cd37141b9eea588fcbd5a4?s=96&r=g\",\"url\":\"https:\\\/\\\/secure.gravatar.com\\\/avatar\\\/5db6df507cfe1307e192fbb498c6b85f1cf2ffd8b4cd37141b9eea588fcbd5a4?s=96&r=g\",\"contentUrl\":\"https:\\\/\\\/secure.gravatar.com\\\/avatar\\\/5db6df507cfe1307e192fbb498c6b85f1cf2ffd8b4cd37141b9eea588fcbd5a4?s=96&r=g\",\"caption\":\"Nacho Corro\"},\"description\":\"Comunicador Social, Periodista y Administraci\u00f3n P\u00fablica. Conversador pol\u00edtico, temas electorales y seguridad. Generador de contenidos digitales. Amante de la fotograf\u00eda\",\"sameAs\":[\"https:\\\/\\\/www.facebook.com\\\/jcorroherrera\\\/\",\"www.instagram.com\\\/nachocorro\\\/\",\"https:\\\/\\\/x.com\\\/Juan Ignacio Corro Herrera\"],\"url\":\"https:\\\/\\\/agencia.252.com.mx\\\/home\\\/author\\\/i-corro\\\/\"}]}<\/script>\n<!-- \/ Yoast SEO plugin. -->","yoast_head_json":{"title":"Revelan que marzo fue el mes menos violento en Cuautitl\u00e1n Izcalli en los \u00faltimos 11 a\u00f1os\u00a0 - Agencia252","robots":{"index":"index","follow":"follow","max-snippet":"max-snippet:-1","max-image-preview":"max-image-preview:large","max-video-preview":"max-video-preview:-1"},"canonical":"https:\/\/agencia.252.com.mx\/home\/revelan-que-marzo-fue-el-mes-menos-violento-en-cuautitlan-izcalli-en-los-ultimos-11-anos\/","og_locale":"es_ES","og_type":"article","og_title":"Revelan que marzo fue el mes menos violento en Cuautitl\u00e1n Izcalli en los \u00faltimos 11 a\u00f1os\u00a0 - Agencia252","og_description":"Visitas: 8 Juan Ignacio Corro&nbsp; Cuautitl\u00e1n Izcalli, Estado de M\u00e9xico, a 29 de abril de 2026 El alcalde Daniel Serrano, dio cuenta de la reducci\u00f3n sostenida en la incidencia delictiva en el territorio municipal, lo cual convierte a marzo del 2026 en el mes menos violento en los \u00faltimos 11 a\u00f1os, de acuerdo a cifras [&hellip;]","og_url":"https:\/\/agencia.252.com.mx\/home\/revelan-que-marzo-fue-el-mes-menos-violento-en-cuautitlan-izcalli-en-los-ultimos-11-anos\/","og_site_name":"Agencia252","article_publisher":"https:\/\/www.facebook.com\/252Comunicacion\/","article_author":"https:\/\/www.facebook.com\/jcorroherrera\/","article_published_time":"2026-04-30T02:54:05+00:00","article_modified_time":"2026-04-30T02:54:41+00:00","og_image":[{"width":1280,"height":854,"url":"http:\/\/agencia.252.com.mx\/wp-content\/uploads\/2026\/04\/WhatsApp-Image-2026-04-29-at-11.02.23-AM-2.jpeg","type":"image\/jpeg"}],"author":"Nacho Corro","twitter_card":"summary_large_image","twitter_creator":"@Juan Ignacio Corro Herrera","twitter_site":"@252COMS","twitter_misc":{"Escrito por":"Nacho Corro","Tiempo de lectura":"2 minutos"},"schema":{"@context":"https:\/\/schema.org","@graph":[{"@type":"Article","@id":"https:\/\/agencia.252.com.mx\/home\/revelan-que-marzo-fue-el-mes-menos-violento-en-cuautitlan-izcalli-en-los-ultimos-11-anos\/#article","isPartOf":{"@id":"https:\/\/agencia.252.com.mx\/home\/revelan-que-marzo-fue-el-mes-menos-violento-en-cuautitlan-izcalli-en-los-ultimos-11-anos\/"},"author":{"name":"Nacho Corro","@id":"https:\/\/agencia.252.com.mx\/home\/#\/schema\/person\/6b972021e9a92d45ade8c78d81509098"},"headline":"Revelan que marzo fue el mes menos violento en Cuautitl\u00e1n Izcalli en los \u00faltimos 11 a\u00f1os\u00a0","datePublished":"2026-04-30T02:54:05+00:00","dateModified":"2026-04-30T02:54:41+00:00","mainEntityOfPage":{"@id":"https:\/\/agencia.252.com.mx\/home\/revelan-que-marzo-fue-el-mes-menos-violento-en-cuautitlan-izcalli-en-los-ultimos-11-anos\/"},"wordCount":379,"commentCount":0,"publisher":{"@id":"https:\/\/agencia.252.com.mx\/home\/#organization"},"image":{"@id":"https:\/\/agencia.252.com.mx\/home\/revelan-que-marzo-fue-el-mes-menos-violento-en-cuautitlan-izcalli-en-los-ultimos-11-anos\/#primaryimage"},"thumbnailUrl":"https:\/\/agencia.252.com.mx\/wp-content\/uploads\/2026\/04\/WhatsApp-Image-2026-04-29-at-11.02.23-AM-2.jpeg","keywords":["Edomex"],"articleSection":["Cuautitl\u00e1n Izcalli","Edomex","Metropoli"],"inLanguage":"es","potentialAction":[{"@type":"CommentAction","name":"Comment","target":["https:\/\/agencia.252.com.mx\/home\/revelan-que-marzo-fue-el-mes-menos-violento-en-cuautitlan-izcalli-en-los-ultimos-11-anos\/#respond"]}]},{"@type":"WebPage","@id":"https:\/\/agencia.252.com.mx\/home\/revelan-que-marzo-fue-el-mes-menos-violento-en-cuautitlan-izcalli-en-los-ultimos-11-anos\/","url":"https:\/\/agencia.252.com.mx\/home\/revelan-que-marzo-fue-el-mes-menos-violento-en-cuautitlan-izcalli-en-los-ultimos-11-anos\/","name":"Revelan que marzo fue el mes menos violento en Cuautitl\u00e1n Izcalli en los \u00faltimos 11 a\u00f1os\u00a0 - Agencia252","isPartOf":{"@id":"https:\/\/agencia.252.com.mx\/home\/#website"},"primaryImageOfPage":{"@id":"https:\/\/agencia.252.com.mx\/home\/revelan-que-marzo-fue-el-mes-menos-violento-en-cuautitlan-izcalli-en-los-ultimos-11-anos\/#primaryimage"},"image":{"@id":"https:\/\/agencia.252.com.mx\/home\/revelan-que-marzo-fue-el-mes-menos-violento-en-cuautitlan-izcalli-en-los-ultimos-11-anos\/#primaryimage"},"thumbnailUrl":"https:\/\/agencia.252.com.mx\/wp-content\/uploads\/2026\/04\/WhatsApp-Image-2026-04-29-at-11.02.23-AM-2.jpeg","datePublished":"2026-04-30T02:54:05+00:00","dateModified":"2026-04-30T02:54:41+00:00","breadcrumb":{"@id":"https:\/\/agencia.252.com.mx\/home\/revelan-que-marzo-fue-el-mes-menos-violento-en-cuautitlan-izcalli-en-los-ultimos-11-anos\/#breadcrumb"},"inLanguage":"es","potentialAction":[{"@type":"ReadAction","target":["https:\/\/agencia.252.com.mx\/home\/revelan-que-marzo-fue-el-mes-menos-violento-en-cuautitlan-izcalli-en-los-ultimos-11-anos\/"]}]},{"@type":"ImageObject","inLanguage":"es","@id":"https:\/\/agencia.252.com.mx\/home\/revelan-que-marzo-fue-el-mes-menos-violento-en-cuautitlan-izcalli-en-los-ultimos-11-anos\/#primaryimage","url":"https:\/\/agencia.252.com.mx\/wp-content\/uploads\/2026\/04\/WhatsApp-Image-2026-04-29-at-11.02.23-AM-2.jpeg","contentUrl":"https:\/\/agencia.252.com.mx\/wp-content\/uploads\/2026\/04\/WhatsApp-Image-2026-04-29-at-11.02.23-AM-2.jpeg","width":1280,"height":854},{"@type":"BreadcrumbList","@id":"https:\/\/agencia.252.com.mx\/home\/revelan-que-marzo-fue-el-mes-menos-violento-en-cuautitlan-izcalli-en-los-ultimos-11-anos\/#breadcrumb","itemListElement":[{"@type":"ListItem","position":1,"name":"Portada","item":"https:\/\/agencia.252.com.mx\/home\/"},{"@type":"ListItem","position":2,"name":"Revelan que marzo fue el mes menos violento en Cuautitl\u00e1n Izcalli en los \u00faltimos 11 a\u00f1os\u00a0"}]},{"@type":"WebSite","@id":"https:\/\/agencia.252.com.mx\/home\/#website","url":"https:\/\/agencia.252.com.mx\/home\/","name":"Agencia252","description":"Tu espacio en la Red","publisher":{"@id":"https:\/\/agencia.252.com.mx\/home\/#organization"},"potentialAction":[{"@type":"SearchAction","target":{"@type":"EntryPoint","urlTemplate":"https:\/\/agencia.252.com.mx\/home\/?s={search_term_string}"},"query-input":{"@type":"PropertyValueSpecification","valueRequired":true,"valueName":"search_term_string"}}],"inLanguage":"es"},{"@type":"Organization","@id":"https:\/\/agencia.252.com.mx\/home\/#organization","name":"Agencia252","url":"https:\/\/agencia.252.com.mx\/home\/","logo":{"@type":"ImageObject","inLanguage":"es","@id":"https:\/\/agencia.252.com.mx\/home\/#\/schema\/logo\/image\/","url":"https:\/\/agencia.252.com.mx\/wp-content\/uploads\/2023\/02\/cropped-ciruclo-agencia-e1677562404136.png","contentUrl":"https:\/\/agencia.252.com.mx\/wp-content\/uploads\/2023\/02\/cropped-ciruclo-agencia-e1677562404136.png","width":512,"height":512,"caption":"Agencia252"},"image":{"@id":"https:\/\/agencia.252.com.mx\/home\/#\/schema\/logo\/image\/"},"sameAs":["https:\/\/www.facebook.com\/252Comunicacion\/","https:\/\/x.com\/252COMS"]},{"@type":"Person","@id":"https:\/\/agencia.252.com.mx\/home\/#\/schema\/person\/6b972021e9a92d45ade8c78d81509098","name":"Nacho Corro","image":{"@type":"ImageObject","inLanguage":"es","@id":"https:\/\/secure.gravatar.com\/avatar\/5db6df507cfe1307e192fbb498c6b85f1cf2ffd8b4cd37141b9eea588fcbd5a4?s=96&r=g","url":"https:\/\/secure.gravatar.com\/avatar\/5db6df507cfe1307e192fbb498c6b85f1cf2ffd8b4cd37141b9eea588fcbd5a4?s=96&r=g","contentUrl":"https:\/\/secure.gravatar.com\/avatar\/5db6df507cfe1307e192fbb498c6b85f1cf2ffd8b4cd37141b9eea588fcbd5a4?s=96&r=g","caption":"Nacho Corro"},"description":"Comunicador Social, Periodista y Administraci\u00f3n P\u00fablica. Conversador pol\u00edtico, temas electorales y seguridad. Generador de contenidos digitales. Amante de la fotograf\u00eda","sameAs":["https:\/\/www.facebook.com\/jcorroherrera\/","www.instagram.com\/nachocorro\/","https:\/\/x.com\/Juan Ignacio Corro Herrera"],"url":"https:\/\/agencia.252.com.mx\/home\/author\/i-corro\/"}]}},"_links":{"self":[{"href":"https:\/\/agencia.252.com.mx\/home\/wp-json\/wp\/v2\/posts\/18887","targetHints":{"allow":["GET"]}}],"collection":[{"href":"https:\/\/agencia.252.com.mx\/home\/wp-json\/wp\/v2\/posts"}],"about":[{"href":"https:\/\/agencia.252.com.mx\/home\/wp-json\/wp\/v2\/types\/post"}],"author":[{"embeddable":true,"href":"https:\/\/agencia.252.com.mx\/home\/wp-json\/wp\/v2\/users\/5"}],"replies":[{"embeddable":true,"href":"https:\/\/agencia.252.com.mx\/home\/wp-json\/wp\/v2\/comments?post=18887"}],"version-history":[{"count":1,"href":"https:\/\/agencia.252.com.mx\/home\/wp-json\/wp\/v2\/posts\/18887\/revisions"}],"predecessor-version":[{"id":18890,"href":"https:\/\/agencia.252.com.mx\/home\/wp-json\/wp\/v2\/posts\/18887\/revisions\/18890"}],"wp:featuredmedia":[{"embeddable":true,"href":"https:\/\/agencia.252.com.mx\/home\/wp-json\/wp\/v2\/media\/18888"}],"wp:attachment":[{"href":"https:\/\/agencia.252.com.mx\/home\/wp-json\/wp\/v2\/media?parent=18887"}],"wp:term":[{"taxonomy":"category","embeddable":true,"href":"https:\/\/agencia.252.com.mx\/home\/wp-json\/wp\/v2\/categories?post=18887"},{"taxonomy":"post_tag","embeddable":true,"href":"https:\/\/agencia.252.com.mx\/home\/wp-json\/wp\/v2\/tags?post=18887"}],"curies":[{"name":"wp","href":"https:\/\/api.w.org\/{rel}","templated":true}]}}