{"id":18881,"date":"2026-04-29T20:36:37","date_gmt":"2026-04-30T02:36:37","guid":{"rendered":"https:\/\/agencia.252.com.mx\/home\/?p=18881"},"modified":"2026-04-29T20:36:38","modified_gmt":"2026-04-30T02:36:38","slug":"azucena-cisneros-recupera-150-kilometros-de-camellones-en-ecatepec-en-los-primeros-100-dias-de-2026","status":"publish","type":"post","link":"https:\/\/agencia.252.com.mx\/home\/azucena-cisneros-recupera-150-kilometros-de-camellones-en-ecatepec-en-los-primeros-100-dias-de-2026\/","title":{"rendered":"Azucena Cisneros recupera 150 kil\u00f3metros de camellones en Ecatepec en los primeros 100 d\u00edas de 2026"},"content":{"rendered":"<p>Visitas: 5<\/p>\n<ul class=\"wp-block-list\">\n<li><em>39 camellones intervenidos y 18 mil toneladas de basura retiradas<\/em><\/li>\n<\/ul>\n\n\n\n<p>Juan Ignacio Corro&nbsp;<\/p>\n\n\n\n<p class=\"has-text-align-right\">Ecatepec, Estado de M\u00e9xico, a 29 de abril de 2026<\/p>\n\n\n\n<p>Con el prop\u00f3sito de inhibir la comisi\u00f3n de delitos y mejorar la imagen urbana, el gobierno de Ecatepec lleva a cabo el programa Sembrando Camellones, mediante el cual 435 trabajadores intervienen 39 camellones y lograron recuperar 150 kil\u00f3metros en los primeros 100 d\u00edas de este a\u00f1o.<\/p>\n\n\n\n<p>Sobre este programa, la presidenta municipal Azucena Cisneros Coss inform\u00f3 que hasta la fecha han retirado m\u00e1s de 18 mil toneladas de basura, lo que equivale en extensi\u00f3n a 300 canchas de f\u00fatbol.&nbsp;<\/p>\n\n\n\n<figure class=\"wp-block-gallery has-nested-images columns-default is-cropped wp-block-gallery-1 is-layout-flex wp-block-gallery-is-layout-flex\">\n<figure class=\"wp-block-image size-large\"><img fetchpriority=\"high\" decoding=\"async\" width=\"1024\" height=\"682\" data-id=\"18884\" src=\"https:\/\/agencia.252.com.mx\/wp-content\/uploads\/2026\/04\/WhatsApp-Image-2026-04-29-at-12.36.20-PM-1-1024x682.jpeg\" alt=\"\" class=\"wp-image-18884\" srcset=\"https:\/\/agencia.252.com.mx\/wp-content\/uploads\/2026\/04\/WhatsApp-Image-2026-04-29-at-12.36.20-PM-1-1024x682.jpeg 1024w, https:\/\/agencia.252.com.mx\/wp-content\/uploads\/2026\/04\/WhatsApp-Image-2026-04-29-at-12.36.20-PM-1-300x200.jpeg 300w, https:\/\/agencia.252.com.mx\/wp-content\/uploads\/2026\/04\/WhatsApp-Image-2026-04-29-at-12.36.20-PM-1-768x512.jpeg 768w, https:\/\/agencia.252.com.mx\/wp-content\/uploads\/2026\/04\/WhatsApp-Image-2026-04-29-at-12.36.20-PM-1.jpeg 1280w\" sizes=\"(max-width: 1024px) 100vw, 1024px\" \/><\/figure>\n\n\n\n<figure class=\"wp-block-image size-large\"><img decoding=\"async\" width=\"1024\" height=\"682\" data-id=\"18882\" src=\"https:\/\/agencia.252.com.mx\/wp-content\/uploads\/2026\/04\/WhatsApp-Image-2026-04-29-at-12.36.19-PM-1024x682.jpeg\" alt=\"\" class=\"wp-image-18882\" srcset=\"https:\/\/agencia.252.com.mx\/wp-content\/uploads\/2026\/04\/WhatsApp-Image-2026-04-29-at-12.36.19-PM-1024x682.jpeg 1024w, https:\/\/agencia.252.com.mx\/wp-content\/uploads\/2026\/04\/WhatsApp-Image-2026-04-29-at-12.36.19-PM-300x200.jpeg 300w, https:\/\/agencia.252.com.mx\/wp-content\/uploads\/2026\/04\/WhatsApp-Image-2026-04-29-at-12.36.19-PM-768x512.jpeg 768w, https:\/\/agencia.252.com.mx\/wp-content\/uploads\/2026\/04\/WhatsApp-Image-2026-04-29-at-12.36.19-PM.jpeg 1280w\" sizes=\"(max-width: 1024px) 100vw, 1024px\" \/><\/figure>\n<\/figure>\n\n\n\n<p>\u201cHace pocos d\u00edas anunciamos que Ecatepec lleva durante el \u00faltimo a\u00f1o una tendencia sostenida de reducci\u00f3n de delitos de alto impacto. Esto es gracias a la coordinaci\u00f3n con el gobierno federal, estatal y municipal, sabemos que la percepci\u00f3n de seguridad, corre por otra v\u00eda, y estamos empe\u00f1ados en que cada acci\u00f3n, cada centavo que se invierta es con la \u00fanica finalidad de que las familias se sientan cada d\u00eda m\u00e1s seguras\u201d, dijo.<\/p>\n\n\n\n<p>Cisneros Coss puntualiz\u00f3: \u201ctuvimos la decisi\u00f3n pol\u00edtica de intervenir en los camellones y la imagen urbana, porque cada espacio abandonado, con basura, incrementa los \u00edndices de inseguridad\u201d.<\/p>\n\n\n\n<p>Las cuadrillas, integradas en un 70 por ciento por mujeres, se dedican a limpiar y dar mantenimiento a los camellones, lo que permiti\u00f3 recolectar m\u00e1s de 18 mil toneladas de basura, retirar bienes mostrencos, rehabilitar \u00e1reas verdes y sembrar plantas y \u00e1rboles, principalmente.<\/p>\n\n\n\n<p>Entre los camellones intervenidos destacan los de avenida Central, las v\u00edas Morelos y L\u00f3pez Portillo, as\u00ed como Valle de Guadiana, Valle del J\u00facar, Pichardo Pagaza, R1, Jardines de Morelos, Ciudad Cuauht\u00e9moc, Altavilla, Boulevard de los Teocallis, Boulevard de los Aztecas, Recursos Hidr\u00e1ulicos, Valle de Almazora, Valle del Don y Boulevard Quetzalc\u00f3atl.<\/p>\n","protected":false},"excerpt":{"rendered":"<p>Visitas: 5 Juan Ignacio Corro&nbsp; Ecatepec, Estado de M\u00e9xico, a 29 de abril de 2026 Con el prop\u00f3sito de inhibir la comisi\u00f3n de delitos y mejorar la imagen urbana, el gobierno de Ecatepec lleva a cabo el programa Sembrando Camellones, mediante el cual 435 trabajadores intervienen 39 camellones y lograron recuperar 150 kil\u00f3metros en los [&hellip;]<\/p>\n","protected":false},"author":5,"featured_media":18883,"comment_status":"open","ping_status":"open","sticky":false,"template":"","format":"standard","meta":{"site-sidebar-layout":"default","site-content-layout":"","ast-site-content-layout":"default","site-content-style":"default","site-sidebar-style":"default","ast-global-header-display":"","ast-banner-title-visibility":"","ast-main-header-display":"","ast-hfb-above-header-display":"","ast-hfb-below-header-display":"","ast-hfb-mobile-header-display":"","site-post-title":"","ast-breadcrumbs-content":"","ast-featured-img":"","footer-sml-layout":"","ast-disable-related-posts":"","theme-transparent-header-meta":"","adv-header-id-meta":"","stick-header-meta":"","header-above-stick-meta":"","header-main-stick-meta":"","header-below-stick-meta":"","astra-migrate-meta-layouts":"set","ast-page-background-enabled":"default","ast-page-background-meta":{"desktop":{"background-color":"var(--ast-global-color-4)","background-image":"","background-repeat":"repeat","background-position":"center center","background-size":"auto","background-attachment":"scroll","background-type":"","background-media":"","overlay-type":"","overlay-color":"","overlay-opacity":"","overlay-gradient":""},"tablet":{"background-color":"","background-image":"","background-repeat":"repeat","background-position":"center center","background-size":"auto","background-attachment":"scroll","background-type":"","background-media":"","overlay-type":"","overlay-color":"","overlay-opacity":"","overlay-gradient":""},"mobile":{"background-color":"","background-image":"","background-repeat":"repeat","background-position":"center center","background-size":"auto","background-attachment":"scroll","background-type":"","background-media":"","overlay-type":"","overlay-color":"","overlay-opacity":"","overlay-gradient":""}},"ast-content-background-meta":{"desktop":{"background-color":"var(--ast-global-color-5)","background-image":"","background-repeat":"repeat","background-position":"center center","background-size":"auto","background-attachment":"scroll","background-type":"","background-media":"","overlay-type":"","overlay-color":"","overlay-opacity":"","overlay-gradient":""},"tablet":{"background-color":"var(--ast-global-color-5)","background-image":"","background-repeat":"repeat","background-position":"center center","background-size":"auto","background-attachment":"scroll","background-type":"","background-media":"","overlay-type":"","overlay-color":"","overlay-opacity":"","overlay-gradient":""},"mobile":{"background-color":"var(--ast-global-color-5)","background-image":"","background-repeat":"repeat","background-position":"center center","background-size":"auto","background-attachment":"scroll","background-type":"","background-media":"","overlay-type":"","overlay-color":"","overlay-opacity":"","overlay-gradient":""}},"footnotes":""},"categories":[38,8,512],"tags":[526],"class_list":["post-18881","post","type-post","status-publish","format-standard","has-post-thumbnail","hentry","category-ecatepec","category-edomex","category-metropoli","tag-edomex"],"yoast_head":"<!-- This site is optimized with the Yoast SEO plugin v27.4 - https:\/\/yoast.com\/product\/yoast-seo-wordpress\/ -->\n<title>Azucena Cisneros recupera 150 kil\u00f3metros de camellones en Ecatepec en los primeros 100 d\u00edas de 2026 - Agencia252<\/title>\n<meta name=\"robots\" content=\"index, follow, max-snippet:-1, max-image-preview:large, max-video-preview:-1\" \/>\n<link rel=\"canonical\" href=\"https:\/\/agencia.252.com.mx\/home\/azucena-cisneros-recupera-150-kilometros-de-camellones-en-ecatepec-en-los-primeros-100-dias-de-2026\/\" \/>\n<meta property=\"og:locale\" content=\"es_ES\" \/>\n<meta property=\"og:type\" content=\"article\" \/>\n<meta property=\"og:title\" content=\"Azucena Cisneros recupera 150 kil\u00f3metros de camellones en Ecatepec en los primeros 100 d\u00edas de 2026 - Agencia252\" \/>\n<meta property=\"og:description\" content=\"Visitas: 5 Juan Ignacio Corro&nbsp; Ecatepec, Estado de M\u00e9xico, a 29 de abril de 2026 Con el prop\u00f3sito de inhibir la comisi\u00f3n de delitos y mejorar la imagen urbana, el gobierno de Ecatepec lleva a cabo el programa Sembrando Camellones, mediante el cual 435 trabajadores intervienen 39 camellones y lograron recuperar 150 kil\u00f3metros en los [&hellip;]\" \/>\n<meta property=\"og:url\" content=\"https:\/\/agencia.252.com.mx\/home\/azucena-cisneros-recupera-150-kilometros-de-camellones-en-ecatepec-en-los-primeros-100-dias-de-2026\/\" \/>\n<meta property=\"og:site_name\" content=\"Agencia252\" \/>\n<meta property=\"article:publisher\" content=\"https:\/\/www.facebook.com\/252Comunicacion\/\" \/>\n<meta property=\"article:author\" content=\"https:\/\/www.facebook.com\/jcorroherrera\/\" \/>\n<meta property=\"article:published_time\" content=\"2026-04-30T02:36:37+00:00\" \/>\n<meta property=\"article:modified_time\" content=\"2026-04-30T02:36:38+00:00\" \/>\n<meta property=\"og:image\" content=\"http:\/\/agencia.252.com.mx\/wp-content\/uploads\/2026\/04\/WhatsApp-Image-2026-04-29-at-12.36.21-PM.jpeg\" \/>\n\t<meta property=\"og:image:width\" content=\"1280\" \/>\n\t<meta property=\"og:image:height\" content=\"853\" \/>\n\t<meta property=\"og:image:type\" content=\"image\/jpeg\" \/>\n<meta name=\"author\" content=\"Nacho Corro\" \/>\n<meta name=\"twitter:card\" content=\"summary_large_image\" \/>\n<meta name=\"twitter:creator\" content=\"@Juan Ignacio Corro Herrera\" \/>\n<meta name=\"twitter:site\" content=\"@252COMS\" \/>\n<meta name=\"twitter:label1\" content=\"Escrito por\" \/>\n\t<meta name=\"twitter:data1\" content=\"Nacho Corro\" \/>\n\t<meta name=\"twitter:label2\" content=\"Tiempo de lectura\" \/>\n\t<meta name=\"twitter:data2\" content=\"2 minutos\" \/>\n<script type=\"application\/ld+json\" class=\"yoast-schema-graph\">{\"@context\":\"https:\\\/\\\/schema.org\",\"@graph\":[{\"@type\":\"Article\",\"@id\":\"https:\\\/\\\/agencia.252.com.mx\\\/home\\\/azucena-cisneros-recupera-150-kilometros-de-camellones-en-ecatepec-en-los-primeros-100-dias-de-2026\\\/#article\",\"isPartOf\":{\"@id\":\"https:\\\/\\\/agencia.252.com.mx\\\/home\\\/azucena-cisneros-recupera-150-kilometros-de-camellones-en-ecatepec-en-los-primeros-100-dias-de-2026\\\/\"},\"author\":{\"name\":\"Nacho Corro\",\"@id\":\"https:\\\/\\\/agencia.252.com.mx\\\/home\\\/#\\\/schema\\\/person\\\/6b972021e9a92d45ade8c78d81509098\"},\"headline\":\"Azucena Cisneros recupera 150 kil\u00f3metros de camellones en Ecatepec en los primeros 100 d\u00edas de 2026\",\"datePublished\":\"2026-04-30T02:36:37+00:00\",\"dateModified\":\"2026-04-30T02:36:38+00:00\",\"mainEntityOfPage\":{\"@id\":\"https:\\\/\\\/agencia.252.com.mx\\\/home\\\/azucena-cisneros-recupera-150-kilometros-de-camellones-en-ecatepec-en-los-primeros-100-dias-de-2026\\\/\"},\"wordCount\":328,\"commentCount\":0,\"publisher\":{\"@id\":\"https:\\\/\\\/agencia.252.com.mx\\\/home\\\/#organization\"},\"image\":{\"@id\":\"https:\\\/\\\/agencia.252.com.mx\\\/home\\\/azucena-cisneros-recupera-150-kilometros-de-camellones-en-ecatepec-en-los-primeros-100-dias-de-2026\\\/#primaryimage\"},\"thumbnailUrl\":\"https:\\\/\\\/agencia.252.com.mx\\\/wp-content\\\/uploads\\\/2026\\\/04\\\/WhatsApp-Image-2026-04-29-at-12.36.21-PM.jpeg\",\"keywords\":[\"Edomex\"],\"articleSection\":[\"Ecatepec\",\"Edomex\",\"Metropoli\"],\"inLanguage\":\"es\",\"potentialAction\":[{\"@type\":\"CommentAction\",\"name\":\"Comment\",\"target\":[\"https:\\\/\\\/agencia.252.com.mx\\\/home\\\/azucena-cisneros-recupera-150-kilometros-de-camellones-en-ecatepec-en-los-primeros-100-dias-de-2026\\\/#respond\"]}]},{\"@type\":\"WebPage\",\"@id\":\"https:\\\/\\\/agencia.252.com.mx\\\/home\\\/azucena-cisneros-recupera-150-kilometros-de-camellones-en-ecatepec-en-los-primeros-100-dias-de-2026\\\/\",\"url\":\"https:\\\/\\\/agencia.252.com.mx\\\/home\\\/azucena-cisneros-recupera-150-kilometros-de-camellones-en-ecatepec-en-los-primeros-100-dias-de-2026\\\/\",\"name\":\"Azucena Cisneros recupera 150 kil\u00f3metros de camellones en Ecatepec en los primeros 100 d\u00edas de 2026 - Agencia252\",\"isPartOf\":{\"@id\":\"https:\\\/\\\/agencia.252.com.mx\\\/home\\\/#website\"},\"primaryImageOfPage\":{\"@id\":\"https:\\\/\\\/agencia.252.com.mx\\\/home\\\/azucena-cisneros-recupera-150-kilometros-de-camellones-en-ecatepec-en-los-primeros-100-dias-de-2026\\\/#primaryimage\"},\"image\":{\"@id\":\"https:\\\/\\\/agencia.252.com.mx\\\/home\\\/azucena-cisneros-recupera-150-kilometros-de-camellones-en-ecatepec-en-los-primeros-100-dias-de-2026\\\/#primaryimage\"},\"thumbnailUrl\":\"https:\\\/\\\/agencia.252.com.mx\\\/wp-content\\\/uploads\\\/2026\\\/04\\\/WhatsApp-Image-2026-04-29-at-12.36.21-PM.jpeg\",\"datePublished\":\"2026-04-30T02:36:37+00:00\",\"dateModified\":\"2026-04-30T02:36:38+00:00\",\"breadcrumb\":{\"@id\":\"https:\\\/\\\/agencia.252.com.mx\\\/home\\\/azucena-cisneros-recupera-150-kilometros-de-camellones-en-ecatepec-en-los-primeros-100-dias-de-2026\\\/#breadcrumb\"},\"inLanguage\":\"es\",\"potentialAction\":[{\"@type\":\"ReadAction\",\"target\":[\"https:\\\/\\\/agencia.252.com.mx\\\/home\\\/azucena-cisneros-recupera-150-kilometros-de-camellones-en-ecatepec-en-los-primeros-100-dias-de-2026\\\/\"]}]},{\"@type\":\"ImageObject\",\"inLanguage\":\"es\",\"@id\":\"https:\\\/\\\/agencia.252.com.mx\\\/home\\\/azucena-cisneros-recupera-150-kilometros-de-camellones-en-ecatepec-en-los-primeros-100-dias-de-2026\\\/#primaryimage\",\"url\":\"https:\\\/\\\/agencia.252.com.mx\\\/wp-content\\\/uploads\\\/2026\\\/04\\\/WhatsApp-Image-2026-04-29-at-12.36.21-PM.jpeg\",\"contentUrl\":\"https:\\\/\\\/agencia.252.com.mx\\\/wp-content\\\/uploads\\\/2026\\\/04\\\/WhatsApp-Image-2026-04-29-at-12.36.21-PM.jpeg\",\"width\":1280,\"height\":853},{\"@type\":\"BreadcrumbList\",\"@id\":\"https:\\\/\\\/agencia.252.com.mx\\\/home\\\/azucena-cisneros-recupera-150-kilometros-de-camellones-en-ecatepec-en-los-primeros-100-dias-de-2026\\\/#breadcrumb\",\"itemListElement\":[{\"@type\":\"ListItem\",\"position\":1,\"name\":\"Portada\",\"item\":\"https:\\\/\\\/agencia.252.com.mx\\\/home\\\/\"},{\"@type\":\"ListItem\",\"position\":2,\"name\":\"Azucena Cisneros recupera 150 kil\u00f3metros de camellones en Ecatepec en los primeros 100 d\u00edas de 2026\"}]},{\"@type\":\"WebSite\",\"@id\":\"https:\\\/\\\/agencia.252.com.mx\\\/home\\\/#website\",\"url\":\"https:\\\/\\\/agencia.252.com.mx\\\/home\\\/\",\"name\":\"Agencia252\",\"description\":\"Tu espacio en la Red\",\"publisher\":{\"@id\":\"https:\\\/\\\/agencia.252.com.mx\\\/home\\\/#organization\"},\"potentialAction\":[{\"@type\":\"SearchAction\",\"target\":{\"@type\":\"EntryPoint\",\"urlTemplate\":\"https:\\\/\\\/agencia.252.com.mx\\\/home\\\/?s={search_term_string}\"},\"query-input\":{\"@type\":\"PropertyValueSpecification\",\"valueRequired\":true,\"valueName\":\"search_term_string\"}}],\"inLanguage\":\"es\"},{\"@type\":\"Organization\",\"@id\":\"https:\\\/\\\/agencia.252.com.mx\\\/home\\\/#organization\",\"name\":\"Agencia252\",\"url\":\"https:\\\/\\\/agencia.252.com.mx\\\/home\\\/\",\"logo\":{\"@type\":\"ImageObject\",\"inLanguage\":\"es\",\"@id\":\"https:\\\/\\\/agencia.252.com.mx\\\/home\\\/#\\\/schema\\\/logo\\\/image\\\/\",\"url\":\"https:\\\/\\\/agencia.252.com.mx\\\/wp-content\\\/uploads\\\/2023\\\/02\\\/cropped-ciruclo-agencia-e1677562404136.png\",\"contentUrl\":\"https:\\\/\\\/agencia.252.com.mx\\\/wp-content\\\/uploads\\\/2023\\\/02\\\/cropped-ciruclo-agencia-e1677562404136.png\",\"width\":512,\"height\":512,\"caption\":\"Agencia252\"},\"image\":{\"@id\":\"https:\\\/\\\/agencia.252.com.mx\\\/home\\\/#\\\/schema\\\/logo\\\/image\\\/\"},\"sameAs\":[\"https:\\\/\\\/www.facebook.com\\\/252Comunicacion\\\/\",\"https:\\\/\\\/x.com\\\/252COMS\"]},{\"@type\":\"Person\",\"@id\":\"https:\\\/\\\/agencia.252.com.mx\\\/home\\\/#\\\/schema\\\/person\\\/6b972021e9a92d45ade8c78d81509098\",\"name\":\"Nacho Corro\",\"image\":{\"@type\":\"ImageObject\",\"inLanguage\":\"es\",\"@id\":\"https:\\\/\\\/secure.gravatar.com\\\/avatar\\\/5db6df507cfe1307e192fbb498c6b85f1cf2ffd8b4cd37141b9eea588fcbd5a4?s=96&r=g\",\"url\":\"https:\\\/\\\/secure.gravatar.com\\\/avatar\\\/5db6df507cfe1307e192fbb498c6b85f1cf2ffd8b4cd37141b9eea588fcbd5a4?s=96&r=g\",\"contentUrl\":\"https:\\\/\\\/secure.gravatar.com\\\/avatar\\\/5db6df507cfe1307e192fbb498c6b85f1cf2ffd8b4cd37141b9eea588fcbd5a4?s=96&r=g\",\"caption\":\"Nacho Corro\"},\"description\":\"Comunicador Social, Periodista y Administraci\u00f3n P\u00fablica. Conversador pol\u00edtico, temas electorales y seguridad. Generador de contenidos digitales. Amante de la fotograf\u00eda\",\"sameAs\":[\"https:\\\/\\\/www.facebook.com\\\/jcorroherrera\\\/\",\"www.instagram.com\\\/nachocorro\\\/\",\"https:\\\/\\\/x.com\\\/Juan Ignacio Corro Herrera\"],\"url\":\"https:\\\/\\\/agencia.252.com.mx\\\/home\\\/author\\\/i-corro\\\/\"}]}<\/script>\n<!-- \/ Yoast SEO plugin. -->","yoast_head_json":{"title":"Azucena Cisneros recupera 150 kil\u00f3metros de camellones en Ecatepec en los primeros 100 d\u00edas de 2026 - Agencia252","robots":{"index":"index","follow":"follow","max-snippet":"max-snippet:-1","max-image-preview":"max-image-preview:large","max-video-preview":"max-video-preview:-1"},"canonical":"https:\/\/agencia.252.com.mx\/home\/azucena-cisneros-recupera-150-kilometros-de-camellones-en-ecatepec-en-los-primeros-100-dias-de-2026\/","og_locale":"es_ES","og_type":"article","og_title":"Azucena Cisneros recupera 150 kil\u00f3metros de camellones en Ecatepec en los primeros 100 d\u00edas de 2026 - Agencia252","og_description":"Visitas: 5 Juan Ignacio Corro&nbsp; Ecatepec, Estado de M\u00e9xico, a 29 de abril de 2026 Con el prop\u00f3sito de inhibir la comisi\u00f3n de delitos y mejorar la imagen urbana, el gobierno de Ecatepec lleva a cabo el programa Sembrando Camellones, mediante el cual 435 trabajadores intervienen 39 camellones y lograron recuperar 150 kil\u00f3metros en los [&hellip;]","og_url":"https:\/\/agencia.252.com.mx\/home\/azucena-cisneros-recupera-150-kilometros-de-camellones-en-ecatepec-en-los-primeros-100-dias-de-2026\/","og_site_name":"Agencia252","article_publisher":"https:\/\/www.facebook.com\/252Comunicacion\/","article_author":"https:\/\/www.facebook.com\/jcorroherrera\/","article_published_time":"2026-04-30T02:36:37+00:00","article_modified_time":"2026-04-30T02:36:38+00:00","og_image":[{"width":1280,"height":853,"url":"http:\/\/agencia.252.com.mx\/wp-content\/uploads\/2026\/04\/WhatsApp-Image-2026-04-29-at-12.36.21-PM.jpeg","type":"image\/jpeg"}],"author":"Nacho Corro","twitter_card":"summary_large_image","twitter_creator":"@Juan Ignacio Corro Herrera","twitter_site":"@252COMS","twitter_misc":{"Escrito por":"Nacho Corro","Tiempo de lectura":"2 minutos"},"schema":{"@context":"https:\/\/schema.org","@graph":[{"@type":"Article","@id":"https:\/\/agencia.252.com.mx\/home\/azucena-cisneros-recupera-150-kilometros-de-camellones-en-ecatepec-en-los-primeros-100-dias-de-2026\/#article","isPartOf":{"@id":"https:\/\/agencia.252.com.mx\/home\/azucena-cisneros-recupera-150-kilometros-de-camellones-en-ecatepec-en-los-primeros-100-dias-de-2026\/"},"author":{"name":"Nacho Corro","@id":"https:\/\/agencia.252.com.mx\/home\/#\/schema\/person\/6b972021e9a92d45ade8c78d81509098"},"headline":"Azucena Cisneros recupera 150 kil\u00f3metros de camellones en Ecatepec en los primeros 100 d\u00edas de 2026","datePublished":"2026-04-30T02:36:37+00:00","dateModified":"2026-04-30T02:36:38+00:00","mainEntityOfPage":{"@id":"https:\/\/agencia.252.com.mx\/home\/azucena-cisneros-recupera-150-kilometros-de-camellones-en-ecatepec-en-los-primeros-100-dias-de-2026\/"},"wordCount":328,"commentCount":0,"publisher":{"@id":"https:\/\/agencia.252.com.mx\/home\/#organization"},"image":{"@id":"https:\/\/agencia.252.com.mx\/home\/azucena-cisneros-recupera-150-kilometros-de-camellones-en-ecatepec-en-los-primeros-100-dias-de-2026\/#primaryimage"},"thumbnailUrl":"https:\/\/agencia.252.com.mx\/wp-content\/uploads\/2026\/04\/WhatsApp-Image-2026-04-29-at-12.36.21-PM.jpeg","keywords":["Edomex"],"articleSection":["Ecatepec","Edomex","Metropoli"],"inLanguage":"es","potentialAction":[{"@type":"CommentAction","name":"Comment","target":["https:\/\/agencia.252.com.mx\/home\/azucena-cisneros-recupera-150-kilometros-de-camellones-en-ecatepec-en-los-primeros-100-dias-de-2026\/#respond"]}]},{"@type":"WebPage","@id":"https:\/\/agencia.252.com.mx\/home\/azucena-cisneros-recupera-150-kilometros-de-camellones-en-ecatepec-en-los-primeros-100-dias-de-2026\/","url":"https:\/\/agencia.252.com.mx\/home\/azucena-cisneros-recupera-150-kilometros-de-camellones-en-ecatepec-en-los-primeros-100-dias-de-2026\/","name":"Azucena Cisneros recupera 150 kil\u00f3metros de camellones en Ecatepec en los primeros 100 d\u00edas de 2026 - Agencia252","isPartOf":{"@id":"https:\/\/agencia.252.com.mx\/home\/#website"},"primaryImageOfPage":{"@id":"https:\/\/agencia.252.com.mx\/home\/azucena-cisneros-recupera-150-kilometros-de-camellones-en-ecatepec-en-los-primeros-100-dias-de-2026\/#primaryimage"},"image":{"@id":"https:\/\/agencia.252.com.mx\/home\/azucena-cisneros-recupera-150-kilometros-de-camellones-en-ecatepec-en-los-primeros-100-dias-de-2026\/#primaryimage"},"thumbnailUrl":"https:\/\/agencia.252.com.mx\/wp-content\/uploads\/2026\/04\/WhatsApp-Image-2026-04-29-at-12.36.21-PM.jpeg","datePublished":"2026-04-30T02:36:37+00:00","dateModified":"2026-04-30T02:36:38+00:00","breadcrumb":{"@id":"https:\/\/agencia.252.com.mx\/home\/azucena-cisneros-recupera-150-kilometros-de-camellones-en-ecatepec-en-los-primeros-100-dias-de-2026\/#breadcrumb"},"inLanguage":"es","potentialAction":[{"@type":"ReadAction","target":["https:\/\/agencia.252.com.mx\/home\/azucena-cisneros-recupera-150-kilometros-de-camellones-en-ecatepec-en-los-primeros-100-dias-de-2026\/"]}]},{"@type":"ImageObject","inLanguage":"es","@id":"https:\/\/agencia.252.com.mx\/home\/azucena-cisneros-recupera-150-kilometros-de-camellones-en-ecatepec-en-los-primeros-100-dias-de-2026\/#primaryimage","url":"https:\/\/agencia.252.com.mx\/wp-content\/uploads\/2026\/04\/WhatsApp-Image-2026-04-29-at-12.36.21-PM.jpeg","contentUrl":"https:\/\/agencia.252.com.mx\/wp-content\/uploads\/2026\/04\/WhatsApp-Image-2026-04-29-at-12.36.21-PM.jpeg","width":1280,"height":853},{"@type":"BreadcrumbList","@id":"https:\/\/agencia.252.com.mx\/home\/azucena-cisneros-recupera-150-kilometros-de-camellones-en-ecatepec-en-los-primeros-100-dias-de-2026\/#breadcrumb","itemListElement":[{"@type":"ListItem","position":1,"name":"Portada","item":"https:\/\/agencia.252.com.mx\/home\/"},{"@type":"ListItem","position":2,"name":"Azucena Cisneros recupera 150 kil\u00f3metros de camellones en Ecatepec en los primeros 100 d\u00edas de 2026"}]},{"@type":"WebSite","@id":"https:\/\/agencia.252.com.mx\/home\/#website","url":"https:\/\/agencia.252.com.mx\/home\/","name":"Agencia252","description":"Tu espacio en la Red","publisher":{"@id":"https:\/\/agencia.252.com.mx\/home\/#organization"},"potentialAction":[{"@type":"SearchAction","target":{"@type":"EntryPoint","urlTemplate":"https:\/\/agencia.252.com.mx\/home\/?s={search_term_string}"},"query-input":{"@type":"PropertyValueSpecification","valueRequired":true,"valueName":"search_term_string"}}],"inLanguage":"es"},{"@type":"Organization","@id":"https:\/\/agencia.252.com.mx\/home\/#organization","name":"Agencia252","url":"https:\/\/agencia.252.com.mx\/home\/","logo":{"@type":"ImageObject","inLanguage":"es","@id":"https:\/\/agencia.252.com.mx\/home\/#\/schema\/logo\/image\/","url":"https:\/\/agencia.252.com.mx\/wp-content\/uploads\/2023\/02\/cropped-ciruclo-agencia-e1677562404136.png","contentUrl":"https:\/\/agencia.252.com.mx\/wp-content\/uploads\/2023\/02\/cropped-ciruclo-agencia-e1677562404136.png","width":512,"height":512,"caption":"Agencia252"},"image":{"@id":"https:\/\/agencia.252.com.mx\/home\/#\/schema\/logo\/image\/"},"sameAs":["https:\/\/www.facebook.com\/252Comunicacion\/","https:\/\/x.com\/252COMS"]},{"@type":"Person","@id":"https:\/\/agencia.252.com.mx\/home\/#\/schema\/person\/6b972021e9a92d45ade8c78d81509098","name":"Nacho Corro","image":{"@type":"ImageObject","inLanguage":"es","@id":"https:\/\/secure.gravatar.com\/avatar\/5db6df507cfe1307e192fbb498c6b85f1cf2ffd8b4cd37141b9eea588fcbd5a4?s=96&r=g","url":"https:\/\/secure.gravatar.com\/avatar\/5db6df507cfe1307e192fbb498c6b85f1cf2ffd8b4cd37141b9eea588fcbd5a4?s=96&r=g","contentUrl":"https:\/\/secure.gravatar.com\/avatar\/5db6df507cfe1307e192fbb498c6b85f1cf2ffd8b4cd37141b9eea588fcbd5a4?s=96&r=g","caption":"Nacho Corro"},"description":"Comunicador Social, Periodista y Administraci\u00f3n P\u00fablica. Conversador pol\u00edtico, temas electorales y seguridad. Generador de contenidos digitales. Amante de la fotograf\u00eda","sameAs":["https:\/\/www.facebook.com\/jcorroherrera\/","www.instagram.com\/nachocorro\/","https:\/\/x.com\/Juan Ignacio Corro Herrera"],"url":"https:\/\/agencia.252.com.mx\/home\/author\/i-corro\/"}]}},"_links":{"self":[{"href":"https:\/\/agencia.252.com.mx\/home\/wp-json\/wp\/v2\/posts\/18881","targetHints":{"allow":["GET"]}}],"collection":[{"href":"https:\/\/agencia.252.com.mx\/home\/wp-json\/wp\/v2\/posts"}],"about":[{"href":"https:\/\/agencia.252.com.mx\/home\/wp-json\/wp\/v2\/types\/post"}],"author":[{"embeddable":true,"href":"https:\/\/agencia.252.com.mx\/home\/wp-json\/wp\/v2\/users\/5"}],"replies":[{"embeddable":true,"href":"https:\/\/agencia.252.com.mx\/home\/wp-json\/wp\/v2\/comments?post=18881"}],"version-history":[{"count":1,"href":"https:\/\/agencia.252.com.mx\/home\/wp-json\/wp\/v2\/posts\/18881\/revisions"}],"predecessor-version":[{"id":18885,"href":"https:\/\/agencia.252.com.mx\/home\/wp-json\/wp\/v2\/posts\/18881\/revisions\/18885"}],"wp:featuredmedia":[{"embeddable":true,"href":"https:\/\/agencia.252.com.mx\/home\/wp-json\/wp\/v2\/media\/18883"}],"wp:attachment":[{"href":"https:\/\/agencia.252.com.mx\/home\/wp-json\/wp\/v2\/media?parent=18881"}],"wp:term":[{"taxonomy":"category","embeddable":true,"href":"https:\/\/agencia.252.com.mx\/home\/wp-json\/wp\/v2\/categories?post=18881"},{"taxonomy":"post_tag","embeddable":true,"href":"https:\/\/agencia.252.com.mx\/home\/wp-json\/wp\/v2\/tags?post=18881"}],"curies":[{"name":"wp","href":"https:\/\/api.w.org\/{rel}","templated":true}]}}