{"id":18870,"date":"2026-04-29T15:26:43","date_gmt":"2026-04-29T21:26:43","guid":{"rendered":"https:\/\/agencia.252.com.mx\/home\/?p=18870"},"modified":"2026-04-29T15:26:44","modified_gmt":"2026-04-29T21:26:44","slug":"presentan-18-festividades-futboleros-para-el-mundial-2026","status":"publish","type":"post","link":"https:\/\/agencia.252.com.mx\/home\/presentan-18-festividades-futboleros-para-el-mundial-2026\/","title":{"rendered":"Presentan 18 festividades futboleros para el mundial 2026"},"content":{"rendered":"<p>Visitas: 8<\/p>\n<ul class=\"wp-block-list\">\n<li><em>Siete sedes operar\u00e1n durante todo el torneo y 11 proyectar\u00e1n juegos de la selecci\u00f3n mexicana y los momentos m\u00e1s destacados de la justa mundialista<\/em><\/li>\n\n\n\n<li><em>La jefa de gobierno convoc\u00f3 a participar en la Ola m\u00e1s grande del mundo, que se realizar\u00e1 en Paseo de la Reforma el pr\u00f3ximo 31\u00a0<\/em>de mayo<\/li>\n<\/ul>\n\n\n\n<p>Juan Ignacio Corro&nbsp;<\/p>\n\n\n\n<p class=\"has-text-align-right\">Ciudad de M\u00e9xico, a 29 de abril de 2026<\/p>\n\n\n\n<p>La jefa de Gobierno de la Ciudad de M\u00e9xico present\u00f3 los 18 festivales futboleros que se realizar\u00e1n en la capital con motivo de la Copa Mundial de la FIFA 2026. Estos espacios contar\u00e1n con actividades culturales, deportivas y gastron\u00f3micas, as\u00ed como la transmisi\u00f3n de los partidos, con el prop\u00f3sito de que la justa deportiva trascienda el estadio y se viva en calles, colonias, barrios y pueblos.<\/p>\n\n\n\n<p>Acompa\u00f1ada por Gabriela Cuevas, representante del Gobierno de M\u00e9xico para el Mundial FIFA 2026, as\u00ed como integrantes de su gabinete, Clara Brugada Molina inform\u00f3 que los 18 festivales ser\u00e1n gratuitos y se llevar\u00e1n a cabo en espacios p\u00fablicos, donde las familias podr\u00e1n convivir y seguir los partidos en pantallas gigantes.<\/p>\n\n\n\n<figure class=\"wp-block-image alignleft size-medium\"><img fetchpriority=\"high\" decoding=\"async\" width=\"300\" height=\"200\" src=\"https:\/\/agencia.252.com.mx\/wp-content\/uploads\/2026\/04\/WhatsApp-Image-2026-04-29-at-2.11.05-PM-300x200.jpeg\" alt=\"\" class=\"wp-image-18872\" srcset=\"https:\/\/agencia.252.com.mx\/wp-content\/uploads\/2026\/04\/WhatsApp-Image-2026-04-29-at-2.11.05-PM-300x200.jpeg 300w, https:\/\/agencia.252.com.mx\/wp-content\/uploads\/2026\/04\/WhatsApp-Image-2026-04-29-at-2.11.05-PM-1024x682.jpeg 1024w, https:\/\/agencia.252.com.mx\/wp-content\/uploads\/2026\/04\/WhatsApp-Image-2026-04-29-at-2.11.05-PM-768x512.jpeg 768w, https:\/\/agencia.252.com.mx\/wp-content\/uploads\/2026\/04\/WhatsApp-Image-2026-04-29-at-2.11.05-PM-1536x1024.jpeg 1536w, https:\/\/agencia.252.com.mx\/wp-content\/uploads\/2026\/04\/WhatsApp-Image-2026-04-29-at-2.11.05-PM-2048x1365.jpeg 2048w\" sizes=\"(max-width: 300px) 100vw, 300px\" \/><\/figure>\n\n\n\n<p>Asimismo, instruy\u00f3 incorporar en estos espacios ferias tradicionales como la de la nieve, el elote y el ma\u00edz, as\u00ed como muestras gastron\u00f3micas de pueblos de Milpa Alta, Xochimilco y Tl\u00e1huac, entre otros. Tambi\u00e9n anunci\u00f3 que el 31 de mayo se realizar\u00e1 la Ola en avenida Paseo de la Reforma, con la&nbsp;&nbsp;participaci\u00f3n de la ciudadan\u00eda.<\/p>\n\n\n\n<p>Durante el evento, realizado en una de las 316 canchas de futbol intervenidas por la actual administraci\u00f3n, ubicada en Mariquita S\u00e1nchez, Coapa, Culhuac\u00e1n III, alcald\u00eda Coyoac\u00e1n la titular del Ejecutivo local reiter\u00f3 que se busca un mundial incluyente, que se viva en el espacio p\u00fablico y promueva la convivencia.&nbsp;<\/p>\n\n\n\n<p>Detall\u00f3 que siete festivales operar\u00e1n durante los 39 d\u00edas del torneo, con la transmisi\u00f3n de los 104 partidos, mientras que en las otras 11 sedes se proyectar\u00e1n encuentros de la selecci\u00f3n mexicana y partidos de relevancia.<\/p>\n\n\n\n<p>Por su parte, la secretaria de Turismo local, Alejandra Frausto Guerrero, se\u00f1al\u00f3 que los festivales garantizar\u00e1n el acceso al esparcimiento, al deporte y a espacios seguros. Indic\u00f3 que estos espacios ser\u00e1n gratuitos y sin venta de alcohol, con el fin de promover la convivencia familiar, la cultura de paz, la protecci\u00f3n de las infancias y una vida libre de violencia hacia las mujeres.<\/p>\n\n\n\n<p>Inform\u00f3 que las sedes incluir\u00e1n el Parque de la Bombilla, en \u00c1lvaro Obreg\u00f3n; el Parque Tezoz\u00f3moc, en Azcapotzalco; el Deportivo Hermanos Galeana, en Gustavo A. Madero; el Parque de las Am\u00e9ricas, en Benito Ju\u00e1rez; el Parque de la Consolaci\u00f3n, en Coyoac\u00e1n; el Deportivo San Mateo Atenco, en Cuajimalpa; y la Plaza Garibaldi, en Cuauht\u00e9moc.<\/p>\n\n\n\n<p>Tambi\u00e9n se contemplan Campo Revoluci\u00f3n, en Gustavo A. Madero; el Deportivo Leandro Valle, en Iztacalco; Utop\u00eda Meyehualco y la Central de Abasto, en Iztapalapa; la Unidad Independencia, en La Magdalena Contreras; el Parque Cri-Cri, en Miguel Hidalgo; el Deportivo San Francisco Tecoxpa, en Milpa Alta; el Deportivo Vivanco, en Tlalpan; el Bosque de Tl\u00e1huac; la Utop\u00eda Deportivo Eduardo Molina, en Venustiano Carranza, y el Deportivo Xochimilco.<\/p>\n\n\n\n<p>Finalmente, invit\u00f3 a consultar la programaci\u00f3n, sedes e informaci\u00f3n a trav\u00e9s del chatbot Xoli, disponible v\u00eda WhatsApp, que funcionar\u00e1 como gu\u00eda para ubicar actividades y servicios durante la temporada mundialista.<\/p>\n\n\n\n<p>Por su parte, la secretaria de Cultura de la Ciudad de M\u00e9xico, Ana Francis L\u00f3pez Bayghen, inform\u00f3 que se integrar\u00e1 una programaci\u00f3n art\u00edstica en los 18 espacios, con el objetivo de reflejar la diversidad cultural de la capital.<\/p>\n\n\n\n<p>Entre las actividades, destac\u00f3 la exposici\u00f3n de arte p\u00fablico \u201cAxolotes en el coraz\u00f3n\u201d, integrada por figuras monumentales intervenidas por artistas y colectivos, as\u00ed como la presencia de alebrijes monumentales de la familia Linares. Asimismo, se realizar\u00e1n conciertos, presentaciones de sonideros, comparsas y batucadas.<\/p>\n","protected":false},"excerpt":{"rendered":"<p>Visitas: 8 Juan Ignacio Corro&nbsp; Ciudad de M\u00e9xico, a 29 de abril de 2026 La jefa de Gobierno de la Ciudad de M\u00e9xico present\u00f3 los 18 festivales futboleros que se realizar\u00e1n en la capital con motivo de la Copa Mundial de la FIFA 2026. Estos espacios contar\u00e1n con actividades culturales, deportivas y gastron\u00f3micas, as\u00ed como [&hellip;]<\/p>\n","protected":false},"author":5,"featured_media":18871,"comment_status":"open","ping_status":"open","sticky":false,"template":"","format":"standard","meta":{"site-sidebar-layout":"default","site-content-layout":"","ast-site-content-layout":"default","site-content-style":"default","site-sidebar-style":"default","ast-global-header-display":"","ast-banner-title-visibility":"","ast-main-header-display":"","ast-hfb-above-header-display":"","ast-hfb-below-header-display":"","ast-hfb-mobile-header-display":"","site-post-title":"","ast-breadcrumbs-content":"","ast-featured-img":"","footer-sml-layout":"","ast-disable-related-posts":"","theme-transparent-header-meta":"","adv-header-id-meta":"","stick-header-meta":"","header-above-stick-meta":"","header-main-stick-meta":"","header-below-stick-meta":"","astra-migrate-meta-layouts":"set","ast-page-background-enabled":"default","ast-page-background-meta":{"desktop":{"background-color":"var(--ast-global-color-4)","background-image":"","background-repeat":"repeat","background-position":"center center","background-size":"auto","background-attachment":"scroll","background-type":"","background-media":"","overlay-type":"","overlay-color":"","overlay-opacity":"","overlay-gradient":""},"tablet":{"background-color":"","background-image":"","background-repeat":"repeat","background-position":"center center","background-size":"auto","background-attachment":"scroll","background-type":"","background-media":"","overlay-type":"","overlay-color":"","overlay-opacity":"","overlay-gradient":""},"mobile":{"background-color":"","background-image":"","background-repeat":"repeat","background-position":"center center","background-size":"auto","background-attachment":"scroll","background-type":"","background-media":"","overlay-type":"","overlay-color":"","overlay-opacity":"","overlay-gradient":""}},"ast-content-background-meta":{"desktop":{"background-color":"var(--ast-global-color-5)","background-image":"","background-repeat":"repeat","background-position":"center center","background-size":"auto","background-attachment":"scroll","background-type":"","background-media":"","overlay-type":"","overlay-color":"","overlay-opacity":"","overlay-gradient":""},"tablet":{"background-color":"var(--ast-global-color-5)","background-image":"","background-repeat":"repeat","background-position":"center center","background-size":"auto","background-attachment":"scroll","background-type":"","background-media":"","overlay-type":"","overlay-color":"","overlay-opacity":"","overlay-gradient":""},"mobile":{"background-color":"var(--ast-global-color-5)","background-image":"","background-repeat":"repeat","background-position":"center center","background-size":"auto","background-attachment":"scroll","background-type":"","background-media":"","overlay-type":"","overlay-color":"","overlay-opacity":"","overlay-gradient":""}},"footnotes":""},"categories":[69,604,8,68],"tags":[535],"class_list":["post-18870","post","type-post","status-publish","format-standard","has-post-thumbnail","hentry","category-cdmx","category-copa-del-mundo","category-edomex","category-seguridad","tag-cdmx"],"yoast_head":"<!-- This site is optimized with the Yoast SEO plugin v27.4 - https:\/\/yoast.com\/product\/yoast-seo-wordpress\/ -->\n<title>Presentan 18 festividades futboleros para el mundial 2026 - Agencia252<\/title>\n<meta name=\"robots\" content=\"index, follow, max-snippet:-1, max-image-preview:large, max-video-preview:-1\" \/>\n<link rel=\"canonical\" href=\"https:\/\/agencia.252.com.mx\/home\/presentan-18-festividades-futboleros-para-el-mundial-2026\/\" \/>\n<meta property=\"og:locale\" content=\"es_ES\" \/>\n<meta property=\"og:type\" content=\"article\" \/>\n<meta property=\"og:title\" content=\"Presentan 18 festividades futboleros para el mundial 2026 - Agencia252\" \/>\n<meta property=\"og:description\" content=\"Visitas: 8 Juan Ignacio Corro&nbsp; Ciudad de M\u00e9xico, a 29 de abril de 2026 La jefa de Gobierno de la Ciudad de M\u00e9xico present\u00f3 los 18 festivales futboleros que se realizar\u00e1n en la capital con motivo de la Copa Mundial de la FIFA 2026. Estos espacios contar\u00e1n con actividades culturales, deportivas y gastron\u00f3micas, as\u00ed como [&hellip;]\" \/>\n<meta property=\"og:url\" content=\"https:\/\/agencia.252.com.mx\/home\/presentan-18-festividades-futboleros-para-el-mundial-2026\/\" \/>\n<meta property=\"og:site_name\" content=\"Agencia252\" \/>\n<meta property=\"article:publisher\" content=\"https:\/\/www.facebook.com\/252Comunicacion\/\" \/>\n<meta property=\"article:author\" content=\"https:\/\/www.facebook.com\/jcorroherrera\/\" \/>\n<meta property=\"article:published_time\" content=\"2026-04-29T21:26:43+00:00\" \/>\n<meta property=\"article:modified_time\" content=\"2026-04-29T21:26:44+00:00\" \/>\n<meta property=\"og:image\" content=\"http:\/\/agencia.252.com.mx\/wp-content\/uploads\/2026\/04\/WhatsApp-Image-2026-04-29-at-1.53.32-PM.jpeg\" \/>\n\t<meta property=\"og:image:width\" content=\"1280\" \/>\n\t<meta property=\"og:image:height\" content=\"853\" \/>\n\t<meta property=\"og:image:type\" content=\"image\/jpeg\" \/>\n<meta name=\"author\" content=\"Nacho Corro\" \/>\n<meta name=\"twitter:card\" content=\"summary_large_image\" \/>\n<meta name=\"twitter:creator\" content=\"@Juan Ignacio Corro Herrera\" \/>\n<meta name=\"twitter:site\" content=\"@252COMS\" \/>\n<meta name=\"twitter:label1\" content=\"Escrito por\" \/>\n\t<meta name=\"twitter:data1\" content=\"Nacho Corro\" \/>\n\t<meta name=\"twitter:label2\" content=\"Tiempo de lectura\" \/>\n\t<meta name=\"twitter:data2\" content=\"4 minutos\" \/>\n<script type=\"application\/ld+json\" class=\"yoast-schema-graph\">{\"@context\":\"https:\\\/\\\/schema.org\",\"@graph\":[{\"@type\":\"Article\",\"@id\":\"https:\\\/\\\/agencia.252.com.mx\\\/home\\\/presentan-18-festividades-futboleros-para-el-mundial-2026\\\/#article\",\"isPartOf\":{\"@id\":\"https:\\\/\\\/agencia.252.com.mx\\\/home\\\/presentan-18-festividades-futboleros-para-el-mundial-2026\\\/\"},\"author\":{\"name\":\"Nacho Corro\",\"@id\":\"https:\\\/\\\/agencia.252.com.mx\\\/home\\\/#\\\/schema\\\/person\\\/6b972021e9a92d45ade8c78d81509098\"},\"headline\":\"Presentan 18 festividades futboleros para el mundial 2026\",\"datePublished\":\"2026-04-29T21:26:43+00:00\",\"dateModified\":\"2026-04-29T21:26:44+00:00\",\"mainEntityOfPage\":{\"@id\":\"https:\\\/\\\/agencia.252.com.mx\\\/home\\\/presentan-18-festividades-futboleros-para-el-mundial-2026\\\/\"},\"wordCount\":675,\"commentCount\":0,\"publisher\":{\"@id\":\"https:\\\/\\\/agencia.252.com.mx\\\/home\\\/#organization\"},\"image\":{\"@id\":\"https:\\\/\\\/agencia.252.com.mx\\\/home\\\/presentan-18-festividades-futboleros-para-el-mundial-2026\\\/#primaryimage\"},\"thumbnailUrl\":\"https:\\\/\\\/agencia.252.com.mx\\\/wp-content\\\/uploads\\\/2026\\\/04\\\/WhatsApp-Image-2026-04-29-at-1.53.32-PM.jpeg\",\"keywords\":[\"CDMX\"],\"articleSection\":[\"CDMX\",\"Copa del Mundo\",\"Edomex\",\"Seguridad\"],\"inLanguage\":\"es\",\"potentialAction\":[{\"@type\":\"CommentAction\",\"name\":\"Comment\",\"target\":[\"https:\\\/\\\/agencia.252.com.mx\\\/home\\\/presentan-18-festividades-futboleros-para-el-mundial-2026\\\/#respond\"]}]},{\"@type\":\"WebPage\",\"@id\":\"https:\\\/\\\/agencia.252.com.mx\\\/home\\\/presentan-18-festividades-futboleros-para-el-mundial-2026\\\/\",\"url\":\"https:\\\/\\\/agencia.252.com.mx\\\/home\\\/presentan-18-festividades-futboleros-para-el-mundial-2026\\\/\",\"name\":\"Presentan 18 festividades futboleros para el mundial 2026 - Agencia252\",\"isPartOf\":{\"@id\":\"https:\\\/\\\/agencia.252.com.mx\\\/home\\\/#website\"},\"primaryImageOfPage\":{\"@id\":\"https:\\\/\\\/agencia.252.com.mx\\\/home\\\/presentan-18-festividades-futboleros-para-el-mundial-2026\\\/#primaryimage\"},\"image\":{\"@id\":\"https:\\\/\\\/agencia.252.com.mx\\\/home\\\/presentan-18-festividades-futboleros-para-el-mundial-2026\\\/#primaryimage\"},\"thumbnailUrl\":\"https:\\\/\\\/agencia.252.com.mx\\\/wp-content\\\/uploads\\\/2026\\\/04\\\/WhatsApp-Image-2026-04-29-at-1.53.32-PM.jpeg\",\"datePublished\":\"2026-04-29T21:26:43+00:00\",\"dateModified\":\"2026-04-29T21:26:44+00:00\",\"breadcrumb\":{\"@id\":\"https:\\\/\\\/agencia.252.com.mx\\\/home\\\/presentan-18-festividades-futboleros-para-el-mundial-2026\\\/#breadcrumb\"},\"inLanguage\":\"es\",\"potentialAction\":[{\"@type\":\"ReadAction\",\"target\":[\"https:\\\/\\\/agencia.252.com.mx\\\/home\\\/presentan-18-festividades-futboleros-para-el-mundial-2026\\\/\"]}]},{\"@type\":\"ImageObject\",\"inLanguage\":\"es\",\"@id\":\"https:\\\/\\\/agencia.252.com.mx\\\/home\\\/presentan-18-festividades-futboleros-para-el-mundial-2026\\\/#primaryimage\",\"url\":\"https:\\\/\\\/agencia.252.com.mx\\\/wp-content\\\/uploads\\\/2026\\\/04\\\/WhatsApp-Image-2026-04-29-at-1.53.32-PM.jpeg\",\"contentUrl\":\"https:\\\/\\\/agencia.252.com.mx\\\/wp-content\\\/uploads\\\/2026\\\/04\\\/WhatsApp-Image-2026-04-29-at-1.53.32-PM.jpeg\",\"width\":1280,\"height\":853},{\"@type\":\"BreadcrumbList\",\"@id\":\"https:\\\/\\\/agencia.252.com.mx\\\/home\\\/presentan-18-festividades-futboleros-para-el-mundial-2026\\\/#breadcrumb\",\"itemListElement\":[{\"@type\":\"ListItem\",\"position\":1,\"name\":\"Portada\",\"item\":\"https:\\\/\\\/agencia.252.com.mx\\\/home\\\/\"},{\"@type\":\"ListItem\",\"position\":2,\"name\":\"Presentan 18 festividades futboleros para el mundial 2026\"}]},{\"@type\":\"WebSite\",\"@id\":\"https:\\\/\\\/agencia.252.com.mx\\\/home\\\/#website\",\"url\":\"https:\\\/\\\/agencia.252.com.mx\\\/home\\\/\",\"name\":\"Agencia252\",\"description\":\"Tu espacio en la Red\",\"publisher\":{\"@id\":\"https:\\\/\\\/agencia.252.com.mx\\\/home\\\/#organization\"},\"potentialAction\":[{\"@type\":\"SearchAction\",\"target\":{\"@type\":\"EntryPoint\",\"urlTemplate\":\"https:\\\/\\\/agencia.252.com.mx\\\/home\\\/?s={search_term_string}\"},\"query-input\":{\"@type\":\"PropertyValueSpecification\",\"valueRequired\":true,\"valueName\":\"search_term_string\"}}],\"inLanguage\":\"es\"},{\"@type\":\"Organization\",\"@id\":\"https:\\\/\\\/agencia.252.com.mx\\\/home\\\/#organization\",\"name\":\"Agencia252\",\"url\":\"https:\\\/\\\/agencia.252.com.mx\\\/home\\\/\",\"logo\":{\"@type\":\"ImageObject\",\"inLanguage\":\"es\",\"@id\":\"https:\\\/\\\/agencia.252.com.mx\\\/home\\\/#\\\/schema\\\/logo\\\/image\\\/\",\"url\":\"https:\\\/\\\/agencia.252.com.mx\\\/wp-content\\\/uploads\\\/2023\\\/02\\\/cropped-ciruclo-agencia-e1677562404136.png\",\"contentUrl\":\"https:\\\/\\\/agencia.252.com.mx\\\/wp-content\\\/uploads\\\/2023\\\/02\\\/cropped-ciruclo-agencia-e1677562404136.png\",\"width\":512,\"height\":512,\"caption\":\"Agencia252\"},\"image\":{\"@id\":\"https:\\\/\\\/agencia.252.com.mx\\\/home\\\/#\\\/schema\\\/logo\\\/image\\\/\"},\"sameAs\":[\"https:\\\/\\\/www.facebook.com\\\/252Comunicacion\\\/\",\"https:\\\/\\\/x.com\\\/252COMS\"]},{\"@type\":\"Person\",\"@id\":\"https:\\\/\\\/agencia.252.com.mx\\\/home\\\/#\\\/schema\\\/person\\\/6b972021e9a92d45ade8c78d81509098\",\"name\":\"Nacho Corro\",\"image\":{\"@type\":\"ImageObject\",\"inLanguage\":\"es\",\"@id\":\"https:\\\/\\\/secure.gravatar.com\\\/avatar\\\/5db6df507cfe1307e192fbb498c6b85f1cf2ffd8b4cd37141b9eea588fcbd5a4?s=96&r=g\",\"url\":\"https:\\\/\\\/secure.gravatar.com\\\/avatar\\\/5db6df507cfe1307e192fbb498c6b85f1cf2ffd8b4cd37141b9eea588fcbd5a4?s=96&r=g\",\"contentUrl\":\"https:\\\/\\\/secure.gravatar.com\\\/avatar\\\/5db6df507cfe1307e192fbb498c6b85f1cf2ffd8b4cd37141b9eea588fcbd5a4?s=96&r=g\",\"caption\":\"Nacho Corro\"},\"description\":\"Comunicador Social, Periodista y Administraci\u00f3n P\u00fablica. Conversador pol\u00edtico, temas electorales y seguridad. Generador de contenidos digitales. Amante de la fotograf\u00eda\",\"sameAs\":[\"https:\\\/\\\/www.facebook.com\\\/jcorroherrera\\\/\",\"www.instagram.com\\\/nachocorro\\\/\",\"https:\\\/\\\/x.com\\\/Juan Ignacio Corro Herrera\"],\"url\":\"https:\\\/\\\/agencia.252.com.mx\\\/home\\\/author\\\/i-corro\\\/\"}]}<\/script>\n<!-- \/ Yoast SEO plugin. -->","yoast_head_json":{"title":"Presentan 18 festividades futboleros para el mundial 2026 - Agencia252","robots":{"index":"index","follow":"follow","max-snippet":"max-snippet:-1","max-image-preview":"max-image-preview:large","max-video-preview":"max-video-preview:-1"},"canonical":"https:\/\/agencia.252.com.mx\/home\/presentan-18-festividades-futboleros-para-el-mundial-2026\/","og_locale":"es_ES","og_type":"article","og_title":"Presentan 18 festividades futboleros para el mundial 2026 - Agencia252","og_description":"Visitas: 8 Juan Ignacio Corro&nbsp; Ciudad de M\u00e9xico, a 29 de abril de 2026 La jefa de Gobierno de la Ciudad de M\u00e9xico present\u00f3 los 18 festivales futboleros que se realizar\u00e1n en la capital con motivo de la Copa Mundial de la FIFA 2026. Estos espacios contar\u00e1n con actividades culturales, deportivas y gastron\u00f3micas, as\u00ed como [&hellip;]","og_url":"https:\/\/agencia.252.com.mx\/home\/presentan-18-festividades-futboleros-para-el-mundial-2026\/","og_site_name":"Agencia252","article_publisher":"https:\/\/www.facebook.com\/252Comunicacion\/","article_author":"https:\/\/www.facebook.com\/jcorroherrera\/","article_published_time":"2026-04-29T21:26:43+00:00","article_modified_time":"2026-04-29T21:26:44+00:00","og_image":[{"width":1280,"height":853,"url":"http:\/\/agencia.252.com.mx\/wp-content\/uploads\/2026\/04\/WhatsApp-Image-2026-04-29-at-1.53.32-PM.jpeg","type":"image\/jpeg"}],"author":"Nacho Corro","twitter_card":"summary_large_image","twitter_creator":"@Juan Ignacio Corro Herrera","twitter_site":"@252COMS","twitter_misc":{"Escrito por":"Nacho Corro","Tiempo de lectura":"4 minutos"},"schema":{"@context":"https:\/\/schema.org","@graph":[{"@type":"Article","@id":"https:\/\/agencia.252.com.mx\/home\/presentan-18-festividades-futboleros-para-el-mundial-2026\/#article","isPartOf":{"@id":"https:\/\/agencia.252.com.mx\/home\/presentan-18-festividades-futboleros-para-el-mundial-2026\/"},"author":{"name":"Nacho Corro","@id":"https:\/\/agencia.252.com.mx\/home\/#\/schema\/person\/6b972021e9a92d45ade8c78d81509098"},"headline":"Presentan 18 festividades futboleros para el mundial 2026","datePublished":"2026-04-29T21:26:43+00:00","dateModified":"2026-04-29T21:26:44+00:00","mainEntityOfPage":{"@id":"https:\/\/agencia.252.com.mx\/home\/presentan-18-festividades-futboleros-para-el-mundial-2026\/"},"wordCount":675,"commentCount":0,"publisher":{"@id":"https:\/\/agencia.252.com.mx\/home\/#organization"},"image":{"@id":"https:\/\/agencia.252.com.mx\/home\/presentan-18-festividades-futboleros-para-el-mundial-2026\/#primaryimage"},"thumbnailUrl":"https:\/\/agencia.252.com.mx\/wp-content\/uploads\/2026\/04\/WhatsApp-Image-2026-04-29-at-1.53.32-PM.jpeg","keywords":["CDMX"],"articleSection":["CDMX","Copa del Mundo","Edomex","Seguridad"],"inLanguage":"es","potentialAction":[{"@type":"CommentAction","name":"Comment","target":["https:\/\/agencia.252.com.mx\/home\/presentan-18-festividades-futboleros-para-el-mundial-2026\/#respond"]}]},{"@type":"WebPage","@id":"https:\/\/agencia.252.com.mx\/home\/presentan-18-festividades-futboleros-para-el-mundial-2026\/","url":"https:\/\/agencia.252.com.mx\/home\/presentan-18-festividades-futboleros-para-el-mundial-2026\/","name":"Presentan 18 festividades futboleros para el mundial 2026 - Agencia252","isPartOf":{"@id":"https:\/\/agencia.252.com.mx\/home\/#website"},"primaryImageOfPage":{"@id":"https:\/\/agencia.252.com.mx\/home\/presentan-18-festividades-futboleros-para-el-mundial-2026\/#primaryimage"},"image":{"@id":"https:\/\/agencia.252.com.mx\/home\/presentan-18-festividades-futboleros-para-el-mundial-2026\/#primaryimage"},"thumbnailUrl":"https:\/\/agencia.252.com.mx\/wp-content\/uploads\/2026\/04\/WhatsApp-Image-2026-04-29-at-1.53.32-PM.jpeg","datePublished":"2026-04-29T21:26:43+00:00","dateModified":"2026-04-29T21:26:44+00:00","breadcrumb":{"@id":"https:\/\/agencia.252.com.mx\/home\/presentan-18-festividades-futboleros-para-el-mundial-2026\/#breadcrumb"},"inLanguage":"es","potentialAction":[{"@type":"ReadAction","target":["https:\/\/agencia.252.com.mx\/home\/presentan-18-festividades-futboleros-para-el-mundial-2026\/"]}]},{"@type":"ImageObject","inLanguage":"es","@id":"https:\/\/agencia.252.com.mx\/home\/presentan-18-festividades-futboleros-para-el-mundial-2026\/#primaryimage","url":"https:\/\/agencia.252.com.mx\/wp-content\/uploads\/2026\/04\/WhatsApp-Image-2026-04-29-at-1.53.32-PM.jpeg","contentUrl":"https:\/\/agencia.252.com.mx\/wp-content\/uploads\/2026\/04\/WhatsApp-Image-2026-04-29-at-1.53.32-PM.jpeg","width":1280,"height":853},{"@type":"BreadcrumbList","@id":"https:\/\/agencia.252.com.mx\/home\/presentan-18-festividades-futboleros-para-el-mundial-2026\/#breadcrumb","itemListElement":[{"@type":"ListItem","position":1,"name":"Portada","item":"https:\/\/agencia.252.com.mx\/home\/"},{"@type":"ListItem","position":2,"name":"Presentan 18 festividades futboleros para el mundial 2026"}]},{"@type":"WebSite","@id":"https:\/\/agencia.252.com.mx\/home\/#website","url":"https:\/\/agencia.252.com.mx\/home\/","name":"Agencia252","description":"Tu espacio en la Red","publisher":{"@id":"https:\/\/agencia.252.com.mx\/home\/#organization"},"potentialAction":[{"@type":"SearchAction","target":{"@type":"EntryPoint","urlTemplate":"https:\/\/agencia.252.com.mx\/home\/?s={search_term_string}"},"query-input":{"@type":"PropertyValueSpecification","valueRequired":true,"valueName":"search_term_string"}}],"inLanguage":"es"},{"@type":"Organization","@id":"https:\/\/agencia.252.com.mx\/home\/#organization","name":"Agencia252","url":"https:\/\/agencia.252.com.mx\/home\/","logo":{"@type":"ImageObject","inLanguage":"es","@id":"https:\/\/agencia.252.com.mx\/home\/#\/schema\/logo\/image\/","url":"https:\/\/agencia.252.com.mx\/wp-content\/uploads\/2023\/02\/cropped-ciruclo-agencia-e1677562404136.png","contentUrl":"https:\/\/agencia.252.com.mx\/wp-content\/uploads\/2023\/02\/cropped-ciruclo-agencia-e1677562404136.png","width":512,"height":512,"caption":"Agencia252"},"image":{"@id":"https:\/\/agencia.252.com.mx\/home\/#\/schema\/logo\/image\/"},"sameAs":["https:\/\/www.facebook.com\/252Comunicacion\/","https:\/\/x.com\/252COMS"]},{"@type":"Person","@id":"https:\/\/agencia.252.com.mx\/home\/#\/schema\/person\/6b972021e9a92d45ade8c78d81509098","name":"Nacho Corro","image":{"@type":"ImageObject","inLanguage":"es","@id":"https:\/\/secure.gravatar.com\/avatar\/5db6df507cfe1307e192fbb498c6b85f1cf2ffd8b4cd37141b9eea588fcbd5a4?s=96&r=g","url":"https:\/\/secure.gravatar.com\/avatar\/5db6df507cfe1307e192fbb498c6b85f1cf2ffd8b4cd37141b9eea588fcbd5a4?s=96&r=g","contentUrl":"https:\/\/secure.gravatar.com\/avatar\/5db6df507cfe1307e192fbb498c6b85f1cf2ffd8b4cd37141b9eea588fcbd5a4?s=96&r=g","caption":"Nacho Corro"},"description":"Comunicador Social, Periodista y Administraci\u00f3n P\u00fablica. Conversador pol\u00edtico, temas electorales y seguridad. Generador de contenidos digitales. Amante de la fotograf\u00eda","sameAs":["https:\/\/www.facebook.com\/jcorroherrera\/","www.instagram.com\/nachocorro\/","https:\/\/x.com\/Juan Ignacio Corro Herrera"],"url":"https:\/\/agencia.252.com.mx\/home\/author\/i-corro\/"}]}},"_links":{"self":[{"href":"https:\/\/agencia.252.com.mx\/home\/wp-json\/wp\/v2\/posts\/18870","targetHints":{"allow":["GET"]}}],"collection":[{"href":"https:\/\/agencia.252.com.mx\/home\/wp-json\/wp\/v2\/posts"}],"about":[{"href":"https:\/\/agencia.252.com.mx\/home\/wp-json\/wp\/v2\/types\/post"}],"author":[{"embeddable":true,"href":"https:\/\/agencia.252.com.mx\/home\/wp-json\/wp\/v2\/users\/5"}],"replies":[{"embeddable":true,"href":"https:\/\/agencia.252.com.mx\/home\/wp-json\/wp\/v2\/comments?post=18870"}],"version-history":[{"count":1,"href":"https:\/\/agencia.252.com.mx\/home\/wp-json\/wp\/v2\/posts\/18870\/revisions"}],"predecessor-version":[{"id":18873,"href":"https:\/\/agencia.252.com.mx\/home\/wp-json\/wp\/v2\/posts\/18870\/revisions\/18873"}],"wp:featuredmedia":[{"embeddable":true,"href":"https:\/\/agencia.252.com.mx\/home\/wp-json\/wp\/v2\/media\/18871"}],"wp:attachment":[{"href":"https:\/\/agencia.252.com.mx\/home\/wp-json\/wp\/v2\/media?parent=18870"}],"wp:term":[{"taxonomy":"category","embeddable":true,"href":"https:\/\/agencia.252.com.mx\/home\/wp-json\/wp\/v2\/categories?post=18870"},{"taxonomy":"post_tag","embeddable":true,"href":"https:\/\/agencia.252.com.mx\/home\/wp-json\/wp\/v2\/tags?post=18870"}],"curies":[{"name":"wp","href":"https:\/\/api.w.org\/{rel}","templated":true}]}}