{"id":18865,"date":"2026-04-30T15:28:47","date_gmt":"2026-04-30T21:28:47","guid":{"rendered":"https:\/\/agencia.252.com.mx\/home\/?p=18865"},"modified":"2026-04-30T15:28:49","modified_gmt":"2026-04-30T21:28:49","slug":"los-asesinos-de-una-familia-en-alcaldia-azcapotzalco-pertenecen-al-cartel-la-union","status":"publish","type":"post","link":"https:\/\/agencia.252.com.mx\/home\/los-asesinos-de-una-familia-en-alcaldia-azcapotzalco-pertenecen-al-cartel-la-union\/","title":{"rendered":"Los asesinos de una familia en Alcald\u00eda Azcapotzalco pertenecen al Cartel La Uni\u00f3n"},"content":{"rendered":"<p>Visitas: 0<\/p>\n<ul class=\"wp-block-list\">\n<li><em>En la acci\u00f3n se recuperaron dos camionetas de lujo con reporte de robo y se aseguraron armas de fuego y posible droga.<\/em><\/li>\n<\/ul>\n\n\n\n<p>Juan Ignacio Corro&nbsp;<\/p>\n\n\n\n<p class=\"has-text-align-right\">Atizap\u00e1n, Estado de M\u00e9xico, a 29 de abril de 2026<\/p>\n\n\n\n<p>Las cuatro personas\u00a0responsables del cu\u00e1druple homicidio en la colonia Nueva Santa Mar\u00eda, alcald\u00eda Azcapotzalco, en la Ciudad de M\u00e9xico, y detenidos en Atizap\u00e1n son integrantes del grupo delictivo La Uni\u00f3n, adem\u00e1s de su aparente implicaci\u00f3n en delitos contra la salud y portaci\u00f3n de armas de fuego.<\/p>\n\n\n\n<p>Tras los hechos el pasado 28 de abril, Personal del C2 Poniente de la Ciudad de M\u00e9xico solicit\u00f3 apoyo para el seguimiento de dos veh\u00edculos con reporte de robo que ingresaron a territorio mexiquense; simult\u00e1neamente, operadores del Centro de Control, Comando, Comunicaci\u00f3n, C\u00f3mputo y Calidad (C5) fueron informados a trav\u00e9s del N\u00famero Nacional de Emergencias 9-1-1 sobre el robo de una de las camionetas. En la denuncia, un ciudadano refiri\u00f3 que durante el atraco una familia fue privada de la vida.<\/p>\n\n\n\n<figure class=\"wp-block-gallery has-nested-images columns-default is-cropped wp-block-gallery-1 is-layout-flex wp-block-gallery-is-layout-flex\">\n<figure class=\"wp-block-image size-large\"><img fetchpriority=\"high\" decoding=\"async\" width=\"1024\" height=\"768\" data-id=\"18867\" src=\"https:\/\/agencia.252.com.mx\/wp-content\/uploads\/2026\/04\/WhatsApp-Image-2026-04-29-at-1.04.55-PM-1024x768.jpeg\" alt=\"\" class=\"wp-image-18867\" srcset=\"https:\/\/agencia.252.com.mx\/wp-content\/uploads\/2026\/04\/WhatsApp-Image-2026-04-29-at-1.04.55-PM-1024x768.jpeg 1024w, https:\/\/agencia.252.com.mx\/wp-content\/uploads\/2026\/04\/WhatsApp-Image-2026-04-29-at-1.04.55-PM-300x225.jpeg 300w, https:\/\/agencia.252.com.mx\/wp-content\/uploads\/2026\/04\/WhatsApp-Image-2026-04-29-at-1.04.55-PM-768x576.jpeg 768w, https:\/\/agencia.252.com.mx\/wp-content\/uploads\/2026\/04\/WhatsApp-Image-2026-04-29-at-1.04.55-PM.jpeg 1280w\" sizes=\"(max-width: 1024px) 100vw, 1024px\" \/><\/figure>\n\n\n\n<figure class=\"wp-block-image size-large\"><img decoding=\"async\" width=\"1024\" height=\"622\" data-id=\"18868\" src=\"https:\/\/agencia.252.com.mx\/wp-content\/uploads\/2026\/04\/WhatsApp-Image-2026-04-29-at-1.04.55-PM-4-1024x622.jpeg\" alt=\"\" class=\"wp-image-18868\" srcset=\"https:\/\/agencia.252.com.mx\/wp-content\/uploads\/2026\/04\/WhatsApp-Image-2026-04-29-at-1.04.55-PM-4-1024x622.jpeg 1024w, https:\/\/agencia.252.com.mx\/wp-content\/uploads\/2026\/04\/WhatsApp-Image-2026-04-29-at-1.04.55-PM-4-300x182.jpeg 300w, https:\/\/agencia.252.com.mx\/wp-content\/uploads\/2026\/04\/WhatsApp-Image-2026-04-29-at-1.04.55-PM-4-768x466.jpeg 768w, https:\/\/agencia.252.com.mx\/wp-content\/uploads\/2026\/04\/WhatsApp-Image-2026-04-29-at-1.04.55-PM-4.jpeg 1280w\" sizes=\"(max-width: 1024px) 100vw, 1024px\" \/><\/figure>\n\n\n\n<figure class=\"wp-block-image size-large\"><img decoding=\"async\" width=\"1024\" height=\"768\" data-id=\"18869\" src=\"https:\/\/agencia.252.com.mx\/wp-content\/uploads\/2026\/04\/WhatsApp-Image-2026-04-29-at-1.04.55-PM-3-1024x768.jpeg\" alt=\"\" class=\"wp-image-18869\" srcset=\"https:\/\/agencia.252.com.mx\/wp-content\/uploads\/2026\/04\/WhatsApp-Image-2026-04-29-at-1.04.55-PM-3-1024x768.jpeg 1024w, https:\/\/agencia.252.com.mx\/wp-content\/uploads\/2026\/04\/WhatsApp-Image-2026-04-29-at-1.04.55-PM-3-300x225.jpeg 300w, https:\/\/agencia.252.com.mx\/wp-content\/uploads\/2026\/04\/WhatsApp-Image-2026-04-29-at-1.04.55-PM-3-768x576.jpeg 768w, https:\/\/agencia.252.com.mx\/wp-content\/uploads\/2026\/04\/WhatsApp-Image-2026-04-29-at-1.04.55-PM-3.jpeg 1280w\" sizes=\"(max-width: 1024px) 100vw, 1024px\" \/><\/figure>\n<\/figure>\n\n\n\n<p>Con la informaci\u00f3n aportada por el C2 Poniente, personal del C5 Edom\u00e9x realiz\u00f3 un an\u00e1lisis videogr\u00e1fico que permiti\u00f3 establecer la \u00faltima ubicaci\u00f3n de las unidades en la colonia Francisco Villa, en Tlalnepantla, con direcci\u00f3n a Atizap\u00e1n de Zaragoza, de manera inmediata, se alert\u00f3 a los elementos en campo para su intervenci\u00f3n.<\/p>\n\n\n\n<p>Efectivos de la dependencia estatal, implementaron un operativo de b\u00fasqueda y ubicaron las camionetas en la colonia Las Arboledas, en Atizap\u00e1n de Zaragoza; al arribar al sitio, los sospechosos agredieron con armas de fuego a los elementos de seguridad, resultando heridos dos polic\u00edas municipales.<\/p>\n\n\n\n<p>Tras neutralizar el ataque se logr\u00f3 la captura de Jos\u00e9 \u201cN\u201d de 21 a\u00f1os, Mar\u00eda de Jes\u00fas \u201cN\u201d de 24 a\u00f1os, Francisco \u201cN\u201d de 36 a\u00f1os y Emiliano \u201cN\u201d de 20 a\u00f1os, este \u00faltimo fue trasladado bajo custodia al Hospital Adolfo L\u00f3pez Mateos, en Toluca, para su atenci\u00f3n m\u00e9dica, ya que result\u00f3 herido por proyectil de arma de fuego, en el intercambio de disparos.<\/p>\n\n\n\n<p>Acorde con las primeras indagatorias este grupo podr\u00eda estar relacionado en delitos como extorsi\u00f3n, despojo de inmuebles, narcotr\u00e1fico y homicidio, por lo que se extender\u00e1n las averiguaciones.<\/p>\n\n\n\n<p>Luego de una inspecci\u00f3n protocolaria en el sitio se aseguraron dos armas de fuego cortas, cargadores, cartuchos \u00fatiles y un silenciador, adem\u00e1s de 55 dosis de hierba verde y seca con caracter\u00edsticas de la marihuana y 40 envoltorios de posible coca\u00edna en piedra, una mochila denominada mariconera y dos tel\u00e9fonos celulares, asimismo se recuperaron dos camionetas con reporte de robo.<\/p>\n\n\n\n<p>Al lugar arrib\u00f3 personal de Protecci\u00f3n Civil municipal para la valoraci\u00f3n de los heridos. En tanto, los dos elementos de la Polic\u00eda Municipal que resultaron lesionados en cumplimiento de su deber fueron trasladados a un nosocomio para su atenci\u00f3n m\u00e9dica y se encuentran fuera de peligro.<\/p>\n","protected":false},"excerpt":{"rendered":"<p>Visitas: 0 Juan Ignacio Corro&nbsp; Atizap\u00e1n, Estado de M\u00e9xico, a 29 de abril de 2026 Las cuatro personas\u00a0responsables del cu\u00e1druple homicidio en la colonia Nueva Santa Mar\u00eda, alcald\u00eda Azcapotzalco, en la Ciudad de M\u00e9xico, y detenidos en Atizap\u00e1n son integrantes del grupo delictivo La Uni\u00f3n, adem\u00e1s de su aparente implicaci\u00f3n en delitos contra la salud [&hellip;]<\/p>\n","protected":false},"author":5,"featured_media":18869,"comment_status":"open","ping_status":"open","sticky":false,"template":"","format":"standard","meta":{"site-sidebar-layout":"default","site-content-layout":"","ast-site-content-layout":"default","site-content-style":"default","site-sidebar-style":"default","ast-global-header-display":"","ast-banner-title-visibility":"","ast-main-header-display":"","ast-hfb-above-header-display":"","ast-hfb-below-header-display":"","ast-hfb-mobile-header-display":"","site-post-title":"","ast-breadcrumbs-content":"","ast-featured-img":"","footer-sml-layout":"","ast-disable-related-posts":"","theme-transparent-header-meta":"","adv-header-id-meta":"","stick-header-meta":"","header-above-stick-meta":"","header-main-stick-meta":"","header-below-stick-meta":"","astra-migrate-meta-layouts":"set","ast-page-background-enabled":"default","ast-page-background-meta":{"desktop":{"background-color":"var(--ast-global-color-4)","background-image":"","background-repeat":"repeat","background-position":"center center","background-size":"auto","background-attachment":"scroll","background-type":"","background-media":"","overlay-type":"","overlay-color":"","overlay-opacity":"","overlay-gradient":""},"tablet":{"background-color":"","background-image":"","background-repeat":"repeat","background-position":"center center","background-size":"auto","background-attachment":"scroll","background-type":"","background-media":"","overlay-type":"","overlay-color":"","overlay-opacity":"","overlay-gradient":""},"mobile":{"background-color":"","background-image":"","background-repeat":"repeat","background-position":"center center","background-size":"auto","background-attachment":"scroll","background-type":"","background-media":"","overlay-type":"","overlay-color":"","overlay-opacity":"","overlay-gradient":""}},"ast-content-background-meta":{"desktop":{"background-color":"var(--ast-global-color-5)","background-image":"","background-repeat":"repeat","background-position":"center center","background-size":"auto","background-attachment":"scroll","background-type":"","background-media":"","overlay-type":"","overlay-color":"","overlay-opacity":"","overlay-gradient":""},"tablet":{"background-color":"var(--ast-global-color-5)","background-image":"","background-repeat":"repeat","background-position":"center center","background-size":"auto","background-attachment":"scroll","background-type":"","background-media":"","overlay-type":"","overlay-color":"","overlay-opacity":"","overlay-gradient":""},"mobile":{"background-color":"var(--ast-global-color-5)","background-image":"","background-repeat":"repeat","background-position":"center center","background-size":"auto","background-attachment":"scroll","background-type":"","background-media":"","overlay-type":"","overlay-color":"","overlay-opacity":"","overlay-gradient":""}},"footnotes":""},"categories":[265,8,68],"tags":[526],"class_list":["post-18865","post","type-post","status-publish","format-standard","has-post-thumbnail","hentry","category-delincuencia","category-edomex","category-seguridad","tag-edomex"],"yoast_head":"<!-- This site is optimized with the Yoast SEO plugin v27.4 - https:\/\/yoast.com\/product\/yoast-seo-wordpress\/ -->\n<title>Los asesinos de una familia en Alcald\u00eda Azcapotzalco pertenecen al Cartel La Uni\u00f3n - Agencia252<\/title>\n<meta name=\"robots\" content=\"index, follow, max-snippet:-1, max-image-preview:large, max-video-preview:-1\" \/>\n<link rel=\"canonical\" href=\"https:\/\/agencia.252.com.mx\/home\/los-asesinos-de-una-familia-en-alcaldia-azcapotzalco-pertenecen-al-cartel-la-union\/\" \/>\n<meta property=\"og:locale\" content=\"es_ES\" \/>\n<meta property=\"og:type\" content=\"article\" \/>\n<meta property=\"og:title\" content=\"Los asesinos de una familia en Alcald\u00eda Azcapotzalco pertenecen al Cartel La Uni\u00f3n - Agencia252\" \/>\n<meta property=\"og:description\" content=\"Visitas: 0 Juan Ignacio Corro&nbsp; Atizap\u00e1n, Estado de M\u00e9xico, a 29 de abril de 2026 Las cuatro personas\u00a0responsables del cu\u00e1druple homicidio en la colonia Nueva Santa Mar\u00eda, alcald\u00eda Azcapotzalco, en la Ciudad de M\u00e9xico, y detenidos en Atizap\u00e1n son integrantes del grupo delictivo La Uni\u00f3n, adem\u00e1s de su aparente implicaci\u00f3n en delitos contra la salud [&hellip;]\" \/>\n<meta property=\"og:url\" content=\"https:\/\/agencia.252.com.mx\/home\/los-asesinos-de-una-familia-en-alcaldia-azcapotzalco-pertenecen-al-cartel-la-union\/\" \/>\n<meta property=\"og:site_name\" content=\"Agencia252\" \/>\n<meta property=\"article:publisher\" content=\"https:\/\/www.facebook.com\/252Comunicacion\/\" \/>\n<meta property=\"article:author\" content=\"https:\/\/www.facebook.com\/jcorroherrera\/\" \/>\n<meta property=\"article:published_time\" content=\"2026-04-30T21:28:47+00:00\" \/>\n<meta property=\"article:modified_time\" content=\"2026-04-30T21:28:49+00:00\" \/>\n<meta property=\"og:image\" content=\"http:\/\/agencia.252.com.mx\/wp-content\/uploads\/2026\/04\/WhatsApp-Image-2026-04-29-at-1.04.55-PM-3.jpeg\" \/>\n\t<meta property=\"og:image:width\" content=\"1280\" \/>\n\t<meta property=\"og:image:height\" content=\"960\" \/>\n\t<meta property=\"og:image:type\" content=\"image\/jpeg\" \/>\n<meta name=\"author\" content=\"Nacho Corro\" \/>\n<meta name=\"twitter:card\" content=\"summary_large_image\" \/>\n<meta name=\"twitter:creator\" content=\"@Juan Ignacio Corro Herrera\" \/>\n<meta name=\"twitter:site\" content=\"@252COMS\" \/>\n<meta name=\"twitter:label1\" content=\"Escrito por\" \/>\n\t<meta name=\"twitter:data1\" content=\"Nacho Corro\" \/>\n\t<meta name=\"twitter:label2\" content=\"Tiempo de lectura\" \/>\n\t<meta name=\"twitter:data2\" content=\"3 minutos\" \/>\n<script type=\"application\/ld+json\" class=\"yoast-schema-graph\">{\"@context\":\"https:\\\/\\\/schema.org\",\"@graph\":[{\"@type\":\"Article\",\"@id\":\"https:\\\/\\\/agencia.252.com.mx\\\/home\\\/los-asesinos-de-una-familia-en-alcaldia-azcapotzalco-pertenecen-al-cartel-la-union\\\/#article\",\"isPartOf\":{\"@id\":\"https:\\\/\\\/agencia.252.com.mx\\\/home\\\/los-asesinos-de-una-familia-en-alcaldia-azcapotzalco-pertenecen-al-cartel-la-union\\\/\"},\"author\":{\"name\":\"Nacho Corro\",\"@id\":\"https:\\\/\\\/agencia.252.com.mx\\\/home\\\/#\\\/schema\\\/person\\\/6b972021e9a92d45ade8c78d81509098\"},\"headline\":\"Los asesinos de una familia en Alcald\u00eda Azcapotzalco pertenecen al Cartel La Uni\u00f3n\",\"datePublished\":\"2026-04-30T21:28:47+00:00\",\"dateModified\":\"2026-04-30T21:28:49+00:00\",\"mainEntityOfPage\":{\"@id\":\"https:\\\/\\\/agencia.252.com.mx\\\/home\\\/los-asesinos-de-una-familia-en-alcaldia-azcapotzalco-pertenecen-al-cartel-la-union\\\/\"},\"wordCount\":516,\"commentCount\":0,\"publisher\":{\"@id\":\"https:\\\/\\\/agencia.252.com.mx\\\/home\\\/#organization\"},\"image\":{\"@id\":\"https:\\\/\\\/agencia.252.com.mx\\\/home\\\/los-asesinos-de-una-familia-en-alcaldia-azcapotzalco-pertenecen-al-cartel-la-union\\\/#primaryimage\"},\"thumbnailUrl\":\"https:\\\/\\\/agencia.252.com.mx\\\/wp-content\\\/uploads\\\/2026\\\/04\\\/WhatsApp-Image-2026-04-29-at-1.04.55-PM-3.jpeg\",\"keywords\":[\"Edomex\"],\"articleSection\":[\"Delincuencia\",\"Edomex\",\"Seguridad\"],\"inLanguage\":\"es\",\"potentialAction\":[{\"@type\":\"CommentAction\",\"name\":\"Comment\",\"target\":[\"https:\\\/\\\/agencia.252.com.mx\\\/home\\\/los-asesinos-de-una-familia-en-alcaldia-azcapotzalco-pertenecen-al-cartel-la-union\\\/#respond\"]}]},{\"@type\":\"WebPage\",\"@id\":\"https:\\\/\\\/agencia.252.com.mx\\\/home\\\/los-asesinos-de-una-familia-en-alcaldia-azcapotzalco-pertenecen-al-cartel-la-union\\\/\",\"url\":\"https:\\\/\\\/agencia.252.com.mx\\\/home\\\/los-asesinos-de-una-familia-en-alcaldia-azcapotzalco-pertenecen-al-cartel-la-union\\\/\",\"name\":\"Los asesinos de una familia en Alcald\u00eda Azcapotzalco pertenecen al Cartel La Uni\u00f3n - Agencia252\",\"isPartOf\":{\"@id\":\"https:\\\/\\\/agencia.252.com.mx\\\/home\\\/#website\"},\"primaryImageOfPage\":{\"@id\":\"https:\\\/\\\/agencia.252.com.mx\\\/home\\\/los-asesinos-de-una-familia-en-alcaldia-azcapotzalco-pertenecen-al-cartel-la-union\\\/#primaryimage\"},\"image\":{\"@id\":\"https:\\\/\\\/agencia.252.com.mx\\\/home\\\/los-asesinos-de-una-familia-en-alcaldia-azcapotzalco-pertenecen-al-cartel-la-union\\\/#primaryimage\"},\"thumbnailUrl\":\"https:\\\/\\\/agencia.252.com.mx\\\/wp-content\\\/uploads\\\/2026\\\/04\\\/WhatsApp-Image-2026-04-29-at-1.04.55-PM-3.jpeg\",\"datePublished\":\"2026-04-30T21:28:47+00:00\",\"dateModified\":\"2026-04-30T21:28:49+00:00\",\"breadcrumb\":{\"@id\":\"https:\\\/\\\/agencia.252.com.mx\\\/home\\\/los-asesinos-de-una-familia-en-alcaldia-azcapotzalco-pertenecen-al-cartel-la-union\\\/#breadcrumb\"},\"inLanguage\":\"es\",\"potentialAction\":[{\"@type\":\"ReadAction\",\"target\":[\"https:\\\/\\\/agencia.252.com.mx\\\/home\\\/los-asesinos-de-una-familia-en-alcaldia-azcapotzalco-pertenecen-al-cartel-la-union\\\/\"]}]},{\"@type\":\"ImageObject\",\"inLanguage\":\"es\",\"@id\":\"https:\\\/\\\/agencia.252.com.mx\\\/home\\\/los-asesinos-de-una-familia-en-alcaldia-azcapotzalco-pertenecen-al-cartel-la-union\\\/#primaryimage\",\"url\":\"https:\\\/\\\/agencia.252.com.mx\\\/wp-content\\\/uploads\\\/2026\\\/04\\\/WhatsApp-Image-2026-04-29-at-1.04.55-PM-3.jpeg\",\"contentUrl\":\"https:\\\/\\\/agencia.252.com.mx\\\/wp-content\\\/uploads\\\/2026\\\/04\\\/WhatsApp-Image-2026-04-29-at-1.04.55-PM-3.jpeg\",\"width\":1280,\"height\":960},{\"@type\":\"BreadcrumbList\",\"@id\":\"https:\\\/\\\/agencia.252.com.mx\\\/home\\\/los-asesinos-de-una-familia-en-alcaldia-azcapotzalco-pertenecen-al-cartel-la-union\\\/#breadcrumb\",\"itemListElement\":[{\"@type\":\"ListItem\",\"position\":1,\"name\":\"Portada\",\"item\":\"https:\\\/\\\/agencia.252.com.mx\\\/home\\\/\"},{\"@type\":\"ListItem\",\"position\":2,\"name\":\"Los asesinos de una familia en Alcald\u00eda Azcapotzalco pertenecen al Cartel La Uni\u00f3n\"}]},{\"@type\":\"WebSite\",\"@id\":\"https:\\\/\\\/agencia.252.com.mx\\\/home\\\/#website\",\"url\":\"https:\\\/\\\/agencia.252.com.mx\\\/home\\\/\",\"name\":\"Agencia252\",\"description\":\"Tu espacio en la Red\",\"publisher\":{\"@id\":\"https:\\\/\\\/agencia.252.com.mx\\\/home\\\/#organization\"},\"potentialAction\":[{\"@type\":\"SearchAction\",\"target\":{\"@type\":\"EntryPoint\",\"urlTemplate\":\"https:\\\/\\\/agencia.252.com.mx\\\/home\\\/?s={search_term_string}\"},\"query-input\":{\"@type\":\"PropertyValueSpecification\",\"valueRequired\":true,\"valueName\":\"search_term_string\"}}],\"inLanguage\":\"es\"},{\"@type\":\"Organization\",\"@id\":\"https:\\\/\\\/agencia.252.com.mx\\\/home\\\/#organization\",\"name\":\"Agencia252\",\"url\":\"https:\\\/\\\/agencia.252.com.mx\\\/home\\\/\",\"logo\":{\"@type\":\"ImageObject\",\"inLanguage\":\"es\",\"@id\":\"https:\\\/\\\/agencia.252.com.mx\\\/home\\\/#\\\/schema\\\/logo\\\/image\\\/\",\"url\":\"https:\\\/\\\/agencia.252.com.mx\\\/wp-content\\\/uploads\\\/2023\\\/02\\\/cropped-ciruclo-agencia-e1677562404136.png\",\"contentUrl\":\"https:\\\/\\\/agencia.252.com.mx\\\/wp-content\\\/uploads\\\/2023\\\/02\\\/cropped-ciruclo-agencia-e1677562404136.png\",\"width\":512,\"height\":512,\"caption\":\"Agencia252\"},\"image\":{\"@id\":\"https:\\\/\\\/agencia.252.com.mx\\\/home\\\/#\\\/schema\\\/logo\\\/image\\\/\"},\"sameAs\":[\"https:\\\/\\\/www.facebook.com\\\/252Comunicacion\\\/\",\"https:\\\/\\\/x.com\\\/252COMS\"]},{\"@type\":\"Person\",\"@id\":\"https:\\\/\\\/agencia.252.com.mx\\\/home\\\/#\\\/schema\\\/person\\\/6b972021e9a92d45ade8c78d81509098\",\"name\":\"Nacho Corro\",\"image\":{\"@type\":\"ImageObject\",\"inLanguage\":\"es\",\"@id\":\"https:\\\/\\\/secure.gravatar.com\\\/avatar\\\/5db6df507cfe1307e192fbb498c6b85f1cf2ffd8b4cd37141b9eea588fcbd5a4?s=96&r=g\",\"url\":\"https:\\\/\\\/secure.gravatar.com\\\/avatar\\\/5db6df507cfe1307e192fbb498c6b85f1cf2ffd8b4cd37141b9eea588fcbd5a4?s=96&r=g\",\"contentUrl\":\"https:\\\/\\\/secure.gravatar.com\\\/avatar\\\/5db6df507cfe1307e192fbb498c6b85f1cf2ffd8b4cd37141b9eea588fcbd5a4?s=96&r=g\",\"caption\":\"Nacho Corro\"},\"description\":\"Comunicador Social, Periodista y Administraci\u00f3n P\u00fablica. Conversador pol\u00edtico, temas electorales y seguridad. Generador de contenidos digitales. Amante de la fotograf\u00eda\",\"sameAs\":[\"https:\\\/\\\/www.facebook.com\\\/jcorroherrera\\\/\",\"www.instagram.com\\\/nachocorro\\\/\",\"https:\\\/\\\/x.com\\\/Juan Ignacio Corro Herrera\"],\"url\":\"https:\\\/\\\/agencia.252.com.mx\\\/home\\\/author\\\/i-corro\\\/\"}]}<\/script>\n<!-- \/ Yoast SEO plugin. -->","yoast_head_json":{"title":"Los asesinos de una familia en Alcald\u00eda Azcapotzalco pertenecen al Cartel La Uni\u00f3n - Agencia252","robots":{"index":"index","follow":"follow","max-snippet":"max-snippet:-1","max-image-preview":"max-image-preview:large","max-video-preview":"max-video-preview:-1"},"canonical":"https:\/\/agencia.252.com.mx\/home\/los-asesinos-de-una-familia-en-alcaldia-azcapotzalco-pertenecen-al-cartel-la-union\/","og_locale":"es_ES","og_type":"article","og_title":"Los asesinos de una familia en Alcald\u00eda Azcapotzalco pertenecen al Cartel La Uni\u00f3n - Agencia252","og_description":"Visitas: 0 Juan Ignacio Corro&nbsp; Atizap\u00e1n, Estado de M\u00e9xico, a 29 de abril de 2026 Las cuatro personas\u00a0responsables del cu\u00e1druple homicidio en la colonia Nueva Santa Mar\u00eda, alcald\u00eda Azcapotzalco, en la Ciudad de M\u00e9xico, y detenidos en Atizap\u00e1n son integrantes del grupo delictivo La Uni\u00f3n, adem\u00e1s de su aparente implicaci\u00f3n en delitos contra la salud [&hellip;]","og_url":"https:\/\/agencia.252.com.mx\/home\/los-asesinos-de-una-familia-en-alcaldia-azcapotzalco-pertenecen-al-cartel-la-union\/","og_site_name":"Agencia252","article_publisher":"https:\/\/www.facebook.com\/252Comunicacion\/","article_author":"https:\/\/www.facebook.com\/jcorroherrera\/","article_published_time":"2026-04-30T21:28:47+00:00","article_modified_time":"2026-04-30T21:28:49+00:00","og_image":[{"width":1280,"height":960,"url":"http:\/\/agencia.252.com.mx\/wp-content\/uploads\/2026\/04\/WhatsApp-Image-2026-04-29-at-1.04.55-PM-3.jpeg","type":"image\/jpeg"}],"author":"Nacho Corro","twitter_card":"summary_large_image","twitter_creator":"@Juan Ignacio Corro Herrera","twitter_site":"@252COMS","twitter_misc":{"Escrito por":"Nacho Corro","Tiempo de lectura":"3 minutos"},"schema":{"@context":"https:\/\/schema.org","@graph":[{"@type":"Article","@id":"https:\/\/agencia.252.com.mx\/home\/los-asesinos-de-una-familia-en-alcaldia-azcapotzalco-pertenecen-al-cartel-la-union\/#article","isPartOf":{"@id":"https:\/\/agencia.252.com.mx\/home\/los-asesinos-de-una-familia-en-alcaldia-azcapotzalco-pertenecen-al-cartel-la-union\/"},"author":{"name":"Nacho Corro","@id":"https:\/\/agencia.252.com.mx\/home\/#\/schema\/person\/6b972021e9a92d45ade8c78d81509098"},"headline":"Los asesinos de una familia en Alcald\u00eda Azcapotzalco pertenecen al Cartel La Uni\u00f3n","datePublished":"2026-04-30T21:28:47+00:00","dateModified":"2026-04-30T21:28:49+00:00","mainEntityOfPage":{"@id":"https:\/\/agencia.252.com.mx\/home\/los-asesinos-de-una-familia-en-alcaldia-azcapotzalco-pertenecen-al-cartel-la-union\/"},"wordCount":516,"commentCount":0,"publisher":{"@id":"https:\/\/agencia.252.com.mx\/home\/#organization"},"image":{"@id":"https:\/\/agencia.252.com.mx\/home\/los-asesinos-de-una-familia-en-alcaldia-azcapotzalco-pertenecen-al-cartel-la-union\/#primaryimage"},"thumbnailUrl":"https:\/\/agencia.252.com.mx\/wp-content\/uploads\/2026\/04\/WhatsApp-Image-2026-04-29-at-1.04.55-PM-3.jpeg","keywords":["Edomex"],"articleSection":["Delincuencia","Edomex","Seguridad"],"inLanguage":"es","potentialAction":[{"@type":"CommentAction","name":"Comment","target":["https:\/\/agencia.252.com.mx\/home\/los-asesinos-de-una-familia-en-alcaldia-azcapotzalco-pertenecen-al-cartel-la-union\/#respond"]}]},{"@type":"WebPage","@id":"https:\/\/agencia.252.com.mx\/home\/los-asesinos-de-una-familia-en-alcaldia-azcapotzalco-pertenecen-al-cartel-la-union\/","url":"https:\/\/agencia.252.com.mx\/home\/los-asesinos-de-una-familia-en-alcaldia-azcapotzalco-pertenecen-al-cartel-la-union\/","name":"Los asesinos de una familia en Alcald\u00eda Azcapotzalco pertenecen al Cartel La Uni\u00f3n - Agencia252","isPartOf":{"@id":"https:\/\/agencia.252.com.mx\/home\/#website"},"primaryImageOfPage":{"@id":"https:\/\/agencia.252.com.mx\/home\/los-asesinos-de-una-familia-en-alcaldia-azcapotzalco-pertenecen-al-cartel-la-union\/#primaryimage"},"image":{"@id":"https:\/\/agencia.252.com.mx\/home\/los-asesinos-de-una-familia-en-alcaldia-azcapotzalco-pertenecen-al-cartel-la-union\/#primaryimage"},"thumbnailUrl":"https:\/\/agencia.252.com.mx\/wp-content\/uploads\/2026\/04\/WhatsApp-Image-2026-04-29-at-1.04.55-PM-3.jpeg","datePublished":"2026-04-30T21:28:47+00:00","dateModified":"2026-04-30T21:28:49+00:00","breadcrumb":{"@id":"https:\/\/agencia.252.com.mx\/home\/los-asesinos-de-una-familia-en-alcaldia-azcapotzalco-pertenecen-al-cartel-la-union\/#breadcrumb"},"inLanguage":"es","potentialAction":[{"@type":"ReadAction","target":["https:\/\/agencia.252.com.mx\/home\/los-asesinos-de-una-familia-en-alcaldia-azcapotzalco-pertenecen-al-cartel-la-union\/"]}]},{"@type":"ImageObject","inLanguage":"es","@id":"https:\/\/agencia.252.com.mx\/home\/los-asesinos-de-una-familia-en-alcaldia-azcapotzalco-pertenecen-al-cartel-la-union\/#primaryimage","url":"https:\/\/agencia.252.com.mx\/wp-content\/uploads\/2026\/04\/WhatsApp-Image-2026-04-29-at-1.04.55-PM-3.jpeg","contentUrl":"https:\/\/agencia.252.com.mx\/wp-content\/uploads\/2026\/04\/WhatsApp-Image-2026-04-29-at-1.04.55-PM-3.jpeg","width":1280,"height":960},{"@type":"BreadcrumbList","@id":"https:\/\/agencia.252.com.mx\/home\/los-asesinos-de-una-familia-en-alcaldia-azcapotzalco-pertenecen-al-cartel-la-union\/#breadcrumb","itemListElement":[{"@type":"ListItem","position":1,"name":"Portada","item":"https:\/\/agencia.252.com.mx\/home\/"},{"@type":"ListItem","position":2,"name":"Los asesinos de una familia en Alcald\u00eda Azcapotzalco pertenecen al Cartel La Uni\u00f3n"}]},{"@type":"WebSite","@id":"https:\/\/agencia.252.com.mx\/home\/#website","url":"https:\/\/agencia.252.com.mx\/home\/","name":"Agencia252","description":"Tu espacio en la Red","publisher":{"@id":"https:\/\/agencia.252.com.mx\/home\/#organization"},"potentialAction":[{"@type":"SearchAction","target":{"@type":"EntryPoint","urlTemplate":"https:\/\/agencia.252.com.mx\/home\/?s={search_term_string}"},"query-input":{"@type":"PropertyValueSpecification","valueRequired":true,"valueName":"search_term_string"}}],"inLanguage":"es"},{"@type":"Organization","@id":"https:\/\/agencia.252.com.mx\/home\/#organization","name":"Agencia252","url":"https:\/\/agencia.252.com.mx\/home\/","logo":{"@type":"ImageObject","inLanguage":"es","@id":"https:\/\/agencia.252.com.mx\/home\/#\/schema\/logo\/image\/","url":"https:\/\/agencia.252.com.mx\/wp-content\/uploads\/2023\/02\/cropped-ciruclo-agencia-e1677562404136.png","contentUrl":"https:\/\/agencia.252.com.mx\/wp-content\/uploads\/2023\/02\/cropped-ciruclo-agencia-e1677562404136.png","width":512,"height":512,"caption":"Agencia252"},"image":{"@id":"https:\/\/agencia.252.com.mx\/home\/#\/schema\/logo\/image\/"},"sameAs":["https:\/\/www.facebook.com\/252Comunicacion\/","https:\/\/x.com\/252COMS"]},{"@type":"Person","@id":"https:\/\/agencia.252.com.mx\/home\/#\/schema\/person\/6b972021e9a92d45ade8c78d81509098","name":"Nacho Corro","image":{"@type":"ImageObject","inLanguage":"es","@id":"https:\/\/secure.gravatar.com\/avatar\/5db6df507cfe1307e192fbb498c6b85f1cf2ffd8b4cd37141b9eea588fcbd5a4?s=96&r=g","url":"https:\/\/secure.gravatar.com\/avatar\/5db6df507cfe1307e192fbb498c6b85f1cf2ffd8b4cd37141b9eea588fcbd5a4?s=96&r=g","contentUrl":"https:\/\/secure.gravatar.com\/avatar\/5db6df507cfe1307e192fbb498c6b85f1cf2ffd8b4cd37141b9eea588fcbd5a4?s=96&r=g","caption":"Nacho Corro"},"description":"Comunicador Social, Periodista y Administraci\u00f3n P\u00fablica. Conversador pol\u00edtico, temas electorales y seguridad. Generador de contenidos digitales. Amante de la fotograf\u00eda","sameAs":["https:\/\/www.facebook.com\/jcorroherrera\/","www.instagram.com\/nachocorro\/","https:\/\/x.com\/Juan Ignacio Corro Herrera"],"url":"https:\/\/agencia.252.com.mx\/home\/author\/i-corro\/"}]}},"_links":{"self":[{"href":"https:\/\/agencia.252.com.mx\/home\/wp-json\/wp\/v2\/posts\/18865","targetHints":{"allow":["GET"]}}],"collection":[{"href":"https:\/\/agencia.252.com.mx\/home\/wp-json\/wp\/v2\/posts"}],"about":[{"href":"https:\/\/agencia.252.com.mx\/home\/wp-json\/wp\/v2\/types\/post"}],"author":[{"embeddable":true,"href":"https:\/\/agencia.252.com.mx\/home\/wp-json\/wp\/v2\/users\/5"}],"replies":[{"embeddable":true,"href":"https:\/\/agencia.252.com.mx\/home\/wp-json\/wp\/v2\/comments?post=18865"}],"version-history":[{"count":1,"href":"https:\/\/agencia.252.com.mx\/home\/wp-json\/wp\/v2\/posts\/18865\/revisions"}],"predecessor-version":[{"id":18906,"href":"https:\/\/agencia.252.com.mx\/home\/wp-json\/wp\/v2\/posts\/18865\/revisions\/18906"}],"wp:featuredmedia":[{"embeddable":true,"href":"https:\/\/agencia.252.com.mx\/home\/wp-json\/wp\/v2\/media\/18869"}],"wp:attachment":[{"href":"https:\/\/agencia.252.com.mx\/home\/wp-json\/wp\/v2\/media?parent=18865"}],"wp:term":[{"taxonomy":"category","embeddable":true,"href":"https:\/\/agencia.252.com.mx\/home\/wp-json\/wp\/v2\/categories?post=18865"},{"taxonomy":"post_tag","embeddable":true,"href":"https:\/\/agencia.252.com.mx\/home\/wp-json\/wp\/v2\/tags?post=18865"}],"curies":[{"name":"wp","href":"https:\/\/api.w.org\/{rel}","templated":true}]}}