{"id":18861,"date":"2026-04-29T14:43:52","date_gmt":"2026-04-29T20:43:52","guid":{"rendered":"https:\/\/agencia.252.com.mx\/home\/?p=18861"},"modified":"2026-04-29T15:28:56","modified_gmt":"2026-04-29T21:28:56","slug":"prometen-que-daran-garantias-en-el-edomex-para-ejercer-la-libertad-de-prensa","status":"publish","type":"post","link":"https:\/\/agencia.252.com.mx\/home\/prometen-que-daran-garantias-en-el-edomex-para-ejercer-la-libertad-de-prensa\/","title":{"rendered":"Prometen que dar\u00e1n garant\u00edas e para ejercer la libertad de prensa\u00a0en el Edomex"},"content":{"rendered":"<p>Visitas: 14<\/p>\n<ul class=\"wp-block-list\">\n<li><em>Instala Gobierno del EdoM\u00e9x Consejo Consultivo para salvaguardar la integridad de periodistas y activistas<\/em><\/li>\n<\/ul>\n\n\n\n<ul class=\"wp-block-list\">\n<li><em>Rinden protesta 26 integrantes de este \u00f3rgano, el cual ser\u00e1 presidido por Manuel Alejandro Carrillo Segovia.<\/em><\/li>\n<\/ul>\n\n\n\n<p>Juan Ignacio Corro&nbsp;<\/p>\n\n\n\n<p class=\"has-text-align-right\">Texcoco, Estado de M\u00e9xico, a 29 de abril de 2026<\/p>\n\n\n\n<p>En el Estado de M\u00e9xico se han implementado m\u00e1s de mil 600 medidas de protecci\u00f3n al gremio period\u00edstico y personas defensoras, m\u00e1s de 70 mil personas capacitadas, incluyendo cuerpos policiales en zonas de riesgo; y 36 convenios interinstitucionales para responder inmediatamente ante cualquier riesgo y el Protocolo de Actuaci\u00f3n de las y los Elementos de la Secretar\u00eda de Seguridad del Estado de M\u00e9xico.<\/p>\n\n\n\n<p>Lo anterior se informo durante la tom\u00f3 protesta a las 13 personas titulares y 13 suplentes que conformar\u00e1n el Consejo Consultivo del Mecanismo para la Protecci\u00f3n de Periodistas y Personas Defensoras de Derechos Humanos del Estado de M\u00e9xico \u2014durante los pr\u00f3ximos cuatro a\u00f1os\u2014, para fortalecer la coordinaci\u00f3n interinstitucional y emprender acciones y pol\u00edticas p\u00fablicas que garanticen la integridad y la seguridad de estos sectores sociales.&nbsp;<\/p>\n\n\n\n<figure class=\"wp-block-image alignright size-medium\"><img fetchpriority=\"high\" decoding=\"async\" width=\"300\" height=\"200\" src=\"https:\/\/agencia.252.com.mx\/wp-content\/uploads\/2026\/04\/WhatsApp-Image-2026-04-29-at-2.10.04-PM-300x200.jpeg\" alt=\"\" class=\"wp-image-18862\" srcset=\"https:\/\/agencia.252.com.mx\/wp-content\/uploads\/2026\/04\/WhatsApp-Image-2026-04-29-at-2.10.04-PM-300x200.jpeg 300w, https:\/\/agencia.252.com.mx\/wp-content\/uploads\/2026\/04\/WhatsApp-Image-2026-04-29-at-2.10.04-PM-1024x682.jpeg 1024w, https:\/\/agencia.252.com.mx\/wp-content\/uploads\/2026\/04\/WhatsApp-Image-2026-04-29-at-2.10.04-PM-768x512.jpeg 768w, https:\/\/agencia.252.com.mx\/wp-content\/uploads\/2026\/04\/WhatsApp-Image-2026-04-29-at-2.10.04-PM-1536x1023.jpeg 1536w, https:\/\/agencia.252.com.mx\/wp-content\/uploads\/2026\/04\/WhatsApp-Image-2026-04-29-at-2.10.04-PM.jpeg 1600w\" sizes=\"(max-width: 300px) 100vw, 300px\" \/><\/figure>\n\n\n\n<p>El Consejero Jur\u00eddido Jes\u00fas George Zamora, sostuvo que la protecci\u00f3n a periodistas mexiquenses no pod\u00eda limitarse a medidas aisladas o respuestas de coyuntura, sino que deb\u00eda convertirse en una pol\u00edtica p\u00fablica articulada, con visi\u00f3n de largo plazo, con reglas claras y con la participaci\u00f3n de quienes ejercen y defienden estos derechos todos los d\u00edas.<\/p>\n\n\n\n<p>\u201cCuando alguien alza la voz frente a la injusticia, no solo ejerce un derecho, fortalece la democracia, ampl\u00eda las libertades y contribuye a que las instituciones rindan cuentas. Proteger estas voces es asegurar que la sociedad avance con libertad, con justicia y con dignidad, porque cuando estas voces cuentan con garant\u00edas, la sociedad se fortalece y la democracia se sostiene\u201d, se\u00f1al\u00f3 Jes\u00fas George Zamora, Consejero Jur\u00eddico, durante la toma de protesta de los 26 integrantes del Consejo.<\/p>\n\n\n\n<p>Destac\u00f3 la labor de activistas y periodistas, al tiempo que reiter\u00f3 que el Gobierno de la Maestra Delfina G\u00f3mez \u00c1lvarez trabaja para prevenir, proteger y garantizar las condiciones necesarias para que puedan desarrollar su profesi\u00f3n con dignidad y seguridad.<\/p>\n\n\n\n<p>Asimismo, en un heco hist\u00f3rico, por primera ocasi\u00f3n se incorpor\u00f3 a periodistas a servicios de salud, con 128 afiliaciones al IMSS-Bienestar y 17 al esquema del IMSS para periodistas por cuenta propia, adem\u00e1s de la iniciativa de reforma que impuls\u00f3 la Gobernadora mexiquense para fortalecer la protecci\u00f3n, el bienestar y la defensa de ambos gremios, la cual se integr\u00f3 al escuchar las voces y las necesidades que existen en las diferentes zonas de la entidad.<\/p>\n\n\n\n<p>En tanto, Israel Hern\u00e1ndez Sosa, titular de la Coordinaci\u00f3n Ejecutiva del Mecanismo para la Protecci\u00f3n Integral de Periodistas y Personas Defensoras de Derechos Humanos del Estado de M\u00e9xico (CEMPIDH), indic\u00f3 que las 26 personas integrantes del Consejo Consultivo provienen de 12 municipios mexiquenses y representar\u00e1n a las diversas zonas del territorio estatal durante los pr\u00f3ximos cuatro a\u00f1os.<\/p>\n\n\n\n<p>Posteriormente, las y los integrantes del Consejo Consultivo realizaron su primera sesi\u00f3n, donde designaron como Presidente de este \u00f3rgano a Manuel Alejandro Carrillo Segovia; como Secretaria a Fabiola Vite Torres; y como integrantes de la Junta de Gobierno a Juan Antonio Mondrag\u00f3n Miramontes y Maricruz Rivera Garz\u00f3n.<\/p>\n\n\n\n<p>Asistieron a esta toma de protesta realizada en Texcoco, V\u00edctor Leopoldo Delgado P\u00e9rez, Presidente de la Comisi\u00f3n de Derechos Humanos del Estado de M\u00e9xico; Federico Emiliano Salgado Ayala, Director General de Investigaci\u00f3n de Delitos Cometidos en Contra de Defensores de Derechos Humanos y Periodistas de la Fiscal\u00eda General de Justicia del Estado de M\u00e9xico; \u00d3scar Fidel Gonz\u00e1lez Mend\u00edvil, titular de la Unidad de Asuntos Jur\u00eddicos de la Secretar\u00eda de Seguridad, y Luis Miguel Carriedo T\u00e9llez, titular de la Comisi\u00f3n Ejecutiva de Atenci\u00f3n a V\u00edctimas del Estado de M\u00e9xico<\/p>\n","protected":false},"excerpt":{"rendered":"<p>Visitas: 14 Juan Ignacio Corro&nbsp; Texcoco, Estado de M\u00e9xico, a 29 de abril de 2026 En el Estado de M\u00e9xico se han implementado m\u00e1s de mil 600 medidas de protecci\u00f3n al gremio period\u00edstico y personas defensoras, m\u00e1s de 70 mil personas capacitadas, incluyendo cuerpos policiales en zonas de riesgo; y 36 convenios interinstitucionales para responder [&hellip;]<\/p>\n","protected":false},"author":5,"featured_media":18863,"comment_status":"open","ping_status":"open","sticky":false,"template":"","format":"standard","meta":{"site-sidebar-layout":"default","site-content-layout":"","ast-site-content-layout":"default","site-content-style":"default","site-sidebar-style":"default","ast-global-header-display":"","ast-banner-title-visibility":"","ast-main-header-display":"","ast-hfb-above-header-display":"","ast-hfb-below-header-display":"","ast-hfb-mobile-header-display":"","site-post-title":"","ast-breadcrumbs-content":"","ast-featured-img":"","footer-sml-layout":"","ast-disable-related-posts":"","theme-transparent-header-meta":"","adv-header-id-meta":"","stick-header-meta":"","header-above-stick-meta":"","header-main-stick-meta":"","header-below-stick-meta":"","astra-migrate-meta-layouts":"set","ast-page-background-enabled":"default","ast-page-background-meta":{"desktop":{"background-color":"var(--ast-global-color-4)","background-image":"","background-repeat":"repeat","background-position":"center center","background-size":"auto","background-attachment":"scroll","background-type":"","background-media":"","overlay-type":"","overlay-color":"","overlay-opacity":"","overlay-gradient":""},"tablet":{"background-color":"","background-image":"","background-repeat":"repeat","background-position":"center center","background-size":"auto","background-attachment":"scroll","background-type":"","background-media":"","overlay-type":"","overlay-color":"","overlay-opacity":"","overlay-gradient":""},"mobile":{"background-color":"","background-image":"","background-repeat":"repeat","background-position":"center center","background-size":"auto","background-attachment":"scroll","background-type":"","background-media":"","overlay-type":"","overlay-color":"","overlay-opacity":"","overlay-gradient":""}},"ast-content-background-meta":{"desktop":{"background-color":"var(--ast-global-color-5)","background-image":"","background-repeat":"repeat","background-position":"center center","background-size":"auto","background-attachment":"scroll","background-type":"","background-media":"","overlay-type":"","overlay-color":"","overlay-opacity":"","overlay-gradient":""},"tablet":{"background-color":"var(--ast-global-color-5)","background-image":"","background-repeat":"repeat","background-position":"center center","background-size":"auto","background-attachment":"scroll","background-type":"","background-media":"","overlay-type":"","overlay-color":"","overlay-opacity":"","overlay-gradient":""},"mobile":{"background-color":"var(--ast-global-color-5)","background-image":"","background-repeat":"repeat","background-position":"center center","background-size":"auto","background-attachment":"scroll","background-type":"","background-media":"","overlay-type":"","overlay-color":"","overlay-opacity":"","overlay-gradient":""}},"footnotes":""},"categories":[8,512,68],"tags":[526],"class_list":["post-18861","post","type-post","status-publish","format-standard","has-post-thumbnail","hentry","category-edomex","category-metropoli","category-seguridad","tag-edomex"],"yoast_head":"<!-- This site is optimized with the Yoast SEO plugin v27.4 - https:\/\/yoast.com\/product\/yoast-seo-wordpress\/ -->\n<title>Prometen que dar\u00e1n garant\u00edas e para ejercer la libertad de prensa\u00a0en el Edomex - Agencia252<\/title>\n<meta name=\"robots\" content=\"index, follow, max-snippet:-1, max-image-preview:large, max-video-preview:-1\" \/>\n<link rel=\"canonical\" href=\"https:\/\/agencia.252.com.mx\/home\/prometen-que-daran-garantias-en-el-edomex-para-ejercer-la-libertad-de-prensa\/\" \/>\n<meta property=\"og:locale\" content=\"es_ES\" \/>\n<meta property=\"og:type\" content=\"article\" \/>\n<meta property=\"og:title\" content=\"Prometen que dar\u00e1n garant\u00edas e para ejercer la libertad de prensa\u00a0en el Edomex - Agencia252\" \/>\n<meta property=\"og:description\" content=\"Visitas: 14 Juan Ignacio Corro&nbsp; Texcoco, Estado de M\u00e9xico, a 29 de abril de 2026 En el Estado de M\u00e9xico se han implementado m\u00e1s de mil 600 medidas de protecci\u00f3n al gremio period\u00edstico y personas defensoras, m\u00e1s de 70 mil personas capacitadas, incluyendo cuerpos policiales en zonas de riesgo; y 36 convenios interinstitucionales para responder [&hellip;]\" \/>\n<meta property=\"og:url\" content=\"https:\/\/agencia.252.com.mx\/home\/prometen-que-daran-garantias-en-el-edomex-para-ejercer-la-libertad-de-prensa\/\" \/>\n<meta property=\"og:site_name\" content=\"Agencia252\" \/>\n<meta property=\"article:publisher\" content=\"https:\/\/www.facebook.com\/252Comunicacion\/\" \/>\n<meta property=\"article:author\" content=\"https:\/\/www.facebook.com\/jcorroherrera\/\" \/>\n<meta property=\"article:published_time\" content=\"2026-04-29T20:43:52+00:00\" \/>\n<meta property=\"article:modified_time\" content=\"2026-04-29T21:28:56+00:00\" \/>\n<meta property=\"og:image\" content=\"http:\/\/agencia.252.com.mx\/wp-content\/uploads\/2026\/04\/WhatsApp-Image-2026-04-29-at-2.10.03-PM-2.jpeg\" \/>\n\t<meta property=\"og:image:width\" content=\"1600\" \/>\n\t<meta property=\"og:image:height\" content=\"1075\" \/>\n\t<meta property=\"og:image:type\" content=\"image\/jpeg\" \/>\n<meta name=\"author\" content=\"Nacho Corro\" \/>\n<meta name=\"twitter:card\" content=\"summary_large_image\" \/>\n<meta name=\"twitter:creator\" content=\"@Juan Ignacio Corro Herrera\" \/>\n<meta name=\"twitter:site\" content=\"@252COMS\" \/>\n<meta name=\"twitter:label1\" content=\"Escrito por\" \/>\n\t<meta name=\"twitter:data1\" content=\"Nacho Corro\" \/>\n\t<meta name=\"twitter:label2\" content=\"Tiempo de lectura\" \/>\n\t<meta name=\"twitter:data2\" content=\"1 minuto\" \/>\n<script type=\"application\/ld+json\" class=\"yoast-schema-graph\">{\"@context\":\"https:\\\/\\\/schema.org\",\"@graph\":[{\"@type\":\"Article\",\"@id\":\"https:\\\/\\\/agencia.252.com.mx\\\/home\\\/prometen-que-daran-garantias-en-el-edomex-para-ejercer-la-libertad-de-prensa\\\/#article\",\"isPartOf\":{\"@id\":\"https:\\\/\\\/agencia.252.com.mx\\\/home\\\/prometen-que-daran-garantias-en-el-edomex-para-ejercer-la-libertad-de-prensa\\\/\"},\"author\":{\"name\":\"Nacho Corro\",\"@id\":\"https:\\\/\\\/agencia.252.com.mx\\\/home\\\/#\\\/schema\\\/person\\\/6b972021e9a92d45ade8c78d81509098\"},\"headline\":\"Prometen que dar\u00e1n garant\u00edas e para ejercer la libertad de prensa\u00a0en el Edomex\",\"datePublished\":\"2026-04-29T20:43:52+00:00\",\"dateModified\":\"2026-04-29T21:28:56+00:00\",\"mainEntityOfPage\":{\"@id\":\"https:\\\/\\\/agencia.252.com.mx\\\/home\\\/prometen-que-daran-garantias-en-el-edomex-para-ejercer-la-libertad-de-prensa\\\/\"},\"wordCount\":678,\"commentCount\":0,\"publisher\":{\"@id\":\"https:\\\/\\\/agencia.252.com.mx\\\/home\\\/#organization\"},\"image\":{\"@id\":\"https:\\\/\\\/agencia.252.com.mx\\\/home\\\/prometen-que-daran-garantias-en-el-edomex-para-ejercer-la-libertad-de-prensa\\\/#primaryimage\"},\"thumbnailUrl\":\"https:\\\/\\\/agencia.252.com.mx\\\/wp-content\\\/uploads\\\/2026\\\/04\\\/WhatsApp-Image-2026-04-29-at-2.10.03-PM-2.jpeg\",\"keywords\":[\"Edomex\"],\"articleSection\":[\"Edomex\",\"Metropoli\",\"Seguridad\"],\"inLanguage\":\"es\",\"potentialAction\":[{\"@type\":\"CommentAction\",\"name\":\"Comment\",\"target\":[\"https:\\\/\\\/agencia.252.com.mx\\\/home\\\/prometen-que-daran-garantias-en-el-edomex-para-ejercer-la-libertad-de-prensa\\\/#respond\"]}]},{\"@type\":\"WebPage\",\"@id\":\"https:\\\/\\\/agencia.252.com.mx\\\/home\\\/prometen-que-daran-garantias-en-el-edomex-para-ejercer-la-libertad-de-prensa\\\/\",\"url\":\"https:\\\/\\\/agencia.252.com.mx\\\/home\\\/prometen-que-daran-garantias-en-el-edomex-para-ejercer-la-libertad-de-prensa\\\/\",\"name\":\"Prometen que dar\u00e1n garant\u00edas e para ejercer la libertad de prensa\u00a0en el Edomex - Agencia252\",\"isPartOf\":{\"@id\":\"https:\\\/\\\/agencia.252.com.mx\\\/home\\\/#website\"},\"primaryImageOfPage\":{\"@id\":\"https:\\\/\\\/agencia.252.com.mx\\\/home\\\/prometen-que-daran-garantias-en-el-edomex-para-ejercer-la-libertad-de-prensa\\\/#primaryimage\"},\"image\":{\"@id\":\"https:\\\/\\\/agencia.252.com.mx\\\/home\\\/prometen-que-daran-garantias-en-el-edomex-para-ejercer-la-libertad-de-prensa\\\/#primaryimage\"},\"thumbnailUrl\":\"https:\\\/\\\/agencia.252.com.mx\\\/wp-content\\\/uploads\\\/2026\\\/04\\\/WhatsApp-Image-2026-04-29-at-2.10.03-PM-2.jpeg\",\"datePublished\":\"2026-04-29T20:43:52+00:00\",\"dateModified\":\"2026-04-29T21:28:56+00:00\",\"breadcrumb\":{\"@id\":\"https:\\\/\\\/agencia.252.com.mx\\\/home\\\/prometen-que-daran-garantias-en-el-edomex-para-ejercer-la-libertad-de-prensa\\\/#breadcrumb\"},\"inLanguage\":\"es\",\"potentialAction\":[{\"@type\":\"ReadAction\",\"target\":[\"https:\\\/\\\/agencia.252.com.mx\\\/home\\\/prometen-que-daran-garantias-en-el-edomex-para-ejercer-la-libertad-de-prensa\\\/\"]}]},{\"@type\":\"ImageObject\",\"inLanguage\":\"es\",\"@id\":\"https:\\\/\\\/agencia.252.com.mx\\\/home\\\/prometen-que-daran-garantias-en-el-edomex-para-ejercer-la-libertad-de-prensa\\\/#primaryimage\",\"url\":\"https:\\\/\\\/agencia.252.com.mx\\\/wp-content\\\/uploads\\\/2026\\\/04\\\/WhatsApp-Image-2026-04-29-at-2.10.03-PM-2.jpeg\",\"contentUrl\":\"https:\\\/\\\/agencia.252.com.mx\\\/wp-content\\\/uploads\\\/2026\\\/04\\\/WhatsApp-Image-2026-04-29-at-2.10.03-PM-2.jpeg\",\"width\":1600,\"height\":1075},{\"@type\":\"BreadcrumbList\",\"@id\":\"https:\\\/\\\/agencia.252.com.mx\\\/home\\\/prometen-que-daran-garantias-en-el-edomex-para-ejercer-la-libertad-de-prensa\\\/#breadcrumb\",\"itemListElement\":[{\"@type\":\"ListItem\",\"position\":1,\"name\":\"Portada\",\"item\":\"https:\\\/\\\/agencia.252.com.mx\\\/home\\\/\"},{\"@type\":\"ListItem\",\"position\":2,\"name\":\"Prometen que dar\u00e1n garant\u00edas e para ejercer la libertad de prensa\u00a0en el Edomex\"}]},{\"@type\":\"WebSite\",\"@id\":\"https:\\\/\\\/agencia.252.com.mx\\\/home\\\/#website\",\"url\":\"https:\\\/\\\/agencia.252.com.mx\\\/home\\\/\",\"name\":\"Agencia252\",\"description\":\"Tu espacio en la Red\",\"publisher\":{\"@id\":\"https:\\\/\\\/agencia.252.com.mx\\\/home\\\/#organization\"},\"potentialAction\":[{\"@type\":\"SearchAction\",\"target\":{\"@type\":\"EntryPoint\",\"urlTemplate\":\"https:\\\/\\\/agencia.252.com.mx\\\/home\\\/?s={search_term_string}\"},\"query-input\":{\"@type\":\"PropertyValueSpecification\",\"valueRequired\":true,\"valueName\":\"search_term_string\"}}],\"inLanguage\":\"es\"},{\"@type\":\"Organization\",\"@id\":\"https:\\\/\\\/agencia.252.com.mx\\\/home\\\/#organization\",\"name\":\"Agencia252\",\"url\":\"https:\\\/\\\/agencia.252.com.mx\\\/home\\\/\",\"logo\":{\"@type\":\"ImageObject\",\"inLanguage\":\"es\",\"@id\":\"https:\\\/\\\/agencia.252.com.mx\\\/home\\\/#\\\/schema\\\/logo\\\/image\\\/\",\"url\":\"https:\\\/\\\/agencia.252.com.mx\\\/wp-content\\\/uploads\\\/2023\\\/02\\\/cropped-ciruclo-agencia-e1677562404136.png\",\"contentUrl\":\"https:\\\/\\\/agencia.252.com.mx\\\/wp-content\\\/uploads\\\/2023\\\/02\\\/cropped-ciruclo-agencia-e1677562404136.png\",\"width\":512,\"height\":512,\"caption\":\"Agencia252\"},\"image\":{\"@id\":\"https:\\\/\\\/agencia.252.com.mx\\\/home\\\/#\\\/schema\\\/logo\\\/image\\\/\"},\"sameAs\":[\"https:\\\/\\\/www.facebook.com\\\/252Comunicacion\\\/\",\"https:\\\/\\\/x.com\\\/252COMS\"]},{\"@type\":\"Person\",\"@id\":\"https:\\\/\\\/agencia.252.com.mx\\\/home\\\/#\\\/schema\\\/person\\\/6b972021e9a92d45ade8c78d81509098\",\"name\":\"Nacho Corro\",\"image\":{\"@type\":\"ImageObject\",\"inLanguage\":\"es\",\"@id\":\"https:\\\/\\\/secure.gravatar.com\\\/avatar\\\/5db6df507cfe1307e192fbb498c6b85f1cf2ffd8b4cd37141b9eea588fcbd5a4?s=96&r=g\",\"url\":\"https:\\\/\\\/secure.gravatar.com\\\/avatar\\\/5db6df507cfe1307e192fbb498c6b85f1cf2ffd8b4cd37141b9eea588fcbd5a4?s=96&r=g\",\"contentUrl\":\"https:\\\/\\\/secure.gravatar.com\\\/avatar\\\/5db6df507cfe1307e192fbb498c6b85f1cf2ffd8b4cd37141b9eea588fcbd5a4?s=96&r=g\",\"caption\":\"Nacho Corro\"},\"description\":\"Comunicador Social, Periodista y Administraci\u00f3n P\u00fablica. Conversador pol\u00edtico, temas electorales y seguridad. Generador de contenidos digitales. Amante de la fotograf\u00eda\",\"sameAs\":[\"https:\\\/\\\/www.facebook.com\\\/jcorroherrera\\\/\",\"www.instagram.com\\\/nachocorro\\\/\",\"https:\\\/\\\/x.com\\\/Juan Ignacio Corro Herrera\"],\"url\":\"https:\\\/\\\/agencia.252.com.mx\\\/home\\\/author\\\/i-corro\\\/\"}]}<\/script>\n<!-- \/ Yoast SEO plugin. -->","yoast_head_json":{"title":"Prometen que dar\u00e1n garant\u00edas e para ejercer la libertad de prensa\u00a0en el Edomex - Agencia252","robots":{"index":"index","follow":"follow","max-snippet":"max-snippet:-1","max-image-preview":"max-image-preview:large","max-video-preview":"max-video-preview:-1"},"canonical":"https:\/\/agencia.252.com.mx\/home\/prometen-que-daran-garantias-en-el-edomex-para-ejercer-la-libertad-de-prensa\/","og_locale":"es_ES","og_type":"article","og_title":"Prometen que dar\u00e1n garant\u00edas e para ejercer la libertad de prensa\u00a0en el Edomex - Agencia252","og_description":"Visitas: 14 Juan Ignacio Corro&nbsp; Texcoco, Estado de M\u00e9xico, a 29 de abril de 2026 En el Estado de M\u00e9xico se han implementado m\u00e1s de mil 600 medidas de protecci\u00f3n al gremio period\u00edstico y personas defensoras, m\u00e1s de 70 mil personas capacitadas, incluyendo cuerpos policiales en zonas de riesgo; y 36 convenios interinstitucionales para responder [&hellip;]","og_url":"https:\/\/agencia.252.com.mx\/home\/prometen-que-daran-garantias-en-el-edomex-para-ejercer-la-libertad-de-prensa\/","og_site_name":"Agencia252","article_publisher":"https:\/\/www.facebook.com\/252Comunicacion\/","article_author":"https:\/\/www.facebook.com\/jcorroherrera\/","article_published_time":"2026-04-29T20:43:52+00:00","article_modified_time":"2026-04-29T21:28:56+00:00","og_image":[{"width":1600,"height":1075,"url":"http:\/\/agencia.252.com.mx\/wp-content\/uploads\/2026\/04\/WhatsApp-Image-2026-04-29-at-2.10.03-PM-2.jpeg","type":"image\/jpeg"}],"author":"Nacho Corro","twitter_card":"summary_large_image","twitter_creator":"@Juan Ignacio Corro Herrera","twitter_site":"@252COMS","twitter_misc":{"Escrito por":"Nacho Corro","Tiempo de lectura":"1 minuto"},"schema":{"@context":"https:\/\/schema.org","@graph":[{"@type":"Article","@id":"https:\/\/agencia.252.com.mx\/home\/prometen-que-daran-garantias-en-el-edomex-para-ejercer-la-libertad-de-prensa\/#article","isPartOf":{"@id":"https:\/\/agencia.252.com.mx\/home\/prometen-que-daran-garantias-en-el-edomex-para-ejercer-la-libertad-de-prensa\/"},"author":{"name":"Nacho Corro","@id":"https:\/\/agencia.252.com.mx\/home\/#\/schema\/person\/6b972021e9a92d45ade8c78d81509098"},"headline":"Prometen que dar\u00e1n garant\u00edas e para ejercer la libertad de prensa\u00a0en el Edomex","datePublished":"2026-04-29T20:43:52+00:00","dateModified":"2026-04-29T21:28:56+00:00","mainEntityOfPage":{"@id":"https:\/\/agencia.252.com.mx\/home\/prometen-que-daran-garantias-en-el-edomex-para-ejercer-la-libertad-de-prensa\/"},"wordCount":678,"commentCount":0,"publisher":{"@id":"https:\/\/agencia.252.com.mx\/home\/#organization"},"image":{"@id":"https:\/\/agencia.252.com.mx\/home\/prometen-que-daran-garantias-en-el-edomex-para-ejercer-la-libertad-de-prensa\/#primaryimage"},"thumbnailUrl":"https:\/\/agencia.252.com.mx\/wp-content\/uploads\/2026\/04\/WhatsApp-Image-2026-04-29-at-2.10.03-PM-2.jpeg","keywords":["Edomex"],"articleSection":["Edomex","Metropoli","Seguridad"],"inLanguage":"es","potentialAction":[{"@type":"CommentAction","name":"Comment","target":["https:\/\/agencia.252.com.mx\/home\/prometen-que-daran-garantias-en-el-edomex-para-ejercer-la-libertad-de-prensa\/#respond"]}]},{"@type":"WebPage","@id":"https:\/\/agencia.252.com.mx\/home\/prometen-que-daran-garantias-en-el-edomex-para-ejercer-la-libertad-de-prensa\/","url":"https:\/\/agencia.252.com.mx\/home\/prometen-que-daran-garantias-en-el-edomex-para-ejercer-la-libertad-de-prensa\/","name":"Prometen que dar\u00e1n garant\u00edas e para ejercer la libertad de prensa\u00a0en el Edomex - Agencia252","isPartOf":{"@id":"https:\/\/agencia.252.com.mx\/home\/#website"},"primaryImageOfPage":{"@id":"https:\/\/agencia.252.com.mx\/home\/prometen-que-daran-garantias-en-el-edomex-para-ejercer-la-libertad-de-prensa\/#primaryimage"},"image":{"@id":"https:\/\/agencia.252.com.mx\/home\/prometen-que-daran-garantias-en-el-edomex-para-ejercer-la-libertad-de-prensa\/#primaryimage"},"thumbnailUrl":"https:\/\/agencia.252.com.mx\/wp-content\/uploads\/2026\/04\/WhatsApp-Image-2026-04-29-at-2.10.03-PM-2.jpeg","datePublished":"2026-04-29T20:43:52+00:00","dateModified":"2026-04-29T21:28:56+00:00","breadcrumb":{"@id":"https:\/\/agencia.252.com.mx\/home\/prometen-que-daran-garantias-en-el-edomex-para-ejercer-la-libertad-de-prensa\/#breadcrumb"},"inLanguage":"es","potentialAction":[{"@type":"ReadAction","target":["https:\/\/agencia.252.com.mx\/home\/prometen-que-daran-garantias-en-el-edomex-para-ejercer-la-libertad-de-prensa\/"]}]},{"@type":"ImageObject","inLanguage":"es","@id":"https:\/\/agencia.252.com.mx\/home\/prometen-que-daran-garantias-en-el-edomex-para-ejercer-la-libertad-de-prensa\/#primaryimage","url":"https:\/\/agencia.252.com.mx\/wp-content\/uploads\/2026\/04\/WhatsApp-Image-2026-04-29-at-2.10.03-PM-2.jpeg","contentUrl":"https:\/\/agencia.252.com.mx\/wp-content\/uploads\/2026\/04\/WhatsApp-Image-2026-04-29-at-2.10.03-PM-2.jpeg","width":1600,"height":1075},{"@type":"BreadcrumbList","@id":"https:\/\/agencia.252.com.mx\/home\/prometen-que-daran-garantias-en-el-edomex-para-ejercer-la-libertad-de-prensa\/#breadcrumb","itemListElement":[{"@type":"ListItem","position":1,"name":"Portada","item":"https:\/\/agencia.252.com.mx\/home\/"},{"@type":"ListItem","position":2,"name":"Prometen que dar\u00e1n garant\u00edas e para ejercer la libertad de prensa\u00a0en el Edomex"}]},{"@type":"WebSite","@id":"https:\/\/agencia.252.com.mx\/home\/#website","url":"https:\/\/agencia.252.com.mx\/home\/","name":"Agencia252","description":"Tu espacio en la Red","publisher":{"@id":"https:\/\/agencia.252.com.mx\/home\/#organization"},"potentialAction":[{"@type":"SearchAction","target":{"@type":"EntryPoint","urlTemplate":"https:\/\/agencia.252.com.mx\/home\/?s={search_term_string}"},"query-input":{"@type":"PropertyValueSpecification","valueRequired":true,"valueName":"search_term_string"}}],"inLanguage":"es"},{"@type":"Organization","@id":"https:\/\/agencia.252.com.mx\/home\/#organization","name":"Agencia252","url":"https:\/\/agencia.252.com.mx\/home\/","logo":{"@type":"ImageObject","inLanguage":"es","@id":"https:\/\/agencia.252.com.mx\/home\/#\/schema\/logo\/image\/","url":"https:\/\/agencia.252.com.mx\/wp-content\/uploads\/2023\/02\/cropped-ciruclo-agencia-e1677562404136.png","contentUrl":"https:\/\/agencia.252.com.mx\/wp-content\/uploads\/2023\/02\/cropped-ciruclo-agencia-e1677562404136.png","width":512,"height":512,"caption":"Agencia252"},"image":{"@id":"https:\/\/agencia.252.com.mx\/home\/#\/schema\/logo\/image\/"},"sameAs":["https:\/\/www.facebook.com\/252Comunicacion\/","https:\/\/x.com\/252COMS"]},{"@type":"Person","@id":"https:\/\/agencia.252.com.mx\/home\/#\/schema\/person\/6b972021e9a92d45ade8c78d81509098","name":"Nacho Corro","image":{"@type":"ImageObject","inLanguage":"es","@id":"https:\/\/secure.gravatar.com\/avatar\/5db6df507cfe1307e192fbb498c6b85f1cf2ffd8b4cd37141b9eea588fcbd5a4?s=96&r=g","url":"https:\/\/secure.gravatar.com\/avatar\/5db6df507cfe1307e192fbb498c6b85f1cf2ffd8b4cd37141b9eea588fcbd5a4?s=96&r=g","contentUrl":"https:\/\/secure.gravatar.com\/avatar\/5db6df507cfe1307e192fbb498c6b85f1cf2ffd8b4cd37141b9eea588fcbd5a4?s=96&r=g","caption":"Nacho Corro"},"description":"Comunicador Social, Periodista y Administraci\u00f3n P\u00fablica. Conversador pol\u00edtico, temas electorales y seguridad. Generador de contenidos digitales. Amante de la fotograf\u00eda","sameAs":["https:\/\/www.facebook.com\/jcorroherrera\/","www.instagram.com\/nachocorro\/","https:\/\/x.com\/Juan Ignacio Corro Herrera"],"url":"https:\/\/agencia.252.com.mx\/home\/author\/i-corro\/"}]}},"_links":{"self":[{"href":"https:\/\/agencia.252.com.mx\/home\/wp-json\/wp\/v2\/posts\/18861","targetHints":{"allow":["GET"]}}],"collection":[{"href":"https:\/\/agencia.252.com.mx\/home\/wp-json\/wp\/v2\/posts"}],"about":[{"href":"https:\/\/agencia.252.com.mx\/home\/wp-json\/wp\/v2\/types\/post"}],"author":[{"embeddable":true,"href":"https:\/\/agencia.252.com.mx\/home\/wp-json\/wp\/v2\/users\/5"}],"replies":[{"embeddable":true,"href":"https:\/\/agencia.252.com.mx\/home\/wp-json\/wp\/v2\/comments?post=18861"}],"version-history":[{"count":3,"href":"https:\/\/agencia.252.com.mx\/home\/wp-json\/wp\/v2\/posts\/18861\/revisions"}],"predecessor-version":[{"id":18875,"href":"https:\/\/agencia.252.com.mx\/home\/wp-json\/wp\/v2\/posts\/18861\/revisions\/18875"}],"wp:featuredmedia":[{"embeddable":true,"href":"https:\/\/agencia.252.com.mx\/home\/wp-json\/wp\/v2\/media\/18863"}],"wp:attachment":[{"href":"https:\/\/agencia.252.com.mx\/home\/wp-json\/wp\/v2\/media?parent=18861"}],"wp:term":[{"taxonomy":"category","embeddable":true,"href":"https:\/\/agencia.252.com.mx\/home\/wp-json\/wp\/v2\/categories?post=18861"},{"taxonomy":"post_tag","embeddable":true,"href":"https:\/\/agencia.252.com.mx\/home\/wp-json\/wp\/v2\/tags?post=18861"}],"curies":[{"name":"wp","href":"https:\/\/api.w.org\/{rel}","templated":true}]}}