{"id":18856,"date":"2026-04-29T14:17:54","date_gmt":"2026-04-29T20:17:54","guid":{"rendered":"https:\/\/agencia.252.com.mx\/home\/?p=18856"},"modified":"2026-04-29T14:34:01","modified_gmt":"2026-04-29T20:34:01","slug":"acuerdan-operativos-para-reforzar-la-seguridad-en-iztapalapa-y-nezahualcoyotl-zonas-con-mayor-criminalidad-en-el-pais","status":"publish","type":"post","link":"https:\/\/agencia.252.com.mx\/home\/acuerdan-operativos-para-reforzar-la-seguridad-en-iztapalapa-y-nezahualcoyotl-zonas-con-mayor-criminalidad-en-el-pais\/","title":{"rendered":"Acuerdan operativos para reforzar la seguridad en Iztapalapa y Nezahualc\u00f3yotl, zonas con mayor criminalidad en el pa\u00eds"},"content":{"rendered":"<p>Visitas: 11<\/p>\n<ul class=\"wp-block-list\">\n<li><em>Este esfuerzo se suma a las acciones conjuntas que ya se llevan a cabo en ambas demarcaciones<\/em><\/li>\n<\/ul>\n\n\n\n<p>Juan Ignacio Corro&nbsp;<\/p>\n\n\n\n<p class=\"has-text-align-right\">Naucalpan, Estado de M\u00e9xico, a 29 de abril de 2026<\/p>\n\n\n\n<p>Los gobiernos de Iztapalapa y Nezahualc\u00f3yotl acordaron acciones conjuntas en su zona lim\u00edtrofe para frenar la alta criminalidad en la zona, que contempla operativos de seguridad conjuntos, contar con una estrategia en materia de ordenamiento del comercio en v\u00eda p\u00fablica, efectuar una intervenci\u00f3n integral del camell\u00f3n en Avenida Texcoco, as\u00ed como rehabilitar y renovar el alumbrado p\u00fablico.<\/p>\n\n\n\n<p>En ese marco, y en reuni\u00f3n de trabajo interinstitucional, Aleida Alavez Ruiz, alcaldesa de Iztapalapa, y Adolfo Cerqueda Rebollo, presidente municipal de Nezahualc\u00f3yotl, acordaron realizar acciones coordinadas en la zona lim\u00edtrofe para fortalecer la seguridad y civilidad, y mejorar la calidad de vida de las y los habitantes de ambas demarcaciones.<\/p>\n\n\n\n<figure class=\"wp-block-image alignleft size-medium\"><img fetchpriority=\"high\" decoding=\"async\" width=\"300\" height=\"198\" src=\"https:\/\/agencia.252.com.mx\/wp-content\/uploads\/2026\/04\/WhatsApp-Image-2026-04-29-at-1.25.02-PM-300x198.jpeg\" alt=\"\" class=\"wp-image-18858\" srcset=\"https:\/\/agencia.252.com.mx\/wp-content\/uploads\/2026\/04\/WhatsApp-Image-2026-04-29-at-1.25.02-PM-300x198.jpeg 300w, https:\/\/agencia.252.com.mx\/wp-content\/uploads\/2026\/04\/WhatsApp-Image-2026-04-29-at-1.25.02-PM-1024x675.jpeg 1024w, https:\/\/agencia.252.com.mx\/wp-content\/uploads\/2026\/04\/WhatsApp-Image-2026-04-29-at-1.25.02-PM-768x506.jpeg 768w, https:\/\/agencia.252.com.mx\/wp-content\/uploads\/2026\/04\/WhatsApp-Image-2026-04-29-at-1.25.02-PM-1536x1013.jpeg 1536w, https:\/\/agencia.252.com.mx\/wp-content\/uploads\/2026\/04\/WhatsApp-Image-2026-04-29-at-1.25.02-PM.jpeg 1600w\" sizes=\"(max-width: 300px) 100vw, 300px\" \/><\/figure>\n\n\n\n<p>Alavez Ruiz se\u00f1al\u00f3 que este acuerdo se suma a las acciones que ya se han realizado de manera conjunta entre ambos gobiernos, con el objetivo de garantizar la tranquilidad de quienes habitan o circulan en estas inmediaciones de la zona lim\u00edtrofe entre Iztapalapa y Nezahualc\u00f3yotl.<\/p>\n\n\n\n<p>Por su parte, Cerqueda Rebollo se\u00f1al\u00f3 que la mayor\u00eda del territorio de Nezahualc\u00f3yotl colinda con Iztapalapa, por ello el trabajo conjunto, entre ambos gobiernos, es de especial importancia y funcionar\u00e1 para que en un corto plazo se visualicen resultados.<\/p>\n\n\n\n<p>Asimismo, dijo que se realizar\u00e1 la intervenci\u00f3n correspondiente, atendiendo especialmente la problem\u00e1tica derivada de la obstrucci\u00f3n a la v\u00eda p\u00fablica, la falta de alumbrado y el comercio informal, pues son factores decisivos y fundamentales para el bienestar de la comunidad.<\/p>\n\n\n\n<p>Finalmente, los alcaldes se comprometieron a encabezar una vez al mes el gabinete interinstitucional para conocer los avances de estas acciones en conjunto, los cuales ser\u00e1n presentados a la Presidenta de la Rep\u00fablica, Claudia Sheinbaum Pardo, como parte de la estrategia Territorios de Paz.<\/p>\n\n\n\n<p>Los gabinetes iniciar\u00e1n reuniones y trabajos esta misma semana, para atender las necesidades de las y los habitantes de \u201cIztapaNeza\u201d.<\/p>\n","protected":false},"excerpt":{"rendered":"<p>Visitas: 11 Juan Ignacio Corro&nbsp; Naucalpan, Estado de M\u00e9xico, a 29 de abril de 2026 Los gobiernos de Iztapalapa y Nezahualc\u00f3yotl acordaron acciones conjuntas en su zona lim\u00edtrofe para frenar la alta criminalidad en la zona, que contempla operativos de seguridad conjuntos, contar con una estrategia en materia de ordenamiento del comercio en v\u00eda p\u00fablica, [&hellip;]<\/p>\n","protected":false},"author":5,"featured_media":18857,"comment_status":"open","ping_status":"open","sticky":false,"template":"","format":"standard","meta":{"site-sidebar-layout":"default","site-content-layout":"","ast-site-content-layout":"default","site-content-style":"default","site-sidebar-style":"default","ast-global-header-display":"","ast-banner-title-visibility":"","ast-main-header-display":"","ast-hfb-above-header-display":"","ast-hfb-below-header-display":"","ast-hfb-mobile-header-display":"","site-post-title":"","ast-breadcrumbs-content":"","ast-featured-img":"","footer-sml-layout":"","ast-disable-related-posts":"","theme-transparent-header-meta":"","adv-header-id-meta":"","stick-header-meta":"","header-above-stick-meta":"","header-main-stick-meta":"","header-below-stick-meta":"","astra-migrate-meta-layouts":"set","ast-page-background-enabled":"default","ast-page-background-meta":{"desktop":{"background-color":"var(--ast-global-color-4)","background-image":"","background-repeat":"repeat","background-position":"center center","background-size":"auto","background-attachment":"scroll","background-type":"","background-media":"","overlay-type":"","overlay-color":"","overlay-opacity":"","overlay-gradient":""},"tablet":{"background-color":"","background-image":"","background-repeat":"repeat","background-position":"center center","background-size":"auto","background-attachment":"scroll","background-type":"","background-media":"","overlay-type":"","overlay-color":"","overlay-opacity":"","overlay-gradient":""},"mobile":{"background-color":"","background-image":"","background-repeat":"repeat","background-position":"center center","background-size":"auto","background-attachment":"scroll","background-type":"","background-media":"","overlay-type":"","overlay-color":"","overlay-opacity":"","overlay-gradient":""}},"ast-content-background-meta":{"desktop":{"background-color":"var(--ast-global-color-5)","background-image":"","background-repeat":"repeat","background-position":"center center","background-size":"auto","background-attachment":"scroll","background-type":"","background-media":"","overlay-type":"","overlay-color":"","overlay-opacity":"","overlay-gradient":""},"tablet":{"background-color":"var(--ast-global-color-5)","background-image":"","background-repeat":"repeat","background-position":"center center","background-size":"auto","background-attachment":"scroll","background-type":"","background-media":"","overlay-type":"","overlay-color":"","overlay-opacity":"","overlay-gradient":""},"mobile":{"background-color":"var(--ast-global-color-5)","background-image":"","background-repeat":"repeat","background-position":"center center","background-size":"auto","background-attachment":"scroll","background-type":"","background-media":"","overlay-type":"","overlay-color":"","overlay-opacity":"","overlay-gradient":""}},"footnotes":""},"categories":[69,8,380,300,68],"tags":[535,526],"class_list":["post-18856","post","type-post","status-publish","format-standard","has-post-thumbnail","hentry","category-cdmx","category-edomex","category-iztapalapa","category-nezahualcoyotl","category-seguridad","tag-cdmx","tag-edomex"],"yoast_head":"<!-- This site is optimized with the Yoast SEO plugin v27.4 - https:\/\/yoast.com\/product\/yoast-seo-wordpress\/ -->\n<title>Acuerdan operativos para reforzar la seguridad en Iztapalapa y Nezahualc\u00f3yotl, zonas con mayor criminalidad en el pa\u00eds - Agencia252<\/title>\n<meta name=\"robots\" content=\"index, follow, max-snippet:-1, max-image-preview:large, max-video-preview:-1\" \/>\n<link rel=\"canonical\" href=\"https:\/\/agencia.252.com.mx\/home\/acuerdan-operativos-para-reforzar-la-seguridad-en-iztapalapa-y-nezahualcoyotl-zonas-con-mayor-criminalidad-en-el-pais\/\" \/>\n<meta property=\"og:locale\" content=\"es_ES\" \/>\n<meta property=\"og:type\" content=\"article\" \/>\n<meta property=\"og:title\" content=\"Acuerdan operativos para reforzar la seguridad en Iztapalapa y Nezahualc\u00f3yotl, zonas con mayor criminalidad en el pa\u00eds - Agencia252\" \/>\n<meta property=\"og:description\" content=\"Visitas: 11 Juan Ignacio Corro&nbsp; Naucalpan, Estado de M\u00e9xico, a 29 de abril de 2026 Los gobiernos de Iztapalapa y Nezahualc\u00f3yotl acordaron acciones conjuntas en su zona lim\u00edtrofe para frenar la alta criminalidad en la zona, que contempla operativos de seguridad conjuntos, contar con una estrategia en materia de ordenamiento del comercio en v\u00eda p\u00fablica, [&hellip;]\" \/>\n<meta property=\"og:url\" content=\"https:\/\/agencia.252.com.mx\/home\/acuerdan-operativos-para-reforzar-la-seguridad-en-iztapalapa-y-nezahualcoyotl-zonas-con-mayor-criminalidad-en-el-pais\/\" \/>\n<meta property=\"og:site_name\" content=\"Agencia252\" \/>\n<meta property=\"article:publisher\" content=\"https:\/\/www.facebook.com\/252Comunicacion\/\" \/>\n<meta property=\"article:author\" content=\"https:\/\/www.facebook.com\/jcorroherrera\/\" \/>\n<meta property=\"article:published_time\" content=\"2026-04-29T20:17:54+00:00\" \/>\n<meta property=\"article:modified_time\" content=\"2026-04-29T20:34:01+00:00\" \/>\n<meta property=\"og:image\" content=\"http:\/\/agencia.252.com.mx\/wp-content\/uploads\/2026\/04\/WhatsApp-Image-2026-04-29-at-1.25.01-PM.jpeg\" \/>\n\t<meta property=\"og:image:width\" content=\"1600\" \/>\n\t<meta property=\"og:image:height\" content=\"1066\" \/>\n\t<meta property=\"og:image:type\" content=\"image\/jpeg\" \/>\n<meta name=\"author\" content=\"Nacho Corro\" \/>\n<meta name=\"twitter:card\" content=\"summary_large_image\" \/>\n<meta name=\"twitter:creator\" content=\"@Juan Ignacio Corro Herrera\" \/>\n<meta name=\"twitter:site\" content=\"@252COMS\" \/>\n<meta name=\"twitter:label1\" content=\"Escrito por\" \/>\n\t<meta name=\"twitter:data1\" content=\"Nacho Corro\" \/>\n\t<meta name=\"twitter:label2\" content=\"Tiempo de lectura\" \/>\n\t<meta name=\"twitter:data2\" content=\"2 minutos\" \/>\n<script type=\"application\/ld+json\" class=\"yoast-schema-graph\">{\"@context\":\"https:\\\/\\\/schema.org\",\"@graph\":[{\"@type\":\"Article\",\"@id\":\"https:\\\/\\\/agencia.252.com.mx\\\/home\\\/acuerdan-operativos-para-reforzar-la-seguridad-en-iztapalapa-y-nezahualcoyotl-zonas-con-mayor-criminalidad-en-el-pais\\\/#article\",\"isPartOf\":{\"@id\":\"https:\\\/\\\/agencia.252.com.mx\\\/home\\\/acuerdan-operativos-para-reforzar-la-seguridad-en-iztapalapa-y-nezahualcoyotl-zonas-con-mayor-criminalidad-en-el-pais\\\/\"},\"author\":{\"name\":\"Nacho Corro\",\"@id\":\"https:\\\/\\\/agencia.252.com.mx\\\/home\\\/#\\\/schema\\\/person\\\/6b972021e9a92d45ade8c78d81509098\"},\"headline\":\"Acuerdan operativos para reforzar la seguridad en Iztapalapa y Nezahualc\u00f3yotl, zonas con mayor criminalidad en el pa\u00eds\",\"datePublished\":\"2026-04-29T20:17:54+00:00\",\"dateModified\":\"2026-04-29T20:34:01+00:00\",\"mainEntityOfPage\":{\"@id\":\"https:\\\/\\\/agencia.252.com.mx\\\/home\\\/acuerdan-operativos-para-reforzar-la-seguridad-en-iztapalapa-y-nezahualcoyotl-zonas-con-mayor-criminalidad-en-el-pais\\\/\"},\"wordCount\":369,\"commentCount\":0,\"publisher\":{\"@id\":\"https:\\\/\\\/agencia.252.com.mx\\\/home\\\/#organization\"},\"image\":{\"@id\":\"https:\\\/\\\/agencia.252.com.mx\\\/home\\\/acuerdan-operativos-para-reforzar-la-seguridad-en-iztapalapa-y-nezahualcoyotl-zonas-con-mayor-criminalidad-en-el-pais\\\/#primaryimage\"},\"thumbnailUrl\":\"https:\\\/\\\/agencia.252.com.mx\\\/wp-content\\\/uploads\\\/2026\\\/04\\\/WhatsApp-Image-2026-04-29-at-1.25.01-PM.jpeg\",\"keywords\":[\"CDMX\",\"Edomex\"],\"articleSection\":[\"CDMX\",\"Edomex\",\"Iztapalapa\",\"Nezahualc\u00f3yotl\",\"Seguridad\"],\"inLanguage\":\"es\",\"potentialAction\":[{\"@type\":\"CommentAction\",\"name\":\"Comment\",\"target\":[\"https:\\\/\\\/agencia.252.com.mx\\\/home\\\/acuerdan-operativos-para-reforzar-la-seguridad-en-iztapalapa-y-nezahualcoyotl-zonas-con-mayor-criminalidad-en-el-pais\\\/#respond\"]}]},{\"@type\":\"WebPage\",\"@id\":\"https:\\\/\\\/agencia.252.com.mx\\\/home\\\/acuerdan-operativos-para-reforzar-la-seguridad-en-iztapalapa-y-nezahualcoyotl-zonas-con-mayor-criminalidad-en-el-pais\\\/\",\"url\":\"https:\\\/\\\/agencia.252.com.mx\\\/home\\\/acuerdan-operativos-para-reforzar-la-seguridad-en-iztapalapa-y-nezahualcoyotl-zonas-con-mayor-criminalidad-en-el-pais\\\/\",\"name\":\"Acuerdan operativos para reforzar la seguridad en Iztapalapa y Nezahualc\u00f3yotl, zonas con mayor criminalidad en el pa\u00eds - Agencia252\",\"isPartOf\":{\"@id\":\"https:\\\/\\\/agencia.252.com.mx\\\/home\\\/#website\"},\"primaryImageOfPage\":{\"@id\":\"https:\\\/\\\/agencia.252.com.mx\\\/home\\\/acuerdan-operativos-para-reforzar-la-seguridad-en-iztapalapa-y-nezahualcoyotl-zonas-con-mayor-criminalidad-en-el-pais\\\/#primaryimage\"},\"image\":{\"@id\":\"https:\\\/\\\/agencia.252.com.mx\\\/home\\\/acuerdan-operativos-para-reforzar-la-seguridad-en-iztapalapa-y-nezahualcoyotl-zonas-con-mayor-criminalidad-en-el-pais\\\/#primaryimage\"},\"thumbnailUrl\":\"https:\\\/\\\/agencia.252.com.mx\\\/wp-content\\\/uploads\\\/2026\\\/04\\\/WhatsApp-Image-2026-04-29-at-1.25.01-PM.jpeg\",\"datePublished\":\"2026-04-29T20:17:54+00:00\",\"dateModified\":\"2026-04-29T20:34:01+00:00\",\"breadcrumb\":{\"@id\":\"https:\\\/\\\/agencia.252.com.mx\\\/home\\\/acuerdan-operativos-para-reforzar-la-seguridad-en-iztapalapa-y-nezahualcoyotl-zonas-con-mayor-criminalidad-en-el-pais\\\/#breadcrumb\"},\"inLanguage\":\"es\",\"potentialAction\":[{\"@type\":\"ReadAction\",\"target\":[\"https:\\\/\\\/agencia.252.com.mx\\\/home\\\/acuerdan-operativos-para-reforzar-la-seguridad-en-iztapalapa-y-nezahualcoyotl-zonas-con-mayor-criminalidad-en-el-pais\\\/\"]}]},{\"@type\":\"ImageObject\",\"inLanguage\":\"es\",\"@id\":\"https:\\\/\\\/agencia.252.com.mx\\\/home\\\/acuerdan-operativos-para-reforzar-la-seguridad-en-iztapalapa-y-nezahualcoyotl-zonas-con-mayor-criminalidad-en-el-pais\\\/#primaryimage\",\"url\":\"https:\\\/\\\/agencia.252.com.mx\\\/wp-content\\\/uploads\\\/2026\\\/04\\\/WhatsApp-Image-2026-04-29-at-1.25.01-PM.jpeg\",\"contentUrl\":\"https:\\\/\\\/agencia.252.com.mx\\\/wp-content\\\/uploads\\\/2026\\\/04\\\/WhatsApp-Image-2026-04-29-at-1.25.01-PM.jpeg\",\"width\":1600,\"height\":1066},{\"@type\":\"BreadcrumbList\",\"@id\":\"https:\\\/\\\/agencia.252.com.mx\\\/home\\\/acuerdan-operativos-para-reforzar-la-seguridad-en-iztapalapa-y-nezahualcoyotl-zonas-con-mayor-criminalidad-en-el-pais\\\/#breadcrumb\",\"itemListElement\":[{\"@type\":\"ListItem\",\"position\":1,\"name\":\"Portada\",\"item\":\"https:\\\/\\\/agencia.252.com.mx\\\/home\\\/\"},{\"@type\":\"ListItem\",\"position\":2,\"name\":\"Acuerdan operativos para reforzar la seguridad en Iztapalapa y Nezahualc\u00f3yotl, zonas con mayor criminalidad en el pa\u00eds\"}]},{\"@type\":\"WebSite\",\"@id\":\"https:\\\/\\\/agencia.252.com.mx\\\/home\\\/#website\",\"url\":\"https:\\\/\\\/agencia.252.com.mx\\\/home\\\/\",\"name\":\"Agencia252\",\"description\":\"Tu espacio en la Red\",\"publisher\":{\"@id\":\"https:\\\/\\\/agencia.252.com.mx\\\/home\\\/#organization\"},\"potentialAction\":[{\"@type\":\"SearchAction\",\"target\":{\"@type\":\"EntryPoint\",\"urlTemplate\":\"https:\\\/\\\/agencia.252.com.mx\\\/home\\\/?s={search_term_string}\"},\"query-input\":{\"@type\":\"PropertyValueSpecification\",\"valueRequired\":true,\"valueName\":\"search_term_string\"}}],\"inLanguage\":\"es\"},{\"@type\":\"Organization\",\"@id\":\"https:\\\/\\\/agencia.252.com.mx\\\/home\\\/#organization\",\"name\":\"Agencia252\",\"url\":\"https:\\\/\\\/agencia.252.com.mx\\\/home\\\/\",\"logo\":{\"@type\":\"ImageObject\",\"inLanguage\":\"es\",\"@id\":\"https:\\\/\\\/agencia.252.com.mx\\\/home\\\/#\\\/schema\\\/logo\\\/image\\\/\",\"url\":\"https:\\\/\\\/agencia.252.com.mx\\\/wp-content\\\/uploads\\\/2023\\\/02\\\/cropped-ciruclo-agencia-e1677562404136.png\",\"contentUrl\":\"https:\\\/\\\/agencia.252.com.mx\\\/wp-content\\\/uploads\\\/2023\\\/02\\\/cropped-ciruclo-agencia-e1677562404136.png\",\"width\":512,\"height\":512,\"caption\":\"Agencia252\"},\"image\":{\"@id\":\"https:\\\/\\\/agencia.252.com.mx\\\/home\\\/#\\\/schema\\\/logo\\\/image\\\/\"},\"sameAs\":[\"https:\\\/\\\/www.facebook.com\\\/252Comunicacion\\\/\",\"https:\\\/\\\/x.com\\\/252COMS\"]},{\"@type\":\"Person\",\"@id\":\"https:\\\/\\\/agencia.252.com.mx\\\/home\\\/#\\\/schema\\\/person\\\/6b972021e9a92d45ade8c78d81509098\",\"name\":\"Nacho Corro\",\"image\":{\"@type\":\"ImageObject\",\"inLanguage\":\"es\",\"@id\":\"https:\\\/\\\/secure.gravatar.com\\\/avatar\\\/5db6df507cfe1307e192fbb498c6b85f1cf2ffd8b4cd37141b9eea588fcbd5a4?s=96&r=g\",\"url\":\"https:\\\/\\\/secure.gravatar.com\\\/avatar\\\/5db6df507cfe1307e192fbb498c6b85f1cf2ffd8b4cd37141b9eea588fcbd5a4?s=96&r=g\",\"contentUrl\":\"https:\\\/\\\/secure.gravatar.com\\\/avatar\\\/5db6df507cfe1307e192fbb498c6b85f1cf2ffd8b4cd37141b9eea588fcbd5a4?s=96&r=g\",\"caption\":\"Nacho Corro\"},\"description\":\"Comunicador Social, Periodista y Administraci\u00f3n P\u00fablica. Conversador pol\u00edtico, temas electorales y seguridad. Generador de contenidos digitales. Amante de la fotograf\u00eda\",\"sameAs\":[\"https:\\\/\\\/www.facebook.com\\\/jcorroherrera\\\/\",\"www.instagram.com\\\/nachocorro\\\/\",\"https:\\\/\\\/x.com\\\/Juan Ignacio Corro Herrera\"],\"url\":\"https:\\\/\\\/agencia.252.com.mx\\\/home\\\/author\\\/i-corro\\\/\"}]}<\/script>\n<!-- \/ Yoast SEO plugin. -->","yoast_head_json":{"title":"Acuerdan operativos para reforzar la seguridad en Iztapalapa y Nezahualc\u00f3yotl, zonas con mayor criminalidad en el pa\u00eds - Agencia252","robots":{"index":"index","follow":"follow","max-snippet":"max-snippet:-1","max-image-preview":"max-image-preview:large","max-video-preview":"max-video-preview:-1"},"canonical":"https:\/\/agencia.252.com.mx\/home\/acuerdan-operativos-para-reforzar-la-seguridad-en-iztapalapa-y-nezahualcoyotl-zonas-con-mayor-criminalidad-en-el-pais\/","og_locale":"es_ES","og_type":"article","og_title":"Acuerdan operativos para reforzar la seguridad en Iztapalapa y Nezahualc\u00f3yotl, zonas con mayor criminalidad en el pa\u00eds - Agencia252","og_description":"Visitas: 11 Juan Ignacio Corro&nbsp; Naucalpan, Estado de M\u00e9xico, a 29 de abril de 2026 Los gobiernos de Iztapalapa y Nezahualc\u00f3yotl acordaron acciones conjuntas en su zona lim\u00edtrofe para frenar la alta criminalidad en la zona, que contempla operativos de seguridad conjuntos, contar con una estrategia en materia de ordenamiento del comercio en v\u00eda p\u00fablica, [&hellip;]","og_url":"https:\/\/agencia.252.com.mx\/home\/acuerdan-operativos-para-reforzar-la-seguridad-en-iztapalapa-y-nezahualcoyotl-zonas-con-mayor-criminalidad-en-el-pais\/","og_site_name":"Agencia252","article_publisher":"https:\/\/www.facebook.com\/252Comunicacion\/","article_author":"https:\/\/www.facebook.com\/jcorroherrera\/","article_published_time":"2026-04-29T20:17:54+00:00","article_modified_time":"2026-04-29T20:34:01+00:00","og_image":[{"width":1600,"height":1066,"url":"http:\/\/agencia.252.com.mx\/wp-content\/uploads\/2026\/04\/WhatsApp-Image-2026-04-29-at-1.25.01-PM.jpeg","type":"image\/jpeg"}],"author":"Nacho Corro","twitter_card":"summary_large_image","twitter_creator":"@Juan Ignacio Corro Herrera","twitter_site":"@252COMS","twitter_misc":{"Escrito por":"Nacho Corro","Tiempo de lectura":"2 minutos"},"schema":{"@context":"https:\/\/schema.org","@graph":[{"@type":"Article","@id":"https:\/\/agencia.252.com.mx\/home\/acuerdan-operativos-para-reforzar-la-seguridad-en-iztapalapa-y-nezahualcoyotl-zonas-con-mayor-criminalidad-en-el-pais\/#article","isPartOf":{"@id":"https:\/\/agencia.252.com.mx\/home\/acuerdan-operativos-para-reforzar-la-seguridad-en-iztapalapa-y-nezahualcoyotl-zonas-con-mayor-criminalidad-en-el-pais\/"},"author":{"name":"Nacho Corro","@id":"https:\/\/agencia.252.com.mx\/home\/#\/schema\/person\/6b972021e9a92d45ade8c78d81509098"},"headline":"Acuerdan operativos para reforzar la seguridad en Iztapalapa y Nezahualc\u00f3yotl, zonas con mayor criminalidad en el pa\u00eds","datePublished":"2026-04-29T20:17:54+00:00","dateModified":"2026-04-29T20:34:01+00:00","mainEntityOfPage":{"@id":"https:\/\/agencia.252.com.mx\/home\/acuerdan-operativos-para-reforzar-la-seguridad-en-iztapalapa-y-nezahualcoyotl-zonas-con-mayor-criminalidad-en-el-pais\/"},"wordCount":369,"commentCount":0,"publisher":{"@id":"https:\/\/agencia.252.com.mx\/home\/#organization"},"image":{"@id":"https:\/\/agencia.252.com.mx\/home\/acuerdan-operativos-para-reforzar-la-seguridad-en-iztapalapa-y-nezahualcoyotl-zonas-con-mayor-criminalidad-en-el-pais\/#primaryimage"},"thumbnailUrl":"https:\/\/agencia.252.com.mx\/wp-content\/uploads\/2026\/04\/WhatsApp-Image-2026-04-29-at-1.25.01-PM.jpeg","keywords":["CDMX","Edomex"],"articleSection":["CDMX","Edomex","Iztapalapa","Nezahualc\u00f3yotl","Seguridad"],"inLanguage":"es","potentialAction":[{"@type":"CommentAction","name":"Comment","target":["https:\/\/agencia.252.com.mx\/home\/acuerdan-operativos-para-reforzar-la-seguridad-en-iztapalapa-y-nezahualcoyotl-zonas-con-mayor-criminalidad-en-el-pais\/#respond"]}]},{"@type":"WebPage","@id":"https:\/\/agencia.252.com.mx\/home\/acuerdan-operativos-para-reforzar-la-seguridad-en-iztapalapa-y-nezahualcoyotl-zonas-con-mayor-criminalidad-en-el-pais\/","url":"https:\/\/agencia.252.com.mx\/home\/acuerdan-operativos-para-reforzar-la-seguridad-en-iztapalapa-y-nezahualcoyotl-zonas-con-mayor-criminalidad-en-el-pais\/","name":"Acuerdan operativos para reforzar la seguridad en Iztapalapa y Nezahualc\u00f3yotl, zonas con mayor criminalidad en el pa\u00eds - Agencia252","isPartOf":{"@id":"https:\/\/agencia.252.com.mx\/home\/#website"},"primaryImageOfPage":{"@id":"https:\/\/agencia.252.com.mx\/home\/acuerdan-operativos-para-reforzar-la-seguridad-en-iztapalapa-y-nezahualcoyotl-zonas-con-mayor-criminalidad-en-el-pais\/#primaryimage"},"image":{"@id":"https:\/\/agencia.252.com.mx\/home\/acuerdan-operativos-para-reforzar-la-seguridad-en-iztapalapa-y-nezahualcoyotl-zonas-con-mayor-criminalidad-en-el-pais\/#primaryimage"},"thumbnailUrl":"https:\/\/agencia.252.com.mx\/wp-content\/uploads\/2026\/04\/WhatsApp-Image-2026-04-29-at-1.25.01-PM.jpeg","datePublished":"2026-04-29T20:17:54+00:00","dateModified":"2026-04-29T20:34:01+00:00","breadcrumb":{"@id":"https:\/\/agencia.252.com.mx\/home\/acuerdan-operativos-para-reforzar-la-seguridad-en-iztapalapa-y-nezahualcoyotl-zonas-con-mayor-criminalidad-en-el-pais\/#breadcrumb"},"inLanguage":"es","potentialAction":[{"@type":"ReadAction","target":["https:\/\/agencia.252.com.mx\/home\/acuerdan-operativos-para-reforzar-la-seguridad-en-iztapalapa-y-nezahualcoyotl-zonas-con-mayor-criminalidad-en-el-pais\/"]}]},{"@type":"ImageObject","inLanguage":"es","@id":"https:\/\/agencia.252.com.mx\/home\/acuerdan-operativos-para-reforzar-la-seguridad-en-iztapalapa-y-nezahualcoyotl-zonas-con-mayor-criminalidad-en-el-pais\/#primaryimage","url":"https:\/\/agencia.252.com.mx\/wp-content\/uploads\/2026\/04\/WhatsApp-Image-2026-04-29-at-1.25.01-PM.jpeg","contentUrl":"https:\/\/agencia.252.com.mx\/wp-content\/uploads\/2026\/04\/WhatsApp-Image-2026-04-29-at-1.25.01-PM.jpeg","width":1600,"height":1066},{"@type":"BreadcrumbList","@id":"https:\/\/agencia.252.com.mx\/home\/acuerdan-operativos-para-reforzar-la-seguridad-en-iztapalapa-y-nezahualcoyotl-zonas-con-mayor-criminalidad-en-el-pais\/#breadcrumb","itemListElement":[{"@type":"ListItem","position":1,"name":"Portada","item":"https:\/\/agencia.252.com.mx\/home\/"},{"@type":"ListItem","position":2,"name":"Acuerdan operativos para reforzar la seguridad en Iztapalapa y Nezahualc\u00f3yotl, zonas con mayor criminalidad en el pa\u00eds"}]},{"@type":"WebSite","@id":"https:\/\/agencia.252.com.mx\/home\/#website","url":"https:\/\/agencia.252.com.mx\/home\/","name":"Agencia252","description":"Tu espacio en la Red","publisher":{"@id":"https:\/\/agencia.252.com.mx\/home\/#organization"},"potentialAction":[{"@type":"SearchAction","target":{"@type":"EntryPoint","urlTemplate":"https:\/\/agencia.252.com.mx\/home\/?s={search_term_string}"},"query-input":{"@type":"PropertyValueSpecification","valueRequired":true,"valueName":"search_term_string"}}],"inLanguage":"es"},{"@type":"Organization","@id":"https:\/\/agencia.252.com.mx\/home\/#organization","name":"Agencia252","url":"https:\/\/agencia.252.com.mx\/home\/","logo":{"@type":"ImageObject","inLanguage":"es","@id":"https:\/\/agencia.252.com.mx\/home\/#\/schema\/logo\/image\/","url":"https:\/\/agencia.252.com.mx\/wp-content\/uploads\/2023\/02\/cropped-ciruclo-agencia-e1677562404136.png","contentUrl":"https:\/\/agencia.252.com.mx\/wp-content\/uploads\/2023\/02\/cropped-ciruclo-agencia-e1677562404136.png","width":512,"height":512,"caption":"Agencia252"},"image":{"@id":"https:\/\/agencia.252.com.mx\/home\/#\/schema\/logo\/image\/"},"sameAs":["https:\/\/www.facebook.com\/252Comunicacion\/","https:\/\/x.com\/252COMS"]},{"@type":"Person","@id":"https:\/\/agencia.252.com.mx\/home\/#\/schema\/person\/6b972021e9a92d45ade8c78d81509098","name":"Nacho Corro","image":{"@type":"ImageObject","inLanguage":"es","@id":"https:\/\/secure.gravatar.com\/avatar\/5db6df507cfe1307e192fbb498c6b85f1cf2ffd8b4cd37141b9eea588fcbd5a4?s=96&r=g","url":"https:\/\/secure.gravatar.com\/avatar\/5db6df507cfe1307e192fbb498c6b85f1cf2ffd8b4cd37141b9eea588fcbd5a4?s=96&r=g","contentUrl":"https:\/\/secure.gravatar.com\/avatar\/5db6df507cfe1307e192fbb498c6b85f1cf2ffd8b4cd37141b9eea588fcbd5a4?s=96&r=g","caption":"Nacho Corro"},"description":"Comunicador Social, Periodista y Administraci\u00f3n P\u00fablica. Conversador pol\u00edtico, temas electorales y seguridad. Generador de contenidos digitales. Amante de la fotograf\u00eda","sameAs":["https:\/\/www.facebook.com\/jcorroherrera\/","www.instagram.com\/nachocorro\/","https:\/\/x.com\/Juan Ignacio Corro Herrera"],"url":"https:\/\/agencia.252.com.mx\/home\/author\/i-corro\/"}]}},"_links":{"self":[{"href":"https:\/\/agencia.252.com.mx\/home\/wp-json\/wp\/v2\/posts\/18856","targetHints":{"allow":["GET"]}}],"collection":[{"href":"https:\/\/agencia.252.com.mx\/home\/wp-json\/wp\/v2\/posts"}],"about":[{"href":"https:\/\/agencia.252.com.mx\/home\/wp-json\/wp\/v2\/types\/post"}],"author":[{"embeddable":true,"href":"https:\/\/agencia.252.com.mx\/home\/wp-json\/wp\/v2\/users\/5"}],"replies":[{"embeddable":true,"href":"https:\/\/agencia.252.com.mx\/home\/wp-json\/wp\/v2\/comments?post=18856"}],"version-history":[{"count":2,"href":"https:\/\/agencia.252.com.mx\/home\/wp-json\/wp\/v2\/posts\/18856\/revisions"}],"predecessor-version":[{"id":18860,"href":"https:\/\/agencia.252.com.mx\/home\/wp-json\/wp\/v2\/posts\/18856\/revisions\/18860"}],"wp:featuredmedia":[{"embeddable":true,"href":"https:\/\/agencia.252.com.mx\/home\/wp-json\/wp\/v2\/media\/18857"}],"wp:attachment":[{"href":"https:\/\/agencia.252.com.mx\/home\/wp-json\/wp\/v2\/media?parent=18856"}],"wp:term":[{"taxonomy":"category","embeddable":true,"href":"https:\/\/agencia.252.com.mx\/home\/wp-json\/wp\/v2\/categories?post=18856"},{"taxonomy":"post_tag","embeddable":true,"href":"https:\/\/agencia.252.com.mx\/home\/wp-json\/wp\/v2\/tags?post=18856"}],"curies":[{"name":"wp","href":"https:\/\/api.w.org\/{rel}","templated":true}]}}