{"id":18849,"date":"2026-04-29T12:32:39","date_gmt":"2026-04-29T18:32:39","guid":{"rendered":"https:\/\/agencia.252.com.mx\/home\/?p=18849"},"modified":"2026-04-29T12:32:52","modified_gmt":"2026-04-29T18:32:52","slug":"retira-huixquilucan-5-mil-motociletas-de-circulacion-con-operativos-de-movilidad-y-reordenamiento-vial","status":"publish","type":"post","link":"https:\/\/agencia.252.com.mx\/home\/retira-huixquilucan-5-mil-motociletas-de-circulacion-con-operativos-de-movilidad-y-reordenamiento-vial\/","title":{"rendered":"Retira Huixquilucan 5 mil motocicletas de circulaci\u00f3n con operativos de movilidad y reordenamiento vial\u00a0"},"content":{"rendered":"<p>Visitas: 12<\/p>\n<ul class=\"wp-block-list\">\n<li><em>Desde la puesta en marcha del Operativo de Inspecci\u00f3n y Reordenamiento Vial, se han retirado de circulaci\u00f3n cerca de cinco mil motocicletas en las tres zonas del territorio<\/em><\/li>\n\n\n\n<li><em>Elementos de la Direcci\u00f3n General de Seguridad P\u00fablica y Vialidad de Huixquilucan vigilan que los conductores porten el equipo de protecci\u00f3n adecuado y las unidades cuenten con toda la documentaci\u00f3n en regla\u00a0<\/em><\/li>\n<\/ul>\n\n\n\n<p>Juan Ignacio Corro&nbsp;<\/p>\n\n\n\n<p class=\"has-text-align-right\">Huixqulucan, Estado de M\u00e9xico, a 29 de abril de 2026<\/p>\n\n\n\n<p>En respuesta a las demandas ciudadanas y con el objetivo de preservar la paz en las calles del municipio, el Gobierno de Huixquilucan inform\u00f3 que, de febrero del 2025 a la fecha, se han retirado de circulaci\u00f3n cerca de cinco mil motocicletas, con el fin de proteger la integridad f\u00edsica de los usuarios y disminuir los \u00edndices delictivos y los accidentes viales, en las tres zonas del territorio.<\/p>\n\n\n\n<p>Esto es resultado del Operativo de Inspecci\u00f3n y Reordenamiento Vial, el cual implement\u00f3 la presidenta municipal, Romina Contreras Carrasco, para reforzar la seguridad vial y vigilar que se cumplan las normas de tr\u00e1nsito, pues la causa principal de accidentes en estas unidades es el exceso de velocidad, la falta de uso de casco y el no respetar los lineamientos del Reglamento de Tr\u00e1nsito y Vialidad de Huixquilucan.<\/p>\n\n\n\n<p>Al respecto, Romina Conterras explic\u00f3 que la implementaci\u00f3n del Operativo de Inspecci\u00f3n y Reordenamiento de Motocicletas, ha contribuido a preservar el orden y la tranquilidad en el territorio, toda vez que elementos de la Direcci\u00f3n General de Seguridad P\u00fablica y Vialidad de Huixquilucan se encuentran en puntos estrat\u00e9gicos de las tres zonas del territorio para revisar que las unidades cuenten con toda la documentaci\u00f3n en regla, que los conductores porten el equipo de protecci\u00f3n adecuado, que no viajen m\u00e1s pasajeros de lo permitido y respeten los l\u00edmites de velocidad, entre otras medidas.<\/p>\n\n\n\n<figure class=\"wp-block-image size-large\"><img fetchpriority=\"high\" decoding=\"async\" width=\"1024\" height=\"683\" src=\"http:\/\/agencia.252.com.mx\/wp-content\/uploads\/2026\/04\/Huixquilucan-Romina-Contreras-C-102-2026-5-1024x683.jpg\" alt=\"\" class=\"wp-image-18851\" srcset=\"https:\/\/agencia.252.com.mx\/wp-content\/uploads\/2026\/04\/Huixquilucan-Romina-Contreras-C-102-2026-5-1024x683.jpg 1024w, https:\/\/agencia.252.com.mx\/wp-content\/uploads\/2026\/04\/Huixquilucan-Romina-Contreras-C-102-2026-5-300x200.jpg 300w, https:\/\/agencia.252.com.mx\/wp-content\/uploads\/2026\/04\/Huixquilucan-Romina-Contreras-C-102-2026-5-768x512.jpg 768w, https:\/\/agencia.252.com.mx\/wp-content\/uploads\/2026\/04\/Huixquilucan-Romina-Contreras-C-102-2026-5-1536x1024.jpg 1536w, https:\/\/agencia.252.com.mx\/wp-content\/uploads\/2026\/04\/Huixquilucan-Romina-Contreras-C-102-2026-5-2048x1365.jpg 2048w\" sizes=\"(max-width: 1024px) 100vw, 1024px\" \/><\/figure>\n\n\n\n<p>El director general de Seguridad P\u00fablica y Vialidad de Huixquilucan, Luis Antonio Alarc\u00f3n Mart\u00ednez, explic\u00f3 que estos operativos son permanentes, pues las atenciones m\u00e9dicas por accidentes en motocicleta en la entidad, han incrementado mil 500 por ciento, de acuerdo con el Instituto de Salud del Estado de M\u00e9xico (ISEM), por lo que exhort\u00f3 a los conductores a ser responsables y manejar con precauci\u00f3n, toda vez que, por un descuido, su vida puede cambiar.<\/p>\n\n\n\n<p>Asimismo, el Gobierno de Huixquilucan implement\u00f3 una campa\u00f1a de concientizaci\u00f3n en redes sociales para los motociclistas, la cual contempla una serie de recomendaciones, como la prohibici\u00f3n de circular sin casco, no rebasar entre carriles, no viajar con menores de 12 a\u00f1os, no exceder los l\u00edmites de velocidad, no hacer acrobacias, no circular sobre la banqueta y los menores de edad tienen prohibido conducir sin permiso oficial.<\/p>\n","protected":false},"excerpt":{"rendered":"<p>Visitas: 12 Juan Ignacio Corro&nbsp; Huixqulucan, Estado de M\u00e9xico, a 29 de abril de 2026 En respuesta a las demandas ciudadanas y con el objetivo de preservar la paz en las calles del municipio, el Gobierno de Huixquilucan inform\u00f3 que, de febrero del 2025 a la fecha, se han retirado de circulaci\u00f3n cerca de cinco [&hellip;]<\/p>\n","protected":false},"author":5,"featured_media":18852,"comment_status":"open","ping_status":"open","sticky":false,"template":"","format":"standard","meta":{"site-sidebar-layout":"default","site-content-layout":"","ast-site-content-layout":"default","site-content-style":"default","site-sidebar-style":"default","ast-global-header-display":"","ast-banner-title-visibility":"","ast-main-header-display":"","ast-hfb-above-header-display":"","ast-hfb-below-header-display":"","ast-hfb-mobile-header-display":"","site-post-title":"","ast-breadcrumbs-content":"","ast-featured-img":"","footer-sml-layout":"","ast-disable-related-posts":"","theme-transparent-header-meta":"","adv-header-id-meta":"","stick-header-meta":"","header-above-stick-meta":"","header-main-stick-meta":"","header-below-stick-meta":"","astra-migrate-meta-layouts":"set","ast-page-background-enabled":"default","ast-page-background-meta":{"desktop":{"background-color":"var(--ast-global-color-4)","background-image":"","background-repeat":"repeat","background-position":"center center","background-size":"auto","background-attachment":"scroll","background-type":"","background-media":"","overlay-type":"","overlay-color":"","overlay-opacity":"","overlay-gradient":""},"tablet":{"background-color":"","background-image":"","background-repeat":"repeat","background-position":"center center","background-size":"auto","background-attachment":"scroll","background-type":"","background-media":"","overlay-type":"","overlay-color":"","overlay-opacity":"","overlay-gradient":""},"mobile":{"background-color":"","background-image":"","background-repeat":"repeat","background-position":"center center","background-size":"auto","background-attachment":"scroll","background-type":"","background-media":"","overlay-type":"","overlay-color":"","overlay-opacity":"","overlay-gradient":""}},"ast-content-background-meta":{"desktop":{"background-color":"var(--ast-global-color-5)","background-image":"","background-repeat":"repeat","background-position":"center center","background-size":"auto","background-attachment":"scroll","background-type":"","background-media":"","overlay-type":"","overlay-color":"","overlay-opacity":"","overlay-gradient":""},"tablet":{"background-color":"var(--ast-global-color-5)","background-image":"","background-repeat":"repeat","background-position":"center center","background-size":"auto","background-attachment":"scroll","background-type":"","background-media":"","overlay-type":"","overlay-color":"","overlay-opacity":"","overlay-gradient":""},"mobile":{"background-color":"var(--ast-global-color-5)","background-image":"","background-repeat":"repeat","background-position":"center center","background-size":"auto","background-attachment":"scroll","background-type":"","background-media":"","overlay-type":"","overlay-color":"","overlay-opacity":"","overlay-gradient":""}},"footnotes":""},"categories":[8,283,512],"tags":[526],"class_list":["post-18849","post","type-post","status-publish","format-standard","has-post-thumbnail","hentry","category-edomex","category-huixquilucan","category-metropoli","tag-edomex"],"yoast_head":"<!-- This site is optimized with the Yoast SEO plugin v27.4 - https:\/\/yoast.com\/product\/yoast-seo-wordpress\/ -->\n<title>Retira Huixquilucan 5 mil motocicletas de circulaci\u00f3n con operativos de movilidad y reordenamiento vial\u00a0 - Agencia252<\/title>\n<meta name=\"robots\" content=\"index, follow, max-snippet:-1, max-image-preview:large, max-video-preview:-1\" \/>\n<link rel=\"canonical\" href=\"https:\/\/agencia.252.com.mx\/home\/retira-huixquilucan-5-mil-motociletas-de-circulacion-con-operativos-de-movilidad-y-reordenamiento-vial\/\" \/>\n<meta property=\"og:locale\" content=\"es_ES\" \/>\n<meta property=\"og:type\" content=\"article\" \/>\n<meta property=\"og:title\" content=\"Retira Huixquilucan 5 mil motocicletas de circulaci\u00f3n con operativos de movilidad y reordenamiento vial\u00a0 - Agencia252\" \/>\n<meta property=\"og:description\" content=\"Visitas: 12 Juan Ignacio Corro&nbsp; Huixqulucan, Estado de M\u00e9xico, a 29 de abril de 2026 En respuesta a las demandas ciudadanas y con el objetivo de preservar la paz en las calles del municipio, el Gobierno de Huixquilucan inform\u00f3 que, de febrero del 2025 a la fecha, se han retirado de circulaci\u00f3n cerca de cinco [&hellip;]\" \/>\n<meta property=\"og:url\" content=\"https:\/\/agencia.252.com.mx\/home\/retira-huixquilucan-5-mil-motociletas-de-circulacion-con-operativos-de-movilidad-y-reordenamiento-vial\/\" \/>\n<meta property=\"og:site_name\" content=\"Agencia252\" \/>\n<meta property=\"article:publisher\" content=\"https:\/\/www.facebook.com\/252Comunicacion\/\" \/>\n<meta property=\"article:author\" content=\"https:\/\/www.facebook.com\/jcorroherrera\/\" \/>\n<meta property=\"article:published_time\" content=\"2026-04-29T18:32:39+00:00\" \/>\n<meta property=\"article:modified_time\" content=\"2026-04-29T18:32:52+00:00\" \/>\n<meta property=\"og:image\" content=\"http:\/\/agencia.252.com.mx\/wp-content\/uploads\/2026\/04\/Huixquilucan-Romina-Contreras-C-102-2026-1-scaled.jpg\" \/>\n\t<meta property=\"og:image:width\" content=\"2560\" \/>\n\t<meta property=\"og:image:height\" content=\"1707\" \/>\n\t<meta property=\"og:image:type\" content=\"image\/jpeg\" \/>\n<meta name=\"author\" content=\"Nacho Corro\" \/>\n<meta name=\"twitter:card\" content=\"summary_large_image\" \/>\n<meta name=\"twitter:creator\" content=\"@Juan Ignacio Corro Herrera\" \/>\n<meta name=\"twitter:site\" content=\"@252COMS\" \/>\n<meta name=\"twitter:label1\" content=\"Escrito por\" \/>\n\t<meta name=\"twitter:data1\" content=\"Nacho Corro\" \/>\n\t<meta name=\"twitter:label2\" content=\"Tiempo de lectura\" \/>\n\t<meta name=\"twitter:data2\" content=\"3 minutos\" \/>\n<script type=\"application\/ld+json\" class=\"yoast-schema-graph\">{\"@context\":\"https:\\\/\\\/schema.org\",\"@graph\":[{\"@type\":\"Article\",\"@id\":\"https:\\\/\\\/agencia.252.com.mx\\\/home\\\/retira-huixquilucan-5-mil-motociletas-de-circulacion-con-operativos-de-movilidad-y-reordenamiento-vial\\\/#article\",\"isPartOf\":{\"@id\":\"https:\\\/\\\/agencia.252.com.mx\\\/home\\\/retira-huixquilucan-5-mil-motociletas-de-circulacion-con-operativos-de-movilidad-y-reordenamiento-vial\\\/\"},\"author\":{\"name\":\"Nacho Corro\",\"@id\":\"https:\\\/\\\/agencia.252.com.mx\\\/home\\\/#\\\/schema\\\/person\\\/6b972021e9a92d45ade8c78d81509098\"},\"headline\":\"Retira Huixquilucan 5 mil motocicletas de circulaci\u00f3n con operativos de movilidad y reordenamiento vial\u00a0\",\"datePublished\":\"2026-04-29T18:32:39+00:00\",\"dateModified\":\"2026-04-29T18:32:52+00:00\",\"mainEntityOfPage\":{\"@id\":\"https:\\\/\\\/agencia.252.com.mx\\\/home\\\/retira-huixquilucan-5-mil-motociletas-de-circulacion-con-operativos-de-movilidad-y-reordenamiento-vial\\\/\"},\"wordCount\":481,\"commentCount\":0,\"publisher\":{\"@id\":\"https:\\\/\\\/agencia.252.com.mx\\\/home\\\/#organization\"},\"image\":{\"@id\":\"https:\\\/\\\/agencia.252.com.mx\\\/home\\\/retira-huixquilucan-5-mil-motociletas-de-circulacion-con-operativos-de-movilidad-y-reordenamiento-vial\\\/#primaryimage\"},\"thumbnailUrl\":\"https:\\\/\\\/agencia.252.com.mx\\\/wp-content\\\/uploads\\\/2026\\\/04\\\/Huixquilucan-Romina-Contreras-C-102-2026-1-scaled.jpg\",\"keywords\":[\"Edomex\"],\"articleSection\":[\"Edomex\",\"huixquilucan\",\"Metropoli\"],\"inLanguage\":\"es\",\"potentialAction\":[{\"@type\":\"CommentAction\",\"name\":\"Comment\",\"target\":[\"https:\\\/\\\/agencia.252.com.mx\\\/home\\\/retira-huixquilucan-5-mil-motociletas-de-circulacion-con-operativos-de-movilidad-y-reordenamiento-vial\\\/#respond\"]}]},{\"@type\":\"WebPage\",\"@id\":\"https:\\\/\\\/agencia.252.com.mx\\\/home\\\/retira-huixquilucan-5-mil-motociletas-de-circulacion-con-operativos-de-movilidad-y-reordenamiento-vial\\\/\",\"url\":\"https:\\\/\\\/agencia.252.com.mx\\\/home\\\/retira-huixquilucan-5-mil-motociletas-de-circulacion-con-operativos-de-movilidad-y-reordenamiento-vial\\\/\",\"name\":\"Retira Huixquilucan 5 mil motocicletas de circulaci\u00f3n con operativos de movilidad y reordenamiento vial\u00a0 - Agencia252\",\"isPartOf\":{\"@id\":\"https:\\\/\\\/agencia.252.com.mx\\\/home\\\/#website\"},\"primaryImageOfPage\":{\"@id\":\"https:\\\/\\\/agencia.252.com.mx\\\/home\\\/retira-huixquilucan-5-mil-motociletas-de-circulacion-con-operativos-de-movilidad-y-reordenamiento-vial\\\/#primaryimage\"},\"image\":{\"@id\":\"https:\\\/\\\/agencia.252.com.mx\\\/home\\\/retira-huixquilucan-5-mil-motociletas-de-circulacion-con-operativos-de-movilidad-y-reordenamiento-vial\\\/#primaryimage\"},\"thumbnailUrl\":\"https:\\\/\\\/agencia.252.com.mx\\\/wp-content\\\/uploads\\\/2026\\\/04\\\/Huixquilucan-Romina-Contreras-C-102-2026-1-scaled.jpg\",\"datePublished\":\"2026-04-29T18:32:39+00:00\",\"dateModified\":\"2026-04-29T18:32:52+00:00\",\"breadcrumb\":{\"@id\":\"https:\\\/\\\/agencia.252.com.mx\\\/home\\\/retira-huixquilucan-5-mil-motociletas-de-circulacion-con-operativos-de-movilidad-y-reordenamiento-vial\\\/#breadcrumb\"},\"inLanguage\":\"es\",\"potentialAction\":[{\"@type\":\"ReadAction\",\"target\":[\"https:\\\/\\\/agencia.252.com.mx\\\/home\\\/retira-huixquilucan-5-mil-motociletas-de-circulacion-con-operativos-de-movilidad-y-reordenamiento-vial\\\/\"]}]},{\"@type\":\"ImageObject\",\"inLanguage\":\"es\",\"@id\":\"https:\\\/\\\/agencia.252.com.mx\\\/home\\\/retira-huixquilucan-5-mil-motociletas-de-circulacion-con-operativos-de-movilidad-y-reordenamiento-vial\\\/#primaryimage\",\"url\":\"https:\\\/\\\/agencia.252.com.mx\\\/wp-content\\\/uploads\\\/2026\\\/04\\\/Huixquilucan-Romina-Contreras-C-102-2026-1-scaled.jpg\",\"contentUrl\":\"https:\\\/\\\/agencia.252.com.mx\\\/wp-content\\\/uploads\\\/2026\\\/04\\\/Huixquilucan-Romina-Contreras-C-102-2026-1-scaled.jpg\",\"width\":2560,\"height\":1707},{\"@type\":\"BreadcrumbList\",\"@id\":\"https:\\\/\\\/agencia.252.com.mx\\\/home\\\/retira-huixquilucan-5-mil-motociletas-de-circulacion-con-operativos-de-movilidad-y-reordenamiento-vial\\\/#breadcrumb\",\"itemListElement\":[{\"@type\":\"ListItem\",\"position\":1,\"name\":\"Portada\",\"item\":\"https:\\\/\\\/agencia.252.com.mx\\\/home\\\/\"},{\"@type\":\"ListItem\",\"position\":2,\"name\":\"Retira Huixquilucan 5 mil motocicletas de circulaci\u00f3n con operativos de movilidad y reordenamiento vial\u00a0\"}]},{\"@type\":\"WebSite\",\"@id\":\"https:\\\/\\\/agencia.252.com.mx\\\/home\\\/#website\",\"url\":\"https:\\\/\\\/agencia.252.com.mx\\\/home\\\/\",\"name\":\"Agencia252\",\"description\":\"Tu espacio en la Red\",\"publisher\":{\"@id\":\"https:\\\/\\\/agencia.252.com.mx\\\/home\\\/#organization\"},\"potentialAction\":[{\"@type\":\"SearchAction\",\"target\":{\"@type\":\"EntryPoint\",\"urlTemplate\":\"https:\\\/\\\/agencia.252.com.mx\\\/home\\\/?s={search_term_string}\"},\"query-input\":{\"@type\":\"PropertyValueSpecification\",\"valueRequired\":true,\"valueName\":\"search_term_string\"}}],\"inLanguage\":\"es\"},{\"@type\":\"Organization\",\"@id\":\"https:\\\/\\\/agencia.252.com.mx\\\/home\\\/#organization\",\"name\":\"Agencia252\",\"url\":\"https:\\\/\\\/agencia.252.com.mx\\\/home\\\/\",\"logo\":{\"@type\":\"ImageObject\",\"inLanguage\":\"es\",\"@id\":\"https:\\\/\\\/agencia.252.com.mx\\\/home\\\/#\\\/schema\\\/logo\\\/image\\\/\",\"url\":\"https:\\\/\\\/agencia.252.com.mx\\\/wp-content\\\/uploads\\\/2023\\\/02\\\/cropped-ciruclo-agencia-e1677562404136.png\",\"contentUrl\":\"https:\\\/\\\/agencia.252.com.mx\\\/wp-content\\\/uploads\\\/2023\\\/02\\\/cropped-ciruclo-agencia-e1677562404136.png\",\"width\":512,\"height\":512,\"caption\":\"Agencia252\"},\"image\":{\"@id\":\"https:\\\/\\\/agencia.252.com.mx\\\/home\\\/#\\\/schema\\\/logo\\\/image\\\/\"},\"sameAs\":[\"https:\\\/\\\/www.facebook.com\\\/252Comunicacion\\\/\",\"https:\\\/\\\/x.com\\\/252COMS\"]},{\"@type\":\"Person\",\"@id\":\"https:\\\/\\\/agencia.252.com.mx\\\/home\\\/#\\\/schema\\\/person\\\/6b972021e9a92d45ade8c78d81509098\",\"name\":\"Nacho Corro\",\"image\":{\"@type\":\"ImageObject\",\"inLanguage\":\"es\",\"@id\":\"https:\\\/\\\/secure.gravatar.com\\\/avatar\\\/5db6df507cfe1307e192fbb498c6b85f1cf2ffd8b4cd37141b9eea588fcbd5a4?s=96&r=g\",\"url\":\"https:\\\/\\\/secure.gravatar.com\\\/avatar\\\/5db6df507cfe1307e192fbb498c6b85f1cf2ffd8b4cd37141b9eea588fcbd5a4?s=96&r=g\",\"contentUrl\":\"https:\\\/\\\/secure.gravatar.com\\\/avatar\\\/5db6df507cfe1307e192fbb498c6b85f1cf2ffd8b4cd37141b9eea588fcbd5a4?s=96&r=g\",\"caption\":\"Nacho Corro\"},\"description\":\"Comunicador Social, Periodista y Administraci\u00f3n P\u00fablica. Conversador pol\u00edtico, temas electorales y seguridad. Generador de contenidos digitales. Amante de la fotograf\u00eda\",\"sameAs\":[\"https:\\\/\\\/www.facebook.com\\\/jcorroherrera\\\/\",\"www.instagram.com\\\/nachocorro\\\/\",\"https:\\\/\\\/x.com\\\/Juan Ignacio Corro Herrera\"],\"url\":\"https:\\\/\\\/agencia.252.com.mx\\\/home\\\/author\\\/i-corro\\\/\"}]}<\/script>\n<!-- \/ Yoast SEO plugin. -->","yoast_head_json":{"title":"Retira Huixquilucan 5 mil motocicletas de circulaci\u00f3n con operativos de movilidad y reordenamiento vial\u00a0 - Agencia252","robots":{"index":"index","follow":"follow","max-snippet":"max-snippet:-1","max-image-preview":"max-image-preview:large","max-video-preview":"max-video-preview:-1"},"canonical":"https:\/\/agencia.252.com.mx\/home\/retira-huixquilucan-5-mil-motociletas-de-circulacion-con-operativos-de-movilidad-y-reordenamiento-vial\/","og_locale":"es_ES","og_type":"article","og_title":"Retira Huixquilucan 5 mil motocicletas de circulaci\u00f3n con operativos de movilidad y reordenamiento vial\u00a0 - Agencia252","og_description":"Visitas: 12 Juan Ignacio Corro&nbsp; Huixqulucan, Estado de M\u00e9xico, a 29 de abril de 2026 En respuesta a las demandas ciudadanas y con el objetivo de preservar la paz en las calles del municipio, el Gobierno de Huixquilucan inform\u00f3 que, de febrero del 2025 a la fecha, se han retirado de circulaci\u00f3n cerca de cinco [&hellip;]","og_url":"https:\/\/agencia.252.com.mx\/home\/retira-huixquilucan-5-mil-motociletas-de-circulacion-con-operativos-de-movilidad-y-reordenamiento-vial\/","og_site_name":"Agencia252","article_publisher":"https:\/\/www.facebook.com\/252Comunicacion\/","article_author":"https:\/\/www.facebook.com\/jcorroherrera\/","article_published_time":"2026-04-29T18:32:39+00:00","article_modified_time":"2026-04-29T18:32:52+00:00","og_image":[{"width":2560,"height":1707,"url":"http:\/\/agencia.252.com.mx\/wp-content\/uploads\/2026\/04\/Huixquilucan-Romina-Contreras-C-102-2026-1-scaled.jpg","type":"image\/jpeg"}],"author":"Nacho Corro","twitter_card":"summary_large_image","twitter_creator":"@Juan Ignacio Corro Herrera","twitter_site":"@252COMS","twitter_misc":{"Escrito por":"Nacho Corro","Tiempo de lectura":"3 minutos"},"schema":{"@context":"https:\/\/schema.org","@graph":[{"@type":"Article","@id":"https:\/\/agencia.252.com.mx\/home\/retira-huixquilucan-5-mil-motociletas-de-circulacion-con-operativos-de-movilidad-y-reordenamiento-vial\/#article","isPartOf":{"@id":"https:\/\/agencia.252.com.mx\/home\/retira-huixquilucan-5-mil-motociletas-de-circulacion-con-operativos-de-movilidad-y-reordenamiento-vial\/"},"author":{"name":"Nacho Corro","@id":"https:\/\/agencia.252.com.mx\/home\/#\/schema\/person\/6b972021e9a92d45ade8c78d81509098"},"headline":"Retira Huixquilucan 5 mil motocicletas de circulaci\u00f3n con operativos de movilidad y reordenamiento vial\u00a0","datePublished":"2026-04-29T18:32:39+00:00","dateModified":"2026-04-29T18:32:52+00:00","mainEntityOfPage":{"@id":"https:\/\/agencia.252.com.mx\/home\/retira-huixquilucan-5-mil-motociletas-de-circulacion-con-operativos-de-movilidad-y-reordenamiento-vial\/"},"wordCount":481,"commentCount":0,"publisher":{"@id":"https:\/\/agencia.252.com.mx\/home\/#organization"},"image":{"@id":"https:\/\/agencia.252.com.mx\/home\/retira-huixquilucan-5-mil-motociletas-de-circulacion-con-operativos-de-movilidad-y-reordenamiento-vial\/#primaryimage"},"thumbnailUrl":"https:\/\/agencia.252.com.mx\/wp-content\/uploads\/2026\/04\/Huixquilucan-Romina-Contreras-C-102-2026-1-scaled.jpg","keywords":["Edomex"],"articleSection":["Edomex","huixquilucan","Metropoli"],"inLanguage":"es","potentialAction":[{"@type":"CommentAction","name":"Comment","target":["https:\/\/agencia.252.com.mx\/home\/retira-huixquilucan-5-mil-motociletas-de-circulacion-con-operativos-de-movilidad-y-reordenamiento-vial\/#respond"]}]},{"@type":"WebPage","@id":"https:\/\/agencia.252.com.mx\/home\/retira-huixquilucan-5-mil-motociletas-de-circulacion-con-operativos-de-movilidad-y-reordenamiento-vial\/","url":"https:\/\/agencia.252.com.mx\/home\/retira-huixquilucan-5-mil-motociletas-de-circulacion-con-operativos-de-movilidad-y-reordenamiento-vial\/","name":"Retira Huixquilucan 5 mil motocicletas de circulaci\u00f3n con operativos de movilidad y reordenamiento vial\u00a0 - Agencia252","isPartOf":{"@id":"https:\/\/agencia.252.com.mx\/home\/#website"},"primaryImageOfPage":{"@id":"https:\/\/agencia.252.com.mx\/home\/retira-huixquilucan-5-mil-motociletas-de-circulacion-con-operativos-de-movilidad-y-reordenamiento-vial\/#primaryimage"},"image":{"@id":"https:\/\/agencia.252.com.mx\/home\/retira-huixquilucan-5-mil-motociletas-de-circulacion-con-operativos-de-movilidad-y-reordenamiento-vial\/#primaryimage"},"thumbnailUrl":"https:\/\/agencia.252.com.mx\/wp-content\/uploads\/2026\/04\/Huixquilucan-Romina-Contreras-C-102-2026-1-scaled.jpg","datePublished":"2026-04-29T18:32:39+00:00","dateModified":"2026-04-29T18:32:52+00:00","breadcrumb":{"@id":"https:\/\/agencia.252.com.mx\/home\/retira-huixquilucan-5-mil-motociletas-de-circulacion-con-operativos-de-movilidad-y-reordenamiento-vial\/#breadcrumb"},"inLanguage":"es","potentialAction":[{"@type":"ReadAction","target":["https:\/\/agencia.252.com.mx\/home\/retira-huixquilucan-5-mil-motociletas-de-circulacion-con-operativos-de-movilidad-y-reordenamiento-vial\/"]}]},{"@type":"ImageObject","inLanguage":"es","@id":"https:\/\/agencia.252.com.mx\/home\/retira-huixquilucan-5-mil-motociletas-de-circulacion-con-operativos-de-movilidad-y-reordenamiento-vial\/#primaryimage","url":"https:\/\/agencia.252.com.mx\/wp-content\/uploads\/2026\/04\/Huixquilucan-Romina-Contreras-C-102-2026-1-scaled.jpg","contentUrl":"https:\/\/agencia.252.com.mx\/wp-content\/uploads\/2026\/04\/Huixquilucan-Romina-Contreras-C-102-2026-1-scaled.jpg","width":2560,"height":1707},{"@type":"BreadcrumbList","@id":"https:\/\/agencia.252.com.mx\/home\/retira-huixquilucan-5-mil-motociletas-de-circulacion-con-operativos-de-movilidad-y-reordenamiento-vial\/#breadcrumb","itemListElement":[{"@type":"ListItem","position":1,"name":"Portada","item":"https:\/\/agencia.252.com.mx\/home\/"},{"@type":"ListItem","position":2,"name":"Retira Huixquilucan 5 mil motocicletas de circulaci\u00f3n con operativos de movilidad y reordenamiento vial\u00a0"}]},{"@type":"WebSite","@id":"https:\/\/agencia.252.com.mx\/home\/#website","url":"https:\/\/agencia.252.com.mx\/home\/","name":"Agencia252","description":"Tu espacio en la Red","publisher":{"@id":"https:\/\/agencia.252.com.mx\/home\/#organization"},"potentialAction":[{"@type":"SearchAction","target":{"@type":"EntryPoint","urlTemplate":"https:\/\/agencia.252.com.mx\/home\/?s={search_term_string}"},"query-input":{"@type":"PropertyValueSpecification","valueRequired":true,"valueName":"search_term_string"}}],"inLanguage":"es"},{"@type":"Organization","@id":"https:\/\/agencia.252.com.mx\/home\/#organization","name":"Agencia252","url":"https:\/\/agencia.252.com.mx\/home\/","logo":{"@type":"ImageObject","inLanguage":"es","@id":"https:\/\/agencia.252.com.mx\/home\/#\/schema\/logo\/image\/","url":"https:\/\/agencia.252.com.mx\/wp-content\/uploads\/2023\/02\/cropped-ciruclo-agencia-e1677562404136.png","contentUrl":"https:\/\/agencia.252.com.mx\/wp-content\/uploads\/2023\/02\/cropped-ciruclo-agencia-e1677562404136.png","width":512,"height":512,"caption":"Agencia252"},"image":{"@id":"https:\/\/agencia.252.com.mx\/home\/#\/schema\/logo\/image\/"},"sameAs":["https:\/\/www.facebook.com\/252Comunicacion\/","https:\/\/x.com\/252COMS"]},{"@type":"Person","@id":"https:\/\/agencia.252.com.mx\/home\/#\/schema\/person\/6b972021e9a92d45ade8c78d81509098","name":"Nacho Corro","image":{"@type":"ImageObject","inLanguage":"es","@id":"https:\/\/secure.gravatar.com\/avatar\/5db6df507cfe1307e192fbb498c6b85f1cf2ffd8b4cd37141b9eea588fcbd5a4?s=96&r=g","url":"https:\/\/secure.gravatar.com\/avatar\/5db6df507cfe1307e192fbb498c6b85f1cf2ffd8b4cd37141b9eea588fcbd5a4?s=96&r=g","contentUrl":"https:\/\/secure.gravatar.com\/avatar\/5db6df507cfe1307e192fbb498c6b85f1cf2ffd8b4cd37141b9eea588fcbd5a4?s=96&r=g","caption":"Nacho Corro"},"description":"Comunicador Social, Periodista y Administraci\u00f3n P\u00fablica. Conversador pol\u00edtico, temas electorales y seguridad. Generador de contenidos digitales. Amante de la fotograf\u00eda","sameAs":["https:\/\/www.facebook.com\/jcorroherrera\/","www.instagram.com\/nachocorro\/","https:\/\/x.com\/Juan Ignacio Corro Herrera"],"url":"https:\/\/agencia.252.com.mx\/home\/author\/i-corro\/"}]}},"_links":{"self":[{"href":"https:\/\/agencia.252.com.mx\/home\/wp-json\/wp\/v2\/posts\/18849","targetHints":{"allow":["GET"]}}],"collection":[{"href":"https:\/\/agencia.252.com.mx\/home\/wp-json\/wp\/v2\/posts"}],"about":[{"href":"https:\/\/agencia.252.com.mx\/home\/wp-json\/wp\/v2\/types\/post"}],"author":[{"embeddable":true,"href":"https:\/\/agencia.252.com.mx\/home\/wp-json\/wp\/v2\/users\/5"}],"replies":[{"embeddable":true,"href":"https:\/\/agencia.252.com.mx\/home\/wp-json\/wp\/v2\/comments?post=18849"}],"version-history":[{"count":2,"href":"https:\/\/agencia.252.com.mx\/home\/wp-json\/wp\/v2\/posts\/18849\/revisions"}],"predecessor-version":[{"id":18855,"href":"https:\/\/agencia.252.com.mx\/home\/wp-json\/wp\/v2\/posts\/18849\/revisions\/18855"}],"wp:featuredmedia":[{"embeddable":true,"href":"https:\/\/agencia.252.com.mx\/home\/wp-json\/wp\/v2\/media\/18852"}],"wp:attachment":[{"href":"https:\/\/agencia.252.com.mx\/home\/wp-json\/wp\/v2\/media?parent=18849"}],"wp:term":[{"taxonomy":"category","embeddable":true,"href":"https:\/\/agencia.252.com.mx\/home\/wp-json\/wp\/v2\/categories?post=18849"},{"taxonomy":"post_tag","embeddable":true,"href":"https:\/\/agencia.252.com.mx\/home\/wp-json\/wp\/v2\/tags?post=18849"}],"curies":[{"name":"wp","href":"https:\/\/api.w.org\/{rel}","templated":true}]}}