{"id":18844,"date":"2026-04-29T10:00:42","date_gmt":"2026-04-29T16:00:42","guid":{"rendered":"https:\/\/agencia.252.com.mx\/home\/?p=18844"},"modified":"2026-04-29T10:00:43","modified_gmt":"2026-04-29T16:00:43","slug":"tres-hombres-y-una-mujer-responsables-del-asesinato-de-una-familia-en-la-alcaldia-azcapotzalco-son-detenidos-en-atizapan-edomex","status":"publish","type":"post","link":"https:\/\/agencia.252.com.mx\/home\/tres-hombres-y-una-mujer-responsables-del-asesinato-de-una-familia-en-la-alcaldia-azcapotzalco-son-detenidos-en-atizapan-edomex\/","title":{"rendered":"Tres hombres y una mujer responsables del asesinato de una familia en la Alcald\u00eda Azcapotzalco, son detenidos en Atizap\u00e1n, Edomex"},"content":{"rendered":"<p>Visitas: 26<\/p>\n<ul class=\"wp-block-list\">\n<li><em>Se aseguraron dos camionetas propiedad de los fallecidos, en una de las cuales se hallaron bolsas con diferentes objetos de valor posiblemente robados del domicilio<\/em><\/li>\n<\/ul>\n\n\n\n<ul class=\"wp-block-list\">\n<li><em>Tambi\u00e9n se aseguraron dos armas de fuego, un silenciador, cartuchos \u00fatiles y dosis de aparente droga<\/em><\/li>\n<\/ul>\n\n\n\n<p>Juan Ignacio Corro&nbsp;<\/p>\n\n\n\n<p class=\"has-text-align-right\">Ciudad de M\u00e9xico, a 29 de abril de 2026<\/p>\n\n\n\n<p>Esta ma\u00f1ana tres hombres y una mujer son detenidos en Atizap\u00e1n, Estado de M\u00e9xico, posiblemente relacionados en el homicidio de cuatro personas al interior de una vivienda en la alcald\u00eda Azcapotzalco y en el robo de dos camionetas, y diversos objetos de valor.<\/p>\n\n\n\n<p>Despu\u00e9s de los hechos, la Secretaria de Seguridad de la Ciudad de M\u00e9xico llevo a cabo diversos trabajos de investigaci\u00f3n y el an\u00e1lisis de las c\u00e1maras de videovigilancia en la zona, con lo que el personal del Centro de Comando y Control (C2) Poniente identific\u00f3 una de las camionetas con placas de circulaci\u00f3n del estado de Morelos posiblemente robada del predio, que se dirigi\u00f3 hacia el Estado de M\u00e9xico.&nbsp;&nbsp;<\/p>\n\n\n\n<p>En coordinaci\u00f3n con los operadores del C5 de la Secretar\u00eda de Seguridad del Estado de M\u00e9xico, dieron seguimiento a dicho veh\u00edculo que circulaba sobre la avenida De los Maestros, en la colonia Francisco Villa, del municipio de Tlanepantla de Baz con direcci\u00f3n a Atizapan de Zaragoza, por lo que se implement\u00f3 un cerco virtual y un despliegue operativo en tiempo real, con personal operativo de la SSC y elementos de la Polic\u00eda Municipal de Atizapan.<\/p>\n\n\n\n<figure class=\"wp-block-image alignleft size-large\"><img fetchpriority=\"high\" decoding=\"async\" width=\"678\" height=\"1024\" src=\"http:\/\/agencia.252.com.mx\/wp-content\/uploads\/2026\/04\/WhatsApp-Image-2026-04-29-at-8.53.00-AM-2-678x1024.jpeg\" alt=\"\" class=\"wp-image-18846\" srcset=\"https:\/\/agencia.252.com.mx\/wp-content\/uploads\/2026\/04\/WhatsApp-Image-2026-04-29-at-8.53.00-AM-2-678x1024.jpeg 678w, https:\/\/agencia.252.com.mx\/wp-content\/uploads\/2026\/04\/WhatsApp-Image-2026-04-29-at-8.53.00-AM-2-199x300.jpeg 199w, https:\/\/agencia.252.com.mx\/wp-content\/uploads\/2026\/04\/WhatsApp-Image-2026-04-29-at-8.53.00-AM-2-768x1160.jpeg 768w, https:\/\/agencia.252.com.mx\/wp-content\/uploads\/2026\/04\/WhatsApp-Image-2026-04-29-at-8.53.00-AM-2-1017x1536.jpeg 1017w, https:\/\/agencia.252.com.mx\/wp-content\/uploads\/2026\/04\/WhatsApp-Image-2026-04-29-at-8.53.00-AM-2.jpeg 1059w\" sizes=\"(max-width: 678px) 100vw, 678px\" \/><\/figure>\n\n\n\n<p>Fue en la calzada De los Jinetes y su esquina con la avenida Parque de los P\u00e1jaros, en dicho municipio, donde se intercept\u00f3 la camioneta y fueron detenidos sus tripulantes, una mujer de 24 a\u00f1os, y dos hombres de 21 y 36 a\u00f1os de edad, a quienes en una revisi\u00f3n preventiva; se les asegur\u00f3 un arma de fuego corta abastecida con nueve cartuchos \u00fatiles, un segundo cargador con nueve cartuchos en su interior, un silenciador, y 95 dosis de aparente marihuana y coca\u00edna.&nbsp;<\/p>\n\n\n\n<p>Adem\u00e1s, al realizar una inspecci\u00f3n de la camioneta de alta gama, fueron halladas varias bolsas de pl\u00e1stico y reciclables, en las que hab\u00eda diferentes objetos de valor posiblemente robados del domicilio ubicado en la alcald\u00eda Azcapotzalco.<\/p>\n\n\n\n<p>En tanto, al dar continuidad a las investigaciones y derivado del seguimiento virtual del segundo veh\u00edculo posiblemente robado del predio en Azcapotzalco, se localiz\u00f3 en el estacionamiento de un hotel en la avenida Jorge Jim\u00e9nez Cant\u00fa, en la colonia Lomas del Valle Escondido, en la Cabecera municipal Ciudad L\u00f3pez Mateos, en el municipio de Atizapan de Zaragoza, por lo que se implement\u00f3 un despliegue operativo en la zona.<\/p>\n\n\n\n<p>El tripulante, al percatarse de la presencia policial efectu\u00f3 detonaciones en su contra por lo que, al ver en riesgo su vida, los polic\u00edas municipales y de la SSC repelieron la agresi\u00f3n, tras lo cual el joven de 20 a\u00f1os de edad result\u00f3 lesionado y por ello, bajo custodia policial, fue trasladado a un hospital para su atenci\u00f3n m\u00e9dica especializada; en tanto, en el sitio se asegur\u00f3 un arma de fuego corta y la camioneta con placas de circulaci\u00f3n del estado de San Luis Potos\u00ed.&nbsp;<\/p>\n\n\n\n<p>Por todo lo anterior, la mujer y los tres hombres fueron informados de sus derechos de ley y, junto con lo asegurado, fueron trasladados ante el agente del Ministerio P\u00fablico de la Fiscal\u00eda de Asuntos Especiales de la Fiscal\u00eda General de Justicia del Estado de M\u00e9xico con sede en el municipio de Toluca, en el Estado de M\u00e9xico, quien determinar\u00e1 su situaci\u00f3n jur\u00eddica y, de manera coordinada con las autoridades de la Ciudad de M\u00e9xico, continuar\u00e1 con las investigaciones correspondientes.<\/p>\n","protected":false},"excerpt":{"rendered":"<p>Visitas: 26 Juan Ignacio Corro&nbsp; Ciudad de M\u00e9xico, a 29 de abril de 2026 Esta ma\u00f1ana tres hombres y una mujer son detenidos en Atizap\u00e1n, Estado de M\u00e9xico, posiblemente relacionados en el homicidio de cuatro personas al interior de una vivienda en la alcald\u00eda Azcapotzalco y en el robo de dos camionetas, y diversos objetos [&hellip;]<\/p>\n","protected":false},"author":5,"featured_media":18845,"comment_status":"open","ping_status":"open","sticky":false,"template":"","format":"standard","meta":{"site-sidebar-layout":"default","site-content-layout":"","ast-site-content-layout":"default","site-content-style":"default","site-sidebar-style":"default","ast-global-header-display":"","ast-banner-title-visibility":"","ast-main-header-display":"","ast-hfb-above-header-display":"","ast-hfb-below-header-display":"","ast-hfb-mobile-header-display":"","site-post-title":"","ast-breadcrumbs-content":"","ast-featured-img":"","footer-sml-layout":"","ast-disable-related-posts":"","theme-transparent-header-meta":"","adv-header-id-meta":"","stick-header-meta":"","header-above-stick-meta":"","header-main-stick-meta":"","header-below-stick-meta":"","astra-migrate-meta-layouts":"set","ast-page-background-enabled":"default","ast-page-background-meta":{"desktop":{"background-color":"var(--ast-global-color-4)","background-image":"","background-repeat":"repeat","background-position":"center center","background-size":"auto","background-attachment":"scroll","background-type":"","background-media":"","overlay-type":"","overlay-color":"","overlay-opacity":"","overlay-gradient":""},"tablet":{"background-color":"","background-image":"","background-repeat":"repeat","background-position":"center center","background-size":"auto","background-attachment":"scroll","background-type":"","background-media":"","overlay-type":"","overlay-color":"","overlay-opacity":"","overlay-gradient":""},"mobile":{"background-color":"","background-image":"","background-repeat":"repeat","background-position":"center center","background-size":"auto","background-attachment":"scroll","background-type":"","background-media":"","overlay-type":"","overlay-color":"","overlay-opacity":"","overlay-gradient":""}},"ast-content-background-meta":{"desktop":{"background-color":"var(--ast-global-color-5)","background-image":"","background-repeat":"repeat","background-position":"center center","background-size":"auto","background-attachment":"scroll","background-type":"","background-media":"","overlay-type":"","overlay-color":"","overlay-opacity":"","overlay-gradient":""},"tablet":{"background-color":"var(--ast-global-color-5)","background-image":"","background-repeat":"repeat","background-position":"center center","background-size":"auto","background-attachment":"scroll","background-type":"","background-media":"","overlay-type":"","overlay-color":"","overlay-opacity":"","overlay-gradient":""},"mobile":{"background-color":"var(--ast-global-color-5)","background-image":"","background-repeat":"repeat","background-position":"center center","background-size":"auto","background-attachment":"scroll","background-type":"","background-media":"","overlay-type":"","overlay-color":"","overlay-opacity":"","overlay-gradient":""}},"footnotes":""},"categories":[69,265,68],"tags":[526],"class_list":["post-18844","post","type-post","status-publish","format-standard","has-post-thumbnail","hentry","category-cdmx","category-delincuencia","category-seguridad","tag-edomex"],"yoast_head":"<!-- This site is optimized with the Yoast SEO plugin v27.4 - https:\/\/yoast.com\/product\/yoast-seo-wordpress\/ -->\n<title>Tres hombres y una mujer responsables del asesinato de una familia en la Alcald\u00eda Azcapotzalco, son detenidos en Atizap\u00e1n, Edomex - Agencia252<\/title>\n<meta name=\"robots\" content=\"index, follow, max-snippet:-1, max-image-preview:large, max-video-preview:-1\" \/>\n<link rel=\"canonical\" href=\"https:\/\/agencia.252.com.mx\/home\/tres-hombres-y-una-mujer-responsables-del-asesinato-de-una-familia-en-la-alcaldia-azcapotzalco-son-detenidos-en-atizapan-edomex\/\" \/>\n<meta property=\"og:locale\" content=\"es_ES\" \/>\n<meta property=\"og:type\" content=\"article\" \/>\n<meta property=\"og:title\" content=\"Tres hombres y una mujer responsables del asesinato de una familia en la Alcald\u00eda Azcapotzalco, son detenidos en Atizap\u00e1n, Edomex - Agencia252\" \/>\n<meta property=\"og:description\" content=\"Visitas: 26 Juan Ignacio Corro&nbsp; Ciudad de M\u00e9xico, a 29 de abril de 2026 Esta ma\u00f1ana tres hombres y una mujer son detenidos en Atizap\u00e1n, Estado de M\u00e9xico, posiblemente relacionados en el homicidio de cuatro personas al interior de una vivienda en la alcald\u00eda Azcapotzalco y en el robo de dos camionetas, y diversos objetos [&hellip;]\" \/>\n<meta property=\"og:url\" content=\"https:\/\/agencia.252.com.mx\/home\/tres-hombres-y-una-mujer-responsables-del-asesinato-de-una-familia-en-la-alcaldia-azcapotzalco-son-detenidos-en-atizapan-edomex\/\" \/>\n<meta property=\"og:site_name\" content=\"Agencia252\" \/>\n<meta property=\"article:publisher\" content=\"https:\/\/www.facebook.com\/252Comunicacion\/\" \/>\n<meta property=\"article:author\" content=\"https:\/\/www.facebook.com\/jcorroherrera\/\" \/>\n<meta property=\"article:published_time\" content=\"2026-04-29T16:00:42+00:00\" \/>\n<meta property=\"article:modified_time\" content=\"2026-04-29T16:00:43+00:00\" \/>\n<meta property=\"og:image\" content=\"http:\/\/agencia.252.com.mx\/wp-content\/uploads\/2026\/04\/WhatsApp-Image-2026-04-29-at-8.53.00-AM.jpeg\" \/>\n\t<meta property=\"og:image:width\" content=\"1220\" \/>\n\t<meta property=\"og:image:height\" content=\"1600\" \/>\n\t<meta property=\"og:image:type\" content=\"image\/jpeg\" \/>\n<meta name=\"author\" content=\"Nacho Corro\" \/>\n<meta name=\"twitter:card\" content=\"summary_large_image\" \/>\n<meta name=\"twitter:creator\" content=\"@Juan Ignacio Corro Herrera\" \/>\n<meta name=\"twitter:site\" content=\"@252COMS\" \/>\n<meta name=\"twitter:label1\" content=\"Escrito por\" \/>\n\t<meta name=\"twitter:data1\" content=\"Nacho Corro\" \/>\n\t<meta name=\"twitter:label2\" content=\"Tiempo de lectura\" \/>\n\t<meta name=\"twitter:data2\" content=\"4 minutos\" \/>\n<script type=\"application\/ld+json\" class=\"yoast-schema-graph\">{\"@context\":\"https:\\\/\\\/schema.org\",\"@graph\":[{\"@type\":\"Article\",\"@id\":\"https:\\\/\\\/agencia.252.com.mx\\\/home\\\/tres-hombres-y-una-mujer-responsables-del-asesinato-de-una-familia-en-la-alcaldia-azcapotzalco-son-detenidos-en-atizapan-edomex\\\/#article\",\"isPartOf\":{\"@id\":\"https:\\\/\\\/agencia.252.com.mx\\\/home\\\/tres-hombres-y-una-mujer-responsables-del-asesinato-de-una-familia-en-la-alcaldia-azcapotzalco-son-detenidos-en-atizapan-edomex\\\/\"},\"author\":{\"name\":\"Nacho Corro\",\"@id\":\"https:\\\/\\\/agencia.252.com.mx\\\/home\\\/#\\\/schema\\\/person\\\/6b972021e9a92d45ade8c78d81509098\"},\"headline\":\"Tres hombres y una mujer responsables del asesinato de una familia en la Alcald\u00eda Azcapotzalco, son detenidos en Atizap\u00e1n, Edomex\",\"datePublished\":\"2026-04-29T16:00:42+00:00\",\"dateModified\":\"2026-04-29T16:00:43+00:00\",\"mainEntityOfPage\":{\"@id\":\"https:\\\/\\\/agencia.252.com.mx\\\/home\\\/tres-hombres-y-una-mujer-responsables-del-asesinato-de-una-familia-en-la-alcaldia-azcapotzalco-son-detenidos-en-atizapan-edomex\\\/\"},\"wordCount\":658,\"commentCount\":0,\"publisher\":{\"@id\":\"https:\\\/\\\/agencia.252.com.mx\\\/home\\\/#organization\"},\"image\":{\"@id\":\"https:\\\/\\\/agencia.252.com.mx\\\/home\\\/tres-hombres-y-una-mujer-responsables-del-asesinato-de-una-familia-en-la-alcaldia-azcapotzalco-son-detenidos-en-atizapan-edomex\\\/#primaryimage\"},\"thumbnailUrl\":\"https:\\\/\\\/agencia.252.com.mx\\\/wp-content\\\/uploads\\\/2026\\\/04\\\/WhatsApp-Image-2026-04-29-at-8.53.00-AM.jpeg\",\"keywords\":[\"Edomex\"],\"articleSection\":[\"CDMX\",\"Delincuencia\",\"Seguridad\"],\"inLanguage\":\"es\",\"potentialAction\":[{\"@type\":\"CommentAction\",\"name\":\"Comment\",\"target\":[\"https:\\\/\\\/agencia.252.com.mx\\\/home\\\/tres-hombres-y-una-mujer-responsables-del-asesinato-de-una-familia-en-la-alcaldia-azcapotzalco-son-detenidos-en-atizapan-edomex\\\/#respond\"]}]},{\"@type\":\"WebPage\",\"@id\":\"https:\\\/\\\/agencia.252.com.mx\\\/home\\\/tres-hombres-y-una-mujer-responsables-del-asesinato-de-una-familia-en-la-alcaldia-azcapotzalco-son-detenidos-en-atizapan-edomex\\\/\",\"url\":\"https:\\\/\\\/agencia.252.com.mx\\\/home\\\/tres-hombres-y-una-mujer-responsables-del-asesinato-de-una-familia-en-la-alcaldia-azcapotzalco-son-detenidos-en-atizapan-edomex\\\/\",\"name\":\"Tres hombres y una mujer responsables del asesinato de una familia en la Alcald\u00eda Azcapotzalco, son detenidos en Atizap\u00e1n, Edomex - Agencia252\",\"isPartOf\":{\"@id\":\"https:\\\/\\\/agencia.252.com.mx\\\/home\\\/#website\"},\"primaryImageOfPage\":{\"@id\":\"https:\\\/\\\/agencia.252.com.mx\\\/home\\\/tres-hombres-y-una-mujer-responsables-del-asesinato-de-una-familia-en-la-alcaldia-azcapotzalco-son-detenidos-en-atizapan-edomex\\\/#primaryimage\"},\"image\":{\"@id\":\"https:\\\/\\\/agencia.252.com.mx\\\/home\\\/tres-hombres-y-una-mujer-responsables-del-asesinato-de-una-familia-en-la-alcaldia-azcapotzalco-son-detenidos-en-atizapan-edomex\\\/#primaryimage\"},\"thumbnailUrl\":\"https:\\\/\\\/agencia.252.com.mx\\\/wp-content\\\/uploads\\\/2026\\\/04\\\/WhatsApp-Image-2026-04-29-at-8.53.00-AM.jpeg\",\"datePublished\":\"2026-04-29T16:00:42+00:00\",\"dateModified\":\"2026-04-29T16:00:43+00:00\",\"breadcrumb\":{\"@id\":\"https:\\\/\\\/agencia.252.com.mx\\\/home\\\/tres-hombres-y-una-mujer-responsables-del-asesinato-de-una-familia-en-la-alcaldia-azcapotzalco-son-detenidos-en-atizapan-edomex\\\/#breadcrumb\"},\"inLanguage\":\"es\",\"potentialAction\":[{\"@type\":\"ReadAction\",\"target\":[\"https:\\\/\\\/agencia.252.com.mx\\\/home\\\/tres-hombres-y-una-mujer-responsables-del-asesinato-de-una-familia-en-la-alcaldia-azcapotzalco-son-detenidos-en-atizapan-edomex\\\/\"]}]},{\"@type\":\"ImageObject\",\"inLanguage\":\"es\",\"@id\":\"https:\\\/\\\/agencia.252.com.mx\\\/home\\\/tres-hombres-y-una-mujer-responsables-del-asesinato-de-una-familia-en-la-alcaldia-azcapotzalco-son-detenidos-en-atizapan-edomex\\\/#primaryimage\",\"url\":\"https:\\\/\\\/agencia.252.com.mx\\\/wp-content\\\/uploads\\\/2026\\\/04\\\/WhatsApp-Image-2026-04-29-at-8.53.00-AM.jpeg\",\"contentUrl\":\"https:\\\/\\\/agencia.252.com.mx\\\/wp-content\\\/uploads\\\/2026\\\/04\\\/WhatsApp-Image-2026-04-29-at-8.53.00-AM.jpeg\",\"width\":1220,\"height\":1600},{\"@type\":\"BreadcrumbList\",\"@id\":\"https:\\\/\\\/agencia.252.com.mx\\\/home\\\/tres-hombres-y-una-mujer-responsables-del-asesinato-de-una-familia-en-la-alcaldia-azcapotzalco-son-detenidos-en-atizapan-edomex\\\/#breadcrumb\",\"itemListElement\":[{\"@type\":\"ListItem\",\"position\":1,\"name\":\"Portada\",\"item\":\"https:\\\/\\\/agencia.252.com.mx\\\/home\\\/\"},{\"@type\":\"ListItem\",\"position\":2,\"name\":\"Tres hombres y una mujer responsables del asesinato de una familia en la Alcald\u00eda Azcapotzalco, son detenidos en Atizap\u00e1n, Edomex\"}]},{\"@type\":\"WebSite\",\"@id\":\"https:\\\/\\\/agencia.252.com.mx\\\/home\\\/#website\",\"url\":\"https:\\\/\\\/agencia.252.com.mx\\\/home\\\/\",\"name\":\"Agencia252\",\"description\":\"Tu espacio en la Red\",\"publisher\":{\"@id\":\"https:\\\/\\\/agencia.252.com.mx\\\/home\\\/#organization\"},\"potentialAction\":[{\"@type\":\"SearchAction\",\"target\":{\"@type\":\"EntryPoint\",\"urlTemplate\":\"https:\\\/\\\/agencia.252.com.mx\\\/home\\\/?s={search_term_string}\"},\"query-input\":{\"@type\":\"PropertyValueSpecification\",\"valueRequired\":true,\"valueName\":\"search_term_string\"}}],\"inLanguage\":\"es\"},{\"@type\":\"Organization\",\"@id\":\"https:\\\/\\\/agencia.252.com.mx\\\/home\\\/#organization\",\"name\":\"Agencia252\",\"url\":\"https:\\\/\\\/agencia.252.com.mx\\\/home\\\/\",\"logo\":{\"@type\":\"ImageObject\",\"inLanguage\":\"es\",\"@id\":\"https:\\\/\\\/agencia.252.com.mx\\\/home\\\/#\\\/schema\\\/logo\\\/image\\\/\",\"url\":\"https:\\\/\\\/agencia.252.com.mx\\\/wp-content\\\/uploads\\\/2023\\\/02\\\/cropped-ciruclo-agencia-e1677562404136.png\",\"contentUrl\":\"https:\\\/\\\/agencia.252.com.mx\\\/wp-content\\\/uploads\\\/2023\\\/02\\\/cropped-ciruclo-agencia-e1677562404136.png\",\"width\":512,\"height\":512,\"caption\":\"Agencia252\"},\"image\":{\"@id\":\"https:\\\/\\\/agencia.252.com.mx\\\/home\\\/#\\\/schema\\\/logo\\\/image\\\/\"},\"sameAs\":[\"https:\\\/\\\/www.facebook.com\\\/252Comunicacion\\\/\",\"https:\\\/\\\/x.com\\\/252COMS\"]},{\"@type\":\"Person\",\"@id\":\"https:\\\/\\\/agencia.252.com.mx\\\/home\\\/#\\\/schema\\\/person\\\/6b972021e9a92d45ade8c78d81509098\",\"name\":\"Nacho Corro\",\"image\":{\"@type\":\"ImageObject\",\"inLanguage\":\"es\",\"@id\":\"https:\\\/\\\/secure.gravatar.com\\\/avatar\\\/5db6df507cfe1307e192fbb498c6b85f1cf2ffd8b4cd37141b9eea588fcbd5a4?s=96&r=g\",\"url\":\"https:\\\/\\\/secure.gravatar.com\\\/avatar\\\/5db6df507cfe1307e192fbb498c6b85f1cf2ffd8b4cd37141b9eea588fcbd5a4?s=96&r=g\",\"contentUrl\":\"https:\\\/\\\/secure.gravatar.com\\\/avatar\\\/5db6df507cfe1307e192fbb498c6b85f1cf2ffd8b4cd37141b9eea588fcbd5a4?s=96&r=g\",\"caption\":\"Nacho Corro\"},\"description\":\"Comunicador Social, Periodista y Administraci\u00f3n P\u00fablica. Conversador pol\u00edtico, temas electorales y seguridad. Generador de contenidos digitales. Amante de la fotograf\u00eda\",\"sameAs\":[\"https:\\\/\\\/www.facebook.com\\\/jcorroherrera\\\/\",\"www.instagram.com\\\/nachocorro\\\/\",\"https:\\\/\\\/x.com\\\/Juan Ignacio Corro Herrera\"],\"url\":\"https:\\\/\\\/agencia.252.com.mx\\\/home\\\/author\\\/i-corro\\\/\"}]}<\/script>\n<!-- \/ Yoast SEO plugin. -->","yoast_head_json":{"title":"Tres hombres y una mujer responsables del asesinato de una familia en la Alcald\u00eda Azcapotzalco, son detenidos en Atizap\u00e1n, Edomex - Agencia252","robots":{"index":"index","follow":"follow","max-snippet":"max-snippet:-1","max-image-preview":"max-image-preview:large","max-video-preview":"max-video-preview:-1"},"canonical":"https:\/\/agencia.252.com.mx\/home\/tres-hombres-y-una-mujer-responsables-del-asesinato-de-una-familia-en-la-alcaldia-azcapotzalco-son-detenidos-en-atizapan-edomex\/","og_locale":"es_ES","og_type":"article","og_title":"Tres hombres y una mujer responsables del asesinato de una familia en la Alcald\u00eda Azcapotzalco, son detenidos en Atizap\u00e1n, Edomex - Agencia252","og_description":"Visitas: 26 Juan Ignacio Corro&nbsp; Ciudad de M\u00e9xico, a 29 de abril de 2026 Esta ma\u00f1ana tres hombres y una mujer son detenidos en Atizap\u00e1n, Estado de M\u00e9xico, posiblemente relacionados en el homicidio de cuatro personas al interior de una vivienda en la alcald\u00eda Azcapotzalco y en el robo de dos camionetas, y diversos objetos [&hellip;]","og_url":"https:\/\/agencia.252.com.mx\/home\/tres-hombres-y-una-mujer-responsables-del-asesinato-de-una-familia-en-la-alcaldia-azcapotzalco-son-detenidos-en-atizapan-edomex\/","og_site_name":"Agencia252","article_publisher":"https:\/\/www.facebook.com\/252Comunicacion\/","article_author":"https:\/\/www.facebook.com\/jcorroherrera\/","article_published_time":"2026-04-29T16:00:42+00:00","article_modified_time":"2026-04-29T16:00:43+00:00","og_image":[{"width":1220,"height":1600,"url":"http:\/\/agencia.252.com.mx\/wp-content\/uploads\/2026\/04\/WhatsApp-Image-2026-04-29-at-8.53.00-AM.jpeg","type":"image\/jpeg"}],"author":"Nacho Corro","twitter_card":"summary_large_image","twitter_creator":"@Juan Ignacio Corro Herrera","twitter_site":"@252COMS","twitter_misc":{"Escrito por":"Nacho Corro","Tiempo de lectura":"4 minutos"},"schema":{"@context":"https:\/\/schema.org","@graph":[{"@type":"Article","@id":"https:\/\/agencia.252.com.mx\/home\/tres-hombres-y-una-mujer-responsables-del-asesinato-de-una-familia-en-la-alcaldia-azcapotzalco-son-detenidos-en-atizapan-edomex\/#article","isPartOf":{"@id":"https:\/\/agencia.252.com.mx\/home\/tres-hombres-y-una-mujer-responsables-del-asesinato-de-una-familia-en-la-alcaldia-azcapotzalco-son-detenidos-en-atizapan-edomex\/"},"author":{"name":"Nacho Corro","@id":"https:\/\/agencia.252.com.mx\/home\/#\/schema\/person\/6b972021e9a92d45ade8c78d81509098"},"headline":"Tres hombres y una mujer responsables del asesinato de una familia en la Alcald\u00eda Azcapotzalco, son detenidos en Atizap\u00e1n, Edomex","datePublished":"2026-04-29T16:00:42+00:00","dateModified":"2026-04-29T16:00:43+00:00","mainEntityOfPage":{"@id":"https:\/\/agencia.252.com.mx\/home\/tres-hombres-y-una-mujer-responsables-del-asesinato-de-una-familia-en-la-alcaldia-azcapotzalco-son-detenidos-en-atizapan-edomex\/"},"wordCount":658,"commentCount":0,"publisher":{"@id":"https:\/\/agencia.252.com.mx\/home\/#organization"},"image":{"@id":"https:\/\/agencia.252.com.mx\/home\/tres-hombres-y-una-mujer-responsables-del-asesinato-de-una-familia-en-la-alcaldia-azcapotzalco-son-detenidos-en-atizapan-edomex\/#primaryimage"},"thumbnailUrl":"https:\/\/agencia.252.com.mx\/wp-content\/uploads\/2026\/04\/WhatsApp-Image-2026-04-29-at-8.53.00-AM.jpeg","keywords":["Edomex"],"articleSection":["CDMX","Delincuencia","Seguridad"],"inLanguage":"es","potentialAction":[{"@type":"CommentAction","name":"Comment","target":["https:\/\/agencia.252.com.mx\/home\/tres-hombres-y-una-mujer-responsables-del-asesinato-de-una-familia-en-la-alcaldia-azcapotzalco-son-detenidos-en-atizapan-edomex\/#respond"]}]},{"@type":"WebPage","@id":"https:\/\/agencia.252.com.mx\/home\/tres-hombres-y-una-mujer-responsables-del-asesinato-de-una-familia-en-la-alcaldia-azcapotzalco-son-detenidos-en-atizapan-edomex\/","url":"https:\/\/agencia.252.com.mx\/home\/tres-hombres-y-una-mujer-responsables-del-asesinato-de-una-familia-en-la-alcaldia-azcapotzalco-son-detenidos-en-atizapan-edomex\/","name":"Tres hombres y una mujer responsables del asesinato de una familia en la Alcald\u00eda Azcapotzalco, son detenidos en Atizap\u00e1n, Edomex - Agencia252","isPartOf":{"@id":"https:\/\/agencia.252.com.mx\/home\/#website"},"primaryImageOfPage":{"@id":"https:\/\/agencia.252.com.mx\/home\/tres-hombres-y-una-mujer-responsables-del-asesinato-de-una-familia-en-la-alcaldia-azcapotzalco-son-detenidos-en-atizapan-edomex\/#primaryimage"},"image":{"@id":"https:\/\/agencia.252.com.mx\/home\/tres-hombres-y-una-mujer-responsables-del-asesinato-de-una-familia-en-la-alcaldia-azcapotzalco-son-detenidos-en-atizapan-edomex\/#primaryimage"},"thumbnailUrl":"https:\/\/agencia.252.com.mx\/wp-content\/uploads\/2026\/04\/WhatsApp-Image-2026-04-29-at-8.53.00-AM.jpeg","datePublished":"2026-04-29T16:00:42+00:00","dateModified":"2026-04-29T16:00:43+00:00","breadcrumb":{"@id":"https:\/\/agencia.252.com.mx\/home\/tres-hombres-y-una-mujer-responsables-del-asesinato-de-una-familia-en-la-alcaldia-azcapotzalco-son-detenidos-en-atizapan-edomex\/#breadcrumb"},"inLanguage":"es","potentialAction":[{"@type":"ReadAction","target":["https:\/\/agencia.252.com.mx\/home\/tres-hombres-y-una-mujer-responsables-del-asesinato-de-una-familia-en-la-alcaldia-azcapotzalco-son-detenidos-en-atizapan-edomex\/"]}]},{"@type":"ImageObject","inLanguage":"es","@id":"https:\/\/agencia.252.com.mx\/home\/tres-hombres-y-una-mujer-responsables-del-asesinato-de-una-familia-en-la-alcaldia-azcapotzalco-son-detenidos-en-atizapan-edomex\/#primaryimage","url":"https:\/\/agencia.252.com.mx\/wp-content\/uploads\/2026\/04\/WhatsApp-Image-2026-04-29-at-8.53.00-AM.jpeg","contentUrl":"https:\/\/agencia.252.com.mx\/wp-content\/uploads\/2026\/04\/WhatsApp-Image-2026-04-29-at-8.53.00-AM.jpeg","width":1220,"height":1600},{"@type":"BreadcrumbList","@id":"https:\/\/agencia.252.com.mx\/home\/tres-hombres-y-una-mujer-responsables-del-asesinato-de-una-familia-en-la-alcaldia-azcapotzalco-son-detenidos-en-atizapan-edomex\/#breadcrumb","itemListElement":[{"@type":"ListItem","position":1,"name":"Portada","item":"https:\/\/agencia.252.com.mx\/home\/"},{"@type":"ListItem","position":2,"name":"Tres hombres y una mujer responsables del asesinato de una familia en la Alcald\u00eda Azcapotzalco, son detenidos en Atizap\u00e1n, Edomex"}]},{"@type":"WebSite","@id":"https:\/\/agencia.252.com.mx\/home\/#website","url":"https:\/\/agencia.252.com.mx\/home\/","name":"Agencia252","description":"Tu espacio en la Red","publisher":{"@id":"https:\/\/agencia.252.com.mx\/home\/#organization"},"potentialAction":[{"@type":"SearchAction","target":{"@type":"EntryPoint","urlTemplate":"https:\/\/agencia.252.com.mx\/home\/?s={search_term_string}"},"query-input":{"@type":"PropertyValueSpecification","valueRequired":true,"valueName":"search_term_string"}}],"inLanguage":"es"},{"@type":"Organization","@id":"https:\/\/agencia.252.com.mx\/home\/#organization","name":"Agencia252","url":"https:\/\/agencia.252.com.mx\/home\/","logo":{"@type":"ImageObject","inLanguage":"es","@id":"https:\/\/agencia.252.com.mx\/home\/#\/schema\/logo\/image\/","url":"https:\/\/agencia.252.com.mx\/wp-content\/uploads\/2023\/02\/cropped-ciruclo-agencia-e1677562404136.png","contentUrl":"https:\/\/agencia.252.com.mx\/wp-content\/uploads\/2023\/02\/cropped-ciruclo-agencia-e1677562404136.png","width":512,"height":512,"caption":"Agencia252"},"image":{"@id":"https:\/\/agencia.252.com.mx\/home\/#\/schema\/logo\/image\/"},"sameAs":["https:\/\/www.facebook.com\/252Comunicacion\/","https:\/\/x.com\/252COMS"]},{"@type":"Person","@id":"https:\/\/agencia.252.com.mx\/home\/#\/schema\/person\/6b972021e9a92d45ade8c78d81509098","name":"Nacho Corro","image":{"@type":"ImageObject","inLanguage":"es","@id":"https:\/\/secure.gravatar.com\/avatar\/5db6df507cfe1307e192fbb498c6b85f1cf2ffd8b4cd37141b9eea588fcbd5a4?s=96&r=g","url":"https:\/\/secure.gravatar.com\/avatar\/5db6df507cfe1307e192fbb498c6b85f1cf2ffd8b4cd37141b9eea588fcbd5a4?s=96&r=g","contentUrl":"https:\/\/secure.gravatar.com\/avatar\/5db6df507cfe1307e192fbb498c6b85f1cf2ffd8b4cd37141b9eea588fcbd5a4?s=96&r=g","caption":"Nacho Corro"},"description":"Comunicador Social, Periodista y Administraci\u00f3n P\u00fablica. Conversador pol\u00edtico, temas electorales y seguridad. Generador de contenidos digitales. Amante de la fotograf\u00eda","sameAs":["https:\/\/www.facebook.com\/jcorroherrera\/","www.instagram.com\/nachocorro\/","https:\/\/x.com\/Juan Ignacio Corro Herrera"],"url":"https:\/\/agencia.252.com.mx\/home\/author\/i-corro\/"}]}},"_links":{"self":[{"href":"https:\/\/agencia.252.com.mx\/home\/wp-json\/wp\/v2\/posts\/18844","targetHints":{"allow":["GET"]}}],"collection":[{"href":"https:\/\/agencia.252.com.mx\/home\/wp-json\/wp\/v2\/posts"}],"about":[{"href":"https:\/\/agencia.252.com.mx\/home\/wp-json\/wp\/v2\/types\/post"}],"author":[{"embeddable":true,"href":"https:\/\/agencia.252.com.mx\/home\/wp-json\/wp\/v2\/users\/5"}],"replies":[{"embeddable":true,"href":"https:\/\/agencia.252.com.mx\/home\/wp-json\/wp\/v2\/comments?post=18844"}],"version-history":[{"count":1,"href":"https:\/\/agencia.252.com.mx\/home\/wp-json\/wp\/v2\/posts\/18844\/revisions"}],"predecessor-version":[{"id":18847,"href":"https:\/\/agencia.252.com.mx\/home\/wp-json\/wp\/v2\/posts\/18844\/revisions\/18847"}],"wp:featuredmedia":[{"embeddable":true,"href":"https:\/\/agencia.252.com.mx\/home\/wp-json\/wp\/v2\/media\/18845"}],"wp:attachment":[{"href":"https:\/\/agencia.252.com.mx\/home\/wp-json\/wp\/v2\/media?parent=18844"}],"wp:term":[{"taxonomy":"category","embeddable":true,"href":"https:\/\/agencia.252.com.mx\/home\/wp-json\/wp\/v2\/categories?post=18844"},{"taxonomy":"post_tag","embeddable":true,"href":"https:\/\/agencia.252.com.mx\/home\/wp-json\/wp\/v2\/tags?post=18844"}],"curies":[{"name":"wp","href":"https:\/\/api.w.org\/{rel}","templated":true}]}}