{"id":18836,"date":"2026-04-28T18:55:21","date_gmt":"2026-04-29T00:55:21","guid":{"rendered":"https:\/\/agencia.252.com.mx\/home\/?p=18836"},"modified":"2026-04-28T18:55:22","modified_gmt":"2026-04-29T00:55:22","slug":"orden-de-aprehension-en-contra-del-comisario-de-segurudad-publica-de-jilotzingo-por-delito-express","status":"publish","type":"post","link":"https:\/\/agencia.252.com.mx\/home\/orden-de-aprehension-en-contra-del-comisario-de-segurudad-publica-de-jilotzingo-por-delito-express\/","title":{"rendered":"Orden de aprehensi\u00f3n en contra del Comisario de Segurudad P\u00fablica de Jilotzingo, por delito express"},"content":{"rendered":"<p>Visitas: 13<\/p>\n<ul class=\"wp-block-list\">\n<li><em>Tambi\u00e9n fue cumplimentado mandato judicial contra cinco elementos de la Polic\u00eda Municipal de Jilotzingo.<\/em><\/li>\n<\/ul>\n\n\n\n<p>Juan Ignacio Corro&nbsp;<\/p>\n\n\n\n<p class=\"has-text-align-right\">Jilotzingo, Estado de M\u00e9xico, a 28 de abril de 2026<\/p>\n\n\n\n<p>Agentes de la Fiscal\u00eda General de Justicia del Estado de M\u00e9xico (FGJEM) cumplimentaron orden de aprehensi\u00f3n en contra de V\u00edctor Mart\u00edn \u201cN\u201d, quien se desempe\u00f1aba como Comisario de Seguridad P\u00fablica del municipio de Jilotzingo, as\u00ed como en contra de cinco elementos municipales de dicha corporaci\u00f3n, por su probable intervenci\u00f3n en el delito de secuestro expr\u00e9s con fines de robo.<\/p>\n\n\n\n<p>De acuerdo con la investigaci\u00f3n iniciada por esta Fiscal\u00eda, el 7 de marzo de 2026, las v\u00edctimas viajaban a bordo de un veh\u00edculo de carga y al circular a la altura de la colonia Miguel Tecpan, en Jilotzingo, fueron interceptados por los tripulantes de un veh\u00edculo oficial de la Direcci\u00f3n de Seguridad P\u00fablica de esa demarcaci\u00f3n, de la cual descendi\u00f3 V\u00edctor Mart\u00edn \u201cN\u201d, acompa\u00f1ado de dos elementos policiacos, quienes cuestionaron a las v\u00edctimas sobre la mercanc\u00eda que transportaban.<\/p>\n\n\n\n<figure class=\"wp-block-image alignleft size-medium\"><img fetchpriority=\"high\" decoding=\"async\" width=\"190\" height=\"300\" src=\"https:\/\/agencia.252.com.mx\/wp-content\/uploads\/2026\/04\/WhatsApp-Image-2026-04-28-at-6.38.37-PM-190x300.jpeg\" alt=\"\" class=\"wp-image-18837\" srcset=\"https:\/\/agencia.252.com.mx\/wp-content\/uploads\/2026\/04\/WhatsApp-Image-2026-04-28-at-6.38.37-PM-190x300.jpeg 190w, https:\/\/agencia.252.com.mx\/wp-content\/uploads\/2026\/04\/WhatsApp-Image-2026-04-28-at-6.38.37-PM-647x1024.jpeg 647w, https:\/\/agencia.252.com.mx\/wp-content\/uploads\/2026\/04\/WhatsApp-Image-2026-04-28-at-6.38.37-PM.jpeg 709w\" sizes=\"(max-width: 190px) 100vw, 190px\" \/><\/figure>\n\n\n\n<p>Los investigados les refirieron a las v\u00edctimas que \u201chab\u00edan cometido una infracci\u00f3n\u201d por lo que ser\u00edan remitidos al Ministerio P\u00fablico, posteriormente las amagaron con arma de fuego y presumiblemente les exigieron una cantidad de dinero, as\u00ed como parte de la mercanc\u00eda que transportaban, adem\u00e1s las obligaron a subir a la patrulla y las abandonaron metros adelante.<\/p>\n\n\n\n<p>Cabe mencionar que V\u00edctor Mart\u00edn \u201cN\u201d, as\u00ed como nueve personas m\u00e1s -cinco polic\u00edas y cuatro civiles- fueron detenidos en flagrancia el pasado 21 de abril por elementos de la Secretar\u00eda de Seguridad estatal (SSEM) y de seguridad P\u00fablica del municipio de Tlalnepantla, al momento en que atend\u00edan una alerta por el reporte de robo de un cami\u00f3n que transportaba llantas.<\/p>\n\n\n\n<p>Los nueve masculinos fueron puestos a disposici\u00f3n del Ministerio P\u00fablico por el delito de encubrimiento por receptaci\u00f3n y V\u00edctor Mart\u00edn \u201cN\u201d, por cohecho, ya que habr\u00eda ofrecido dinero a los elementos de la SSEM y municipales de Tlalnepantla para que no presentaran a sus c\u00f3mplices ante el Ministerio P\u00fablico.<\/p>\n\n\n\n<p>Por el il\u00edcito de cohecho, V\u00edctor Mart\u00edn \u201cN\u201d fue ingresado al Centro Penitenciario y de Reinserci\u00f3n Social de Tlalnepantla, por ello el mandamiento judicial de secuestro expr\u00e9s le fue cumplimentado en reclusi\u00f3n.<\/p>\n\n\n\n<p>El probable implicado, as\u00ed como Rogelio \u201cN\u201d, Francisco Javier \u201cN\u201d, Jonathan Yael \u201cN\u201d, Abel \u201cN\u201d y Juan Francisco \u201cN\u201d, elementos municipales de Jilotzingo, quedaron a disposici\u00f3n de un Juez, quien habr\u00e1 de determinar su situaci\u00f3n jur\u00eddica.<\/p>\n\n\n\n<p>Los detenidos deber\u00e1n ser considerados inocentes hasta que un Juez determine lo contrario a trav\u00e9s de una sentencia condenatoria.<\/p>\n","protected":false},"excerpt":{"rendered":"<p>Visitas: 13 Juan Ignacio Corro&nbsp; Jilotzingo, Estado de M\u00e9xico, a 28 de abril de 2026 Agentes de la Fiscal\u00eda General de Justicia del Estado de M\u00e9xico (FGJEM) cumplimentaron orden de aprehensi\u00f3n en contra de V\u00edctor Mart\u00edn \u201cN\u201d, quien se desempe\u00f1aba como Comisario de Seguridad P\u00fablica del municipio de Jilotzingo, as\u00ed como en contra de cinco [&hellip;]<\/p>\n","protected":false},"author":5,"featured_media":18839,"comment_status":"open","ping_status":"open","sticky":false,"template":"","format":"standard","meta":{"site-sidebar-layout":"default","site-content-layout":"","ast-site-content-layout":"default","site-content-style":"default","site-sidebar-style":"default","ast-global-header-display":"","ast-banner-title-visibility":"","ast-main-header-display":"","ast-hfb-above-header-display":"","ast-hfb-below-header-display":"","ast-hfb-mobile-header-display":"","site-post-title":"","ast-breadcrumbs-content":"","ast-featured-img":"","footer-sml-layout":"","ast-disable-related-posts":"","theme-transparent-header-meta":"","adv-header-id-meta":"","stick-header-meta":"","header-above-stick-meta":"","header-main-stick-meta":"","header-below-stick-meta":"","astra-migrate-meta-layouts":"set","ast-page-background-enabled":"default","ast-page-background-meta":{"desktop":{"background-color":"var(--ast-global-color-4)","background-image":"","background-repeat":"repeat","background-position":"center center","background-size":"auto","background-attachment":"scroll","background-type":"","background-media":"","overlay-type":"","overlay-color":"","overlay-opacity":"","overlay-gradient":""},"tablet":{"background-color":"","background-image":"","background-repeat":"repeat","background-position":"center center","background-size":"auto","background-attachment":"scroll","background-type":"","background-media":"","overlay-type":"","overlay-color":"","overlay-opacity":"","overlay-gradient":""},"mobile":{"background-color":"","background-image":"","background-repeat":"repeat","background-position":"center center","background-size":"auto","background-attachment":"scroll","background-type":"","background-media":"","overlay-type":"","overlay-color":"","overlay-opacity":"","overlay-gradient":""}},"ast-content-background-meta":{"desktop":{"background-color":"var(--ast-global-color-5)","background-image":"","background-repeat":"repeat","background-position":"center center","background-size":"auto","background-attachment":"scroll","background-type":"","background-media":"","overlay-type":"","overlay-color":"","overlay-opacity":"","overlay-gradient":""},"tablet":{"background-color":"var(--ast-global-color-5)","background-image":"","background-repeat":"repeat","background-position":"center center","background-size":"auto","background-attachment":"scroll","background-type":"","background-media":"","overlay-type":"","overlay-color":"","overlay-opacity":"","overlay-gradient":""},"mobile":{"background-color":"var(--ast-global-color-5)","background-image":"","background-repeat":"repeat","background-position":"center center","background-size":"auto","background-attachment":"scroll","background-type":"","background-media":"","overlay-type":"","overlay-color":"","overlay-opacity":"","overlay-gradient":""}},"footnotes":""},"categories":[136,8,512,68],"tags":[526],"class_list":["post-18836","post","type-post","status-publish","format-standard","has-post-thumbnail","hentry","category-corrupcion","category-edomex","category-metropoli","category-seguridad","tag-edomex"],"yoast_head":"<!-- This site is optimized with the Yoast SEO plugin v27.4 - https:\/\/yoast.com\/product\/yoast-seo-wordpress\/ -->\n<title>Orden de aprehensi\u00f3n en contra del Comisario de Segurudad P\u00fablica de Jilotzingo, por delito express - Agencia252<\/title>\n<meta name=\"robots\" content=\"index, follow, max-snippet:-1, max-image-preview:large, max-video-preview:-1\" \/>\n<link rel=\"canonical\" href=\"https:\/\/agencia.252.com.mx\/home\/orden-de-aprehension-en-contra-del-comisario-de-segurudad-publica-de-jilotzingo-por-delito-express\/\" \/>\n<meta property=\"og:locale\" content=\"es_ES\" \/>\n<meta property=\"og:type\" content=\"article\" \/>\n<meta property=\"og:title\" content=\"Orden de aprehensi\u00f3n en contra del Comisario de Segurudad P\u00fablica de Jilotzingo, por delito express - Agencia252\" \/>\n<meta property=\"og:description\" content=\"Visitas: 13 Juan Ignacio Corro&nbsp; Jilotzingo, Estado de M\u00e9xico, a 28 de abril de 2026 Agentes de la Fiscal\u00eda General de Justicia del Estado de M\u00e9xico (FGJEM) cumplimentaron orden de aprehensi\u00f3n en contra de V\u00edctor Mart\u00edn \u201cN\u201d, quien se desempe\u00f1aba como Comisario de Seguridad P\u00fablica del municipio de Jilotzingo, as\u00ed como en contra de cinco [&hellip;]\" \/>\n<meta property=\"og:url\" content=\"https:\/\/agencia.252.com.mx\/home\/orden-de-aprehension-en-contra-del-comisario-de-segurudad-publica-de-jilotzingo-por-delito-express\/\" \/>\n<meta property=\"og:site_name\" content=\"Agencia252\" \/>\n<meta property=\"article:publisher\" content=\"https:\/\/www.facebook.com\/252Comunicacion\/\" \/>\n<meta property=\"article:author\" content=\"https:\/\/www.facebook.com\/jcorroherrera\/\" \/>\n<meta property=\"article:published_time\" content=\"2026-04-29T00:55:21+00:00\" \/>\n<meta property=\"article:modified_time\" content=\"2026-04-29T00:55:22+00:00\" \/>\n<meta property=\"og:image\" content=\"http:\/\/agencia.252.com.mx\/wp-content\/uploads\/2026\/04\/WhatsApp-Image-2026-04-28-at-6.38.44-PM.jpeg\" \/>\n\t<meta property=\"og:image:width\" content=\"2560\" \/>\n\t<meta property=\"og:image:height\" content=\"2218\" \/>\n\t<meta property=\"og:image:type\" content=\"image\/jpeg\" \/>\n<meta name=\"author\" content=\"Nacho Corro\" \/>\n<meta name=\"twitter:card\" content=\"summary_large_image\" \/>\n<meta name=\"twitter:creator\" content=\"@Juan Ignacio Corro Herrera\" \/>\n<meta name=\"twitter:site\" content=\"@252COMS\" \/>\n<meta name=\"twitter:label1\" content=\"Escrito por\" \/>\n\t<meta name=\"twitter:data1\" content=\"Nacho Corro\" \/>\n\t<meta name=\"twitter:label2\" content=\"Tiempo de lectura\" \/>\n\t<meta name=\"twitter:data2\" content=\"3 minutos\" \/>\n<script type=\"application\/ld+json\" class=\"yoast-schema-graph\">{\"@context\":\"https:\\\/\\\/schema.org\",\"@graph\":[{\"@type\":\"Article\",\"@id\":\"https:\\\/\\\/agencia.252.com.mx\\\/home\\\/orden-de-aprehension-en-contra-del-comisario-de-segurudad-publica-de-jilotzingo-por-delito-express\\\/#article\",\"isPartOf\":{\"@id\":\"https:\\\/\\\/agencia.252.com.mx\\\/home\\\/orden-de-aprehension-en-contra-del-comisario-de-segurudad-publica-de-jilotzingo-por-delito-express\\\/\"},\"author\":{\"name\":\"Nacho Corro\",\"@id\":\"https:\\\/\\\/agencia.252.com.mx\\\/home\\\/#\\\/schema\\\/person\\\/6b972021e9a92d45ade8c78d81509098\"},\"headline\":\"Orden de aprehensi\u00f3n en contra del Comisario de Segurudad P\u00fablica de Jilotzingo, por delito express\",\"datePublished\":\"2026-04-29T00:55:21+00:00\",\"dateModified\":\"2026-04-29T00:55:22+00:00\",\"mainEntityOfPage\":{\"@id\":\"https:\\\/\\\/agencia.252.com.mx\\\/home\\\/orden-de-aprehension-en-contra-del-comisario-de-segurudad-publica-de-jilotzingo-por-delito-express\\\/\"},\"wordCount\":489,\"commentCount\":0,\"publisher\":{\"@id\":\"https:\\\/\\\/agencia.252.com.mx\\\/home\\\/#organization\"},\"image\":{\"@id\":\"https:\\\/\\\/agencia.252.com.mx\\\/home\\\/orden-de-aprehension-en-contra-del-comisario-de-segurudad-publica-de-jilotzingo-por-delito-express\\\/#primaryimage\"},\"thumbnailUrl\":\"https:\\\/\\\/agencia.252.com.mx\\\/wp-content\\\/uploads\\\/2026\\\/04\\\/WhatsApp-Image-2026-04-28-at-6.38.44-PM.jpeg\",\"keywords\":[\"Edomex\"],\"articleSection\":[\"corrupci\u00f3n\",\"Edomex\",\"Metropoli\",\"Seguridad\"],\"inLanguage\":\"es\",\"potentialAction\":[{\"@type\":\"CommentAction\",\"name\":\"Comment\",\"target\":[\"https:\\\/\\\/agencia.252.com.mx\\\/home\\\/orden-de-aprehension-en-contra-del-comisario-de-segurudad-publica-de-jilotzingo-por-delito-express\\\/#respond\"]}]},{\"@type\":\"WebPage\",\"@id\":\"https:\\\/\\\/agencia.252.com.mx\\\/home\\\/orden-de-aprehension-en-contra-del-comisario-de-segurudad-publica-de-jilotzingo-por-delito-express\\\/\",\"url\":\"https:\\\/\\\/agencia.252.com.mx\\\/home\\\/orden-de-aprehension-en-contra-del-comisario-de-segurudad-publica-de-jilotzingo-por-delito-express\\\/\",\"name\":\"Orden de aprehensi\u00f3n en contra del Comisario de Segurudad P\u00fablica de Jilotzingo, por delito express - Agencia252\",\"isPartOf\":{\"@id\":\"https:\\\/\\\/agencia.252.com.mx\\\/home\\\/#website\"},\"primaryImageOfPage\":{\"@id\":\"https:\\\/\\\/agencia.252.com.mx\\\/home\\\/orden-de-aprehension-en-contra-del-comisario-de-segurudad-publica-de-jilotzingo-por-delito-express\\\/#primaryimage\"},\"image\":{\"@id\":\"https:\\\/\\\/agencia.252.com.mx\\\/home\\\/orden-de-aprehension-en-contra-del-comisario-de-segurudad-publica-de-jilotzingo-por-delito-express\\\/#primaryimage\"},\"thumbnailUrl\":\"https:\\\/\\\/agencia.252.com.mx\\\/wp-content\\\/uploads\\\/2026\\\/04\\\/WhatsApp-Image-2026-04-28-at-6.38.44-PM.jpeg\",\"datePublished\":\"2026-04-29T00:55:21+00:00\",\"dateModified\":\"2026-04-29T00:55:22+00:00\",\"breadcrumb\":{\"@id\":\"https:\\\/\\\/agencia.252.com.mx\\\/home\\\/orden-de-aprehension-en-contra-del-comisario-de-segurudad-publica-de-jilotzingo-por-delito-express\\\/#breadcrumb\"},\"inLanguage\":\"es\",\"potentialAction\":[{\"@type\":\"ReadAction\",\"target\":[\"https:\\\/\\\/agencia.252.com.mx\\\/home\\\/orden-de-aprehension-en-contra-del-comisario-de-segurudad-publica-de-jilotzingo-por-delito-express\\\/\"]}]},{\"@type\":\"ImageObject\",\"inLanguage\":\"es\",\"@id\":\"https:\\\/\\\/agencia.252.com.mx\\\/home\\\/orden-de-aprehension-en-contra-del-comisario-de-segurudad-publica-de-jilotzingo-por-delito-express\\\/#primaryimage\",\"url\":\"https:\\\/\\\/agencia.252.com.mx\\\/wp-content\\\/uploads\\\/2026\\\/04\\\/WhatsApp-Image-2026-04-28-at-6.38.44-PM.jpeg\",\"contentUrl\":\"https:\\\/\\\/agencia.252.com.mx\\\/wp-content\\\/uploads\\\/2026\\\/04\\\/WhatsApp-Image-2026-04-28-at-6.38.44-PM.jpeg\",\"width\":2560,\"height\":2218},{\"@type\":\"BreadcrumbList\",\"@id\":\"https:\\\/\\\/agencia.252.com.mx\\\/home\\\/orden-de-aprehension-en-contra-del-comisario-de-segurudad-publica-de-jilotzingo-por-delito-express\\\/#breadcrumb\",\"itemListElement\":[{\"@type\":\"ListItem\",\"position\":1,\"name\":\"Portada\",\"item\":\"https:\\\/\\\/agencia.252.com.mx\\\/home\\\/\"},{\"@type\":\"ListItem\",\"position\":2,\"name\":\"Orden de aprehensi\u00f3n en contra del Comisario de Segurudad P\u00fablica de Jilotzingo, por delito express\"}]},{\"@type\":\"WebSite\",\"@id\":\"https:\\\/\\\/agencia.252.com.mx\\\/home\\\/#website\",\"url\":\"https:\\\/\\\/agencia.252.com.mx\\\/home\\\/\",\"name\":\"Agencia252\",\"description\":\"Tu espacio en la Red\",\"publisher\":{\"@id\":\"https:\\\/\\\/agencia.252.com.mx\\\/home\\\/#organization\"},\"potentialAction\":[{\"@type\":\"SearchAction\",\"target\":{\"@type\":\"EntryPoint\",\"urlTemplate\":\"https:\\\/\\\/agencia.252.com.mx\\\/home\\\/?s={search_term_string}\"},\"query-input\":{\"@type\":\"PropertyValueSpecification\",\"valueRequired\":true,\"valueName\":\"search_term_string\"}}],\"inLanguage\":\"es\"},{\"@type\":\"Organization\",\"@id\":\"https:\\\/\\\/agencia.252.com.mx\\\/home\\\/#organization\",\"name\":\"Agencia252\",\"url\":\"https:\\\/\\\/agencia.252.com.mx\\\/home\\\/\",\"logo\":{\"@type\":\"ImageObject\",\"inLanguage\":\"es\",\"@id\":\"https:\\\/\\\/agencia.252.com.mx\\\/home\\\/#\\\/schema\\\/logo\\\/image\\\/\",\"url\":\"https:\\\/\\\/agencia.252.com.mx\\\/wp-content\\\/uploads\\\/2023\\\/02\\\/cropped-ciruclo-agencia-e1677562404136.png\",\"contentUrl\":\"https:\\\/\\\/agencia.252.com.mx\\\/wp-content\\\/uploads\\\/2023\\\/02\\\/cropped-ciruclo-agencia-e1677562404136.png\",\"width\":512,\"height\":512,\"caption\":\"Agencia252\"},\"image\":{\"@id\":\"https:\\\/\\\/agencia.252.com.mx\\\/home\\\/#\\\/schema\\\/logo\\\/image\\\/\"},\"sameAs\":[\"https:\\\/\\\/www.facebook.com\\\/252Comunicacion\\\/\",\"https:\\\/\\\/x.com\\\/252COMS\"]},{\"@type\":\"Person\",\"@id\":\"https:\\\/\\\/agencia.252.com.mx\\\/home\\\/#\\\/schema\\\/person\\\/6b972021e9a92d45ade8c78d81509098\",\"name\":\"Nacho Corro\",\"image\":{\"@type\":\"ImageObject\",\"inLanguage\":\"es\",\"@id\":\"https:\\\/\\\/secure.gravatar.com\\\/avatar\\\/5db6df507cfe1307e192fbb498c6b85f1cf2ffd8b4cd37141b9eea588fcbd5a4?s=96&r=g\",\"url\":\"https:\\\/\\\/secure.gravatar.com\\\/avatar\\\/5db6df507cfe1307e192fbb498c6b85f1cf2ffd8b4cd37141b9eea588fcbd5a4?s=96&r=g\",\"contentUrl\":\"https:\\\/\\\/secure.gravatar.com\\\/avatar\\\/5db6df507cfe1307e192fbb498c6b85f1cf2ffd8b4cd37141b9eea588fcbd5a4?s=96&r=g\",\"caption\":\"Nacho Corro\"},\"description\":\"Comunicador Social, Periodista y Administraci\u00f3n P\u00fablica. Conversador pol\u00edtico, temas electorales y seguridad. Generador de contenidos digitales. Amante de la fotograf\u00eda\",\"sameAs\":[\"https:\\\/\\\/www.facebook.com\\\/jcorroherrera\\\/\",\"www.instagram.com\\\/nachocorro\\\/\",\"https:\\\/\\\/x.com\\\/Juan Ignacio Corro Herrera\"],\"url\":\"https:\\\/\\\/agencia.252.com.mx\\\/home\\\/author\\\/i-corro\\\/\"}]}<\/script>\n<!-- \/ Yoast SEO plugin. -->","yoast_head_json":{"title":"Orden de aprehensi\u00f3n en contra del Comisario de Segurudad P\u00fablica de Jilotzingo, por delito express - Agencia252","robots":{"index":"index","follow":"follow","max-snippet":"max-snippet:-1","max-image-preview":"max-image-preview:large","max-video-preview":"max-video-preview:-1"},"canonical":"https:\/\/agencia.252.com.mx\/home\/orden-de-aprehension-en-contra-del-comisario-de-segurudad-publica-de-jilotzingo-por-delito-express\/","og_locale":"es_ES","og_type":"article","og_title":"Orden de aprehensi\u00f3n en contra del Comisario de Segurudad P\u00fablica de Jilotzingo, por delito express - Agencia252","og_description":"Visitas: 13 Juan Ignacio Corro&nbsp; Jilotzingo, Estado de M\u00e9xico, a 28 de abril de 2026 Agentes de la Fiscal\u00eda General de Justicia del Estado de M\u00e9xico (FGJEM) cumplimentaron orden de aprehensi\u00f3n en contra de V\u00edctor Mart\u00edn \u201cN\u201d, quien se desempe\u00f1aba como Comisario de Seguridad P\u00fablica del municipio de Jilotzingo, as\u00ed como en contra de cinco [&hellip;]","og_url":"https:\/\/agencia.252.com.mx\/home\/orden-de-aprehension-en-contra-del-comisario-de-segurudad-publica-de-jilotzingo-por-delito-express\/","og_site_name":"Agencia252","article_publisher":"https:\/\/www.facebook.com\/252Comunicacion\/","article_author":"https:\/\/www.facebook.com\/jcorroherrera\/","article_published_time":"2026-04-29T00:55:21+00:00","article_modified_time":"2026-04-29T00:55:22+00:00","og_image":[{"width":2560,"height":2218,"url":"http:\/\/agencia.252.com.mx\/wp-content\/uploads\/2026\/04\/WhatsApp-Image-2026-04-28-at-6.38.44-PM.jpeg","type":"image\/jpeg"}],"author":"Nacho Corro","twitter_card":"summary_large_image","twitter_creator":"@Juan Ignacio Corro Herrera","twitter_site":"@252COMS","twitter_misc":{"Escrito por":"Nacho Corro","Tiempo de lectura":"3 minutos"},"schema":{"@context":"https:\/\/schema.org","@graph":[{"@type":"Article","@id":"https:\/\/agencia.252.com.mx\/home\/orden-de-aprehension-en-contra-del-comisario-de-segurudad-publica-de-jilotzingo-por-delito-express\/#article","isPartOf":{"@id":"https:\/\/agencia.252.com.mx\/home\/orden-de-aprehension-en-contra-del-comisario-de-segurudad-publica-de-jilotzingo-por-delito-express\/"},"author":{"name":"Nacho Corro","@id":"https:\/\/agencia.252.com.mx\/home\/#\/schema\/person\/6b972021e9a92d45ade8c78d81509098"},"headline":"Orden de aprehensi\u00f3n en contra del Comisario de Segurudad P\u00fablica de Jilotzingo, por delito express","datePublished":"2026-04-29T00:55:21+00:00","dateModified":"2026-04-29T00:55:22+00:00","mainEntityOfPage":{"@id":"https:\/\/agencia.252.com.mx\/home\/orden-de-aprehension-en-contra-del-comisario-de-segurudad-publica-de-jilotzingo-por-delito-express\/"},"wordCount":489,"commentCount":0,"publisher":{"@id":"https:\/\/agencia.252.com.mx\/home\/#organization"},"image":{"@id":"https:\/\/agencia.252.com.mx\/home\/orden-de-aprehension-en-contra-del-comisario-de-segurudad-publica-de-jilotzingo-por-delito-express\/#primaryimage"},"thumbnailUrl":"https:\/\/agencia.252.com.mx\/wp-content\/uploads\/2026\/04\/WhatsApp-Image-2026-04-28-at-6.38.44-PM.jpeg","keywords":["Edomex"],"articleSection":["corrupci\u00f3n","Edomex","Metropoli","Seguridad"],"inLanguage":"es","potentialAction":[{"@type":"CommentAction","name":"Comment","target":["https:\/\/agencia.252.com.mx\/home\/orden-de-aprehension-en-contra-del-comisario-de-segurudad-publica-de-jilotzingo-por-delito-express\/#respond"]}]},{"@type":"WebPage","@id":"https:\/\/agencia.252.com.mx\/home\/orden-de-aprehension-en-contra-del-comisario-de-segurudad-publica-de-jilotzingo-por-delito-express\/","url":"https:\/\/agencia.252.com.mx\/home\/orden-de-aprehension-en-contra-del-comisario-de-segurudad-publica-de-jilotzingo-por-delito-express\/","name":"Orden de aprehensi\u00f3n en contra del Comisario de Segurudad P\u00fablica de Jilotzingo, por delito express - Agencia252","isPartOf":{"@id":"https:\/\/agencia.252.com.mx\/home\/#website"},"primaryImageOfPage":{"@id":"https:\/\/agencia.252.com.mx\/home\/orden-de-aprehension-en-contra-del-comisario-de-segurudad-publica-de-jilotzingo-por-delito-express\/#primaryimage"},"image":{"@id":"https:\/\/agencia.252.com.mx\/home\/orden-de-aprehension-en-contra-del-comisario-de-segurudad-publica-de-jilotzingo-por-delito-express\/#primaryimage"},"thumbnailUrl":"https:\/\/agencia.252.com.mx\/wp-content\/uploads\/2026\/04\/WhatsApp-Image-2026-04-28-at-6.38.44-PM.jpeg","datePublished":"2026-04-29T00:55:21+00:00","dateModified":"2026-04-29T00:55:22+00:00","breadcrumb":{"@id":"https:\/\/agencia.252.com.mx\/home\/orden-de-aprehension-en-contra-del-comisario-de-segurudad-publica-de-jilotzingo-por-delito-express\/#breadcrumb"},"inLanguage":"es","potentialAction":[{"@type":"ReadAction","target":["https:\/\/agencia.252.com.mx\/home\/orden-de-aprehension-en-contra-del-comisario-de-segurudad-publica-de-jilotzingo-por-delito-express\/"]}]},{"@type":"ImageObject","inLanguage":"es","@id":"https:\/\/agencia.252.com.mx\/home\/orden-de-aprehension-en-contra-del-comisario-de-segurudad-publica-de-jilotzingo-por-delito-express\/#primaryimage","url":"https:\/\/agencia.252.com.mx\/wp-content\/uploads\/2026\/04\/WhatsApp-Image-2026-04-28-at-6.38.44-PM.jpeg","contentUrl":"https:\/\/agencia.252.com.mx\/wp-content\/uploads\/2026\/04\/WhatsApp-Image-2026-04-28-at-6.38.44-PM.jpeg","width":2560,"height":2218},{"@type":"BreadcrumbList","@id":"https:\/\/agencia.252.com.mx\/home\/orden-de-aprehension-en-contra-del-comisario-de-segurudad-publica-de-jilotzingo-por-delito-express\/#breadcrumb","itemListElement":[{"@type":"ListItem","position":1,"name":"Portada","item":"https:\/\/agencia.252.com.mx\/home\/"},{"@type":"ListItem","position":2,"name":"Orden de aprehensi\u00f3n en contra del Comisario de Segurudad P\u00fablica de Jilotzingo, por delito express"}]},{"@type":"WebSite","@id":"https:\/\/agencia.252.com.mx\/home\/#website","url":"https:\/\/agencia.252.com.mx\/home\/","name":"Agencia252","description":"Tu espacio en la Red","publisher":{"@id":"https:\/\/agencia.252.com.mx\/home\/#organization"},"potentialAction":[{"@type":"SearchAction","target":{"@type":"EntryPoint","urlTemplate":"https:\/\/agencia.252.com.mx\/home\/?s={search_term_string}"},"query-input":{"@type":"PropertyValueSpecification","valueRequired":true,"valueName":"search_term_string"}}],"inLanguage":"es"},{"@type":"Organization","@id":"https:\/\/agencia.252.com.mx\/home\/#organization","name":"Agencia252","url":"https:\/\/agencia.252.com.mx\/home\/","logo":{"@type":"ImageObject","inLanguage":"es","@id":"https:\/\/agencia.252.com.mx\/home\/#\/schema\/logo\/image\/","url":"https:\/\/agencia.252.com.mx\/wp-content\/uploads\/2023\/02\/cropped-ciruclo-agencia-e1677562404136.png","contentUrl":"https:\/\/agencia.252.com.mx\/wp-content\/uploads\/2023\/02\/cropped-ciruclo-agencia-e1677562404136.png","width":512,"height":512,"caption":"Agencia252"},"image":{"@id":"https:\/\/agencia.252.com.mx\/home\/#\/schema\/logo\/image\/"},"sameAs":["https:\/\/www.facebook.com\/252Comunicacion\/","https:\/\/x.com\/252COMS"]},{"@type":"Person","@id":"https:\/\/agencia.252.com.mx\/home\/#\/schema\/person\/6b972021e9a92d45ade8c78d81509098","name":"Nacho Corro","image":{"@type":"ImageObject","inLanguage":"es","@id":"https:\/\/secure.gravatar.com\/avatar\/5db6df507cfe1307e192fbb498c6b85f1cf2ffd8b4cd37141b9eea588fcbd5a4?s=96&r=g","url":"https:\/\/secure.gravatar.com\/avatar\/5db6df507cfe1307e192fbb498c6b85f1cf2ffd8b4cd37141b9eea588fcbd5a4?s=96&r=g","contentUrl":"https:\/\/secure.gravatar.com\/avatar\/5db6df507cfe1307e192fbb498c6b85f1cf2ffd8b4cd37141b9eea588fcbd5a4?s=96&r=g","caption":"Nacho Corro"},"description":"Comunicador Social, Periodista y Administraci\u00f3n P\u00fablica. Conversador pol\u00edtico, temas electorales y seguridad. Generador de contenidos digitales. Amante de la fotograf\u00eda","sameAs":["https:\/\/www.facebook.com\/jcorroherrera\/","www.instagram.com\/nachocorro\/","https:\/\/x.com\/Juan Ignacio Corro Herrera"],"url":"https:\/\/agencia.252.com.mx\/home\/author\/i-corro\/"}]}},"_links":{"self":[{"href":"https:\/\/agencia.252.com.mx\/home\/wp-json\/wp\/v2\/posts\/18836","targetHints":{"allow":["GET"]}}],"collection":[{"href":"https:\/\/agencia.252.com.mx\/home\/wp-json\/wp\/v2\/posts"}],"about":[{"href":"https:\/\/agencia.252.com.mx\/home\/wp-json\/wp\/v2\/types\/post"}],"author":[{"embeddable":true,"href":"https:\/\/agencia.252.com.mx\/home\/wp-json\/wp\/v2\/users\/5"}],"replies":[{"embeddable":true,"href":"https:\/\/agencia.252.com.mx\/home\/wp-json\/wp\/v2\/comments?post=18836"}],"version-history":[{"count":1,"href":"https:\/\/agencia.252.com.mx\/home\/wp-json\/wp\/v2\/posts\/18836\/revisions"}],"predecessor-version":[{"id":18840,"href":"https:\/\/agencia.252.com.mx\/home\/wp-json\/wp\/v2\/posts\/18836\/revisions\/18840"}],"wp:featuredmedia":[{"embeddable":true,"href":"https:\/\/agencia.252.com.mx\/home\/wp-json\/wp\/v2\/media\/18839"}],"wp:attachment":[{"href":"https:\/\/agencia.252.com.mx\/home\/wp-json\/wp\/v2\/media?parent=18836"}],"wp:term":[{"taxonomy":"category","embeddable":true,"href":"https:\/\/agencia.252.com.mx\/home\/wp-json\/wp\/v2\/categories?post=18836"},{"taxonomy":"post_tag","embeddable":true,"href":"https:\/\/agencia.252.com.mx\/home\/wp-json\/wp\/v2\/tags?post=18836"}],"curies":[{"name":"wp","href":"https:\/\/api.w.org\/{rel}","templated":true}]}}