{"id":18832,"date":"2026-04-28T18:47:38","date_gmt":"2026-04-29T00:47:38","guid":{"rendered":"https:\/\/agencia.252.com.mx\/home\/?p=18832"},"modified":"2026-04-28T18:47:39","modified_gmt":"2026-04-29T00:47:39","slug":"repavimenta-ecatepec-157-kilometros-de-vialidades-en-lo-que-va-del-ano","status":"publish","type":"post","link":"https:\/\/agencia.252.com.mx\/home\/repavimenta-ecatepec-157-kilometros-de-vialidades-en-lo-que-va-del-ano\/","title":{"rendered":"Repavimenta Ecatepec 157 kil\u00f3metros de vialidades en lo que va del a\u00f1o"},"content":{"rendered":"<p>Visitas: 32<\/p>\n<ul class=\"wp-block-list\">\n<li><em>De calles abandonadas a territorio de todos: Azucena Cisneros<\/em><\/li>\n<\/ul>\n\n\n\n<ul class=\"wp-block-list\">\n<li><em>La meta es llegar a 600 kil\u00f3metros con apoyo de los gobiernos federal y estatal. Invertir\u00e1n 957 millones de pesos<\/em>\u00a0\u00a0\u00a0<\/li>\n<\/ul>\n\n\n\n<p>Juan Ignacio Corro&nbsp;<\/p>\n\n\n\n<p class=\"has-text-align-right\">Ecatepec, Estado de M\u00e9xico, a 28 de abril de 2026<\/p>\n\n\n\n<p>El gobierno de Ecatepec repaviment\u00f3 157 kil\u00f3metros de avenidas y calles en el primer trimestre de este a\u00f1o, lo que equivale a 1.5 kil\u00f3metros por d\u00eda, obras efectuadas con apoyo de los gobiernos federal y estatal, as\u00ed como de la poblaci\u00f3n.<\/p>\n\n\n\n<p>\u201cLa calle abandonada es tierra de nadie, la calle pavimentada es territorio de todos\u201d, afirm\u00f3 la alcaldesa Azucena Cisneros Coss durante la conferencia de prensa semanal, donde agreg\u00f3 que la meta es llegar a 600 kil\u00f3metros al final del a\u00f1o, con m\u00e1s de dos mil 200 calles recuperadas, lo que representa pavimentar de Ecatepec a la capital de Nayarit.<\/p>\n\n\n\n<p>Mencion\u00f3 que todas estas obras son parte de la atenci\u00f3n a las causas, \u201cporque cada espacio abandonado, con basura, incrementa los \u00edndices de inseguridad\u201d y uno de los objetivos es que las familias se sientan m\u00e1s seguras.<\/p>\n\n\n\n<p>La mun\u00edcipe record\u00f3 que Ecatepec forma parte del Plan Oriente y agradeci\u00f3 el respaldo de la presidenta Claudia Sheinbaum Pardo y la gobernadora Delfina G\u00f3mez \u00c1lvarez, estrategia que posibilita reconstruir el \u201cpaisaje urbano para la paz\u201d en el municipio, con inversi\u00f3n para vialidades de 957 millones de pesos.<\/p>\n\n\n\n<figure class=\"wp-block-image alignleft size-medium\"><img fetchpriority=\"high\" decoding=\"async\" width=\"300\" height=\"200\" src=\"https:\/\/agencia.252.com.mx\/wp-content\/uploads\/2026\/04\/WhatsApp-Image-2026-04-28-at-2.50.09-PM-300x200.jpeg\" alt=\"\" class=\"wp-image-18834\" srcset=\"https:\/\/agencia.252.com.mx\/wp-content\/uploads\/2026\/04\/WhatsApp-Image-2026-04-28-at-2.50.09-PM-300x200.jpeg 300w, https:\/\/agencia.252.com.mx\/wp-content\/uploads\/2026\/04\/WhatsApp-Image-2026-04-28-at-2.50.09-PM-1024x682.jpeg 1024w, https:\/\/agencia.252.com.mx\/wp-content\/uploads\/2026\/04\/WhatsApp-Image-2026-04-28-at-2.50.09-PM-768x512.jpeg 768w, https:\/\/agencia.252.com.mx\/wp-content\/uploads\/2026\/04\/WhatsApp-Image-2026-04-28-at-2.50.09-PM.jpeg 1280w\" sizes=\"(max-width: 300px) 100vw, 300px\" \/><\/figure>\n\n\n\n<p>Cisneros Coss dijo que hasta el momento han intervenido 150 kil\u00f3metros de 39 camellones, lo que da empleo a 435 habitantes de Ecatepec, en su mayor\u00eda mujeres; \u201cas\u00ed se trabaja cuando hay voluntad y honestidad. El cambio se ve y se siente\u201d, asever\u00f3.<\/p>\n\n\n\n<p>Tambi\u00e9n destac\u00f3 la participaci\u00f3n de la comunidad en la reconstrucci\u00f3n de calles, con el programa Cimientos de Esperanza en la modalidad Mano a Mano, donde el gobierno municipal aporta los materiales y los colonos la mano de obra.<\/p>\n\n\n\n<p>Detall\u00f3 que con apoyo de los gobiernos federal y estatal rescatan del abandono y olvido vialidades principales de Ecatepec, como las avenidas Insurgentes, Morelos, R1, Nacional, del Trabajo y Revoluci\u00f3n (30-30), entre otras, lo que transforma el paisaje urbano.<\/p>\n\n\n\n<p>A\u00f1adi\u00f3 que todas estas acciones se complementan con el Bachet\u00f3n, que durante el primer trimestre de este a\u00f1o registra 111 calles bacheadas y al finalizar el mismo ser\u00e1n 900 calles en todo el municipio; \u201ces decir, vamos a duplicar lo que hicimos en el 2025\u201d, expres\u00f3.<\/p>\n\n\n\n<p>Carlos Ram\u00edrez Brassetti, director de Obras P\u00fablicas, reiter\u00f3 que en el primer trimestre de 2026 recuperaron 157 kil\u00f3metros de vialidades con trabajos de pavimentaci\u00f3n, repavimentaci\u00f3n y bacheo, aunque proyectan llegar a 600 kil\u00f3metros en m\u00e1s de dos mil calles.<\/p>\n\n\n\n<p>Refiri\u00f3 que con el programa Cimientos de Esperanza estiman llegar a mil calles al final del a\u00f1o, as\u00ed como 20 avenidas con la recicladora, otras 120 con los trenes de repavimentaci\u00f3n y m\u00e1s de 900 con bacheo, al igual que 31 obras de calles integrales, que incluyen rehabilitaci\u00f3n de redes de agua potable y drenaje.<\/p>\n\n\n\n<p>Al realizar un resumen de inversi\u00f3n, Ram\u00edrez Brassetti inform\u00f3 que con recursos propios y programas estatales y federales, como FAISMUN y FEFOM, se aplicar\u00e1n para asfalto y recuperaci\u00f3n de vialidades casi mil millones de pesos.<\/p>\n\n\n\n<p>Pavel Flores Chaveste, director de Bienestar de Ecatepec, sostuvo que con el programa Sembrando Camellones un total de 435 personas trabajan en 39 camellones de vialidades principales, entre ellas las avenidas Central e Insurgentes y las v\u00edas Morelos y L\u00f3pez Portillo, de los cuales recogieron m\u00e1s de 18 mil toneladas de basura, rehabilitaron \u00e1reas verdes y realizaron balizamiento y retiro de bienes mostrencos, principalmente.<\/p>\n","protected":false},"excerpt":{"rendered":"<p>Visitas: 32 Juan Ignacio Corro&nbsp; Ecatepec, Estado de M\u00e9xico, a 28 de abril de 2026 El gobierno de Ecatepec repaviment\u00f3 157 kil\u00f3metros de avenidas y calles en el primer trimestre de este a\u00f1o, lo que equivale a 1.5 kil\u00f3metros por d\u00eda, obras efectuadas con apoyo de los gobiernos federal y estatal, as\u00ed como de la [&hellip;]<\/p>\n","protected":false},"author":5,"featured_media":18833,"comment_status":"open","ping_status":"open","sticky":false,"template":"","format":"standard","meta":{"site-sidebar-layout":"default","site-content-layout":"","ast-site-content-layout":"default","site-content-style":"default","site-sidebar-style":"default","ast-global-header-display":"","ast-banner-title-visibility":"","ast-main-header-display":"","ast-hfb-above-header-display":"","ast-hfb-below-header-display":"","ast-hfb-mobile-header-display":"","site-post-title":"","ast-breadcrumbs-content":"","ast-featured-img":"","footer-sml-layout":"","ast-disable-related-posts":"","theme-transparent-header-meta":"","adv-header-id-meta":"","stick-header-meta":"","header-above-stick-meta":"","header-main-stick-meta":"","header-below-stick-meta":"","astra-migrate-meta-layouts":"set","ast-page-background-enabled":"default","ast-page-background-meta":{"desktop":{"background-color":"var(--ast-global-color-4)","background-image":"","background-repeat":"repeat","background-position":"center center","background-size":"auto","background-attachment":"scroll","background-type":"","background-media":"","overlay-type":"","overlay-color":"","overlay-opacity":"","overlay-gradient":""},"tablet":{"background-color":"","background-image":"","background-repeat":"repeat","background-position":"center center","background-size":"auto","background-attachment":"scroll","background-type":"","background-media":"","overlay-type":"","overlay-color":"","overlay-opacity":"","overlay-gradient":""},"mobile":{"background-color":"","background-image":"","background-repeat":"repeat","background-position":"center center","background-size":"auto","background-attachment":"scroll","background-type":"","background-media":"","overlay-type":"","overlay-color":"","overlay-opacity":"","overlay-gradient":""}},"ast-content-background-meta":{"desktop":{"background-color":"var(--ast-global-color-5)","background-image":"","background-repeat":"repeat","background-position":"center center","background-size":"auto","background-attachment":"scroll","background-type":"","background-media":"","overlay-type":"","overlay-color":"","overlay-opacity":"","overlay-gradient":""},"tablet":{"background-color":"var(--ast-global-color-5)","background-image":"","background-repeat":"repeat","background-position":"center center","background-size":"auto","background-attachment":"scroll","background-type":"","background-media":"","overlay-type":"","overlay-color":"","overlay-opacity":"","overlay-gradient":""},"mobile":{"background-color":"var(--ast-global-color-5)","background-image":"","background-repeat":"repeat","background-position":"center center","background-size":"auto","background-attachment":"scroll","background-type":"","background-media":"","overlay-type":"","overlay-color":"","overlay-opacity":"","overlay-gradient":""}},"footnotes":""},"categories":[38,8,512,68],"tags":[526],"class_list":["post-18832","post","type-post","status-publish","format-standard","has-post-thumbnail","hentry","category-ecatepec","category-edomex","category-metropoli","category-seguridad","tag-edomex"],"yoast_head":"<!-- This site is optimized with the Yoast SEO plugin v27.4 - https:\/\/yoast.com\/product\/yoast-seo-wordpress\/ -->\n<title>Repavimenta Ecatepec 157 kil\u00f3metros de vialidades en lo que va del a\u00f1o - Agencia252<\/title>\n<meta name=\"robots\" content=\"index, follow, max-snippet:-1, max-image-preview:large, max-video-preview:-1\" \/>\n<link rel=\"canonical\" href=\"https:\/\/agencia.252.com.mx\/home\/repavimenta-ecatepec-157-kilometros-de-vialidades-en-lo-que-va-del-ano\/\" \/>\n<meta property=\"og:locale\" content=\"es_ES\" \/>\n<meta property=\"og:type\" content=\"article\" \/>\n<meta property=\"og:title\" content=\"Repavimenta Ecatepec 157 kil\u00f3metros de vialidades en lo que va del a\u00f1o - Agencia252\" \/>\n<meta property=\"og:description\" content=\"Visitas: 32 Juan Ignacio Corro&nbsp; Ecatepec, Estado de M\u00e9xico, a 28 de abril de 2026 El gobierno de Ecatepec repaviment\u00f3 157 kil\u00f3metros de avenidas y calles en el primer trimestre de este a\u00f1o, lo que equivale a 1.5 kil\u00f3metros por d\u00eda, obras efectuadas con apoyo de los gobiernos federal y estatal, as\u00ed como de la [&hellip;]\" \/>\n<meta property=\"og:url\" content=\"https:\/\/agencia.252.com.mx\/home\/repavimenta-ecatepec-157-kilometros-de-vialidades-en-lo-que-va-del-ano\/\" \/>\n<meta property=\"og:site_name\" content=\"Agencia252\" \/>\n<meta property=\"article:publisher\" content=\"https:\/\/www.facebook.com\/252Comunicacion\/\" \/>\n<meta property=\"article:author\" content=\"https:\/\/www.facebook.com\/jcorroherrera\/\" \/>\n<meta property=\"article:published_time\" content=\"2026-04-29T00:47:38+00:00\" \/>\n<meta property=\"article:modified_time\" content=\"2026-04-29T00:47:39+00:00\" \/>\n<meta property=\"og:image\" content=\"http:\/\/agencia.252.com.mx\/wp-content\/uploads\/2026\/04\/WhatsApp-Image-2026-04-28-at-2.50.07-PM.jpeg\" \/>\n\t<meta property=\"og:image:width\" content=\"1280\" \/>\n\t<meta property=\"og:image:height\" content=\"826\" \/>\n\t<meta property=\"og:image:type\" content=\"image\/jpeg\" \/>\n<meta name=\"author\" content=\"Nacho Corro\" \/>\n<meta name=\"twitter:card\" content=\"summary_large_image\" \/>\n<meta name=\"twitter:creator\" content=\"@Juan Ignacio Corro Herrera\" \/>\n<meta name=\"twitter:site\" content=\"@252COMS\" \/>\n<meta name=\"twitter:label1\" content=\"Escrito por\" \/>\n\t<meta name=\"twitter:data1\" content=\"Nacho Corro\" \/>\n\t<meta name=\"twitter:label2\" content=\"Tiempo de lectura\" \/>\n\t<meta name=\"twitter:data2\" content=\"4 minutos\" \/>\n<script type=\"application\/ld+json\" class=\"yoast-schema-graph\">{\"@context\":\"https:\\\/\\\/schema.org\",\"@graph\":[{\"@type\":\"Article\",\"@id\":\"https:\\\/\\\/agencia.252.com.mx\\\/home\\\/repavimenta-ecatepec-157-kilometros-de-vialidades-en-lo-que-va-del-ano\\\/#article\",\"isPartOf\":{\"@id\":\"https:\\\/\\\/agencia.252.com.mx\\\/home\\\/repavimenta-ecatepec-157-kilometros-de-vialidades-en-lo-que-va-del-ano\\\/\"},\"author\":{\"name\":\"Nacho Corro\",\"@id\":\"https:\\\/\\\/agencia.252.com.mx\\\/home\\\/#\\\/schema\\\/person\\\/6b972021e9a92d45ade8c78d81509098\"},\"headline\":\"Repavimenta Ecatepec 157 kil\u00f3metros de vialidades en lo que va del a\u00f1o\",\"datePublished\":\"2026-04-29T00:47:38+00:00\",\"dateModified\":\"2026-04-29T00:47:39+00:00\",\"mainEntityOfPage\":{\"@id\":\"https:\\\/\\\/agencia.252.com.mx\\\/home\\\/repavimenta-ecatepec-157-kilometros-de-vialidades-en-lo-que-va-del-ano\\\/\"},\"wordCount\":619,\"commentCount\":0,\"publisher\":{\"@id\":\"https:\\\/\\\/agencia.252.com.mx\\\/home\\\/#organization\"},\"image\":{\"@id\":\"https:\\\/\\\/agencia.252.com.mx\\\/home\\\/repavimenta-ecatepec-157-kilometros-de-vialidades-en-lo-que-va-del-ano\\\/#primaryimage\"},\"thumbnailUrl\":\"https:\\\/\\\/agencia.252.com.mx\\\/wp-content\\\/uploads\\\/2026\\\/04\\\/WhatsApp-Image-2026-04-28-at-2.50.07-PM.jpeg\",\"keywords\":[\"Edomex\"],\"articleSection\":[\"Ecatepec\",\"Edomex\",\"Metropoli\",\"Seguridad\"],\"inLanguage\":\"es\",\"potentialAction\":[{\"@type\":\"CommentAction\",\"name\":\"Comment\",\"target\":[\"https:\\\/\\\/agencia.252.com.mx\\\/home\\\/repavimenta-ecatepec-157-kilometros-de-vialidades-en-lo-que-va-del-ano\\\/#respond\"]}]},{\"@type\":\"WebPage\",\"@id\":\"https:\\\/\\\/agencia.252.com.mx\\\/home\\\/repavimenta-ecatepec-157-kilometros-de-vialidades-en-lo-que-va-del-ano\\\/\",\"url\":\"https:\\\/\\\/agencia.252.com.mx\\\/home\\\/repavimenta-ecatepec-157-kilometros-de-vialidades-en-lo-que-va-del-ano\\\/\",\"name\":\"Repavimenta Ecatepec 157 kil\u00f3metros de vialidades en lo que va del a\u00f1o - Agencia252\",\"isPartOf\":{\"@id\":\"https:\\\/\\\/agencia.252.com.mx\\\/home\\\/#website\"},\"primaryImageOfPage\":{\"@id\":\"https:\\\/\\\/agencia.252.com.mx\\\/home\\\/repavimenta-ecatepec-157-kilometros-de-vialidades-en-lo-que-va-del-ano\\\/#primaryimage\"},\"image\":{\"@id\":\"https:\\\/\\\/agencia.252.com.mx\\\/home\\\/repavimenta-ecatepec-157-kilometros-de-vialidades-en-lo-que-va-del-ano\\\/#primaryimage\"},\"thumbnailUrl\":\"https:\\\/\\\/agencia.252.com.mx\\\/wp-content\\\/uploads\\\/2026\\\/04\\\/WhatsApp-Image-2026-04-28-at-2.50.07-PM.jpeg\",\"datePublished\":\"2026-04-29T00:47:38+00:00\",\"dateModified\":\"2026-04-29T00:47:39+00:00\",\"breadcrumb\":{\"@id\":\"https:\\\/\\\/agencia.252.com.mx\\\/home\\\/repavimenta-ecatepec-157-kilometros-de-vialidades-en-lo-que-va-del-ano\\\/#breadcrumb\"},\"inLanguage\":\"es\",\"potentialAction\":[{\"@type\":\"ReadAction\",\"target\":[\"https:\\\/\\\/agencia.252.com.mx\\\/home\\\/repavimenta-ecatepec-157-kilometros-de-vialidades-en-lo-que-va-del-ano\\\/\"]}]},{\"@type\":\"ImageObject\",\"inLanguage\":\"es\",\"@id\":\"https:\\\/\\\/agencia.252.com.mx\\\/home\\\/repavimenta-ecatepec-157-kilometros-de-vialidades-en-lo-que-va-del-ano\\\/#primaryimage\",\"url\":\"https:\\\/\\\/agencia.252.com.mx\\\/wp-content\\\/uploads\\\/2026\\\/04\\\/WhatsApp-Image-2026-04-28-at-2.50.07-PM.jpeg\",\"contentUrl\":\"https:\\\/\\\/agencia.252.com.mx\\\/wp-content\\\/uploads\\\/2026\\\/04\\\/WhatsApp-Image-2026-04-28-at-2.50.07-PM.jpeg\",\"width\":1280,\"height\":826},{\"@type\":\"BreadcrumbList\",\"@id\":\"https:\\\/\\\/agencia.252.com.mx\\\/home\\\/repavimenta-ecatepec-157-kilometros-de-vialidades-en-lo-que-va-del-ano\\\/#breadcrumb\",\"itemListElement\":[{\"@type\":\"ListItem\",\"position\":1,\"name\":\"Portada\",\"item\":\"https:\\\/\\\/agencia.252.com.mx\\\/home\\\/\"},{\"@type\":\"ListItem\",\"position\":2,\"name\":\"Repavimenta Ecatepec 157 kil\u00f3metros de vialidades en lo que va del a\u00f1o\"}]},{\"@type\":\"WebSite\",\"@id\":\"https:\\\/\\\/agencia.252.com.mx\\\/home\\\/#website\",\"url\":\"https:\\\/\\\/agencia.252.com.mx\\\/home\\\/\",\"name\":\"Agencia252\",\"description\":\"Tu espacio en la Red\",\"publisher\":{\"@id\":\"https:\\\/\\\/agencia.252.com.mx\\\/home\\\/#organization\"},\"potentialAction\":[{\"@type\":\"SearchAction\",\"target\":{\"@type\":\"EntryPoint\",\"urlTemplate\":\"https:\\\/\\\/agencia.252.com.mx\\\/home\\\/?s={search_term_string}\"},\"query-input\":{\"@type\":\"PropertyValueSpecification\",\"valueRequired\":true,\"valueName\":\"search_term_string\"}}],\"inLanguage\":\"es\"},{\"@type\":\"Organization\",\"@id\":\"https:\\\/\\\/agencia.252.com.mx\\\/home\\\/#organization\",\"name\":\"Agencia252\",\"url\":\"https:\\\/\\\/agencia.252.com.mx\\\/home\\\/\",\"logo\":{\"@type\":\"ImageObject\",\"inLanguage\":\"es\",\"@id\":\"https:\\\/\\\/agencia.252.com.mx\\\/home\\\/#\\\/schema\\\/logo\\\/image\\\/\",\"url\":\"https:\\\/\\\/agencia.252.com.mx\\\/wp-content\\\/uploads\\\/2023\\\/02\\\/cropped-ciruclo-agencia-e1677562404136.png\",\"contentUrl\":\"https:\\\/\\\/agencia.252.com.mx\\\/wp-content\\\/uploads\\\/2023\\\/02\\\/cropped-ciruclo-agencia-e1677562404136.png\",\"width\":512,\"height\":512,\"caption\":\"Agencia252\"},\"image\":{\"@id\":\"https:\\\/\\\/agencia.252.com.mx\\\/home\\\/#\\\/schema\\\/logo\\\/image\\\/\"},\"sameAs\":[\"https:\\\/\\\/www.facebook.com\\\/252Comunicacion\\\/\",\"https:\\\/\\\/x.com\\\/252COMS\"]},{\"@type\":\"Person\",\"@id\":\"https:\\\/\\\/agencia.252.com.mx\\\/home\\\/#\\\/schema\\\/person\\\/6b972021e9a92d45ade8c78d81509098\",\"name\":\"Nacho Corro\",\"image\":{\"@type\":\"ImageObject\",\"inLanguage\":\"es\",\"@id\":\"https:\\\/\\\/secure.gravatar.com\\\/avatar\\\/5db6df507cfe1307e192fbb498c6b85f1cf2ffd8b4cd37141b9eea588fcbd5a4?s=96&r=g\",\"url\":\"https:\\\/\\\/secure.gravatar.com\\\/avatar\\\/5db6df507cfe1307e192fbb498c6b85f1cf2ffd8b4cd37141b9eea588fcbd5a4?s=96&r=g\",\"contentUrl\":\"https:\\\/\\\/secure.gravatar.com\\\/avatar\\\/5db6df507cfe1307e192fbb498c6b85f1cf2ffd8b4cd37141b9eea588fcbd5a4?s=96&r=g\",\"caption\":\"Nacho Corro\"},\"description\":\"Comunicador Social, Periodista y Administraci\u00f3n P\u00fablica. Conversador pol\u00edtico, temas electorales y seguridad. Generador de contenidos digitales. Amante de la fotograf\u00eda\",\"sameAs\":[\"https:\\\/\\\/www.facebook.com\\\/jcorroherrera\\\/\",\"www.instagram.com\\\/nachocorro\\\/\",\"https:\\\/\\\/x.com\\\/Juan Ignacio Corro Herrera\"],\"url\":\"https:\\\/\\\/agencia.252.com.mx\\\/home\\\/author\\\/i-corro\\\/\"}]}<\/script>\n<!-- \/ Yoast SEO plugin. -->","yoast_head_json":{"title":"Repavimenta Ecatepec 157 kil\u00f3metros de vialidades en lo que va del a\u00f1o - Agencia252","robots":{"index":"index","follow":"follow","max-snippet":"max-snippet:-1","max-image-preview":"max-image-preview:large","max-video-preview":"max-video-preview:-1"},"canonical":"https:\/\/agencia.252.com.mx\/home\/repavimenta-ecatepec-157-kilometros-de-vialidades-en-lo-que-va-del-ano\/","og_locale":"es_ES","og_type":"article","og_title":"Repavimenta Ecatepec 157 kil\u00f3metros de vialidades en lo que va del a\u00f1o - Agencia252","og_description":"Visitas: 32 Juan Ignacio Corro&nbsp; Ecatepec, Estado de M\u00e9xico, a 28 de abril de 2026 El gobierno de Ecatepec repaviment\u00f3 157 kil\u00f3metros de avenidas y calles en el primer trimestre de este a\u00f1o, lo que equivale a 1.5 kil\u00f3metros por d\u00eda, obras efectuadas con apoyo de los gobiernos federal y estatal, as\u00ed como de la [&hellip;]","og_url":"https:\/\/agencia.252.com.mx\/home\/repavimenta-ecatepec-157-kilometros-de-vialidades-en-lo-que-va-del-ano\/","og_site_name":"Agencia252","article_publisher":"https:\/\/www.facebook.com\/252Comunicacion\/","article_author":"https:\/\/www.facebook.com\/jcorroherrera\/","article_published_time":"2026-04-29T00:47:38+00:00","article_modified_time":"2026-04-29T00:47:39+00:00","og_image":[{"width":1280,"height":826,"url":"http:\/\/agencia.252.com.mx\/wp-content\/uploads\/2026\/04\/WhatsApp-Image-2026-04-28-at-2.50.07-PM.jpeg","type":"image\/jpeg"}],"author":"Nacho Corro","twitter_card":"summary_large_image","twitter_creator":"@Juan Ignacio Corro Herrera","twitter_site":"@252COMS","twitter_misc":{"Escrito por":"Nacho Corro","Tiempo de lectura":"4 minutos"},"schema":{"@context":"https:\/\/schema.org","@graph":[{"@type":"Article","@id":"https:\/\/agencia.252.com.mx\/home\/repavimenta-ecatepec-157-kilometros-de-vialidades-en-lo-que-va-del-ano\/#article","isPartOf":{"@id":"https:\/\/agencia.252.com.mx\/home\/repavimenta-ecatepec-157-kilometros-de-vialidades-en-lo-que-va-del-ano\/"},"author":{"name":"Nacho Corro","@id":"https:\/\/agencia.252.com.mx\/home\/#\/schema\/person\/6b972021e9a92d45ade8c78d81509098"},"headline":"Repavimenta Ecatepec 157 kil\u00f3metros de vialidades en lo que va del a\u00f1o","datePublished":"2026-04-29T00:47:38+00:00","dateModified":"2026-04-29T00:47:39+00:00","mainEntityOfPage":{"@id":"https:\/\/agencia.252.com.mx\/home\/repavimenta-ecatepec-157-kilometros-de-vialidades-en-lo-que-va-del-ano\/"},"wordCount":619,"commentCount":0,"publisher":{"@id":"https:\/\/agencia.252.com.mx\/home\/#organization"},"image":{"@id":"https:\/\/agencia.252.com.mx\/home\/repavimenta-ecatepec-157-kilometros-de-vialidades-en-lo-que-va-del-ano\/#primaryimage"},"thumbnailUrl":"https:\/\/agencia.252.com.mx\/wp-content\/uploads\/2026\/04\/WhatsApp-Image-2026-04-28-at-2.50.07-PM.jpeg","keywords":["Edomex"],"articleSection":["Ecatepec","Edomex","Metropoli","Seguridad"],"inLanguage":"es","potentialAction":[{"@type":"CommentAction","name":"Comment","target":["https:\/\/agencia.252.com.mx\/home\/repavimenta-ecatepec-157-kilometros-de-vialidades-en-lo-que-va-del-ano\/#respond"]}]},{"@type":"WebPage","@id":"https:\/\/agencia.252.com.mx\/home\/repavimenta-ecatepec-157-kilometros-de-vialidades-en-lo-que-va-del-ano\/","url":"https:\/\/agencia.252.com.mx\/home\/repavimenta-ecatepec-157-kilometros-de-vialidades-en-lo-que-va-del-ano\/","name":"Repavimenta Ecatepec 157 kil\u00f3metros de vialidades en lo que va del a\u00f1o - Agencia252","isPartOf":{"@id":"https:\/\/agencia.252.com.mx\/home\/#website"},"primaryImageOfPage":{"@id":"https:\/\/agencia.252.com.mx\/home\/repavimenta-ecatepec-157-kilometros-de-vialidades-en-lo-que-va-del-ano\/#primaryimage"},"image":{"@id":"https:\/\/agencia.252.com.mx\/home\/repavimenta-ecatepec-157-kilometros-de-vialidades-en-lo-que-va-del-ano\/#primaryimage"},"thumbnailUrl":"https:\/\/agencia.252.com.mx\/wp-content\/uploads\/2026\/04\/WhatsApp-Image-2026-04-28-at-2.50.07-PM.jpeg","datePublished":"2026-04-29T00:47:38+00:00","dateModified":"2026-04-29T00:47:39+00:00","breadcrumb":{"@id":"https:\/\/agencia.252.com.mx\/home\/repavimenta-ecatepec-157-kilometros-de-vialidades-en-lo-que-va-del-ano\/#breadcrumb"},"inLanguage":"es","potentialAction":[{"@type":"ReadAction","target":["https:\/\/agencia.252.com.mx\/home\/repavimenta-ecatepec-157-kilometros-de-vialidades-en-lo-que-va-del-ano\/"]}]},{"@type":"ImageObject","inLanguage":"es","@id":"https:\/\/agencia.252.com.mx\/home\/repavimenta-ecatepec-157-kilometros-de-vialidades-en-lo-que-va-del-ano\/#primaryimage","url":"https:\/\/agencia.252.com.mx\/wp-content\/uploads\/2026\/04\/WhatsApp-Image-2026-04-28-at-2.50.07-PM.jpeg","contentUrl":"https:\/\/agencia.252.com.mx\/wp-content\/uploads\/2026\/04\/WhatsApp-Image-2026-04-28-at-2.50.07-PM.jpeg","width":1280,"height":826},{"@type":"BreadcrumbList","@id":"https:\/\/agencia.252.com.mx\/home\/repavimenta-ecatepec-157-kilometros-de-vialidades-en-lo-que-va-del-ano\/#breadcrumb","itemListElement":[{"@type":"ListItem","position":1,"name":"Portada","item":"https:\/\/agencia.252.com.mx\/home\/"},{"@type":"ListItem","position":2,"name":"Repavimenta Ecatepec 157 kil\u00f3metros de vialidades en lo que va del a\u00f1o"}]},{"@type":"WebSite","@id":"https:\/\/agencia.252.com.mx\/home\/#website","url":"https:\/\/agencia.252.com.mx\/home\/","name":"Agencia252","description":"Tu espacio en la Red","publisher":{"@id":"https:\/\/agencia.252.com.mx\/home\/#organization"},"potentialAction":[{"@type":"SearchAction","target":{"@type":"EntryPoint","urlTemplate":"https:\/\/agencia.252.com.mx\/home\/?s={search_term_string}"},"query-input":{"@type":"PropertyValueSpecification","valueRequired":true,"valueName":"search_term_string"}}],"inLanguage":"es"},{"@type":"Organization","@id":"https:\/\/agencia.252.com.mx\/home\/#organization","name":"Agencia252","url":"https:\/\/agencia.252.com.mx\/home\/","logo":{"@type":"ImageObject","inLanguage":"es","@id":"https:\/\/agencia.252.com.mx\/home\/#\/schema\/logo\/image\/","url":"https:\/\/agencia.252.com.mx\/wp-content\/uploads\/2023\/02\/cropped-ciruclo-agencia-e1677562404136.png","contentUrl":"https:\/\/agencia.252.com.mx\/wp-content\/uploads\/2023\/02\/cropped-ciruclo-agencia-e1677562404136.png","width":512,"height":512,"caption":"Agencia252"},"image":{"@id":"https:\/\/agencia.252.com.mx\/home\/#\/schema\/logo\/image\/"},"sameAs":["https:\/\/www.facebook.com\/252Comunicacion\/","https:\/\/x.com\/252COMS"]},{"@type":"Person","@id":"https:\/\/agencia.252.com.mx\/home\/#\/schema\/person\/6b972021e9a92d45ade8c78d81509098","name":"Nacho Corro","image":{"@type":"ImageObject","inLanguage":"es","@id":"https:\/\/secure.gravatar.com\/avatar\/5db6df507cfe1307e192fbb498c6b85f1cf2ffd8b4cd37141b9eea588fcbd5a4?s=96&r=g","url":"https:\/\/secure.gravatar.com\/avatar\/5db6df507cfe1307e192fbb498c6b85f1cf2ffd8b4cd37141b9eea588fcbd5a4?s=96&r=g","contentUrl":"https:\/\/secure.gravatar.com\/avatar\/5db6df507cfe1307e192fbb498c6b85f1cf2ffd8b4cd37141b9eea588fcbd5a4?s=96&r=g","caption":"Nacho Corro"},"description":"Comunicador Social, Periodista y Administraci\u00f3n P\u00fablica. Conversador pol\u00edtico, temas electorales y seguridad. Generador de contenidos digitales. Amante de la fotograf\u00eda","sameAs":["https:\/\/www.facebook.com\/jcorroherrera\/","www.instagram.com\/nachocorro\/","https:\/\/x.com\/Juan Ignacio Corro Herrera"],"url":"https:\/\/agencia.252.com.mx\/home\/author\/i-corro\/"}]}},"_links":{"self":[{"href":"https:\/\/agencia.252.com.mx\/home\/wp-json\/wp\/v2\/posts\/18832","targetHints":{"allow":["GET"]}}],"collection":[{"href":"https:\/\/agencia.252.com.mx\/home\/wp-json\/wp\/v2\/posts"}],"about":[{"href":"https:\/\/agencia.252.com.mx\/home\/wp-json\/wp\/v2\/types\/post"}],"author":[{"embeddable":true,"href":"https:\/\/agencia.252.com.mx\/home\/wp-json\/wp\/v2\/users\/5"}],"replies":[{"embeddable":true,"href":"https:\/\/agencia.252.com.mx\/home\/wp-json\/wp\/v2\/comments?post=18832"}],"version-history":[{"count":1,"href":"https:\/\/agencia.252.com.mx\/home\/wp-json\/wp\/v2\/posts\/18832\/revisions"}],"predecessor-version":[{"id":18835,"href":"https:\/\/agencia.252.com.mx\/home\/wp-json\/wp\/v2\/posts\/18832\/revisions\/18835"}],"wp:featuredmedia":[{"embeddable":true,"href":"https:\/\/agencia.252.com.mx\/home\/wp-json\/wp\/v2\/media\/18833"}],"wp:attachment":[{"href":"https:\/\/agencia.252.com.mx\/home\/wp-json\/wp\/v2\/media?parent=18832"}],"wp:term":[{"taxonomy":"category","embeddable":true,"href":"https:\/\/agencia.252.com.mx\/home\/wp-json\/wp\/v2\/categories?post=18832"},{"taxonomy":"post_tag","embeddable":true,"href":"https:\/\/agencia.252.com.mx\/home\/wp-json\/wp\/v2\/tags?post=18832"}],"curies":[{"name":"wp","href":"https:\/\/api.w.org\/{rel}","templated":true}]}}