{"id":18816,"date":"2026-04-28T15:19:42","date_gmt":"2026-04-28T21:19:42","guid":{"rendered":"https:\/\/agencia.252.com.mx\/home\/?p=18816"},"modified":"2026-04-28T15:20:06","modified_gmt":"2026-04-28T21:20:06","slug":"detenidos-dos-operadores-de-una-organizacion-criminal-del-cjng-el-jardinero-y-el-conta","status":"publish","type":"post","link":"https:\/\/agencia.252.com.mx\/home\/detenidos-dos-operadores-de-una-organizacion-criminal-del-cjng-el-jardinero-y-el-conta\/","title":{"rendered":"Detenidos dos operadores de una organizaci\u00f3n criminal del CJNG; el Jardinero y el Conta\u00a0"},"content":{"rendered":"<p>Visitas: 11<\/p>\n<ul class=\"wp-block-list\">\n<li><em>Adem\u00e1s del tr\u00e1fico de drogas hacia Estados Unidos, esta estructura delictiva obten\u00eda recursos il\u00edcitos mediante narcomenudeo, comercializaci\u00f3n ilegal de hidrocarburos, secuestro, homicidios, tr\u00e1fico de armas, despojo de propiedades y extorsi\u00f3n<\/em><\/li>\n\n\n\n<li><em>De manera preventiva, en Jalisco se desplegaron cerca de cuatro mil elementos federales, estatales y municipales para contener cualquier posible reacci\u00f3n<\/em><\/li>\n<\/ul>\n\n\n\n<p>Juan Ignacio Corro&nbsp;<\/p>\n\n\n\n<p class=\"has-text-align-right\">Ciudad de M\u00e9xico, a 28 de abril de 2026<\/p>\n\n\n\n<p>Autoridades federales de seguridad con apoyo de inteligencia del gobierno de los Estados Unidos, informaron de la detenci\u00f3n de Audias \u201cN\u201d, alias \u201cEl Jardinero\u201d, identificado como objetivo prioritario, ex jefe de seguridad y persona de confianza de Rub\u00e9n Oseguera \u201cN\u201d, alias \u201cEl Mencho\u201d; y de C\u00e9sar \u201cN\u201d, alias \u201cG\u00fcero Conta\u201d, identificado como principal operador financiero y hombre de confianza de Audias \u201cN\u201d.<\/p>\n\n\n\n<p>En conferencia de prensa del Gabinete de Seguridad, el secretario de Seguridad y Protecci\u00f3n Ciudadana, Omar Garc\u00eda Harfuch, acompa\u00f1ado del secretario de la Defensa Nacional, Ricardo Trevilla Trejo, el secretario de Marina, Pedro Raymundo Morales \u00c1ngeles y el comandante de la Guardia Nacional, Guillermo Brise\u00f1o Lobera, inform\u00f3 que ambos sujetos son clave&nbsp;&nbsp;dentro la organizaci\u00f3n criminal del Cartel Jalisco Nueva Generaci\u00f3n, con presencia en diversos estados del pa\u00eds y v\u00ednculos transnacionales.<\/p>\n\n\n\n<p>Garc\u00eda Harfuch indic\u00f3 que a Audias \u201cN\u201d, alias \u201cEl Jardinero\u201d, es el&nbsp;&nbsp;operador criminal&nbsp;&nbsp;que consolid\u00f3 durante m\u00e1s de dos d\u00e9cadas una estructura regional con capacidad para coordinar la producci\u00f3n y trasiego de drogas, supervisar laboratorios clandestinos de metanfetamina, operar aeronaves y pistas de aterrizaje clandestinas, as\u00ed como controlar rutas log\u00edsticas para el movimiento de narc\u00f3ticos hacia el exterior.<\/p>\n\n\n\n<p>Agreg\u00f3 que, adem\u00e1s del tr\u00e1fico de drogas hacia distintos puntos de Estados Unidos, esta estructura delictiva obten\u00eda recursos il\u00edcitos mediante narcomenudeo, comercializaci\u00f3n ilegal de hidrocarburos, secuestro, homicidios, tr\u00e1fico de armas, despojo de propiedades y un delito que es prioritario para el Gobierno de M\u00e9xico, la extorsi\u00f3n.<\/p>\n\n\n\n<figure class=\"wp-block-image alignright size-medium\"><img fetchpriority=\"high\" decoding=\"async\" width=\"169\" height=\"300\" src=\"https:\/\/agencia.252.com.mx\/wp-content\/uploads\/2026\/04\/HG84rMvXkAA8L-B-169x300.jpeg\" alt=\"\" class=\"wp-image-18818\" srcset=\"https:\/\/agencia.252.com.mx\/wp-content\/uploads\/2026\/04\/HG84rMvXkAA8L-B-169x300.jpeg 169w, https:\/\/agencia.252.com.mx\/wp-content\/uploads\/2026\/04\/HG84rMvXkAA8L-B.jpeg 383w\" sizes=\"(max-width: 169px) 100vw, 169px\" \/><\/figure>\n\n\n\n<p>El otro evento de relevancia y como parte del seguimiento operativo y financiero a esa misma estructura criminal, con trabajos de inteligencia se detuvo en Zapopan, Jalisco, a C\u00e9sar \u201cN\u201d, alias \u201cG\u00fcero Conta\u201d, identificado como principal operador financiero y hombre de confianza de Audias \u201cN\u201d.<\/p>\n\n\n\n<p>El secretario Garc\u00eda Harfuch explic\u00f3 que C\u00e9sar \u201cN\u201d era responsable del lavado de recursos provenientes de actividades il\u00edcitas, los cuales eran utilizados para la adquisici\u00f3n de armamento, aeronaves, ranchos y propiedades, adem\u00e1s de operar mecanismos de ocultamiento de activos mediante familiares, socios y empresas fachada.<\/p>\n\n\n\n<p>El titular de la SSPC especific\u00f3 que tras la detenci\u00f3n de Audias \u201cN\u201d, se registraron hechos violentos en Nayarit, por lo que de manera oportuna el Gabinete de Seguridad reforz\u00f3 el despliegue operativo con autoridades locales y de manera preventiva, en Jalisco se desplegaron cerca de cuatro mil elementos federales, estatales y municipales en carreteras estrat\u00e9gicas, centros penitenciarios, zonas lim\u00edtrofes y la Zona Metropolitana de Guadalajara.<\/p>\n\n\n\n<p>\u201cReconocemos la coordinaci\u00f3n y colaboraci\u00f3n de los gobernadores, de Nayarit, el gobernador Miguel \u00c1ngel Navarro Quintero, y de Jalisco, el gobernador Pablo Lemus Navarro, as\u00ed como el trabajo conjunto de las autoridades locales de ambas entidades\u201d, expres\u00f3.<\/p>\n\n\n\n<p>Por su parte, el secretario de Marina, Raymundo Pedro Morales \u00c1ngeles, inform\u00f3 que la detenci\u00f3n de Audias \u201cN\u201d fue resultado de 19 meses de seguimiento, labores de inteligencia de gabinete y campo, as\u00ed como de la coordinaci\u00f3n interinstitucional y el intercambio de informaci\u00f3n con agencias estadounidenses, lo que permiti\u00f3 ubicar al objetivo en el estado de Nayarit.<\/p>\n\n\n\n<p>Detall\u00f3 que Audias \u201cN\u201d se desplazaba en un veh\u00edculo en inmediaciones de Santa Mar\u00eda del Oro, Nayarit; al ser identificado por personal naval intent\u00f3 huir y ocultarse en una tuber\u00eda bajo la carretera; sin embargo, el despliegue operativo y el seguimiento a\u00e9reo y terrestre permitieron su localizaci\u00f3n y captura.<\/p>\n","protected":false},"excerpt":{"rendered":"<p>Visitas: 11 Juan Ignacio Corro&nbsp; Ciudad de M\u00e9xico, a 28 de abril de 2026 Autoridades federales de seguridad con apoyo de inteligencia del gobierno de los Estados Unidos, informaron de la detenci\u00f3n de Audias \u201cN\u201d, alias \u201cEl Jardinero\u201d, identificado como objetivo prioritario, ex jefe de seguridad y persona de confianza de Rub\u00e9n Oseguera \u201cN\u201d, alias [&hellip;]<\/p>\n","protected":false},"author":5,"featured_media":18817,"comment_status":"open","ping_status":"open","sticky":false,"template":"","format":"standard","meta":{"site-sidebar-layout":"default","site-content-layout":"","ast-site-content-layout":"default","site-content-style":"default","site-sidebar-style":"default","ast-global-header-display":"","ast-banner-title-visibility":"","ast-main-header-display":"","ast-hfb-above-header-display":"","ast-hfb-below-header-display":"","ast-hfb-mobile-header-display":"","site-post-title":"","ast-breadcrumbs-content":"","ast-featured-img":"","footer-sml-layout":"","ast-disable-related-posts":"","theme-transparent-header-meta":"","adv-header-id-meta":"","stick-header-meta":"","header-above-stick-meta":"","header-main-stick-meta":"","header-below-stick-meta":"","astra-migrate-meta-layouts":"set","ast-page-background-enabled":"default","ast-page-background-meta":{"desktop":{"background-color":"var(--ast-global-color-4)","background-image":"","background-repeat":"repeat","background-position":"center center","background-size":"auto","background-attachment":"scroll","background-type":"","background-media":"","overlay-type":"","overlay-color":"","overlay-opacity":"","overlay-gradient":""},"tablet":{"background-color":"","background-image":"","background-repeat":"repeat","background-position":"center center","background-size":"auto","background-attachment":"scroll","background-type":"","background-media":"","overlay-type":"","overlay-color":"","overlay-opacity":"","overlay-gradient":""},"mobile":{"background-color":"","background-image":"","background-repeat":"repeat","background-position":"center center","background-size":"auto","background-attachment":"scroll","background-type":"","background-media":"","overlay-type":"","overlay-color":"","overlay-opacity":"","overlay-gradient":""}},"ast-content-background-meta":{"desktop":{"background-color":"var(--ast-global-color-5)","background-image":"","background-repeat":"repeat","background-position":"center center","background-size":"auto","background-attachment":"scroll","background-type":"","background-media":"","overlay-type":"","overlay-color":"","overlay-opacity":"","overlay-gradient":""},"tablet":{"background-color":"var(--ast-global-color-5)","background-image":"","background-repeat":"repeat","background-position":"center center","background-size":"auto","background-attachment":"scroll","background-type":"","background-media":"","overlay-type":"","overlay-color":"","overlay-opacity":"","overlay-gradient":""},"mobile":{"background-color":"var(--ast-global-color-5)","background-image":"","background-repeat":"repeat","background-position":"center center","background-size":"auto","background-attachment":"scroll","background-type":"","background-media":"","overlay-type":"","overlay-color":"","overlay-opacity":"","overlay-gradient":""}},"footnotes":""},"categories":[69,9,458,68],"tags":[526],"class_list":["post-18816","post","type-post","status-publish","format-standard","has-post-thumbnail","hentry","category-cdmx","category-estados","category-nacional","category-seguridad","tag-edomex"],"yoast_head":"<!-- This site is optimized with the Yoast SEO plugin v27.4 - https:\/\/yoast.com\/product\/yoast-seo-wordpress\/ -->\n<title>Detenidos dos operadores de una organizaci\u00f3n criminal del CJNG; el Jardinero y el Conta\u00a0 - Agencia252<\/title>\n<meta name=\"robots\" content=\"index, follow, max-snippet:-1, max-image-preview:large, max-video-preview:-1\" \/>\n<link rel=\"canonical\" href=\"https:\/\/agencia.252.com.mx\/home\/detenidos-dos-operadores-de-una-organizacion-criminal-del-cjng-el-jardinero-y-el-conta\/\" \/>\n<meta property=\"og:locale\" content=\"es_ES\" \/>\n<meta property=\"og:type\" content=\"article\" \/>\n<meta property=\"og:title\" content=\"Detenidos dos operadores de una organizaci\u00f3n criminal del CJNG; el Jardinero y el Conta\u00a0 - Agencia252\" \/>\n<meta property=\"og:description\" content=\"Visitas: 11 Juan Ignacio Corro&nbsp; Ciudad de M\u00e9xico, a 28 de abril de 2026 Autoridades federales de seguridad con apoyo de inteligencia del gobierno de los Estados Unidos, informaron de la detenci\u00f3n de Audias \u201cN\u201d, alias \u201cEl Jardinero\u201d, identificado como objetivo prioritario, ex jefe de seguridad y persona de confianza de Rub\u00e9n Oseguera \u201cN\u201d, alias [&hellip;]\" \/>\n<meta property=\"og:url\" content=\"https:\/\/agencia.252.com.mx\/home\/detenidos-dos-operadores-de-una-organizacion-criminal-del-cjng-el-jardinero-y-el-conta\/\" \/>\n<meta property=\"og:site_name\" content=\"Agencia252\" \/>\n<meta property=\"article:publisher\" content=\"https:\/\/www.facebook.com\/252Comunicacion\/\" \/>\n<meta property=\"article:author\" content=\"https:\/\/www.facebook.com\/jcorroherrera\/\" \/>\n<meta property=\"article:published_time\" content=\"2026-04-28T21:19:42+00:00\" \/>\n<meta property=\"article:modified_time\" content=\"2026-04-28T21:20:06+00:00\" \/>\n<meta property=\"og:image\" content=\"http:\/\/agencia.252.com.mx\/wp-content\/uploads\/2026\/04\/HG8DESdaQAAHRVG.jpeg\" \/>\n\t<meta property=\"og:image:width\" content=\"626\" \/>\n\t<meta property=\"og:image:height\" content=\"680\" \/>\n\t<meta property=\"og:image:type\" content=\"image\/jpeg\" \/>\n<meta name=\"author\" content=\"Nacho Corro\" \/>\n<meta name=\"twitter:card\" content=\"summary_large_image\" \/>\n<meta name=\"twitter:creator\" content=\"@Juan Ignacio Corro Herrera\" \/>\n<meta name=\"twitter:site\" content=\"@252COMS\" \/>\n<meta name=\"twitter:label1\" content=\"Escrito por\" \/>\n\t<meta name=\"twitter:data1\" content=\"Nacho Corro\" \/>\n\t<meta name=\"twitter:label2\" content=\"Tiempo de lectura\" \/>\n\t<meta name=\"twitter:data2\" content=\"4 minutos\" \/>\n<script type=\"application\/ld+json\" class=\"yoast-schema-graph\">{\"@context\":\"https:\\\/\\\/schema.org\",\"@graph\":[{\"@type\":\"Article\",\"@id\":\"https:\\\/\\\/agencia.252.com.mx\\\/home\\\/detenidos-dos-operadores-de-una-organizacion-criminal-del-cjng-el-jardinero-y-el-conta\\\/#article\",\"isPartOf\":{\"@id\":\"https:\\\/\\\/agencia.252.com.mx\\\/home\\\/detenidos-dos-operadores-de-una-organizacion-criminal-del-cjng-el-jardinero-y-el-conta\\\/\"},\"author\":{\"name\":\"Nacho Corro\",\"@id\":\"https:\\\/\\\/agencia.252.com.mx\\\/home\\\/#\\\/schema\\\/person\\\/6b972021e9a92d45ade8c78d81509098\"},\"headline\":\"Detenidos dos operadores de una organizaci\u00f3n criminal del CJNG; el Jardinero y el Conta\u00a0\",\"datePublished\":\"2026-04-28T21:19:42+00:00\",\"dateModified\":\"2026-04-28T21:20:06+00:00\",\"mainEntityOfPage\":{\"@id\":\"https:\\\/\\\/agencia.252.com.mx\\\/home\\\/detenidos-dos-operadores-de-una-organizacion-criminal-del-cjng-el-jardinero-y-el-conta\\\/\"},\"wordCount\":674,\"commentCount\":0,\"publisher\":{\"@id\":\"https:\\\/\\\/agencia.252.com.mx\\\/home\\\/#organization\"},\"image\":{\"@id\":\"https:\\\/\\\/agencia.252.com.mx\\\/home\\\/detenidos-dos-operadores-de-una-organizacion-criminal-del-cjng-el-jardinero-y-el-conta\\\/#primaryimage\"},\"thumbnailUrl\":\"https:\\\/\\\/agencia.252.com.mx\\\/wp-content\\\/uploads\\\/2026\\\/04\\\/HG8DESdaQAAHRVG.jpeg\",\"keywords\":[\"Edomex\"],\"articleSection\":[\"CDMX\",\"Estados\",\"Nacional\",\"Seguridad\"],\"inLanguage\":\"es\",\"potentialAction\":[{\"@type\":\"CommentAction\",\"name\":\"Comment\",\"target\":[\"https:\\\/\\\/agencia.252.com.mx\\\/home\\\/detenidos-dos-operadores-de-una-organizacion-criminal-del-cjng-el-jardinero-y-el-conta\\\/#respond\"]}]},{\"@type\":\"WebPage\",\"@id\":\"https:\\\/\\\/agencia.252.com.mx\\\/home\\\/detenidos-dos-operadores-de-una-organizacion-criminal-del-cjng-el-jardinero-y-el-conta\\\/\",\"url\":\"https:\\\/\\\/agencia.252.com.mx\\\/home\\\/detenidos-dos-operadores-de-una-organizacion-criminal-del-cjng-el-jardinero-y-el-conta\\\/\",\"name\":\"Detenidos dos operadores de una organizaci\u00f3n criminal del CJNG; el Jardinero y el Conta\u00a0 - Agencia252\",\"isPartOf\":{\"@id\":\"https:\\\/\\\/agencia.252.com.mx\\\/home\\\/#website\"},\"primaryImageOfPage\":{\"@id\":\"https:\\\/\\\/agencia.252.com.mx\\\/home\\\/detenidos-dos-operadores-de-una-organizacion-criminal-del-cjng-el-jardinero-y-el-conta\\\/#primaryimage\"},\"image\":{\"@id\":\"https:\\\/\\\/agencia.252.com.mx\\\/home\\\/detenidos-dos-operadores-de-una-organizacion-criminal-del-cjng-el-jardinero-y-el-conta\\\/#primaryimage\"},\"thumbnailUrl\":\"https:\\\/\\\/agencia.252.com.mx\\\/wp-content\\\/uploads\\\/2026\\\/04\\\/HG8DESdaQAAHRVG.jpeg\",\"datePublished\":\"2026-04-28T21:19:42+00:00\",\"dateModified\":\"2026-04-28T21:20:06+00:00\",\"breadcrumb\":{\"@id\":\"https:\\\/\\\/agencia.252.com.mx\\\/home\\\/detenidos-dos-operadores-de-una-organizacion-criminal-del-cjng-el-jardinero-y-el-conta\\\/#breadcrumb\"},\"inLanguage\":\"es\",\"potentialAction\":[{\"@type\":\"ReadAction\",\"target\":[\"https:\\\/\\\/agencia.252.com.mx\\\/home\\\/detenidos-dos-operadores-de-una-organizacion-criminal-del-cjng-el-jardinero-y-el-conta\\\/\"]}]},{\"@type\":\"ImageObject\",\"inLanguage\":\"es\",\"@id\":\"https:\\\/\\\/agencia.252.com.mx\\\/home\\\/detenidos-dos-operadores-de-una-organizacion-criminal-del-cjng-el-jardinero-y-el-conta\\\/#primaryimage\",\"url\":\"https:\\\/\\\/agencia.252.com.mx\\\/wp-content\\\/uploads\\\/2026\\\/04\\\/HG8DESdaQAAHRVG.jpeg\",\"contentUrl\":\"https:\\\/\\\/agencia.252.com.mx\\\/wp-content\\\/uploads\\\/2026\\\/04\\\/HG8DESdaQAAHRVG.jpeg\",\"width\":626,\"height\":680},{\"@type\":\"BreadcrumbList\",\"@id\":\"https:\\\/\\\/agencia.252.com.mx\\\/home\\\/detenidos-dos-operadores-de-una-organizacion-criminal-del-cjng-el-jardinero-y-el-conta\\\/#breadcrumb\",\"itemListElement\":[{\"@type\":\"ListItem\",\"position\":1,\"name\":\"Portada\",\"item\":\"https:\\\/\\\/agencia.252.com.mx\\\/home\\\/\"},{\"@type\":\"ListItem\",\"position\":2,\"name\":\"Detenidos dos operadores de una organizaci\u00f3n criminal del CJNG; el Jardinero y el Conta\u00a0\"}]},{\"@type\":\"WebSite\",\"@id\":\"https:\\\/\\\/agencia.252.com.mx\\\/home\\\/#website\",\"url\":\"https:\\\/\\\/agencia.252.com.mx\\\/home\\\/\",\"name\":\"Agencia252\",\"description\":\"Tu espacio en la Red\",\"publisher\":{\"@id\":\"https:\\\/\\\/agencia.252.com.mx\\\/home\\\/#organization\"},\"potentialAction\":[{\"@type\":\"SearchAction\",\"target\":{\"@type\":\"EntryPoint\",\"urlTemplate\":\"https:\\\/\\\/agencia.252.com.mx\\\/home\\\/?s={search_term_string}\"},\"query-input\":{\"@type\":\"PropertyValueSpecification\",\"valueRequired\":true,\"valueName\":\"search_term_string\"}}],\"inLanguage\":\"es\"},{\"@type\":\"Organization\",\"@id\":\"https:\\\/\\\/agencia.252.com.mx\\\/home\\\/#organization\",\"name\":\"Agencia252\",\"url\":\"https:\\\/\\\/agencia.252.com.mx\\\/home\\\/\",\"logo\":{\"@type\":\"ImageObject\",\"inLanguage\":\"es\",\"@id\":\"https:\\\/\\\/agencia.252.com.mx\\\/home\\\/#\\\/schema\\\/logo\\\/image\\\/\",\"url\":\"https:\\\/\\\/agencia.252.com.mx\\\/wp-content\\\/uploads\\\/2023\\\/02\\\/cropped-ciruclo-agencia-e1677562404136.png\",\"contentUrl\":\"https:\\\/\\\/agencia.252.com.mx\\\/wp-content\\\/uploads\\\/2023\\\/02\\\/cropped-ciruclo-agencia-e1677562404136.png\",\"width\":512,\"height\":512,\"caption\":\"Agencia252\"},\"image\":{\"@id\":\"https:\\\/\\\/agencia.252.com.mx\\\/home\\\/#\\\/schema\\\/logo\\\/image\\\/\"},\"sameAs\":[\"https:\\\/\\\/www.facebook.com\\\/252Comunicacion\\\/\",\"https:\\\/\\\/x.com\\\/252COMS\"]},{\"@type\":\"Person\",\"@id\":\"https:\\\/\\\/agencia.252.com.mx\\\/home\\\/#\\\/schema\\\/person\\\/6b972021e9a92d45ade8c78d81509098\",\"name\":\"Nacho Corro\",\"image\":{\"@type\":\"ImageObject\",\"inLanguage\":\"es\",\"@id\":\"https:\\\/\\\/secure.gravatar.com\\\/avatar\\\/5db6df507cfe1307e192fbb498c6b85f1cf2ffd8b4cd37141b9eea588fcbd5a4?s=96&r=g\",\"url\":\"https:\\\/\\\/secure.gravatar.com\\\/avatar\\\/5db6df507cfe1307e192fbb498c6b85f1cf2ffd8b4cd37141b9eea588fcbd5a4?s=96&r=g\",\"contentUrl\":\"https:\\\/\\\/secure.gravatar.com\\\/avatar\\\/5db6df507cfe1307e192fbb498c6b85f1cf2ffd8b4cd37141b9eea588fcbd5a4?s=96&r=g\",\"caption\":\"Nacho Corro\"},\"description\":\"Comunicador Social, Periodista y Administraci\u00f3n P\u00fablica. Conversador pol\u00edtico, temas electorales y seguridad. Generador de contenidos digitales. Amante de la fotograf\u00eda\",\"sameAs\":[\"https:\\\/\\\/www.facebook.com\\\/jcorroherrera\\\/\",\"www.instagram.com\\\/nachocorro\\\/\",\"https:\\\/\\\/x.com\\\/Juan Ignacio Corro Herrera\"],\"url\":\"https:\\\/\\\/agencia.252.com.mx\\\/home\\\/author\\\/i-corro\\\/\"}]}<\/script>\n<!-- \/ Yoast SEO plugin. -->","yoast_head_json":{"title":"Detenidos dos operadores de una organizaci\u00f3n criminal del CJNG; el Jardinero y el Conta\u00a0 - Agencia252","robots":{"index":"index","follow":"follow","max-snippet":"max-snippet:-1","max-image-preview":"max-image-preview:large","max-video-preview":"max-video-preview:-1"},"canonical":"https:\/\/agencia.252.com.mx\/home\/detenidos-dos-operadores-de-una-organizacion-criminal-del-cjng-el-jardinero-y-el-conta\/","og_locale":"es_ES","og_type":"article","og_title":"Detenidos dos operadores de una organizaci\u00f3n criminal del CJNG; el Jardinero y el Conta\u00a0 - Agencia252","og_description":"Visitas: 11 Juan Ignacio Corro&nbsp; Ciudad de M\u00e9xico, a 28 de abril de 2026 Autoridades federales de seguridad con apoyo de inteligencia del gobierno de los Estados Unidos, informaron de la detenci\u00f3n de Audias \u201cN\u201d, alias \u201cEl Jardinero\u201d, identificado como objetivo prioritario, ex jefe de seguridad y persona de confianza de Rub\u00e9n Oseguera \u201cN\u201d, alias [&hellip;]","og_url":"https:\/\/agencia.252.com.mx\/home\/detenidos-dos-operadores-de-una-organizacion-criminal-del-cjng-el-jardinero-y-el-conta\/","og_site_name":"Agencia252","article_publisher":"https:\/\/www.facebook.com\/252Comunicacion\/","article_author":"https:\/\/www.facebook.com\/jcorroherrera\/","article_published_time":"2026-04-28T21:19:42+00:00","article_modified_time":"2026-04-28T21:20:06+00:00","og_image":[{"width":626,"height":680,"url":"http:\/\/agencia.252.com.mx\/wp-content\/uploads\/2026\/04\/HG8DESdaQAAHRVG.jpeg","type":"image\/jpeg"}],"author":"Nacho Corro","twitter_card":"summary_large_image","twitter_creator":"@Juan Ignacio Corro Herrera","twitter_site":"@252COMS","twitter_misc":{"Escrito por":"Nacho Corro","Tiempo de lectura":"4 minutos"},"schema":{"@context":"https:\/\/schema.org","@graph":[{"@type":"Article","@id":"https:\/\/agencia.252.com.mx\/home\/detenidos-dos-operadores-de-una-organizacion-criminal-del-cjng-el-jardinero-y-el-conta\/#article","isPartOf":{"@id":"https:\/\/agencia.252.com.mx\/home\/detenidos-dos-operadores-de-una-organizacion-criminal-del-cjng-el-jardinero-y-el-conta\/"},"author":{"name":"Nacho Corro","@id":"https:\/\/agencia.252.com.mx\/home\/#\/schema\/person\/6b972021e9a92d45ade8c78d81509098"},"headline":"Detenidos dos operadores de una organizaci\u00f3n criminal del CJNG; el Jardinero y el Conta\u00a0","datePublished":"2026-04-28T21:19:42+00:00","dateModified":"2026-04-28T21:20:06+00:00","mainEntityOfPage":{"@id":"https:\/\/agencia.252.com.mx\/home\/detenidos-dos-operadores-de-una-organizacion-criminal-del-cjng-el-jardinero-y-el-conta\/"},"wordCount":674,"commentCount":0,"publisher":{"@id":"https:\/\/agencia.252.com.mx\/home\/#organization"},"image":{"@id":"https:\/\/agencia.252.com.mx\/home\/detenidos-dos-operadores-de-una-organizacion-criminal-del-cjng-el-jardinero-y-el-conta\/#primaryimage"},"thumbnailUrl":"https:\/\/agencia.252.com.mx\/wp-content\/uploads\/2026\/04\/HG8DESdaQAAHRVG.jpeg","keywords":["Edomex"],"articleSection":["CDMX","Estados","Nacional","Seguridad"],"inLanguage":"es","potentialAction":[{"@type":"CommentAction","name":"Comment","target":["https:\/\/agencia.252.com.mx\/home\/detenidos-dos-operadores-de-una-organizacion-criminal-del-cjng-el-jardinero-y-el-conta\/#respond"]}]},{"@type":"WebPage","@id":"https:\/\/agencia.252.com.mx\/home\/detenidos-dos-operadores-de-una-organizacion-criminal-del-cjng-el-jardinero-y-el-conta\/","url":"https:\/\/agencia.252.com.mx\/home\/detenidos-dos-operadores-de-una-organizacion-criminal-del-cjng-el-jardinero-y-el-conta\/","name":"Detenidos dos operadores de una organizaci\u00f3n criminal del CJNG; el Jardinero y el Conta\u00a0 - Agencia252","isPartOf":{"@id":"https:\/\/agencia.252.com.mx\/home\/#website"},"primaryImageOfPage":{"@id":"https:\/\/agencia.252.com.mx\/home\/detenidos-dos-operadores-de-una-organizacion-criminal-del-cjng-el-jardinero-y-el-conta\/#primaryimage"},"image":{"@id":"https:\/\/agencia.252.com.mx\/home\/detenidos-dos-operadores-de-una-organizacion-criminal-del-cjng-el-jardinero-y-el-conta\/#primaryimage"},"thumbnailUrl":"https:\/\/agencia.252.com.mx\/wp-content\/uploads\/2026\/04\/HG8DESdaQAAHRVG.jpeg","datePublished":"2026-04-28T21:19:42+00:00","dateModified":"2026-04-28T21:20:06+00:00","breadcrumb":{"@id":"https:\/\/agencia.252.com.mx\/home\/detenidos-dos-operadores-de-una-organizacion-criminal-del-cjng-el-jardinero-y-el-conta\/#breadcrumb"},"inLanguage":"es","potentialAction":[{"@type":"ReadAction","target":["https:\/\/agencia.252.com.mx\/home\/detenidos-dos-operadores-de-una-organizacion-criminal-del-cjng-el-jardinero-y-el-conta\/"]}]},{"@type":"ImageObject","inLanguage":"es","@id":"https:\/\/agencia.252.com.mx\/home\/detenidos-dos-operadores-de-una-organizacion-criminal-del-cjng-el-jardinero-y-el-conta\/#primaryimage","url":"https:\/\/agencia.252.com.mx\/wp-content\/uploads\/2026\/04\/HG8DESdaQAAHRVG.jpeg","contentUrl":"https:\/\/agencia.252.com.mx\/wp-content\/uploads\/2026\/04\/HG8DESdaQAAHRVG.jpeg","width":626,"height":680},{"@type":"BreadcrumbList","@id":"https:\/\/agencia.252.com.mx\/home\/detenidos-dos-operadores-de-una-organizacion-criminal-del-cjng-el-jardinero-y-el-conta\/#breadcrumb","itemListElement":[{"@type":"ListItem","position":1,"name":"Portada","item":"https:\/\/agencia.252.com.mx\/home\/"},{"@type":"ListItem","position":2,"name":"Detenidos dos operadores de una organizaci\u00f3n criminal del CJNG; el Jardinero y el Conta\u00a0"}]},{"@type":"WebSite","@id":"https:\/\/agencia.252.com.mx\/home\/#website","url":"https:\/\/agencia.252.com.mx\/home\/","name":"Agencia252","description":"Tu espacio en la Red","publisher":{"@id":"https:\/\/agencia.252.com.mx\/home\/#organization"},"potentialAction":[{"@type":"SearchAction","target":{"@type":"EntryPoint","urlTemplate":"https:\/\/agencia.252.com.mx\/home\/?s={search_term_string}"},"query-input":{"@type":"PropertyValueSpecification","valueRequired":true,"valueName":"search_term_string"}}],"inLanguage":"es"},{"@type":"Organization","@id":"https:\/\/agencia.252.com.mx\/home\/#organization","name":"Agencia252","url":"https:\/\/agencia.252.com.mx\/home\/","logo":{"@type":"ImageObject","inLanguage":"es","@id":"https:\/\/agencia.252.com.mx\/home\/#\/schema\/logo\/image\/","url":"https:\/\/agencia.252.com.mx\/wp-content\/uploads\/2023\/02\/cropped-ciruclo-agencia-e1677562404136.png","contentUrl":"https:\/\/agencia.252.com.mx\/wp-content\/uploads\/2023\/02\/cropped-ciruclo-agencia-e1677562404136.png","width":512,"height":512,"caption":"Agencia252"},"image":{"@id":"https:\/\/agencia.252.com.mx\/home\/#\/schema\/logo\/image\/"},"sameAs":["https:\/\/www.facebook.com\/252Comunicacion\/","https:\/\/x.com\/252COMS"]},{"@type":"Person","@id":"https:\/\/agencia.252.com.mx\/home\/#\/schema\/person\/6b972021e9a92d45ade8c78d81509098","name":"Nacho Corro","image":{"@type":"ImageObject","inLanguage":"es","@id":"https:\/\/secure.gravatar.com\/avatar\/5db6df507cfe1307e192fbb498c6b85f1cf2ffd8b4cd37141b9eea588fcbd5a4?s=96&r=g","url":"https:\/\/secure.gravatar.com\/avatar\/5db6df507cfe1307e192fbb498c6b85f1cf2ffd8b4cd37141b9eea588fcbd5a4?s=96&r=g","contentUrl":"https:\/\/secure.gravatar.com\/avatar\/5db6df507cfe1307e192fbb498c6b85f1cf2ffd8b4cd37141b9eea588fcbd5a4?s=96&r=g","caption":"Nacho Corro"},"description":"Comunicador Social, Periodista y Administraci\u00f3n P\u00fablica. Conversador pol\u00edtico, temas electorales y seguridad. Generador de contenidos digitales. Amante de la fotograf\u00eda","sameAs":["https:\/\/www.facebook.com\/jcorroherrera\/","www.instagram.com\/nachocorro\/","https:\/\/x.com\/Juan Ignacio Corro Herrera"],"url":"https:\/\/agencia.252.com.mx\/home\/author\/i-corro\/"}]}},"_links":{"self":[{"href":"https:\/\/agencia.252.com.mx\/home\/wp-json\/wp\/v2\/posts\/18816","targetHints":{"allow":["GET"]}}],"collection":[{"href":"https:\/\/agencia.252.com.mx\/home\/wp-json\/wp\/v2\/posts"}],"about":[{"href":"https:\/\/agencia.252.com.mx\/home\/wp-json\/wp\/v2\/types\/post"}],"author":[{"embeddable":true,"href":"https:\/\/agencia.252.com.mx\/home\/wp-json\/wp\/v2\/users\/5"}],"replies":[{"embeddable":true,"href":"https:\/\/agencia.252.com.mx\/home\/wp-json\/wp\/v2\/comments?post=18816"}],"version-history":[{"count":1,"href":"https:\/\/agencia.252.com.mx\/home\/wp-json\/wp\/v2\/posts\/18816\/revisions"}],"predecessor-version":[{"id":18820,"href":"https:\/\/agencia.252.com.mx\/home\/wp-json\/wp\/v2\/posts\/18816\/revisions\/18820"}],"wp:featuredmedia":[{"embeddable":true,"href":"https:\/\/agencia.252.com.mx\/home\/wp-json\/wp\/v2\/media\/18817"}],"wp:attachment":[{"href":"https:\/\/agencia.252.com.mx\/home\/wp-json\/wp\/v2\/media?parent=18816"}],"wp:term":[{"taxonomy":"category","embeddable":true,"href":"https:\/\/agencia.252.com.mx\/home\/wp-json\/wp\/v2\/categories?post=18816"},{"taxonomy":"post_tag","embeddable":true,"href":"https:\/\/agencia.252.com.mx\/home\/wp-json\/wp\/v2\/tags?post=18816"}],"curies":[{"name":"wp","href":"https:\/\/api.w.org\/{rel}","templated":true}]}}