{"id":18811,"date":"2026-04-28T14:01:38","date_gmt":"2026-04-28T20:01:38","guid":{"rendered":"https:\/\/agencia.252.com.mx\/home\/?p=18811"},"modified":"2026-04-28T14:05:03","modified_gmt":"2026-04-28T20:05:03","slug":"reduce-delincuencia-cuautitlan-izcalli-bajan-el-23-los-delitos-de-alto-impacto","status":"publish","type":"post","link":"https:\/\/agencia.252.com.mx\/home\/reduce-delincuencia-cuautitlan-izcalli-bajan-el-23-los-delitos-de-alto-impacto\/","title":{"rendered":"Reduce delincuencia Cuautitl\u00e1n Izcalli, bajan el 23% los delitos de alto impacto"},"content":{"rendered":"<p>Visitas: 22<\/p>\n<ul class=\"wp-block-list\">\n<li><em>Delitos como lesiones dolosas, robo de veh\u00edculo, extorsi\u00f3n y homicidio doloso mantienen una tendencia a la baja<\/em><\/li>\n<\/ul>\n\n\n\n<p>Juan Ignacio Corro&nbsp;<\/p>\n\n\n\n<p class=\"has-text-align-right\">Cuautitl\u00e1n Izcall, a 28 de abril de 2026<\/p>\n\n\n\n<p>Entre marzo del 2025 y marzo del 2026, la comisi\u00f3n de delitos de alto impacto en Cuautitl\u00e1n Izcalli arroja una disminuci\u00f3n del 23%, de acuerdo a cifras oficiales del Secretariado Ejecutivo del Sistema Nacional de Seguridad P\u00fablica, inform\u00f3 el presidente municipal Daniel Serrano Palacios.<\/p>\n\n\n\n<p>En conferencia de prensa, mencion\u00f3 que en el tercer mes del 2025 fueron denunciados 670 delitos de alto impacto, por ejemplo lesiones dolosas, robo de veh\u00edculo, extorsi\u00f3n y homicidio doloso y en marzo del 2026 esta cifra se redujo a 517 incidencias, es decir, 153 menos il\u00edcitos de estas caracter\u00edsticas, un dato que se alinea con la tendencia sostenida a la baja que ha prevalecido mes con mes en Cuautitl\u00e1n Izcalli.&nbsp;<\/p>\n\n\n\n<p>\u201cEste es un esfuerzo colectivo, no depende de una sola persona, sino tiene que ver con el trabajo con la Secretar\u00eda de Seguridad del Estado de M\u00e9xico, nuestra Comisar\u00eda, las Fiscal\u00edas, la Guardia Nacional y ha tenido como principal prop\u00f3sito restablecer el Estado de Derecho en nuestro municipio\u201d, explic\u00f3 el alcalde.&nbsp;<\/p>\n\n\n\n<p>En cuanto al \u00edndice delictivo general, las cifras oficiales reci\u00e9n publicadas demuestran una disminuci\u00f3n del 9% en el mes de marzo&nbsp;&nbsp;&nbsp;comparado con el mismo mes del a\u00f1o inmediato anterior; una reducci\u00f3n de 1,332 delitos frente a 1,210 hechos en este periodo.<\/p>\n\n\n\n<p>Los resultados en la materia son producto, adem\u00e1s, del trabajo transversal entre distintas dependencias por construir entornos de paz con espacios p\u00fablicos mejor equipados, la suspensi\u00f3n de establecimientos irregulares como las denominadas \u201ccheler\u00edas\u201d, as\u00ed como a la creaci\u00f3n de redes vecinales y al aprovechamiento de la tecnolog\u00eda a trav\u00e9s de \u201cBlindaje Izcalli\u201d.&nbsp;<\/p>\n","protected":false},"excerpt":{"rendered":"<p>Visitas: 22 Juan Ignacio Corro&nbsp; Cuautitl\u00e1n Izcall, a 28 de abril de 2026 Entre marzo del 2025 y marzo del 2026, la comisi\u00f3n de delitos de alto impacto en Cuautitl\u00e1n Izcalli arroja una disminuci\u00f3n del 23%, de acuerdo a cifras oficiales del Secretariado Ejecutivo del Sistema Nacional de Seguridad P\u00fablica, inform\u00f3 el presidente municipal Daniel [&hellip;]<\/p>\n","protected":false},"author":5,"featured_media":18812,"comment_status":"open","ping_status":"open","sticky":false,"template":"","format":"standard","meta":{"site-sidebar-layout":"default","site-content-layout":"","ast-site-content-layout":"default","site-content-style":"default","site-sidebar-style":"default","ast-global-header-display":"","ast-banner-title-visibility":"","ast-main-header-display":"","ast-hfb-above-header-display":"","ast-hfb-below-header-display":"","ast-hfb-mobile-header-display":"","site-post-title":"","ast-breadcrumbs-content":"","ast-featured-img":"","footer-sml-layout":"","ast-disable-related-posts":"","theme-transparent-header-meta":"","adv-header-id-meta":"","stick-header-meta":"","header-above-stick-meta":"","header-main-stick-meta":"","header-below-stick-meta":"","astra-migrate-meta-layouts":"set","ast-page-background-enabled":"default","ast-page-background-meta":{"desktop":{"background-color":"var(--ast-global-color-4)","background-image":"","background-repeat":"repeat","background-position":"center center","background-size":"auto","background-attachment":"scroll","background-type":"","background-media":"","overlay-type":"","overlay-color":"","overlay-opacity":"","overlay-gradient":""},"tablet":{"background-color":"","background-image":"","background-repeat":"repeat","background-position":"center center","background-size":"auto","background-attachment":"scroll","background-type":"","background-media":"","overlay-type":"","overlay-color":"","overlay-opacity":"","overlay-gradient":""},"mobile":{"background-color":"","background-image":"","background-repeat":"repeat","background-position":"center center","background-size":"auto","background-attachment":"scroll","background-type":"","background-media":"","overlay-type":"","overlay-color":"","overlay-opacity":"","overlay-gradient":""}},"ast-content-background-meta":{"desktop":{"background-color":"var(--ast-global-color-5)","background-image":"","background-repeat":"repeat","background-position":"center center","background-size":"auto","background-attachment":"scroll","background-type":"","background-media":"","overlay-type":"","overlay-color":"","overlay-opacity":"","overlay-gradient":""},"tablet":{"background-color":"var(--ast-global-color-5)","background-image":"","background-repeat":"repeat","background-position":"center center","background-size":"auto","background-attachment":"scroll","background-type":"","background-media":"","overlay-type":"","overlay-color":"","overlay-opacity":"","overlay-gradient":""},"mobile":{"background-color":"var(--ast-global-color-5)","background-image":"","background-repeat":"repeat","background-position":"center center","background-size":"auto","background-attachment":"scroll","background-type":"","background-media":"","overlay-type":"","overlay-color":"","overlay-opacity":"","overlay-gradient":""}},"footnotes":""},"categories":[324,8,68],"tags":[526],"class_list":["post-18811","post","type-post","status-publish","format-standard","has-post-thumbnail","hentry","category-cuautitlan-izcalli","category-edomex","category-seguridad","tag-edomex"],"yoast_head":"<!-- This site is optimized with the Yoast SEO plugin v27.4 - https:\/\/yoast.com\/product\/yoast-seo-wordpress\/ -->\n<title>Reduce delincuencia Cuautitl\u00e1n Izcalli, bajan el 23% los delitos de alto impacto - Agencia252<\/title>\n<meta name=\"robots\" content=\"index, follow, max-snippet:-1, max-image-preview:large, max-video-preview:-1\" \/>\n<link rel=\"canonical\" href=\"https:\/\/agencia.252.com.mx\/home\/reduce-delincuencia-cuautitlan-izcalli-bajan-el-23-los-delitos-de-alto-impacto\/\" \/>\n<meta property=\"og:locale\" content=\"es_ES\" \/>\n<meta property=\"og:type\" content=\"article\" \/>\n<meta property=\"og:title\" content=\"Reduce delincuencia Cuautitl\u00e1n Izcalli, bajan el 23% los delitos de alto impacto - Agencia252\" \/>\n<meta property=\"og:description\" content=\"Visitas: 22 Juan Ignacio Corro&nbsp; Cuautitl\u00e1n Izcall, a 28 de abril de 2026 Entre marzo del 2025 y marzo del 2026, la comisi\u00f3n de delitos de alto impacto en Cuautitl\u00e1n Izcalli arroja una disminuci\u00f3n del 23%, de acuerdo a cifras oficiales del Secretariado Ejecutivo del Sistema Nacional de Seguridad P\u00fablica, inform\u00f3 el presidente municipal Daniel [&hellip;]\" \/>\n<meta property=\"og:url\" content=\"https:\/\/agencia.252.com.mx\/home\/reduce-delincuencia-cuautitlan-izcalli-bajan-el-23-los-delitos-de-alto-impacto\/\" \/>\n<meta property=\"og:site_name\" content=\"Agencia252\" \/>\n<meta property=\"article:publisher\" content=\"https:\/\/www.facebook.com\/252Comunicacion\/\" \/>\n<meta property=\"article:author\" content=\"https:\/\/www.facebook.com\/jcorroherrera\/\" \/>\n<meta property=\"article:published_time\" content=\"2026-04-28T20:01:38+00:00\" \/>\n<meta property=\"article:modified_time\" content=\"2026-04-28T20:05:03+00:00\" \/>\n<meta property=\"og:image\" content=\"http:\/\/agencia.252.com.mx\/wp-content\/uploads\/2026\/04\/WhatsApp-Image-2026-04-28-at-1.59.39-PM.jpeg\" \/>\n\t<meta property=\"og:image:width\" content=\"1600\" \/>\n\t<meta property=\"og:image:height\" content=\"1200\" \/>\n\t<meta property=\"og:image:type\" content=\"image\/jpeg\" \/>\n<meta name=\"author\" content=\"Nacho Corro\" \/>\n<meta name=\"twitter:card\" content=\"summary_large_image\" \/>\n<meta name=\"twitter:creator\" content=\"@Juan Ignacio Corro Herrera\" \/>\n<meta name=\"twitter:site\" content=\"@252COMS\" \/>\n<meta name=\"twitter:label1\" content=\"Escrito por\" \/>\n\t<meta name=\"twitter:data1\" content=\"Nacho Corro\" \/>\n\t<meta name=\"twitter:label2\" content=\"Tiempo de lectura\" \/>\n\t<meta name=\"twitter:data2\" content=\"2 minutos\" \/>\n<script type=\"application\/ld+json\" class=\"yoast-schema-graph\">{\"@context\":\"https:\\\/\\\/schema.org\",\"@graph\":[{\"@type\":\"Article\",\"@id\":\"https:\\\/\\\/agencia.252.com.mx\\\/home\\\/reduce-delincuencia-cuautitlan-izcalli-bajan-el-23-los-delitos-de-alto-impacto\\\/#article\",\"isPartOf\":{\"@id\":\"https:\\\/\\\/agencia.252.com.mx\\\/home\\\/reduce-delincuencia-cuautitlan-izcalli-bajan-el-23-los-delitos-de-alto-impacto\\\/\"},\"author\":{\"name\":\"Nacho Corro\",\"@id\":\"https:\\\/\\\/agencia.252.com.mx\\\/home\\\/#\\\/schema\\\/person\\\/6b972021e9a92d45ade8c78d81509098\"},\"headline\":\"Reduce delincuencia Cuautitl\u00e1n Izcalli, bajan el 23% los delitos de alto impacto\",\"datePublished\":\"2026-04-28T20:01:38+00:00\",\"dateModified\":\"2026-04-28T20:05:03+00:00\",\"mainEntityOfPage\":{\"@id\":\"https:\\\/\\\/agencia.252.com.mx\\\/home\\\/reduce-delincuencia-cuautitlan-izcalli-bajan-el-23-los-delitos-de-alto-impacto\\\/\"},\"wordCount\":322,\"commentCount\":0,\"publisher\":{\"@id\":\"https:\\\/\\\/agencia.252.com.mx\\\/home\\\/#organization\"},\"image\":{\"@id\":\"https:\\\/\\\/agencia.252.com.mx\\\/home\\\/reduce-delincuencia-cuautitlan-izcalli-bajan-el-23-los-delitos-de-alto-impacto\\\/#primaryimage\"},\"thumbnailUrl\":\"https:\\\/\\\/agencia.252.com.mx\\\/wp-content\\\/uploads\\\/2026\\\/04\\\/WhatsApp-Image-2026-04-28-at-1.59.39-PM.jpeg\",\"keywords\":[\"Edomex\"],\"articleSection\":[\"Cuautitl\u00e1n Izcalli\",\"Edomex\",\"Seguridad\"],\"inLanguage\":\"es\",\"potentialAction\":[{\"@type\":\"CommentAction\",\"name\":\"Comment\",\"target\":[\"https:\\\/\\\/agencia.252.com.mx\\\/home\\\/reduce-delincuencia-cuautitlan-izcalli-bajan-el-23-los-delitos-de-alto-impacto\\\/#respond\"]}]},{\"@type\":\"WebPage\",\"@id\":\"https:\\\/\\\/agencia.252.com.mx\\\/home\\\/reduce-delincuencia-cuautitlan-izcalli-bajan-el-23-los-delitos-de-alto-impacto\\\/\",\"url\":\"https:\\\/\\\/agencia.252.com.mx\\\/home\\\/reduce-delincuencia-cuautitlan-izcalli-bajan-el-23-los-delitos-de-alto-impacto\\\/\",\"name\":\"Reduce delincuencia Cuautitl\u00e1n Izcalli, bajan el 23% los delitos de alto impacto - Agencia252\",\"isPartOf\":{\"@id\":\"https:\\\/\\\/agencia.252.com.mx\\\/home\\\/#website\"},\"primaryImageOfPage\":{\"@id\":\"https:\\\/\\\/agencia.252.com.mx\\\/home\\\/reduce-delincuencia-cuautitlan-izcalli-bajan-el-23-los-delitos-de-alto-impacto\\\/#primaryimage\"},\"image\":{\"@id\":\"https:\\\/\\\/agencia.252.com.mx\\\/home\\\/reduce-delincuencia-cuautitlan-izcalli-bajan-el-23-los-delitos-de-alto-impacto\\\/#primaryimage\"},\"thumbnailUrl\":\"https:\\\/\\\/agencia.252.com.mx\\\/wp-content\\\/uploads\\\/2026\\\/04\\\/WhatsApp-Image-2026-04-28-at-1.59.39-PM.jpeg\",\"datePublished\":\"2026-04-28T20:01:38+00:00\",\"dateModified\":\"2026-04-28T20:05:03+00:00\",\"breadcrumb\":{\"@id\":\"https:\\\/\\\/agencia.252.com.mx\\\/home\\\/reduce-delincuencia-cuautitlan-izcalli-bajan-el-23-los-delitos-de-alto-impacto\\\/#breadcrumb\"},\"inLanguage\":\"es\",\"potentialAction\":[{\"@type\":\"ReadAction\",\"target\":[\"https:\\\/\\\/agencia.252.com.mx\\\/home\\\/reduce-delincuencia-cuautitlan-izcalli-bajan-el-23-los-delitos-de-alto-impacto\\\/\"]}]},{\"@type\":\"ImageObject\",\"inLanguage\":\"es\",\"@id\":\"https:\\\/\\\/agencia.252.com.mx\\\/home\\\/reduce-delincuencia-cuautitlan-izcalli-bajan-el-23-los-delitos-de-alto-impacto\\\/#primaryimage\",\"url\":\"https:\\\/\\\/agencia.252.com.mx\\\/wp-content\\\/uploads\\\/2026\\\/04\\\/WhatsApp-Image-2026-04-28-at-1.59.39-PM.jpeg\",\"contentUrl\":\"https:\\\/\\\/agencia.252.com.mx\\\/wp-content\\\/uploads\\\/2026\\\/04\\\/WhatsApp-Image-2026-04-28-at-1.59.39-PM.jpeg\",\"width\":1600,\"height\":1200},{\"@type\":\"BreadcrumbList\",\"@id\":\"https:\\\/\\\/agencia.252.com.mx\\\/home\\\/reduce-delincuencia-cuautitlan-izcalli-bajan-el-23-los-delitos-de-alto-impacto\\\/#breadcrumb\",\"itemListElement\":[{\"@type\":\"ListItem\",\"position\":1,\"name\":\"Portada\",\"item\":\"https:\\\/\\\/agencia.252.com.mx\\\/home\\\/\"},{\"@type\":\"ListItem\",\"position\":2,\"name\":\"Reduce delincuencia Cuautitl\u00e1n Izcalli, bajan el 23% los delitos de alto impacto\"}]},{\"@type\":\"WebSite\",\"@id\":\"https:\\\/\\\/agencia.252.com.mx\\\/home\\\/#website\",\"url\":\"https:\\\/\\\/agencia.252.com.mx\\\/home\\\/\",\"name\":\"Agencia252\",\"description\":\"Tu espacio en la Red\",\"publisher\":{\"@id\":\"https:\\\/\\\/agencia.252.com.mx\\\/home\\\/#organization\"},\"potentialAction\":[{\"@type\":\"SearchAction\",\"target\":{\"@type\":\"EntryPoint\",\"urlTemplate\":\"https:\\\/\\\/agencia.252.com.mx\\\/home\\\/?s={search_term_string}\"},\"query-input\":{\"@type\":\"PropertyValueSpecification\",\"valueRequired\":true,\"valueName\":\"search_term_string\"}}],\"inLanguage\":\"es\"},{\"@type\":\"Organization\",\"@id\":\"https:\\\/\\\/agencia.252.com.mx\\\/home\\\/#organization\",\"name\":\"Agencia252\",\"url\":\"https:\\\/\\\/agencia.252.com.mx\\\/home\\\/\",\"logo\":{\"@type\":\"ImageObject\",\"inLanguage\":\"es\",\"@id\":\"https:\\\/\\\/agencia.252.com.mx\\\/home\\\/#\\\/schema\\\/logo\\\/image\\\/\",\"url\":\"https:\\\/\\\/agencia.252.com.mx\\\/wp-content\\\/uploads\\\/2023\\\/02\\\/cropped-ciruclo-agencia-e1677562404136.png\",\"contentUrl\":\"https:\\\/\\\/agencia.252.com.mx\\\/wp-content\\\/uploads\\\/2023\\\/02\\\/cropped-ciruclo-agencia-e1677562404136.png\",\"width\":512,\"height\":512,\"caption\":\"Agencia252\"},\"image\":{\"@id\":\"https:\\\/\\\/agencia.252.com.mx\\\/home\\\/#\\\/schema\\\/logo\\\/image\\\/\"},\"sameAs\":[\"https:\\\/\\\/www.facebook.com\\\/252Comunicacion\\\/\",\"https:\\\/\\\/x.com\\\/252COMS\"]},{\"@type\":\"Person\",\"@id\":\"https:\\\/\\\/agencia.252.com.mx\\\/home\\\/#\\\/schema\\\/person\\\/6b972021e9a92d45ade8c78d81509098\",\"name\":\"Nacho Corro\",\"image\":{\"@type\":\"ImageObject\",\"inLanguage\":\"es\",\"@id\":\"https:\\\/\\\/secure.gravatar.com\\\/avatar\\\/5db6df507cfe1307e192fbb498c6b85f1cf2ffd8b4cd37141b9eea588fcbd5a4?s=96&r=g\",\"url\":\"https:\\\/\\\/secure.gravatar.com\\\/avatar\\\/5db6df507cfe1307e192fbb498c6b85f1cf2ffd8b4cd37141b9eea588fcbd5a4?s=96&r=g\",\"contentUrl\":\"https:\\\/\\\/secure.gravatar.com\\\/avatar\\\/5db6df507cfe1307e192fbb498c6b85f1cf2ffd8b4cd37141b9eea588fcbd5a4?s=96&r=g\",\"caption\":\"Nacho Corro\"},\"description\":\"Comunicador Social, Periodista y Administraci\u00f3n P\u00fablica. Conversador pol\u00edtico, temas electorales y seguridad. Generador de contenidos digitales. Amante de la fotograf\u00eda\",\"sameAs\":[\"https:\\\/\\\/www.facebook.com\\\/jcorroherrera\\\/\",\"www.instagram.com\\\/nachocorro\\\/\",\"https:\\\/\\\/x.com\\\/Juan Ignacio Corro Herrera\"],\"url\":\"https:\\\/\\\/agencia.252.com.mx\\\/home\\\/author\\\/i-corro\\\/\"}]}<\/script>\n<!-- \/ Yoast SEO plugin. -->","yoast_head_json":{"title":"Reduce delincuencia Cuautitl\u00e1n Izcalli, bajan el 23% los delitos de alto impacto - Agencia252","robots":{"index":"index","follow":"follow","max-snippet":"max-snippet:-1","max-image-preview":"max-image-preview:large","max-video-preview":"max-video-preview:-1"},"canonical":"https:\/\/agencia.252.com.mx\/home\/reduce-delincuencia-cuautitlan-izcalli-bajan-el-23-los-delitos-de-alto-impacto\/","og_locale":"es_ES","og_type":"article","og_title":"Reduce delincuencia Cuautitl\u00e1n Izcalli, bajan el 23% los delitos de alto impacto - Agencia252","og_description":"Visitas: 22 Juan Ignacio Corro&nbsp; Cuautitl\u00e1n Izcall, a 28 de abril de 2026 Entre marzo del 2025 y marzo del 2026, la comisi\u00f3n de delitos de alto impacto en Cuautitl\u00e1n Izcalli arroja una disminuci\u00f3n del 23%, de acuerdo a cifras oficiales del Secretariado Ejecutivo del Sistema Nacional de Seguridad P\u00fablica, inform\u00f3 el presidente municipal Daniel [&hellip;]","og_url":"https:\/\/agencia.252.com.mx\/home\/reduce-delincuencia-cuautitlan-izcalli-bajan-el-23-los-delitos-de-alto-impacto\/","og_site_name":"Agencia252","article_publisher":"https:\/\/www.facebook.com\/252Comunicacion\/","article_author":"https:\/\/www.facebook.com\/jcorroherrera\/","article_published_time":"2026-04-28T20:01:38+00:00","article_modified_time":"2026-04-28T20:05:03+00:00","og_image":[{"width":1600,"height":1200,"url":"http:\/\/agencia.252.com.mx\/wp-content\/uploads\/2026\/04\/WhatsApp-Image-2026-04-28-at-1.59.39-PM.jpeg","type":"image\/jpeg"}],"author":"Nacho Corro","twitter_card":"summary_large_image","twitter_creator":"@Juan Ignacio Corro Herrera","twitter_site":"@252COMS","twitter_misc":{"Escrito por":"Nacho Corro","Tiempo de lectura":"2 minutos"},"schema":{"@context":"https:\/\/schema.org","@graph":[{"@type":"Article","@id":"https:\/\/agencia.252.com.mx\/home\/reduce-delincuencia-cuautitlan-izcalli-bajan-el-23-los-delitos-de-alto-impacto\/#article","isPartOf":{"@id":"https:\/\/agencia.252.com.mx\/home\/reduce-delincuencia-cuautitlan-izcalli-bajan-el-23-los-delitos-de-alto-impacto\/"},"author":{"name":"Nacho Corro","@id":"https:\/\/agencia.252.com.mx\/home\/#\/schema\/person\/6b972021e9a92d45ade8c78d81509098"},"headline":"Reduce delincuencia Cuautitl\u00e1n Izcalli, bajan el 23% los delitos de alto impacto","datePublished":"2026-04-28T20:01:38+00:00","dateModified":"2026-04-28T20:05:03+00:00","mainEntityOfPage":{"@id":"https:\/\/agencia.252.com.mx\/home\/reduce-delincuencia-cuautitlan-izcalli-bajan-el-23-los-delitos-de-alto-impacto\/"},"wordCount":322,"commentCount":0,"publisher":{"@id":"https:\/\/agencia.252.com.mx\/home\/#organization"},"image":{"@id":"https:\/\/agencia.252.com.mx\/home\/reduce-delincuencia-cuautitlan-izcalli-bajan-el-23-los-delitos-de-alto-impacto\/#primaryimage"},"thumbnailUrl":"https:\/\/agencia.252.com.mx\/wp-content\/uploads\/2026\/04\/WhatsApp-Image-2026-04-28-at-1.59.39-PM.jpeg","keywords":["Edomex"],"articleSection":["Cuautitl\u00e1n Izcalli","Edomex","Seguridad"],"inLanguage":"es","potentialAction":[{"@type":"CommentAction","name":"Comment","target":["https:\/\/agencia.252.com.mx\/home\/reduce-delincuencia-cuautitlan-izcalli-bajan-el-23-los-delitos-de-alto-impacto\/#respond"]}]},{"@type":"WebPage","@id":"https:\/\/agencia.252.com.mx\/home\/reduce-delincuencia-cuautitlan-izcalli-bajan-el-23-los-delitos-de-alto-impacto\/","url":"https:\/\/agencia.252.com.mx\/home\/reduce-delincuencia-cuautitlan-izcalli-bajan-el-23-los-delitos-de-alto-impacto\/","name":"Reduce delincuencia Cuautitl\u00e1n Izcalli, bajan el 23% los delitos de alto impacto - Agencia252","isPartOf":{"@id":"https:\/\/agencia.252.com.mx\/home\/#website"},"primaryImageOfPage":{"@id":"https:\/\/agencia.252.com.mx\/home\/reduce-delincuencia-cuautitlan-izcalli-bajan-el-23-los-delitos-de-alto-impacto\/#primaryimage"},"image":{"@id":"https:\/\/agencia.252.com.mx\/home\/reduce-delincuencia-cuautitlan-izcalli-bajan-el-23-los-delitos-de-alto-impacto\/#primaryimage"},"thumbnailUrl":"https:\/\/agencia.252.com.mx\/wp-content\/uploads\/2026\/04\/WhatsApp-Image-2026-04-28-at-1.59.39-PM.jpeg","datePublished":"2026-04-28T20:01:38+00:00","dateModified":"2026-04-28T20:05:03+00:00","breadcrumb":{"@id":"https:\/\/agencia.252.com.mx\/home\/reduce-delincuencia-cuautitlan-izcalli-bajan-el-23-los-delitos-de-alto-impacto\/#breadcrumb"},"inLanguage":"es","potentialAction":[{"@type":"ReadAction","target":["https:\/\/agencia.252.com.mx\/home\/reduce-delincuencia-cuautitlan-izcalli-bajan-el-23-los-delitos-de-alto-impacto\/"]}]},{"@type":"ImageObject","inLanguage":"es","@id":"https:\/\/agencia.252.com.mx\/home\/reduce-delincuencia-cuautitlan-izcalli-bajan-el-23-los-delitos-de-alto-impacto\/#primaryimage","url":"https:\/\/agencia.252.com.mx\/wp-content\/uploads\/2026\/04\/WhatsApp-Image-2026-04-28-at-1.59.39-PM.jpeg","contentUrl":"https:\/\/agencia.252.com.mx\/wp-content\/uploads\/2026\/04\/WhatsApp-Image-2026-04-28-at-1.59.39-PM.jpeg","width":1600,"height":1200},{"@type":"BreadcrumbList","@id":"https:\/\/agencia.252.com.mx\/home\/reduce-delincuencia-cuautitlan-izcalli-bajan-el-23-los-delitos-de-alto-impacto\/#breadcrumb","itemListElement":[{"@type":"ListItem","position":1,"name":"Portada","item":"https:\/\/agencia.252.com.mx\/home\/"},{"@type":"ListItem","position":2,"name":"Reduce delincuencia Cuautitl\u00e1n Izcalli, bajan el 23% los delitos de alto impacto"}]},{"@type":"WebSite","@id":"https:\/\/agencia.252.com.mx\/home\/#website","url":"https:\/\/agencia.252.com.mx\/home\/","name":"Agencia252","description":"Tu espacio en la Red","publisher":{"@id":"https:\/\/agencia.252.com.mx\/home\/#organization"},"potentialAction":[{"@type":"SearchAction","target":{"@type":"EntryPoint","urlTemplate":"https:\/\/agencia.252.com.mx\/home\/?s={search_term_string}"},"query-input":{"@type":"PropertyValueSpecification","valueRequired":true,"valueName":"search_term_string"}}],"inLanguage":"es"},{"@type":"Organization","@id":"https:\/\/agencia.252.com.mx\/home\/#organization","name":"Agencia252","url":"https:\/\/agencia.252.com.mx\/home\/","logo":{"@type":"ImageObject","inLanguage":"es","@id":"https:\/\/agencia.252.com.mx\/home\/#\/schema\/logo\/image\/","url":"https:\/\/agencia.252.com.mx\/wp-content\/uploads\/2023\/02\/cropped-ciruclo-agencia-e1677562404136.png","contentUrl":"https:\/\/agencia.252.com.mx\/wp-content\/uploads\/2023\/02\/cropped-ciruclo-agencia-e1677562404136.png","width":512,"height":512,"caption":"Agencia252"},"image":{"@id":"https:\/\/agencia.252.com.mx\/home\/#\/schema\/logo\/image\/"},"sameAs":["https:\/\/www.facebook.com\/252Comunicacion\/","https:\/\/x.com\/252COMS"]},{"@type":"Person","@id":"https:\/\/agencia.252.com.mx\/home\/#\/schema\/person\/6b972021e9a92d45ade8c78d81509098","name":"Nacho Corro","image":{"@type":"ImageObject","inLanguage":"es","@id":"https:\/\/secure.gravatar.com\/avatar\/5db6df507cfe1307e192fbb498c6b85f1cf2ffd8b4cd37141b9eea588fcbd5a4?s=96&r=g","url":"https:\/\/secure.gravatar.com\/avatar\/5db6df507cfe1307e192fbb498c6b85f1cf2ffd8b4cd37141b9eea588fcbd5a4?s=96&r=g","contentUrl":"https:\/\/secure.gravatar.com\/avatar\/5db6df507cfe1307e192fbb498c6b85f1cf2ffd8b4cd37141b9eea588fcbd5a4?s=96&r=g","caption":"Nacho Corro"},"description":"Comunicador Social, Periodista y Administraci\u00f3n P\u00fablica. Conversador pol\u00edtico, temas electorales y seguridad. Generador de contenidos digitales. Amante de la fotograf\u00eda","sameAs":["https:\/\/www.facebook.com\/jcorroherrera\/","www.instagram.com\/nachocorro\/","https:\/\/x.com\/Juan Ignacio Corro Herrera"],"url":"https:\/\/agencia.252.com.mx\/home\/author\/i-corro\/"}]}},"_links":{"self":[{"href":"https:\/\/agencia.252.com.mx\/home\/wp-json\/wp\/v2\/posts\/18811","targetHints":{"allow":["GET"]}}],"collection":[{"href":"https:\/\/agencia.252.com.mx\/home\/wp-json\/wp\/v2\/posts"}],"about":[{"href":"https:\/\/agencia.252.com.mx\/home\/wp-json\/wp\/v2\/types\/post"}],"author":[{"embeddable":true,"href":"https:\/\/agencia.252.com.mx\/home\/wp-json\/wp\/v2\/users\/5"}],"replies":[{"embeddable":true,"href":"https:\/\/agencia.252.com.mx\/home\/wp-json\/wp\/v2\/comments?post=18811"}],"version-history":[{"count":2,"href":"https:\/\/agencia.252.com.mx\/home\/wp-json\/wp\/v2\/posts\/18811\/revisions"}],"predecessor-version":[{"id":18815,"href":"https:\/\/agencia.252.com.mx\/home\/wp-json\/wp\/v2\/posts\/18811\/revisions\/18815"}],"wp:featuredmedia":[{"embeddable":true,"href":"https:\/\/agencia.252.com.mx\/home\/wp-json\/wp\/v2\/media\/18812"}],"wp:attachment":[{"href":"https:\/\/agencia.252.com.mx\/home\/wp-json\/wp\/v2\/media?parent=18811"}],"wp:term":[{"taxonomy":"category","embeddable":true,"href":"https:\/\/agencia.252.com.mx\/home\/wp-json\/wp\/v2\/categories?post=18811"},{"taxonomy":"post_tag","embeddable":true,"href":"https:\/\/agencia.252.com.mx\/home\/wp-json\/wp\/v2\/tags?post=18811"}],"curies":[{"name":"wp","href":"https:\/\/api.w.org\/{rel}","templated":true}]}}