{"id":18806,"date":"2026-04-28T07:44:21","date_gmt":"2026-04-28T13:44:21","guid":{"rendered":"https:\/\/agencia.252.com.mx\/home\/?p=18806"},"modified":"2026-04-28T07:44:22","modified_gmt":"2026-04-28T13:44:22","slug":"ejercito-fuerza-aerea-y-guardia-nacional-detienen-a-cesar-n-a-guero-conta-operador-financiero-de-a-jardinero","status":"publish","type":"post","link":"https:\/\/agencia.252.com.mx\/home\/ejercito-fuerza-aerea-y-guardia-nacional-detienen-a-cesar-n-a-guero-conta-operador-financiero-de-a-jardinero\/","title":{"rendered":"Ej\u00e9rcito, Fuerza A\u00e9rea y Guardia Nacional detienen a C\u00e9sar \u201cN\u201d (a) \u201cG\u00fcero Conta\u201d, operador financiero de (a) \u201cJardinero\u201d"},"content":{"rendered":"<p>Visitas: 3<\/p>\n<p>Juan Ignacio Corro&nbsp;<\/p>\n\n\n\n<p class=\"has-text-align-right\">Ciudad de M\u00e9xico, a 28 de abril de 2026<\/p>\n\n\n\n<p>En seguimiento a la captura y posterior deceso de Rub\u00e9n \u201cN\u201d (a) \u201cMencho\u201d, con trabajos de inteligencia de \u00f3rganos propios de informaci\u00f3n de la Secretar\u00eda de la Defensa Nacional, elementos del Cuerpo de Fuerzas Especiales del Ej\u00e9rcito Mexicano y de la Fuerza Especial de Reacci\u00f3n e Intervenci\u00f3n de la Guardia Nacional, durante una operaci\u00f3n de precisi\u00f3n en Zapopan, Jalisco, lograron la detenci\u00f3n sin oponer resistencia, de C\u00e9sar \u201cN\u201d (a) \u201cG\u00fcero Conta\u201d.<\/p>\n\n\n\n<p>C\u00e9sar \u201cN\u201d, era el primer hombre de confianza de Aud\u00edas \u201cN\u201d (a) \u201cJardinero\u201d, Jefe Regional del \u201cCJNG\u201d y se desempe\u00f1aba como el principal operador financiero de esta organizaci\u00f3n, mediante actividades de lavado de dinero para la adquisici\u00f3n de armamento, aeronaves, embarcaciones y propiedades.&nbsp;<\/p>\n\n\n\n<p>Cabe mencionar que estos medios de transporte a\u00e9reos y mar\u00edtimos, son empleados por el \u201cCJNG\u201d, para el trasiego de droga de Sudam\u00e9rica a los Estados Unidos de Am\u00e9rica. &nbsp;&nbsp;&nbsp;<\/p>\n\n\n\n<p>Para su aprehensi\u00f3n se utiliz\u00f3 a la Fuerza Especial Conjunta, conformada con integrantes del Cuerpo de Fuerzas Especiales del Ej\u00e9rcito, de la Fuerza Especial de Reacci\u00f3n e Intervenci\u00f3n de la Guardia Nacional y de la Fuerza A\u00e9rea, con el empleo de sistemas de aeronaves pilotadas a distancia y helic\u00f3pteros UH-60 en funciones de apoyo a\u00e9reo cercano.<\/p>\n\n\n\n<p>Al detenido se le asegur\u00f3 droga, armamento y un veh\u00edculo, siendo puesto a disposici\u00f3n de la Fiscal\u00eda General de la Rep\u00fablica (FEMDO), con sede en la ciudad de Guadalajara, Jalisco.<\/p>\n","protected":false},"excerpt":{"rendered":"<p>Visitas: 3 Juan Ignacio Corro&nbsp; Ciudad de M\u00e9xico, a 28 de abril de 2026 En seguimiento a la captura y posterior deceso de Rub\u00e9n \u201cN\u201d (a) \u201cMencho\u201d, con trabajos de inteligencia de \u00f3rganos propios de informaci\u00f3n de la Secretar\u00eda de la Defensa Nacional, elementos del Cuerpo de Fuerzas Especiales del Ej\u00e9rcito Mexicano y de la [&hellip;]<\/p>\n","protected":false},"author":5,"featured_media":18807,"comment_status":"open","ping_status":"open","sticky":false,"template":"","format":"standard","meta":{"site-sidebar-layout":"default","site-content-layout":"","ast-site-content-layout":"default","site-content-style":"default","site-sidebar-style":"default","ast-global-header-display":"","ast-banner-title-visibility":"","ast-main-header-display":"","ast-hfb-above-header-display":"","ast-hfb-below-header-display":"","ast-hfb-mobile-header-display":"","site-post-title":"","ast-breadcrumbs-content":"","ast-featured-img":"","footer-sml-layout":"","ast-disable-related-posts":"","theme-transparent-header-meta":"","adv-header-id-meta":"","stick-header-meta":"","header-above-stick-meta":"","header-main-stick-meta":"","header-below-stick-meta":"","astra-migrate-meta-layouts":"set","ast-page-background-enabled":"default","ast-page-background-meta":{"desktop":{"background-color":"var(--ast-global-color-4)","background-image":"","background-repeat":"repeat","background-position":"center center","background-size":"auto","background-attachment":"scroll","background-type":"","background-media":"","overlay-type":"","overlay-color":"","overlay-opacity":"","overlay-gradient":""},"tablet":{"background-color":"","background-image":"","background-repeat":"repeat","background-position":"center center","background-size":"auto","background-attachment":"scroll","background-type":"","background-media":"","overlay-type":"","overlay-color":"","overlay-opacity":"","overlay-gradient":""},"mobile":{"background-color":"","background-image":"","background-repeat":"repeat","background-position":"center center","background-size":"auto","background-attachment":"scroll","background-type":"","background-media":"","overlay-type":"","overlay-color":"","overlay-opacity":"","overlay-gradient":""}},"ast-content-background-meta":{"desktop":{"background-color":"var(--ast-global-color-5)","background-image":"","background-repeat":"repeat","background-position":"center center","background-size":"auto","background-attachment":"scroll","background-type":"","background-media":"","overlay-type":"","overlay-color":"","overlay-opacity":"","overlay-gradient":""},"tablet":{"background-color":"var(--ast-global-color-5)","background-image":"","background-repeat":"repeat","background-position":"center center","background-size":"auto","background-attachment":"scroll","background-type":"","background-media":"","overlay-type":"","overlay-color":"","overlay-opacity":"","overlay-gradient":""},"mobile":{"background-color":"var(--ast-global-color-5)","background-image":"","background-repeat":"repeat","background-position":"center center","background-size":"auto","background-attachment":"scroll","background-type":"","background-media":"","overlay-type":"","overlay-color":"","overlay-opacity":"","overlay-gradient":""}},"footnotes":""},"categories":[69,265,68],"tags":[535],"class_list":["post-18806","post","type-post","status-publish","format-standard","has-post-thumbnail","hentry","category-cdmx","category-delincuencia","category-seguridad","tag-cdmx"],"yoast_head":"<!-- This site is optimized with the Yoast SEO plugin v27.4 - https:\/\/yoast.com\/product\/yoast-seo-wordpress\/ -->\n<title>Ej\u00e9rcito, Fuerza A\u00e9rea y Guardia Nacional detienen a C\u00e9sar \u201cN\u201d (a) \u201cG\u00fcero Conta\u201d, operador financiero de (a) \u201cJardinero\u201d - Agencia252<\/title>\n<meta name=\"robots\" content=\"index, follow, max-snippet:-1, max-image-preview:large, max-video-preview:-1\" \/>\n<link rel=\"canonical\" href=\"https:\/\/agencia.252.com.mx\/home\/ejercito-fuerza-aerea-y-guardia-nacional-detienen-a-cesar-n-a-guero-conta-operador-financiero-de-a-jardinero\/\" \/>\n<meta property=\"og:locale\" content=\"es_ES\" \/>\n<meta property=\"og:type\" content=\"article\" \/>\n<meta property=\"og:title\" content=\"Ej\u00e9rcito, Fuerza A\u00e9rea y Guardia Nacional detienen a C\u00e9sar \u201cN\u201d (a) \u201cG\u00fcero Conta\u201d, operador financiero de (a) \u201cJardinero\u201d - Agencia252\" \/>\n<meta property=\"og:description\" content=\"Visitas: 3 Juan Ignacio Corro&nbsp; Ciudad de M\u00e9xico, a 28 de abril de 2026 En seguimiento a la captura y posterior deceso de Rub\u00e9n \u201cN\u201d (a) \u201cMencho\u201d, con trabajos de inteligencia de \u00f3rganos propios de informaci\u00f3n de la Secretar\u00eda de la Defensa Nacional, elementos del Cuerpo de Fuerzas Especiales del Ej\u00e9rcito Mexicano y de la [&hellip;]\" \/>\n<meta property=\"og:url\" content=\"https:\/\/agencia.252.com.mx\/home\/ejercito-fuerza-aerea-y-guardia-nacional-detienen-a-cesar-n-a-guero-conta-operador-financiero-de-a-jardinero\/\" \/>\n<meta property=\"og:site_name\" content=\"Agencia252\" \/>\n<meta property=\"article:publisher\" content=\"https:\/\/www.facebook.com\/252Comunicacion\/\" \/>\n<meta property=\"article:author\" content=\"https:\/\/www.facebook.com\/jcorroherrera\/\" \/>\n<meta property=\"article:published_time\" content=\"2026-04-28T13:44:21+00:00\" \/>\n<meta property=\"article:modified_time\" content=\"2026-04-28T13:44:22+00:00\" \/>\n<meta property=\"og:image\" content=\"http:\/\/agencia.252.com.mx\/wp-content\/uploads\/2026\/04\/cae-el-guero-conta-vinculado-a-estructura-financiera-del-cjng.jpeg\" \/>\n\t<meta property=\"og:image:width\" content=\"1200\" \/>\n\t<meta property=\"og:image:height\" content=\"740\" \/>\n\t<meta property=\"og:image:type\" content=\"image\/jpeg\" \/>\n<meta name=\"author\" content=\"Nacho Corro\" \/>\n<meta name=\"twitter:card\" content=\"summary_large_image\" \/>\n<meta name=\"twitter:creator\" content=\"@Juan Ignacio Corro Herrera\" \/>\n<meta name=\"twitter:site\" content=\"@252COMS\" \/>\n<meta name=\"twitter:label1\" content=\"Escrito por\" \/>\n\t<meta name=\"twitter:data1\" content=\"Nacho Corro\" \/>\n\t<meta name=\"twitter:label2\" content=\"Tiempo de lectura\" \/>\n\t<meta name=\"twitter:data2\" content=\"2 minutos\" \/>\n<script type=\"application\/ld+json\" class=\"yoast-schema-graph\">{\"@context\":\"https:\\\/\\\/schema.org\",\"@graph\":[{\"@type\":\"Article\",\"@id\":\"https:\\\/\\\/agencia.252.com.mx\\\/home\\\/ejercito-fuerza-aerea-y-guardia-nacional-detienen-a-cesar-n-a-guero-conta-operador-financiero-de-a-jardinero\\\/#article\",\"isPartOf\":{\"@id\":\"https:\\\/\\\/agencia.252.com.mx\\\/home\\\/ejercito-fuerza-aerea-y-guardia-nacional-detienen-a-cesar-n-a-guero-conta-operador-financiero-de-a-jardinero\\\/\"},\"author\":{\"name\":\"Nacho Corro\",\"@id\":\"https:\\\/\\\/agencia.252.com.mx\\\/home\\\/#\\\/schema\\\/person\\\/6b972021e9a92d45ade8c78d81509098\"},\"headline\":\"Ej\u00e9rcito, Fuerza A\u00e9rea y Guardia Nacional detienen a C\u00e9sar \u201cN\u201d (a) \u201cG\u00fcero Conta\u201d, operador financiero de (a) \u201cJardinero\u201d\",\"datePublished\":\"2026-04-28T13:44:21+00:00\",\"dateModified\":\"2026-04-28T13:44:22+00:00\",\"mainEntityOfPage\":{\"@id\":\"https:\\\/\\\/agencia.252.com.mx\\\/home\\\/ejercito-fuerza-aerea-y-guardia-nacional-detienen-a-cesar-n-a-guero-conta-operador-financiero-de-a-jardinero\\\/\"},\"wordCount\":297,\"commentCount\":0,\"publisher\":{\"@id\":\"https:\\\/\\\/agencia.252.com.mx\\\/home\\\/#organization\"},\"image\":{\"@id\":\"https:\\\/\\\/agencia.252.com.mx\\\/home\\\/ejercito-fuerza-aerea-y-guardia-nacional-detienen-a-cesar-n-a-guero-conta-operador-financiero-de-a-jardinero\\\/#primaryimage\"},\"thumbnailUrl\":\"https:\\\/\\\/agencia.252.com.mx\\\/wp-content\\\/uploads\\\/2026\\\/04\\\/cae-el-guero-conta-vinculado-a-estructura-financiera-del-cjng.jpeg\",\"keywords\":[\"CDMX\"],\"articleSection\":[\"CDMX\",\"Delincuencia\",\"Seguridad\"],\"inLanguage\":\"es\",\"potentialAction\":[{\"@type\":\"CommentAction\",\"name\":\"Comment\",\"target\":[\"https:\\\/\\\/agencia.252.com.mx\\\/home\\\/ejercito-fuerza-aerea-y-guardia-nacional-detienen-a-cesar-n-a-guero-conta-operador-financiero-de-a-jardinero\\\/#respond\"]}]},{\"@type\":\"WebPage\",\"@id\":\"https:\\\/\\\/agencia.252.com.mx\\\/home\\\/ejercito-fuerza-aerea-y-guardia-nacional-detienen-a-cesar-n-a-guero-conta-operador-financiero-de-a-jardinero\\\/\",\"url\":\"https:\\\/\\\/agencia.252.com.mx\\\/home\\\/ejercito-fuerza-aerea-y-guardia-nacional-detienen-a-cesar-n-a-guero-conta-operador-financiero-de-a-jardinero\\\/\",\"name\":\"Ej\u00e9rcito, Fuerza A\u00e9rea y Guardia Nacional detienen a C\u00e9sar \u201cN\u201d (a) \u201cG\u00fcero Conta\u201d, operador financiero de (a) \u201cJardinero\u201d - Agencia252\",\"isPartOf\":{\"@id\":\"https:\\\/\\\/agencia.252.com.mx\\\/home\\\/#website\"},\"primaryImageOfPage\":{\"@id\":\"https:\\\/\\\/agencia.252.com.mx\\\/home\\\/ejercito-fuerza-aerea-y-guardia-nacional-detienen-a-cesar-n-a-guero-conta-operador-financiero-de-a-jardinero\\\/#primaryimage\"},\"image\":{\"@id\":\"https:\\\/\\\/agencia.252.com.mx\\\/home\\\/ejercito-fuerza-aerea-y-guardia-nacional-detienen-a-cesar-n-a-guero-conta-operador-financiero-de-a-jardinero\\\/#primaryimage\"},\"thumbnailUrl\":\"https:\\\/\\\/agencia.252.com.mx\\\/wp-content\\\/uploads\\\/2026\\\/04\\\/cae-el-guero-conta-vinculado-a-estructura-financiera-del-cjng.jpeg\",\"datePublished\":\"2026-04-28T13:44:21+00:00\",\"dateModified\":\"2026-04-28T13:44:22+00:00\",\"breadcrumb\":{\"@id\":\"https:\\\/\\\/agencia.252.com.mx\\\/home\\\/ejercito-fuerza-aerea-y-guardia-nacional-detienen-a-cesar-n-a-guero-conta-operador-financiero-de-a-jardinero\\\/#breadcrumb\"},\"inLanguage\":\"es\",\"potentialAction\":[{\"@type\":\"ReadAction\",\"target\":[\"https:\\\/\\\/agencia.252.com.mx\\\/home\\\/ejercito-fuerza-aerea-y-guardia-nacional-detienen-a-cesar-n-a-guero-conta-operador-financiero-de-a-jardinero\\\/\"]}]},{\"@type\":\"ImageObject\",\"inLanguage\":\"es\",\"@id\":\"https:\\\/\\\/agencia.252.com.mx\\\/home\\\/ejercito-fuerza-aerea-y-guardia-nacional-detienen-a-cesar-n-a-guero-conta-operador-financiero-de-a-jardinero\\\/#primaryimage\",\"url\":\"https:\\\/\\\/agencia.252.com.mx\\\/wp-content\\\/uploads\\\/2026\\\/04\\\/cae-el-guero-conta-vinculado-a-estructura-financiera-del-cjng.jpeg\",\"contentUrl\":\"https:\\\/\\\/agencia.252.com.mx\\\/wp-content\\\/uploads\\\/2026\\\/04\\\/cae-el-guero-conta-vinculado-a-estructura-financiera-del-cjng.jpeg\",\"width\":1200,\"height\":740},{\"@type\":\"BreadcrumbList\",\"@id\":\"https:\\\/\\\/agencia.252.com.mx\\\/home\\\/ejercito-fuerza-aerea-y-guardia-nacional-detienen-a-cesar-n-a-guero-conta-operador-financiero-de-a-jardinero\\\/#breadcrumb\",\"itemListElement\":[{\"@type\":\"ListItem\",\"position\":1,\"name\":\"Portada\",\"item\":\"https:\\\/\\\/agencia.252.com.mx\\\/home\\\/\"},{\"@type\":\"ListItem\",\"position\":2,\"name\":\"Ej\u00e9rcito, Fuerza A\u00e9rea y Guardia Nacional detienen a C\u00e9sar \u201cN\u201d (a) \u201cG\u00fcero Conta\u201d, operador financiero de (a) \u201cJardinero\u201d\"}]},{\"@type\":\"WebSite\",\"@id\":\"https:\\\/\\\/agencia.252.com.mx\\\/home\\\/#website\",\"url\":\"https:\\\/\\\/agencia.252.com.mx\\\/home\\\/\",\"name\":\"Agencia252\",\"description\":\"Tu espacio en la Red\",\"publisher\":{\"@id\":\"https:\\\/\\\/agencia.252.com.mx\\\/home\\\/#organization\"},\"potentialAction\":[{\"@type\":\"SearchAction\",\"target\":{\"@type\":\"EntryPoint\",\"urlTemplate\":\"https:\\\/\\\/agencia.252.com.mx\\\/home\\\/?s={search_term_string}\"},\"query-input\":{\"@type\":\"PropertyValueSpecification\",\"valueRequired\":true,\"valueName\":\"search_term_string\"}}],\"inLanguage\":\"es\"},{\"@type\":\"Organization\",\"@id\":\"https:\\\/\\\/agencia.252.com.mx\\\/home\\\/#organization\",\"name\":\"Agencia252\",\"url\":\"https:\\\/\\\/agencia.252.com.mx\\\/home\\\/\",\"logo\":{\"@type\":\"ImageObject\",\"inLanguage\":\"es\",\"@id\":\"https:\\\/\\\/agencia.252.com.mx\\\/home\\\/#\\\/schema\\\/logo\\\/image\\\/\",\"url\":\"https:\\\/\\\/agencia.252.com.mx\\\/wp-content\\\/uploads\\\/2023\\\/02\\\/cropped-ciruclo-agencia-e1677562404136.png\",\"contentUrl\":\"https:\\\/\\\/agencia.252.com.mx\\\/wp-content\\\/uploads\\\/2023\\\/02\\\/cropped-ciruclo-agencia-e1677562404136.png\",\"width\":512,\"height\":512,\"caption\":\"Agencia252\"},\"image\":{\"@id\":\"https:\\\/\\\/agencia.252.com.mx\\\/home\\\/#\\\/schema\\\/logo\\\/image\\\/\"},\"sameAs\":[\"https:\\\/\\\/www.facebook.com\\\/252Comunicacion\\\/\",\"https:\\\/\\\/x.com\\\/252COMS\"]},{\"@type\":\"Person\",\"@id\":\"https:\\\/\\\/agencia.252.com.mx\\\/home\\\/#\\\/schema\\\/person\\\/6b972021e9a92d45ade8c78d81509098\",\"name\":\"Nacho Corro\",\"image\":{\"@type\":\"ImageObject\",\"inLanguage\":\"es\",\"@id\":\"https:\\\/\\\/secure.gravatar.com\\\/avatar\\\/5db6df507cfe1307e192fbb498c6b85f1cf2ffd8b4cd37141b9eea588fcbd5a4?s=96&r=g\",\"url\":\"https:\\\/\\\/secure.gravatar.com\\\/avatar\\\/5db6df507cfe1307e192fbb498c6b85f1cf2ffd8b4cd37141b9eea588fcbd5a4?s=96&r=g\",\"contentUrl\":\"https:\\\/\\\/secure.gravatar.com\\\/avatar\\\/5db6df507cfe1307e192fbb498c6b85f1cf2ffd8b4cd37141b9eea588fcbd5a4?s=96&r=g\",\"caption\":\"Nacho Corro\"},\"description\":\"Comunicador Social, Periodista y Administraci\u00f3n P\u00fablica. Conversador pol\u00edtico, temas electorales y seguridad. Generador de contenidos digitales. Amante de la fotograf\u00eda\",\"sameAs\":[\"https:\\\/\\\/www.facebook.com\\\/jcorroherrera\\\/\",\"www.instagram.com\\\/nachocorro\\\/\",\"https:\\\/\\\/x.com\\\/Juan Ignacio Corro Herrera\"],\"url\":\"https:\\\/\\\/agencia.252.com.mx\\\/home\\\/author\\\/i-corro\\\/\"}]}<\/script>\n<!-- \/ Yoast SEO plugin. -->","yoast_head_json":{"title":"Ej\u00e9rcito, Fuerza A\u00e9rea y Guardia Nacional detienen a C\u00e9sar \u201cN\u201d (a) \u201cG\u00fcero Conta\u201d, operador financiero de (a) \u201cJardinero\u201d - Agencia252","robots":{"index":"index","follow":"follow","max-snippet":"max-snippet:-1","max-image-preview":"max-image-preview:large","max-video-preview":"max-video-preview:-1"},"canonical":"https:\/\/agencia.252.com.mx\/home\/ejercito-fuerza-aerea-y-guardia-nacional-detienen-a-cesar-n-a-guero-conta-operador-financiero-de-a-jardinero\/","og_locale":"es_ES","og_type":"article","og_title":"Ej\u00e9rcito, Fuerza A\u00e9rea y Guardia Nacional detienen a C\u00e9sar \u201cN\u201d (a) \u201cG\u00fcero Conta\u201d, operador financiero de (a) \u201cJardinero\u201d - Agencia252","og_description":"Visitas: 3 Juan Ignacio Corro&nbsp; Ciudad de M\u00e9xico, a 28 de abril de 2026 En seguimiento a la captura y posterior deceso de Rub\u00e9n \u201cN\u201d (a) \u201cMencho\u201d, con trabajos de inteligencia de \u00f3rganos propios de informaci\u00f3n de la Secretar\u00eda de la Defensa Nacional, elementos del Cuerpo de Fuerzas Especiales del Ej\u00e9rcito Mexicano y de la [&hellip;]","og_url":"https:\/\/agencia.252.com.mx\/home\/ejercito-fuerza-aerea-y-guardia-nacional-detienen-a-cesar-n-a-guero-conta-operador-financiero-de-a-jardinero\/","og_site_name":"Agencia252","article_publisher":"https:\/\/www.facebook.com\/252Comunicacion\/","article_author":"https:\/\/www.facebook.com\/jcorroherrera\/","article_published_time":"2026-04-28T13:44:21+00:00","article_modified_time":"2026-04-28T13:44:22+00:00","og_image":[{"width":1200,"height":740,"url":"http:\/\/agencia.252.com.mx\/wp-content\/uploads\/2026\/04\/cae-el-guero-conta-vinculado-a-estructura-financiera-del-cjng.jpeg","type":"image\/jpeg"}],"author":"Nacho Corro","twitter_card":"summary_large_image","twitter_creator":"@Juan Ignacio Corro Herrera","twitter_site":"@252COMS","twitter_misc":{"Escrito por":"Nacho Corro","Tiempo de lectura":"2 minutos"},"schema":{"@context":"https:\/\/schema.org","@graph":[{"@type":"Article","@id":"https:\/\/agencia.252.com.mx\/home\/ejercito-fuerza-aerea-y-guardia-nacional-detienen-a-cesar-n-a-guero-conta-operador-financiero-de-a-jardinero\/#article","isPartOf":{"@id":"https:\/\/agencia.252.com.mx\/home\/ejercito-fuerza-aerea-y-guardia-nacional-detienen-a-cesar-n-a-guero-conta-operador-financiero-de-a-jardinero\/"},"author":{"name":"Nacho Corro","@id":"https:\/\/agencia.252.com.mx\/home\/#\/schema\/person\/6b972021e9a92d45ade8c78d81509098"},"headline":"Ej\u00e9rcito, Fuerza A\u00e9rea y Guardia Nacional detienen a C\u00e9sar \u201cN\u201d (a) \u201cG\u00fcero Conta\u201d, operador financiero de (a) \u201cJardinero\u201d","datePublished":"2026-04-28T13:44:21+00:00","dateModified":"2026-04-28T13:44:22+00:00","mainEntityOfPage":{"@id":"https:\/\/agencia.252.com.mx\/home\/ejercito-fuerza-aerea-y-guardia-nacional-detienen-a-cesar-n-a-guero-conta-operador-financiero-de-a-jardinero\/"},"wordCount":297,"commentCount":0,"publisher":{"@id":"https:\/\/agencia.252.com.mx\/home\/#organization"},"image":{"@id":"https:\/\/agencia.252.com.mx\/home\/ejercito-fuerza-aerea-y-guardia-nacional-detienen-a-cesar-n-a-guero-conta-operador-financiero-de-a-jardinero\/#primaryimage"},"thumbnailUrl":"https:\/\/agencia.252.com.mx\/wp-content\/uploads\/2026\/04\/cae-el-guero-conta-vinculado-a-estructura-financiera-del-cjng.jpeg","keywords":["CDMX"],"articleSection":["CDMX","Delincuencia","Seguridad"],"inLanguage":"es","potentialAction":[{"@type":"CommentAction","name":"Comment","target":["https:\/\/agencia.252.com.mx\/home\/ejercito-fuerza-aerea-y-guardia-nacional-detienen-a-cesar-n-a-guero-conta-operador-financiero-de-a-jardinero\/#respond"]}]},{"@type":"WebPage","@id":"https:\/\/agencia.252.com.mx\/home\/ejercito-fuerza-aerea-y-guardia-nacional-detienen-a-cesar-n-a-guero-conta-operador-financiero-de-a-jardinero\/","url":"https:\/\/agencia.252.com.mx\/home\/ejercito-fuerza-aerea-y-guardia-nacional-detienen-a-cesar-n-a-guero-conta-operador-financiero-de-a-jardinero\/","name":"Ej\u00e9rcito, Fuerza A\u00e9rea y Guardia Nacional detienen a C\u00e9sar \u201cN\u201d (a) \u201cG\u00fcero Conta\u201d, operador financiero de (a) \u201cJardinero\u201d - Agencia252","isPartOf":{"@id":"https:\/\/agencia.252.com.mx\/home\/#website"},"primaryImageOfPage":{"@id":"https:\/\/agencia.252.com.mx\/home\/ejercito-fuerza-aerea-y-guardia-nacional-detienen-a-cesar-n-a-guero-conta-operador-financiero-de-a-jardinero\/#primaryimage"},"image":{"@id":"https:\/\/agencia.252.com.mx\/home\/ejercito-fuerza-aerea-y-guardia-nacional-detienen-a-cesar-n-a-guero-conta-operador-financiero-de-a-jardinero\/#primaryimage"},"thumbnailUrl":"https:\/\/agencia.252.com.mx\/wp-content\/uploads\/2026\/04\/cae-el-guero-conta-vinculado-a-estructura-financiera-del-cjng.jpeg","datePublished":"2026-04-28T13:44:21+00:00","dateModified":"2026-04-28T13:44:22+00:00","breadcrumb":{"@id":"https:\/\/agencia.252.com.mx\/home\/ejercito-fuerza-aerea-y-guardia-nacional-detienen-a-cesar-n-a-guero-conta-operador-financiero-de-a-jardinero\/#breadcrumb"},"inLanguage":"es","potentialAction":[{"@type":"ReadAction","target":["https:\/\/agencia.252.com.mx\/home\/ejercito-fuerza-aerea-y-guardia-nacional-detienen-a-cesar-n-a-guero-conta-operador-financiero-de-a-jardinero\/"]}]},{"@type":"ImageObject","inLanguage":"es","@id":"https:\/\/agencia.252.com.mx\/home\/ejercito-fuerza-aerea-y-guardia-nacional-detienen-a-cesar-n-a-guero-conta-operador-financiero-de-a-jardinero\/#primaryimage","url":"https:\/\/agencia.252.com.mx\/wp-content\/uploads\/2026\/04\/cae-el-guero-conta-vinculado-a-estructura-financiera-del-cjng.jpeg","contentUrl":"https:\/\/agencia.252.com.mx\/wp-content\/uploads\/2026\/04\/cae-el-guero-conta-vinculado-a-estructura-financiera-del-cjng.jpeg","width":1200,"height":740},{"@type":"BreadcrumbList","@id":"https:\/\/agencia.252.com.mx\/home\/ejercito-fuerza-aerea-y-guardia-nacional-detienen-a-cesar-n-a-guero-conta-operador-financiero-de-a-jardinero\/#breadcrumb","itemListElement":[{"@type":"ListItem","position":1,"name":"Portada","item":"https:\/\/agencia.252.com.mx\/home\/"},{"@type":"ListItem","position":2,"name":"Ej\u00e9rcito, Fuerza A\u00e9rea y Guardia Nacional detienen a C\u00e9sar \u201cN\u201d (a) \u201cG\u00fcero Conta\u201d, operador financiero de (a) \u201cJardinero\u201d"}]},{"@type":"WebSite","@id":"https:\/\/agencia.252.com.mx\/home\/#website","url":"https:\/\/agencia.252.com.mx\/home\/","name":"Agencia252","description":"Tu espacio en la Red","publisher":{"@id":"https:\/\/agencia.252.com.mx\/home\/#organization"},"potentialAction":[{"@type":"SearchAction","target":{"@type":"EntryPoint","urlTemplate":"https:\/\/agencia.252.com.mx\/home\/?s={search_term_string}"},"query-input":{"@type":"PropertyValueSpecification","valueRequired":true,"valueName":"search_term_string"}}],"inLanguage":"es"},{"@type":"Organization","@id":"https:\/\/agencia.252.com.mx\/home\/#organization","name":"Agencia252","url":"https:\/\/agencia.252.com.mx\/home\/","logo":{"@type":"ImageObject","inLanguage":"es","@id":"https:\/\/agencia.252.com.mx\/home\/#\/schema\/logo\/image\/","url":"https:\/\/agencia.252.com.mx\/wp-content\/uploads\/2023\/02\/cropped-ciruclo-agencia-e1677562404136.png","contentUrl":"https:\/\/agencia.252.com.mx\/wp-content\/uploads\/2023\/02\/cropped-ciruclo-agencia-e1677562404136.png","width":512,"height":512,"caption":"Agencia252"},"image":{"@id":"https:\/\/agencia.252.com.mx\/home\/#\/schema\/logo\/image\/"},"sameAs":["https:\/\/www.facebook.com\/252Comunicacion\/","https:\/\/x.com\/252COMS"]},{"@type":"Person","@id":"https:\/\/agencia.252.com.mx\/home\/#\/schema\/person\/6b972021e9a92d45ade8c78d81509098","name":"Nacho Corro","image":{"@type":"ImageObject","inLanguage":"es","@id":"https:\/\/secure.gravatar.com\/avatar\/5db6df507cfe1307e192fbb498c6b85f1cf2ffd8b4cd37141b9eea588fcbd5a4?s=96&r=g","url":"https:\/\/secure.gravatar.com\/avatar\/5db6df507cfe1307e192fbb498c6b85f1cf2ffd8b4cd37141b9eea588fcbd5a4?s=96&r=g","contentUrl":"https:\/\/secure.gravatar.com\/avatar\/5db6df507cfe1307e192fbb498c6b85f1cf2ffd8b4cd37141b9eea588fcbd5a4?s=96&r=g","caption":"Nacho Corro"},"description":"Comunicador Social, Periodista y Administraci\u00f3n P\u00fablica. Conversador pol\u00edtico, temas electorales y seguridad. Generador de contenidos digitales. Amante de la fotograf\u00eda","sameAs":["https:\/\/www.facebook.com\/jcorroherrera\/","www.instagram.com\/nachocorro\/","https:\/\/x.com\/Juan Ignacio Corro Herrera"],"url":"https:\/\/agencia.252.com.mx\/home\/author\/i-corro\/"}]}},"_links":{"self":[{"href":"https:\/\/agencia.252.com.mx\/home\/wp-json\/wp\/v2\/posts\/18806","targetHints":{"allow":["GET"]}}],"collection":[{"href":"https:\/\/agencia.252.com.mx\/home\/wp-json\/wp\/v2\/posts"}],"about":[{"href":"https:\/\/agencia.252.com.mx\/home\/wp-json\/wp\/v2\/types\/post"}],"author":[{"embeddable":true,"href":"https:\/\/agencia.252.com.mx\/home\/wp-json\/wp\/v2\/users\/5"}],"replies":[{"embeddable":true,"href":"https:\/\/agencia.252.com.mx\/home\/wp-json\/wp\/v2\/comments?post=18806"}],"version-history":[{"count":1,"href":"https:\/\/agencia.252.com.mx\/home\/wp-json\/wp\/v2\/posts\/18806\/revisions"}],"predecessor-version":[{"id":18808,"href":"https:\/\/agencia.252.com.mx\/home\/wp-json\/wp\/v2\/posts\/18806\/revisions\/18808"}],"wp:featuredmedia":[{"embeddable":true,"href":"https:\/\/agencia.252.com.mx\/home\/wp-json\/wp\/v2\/media\/18807"}],"wp:attachment":[{"href":"https:\/\/agencia.252.com.mx\/home\/wp-json\/wp\/v2\/media?parent=18806"}],"wp:term":[{"taxonomy":"category","embeddable":true,"href":"https:\/\/agencia.252.com.mx\/home\/wp-json\/wp\/v2\/categories?post=18806"},{"taxonomy":"post_tag","embeddable":true,"href":"https:\/\/agencia.252.com.mx\/home\/wp-json\/wp\/v2\/tags?post=18806"}],"curies":[{"name":"wp","href":"https:\/\/api.w.org\/{rel}","templated":true}]}}