{"id":18805,"date":"2026-04-28T07:46:29","date_gmt":"2026-04-28T13:46:29","guid":{"rendered":"https:\/\/agencia.252.com.mx\/home\/?p=18805"},"modified":"2026-04-28T07:46:30","modified_gmt":"2026-04-28T13:46:30","slug":"vuelve-a-erigirse-la-oda-de-hierro-simbolo-del-esfuerzo-y-del-trabajo-en-naucalpan","status":"publish","type":"post","link":"https:\/\/agencia.252.com.mx\/home\/vuelve-a-erigirse-la-oda-de-hierro-simbolo-del-esfuerzo-y-del-trabajo-en-naucalpan\/","title":{"rendered":"Vuelve a erigirse la Oda de hierro, s\u00edmbolo del esfuerzo y del trabajo en Naucalpan"},"content":{"rendered":"<p>Visitas: 2<\/p>\n<ul class=\"wp-block-list\">\n<li><em>Este nuevo monumento representa y ensalza la fuerza de la clase trabajadora de Naucalpan representada por 8 columnas, de los 8 principales oficios de este municipio.<\/em><\/li>\n<\/ul>\n\n\n\n<p>Juan Ignacio Corro&nbsp;<\/p>\n\n\n\n<p class=\"has-text-align-right\">Naucalpan, Estado de M\u00e9xico, a 26 de abril de 2026<\/p>\n\n\n\n<p>Isaac Montoya M\u00e1rquez rescata&nbsp;&nbsp;la emblem\u00e1tica Oda de Hierro u Oda a la Industria, asentada en el coraz\u00f3n de Naucalpan, ahora es un nuevo monumento desarrollado por Alejandra \u00c1ngeles de la Cruz.<\/p>\n\n\n\n<p>Los trabajos que realiza la Direcci\u00f3n de Servicios P\u00fablicos en este espacio ubicado en el cruce de dos importantes v\u00edas, la avenida Gustavo Baz y Primero de Mayo ser\u00e1n concluidos este 30 de abril. Este nuevo monumento, representa la vocaci\u00f3n industrial y ensalza la fuerza de la clase trabajadora de Naucalpan de d\u00e9cadas pasadas representada por 8 columnas, cada una simboliza los 8 principales oficios de este municipio.<\/p>\n\n\n\n<p>Las columnas se representan sosteniendo firmemente con esfuerzo renovado la Oda a la Industria, o conocido como Monumento al Obrero y coloquialmente como el Mono de Fierro, unen finalmente el pasado hist\u00f3rico del municipio de Naucalpan con la vocaci\u00f3n industrial actual del mismo.<\/p>\n\n\n\n<p>Del mismo modo, en este nuevo monumento se reconoce la importancia de la vocaci\u00f3n industrial del municipio, pero sobre todo de la clase obrera, que son quienes sostienen en sus hombros y con su esfuerzo esta vocaci\u00f3n.<\/p>\n\n\n\n<p>Desde 1967 la Oda de Hierro creada por el escultor Eduardo Xochitiotzin rinde homenaje a los trabajadores naucalpenses y con la renovaci\u00f3n impulsada por el Alcalde Isaac Montoya, realizada por trabajadores de Servicios P\u00fablicos a trav\u00e9s del programa Huellas de la Transformaci\u00f3n, dar\u00e1 cabida en la parte inferior (coraz\u00f3n de esta construcci\u00f3n) espacios para talleres de oficios y culturales.&nbsp;<\/p>\n\n\n\n<p>La Oda a la Industria estar\u00e1 rodeado de una plaza p\u00fablica que como en los a\u00f1os dorados de este monumento ser\u00e1 punto de reuni\u00f3n y referente p\u00fablico de este municipio, contar\u00e1 con \u00e1reas verdes, bancas, luminarias nuevas para convertirse en un renovado espacio p\u00fablico, que fortalecer\u00e1 el tejido social y devolver\u00e1 el reconocimiento a los trabajadores y la industria de nuestro municipio.<\/p>\n","protected":false},"excerpt":{"rendered":"<p>Visitas: 2 Juan Ignacio Corro&nbsp; Naucalpan, Estado de M\u00e9xico, a 26 de abril de 2026 Isaac Montoya M\u00e1rquez rescata&nbsp;&nbsp;la emblem\u00e1tica Oda de Hierro u Oda a la Industria, asentada en el coraz\u00f3n de Naucalpan, ahora es un nuevo monumento desarrollado por Alejandra \u00c1ngeles de la Cruz. Los trabajos que realiza la Direcci\u00f3n de Servicios P\u00fablicos [&hellip;]<\/p>\n","protected":false},"author":5,"featured_media":18809,"comment_status":"open","ping_status":"open","sticky":false,"template":"","format":"standard","meta":{"site-sidebar-layout":"default","site-content-layout":"","ast-site-content-layout":"default","site-content-style":"default","site-sidebar-style":"default","ast-global-header-display":"","ast-banner-title-visibility":"","ast-main-header-display":"","ast-hfb-above-header-display":"","ast-hfb-below-header-display":"","ast-hfb-mobile-header-display":"","site-post-title":"","ast-breadcrumbs-content":"","ast-featured-img":"","footer-sml-layout":"","ast-disable-related-posts":"","theme-transparent-header-meta":"","adv-header-id-meta":"","stick-header-meta":"","header-above-stick-meta":"","header-main-stick-meta":"","header-below-stick-meta":"","astra-migrate-meta-layouts":"set","ast-page-background-enabled":"default","ast-page-background-meta":{"desktop":{"background-color":"var(--ast-global-color-4)","background-image":"","background-repeat":"repeat","background-position":"center center","background-size":"auto","background-attachment":"scroll","background-type":"","background-media":"","overlay-type":"","overlay-color":"","overlay-opacity":"","overlay-gradient":""},"tablet":{"background-color":"","background-image":"","background-repeat":"repeat","background-position":"center center","background-size":"auto","background-attachment":"scroll","background-type":"","background-media":"","overlay-type":"","overlay-color":"","overlay-opacity":"","overlay-gradient":""},"mobile":{"background-color":"","background-image":"","background-repeat":"repeat","background-position":"center center","background-size":"auto","background-attachment":"scroll","background-type":"","background-media":"","overlay-type":"","overlay-color":"","overlay-opacity":"","overlay-gradient":""}},"ast-content-background-meta":{"desktop":{"background-color":"var(--ast-global-color-5)","background-image":"","background-repeat":"repeat","background-position":"center center","background-size":"auto","background-attachment":"scroll","background-type":"","background-media":"","overlay-type":"","overlay-color":"","overlay-opacity":"","overlay-gradient":""},"tablet":{"background-color":"var(--ast-global-color-5)","background-image":"","background-repeat":"repeat","background-position":"center center","background-size":"auto","background-attachment":"scroll","background-type":"","background-media":"","overlay-type":"","overlay-color":"","overlay-opacity":"","overlay-gradient":""},"mobile":{"background-color":"var(--ast-global-color-5)","background-image":"","background-repeat":"repeat","background-position":"center center","background-size":"auto","background-attachment":"scroll","background-type":"","background-media":"","overlay-type":"","overlay-color":"","overlay-opacity":"","overlay-gradient":""}},"footnotes":""},"categories":[8,512,70],"tags":[526],"class_list":["post-18805","post","type-post","status-publish","format-standard","has-post-thumbnail","hentry","category-edomex","category-metropoli","category-naucalpan","tag-edomex"],"yoast_head":"<!-- This site is optimized with the Yoast SEO plugin v27.4 - https:\/\/yoast.com\/product\/yoast-seo-wordpress\/ -->\n<title>Vuelve a erigirse la Oda de hierro, s\u00edmbolo del esfuerzo y del trabajo en Naucalpan - Agencia252<\/title>\n<meta name=\"robots\" content=\"index, follow, max-snippet:-1, max-image-preview:large, max-video-preview:-1\" \/>\n<link rel=\"canonical\" href=\"https:\/\/agencia.252.com.mx\/home\/vuelve-a-erigirse-la-oda-de-hierro-simbolo-del-esfuerzo-y-del-trabajo-en-naucalpan\/\" \/>\n<meta property=\"og:locale\" content=\"es_ES\" \/>\n<meta property=\"og:type\" content=\"article\" \/>\n<meta property=\"og:title\" content=\"Vuelve a erigirse la Oda de hierro, s\u00edmbolo del esfuerzo y del trabajo en Naucalpan - Agencia252\" \/>\n<meta property=\"og:description\" content=\"Visitas: 2 Juan Ignacio Corro&nbsp; Naucalpan, Estado de M\u00e9xico, a 26 de abril de 2026 Isaac Montoya M\u00e1rquez rescata&nbsp;&nbsp;la emblem\u00e1tica Oda de Hierro u Oda a la Industria, asentada en el coraz\u00f3n de Naucalpan, ahora es un nuevo monumento desarrollado por Alejandra \u00c1ngeles de la Cruz. Los trabajos que realiza la Direcci\u00f3n de Servicios P\u00fablicos [&hellip;]\" \/>\n<meta property=\"og:url\" content=\"https:\/\/agencia.252.com.mx\/home\/vuelve-a-erigirse-la-oda-de-hierro-simbolo-del-esfuerzo-y-del-trabajo-en-naucalpan\/\" \/>\n<meta property=\"og:site_name\" content=\"Agencia252\" \/>\n<meta property=\"article:publisher\" content=\"https:\/\/www.facebook.com\/252Comunicacion\/\" \/>\n<meta property=\"article:author\" content=\"https:\/\/www.facebook.com\/jcorroherrera\/\" \/>\n<meta property=\"article:published_time\" content=\"2026-04-28T13:46:29+00:00\" \/>\n<meta property=\"article:modified_time\" content=\"2026-04-28T13:46:30+00:00\" \/>\n<meta property=\"og:image\" content=\"http:\/\/agencia.252.com.mx\/wp-content\/uploads\/2026\/04\/WhatsApp-Image-2026-04-27-at-1.55.13-PM.jpeg\" \/>\n\t<meta property=\"og:image:width\" content=\"1600\" \/>\n\t<meta property=\"og:image:height\" content=\"1068\" \/>\n\t<meta property=\"og:image:type\" content=\"image\/jpeg\" \/>\n<meta name=\"author\" content=\"Nacho Corro\" \/>\n<meta name=\"twitter:card\" content=\"summary_large_image\" \/>\n<meta name=\"twitter:creator\" content=\"@Juan Ignacio Corro Herrera\" \/>\n<meta name=\"twitter:site\" content=\"@252COMS\" \/>\n<meta name=\"twitter:label1\" content=\"Escrito por\" \/>\n\t<meta name=\"twitter:data1\" content=\"Nacho Corro\" \/>\n\t<meta name=\"twitter:label2\" content=\"Tiempo de lectura\" \/>\n\t<meta name=\"twitter:data2\" content=\"2 minutos\" \/>\n<script type=\"application\/ld+json\" class=\"yoast-schema-graph\">{\"@context\":\"https:\\\/\\\/schema.org\",\"@graph\":[{\"@type\":\"Article\",\"@id\":\"https:\\\/\\\/agencia.252.com.mx\\\/home\\\/vuelve-a-erigirse-la-oda-de-hierro-simbolo-del-esfuerzo-y-del-trabajo-en-naucalpan\\\/#article\",\"isPartOf\":{\"@id\":\"https:\\\/\\\/agencia.252.com.mx\\\/home\\\/vuelve-a-erigirse-la-oda-de-hierro-simbolo-del-esfuerzo-y-del-trabajo-en-naucalpan\\\/\"},\"author\":{\"name\":\"Nacho Corro\",\"@id\":\"https:\\\/\\\/agencia.252.com.mx\\\/home\\\/#\\\/schema\\\/person\\\/6b972021e9a92d45ade8c78d81509098\"},\"headline\":\"Vuelve a erigirse la Oda de hierro, s\u00edmbolo del esfuerzo y del trabajo en Naucalpan\",\"datePublished\":\"2026-04-28T13:46:29+00:00\",\"dateModified\":\"2026-04-28T13:46:30+00:00\",\"mainEntityOfPage\":{\"@id\":\"https:\\\/\\\/agencia.252.com.mx\\\/home\\\/vuelve-a-erigirse-la-oda-de-hierro-simbolo-del-esfuerzo-y-del-trabajo-en-naucalpan\\\/\"},\"wordCount\":377,\"commentCount\":0,\"publisher\":{\"@id\":\"https:\\\/\\\/agencia.252.com.mx\\\/home\\\/#organization\"},\"image\":{\"@id\":\"https:\\\/\\\/agencia.252.com.mx\\\/home\\\/vuelve-a-erigirse-la-oda-de-hierro-simbolo-del-esfuerzo-y-del-trabajo-en-naucalpan\\\/#primaryimage\"},\"thumbnailUrl\":\"https:\\\/\\\/agencia.252.com.mx\\\/wp-content\\\/uploads\\\/2026\\\/04\\\/WhatsApp-Image-2026-04-27-at-1.55.13-PM.jpeg\",\"keywords\":[\"Edomex\"],\"articleSection\":[\"Edomex\",\"Metropoli\",\"Naucalpan\"],\"inLanguage\":\"es\",\"potentialAction\":[{\"@type\":\"CommentAction\",\"name\":\"Comment\",\"target\":[\"https:\\\/\\\/agencia.252.com.mx\\\/home\\\/vuelve-a-erigirse-la-oda-de-hierro-simbolo-del-esfuerzo-y-del-trabajo-en-naucalpan\\\/#respond\"]}]},{\"@type\":\"WebPage\",\"@id\":\"https:\\\/\\\/agencia.252.com.mx\\\/home\\\/vuelve-a-erigirse-la-oda-de-hierro-simbolo-del-esfuerzo-y-del-trabajo-en-naucalpan\\\/\",\"url\":\"https:\\\/\\\/agencia.252.com.mx\\\/home\\\/vuelve-a-erigirse-la-oda-de-hierro-simbolo-del-esfuerzo-y-del-trabajo-en-naucalpan\\\/\",\"name\":\"Vuelve a erigirse la Oda de hierro, s\u00edmbolo del esfuerzo y del trabajo en Naucalpan - Agencia252\",\"isPartOf\":{\"@id\":\"https:\\\/\\\/agencia.252.com.mx\\\/home\\\/#website\"},\"primaryImageOfPage\":{\"@id\":\"https:\\\/\\\/agencia.252.com.mx\\\/home\\\/vuelve-a-erigirse-la-oda-de-hierro-simbolo-del-esfuerzo-y-del-trabajo-en-naucalpan\\\/#primaryimage\"},\"image\":{\"@id\":\"https:\\\/\\\/agencia.252.com.mx\\\/home\\\/vuelve-a-erigirse-la-oda-de-hierro-simbolo-del-esfuerzo-y-del-trabajo-en-naucalpan\\\/#primaryimage\"},\"thumbnailUrl\":\"https:\\\/\\\/agencia.252.com.mx\\\/wp-content\\\/uploads\\\/2026\\\/04\\\/WhatsApp-Image-2026-04-27-at-1.55.13-PM.jpeg\",\"datePublished\":\"2026-04-28T13:46:29+00:00\",\"dateModified\":\"2026-04-28T13:46:30+00:00\",\"breadcrumb\":{\"@id\":\"https:\\\/\\\/agencia.252.com.mx\\\/home\\\/vuelve-a-erigirse-la-oda-de-hierro-simbolo-del-esfuerzo-y-del-trabajo-en-naucalpan\\\/#breadcrumb\"},\"inLanguage\":\"es\",\"potentialAction\":[{\"@type\":\"ReadAction\",\"target\":[\"https:\\\/\\\/agencia.252.com.mx\\\/home\\\/vuelve-a-erigirse-la-oda-de-hierro-simbolo-del-esfuerzo-y-del-trabajo-en-naucalpan\\\/\"]}]},{\"@type\":\"ImageObject\",\"inLanguage\":\"es\",\"@id\":\"https:\\\/\\\/agencia.252.com.mx\\\/home\\\/vuelve-a-erigirse-la-oda-de-hierro-simbolo-del-esfuerzo-y-del-trabajo-en-naucalpan\\\/#primaryimage\",\"url\":\"https:\\\/\\\/agencia.252.com.mx\\\/wp-content\\\/uploads\\\/2026\\\/04\\\/WhatsApp-Image-2026-04-27-at-1.55.13-PM.jpeg\",\"contentUrl\":\"https:\\\/\\\/agencia.252.com.mx\\\/wp-content\\\/uploads\\\/2026\\\/04\\\/WhatsApp-Image-2026-04-27-at-1.55.13-PM.jpeg\",\"width\":1600,\"height\":1068},{\"@type\":\"BreadcrumbList\",\"@id\":\"https:\\\/\\\/agencia.252.com.mx\\\/home\\\/vuelve-a-erigirse-la-oda-de-hierro-simbolo-del-esfuerzo-y-del-trabajo-en-naucalpan\\\/#breadcrumb\",\"itemListElement\":[{\"@type\":\"ListItem\",\"position\":1,\"name\":\"Portada\",\"item\":\"https:\\\/\\\/agencia.252.com.mx\\\/home\\\/\"},{\"@type\":\"ListItem\",\"position\":2,\"name\":\"Vuelve a erigirse la Oda de hierro, s\u00edmbolo del esfuerzo y del trabajo en Naucalpan\"}]},{\"@type\":\"WebSite\",\"@id\":\"https:\\\/\\\/agencia.252.com.mx\\\/home\\\/#website\",\"url\":\"https:\\\/\\\/agencia.252.com.mx\\\/home\\\/\",\"name\":\"Agencia252\",\"description\":\"Tu espacio en la Red\",\"publisher\":{\"@id\":\"https:\\\/\\\/agencia.252.com.mx\\\/home\\\/#organization\"},\"potentialAction\":[{\"@type\":\"SearchAction\",\"target\":{\"@type\":\"EntryPoint\",\"urlTemplate\":\"https:\\\/\\\/agencia.252.com.mx\\\/home\\\/?s={search_term_string}\"},\"query-input\":{\"@type\":\"PropertyValueSpecification\",\"valueRequired\":true,\"valueName\":\"search_term_string\"}}],\"inLanguage\":\"es\"},{\"@type\":\"Organization\",\"@id\":\"https:\\\/\\\/agencia.252.com.mx\\\/home\\\/#organization\",\"name\":\"Agencia252\",\"url\":\"https:\\\/\\\/agencia.252.com.mx\\\/home\\\/\",\"logo\":{\"@type\":\"ImageObject\",\"inLanguage\":\"es\",\"@id\":\"https:\\\/\\\/agencia.252.com.mx\\\/home\\\/#\\\/schema\\\/logo\\\/image\\\/\",\"url\":\"https:\\\/\\\/agencia.252.com.mx\\\/wp-content\\\/uploads\\\/2023\\\/02\\\/cropped-ciruclo-agencia-e1677562404136.png\",\"contentUrl\":\"https:\\\/\\\/agencia.252.com.mx\\\/wp-content\\\/uploads\\\/2023\\\/02\\\/cropped-ciruclo-agencia-e1677562404136.png\",\"width\":512,\"height\":512,\"caption\":\"Agencia252\"},\"image\":{\"@id\":\"https:\\\/\\\/agencia.252.com.mx\\\/home\\\/#\\\/schema\\\/logo\\\/image\\\/\"},\"sameAs\":[\"https:\\\/\\\/www.facebook.com\\\/252Comunicacion\\\/\",\"https:\\\/\\\/x.com\\\/252COMS\"]},{\"@type\":\"Person\",\"@id\":\"https:\\\/\\\/agencia.252.com.mx\\\/home\\\/#\\\/schema\\\/person\\\/6b972021e9a92d45ade8c78d81509098\",\"name\":\"Nacho Corro\",\"image\":{\"@type\":\"ImageObject\",\"inLanguage\":\"es\",\"@id\":\"https:\\\/\\\/secure.gravatar.com\\\/avatar\\\/5db6df507cfe1307e192fbb498c6b85f1cf2ffd8b4cd37141b9eea588fcbd5a4?s=96&r=g\",\"url\":\"https:\\\/\\\/secure.gravatar.com\\\/avatar\\\/5db6df507cfe1307e192fbb498c6b85f1cf2ffd8b4cd37141b9eea588fcbd5a4?s=96&r=g\",\"contentUrl\":\"https:\\\/\\\/secure.gravatar.com\\\/avatar\\\/5db6df507cfe1307e192fbb498c6b85f1cf2ffd8b4cd37141b9eea588fcbd5a4?s=96&r=g\",\"caption\":\"Nacho Corro\"},\"description\":\"Comunicador Social, Periodista y Administraci\u00f3n P\u00fablica. Conversador pol\u00edtico, temas electorales y seguridad. Generador de contenidos digitales. Amante de la fotograf\u00eda\",\"sameAs\":[\"https:\\\/\\\/www.facebook.com\\\/jcorroherrera\\\/\",\"www.instagram.com\\\/nachocorro\\\/\",\"https:\\\/\\\/x.com\\\/Juan Ignacio Corro Herrera\"],\"url\":\"https:\\\/\\\/agencia.252.com.mx\\\/home\\\/author\\\/i-corro\\\/\"}]}<\/script>\n<!-- \/ Yoast SEO plugin. -->","yoast_head_json":{"title":"Vuelve a erigirse la Oda de hierro, s\u00edmbolo del esfuerzo y del trabajo en Naucalpan - Agencia252","robots":{"index":"index","follow":"follow","max-snippet":"max-snippet:-1","max-image-preview":"max-image-preview:large","max-video-preview":"max-video-preview:-1"},"canonical":"https:\/\/agencia.252.com.mx\/home\/vuelve-a-erigirse-la-oda-de-hierro-simbolo-del-esfuerzo-y-del-trabajo-en-naucalpan\/","og_locale":"es_ES","og_type":"article","og_title":"Vuelve a erigirse la Oda de hierro, s\u00edmbolo del esfuerzo y del trabajo en Naucalpan - Agencia252","og_description":"Visitas: 2 Juan Ignacio Corro&nbsp; Naucalpan, Estado de M\u00e9xico, a 26 de abril de 2026 Isaac Montoya M\u00e1rquez rescata&nbsp;&nbsp;la emblem\u00e1tica Oda de Hierro u Oda a la Industria, asentada en el coraz\u00f3n de Naucalpan, ahora es un nuevo monumento desarrollado por Alejandra \u00c1ngeles de la Cruz. Los trabajos que realiza la Direcci\u00f3n de Servicios P\u00fablicos [&hellip;]","og_url":"https:\/\/agencia.252.com.mx\/home\/vuelve-a-erigirse-la-oda-de-hierro-simbolo-del-esfuerzo-y-del-trabajo-en-naucalpan\/","og_site_name":"Agencia252","article_publisher":"https:\/\/www.facebook.com\/252Comunicacion\/","article_author":"https:\/\/www.facebook.com\/jcorroherrera\/","article_published_time":"2026-04-28T13:46:29+00:00","article_modified_time":"2026-04-28T13:46:30+00:00","og_image":[{"width":1600,"height":1068,"url":"http:\/\/agencia.252.com.mx\/wp-content\/uploads\/2026\/04\/WhatsApp-Image-2026-04-27-at-1.55.13-PM.jpeg","type":"image\/jpeg"}],"author":"Nacho Corro","twitter_card":"summary_large_image","twitter_creator":"@Juan Ignacio Corro Herrera","twitter_site":"@252COMS","twitter_misc":{"Escrito por":"Nacho Corro","Tiempo de lectura":"2 minutos"},"schema":{"@context":"https:\/\/schema.org","@graph":[{"@type":"Article","@id":"https:\/\/agencia.252.com.mx\/home\/vuelve-a-erigirse-la-oda-de-hierro-simbolo-del-esfuerzo-y-del-trabajo-en-naucalpan\/#article","isPartOf":{"@id":"https:\/\/agencia.252.com.mx\/home\/vuelve-a-erigirse-la-oda-de-hierro-simbolo-del-esfuerzo-y-del-trabajo-en-naucalpan\/"},"author":{"name":"Nacho Corro","@id":"https:\/\/agencia.252.com.mx\/home\/#\/schema\/person\/6b972021e9a92d45ade8c78d81509098"},"headline":"Vuelve a erigirse la Oda de hierro, s\u00edmbolo del esfuerzo y del trabajo en Naucalpan","datePublished":"2026-04-28T13:46:29+00:00","dateModified":"2026-04-28T13:46:30+00:00","mainEntityOfPage":{"@id":"https:\/\/agencia.252.com.mx\/home\/vuelve-a-erigirse-la-oda-de-hierro-simbolo-del-esfuerzo-y-del-trabajo-en-naucalpan\/"},"wordCount":377,"commentCount":0,"publisher":{"@id":"https:\/\/agencia.252.com.mx\/home\/#organization"},"image":{"@id":"https:\/\/agencia.252.com.mx\/home\/vuelve-a-erigirse-la-oda-de-hierro-simbolo-del-esfuerzo-y-del-trabajo-en-naucalpan\/#primaryimage"},"thumbnailUrl":"https:\/\/agencia.252.com.mx\/wp-content\/uploads\/2026\/04\/WhatsApp-Image-2026-04-27-at-1.55.13-PM.jpeg","keywords":["Edomex"],"articleSection":["Edomex","Metropoli","Naucalpan"],"inLanguage":"es","potentialAction":[{"@type":"CommentAction","name":"Comment","target":["https:\/\/agencia.252.com.mx\/home\/vuelve-a-erigirse-la-oda-de-hierro-simbolo-del-esfuerzo-y-del-trabajo-en-naucalpan\/#respond"]}]},{"@type":"WebPage","@id":"https:\/\/agencia.252.com.mx\/home\/vuelve-a-erigirse-la-oda-de-hierro-simbolo-del-esfuerzo-y-del-trabajo-en-naucalpan\/","url":"https:\/\/agencia.252.com.mx\/home\/vuelve-a-erigirse-la-oda-de-hierro-simbolo-del-esfuerzo-y-del-trabajo-en-naucalpan\/","name":"Vuelve a erigirse la Oda de hierro, s\u00edmbolo del esfuerzo y del trabajo en Naucalpan - Agencia252","isPartOf":{"@id":"https:\/\/agencia.252.com.mx\/home\/#website"},"primaryImageOfPage":{"@id":"https:\/\/agencia.252.com.mx\/home\/vuelve-a-erigirse-la-oda-de-hierro-simbolo-del-esfuerzo-y-del-trabajo-en-naucalpan\/#primaryimage"},"image":{"@id":"https:\/\/agencia.252.com.mx\/home\/vuelve-a-erigirse-la-oda-de-hierro-simbolo-del-esfuerzo-y-del-trabajo-en-naucalpan\/#primaryimage"},"thumbnailUrl":"https:\/\/agencia.252.com.mx\/wp-content\/uploads\/2026\/04\/WhatsApp-Image-2026-04-27-at-1.55.13-PM.jpeg","datePublished":"2026-04-28T13:46:29+00:00","dateModified":"2026-04-28T13:46:30+00:00","breadcrumb":{"@id":"https:\/\/agencia.252.com.mx\/home\/vuelve-a-erigirse-la-oda-de-hierro-simbolo-del-esfuerzo-y-del-trabajo-en-naucalpan\/#breadcrumb"},"inLanguage":"es","potentialAction":[{"@type":"ReadAction","target":["https:\/\/agencia.252.com.mx\/home\/vuelve-a-erigirse-la-oda-de-hierro-simbolo-del-esfuerzo-y-del-trabajo-en-naucalpan\/"]}]},{"@type":"ImageObject","inLanguage":"es","@id":"https:\/\/agencia.252.com.mx\/home\/vuelve-a-erigirse-la-oda-de-hierro-simbolo-del-esfuerzo-y-del-trabajo-en-naucalpan\/#primaryimage","url":"https:\/\/agencia.252.com.mx\/wp-content\/uploads\/2026\/04\/WhatsApp-Image-2026-04-27-at-1.55.13-PM.jpeg","contentUrl":"https:\/\/agencia.252.com.mx\/wp-content\/uploads\/2026\/04\/WhatsApp-Image-2026-04-27-at-1.55.13-PM.jpeg","width":1600,"height":1068},{"@type":"BreadcrumbList","@id":"https:\/\/agencia.252.com.mx\/home\/vuelve-a-erigirse-la-oda-de-hierro-simbolo-del-esfuerzo-y-del-trabajo-en-naucalpan\/#breadcrumb","itemListElement":[{"@type":"ListItem","position":1,"name":"Portada","item":"https:\/\/agencia.252.com.mx\/home\/"},{"@type":"ListItem","position":2,"name":"Vuelve a erigirse la Oda de hierro, s\u00edmbolo del esfuerzo y del trabajo en Naucalpan"}]},{"@type":"WebSite","@id":"https:\/\/agencia.252.com.mx\/home\/#website","url":"https:\/\/agencia.252.com.mx\/home\/","name":"Agencia252","description":"Tu espacio en la Red","publisher":{"@id":"https:\/\/agencia.252.com.mx\/home\/#organization"},"potentialAction":[{"@type":"SearchAction","target":{"@type":"EntryPoint","urlTemplate":"https:\/\/agencia.252.com.mx\/home\/?s={search_term_string}"},"query-input":{"@type":"PropertyValueSpecification","valueRequired":true,"valueName":"search_term_string"}}],"inLanguage":"es"},{"@type":"Organization","@id":"https:\/\/agencia.252.com.mx\/home\/#organization","name":"Agencia252","url":"https:\/\/agencia.252.com.mx\/home\/","logo":{"@type":"ImageObject","inLanguage":"es","@id":"https:\/\/agencia.252.com.mx\/home\/#\/schema\/logo\/image\/","url":"https:\/\/agencia.252.com.mx\/wp-content\/uploads\/2023\/02\/cropped-ciruclo-agencia-e1677562404136.png","contentUrl":"https:\/\/agencia.252.com.mx\/wp-content\/uploads\/2023\/02\/cropped-ciruclo-agencia-e1677562404136.png","width":512,"height":512,"caption":"Agencia252"},"image":{"@id":"https:\/\/agencia.252.com.mx\/home\/#\/schema\/logo\/image\/"},"sameAs":["https:\/\/www.facebook.com\/252Comunicacion\/","https:\/\/x.com\/252COMS"]},{"@type":"Person","@id":"https:\/\/agencia.252.com.mx\/home\/#\/schema\/person\/6b972021e9a92d45ade8c78d81509098","name":"Nacho Corro","image":{"@type":"ImageObject","inLanguage":"es","@id":"https:\/\/secure.gravatar.com\/avatar\/5db6df507cfe1307e192fbb498c6b85f1cf2ffd8b4cd37141b9eea588fcbd5a4?s=96&r=g","url":"https:\/\/secure.gravatar.com\/avatar\/5db6df507cfe1307e192fbb498c6b85f1cf2ffd8b4cd37141b9eea588fcbd5a4?s=96&r=g","contentUrl":"https:\/\/secure.gravatar.com\/avatar\/5db6df507cfe1307e192fbb498c6b85f1cf2ffd8b4cd37141b9eea588fcbd5a4?s=96&r=g","caption":"Nacho Corro"},"description":"Comunicador Social, Periodista y Administraci\u00f3n P\u00fablica. Conversador pol\u00edtico, temas electorales y seguridad. Generador de contenidos digitales. Amante de la fotograf\u00eda","sameAs":["https:\/\/www.facebook.com\/jcorroherrera\/","www.instagram.com\/nachocorro\/","https:\/\/x.com\/Juan Ignacio Corro Herrera"],"url":"https:\/\/agencia.252.com.mx\/home\/author\/i-corro\/"}]}},"_links":{"self":[{"href":"https:\/\/agencia.252.com.mx\/home\/wp-json\/wp\/v2\/posts\/18805","targetHints":{"allow":["GET"]}}],"collection":[{"href":"https:\/\/agencia.252.com.mx\/home\/wp-json\/wp\/v2\/posts"}],"about":[{"href":"https:\/\/agencia.252.com.mx\/home\/wp-json\/wp\/v2\/types\/post"}],"author":[{"embeddable":true,"href":"https:\/\/agencia.252.com.mx\/home\/wp-json\/wp\/v2\/users\/5"}],"replies":[{"embeddable":true,"href":"https:\/\/agencia.252.com.mx\/home\/wp-json\/wp\/v2\/comments?post=18805"}],"version-history":[{"count":1,"href":"https:\/\/agencia.252.com.mx\/home\/wp-json\/wp\/v2\/posts\/18805\/revisions"}],"predecessor-version":[{"id":18810,"href":"https:\/\/agencia.252.com.mx\/home\/wp-json\/wp\/v2\/posts\/18805\/revisions\/18810"}],"wp:featuredmedia":[{"embeddable":true,"href":"https:\/\/agencia.252.com.mx\/home\/wp-json\/wp\/v2\/media\/18809"}],"wp:attachment":[{"href":"https:\/\/agencia.252.com.mx\/home\/wp-json\/wp\/v2\/media?parent=18805"}],"wp:term":[{"taxonomy":"category","embeddable":true,"href":"https:\/\/agencia.252.com.mx\/home\/wp-json\/wp\/v2\/categories?post=18805"},{"taxonomy":"post_tag","embeddable":true,"href":"https:\/\/agencia.252.com.mx\/home\/wp-json\/wp\/v2\/tags?post=18805"}],"curies":[{"name":"wp","href":"https:\/\/api.w.org\/{rel}","templated":true}]}}