{"id":18793,"date":"2026-04-27T21:36:43","date_gmt":"2026-04-28T03:36:43","guid":{"rendered":"https:\/\/agencia.252.com.mx\/home\/?p=18793"},"modified":"2026-04-27T21:36:44","modified_gmt":"2026-04-28T03:36:44","slug":"advierte-pri-edomex-que-tultitlan-es-rehen-de-la-corrupcion","status":"publish","type":"post","link":"https:\/\/agencia.252.com.mx\/home\/advierte-pri-edomex-que-tultitlan-es-rehen-de-la-corrupcion\/","title":{"rendered":"Advierte PRI Edomex que Tultitl\u00e1n es reh\u00e9n de la corrupci\u00f3n\u00a0"},"content":{"rendered":"<p>Visitas: 2<\/p>\n<ul class=\"wp-block-list\">\n<li><em>Morena convirti\u00f3 al municipio en ejemplo de nepotismo, opacidad y abandono, afirm\u00f3 Cristina Ruiz Sandoval.<\/em><\/li>\n<\/ul>\n\n\n\n<ul class=\"wp-block-list\">\n<li><em>Exige PRI Estado de M\u00e9xico auditor\u00edas, avances en investigaciones y resultados para las familias de Tultitl\u00e1n.<\/em><\/li>\n<\/ul>\n\n\n\n<p>Juan Ignacio Corro&nbsp;<\/p>\n\n\n\n<p class=\"has-text-align-right\">Tultitl\u00e1n, Estado de M\u00e9xico, a 27 de abril de 2026<\/p>\n\n\n\n<p>Tultitl\u00e1n se ha convertido en una muestra clara de los vicios que Morena en el Estado de M\u00e9xico ha llevado a los gobiernos municipales: concentraci\u00f3n de poder, uso faccioso de las instituciones y abandono de las necesidades m\u00e1s urgentes de la poblaci\u00f3n, denunci\u00f3 la presidenta del Comit\u00e9 Directivo Estatal (CDE) del PRI Estado de M\u00e9xico, Cristina Ruiz Sandoval.<\/p>\n\n\n\n<p>En conferencia de prensa, la dirigente estatal se\u00f1al\u00f3 que en este municipio no hay cambio de rumbo, sino continuidad de los mismos grupos pol\u00edticos y familiares que hoy mantienen frenada a la administraci\u00f3n.<\/p>\n\n\n\n<figure class=\"wp-block-image alignleft size-medium\"><img fetchpriority=\"high\" decoding=\"async\" width=\"300\" height=\"225\" src=\"https:\/\/agencia.252.com.mx\/wp-content\/uploads\/2026\/04\/WhatsApp-Image-2026-04-27-at-9.34.39-PM-300x225.jpeg\" alt=\"\" class=\"wp-image-18796\" srcset=\"https:\/\/agencia.252.com.mx\/wp-content\/uploads\/2026\/04\/WhatsApp-Image-2026-04-27-at-9.34.39-PM-300x225.jpeg 300w, https:\/\/agencia.252.com.mx\/wp-content\/uploads\/2026\/04\/WhatsApp-Image-2026-04-27-at-9.34.39-PM-1024x768.jpeg 1024w, https:\/\/agencia.252.com.mx\/wp-content\/uploads\/2026\/04\/WhatsApp-Image-2026-04-27-at-9.34.39-PM-768x576.jpeg 768w, https:\/\/agencia.252.com.mx\/wp-content\/uploads\/2026\/04\/WhatsApp-Image-2026-04-27-at-9.34.39-PM-1536x1152.jpeg 1536w, https:\/\/agencia.252.com.mx\/wp-content\/uploads\/2026\/04\/WhatsApp-Image-2026-04-27-at-9.34.39-PM.jpeg 1600w\" sizes=\"(max-width: 300px) 100vw, 300px\" \/><\/figure>\n\n\n\n<p>\u201cHoy denunciamos el bache en el que la actual presidenta municipal, Ana Mar\u00eda Castro Fern\u00e1ndez, tiene a Tultitl\u00e1n, junto con la herencia del gobierno anterior encabezado por su cu\u00f1ada Elena Garc\u00eda Mart\u00ednez, hoy diputada local. Lo que ocurre aqu\u00ed merece atenci\u00f3n estatal y nacional\u201d, afirm\u00f3.<\/p>\n\n\n\n<p>Ruiz Sandoval inform\u00f3 que la Fiscal\u00eda Especializada en Combate a la Corrupci\u00f3n del Estado de M\u00e9xico mantiene abierta la carpeta de investigaci\u00f3n TOL\/CCF\/SPO\/107\/033891\/25\/02, relacionada con presuntas irregularidades en una operaci\u00f3n inmobiliaria en San Francisco Chilpan.<\/p>\n\n\n\n<p>Detall\u00f3 que, de acuerdo con informaci\u00f3n p\u00fablica, se transfirieron 38.5 millones de pesos por la compra de 27 hect\u00e1reas de terrenos ejidales sin certeza jur\u00eddica y posteriormente se sumaron otros 5 millones de pesos, para un total de 43.5 millones de pesos comprometidos.<\/p>\n\n\n\n<p>Asimismo, se\u00f1al\u00f3 contratos por m\u00e1s de 72.7 millones de pesos otorgados a una sola empresa, adem\u00e1s de observaciones de la Auditor\u00eda Superior de la Federaci\u00f3n por 2.8 millones de pesos debido a malos manejos y falta de documentaci\u00f3n.<\/p>\n\n\n\n<p>En materia de nepotismo, indic\u00f3 que tres familiares de la actual alcaldesa laboran dentro del gobierno municipal, adem\u00e1s de que Jos\u00e9 Alfredo Contreras Su\u00e1rez, esposo de la exalcaldesa Elena Garc\u00eda Mart\u00ednez, ocupa actualmente la Secretar\u00eda del Ayuntamiento.<\/p>\n\n\n\n<p>\u201cLa ciudadan\u00eda tiene derecho a preguntar d\u00f3nde termina el gobierno y d\u00f3nde empieza el inter\u00e9s familiar\u201d, puntualiz\u00f3.<\/p>\n\n\n\n<p>La presidenta estatal del PRI agreg\u00f3 que mientras el gobierno se concentra en intereses internos, Tultitl\u00e1n enfrenta inseguridad, deterioro urbano y carencias en servicios b\u00e1sicos. Record\u00f3 que 8 de cada 10 habitantes se sienten inseguros, mientras 74 por ciento de la poblaci\u00f3n enfrenta problemas de agua y 92 por ciento reporta afectaciones por baches.<\/p>\n","protected":false},"excerpt":{"rendered":"<p>Visitas: 2 Juan Ignacio Corro&nbsp; Tultitl\u00e1n, Estado de M\u00e9xico, a 27 de abril de 2026 Tultitl\u00e1n se ha convertido en una muestra clara de los vicios que Morena en el Estado de M\u00e9xico ha llevado a los gobiernos municipales: concentraci\u00f3n de poder, uso faccioso de las instituciones y abandono de las necesidades m\u00e1s urgentes de [&hellip;]<\/p>\n","protected":false},"author":5,"featured_media":18794,"comment_status":"open","ping_status":"open","sticky":false,"template":"","format":"standard","meta":{"site-sidebar-layout":"default","site-content-layout":"","ast-site-content-layout":"default","site-content-style":"default","site-sidebar-style":"default","ast-global-header-display":"","ast-banner-title-visibility":"","ast-main-header-display":"","ast-hfb-above-header-display":"","ast-hfb-below-header-display":"","ast-hfb-mobile-header-display":"","site-post-title":"","ast-breadcrumbs-content":"","ast-featured-img":"","footer-sml-layout":"","ast-disable-related-posts":"","theme-transparent-header-meta":"","adv-header-id-meta":"","stick-header-meta":"","header-above-stick-meta":"","header-main-stick-meta":"","header-below-stick-meta":"","astra-migrate-meta-layouts":"set","ast-page-background-enabled":"default","ast-page-background-meta":{"desktop":{"background-color":"var(--ast-global-color-4)","background-image":"","background-repeat":"repeat","background-position":"center center","background-size":"auto","background-attachment":"scroll","background-type":"","background-media":"","overlay-type":"","overlay-color":"","overlay-opacity":"","overlay-gradient":""},"tablet":{"background-color":"","background-image":"","background-repeat":"repeat","background-position":"center center","background-size":"auto","background-attachment":"scroll","background-type":"","background-media":"","overlay-type":"","overlay-color":"","overlay-opacity":"","overlay-gradient":""},"mobile":{"background-color":"","background-image":"","background-repeat":"repeat","background-position":"center center","background-size":"auto","background-attachment":"scroll","background-type":"","background-media":"","overlay-type":"","overlay-color":"","overlay-opacity":"","overlay-gradient":""}},"ast-content-background-meta":{"desktop":{"background-color":"var(--ast-global-color-5)","background-image":"","background-repeat":"repeat","background-position":"center center","background-size":"auto","background-attachment":"scroll","background-type":"","background-media":"","overlay-type":"","overlay-color":"","overlay-opacity":"","overlay-gradient":""},"tablet":{"background-color":"var(--ast-global-color-5)","background-image":"","background-repeat":"repeat","background-position":"center center","background-size":"auto","background-attachment":"scroll","background-type":"","background-media":"","overlay-type":"","overlay-color":"","overlay-opacity":"","overlay-gradient":""},"mobile":{"background-color":"var(--ast-global-color-5)","background-image":"","background-repeat":"repeat","background-position":"center center","background-size":"auto","background-attachment":"scroll","background-type":"","background-media":"","overlay-type":"","overlay-color":"","overlay-opacity":"","overlay-gradient":""}},"footnotes":""},"categories":[136,8,68,361],"tags":[526],"class_list":["post-18793","post","type-post","status-publish","format-standard","has-post-thumbnail","hentry","category-corrupcion","category-edomex","category-seguridad","category-tultitlan","tag-edomex"],"yoast_head":"<!-- This site is optimized with the Yoast SEO plugin v27.4 - https:\/\/yoast.com\/product\/yoast-seo-wordpress\/ -->\n<title>Advierte PRI Edomex que Tultitl\u00e1n es reh\u00e9n de la corrupci\u00f3n\u00a0 - Agencia252<\/title>\n<meta name=\"robots\" content=\"index, follow, max-snippet:-1, max-image-preview:large, max-video-preview:-1\" \/>\n<link rel=\"canonical\" href=\"https:\/\/agencia.252.com.mx\/home\/advierte-pri-edomex-que-tultitlan-es-rehen-de-la-corrupcion\/\" \/>\n<meta property=\"og:locale\" content=\"es_ES\" \/>\n<meta property=\"og:type\" content=\"article\" \/>\n<meta property=\"og:title\" content=\"Advierte PRI Edomex que Tultitl\u00e1n es reh\u00e9n de la corrupci\u00f3n\u00a0 - Agencia252\" \/>\n<meta property=\"og:description\" content=\"Visitas: 2 Juan Ignacio Corro&nbsp; Tultitl\u00e1n, Estado de M\u00e9xico, a 27 de abril de 2026 Tultitl\u00e1n se ha convertido en una muestra clara de los vicios que Morena en el Estado de M\u00e9xico ha llevado a los gobiernos municipales: concentraci\u00f3n de poder, uso faccioso de las instituciones y abandono de las necesidades m\u00e1s urgentes de [&hellip;]\" \/>\n<meta property=\"og:url\" content=\"https:\/\/agencia.252.com.mx\/home\/advierte-pri-edomex-que-tultitlan-es-rehen-de-la-corrupcion\/\" \/>\n<meta property=\"og:site_name\" content=\"Agencia252\" \/>\n<meta property=\"article:publisher\" content=\"https:\/\/www.facebook.com\/252Comunicacion\/\" \/>\n<meta property=\"article:author\" content=\"https:\/\/www.facebook.com\/jcorroherrera\/\" \/>\n<meta property=\"article:published_time\" content=\"2026-04-28T03:36:43+00:00\" \/>\n<meta property=\"article:modified_time\" content=\"2026-04-28T03:36:44+00:00\" \/>\n<meta property=\"og:image\" content=\"http:\/\/agencia.252.com.mx\/wp-content\/uploads\/2026\/04\/WhatsApp-Image-2026-04-27-at-9.34.38-PM.jpeg\" \/>\n\t<meta property=\"og:image:width\" content=\"1600\" \/>\n\t<meta property=\"og:image:height\" content=\"1200\" \/>\n\t<meta property=\"og:image:type\" content=\"image\/jpeg\" \/>\n<meta name=\"author\" content=\"Nacho Corro\" \/>\n<meta name=\"twitter:card\" content=\"summary_large_image\" \/>\n<meta name=\"twitter:creator\" content=\"@Juan Ignacio Corro Herrera\" \/>\n<meta name=\"twitter:site\" content=\"@252COMS\" \/>\n<meta name=\"twitter:label1\" content=\"Escrito por\" \/>\n\t<meta name=\"twitter:data1\" content=\"Nacho Corro\" \/>\n\t<meta name=\"twitter:label2\" content=\"Tiempo de lectura\" \/>\n\t<meta name=\"twitter:data2\" content=\"3 minutos\" \/>\n<script type=\"application\/ld+json\" class=\"yoast-schema-graph\">{\"@context\":\"https:\\\/\\\/schema.org\",\"@graph\":[{\"@type\":\"Article\",\"@id\":\"https:\\\/\\\/agencia.252.com.mx\\\/home\\\/advierte-pri-edomex-que-tultitlan-es-rehen-de-la-corrupcion\\\/#article\",\"isPartOf\":{\"@id\":\"https:\\\/\\\/agencia.252.com.mx\\\/home\\\/advierte-pri-edomex-que-tultitlan-es-rehen-de-la-corrupcion\\\/\"},\"author\":{\"name\":\"Nacho Corro\",\"@id\":\"https:\\\/\\\/agencia.252.com.mx\\\/home\\\/#\\\/schema\\\/person\\\/6b972021e9a92d45ade8c78d81509098\"},\"headline\":\"Advierte PRI Edomex que Tultitl\u00e1n es reh\u00e9n de la corrupci\u00f3n\u00a0\",\"datePublished\":\"2026-04-28T03:36:43+00:00\",\"dateModified\":\"2026-04-28T03:36:44+00:00\",\"mainEntityOfPage\":{\"@id\":\"https:\\\/\\\/agencia.252.com.mx\\\/home\\\/advierte-pri-edomex-que-tultitlan-es-rehen-de-la-corrupcion\\\/\"},\"wordCount\":456,\"commentCount\":0,\"publisher\":{\"@id\":\"https:\\\/\\\/agencia.252.com.mx\\\/home\\\/#organization\"},\"image\":{\"@id\":\"https:\\\/\\\/agencia.252.com.mx\\\/home\\\/advierte-pri-edomex-que-tultitlan-es-rehen-de-la-corrupcion\\\/#primaryimage\"},\"thumbnailUrl\":\"https:\\\/\\\/agencia.252.com.mx\\\/wp-content\\\/uploads\\\/2026\\\/04\\\/WhatsApp-Image-2026-04-27-at-9.34.38-PM.jpeg\",\"keywords\":[\"Edomex\"],\"articleSection\":[\"corrupci\u00f3n\",\"Edomex\",\"Seguridad\",\"Tultitl\u00e1n\"],\"inLanguage\":\"es\",\"potentialAction\":[{\"@type\":\"CommentAction\",\"name\":\"Comment\",\"target\":[\"https:\\\/\\\/agencia.252.com.mx\\\/home\\\/advierte-pri-edomex-que-tultitlan-es-rehen-de-la-corrupcion\\\/#respond\"]}]},{\"@type\":\"WebPage\",\"@id\":\"https:\\\/\\\/agencia.252.com.mx\\\/home\\\/advierte-pri-edomex-que-tultitlan-es-rehen-de-la-corrupcion\\\/\",\"url\":\"https:\\\/\\\/agencia.252.com.mx\\\/home\\\/advierte-pri-edomex-que-tultitlan-es-rehen-de-la-corrupcion\\\/\",\"name\":\"Advierte PRI Edomex que Tultitl\u00e1n es reh\u00e9n de la corrupci\u00f3n\u00a0 - Agencia252\",\"isPartOf\":{\"@id\":\"https:\\\/\\\/agencia.252.com.mx\\\/home\\\/#website\"},\"primaryImageOfPage\":{\"@id\":\"https:\\\/\\\/agencia.252.com.mx\\\/home\\\/advierte-pri-edomex-que-tultitlan-es-rehen-de-la-corrupcion\\\/#primaryimage\"},\"image\":{\"@id\":\"https:\\\/\\\/agencia.252.com.mx\\\/home\\\/advierte-pri-edomex-que-tultitlan-es-rehen-de-la-corrupcion\\\/#primaryimage\"},\"thumbnailUrl\":\"https:\\\/\\\/agencia.252.com.mx\\\/wp-content\\\/uploads\\\/2026\\\/04\\\/WhatsApp-Image-2026-04-27-at-9.34.38-PM.jpeg\",\"datePublished\":\"2026-04-28T03:36:43+00:00\",\"dateModified\":\"2026-04-28T03:36:44+00:00\",\"breadcrumb\":{\"@id\":\"https:\\\/\\\/agencia.252.com.mx\\\/home\\\/advierte-pri-edomex-que-tultitlan-es-rehen-de-la-corrupcion\\\/#breadcrumb\"},\"inLanguage\":\"es\",\"potentialAction\":[{\"@type\":\"ReadAction\",\"target\":[\"https:\\\/\\\/agencia.252.com.mx\\\/home\\\/advierte-pri-edomex-que-tultitlan-es-rehen-de-la-corrupcion\\\/\"]}]},{\"@type\":\"ImageObject\",\"inLanguage\":\"es\",\"@id\":\"https:\\\/\\\/agencia.252.com.mx\\\/home\\\/advierte-pri-edomex-que-tultitlan-es-rehen-de-la-corrupcion\\\/#primaryimage\",\"url\":\"https:\\\/\\\/agencia.252.com.mx\\\/wp-content\\\/uploads\\\/2026\\\/04\\\/WhatsApp-Image-2026-04-27-at-9.34.38-PM.jpeg\",\"contentUrl\":\"https:\\\/\\\/agencia.252.com.mx\\\/wp-content\\\/uploads\\\/2026\\\/04\\\/WhatsApp-Image-2026-04-27-at-9.34.38-PM.jpeg\",\"width\":1600,\"height\":1200},{\"@type\":\"BreadcrumbList\",\"@id\":\"https:\\\/\\\/agencia.252.com.mx\\\/home\\\/advierte-pri-edomex-que-tultitlan-es-rehen-de-la-corrupcion\\\/#breadcrumb\",\"itemListElement\":[{\"@type\":\"ListItem\",\"position\":1,\"name\":\"Portada\",\"item\":\"https:\\\/\\\/agencia.252.com.mx\\\/home\\\/\"},{\"@type\":\"ListItem\",\"position\":2,\"name\":\"Advierte PRI Edomex que Tultitl\u00e1n es reh\u00e9n de la corrupci\u00f3n\u00a0\"}]},{\"@type\":\"WebSite\",\"@id\":\"https:\\\/\\\/agencia.252.com.mx\\\/home\\\/#website\",\"url\":\"https:\\\/\\\/agencia.252.com.mx\\\/home\\\/\",\"name\":\"Agencia252\",\"description\":\"Tu espacio en la Red\",\"publisher\":{\"@id\":\"https:\\\/\\\/agencia.252.com.mx\\\/home\\\/#organization\"},\"potentialAction\":[{\"@type\":\"SearchAction\",\"target\":{\"@type\":\"EntryPoint\",\"urlTemplate\":\"https:\\\/\\\/agencia.252.com.mx\\\/home\\\/?s={search_term_string}\"},\"query-input\":{\"@type\":\"PropertyValueSpecification\",\"valueRequired\":true,\"valueName\":\"search_term_string\"}}],\"inLanguage\":\"es\"},{\"@type\":\"Organization\",\"@id\":\"https:\\\/\\\/agencia.252.com.mx\\\/home\\\/#organization\",\"name\":\"Agencia252\",\"url\":\"https:\\\/\\\/agencia.252.com.mx\\\/home\\\/\",\"logo\":{\"@type\":\"ImageObject\",\"inLanguage\":\"es\",\"@id\":\"https:\\\/\\\/agencia.252.com.mx\\\/home\\\/#\\\/schema\\\/logo\\\/image\\\/\",\"url\":\"https:\\\/\\\/agencia.252.com.mx\\\/wp-content\\\/uploads\\\/2023\\\/02\\\/cropped-ciruclo-agencia-e1677562404136.png\",\"contentUrl\":\"https:\\\/\\\/agencia.252.com.mx\\\/wp-content\\\/uploads\\\/2023\\\/02\\\/cropped-ciruclo-agencia-e1677562404136.png\",\"width\":512,\"height\":512,\"caption\":\"Agencia252\"},\"image\":{\"@id\":\"https:\\\/\\\/agencia.252.com.mx\\\/home\\\/#\\\/schema\\\/logo\\\/image\\\/\"},\"sameAs\":[\"https:\\\/\\\/www.facebook.com\\\/252Comunicacion\\\/\",\"https:\\\/\\\/x.com\\\/252COMS\"]},{\"@type\":\"Person\",\"@id\":\"https:\\\/\\\/agencia.252.com.mx\\\/home\\\/#\\\/schema\\\/person\\\/6b972021e9a92d45ade8c78d81509098\",\"name\":\"Nacho Corro\",\"image\":{\"@type\":\"ImageObject\",\"inLanguage\":\"es\",\"@id\":\"https:\\\/\\\/secure.gravatar.com\\\/avatar\\\/5db6df507cfe1307e192fbb498c6b85f1cf2ffd8b4cd37141b9eea588fcbd5a4?s=96&r=g\",\"url\":\"https:\\\/\\\/secure.gravatar.com\\\/avatar\\\/5db6df507cfe1307e192fbb498c6b85f1cf2ffd8b4cd37141b9eea588fcbd5a4?s=96&r=g\",\"contentUrl\":\"https:\\\/\\\/secure.gravatar.com\\\/avatar\\\/5db6df507cfe1307e192fbb498c6b85f1cf2ffd8b4cd37141b9eea588fcbd5a4?s=96&r=g\",\"caption\":\"Nacho Corro\"},\"description\":\"Comunicador Social, Periodista y Administraci\u00f3n P\u00fablica. Conversador pol\u00edtico, temas electorales y seguridad. Generador de contenidos digitales. Amante de la fotograf\u00eda\",\"sameAs\":[\"https:\\\/\\\/www.facebook.com\\\/jcorroherrera\\\/\",\"www.instagram.com\\\/nachocorro\\\/\",\"https:\\\/\\\/x.com\\\/Juan Ignacio Corro Herrera\"],\"url\":\"https:\\\/\\\/agencia.252.com.mx\\\/home\\\/author\\\/i-corro\\\/\"}]}<\/script>\n<!-- \/ Yoast SEO plugin. -->","yoast_head_json":{"title":"Advierte PRI Edomex que Tultitl\u00e1n es reh\u00e9n de la corrupci\u00f3n\u00a0 - Agencia252","robots":{"index":"index","follow":"follow","max-snippet":"max-snippet:-1","max-image-preview":"max-image-preview:large","max-video-preview":"max-video-preview:-1"},"canonical":"https:\/\/agencia.252.com.mx\/home\/advierte-pri-edomex-que-tultitlan-es-rehen-de-la-corrupcion\/","og_locale":"es_ES","og_type":"article","og_title":"Advierte PRI Edomex que Tultitl\u00e1n es reh\u00e9n de la corrupci\u00f3n\u00a0 - Agencia252","og_description":"Visitas: 2 Juan Ignacio Corro&nbsp; Tultitl\u00e1n, Estado de M\u00e9xico, a 27 de abril de 2026 Tultitl\u00e1n se ha convertido en una muestra clara de los vicios que Morena en el Estado de M\u00e9xico ha llevado a los gobiernos municipales: concentraci\u00f3n de poder, uso faccioso de las instituciones y abandono de las necesidades m\u00e1s urgentes de [&hellip;]","og_url":"https:\/\/agencia.252.com.mx\/home\/advierte-pri-edomex-que-tultitlan-es-rehen-de-la-corrupcion\/","og_site_name":"Agencia252","article_publisher":"https:\/\/www.facebook.com\/252Comunicacion\/","article_author":"https:\/\/www.facebook.com\/jcorroherrera\/","article_published_time":"2026-04-28T03:36:43+00:00","article_modified_time":"2026-04-28T03:36:44+00:00","og_image":[{"width":1600,"height":1200,"url":"http:\/\/agencia.252.com.mx\/wp-content\/uploads\/2026\/04\/WhatsApp-Image-2026-04-27-at-9.34.38-PM.jpeg","type":"image\/jpeg"}],"author":"Nacho Corro","twitter_card":"summary_large_image","twitter_creator":"@Juan Ignacio Corro Herrera","twitter_site":"@252COMS","twitter_misc":{"Escrito por":"Nacho Corro","Tiempo de lectura":"3 minutos"},"schema":{"@context":"https:\/\/schema.org","@graph":[{"@type":"Article","@id":"https:\/\/agencia.252.com.mx\/home\/advierte-pri-edomex-que-tultitlan-es-rehen-de-la-corrupcion\/#article","isPartOf":{"@id":"https:\/\/agencia.252.com.mx\/home\/advierte-pri-edomex-que-tultitlan-es-rehen-de-la-corrupcion\/"},"author":{"name":"Nacho Corro","@id":"https:\/\/agencia.252.com.mx\/home\/#\/schema\/person\/6b972021e9a92d45ade8c78d81509098"},"headline":"Advierte PRI Edomex que Tultitl\u00e1n es reh\u00e9n de la corrupci\u00f3n\u00a0","datePublished":"2026-04-28T03:36:43+00:00","dateModified":"2026-04-28T03:36:44+00:00","mainEntityOfPage":{"@id":"https:\/\/agencia.252.com.mx\/home\/advierte-pri-edomex-que-tultitlan-es-rehen-de-la-corrupcion\/"},"wordCount":456,"commentCount":0,"publisher":{"@id":"https:\/\/agencia.252.com.mx\/home\/#organization"},"image":{"@id":"https:\/\/agencia.252.com.mx\/home\/advierte-pri-edomex-que-tultitlan-es-rehen-de-la-corrupcion\/#primaryimage"},"thumbnailUrl":"https:\/\/agencia.252.com.mx\/wp-content\/uploads\/2026\/04\/WhatsApp-Image-2026-04-27-at-9.34.38-PM.jpeg","keywords":["Edomex"],"articleSection":["corrupci\u00f3n","Edomex","Seguridad","Tultitl\u00e1n"],"inLanguage":"es","potentialAction":[{"@type":"CommentAction","name":"Comment","target":["https:\/\/agencia.252.com.mx\/home\/advierte-pri-edomex-que-tultitlan-es-rehen-de-la-corrupcion\/#respond"]}]},{"@type":"WebPage","@id":"https:\/\/agencia.252.com.mx\/home\/advierte-pri-edomex-que-tultitlan-es-rehen-de-la-corrupcion\/","url":"https:\/\/agencia.252.com.mx\/home\/advierte-pri-edomex-que-tultitlan-es-rehen-de-la-corrupcion\/","name":"Advierte PRI Edomex que Tultitl\u00e1n es reh\u00e9n de la corrupci\u00f3n\u00a0 - Agencia252","isPartOf":{"@id":"https:\/\/agencia.252.com.mx\/home\/#website"},"primaryImageOfPage":{"@id":"https:\/\/agencia.252.com.mx\/home\/advierte-pri-edomex-que-tultitlan-es-rehen-de-la-corrupcion\/#primaryimage"},"image":{"@id":"https:\/\/agencia.252.com.mx\/home\/advierte-pri-edomex-que-tultitlan-es-rehen-de-la-corrupcion\/#primaryimage"},"thumbnailUrl":"https:\/\/agencia.252.com.mx\/wp-content\/uploads\/2026\/04\/WhatsApp-Image-2026-04-27-at-9.34.38-PM.jpeg","datePublished":"2026-04-28T03:36:43+00:00","dateModified":"2026-04-28T03:36:44+00:00","breadcrumb":{"@id":"https:\/\/agencia.252.com.mx\/home\/advierte-pri-edomex-que-tultitlan-es-rehen-de-la-corrupcion\/#breadcrumb"},"inLanguage":"es","potentialAction":[{"@type":"ReadAction","target":["https:\/\/agencia.252.com.mx\/home\/advierte-pri-edomex-que-tultitlan-es-rehen-de-la-corrupcion\/"]}]},{"@type":"ImageObject","inLanguage":"es","@id":"https:\/\/agencia.252.com.mx\/home\/advierte-pri-edomex-que-tultitlan-es-rehen-de-la-corrupcion\/#primaryimage","url":"https:\/\/agencia.252.com.mx\/wp-content\/uploads\/2026\/04\/WhatsApp-Image-2026-04-27-at-9.34.38-PM.jpeg","contentUrl":"https:\/\/agencia.252.com.mx\/wp-content\/uploads\/2026\/04\/WhatsApp-Image-2026-04-27-at-9.34.38-PM.jpeg","width":1600,"height":1200},{"@type":"BreadcrumbList","@id":"https:\/\/agencia.252.com.mx\/home\/advierte-pri-edomex-que-tultitlan-es-rehen-de-la-corrupcion\/#breadcrumb","itemListElement":[{"@type":"ListItem","position":1,"name":"Portada","item":"https:\/\/agencia.252.com.mx\/home\/"},{"@type":"ListItem","position":2,"name":"Advierte PRI Edomex que Tultitl\u00e1n es reh\u00e9n de la corrupci\u00f3n\u00a0"}]},{"@type":"WebSite","@id":"https:\/\/agencia.252.com.mx\/home\/#website","url":"https:\/\/agencia.252.com.mx\/home\/","name":"Agencia252","description":"Tu espacio en la Red","publisher":{"@id":"https:\/\/agencia.252.com.mx\/home\/#organization"},"potentialAction":[{"@type":"SearchAction","target":{"@type":"EntryPoint","urlTemplate":"https:\/\/agencia.252.com.mx\/home\/?s={search_term_string}"},"query-input":{"@type":"PropertyValueSpecification","valueRequired":true,"valueName":"search_term_string"}}],"inLanguage":"es"},{"@type":"Organization","@id":"https:\/\/agencia.252.com.mx\/home\/#organization","name":"Agencia252","url":"https:\/\/agencia.252.com.mx\/home\/","logo":{"@type":"ImageObject","inLanguage":"es","@id":"https:\/\/agencia.252.com.mx\/home\/#\/schema\/logo\/image\/","url":"https:\/\/agencia.252.com.mx\/wp-content\/uploads\/2023\/02\/cropped-ciruclo-agencia-e1677562404136.png","contentUrl":"https:\/\/agencia.252.com.mx\/wp-content\/uploads\/2023\/02\/cropped-ciruclo-agencia-e1677562404136.png","width":512,"height":512,"caption":"Agencia252"},"image":{"@id":"https:\/\/agencia.252.com.mx\/home\/#\/schema\/logo\/image\/"},"sameAs":["https:\/\/www.facebook.com\/252Comunicacion\/","https:\/\/x.com\/252COMS"]},{"@type":"Person","@id":"https:\/\/agencia.252.com.mx\/home\/#\/schema\/person\/6b972021e9a92d45ade8c78d81509098","name":"Nacho Corro","image":{"@type":"ImageObject","inLanguage":"es","@id":"https:\/\/secure.gravatar.com\/avatar\/5db6df507cfe1307e192fbb498c6b85f1cf2ffd8b4cd37141b9eea588fcbd5a4?s=96&r=g","url":"https:\/\/secure.gravatar.com\/avatar\/5db6df507cfe1307e192fbb498c6b85f1cf2ffd8b4cd37141b9eea588fcbd5a4?s=96&r=g","contentUrl":"https:\/\/secure.gravatar.com\/avatar\/5db6df507cfe1307e192fbb498c6b85f1cf2ffd8b4cd37141b9eea588fcbd5a4?s=96&r=g","caption":"Nacho Corro"},"description":"Comunicador Social, Periodista y Administraci\u00f3n P\u00fablica. Conversador pol\u00edtico, temas electorales y seguridad. Generador de contenidos digitales. Amante de la fotograf\u00eda","sameAs":["https:\/\/www.facebook.com\/jcorroherrera\/","www.instagram.com\/nachocorro\/","https:\/\/x.com\/Juan Ignacio Corro Herrera"],"url":"https:\/\/agencia.252.com.mx\/home\/author\/i-corro\/"}]}},"_links":{"self":[{"href":"https:\/\/agencia.252.com.mx\/home\/wp-json\/wp\/v2\/posts\/18793","targetHints":{"allow":["GET"]}}],"collection":[{"href":"https:\/\/agencia.252.com.mx\/home\/wp-json\/wp\/v2\/posts"}],"about":[{"href":"https:\/\/agencia.252.com.mx\/home\/wp-json\/wp\/v2\/types\/post"}],"author":[{"embeddable":true,"href":"https:\/\/agencia.252.com.mx\/home\/wp-json\/wp\/v2\/users\/5"}],"replies":[{"embeddable":true,"href":"https:\/\/agencia.252.com.mx\/home\/wp-json\/wp\/v2\/comments?post=18793"}],"version-history":[{"count":1,"href":"https:\/\/agencia.252.com.mx\/home\/wp-json\/wp\/v2\/posts\/18793\/revisions"}],"predecessor-version":[{"id":18797,"href":"https:\/\/agencia.252.com.mx\/home\/wp-json\/wp\/v2\/posts\/18793\/revisions\/18797"}],"wp:featuredmedia":[{"embeddable":true,"href":"https:\/\/agencia.252.com.mx\/home\/wp-json\/wp\/v2\/media\/18794"}],"wp:attachment":[{"href":"https:\/\/agencia.252.com.mx\/home\/wp-json\/wp\/v2\/media?parent=18793"}],"wp:term":[{"taxonomy":"category","embeddable":true,"href":"https:\/\/agencia.252.com.mx\/home\/wp-json\/wp\/v2\/categories?post=18793"},{"taxonomy":"post_tag","embeddable":true,"href":"https:\/\/agencia.252.com.mx\/home\/wp-json\/wp\/v2\/tags?post=18793"}],"curies":[{"name":"wp","href":"https:\/\/api.w.org\/{rel}","templated":true}]}}