{"id":18778,"date":"2026-04-27T19:30:12","date_gmt":"2026-04-28T01:30:12","guid":{"rendered":"https:\/\/agencia.252.com.mx\/home\/?p=18778"},"modified":"2026-04-27T20:11:21","modified_gmt":"2026-04-28T02:11:21","slug":"van-alcaldes-de-morena-por-estrategia-de-construccion-de-paz-y-seguridad-y-sistema-puvlica-de-cuidados-a-nivel-local","status":"publish","type":"post","link":"https:\/\/agencia.252.com.mx\/home\/van-alcaldes-de-morena-por-estrategia-de-construccion-de-paz-y-seguridad-y-sistema-puvlica-de-cuidados-a-nivel-local\/","title":{"rendered":"Van Alcaldes de Morena por estrategia de construcci\u00f3n de paz y seguridad y sistema p\u00favlica de cuidados a nivel local\u00a0"},"content":{"rendered":"<p>Visitas: 4<\/p>\n<ul class=\"wp-block-list\">\n<li><em>La mandataria capitalina tom\u00f3 protesta al nuevo presidente de la Asociaci\u00f3n de Autoridades Locales de M\u00e9xico A.C (AALMAC), &nbsp;Javier L\u00f3pez Casar\u00edn, alcalde de \u00c1lvaro Obreg\u00f3n, quien releva a Alma Denisse S\u00e1nchez Barrag\u00e1n, presidenta municipal de Morole\u00f3n, Guanajuato<\/em><\/li>\n<\/ul>\n\n\n\n<ul class=\"wp-block-list\">\n<li><em>Record\u00f3 que, hace casi 30 a\u00f1os, naci\u00f3 la alianza entre gobiernos municipales para la colaboraci\u00f3n, coordinaci\u00f3n y definici\u00f3n de estrategias en beneficio de sus territorio, pero principalmente de la poblaci\u00f3n&nbsp;<\/em><\/li>\n<\/ul>\n\n\n\n<p>Juan Ignacio Corro&nbsp;<\/p>\n\n\n\n<p class=\"has-text-align-right\">Ciudad de M\u00e9xico, a 27 de abril de 2026<\/p>\n\n\n\n<p>Durante la toma de protesta de la nueva presidencia de la Asociaci\u00f3n de Autoridades Locales de M\u00e9xico A.C. (AALMAC), la Jefa de Gobierno de la Ciudad de M\u00e9xico, Clara Brugada Molina, propuso a las y los presidentes municipales que la integran impulsar obras transformadoras y de alto impacto, as\u00ed como garantizar servicios p\u00fablicos esenciales y dignos.<\/p>\n\n\n\n<p>Ante gobernadores, representantes del Poder Judicial, legisladores y autoridades federales y estatales, Brugada Molina hizo un llamado a elaborar un sistema p\u00fablico de cuidados a nivel local que permita cada vez m\u00e1s a las mujeres integrarse a la vida econ\u00f3mica del pa\u00eds, erradicar la corrupci\u00f3n en el ejercicio de los recursos p\u00fablicos y convertirse en agentes estrat\u00e9gicos en la construcci\u00f3n de paz y seguridad desde abajo.<\/p>\n\n\n\n<p>Destac\u00f3 la prioridad de construir un sistema p\u00fablico de cuidados a nivel local para garantizar que las mujeres puedan integrarse a la vida econ\u00f3mica del pa\u00eds y que encamine rumbo a la construcci\u00f3n de un municipalismo feminista, por lo que llam\u00f3 a estos territorios a retomar este modelo de justicia social en favor de las mujeres.<\/p>\n\n\n\n<figure class=\"wp-block-image alignright size-medium\"><img fetchpriority=\"high\" decoding=\"async\" width=\"300\" height=\"200\" src=\"https:\/\/agencia.252.com.mx\/wp-content\/uploads\/2026\/04\/WhatsApp-Image-2026-04-27-at-2.54.33-PM-2-300x200.jpeg\" alt=\"\" class=\"wp-image-18779\" srcset=\"https:\/\/agencia.252.com.mx\/wp-content\/uploads\/2026\/04\/WhatsApp-Image-2026-04-27-at-2.54.33-PM-2-300x200.jpeg 300w, https:\/\/agencia.252.com.mx\/wp-content\/uploads\/2026\/04\/WhatsApp-Image-2026-04-27-at-2.54.33-PM-2-1024x682.jpeg 1024w, https:\/\/agencia.252.com.mx\/wp-content\/uploads\/2026\/04\/WhatsApp-Image-2026-04-27-at-2.54.33-PM-2-768x512.jpeg 768w, https:\/\/agencia.252.com.mx\/wp-content\/uploads\/2026\/04\/WhatsApp-Image-2026-04-27-at-2.54.33-PM-2-1536x1024.jpeg 1536w, https:\/\/agencia.252.com.mx\/wp-content\/uploads\/2026\/04\/WhatsApp-Image-2026-04-27-at-2.54.33-PM-2-2048x1365.jpeg 2048w\" sizes=\"(max-width: 300px) 100vw, 300px\" \/><\/figure>\n\n\n\n<p>Al recordar el nacimiento de la AALMAC, hace casi 30 a\u00f1os, como una alianza de gobiernos municipales progresistas, invit\u00f3 a los territorios que la conforman a sumarse a la Red Global de Ciudades y Gobiernos Locales (CGLU), de manera tal que&nbsp;&nbsp;permita concitar&nbsp;&nbsp;un movimiento internacional municipalista progresista a favor de la paz y del bienestar de nuestros pueblos y sumarse a la mayor organizaci\u00f3n mundial de ciudades y gobiernos locales.<\/p>\n\n\n\n<p>M\u00e1s adelante, reconoci\u00f3 al alcalde en \u00c1lvaro Obreg\u00f3n, Javier L\u00f3pez Casar\u00edn, por asumir la conducci\u00f3n de dicha asociaci\u00f3n y a los m\u00e1s de mil gobiernos locales y municipales de M\u00e9xico que la conforman, a quienes llam\u00f3 a trabajar unidos a favor del bienestar de la poblaci\u00f3n.<\/p>\n\n\n\n<p>Luego de rendir protesta, el nuevo presidente nacional de la AALMAC reconoci\u00f3 la trayectoria de la mandataria capitalina como una referente del municipalismo transformador, y manifest\u00f3 su agradecimiento por la confianza depositada en su persona.&nbsp;<\/p>\n\n\n\n<p>En este sentido, enfatiz\u00f3 que esta asociaci\u00f3n representa a m\u00e1s de 70 millones de mexicanas y mexicanos, lo que exige resultados, cercan\u00eda y un compromiso permanente con el bienestar de las comunidades.<\/p>\n\n\n\n<p>Ya con el cargo, L\u00f3pez Casar\u00edn sostuvo que M\u00e9xico vive un momento hist\u00f3rico en el que la consolidaci\u00f3n del segundo piso de la transformaci\u00f3n requiere gobiernos locales fuertes, eficaces y con visi\u00f3n de largo plazo.<\/p>\n\n\n\n<p>Asimismo, adelant\u00f3 que impulsar\u00e1 una agenda estrat\u00e9gica con ejes orientados a la atenci\u00f3n&nbsp;&nbsp;de desigualdades territoriales, la seguridad y la construcci\u00f3n de territorios de paz, la innovaci\u00f3n tecnol\u00f3gica aplicada a la gesti\u00f3n p\u00fablica y la sostenibilidad ambiental, rubros que ser\u00e1n atendidos con una visi\u00f3n integral, privilegiando el uso de la tecnolog\u00eda, la recuperaci\u00f3n de espacios p\u00fablicos y el fortalecimiento del tejido social.<\/p>\n\n\n\n<p>En materia de innovaci\u00f3n, subray\u00f3 la importancia de modernizar los servicios p\u00fablicos mediante procesos de digitalizaci\u00f3n y el uso de herramientas tecnol\u00f3gicas que permitan mejorar la toma de decisiones; adem\u00e1s, enfatiz\u00f3 la urgencia de atender los retos ambientales desde lo local, al advertir que el crecimiento urbano y el cambio clim\u00e1tico demandan acciones inmediatas y coordinadas.<\/p>\n\n\n\n<p>La presidenta saliente de la AALMAC, y titular municipal de Morole\u00f3n, Guanajuato,&nbsp;&nbsp;Alma Denisse S\u00e1nchez, reconoci\u00f3 el liderazgo de Brugada Molina y destac\u00f3 el fortalecimiento de la asociaci\u00f3n como un espacio de articulaci\u00f3n del municipalismo en el pa\u00eds, al subrayar su presencia en diversas entidades y el impulso de estrategias regionales que permiten compartir experiencias y construir soluciones colectivas.&nbsp;<\/p>\n","protected":false},"excerpt":{"rendered":"<p>Visitas: 4 Juan Ignacio Corro&nbsp; Ciudad de M\u00e9xico, a 27 de abril de 2026 Durante la toma de protesta de la nueva presidencia de la Asociaci\u00f3n de Autoridades Locales de M\u00e9xico A.C. (AALMAC), la Jefa de Gobierno de la Ciudad de M\u00e9xico, Clara Brugada Molina, propuso a las y los presidentes municipales que la integran [&hellip;]<\/p>\n","protected":false},"author":5,"featured_media":18780,"comment_status":"open","ping_status":"open","sticky":false,"template":"","format":"standard","meta":{"site-sidebar-layout":"default","site-content-layout":"","ast-site-content-layout":"default","site-content-style":"default","site-sidebar-style":"default","ast-global-header-display":"","ast-banner-title-visibility":"","ast-main-header-display":"","ast-hfb-above-header-display":"","ast-hfb-below-header-display":"","ast-hfb-mobile-header-display":"","site-post-title":"","ast-breadcrumbs-content":"","ast-featured-img":"","footer-sml-layout":"","ast-disable-related-posts":"","theme-transparent-header-meta":"","adv-header-id-meta":"","stick-header-meta":"","header-above-stick-meta":"","header-main-stick-meta":"","header-below-stick-meta":"","astra-migrate-meta-layouts":"set","ast-page-background-enabled":"default","ast-page-background-meta":{"desktop":{"background-color":"var(--ast-global-color-4)","background-image":"","background-repeat":"repeat","background-position":"center center","background-size":"auto","background-attachment":"scroll","background-type":"","background-media":"","overlay-type":"","overlay-color":"","overlay-opacity":"","overlay-gradient":""},"tablet":{"background-color":"","background-image":"","background-repeat":"repeat","background-position":"center center","background-size":"auto","background-attachment":"scroll","background-type":"","background-media":"","overlay-type":"","overlay-color":"","overlay-opacity":"","overlay-gradient":""},"mobile":{"background-color":"","background-image":"","background-repeat":"repeat","background-position":"center center","background-size":"auto","background-attachment":"scroll","background-type":"","background-media":"","overlay-type":"","overlay-color":"","overlay-opacity":"","overlay-gradient":""}},"ast-content-background-meta":{"desktop":{"background-color":"var(--ast-global-color-5)","background-image":"","background-repeat":"repeat","background-position":"center center","background-size":"auto","background-attachment":"scroll","background-type":"","background-media":"","overlay-type":"","overlay-color":"","overlay-opacity":"","overlay-gradient":""},"tablet":{"background-color":"var(--ast-global-color-5)","background-image":"","background-repeat":"repeat","background-position":"center center","background-size":"auto","background-attachment":"scroll","background-type":"","background-media":"","overlay-type":"","overlay-color":"","overlay-opacity":"","overlay-gradient":""},"mobile":{"background-color":"var(--ast-global-color-5)","background-image":"","background-repeat":"repeat","background-position":"center center","background-size":"auto","background-attachment":"scroll","background-type":"","background-media":"","overlay-type":"","overlay-color":"","overlay-opacity":"","overlay-gradient":""}},"footnotes":""},"categories":[69,512,68],"tags":[526],"class_list":["post-18778","post","type-post","status-publish","format-standard","has-post-thumbnail","hentry","category-cdmx","category-metropoli","category-seguridad","tag-edomex"],"yoast_head":"<!-- This site is optimized with the Yoast SEO plugin v27.4 - https:\/\/yoast.com\/product\/yoast-seo-wordpress\/ -->\n<title>Van Alcaldes de Morena por estrategia de construcci\u00f3n de paz y seguridad y sistema p\u00favlica de cuidados a nivel local\u00a0 - Agencia252<\/title>\n<meta name=\"robots\" content=\"index, follow, max-snippet:-1, max-image-preview:large, max-video-preview:-1\" \/>\n<link rel=\"canonical\" href=\"https:\/\/agencia.252.com.mx\/home\/van-alcaldes-de-morena-por-estrategia-de-construccion-de-paz-y-seguridad-y-sistema-puvlica-de-cuidados-a-nivel-local\/\" \/>\n<meta property=\"og:locale\" content=\"es_ES\" \/>\n<meta property=\"og:type\" content=\"article\" \/>\n<meta property=\"og:title\" content=\"Van Alcaldes de Morena por estrategia de construcci\u00f3n de paz y seguridad y sistema p\u00favlica de cuidados a nivel local\u00a0 - Agencia252\" \/>\n<meta property=\"og:description\" content=\"Visitas: 4 Juan Ignacio Corro&nbsp; Ciudad de M\u00e9xico, a 27 de abril de 2026 Durante la toma de protesta de la nueva presidencia de la Asociaci\u00f3n de Autoridades Locales de M\u00e9xico A.C. (AALMAC), la Jefa de Gobierno de la Ciudad de M\u00e9xico, Clara Brugada Molina, propuso a las y los presidentes municipales que la integran [&hellip;]\" \/>\n<meta property=\"og:url\" content=\"https:\/\/agencia.252.com.mx\/home\/van-alcaldes-de-morena-por-estrategia-de-construccion-de-paz-y-seguridad-y-sistema-puvlica-de-cuidados-a-nivel-local\/\" \/>\n<meta property=\"og:site_name\" content=\"Agencia252\" \/>\n<meta property=\"article:publisher\" content=\"https:\/\/www.facebook.com\/252Comunicacion\/\" \/>\n<meta property=\"article:author\" content=\"https:\/\/www.facebook.com\/jcorroherrera\/\" \/>\n<meta property=\"article:published_time\" content=\"2026-04-28T01:30:12+00:00\" \/>\n<meta property=\"article:modified_time\" content=\"2026-04-28T02:11:21+00:00\" \/>\n<meta property=\"og:image\" content=\"http:\/\/agencia.252.com.mx\/wp-content\/uploads\/2026\/04\/WhatsApp-Image-2026-04-27-at-2.54.33-PM.jpeg\" \/>\n\t<meta property=\"og:image:width\" content=\"2560\" \/>\n\t<meta property=\"og:image:height\" content=\"1662\" \/>\n\t<meta property=\"og:image:type\" content=\"image\/jpeg\" \/>\n<meta name=\"author\" content=\"Nacho Corro\" \/>\n<meta name=\"twitter:card\" content=\"summary_large_image\" \/>\n<meta name=\"twitter:creator\" content=\"@Juan Ignacio Corro Herrera\" \/>\n<meta name=\"twitter:site\" content=\"@252COMS\" \/>\n<meta name=\"twitter:label1\" content=\"Escrito por\" \/>\n\t<meta name=\"twitter:data1\" content=\"Nacho Corro\" \/>\n\t<meta name=\"twitter:label2\" content=\"Tiempo de lectura\" \/>\n\t<meta name=\"twitter:data2\" content=\"1 minuto\" \/>\n<script type=\"application\/ld+json\" class=\"yoast-schema-graph\">{\"@context\":\"https:\\\/\\\/schema.org\",\"@graph\":[{\"@type\":\"Article\",\"@id\":\"https:\\\/\\\/agencia.252.com.mx\\\/home\\\/van-alcaldes-de-morena-por-estrategia-de-construccion-de-paz-y-seguridad-y-sistema-puvlica-de-cuidados-a-nivel-local\\\/#article\",\"isPartOf\":{\"@id\":\"https:\\\/\\\/agencia.252.com.mx\\\/home\\\/van-alcaldes-de-morena-por-estrategia-de-construccion-de-paz-y-seguridad-y-sistema-puvlica-de-cuidados-a-nivel-local\\\/\"},\"author\":{\"name\":\"Nacho Corro\",\"@id\":\"https:\\\/\\\/agencia.252.com.mx\\\/home\\\/#\\\/schema\\\/person\\\/6b972021e9a92d45ade8c78d81509098\"},\"headline\":\"Van Alcaldes de Morena por estrategia de construcci\u00f3n de paz y seguridad y sistema p\u00favlica de cuidados a nivel local\u00a0\",\"datePublished\":\"2026-04-28T01:30:12+00:00\",\"dateModified\":\"2026-04-28T02:11:21+00:00\",\"mainEntityOfPage\":{\"@id\":\"https:\\\/\\\/agencia.252.com.mx\\\/home\\\/van-alcaldes-de-morena-por-estrategia-de-construccion-de-paz-y-seguridad-y-sistema-puvlica-de-cuidados-a-nivel-local\\\/\"},\"wordCount\":759,\"commentCount\":0,\"publisher\":{\"@id\":\"https:\\\/\\\/agencia.252.com.mx\\\/home\\\/#organization\"},\"image\":{\"@id\":\"https:\\\/\\\/agencia.252.com.mx\\\/home\\\/van-alcaldes-de-morena-por-estrategia-de-construccion-de-paz-y-seguridad-y-sistema-puvlica-de-cuidados-a-nivel-local\\\/#primaryimage\"},\"thumbnailUrl\":\"https:\\\/\\\/agencia.252.com.mx\\\/wp-content\\\/uploads\\\/2026\\\/04\\\/WhatsApp-Image-2026-04-27-at-2.54.33-PM.jpeg\",\"keywords\":[\"Edomex\"],\"articleSection\":[\"CDMX\",\"Metropoli\",\"Seguridad\"],\"inLanguage\":\"es\",\"potentialAction\":[{\"@type\":\"CommentAction\",\"name\":\"Comment\",\"target\":[\"https:\\\/\\\/agencia.252.com.mx\\\/home\\\/van-alcaldes-de-morena-por-estrategia-de-construccion-de-paz-y-seguridad-y-sistema-puvlica-de-cuidados-a-nivel-local\\\/#respond\"]}]},{\"@type\":\"WebPage\",\"@id\":\"https:\\\/\\\/agencia.252.com.mx\\\/home\\\/van-alcaldes-de-morena-por-estrategia-de-construccion-de-paz-y-seguridad-y-sistema-puvlica-de-cuidados-a-nivel-local\\\/\",\"url\":\"https:\\\/\\\/agencia.252.com.mx\\\/home\\\/van-alcaldes-de-morena-por-estrategia-de-construccion-de-paz-y-seguridad-y-sistema-puvlica-de-cuidados-a-nivel-local\\\/\",\"name\":\"Van Alcaldes de Morena por estrategia de construcci\u00f3n de paz y seguridad y sistema p\u00favlica de cuidados a nivel local\u00a0 - Agencia252\",\"isPartOf\":{\"@id\":\"https:\\\/\\\/agencia.252.com.mx\\\/home\\\/#website\"},\"primaryImageOfPage\":{\"@id\":\"https:\\\/\\\/agencia.252.com.mx\\\/home\\\/van-alcaldes-de-morena-por-estrategia-de-construccion-de-paz-y-seguridad-y-sistema-puvlica-de-cuidados-a-nivel-local\\\/#primaryimage\"},\"image\":{\"@id\":\"https:\\\/\\\/agencia.252.com.mx\\\/home\\\/van-alcaldes-de-morena-por-estrategia-de-construccion-de-paz-y-seguridad-y-sistema-puvlica-de-cuidados-a-nivel-local\\\/#primaryimage\"},\"thumbnailUrl\":\"https:\\\/\\\/agencia.252.com.mx\\\/wp-content\\\/uploads\\\/2026\\\/04\\\/WhatsApp-Image-2026-04-27-at-2.54.33-PM.jpeg\",\"datePublished\":\"2026-04-28T01:30:12+00:00\",\"dateModified\":\"2026-04-28T02:11:21+00:00\",\"breadcrumb\":{\"@id\":\"https:\\\/\\\/agencia.252.com.mx\\\/home\\\/van-alcaldes-de-morena-por-estrategia-de-construccion-de-paz-y-seguridad-y-sistema-puvlica-de-cuidados-a-nivel-local\\\/#breadcrumb\"},\"inLanguage\":\"es\",\"potentialAction\":[{\"@type\":\"ReadAction\",\"target\":[\"https:\\\/\\\/agencia.252.com.mx\\\/home\\\/van-alcaldes-de-morena-por-estrategia-de-construccion-de-paz-y-seguridad-y-sistema-puvlica-de-cuidados-a-nivel-local\\\/\"]}]},{\"@type\":\"ImageObject\",\"inLanguage\":\"es\",\"@id\":\"https:\\\/\\\/agencia.252.com.mx\\\/home\\\/van-alcaldes-de-morena-por-estrategia-de-construccion-de-paz-y-seguridad-y-sistema-puvlica-de-cuidados-a-nivel-local\\\/#primaryimage\",\"url\":\"https:\\\/\\\/agencia.252.com.mx\\\/wp-content\\\/uploads\\\/2026\\\/04\\\/WhatsApp-Image-2026-04-27-at-2.54.33-PM.jpeg\",\"contentUrl\":\"https:\\\/\\\/agencia.252.com.mx\\\/wp-content\\\/uploads\\\/2026\\\/04\\\/WhatsApp-Image-2026-04-27-at-2.54.33-PM.jpeg\",\"width\":2560,\"height\":1662},{\"@type\":\"BreadcrumbList\",\"@id\":\"https:\\\/\\\/agencia.252.com.mx\\\/home\\\/van-alcaldes-de-morena-por-estrategia-de-construccion-de-paz-y-seguridad-y-sistema-puvlica-de-cuidados-a-nivel-local\\\/#breadcrumb\",\"itemListElement\":[{\"@type\":\"ListItem\",\"position\":1,\"name\":\"Portada\",\"item\":\"https:\\\/\\\/agencia.252.com.mx\\\/home\\\/\"},{\"@type\":\"ListItem\",\"position\":2,\"name\":\"Van Alcaldes de Morena por estrategia de construcci\u00f3n de paz y seguridad y sistema p\u00favlica de cuidados a nivel local\u00a0\"}]},{\"@type\":\"WebSite\",\"@id\":\"https:\\\/\\\/agencia.252.com.mx\\\/home\\\/#website\",\"url\":\"https:\\\/\\\/agencia.252.com.mx\\\/home\\\/\",\"name\":\"Agencia252\",\"description\":\"Tu espacio en la Red\",\"publisher\":{\"@id\":\"https:\\\/\\\/agencia.252.com.mx\\\/home\\\/#organization\"},\"potentialAction\":[{\"@type\":\"SearchAction\",\"target\":{\"@type\":\"EntryPoint\",\"urlTemplate\":\"https:\\\/\\\/agencia.252.com.mx\\\/home\\\/?s={search_term_string}\"},\"query-input\":{\"@type\":\"PropertyValueSpecification\",\"valueRequired\":true,\"valueName\":\"search_term_string\"}}],\"inLanguage\":\"es\"},{\"@type\":\"Organization\",\"@id\":\"https:\\\/\\\/agencia.252.com.mx\\\/home\\\/#organization\",\"name\":\"Agencia252\",\"url\":\"https:\\\/\\\/agencia.252.com.mx\\\/home\\\/\",\"logo\":{\"@type\":\"ImageObject\",\"inLanguage\":\"es\",\"@id\":\"https:\\\/\\\/agencia.252.com.mx\\\/home\\\/#\\\/schema\\\/logo\\\/image\\\/\",\"url\":\"https:\\\/\\\/agencia.252.com.mx\\\/wp-content\\\/uploads\\\/2023\\\/02\\\/cropped-ciruclo-agencia-e1677562404136.png\",\"contentUrl\":\"https:\\\/\\\/agencia.252.com.mx\\\/wp-content\\\/uploads\\\/2023\\\/02\\\/cropped-ciruclo-agencia-e1677562404136.png\",\"width\":512,\"height\":512,\"caption\":\"Agencia252\"},\"image\":{\"@id\":\"https:\\\/\\\/agencia.252.com.mx\\\/home\\\/#\\\/schema\\\/logo\\\/image\\\/\"},\"sameAs\":[\"https:\\\/\\\/www.facebook.com\\\/252Comunicacion\\\/\",\"https:\\\/\\\/x.com\\\/252COMS\"]},{\"@type\":\"Person\",\"@id\":\"https:\\\/\\\/agencia.252.com.mx\\\/home\\\/#\\\/schema\\\/person\\\/6b972021e9a92d45ade8c78d81509098\",\"name\":\"Nacho Corro\",\"image\":{\"@type\":\"ImageObject\",\"inLanguage\":\"es\",\"@id\":\"https:\\\/\\\/secure.gravatar.com\\\/avatar\\\/5db6df507cfe1307e192fbb498c6b85f1cf2ffd8b4cd37141b9eea588fcbd5a4?s=96&r=g\",\"url\":\"https:\\\/\\\/secure.gravatar.com\\\/avatar\\\/5db6df507cfe1307e192fbb498c6b85f1cf2ffd8b4cd37141b9eea588fcbd5a4?s=96&r=g\",\"contentUrl\":\"https:\\\/\\\/secure.gravatar.com\\\/avatar\\\/5db6df507cfe1307e192fbb498c6b85f1cf2ffd8b4cd37141b9eea588fcbd5a4?s=96&r=g\",\"caption\":\"Nacho Corro\"},\"description\":\"Comunicador Social, Periodista y Administraci\u00f3n P\u00fablica. Conversador pol\u00edtico, temas electorales y seguridad. Generador de contenidos digitales. Amante de la fotograf\u00eda\",\"sameAs\":[\"https:\\\/\\\/www.facebook.com\\\/jcorroherrera\\\/\",\"www.instagram.com\\\/nachocorro\\\/\",\"https:\\\/\\\/x.com\\\/Juan Ignacio Corro Herrera\"],\"url\":\"https:\\\/\\\/agencia.252.com.mx\\\/home\\\/author\\\/i-corro\\\/\"}]}<\/script>\n<!-- \/ Yoast SEO plugin. -->","yoast_head_json":{"title":"Van Alcaldes de Morena por estrategia de construcci\u00f3n de paz y seguridad y sistema p\u00favlica de cuidados a nivel local\u00a0 - Agencia252","robots":{"index":"index","follow":"follow","max-snippet":"max-snippet:-1","max-image-preview":"max-image-preview:large","max-video-preview":"max-video-preview:-1"},"canonical":"https:\/\/agencia.252.com.mx\/home\/van-alcaldes-de-morena-por-estrategia-de-construccion-de-paz-y-seguridad-y-sistema-puvlica-de-cuidados-a-nivel-local\/","og_locale":"es_ES","og_type":"article","og_title":"Van Alcaldes de Morena por estrategia de construcci\u00f3n de paz y seguridad y sistema p\u00favlica de cuidados a nivel local\u00a0 - Agencia252","og_description":"Visitas: 4 Juan Ignacio Corro&nbsp; Ciudad de M\u00e9xico, a 27 de abril de 2026 Durante la toma de protesta de la nueva presidencia de la Asociaci\u00f3n de Autoridades Locales de M\u00e9xico A.C. (AALMAC), la Jefa de Gobierno de la Ciudad de M\u00e9xico, Clara Brugada Molina, propuso a las y los presidentes municipales que la integran [&hellip;]","og_url":"https:\/\/agencia.252.com.mx\/home\/van-alcaldes-de-morena-por-estrategia-de-construccion-de-paz-y-seguridad-y-sistema-puvlica-de-cuidados-a-nivel-local\/","og_site_name":"Agencia252","article_publisher":"https:\/\/www.facebook.com\/252Comunicacion\/","article_author":"https:\/\/www.facebook.com\/jcorroherrera\/","article_published_time":"2026-04-28T01:30:12+00:00","article_modified_time":"2026-04-28T02:11:21+00:00","og_image":[{"width":2560,"height":1662,"url":"http:\/\/agencia.252.com.mx\/wp-content\/uploads\/2026\/04\/WhatsApp-Image-2026-04-27-at-2.54.33-PM.jpeg","type":"image\/jpeg"}],"author":"Nacho Corro","twitter_card":"summary_large_image","twitter_creator":"@Juan Ignacio Corro Herrera","twitter_site":"@252COMS","twitter_misc":{"Escrito por":"Nacho Corro","Tiempo de lectura":"1 minuto"},"schema":{"@context":"https:\/\/schema.org","@graph":[{"@type":"Article","@id":"https:\/\/agencia.252.com.mx\/home\/van-alcaldes-de-morena-por-estrategia-de-construccion-de-paz-y-seguridad-y-sistema-puvlica-de-cuidados-a-nivel-local\/#article","isPartOf":{"@id":"https:\/\/agencia.252.com.mx\/home\/van-alcaldes-de-morena-por-estrategia-de-construccion-de-paz-y-seguridad-y-sistema-puvlica-de-cuidados-a-nivel-local\/"},"author":{"name":"Nacho Corro","@id":"https:\/\/agencia.252.com.mx\/home\/#\/schema\/person\/6b972021e9a92d45ade8c78d81509098"},"headline":"Van Alcaldes de Morena por estrategia de construcci\u00f3n de paz y seguridad y sistema p\u00favlica de cuidados a nivel local\u00a0","datePublished":"2026-04-28T01:30:12+00:00","dateModified":"2026-04-28T02:11:21+00:00","mainEntityOfPage":{"@id":"https:\/\/agencia.252.com.mx\/home\/van-alcaldes-de-morena-por-estrategia-de-construccion-de-paz-y-seguridad-y-sistema-puvlica-de-cuidados-a-nivel-local\/"},"wordCount":759,"commentCount":0,"publisher":{"@id":"https:\/\/agencia.252.com.mx\/home\/#organization"},"image":{"@id":"https:\/\/agencia.252.com.mx\/home\/van-alcaldes-de-morena-por-estrategia-de-construccion-de-paz-y-seguridad-y-sistema-puvlica-de-cuidados-a-nivel-local\/#primaryimage"},"thumbnailUrl":"https:\/\/agencia.252.com.mx\/wp-content\/uploads\/2026\/04\/WhatsApp-Image-2026-04-27-at-2.54.33-PM.jpeg","keywords":["Edomex"],"articleSection":["CDMX","Metropoli","Seguridad"],"inLanguage":"es","potentialAction":[{"@type":"CommentAction","name":"Comment","target":["https:\/\/agencia.252.com.mx\/home\/van-alcaldes-de-morena-por-estrategia-de-construccion-de-paz-y-seguridad-y-sistema-puvlica-de-cuidados-a-nivel-local\/#respond"]}]},{"@type":"WebPage","@id":"https:\/\/agencia.252.com.mx\/home\/van-alcaldes-de-morena-por-estrategia-de-construccion-de-paz-y-seguridad-y-sistema-puvlica-de-cuidados-a-nivel-local\/","url":"https:\/\/agencia.252.com.mx\/home\/van-alcaldes-de-morena-por-estrategia-de-construccion-de-paz-y-seguridad-y-sistema-puvlica-de-cuidados-a-nivel-local\/","name":"Van Alcaldes de Morena por estrategia de construcci\u00f3n de paz y seguridad y sistema p\u00favlica de cuidados a nivel local\u00a0 - Agencia252","isPartOf":{"@id":"https:\/\/agencia.252.com.mx\/home\/#website"},"primaryImageOfPage":{"@id":"https:\/\/agencia.252.com.mx\/home\/van-alcaldes-de-morena-por-estrategia-de-construccion-de-paz-y-seguridad-y-sistema-puvlica-de-cuidados-a-nivel-local\/#primaryimage"},"image":{"@id":"https:\/\/agencia.252.com.mx\/home\/van-alcaldes-de-morena-por-estrategia-de-construccion-de-paz-y-seguridad-y-sistema-puvlica-de-cuidados-a-nivel-local\/#primaryimage"},"thumbnailUrl":"https:\/\/agencia.252.com.mx\/wp-content\/uploads\/2026\/04\/WhatsApp-Image-2026-04-27-at-2.54.33-PM.jpeg","datePublished":"2026-04-28T01:30:12+00:00","dateModified":"2026-04-28T02:11:21+00:00","breadcrumb":{"@id":"https:\/\/agencia.252.com.mx\/home\/van-alcaldes-de-morena-por-estrategia-de-construccion-de-paz-y-seguridad-y-sistema-puvlica-de-cuidados-a-nivel-local\/#breadcrumb"},"inLanguage":"es","potentialAction":[{"@type":"ReadAction","target":["https:\/\/agencia.252.com.mx\/home\/van-alcaldes-de-morena-por-estrategia-de-construccion-de-paz-y-seguridad-y-sistema-puvlica-de-cuidados-a-nivel-local\/"]}]},{"@type":"ImageObject","inLanguage":"es","@id":"https:\/\/agencia.252.com.mx\/home\/van-alcaldes-de-morena-por-estrategia-de-construccion-de-paz-y-seguridad-y-sistema-puvlica-de-cuidados-a-nivel-local\/#primaryimage","url":"https:\/\/agencia.252.com.mx\/wp-content\/uploads\/2026\/04\/WhatsApp-Image-2026-04-27-at-2.54.33-PM.jpeg","contentUrl":"https:\/\/agencia.252.com.mx\/wp-content\/uploads\/2026\/04\/WhatsApp-Image-2026-04-27-at-2.54.33-PM.jpeg","width":2560,"height":1662},{"@type":"BreadcrumbList","@id":"https:\/\/agencia.252.com.mx\/home\/van-alcaldes-de-morena-por-estrategia-de-construccion-de-paz-y-seguridad-y-sistema-puvlica-de-cuidados-a-nivel-local\/#breadcrumb","itemListElement":[{"@type":"ListItem","position":1,"name":"Portada","item":"https:\/\/agencia.252.com.mx\/home\/"},{"@type":"ListItem","position":2,"name":"Van Alcaldes de Morena por estrategia de construcci\u00f3n de paz y seguridad y sistema p\u00favlica de cuidados a nivel local\u00a0"}]},{"@type":"WebSite","@id":"https:\/\/agencia.252.com.mx\/home\/#website","url":"https:\/\/agencia.252.com.mx\/home\/","name":"Agencia252","description":"Tu espacio en la Red","publisher":{"@id":"https:\/\/agencia.252.com.mx\/home\/#organization"},"potentialAction":[{"@type":"SearchAction","target":{"@type":"EntryPoint","urlTemplate":"https:\/\/agencia.252.com.mx\/home\/?s={search_term_string}"},"query-input":{"@type":"PropertyValueSpecification","valueRequired":true,"valueName":"search_term_string"}}],"inLanguage":"es"},{"@type":"Organization","@id":"https:\/\/agencia.252.com.mx\/home\/#organization","name":"Agencia252","url":"https:\/\/agencia.252.com.mx\/home\/","logo":{"@type":"ImageObject","inLanguage":"es","@id":"https:\/\/agencia.252.com.mx\/home\/#\/schema\/logo\/image\/","url":"https:\/\/agencia.252.com.mx\/wp-content\/uploads\/2023\/02\/cropped-ciruclo-agencia-e1677562404136.png","contentUrl":"https:\/\/agencia.252.com.mx\/wp-content\/uploads\/2023\/02\/cropped-ciruclo-agencia-e1677562404136.png","width":512,"height":512,"caption":"Agencia252"},"image":{"@id":"https:\/\/agencia.252.com.mx\/home\/#\/schema\/logo\/image\/"},"sameAs":["https:\/\/www.facebook.com\/252Comunicacion\/","https:\/\/x.com\/252COMS"]},{"@type":"Person","@id":"https:\/\/agencia.252.com.mx\/home\/#\/schema\/person\/6b972021e9a92d45ade8c78d81509098","name":"Nacho Corro","image":{"@type":"ImageObject","inLanguage":"es","@id":"https:\/\/secure.gravatar.com\/avatar\/5db6df507cfe1307e192fbb498c6b85f1cf2ffd8b4cd37141b9eea588fcbd5a4?s=96&r=g","url":"https:\/\/secure.gravatar.com\/avatar\/5db6df507cfe1307e192fbb498c6b85f1cf2ffd8b4cd37141b9eea588fcbd5a4?s=96&r=g","contentUrl":"https:\/\/secure.gravatar.com\/avatar\/5db6df507cfe1307e192fbb498c6b85f1cf2ffd8b4cd37141b9eea588fcbd5a4?s=96&r=g","caption":"Nacho Corro"},"description":"Comunicador Social, Periodista y Administraci\u00f3n P\u00fablica. Conversador pol\u00edtico, temas electorales y seguridad. Generador de contenidos digitales. Amante de la fotograf\u00eda","sameAs":["https:\/\/www.facebook.com\/jcorroherrera\/","www.instagram.com\/nachocorro\/","https:\/\/x.com\/Juan Ignacio Corro Herrera"],"url":"https:\/\/agencia.252.com.mx\/home\/author\/i-corro\/"}]}},"_links":{"self":[{"href":"https:\/\/agencia.252.com.mx\/home\/wp-json\/wp\/v2\/posts\/18778","targetHints":{"allow":["GET"]}}],"collection":[{"href":"https:\/\/agencia.252.com.mx\/home\/wp-json\/wp\/v2\/posts"}],"about":[{"href":"https:\/\/agencia.252.com.mx\/home\/wp-json\/wp\/v2\/types\/post"}],"author":[{"embeddable":true,"href":"https:\/\/agencia.252.com.mx\/home\/wp-json\/wp\/v2\/users\/5"}],"replies":[{"embeddable":true,"href":"https:\/\/agencia.252.com.mx\/home\/wp-json\/wp\/v2\/comments?post=18778"}],"version-history":[{"count":2,"href":"https:\/\/agencia.252.com.mx\/home\/wp-json\/wp\/v2\/posts\/18778\/revisions"}],"predecessor-version":[{"id":18786,"href":"https:\/\/agencia.252.com.mx\/home\/wp-json\/wp\/v2\/posts\/18778\/revisions\/18786"}],"wp:featuredmedia":[{"embeddable":true,"href":"https:\/\/agencia.252.com.mx\/home\/wp-json\/wp\/v2\/media\/18780"}],"wp:attachment":[{"href":"https:\/\/agencia.252.com.mx\/home\/wp-json\/wp\/v2\/media?parent=18778"}],"wp:term":[{"taxonomy":"category","embeddable":true,"href":"https:\/\/agencia.252.com.mx\/home\/wp-json\/wp\/v2\/categories?post=18778"},{"taxonomy":"post_tag","embeddable":true,"href":"https:\/\/agencia.252.com.mx\/home\/wp-json\/wp\/v2\/tags?post=18778"}],"curies":[{"name":"wp","href":"https:\/\/api.w.org\/{rel}","templated":true}]}}