{"id":18775,"date":"2026-04-27T19:07:08","date_gmt":"2026-04-28T01:07:08","guid":{"rendered":"https:\/\/agencia.252.com.mx\/home\/?p=18775"},"modified":"2026-04-27T20:11:39","modified_gmt":"2026-04-28T02:11:39","slug":"vinculan-a-proceso-a-los-4-resposables-que-aventaron-un-paquete-explosivo-a-los-juzgados-de-nezahualcoyotl","status":"publish","type":"post","link":"https:\/\/agencia.252.com.mx\/home\/vinculan-a-proceso-a-los-4-resposables-que-aventaron-un-paquete-explosivo-a-los-juzgados-de-nezahualcoyotl\/","title":{"rendered":"Vinculan a proceso a los 4 resposables que aventaron un paquete explosivo a los Juzgados de Nezahualc\u00f3yotl"},"content":{"rendered":"<p>Visitas: 2<\/p>\n<ul class=\"wp-block-list\">\n<li><em>Los detenidos se encuentran relacionados con el ataque a las instalaciones de un edificio del Poder Judicial ubicado en el municipio de Nezahualc\u00f3yotl, derivado del cual un vigilante result\u00f3 con lesiones.<\/em><\/li>\n\n\n\n<li><em>Los investigados probablemente est\u00e1n relacionados con el grupo delictivo \u201cLos de adeveras<\/em><\/li>\n<\/ul>\n\n\n\n<p>Juan Ignacio Corro&nbsp;<\/p>\n\n\n\n<p class=\"has-text-align-right\">Naucalpan, Estado de M\u00e9xico, a 27 de abril de 2026<\/p>\n\n\n\n<p>Axel Jos\u00e9 \u201cN\u201d, Mois\u00e9s Alfredo \u201cN\u201d, David \u201cN\u201d alias \u201cViruta\u201d y de Brandon \u201cN\u201d, fueron vinculados a proceso luego de que la Fiscal\u00eda General de Justicia del Estado de M\u00e9xico acreditara su posible participaci\u00f3n en el delito de homicidio en grado de tentativa y da\u00f1o en los bienes, tras arrojar una bomba a los Juzgados de Control y Tribunal de Enjuiciamiento de Nezahualc\u00f3yotl<\/p>\n\n\n\n<p>Los investigados probablemente est\u00e1n relacionados con el grupo delictivo \u201cLos de adeveras\u201d dedicado al homicidio, extorsi\u00f3n y a la comercializaci\u00f3n de narc\u00f3ticos en los municipios de Chimalhuac\u00e1n y Nezahualc\u00f3yotl y son considerados como generadores de violencia en esta zona de la entidad.<\/p>\n\n\n\n<p>Los hechos por los que fueron vinculados a proceso se registraron el d\u00eda 13 de febrero de este a\u00f1o, cuando los cuatro investigados, acompa\u00f1ados de tres sujetos m\u00e1s, habr\u00edan arribado a esas instalaciones y, desde una motocicleta, habr\u00edan arrojado hacia el interior del inmueble una bolsa negra con un artefacto explosivo en su interior.<\/p>\n\n\n\n<p>Al notar esto, la v\u00edctima, quien se desempe\u00f1aba como guardia de seguridad, se acerc\u00f3 a inspeccionarla, pero en ese momento explot\u00f3 caus\u00e1ndole lesiones que ponen en riesgo su vida, adem\u00e1s de causar da\u00f1os al edificio del Poder Judicial.<\/p>\n\n\n\n<p>En el lugar se localiz\u00f3 una cartulina con un mensaje intimidatorio que hac\u00eda referencia a un grupo delictivo de la zona.<\/p>\n\n\n\n<p>Una vez que se tuvo conocimiento de estos hechos, la Fiscal\u00eda inici\u00f3 con la investigaci\u00f3n que permiti\u00f3 identificar a estos sujetos como los posibles responsables de los hechos, por lo que solicit\u00f3 al Juez girar una orden de aprehensi\u00f3n en su contra.<\/p>\n\n\n\n<p>Al dar cumplimiento al mandamiento judicial, fue posible ingresarlos al Centro Penitenciario y de Reinserci\u00f3n Social de la zona, donde quedaron a disposici\u00f3n de la Autoridad Judicial, quien, tras analizar los datos de prueba aportados por esta Fiscal\u00eda, determin\u00f3 su vinculaci\u00f3n a proceso, imponi\u00e9ndoles la medida cautelar de prisi\u00f3n preventiva y un plazo para el cierre de investigaci\u00f3n complementaria de tres meses.<\/p>\n\n\n\n<p>De ser considerados culpables de estos hechos delictivos, podr\u00edan obtener una sentencia de hasta 54 a\u00f1os de prisi\u00f3n, cada uno de ellos, sin embargo, se les debe de considerar inocentes hasta que un Juez determine lo contrario mediante una sentencia.<\/p>\n","protected":false},"excerpt":{"rendered":"<p>Visitas: 2 Juan Ignacio Corro&nbsp; Naucalpan, Estado de M\u00e9xico, a 27 de abril de 2026 Axel Jos\u00e9 \u201cN\u201d, Mois\u00e9s Alfredo \u201cN\u201d, David \u201cN\u201d alias \u201cViruta\u201d y de Brandon \u201cN\u201d, fueron vinculados a proceso luego de que la Fiscal\u00eda General de Justicia del Estado de M\u00e9xico acreditara su posible participaci\u00f3n en el delito de homicidio en [&hellip;]<\/p>\n","protected":false},"author":5,"featured_media":18776,"comment_status":"open","ping_status":"open","sticky":false,"template":"","format":"standard","meta":{"site-sidebar-layout":"default","site-content-layout":"","ast-site-content-layout":"default","site-content-style":"default","site-sidebar-style":"default","ast-global-header-display":"","ast-banner-title-visibility":"","ast-main-header-display":"","ast-hfb-above-header-display":"","ast-hfb-below-header-display":"","ast-hfb-mobile-header-display":"","site-post-title":"","ast-breadcrumbs-content":"","ast-featured-img":"","footer-sml-layout":"","ast-disable-related-posts":"","theme-transparent-header-meta":"","adv-header-id-meta":"","stick-header-meta":"","header-above-stick-meta":"","header-main-stick-meta":"","header-below-stick-meta":"","astra-migrate-meta-layouts":"set","ast-page-background-enabled":"default","ast-page-background-meta":{"desktop":{"background-color":"var(--ast-global-color-4)","background-image":"","background-repeat":"repeat","background-position":"center center","background-size":"auto","background-attachment":"scroll","background-type":"","background-media":"","overlay-type":"","overlay-color":"","overlay-opacity":"","overlay-gradient":""},"tablet":{"background-color":"","background-image":"","background-repeat":"repeat","background-position":"center center","background-size":"auto","background-attachment":"scroll","background-type":"","background-media":"","overlay-type":"","overlay-color":"","overlay-opacity":"","overlay-gradient":""},"mobile":{"background-color":"","background-image":"","background-repeat":"repeat","background-position":"center center","background-size":"auto","background-attachment":"scroll","background-type":"","background-media":"","overlay-type":"","overlay-color":"","overlay-opacity":"","overlay-gradient":""}},"ast-content-background-meta":{"desktop":{"background-color":"var(--ast-global-color-5)","background-image":"","background-repeat":"repeat","background-position":"center center","background-size":"auto","background-attachment":"scroll","background-type":"","background-media":"","overlay-type":"","overlay-color":"","overlay-opacity":"","overlay-gradient":""},"tablet":{"background-color":"var(--ast-global-color-5)","background-image":"","background-repeat":"repeat","background-position":"center center","background-size":"auto","background-attachment":"scroll","background-type":"","background-media":"","overlay-type":"","overlay-color":"","overlay-opacity":"","overlay-gradient":""},"mobile":{"background-color":"var(--ast-global-color-5)","background-image":"","background-repeat":"repeat","background-position":"center center","background-size":"auto","background-attachment":"scroll","background-type":"","background-media":"","overlay-type":"","overlay-color":"","overlay-opacity":"","overlay-gradient":""}},"footnotes":""},"categories":[265,8,68],"tags":[526],"class_list":["post-18775","post","type-post","status-publish","format-standard","has-post-thumbnail","hentry","category-delincuencia","category-edomex","category-seguridad","tag-edomex"],"yoast_head":"<!-- This site is optimized with the Yoast SEO plugin v27.4 - https:\/\/yoast.com\/product\/yoast-seo-wordpress\/ -->\n<title>Vinculan a proceso a los 4 resposables que aventaron un paquete explosivo a los Juzgados de Nezahualc\u00f3yotl - Agencia252<\/title>\n<meta name=\"robots\" content=\"index, follow, max-snippet:-1, max-image-preview:large, max-video-preview:-1\" \/>\n<link rel=\"canonical\" href=\"https:\/\/agencia.252.com.mx\/home\/vinculan-a-proceso-a-los-4-resposables-que-aventaron-un-paquete-explosivo-a-los-juzgados-de-nezahualcoyotl\/\" \/>\n<meta property=\"og:locale\" content=\"es_ES\" \/>\n<meta property=\"og:type\" content=\"article\" \/>\n<meta property=\"og:title\" content=\"Vinculan a proceso a los 4 resposables que aventaron un paquete explosivo a los Juzgados de Nezahualc\u00f3yotl - Agencia252\" \/>\n<meta property=\"og:description\" content=\"Visitas: 2 Juan Ignacio Corro&nbsp; Naucalpan, Estado de M\u00e9xico, a 27 de abril de 2026 Axel Jos\u00e9 \u201cN\u201d, Mois\u00e9s Alfredo \u201cN\u201d, David \u201cN\u201d alias \u201cViruta\u201d y de Brandon \u201cN\u201d, fueron vinculados a proceso luego de que la Fiscal\u00eda General de Justicia del Estado de M\u00e9xico acreditara su posible participaci\u00f3n en el delito de homicidio en [&hellip;]\" \/>\n<meta property=\"og:url\" content=\"https:\/\/agencia.252.com.mx\/home\/vinculan-a-proceso-a-los-4-resposables-que-aventaron-un-paquete-explosivo-a-los-juzgados-de-nezahualcoyotl\/\" \/>\n<meta property=\"og:site_name\" content=\"Agencia252\" \/>\n<meta property=\"article:publisher\" content=\"https:\/\/www.facebook.com\/252Comunicacion\/\" \/>\n<meta property=\"article:author\" content=\"https:\/\/www.facebook.com\/jcorroherrera\/\" \/>\n<meta property=\"article:published_time\" content=\"2026-04-28T01:07:08+00:00\" \/>\n<meta property=\"article:modified_time\" content=\"2026-04-28T02:11:39+00:00\" \/>\n<meta property=\"og:image\" content=\"http:\/\/agencia.252.com.mx\/wp-content\/uploads\/2026\/04\/WhatsApp-Image-2026-04-27-at-2.01.18-PM.jpeg\" \/>\n\t<meta property=\"og:image:width\" content=\"1500\" \/>\n\t<meta property=\"og:image:height\" content=\"1600\" \/>\n\t<meta property=\"og:image:type\" content=\"image\/jpeg\" \/>\n<meta name=\"author\" content=\"Nacho Corro\" \/>\n<meta name=\"twitter:card\" content=\"summary_large_image\" \/>\n<meta name=\"twitter:creator\" content=\"@Juan Ignacio Corro Herrera\" \/>\n<meta name=\"twitter:site\" content=\"@252COMS\" \/>\n<meta name=\"twitter:label1\" content=\"Escrito por\" \/>\n\t<meta name=\"twitter:data1\" content=\"Nacho Corro\" \/>\n\t<meta name=\"twitter:label2\" content=\"Tiempo de lectura\" \/>\n\t<meta name=\"twitter:data2\" content=\"1 minuto\" \/>\n<script type=\"application\/ld+json\" class=\"yoast-schema-graph\">{\"@context\":\"https:\\\/\\\/schema.org\",\"@graph\":[{\"@type\":\"Article\",\"@id\":\"https:\\\/\\\/agencia.252.com.mx\\\/home\\\/vinculan-a-proceso-a-los-4-resposables-que-aventaron-un-paquete-explosivo-a-los-juzgados-de-nezahualcoyotl\\\/#article\",\"isPartOf\":{\"@id\":\"https:\\\/\\\/agencia.252.com.mx\\\/home\\\/vinculan-a-proceso-a-los-4-resposables-que-aventaron-un-paquete-explosivo-a-los-juzgados-de-nezahualcoyotl\\\/\"},\"author\":{\"name\":\"Nacho Corro\",\"@id\":\"https:\\\/\\\/agencia.252.com.mx\\\/home\\\/#\\\/schema\\\/person\\\/6b972021e9a92d45ade8c78d81509098\"},\"headline\":\"Vinculan a proceso a los 4 resposables que aventaron un paquete explosivo a los Juzgados de Nezahualc\u00f3yotl\",\"datePublished\":\"2026-04-28T01:07:08+00:00\",\"dateModified\":\"2026-04-28T02:11:39+00:00\",\"mainEntityOfPage\":{\"@id\":\"https:\\\/\\\/agencia.252.com.mx\\\/home\\\/vinculan-a-proceso-a-los-4-resposables-que-aventaron-un-paquete-explosivo-a-los-juzgados-de-nezahualcoyotl\\\/\"},\"wordCount\":472,\"commentCount\":0,\"publisher\":{\"@id\":\"https:\\\/\\\/agencia.252.com.mx\\\/home\\\/#organization\"},\"image\":{\"@id\":\"https:\\\/\\\/agencia.252.com.mx\\\/home\\\/vinculan-a-proceso-a-los-4-resposables-que-aventaron-un-paquete-explosivo-a-los-juzgados-de-nezahualcoyotl\\\/#primaryimage\"},\"thumbnailUrl\":\"https:\\\/\\\/agencia.252.com.mx\\\/wp-content\\\/uploads\\\/2026\\\/04\\\/WhatsApp-Image-2026-04-27-at-2.01.18-PM.jpeg\",\"keywords\":[\"Edomex\"],\"articleSection\":[\"Delincuencia\",\"Edomex\",\"Seguridad\"],\"inLanguage\":\"es\",\"potentialAction\":[{\"@type\":\"CommentAction\",\"name\":\"Comment\",\"target\":[\"https:\\\/\\\/agencia.252.com.mx\\\/home\\\/vinculan-a-proceso-a-los-4-resposables-que-aventaron-un-paquete-explosivo-a-los-juzgados-de-nezahualcoyotl\\\/#respond\"]}]},{\"@type\":\"WebPage\",\"@id\":\"https:\\\/\\\/agencia.252.com.mx\\\/home\\\/vinculan-a-proceso-a-los-4-resposables-que-aventaron-un-paquete-explosivo-a-los-juzgados-de-nezahualcoyotl\\\/\",\"url\":\"https:\\\/\\\/agencia.252.com.mx\\\/home\\\/vinculan-a-proceso-a-los-4-resposables-que-aventaron-un-paquete-explosivo-a-los-juzgados-de-nezahualcoyotl\\\/\",\"name\":\"Vinculan a proceso a los 4 resposables que aventaron un paquete explosivo a los Juzgados de Nezahualc\u00f3yotl - Agencia252\",\"isPartOf\":{\"@id\":\"https:\\\/\\\/agencia.252.com.mx\\\/home\\\/#website\"},\"primaryImageOfPage\":{\"@id\":\"https:\\\/\\\/agencia.252.com.mx\\\/home\\\/vinculan-a-proceso-a-los-4-resposables-que-aventaron-un-paquete-explosivo-a-los-juzgados-de-nezahualcoyotl\\\/#primaryimage\"},\"image\":{\"@id\":\"https:\\\/\\\/agencia.252.com.mx\\\/home\\\/vinculan-a-proceso-a-los-4-resposables-que-aventaron-un-paquete-explosivo-a-los-juzgados-de-nezahualcoyotl\\\/#primaryimage\"},\"thumbnailUrl\":\"https:\\\/\\\/agencia.252.com.mx\\\/wp-content\\\/uploads\\\/2026\\\/04\\\/WhatsApp-Image-2026-04-27-at-2.01.18-PM.jpeg\",\"datePublished\":\"2026-04-28T01:07:08+00:00\",\"dateModified\":\"2026-04-28T02:11:39+00:00\",\"breadcrumb\":{\"@id\":\"https:\\\/\\\/agencia.252.com.mx\\\/home\\\/vinculan-a-proceso-a-los-4-resposables-que-aventaron-un-paquete-explosivo-a-los-juzgados-de-nezahualcoyotl\\\/#breadcrumb\"},\"inLanguage\":\"es\",\"potentialAction\":[{\"@type\":\"ReadAction\",\"target\":[\"https:\\\/\\\/agencia.252.com.mx\\\/home\\\/vinculan-a-proceso-a-los-4-resposables-que-aventaron-un-paquete-explosivo-a-los-juzgados-de-nezahualcoyotl\\\/\"]}]},{\"@type\":\"ImageObject\",\"inLanguage\":\"es\",\"@id\":\"https:\\\/\\\/agencia.252.com.mx\\\/home\\\/vinculan-a-proceso-a-los-4-resposables-que-aventaron-un-paquete-explosivo-a-los-juzgados-de-nezahualcoyotl\\\/#primaryimage\",\"url\":\"https:\\\/\\\/agencia.252.com.mx\\\/wp-content\\\/uploads\\\/2026\\\/04\\\/WhatsApp-Image-2026-04-27-at-2.01.18-PM.jpeg\",\"contentUrl\":\"https:\\\/\\\/agencia.252.com.mx\\\/wp-content\\\/uploads\\\/2026\\\/04\\\/WhatsApp-Image-2026-04-27-at-2.01.18-PM.jpeg\",\"width\":1500,\"height\":1600},{\"@type\":\"BreadcrumbList\",\"@id\":\"https:\\\/\\\/agencia.252.com.mx\\\/home\\\/vinculan-a-proceso-a-los-4-resposables-que-aventaron-un-paquete-explosivo-a-los-juzgados-de-nezahualcoyotl\\\/#breadcrumb\",\"itemListElement\":[{\"@type\":\"ListItem\",\"position\":1,\"name\":\"Portada\",\"item\":\"https:\\\/\\\/agencia.252.com.mx\\\/home\\\/\"},{\"@type\":\"ListItem\",\"position\":2,\"name\":\"Vinculan a proceso a los 4 resposables que aventaron un paquete explosivo a los Juzgados de Nezahualc\u00f3yotl\"}]},{\"@type\":\"WebSite\",\"@id\":\"https:\\\/\\\/agencia.252.com.mx\\\/home\\\/#website\",\"url\":\"https:\\\/\\\/agencia.252.com.mx\\\/home\\\/\",\"name\":\"Agencia252\",\"description\":\"Tu espacio en la Red\",\"publisher\":{\"@id\":\"https:\\\/\\\/agencia.252.com.mx\\\/home\\\/#organization\"},\"potentialAction\":[{\"@type\":\"SearchAction\",\"target\":{\"@type\":\"EntryPoint\",\"urlTemplate\":\"https:\\\/\\\/agencia.252.com.mx\\\/home\\\/?s={search_term_string}\"},\"query-input\":{\"@type\":\"PropertyValueSpecification\",\"valueRequired\":true,\"valueName\":\"search_term_string\"}}],\"inLanguage\":\"es\"},{\"@type\":\"Organization\",\"@id\":\"https:\\\/\\\/agencia.252.com.mx\\\/home\\\/#organization\",\"name\":\"Agencia252\",\"url\":\"https:\\\/\\\/agencia.252.com.mx\\\/home\\\/\",\"logo\":{\"@type\":\"ImageObject\",\"inLanguage\":\"es\",\"@id\":\"https:\\\/\\\/agencia.252.com.mx\\\/home\\\/#\\\/schema\\\/logo\\\/image\\\/\",\"url\":\"https:\\\/\\\/agencia.252.com.mx\\\/wp-content\\\/uploads\\\/2023\\\/02\\\/cropped-ciruclo-agencia-e1677562404136.png\",\"contentUrl\":\"https:\\\/\\\/agencia.252.com.mx\\\/wp-content\\\/uploads\\\/2023\\\/02\\\/cropped-ciruclo-agencia-e1677562404136.png\",\"width\":512,\"height\":512,\"caption\":\"Agencia252\"},\"image\":{\"@id\":\"https:\\\/\\\/agencia.252.com.mx\\\/home\\\/#\\\/schema\\\/logo\\\/image\\\/\"},\"sameAs\":[\"https:\\\/\\\/www.facebook.com\\\/252Comunicacion\\\/\",\"https:\\\/\\\/x.com\\\/252COMS\"]},{\"@type\":\"Person\",\"@id\":\"https:\\\/\\\/agencia.252.com.mx\\\/home\\\/#\\\/schema\\\/person\\\/6b972021e9a92d45ade8c78d81509098\",\"name\":\"Nacho Corro\",\"image\":{\"@type\":\"ImageObject\",\"inLanguage\":\"es\",\"@id\":\"https:\\\/\\\/secure.gravatar.com\\\/avatar\\\/5db6df507cfe1307e192fbb498c6b85f1cf2ffd8b4cd37141b9eea588fcbd5a4?s=96&r=g\",\"url\":\"https:\\\/\\\/secure.gravatar.com\\\/avatar\\\/5db6df507cfe1307e192fbb498c6b85f1cf2ffd8b4cd37141b9eea588fcbd5a4?s=96&r=g\",\"contentUrl\":\"https:\\\/\\\/secure.gravatar.com\\\/avatar\\\/5db6df507cfe1307e192fbb498c6b85f1cf2ffd8b4cd37141b9eea588fcbd5a4?s=96&r=g\",\"caption\":\"Nacho Corro\"},\"description\":\"Comunicador Social, Periodista y Administraci\u00f3n P\u00fablica. Conversador pol\u00edtico, temas electorales y seguridad. Generador de contenidos digitales. Amante de la fotograf\u00eda\",\"sameAs\":[\"https:\\\/\\\/www.facebook.com\\\/jcorroherrera\\\/\",\"www.instagram.com\\\/nachocorro\\\/\",\"https:\\\/\\\/x.com\\\/Juan Ignacio Corro Herrera\"],\"url\":\"https:\\\/\\\/agencia.252.com.mx\\\/home\\\/author\\\/i-corro\\\/\"}]}<\/script>\n<!-- \/ Yoast SEO plugin. -->","yoast_head_json":{"title":"Vinculan a proceso a los 4 resposables que aventaron un paquete explosivo a los Juzgados de Nezahualc\u00f3yotl - Agencia252","robots":{"index":"index","follow":"follow","max-snippet":"max-snippet:-1","max-image-preview":"max-image-preview:large","max-video-preview":"max-video-preview:-1"},"canonical":"https:\/\/agencia.252.com.mx\/home\/vinculan-a-proceso-a-los-4-resposables-que-aventaron-un-paquete-explosivo-a-los-juzgados-de-nezahualcoyotl\/","og_locale":"es_ES","og_type":"article","og_title":"Vinculan a proceso a los 4 resposables que aventaron un paquete explosivo a los Juzgados de Nezahualc\u00f3yotl - Agencia252","og_description":"Visitas: 2 Juan Ignacio Corro&nbsp; Naucalpan, Estado de M\u00e9xico, a 27 de abril de 2026 Axel Jos\u00e9 \u201cN\u201d, Mois\u00e9s Alfredo \u201cN\u201d, David \u201cN\u201d alias \u201cViruta\u201d y de Brandon \u201cN\u201d, fueron vinculados a proceso luego de que la Fiscal\u00eda General de Justicia del Estado de M\u00e9xico acreditara su posible participaci\u00f3n en el delito de homicidio en [&hellip;]","og_url":"https:\/\/agencia.252.com.mx\/home\/vinculan-a-proceso-a-los-4-resposables-que-aventaron-un-paquete-explosivo-a-los-juzgados-de-nezahualcoyotl\/","og_site_name":"Agencia252","article_publisher":"https:\/\/www.facebook.com\/252Comunicacion\/","article_author":"https:\/\/www.facebook.com\/jcorroherrera\/","article_published_time":"2026-04-28T01:07:08+00:00","article_modified_time":"2026-04-28T02:11:39+00:00","og_image":[{"width":1500,"height":1600,"url":"http:\/\/agencia.252.com.mx\/wp-content\/uploads\/2026\/04\/WhatsApp-Image-2026-04-27-at-2.01.18-PM.jpeg","type":"image\/jpeg"}],"author":"Nacho Corro","twitter_card":"summary_large_image","twitter_creator":"@Juan Ignacio Corro Herrera","twitter_site":"@252COMS","twitter_misc":{"Escrito por":"Nacho Corro","Tiempo de lectura":"1 minuto"},"schema":{"@context":"https:\/\/schema.org","@graph":[{"@type":"Article","@id":"https:\/\/agencia.252.com.mx\/home\/vinculan-a-proceso-a-los-4-resposables-que-aventaron-un-paquete-explosivo-a-los-juzgados-de-nezahualcoyotl\/#article","isPartOf":{"@id":"https:\/\/agencia.252.com.mx\/home\/vinculan-a-proceso-a-los-4-resposables-que-aventaron-un-paquete-explosivo-a-los-juzgados-de-nezahualcoyotl\/"},"author":{"name":"Nacho Corro","@id":"https:\/\/agencia.252.com.mx\/home\/#\/schema\/person\/6b972021e9a92d45ade8c78d81509098"},"headline":"Vinculan a proceso a los 4 resposables que aventaron un paquete explosivo a los Juzgados de Nezahualc\u00f3yotl","datePublished":"2026-04-28T01:07:08+00:00","dateModified":"2026-04-28T02:11:39+00:00","mainEntityOfPage":{"@id":"https:\/\/agencia.252.com.mx\/home\/vinculan-a-proceso-a-los-4-resposables-que-aventaron-un-paquete-explosivo-a-los-juzgados-de-nezahualcoyotl\/"},"wordCount":472,"commentCount":0,"publisher":{"@id":"https:\/\/agencia.252.com.mx\/home\/#organization"},"image":{"@id":"https:\/\/agencia.252.com.mx\/home\/vinculan-a-proceso-a-los-4-resposables-que-aventaron-un-paquete-explosivo-a-los-juzgados-de-nezahualcoyotl\/#primaryimage"},"thumbnailUrl":"https:\/\/agencia.252.com.mx\/wp-content\/uploads\/2026\/04\/WhatsApp-Image-2026-04-27-at-2.01.18-PM.jpeg","keywords":["Edomex"],"articleSection":["Delincuencia","Edomex","Seguridad"],"inLanguage":"es","potentialAction":[{"@type":"CommentAction","name":"Comment","target":["https:\/\/agencia.252.com.mx\/home\/vinculan-a-proceso-a-los-4-resposables-que-aventaron-un-paquete-explosivo-a-los-juzgados-de-nezahualcoyotl\/#respond"]}]},{"@type":"WebPage","@id":"https:\/\/agencia.252.com.mx\/home\/vinculan-a-proceso-a-los-4-resposables-que-aventaron-un-paquete-explosivo-a-los-juzgados-de-nezahualcoyotl\/","url":"https:\/\/agencia.252.com.mx\/home\/vinculan-a-proceso-a-los-4-resposables-que-aventaron-un-paquete-explosivo-a-los-juzgados-de-nezahualcoyotl\/","name":"Vinculan a proceso a los 4 resposables que aventaron un paquete explosivo a los Juzgados de Nezahualc\u00f3yotl - Agencia252","isPartOf":{"@id":"https:\/\/agencia.252.com.mx\/home\/#website"},"primaryImageOfPage":{"@id":"https:\/\/agencia.252.com.mx\/home\/vinculan-a-proceso-a-los-4-resposables-que-aventaron-un-paquete-explosivo-a-los-juzgados-de-nezahualcoyotl\/#primaryimage"},"image":{"@id":"https:\/\/agencia.252.com.mx\/home\/vinculan-a-proceso-a-los-4-resposables-que-aventaron-un-paquete-explosivo-a-los-juzgados-de-nezahualcoyotl\/#primaryimage"},"thumbnailUrl":"https:\/\/agencia.252.com.mx\/wp-content\/uploads\/2026\/04\/WhatsApp-Image-2026-04-27-at-2.01.18-PM.jpeg","datePublished":"2026-04-28T01:07:08+00:00","dateModified":"2026-04-28T02:11:39+00:00","breadcrumb":{"@id":"https:\/\/agencia.252.com.mx\/home\/vinculan-a-proceso-a-los-4-resposables-que-aventaron-un-paquete-explosivo-a-los-juzgados-de-nezahualcoyotl\/#breadcrumb"},"inLanguage":"es","potentialAction":[{"@type":"ReadAction","target":["https:\/\/agencia.252.com.mx\/home\/vinculan-a-proceso-a-los-4-resposables-que-aventaron-un-paquete-explosivo-a-los-juzgados-de-nezahualcoyotl\/"]}]},{"@type":"ImageObject","inLanguage":"es","@id":"https:\/\/agencia.252.com.mx\/home\/vinculan-a-proceso-a-los-4-resposables-que-aventaron-un-paquete-explosivo-a-los-juzgados-de-nezahualcoyotl\/#primaryimage","url":"https:\/\/agencia.252.com.mx\/wp-content\/uploads\/2026\/04\/WhatsApp-Image-2026-04-27-at-2.01.18-PM.jpeg","contentUrl":"https:\/\/agencia.252.com.mx\/wp-content\/uploads\/2026\/04\/WhatsApp-Image-2026-04-27-at-2.01.18-PM.jpeg","width":1500,"height":1600},{"@type":"BreadcrumbList","@id":"https:\/\/agencia.252.com.mx\/home\/vinculan-a-proceso-a-los-4-resposables-que-aventaron-un-paquete-explosivo-a-los-juzgados-de-nezahualcoyotl\/#breadcrumb","itemListElement":[{"@type":"ListItem","position":1,"name":"Portada","item":"https:\/\/agencia.252.com.mx\/home\/"},{"@type":"ListItem","position":2,"name":"Vinculan a proceso a los 4 resposables que aventaron un paquete explosivo a los Juzgados de Nezahualc\u00f3yotl"}]},{"@type":"WebSite","@id":"https:\/\/agencia.252.com.mx\/home\/#website","url":"https:\/\/agencia.252.com.mx\/home\/","name":"Agencia252","description":"Tu espacio en la Red","publisher":{"@id":"https:\/\/agencia.252.com.mx\/home\/#organization"},"potentialAction":[{"@type":"SearchAction","target":{"@type":"EntryPoint","urlTemplate":"https:\/\/agencia.252.com.mx\/home\/?s={search_term_string}"},"query-input":{"@type":"PropertyValueSpecification","valueRequired":true,"valueName":"search_term_string"}}],"inLanguage":"es"},{"@type":"Organization","@id":"https:\/\/agencia.252.com.mx\/home\/#organization","name":"Agencia252","url":"https:\/\/agencia.252.com.mx\/home\/","logo":{"@type":"ImageObject","inLanguage":"es","@id":"https:\/\/agencia.252.com.mx\/home\/#\/schema\/logo\/image\/","url":"https:\/\/agencia.252.com.mx\/wp-content\/uploads\/2023\/02\/cropped-ciruclo-agencia-e1677562404136.png","contentUrl":"https:\/\/agencia.252.com.mx\/wp-content\/uploads\/2023\/02\/cropped-ciruclo-agencia-e1677562404136.png","width":512,"height":512,"caption":"Agencia252"},"image":{"@id":"https:\/\/agencia.252.com.mx\/home\/#\/schema\/logo\/image\/"},"sameAs":["https:\/\/www.facebook.com\/252Comunicacion\/","https:\/\/x.com\/252COMS"]},{"@type":"Person","@id":"https:\/\/agencia.252.com.mx\/home\/#\/schema\/person\/6b972021e9a92d45ade8c78d81509098","name":"Nacho Corro","image":{"@type":"ImageObject","inLanguage":"es","@id":"https:\/\/secure.gravatar.com\/avatar\/5db6df507cfe1307e192fbb498c6b85f1cf2ffd8b4cd37141b9eea588fcbd5a4?s=96&r=g","url":"https:\/\/secure.gravatar.com\/avatar\/5db6df507cfe1307e192fbb498c6b85f1cf2ffd8b4cd37141b9eea588fcbd5a4?s=96&r=g","contentUrl":"https:\/\/secure.gravatar.com\/avatar\/5db6df507cfe1307e192fbb498c6b85f1cf2ffd8b4cd37141b9eea588fcbd5a4?s=96&r=g","caption":"Nacho Corro"},"description":"Comunicador Social, Periodista y Administraci\u00f3n P\u00fablica. Conversador pol\u00edtico, temas electorales y seguridad. Generador de contenidos digitales. Amante de la fotograf\u00eda","sameAs":["https:\/\/www.facebook.com\/jcorroherrera\/","www.instagram.com\/nachocorro\/","https:\/\/x.com\/Juan Ignacio Corro Herrera"],"url":"https:\/\/agencia.252.com.mx\/home\/author\/i-corro\/"}]}},"_links":{"self":[{"href":"https:\/\/agencia.252.com.mx\/home\/wp-json\/wp\/v2\/posts\/18775","targetHints":{"allow":["GET"]}}],"collection":[{"href":"https:\/\/agencia.252.com.mx\/home\/wp-json\/wp\/v2\/posts"}],"about":[{"href":"https:\/\/agencia.252.com.mx\/home\/wp-json\/wp\/v2\/types\/post"}],"author":[{"embeddable":true,"href":"https:\/\/agencia.252.com.mx\/home\/wp-json\/wp\/v2\/users\/5"}],"replies":[{"embeddable":true,"href":"https:\/\/agencia.252.com.mx\/home\/wp-json\/wp\/v2\/comments?post=18775"}],"version-history":[{"count":2,"href":"https:\/\/agencia.252.com.mx\/home\/wp-json\/wp\/v2\/posts\/18775\/revisions"}],"predecessor-version":[{"id":18787,"href":"https:\/\/agencia.252.com.mx\/home\/wp-json\/wp\/v2\/posts\/18775\/revisions\/18787"}],"wp:featuredmedia":[{"embeddable":true,"href":"https:\/\/agencia.252.com.mx\/home\/wp-json\/wp\/v2\/media\/18776"}],"wp:attachment":[{"href":"https:\/\/agencia.252.com.mx\/home\/wp-json\/wp\/v2\/media?parent=18775"}],"wp:term":[{"taxonomy":"category","embeddable":true,"href":"https:\/\/agencia.252.com.mx\/home\/wp-json\/wp\/v2\/categories?post=18775"},{"taxonomy":"post_tag","embeddable":true,"href":"https:\/\/agencia.252.com.mx\/home\/wp-json\/wp\/v2\/tags?post=18775"}],"curies":[{"name":"wp","href":"https:\/\/api.w.org\/{rel}","templated":true}]}}