{"id":18771,"date":"2026-04-26T20:15:58","date_gmt":"2026-04-27T02:15:58","guid":{"rendered":"https:\/\/agencia.252.com.mx\/home\/?p=18771"},"modified":"2026-04-26T20:18:15","modified_gmt":"2026-04-27T02:18:15","slug":"entra-en-operacion-tren-suburbano-felipe-angeles-buenavista-aifa","status":"publish","type":"post","link":"https:\/\/agencia.252.com.mx\/home\/entra-en-operacion-tren-suburbano-felipe-angeles-buenavista-aifa\/","title":{"rendered":"Entra en operaci\u00f3n Tren Suburbano \u201cFelipe \u00c1ngeles\u201d Buenavista-AIFA"},"content":{"rendered":"<p>Visitas: 3<\/p>\n<ul class=\"wp-block-list\">\n<li><em>Esta obra acercar\u00e1 distancias, reduce distancias y promueve el desarrollo regional con tecnolog\u00eda, calidad y seguridad.<\/em><\/li>\n<\/ul>\n\n\n\n<ul class=\"wp-block-list\">\n<li><em>Localidades hist\u00f3ricamente olvidadas tendr\u00e1n acceso a un sistema de transporte p\u00fablico digno.<\/em><\/li>\n<\/ul>\n\n\n\n<p>Juan Ignacio Corro&nbsp;<\/p>\n\n\n\n<p class=\"has-text-align-right\">Zumpango, Estado de M\u00e9xico, a 26 de abril de 2026<\/p>\n\n\n\n<p>Con el objetivo de mejorar la movilidad de m\u00e1s de 82 mil pasajeros diariamente en la Zona Meteopolitana del Valle de M\u00e9xico, este domingo d\u00eda se inaugur\u00f3 el Tren Suburbano Felipe \u00c1ngeles en el tramo AIFA-Lecher\u00eda.<\/p>\n\n\n\n<p>\u201cLa puesta en marcha del Tren Felipe \u00c1ngeles Buenavista-AIFA es un impulso decisivo en la transformaci\u00f3n que vive el Estado de M\u00e9xico. Esta obra acercar\u00e1 oportunidades, reducir\u00e1 distancias, promover\u00e1 el desarrollo regional y mejorar\u00e1 la vida de miles de mexiquenses que todos los d\u00edas se esfuerzan por salir adelante\u201d, afirm\u00f3 la Gobernadora Delfina G\u00f3mez \u00c1lvarez.&nbsp;<\/p>\n\n\n\n<p>Asegur\u00f3 que gracias al trabajo coordinado con el Gobierno federal, este moderno sistema de transporte m\u00e1s que infraestructura representa bienestar, desarrollo y justicia social para las y los mexiquenses, principalmente de los municipios de Tultitl\u00e1n, Tultepec, Nextlalpan y Zumpango.<\/p>\n\n\n\n<p>\u00abLocalidades hist\u00f3ricamente olvidados como Jaltocan en Nextlalpan, una comunidad otom\u00ed, hoy tendr\u00e1 acceso a un sistema de transporte p\u00fablico digno que crear\u00e1 un impacto positivo en la econom\u00eda familiar. Este segundo piso de la Cuarta Transformaci\u00f3n se vive en todo el territorio \u00ab, puntualiz\u00f3 la Mandataria mexiquense.<\/p>\n\n\n\n<p>Este moderno sistema de transporte tiene una longitud de 41 km, es una misi\u00f3n cumplida en beneficio del pueblo, que de Lecher\u00eda al AIFA recorre 22.94 kil\u00f3metros.<\/p>\n\n\n\n<p>La obra estrat\u00e9gica de infraestructura y con alta tecnolog\u00eda, calidad y seguridad dispone de 24 conductoras y conductores capacitados para 10 trenes con capacidad para 719 pasajeros cada uno en las seis estaciones y terminal que componen el ramal AIFA-Lecher\u00eda, los cuales se podr\u00e1n acoplar con trenes adicionales para ampliar su capacidad a mil 400 pasajeros cuando haya alta demanda.&nbsp;<\/p>\n\n\n\n<p>El proyecto emblem\u00e1tico que se suma a las entregas del \u00ab2026, A\u00f1o de las Obras en EdoM\u00e9x\u00bb, tambi\u00e9n facilita la conexi\u00f3n con el Aeropuerto Felipe \u00c1ngeles (AIFA), que ser\u00e1 de gran ayuda para los pasajeros que arriben con motivo del desarrollo de la justa deportiva de futbol m\u00e1s importante del mundo.<\/p>\n\n\n\n<p>Los horarios de servicio del Tren Suburbano Felipe \u00c1ngeles son de lunes a viernes de 5:00 a 00:00 horas, s\u00e1bados de 6:00 a 00:00 horas y domingos y d\u00edas festivos de 7:00 a 00:00 horas. Durante el primer mes en funcionamiento se tiene un tarifa promocional de 45 pesos desde cualquier estaci\u00f3n hacia y desde el AIFA, y 11.50 pesos en estaciones intermedias.&nbsp;<\/p>\n\n\n\n<p>Asistieron al evento Clara Marina Brugada Molina, Jefa de Gobierno de la Ciudad de M\u00e9xico; Julio Menchaca Salazar, Gobernador del Estado de Hidalgo; Rosa Icela Rodr\u00edguez Vel\u00e1zquez, Secretaria de Gobernaci\u00f3n del Gobierno de M\u00e9xico; Ricardo Trevilla Trejo, Secretario de la Defensa Nacional; Jes\u00fas Antonio Esteva Medina, Secretario de Infraestructura, Comunicaciones y Transportes del Gobierno de M\u00e9xico; Raymundo Pedro Morales \u00c1ngeles, Secretario de Marina; Andr\u00e9s Lajous Loaeza, Director General de la Agencia de Trenes y Transporte P\u00fablico Integrado; Jorge Mendoza S\u00e1nchez, Director General del Banco Nacional de Obras y Servicios P\u00fablicos; e Ivan Hern\u00e1ndez Uribe, Ingeniero Residente de Obra.<\/p>\n","protected":false},"excerpt":{"rendered":"<p>Visitas: 3 Juan Ignacio Corro&nbsp; Zumpango, Estado de M\u00e9xico, a 26 de abril de 2026 Con el objetivo de mejorar la movilidad de m\u00e1s de 82 mil pasajeros diariamente en la Zona Meteopolitana del Valle de M\u00e9xico, este domingo d\u00eda se inaugur\u00f3 el Tren Suburbano Felipe \u00c1ngeles en el tramo AIFA-Lecher\u00eda. \u201cLa puesta en marcha [&hellip;]<\/p>\n","protected":false},"author":5,"featured_media":18772,"comment_status":"open","ping_status":"open","sticky":false,"template":"","format":"standard","meta":{"site-sidebar-layout":"default","site-content-layout":"","ast-site-content-layout":"default","site-content-style":"default","site-sidebar-style":"default","ast-global-header-display":"","ast-banner-title-visibility":"","ast-main-header-display":"","ast-hfb-above-header-display":"","ast-hfb-below-header-display":"","ast-hfb-mobile-header-display":"","site-post-title":"","ast-breadcrumbs-content":"","ast-featured-img":"","footer-sml-layout":"","ast-disable-related-posts":"","theme-transparent-header-meta":"","adv-header-id-meta":"","stick-header-meta":"","header-above-stick-meta":"","header-main-stick-meta":"","header-below-stick-meta":"","astra-migrate-meta-layouts":"set","ast-page-background-enabled":"default","ast-page-background-meta":{"desktop":{"background-color":"var(--ast-global-color-4)","background-image":"","background-repeat":"repeat","background-position":"center center","background-size":"auto","background-attachment":"scroll","background-type":"","background-media":"","overlay-type":"","overlay-color":"","overlay-opacity":"","overlay-gradient":""},"tablet":{"background-color":"","background-image":"","background-repeat":"repeat","background-position":"center center","background-size":"auto","background-attachment":"scroll","background-type":"","background-media":"","overlay-type":"","overlay-color":"","overlay-opacity":"","overlay-gradient":""},"mobile":{"background-color":"","background-image":"","background-repeat":"repeat","background-position":"center center","background-size":"auto","background-attachment":"scroll","background-type":"","background-media":"","overlay-type":"","overlay-color":"","overlay-opacity":"","overlay-gradient":""}},"ast-content-background-meta":{"desktop":{"background-color":"var(--ast-global-color-5)","background-image":"","background-repeat":"repeat","background-position":"center center","background-size":"auto","background-attachment":"scroll","background-type":"","background-media":"","overlay-type":"","overlay-color":"","overlay-opacity":"","overlay-gradient":""},"tablet":{"background-color":"var(--ast-global-color-5)","background-image":"","background-repeat":"repeat","background-position":"center center","background-size":"auto","background-attachment":"scroll","background-type":"","background-media":"","overlay-type":"","overlay-color":"","overlay-opacity":"","overlay-gradient":""},"mobile":{"background-color":"var(--ast-global-color-5)","background-image":"","background-repeat":"repeat","background-position":"center center","background-size":"auto","background-attachment":"scroll","background-type":"","background-media":"","overlay-type":"","overlay-color":"","overlay-opacity":"","overlay-gradient":""}},"footnotes":""},"categories":[8,68,566],"tags":[526],"class_list":["post-18771","post","type-post","status-publish","format-standard","has-post-thumbnail","hentry","category-edomex","category-seguridad","category-transporte-publico","tag-edomex"],"yoast_head":"<!-- This site is optimized with the Yoast SEO plugin v27.4 - https:\/\/yoast.com\/product\/yoast-seo-wordpress\/ -->\n<title>Entra en operaci\u00f3n Tren Suburbano \u201cFelipe \u00c1ngeles\u201d Buenavista-AIFA - Agencia252<\/title>\n<meta name=\"robots\" content=\"index, follow, max-snippet:-1, max-image-preview:large, max-video-preview:-1\" \/>\n<link rel=\"canonical\" href=\"https:\/\/agencia.252.com.mx\/home\/entra-en-operacion-tren-suburbano-felipe-angeles-buenavista-aifa\/\" \/>\n<meta property=\"og:locale\" content=\"es_ES\" \/>\n<meta property=\"og:type\" content=\"article\" \/>\n<meta property=\"og:title\" content=\"Entra en operaci\u00f3n Tren Suburbano \u201cFelipe \u00c1ngeles\u201d Buenavista-AIFA - Agencia252\" \/>\n<meta property=\"og:description\" content=\"Visitas: 3 Juan Ignacio Corro&nbsp; Zumpango, Estado de M\u00e9xico, a 26 de abril de 2026 Con el objetivo de mejorar la movilidad de m\u00e1s de 82 mil pasajeros diariamente en la Zona Meteopolitana del Valle de M\u00e9xico, este domingo d\u00eda se inaugur\u00f3 el Tren Suburbano Felipe \u00c1ngeles en el tramo AIFA-Lecher\u00eda. \u201cLa puesta en marcha [&hellip;]\" \/>\n<meta property=\"og:url\" content=\"https:\/\/agencia.252.com.mx\/home\/entra-en-operacion-tren-suburbano-felipe-angeles-buenavista-aifa\/\" \/>\n<meta property=\"og:site_name\" content=\"Agencia252\" \/>\n<meta property=\"article:publisher\" content=\"https:\/\/www.facebook.com\/252Comunicacion\/\" \/>\n<meta property=\"article:author\" content=\"https:\/\/www.facebook.com\/jcorroherrera\/\" \/>\n<meta property=\"article:published_time\" content=\"2026-04-27T02:15:58+00:00\" \/>\n<meta property=\"article:modified_time\" content=\"2026-04-27T02:18:15+00:00\" \/>\n<meta property=\"og:image\" content=\"http:\/\/agencia.252.com.mx\/wp-content\/uploads\/2026\/04\/WhatsApp-Image-2026-04-26-at-2.45.05-PM.jpeg\" \/>\n\t<meta property=\"og:image:width\" content=\"1280\" \/>\n\t<meta property=\"og:image:height\" content=\"854\" \/>\n\t<meta property=\"og:image:type\" content=\"image\/jpeg\" \/>\n<meta name=\"author\" content=\"Nacho Corro\" \/>\n<meta name=\"twitter:card\" content=\"summary_large_image\" \/>\n<meta name=\"twitter:creator\" content=\"@Juan Ignacio Corro Herrera\" \/>\n<meta name=\"twitter:site\" content=\"@252COMS\" \/>\n<meta name=\"twitter:label1\" content=\"Escrito por\" \/>\n\t<meta name=\"twitter:data1\" content=\"Nacho Corro\" \/>\n\t<meta name=\"twitter:label2\" content=\"Tiempo de lectura\" \/>\n\t<meta name=\"twitter:data2\" content=\"3 minutos\" \/>\n<script type=\"application\/ld+json\" class=\"yoast-schema-graph\">{\"@context\":\"https:\\\/\\\/schema.org\",\"@graph\":[{\"@type\":\"Article\",\"@id\":\"https:\\\/\\\/agencia.252.com.mx\\\/home\\\/entra-en-operacion-tren-suburbano-felipe-angeles-buenavista-aifa\\\/#article\",\"isPartOf\":{\"@id\":\"https:\\\/\\\/agencia.252.com.mx\\\/home\\\/entra-en-operacion-tren-suburbano-felipe-angeles-buenavista-aifa\\\/\"},\"author\":{\"name\":\"Nacho Corro\",\"@id\":\"https:\\\/\\\/agencia.252.com.mx\\\/home\\\/#\\\/schema\\\/person\\\/6b972021e9a92d45ade8c78d81509098\"},\"headline\":\"Entra en operaci\u00f3n Tren Suburbano \u201cFelipe \u00c1ngeles\u201d Buenavista-AIFA\",\"datePublished\":\"2026-04-27T02:15:58+00:00\",\"dateModified\":\"2026-04-27T02:18:15+00:00\",\"mainEntityOfPage\":{\"@id\":\"https:\\\/\\\/agencia.252.com.mx\\\/home\\\/entra-en-operacion-tren-suburbano-felipe-angeles-buenavista-aifa\\\/\"},\"wordCount\":558,\"commentCount\":0,\"publisher\":{\"@id\":\"https:\\\/\\\/agencia.252.com.mx\\\/home\\\/#organization\"},\"image\":{\"@id\":\"https:\\\/\\\/agencia.252.com.mx\\\/home\\\/entra-en-operacion-tren-suburbano-felipe-angeles-buenavista-aifa\\\/#primaryimage\"},\"thumbnailUrl\":\"https:\\\/\\\/agencia.252.com.mx\\\/wp-content\\\/uploads\\\/2026\\\/04\\\/WhatsApp-Image-2026-04-26-at-2.45.05-PM.jpeg\",\"keywords\":[\"Edomex\"],\"articleSection\":[\"Edomex\",\"Seguridad\",\"transporte publico\"],\"inLanguage\":\"es\",\"potentialAction\":[{\"@type\":\"CommentAction\",\"name\":\"Comment\",\"target\":[\"https:\\\/\\\/agencia.252.com.mx\\\/home\\\/entra-en-operacion-tren-suburbano-felipe-angeles-buenavista-aifa\\\/#respond\"]}]},{\"@type\":\"WebPage\",\"@id\":\"https:\\\/\\\/agencia.252.com.mx\\\/home\\\/entra-en-operacion-tren-suburbano-felipe-angeles-buenavista-aifa\\\/\",\"url\":\"https:\\\/\\\/agencia.252.com.mx\\\/home\\\/entra-en-operacion-tren-suburbano-felipe-angeles-buenavista-aifa\\\/\",\"name\":\"Entra en operaci\u00f3n Tren Suburbano \u201cFelipe \u00c1ngeles\u201d Buenavista-AIFA - Agencia252\",\"isPartOf\":{\"@id\":\"https:\\\/\\\/agencia.252.com.mx\\\/home\\\/#website\"},\"primaryImageOfPage\":{\"@id\":\"https:\\\/\\\/agencia.252.com.mx\\\/home\\\/entra-en-operacion-tren-suburbano-felipe-angeles-buenavista-aifa\\\/#primaryimage\"},\"image\":{\"@id\":\"https:\\\/\\\/agencia.252.com.mx\\\/home\\\/entra-en-operacion-tren-suburbano-felipe-angeles-buenavista-aifa\\\/#primaryimage\"},\"thumbnailUrl\":\"https:\\\/\\\/agencia.252.com.mx\\\/wp-content\\\/uploads\\\/2026\\\/04\\\/WhatsApp-Image-2026-04-26-at-2.45.05-PM.jpeg\",\"datePublished\":\"2026-04-27T02:15:58+00:00\",\"dateModified\":\"2026-04-27T02:18:15+00:00\",\"breadcrumb\":{\"@id\":\"https:\\\/\\\/agencia.252.com.mx\\\/home\\\/entra-en-operacion-tren-suburbano-felipe-angeles-buenavista-aifa\\\/#breadcrumb\"},\"inLanguage\":\"es\",\"potentialAction\":[{\"@type\":\"ReadAction\",\"target\":[\"https:\\\/\\\/agencia.252.com.mx\\\/home\\\/entra-en-operacion-tren-suburbano-felipe-angeles-buenavista-aifa\\\/\"]}]},{\"@type\":\"ImageObject\",\"inLanguage\":\"es\",\"@id\":\"https:\\\/\\\/agencia.252.com.mx\\\/home\\\/entra-en-operacion-tren-suburbano-felipe-angeles-buenavista-aifa\\\/#primaryimage\",\"url\":\"https:\\\/\\\/agencia.252.com.mx\\\/wp-content\\\/uploads\\\/2026\\\/04\\\/WhatsApp-Image-2026-04-26-at-2.45.05-PM.jpeg\",\"contentUrl\":\"https:\\\/\\\/agencia.252.com.mx\\\/wp-content\\\/uploads\\\/2026\\\/04\\\/WhatsApp-Image-2026-04-26-at-2.45.05-PM.jpeg\",\"width\":1280,\"height\":854},{\"@type\":\"BreadcrumbList\",\"@id\":\"https:\\\/\\\/agencia.252.com.mx\\\/home\\\/entra-en-operacion-tren-suburbano-felipe-angeles-buenavista-aifa\\\/#breadcrumb\",\"itemListElement\":[{\"@type\":\"ListItem\",\"position\":1,\"name\":\"Portada\",\"item\":\"https:\\\/\\\/agencia.252.com.mx\\\/home\\\/\"},{\"@type\":\"ListItem\",\"position\":2,\"name\":\"Entra en operaci\u00f3n Tren Suburbano \u201cFelipe \u00c1ngeles\u201d Buenavista-AIFA\"}]},{\"@type\":\"WebSite\",\"@id\":\"https:\\\/\\\/agencia.252.com.mx\\\/home\\\/#website\",\"url\":\"https:\\\/\\\/agencia.252.com.mx\\\/home\\\/\",\"name\":\"Agencia252\",\"description\":\"Tu espacio en la Red\",\"publisher\":{\"@id\":\"https:\\\/\\\/agencia.252.com.mx\\\/home\\\/#organization\"},\"potentialAction\":[{\"@type\":\"SearchAction\",\"target\":{\"@type\":\"EntryPoint\",\"urlTemplate\":\"https:\\\/\\\/agencia.252.com.mx\\\/home\\\/?s={search_term_string}\"},\"query-input\":{\"@type\":\"PropertyValueSpecification\",\"valueRequired\":true,\"valueName\":\"search_term_string\"}}],\"inLanguage\":\"es\"},{\"@type\":\"Organization\",\"@id\":\"https:\\\/\\\/agencia.252.com.mx\\\/home\\\/#organization\",\"name\":\"Agencia252\",\"url\":\"https:\\\/\\\/agencia.252.com.mx\\\/home\\\/\",\"logo\":{\"@type\":\"ImageObject\",\"inLanguage\":\"es\",\"@id\":\"https:\\\/\\\/agencia.252.com.mx\\\/home\\\/#\\\/schema\\\/logo\\\/image\\\/\",\"url\":\"https:\\\/\\\/agencia.252.com.mx\\\/wp-content\\\/uploads\\\/2023\\\/02\\\/cropped-ciruclo-agencia-e1677562404136.png\",\"contentUrl\":\"https:\\\/\\\/agencia.252.com.mx\\\/wp-content\\\/uploads\\\/2023\\\/02\\\/cropped-ciruclo-agencia-e1677562404136.png\",\"width\":512,\"height\":512,\"caption\":\"Agencia252\"},\"image\":{\"@id\":\"https:\\\/\\\/agencia.252.com.mx\\\/home\\\/#\\\/schema\\\/logo\\\/image\\\/\"},\"sameAs\":[\"https:\\\/\\\/www.facebook.com\\\/252Comunicacion\\\/\",\"https:\\\/\\\/x.com\\\/252COMS\"]},{\"@type\":\"Person\",\"@id\":\"https:\\\/\\\/agencia.252.com.mx\\\/home\\\/#\\\/schema\\\/person\\\/6b972021e9a92d45ade8c78d81509098\",\"name\":\"Nacho Corro\",\"image\":{\"@type\":\"ImageObject\",\"inLanguage\":\"es\",\"@id\":\"https:\\\/\\\/secure.gravatar.com\\\/avatar\\\/5db6df507cfe1307e192fbb498c6b85f1cf2ffd8b4cd37141b9eea588fcbd5a4?s=96&r=g\",\"url\":\"https:\\\/\\\/secure.gravatar.com\\\/avatar\\\/5db6df507cfe1307e192fbb498c6b85f1cf2ffd8b4cd37141b9eea588fcbd5a4?s=96&r=g\",\"contentUrl\":\"https:\\\/\\\/secure.gravatar.com\\\/avatar\\\/5db6df507cfe1307e192fbb498c6b85f1cf2ffd8b4cd37141b9eea588fcbd5a4?s=96&r=g\",\"caption\":\"Nacho Corro\"},\"description\":\"Comunicador Social, Periodista y Administraci\u00f3n P\u00fablica. Conversador pol\u00edtico, temas electorales y seguridad. Generador de contenidos digitales. Amante de la fotograf\u00eda\",\"sameAs\":[\"https:\\\/\\\/www.facebook.com\\\/jcorroherrera\\\/\",\"www.instagram.com\\\/nachocorro\\\/\",\"https:\\\/\\\/x.com\\\/Juan Ignacio Corro Herrera\"],\"url\":\"https:\\\/\\\/agencia.252.com.mx\\\/home\\\/author\\\/i-corro\\\/\"}]}<\/script>\n<!-- \/ Yoast SEO plugin. -->","yoast_head_json":{"title":"Entra en operaci\u00f3n Tren Suburbano \u201cFelipe \u00c1ngeles\u201d Buenavista-AIFA - Agencia252","robots":{"index":"index","follow":"follow","max-snippet":"max-snippet:-1","max-image-preview":"max-image-preview:large","max-video-preview":"max-video-preview:-1"},"canonical":"https:\/\/agencia.252.com.mx\/home\/entra-en-operacion-tren-suburbano-felipe-angeles-buenavista-aifa\/","og_locale":"es_ES","og_type":"article","og_title":"Entra en operaci\u00f3n Tren Suburbano \u201cFelipe \u00c1ngeles\u201d Buenavista-AIFA - Agencia252","og_description":"Visitas: 3 Juan Ignacio Corro&nbsp; Zumpango, Estado de M\u00e9xico, a 26 de abril de 2026 Con el objetivo de mejorar la movilidad de m\u00e1s de 82 mil pasajeros diariamente en la Zona Meteopolitana del Valle de M\u00e9xico, este domingo d\u00eda se inaugur\u00f3 el Tren Suburbano Felipe \u00c1ngeles en el tramo AIFA-Lecher\u00eda. \u201cLa puesta en marcha [&hellip;]","og_url":"https:\/\/agencia.252.com.mx\/home\/entra-en-operacion-tren-suburbano-felipe-angeles-buenavista-aifa\/","og_site_name":"Agencia252","article_publisher":"https:\/\/www.facebook.com\/252Comunicacion\/","article_author":"https:\/\/www.facebook.com\/jcorroherrera\/","article_published_time":"2026-04-27T02:15:58+00:00","article_modified_time":"2026-04-27T02:18:15+00:00","og_image":[{"width":1280,"height":854,"url":"http:\/\/agencia.252.com.mx\/wp-content\/uploads\/2026\/04\/WhatsApp-Image-2026-04-26-at-2.45.05-PM.jpeg","type":"image\/jpeg"}],"author":"Nacho Corro","twitter_card":"summary_large_image","twitter_creator":"@Juan Ignacio Corro Herrera","twitter_site":"@252COMS","twitter_misc":{"Escrito por":"Nacho Corro","Tiempo de lectura":"3 minutos"},"schema":{"@context":"https:\/\/schema.org","@graph":[{"@type":"Article","@id":"https:\/\/agencia.252.com.mx\/home\/entra-en-operacion-tren-suburbano-felipe-angeles-buenavista-aifa\/#article","isPartOf":{"@id":"https:\/\/agencia.252.com.mx\/home\/entra-en-operacion-tren-suburbano-felipe-angeles-buenavista-aifa\/"},"author":{"name":"Nacho Corro","@id":"https:\/\/agencia.252.com.mx\/home\/#\/schema\/person\/6b972021e9a92d45ade8c78d81509098"},"headline":"Entra en operaci\u00f3n Tren Suburbano \u201cFelipe \u00c1ngeles\u201d Buenavista-AIFA","datePublished":"2026-04-27T02:15:58+00:00","dateModified":"2026-04-27T02:18:15+00:00","mainEntityOfPage":{"@id":"https:\/\/agencia.252.com.mx\/home\/entra-en-operacion-tren-suburbano-felipe-angeles-buenavista-aifa\/"},"wordCount":558,"commentCount":0,"publisher":{"@id":"https:\/\/agencia.252.com.mx\/home\/#organization"},"image":{"@id":"https:\/\/agencia.252.com.mx\/home\/entra-en-operacion-tren-suburbano-felipe-angeles-buenavista-aifa\/#primaryimage"},"thumbnailUrl":"https:\/\/agencia.252.com.mx\/wp-content\/uploads\/2026\/04\/WhatsApp-Image-2026-04-26-at-2.45.05-PM.jpeg","keywords":["Edomex"],"articleSection":["Edomex","Seguridad","transporte publico"],"inLanguage":"es","potentialAction":[{"@type":"CommentAction","name":"Comment","target":["https:\/\/agencia.252.com.mx\/home\/entra-en-operacion-tren-suburbano-felipe-angeles-buenavista-aifa\/#respond"]}]},{"@type":"WebPage","@id":"https:\/\/agencia.252.com.mx\/home\/entra-en-operacion-tren-suburbano-felipe-angeles-buenavista-aifa\/","url":"https:\/\/agencia.252.com.mx\/home\/entra-en-operacion-tren-suburbano-felipe-angeles-buenavista-aifa\/","name":"Entra en operaci\u00f3n Tren Suburbano \u201cFelipe \u00c1ngeles\u201d Buenavista-AIFA - Agencia252","isPartOf":{"@id":"https:\/\/agencia.252.com.mx\/home\/#website"},"primaryImageOfPage":{"@id":"https:\/\/agencia.252.com.mx\/home\/entra-en-operacion-tren-suburbano-felipe-angeles-buenavista-aifa\/#primaryimage"},"image":{"@id":"https:\/\/agencia.252.com.mx\/home\/entra-en-operacion-tren-suburbano-felipe-angeles-buenavista-aifa\/#primaryimage"},"thumbnailUrl":"https:\/\/agencia.252.com.mx\/wp-content\/uploads\/2026\/04\/WhatsApp-Image-2026-04-26-at-2.45.05-PM.jpeg","datePublished":"2026-04-27T02:15:58+00:00","dateModified":"2026-04-27T02:18:15+00:00","breadcrumb":{"@id":"https:\/\/agencia.252.com.mx\/home\/entra-en-operacion-tren-suburbano-felipe-angeles-buenavista-aifa\/#breadcrumb"},"inLanguage":"es","potentialAction":[{"@type":"ReadAction","target":["https:\/\/agencia.252.com.mx\/home\/entra-en-operacion-tren-suburbano-felipe-angeles-buenavista-aifa\/"]}]},{"@type":"ImageObject","inLanguage":"es","@id":"https:\/\/agencia.252.com.mx\/home\/entra-en-operacion-tren-suburbano-felipe-angeles-buenavista-aifa\/#primaryimage","url":"https:\/\/agencia.252.com.mx\/wp-content\/uploads\/2026\/04\/WhatsApp-Image-2026-04-26-at-2.45.05-PM.jpeg","contentUrl":"https:\/\/agencia.252.com.mx\/wp-content\/uploads\/2026\/04\/WhatsApp-Image-2026-04-26-at-2.45.05-PM.jpeg","width":1280,"height":854},{"@type":"BreadcrumbList","@id":"https:\/\/agencia.252.com.mx\/home\/entra-en-operacion-tren-suburbano-felipe-angeles-buenavista-aifa\/#breadcrumb","itemListElement":[{"@type":"ListItem","position":1,"name":"Portada","item":"https:\/\/agencia.252.com.mx\/home\/"},{"@type":"ListItem","position":2,"name":"Entra en operaci\u00f3n Tren Suburbano \u201cFelipe \u00c1ngeles\u201d Buenavista-AIFA"}]},{"@type":"WebSite","@id":"https:\/\/agencia.252.com.mx\/home\/#website","url":"https:\/\/agencia.252.com.mx\/home\/","name":"Agencia252","description":"Tu espacio en la Red","publisher":{"@id":"https:\/\/agencia.252.com.mx\/home\/#organization"},"potentialAction":[{"@type":"SearchAction","target":{"@type":"EntryPoint","urlTemplate":"https:\/\/agencia.252.com.mx\/home\/?s={search_term_string}"},"query-input":{"@type":"PropertyValueSpecification","valueRequired":true,"valueName":"search_term_string"}}],"inLanguage":"es"},{"@type":"Organization","@id":"https:\/\/agencia.252.com.mx\/home\/#organization","name":"Agencia252","url":"https:\/\/agencia.252.com.mx\/home\/","logo":{"@type":"ImageObject","inLanguage":"es","@id":"https:\/\/agencia.252.com.mx\/home\/#\/schema\/logo\/image\/","url":"https:\/\/agencia.252.com.mx\/wp-content\/uploads\/2023\/02\/cropped-ciruclo-agencia-e1677562404136.png","contentUrl":"https:\/\/agencia.252.com.mx\/wp-content\/uploads\/2023\/02\/cropped-ciruclo-agencia-e1677562404136.png","width":512,"height":512,"caption":"Agencia252"},"image":{"@id":"https:\/\/agencia.252.com.mx\/home\/#\/schema\/logo\/image\/"},"sameAs":["https:\/\/www.facebook.com\/252Comunicacion\/","https:\/\/x.com\/252COMS"]},{"@type":"Person","@id":"https:\/\/agencia.252.com.mx\/home\/#\/schema\/person\/6b972021e9a92d45ade8c78d81509098","name":"Nacho Corro","image":{"@type":"ImageObject","inLanguage":"es","@id":"https:\/\/secure.gravatar.com\/avatar\/5db6df507cfe1307e192fbb498c6b85f1cf2ffd8b4cd37141b9eea588fcbd5a4?s=96&r=g","url":"https:\/\/secure.gravatar.com\/avatar\/5db6df507cfe1307e192fbb498c6b85f1cf2ffd8b4cd37141b9eea588fcbd5a4?s=96&r=g","contentUrl":"https:\/\/secure.gravatar.com\/avatar\/5db6df507cfe1307e192fbb498c6b85f1cf2ffd8b4cd37141b9eea588fcbd5a4?s=96&r=g","caption":"Nacho Corro"},"description":"Comunicador Social, Periodista y Administraci\u00f3n P\u00fablica. Conversador pol\u00edtico, temas electorales y seguridad. Generador de contenidos digitales. Amante de la fotograf\u00eda","sameAs":["https:\/\/www.facebook.com\/jcorroherrera\/","www.instagram.com\/nachocorro\/","https:\/\/x.com\/Juan Ignacio Corro Herrera"],"url":"https:\/\/agencia.252.com.mx\/home\/author\/i-corro\/"}]}},"_links":{"self":[{"href":"https:\/\/agencia.252.com.mx\/home\/wp-json\/wp\/v2\/posts\/18771","targetHints":{"allow":["GET"]}}],"collection":[{"href":"https:\/\/agencia.252.com.mx\/home\/wp-json\/wp\/v2\/posts"}],"about":[{"href":"https:\/\/agencia.252.com.mx\/home\/wp-json\/wp\/v2\/types\/post"}],"author":[{"embeddable":true,"href":"https:\/\/agencia.252.com.mx\/home\/wp-json\/wp\/v2\/users\/5"}],"replies":[{"embeddable":true,"href":"https:\/\/agencia.252.com.mx\/home\/wp-json\/wp\/v2\/comments?post=18771"}],"version-history":[{"count":2,"href":"https:\/\/agencia.252.com.mx\/home\/wp-json\/wp\/v2\/posts\/18771\/revisions"}],"predecessor-version":[{"id":18774,"href":"https:\/\/agencia.252.com.mx\/home\/wp-json\/wp\/v2\/posts\/18771\/revisions\/18774"}],"wp:featuredmedia":[{"embeddable":true,"href":"https:\/\/agencia.252.com.mx\/home\/wp-json\/wp\/v2\/media\/18772"}],"wp:attachment":[{"href":"https:\/\/agencia.252.com.mx\/home\/wp-json\/wp\/v2\/media?parent=18771"}],"wp:term":[{"taxonomy":"category","embeddable":true,"href":"https:\/\/agencia.252.com.mx\/home\/wp-json\/wp\/v2\/categories?post=18771"},{"taxonomy":"post_tag","embeddable":true,"href":"https:\/\/agencia.252.com.mx\/home\/wp-json\/wp\/v2\/tags?post=18771"}],"curies":[{"name":"wp","href":"https:\/\/api.w.org\/{rel}","templated":true}]}}