{"id":18766,"date":"2026-04-26T20:05:23","date_gmt":"2026-04-27T02:05:23","guid":{"rendered":"https:\/\/agencia.252.com.mx\/home\/?p=18766"},"modified":"2026-04-26T20:05:24","modified_gmt":"2026-04-27T02:05:24","slug":"firma-convenio-de-colaboracion-naucalpan-y-fundacion-teleton","status":"publish","type":"post","link":"https:\/\/agencia.252.com.mx\/home\/firma-convenio-de-colaboracion-naucalpan-y-fundacion-teleton\/","title":{"rendered":"Firma Convenio de Colaboraci\u00f3n Naucalpan y Fundaci\u00f3n Telet\u00f3n\u00a0"},"content":{"rendered":"<p>Visitas: 1<\/p>\n<ul class=\"wp-block-list\">\n<li><em>La alianza con Telet\u00f3n tiene un rostro humano, que acompa\u00f1a, incluye y dignifica, a las personas que tienen alguna discapacidad y a la poblaci\u00f3n en general.<\/em><\/li>\n\n\n\n<li><em>Habr\u00e1 beneficios en servicios m\u00e9dicos, descuentos, atenci\u00f3n a referencias por el DIF Naucalpan y rehabilitaci\u00f3n. As\u00ed como la colecta anual donde Naucalpan destac\u00f3 a nivel nacional.<\/em><\/li>\n<\/ul>\n\n\n\n<p>Juan Ignacio Corro&nbsp;<\/p>\n\n\n\n<p class=\"has-text-align-right\">Naucalpan, Estado de M\u00e9xico, a 26 de abril de 2026<\/p>\n\n\n\n<p>Isaac Montoya M\u00e1rquez, edil de Naucalpan firm\u00f3 cuatro convenios de colaboraci\u00f3n con la Fundaci\u00f3n Telet\u00f3n como parte de una estrategia de trabajo conjunto en favor de las ni\u00f1as, ni\u00f1os y adolescentes con discapacidad, as\u00ed como de la poblaci\u00f3n en general.<\/p>\n\n\n\n<p>Al signar este convenio junto con la Presidenta del Sistema Municipal DIF, Adriana G. Escobar y del Director del CRIT Estado de M\u00e9xico, Jardiel Quintal Delgado, el alcalde subray\u00f3, esta alianza tiene un rostro humano, que acompa\u00f1a, incluye y dignifica, que se constituye como un compromiso permanente y prioritario para continuar con la transformaci\u00f3n en Naucalpan, de desarrollar programas y proyectos espec\u00edficos, a favor de las personas que tienen alguna discapacidad y quienes m\u00e1s lo necesitan.<\/p>\n\n\n\n<figure class=\"wp-block-image alignleft size-medium\"><img fetchpriority=\"high\" decoding=\"async\" width=\"300\" height=\"201\" src=\"https:\/\/agencia.252.com.mx\/wp-content\/uploads\/2026\/04\/WhatsApp-Image-2026-04-25-at-1.17.27-PM-300x201.jpeg\" alt=\"\" class=\"wp-image-18767\" srcset=\"https:\/\/agencia.252.com.mx\/wp-content\/uploads\/2026\/04\/WhatsApp-Image-2026-04-25-at-1.17.27-PM-300x201.jpeg 300w, https:\/\/agencia.252.com.mx\/wp-content\/uploads\/2026\/04\/WhatsApp-Image-2026-04-25-at-1.17.27-PM-1024x687.jpeg 1024w, https:\/\/agencia.252.com.mx\/wp-content\/uploads\/2026\/04\/WhatsApp-Image-2026-04-25-at-1.17.27-PM-768x516.jpeg 768w, https:\/\/agencia.252.com.mx\/wp-content\/uploads\/2026\/04\/WhatsApp-Image-2026-04-25-at-1.17.27-PM-1536x1031.jpeg 1536w, https:\/\/agencia.252.com.mx\/wp-content\/uploads\/2026\/04\/WhatsApp-Image-2026-04-25-at-1.17.27-PM.jpeg 1600w\" sizes=\"(max-width: 300px) 100vw, 300px\" \/><\/figure>\n\n\n\n<p>Reiter\u00f3 que la transformaci\u00f3n se mide en funci\u00f3n de entender que detr\u00e1s de cada expediente hay una historia, detr\u00e1s de cada referencia hay una familia y detr\u00e1s de cada terapia hay una posibilidad real de cambiar el rumbo de una vida. Se mide en el nivel de humanismo y en la capacidad de empat\u00eda.<\/p>\n\n\n\n<p>Adem\u00e1s del convenio general se sign\u00f3 otro que contempla, referencia y rehabilitaci\u00f3n, que permitir\u00e1 al DIF Naucalpan remitir a ni\u00f1as, ni\u00f1os y adolescentes menores de 18 a\u00f1os con discapacidad neurom\u00fasculoesquel\u00e9tica y trastorno del espectro autista y que sean considerados en la lista de espera del CRIT y recibir atenci\u00f3n conforme a la capacidad del centro.<\/p>\n\n\n\n<p>Las ni\u00f1as y los ni\u00f1os menores de 12 meses, tendr\u00e1n prioridad para su valoraci\u00f3n y en su caso para el ingreso inmediato. Adem\u00e1s, se contemplan hasta 10 estudios mensuales de electroneurodiagn\u00f3stico sin costo para pacientes referidos.<\/p>\n\n\n\n<p>\u201cEsto es una decisi\u00f3n institucional de ponerse de lado de las familias, de tender puentes, acercar oportunidades que deben ser derechos y de reconocer que la discapacidad no debe vivirse en soledad, sino con el respaldo, con la atenci\u00f3n, con el respeto y con el acompa\u00f1amiento. Cuando un gobierno, una instituci\u00f3n social y una comunidad deciden caminar juntas y juntos, la esperanza pasa de ser un discurso y se traslada a una realidad, a una atenci\u00f3n real\u201d enfatiz\u00f3 el alcalde.<\/p>\n\n\n\n<p>El tercer instrumento, se trata de la carta convenio de descuento y establece que las personas referidas por el DIF Naucalpan puedan acceder a un descuento del 20% en servicios m\u00e9dicos de rehabilitaci\u00f3n y estudios auxiliares de diagn\u00f3stico del CRIT Estado de M\u00e9xico, siendo un alivio econ\u00f3mico real para las familias.<\/p>\n\n\n\n<p>El cuarto convenio es el de recaudaci\u00f3n y boteo Telet\u00f3n 2026, con el cual se asegura el apoyo a la campa\u00f1a de recaudaci\u00f3n y boteo para reunir fondos destinados a la operaci\u00f3n y mantenimiento de los Centros Telet\u00f3n, en apoyo de todas las familias, ni\u00f1as, ni\u00f1os, j\u00f3venes y adultos que acuden a esta fundaci\u00f3n.<\/p>\n\n\n\n<p>Montoya M\u00e1rquez reconoci\u00f3 el trabajo de la Presidenta Honoraria del DIF Municipal, por acompa\u00f1ar a la poblaci\u00f3n vulnerable y apoyar causas nobles como la atenci\u00f3n en general a la poblaci\u00f3n naucalpense. Cabe destacar que Naucalpan, en la pasada colecta fue uno de los m\u00e1s destacados a nivel nacional en las labores de la colecta anual.<\/p>\n\n\n\n<p>El Director del CRIT Estado de M\u00e9xico, Jardiel Quintal, destac\u00f3 que el CRIT atiende a 2,700 familias y de esas 320 son usuarios orgullosamente del municipio de Naucalpan. A la vez que, reconoci\u00f3 la labor del Alcalde Isaac Montoya, por la sensibilidad que tiene tanto \u00e9l como la presidenta del DIF Naucalpan para ponerse en el lugar del otro. \u201cQue, en medio de esta exigente agenda de gobierno, ustedes hagan una pausa y miren a quien m\u00e1s nos necesita\u201d.<\/p>\n\n\n\n<p>En presencia de los beneficiarios Araceli Villeda Salazar y al ni\u00f1o Mateo S\u00e1nchez, la Presidenta Honoraria del Sistema Municipal DIF, Adriana G. Escobar, agradeci\u00f3 al CRIT Estado de M\u00e9xico por abrir sus puertas y dar la bienvenida a tantas ni\u00f1as, ni\u00f1os y j\u00f3venes que requieren de atenci\u00f3n especializada. Concluy\u00f3, en Naucalpan se sigue construyendo una ciudad donde la discapacidad deje de ser vista como un asunto privado de las familias \u00fanicamente y sea asumida como lo que es: una responsabilidad p\u00fablica, social y colectiva.<\/p>\n","protected":false},"excerpt":{"rendered":"<p>Visitas: 1 Juan Ignacio Corro&nbsp; Naucalpan, Estado de M\u00e9xico, a 26 de abril de 2026 Isaac Montoya M\u00e1rquez, edil de Naucalpan firm\u00f3 cuatro convenios de colaboraci\u00f3n con la Fundaci\u00f3n Telet\u00f3n como parte de una estrategia de trabajo conjunto en favor de las ni\u00f1as, ni\u00f1os y adolescentes con discapacidad, as\u00ed como de la poblaci\u00f3n en general. [&hellip;]<\/p>\n","protected":false},"author":5,"featured_media":18768,"comment_status":"open","ping_status":"open","sticky":false,"template":"","format":"standard","meta":{"site-sidebar-layout":"default","site-content-layout":"","ast-site-content-layout":"default","site-content-style":"default","site-sidebar-style":"default","ast-global-header-display":"","ast-banner-title-visibility":"","ast-main-header-display":"","ast-hfb-above-header-display":"","ast-hfb-below-header-display":"","ast-hfb-mobile-header-display":"","site-post-title":"","ast-breadcrumbs-content":"","ast-featured-img":"","footer-sml-layout":"","ast-disable-related-posts":"","theme-transparent-header-meta":"","adv-header-id-meta":"","stick-header-meta":"","header-above-stick-meta":"","header-main-stick-meta":"","header-below-stick-meta":"","astra-migrate-meta-layouts":"set","ast-page-background-enabled":"default","ast-page-background-meta":{"desktop":{"background-color":"var(--ast-global-color-4)","background-image":"","background-repeat":"repeat","background-position":"center center","background-size":"auto","background-attachment":"scroll","background-type":"","background-media":"","overlay-type":"","overlay-color":"","overlay-opacity":"","overlay-gradient":""},"tablet":{"background-color":"","background-image":"","background-repeat":"repeat","background-position":"center center","background-size":"auto","background-attachment":"scroll","background-type":"","background-media":"","overlay-type":"","overlay-color":"","overlay-opacity":"","overlay-gradient":""},"mobile":{"background-color":"","background-image":"","background-repeat":"repeat","background-position":"center center","background-size":"auto","background-attachment":"scroll","background-type":"","background-media":"","overlay-type":"","overlay-color":"","overlay-opacity":"","overlay-gradient":""}},"ast-content-background-meta":{"desktop":{"background-color":"var(--ast-global-color-5)","background-image":"","background-repeat":"repeat","background-position":"center center","background-size":"auto","background-attachment":"scroll","background-type":"","background-media":"","overlay-type":"","overlay-color":"","overlay-opacity":"","overlay-gradient":""},"tablet":{"background-color":"var(--ast-global-color-5)","background-image":"","background-repeat":"repeat","background-position":"center center","background-size":"auto","background-attachment":"scroll","background-type":"","background-media":"","overlay-type":"","overlay-color":"","overlay-opacity":"","overlay-gradient":""},"mobile":{"background-color":"var(--ast-global-color-5)","background-image":"","background-repeat":"repeat","background-position":"center center","background-size":"auto","background-attachment":"scroll","background-type":"","background-media":"","overlay-type":"","overlay-color":"","overlay-opacity":"","overlay-gradient":""}},"footnotes":""},"categories":[8,70,200,68],"tags":[526],"class_list":["post-18766","post","type-post","status-publish","format-standard","has-post-thumbnail","hentry","category-edomex","category-naucalpan","category-salud","category-seguridad","tag-edomex"],"yoast_head":"<!-- This site is optimized with the Yoast SEO plugin v27.4 - https:\/\/yoast.com\/product\/yoast-seo-wordpress\/ -->\n<title>Firma Convenio de Colaboraci\u00f3n Naucalpan y Fundaci\u00f3n Telet\u00f3n\u00a0 - Agencia252<\/title>\n<meta name=\"robots\" content=\"index, follow, max-snippet:-1, max-image-preview:large, max-video-preview:-1\" \/>\n<link rel=\"canonical\" href=\"https:\/\/agencia.252.com.mx\/home\/firma-convenio-de-colaboracion-naucalpan-y-fundacion-teleton\/\" \/>\n<meta property=\"og:locale\" content=\"es_ES\" \/>\n<meta property=\"og:type\" content=\"article\" \/>\n<meta property=\"og:title\" content=\"Firma Convenio de Colaboraci\u00f3n Naucalpan y Fundaci\u00f3n Telet\u00f3n\u00a0 - Agencia252\" \/>\n<meta property=\"og:description\" content=\"Visitas: 1 Juan Ignacio Corro&nbsp; Naucalpan, Estado de M\u00e9xico, a 26 de abril de 2026 Isaac Montoya M\u00e1rquez, edil de Naucalpan firm\u00f3 cuatro convenios de colaboraci\u00f3n con la Fundaci\u00f3n Telet\u00f3n como parte de una estrategia de trabajo conjunto en favor de las ni\u00f1as, ni\u00f1os y adolescentes con discapacidad, as\u00ed como de la poblaci\u00f3n en general. [&hellip;]\" \/>\n<meta property=\"og:url\" content=\"https:\/\/agencia.252.com.mx\/home\/firma-convenio-de-colaboracion-naucalpan-y-fundacion-teleton\/\" \/>\n<meta property=\"og:site_name\" content=\"Agencia252\" \/>\n<meta property=\"article:publisher\" content=\"https:\/\/www.facebook.com\/252Comunicacion\/\" \/>\n<meta property=\"article:author\" content=\"https:\/\/www.facebook.com\/jcorroherrera\/\" \/>\n<meta property=\"article:published_time\" content=\"2026-04-27T02:05:23+00:00\" \/>\n<meta property=\"article:modified_time\" content=\"2026-04-27T02:05:24+00:00\" \/>\n<meta property=\"og:image\" content=\"http:\/\/agencia.252.com.mx\/wp-content\/uploads\/2026\/04\/WhatsApp-Image-2026-04-25-at-1.17.28-PM.jpeg\" \/>\n\t<meta property=\"og:image:width\" content=\"1600\" \/>\n\t<meta property=\"og:image:height\" content=\"1064\" \/>\n\t<meta property=\"og:image:type\" content=\"image\/jpeg\" \/>\n<meta name=\"author\" content=\"Nacho Corro\" \/>\n<meta name=\"twitter:card\" content=\"summary_large_image\" \/>\n<meta name=\"twitter:creator\" content=\"@Juan Ignacio Corro Herrera\" \/>\n<meta name=\"twitter:site\" content=\"@252COMS\" \/>\n<meta name=\"twitter:label1\" content=\"Escrito por\" \/>\n\t<meta name=\"twitter:data1\" content=\"Nacho Corro\" \/>\n\t<meta name=\"twitter:label2\" content=\"Tiempo de lectura\" \/>\n\t<meta name=\"twitter:data2\" content=\"4 minutos\" \/>\n<script type=\"application\/ld+json\" class=\"yoast-schema-graph\">{\"@context\":\"https:\\\/\\\/schema.org\",\"@graph\":[{\"@type\":\"Article\",\"@id\":\"https:\\\/\\\/agencia.252.com.mx\\\/home\\\/firma-convenio-de-colaboracion-naucalpan-y-fundacion-teleton\\\/#article\",\"isPartOf\":{\"@id\":\"https:\\\/\\\/agencia.252.com.mx\\\/home\\\/firma-convenio-de-colaboracion-naucalpan-y-fundacion-teleton\\\/\"},\"author\":{\"name\":\"Nacho Corro\",\"@id\":\"https:\\\/\\\/agencia.252.com.mx\\\/home\\\/#\\\/schema\\\/person\\\/6b972021e9a92d45ade8c78d81509098\"},\"headline\":\"Firma Convenio de Colaboraci\u00f3n Naucalpan y Fundaci\u00f3n Telet\u00f3n\u00a0\",\"datePublished\":\"2026-04-27T02:05:23+00:00\",\"dateModified\":\"2026-04-27T02:05:24+00:00\",\"mainEntityOfPage\":{\"@id\":\"https:\\\/\\\/agencia.252.com.mx\\\/home\\\/firma-convenio-de-colaboracion-naucalpan-y-fundacion-teleton\\\/\"},\"wordCount\":807,\"commentCount\":0,\"publisher\":{\"@id\":\"https:\\\/\\\/agencia.252.com.mx\\\/home\\\/#organization\"},\"image\":{\"@id\":\"https:\\\/\\\/agencia.252.com.mx\\\/home\\\/firma-convenio-de-colaboracion-naucalpan-y-fundacion-teleton\\\/#primaryimage\"},\"thumbnailUrl\":\"https:\\\/\\\/agencia.252.com.mx\\\/wp-content\\\/uploads\\\/2026\\\/04\\\/WhatsApp-Image-2026-04-25-at-1.17.28-PM.jpeg\",\"keywords\":[\"Edomex\"],\"articleSection\":[\"Edomex\",\"Naucalpan\",\"salud\",\"Seguridad\"],\"inLanguage\":\"es\",\"potentialAction\":[{\"@type\":\"CommentAction\",\"name\":\"Comment\",\"target\":[\"https:\\\/\\\/agencia.252.com.mx\\\/home\\\/firma-convenio-de-colaboracion-naucalpan-y-fundacion-teleton\\\/#respond\"]}]},{\"@type\":\"WebPage\",\"@id\":\"https:\\\/\\\/agencia.252.com.mx\\\/home\\\/firma-convenio-de-colaboracion-naucalpan-y-fundacion-teleton\\\/\",\"url\":\"https:\\\/\\\/agencia.252.com.mx\\\/home\\\/firma-convenio-de-colaboracion-naucalpan-y-fundacion-teleton\\\/\",\"name\":\"Firma Convenio de Colaboraci\u00f3n Naucalpan y Fundaci\u00f3n Telet\u00f3n\u00a0 - Agencia252\",\"isPartOf\":{\"@id\":\"https:\\\/\\\/agencia.252.com.mx\\\/home\\\/#website\"},\"primaryImageOfPage\":{\"@id\":\"https:\\\/\\\/agencia.252.com.mx\\\/home\\\/firma-convenio-de-colaboracion-naucalpan-y-fundacion-teleton\\\/#primaryimage\"},\"image\":{\"@id\":\"https:\\\/\\\/agencia.252.com.mx\\\/home\\\/firma-convenio-de-colaboracion-naucalpan-y-fundacion-teleton\\\/#primaryimage\"},\"thumbnailUrl\":\"https:\\\/\\\/agencia.252.com.mx\\\/wp-content\\\/uploads\\\/2026\\\/04\\\/WhatsApp-Image-2026-04-25-at-1.17.28-PM.jpeg\",\"datePublished\":\"2026-04-27T02:05:23+00:00\",\"dateModified\":\"2026-04-27T02:05:24+00:00\",\"breadcrumb\":{\"@id\":\"https:\\\/\\\/agencia.252.com.mx\\\/home\\\/firma-convenio-de-colaboracion-naucalpan-y-fundacion-teleton\\\/#breadcrumb\"},\"inLanguage\":\"es\",\"potentialAction\":[{\"@type\":\"ReadAction\",\"target\":[\"https:\\\/\\\/agencia.252.com.mx\\\/home\\\/firma-convenio-de-colaboracion-naucalpan-y-fundacion-teleton\\\/\"]}]},{\"@type\":\"ImageObject\",\"inLanguage\":\"es\",\"@id\":\"https:\\\/\\\/agencia.252.com.mx\\\/home\\\/firma-convenio-de-colaboracion-naucalpan-y-fundacion-teleton\\\/#primaryimage\",\"url\":\"https:\\\/\\\/agencia.252.com.mx\\\/wp-content\\\/uploads\\\/2026\\\/04\\\/WhatsApp-Image-2026-04-25-at-1.17.28-PM.jpeg\",\"contentUrl\":\"https:\\\/\\\/agencia.252.com.mx\\\/wp-content\\\/uploads\\\/2026\\\/04\\\/WhatsApp-Image-2026-04-25-at-1.17.28-PM.jpeg\",\"width\":1600,\"height\":1064},{\"@type\":\"BreadcrumbList\",\"@id\":\"https:\\\/\\\/agencia.252.com.mx\\\/home\\\/firma-convenio-de-colaboracion-naucalpan-y-fundacion-teleton\\\/#breadcrumb\",\"itemListElement\":[{\"@type\":\"ListItem\",\"position\":1,\"name\":\"Portada\",\"item\":\"https:\\\/\\\/agencia.252.com.mx\\\/home\\\/\"},{\"@type\":\"ListItem\",\"position\":2,\"name\":\"Firma Convenio de Colaboraci\u00f3n Naucalpan y Fundaci\u00f3n Telet\u00f3n\u00a0\"}]},{\"@type\":\"WebSite\",\"@id\":\"https:\\\/\\\/agencia.252.com.mx\\\/home\\\/#website\",\"url\":\"https:\\\/\\\/agencia.252.com.mx\\\/home\\\/\",\"name\":\"Agencia252\",\"description\":\"Tu espacio en la Red\",\"publisher\":{\"@id\":\"https:\\\/\\\/agencia.252.com.mx\\\/home\\\/#organization\"},\"potentialAction\":[{\"@type\":\"SearchAction\",\"target\":{\"@type\":\"EntryPoint\",\"urlTemplate\":\"https:\\\/\\\/agencia.252.com.mx\\\/home\\\/?s={search_term_string}\"},\"query-input\":{\"@type\":\"PropertyValueSpecification\",\"valueRequired\":true,\"valueName\":\"search_term_string\"}}],\"inLanguage\":\"es\"},{\"@type\":\"Organization\",\"@id\":\"https:\\\/\\\/agencia.252.com.mx\\\/home\\\/#organization\",\"name\":\"Agencia252\",\"url\":\"https:\\\/\\\/agencia.252.com.mx\\\/home\\\/\",\"logo\":{\"@type\":\"ImageObject\",\"inLanguage\":\"es\",\"@id\":\"https:\\\/\\\/agencia.252.com.mx\\\/home\\\/#\\\/schema\\\/logo\\\/image\\\/\",\"url\":\"https:\\\/\\\/agencia.252.com.mx\\\/wp-content\\\/uploads\\\/2023\\\/02\\\/cropped-ciruclo-agencia-e1677562404136.png\",\"contentUrl\":\"https:\\\/\\\/agencia.252.com.mx\\\/wp-content\\\/uploads\\\/2023\\\/02\\\/cropped-ciruclo-agencia-e1677562404136.png\",\"width\":512,\"height\":512,\"caption\":\"Agencia252\"},\"image\":{\"@id\":\"https:\\\/\\\/agencia.252.com.mx\\\/home\\\/#\\\/schema\\\/logo\\\/image\\\/\"},\"sameAs\":[\"https:\\\/\\\/www.facebook.com\\\/252Comunicacion\\\/\",\"https:\\\/\\\/x.com\\\/252COMS\"]},{\"@type\":\"Person\",\"@id\":\"https:\\\/\\\/agencia.252.com.mx\\\/home\\\/#\\\/schema\\\/person\\\/6b972021e9a92d45ade8c78d81509098\",\"name\":\"Nacho Corro\",\"image\":{\"@type\":\"ImageObject\",\"inLanguage\":\"es\",\"@id\":\"https:\\\/\\\/secure.gravatar.com\\\/avatar\\\/5db6df507cfe1307e192fbb498c6b85f1cf2ffd8b4cd37141b9eea588fcbd5a4?s=96&r=g\",\"url\":\"https:\\\/\\\/secure.gravatar.com\\\/avatar\\\/5db6df507cfe1307e192fbb498c6b85f1cf2ffd8b4cd37141b9eea588fcbd5a4?s=96&r=g\",\"contentUrl\":\"https:\\\/\\\/secure.gravatar.com\\\/avatar\\\/5db6df507cfe1307e192fbb498c6b85f1cf2ffd8b4cd37141b9eea588fcbd5a4?s=96&r=g\",\"caption\":\"Nacho Corro\"},\"description\":\"Comunicador Social, Periodista y Administraci\u00f3n P\u00fablica. Conversador pol\u00edtico, temas electorales y seguridad. Generador de contenidos digitales. Amante de la fotograf\u00eda\",\"sameAs\":[\"https:\\\/\\\/www.facebook.com\\\/jcorroherrera\\\/\",\"www.instagram.com\\\/nachocorro\\\/\",\"https:\\\/\\\/x.com\\\/Juan Ignacio Corro Herrera\"],\"url\":\"https:\\\/\\\/agencia.252.com.mx\\\/home\\\/author\\\/i-corro\\\/\"}]}<\/script>\n<!-- \/ Yoast SEO plugin. -->","yoast_head_json":{"title":"Firma Convenio de Colaboraci\u00f3n Naucalpan y Fundaci\u00f3n Telet\u00f3n\u00a0 - Agencia252","robots":{"index":"index","follow":"follow","max-snippet":"max-snippet:-1","max-image-preview":"max-image-preview:large","max-video-preview":"max-video-preview:-1"},"canonical":"https:\/\/agencia.252.com.mx\/home\/firma-convenio-de-colaboracion-naucalpan-y-fundacion-teleton\/","og_locale":"es_ES","og_type":"article","og_title":"Firma Convenio de Colaboraci\u00f3n Naucalpan y Fundaci\u00f3n Telet\u00f3n\u00a0 - Agencia252","og_description":"Visitas: 1 Juan Ignacio Corro&nbsp; Naucalpan, Estado de M\u00e9xico, a 26 de abril de 2026 Isaac Montoya M\u00e1rquez, edil de Naucalpan firm\u00f3 cuatro convenios de colaboraci\u00f3n con la Fundaci\u00f3n Telet\u00f3n como parte de una estrategia de trabajo conjunto en favor de las ni\u00f1as, ni\u00f1os y adolescentes con discapacidad, as\u00ed como de la poblaci\u00f3n en general. [&hellip;]","og_url":"https:\/\/agencia.252.com.mx\/home\/firma-convenio-de-colaboracion-naucalpan-y-fundacion-teleton\/","og_site_name":"Agencia252","article_publisher":"https:\/\/www.facebook.com\/252Comunicacion\/","article_author":"https:\/\/www.facebook.com\/jcorroherrera\/","article_published_time":"2026-04-27T02:05:23+00:00","article_modified_time":"2026-04-27T02:05:24+00:00","og_image":[{"width":1600,"height":1064,"url":"http:\/\/agencia.252.com.mx\/wp-content\/uploads\/2026\/04\/WhatsApp-Image-2026-04-25-at-1.17.28-PM.jpeg","type":"image\/jpeg"}],"author":"Nacho Corro","twitter_card":"summary_large_image","twitter_creator":"@Juan Ignacio Corro Herrera","twitter_site":"@252COMS","twitter_misc":{"Escrito por":"Nacho Corro","Tiempo de lectura":"4 minutos"},"schema":{"@context":"https:\/\/schema.org","@graph":[{"@type":"Article","@id":"https:\/\/agencia.252.com.mx\/home\/firma-convenio-de-colaboracion-naucalpan-y-fundacion-teleton\/#article","isPartOf":{"@id":"https:\/\/agencia.252.com.mx\/home\/firma-convenio-de-colaboracion-naucalpan-y-fundacion-teleton\/"},"author":{"name":"Nacho Corro","@id":"https:\/\/agencia.252.com.mx\/home\/#\/schema\/person\/6b972021e9a92d45ade8c78d81509098"},"headline":"Firma Convenio de Colaboraci\u00f3n Naucalpan y Fundaci\u00f3n Telet\u00f3n\u00a0","datePublished":"2026-04-27T02:05:23+00:00","dateModified":"2026-04-27T02:05:24+00:00","mainEntityOfPage":{"@id":"https:\/\/agencia.252.com.mx\/home\/firma-convenio-de-colaboracion-naucalpan-y-fundacion-teleton\/"},"wordCount":807,"commentCount":0,"publisher":{"@id":"https:\/\/agencia.252.com.mx\/home\/#organization"},"image":{"@id":"https:\/\/agencia.252.com.mx\/home\/firma-convenio-de-colaboracion-naucalpan-y-fundacion-teleton\/#primaryimage"},"thumbnailUrl":"https:\/\/agencia.252.com.mx\/wp-content\/uploads\/2026\/04\/WhatsApp-Image-2026-04-25-at-1.17.28-PM.jpeg","keywords":["Edomex"],"articleSection":["Edomex","Naucalpan","salud","Seguridad"],"inLanguage":"es","potentialAction":[{"@type":"CommentAction","name":"Comment","target":["https:\/\/agencia.252.com.mx\/home\/firma-convenio-de-colaboracion-naucalpan-y-fundacion-teleton\/#respond"]}]},{"@type":"WebPage","@id":"https:\/\/agencia.252.com.mx\/home\/firma-convenio-de-colaboracion-naucalpan-y-fundacion-teleton\/","url":"https:\/\/agencia.252.com.mx\/home\/firma-convenio-de-colaboracion-naucalpan-y-fundacion-teleton\/","name":"Firma Convenio de Colaboraci\u00f3n Naucalpan y Fundaci\u00f3n Telet\u00f3n\u00a0 - Agencia252","isPartOf":{"@id":"https:\/\/agencia.252.com.mx\/home\/#website"},"primaryImageOfPage":{"@id":"https:\/\/agencia.252.com.mx\/home\/firma-convenio-de-colaboracion-naucalpan-y-fundacion-teleton\/#primaryimage"},"image":{"@id":"https:\/\/agencia.252.com.mx\/home\/firma-convenio-de-colaboracion-naucalpan-y-fundacion-teleton\/#primaryimage"},"thumbnailUrl":"https:\/\/agencia.252.com.mx\/wp-content\/uploads\/2026\/04\/WhatsApp-Image-2026-04-25-at-1.17.28-PM.jpeg","datePublished":"2026-04-27T02:05:23+00:00","dateModified":"2026-04-27T02:05:24+00:00","breadcrumb":{"@id":"https:\/\/agencia.252.com.mx\/home\/firma-convenio-de-colaboracion-naucalpan-y-fundacion-teleton\/#breadcrumb"},"inLanguage":"es","potentialAction":[{"@type":"ReadAction","target":["https:\/\/agencia.252.com.mx\/home\/firma-convenio-de-colaboracion-naucalpan-y-fundacion-teleton\/"]}]},{"@type":"ImageObject","inLanguage":"es","@id":"https:\/\/agencia.252.com.mx\/home\/firma-convenio-de-colaboracion-naucalpan-y-fundacion-teleton\/#primaryimage","url":"https:\/\/agencia.252.com.mx\/wp-content\/uploads\/2026\/04\/WhatsApp-Image-2026-04-25-at-1.17.28-PM.jpeg","contentUrl":"https:\/\/agencia.252.com.mx\/wp-content\/uploads\/2026\/04\/WhatsApp-Image-2026-04-25-at-1.17.28-PM.jpeg","width":1600,"height":1064},{"@type":"BreadcrumbList","@id":"https:\/\/agencia.252.com.mx\/home\/firma-convenio-de-colaboracion-naucalpan-y-fundacion-teleton\/#breadcrumb","itemListElement":[{"@type":"ListItem","position":1,"name":"Portada","item":"https:\/\/agencia.252.com.mx\/home\/"},{"@type":"ListItem","position":2,"name":"Firma Convenio de Colaboraci\u00f3n Naucalpan y Fundaci\u00f3n Telet\u00f3n\u00a0"}]},{"@type":"WebSite","@id":"https:\/\/agencia.252.com.mx\/home\/#website","url":"https:\/\/agencia.252.com.mx\/home\/","name":"Agencia252","description":"Tu espacio en la Red","publisher":{"@id":"https:\/\/agencia.252.com.mx\/home\/#organization"},"potentialAction":[{"@type":"SearchAction","target":{"@type":"EntryPoint","urlTemplate":"https:\/\/agencia.252.com.mx\/home\/?s={search_term_string}"},"query-input":{"@type":"PropertyValueSpecification","valueRequired":true,"valueName":"search_term_string"}}],"inLanguage":"es"},{"@type":"Organization","@id":"https:\/\/agencia.252.com.mx\/home\/#organization","name":"Agencia252","url":"https:\/\/agencia.252.com.mx\/home\/","logo":{"@type":"ImageObject","inLanguage":"es","@id":"https:\/\/agencia.252.com.mx\/home\/#\/schema\/logo\/image\/","url":"https:\/\/agencia.252.com.mx\/wp-content\/uploads\/2023\/02\/cropped-ciruclo-agencia-e1677562404136.png","contentUrl":"https:\/\/agencia.252.com.mx\/wp-content\/uploads\/2023\/02\/cropped-ciruclo-agencia-e1677562404136.png","width":512,"height":512,"caption":"Agencia252"},"image":{"@id":"https:\/\/agencia.252.com.mx\/home\/#\/schema\/logo\/image\/"},"sameAs":["https:\/\/www.facebook.com\/252Comunicacion\/","https:\/\/x.com\/252COMS"]},{"@type":"Person","@id":"https:\/\/agencia.252.com.mx\/home\/#\/schema\/person\/6b972021e9a92d45ade8c78d81509098","name":"Nacho Corro","image":{"@type":"ImageObject","inLanguage":"es","@id":"https:\/\/secure.gravatar.com\/avatar\/5db6df507cfe1307e192fbb498c6b85f1cf2ffd8b4cd37141b9eea588fcbd5a4?s=96&r=g","url":"https:\/\/secure.gravatar.com\/avatar\/5db6df507cfe1307e192fbb498c6b85f1cf2ffd8b4cd37141b9eea588fcbd5a4?s=96&r=g","contentUrl":"https:\/\/secure.gravatar.com\/avatar\/5db6df507cfe1307e192fbb498c6b85f1cf2ffd8b4cd37141b9eea588fcbd5a4?s=96&r=g","caption":"Nacho Corro"},"description":"Comunicador Social, Periodista y Administraci\u00f3n P\u00fablica. Conversador pol\u00edtico, temas electorales y seguridad. Generador de contenidos digitales. Amante de la fotograf\u00eda","sameAs":["https:\/\/www.facebook.com\/jcorroherrera\/","www.instagram.com\/nachocorro\/","https:\/\/x.com\/Juan Ignacio Corro Herrera"],"url":"https:\/\/agencia.252.com.mx\/home\/author\/i-corro\/"}]}},"_links":{"self":[{"href":"https:\/\/agencia.252.com.mx\/home\/wp-json\/wp\/v2\/posts\/18766","targetHints":{"allow":["GET"]}}],"collection":[{"href":"https:\/\/agencia.252.com.mx\/home\/wp-json\/wp\/v2\/posts"}],"about":[{"href":"https:\/\/agencia.252.com.mx\/home\/wp-json\/wp\/v2\/types\/post"}],"author":[{"embeddable":true,"href":"https:\/\/agencia.252.com.mx\/home\/wp-json\/wp\/v2\/users\/5"}],"replies":[{"embeddable":true,"href":"https:\/\/agencia.252.com.mx\/home\/wp-json\/wp\/v2\/comments?post=18766"}],"version-history":[{"count":1,"href":"https:\/\/agencia.252.com.mx\/home\/wp-json\/wp\/v2\/posts\/18766\/revisions"}],"predecessor-version":[{"id":18769,"href":"https:\/\/agencia.252.com.mx\/home\/wp-json\/wp\/v2\/posts\/18766\/revisions\/18769"}],"wp:featuredmedia":[{"embeddable":true,"href":"https:\/\/agencia.252.com.mx\/home\/wp-json\/wp\/v2\/media\/18768"}],"wp:attachment":[{"href":"https:\/\/agencia.252.com.mx\/home\/wp-json\/wp\/v2\/media?parent=18766"}],"wp:term":[{"taxonomy":"category","embeddable":true,"href":"https:\/\/agencia.252.com.mx\/home\/wp-json\/wp\/v2\/categories?post=18766"},{"taxonomy":"post_tag","embeddable":true,"href":"https:\/\/agencia.252.com.mx\/home\/wp-json\/wp\/v2\/tags?post=18766"}],"curies":[{"name":"wp","href":"https:\/\/api.w.org\/{rel}","templated":true}]}}