{"id":18760,"date":"2026-04-26T19:56:02","date_gmt":"2026-04-27T01:56:02","guid":{"rendered":"https:\/\/agencia.252.com.mx\/home\/?p=18760"},"modified":"2026-04-26T19:56:03","modified_gmt":"2026-04-27T01:56:03","slug":"celebra-huixquilucan-segundo-carnaval-cultural-2026","status":"publish","type":"post","link":"https:\/\/agencia.252.com.mx\/home\/celebra-huixquilucan-segundo-carnaval-cultural-2026\/","title":{"rendered":"Celebra Huixquilucan Segundo Carnaval Cultural 2026\u00a0"},"content":{"rendered":"<p>Visitas: 0<\/p>\n<ul class=\"wp-block-list\">\n<li><em>La presidenta municipal, Romina Contreras, destac\u00f3 la participaci\u00f3n de m\u00e1s de mil 500 personas a esta segunda edici\u00f3n, quienes disfrutaron de una celebraci\u00f3n llena de riqueza cultural<\/em><\/li>\n<\/ul>\n\n\n\n<ul class=\"wp-block-list\">\n<li><em>Los asistentes se sumaron a la alegr\u00eda y ritmo de agrupaciones como los ballets folkl\u00f3ricos \u201cImperio Azteca\u201d, \u201cRa\u00edces de Mi Tierra\u201d, \u201cTradici\u00f3n y Pasi\u00f3n Mexicana\u201d y \u201cQuetzalc\u00f3atl\u201d<\/em><\/li>\n<\/ul>\n\n\n\n<p>Juan Ignacio Corro&nbsp;<\/p>\n\n\n\n<p class=\"has-text-align-right\">Ciudad de M\u00e9xico, a 26 de abril de 2026<\/p>\n\n\n\n<p>En un ambiente de m\u00fasica, color y tradici\u00f3n, Huixquilucan celebr\u00f3 con \u00e9xito la segunda edici\u00f3n del \u201cCarnaval Cultural 2026\u201d, con la participaci\u00f3n de m\u00e1s de mil 500 personas que se dieron cita en las calles de la Cabecera Municipal y la Explanada Municipal para gozar de la m\u00fasica de diversas agrupaciones que resaltaron la identidad y las tradiciones de este municipio.<\/p>\n\n\n\n<p>Al concluir los festejos, marcados por el j\u00fabilo y la riqueza cultural, la presidenta municipal, Romina Contreras Carrasco, reconoci\u00f3 el entusiasmo de la gente, al tiempo de subrayar que estos encuentros son de gran relevancia para fortalecer la cultura e identidad de Huixquilucan y asegurar que el legado hist\u00f3rico de las 49 comunidades perdure en las nuevas generaciones.<\/p>\n\n\n\n<p>\u201cEste evento tiene la finalidad de fortalecer las ra\u00edces que dan identidad al municipio, agradezco a la Direcci\u00f3n General de Cultura y Turismo por organizar, por segunda ocasi\u00f3n, este evento, con mucho amor y entusiasmo; tambi\u00e9n a las familias que se sumaron y disfrutaron de las diversas actividades culturales. Seguiremos preservando las costumbres de Huixquilucan, a trav\u00e9s de eventos que fomentan una sana convivencia con la familia\u201d, refiri\u00f3 la alcaldesa.<\/p>\n\n\n\n<figure class=\"wp-block-gallery has-nested-images columns-default is-cropped wp-block-gallery-1 is-layout-flex wp-block-gallery-is-layout-flex\">\n<figure class=\"wp-block-image size-large\"><img fetchpriority=\"high\" decoding=\"async\" width=\"1024\" height=\"683\" data-id=\"18762\" src=\"https:\/\/agencia.252.com.mx\/wp-content\/uploads\/2026\/04\/Huixquilucan-Romina-Contreras-C-099-2026-4-1024x683.jpg\" alt=\"\" class=\"wp-image-18762\" srcset=\"https:\/\/agencia.252.com.mx\/wp-content\/uploads\/2026\/04\/Huixquilucan-Romina-Contreras-C-099-2026-4-1024x683.jpg 1024w, https:\/\/agencia.252.com.mx\/wp-content\/uploads\/2026\/04\/Huixquilucan-Romina-Contreras-C-099-2026-4-300x200.jpg 300w, https:\/\/agencia.252.com.mx\/wp-content\/uploads\/2026\/04\/Huixquilucan-Romina-Contreras-C-099-2026-4-768x512.jpg 768w, https:\/\/agencia.252.com.mx\/wp-content\/uploads\/2026\/04\/Huixquilucan-Romina-Contreras-C-099-2026-4-1536x1024.jpg 1536w, https:\/\/agencia.252.com.mx\/wp-content\/uploads\/2026\/04\/Huixquilucan-Romina-Contreras-C-099-2026-4-2048x1365.jpg 2048w\" sizes=\"(max-width: 1024px) 100vw, 1024px\" \/><\/figure>\n\n\n\n<figure class=\"wp-block-image size-large\"><img decoding=\"async\" width=\"1024\" height=\"683\" data-id=\"18763\" src=\"https:\/\/agencia.252.com.mx\/wp-content\/uploads\/2026\/04\/Huixquilucan-Romina-Contreras-C-099-2026-7-1024x683.jpg\" alt=\"\" class=\"wp-image-18763\" srcset=\"https:\/\/agencia.252.com.mx\/wp-content\/uploads\/2026\/04\/Huixquilucan-Romina-Contreras-C-099-2026-7-1024x683.jpg 1024w, https:\/\/agencia.252.com.mx\/wp-content\/uploads\/2026\/04\/Huixquilucan-Romina-Contreras-C-099-2026-7-300x200.jpg 300w, https:\/\/agencia.252.com.mx\/wp-content\/uploads\/2026\/04\/Huixquilucan-Romina-Contreras-C-099-2026-7-768x512.jpg 768w, https:\/\/agencia.252.com.mx\/wp-content\/uploads\/2026\/04\/Huixquilucan-Romina-Contreras-C-099-2026-7-1536x1024.jpg 1536w, https:\/\/agencia.252.com.mx\/wp-content\/uploads\/2026\/04\/Huixquilucan-Romina-Contreras-C-099-2026-7-2048x1365.jpg 2048w\" sizes=\"(max-width: 1024px) 100vw, 1024px\" \/><\/figure>\n<\/figure>\n\n\n\n<p>Romina Contreras agradeci\u00f3 la entusiasta participaci\u00f3n de la ciudadan\u00eda y asegur\u00f3 que su gobierno seguir\u00e1 invirtiendo en la cultura y el turismo, como herramientas para reconstruir el tejido social y, de esta manera, apostar por ambientes de sana convivencia en donde se reconozcan las tradiciones.<\/p>\n\n\n\n<p>Durante el recorrido del \u201cCarnaval Cultural 2026\u201d, familias huixquiluquenses disfrutaron de zapateados r\u00edtmicos que contagiaron de energ\u00eda a los asistentes, creando un ambiente de aut\u00e9ntica fiesta popular, al ritmo de los ballets folkl\u00f3ricos \u201cImperio Azteca\u201d, \u201cRa\u00edces de Mi Tierra\u201d, \u201cTradici\u00f3n y Pasi\u00f3n Mexicana\u201d y \u201cQuetzalc\u00f3atl\u201d, entre otros.<\/p>\n\n\n\n<p>Asimismo, con el fin de incentivar la adopci\u00f3n de perritos que se encuentran en el Centro de Atenci\u00f3n y Protecci\u00f3n Animal \u201cHuixquican\u201d, algunos de ellos participaron en la caminata por calles de la Cabecera Municipal, para que la gente los conociera y as\u00ed poder encontrar una nueva familia.&nbsp;<\/p>\n","protected":false},"excerpt":{"rendered":"<p>Visitas: 0 Juan Ignacio Corro&nbsp; Ciudad de M\u00e9xico, a 26 de abril de 2026 En un ambiente de m\u00fasica, color y tradici\u00f3n, Huixquilucan celebr\u00f3 con \u00e9xito la segunda edici\u00f3n del \u201cCarnaval Cultural 2026\u201d, con la participaci\u00f3n de m\u00e1s de mil 500 personas que se dieron cita en las calles de la Cabecera Municipal y la [&hellip;]<\/p>\n","protected":false},"author":5,"featured_media":18761,"comment_status":"open","ping_status":"open","sticky":false,"template":"","format":"standard","meta":{"site-sidebar-layout":"default","site-content-layout":"","ast-site-content-layout":"default","site-content-style":"default","site-sidebar-style":"default","ast-global-header-display":"","ast-banner-title-visibility":"","ast-main-header-display":"","ast-hfb-above-header-display":"","ast-hfb-below-header-display":"","ast-hfb-mobile-header-display":"","site-post-title":"","ast-breadcrumbs-content":"","ast-featured-img":"","footer-sml-layout":"","ast-disable-related-posts":"","theme-transparent-header-meta":"","adv-header-id-meta":"","stick-header-meta":"","header-above-stick-meta":"","header-main-stick-meta":"","header-below-stick-meta":"","astra-migrate-meta-layouts":"set","ast-page-background-enabled":"default","ast-page-background-meta":{"desktop":{"background-color":"var(--ast-global-color-4)","background-image":"","background-repeat":"repeat","background-position":"center center","background-size":"auto","background-attachment":"scroll","background-type":"","background-media":"","overlay-type":"","overlay-color":"","overlay-opacity":"","overlay-gradient":""},"tablet":{"background-color":"","background-image":"","background-repeat":"repeat","background-position":"center center","background-size":"auto","background-attachment":"scroll","background-type":"","background-media":"","overlay-type":"","overlay-color":"","overlay-opacity":"","overlay-gradient":""},"mobile":{"background-color":"","background-image":"","background-repeat":"repeat","background-position":"center center","background-size":"auto","background-attachment":"scroll","background-type":"","background-media":"","overlay-type":"","overlay-color":"","overlay-opacity":"","overlay-gradient":""}},"ast-content-background-meta":{"desktop":{"background-color":"var(--ast-global-color-5)","background-image":"","background-repeat":"repeat","background-position":"center center","background-size":"auto","background-attachment":"scroll","background-type":"","background-media":"","overlay-type":"","overlay-color":"","overlay-opacity":"","overlay-gradient":""},"tablet":{"background-color":"var(--ast-global-color-5)","background-image":"","background-repeat":"repeat","background-position":"center center","background-size":"auto","background-attachment":"scroll","background-type":"","background-media":"","overlay-type":"","overlay-color":"","overlay-opacity":"","overlay-gradient":""},"mobile":{"background-color":"var(--ast-global-color-5)","background-image":"","background-repeat":"repeat","background-position":"center center","background-size":"auto","background-attachment":"scroll","background-type":"","background-media":"","overlay-type":"","overlay-color":"","overlay-opacity":"","overlay-gradient":""}},"footnotes":""},"categories":[107,8,283,512],"tags":[526],"class_list":["post-18760","post","type-post","status-publish","format-standard","has-post-thumbnail","hentry","category-cultura","category-edomex","category-huixquilucan","category-metropoli","tag-edomex"],"yoast_head":"<!-- This site is optimized with the Yoast SEO plugin v27.4 - https:\/\/yoast.com\/product\/yoast-seo-wordpress\/ -->\n<title>Celebra Huixquilucan Segundo Carnaval Cultural 2026\u00a0 - Agencia252<\/title>\n<meta name=\"robots\" content=\"index, follow, max-snippet:-1, max-image-preview:large, max-video-preview:-1\" \/>\n<link rel=\"canonical\" href=\"https:\/\/agencia.252.com.mx\/home\/celebra-huixquilucan-segundo-carnaval-cultural-2026\/\" \/>\n<meta property=\"og:locale\" content=\"es_ES\" \/>\n<meta property=\"og:type\" content=\"article\" \/>\n<meta property=\"og:title\" content=\"Celebra Huixquilucan Segundo Carnaval Cultural 2026\u00a0 - Agencia252\" \/>\n<meta property=\"og:description\" content=\"Visitas: 0 Juan Ignacio Corro&nbsp; Ciudad de M\u00e9xico, a 26 de abril de 2026 En un ambiente de m\u00fasica, color y tradici\u00f3n, Huixquilucan celebr\u00f3 con \u00e9xito la segunda edici\u00f3n del \u201cCarnaval Cultural 2026\u201d, con la participaci\u00f3n de m\u00e1s de mil 500 personas que se dieron cita en las calles de la Cabecera Municipal y la [&hellip;]\" \/>\n<meta property=\"og:url\" content=\"https:\/\/agencia.252.com.mx\/home\/celebra-huixquilucan-segundo-carnaval-cultural-2026\/\" \/>\n<meta property=\"og:site_name\" content=\"Agencia252\" \/>\n<meta property=\"article:publisher\" content=\"https:\/\/www.facebook.com\/252Comunicacion\/\" \/>\n<meta property=\"article:author\" content=\"https:\/\/www.facebook.com\/jcorroherrera\/\" \/>\n<meta property=\"article:published_time\" content=\"2026-04-27T01:56:02+00:00\" \/>\n<meta property=\"article:modified_time\" content=\"2026-04-27T01:56:03+00:00\" \/>\n<meta property=\"og:image\" content=\"http:\/\/agencia.252.com.mx\/wp-content\/uploads\/2026\/04\/Huixquilucan-Romina-Contreras-C-099-2026-1-scaled.jpg\" \/>\n\t<meta property=\"og:image:width\" content=\"2560\" \/>\n\t<meta property=\"og:image:height\" content=\"1707\" \/>\n\t<meta property=\"og:image:type\" content=\"image\/jpeg\" \/>\n<meta name=\"author\" content=\"Nacho Corro\" \/>\n<meta name=\"twitter:card\" content=\"summary_large_image\" \/>\n<meta name=\"twitter:creator\" content=\"@Juan Ignacio Corro Herrera\" \/>\n<meta name=\"twitter:site\" content=\"@252COMS\" \/>\n<meta name=\"twitter:label1\" content=\"Escrito por\" \/>\n\t<meta name=\"twitter:data1\" content=\"Nacho Corro\" \/>\n\t<meta name=\"twitter:label2\" content=\"Tiempo de lectura\" \/>\n\t<meta name=\"twitter:data2\" content=\"3 minutos\" \/>\n<script type=\"application\/ld+json\" class=\"yoast-schema-graph\">{\"@context\":\"https:\\\/\\\/schema.org\",\"@graph\":[{\"@type\":\"Article\",\"@id\":\"https:\\\/\\\/agencia.252.com.mx\\\/home\\\/celebra-huixquilucan-segundo-carnaval-cultural-2026\\\/#article\",\"isPartOf\":{\"@id\":\"https:\\\/\\\/agencia.252.com.mx\\\/home\\\/celebra-huixquilucan-segundo-carnaval-cultural-2026\\\/\"},\"author\":{\"name\":\"Nacho Corro\",\"@id\":\"https:\\\/\\\/agencia.252.com.mx\\\/home\\\/#\\\/schema\\\/person\\\/6b972021e9a92d45ade8c78d81509098\"},\"headline\":\"Celebra Huixquilucan Segundo Carnaval Cultural 2026\u00a0\",\"datePublished\":\"2026-04-27T01:56:02+00:00\",\"dateModified\":\"2026-04-27T01:56:03+00:00\",\"mainEntityOfPage\":{\"@id\":\"https:\\\/\\\/agencia.252.com.mx\\\/home\\\/celebra-huixquilucan-segundo-carnaval-cultural-2026\\\/\"},\"wordCount\":432,\"commentCount\":0,\"publisher\":{\"@id\":\"https:\\\/\\\/agencia.252.com.mx\\\/home\\\/#organization\"},\"image\":{\"@id\":\"https:\\\/\\\/agencia.252.com.mx\\\/home\\\/celebra-huixquilucan-segundo-carnaval-cultural-2026\\\/#primaryimage\"},\"thumbnailUrl\":\"https:\\\/\\\/agencia.252.com.mx\\\/wp-content\\\/uploads\\\/2026\\\/04\\\/Huixquilucan-Romina-Contreras-C-099-2026-1-scaled.jpg\",\"keywords\":[\"Edomex\"],\"articleSection\":[\"Cultura\",\"Edomex\",\"huixquilucan\",\"Metropoli\"],\"inLanguage\":\"es\",\"potentialAction\":[{\"@type\":\"CommentAction\",\"name\":\"Comment\",\"target\":[\"https:\\\/\\\/agencia.252.com.mx\\\/home\\\/celebra-huixquilucan-segundo-carnaval-cultural-2026\\\/#respond\"]}]},{\"@type\":\"WebPage\",\"@id\":\"https:\\\/\\\/agencia.252.com.mx\\\/home\\\/celebra-huixquilucan-segundo-carnaval-cultural-2026\\\/\",\"url\":\"https:\\\/\\\/agencia.252.com.mx\\\/home\\\/celebra-huixquilucan-segundo-carnaval-cultural-2026\\\/\",\"name\":\"Celebra Huixquilucan Segundo Carnaval Cultural 2026\u00a0 - Agencia252\",\"isPartOf\":{\"@id\":\"https:\\\/\\\/agencia.252.com.mx\\\/home\\\/#website\"},\"primaryImageOfPage\":{\"@id\":\"https:\\\/\\\/agencia.252.com.mx\\\/home\\\/celebra-huixquilucan-segundo-carnaval-cultural-2026\\\/#primaryimage\"},\"image\":{\"@id\":\"https:\\\/\\\/agencia.252.com.mx\\\/home\\\/celebra-huixquilucan-segundo-carnaval-cultural-2026\\\/#primaryimage\"},\"thumbnailUrl\":\"https:\\\/\\\/agencia.252.com.mx\\\/wp-content\\\/uploads\\\/2026\\\/04\\\/Huixquilucan-Romina-Contreras-C-099-2026-1-scaled.jpg\",\"datePublished\":\"2026-04-27T01:56:02+00:00\",\"dateModified\":\"2026-04-27T01:56:03+00:00\",\"breadcrumb\":{\"@id\":\"https:\\\/\\\/agencia.252.com.mx\\\/home\\\/celebra-huixquilucan-segundo-carnaval-cultural-2026\\\/#breadcrumb\"},\"inLanguage\":\"es\",\"potentialAction\":[{\"@type\":\"ReadAction\",\"target\":[\"https:\\\/\\\/agencia.252.com.mx\\\/home\\\/celebra-huixquilucan-segundo-carnaval-cultural-2026\\\/\"]}]},{\"@type\":\"ImageObject\",\"inLanguage\":\"es\",\"@id\":\"https:\\\/\\\/agencia.252.com.mx\\\/home\\\/celebra-huixquilucan-segundo-carnaval-cultural-2026\\\/#primaryimage\",\"url\":\"https:\\\/\\\/agencia.252.com.mx\\\/wp-content\\\/uploads\\\/2026\\\/04\\\/Huixquilucan-Romina-Contreras-C-099-2026-1-scaled.jpg\",\"contentUrl\":\"https:\\\/\\\/agencia.252.com.mx\\\/wp-content\\\/uploads\\\/2026\\\/04\\\/Huixquilucan-Romina-Contreras-C-099-2026-1-scaled.jpg\",\"width\":2560,\"height\":1707},{\"@type\":\"BreadcrumbList\",\"@id\":\"https:\\\/\\\/agencia.252.com.mx\\\/home\\\/celebra-huixquilucan-segundo-carnaval-cultural-2026\\\/#breadcrumb\",\"itemListElement\":[{\"@type\":\"ListItem\",\"position\":1,\"name\":\"Portada\",\"item\":\"https:\\\/\\\/agencia.252.com.mx\\\/home\\\/\"},{\"@type\":\"ListItem\",\"position\":2,\"name\":\"Celebra Huixquilucan Segundo Carnaval Cultural 2026\u00a0\"}]},{\"@type\":\"WebSite\",\"@id\":\"https:\\\/\\\/agencia.252.com.mx\\\/home\\\/#website\",\"url\":\"https:\\\/\\\/agencia.252.com.mx\\\/home\\\/\",\"name\":\"Agencia252\",\"description\":\"Tu espacio en la Red\",\"publisher\":{\"@id\":\"https:\\\/\\\/agencia.252.com.mx\\\/home\\\/#organization\"},\"potentialAction\":[{\"@type\":\"SearchAction\",\"target\":{\"@type\":\"EntryPoint\",\"urlTemplate\":\"https:\\\/\\\/agencia.252.com.mx\\\/home\\\/?s={search_term_string}\"},\"query-input\":{\"@type\":\"PropertyValueSpecification\",\"valueRequired\":true,\"valueName\":\"search_term_string\"}}],\"inLanguage\":\"es\"},{\"@type\":\"Organization\",\"@id\":\"https:\\\/\\\/agencia.252.com.mx\\\/home\\\/#organization\",\"name\":\"Agencia252\",\"url\":\"https:\\\/\\\/agencia.252.com.mx\\\/home\\\/\",\"logo\":{\"@type\":\"ImageObject\",\"inLanguage\":\"es\",\"@id\":\"https:\\\/\\\/agencia.252.com.mx\\\/home\\\/#\\\/schema\\\/logo\\\/image\\\/\",\"url\":\"https:\\\/\\\/agencia.252.com.mx\\\/wp-content\\\/uploads\\\/2023\\\/02\\\/cropped-ciruclo-agencia-e1677562404136.png\",\"contentUrl\":\"https:\\\/\\\/agencia.252.com.mx\\\/wp-content\\\/uploads\\\/2023\\\/02\\\/cropped-ciruclo-agencia-e1677562404136.png\",\"width\":512,\"height\":512,\"caption\":\"Agencia252\"},\"image\":{\"@id\":\"https:\\\/\\\/agencia.252.com.mx\\\/home\\\/#\\\/schema\\\/logo\\\/image\\\/\"},\"sameAs\":[\"https:\\\/\\\/www.facebook.com\\\/252Comunicacion\\\/\",\"https:\\\/\\\/x.com\\\/252COMS\"]},{\"@type\":\"Person\",\"@id\":\"https:\\\/\\\/agencia.252.com.mx\\\/home\\\/#\\\/schema\\\/person\\\/6b972021e9a92d45ade8c78d81509098\",\"name\":\"Nacho Corro\",\"image\":{\"@type\":\"ImageObject\",\"inLanguage\":\"es\",\"@id\":\"https:\\\/\\\/secure.gravatar.com\\\/avatar\\\/5db6df507cfe1307e192fbb498c6b85f1cf2ffd8b4cd37141b9eea588fcbd5a4?s=96&r=g\",\"url\":\"https:\\\/\\\/secure.gravatar.com\\\/avatar\\\/5db6df507cfe1307e192fbb498c6b85f1cf2ffd8b4cd37141b9eea588fcbd5a4?s=96&r=g\",\"contentUrl\":\"https:\\\/\\\/secure.gravatar.com\\\/avatar\\\/5db6df507cfe1307e192fbb498c6b85f1cf2ffd8b4cd37141b9eea588fcbd5a4?s=96&r=g\",\"caption\":\"Nacho Corro\"},\"description\":\"Comunicador Social, Periodista y Administraci\u00f3n P\u00fablica. Conversador pol\u00edtico, temas electorales y seguridad. Generador de contenidos digitales. Amante de la fotograf\u00eda\",\"sameAs\":[\"https:\\\/\\\/www.facebook.com\\\/jcorroherrera\\\/\",\"www.instagram.com\\\/nachocorro\\\/\",\"https:\\\/\\\/x.com\\\/Juan Ignacio Corro Herrera\"],\"url\":\"https:\\\/\\\/agencia.252.com.mx\\\/home\\\/author\\\/i-corro\\\/\"}]}<\/script>\n<!-- \/ Yoast SEO plugin. -->","yoast_head_json":{"title":"Celebra Huixquilucan Segundo Carnaval Cultural 2026\u00a0 - Agencia252","robots":{"index":"index","follow":"follow","max-snippet":"max-snippet:-1","max-image-preview":"max-image-preview:large","max-video-preview":"max-video-preview:-1"},"canonical":"https:\/\/agencia.252.com.mx\/home\/celebra-huixquilucan-segundo-carnaval-cultural-2026\/","og_locale":"es_ES","og_type":"article","og_title":"Celebra Huixquilucan Segundo Carnaval Cultural 2026\u00a0 - Agencia252","og_description":"Visitas: 0 Juan Ignacio Corro&nbsp; Ciudad de M\u00e9xico, a 26 de abril de 2026 En un ambiente de m\u00fasica, color y tradici\u00f3n, Huixquilucan celebr\u00f3 con \u00e9xito la segunda edici\u00f3n del \u201cCarnaval Cultural 2026\u201d, con la participaci\u00f3n de m\u00e1s de mil 500 personas que se dieron cita en las calles de la Cabecera Municipal y la [&hellip;]","og_url":"https:\/\/agencia.252.com.mx\/home\/celebra-huixquilucan-segundo-carnaval-cultural-2026\/","og_site_name":"Agencia252","article_publisher":"https:\/\/www.facebook.com\/252Comunicacion\/","article_author":"https:\/\/www.facebook.com\/jcorroherrera\/","article_published_time":"2026-04-27T01:56:02+00:00","article_modified_time":"2026-04-27T01:56:03+00:00","og_image":[{"width":2560,"height":1707,"url":"http:\/\/agencia.252.com.mx\/wp-content\/uploads\/2026\/04\/Huixquilucan-Romina-Contreras-C-099-2026-1-scaled.jpg","type":"image\/jpeg"}],"author":"Nacho Corro","twitter_card":"summary_large_image","twitter_creator":"@Juan Ignacio Corro Herrera","twitter_site":"@252COMS","twitter_misc":{"Escrito por":"Nacho Corro","Tiempo de lectura":"3 minutos"},"schema":{"@context":"https:\/\/schema.org","@graph":[{"@type":"Article","@id":"https:\/\/agencia.252.com.mx\/home\/celebra-huixquilucan-segundo-carnaval-cultural-2026\/#article","isPartOf":{"@id":"https:\/\/agencia.252.com.mx\/home\/celebra-huixquilucan-segundo-carnaval-cultural-2026\/"},"author":{"name":"Nacho Corro","@id":"https:\/\/agencia.252.com.mx\/home\/#\/schema\/person\/6b972021e9a92d45ade8c78d81509098"},"headline":"Celebra Huixquilucan Segundo Carnaval Cultural 2026\u00a0","datePublished":"2026-04-27T01:56:02+00:00","dateModified":"2026-04-27T01:56:03+00:00","mainEntityOfPage":{"@id":"https:\/\/agencia.252.com.mx\/home\/celebra-huixquilucan-segundo-carnaval-cultural-2026\/"},"wordCount":432,"commentCount":0,"publisher":{"@id":"https:\/\/agencia.252.com.mx\/home\/#organization"},"image":{"@id":"https:\/\/agencia.252.com.mx\/home\/celebra-huixquilucan-segundo-carnaval-cultural-2026\/#primaryimage"},"thumbnailUrl":"https:\/\/agencia.252.com.mx\/wp-content\/uploads\/2026\/04\/Huixquilucan-Romina-Contreras-C-099-2026-1-scaled.jpg","keywords":["Edomex"],"articleSection":["Cultura","Edomex","huixquilucan","Metropoli"],"inLanguage":"es","potentialAction":[{"@type":"CommentAction","name":"Comment","target":["https:\/\/agencia.252.com.mx\/home\/celebra-huixquilucan-segundo-carnaval-cultural-2026\/#respond"]}]},{"@type":"WebPage","@id":"https:\/\/agencia.252.com.mx\/home\/celebra-huixquilucan-segundo-carnaval-cultural-2026\/","url":"https:\/\/agencia.252.com.mx\/home\/celebra-huixquilucan-segundo-carnaval-cultural-2026\/","name":"Celebra Huixquilucan Segundo Carnaval Cultural 2026\u00a0 - Agencia252","isPartOf":{"@id":"https:\/\/agencia.252.com.mx\/home\/#website"},"primaryImageOfPage":{"@id":"https:\/\/agencia.252.com.mx\/home\/celebra-huixquilucan-segundo-carnaval-cultural-2026\/#primaryimage"},"image":{"@id":"https:\/\/agencia.252.com.mx\/home\/celebra-huixquilucan-segundo-carnaval-cultural-2026\/#primaryimage"},"thumbnailUrl":"https:\/\/agencia.252.com.mx\/wp-content\/uploads\/2026\/04\/Huixquilucan-Romina-Contreras-C-099-2026-1-scaled.jpg","datePublished":"2026-04-27T01:56:02+00:00","dateModified":"2026-04-27T01:56:03+00:00","breadcrumb":{"@id":"https:\/\/agencia.252.com.mx\/home\/celebra-huixquilucan-segundo-carnaval-cultural-2026\/#breadcrumb"},"inLanguage":"es","potentialAction":[{"@type":"ReadAction","target":["https:\/\/agencia.252.com.mx\/home\/celebra-huixquilucan-segundo-carnaval-cultural-2026\/"]}]},{"@type":"ImageObject","inLanguage":"es","@id":"https:\/\/agencia.252.com.mx\/home\/celebra-huixquilucan-segundo-carnaval-cultural-2026\/#primaryimage","url":"https:\/\/agencia.252.com.mx\/wp-content\/uploads\/2026\/04\/Huixquilucan-Romina-Contreras-C-099-2026-1-scaled.jpg","contentUrl":"https:\/\/agencia.252.com.mx\/wp-content\/uploads\/2026\/04\/Huixquilucan-Romina-Contreras-C-099-2026-1-scaled.jpg","width":2560,"height":1707},{"@type":"BreadcrumbList","@id":"https:\/\/agencia.252.com.mx\/home\/celebra-huixquilucan-segundo-carnaval-cultural-2026\/#breadcrumb","itemListElement":[{"@type":"ListItem","position":1,"name":"Portada","item":"https:\/\/agencia.252.com.mx\/home\/"},{"@type":"ListItem","position":2,"name":"Celebra Huixquilucan Segundo Carnaval Cultural 2026\u00a0"}]},{"@type":"WebSite","@id":"https:\/\/agencia.252.com.mx\/home\/#website","url":"https:\/\/agencia.252.com.mx\/home\/","name":"Agencia252","description":"Tu espacio en la Red","publisher":{"@id":"https:\/\/agencia.252.com.mx\/home\/#organization"},"potentialAction":[{"@type":"SearchAction","target":{"@type":"EntryPoint","urlTemplate":"https:\/\/agencia.252.com.mx\/home\/?s={search_term_string}"},"query-input":{"@type":"PropertyValueSpecification","valueRequired":true,"valueName":"search_term_string"}}],"inLanguage":"es"},{"@type":"Organization","@id":"https:\/\/agencia.252.com.mx\/home\/#organization","name":"Agencia252","url":"https:\/\/agencia.252.com.mx\/home\/","logo":{"@type":"ImageObject","inLanguage":"es","@id":"https:\/\/agencia.252.com.mx\/home\/#\/schema\/logo\/image\/","url":"https:\/\/agencia.252.com.mx\/wp-content\/uploads\/2023\/02\/cropped-ciruclo-agencia-e1677562404136.png","contentUrl":"https:\/\/agencia.252.com.mx\/wp-content\/uploads\/2023\/02\/cropped-ciruclo-agencia-e1677562404136.png","width":512,"height":512,"caption":"Agencia252"},"image":{"@id":"https:\/\/agencia.252.com.mx\/home\/#\/schema\/logo\/image\/"},"sameAs":["https:\/\/www.facebook.com\/252Comunicacion\/","https:\/\/x.com\/252COMS"]},{"@type":"Person","@id":"https:\/\/agencia.252.com.mx\/home\/#\/schema\/person\/6b972021e9a92d45ade8c78d81509098","name":"Nacho Corro","image":{"@type":"ImageObject","inLanguage":"es","@id":"https:\/\/secure.gravatar.com\/avatar\/5db6df507cfe1307e192fbb498c6b85f1cf2ffd8b4cd37141b9eea588fcbd5a4?s=96&r=g","url":"https:\/\/secure.gravatar.com\/avatar\/5db6df507cfe1307e192fbb498c6b85f1cf2ffd8b4cd37141b9eea588fcbd5a4?s=96&r=g","contentUrl":"https:\/\/secure.gravatar.com\/avatar\/5db6df507cfe1307e192fbb498c6b85f1cf2ffd8b4cd37141b9eea588fcbd5a4?s=96&r=g","caption":"Nacho Corro"},"description":"Comunicador Social, Periodista y Administraci\u00f3n P\u00fablica. Conversador pol\u00edtico, temas electorales y seguridad. Generador de contenidos digitales. Amante de la fotograf\u00eda","sameAs":["https:\/\/www.facebook.com\/jcorroherrera\/","www.instagram.com\/nachocorro\/","https:\/\/x.com\/Juan Ignacio Corro Herrera"],"url":"https:\/\/agencia.252.com.mx\/home\/author\/i-corro\/"}]}},"_links":{"self":[{"href":"https:\/\/agencia.252.com.mx\/home\/wp-json\/wp\/v2\/posts\/18760","targetHints":{"allow":["GET"]}}],"collection":[{"href":"https:\/\/agencia.252.com.mx\/home\/wp-json\/wp\/v2\/posts"}],"about":[{"href":"https:\/\/agencia.252.com.mx\/home\/wp-json\/wp\/v2\/types\/post"}],"author":[{"embeddable":true,"href":"https:\/\/agencia.252.com.mx\/home\/wp-json\/wp\/v2\/users\/5"}],"replies":[{"embeddable":true,"href":"https:\/\/agencia.252.com.mx\/home\/wp-json\/wp\/v2\/comments?post=18760"}],"version-history":[{"count":1,"href":"https:\/\/agencia.252.com.mx\/home\/wp-json\/wp\/v2\/posts\/18760\/revisions"}],"predecessor-version":[{"id":18764,"href":"https:\/\/agencia.252.com.mx\/home\/wp-json\/wp\/v2\/posts\/18760\/revisions\/18764"}],"wp:featuredmedia":[{"embeddable":true,"href":"https:\/\/agencia.252.com.mx\/home\/wp-json\/wp\/v2\/media\/18761"}],"wp:attachment":[{"href":"https:\/\/agencia.252.com.mx\/home\/wp-json\/wp\/v2\/media?parent=18760"}],"wp:term":[{"taxonomy":"category","embeddable":true,"href":"https:\/\/agencia.252.com.mx\/home\/wp-json\/wp\/v2\/categories?post=18760"},{"taxonomy":"post_tag","embeddable":true,"href":"https:\/\/agencia.252.com.mx\/home\/wp-json\/wp\/v2\/tags?post=18760"}],"curies":[{"name":"wp","href":"https:\/\/api.w.org\/{rel}","templated":true}]}}