{"id":18757,"date":"2026-04-26T19:42:27","date_gmt":"2026-04-27T01:42:27","guid":{"rendered":"https:\/\/agencia.252.com.mx\/home\/?p=18757"},"modified":"2026-04-26T19:42:28","modified_gmt":"2026-04-27T01:42:28","slug":"almaceno-y-compartio-material-con-contenido-sexual-de-menores-de-edad-a-traves-de-su-correo-electronico-en-cdmx-ya-esta-detenido","status":"publish","type":"post","link":"https:\/\/agencia.252.com.mx\/home\/almaceno-y-compartio-material-con-contenido-sexual-de-menores-de-edad-a-traves-de-su-correo-electronico-en-cdmx-ya-esta-detenido\/","title":{"rendered":"Almacen\u00f3 y comparti\u00f3 material con contenido sexual de menores de edad a trav\u00e9s de su correo electr\u00f3nico en CDMX, ya esta detenido\u00a0"},"content":{"rendered":"<p>Visitas: 1<\/p>\n<ul class=\"wp-block-list\">\n<li><em>Yael \u201cN\u201d fue identificado y localizado en la colonia Industrial Vallejo, alcald\u00eda Azcapotzalco, por la PDI en colaboraci\u00f3n con la SSPC<\/em><\/li>\n<\/ul>\n\n\n\n<p>Juan Ignacio Corro&nbsp;<\/p>\n\n\n\n<p class=\"has-text-align-right\">Ciudad de M\u00e9xico, a 26 de abril de 2026<\/p>\n\n\n\n<p>La Fiscal\u00eda General de Justicia de la Ciudad de M\u00e9xico (Fiscal\u00eda CDMX) aprehendi\u00f3 y obtuvo la vinculaci\u00f3n a proceso de un hombre identificado como Yael \u201cN\u201d por el delito de trata de personas, en su modalidad de pornograf\u00eda infantil.<\/p>\n\n\n\n<p>La investigaci\u00f3n se inici\u00f3 a partir de informaci\u00f3n proporcionada mediante un reporte internacional del National Center for Missing &amp; Exploited Children (NCMEC), organizaci\u00f3n con sede en Estados Unidos que colabora con autoridades de distintos pa\u00edses en la detecci\u00f3n y combate de la explotaci\u00f3n sexual infantil. De acuerdo con el reporte, el imputado habr\u00eda almacenado y compartido material con contenido sexual de personas menores de edad a trav\u00e9s de su correo electr\u00f3nico, entre el 29 y 30 de marzo de 2025.<\/p>\n\n\n\n<p>Tras el an\u00e1lisis del informe, el agente del Ministerio P\u00fablico reuni\u00f3 datos de prueba suficientes y obtuvo de un juez una orden de aprehensi\u00f3n contra Yael \u201cN\u201d, la cual fue ejecutada por agentes de la Polic\u00eda de Investigaci\u00f3n (PDI), en colaboraci\u00f3n con la Secretar\u00eda de Seguridad y Protecci\u00f3n Ciudadana (SSPC), el 14 de abril de 2026, en la colonia Industrial Vallejo, alcald\u00eda Azcapotzalco. Posteriormente, fue trasladado al Reclusorio Preventivo Varonil Oriente, donde qued\u00f3 a disposici\u00f3n del \u00f3rgano jurisdiccional.<\/p>\n\n\n\n<p>En audiencia inicial, la autoridad judicial determin\u00f3 su vinculaci\u00f3n a proceso, impuso la medida cautelar de prisi\u00f3n preventiva y fij\u00f3 un plazo de tres meses para el cierre de la investigaci\u00f3n complementaria.<\/p>\n\n\n\n<p>Estas acciones refuerzan la coordinaci\u00f3n interinstitucional para investigar y perseguir delitos relacionados con la explotaci\u00f3n sexual de personas menores de edad, as\u00ed como la protecci\u00f3n de sus derechos.<\/p>\n\n\n\n<p>En cumplimiento del C\u00f3digo Nacional de Procedimientos Penales y en apego al principio de presunci\u00f3n de inocencia, la persona mencionada en este comunicado se considera inocente y ser\u00e1 tratada como tal en todas las etapas del proceso, hasta que una sentencia emitida por la autoridad judicial competente determine su responsabilidad.<\/p>\n","protected":false},"excerpt":{"rendered":"<p>Visitas: 1 Juan Ignacio Corro&nbsp; Ciudad de M\u00e9xico, a 26 de abril de 2026 La Fiscal\u00eda General de Justicia de la Ciudad de M\u00e9xico (Fiscal\u00eda CDMX) aprehendi\u00f3 y obtuvo la vinculaci\u00f3n a proceso de un hombre identificado como Yael \u201cN\u201d por el delito de trata de personas, en su modalidad de pornograf\u00eda infantil. La investigaci\u00f3n [&hellip;]<\/p>\n","protected":false},"author":5,"featured_media":18758,"comment_status":"open","ping_status":"open","sticky":false,"template":"","format":"standard","meta":{"site-sidebar-layout":"default","site-content-layout":"","ast-site-content-layout":"default","site-content-style":"default","site-sidebar-style":"default","ast-global-header-display":"","ast-banner-title-visibility":"","ast-main-header-display":"","ast-hfb-above-header-display":"","ast-hfb-below-header-display":"","ast-hfb-mobile-header-display":"","site-post-title":"","ast-breadcrumbs-content":"","ast-featured-img":"","footer-sml-layout":"","ast-disable-related-posts":"","theme-transparent-header-meta":"","adv-header-id-meta":"","stick-header-meta":"","header-above-stick-meta":"","header-main-stick-meta":"","header-below-stick-meta":"","astra-migrate-meta-layouts":"set","ast-page-background-enabled":"default","ast-page-background-meta":{"desktop":{"background-color":"var(--ast-global-color-4)","background-image":"","background-repeat":"repeat","background-position":"center center","background-size":"auto","background-attachment":"scroll","background-type":"","background-media":"","overlay-type":"","overlay-color":"","overlay-opacity":"","overlay-gradient":""},"tablet":{"background-color":"","background-image":"","background-repeat":"repeat","background-position":"center center","background-size":"auto","background-attachment":"scroll","background-type":"","background-media":"","overlay-type":"","overlay-color":"","overlay-opacity":"","overlay-gradient":""},"mobile":{"background-color":"","background-image":"","background-repeat":"repeat","background-position":"center center","background-size":"auto","background-attachment":"scroll","background-type":"","background-media":"","overlay-type":"","overlay-color":"","overlay-opacity":"","overlay-gradient":""}},"ast-content-background-meta":{"desktop":{"background-color":"var(--ast-global-color-5)","background-image":"","background-repeat":"repeat","background-position":"center center","background-size":"auto","background-attachment":"scroll","background-type":"","background-media":"","overlay-type":"","overlay-color":"","overlay-opacity":"","overlay-gradient":""},"tablet":{"background-color":"var(--ast-global-color-5)","background-image":"","background-repeat":"repeat","background-position":"center center","background-size":"auto","background-attachment":"scroll","background-type":"","background-media":"","overlay-type":"","overlay-color":"","overlay-opacity":"","overlay-gradient":""},"mobile":{"background-color":"var(--ast-global-color-5)","background-image":"","background-repeat":"repeat","background-position":"center center","background-size":"auto","background-attachment":"scroll","background-type":"","background-media":"","overlay-type":"","overlay-color":"","overlay-opacity":"","overlay-gradient":""}},"footnotes":""},"categories":[69,322,512,68],"tags":[535],"class_list":["post-18757","post","type-post","status-publish","format-standard","has-post-thumbnail","hentry","category-cdmx","category-infantes","category-metropoli","category-seguridad","tag-cdmx"],"yoast_head":"<!-- This site is optimized with the Yoast SEO plugin v27.4 - https:\/\/yoast.com\/product\/yoast-seo-wordpress\/ -->\n<title>Almacen\u00f3 y comparti\u00f3 material con contenido sexual de menores de edad a trav\u00e9s de su correo electr\u00f3nico en CDMX, ya esta detenido\u00a0 - Agencia252<\/title>\n<meta name=\"robots\" content=\"index, follow, max-snippet:-1, max-image-preview:large, max-video-preview:-1\" \/>\n<link rel=\"canonical\" href=\"https:\/\/agencia.252.com.mx\/home\/almaceno-y-compartio-material-con-contenido-sexual-de-menores-de-edad-a-traves-de-su-correo-electronico-en-cdmx-ya-esta-detenido\/\" \/>\n<meta property=\"og:locale\" content=\"es_ES\" \/>\n<meta property=\"og:type\" content=\"article\" \/>\n<meta property=\"og:title\" content=\"Almacen\u00f3 y comparti\u00f3 material con contenido sexual de menores de edad a trav\u00e9s de su correo electr\u00f3nico en CDMX, ya esta detenido\u00a0 - Agencia252\" \/>\n<meta property=\"og:description\" content=\"Visitas: 1 Juan Ignacio Corro&nbsp; Ciudad de M\u00e9xico, a 26 de abril de 2026 La Fiscal\u00eda General de Justicia de la Ciudad de M\u00e9xico (Fiscal\u00eda CDMX) aprehendi\u00f3 y obtuvo la vinculaci\u00f3n a proceso de un hombre identificado como Yael \u201cN\u201d por el delito de trata de personas, en su modalidad de pornograf\u00eda infantil. La investigaci\u00f3n [&hellip;]\" \/>\n<meta property=\"og:url\" content=\"https:\/\/agencia.252.com.mx\/home\/almaceno-y-compartio-material-con-contenido-sexual-de-menores-de-edad-a-traves-de-su-correo-electronico-en-cdmx-ya-esta-detenido\/\" \/>\n<meta property=\"og:site_name\" content=\"Agencia252\" \/>\n<meta property=\"article:publisher\" content=\"https:\/\/www.facebook.com\/252Comunicacion\/\" \/>\n<meta property=\"article:author\" content=\"https:\/\/www.facebook.com\/jcorroherrera\/\" \/>\n<meta property=\"article:published_time\" content=\"2026-04-27T01:42:27+00:00\" \/>\n<meta property=\"article:modified_time\" content=\"2026-04-27T01:42:28+00:00\" \/>\n<meta property=\"og:image\" content=\"http:\/\/agencia.252.com.mx\/wp-content\/uploads\/2026\/04\/Yael-N-FGJCDMX-DetH-scaled.jpg\" \/>\n\t<meta property=\"og:image:width\" content=\"2560\" \/>\n\t<meta property=\"og:image:height\" content=\"1440\" \/>\n\t<meta property=\"og:image:type\" content=\"image\/jpeg\" \/>\n<meta name=\"author\" content=\"Nacho Corro\" \/>\n<meta name=\"twitter:card\" content=\"summary_large_image\" \/>\n<meta name=\"twitter:creator\" content=\"@Juan Ignacio Corro Herrera\" \/>\n<meta name=\"twitter:site\" content=\"@252COMS\" \/>\n<meta name=\"twitter:label1\" content=\"Escrito por\" \/>\n\t<meta name=\"twitter:data1\" content=\"Nacho Corro\" \/>\n\t<meta name=\"twitter:label2\" content=\"Tiempo de lectura\" \/>\n\t<meta name=\"twitter:data2\" content=\"2 minutos\" \/>\n<script type=\"application\/ld+json\" class=\"yoast-schema-graph\">{\"@context\":\"https:\\\/\\\/schema.org\",\"@graph\":[{\"@type\":\"Article\",\"@id\":\"https:\\\/\\\/agencia.252.com.mx\\\/home\\\/almaceno-y-compartio-material-con-contenido-sexual-de-menores-de-edad-a-traves-de-su-correo-electronico-en-cdmx-ya-esta-detenido\\\/#article\",\"isPartOf\":{\"@id\":\"https:\\\/\\\/agencia.252.com.mx\\\/home\\\/almaceno-y-compartio-material-con-contenido-sexual-de-menores-de-edad-a-traves-de-su-correo-electronico-en-cdmx-ya-esta-detenido\\\/\"},\"author\":{\"name\":\"Nacho Corro\",\"@id\":\"https:\\\/\\\/agencia.252.com.mx\\\/home\\\/#\\\/schema\\\/person\\\/6b972021e9a92d45ade8c78d81509098\"},\"headline\":\"Almacen\u00f3 y comparti\u00f3 material con contenido sexual de menores de edad a trav\u00e9s de su correo electr\u00f3nico en CDMX, ya esta detenido\u00a0\",\"datePublished\":\"2026-04-27T01:42:27+00:00\",\"dateModified\":\"2026-04-27T01:42:28+00:00\",\"mainEntityOfPage\":{\"@id\":\"https:\\\/\\\/agencia.252.com.mx\\\/home\\\/almaceno-y-compartio-material-con-contenido-sexual-de-menores-de-edad-a-traves-de-su-correo-electronico-en-cdmx-ya-esta-detenido\\\/\"},\"wordCount\":393,\"commentCount\":0,\"publisher\":{\"@id\":\"https:\\\/\\\/agencia.252.com.mx\\\/home\\\/#organization\"},\"image\":{\"@id\":\"https:\\\/\\\/agencia.252.com.mx\\\/home\\\/almaceno-y-compartio-material-con-contenido-sexual-de-menores-de-edad-a-traves-de-su-correo-electronico-en-cdmx-ya-esta-detenido\\\/#primaryimage\"},\"thumbnailUrl\":\"https:\\\/\\\/agencia.252.com.mx\\\/wp-content\\\/uploads\\\/2026\\\/04\\\/Yael-N-FGJCDMX-DetH-scaled.jpg\",\"keywords\":[\"CDMX\"],\"articleSection\":[\"CDMX\",\"infantes\",\"Metropoli\",\"Seguridad\"],\"inLanguage\":\"es\",\"potentialAction\":[{\"@type\":\"CommentAction\",\"name\":\"Comment\",\"target\":[\"https:\\\/\\\/agencia.252.com.mx\\\/home\\\/almaceno-y-compartio-material-con-contenido-sexual-de-menores-de-edad-a-traves-de-su-correo-electronico-en-cdmx-ya-esta-detenido\\\/#respond\"]}]},{\"@type\":\"WebPage\",\"@id\":\"https:\\\/\\\/agencia.252.com.mx\\\/home\\\/almaceno-y-compartio-material-con-contenido-sexual-de-menores-de-edad-a-traves-de-su-correo-electronico-en-cdmx-ya-esta-detenido\\\/\",\"url\":\"https:\\\/\\\/agencia.252.com.mx\\\/home\\\/almaceno-y-compartio-material-con-contenido-sexual-de-menores-de-edad-a-traves-de-su-correo-electronico-en-cdmx-ya-esta-detenido\\\/\",\"name\":\"Almacen\u00f3 y comparti\u00f3 material con contenido sexual de menores de edad a trav\u00e9s de su correo electr\u00f3nico en CDMX, ya esta detenido\u00a0 - Agencia252\",\"isPartOf\":{\"@id\":\"https:\\\/\\\/agencia.252.com.mx\\\/home\\\/#website\"},\"primaryImageOfPage\":{\"@id\":\"https:\\\/\\\/agencia.252.com.mx\\\/home\\\/almaceno-y-compartio-material-con-contenido-sexual-de-menores-de-edad-a-traves-de-su-correo-electronico-en-cdmx-ya-esta-detenido\\\/#primaryimage\"},\"image\":{\"@id\":\"https:\\\/\\\/agencia.252.com.mx\\\/home\\\/almaceno-y-compartio-material-con-contenido-sexual-de-menores-de-edad-a-traves-de-su-correo-electronico-en-cdmx-ya-esta-detenido\\\/#primaryimage\"},\"thumbnailUrl\":\"https:\\\/\\\/agencia.252.com.mx\\\/wp-content\\\/uploads\\\/2026\\\/04\\\/Yael-N-FGJCDMX-DetH-scaled.jpg\",\"datePublished\":\"2026-04-27T01:42:27+00:00\",\"dateModified\":\"2026-04-27T01:42:28+00:00\",\"breadcrumb\":{\"@id\":\"https:\\\/\\\/agencia.252.com.mx\\\/home\\\/almaceno-y-compartio-material-con-contenido-sexual-de-menores-de-edad-a-traves-de-su-correo-electronico-en-cdmx-ya-esta-detenido\\\/#breadcrumb\"},\"inLanguage\":\"es\",\"potentialAction\":[{\"@type\":\"ReadAction\",\"target\":[\"https:\\\/\\\/agencia.252.com.mx\\\/home\\\/almaceno-y-compartio-material-con-contenido-sexual-de-menores-de-edad-a-traves-de-su-correo-electronico-en-cdmx-ya-esta-detenido\\\/\"]}]},{\"@type\":\"ImageObject\",\"inLanguage\":\"es\",\"@id\":\"https:\\\/\\\/agencia.252.com.mx\\\/home\\\/almaceno-y-compartio-material-con-contenido-sexual-de-menores-de-edad-a-traves-de-su-correo-electronico-en-cdmx-ya-esta-detenido\\\/#primaryimage\",\"url\":\"https:\\\/\\\/agencia.252.com.mx\\\/wp-content\\\/uploads\\\/2026\\\/04\\\/Yael-N-FGJCDMX-DetH-scaled.jpg\",\"contentUrl\":\"https:\\\/\\\/agencia.252.com.mx\\\/wp-content\\\/uploads\\\/2026\\\/04\\\/Yael-N-FGJCDMX-DetH-scaled.jpg\",\"width\":2560,\"height\":1440},{\"@type\":\"BreadcrumbList\",\"@id\":\"https:\\\/\\\/agencia.252.com.mx\\\/home\\\/almaceno-y-compartio-material-con-contenido-sexual-de-menores-de-edad-a-traves-de-su-correo-electronico-en-cdmx-ya-esta-detenido\\\/#breadcrumb\",\"itemListElement\":[{\"@type\":\"ListItem\",\"position\":1,\"name\":\"Portada\",\"item\":\"https:\\\/\\\/agencia.252.com.mx\\\/home\\\/\"},{\"@type\":\"ListItem\",\"position\":2,\"name\":\"Almacen\u00f3 y comparti\u00f3 material con contenido sexual de menores de edad a trav\u00e9s de su correo electr\u00f3nico en CDMX, ya esta detenido\u00a0\"}]},{\"@type\":\"WebSite\",\"@id\":\"https:\\\/\\\/agencia.252.com.mx\\\/home\\\/#website\",\"url\":\"https:\\\/\\\/agencia.252.com.mx\\\/home\\\/\",\"name\":\"Agencia252\",\"description\":\"Tu espacio en la Red\",\"publisher\":{\"@id\":\"https:\\\/\\\/agencia.252.com.mx\\\/home\\\/#organization\"},\"potentialAction\":[{\"@type\":\"SearchAction\",\"target\":{\"@type\":\"EntryPoint\",\"urlTemplate\":\"https:\\\/\\\/agencia.252.com.mx\\\/home\\\/?s={search_term_string}\"},\"query-input\":{\"@type\":\"PropertyValueSpecification\",\"valueRequired\":true,\"valueName\":\"search_term_string\"}}],\"inLanguage\":\"es\"},{\"@type\":\"Organization\",\"@id\":\"https:\\\/\\\/agencia.252.com.mx\\\/home\\\/#organization\",\"name\":\"Agencia252\",\"url\":\"https:\\\/\\\/agencia.252.com.mx\\\/home\\\/\",\"logo\":{\"@type\":\"ImageObject\",\"inLanguage\":\"es\",\"@id\":\"https:\\\/\\\/agencia.252.com.mx\\\/home\\\/#\\\/schema\\\/logo\\\/image\\\/\",\"url\":\"https:\\\/\\\/agencia.252.com.mx\\\/wp-content\\\/uploads\\\/2023\\\/02\\\/cropped-ciruclo-agencia-e1677562404136.png\",\"contentUrl\":\"https:\\\/\\\/agencia.252.com.mx\\\/wp-content\\\/uploads\\\/2023\\\/02\\\/cropped-ciruclo-agencia-e1677562404136.png\",\"width\":512,\"height\":512,\"caption\":\"Agencia252\"},\"image\":{\"@id\":\"https:\\\/\\\/agencia.252.com.mx\\\/home\\\/#\\\/schema\\\/logo\\\/image\\\/\"},\"sameAs\":[\"https:\\\/\\\/www.facebook.com\\\/252Comunicacion\\\/\",\"https:\\\/\\\/x.com\\\/252COMS\"]},{\"@type\":\"Person\",\"@id\":\"https:\\\/\\\/agencia.252.com.mx\\\/home\\\/#\\\/schema\\\/person\\\/6b972021e9a92d45ade8c78d81509098\",\"name\":\"Nacho Corro\",\"image\":{\"@type\":\"ImageObject\",\"inLanguage\":\"es\",\"@id\":\"https:\\\/\\\/secure.gravatar.com\\\/avatar\\\/5db6df507cfe1307e192fbb498c6b85f1cf2ffd8b4cd37141b9eea588fcbd5a4?s=96&r=g\",\"url\":\"https:\\\/\\\/secure.gravatar.com\\\/avatar\\\/5db6df507cfe1307e192fbb498c6b85f1cf2ffd8b4cd37141b9eea588fcbd5a4?s=96&r=g\",\"contentUrl\":\"https:\\\/\\\/secure.gravatar.com\\\/avatar\\\/5db6df507cfe1307e192fbb498c6b85f1cf2ffd8b4cd37141b9eea588fcbd5a4?s=96&r=g\",\"caption\":\"Nacho Corro\"},\"description\":\"Comunicador Social, Periodista y Administraci\u00f3n P\u00fablica. Conversador pol\u00edtico, temas electorales y seguridad. Generador de contenidos digitales. Amante de la fotograf\u00eda\",\"sameAs\":[\"https:\\\/\\\/www.facebook.com\\\/jcorroherrera\\\/\",\"www.instagram.com\\\/nachocorro\\\/\",\"https:\\\/\\\/x.com\\\/Juan Ignacio Corro Herrera\"],\"url\":\"https:\\\/\\\/agencia.252.com.mx\\\/home\\\/author\\\/i-corro\\\/\"}]}<\/script>\n<!-- \/ Yoast SEO plugin. -->","yoast_head_json":{"title":"Almacen\u00f3 y comparti\u00f3 material con contenido sexual de menores de edad a trav\u00e9s de su correo electr\u00f3nico en CDMX, ya esta detenido\u00a0 - Agencia252","robots":{"index":"index","follow":"follow","max-snippet":"max-snippet:-1","max-image-preview":"max-image-preview:large","max-video-preview":"max-video-preview:-1"},"canonical":"https:\/\/agencia.252.com.mx\/home\/almaceno-y-compartio-material-con-contenido-sexual-de-menores-de-edad-a-traves-de-su-correo-electronico-en-cdmx-ya-esta-detenido\/","og_locale":"es_ES","og_type":"article","og_title":"Almacen\u00f3 y comparti\u00f3 material con contenido sexual de menores de edad a trav\u00e9s de su correo electr\u00f3nico en CDMX, ya esta detenido\u00a0 - Agencia252","og_description":"Visitas: 1 Juan Ignacio Corro&nbsp; Ciudad de M\u00e9xico, a 26 de abril de 2026 La Fiscal\u00eda General de Justicia de la Ciudad de M\u00e9xico (Fiscal\u00eda CDMX) aprehendi\u00f3 y obtuvo la vinculaci\u00f3n a proceso de un hombre identificado como Yael \u201cN\u201d por el delito de trata de personas, en su modalidad de pornograf\u00eda infantil. La investigaci\u00f3n [&hellip;]","og_url":"https:\/\/agencia.252.com.mx\/home\/almaceno-y-compartio-material-con-contenido-sexual-de-menores-de-edad-a-traves-de-su-correo-electronico-en-cdmx-ya-esta-detenido\/","og_site_name":"Agencia252","article_publisher":"https:\/\/www.facebook.com\/252Comunicacion\/","article_author":"https:\/\/www.facebook.com\/jcorroherrera\/","article_published_time":"2026-04-27T01:42:27+00:00","article_modified_time":"2026-04-27T01:42:28+00:00","og_image":[{"width":2560,"height":1440,"url":"http:\/\/agencia.252.com.mx\/wp-content\/uploads\/2026\/04\/Yael-N-FGJCDMX-DetH-scaled.jpg","type":"image\/jpeg"}],"author":"Nacho Corro","twitter_card":"summary_large_image","twitter_creator":"@Juan Ignacio Corro Herrera","twitter_site":"@252COMS","twitter_misc":{"Escrito por":"Nacho Corro","Tiempo de lectura":"2 minutos"},"schema":{"@context":"https:\/\/schema.org","@graph":[{"@type":"Article","@id":"https:\/\/agencia.252.com.mx\/home\/almaceno-y-compartio-material-con-contenido-sexual-de-menores-de-edad-a-traves-de-su-correo-electronico-en-cdmx-ya-esta-detenido\/#article","isPartOf":{"@id":"https:\/\/agencia.252.com.mx\/home\/almaceno-y-compartio-material-con-contenido-sexual-de-menores-de-edad-a-traves-de-su-correo-electronico-en-cdmx-ya-esta-detenido\/"},"author":{"name":"Nacho Corro","@id":"https:\/\/agencia.252.com.mx\/home\/#\/schema\/person\/6b972021e9a92d45ade8c78d81509098"},"headline":"Almacen\u00f3 y comparti\u00f3 material con contenido sexual de menores de edad a trav\u00e9s de su correo electr\u00f3nico en CDMX, ya esta detenido\u00a0","datePublished":"2026-04-27T01:42:27+00:00","dateModified":"2026-04-27T01:42:28+00:00","mainEntityOfPage":{"@id":"https:\/\/agencia.252.com.mx\/home\/almaceno-y-compartio-material-con-contenido-sexual-de-menores-de-edad-a-traves-de-su-correo-electronico-en-cdmx-ya-esta-detenido\/"},"wordCount":393,"commentCount":0,"publisher":{"@id":"https:\/\/agencia.252.com.mx\/home\/#organization"},"image":{"@id":"https:\/\/agencia.252.com.mx\/home\/almaceno-y-compartio-material-con-contenido-sexual-de-menores-de-edad-a-traves-de-su-correo-electronico-en-cdmx-ya-esta-detenido\/#primaryimage"},"thumbnailUrl":"https:\/\/agencia.252.com.mx\/wp-content\/uploads\/2026\/04\/Yael-N-FGJCDMX-DetH-scaled.jpg","keywords":["CDMX"],"articleSection":["CDMX","infantes","Metropoli","Seguridad"],"inLanguage":"es","potentialAction":[{"@type":"CommentAction","name":"Comment","target":["https:\/\/agencia.252.com.mx\/home\/almaceno-y-compartio-material-con-contenido-sexual-de-menores-de-edad-a-traves-de-su-correo-electronico-en-cdmx-ya-esta-detenido\/#respond"]}]},{"@type":"WebPage","@id":"https:\/\/agencia.252.com.mx\/home\/almaceno-y-compartio-material-con-contenido-sexual-de-menores-de-edad-a-traves-de-su-correo-electronico-en-cdmx-ya-esta-detenido\/","url":"https:\/\/agencia.252.com.mx\/home\/almaceno-y-compartio-material-con-contenido-sexual-de-menores-de-edad-a-traves-de-su-correo-electronico-en-cdmx-ya-esta-detenido\/","name":"Almacen\u00f3 y comparti\u00f3 material con contenido sexual de menores de edad a trav\u00e9s de su correo electr\u00f3nico en CDMX, ya esta detenido\u00a0 - Agencia252","isPartOf":{"@id":"https:\/\/agencia.252.com.mx\/home\/#website"},"primaryImageOfPage":{"@id":"https:\/\/agencia.252.com.mx\/home\/almaceno-y-compartio-material-con-contenido-sexual-de-menores-de-edad-a-traves-de-su-correo-electronico-en-cdmx-ya-esta-detenido\/#primaryimage"},"image":{"@id":"https:\/\/agencia.252.com.mx\/home\/almaceno-y-compartio-material-con-contenido-sexual-de-menores-de-edad-a-traves-de-su-correo-electronico-en-cdmx-ya-esta-detenido\/#primaryimage"},"thumbnailUrl":"https:\/\/agencia.252.com.mx\/wp-content\/uploads\/2026\/04\/Yael-N-FGJCDMX-DetH-scaled.jpg","datePublished":"2026-04-27T01:42:27+00:00","dateModified":"2026-04-27T01:42:28+00:00","breadcrumb":{"@id":"https:\/\/agencia.252.com.mx\/home\/almaceno-y-compartio-material-con-contenido-sexual-de-menores-de-edad-a-traves-de-su-correo-electronico-en-cdmx-ya-esta-detenido\/#breadcrumb"},"inLanguage":"es","potentialAction":[{"@type":"ReadAction","target":["https:\/\/agencia.252.com.mx\/home\/almaceno-y-compartio-material-con-contenido-sexual-de-menores-de-edad-a-traves-de-su-correo-electronico-en-cdmx-ya-esta-detenido\/"]}]},{"@type":"ImageObject","inLanguage":"es","@id":"https:\/\/agencia.252.com.mx\/home\/almaceno-y-compartio-material-con-contenido-sexual-de-menores-de-edad-a-traves-de-su-correo-electronico-en-cdmx-ya-esta-detenido\/#primaryimage","url":"https:\/\/agencia.252.com.mx\/wp-content\/uploads\/2026\/04\/Yael-N-FGJCDMX-DetH-scaled.jpg","contentUrl":"https:\/\/agencia.252.com.mx\/wp-content\/uploads\/2026\/04\/Yael-N-FGJCDMX-DetH-scaled.jpg","width":2560,"height":1440},{"@type":"BreadcrumbList","@id":"https:\/\/agencia.252.com.mx\/home\/almaceno-y-compartio-material-con-contenido-sexual-de-menores-de-edad-a-traves-de-su-correo-electronico-en-cdmx-ya-esta-detenido\/#breadcrumb","itemListElement":[{"@type":"ListItem","position":1,"name":"Portada","item":"https:\/\/agencia.252.com.mx\/home\/"},{"@type":"ListItem","position":2,"name":"Almacen\u00f3 y comparti\u00f3 material con contenido sexual de menores de edad a trav\u00e9s de su correo electr\u00f3nico en CDMX, ya esta detenido\u00a0"}]},{"@type":"WebSite","@id":"https:\/\/agencia.252.com.mx\/home\/#website","url":"https:\/\/agencia.252.com.mx\/home\/","name":"Agencia252","description":"Tu espacio en la Red","publisher":{"@id":"https:\/\/agencia.252.com.mx\/home\/#organization"},"potentialAction":[{"@type":"SearchAction","target":{"@type":"EntryPoint","urlTemplate":"https:\/\/agencia.252.com.mx\/home\/?s={search_term_string}"},"query-input":{"@type":"PropertyValueSpecification","valueRequired":true,"valueName":"search_term_string"}}],"inLanguage":"es"},{"@type":"Organization","@id":"https:\/\/agencia.252.com.mx\/home\/#organization","name":"Agencia252","url":"https:\/\/agencia.252.com.mx\/home\/","logo":{"@type":"ImageObject","inLanguage":"es","@id":"https:\/\/agencia.252.com.mx\/home\/#\/schema\/logo\/image\/","url":"https:\/\/agencia.252.com.mx\/wp-content\/uploads\/2023\/02\/cropped-ciruclo-agencia-e1677562404136.png","contentUrl":"https:\/\/agencia.252.com.mx\/wp-content\/uploads\/2023\/02\/cropped-ciruclo-agencia-e1677562404136.png","width":512,"height":512,"caption":"Agencia252"},"image":{"@id":"https:\/\/agencia.252.com.mx\/home\/#\/schema\/logo\/image\/"},"sameAs":["https:\/\/www.facebook.com\/252Comunicacion\/","https:\/\/x.com\/252COMS"]},{"@type":"Person","@id":"https:\/\/agencia.252.com.mx\/home\/#\/schema\/person\/6b972021e9a92d45ade8c78d81509098","name":"Nacho Corro","image":{"@type":"ImageObject","inLanguage":"es","@id":"https:\/\/secure.gravatar.com\/avatar\/5db6df507cfe1307e192fbb498c6b85f1cf2ffd8b4cd37141b9eea588fcbd5a4?s=96&r=g","url":"https:\/\/secure.gravatar.com\/avatar\/5db6df507cfe1307e192fbb498c6b85f1cf2ffd8b4cd37141b9eea588fcbd5a4?s=96&r=g","contentUrl":"https:\/\/secure.gravatar.com\/avatar\/5db6df507cfe1307e192fbb498c6b85f1cf2ffd8b4cd37141b9eea588fcbd5a4?s=96&r=g","caption":"Nacho Corro"},"description":"Comunicador Social, Periodista y Administraci\u00f3n P\u00fablica. Conversador pol\u00edtico, temas electorales y seguridad. Generador de contenidos digitales. Amante de la fotograf\u00eda","sameAs":["https:\/\/www.facebook.com\/jcorroherrera\/","www.instagram.com\/nachocorro\/","https:\/\/x.com\/Juan Ignacio Corro Herrera"],"url":"https:\/\/agencia.252.com.mx\/home\/author\/i-corro\/"}]}},"_links":{"self":[{"href":"https:\/\/agencia.252.com.mx\/home\/wp-json\/wp\/v2\/posts\/18757","targetHints":{"allow":["GET"]}}],"collection":[{"href":"https:\/\/agencia.252.com.mx\/home\/wp-json\/wp\/v2\/posts"}],"about":[{"href":"https:\/\/agencia.252.com.mx\/home\/wp-json\/wp\/v2\/types\/post"}],"author":[{"embeddable":true,"href":"https:\/\/agencia.252.com.mx\/home\/wp-json\/wp\/v2\/users\/5"}],"replies":[{"embeddable":true,"href":"https:\/\/agencia.252.com.mx\/home\/wp-json\/wp\/v2\/comments?post=18757"}],"version-history":[{"count":1,"href":"https:\/\/agencia.252.com.mx\/home\/wp-json\/wp\/v2\/posts\/18757\/revisions"}],"predecessor-version":[{"id":18759,"href":"https:\/\/agencia.252.com.mx\/home\/wp-json\/wp\/v2\/posts\/18757\/revisions\/18759"}],"wp:featuredmedia":[{"embeddable":true,"href":"https:\/\/agencia.252.com.mx\/home\/wp-json\/wp\/v2\/media\/18758"}],"wp:attachment":[{"href":"https:\/\/agencia.252.com.mx\/home\/wp-json\/wp\/v2\/media?parent=18757"}],"wp:term":[{"taxonomy":"category","embeddable":true,"href":"https:\/\/agencia.252.com.mx\/home\/wp-json\/wp\/v2\/categories?post=18757"},{"taxonomy":"post_tag","embeddable":true,"href":"https:\/\/agencia.252.com.mx\/home\/wp-json\/wp\/v2\/tags?post=18757"}],"curies":[{"name":"wp","href":"https:\/\/api.w.org\/{rel}","templated":true}]}}