{"id":18750,"date":"2026-04-26T19:11:49","date_gmt":"2026-04-27T01:11:49","guid":{"rendered":"https:\/\/agencia.252.com.mx\/home\/?p=18750"},"modified":"2026-04-26T19:14:08","modified_gmt":"2026-04-27T01:14:08","slug":"policia-municipal-fiscalia-y-marina-detienen-a-enfermero-agresor","status":"publish","type":"post","link":"https:\/\/agencia.252.com.mx\/home\/policia-municipal-fiscalia-y-marina-detienen-a-enfermero-agresor\/","title":{"rendered":"Preso el enfermero que tasajeo a su pareja sentimental en Ecatepec"},"content":{"rendered":"<p>Visitas: 2<\/p>\n<ul class=\"wp-block-list\">\n<li><em>El sujeto agredi\u00f3 con una navaja en repitas ocasiones a su pareja Wendy \u201cN\u201d, de 21 a\u00f1os, caus\u00e1ndole m\u00faltiples laceraciones en cara, cuello, abdomen y un pulm\u00f3n, que le provoc\u00f3 un estado de coma temporal<\/em><\/li>\n<\/ul>\n\n\n\n<p>Juan Ignacio Corro&nbsp;<\/p>\n\n\n\n<p class=\"has-text-align-right\">Ecatepec, Estado de M\u00e9xico, a 26 de abril de 2026<\/p>\n\n\n\n<p>Pedro Jared \u201cN\u201d, fue detenido al interior de las instalaciones de un grupo de Alcoh\u00f3licos An\u00f3nimos en Atlacomulco y se realiz\u00f3 su traslado a la Agencia Especializada en Violencia Familiar, Sexual y de G\u00e9nero de Ecatepec para su certificaci\u00f3n m\u00e9dica y posteriormente fue llevado al penal de Chiconautla.<\/p>\n\n\n\n<p>E lsujeto de 23 a\u00f1os, esta acusado de intento de homicidio, toda vez que, bajo el influjo de estupefacientes, 10 de marzo agredi\u00f3 con una navaja en repitas ocasiones a su pareja Wendy \u201cN\u201d, de 21 a\u00f1os, caus\u00e1ndole m\u00faltiples laceraciones en cara, cuello, abdomen y un pulm\u00f3n, en el fraccionamiento La Guadalupana, lo cual le provoc\u00f3 un estado de coma temporal.<\/p>\n\n\n\n<p>El ataque llev\u00f3 a la mujer a un estado de coma temporal y la dej\u00f3 en cama con salud cr\u00edtica, por lo que se inici\u00f3 una carpeta de investigaci\u00f3n ante la Fiscal\u00eda Mexiquense.<\/p>\n\n\n\n<p>Tras varias semanas de trabajos de inteligencia en coordinaci\u00f3n entre Polic\u00eda Municipal Metropolitana, Polic\u00eda de Investigaci\u00f3n estatal, Polic\u00eda de Investigaci\u00f3n de G\u00e9nero y Fuerza de Tarea Marina, se logr\u00f3 la detenci\u00f3n del agresor, en cumplimiento a una orden de aprehensi\u00f3n por tentativa de homicidio.<\/p>\n\n\n\n<p>Mientras que en el fraccionamiento La Guadalupana fueron detenidos cuatro familiares por su probable complicidad: Gerardo \u201cN\u201d, de 49 a\u00f1os, Isabel \u201cN\u201d de 46 a\u00f1os, Samanta \u201cN\u201d de 29 a\u00f1os y Ulises \u201cN\u201d de 17 a\u00f1os, quienes tambi\u00e9n fueron presentados ante el ministerio p\u00fablico de AMPEVIS.<\/p>\n\n\n\n<p>Desde la agresi\u00f3n, la polic\u00eda municipal de Ecatepec mantuvo puntual seguimiento al caso y coordinaci\u00f3n con la Fiscal\u00eda Mexiquense, adem\u00e1s de que personal de la Unidad de Atenci\u00f3n a V\u00edctimas intervino para localizar a los familiares de Wendy \u201cN\u201d, cuando ingres\u00f3 en estado grave al Hospital Las Am\u00e9ricas y estuvo en terapia intensiva, y a quienes brind\u00f3 contenci\u00f3n psicol\u00f3gica, as\u00ed como asesor\u00eda jur\u00eddica.<\/p>\n","protected":false},"excerpt":{"rendered":"<p>Visitas: 2 Juan Ignacio Corro&nbsp; Ecatepec, Estado de M\u00e9xico, a 26 de abril de 2026 Pedro Jared \u201cN\u201d, fue detenido al interior de las instalaciones de un grupo de Alcoh\u00f3licos An\u00f3nimos en Atlacomulco y se realiz\u00f3 su traslado a la Agencia Especializada en Violencia Familiar, Sexual y de G\u00e9nero de Ecatepec para su certificaci\u00f3n m\u00e9dica [&hellip;]<\/p>\n","protected":false},"author":5,"featured_media":18753,"comment_status":"open","ping_status":"open","sticky":false,"template":"","format":"standard","meta":{"site-sidebar-layout":"default","site-content-layout":"","ast-site-content-layout":"default","site-content-style":"default","site-sidebar-style":"default","ast-global-header-display":"","ast-banner-title-visibility":"","ast-main-header-display":"","ast-hfb-above-header-display":"","ast-hfb-below-header-display":"","ast-hfb-mobile-header-display":"","site-post-title":"","ast-breadcrumbs-content":"","ast-featured-img":"","footer-sml-layout":"","ast-disable-related-posts":"","theme-transparent-header-meta":"","adv-header-id-meta":"","stick-header-meta":"","header-above-stick-meta":"","header-main-stick-meta":"","header-below-stick-meta":"","astra-migrate-meta-layouts":"set","ast-page-background-enabled":"default","ast-page-background-meta":{"desktop":{"background-color":"var(--ast-global-color-4)","background-image":"","background-repeat":"repeat","background-position":"center center","background-size":"auto","background-attachment":"scroll","background-type":"","background-media":"","overlay-type":"","overlay-color":"","overlay-opacity":"","overlay-gradient":""},"tablet":{"background-color":"","background-image":"","background-repeat":"repeat","background-position":"center center","background-size":"auto","background-attachment":"scroll","background-type":"","background-media":"","overlay-type":"","overlay-color":"","overlay-opacity":"","overlay-gradient":""},"mobile":{"background-color":"","background-image":"","background-repeat":"repeat","background-position":"center center","background-size":"auto","background-attachment":"scroll","background-type":"","background-media":"","overlay-type":"","overlay-color":"","overlay-opacity":"","overlay-gradient":""}},"ast-content-background-meta":{"desktop":{"background-color":"var(--ast-global-color-5)","background-image":"","background-repeat":"repeat","background-position":"center center","background-size":"auto","background-attachment":"scroll","background-type":"","background-media":"","overlay-type":"","overlay-color":"","overlay-opacity":"","overlay-gradient":""},"tablet":{"background-color":"var(--ast-global-color-5)","background-image":"","background-repeat":"repeat","background-position":"center center","background-size":"auto","background-attachment":"scroll","background-type":"","background-media":"","overlay-type":"","overlay-color":"","overlay-opacity":"","overlay-gradient":""},"mobile":{"background-color":"var(--ast-global-color-5)","background-image":"","background-repeat":"repeat","background-position":"center center","background-size":"auto","background-attachment":"scroll","background-type":"","background-media":"","overlay-type":"","overlay-color":"","overlay-opacity":"","overlay-gradient":""}},"footnotes":""},"categories":[38,8,68],"tags":[526],"class_list":["post-18750","post","type-post","status-publish","format-standard","has-post-thumbnail","hentry","category-ecatepec","category-edomex","category-seguridad","tag-edomex"],"yoast_head":"<!-- This site is optimized with the Yoast SEO plugin v27.4 - https:\/\/yoast.com\/product\/yoast-seo-wordpress\/ -->\n<title>Preso el enfermero que tasajeo a su pareja sentimental en Ecatepec - Agencia252<\/title>\n<meta name=\"robots\" content=\"index, follow, max-snippet:-1, max-image-preview:large, max-video-preview:-1\" \/>\n<link rel=\"canonical\" href=\"https:\/\/agencia.252.com.mx\/home\/policia-municipal-fiscalia-y-marina-detienen-a-enfermero-agresor\/\" \/>\n<meta property=\"og:locale\" content=\"es_ES\" \/>\n<meta property=\"og:type\" content=\"article\" \/>\n<meta property=\"og:title\" content=\"Preso el enfermero que tasajeo a su pareja sentimental en Ecatepec - Agencia252\" \/>\n<meta property=\"og:description\" content=\"Visitas: 2 Juan Ignacio Corro&nbsp; Ecatepec, Estado de M\u00e9xico, a 26 de abril de 2026 Pedro Jared \u201cN\u201d, fue detenido al interior de las instalaciones de un grupo de Alcoh\u00f3licos An\u00f3nimos en Atlacomulco y se realiz\u00f3 su traslado a la Agencia Especializada en Violencia Familiar, Sexual y de G\u00e9nero de Ecatepec para su certificaci\u00f3n m\u00e9dica [&hellip;]\" \/>\n<meta property=\"og:url\" content=\"https:\/\/agencia.252.com.mx\/home\/policia-municipal-fiscalia-y-marina-detienen-a-enfermero-agresor\/\" \/>\n<meta property=\"og:site_name\" content=\"Agencia252\" \/>\n<meta property=\"article:publisher\" content=\"https:\/\/www.facebook.com\/252Comunicacion\/\" \/>\n<meta property=\"article:author\" content=\"https:\/\/www.facebook.com\/jcorroherrera\/\" \/>\n<meta property=\"article:published_time\" content=\"2026-04-27T01:11:49+00:00\" \/>\n<meta property=\"article:modified_time\" content=\"2026-04-27T01:14:08+00:00\" \/>\n<meta property=\"og:image\" content=\"http:\/\/agencia.252.com.mx\/wp-content\/uploads\/2026\/04\/WhatsApp-Image-2026-04-26-at-8.14.58-AM.jpeg\" \/>\n\t<meta property=\"og:image:width\" content=\"1280\" \/>\n\t<meta property=\"og:image:height\" content=\"907\" \/>\n\t<meta property=\"og:image:type\" content=\"image\/jpeg\" \/>\n<meta name=\"author\" content=\"Nacho Corro\" \/>\n<meta name=\"twitter:card\" content=\"summary_large_image\" \/>\n<meta name=\"twitter:creator\" content=\"@Juan Ignacio Corro Herrera\" \/>\n<meta name=\"twitter:site\" content=\"@252COMS\" \/>\n<meta name=\"twitter:label1\" content=\"Escrito por\" \/>\n\t<meta name=\"twitter:data1\" content=\"Nacho Corro\" \/>\n\t<meta name=\"twitter:label2\" content=\"Tiempo de lectura\" \/>\n\t<meta name=\"twitter:data2\" content=\"2 minutos\" \/>\n<script type=\"application\/ld+json\" class=\"yoast-schema-graph\">{\"@context\":\"https:\\\/\\\/schema.org\",\"@graph\":[{\"@type\":\"Article\",\"@id\":\"https:\\\/\\\/agencia.252.com.mx\\\/home\\\/policia-municipal-fiscalia-y-marina-detienen-a-enfermero-agresor\\\/#article\",\"isPartOf\":{\"@id\":\"https:\\\/\\\/agencia.252.com.mx\\\/home\\\/policia-municipal-fiscalia-y-marina-detienen-a-enfermero-agresor\\\/\"},\"author\":{\"name\":\"Nacho Corro\",\"@id\":\"https:\\\/\\\/agencia.252.com.mx\\\/home\\\/#\\\/schema\\\/person\\\/6b972021e9a92d45ade8c78d81509098\"},\"headline\":\"Preso el enfermero que tasajeo a su pareja sentimental en Ecatepec\",\"datePublished\":\"2026-04-27T01:11:49+00:00\",\"dateModified\":\"2026-04-27T01:14:08+00:00\",\"mainEntityOfPage\":{\"@id\":\"https:\\\/\\\/agencia.252.com.mx\\\/home\\\/policia-municipal-fiscalia-y-marina-detienen-a-enfermero-agresor\\\/\"},\"wordCount\":390,\"commentCount\":0,\"publisher\":{\"@id\":\"https:\\\/\\\/agencia.252.com.mx\\\/home\\\/#organization\"},\"image\":{\"@id\":\"https:\\\/\\\/agencia.252.com.mx\\\/home\\\/policia-municipal-fiscalia-y-marina-detienen-a-enfermero-agresor\\\/#primaryimage\"},\"thumbnailUrl\":\"https:\\\/\\\/agencia.252.com.mx\\\/wp-content\\\/uploads\\\/2026\\\/04\\\/WhatsApp-Image-2026-04-26-at-8.14.58-AM.jpeg\",\"keywords\":[\"Edomex\"],\"articleSection\":[\"Ecatepec\",\"Edomex\",\"Seguridad\"],\"inLanguage\":\"es\",\"potentialAction\":[{\"@type\":\"CommentAction\",\"name\":\"Comment\",\"target\":[\"https:\\\/\\\/agencia.252.com.mx\\\/home\\\/policia-municipal-fiscalia-y-marina-detienen-a-enfermero-agresor\\\/#respond\"]}]},{\"@type\":\"WebPage\",\"@id\":\"https:\\\/\\\/agencia.252.com.mx\\\/home\\\/policia-municipal-fiscalia-y-marina-detienen-a-enfermero-agresor\\\/\",\"url\":\"https:\\\/\\\/agencia.252.com.mx\\\/home\\\/policia-municipal-fiscalia-y-marina-detienen-a-enfermero-agresor\\\/\",\"name\":\"Preso el enfermero que tasajeo a su pareja sentimental en Ecatepec - Agencia252\",\"isPartOf\":{\"@id\":\"https:\\\/\\\/agencia.252.com.mx\\\/home\\\/#website\"},\"primaryImageOfPage\":{\"@id\":\"https:\\\/\\\/agencia.252.com.mx\\\/home\\\/policia-municipal-fiscalia-y-marina-detienen-a-enfermero-agresor\\\/#primaryimage\"},\"image\":{\"@id\":\"https:\\\/\\\/agencia.252.com.mx\\\/home\\\/policia-municipal-fiscalia-y-marina-detienen-a-enfermero-agresor\\\/#primaryimage\"},\"thumbnailUrl\":\"https:\\\/\\\/agencia.252.com.mx\\\/wp-content\\\/uploads\\\/2026\\\/04\\\/WhatsApp-Image-2026-04-26-at-8.14.58-AM.jpeg\",\"datePublished\":\"2026-04-27T01:11:49+00:00\",\"dateModified\":\"2026-04-27T01:14:08+00:00\",\"breadcrumb\":{\"@id\":\"https:\\\/\\\/agencia.252.com.mx\\\/home\\\/policia-municipal-fiscalia-y-marina-detienen-a-enfermero-agresor\\\/#breadcrumb\"},\"inLanguage\":\"es\",\"potentialAction\":[{\"@type\":\"ReadAction\",\"target\":[\"https:\\\/\\\/agencia.252.com.mx\\\/home\\\/policia-municipal-fiscalia-y-marina-detienen-a-enfermero-agresor\\\/\"]}]},{\"@type\":\"ImageObject\",\"inLanguage\":\"es\",\"@id\":\"https:\\\/\\\/agencia.252.com.mx\\\/home\\\/policia-municipal-fiscalia-y-marina-detienen-a-enfermero-agresor\\\/#primaryimage\",\"url\":\"https:\\\/\\\/agencia.252.com.mx\\\/wp-content\\\/uploads\\\/2026\\\/04\\\/WhatsApp-Image-2026-04-26-at-8.14.58-AM.jpeg\",\"contentUrl\":\"https:\\\/\\\/agencia.252.com.mx\\\/wp-content\\\/uploads\\\/2026\\\/04\\\/WhatsApp-Image-2026-04-26-at-8.14.58-AM.jpeg\",\"width\":1280,\"height\":907},{\"@type\":\"BreadcrumbList\",\"@id\":\"https:\\\/\\\/agencia.252.com.mx\\\/home\\\/policia-municipal-fiscalia-y-marina-detienen-a-enfermero-agresor\\\/#breadcrumb\",\"itemListElement\":[{\"@type\":\"ListItem\",\"position\":1,\"name\":\"Portada\",\"item\":\"https:\\\/\\\/agencia.252.com.mx\\\/home\\\/\"},{\"@type\":\"ListItem\",\"position\":2,\"name\":\"Preso el enfermero que tasajeo a su pareja sentimental en Ecatepec\"}]},{\"@type\":\"WebSite\",\"@id\":\"https:\\\/\\\/agencia.252.com.mx\\\/home\\\/#website\",\"url\":\"https:\\\/\\\/agencia.252.com.mx\\\/home\\\/\",\"name\":\"Agencia252\",\"description\":\"Tu espacio en la Red\",\"publisher\":{\"@id\":\"https:\\\/\\\/agencia.252.com.mx\\\/home\\\/#organization\"},\"potentialAction\":[{\"@type\":\"SearchAction\",\"target\":{\"@type\":\"EntryPoint\",\"urlTemplate\":\"https:\\\/\\\/agencia.252.com.mx\\\/home\\\/?s={search_term_string}\"},\"query-input\":{\"@type\":\"PropertyValueSpecification\",\"valueRequired\":true,\"valueName\":\"search_term_string\"}}],\"inLanguage\":\"es\"},{\"@type\":\"Organization\",\"@id\":\"https:\\\/\\\/agencia.252.com.mx\\\/home\\\/#organization\",\"name\":\"Agencia252\",\"url\":\"https:\\\/\\\/agencia.252.com.mx\\\/home\\\/\",\"logo\":{\"@type\":\"ImageObject\",\"inLanguage\":\"es\",\"@id\":\"https:\\\/\\\/agencia.252.com.mx\\\/home\\\/#\\\/schema\\\/logo\\\/image\\\/\",\"url\":\"https:\\\/\\\/agencia.252.com.mx\\\/wp-content\\\/uploads\\\/2023\\\/02\\\/cropped-ciruclo-agencia-e1677562404136.png\",\"contentUrl\":\"https:\\\/\\\/agencia.252.com.mx\\\/wp-content\\\/uploads\\\/2023\\\/02\\\/cropped-ciruclo-agencia-e1677562404136.png\",\"width\":512,\"height\":512,\"caption\":\"Agencia252\"},\"image\":{\"@id\":\"https:\\\/\\\/agencia.252.com.mx\\\/home\\\/#\\\/schema\\\/logo\\\/image\\\/\"},\"sameAs\":[\"https:\\\/\\\/www.facebook.com\\\/252Comunicacion\\\/\",\"https:\\\/\\\/x.com\\\/252COMS\"]},{\"@type\":\"Person\",\"@id\":\"https:\\\/\\\/agencia.252.com.mx\\\/home\\\/#\\\/schema\\\/person\\\/6b972021e9a92d45ade8c78d81509098\",\"name\":\"Nacho Corro\",\"image\":{\"@type\":\"ImageObject\",\"inLanguage\":\"es\",\"@id\":\"https:\\\/\\\/secure.gravatar.com\\\/avatar\\\/5db6df507cfe1307e192fbb498c6b85f1cf2ffd8b4cd37141b9eea588fcbd5a4?s=96&r=g\",\"url\":\"https:\\\/\\\/secure.gravatar.com\\\/avatar\\\/5db6df507cfe1307e192fbb498c6b85f1cf2ffd8b4cd37141b9eea588fcbd5a4?s=96&r=g\",\"contentUrl\":\"https:\\\/\\\/secure.gravatar.com\\\/avatar\\\/5db6df507cfe1307e192fbb498c6b85f1cf2ffd8b4cd37141b9eea588fcbd5a4?s=96&r=g\",\"caption\":\"Nacho Corro\"},\"description\":\"Comunicador Social, Periodista y Administraci\u00f3n P\u00fablica. Conversador pol\u00edtico, temas electorales y seguridad. Generador de contenidos digitales. Amante de la fotograf\u00eda\",\"sameAs\":[\"https:\\\/\\\/www.facebook.com\\\/jcorroherrera\\\/\",\"www.instagram.com\\\/nachocorro\\\/\",\"https:\\\/\\\/x.com\\\/Juan Ignacio Corro Herrera\"],\"url\":\"https:\\\/\\\/agencia.252.com.mx\\\/home\\\/author\\\/i-corro\\\/\"}]}<\/script>\n<!-- \/ Yoast SEO plugin. -->","yoast_head_json":{"title":"Preso el enfermero que tasajeo a su pareja sentimental en Ecatepec - Agencia252","robots":{"index":"index","follow":"follow","max-snippet":"max-snippet:-1","max-image-preview":"max-image-preview:large","max-video-preview":"max-video-preview:-1"},"canonical":"https:\/\/agencia.252.com.mx\/home\/policia-municipal-fiscalia-y-marina-detienen-a-enfermero-agresor\/","og_locale":"es_ES","og_type":"article","og_title":"Preso el enfermero que tasajeo a su pareja sentimental en Ecatepec - Agencia252","og_description":"Visitas: 2 Juan Ignacio Corro&nbsp; Ecatepec, Estado de M\u00e9xico, a 26 de abril de 2026 Pedro Jared \u201cN\u201d, fue detenido al interior de las instalaciones de un grupo de Alcoh\u00f3licos An\u00f3nimos en Atlacomulco y se realiz\u00f3 su traslado a la Agencia Especializada en Violencia Familiar, Sexual y de G\u00e9nero de Ecatepec para su certificaci\u00f3n m\u00e9dica [&hellip;]","og_url":"https:\/\/agencia.252.com.mx\/home\/policia-municipal-fiscalia-y-marina-detienen-a-enfermero-agresor\/","og_site_name":"Agencia252","article_publisher":"https:\/\/www.facebook.com\/252Comunicacion\/","article_author":"https:\/\/www.facebook.com\/jcorroherrera\/","article_published_time":"2026-04-27T01:11:49+00:00","article_modified_time":"2026-04-27T01:14:08+00:00","og_image":[{"width":1280,"height":907,"url":"http:\/\/agencia.252.com.mx\/wp-content\/uploads\/2026\/04\/WhatsApp-Image-2026-04-26-at-8.14.58-AM.jpeg","type":"image\/jpeg"}],"author":"Nacho Corro","twitter_card":"summary_large_image","twitter_creator":"@Juan Ignacio Corro Herrera","twitter_site":"@252COMS","twitter_misc":{"Escrito por":"Nacho Corro","Tiempo de lectura":"2 minutos"},"schema":{"@context":"https:\/\/schema.org","@graph":[{"@type":"Article","@id":"https:\/\/agencia.252.com.mx\/home\/policia-municipal-fiscalia-y-marina-detienen-a-enfermero-agresor\/#article","isPartOf":{"@id":"https:\/\/agencia.252.com.mx\/home\/policia-municipal-fiscalia-y-marina-detienen-a-enfermero-agresor\/"},"author":{"name":"Nacho Corro","@id":"https:\/\/agencia.252.com.mx\/home\/#\/schema\/person\/6b972021e9a92d45ade8c78d81509098"},"headline":"Preso el enfermero que tasajeo a su pareja sentimental en Ecatepec","datePublished":"2026-04-27T01:11:49+00:00","dateModified":"2026-04-27T01:14:08+00:00","mainEntityOfPage":{"@id":"https:\/\/agencia.252.com.mx\/home\/policia-municipal-fiscalia-y-marina-detienen-a-enfermero-agresor\/"},"wordCount":390,"commentCount":0,"publisher":{"@id":"https:\/\/agencia.252.com.mx\/home\/#organization"},"image":{"@id":"https:\/\/agencia.252.com.mx\/home\/policia-municipal-fiscalia-y-marina-detienen-a-enfermero-agresor\/#primaryimage"},"thumbnailUrl":"https:\/\/agencia.252.com.mx\/wp-content\/uploads\/2026\/04\/WhatsApp-Image-2026-04-26-at-8.14.58-AM.jpeg","keywords":["Edomex"],"articleSection":["Ecatepec","Edomex","Seguridad"],"inLanguage":"es","potentialAction":[{"@type":"CommentAction","name":"Comment","target":["https:\/\/agencia.252.com.mx\/home\/policia-municipal-fiscalia-y-marina-detienen-a-enfermero-agresor\/#respond"]}]},{"@type":"WebPage","@id":"https:\/\/agencia.252.com.mx\/home\/policia-municipal-fiscalia-y-marina-detienen-a-enfermero-agresor\/","url":"https:\/\/agencia.252.com.mx\/home\/policia-municipal-fiscalia-y-marina-detienen-a-enfermero-agresor\/","name":"Preso el enfermero que tasajeo a su pareja sentimental en Ecatepec - Agencia252","isPartOf":{"@id":"https:\/\/agencia.252.com.mx\/home\/#website"},"primaryImageOfPage":{"@id":"https:\/\/agencia.252.com.mx\/home\/policia-municipal-fiscalia-y-marina-detienen-a-enfermero-agresor\/#primaryimage"},"image":{"@id":"https:\/\/agencia.252.com.mx\/home\/policia-municipal-fiscalia-y-marina-detienen-a-enfermero-agresor\/#primaryimage"},"thumbnailUrl":"https:\/\/agencia.252.com.mx\/wp-content\/uploads\/2026\/04\/WhatsApp-Image-2026-04-26-at-8.14.58-AM.jpeg","datePublished":"2026-04-27T01:11:49+00:00","dateModified":"2026-04-27T01:14:08+00:00","breadcrumb":{"@id":"https:\/\/agencia.252.com.mx\/home\/policia-municipal-fiscalia-y-marina-detienen-a-enfermero-agresor\/#breadcrumb"},"inLanguage":"es","potentialAction":[{"@type":"ReadAction","target":["https:\/\/agencia.252.com.mx\/home\/policia-municipal-fiscalia-y-marina-detienen-a-enfermero-agresor\/"]}]},{"@type":"ImageObject","inLanguage":"es","@id":"https:\/\/agencia.252.com.mx\/home\/policia-municipal-fiscalia-y-marina-detienen-a-enfermero-agresor\/#primaryimage","url":"https:\/\/agencia.252.com.mx\/wp-content\/uploads\/2026\/04\/WhatsApp-Image-2026-04-26-at-8.14.58-AM.jpeg","contentUrl":"https:\/\/agencia.252.com.mx\/wp-content\/uploads\/2026\/04\/WhatsApp-Image-2026-04-26-at-8.14.58-AM.jpeg","width":1280,"height":907},{"@type":"BreadcrumbList","@id":"https:\/\/agencia.252.com.mx\/home\/policia-municipal-fiscalia-y-marina-detienen-a-enfermero-agresor\/#breadcrumb","itemListElement":[{"@type":"ListItem","position":1,"name":"Portada","item":"https:\/\/agencia.252.com.mx\/home\/"},{"@type":"ListItem","position":2,"name":"Preso el enfermero que tasajeo a su pareja sentimental en Ecatepec"}]},{"@type":"WebSite","@id":"https:\/\/agencia.252.com.mx\/home\/#website","url":"https:\/\/agencia.252.com.mx\/home\/","name":"Agencia252","description":"Tu espacio en la Red","publisher":{"@id":"https:\/\/agencia.252.com.mx\/home\/#organization"},"potentialAction":[{"@type":"SearchAction","target":{"@type":"EntryPoint","urlTemplate":"https:\/\/agencia.252.com.mx\/home\/?s={search_term_string}"},"query-input":{"@type":"PropertyValueSpecification","valueRequired":true,"valueName":"search_term_string"}}],"inLanguage":"es"},{"@type":"Organization","@id":"https:\/\/agencia.252.com.mx\/home\/#organization","name":"Agencia252","url":"https:\/\/agencia.252.com.mx\/home\/","logo":{"@type":"ImageObject","inLanguage":"es","@id":"https:\/\/agencia.252.com.mx\/home\/#\/schema\/logo\/image\/","url":"https:\/\/agencia.252.com.mx\/wp-content\/uploads\/2023\/02\/cropped-ciruclo-agencia-e1677562404136.png","contentUrl":"https:\/\/agencia.252.com.mx\/wp-content\/uploads\/2023\/02\/cropped-ciruclo-agencia-e1677562404136.png","width":512,"height":512,"caption":"Agencia252"},"image":{"@id":"https:\/\/agencia.252.com.mx\/home\/#\/schema\/logo\/image\/"},"sameAs":["https:\/\/www.facebook.com\/252Comunicacion\/","https:\/\/x.com\/252COMS"]},{"@type":"Person","@id":"https:\/\/agencia.252.com.mx\/home\/#\/schema\/person\/6b972021e9a92d45ade8c78d81509098","name":"Nacho Corro","image":{"@type":"ImageObject","inLanguage":"es","@id":"https:\/\/secure.gravatar.com\/avatar\/5db6df507cfe1307e192fbb498c6b85f1cf2ffd8b4cd37141b9eea588fcbd5a4?s=96&r=g","url":"https:\/\/secure.gravatar.com\/avatar\/5db6df507cfe1307e192fbb498c6b85f1cf2ffd8b4cd37141b9eea588fcbd5a4?s=96&r=g","contentUrl":"https:\/\/secure.gravatar.com\/avatar\/5db6df507cfe1307e192fbb498c6b85f1cf2ffd8b4cd37141b9eea588fcbd5a4?s=96&r=g","caption":"Nacho Corro"},"description":"Comunicador Social, Periodista y Administraci\u00f3n P\u00fablica. Conversador pol\u00edtico, temas electorales y seguridad. Generador de contenidos digitales. Amante de la fotograf\u00eda","sameAs":["https:\/\/www.facebook.com\/jcorroherrera\/","www.instagram.com\/nachocorro\/","https:\/\/x.com\/Juan Ignacio Corro Herrera"],"url":"https:\/\/agencia.252.com.mx\/home\/author\/i-corro\/"}]}},"_links":{"self":[{"href":"https:\/\/agencia.252.com.mx\/home\/wp-json\/wp\/v2\/posts\/18750","targetHints":{"allow":["GET"]}}],"collection":[{"href":"https:\/\/agencia.252.com.mx\/home\/wp-json\/wp\/v2\/posts"}],"about":[{"href":"https:\/\/agencia.252.com.mx\/home\/wp-json\/wp\/v2\/types\/post"}],"author":[{"embeddable":true,"href":"https:\/\/agencia.252.com.mx\/home\/wp-json\/wp\/v2\/users\/5"}],"replies":[{"embeddable":true,"href":"https:\/\/agencia.252.com.mx\/home\/wp-json\/wp\/v2\/comments?post=18750"}],"version-history":[{"count":2,"href":"https:\/\/agencia.252.com.mx\/home\/wp-json\/wp\/v2\/posts\/18750\/revisions"}],"predecessor-version":[{"id":18756,"href":"https:\/\/agencia.252.com.mx\/home\/wp-json\/wp\/v2\/posts\/18750\/revisions\/18756"}],"wp:featuredmedia":[{"embeddable":true,"href":"https:\/\/agencia.252.com.mx\/home\/wp-json\/wp\/v2\/media\/18753"}],"wp:attachment":[{"href":"https:\/\/agencia.252.com.mx\/home\/wp-json\/wp\/v2\/media?parent=18750"}],"wp:term":[{"taxonomy":"category","embeddable":true,"href":"https:\/\/agencia.252.com.mx\/home\/wp-json\/wp\/v2\/categories?post=18750"},{"taxonomy":"post_tag","embeddable":true,"href":"https:\/\/agencia.252.com.mx\/home\/wp-json\/wp\/v2\/tags?post=18750"}],"curies":[{"name":"wp","href":"https:\/\/api.w.org\/{rel}","templated":true}]}}