{"id":18743,"date":"2026-04-26T17:08:27","date_gmt":"2026-04-26T23:08:27","guid":{"rendered":"https:\/\/agencia.252.com.mx\/home\/?p=18743"},"modified":"2026-04-26T18:47:41","modified_gmt":"2026-04-27T00:47:41","slug":"regalan-5-mil-libros-en-la-la-segunda-feria-del-libro-ecatepec-2026","status":"publish","type":"post","link":"https:\/\/agencia.252.com.mx\/home\/regalan-5-mil-libros-en-la-la-segunda-feria-del-libro-ecatepec-2026\/","title":{"rendered":"Regalan 5 mil libros en la Segunda Feria del Libro Ecatepec 2026"},"content":{"rendered":"<p>Visitas: 4<\/p>\n<ul class=\"wp-block-list\">\n<li><em>Participan 200 sellos editoriales y 70 expositores, as\u00ed como escritores, poetas, acad\u00e9micos y artistas, entre otros; durante la misma fueron regalados m\u00e1s de cinco mil libros<\/em><\/li>\n<\/ul>\n\n\n\n<p>Juan Ignacio Corro&nbsp;<\/p>\n\n\n\n<p class=\"has-text-align-right\">Ecatepec, Estado de M\u00e9xico, a 26 de abril de 2026<\/p>\n\n\n\n<p>Paco Ignacio Taibo II, director del Fondo de Cultura Econ\u00f3mica (FCE), reconoci\u00f3 a la alcaldesa Azucena Cisneros Coss y al gobierno municipal de Ecatepec, por realizar la Segunda Feria del Libro, que acerc\u00f3 el placer de la lectura a miles de personas.<\/p>\n\n\n\n<p>El tambi\u00e9n escritor record\u00f3 que Ecatepec cuenta con una librer\u00eda del FCE y en dos ocasiones regalaron libros de la iniciativa \u201c25 para el 25\u201d, adem\u00e1s de que por segundo a\u00f1o consecutivo el gobierno municipal realiz\u00f3 la Feria del Libro, cuyo objetivo principal es atrapar a nuevos lectores, por lo que se realiz\u00f3 en la explanada municipal, que es un espacio abierto para todos.<\/p>\n\n\n\n<p>La Segunda Feria del Libro Ecatepec 2026, impulsada por el gobierno municipal y la Brigada para Leer en Libertad, se llev\u00f3 a cabo del 22 al 26 de abril con la participaci\u00f3n de 200 sellos editoriales y 70 expositores, as\u00ed como escritores, poetas, acad\u00e9micos y artistas, entre otros; durante la misma fueron regalados m\u00e1s de cinco mil libros.<\/p>\n\n\n\n<p>En charla efectuada el pasado 24 de abril, Paco Ignacio Taibo II reiter\u00f3 que con la citada Feria en Ecatepec ganaron la batalla, lo que no ocurre todo el Estado de M\u00e9xico, donde la meta es promover la lectura y contar con al menos una librer\u00eda del FCE en cada uno de los 125 municipios de la entidad.<\/p>\n\n\n\n<p>Taibo II platic\u00f3 con el p\u00fablico sobre su novela \u201cCuatro Manos\u201d, que a pesar de que fue escrita hace casi 40 a\u00f1os su contenido contin\u00faa vigente y ha sido publicada en 20 pa\u00edses, con lo que demostr\u00f3 que existe la posibilidad de hacer que la literatura sea un juego y un deporte.<\/p>\n\n\n\n<p>Previamente fue presentado el libro \u201cHospital, pr\u00e1ctica m\u00e9dica y Covid-19\u201d, estudio socioantropol\u00f3gico sobre el imaginario, los sue\u00f1os, las emociones y la muerte, coordinado por V\u00edctor A. Pay\u00e1 y Pedro Antonio Alberto Bracamonte, con textos de Cristian Alfredo Medina Pe\u00f1a, Wendy Nicolasa Vega Navarro y Jovani J. Rivera.<\/p>\n\n\n\n<p>Igualmente presentaron \u201cTributo a Gaza\u201d, poes\u00eda biling\u00fce \u00e1rabe espa\u00f1ol, con Carmen Nozal, Eduardo Mosches y percusiones de Gabriel Mosches, cuya pl\u00e1tica vers\u00f3 sobre el genocidio que se comete en Palestina.<\/p>\n\n\n\n<p>Durante cinco d\u00edas autores presentaron sus obras a la comunidad en Ecatepec y expertos hablaron sobre literatura, pero sobre todo los asistentes pudieron llevarse alguno de los libros que regalaron y comprar otros en los stands de la Feria, con miles de t\u00edtulos y a precios bajos.<\/p>\n","protected":false},"excerpt":{"rendered":"<p>Visitas: 4 Juan Ignacio Corro&nbsp; Ecatepec, Estado de M\u00e9xico, a 26 de abril de 2026 Paco Ignacio Taibo II, director del Fondo de Cultura Econ\u00f3mica (FCE), reconoci\u00f3 a la alcaldesa Azucena Cisneros Coss y al gobierno municipal de Ecatepec, por realizar la Segunda Feria del Libro, que acerc\u00f3 el placer de la lectura a miles [&hellip;]<\/p>\n","protected":false},"author":5,"featured_media":18744,"comment_status":"open","ping_status":"open","sticky":false,"template":"","format":"standard","meta":{"site-sidebar-layout":"default","site-content-layout":"","ast-site-content-layout":"default","site-content-style":"default","site-sidebar-style":"default","ast-global-header-display":"","ast-banner-title-visibility":"","ast-main-header-display":"","ast-hfb-above-header-display":"","ast-hfb-below-header-display":"","ast-hfb-mobile-header-display":"","site-post-title":"","ast-breadcrumbs-content":"","ast-featured-img":"","footer-sml-layout":"","ast-disable-related-posts":"","theme-transparent-header-meta":"","adv-header-id-meta":"","stick-header-meta":"","header-above-stick-meta":"","header-main-stick-meta":"","header-below-stick-meta":"","astra-migrate-meta-layouts":"set","ast-page-background-enabled":"default","ast-page-background-meta":{"desktop":{"background-color":"var(--ast-global-color-4)","background-image":"","background-repeat":"repeat","background-position":"center center","background-size":"auto","background-attachment":"scroll","background-type":"","background-media":"","overlay-type":"","overlay-color":"","overlay-opacity":"","overlay-gradient":""},"tablet":{"background-color":"","background-image":"","background-repeat":"repeat","background-position":"center center","background-size":"auto","background-attachment":"scroll","background-type":"","background-media":"","overlay-type":"","overlay-color":"","overlay-opacity":"","overlay-gradient":""},"mobile":{"background-color":"","background-image":"","background-repeat":"repeat","background-position":"center center","background-size":"auto","background-attachment":"scroll","background-type":"","background-media":"","overlay-type":"","overlay-color":"","overlay-opacity":"","overlay-gradient":""}},"ast-content-background-meta":{"desktop":{"background-color":"var(--ast-global-color-5)","background-image":"","background-repeat":"repeat","background-position":"center center","background-size":"auto","background-attachment":"scroll","background-type":"","background-media":"","overlay-type":"","overlay-color":"","overlay-opacity":"","overlay-gradient":""},"tablet":{"background-color":"var(--ast-global-color-5)","background-image":"","background-repeat":"repeat","background-position":"center center","background-size":"auto","background-attachment":"scroll","background-type":"","background-media":"","overlay-type":"","overlay-color":"","overlay-opacity":"","overlay-gradient":""},"mobile":{"background-color":"var(--ast-global-color-5)","background-image":"","background-repeat":"repeat","background-position":"center center","background-size":"auto","background-attachment":"scroll","background-type":"","background-media":"","overlay-type":"","overlay-color":"","overlay-opacity":"","overlay-gradient":""}},"footnotes":""},"categories":[107,38,8,68],"tags":[526],"class_list":["post-18743","post","type-post","status-publish","format-standard","has-post-thumbnail","hentry","category-cultura","category-ecatepec","category-edomex","category-seguridad","tag-edomex"],"yoast_head":"<!-- This site is optimized with the Yoast SEO plugin v27.4 - https:\/\/yoast.com\/product\/yoast-seo-wordpress\/ -->\n<title>Regalan 5 mil libros en la Segunda Feria del Libro Ecatepec 2026 - Agencia252<\/title>\n<meta name=\"robots\" content=\"index, follow, max-snippet:-1, max-image-preview:large, max-video-preview:-1\" \/>\n<link rel=\"canonical\" href=\"https:\/\/agencia.252.com.mx\/home\/regalan-5-mil-libros-en-la-la-segunda-feria-del-libro-ecatepec-2026\/\" \/>\n<meta property=\"og:locale\" content=\"es_ES\" \/>\n<meta property=\"og:type\" content=\"article\" \/>\n<meta property=\"og:title\" content=\"Regalan 5 mil libros en la Segunda Feria del Libro Ecatepec 2026 - Agencia252\" \/>\n<meta property=\"og:description\" content=\"Visitas: 4 Juan Ignacio Corro&nbsp; Ecatepec, Estado de M\u00e9xico, a 26 de abril de 2026 Paco Ignacio Taibo II, director del Fondo de Cultura Econ\u00f3mica (FCE), reconoci\u00f3 a la alcaldesa Azucena Cisneros Coss y al gobierno municipal de Ecatepec, por realizar la Segunda Feria del Libro, que acerc\u00f3 el placer de la lectura a miles [&hellip;]\" \/>\n<meta property=\"og:url\" content=\"https:\/\/agencia.252.com.mx\/home\/regalan-5-mil-libros-en-la-la-segunda-feria-del-libro-ecatepec-2026\/\" \/>\n<meta property=\"og:site_name\" content=\"Agencia252\" \/>\n<meta property=\"article:publisher\" content=\"https:\/\/www.facebook.com\/252Comunicacion\/\" \/>\n<meta property=\"article:author\" content=\"https:\/\/www.facebook.com\/jcorroherrera\/\" \/>\n<meta property=\"article:published_time\" content=\"2026-04-26T23:08:27+00:00\" \/>\n<meta property=\"article:modified_time\" content=\"2026-04-27T00:47:41+00:00\" \/>\n<meta property=\"og:image\" content=\"http:\/\/agencia.252.com.mx\/wp-content\/uploads\/2026\/04\/WhatsApp-Image-2026-04-26-at-12.03.50-PM.jpeg\" \/>\n\t<meta property=\"og:image:width\" content=\"1541\" \/>\n\t<meta property=\"og:image:height\" content=\"1157\" \/>\n\t<meta property=\"og:image:type\" content=\"image\/jpeg\" \/>\n<meta name=\"author\" content=\"Nacho Corro\" \/>\n<meta name=\"twitter:card\" content=\"summary_large_image\" \/>\n<meta name=\"twitter:creator\" content=\"@Juan Ignacio Corro Herrera\" \/>\n<meta name=\"twitter:site\" content=\"@252COMS\" \/>\n<meta name=\"twitter:label1\" content=\"Escrito por\" \/>\n\t<meta name=\"twitter:data1\" content=\"Nacho Corro\" \/>\n\t<meta name=\"twitter:label2\" content=\"Tiempo de lectura\" \/>\n\t<meta name=\"twitter:data2\" content=\"3 minutos\" \/>\n<script type=\"application\/ld+json\" class=\"yoast-schema-graph\">{\"@context\":\"https:\\\/\\\/schema.org\",\"@graph\":[{\"@type\":\"Article\",\"@id\":\"https:\\\/\\\/agencia.252.com.mx\\\/home\\\/regalan-5-mil-libros-en-la-la-segunda-feria-del-libro-ecatepec-2026\\\/#article\",\"isPartOf\":{\"@id\":\"https:\\\/\\\/agencia.252.com.mx\\\/home\\\/regalan-5-mil-libros-en-la-la-segunda-feria-del-libro-ecatepec-2026\\\/\"},\"author\":{\"name\":\"Nacho Corro\",\"@id\":\"https:\\\/\\\/agencia.252.com.mx\\\/home\\\/#\\\/schema\\\/person\\\/6b972021e9a92d45ade8c78d81509098\"},\"headline\":\"Regalan 5 mil libros en la Segunda Feria del Libro Ecatepec 2026\",\"datePublished\":\"2026-04-26T23:08:27+00:00\",\"dateModified\":\"2026-04-27T00:47:41+00:00\",\"mainEntityOfPage\":{\"@id\":\"https:\\\/\\\/agencia.252.com.mx\\\/home\\\/regalan-5-mil-libros-en-la-la-segunda-feria-del-libro-ecatepec-2026\\\/\"},\"wordCount\":462,\"commentCount\":0,\"publisher\":{\"@id\":\"https:\\\/\\\/agencia.252.com.mx\\\/home\\\/#organization\"},\"image\":{\"@id\":\"https:\\\/\\\/agencia.252.com.mx\\\/home\\\/regalan-5-mil-libros-en-la-la-segunda-feria-del-libro-ecatepec-2026\\\/#primaryimage\"},\"thumbnailUrl\":\"https:\\\/\\\/agencia.252.com.mx\\\/wp-content\\\/uploads\\\/2026\\\/04\\\/WhatsApp-Image-2026-04-26-at-12.03.50-PM.jpeg\",\"keywords\":[\"Edomex\"],\"articleSection\":[\"Cultura\",\"Ecatepec\",\"Edomex\",\"Seguridad\"],\"inLanguage\":\"es\",\"potentialAction\":[{\"@type\":\"CommentAction\",\"name\":\"Comment\",\"target\":[\"https:\\\/\\\/agencia.252.com.mx\\\/home\\\/regalan-5-mil-libros-en-la-la-segunda-feria-del-libro-ecatepec-2026\\\/#respond\"]}]},{\"@type\":\"WebPage\",\"@id\":\"https:\\\/\\\/agencia.252.com.mx\\\/home\\\/regalan-5-mil-libros-en-la-la-segunda-feria-del-libro-ecatepec-2026\\\/\",\"url\":\"https:\\\/\\\/agencia.252.com.mx\\\/home\\\/regalan-5-mil-libros-en-la-la-segunda-feria-del-libro-ecatepec-2026\\\/\",\"name\":\"Regalan 5 mil libros en la Segunda Feria del Libro Ecatepec 2026 - Agencia252\",\"isPartOf\":{\"@id\":\"https:\\\/\\\/agencia.252.com.mx\\\/home\\\/#website\"},\"primaryImageOfPage\":{\"@id\":\"https:\\\/\\\/agencia.252.com.mx\\\/home\\\/regalan-5-mil-libros-en-la-la-segunda-feria-del-libro-ecatepec-2026\\\/#primaryimage\"},\"image\":{\"@id\":\"https:\\\/\\\/agencia.252.com.mx\\\/home\\\/regalan-5-mil-libros-en-la-la-segunda-feria-del-libro-ecatepec-2026\\\/#primaryimage\"},\"thumbnailUrl\":\"https:\\\/\\\/agencia.252.com.mx\\\/wp-content\\\/uploads\\\/2026\\\/04\\\/WhatsApp-Image-2026-04-26-at-12.03.50-PM.jpeg\",\"datePublished\":\"2026-04-26T23:08:27+00:00\",\"dateModified\":\"2026-04-27T00:47:41+00:00\",\"breadcrumb\":{\"@id\":\"https:\\\/\\\/agencia.252.com.mx\\\/home\\\/regalan-5-mil-libros-en-la-la-segunda-feria-del-libro-ecatepec-2026\\\/#breadcrumb\"},\"inLanguage\":\"es\",\"potentialAction\":[{\"@type\":\"ReadAction\",\"target\":[\"https:\\\/\\\/agencia.252.com.mx\\\/home\\\/regalan-5-mil-libros-en-la-la-segunda-feria-del-libro-ecatepec-2026\\\/\"]}]},{\"@type\":\"ImageObject\",\"inLanguage\":\"es\",\"@id\":\"https:\\\/\\\/agencia.252.com.mx\\\/home\\\/regalan-5-mil-libros-en-la-la-segunda-feria-del-libro-ecatepec-2026\\\/#primaryimage\",\"url\":\"https:\\\/\\\/agencia.252.com.mx\\\/wp-content\\\/uploads\\\/2026\\\/04\\\/WhatsApp-Image-2026-04-26-at-12.03.50-PM.jpeg\",\"contentUrl\":\"https:\\\/\\\/agencia.252.com.mx\\\/wp-content\\\/uploads\\\/2026\\\/04\\\/WhatsApp-Image-2026-04-26-at-12.03.50-PM.jpeg\",\"width\":1541,\"height\":1157},{\"@type\":\"BreadcrumbList\",\"@id\":\"https:\\\/\\\/agencia.252.com.mx\\\/home\\\/regalan-5-mil-libros-en-la-la-segunda-feria-del-libro-ecatepec-2026\\\/#breadcrumb\",\"itemListElement\":[{\"@type\":\"ListItem\",\"position\":1,\"name\":\"Portada\",\"item\":\"https:\\\/\\\/agencia.252.com.mx\\\/home\\\/\"},{\"@type\":\"ListItem\",\"position\":2,\"name\":\"Regalan 5 mil libros en la Segunda Feria del Libro Ecatepec 2026\"}]},{\"@type\":\"WebSite\",\"@id\":\"https:\\\/\\\/agencia.252.com.mx\\\/home\\\/#website\",\"url\":\"https:\\\/\\\/agencia.252.com.mx\\\/home\\\/\",\"name\":\"Agencia252\",\"description\":\"Tu espacio en la Red\",\"publisher\":{\"@id\":\"https:\\\/\\\/agencia.252.com.mx\\\/home\\\/#organization\"},\"potentialAction\":[{\"@type\":\"SearchAction\",\"target\":{\"@type\":\"EntryPoint\",\"urlTemplate\":\"https:\\\/\\\/agencia.252.com.mx\\\/home\\\/?s={search_term_string}\"},\"query-input\":{\"@type\":\"PropertyValueSpecification\",\"valueRequired\":true,\"valueName\":\"search_term_string\"}}],\"inLanguage\":\"es\"},{\"@type\":\"Organization\",\"@id\":\"https:\\\/\\\/agencia.252.com.mx\\\/home\\\/#organization\",\"name\":\"Agencia252\",\"url\":\"https:\\\/\\\/agencia.252.com.mx\\\/home\\\/\",\"logo\":{\"@type\":\"ImageObject\",\"inLanguage\":\"es\",\"@id\":\"https:\\\/\\\/agencia.252.com.mx\\\/home\\\/#\\\/schema\\\/logo\\\/image\\\/\",\"url\":\"https:\\\/\\\/agencia.252.com.mx\\\/wp-content\\\/uploads\\\/2023\\\/02\\\/cropped-ciruclo-agencia-e1677562404136.png\",\"contentUrl\":\"https:\\\/\\\/agencia.252.com.mx\\\/wp-content\\\/uploads\\\/2023\\\/02\\\/cropped-ciruclo-agencia-e1677562404136.png\",\"width\":512,\"height\":512,\"caption\":\"Agencia252\"},\"image\":{\"@id\":\"https:\\\/\\\/agencia.252.com.mx\\\/home\\\/#\\\/schema\\\/logo\\\/image\\\/\"},\"sameAs\":[\"https:\\\/\\\/www.facebook.com\\\/252Comunicacion\\\/\",\"https:\\\/\\\/x.com\\\/252COMS\"]},{\"@type\":\"Person\",\"@id\":\"https:\\\/\\\/agencia.252.com.mx\\\/home\\\/#\\\/schema\\\/person\\\/6b972021e9a92d45ade8c78d81509098\",\"name\":\"Nacho Corro\",\"image\":{\"@type\":\"ImageObject\",\"inLanguage\":\"es\",\"@id\":\"https:\\\/\\\/secure.gravatar.com\\\/avatar\\\/5db6df507cfe1307e192fbb498c6b85f1cf2ffd8b4cd37141b9eea588fcbd5a4?s=96&r=g\",\"url\":\"https:\\\/\\\/secure.gravatar.com\\\/avatar\\\/5db6df507cfe1307e192fbb498c6b85f1cf2ffd8b4cd37141b9eea588fcbd5a4?s=96&r=g\",\"contentUrl\":\"https:\\\/\\\/secure.gravatar.com\\\/avatar\\\/5db6df507cfe1307e192fbb498c6b85f1cf2ffd8b4cd37141b9eea588fcbd5a4?s=96&r=g\",\"caption\":\"Nacho Corro\"},\"description\":\"Comunicador Social, Periodista y Administraci\u00f3n P\u00fablica. Conversador pol\u00edtico, temas electorales y seguridad. Generador de contenidos digitales. Amante de la fotograf\u00eda\",\"sameAs\":[\"https:\\\/\\\/www.facebook.com\\\/jcorroherrera\\\/\",\"www.instagram.com\\\/nachocorro\\\/\",\"https:\\\/\\\/x.com\\\/Juan Ignacio Corro Herrera\"],\"url\":\"https:\\\/\\\/agencia.252.com.mx\\\/home\\\/author\\\/i-corro\\\/\"}]}<\/script>\n<!-- \/ Yoast SEO plugin. -->","yoast_head_json":{"title":"Regalan 5 mil libros en la Segunda Feria del Libro Ecatepec 2026 - Agencia252","robots":{"index":"index","follow":"follow","max-snippet":"max-snippet:-1","max-image-preview":"max-image-preview:large","max-video-preview":"max-video-preview:-1"},"canonical":"https:\/\/agencia.252.com.mx\/home\/regalan-5-mil-libros-en-la-la-segunda-feria-del-libro-ecatepec-2026\/","og_locale":"es_ES","og_type":"article","og_title":"Regalan 5 mil libros en la Segunda Feria del Libro Ecatepec 2026 - Agencia252","og_description":"Visitas: 4 Juan Ignacio Corro&nbsp; Ecatepec, Estado de M\u00e9xico, a 26 de abril de 2026 Paco Ignacio Taibo II, director del Fondo de Cultura Econ\u00f3mica (FCE), reconoci\u00f3 a la alcaldesa Azucena Cisneros Coss y al gobierno municipal de Ecatepec, por realizar la Segunda Feria del Libro, que acerc\u00f3 el placer de la lectura a miles [&hellip;]","og_url":"https:\/\/agencia.252.com.mx\/home\/regalan-5-mil-libros-en-la-la-segunda-feria-del-libro-ecatepec-2026\/","og_site_name":"Agencia252","article_publisher":"https:\/\/www.facebook.com\/252Comunicacion\/","article_author":"https:\/\/www.facebook.com\/jcorroherrera\/","article_published_time":"2026-04-26T23:08:27+00:00","article_modified_time":"2026-04-27T00:47:41+00:00","og_image":[{"width":1541,"height":1157,"url":"http:\/\/agencia.252.com.mx\/wp-content\/uploads\/2026\/04\/WhatsApp-Image-2026-04-26-at-12.03.50-PM.jpeg","type":"image\/jpeg"}],"author":"Nacho Corro","twitter_card":"summary_large_image","twitter_creator":"@Juan Ignacio Corro Herrera","twitter_site":"@252COMS","twitter_misc":{"Escrito por":"Nacho Corro","Tiempo de lectura":"3 minutos"},"schema":{"@context":"https:\/\/schema.org","@graph":[{"@type":"Article","@id":"https:\/\/agencia.252.com.mx\/home\/regalan-5-mil-libros-en-la-la-segunda-feria-del-libro-ecatepec-2026\/#article","isPartOf":{"@id":"https:\/\/agencia.252.com.mx\/home\/regalan-5-mil-libros-en-la-la-segunda-feria-del-libro-ecatepec-2026\/"},"author":{"name":"Nacho Corro","@id":"https:\/\/agencia.252.com.mx\/home\/#\/schema\/person\/6b972021e9a92d45ade8c78d81509098"},"headline":"Regalan 5 mil libros en la Segunda Feria del Libro Ecatepec 2026","datePublished":"2026-04-26T23:08:27+00:00","dateModified":"2026-04-27T00:47:41+00:00","mainEntityOfPage":{"@id":"https:\/\/agencia.252.com.mx\/home\/regalan-5-mil-libros-en-la-la-segunda-feria-del-libro-ecatepec-2026\/"},"wordCount":462,"commentCount":0,"publisher":{"@id":"https:\/\/agencia.252.com.mx\/home\/#organization"},"image":{"@id":"https:\/\/agencia.252.com.mx\/home\/regalan-5-mil-libros-en-la-la-segunda-feria-del-libro-ecatepec-2026\/#primaryimage"},"thumbnailUrl":"https:\/\/agencia.252.com.mx\/wp-content\/uploads\/2026\/04\/WhatsApp-Image-2026-04-26-at-12.03.50-PM.jpeg","keywords":["Edomex"],"articleSection":["Cultura","Ecatepec","Edomex","Seguridad"],"inLanguage":"es","potentialAction":[{"@type":"CommentAction","name":"Comment","target":["https:\/\/agencia.252.com.mx\/home\/regalan-5-mil-libros-en-la-la-segunda-feria-del-libro-ecatepec-2026\/#respond"]}]},{"@type":"WebPage","@id":"https:\/\/agencia.252.com.mx\/home\/regalan-5-mil-libros-en-la-la-segunda-feria-del-libro-ecatepec-2026\/","url":"https:\/\/agencia.252.com.mx\/home\/regalan-5-mil-libros-en-la-la-segunda-feria-del-libro-ecatepec-2026\/","name":"Regalan 5 mil libros en la Segunda Feria del Libro Ecatepec 2026 - Agencia252","isPartOf":{"@id":"https:\/\/agencia.252.com.mx\/home\/#website"},"primaryImageOfPage":{"@id":"https:\/\/agencia.252.com.mx\/home\/regalan-5-mil-libros-en-la-la-segunda-feria-del-libro-ecatepec-2026\/#primaryimage"},"image":{"@id":"https:\/\/agencia.252.com.mx\/home\/regalan-5-mil-libros-en-la-la-segunda-feria-del-libro-ecatepec-2026\/#primaryimage"},"thumbnailUrl":"https:\/\/agencia.252.com.mx\/wp-content\/uploads\/2026\/04\/WhatsApp-Image-2026-04-26-at-12.03.50-PM.jpeg","datePublished":"2026-04-26T23:08:27+00:00","dateModified":"2026-04-27T00:47:41+00:00","breadcrumb":{"@id":"https:\/\/agencia.252.com.mx\/home\/regalan-5-mil-libros-en-la-la-segunda-feria-del-libro-ecatepec-2026\/#breadcrumb"},"inLanguage":"es","potentialAction":[{"@type":"ReadAction","target":["https:\/\/agencia.252.com.mx\/home\/regalan-5-mil-libros-en-la-la-segunda-feria-del-libro-ecatepec-2026\/"]}]},{"@type":"ImageObject","inLanguage":"es","@id":"https:\/\/agencia.252.com.mx\/home\/regalan-5-mil-libros-en-la-la-segunda-feria-del-libro-ecatepec-2026\/#primaryimage","url":"https:\/\/agencia.252.com.mx\/wp-content\/uploads\/2026\/04\/WhatsApp-Image-2026-04-26-at-12.03.50-PM.jpeg","contentUrl":"https:\/\/agencia.252.com.mx\/wp-content\/uploads\/2026\/04\/WhatsApp-Image-2026-04-26-at-12.03.50-PM.jpeg","width":1541,"height":1157},{"@type":"BreadcrumbList","@id":"https:\/\/agencia.252.com.mx\/home\/regalan-5-mil-libros-en-la-la-segunda-feria-del-libro-ecatepec-2026\/#breadcrumb","itemListElement":[{"@type":"ListItem","position":1,"name":"Portada","item":"https:\/\/agencia.252.com.mx\/home\/"},{"@type":"ListItem","position":2,"name":"Regalan 5 mil libros en la Segunda Feria del Libro Ecatepec 2026"}]},{"@type":"WebSite","@id":"https:\/\/agencia.252.com.mx\/home\/#website","url":"https:\/\/agencia.252.com.mx\/home\/","name":"Agencia252","description":"Tu espacio en la Red","publisher":{"@id":"https:\/\/agencia.252.com.mx\/home\/#organization"},"potentialAction":[{"@type":"SearchAction","target":{"@type":"EntryPoint","urlTemplate":"https:\/\/agencia.252.com.mx\/home\/?s={search_term_string}"},"query-input":{"@type":"PropertyValueSpecification","valueRequired":true,"valueName":"search_term_string"}}],"inLanguage":"es"},{"@type":"Organization","@id":"https:\/\/agencia.252.com.mx\/home\/#organization","name":"Agencia252","url":"https:\/\/agencia.252.com.mx\/home\/","logo":{"@type":"ImageObject","inLanguage":"es","@id":"https:\/\/agencia.252.com.mx\/home\/#\/schema\/logo\/image\/","url":"https:\/\/agencia.252.com.mx\/wp-content\/uploads\/2023\/02\/cropped-ciruclo-agencia-e1677562404136.png","contentUrl":"https:\/\/agencia.252.com.mx\/wp-content\/uploads\/2023\/02\/cropped-ciruclo-agencia-e1677562404136.png","width":512,"height":512,"caption":"Agencia252"},"image":{"@id":"https:\/\/agencia.252.com.mx\/home\/#\/schema\/logo\/image\/"},"sameAs":["https:\/\/www.facebook.com\/252Comunicacion\/","https:\/\/x.com\/252COMS"]},{"@type":"Person","@id":"https:\/\/agencia.252.com.mx\/home\/#\/schema\/person\/6b972021e9a92d45ade8c78d81509098","name":"Nacho Corro","image":{"@type":"ImageObject","inLanguage":"es","@id":"https:\/\/secure.gravatar.com\/avatar\/5db6df507cfe1307e192fbb498c6b85f1cf2ffd8b4cd37141b9eea588fcbd5a4?s=96&r=g","url":"https:\/\/secure.gravatar.com\/avatar\/5db6df507cfe1307e192fbb498c6b85f1cf2ffd8b4cd37141b9eea588fcbd5a4?s=96&r=g","contentUrl":"https:\/\/secure.gravatar.com\/avatar\/5db6df507cfe1307e192fbb498c6b85f1cf2ffd8b4cd37141b9eea588fcbd5a4?s=96&r=g","caption":"Nacho Corro"},"description":"Comunicador Social, Periodista y Administraci\u00f3n P\u00fablica. Conversador pol\u00edtico, temas electorales y seguridad. Generador de contenidos digitales. Amante de la fotograf\u00eda","sameAs":["https:\/\/www.facebook.com\/jcorroherrera\/","www.instagram.com\/nachocorro\/","https:\/\/x.com\/Juan Ignacio Corro Herrera"],"url":"https:\/\/agencia.252.com.mx\/home\/author\/i-corro\/"}]}},"_links":{"self":[{"href":"https:\/\/agencia.252.com.mx\/home\/wp-json\/wp\/v2\/posts\/18743","targetHints":{"allow":["GET"]}}],"collection":[{"href":"https:\/\/agencia.252.com.mx\/home\/wp-json\/wp\/v2\/posts"}],"about":[{"href":"https:\/\/agencia.252.com.mx\/home\/wp-json\/wp\/v2\/types\/post"}],"author":[{"embeddable":true,"href":"https:\/\/agencia.252.com.mx\/home\/wp-json\/wp\/v2\/users\/5"}],"replies":[{"embeddable":true,"href":"https:\/\/agencia.252.com.mx\/home\/wp-json\/wp\/v2\/comments?post=18743"}],"version-history":[{"count":4,"href":"https:\/\/agencia.252.com.mx\/home\/wp-json\/wp\/v2\/posts\/18743\/revisions"}],"predecessor-version":[{"id":18749,"href":"https:\/\/agencia.252.com.mx\/home\/wp-json\/wp\/v2\/posts\/18743\/revisions\/18749"}],"wp:featuredmedia":[{"embeddable":true,"href":"https:\/\/agencia.252.com.mx\/home\/wp-json\/wp\/v2\/media\/18744"}],"wp:attachment":[{"href":"https:\/\/agencia.252.com.mx\/home\/wp-json\/wp\/v2\/media?parent=18743"}],"wp:term":[{"taxonomy":"category","embeddable":true,"href":"https:\/\/agencia.252.com.mx\/home\/wp-json\/wp\/v2\/categories?post=18743"},{"taxonomy":"post_tag","embeddable":true,"href":"https:\/\/agencia.252.com.mx\/home\/wp-json\/wp\/v2\/tags?post=18743"}],"curies":[{"name":"wp","href":"https:\/\/api.w.org\/{rel}","templated":true}]}}