{"id":18734,"date":"2026-04-26T13:51:38","date_gmt":"2026-04-26T19:51:38","guid":{"rendered":"https:\/\/agencia.252.com.mx\/home\/?p=18734"},"modified":"2026-04-26T13:51:41","modified_gmt":"2026-04-26T19:51:41","slug":"mexiquenses-con-miedo-a-denunciar-la-extorsion","status":"publish","type":"post","link":"https:\/\/agencia.252.com.mx\/home\/mexiquenses-con-miedo-a-denunciar-la-extorsion\/","title":{"rendered":"Mexiquenses con miedo a denunciar la extorsi\u00f3n"},"content":{"rendered":"<p>Visitas: 0<\/p>\n<ul class=\"wp-block-list\">\n<li><em>Plantean fortalecer la Fiscal\u00eda Especializada en la Atenci\u00f3n de Delitos de Extorsi\u00f3n, incorporando nuevos mecanismos para atender ese il\u00edcito.<\/em><\/li>\n\n\n\n<li><em>Proponen la especializaci\u00f3n y profesionalizaci\u00f3n del personal de investigaci\u00f3n, establecer unidades de inteligencia financiera, coordinaci\u00f3n institucional, protocolos de actuaci\u00f3n, atenci\u00f3n integral a v\u00edctimas, denuncia segura, indicadores de desempe\u00f1o y mecanismos digitales.<\/em><\/li>\n<\/ul>\n\n\n\n<p>Juan Ignacio Corro&nbsp;<\/p>\n\n\n\n<p class=\"has-text-align-right\">Toluca, Estado de M\u00e9xico, a 26 de abril de 2026<\/p>\n\n\n\n<p>En el Congreso del Estado de Mexico se observ\u00f3 la necesidad de la especializaci\u00f3n y profesionalizaci\u00f3n del personal de investigaci\u00f3n la Fiscal\u00eda Especializada en la Atenci\u00f3n de Delitos de Extorsi\u00f3n, al advertir que en la entidad muchas v\u00edctimas no denuncian por miedo o desconfianza.&nbsp;<\/p>\n\n\n\n<p>De acuerdo con la bancada del PAN en la Congreso mexiquense muchos delitos no se investigan con la profundidad necesaria y muchas familias siguen enfrentando solas este problema, por lo que urge&nbsp;&nbsp;establecer unidades de inteligencia financiera, coordinaci\u00f3n institucional, protocolos de actuaci\u00f3n, atenci\u00f3n integral a v\u00edctimas, denuncia segura, indicadores de desempe\u00f1o y mecanismos digitales.<\/p>\n\n\n\n<p>La iniciativa de la parlamentaria Emma Laura Alvarez Villavicencio y del parlamentario Pablo Fern\u00e1ndez de Cevallos Gonz\u00e1lez, integrante y coordinador de la bancada del PAN, busca hacer frente a ese il\u00edcito que, de acuerdo con el Secretariado Ejecutivo del Sistema Nacional de Seguridad P\u00fablica, registr\u00f3 231 denuncias en el Estado de M\u00e9xico durante el primer bimestre de 2026, de las cuales 206 fueron cometidas por medios no presenciales.<\/p>\n\n\n\n<p>Durante la sesi\u00f3n deliberante del Congreso mexiquense, la proponente expres\u00f3 que la iniciativa es un llamado a la acci\u00f3n a las autoridades encargadas de la procuraci\u00f3n de justicia para que los esfuerzos no se queden en el marco normativo, sino que se traduzcan en resultados concretos para la ciudadan\u00eda.<\/p>\n\n\n\n<p>se\u00f1al\u00f3.<\/p>\n\n\n\n<p>La propuesta para modificar la Ley para Prevenir, Atender y Combatir los Delitos en Materia de Extorsi\u00f3n y Delitos Vinculados del Estado de M\u00e9xico, menciona que, para la investigaci\u00f3n de las conductas delictivas previstas en la Ley General (de tipo penal de extorsi\u00f3n y sus modalidades vinculadas), la Fiscal\u00eda General de Justicia del Estado de M\u00e9xico (FGJEM) contar\u00e1 con fiscal\u00edas especializadas, unidades, ministerios p\u00fablicos, polic\u00edas y analistas capacitados, evaluados, certificados y especializados en materia de extorsi\u00f3n.<\/p>\n\n\n\n<p>Adem\u00e1s de contar con unidades especializadas de inteligencia financiera para la identificaci\u00f3n, an\u00e1lisis y seguimiento de recursos de procedencia il\u00edcita vinculados al delito de extorsi\u00f3n; establecer mecanismos de coordinaci\u00f3n con instituciones financieras y autoridades competentes para la detecci\u00f3n y bloqueo de operaciones relacionadas con este delito; implementar modelos de investigaci\u00f3n basados en an\u00e1lisis de patrones delictivos y uso de tecnolog\u00edas de informaci\u00f3n.<\/p>\n\n\n\n<p>Tambi\u00e9n prev\u00e9 garantizar la atenci\u00f3n integral a v\u00edctimas, incluyendo asesor\u00eda jur\u00eddica, atenci\u00f3n psicol\u00f3gica y medidas de protecci\u00f3n inmediata; establecer protocolos de actuaci\u00f3n obligatorios para la investigaci\u00f3n del delito de extorsi\u00f3n, y publicar de manera trimestral indicadores de desempe\u00f1o, incluyendo n\u00famero de denuncias, carpetas iniciadas, judicializaci\u00f3n y sentencias obtenidas.<\/p>\n\n\n\n<p>De igual forma, la FGJEM deber\u00e1 aplicar un sistema de evaluaci\u00f3n y seguimiento del desempe\u00f1o de las unidades especializadas en materia de extorsi\u00f3n, el cual deber\u00e1 contemplar: indicadores cuantificables de eficacia en la investigaci\u00f3n, evaluaciones peri\u00f3dicas del personal, mecanismos de mejora continua e informes p\u00fablicos anuales de resultados.<\/p>\n\n\n\n<p>A\u00f1ade que el Centro Estatal de Atenci\u00f3n a Denuncias \u2014dependiente de la Secretar\u00eda de Seguridad estatal\u2014 deber\u00e1 coordinarse de manera inmediata con la Fiscal\u00eda estatal para la atenci\u00f3n de los casos, garantizando respuesta inmediata, protecci\u00f3n de identidad de las v\u00edctimas, canalizaci\u00f3n directa a unidades especializadas y seguimiento puntual de cada caso.<\/p>\n\n\n\n<p>En tanto, la Estrategia Estatal para Prevenir y Combatir el Delito de Extorsi\u00f3n y Delitos Vinculados contemplar\u00e1 un diagn\u00f3stico que refleje la situaci\u00f3n actual del delito de extorsi\u00f3n dentro del contexto social y territorial en el Estado, incluyendo indicadores espec\u00edficos relacionados con el desempe\u00f1o de la Fiscal\u00eda en materia de combate a la extorsi\u00f3n, as\u00ed como metas anuales verificables, con el fin de visibilizar las formas de comisi\u00f3n del delito de extorsi\u00f3n, y focalizar las acciones necesarias para prevenir e investigar este delito.<\/p>\n\n\n\n<p>Mientras que los art\u00edculos transitorios se\u00f1alan que la FGJEM adecuar\u00e1 su estructura interna en un plazo no mayor a 90 d\u00edas naturales y emitir\u00e1 los protocolos correspondientes dentro de los 120 d\u00edas naturales siguientes; asimismo, las erogaciones que se generen con motivo de la entrada en vigor del presente decreto se cubrir\u00e1n con los recursos aprobados en el presupuesto vigente.<\/p>\n\n\n\n<p>De acuerdo con el documento, la extorsi\u00f3n afecta no solo el patrimonio, sino tambi\u00e9n la tranquilidad, la libertad y la dignidad de las personas, adem\u00e1s de impactar directamente en las unidades econ\u00f3micas y debilitar el desarrollo productivo. Adem\u00e1s, indica que la entidad concentra el mayor n\u00famero de denuncias por extorsi\u00f3n.<\/p>\n","protected":false},"excerpt":{"rendered":"<p>Visitas: 0 Juan Ignacio Corro&nbsp; Toluca, Estado de M\u00e9xico, a 26 de abril de 2026 En el Congreso del Estado de Mexico se observ\u00f3 la necesidad de la especializaci\u00f3n y profesionalizaci\u00f3n del personal de investigaci\u00f3n la Fiscal\u00eda Especializada en la Atenci\u00f3n de Delitos de Extorsi\u00f3n, al advertir que en la entidad muchas v\u00edctimas no denuncian [&hellip;]<\/p>\n","protected":false},"author":5,"featured_media":18735,"comment_status":"open","ping_status":"open","sticky":false,"template":"","format":"standard","meta":{"site-sidebar-layout":"default","site-content-layout":"","ast-site-content-layout":"default","site-content-style":"default","site-sidebar-style":"default","ast-global-header-display":"","ast-banner-title-visibility":"","ast-main-header-display":"","ast-hfb-above-header-display":"","ast-hfb-below-header-display":"","ast-hfb-mobile-header-display":"","site-post-title":"","ast-breadcrumbs-content":"","ast-featured-img":"","footer-sml-layout":"","ast-disable-related-posts":"","theme-transparent-header-meta":"","adv-header-id-meta":"","stick-header-meta":"","header-above-stick-meta":"","header-main-stick-meta":"","header-below-stick-meta":"","astra-migrate-meta-layouts":"set","ast-page-background-enabled":"default","ast-page-background-meta":{"desktop":{"background-color":"var(--ast-global-color-4)","background-image":"","background-repeat":"repeat","background-position":"center center","background-size":"auto","background-attachment":"scroll","background-type":"","background-media":"","overlay-type":"","overlay-color":"","overlay-opacity":"","overlay-gradient":""},"tablet":{"background-color":"","background-image":"","background-repeat":"repeat","background-position":"center center","background-size":"auto","background-attachment":"scroll","background-type":"","background-media":"","overlay-type":"","overlay-color":"","overlay-opacity":"","overlay-gradient":""},"mobile":{"background-color":"","background-image":"","background-repeat":"repeat","background-position":"center center","background-size":"auto","background-attachment":"scroll","background-type":"","background-media":"","overlay-type":"","overlay-color":"","overlay-opacity":"","overlay-gradient":""}},"ast-content-background-meta":{"desktop":{"background-color":"var(--ast-global-color-5)","background-image":"","background-repeat":"repeat","background-position":"center center","background-size":"auto","background-attachment":"scroll","background-type":"","background-media":"","overlay-type":"","overlay-color":"","overlay-opacity":"","overlay-gradient":""},"tablet":{"background-color":"var(--ast-global-color-5)","background-image":"","background-repeat":"repeat","background-position":"center center","background-size":"auto","background-attachment":"scroll","background-type":"","background-media":"","overlay-type":"","overlay-color":"","overlay-opacity":"","overlay-gradient":""},"mobile":{"background-color":"var(--ast-global-color-5)","background-image":"","background-repeat":"repeat","background-position":"center center","background-size":"auto","background-attachment":"scroll","background-type":"","background-media":"","overlay-type":"","overlay-color":"","overlay-opacity":"","overlay-gradient":""}},"footnotes":""},"categories":[94,8,95,68],"tags":[526],"class_list":["post-18734","post","type-post","status-publish","format-standard","has-post-thumbnail","hentry","category-congreso-edomex","category-edomex","category-extorsion","category-seguridad","tag-edomex"],"yoast_head":"<!-- This site is optimized with the Yoast SEO plugin v27.4 - https:\/\/yoast.com\/product\/yoast-seo-wordpress\/ -->\n<title>Mexiquenses con miedo a denunciar la extorsi\u00f3n - Agencia252<\/title>\n<meta name=\"robots\" content=\"index, follow, max-snippet:-1, max-image-preview:large, max-video-preview:-1\" \/>\n<link rel=\"canonical\" href=\"https:\/\/agencia.252.com.mx\/home\/mexiquenses-con-miedo-a-denunciar-la-extorsion\/\" \/>\n<meta property=\"og:locale\" content=\"es_ES\" \/>\n<meta property=\"og:type\" content=\"article\" \/>\n<meta property=\"og:title\" content=\"Mexiquenses con miedo a denunciar la extorsi\u00f3n - Agencia252\" \/>\n<meta property=\"og:description\" content=\"Visitas: 0 Juan Ignacio Corro&nbsp; Toluca, Estado de M\u00e9xico, a 26 de abril de 2026 En el Congreso del Estado de Mexico se observ\u00f3 la necesidad de la especializaci\u00f3n y profesionalizaci\u00f3n del personal de investigaci\u00f3n la Fiscal\u00eda Especializada en la Atenci\u00f3n de Delitos de Extorsi\u00f3n, al advertir que en la entidad muchas v\u00edctimas no denuncian [&hellip;]\" \/>\n<meta property=\"og:url\" content=\"https:\/\/agencia.252.com.mx\/home\/mexiquenses-con-miedo-a-denunciar-la-extorsion\/\" \/>\n<meta property=\"og:site_name\" content=\"Agencia252\" \/>\n<meta property=\"article:publisher\" content=\"https:\/\/www.facebook.com\/252Comunicacion\/\" \/>\n<meta property=\"article:author\" content=\"https:\/\/www.facebook.com\/jcorroherrera\/\" \/>\n<meta property=\"article:published_time\" content=\"2026-04-26T19:51:38+00:00\" \/>\n<meta property=\"article:modified_time\" content=\"2026-04-26T19:51:41+00:00\" \/>\n<meta property=\"og:image\" content=\"http:\/\/agencia.252.com.mx\/wp-content\/uploads\/2026\/04\/WhatsApp-Image-2026-04-26-at-11.29.27-AM.jpeg\" \/>\n\t<meta property=\"og:image:width\" content=\"1280\" \/>\n\t<meta property=\"og:image:height\" content=\"854\" \/>\n\t<meta property=\"og:image:type\" content=\"image\/jpeg\" \/>\n<meta name=\"author\" content=\"Nacho Corro\" \/>\n<meta name=\"twitter:card\" content=\"summary_large_image\" \/>\n<meta name=\"twitter:creator\" content=\"@Juan Ignacio Corro Herrera\" \/>\n<meta name=\"twitter:site\" content=\"@252COMS\" \/>\n<meta name=\"twitter:label1\" content=\"Escrito por\" \/>\n\t<meta name=\"twitter:data1\" content=\"Nacho Corro\" \/>\n\t<meta name=\"twitter:label2\" content=\"Tiempo de lectura\" \/>\n\t<meta name=\"twitter:data2\" content=\"4 minutos\" \/>\n<script type=\"application\/ld+json\" class=\"yoast-schema-graph\">{\"@context\":\"https:\\\/\\\/schema.org\",\"@graph\":[{\"@type\":\"Article\",\"@id\":\"https:\\\/\\\/agencia.252.com.mx\\\/home\\\/mexiquenses-con-miedo-a-denunciar-la-extorsion\\\/#article\",\"isPartOf\":{\"@id\":\"https:\\\/\\\/agencia.252.com.mx\\\/home\\\/mexiquenses-con-miedo-a-denunciar-la-extorsion\\\/\"},\"author\":{\"name\":\"Nacho Corro\",\"@id\":\"https:\\\/\\\/agencia.252.com.mx\\\/home\\\/#\\\/schema\\\/person\\\/6b972021e9a92d45ade8c78d81509098\"},\"headline\":\"Mexiquenses con miedo a denunciar la extorsi\u00f3n\",\"datePublished\":\"2026-04-26T19:51:38+00:00\",\"dateModified\":\"2026-04-26T19:51:41+00:00\",\"mainEntityOfPage\":{\"@id\":\"https:\\\/\\\/agencia.252.com.mx\\\/home\\\/mexiquenses-con-miedo-a-denunciar-la-extorsion\\\/\"},\"wordCount\":868,\"commentCount\":0,\"publisher\":{\"@id\":\"https:\\\/\\\/agencia.252.com.mx\\\/home\\\/#organization\"},\"image\":{\"@id\":\"https:\\\/\\\/agencia.252.com.mx\\\/home\\\/mexiquenses-con-miedo-a-denunciar-la-extorsion\\\/#primaryimage\"},\"thumbnailUrl\":\"https:\\\/\\\/agencia.252.com.mx\\\/wp-content\\\/uploads\\\/2026\\\/04\\\/WhatsApp-Image-2026-04-26-at-11.29.27-AM.jpeg\",\"keywords\":[\"Edomex\"],\"articleSection\":[\"Congreso Edomex\",\"Edomex\",\"Extorsi\u00f3n\",\"Seguridad\"],\"inLanguage\":\"es\",\"potentialAction\":[{\"@type\":\"CommentAction\",\"name\":\"Comment\",\"target\":[\"https:\\\/\\\/agencia.252.com.mx\\\/home\\\/mexiquenses-con-miedo-a-denunciar-la-extorsion\\\/#respond\"]}]},{\"@type\":\"WebPage\",\"@id\":\"https:\\\/\\\/agencia.252.com.mx\\\/home\\\/mexiquenses-con-miedo-a-denunciar-la-extorsion\\\/\",\"url\":\"https:\\\/\\\/agencia.252.com.mx\\\/home\\\/mexiquenses-con-miedo-a-denunciar-la-extorsion\\\/\",\"name\":\"Mexiquenses con miedo a denunciar la extorsi\u00f3n - Agencia252\",\"isPartOf\":{\"@id\":\"https:\\\/\\\/agencia.252.com.mx\\\/home\\\/#website\"},\"primaryImageOfPage\":{\"@id\":\"https:\\\/\\\/agencia.252.com.mx\\\/home\\\/mexiquenses-con-miedo-a-denunciar-la-extorsion\\\/#primaryimage\"},\"image\":{\"@id\":\"https:\\\/\\\/agencia.252.com.mx\\\/home\\\/mexiquenses-con-miedo-a-denunciar-la-extorsion\\\/#primaryimage\"},\"thumbnailUrl\":\"https:\\\/\\\/agencia.252.com.mx\\\/wp-content\\\/uploads\\\/2026\\\/04\\\/WhatsApp-Image-2026-04-26-at-11.29.27-AM.jpeg\",\"datePublished\":\"2026-04-26T19:51:38+00:00\",\"dateModified\":\"2026-04-26T19:51:41+00:00\",\"breadcrumb\":{\"@id\":\"https:\\\/\\\/agencia.252.com.mx\\\/home\\\/mexiquenses-con-miedo-a-denunciar-la-extorsion\\\/#breadcrumb\"},\"inLanguage\":\"es\",\"potentialAction\":[{\"@type\":\"ReadAction\",\"target\":[\"https:\\\/\\\/agencia.252.com.mx\\\/home\\\/mexiquenses-con-miedo-a-denunciar-la-extorsion\\\/\"]}]},{\"@type\":\"ImageObject\",\"inLanguage\":\"es\",\"@id\":\"https:\\\/\\\/agencia.252.com.mx\\\/home\\\/mexiquenses-con-miedo-a-denunciar-la-extorsion\\\/#primaryimage\",\"url\":\"https:\\\/\\\/agencia.252.com.mx\\\/wp-content\\\/uploads\\\/2026\\\/04\\\/WhatsApp-Image-2026-04-26-at-11.29.27-AM.jpeg\",\"contentUrl\":\"https:\\\/\\\/agencia.252.com.mx\\\/wp-content\\\/uploads\\\/2026\\\/04\\\/WhatsApp-Image-2026-04-26-at-11.29.27-AM.jpeg\",\"width\":1280,\"height\":854},{\"@type\":\"BreadcrumbList\",\"@id\":\"https:\\\/\\\/agencia.252.com.mx\\\/home\\\/mexiquenses-con-miedo-a-denunciar-la-extorsion\\\/#breadcrumb\",\"itemListElement\":[{\"@type\":\"ListItem\",\"position\":1,\"name\":\"Portada\",\"item\":\"https:\\\/\\\/agencia.252.com.mx\\\/home\\\/\"},{\"@type\":\"ListItem\",\"position\":2,\"name\":\"Mexiquenses con miedo a denunciar la extorsi\u00f3n\"}]},{\"@type\":\"WebSite\",\"@id\":\"https:\\\/\\\/agencia.252.com.mx\\\/home\\\/#website\",\"url\":\"https:\\\/\\\/agencia.252.com.mx\\\/home\\\/\",\"name\":\"Agencia252\",\"description\":\"Tu espacio en la Red\",\"publisher\":{\"@id\":\"https:\\\/\\\/agencia.252.com.mx\\\/home\\\/#organization\"},\"potentialAction\":[{\"@type\":\"SearchAction\",\"target\":{\"@type\":\"EntryPoint\",\"urlTemplate\":\"https:\\\/\\\/agencia.252.com.mx\\\/home\\\/?s={search_term_string}\"},\"query-input\":{\"@type\":\"PropertyValueSpecification\",\"valueRequired\":true,\"valueName\":\"search_term_string\"}}],\"inLanguage\":\"es\"},{\"@type\":\"Organization\",\"@id\":\"https:\\\/\\\/agencia.252.com.mx\\\/home\\\/#organization\",\"name\":\"Agencia252\",\"url\":\"https:\\\/\\\/agencia.252.com.mx\\\/home\\\/\",\"logo\":{\"@type\":\"ImageObject\",\"inLanguage\":\"es\",\"@id\":\"https:\\\/\\\/agencia.252.com.mx\\\/home\\\/#\\\/schema\\\/logo\\\/image\\\/\",\"url\":\"https:\\\/\\\/agencia.252.com.mx\\\/wp-content\\\/uploads\\\/2023\\\/02\\\/cropped-ciruclo-agencia-e1677562404136.png\",\"contentUrl\":\"https:\\\/\\\/agencia.252.com.mx\\\/wp-content\\\/uploads\\\/2023\\\/02\\\/cropped-ciruclo-agencia-e1677562404136.png\",\"width\":512,\"height\":512,\"caption\":\"Agencia252\"},\"image\":{\"@id\":\"https:\\\/\\\/agencia.252.com.mx\\\/home\\\/#\\\/schema\\\/logo\\\/image\\\/\"},\"sameAs\":[\"https:\\\/\\\/www.facebook.com\\\/252Comunicacion\\\/\",\"https:\\\/\\\/x.com\\\/252COMS\"]},{\"@type\":\"Person\",\"@id\":\"https:\\\/\\\/agencia.252.com.mx\\\/home\\\/#\\\/schema\\\/person\\\/6b972021e9a92d45ade8c78d81509098\",\"name\":\"Nacho Corro\",\"image\":{\"@type\":\"ImageObject\",\"inLanguage\":\"es\",\"@id\":\"https:\\\/\\\/secure.gravatar.com\\\/avatar\\\/5db6df507cfe1307e192fbb498c6b85f1cf2ffd8b4cd37141b9eea588fcbd5a4?s=96&r=g\",\"url\":\"https:\\\/\\\/secure.gravatar.com\\\/avatar\\\/5db6df507cfe1307e192fbb498c6b85f1cf2ffd8b4cd37141b9eea588fcbd5a4?s=96&r=g\",\"contentUrl\":\"https:\\\/\\\/secure.gravatar.com\\\/avatar\\\/5db6df507cfe1307e192fbb498c6b85f1cf2ffd8b4cd37141b9eea588fcbd5a4?s=96&r=g\",\"caption\":\"Nacho Corro\"},\"description\":\"Comunicador Social, Periodista y Administraci\u00f3n P\u00fablica. Conversador pol\u00edtico, temas electorales y seguridad. Generador de contenidos digitales. Amante de la fotograf\u00eda\",\"sameAs\":[\"https:\\\/\\\/www.facebook.com\\\/jcorroherrera\\\/\",\"www.instagram.com\\\/nachocorro\\\/\",\"https:\\\/\\\/x.com\\\/Juan Ignacio Corro Herrera\"],\"url\":\"https:\\\/\\\/agencia.252.com.mx\\\/home\\\/author\\\/i-corro\\\/\"}]}<\/script>\n<!-- \/ Yoast SEO plugin. -->","yoast_head_json":{"title":"Mexiquenses con miedo a denunciar la extorsi\u00f3n - Agencia252","robots":{"index":"index","follow":"follow","max-snippet":"max-snippet:-1","max-image-preview":"max-image-preview:large","max-video-preview":"max-video-preview:-1"},"canonical":"https:\/\/agencia.252.com.mx\/home\/mexiquenses-con-miedo-a-denunciar-la-extorsion\/","og_locale":"es_ES","og_type":"article","og_title":"Mexiquenses con miedo a denunciar la extorsi\u00f3n - Agencia252","og_description":"Visitas: 0 Juan Ignacio Corro&nbsp; Toluca, Estado de M\u00e9xico, a 26 de abril de 2026 En el Congreso del Estado de Mexico se observ\u00f3 la necesidad de la especializaci\u00f3n y profesionalizaci\u00f3n del personal de investigaci\u00f3n la Fiscal\u00eda Especializada en la Atenci\u00f3n de Delitos de Extorsi\u00f3n, al advertir que en la entidad muchas v\u00edctimas no denuncian [&hellip;]","og_url":"https:\/\/agencia.252.com.mx\/home\/mexiquenses-con-miedo-a-denunciar-la-extorsion\/","og_site_name":"Agencia252","article_publisher":"https:\/\/www.facebook.com\/252Comunicacion\/","article_author":"https:\/\/www.facebook.com\/jcorroherrera\/","article_published_time":"2026-04-26T19:51:38+00:00","article_modified_time":"2026-04-26T19:51:41+00:00","og_image":[{"width":1280,"height":854,"url":"http:\/\/agencia.252.com.mx\/wp-content\/uploads\/2026\/04\/WhatsApp-Image-2026-04-26-at-11.29.27-AM.jpeg","type":"image\/jpeg"}],"author":"Nacho Corro","twitter_card":"summary_large_image","twitter_creator":"@Juan Ignacio Corro Herrera","twitter_site":"@252COMS","twitter_misc":{"Escrito por":"Nacho Corro","Tiempo de lectura":"4 minutos"},"schema":{"@context":"https:\/\/schema.org","@graph":[{"@type":"Article","@id":"https:\/\/agencia.252.com.mx\/home\/mexiquenses-con-miedo-a-denunciar-la-extorsion\/#article","isPartOf":{"@id":"https:\/\/agencia.252.com.mx\/home\/mexiquenses-con-miedo-a-denunciar-la-extorsion\/"},"author":{"name":"Nacho Corro","@id":"https:\/\/agencia.252.com.mx\/home\/#\/schema\/person\/6b972021e9a92d45ade8c78d81509098"},"headline":"Mexiquenses con miedo a denunciar la extorsi\u00f3n","datePublished":"2026-04-26T19:51:38+00:00","dateModified":"2026-04-26T19:51:41+00:00","mainEntityOfPage":{"@id":"https:\/\/agencia.252.com.mx\/home\/mexiquenses-con-miedo-a-denunciar-la-extorsion\/"},"wordCount":868,"commentCount":0,"publisher":{"@id":"https:\/\/agencia.252.com.mx\/home\/#organization"},"image":{"@id":"https:\/\/agencia.252.com.mx\/home\/mexiquenses-con-miedo-a-denunciar-la-extorsion\/#primaryimage"},"thumbnailUrl":"https:\/\/agencia.252.com.mx\/wp-content\/uploads\/2026\/04\/WhatsApp-Image-2026-04-26-at-11.29.27-AM.jpeg","keywords":["Edomex"],"articleSection":["Congreso Edomex","Edomex","Extorsi\u00f3n","Seguridad"],"inLanguage":"es","potentialAction":[{"@type":"CommentAction","name":"Comment","target":["https:\/\/agencia.252.com.mx\/home\/mexiquenses-con-miedo-a-denunciar-la-extorsion\/#respond"]}]},{"@type":"WebPage","@id":"https:\/\/agencia.252.com.mx\/home\/mexiquenses-con-miedo-a-denunciar-la-extorsion\/","url":"https:\/\/agencia.252.com.mx\/home\/mexiquenses-con-miedo-a-denunciar-la-extorsion\/","name":"Mexiquenses con miedo a denunciar la extorsi\u00f3n - Agencia252","isPartOf":{"@id":"https:\/\/agencia.252.com.mx\/home\/#website"},"primaryImageOfPage":{"@id":"https:\/\/agencia.252.com.mx\/home\/mexiquenses-con-miedo-a-denunciar-la-extorsion\/#primaryimage"},"image":{"@id":"https:\/\/agencia.252.com.mx\/home\/mexiquenses-con-miedo-a-denunciar-la-extorsion\/#primaryimage"},"thumbnailUrl":"https:\/\/agencia.252.com.mx\/wp-content\/uploads\/2026\/04\/WhatsApp-Image-2026-04-26-at-11.29.27-AM.jpeg","datePublished":"2026-04-26T19:51:38+00:00","dateModified":"2026-04-26T19:51:41+00:00","breadcrumb":{"@id":"https:\/\/agencia.252.com.mx\/home\/mexiquenses-con-miedo-a-denunciar-la-extorsion\/#breadcrumb"},"inLanguage":"es","potentialAction":[{"@type":"ReadAction","target":["https:\/\/agencia.252.com.mx\/home\/mexiquenses-con-miedo-a-denunciar-la-extorsion\/"]}]},{"@type":"ImageObject","inLanguage":"es","@id":"https:\/\/agencia.252.com.mx\/home\/mexiquenses-con-miedo-a-denunciar-la-extorsion\/#primaryimage","url":"https:\/\/agencia.252.com.mx\/wp-content\/uploads\/2026\/04\/WhatsApp-Image-2026-04-26-at-11.29.27-AM.jpeg","contentUrl":"https:\/\/agencia.252.com.mx\/wp-content\/uploads\/2026\/04\/WhatsApp-Image-2026-04-26-at-11.29.27-AM.jpeg","width":1280,"height":854},{"@type":"BreadcrumbList","@id":"https:\/\/agencia.252.com.mx\/home\/mexiquenses-con-miedo-a-denunciar-la-extorsion\/#breadcrumb","itemListElement":[{"@type":"ListItem","position":1,"name":"Portada","item":"https:\/\/agencia.252.com.mx\/home\/"},{"@type":"ListItem","position":2,"name":"Mexiquenses con miedo a denunciar la extorsi\u00f3n"}]},{"@type":"WebSite","@id":"https:\/\/agencia.252.com.mx\/home\/#website","url":"https:\/\/agencia.252.com.mx\/home\/","name":"Agencia252","description":"Tu espacio en la Red","publisher":{"@id":"https:\/\/agencia.252.com.mx\/home\/#organization"},"potentialAction":[{"@type":"SearchAction","target":{"@type":"EntryPoint","urlTemplate":"https:\/\/agencia.252.com.mx\/home\/?s={search_term_string}"},"query-input":{"@type":"PropertyValueSpecification","valueRequired":true,"valueName":"search_term_string"}}],"inLanguage":"es"},{"@type":"Organization","@id":"https:\/\/agencia.252.com.mx\/home\/#organization","name":"Agencia252","url":"https:\/\/agencia.252.com.mx\/home\/","logo":{"@type":"ImageObject","inLanguage":"es","@id":"https:\/\/agencia.252.com.mx\/home\/#\/schema\/logo\/image\/","url":"https:\/\/agencia.252.com.mx\/wp-content\/uploads\/2023\/02\/cropped-ciruclo-agencia-e1677562404136.png","contentUrl":"https:\/\/agencia.252.com.mx\/wp-content\/uploads\/2023\/02\/cropped-ciruclo-agencia-e1677562404136.png","width":512,"height":512,"caption":"Agencia252"},"image":{"@id":"https:\/\/agencia.252.com.mx\/home\/#\/schema\/logo\/image\/"},"sameAs":["https:\/\/www.facebook.com\/252Comunicacion\/","https:\/\/x.com\/252COMS"]},{"@type":"Person","@id":"https:\/\/agencia.252.com.mx\/home\/#\/schema\/person\/6b972021e9a92d45ade8c78d81509098","name":"Nacho Corro","image":{"@type":"ImageObject","inLanguage":"es","@id":"https:\/\/secure.gravatar.com\/avatar\/5db6df507cfe1307e192fbb498c6b85f1cf2ffd8b4cd37141b9eea588fcbd5a4?s=96&r=g","url":"https:\/\/secure.gravatar.com\/avatar\/5db6df507cfe1307e192fbb498c6b85f1cf2ffd8b4cd37141b9eea588fcbd5a4?s=96&r=g","contentUrl":"https:\/\/secure.gravatar.com\/avatar\/5db6df507cfe1307e192fbb498c6b85f1cf2ffd8b4cd37141b9eea588fcbd5a4?s=96&r=g","caption":"Nacho Corro"},"description":"Comunicador Social, Periodista y Administraci\u00f3n P\u00fablica. Conversador pol\u00edtico, temas electorales y seguridad. Generador de contenidos digitales. Amante de la fotograf\u00eda","sameAs":["https:\/\/www.facebook.com\/jcorroherrera\/","www.instagram.com\/nachocorro\/","https:\/\/x.com\/Juan Ignacio Corro Herrera"],"url":"https:\/\/agencia.252.com.mx\/home\/author\/i-corro\/"}]}},"_links":{"self":[{"href":"https:\/\/agencia.252.com.mx\/home\/wp-json\/wp\/v2\/posts\/18734","targetHints":{"allow":["GET"]}}],"collection":[{"href":"https:\/\/agencia.252.com.mx\/home\/wp-json\/wp\/v2\/posts"}],"about":[{"href":"https:\/\/agencia.252.com.mx\/home\/wp-json\/wp\/v2\/types\/post"}],"author":[{"embeddable":true,"href":"https:\/\/agencia.252.com.mx\/home\/wp-json\/wp\/v2\/users\/5"}],"replies":[{"embeddable":true,"href":"https:\/\/agencia.252.com.mx\/home\/wp-json\/wp\/v2\/comments?post=18734"}],"version-history":[{"count":1,"href":"https:\/\/agencia.252.com.mx\/home\/wp-json\/wp\/v2\/posts\/18734\/revisions"}],"predecessor-version":[{"id":18736,"href":"https:\/\/agencia.252.com.mx\/home\/wp-json\/wp\/v2\/posts\/18734\/revisions\/18736"}],"wp:featuredmedia":[{"embeddable":true,"href":"https:\/\/agencia.252.com.mx\/home\/wp-json\/wp\/v2\/media\/18735"}],"wp:attachment":[{"href":"https:\/\/agencia.252.com.mx\/home\/wp-json\/wp\/v2\/media?parent=18734"}],"wp:term":[{"taxonomy":"category","embeddable":true,"href":"https:\/\/agencia.252.com.mx\/home\/wp-json\/wp\/v2\/categories?post=18734"},{"taxonomy":"post_tag","embeddable":true,"href":"https:\/\/agencia.252.com.mx\/home\/wp-json\/wp\/v2\/tags?post=18734"}],"curies":[{"name":"wp","href":"https:\/\/api.w.org\/{rel}","templated":true}]}}