{"id":18730,"date":"2026-04-26T13:34:17","date_gmt":"2026-04-26T19:34:17","guid":{"rendered":"https:\/\/agencia.252.com.mx\/home\/?p=18730"},"modified":"2026-04-26T13:34:19","modified_gmt":"2026-04-26T19:34:19","slug":"ocho-anos-de-carcel-por-suplantacion-de-identidad-con-ia-en-el-edomex","status":"publish","type":"post","link":"https:\/\/agencia.252.com.mx\/home\/ocho-anos-de-carcel-por-suplantacion-de-identidad-con-ia-en-el-edomex\/","title":{"rendered":"Ocho a\u00f1os de c\u00e1rcel por suplantaci\u00f3n de identidad con IA en el Edomex\u00a0"},"content":{"rendered":"<p>Visitas: 1<\/p>\n<ul class=\"wp-block-list\">\n<li><em>Proponen\u00a0\u00a0sanciones de hasta seis a\u00f1os de prisi\u00f3n para quien realice esta conducta aprovech\u00e1ndose de la similitud de caracter\u00edsticas con la v\u00edctima, que alcanzar\u00edan hasta ocho a\u00f1os de c\u00e1rcel si se emplean las tecnolog\u00edas de la informaci\u00f3n, incluyendo la Inteligencia Artificial (IA).<\/em><\/li>\n\n\n\n<li><em>Establece tambi\u00e9n hasta mil d\u00edas multa cuando, para hacerse pasar por la v\u00edctima, se aproveche el parecido f\u00edsico, la similitud de la voz, la imagen o cualquier dato biom\u00e9trico o elemento de identificaci\u00f3n personal, y sean generados, alterados o manipulados para suplantar su identidad o facilitar la comisi\u00f3n de un acto criminal.<\/em><\/li>\n<\/ul>\n\n\n\n<p>Juan Ignacio Corro&nbsp;<\/p>\n\n\n\n<p class=\"has-text-align-right\">Toluca, Estado de M\u00e9xico, a 26 de abril de 2026<\/p>\n\n\n\n<p>Ante las nuevas modalidades de usurpaci\u00f3n de identidad, la diputada Roc\u00edo Alexia D\u00e1vila S\u00e1nchez&nbsp;&nbsp;del PAN propuso sanciones de hasta seis a\u00f1os de prisi\u00f3n para quien realice esta conducta aprovech\u00e1ndose de la similitud de caracter\u00edsticas con la v\u00edctima, que alcanzar\u00edan hasta ocho a\u00f1os de c\u00e1rcel si se emplean las tecnolog\u00edas de la informaci\u00f3n, incluyendo la Inteligencia Artificial (IA).<\/p>\n\n\n\n<p>La iniciativa de reforma al C\u00f3digo Penal estatal plantea tambi\u00e9n hasta mil d\u00edas multa cuando, para hacerse pasar por la v\u00edctima, se aproveche el parecido f\u00edsico, la similitud de la voz, la imagen o cualquier dato biom\u00e9trico o elemento de identificaci\u00f3n personal, y sean generados, alterados o manipulados para suplantar su identidad o facilitar la comisi\u00f3n de un acto criminal.<\/p>\n\n\n\n<p>El C\u00f3digo Penal vigente considera penas de cuatro a\u00f1os de prisi\u00f3n y 500 d\u00edas multa por este tipo penal, sin tomar en consideraci\u00f3n el uso de inteligencia artificial, la cual se incrementa en una mitad (seis a\u00f1os de confinamiento y 750 d\u00edas multa) cuando es cometido por una persona servidora p\u00fablica, aprovech\u00e1ndose de sus funciones, o por quien, sin serlo, se valga de su profesi\u00f3n o empleo para ello.<\/p>\n\n\n\n<p>Este ordenamiento incorpora un aumento de hasta una tercera parte cuando se realice mediante manipulaci\u00f3n de medios electr\u00f3nicos, telem\u00e1ticos, inform\u00e1ticos, redes sociales o intercepci\u00f3n de datos de env\u00edo. Para este caso, la propuesta blanquiazul precisa que, si concurren estos supuestos, no se acumulen las penas, sino que aplique solamente la mayor.<\/p>\n\n\n\n<p>En la presentaci\u00f3n del documento, durante la sesi\u00f3n deliberante de la LXII Legislatura mexiquense, Alexia D\u00e1vila se\u00f1al\u00f3 que una persona puede perder su patrimonio, su tranquilidad y hasta su identidad sin que nadie la toque y sin que nadie la enfrente directamente, por medio de clonaci\u00f3n de voces, im\u00e1genes falsas, perfiles digitales enga\u00f1osos y otras acciones generadas con las tecnolog\u00edas m\u00e1s actuales.<\/p>\n\n\n\n<p>A\u00f1adi\u00f3 que el robo de identidad se ha reportado como uno de los delitos m\u00e1s frecuentes en el sistema financiero mexicano, y que la propia Comisi\u00f3n Nacional para la Protecci\u00f3n y Defensa de los Usuarios de Servicios Financieros ha se\u00f1alado que los fraudes por suplantaci\u00f3n de identidad se encuentran entre las principales causas de reclamaciones bancarias.<\/p>\n\n\n\n<p>En este marco, se\u00f1al\u00f3 que, si el delito ya cambi\u00f3, la ley que lo persigue y sanciona tambi\u00e9n debe evolucionar. Comparti\u00f3 que, en el Estado de M\u00e9xico, la norma penal reconoce la usurpaci\u00f3n de identidad, pero no describe con claridad las nuevas formas en las que hoy se comete este delito mediante inteligencia artificial, biometr\u00eda o contenido digital manipulado.<\/p>\n\n\n\n<p>\u201cY en materia penal, cuando algo no est\u00e1 claramente definido, se vuelve dif\u00edcil de perseguir, de probar y, muchas veces, de sancionar. Eso no es un detalle menor, es una puerta abierta a la impunidad\u201d, asegur\u00f3.<\/p>\n\n\n\n<p>Por otra parte, indic\u00f3, cuando una persona pierde el control de su identidad, pierde mucho m\u00e1s que datos: pierde su tranquilidad, su reputaci\u00f3n y, en muchos casos, su patrimonio.<\/p>\n\n\n\n<p>Al se\u00f1alar que la usurpaci\u00f3n de identidad no es solo un delito fr\u00edo o un n\u00famero en una estad\u00edstica, lament\u00f3 que sea una experiencia que afecta a las familias.<\/p>\n\n\n\n<p>\u201cEs alguien que recibe una llamada pensando que ayuda a un ser querido y termina siendo v\u00edctima de un fraude. Es alguien que descubre que su nombre fue utilizado para cometer un delito. Es alguien que tiene que demostrar que no fue quien aparentemente actu\u00f3\u201d, concluy\u00f3.<\/p>\n","protected":false},"excerpt":{"rendered":"<p>Visitas: 1 Juan Ignacio Corro&nbsp; Toluca, Estado de M\u00e9xico, a 26 de abril de 2026 Ante las nuevas modalidades de usurpaci\u00f3n de identidad, la diputada Roc\u00edo Alexia D\u00e1vila S\u00e1nchez&nbsp;&nbsp;del PAN propuso sanciones de hasta seis a\u00f1os de prisi\u00f3n para quien realice esta conducta aprovech\u00e1ndose de la similitud de caracter\u00edsticas con la v\u00edctima, que alcanzar\u00edan hasta [&hellip;]<\/p>\n","protected":false},"author":5,"featured_media":18731,"comment_status":"open","ping_status":"open","sticky":false,"template":"","format":"standard","meta":{"site-sidebar-layout":"default","site-content-layout":"","ast-site-content-layout":"default","site-content-style":"default","site-sidebar-style":"default","ast-global-header-display":"","ast-banner-title-visibility":"","ast-main-header-display":"","ast-hfb-above-header-display":"","ast-hfb-below-header-display":"","ast-hfb-mobile-header-display":"","site-post-title":"","ast-breadcrumbs-content":"","ast-featured-img":"","footer-sml-layout":"","ast-disable-related-posts":"","theme-transparent-header-meta":"","adv-header-id-meta":"","stick-header-meta":"","header-above-stick-meta":"","header-main-stick-meta":"","header-below-stick-meta":"","astra-migrate-meta-layouts":"set","ast-page-background-enabled":"default","ast-page-background-meta":{"desktop":{"background-color":"var(--ast-global-color-4)","background-image":"","background-repeat":"repeat","background-position":"center center","background-size":"auto","background-attachment":"scroll","background-type":"","background-media":"","overlay-type":"","overlay-color":"","overlay-opacity":"","overlay-gradient":""},"tablet":{"background-color":"","background-image":"","background-repeat":"repeat","background-position":"center center","background-size":"auto","background-attachment":"scroll","background-type":"","background-media":"","overlay-type":"","overlay-color":"","overlay-opacity":"","overlay-gradient":""},"mobile":{"background-color":"","background-image":"","background-repeat":"repeat","background-position":"center center","background-size":"auto","background-attachment":"scroll","background-type":"","background-media":"","overlay-type":"","overlay-color":"","overlay-opacity":"","overlay-gradient":""}},"ast-content-background-meta":{"desktop":{"background-color":"var(--ast-global-color-5)","background-image":"","background-repeat":"repeat","background-position":"center center","background-size":"auto","background-attachment":"scroll","background-type":"","background-media":"","overlay-type":"","overlay-color":"","overlay-opacity":"","overlay-gradient":""},"tablet":{"background-color":"var(--ast-global-color-5)","background-image":"","background-repeat":"repeat","background-position":"center center","background-size":"auto","background-attachment":"scroll","background-type":"","background-media":"","overlay-type":"","overlay-color":"","overlay-opacity":"","overlay-gradient":""},"mobile":{"background-color":"var(--ast-global-color-5)","background-image":"","background-repeat":"repeat","background-position":"center center","background-size":"auto","background-attachment":"scroll","background-type":"","background-media":"","overlay-type":"","overlay-color":"","overlay-opacity":"","overlay-gradient":""}},"footnotes":""},"categories":[94,265,8,68],"tags":[526],"class_list":["post-18730","post","type-post","status-publish","format-standard","has-post-thumbnail","hentry","category-congreso-edomex","category-delincuencia","category-edomex","category-seguridad","tag-edomex"],"yoast_head":"<!-- This site is optimized with the Yoast SEO plugin v27.4 - https:\/\/yoast.com\/product\/yoast-seo-wordpress\/ -->\n<title>Ocho a\u00f1os de c\u00e1rcel por suplantaci\u00f3n de identidad con IA en el Edomex\u00a0 - Agencia252<\/title>\n<meta name=\"robots\" content=\"index, follow, max-snippet:-1, max-image-preview:large, max-video-preview:-1\" \/>\n<link rel=\"canonical\" href=\"https:\/\/agencia.252.com.mx\/home\/ocho-anos-de-carcel-por-suplantacion-de-identidad-con-ia-en-el-edomex\/\" \/>\n<meta property=\"og:locale\" content=\"es_ES\" \/>\n<meta property=\"og:type\" content=\"article\" \/>\n<meta property=\"og:title\" content=\"Ocho a\u00f1os de c\u00e1rcel por suplantaci\u00f3n de identidad con IA en el Edomex\u00a0 - Agencia252\" \/>\n<meta property=\"og:description\" content=\"Visitas: 1 Juan Ignacio Corro&nbsp; Toluca, Estado de M\u00e9xico, a 26 de abril de 2026 Ante las nuevas modalidades de usurpaci\u00f3n de identidad, la diputada Roc\u00edo Alexia D\u00e1vila S\u00e1nchez&nbsp;&nbsp;del PAN propuso sanciones de hasta seis a\u00f1os de prisi\u00f3n para quien realice esta conducta aprovech\u00e1ndose de la similitud de caracter\u00edsticas con la v\u00edctima, que alcanzar\u00edan hasta [&hellip;]\" \/>\n<meta property=\"og:url\" content=\"https:\/\/agencia.252.com.mx\/home\/ocho-anos-de-carcel-por-suplantacion-de-identidad-con-ia-en-el-edomex\/\" \/>\n<meta property=\"og:site_name\" content=\"Agencia252\" \/>\n<meta property=\"article:publisher\" content=\"https:\/\/www.facebook.com\/252Comunicacion\/\" \/>\n<meta property=\"article:author\" content=\"https:\/\/www.facebook.com\/jcorroherrera\/\" \/>\n<meta property=\"article:published_time\" content=\"2026-04-26T19:34:17+00:00\" \/>\n<meta property=\"article:modified_time\" content=\"2026-04-26T19:34:19+00:00\" \/>\n<meta property=\"og:image\" content=\"http:\/\/agencia.252.com.mx\/wp-content\/uploads\/2026\/04\/WhatsApp-Image-2026-04-26-at-11.50.55-AM.jpeg\" \/>\n\t<meta property=\"og:image:width\" content=\"1600\" \/>\n\t<meta property=\"og:image:height\" content=\"1072\" \/>\n\t<meta property=\"og:image:type\" content=\"image\/jpeg\" \/>\n<meta name=\"author\" content=\"Nacho Corro\" \/>\n<meta name=\"twitter:card\" content=\"summary_large_image\" \/>\n<meta name=\"twitter:creator\" content=\"@Juan Ignacio Corro Herrera\" \/>\n<meta name=\"twitter:site\" content=\"@252COMS\" \/>\n<meta name=\"twitter:label1\" content=\"Escrito por\" \/>\n\t<meta name=\"twitter:data1\" content=\"Nacho Corro\" \/>\n\t<meta name=\"twitter:label2\" content=\"Tiempo de lectura\" \/>\n\t<meta name=\"twitter:data2\" content=\"4 minutos\" \/>\n<script type=\"application\/ld+json\" class=\"yoast-schema-graph\">{\"@context\":\"https:\\\/\\\/schema.org\",\"@graph\":[{\"@type\":\"Article\",\"@id\":\"https:\\\/\\\/agencia.252.com.mx\\\/home\\\/ocho-anos-de-carcel-por-suplantacion-de-identidad-con-ia-en-el-edomex\\\/#article\",\"isPartOf\":{\"@id\":\"https:\\\/\\\/agencia.252.com.mx\\\/home\\\/ocho-anos-de-carcel-por-suplantacion-de-identidad-con-ia-en-el-edomex\\\/\"},\"author\":{\"name\":\"Nacho Corro\",\"@id\":\"https:\\\/\\\/agencia.252.com.mx\\\/home\\\/#\\\/schema\\\/person\\\/6b972021e9a92d45ade8c78d81509098\"},\"headline\":\"Ocho a\u00f1os de c\u00e1rcel por suplantaci\u00f3n de identidad con IA en el Edomex\u00a0\",\"datePublished\":\"2026-04-26T19:34:17+00:00\",\"dateModified\":\"2026-04-26T19:34:19+00:00\",\"mainEntityOfPage\":{\"@id\":\"https:\\\/\\\/agencia.252.com.mx\\\/home\\\/ocho-anos-de-carcel-por-suplantacion-de-identidad-con-ia-en-el-edomex\\\/\"},\"wordCount\":762,\"commentCount\":0,\"publisher\":{\"@id\":\"https:\\\/\\\/agencia.252.com.mx\\\/home\\\/#organization\"},\"image\":{\"@id\":\"https:\\\/\\\/agencia.252.com.mx\\\/home\\\/ocho-anos-de-carcel-por-suplantacion-de-identidad-con-ia-en-el-edomex\\\/#primaryimage\"},\"thumbnailUrl\":\"https:\\\/\\\/agencia.252.com.mx\\\/wp-content\\\/uploads\\\/2026\\\/04\\\/WhatsApp-Image-2026-04-26-at-11.50.55-AM.jpeg\",\"keywords\":[\"Edomex\"],\"articleSection\":[\"Congreso Edomex\",\"Delincuencia\",\"Edomex\",\"Seguridad\"],\"inLanguage\":\"es\",\"potentialAction\":[{\"@type\":\"CommentAction\",\"name\":\"Comment\",\"target\":[\"https:\\\/\\\/agencia.252.com.mx\\\/home\\\/ocho-anos-de-carcel-por-suplantacion-de-identidad-con-ia-en-el-edomex\\\/#respond\"]}]},{\"@type\":\"WebPage\",\"@id\":\"https:\\\/\\\/agencia.252.com.mx\\\/home\\\/ocho-anos-de-carcel-por-suplantacion-de-identidad-con-ia-en-el-edomex\\\/\",\"url\":\"https:\\\/\\\/agencia.252.com.mx\\\/home\\\/ocho-anos-de-carcel-por-suplantacion-de-identidad-con-ia-en-el-edomex\\\/\",\"name\":\"Ocho a\u00f1os de c\u00e1rcel por suplantaci\u00f3n de identidad con IA en el Edomex\u00a0 - Agencia252\",\"isPartOf\":{\"@id\":\"https:\\\/\\\/agencia.252.com.mx\\\/home\\\/#website\"},\"primaryImageOfPage\":{\"@id\":\"https:\\\/\\\/agencia.252.com.mx\\\/home\\\/ocho-anos-de-carcel-por-suplantacion-de-identidad-con-ia-en-el-edomex\\\/#primaryimage\"},\"image\":{\"@id\":\"https:\\\/\\\/agencia.252.com.mx\\\/home\\\/ocho-anos-de-carcel-por-suplantacion-de-identidad-con-ia-en-el-edomex\\\/#primaryimage\"},\"thumbnailUrl\":\"https:\\\/\\\/agencia.252.com.mx\\\/wp-content\\\/uploads\\\/2026\\\/04\\\/WhatsApp-Image-2026-04-26-at-11.50.55-AM.jpeg\",\"datePublished\":\"2026-04-26T19:34:17+00:00\",\"dateModified\":\"2026-04-26T19:34:19+00:00\",\"breadcrumb\":{\"@id\":\"https:\\\/\\\/agencia.252.com.mx\\\/home\\\/ocho-anos-de-carcel-por-suplantacion-de-identidad-con-ia-en-el-edomex\\\/#breadcrumb\"},\"inLanguage\":\"es\",\"potentialAction\":[{\"@type\":\"ReadAction\",\"target\":[\"https:\\\/\\\/agencia.252.com.mx\\\/home\\\/ocho-anos-de-carcel-por-suplantacion-de-identidad-con-ia-en-el-edomex\\\/\"]}]},{\"@type\":\"ImageObject\",\"inLanguage\":\"es\",\"@id\":\"https:\\\/\\\/agencia.252.com.mx\\\/home\\\/ocho-anos-de-carcel-por-suplantacion-de-identidad-con-ia-en-el-edomex\\\/#primaryimage\",\"url\":\"https:\\\/\\\/agencia.252.com.mx\\\/wp-content\\\/uploads\\\/2026\\\/04\\\/WhatsApp-Image-2026-04-26-at-11.50.55-AM.jpeg\",\"contentUrl\":\"https:\\\/\\\/agencia.252.com.mx\\\/wp-content\\\/uploads\\\/2026\\\/04\\\/WhatsApp-Image-2026-04-26-at-11.50.55-AM.jpeg\",\"width\":1600,\"height\":1072},{\"@type\":\"BreadcrumbList\",\"@id\":\"https:\\\/\\\/agencia.252.com.mx\\\/home\\\/ocho-anos-de-carcel-por-suplantacion-de-identidad-con-ia-en-el-edomex\\\/#breadcrumb\",\"itemListElement\":[{\"@type\":\"ListItem\",\"position\":1,\"name\":\"Portada\",\"item\":\"https:\\\/\\\/agencia.252.com.mx\\\/home\\\/\"},{\"@type\":\"ListItem\",\"position\":2,\"name\":\"Ocho a\u00f1os de c\u00e1rcel por suplantaci\u00f3n de identidad con IA en el Edomex\u00a0\"}]},{\"@type\":\"WebSite\",\"@id\":\"https:\\\/\\\/agencia.252.com.mx\\\/home\\\/#website\",\"url\":\"https:\\\/\\\/agencia.252.com.mx\\\/home\\\/\",\"name\":\"Agencia252\",\"description\":\"Tu espacio en la Red\",\"publisher\":{\"@id\":\"https:\\\/\\\/agencia.252.com.mx\\\/home\\\/#organization\"},\"potentialAction\":[{\"@type\":\"SearchAction\",\"target\":{\"@type\":\"EntryPoint\",\"urlTemplate\":\"https:\\\/\\\/agencia.252.com.mx\\\/home\\\/?s={search_term_string}\"},\"query-input\":{\"@type\":\"PropertyValueSpecification\",\"valueRequired\":true,\"valueName\":\"search_term_string\"}}],\"inLanguage\":\"es\"},{\"@type\":\"Organization\",\"@id\":\"https:\\\/\\\/agencia.252.com.mx\\\/home\\\/#organization\",\"name\":\"Agencia252\",\"url\":\"https:\\\/\\\/agencia.252.com.mx\\\/home\\\/\",\"logo\":{\"@type\":\"ImageObject\",\"inLanguage\":\"es\",\"@id\":\"https:\\\/\\\/agencia.252.com.mx\\\/home\\\/#\\\/schema\\\/logo\\\/image\\\/\",\"url\":\"https:\\\/\\\/agencia.252.com.mx\\\/wp-content\\\/uploads\\\/2023\\\/02\\\/cropped-ciruclo-agencia-e1677562404136.png\",\"contentUrl\":\"https:\\\/\\\/agencia.252.com.mx\\\/wp-content\\\/uploads\\\/2023\\\/02\\\/cropped-ciruclo-agencia-e1677562404136.png\",\"width\":512,\"height\":512,\"caption\":\"Agencia252\"},\"image\":{\"@id\":\"https:\\\/\\\/agencia.252.com.mx\\\/home\\\/#\\\/schema\\\/logo\\\/image\\\/\"},\"sameAs\":[\"https:\\\/\\\/www.facebook.com\\\/252Comunicacion\\\/\",\"https:\\\/\\\/x.com\\\/252COMS\"]},{\"@type\":\"Person\",\"@id\":\"https:\\\/\\\/agencia.252.com.mx\\\/home\\\/#\\\/schema\\\/person\\\/6b972021e9a92d45ade8c78d81509098\",\"name\":\"Nacho Corro\",\"image\":{\"@type\":\"ImageObject\",\"inLanguage\":\"es\",\"@id\":\"https:\\\/\\\/secure.gravatar.com\\\/avatar\\\/5db6df507cfe1307e192fbb498c6b85f1cf2ffd8b4cd37141b9eea588fcbd5a4?s=96&r=g\",\"url\":\"https:\\\/\\\/secure.gravatar.com\\\/avatar\\\/5db6df507cfe1307e192fbb498c6b85f1cf2ffd8b4cd37141b9eea588fcbd5a4?s=96&r=g\",\"contentUrl\":\"https:\\\/\\\/secure.gravatar.com\\\/avatar\\\/5db6df507cfe1307e192fbb498c6b85f1cf2ffd8b4cd37141b9eea588fcbd5a4?s=96&r=g\",\"caption\":\"Nacho Corro\"},\"description\":\"Comunicador Social, Periodista y Administraci\u00f3n P\u00fablica. Conversador pol\u00edtico, temas electorales y seguridad. Generador de contenidos digitales. Amante de la fotograf\u00eda\",\"sameAs\":[\"https:\\\/\\\/www.facebook.com\\\/jcorroherrera\\\/\",\"www.instagram.com\\\/nachocorro\\\/\",\"https:\\\/\\\/x.com\\\/Juan Ignacio Corro Herrera\"],\"url\":\"https:\\\/\\\/agencia.252.com.mx\\\/home\\\/author\\\/i-corro\\\/\"}]}<\/script>\n<!-- \/ Yoast SEO plugin. -->","yoast_head_json":{"title":"Ocho a\u00f1os de c\u00e1rcel por suplantaci\u00f3n de identidad con IA en el Edomex\u00a0 - Agencia252","robots":{"index":"index","follow":"follow","max-snippet":"max-snippet:-1","max-image-preview":"max-image-preview:large","max-video-preview":"max-video-preview:-1"},"canonical":"https:\/\/agencia.252.com.mx\/home\/ocho-anos-de-carcel-por-suplantacion-de-identidad-con-ia-en-el-edomex\/","og_locale":"es_ES","og_type":"article","og_title":"Ocho a\u00f1os de c\u00e1rcel por suplantaci\u00f3n de identidad con IA en el Edomex\u00a0 - Agencia252","og_description":"Visitas: 1 Juan Ignacio Corro&nbsp; Toluca, Estado de M\u00e9xico, a 26 de abril de 2026 Ante las nuevas modalidades de usurpaci\u00f3n de identidad, la diputada Roc\u00edo Alexia D\u00e1vila S\u00e1nchez&nbsp;&nbsp;del PAN propuso sanciones de hasta seis a\u00f1os de prisi\u00f3n para quien realice esta conducta aprovech\u00e1ndose de la similitud de caracter\u00edsticas con la v\u00edctima, que alcanzar\u00edan hasta [&hellip;]","og_url":"https:\/\/agencia.252.com.mx\/home\/ocho-anos-de-carcel-por-suplantacion-de-identidad-con-ia-en-el-edomex\/","og_site_name":"Agencia252","article_publisher":"https:\/\/www.facebook.com\/252Comunicacion\/","article_author":"https:\/\/www.facebook.com\/jcorroherrera\/","article_published_time":"2026-04-26T19:34:17+00:00","article_modified_time":"2026-04-26T19:34:19+00:00","og_image":[{"width":1600,"height":1072,"url":"http:\/\/agencia.252.com.mx\/wp-content\/uploads\/2026\/04\/WhatsApp-Image-2026-04-26-at-11.50.55-AM.jpeg","type":"image\/jpeg"}],"author":"Nacho Corro","twitter_card":"summary_large_image","twitter_creator":"@Juan Ignacio Corro Herrera","twitter_site":"@252COMS","twitter_misc":{"Escrito por":"Nacho Corro","Tiempo de lectura":"4 minutos"},"schema":{"@context":"https:\/\/schema.org","@graph":[{"@type":"Article","@id":"https:\/\/agencia.252.com.mx\/home\/ocho-anos-de-carcel-por-suplantacion-de-identidad-con-ia-en-el-edomex\/#article","isPartOf":{"@id":"https:\/\/agencia.252.com.mx\/home\/ocho-anos-de-carcel-por-suplantacion-de-identidad-con-ia-en-el-edomex\/"},"author":{"name":"Nacho Corro","@id":"https:\/\/agencia.252.com.mx\/home\/#\/schema\/person\/6b972021e9a92d45ade8c78d81509098"},"headline":"Ocho a\u00f1os de c\u00e1rcel por suplantaci\u00f3n de identidad con IA en el Edomex\u00a0","datePublished":"2026-04-26T19:34:17+00:00","dateModified":"2026-04-26T19:34:19+00:00","mainEntityOfPage":{"@id":"https:\/\/agencia.252.com.mx\/home\/ocho-anos-de-carcel-por-suplantacion-de-identidad-con-ia-en-el-edomex\/"},"wordCount":762,"commentCount":0,"publisher":{"@id":"https:\/\/agencia.252.com.mx\/home\/#organization"},"image":{"@id":"https:\/\/agencia.252.com.mx\/home\/ocho-anos-de-carcel-por-suplantacion-de-identidad-con-ia-en-el-edomex\/#primaryimage"},"thumbnailUrl":"https:\/\/agencia.252.com.mx\/wp-content\/uploads\/2026\/04\/WhatsApp-Image-2026-04-26-at-11.50.55-AM.jpeg","keywords":["Edomex"],"articleSection":["Congreso Edomex","Delincuencia","Edomex","Seguridad"],"inLanguage":"es","potentialAction":[{"@type":"CommentAction","name":"Comment","target":["https:\/\/agencia.252.com.mx\/home\/ocho-anos-de-carcel-por-suplantacion-de-identidad-con-ia-en-el-edomex\/#respond"]}]},{"@type":"WebPage","@id":"https:\/\/agencia.252.com.mx\/home\/ocho-anos-de-carcel-por-suplantacion-de-identidad-con-ia-en-el-edomex\/","url":"https:\/\/agencia.252.com.mx\/home\/ocho-anos-de-carcel-por-suplantacion-de-identidad-con-ia-en-el-edomex\/","name":"Ocho a\u00f1os de c\u00e1rcel por suplantaci\u00f3n de identidad con IA en el Edomex\u00a0 - Agencia252","isPartOf":{"@id":"https:\/\/agencia.252.com.mx\/home\/#website"},"primaryImageOfPage":{"@id":"https:\/\/agencia.252.com.mx\/home\/ocho-anos-de-carcel-por-suplantacion-de-identidad-con-ia-en-el-edomex\/#primaryimage"},"image":{"@id":"https:\/\/agencia.252.com.mx\/home\/ocho-anos-de-carcel-por-suplantacion-de-identidad-con-ia-en-el-edomex\/#primaryimage"},"thumbnailUrl":"https:\/\/agencia.252.com.mx\/wp-content\/uploads\/2026\/04\/WhatsApp-Image-2026-04-26-at-11.50.55-AM.jpeg","datePublished":"2026-04-26T19:34:17+00:00","dateModified":"2026-04-26T19:34:19+00:00","breadcrumb":{"@id":"https:\/\/agencia.252.com.mx\/home\/ocho-anos-de-carcel-por-suplantacion-de-identidad-con-ia-en-el-edomex\/#breadcrumb"},"inLanguage":"es","potentialAction":[{"@type":"ReadAction","target":["https:\/\/agencia.252.com.mx\/home\/ocho-anos-de-carcel-por-suplantacion-de-identidad-con-ia-en-el-edomex\/"]}]},{"@type":"ImageObject","inLanguage":"es","@id":"https:\/\/agencia.252.com.mx\/home\/ocho-anos-de-carcel-por-suplantacion-de-identidad-con-ia-en-el-edomex\/#primaryimage","url":"https:\/\/agencia.252.com.mx\/wp-content\/uploads\/2026\/04\/WhatsApp-Image-2026-04-26-at-11.50.55-AM.jpeg","contentUrl":"https:\/\/agencia.252.com.mx\/wp-content\/uploads\/2026\/04\/WhatsApp-Image-2026-04-26-at-11.50.55-AM.jpeg","width":1600,"height":1072},{"@type":"BreadcrumbList","@id":"https:\/\/agencia.252.com.mx\/home\/ocho-anos-de-carcel-por-suplantacion-de-identidad-con-ia-en-el-edomex\/#breadcrumb","itemListElement":[{"@type":"ListItem","position":1,"name":"Portada","item":"https:\/\/agencia.252.com.mx\/home\/"},{"@type":"ListItem","position":2,"name":"Ocho a\u00f1os de c\u00e1rcel por suplantaci\u00f3n de identidad con IA en el Edomex\u00a0"}]},{"@type":"WebSite","@id":"https:\/\/agencia.252.com.mx\/home\/#website","url":"https:\/\/agencia.252.com.mx\/home\/","name":"Agencia252","description":"Tu espacio en la Red","publisher":{"@id":"https:\/\/agencia.252.com.mx\/home\/#organization"},"potentialAction":[{"@type":"SearchAction","target":{"@type":"EntryPoint","urlTemplate":"https:\/\/agencia.252.com.mx\/home\/?s={search_term_string}"},"query-input":{"@type":"PropertyValueSpecification","valueRequired":true,"valueName":"search_term_string"}}],"inLanguage":"es"},{"@type":"Organization","@id":"https:\/\/agencia.252.com.mx\/home\/#organization","name":"Agencia252","url":"https:\/\/agencia.252.com.mx\/home\/","logo":{"@type":"ImageObject","inLanguage":"es","@id":"https:\/\/agencia.252.com.mx\/home\/#\/schema\/logo\/image\/","url":"https:\/\/agencia.252.com.mx\/wp-content\/uploads\/2023\/02\/cropped-ciruclo-agencia-e1677562404136.png","contentUrl":"https:\/\/agencia.252.com.mx\/wp-content\/uploads\/2023\/02\/cropped-ciruclo-agencia-e1677562404136.png","width":512,"height":512,"caption":"Agencia252"},"image":{"@id":"https:\/\/agencia.252.com.mx\/home\/#\/schema\/logo\/image\/"},"sameAs":["https:\/\/www.facebook.com\/252Comunicacion\/","https:\/\/x.com\/252COMS"]},{"@type":"Person","@id":"https:\/\/agencia.252.com.mx\/home\/#\/schema\/person\/6b972021e9a92d45ade8c78d81509098","name":"Nacho Corro","image":{"@type":"ImageObject","inLanguage":"es","@id":"https:\/\/secure.gravatar.com\/avatar\/5db6df507cfe1307e192fbb498c6b85f1cf2ffd8b4cd37141b9eea588fcbd5a4?s=96&r=g","url":"https:\/\/secure.gravatar.com\/avatar\/5db6df507cfe1307e192fbb498c6b85f1cf2ffd8b4cd37141b9eea588fcbd5a4?s=96&r=g","contentUrl":"https:\/\/secure.gravatar.com\/avatar\/5db6df507cfe1307e192fbb498c6b85f1cf2ffd8b4cd37141b9eea588fcbd5a4?s=96&r=g","caption":"Nacho Corro"},"description":"Comunicador Social, Periodista y Administraci\u00f3n P\u00fablica. Conversador pol\u00edtico, temas electorales y seguridad. Generador de contenidos digitales. Amante de la fotograf\u00eda","sameAs":["https:\/\/www.facebook.com\/jcorroherrera\/","www.instagram.com\/nachocorro\/","https:\/\/x.com\/Juan Ignacio Corro Herrera"],"url":"https:\/\/agencia.252.com.mx\/home\/author\/i-corro\/"}]}},"_links":{"self":[{"href":"https:\/\/agencia.252.com.mx\/home\/wp-json\/wp\/v2\/posts\/18730","targetHints":{"allow":["GET"]}}],"collection":[{"href":"https:\/\/agencia.252.com.mx\/home\/wp-json\/wp\/v2\/posts"}],"about":[{"href":"https:\/\/agencia.252.com.mx\/home\/wp-json\/wp\/v2\/types\/post"}],"author":[{"embeddable":true,"href":"https:\/\/agencia.252.com.mx\/home\/wp-json\/wp\/v2\/users\/5"}],"replies":[{"embeddable":true,"href":"https:\/\/agencia.252.com.mx\/home\/wp-json\/wp\/v2\/comments?post=18730"}],"version-history":[{"count":1,"href":"https:\/\/agencia.252.com.mx\/home\/wp-json\/wp\/v2\/posts\/18730\/revisions"}],"predecessor-version":[{"id":18732,"href":"https:\/\/agencia.252.com.mx\/home\/wp-json\/wp\/v2\/posts\/18730\/revisions\/18732"}],"wp:featuredmedia":[{"embeddable":true,"href":"https:\/\/agencia.252.com.mx\/home\/wp-json\/wp\/v2\/media\/18731"}],"wp:attachment":[{"href":"https:\/\/agencia.252.com.mx\/home\/wp-json\/wp\/v2\/media?parent=18730"}],"wp:term":[{"taxonomy":"category","embeddable":true,"href":"https:\/\/agencia.252.com.mx\/home\/wp-json\/wp\/v2\/categories?post=18730"},{"taxonomy":"post_tag","embeddable":true,"href":"https:\/\/agencia.252.com.mx\/home\/wp-json\/wp\/v2\/tags?post=18730"}],"curies":[{"name":"wp","href":"https:\/\/api.w.org\/{rel}","templated":true}]}}