{"id":18726,"date":"2026-04-26T13:20:53","date_gmt":"2026-04-26T19:20:53","guid":{"rendered":"https:\/\/agencia.252.com.mx\/home\/?p=18726"},"modified":"2026-04-26T13:20:55","modified_gmt":"2026-04-26T19:20:55","slug":"a-la-calle-el-pan-estado-de-mexico-sigue-con-jornadas-de-salud-y-apoyo-al-gasto-familiar","status":"publish","type":"post","link":"https:\/\/agencia.252.com.mx\/home\/a-la-calle-el-pan-estado-de-mexico-sigue-con-jornadas-de-salud-y-apoyo-al-gasto-familiar\/","title":{"rendered":"A la calle el PAN Estado de M\u00e9xico, sigue con Jornadas de Salud y Apoyo al Gasto Familiar"},"content":{"rendered":"<p>Visitas: 0<\/p>\n<ul class=\"wp-block-list\">\n<li><em>Durante la entrega de apoyos y servicios, se recaban y canalizan denuncias ciudadanas<\/em><\/li>\n<\/ul>\n\n\n\n<p>Juan Ignacio Corro&nbsp;<\/p>\n\n\n\n<p class=\"has-text-align-right\">Toluca, Estado de M\u00e9xico, a 26 de abril de 2026<\/p>\n\n\n\n<p>El Partido Acci\u00f3n Nacional en el Estado de M\u00e9xico quiere mantener presencia territorial a trav\u00e9s de las Jornadas de Salud y Apoyo al Gasto Familiar, una estrategia permanente que acerca servicios m\u00e9dicos y productos de primera necesidad a las familias mexiquenses.<\/p>\n\n\n\n<p>En diversos municipios de la entidad, estas jornadas han permitido atender de manera directa a miles de personas, quienes hoy enfrentan un entorno econ\u00f3mico complejo y demandan soluciones cercanas, accesibles y efectivas.<\/p>\n\n\n\n<figure class=\"wp-block-image alignright size-medium\"><img fetchpriority=\"high\" decoding=\"async\" width=\"300\" height=\"200\" src=\"https:\/\/agencia.252.com.mx\/wp-content\/uploads\/2026\/04\/WhatsApp-Image-2026-04-26-at-10.06.59-AM-2-300x200.jpeg\" alt=\"\" class=\"wp-image-18727\" srcset=\"https:\/\/agencia.252.com.mx\/wp-content\/uploads\/2026\/04\/WhatsApp-Image-2026-04-26-at-10.06.59-AM-2-300x200.jpeg 300w, https:\/\/agencia.252.com.mx\/wp-content\/uploads\/2026\/04\/WhatsApp-Image-2026-04-26-at-10.06.59-AM-2-1024x682.jpeg 1024w, https:\/\/agencia.252.com.mx\/wp-content\/uploads\/2026\/04\/WhatsApp-Image-2026-04-26-at-10.06.59-AM-2-768x512.jpeg 768w, https:\/\/agencia.252.com.mx\/wp-content\/uploads\/2026\/04\/WhatsApp-Image-2026-04-26-at-10.06.59-AM-2-1536x1023.jpeg 1536w, https:\/\/agencia.252.com.mx\/wp-content\/uploads\/2026\/04\/WhatsApp-Image-2026-04-26-at-10.06.59-AM-2.jpeg 1600w\" sizes=\"(max-width: 300px) 100vw, 300px\" \/><\/figure>\n\n\n\n<p>Adem\u00e1s de los apoyos y servicios, durante estos recorridos se recaban y canalizan denuncias ciudadanas, convirtiendo estas jornadas en un espacio directo de escucha donde los mexiquenses pueden expresar problem\u00e1ticas relacionadas con seguridad, servicios p\u00fablicos y abandono institucional.<\/p>\n\n\n\n<p>El presidente del Comit\u00e9 Directivo Estatal, Anuar Azar Figueroa, destac\u00f3 que estas acciones responden a una visi\u00f3n clara de acompa\u00f1amiento social desde el territorio.<\/p>\n\n\n\n<p>\u201cEn el PAN Estado de M\u00e9xico estamos del lado de las familias. Sabemos que hoy m\u00e1s que nunca necesitan respaldo, pero tambi\u00e9n ser escuchadas. Por eso, adem\u00e1s de llevar servicios de salud y apoyos, abrimos espacios para atender sus denuncias y darles seguimiento\u201d.<\/p>\n\n\n\n<p>El dirigente estatal subray\u00f3 que, frente a la falta de resultados que impacten directamente en la vida diaria de las familias, el PAN ha decidido actuar con responsabilidad, cercan\u00eda y compromiso, poniendo en el centro la voz de la ciudadan\u00eda.<\/p>\n\n\n\n<p>Las Jornadas de Salud y Apoyo al Gasto Familiar se realizan de manera permanente en todo el estado, consolid\u00e1ndose como una estrategia integral que combina apoyo directo, atenci\u00f3n social y participaci\u00f3n ciudadana<\/p>\n","protected":false},"excerpt":{"rendered":"<p>Visitas: 0 Juan Ignacio Corro&nbsp; Toluca, Estado de M\u00e9xico, a 26 de abril de 2026 El Partido Acci\u00f3n Nacional en el Estado de M\u00e9xico quiere mantener presencia territorial a trav\u00e9s de las Jornadas de Salud y Apoyo al Gasto Familiar, una estrategia permanente que acerca servicios m\u00e9dicos y productos de primera necesidad a las familias [&hellip;]<\/p>\n","protected":false},"author":5,"featured_media":18728,"comment_status":"open","ping_status":"open","sticky":false,"template":"","format":"standard","meta":{"site-sidebar-layout":"default","site-content-layout":"","ast-site-content-layout":"default","site-content-style":"default","site-sidebar-style":"default","ast-global-header-display":"","ast-banner-title-visibility":"","ast-main-header-display":"","ast-hfb-above-header-display":"","ast-hfb-below-header-display":"","ast-hfb-mobile-header-display":"","site-post-title":"","ast-breadcrumbs-content":"","ast-featured-img":"","footer-sml-layout":"","ast-disable-related-posts":"","theme-transparent-header-meta":"","adv-header-id-meta":"","stick-header-meta":"","header-above-stick-meta":"","header-main-stick-meta":"","header-below-stick-meta":"","astra-migrate-meta-layouts":"set","ast-page-background-enabled":"default","ast-page-background-meta":{"desktop":{"background-color":"var(--ast-global-color-4)","background-image":"","background-repeat":"repeat","background-position":"center center","background-size":"auto","background-attachment":"scroll","background-type":"","background-media":"","overlay-type":"","overlay-color":"","overlay-opacity":"","overlay-gradient":""},"tablet":{"background-color":"","background-image":"","background-repeat":"repeat","background-position":"center center","background-size":"auto","background-attachment":"scroll","background-type":"","background-media":"","overlay-type":"","overlay-color":"","overlay-opacity":"","overlay-gradient":""},"mobile":{"background-color":"","background-image":"","background-repeat":"repeat","background-position":"center center","background-size":"auto","background-attachment":"scroll","background-type":"","background-media":"","overlay-type":"","overlay-color":"","overlay-opacity":"","overlay-gradient":""}},"ast-content-background-meta":{"desktop":{"background-color":"var(--ast-global-color-5)","background-image":"","background-repeat":"repeat","background-position":"center center","background-size":"auto","background-attachment":"scroll","background-type":"","background-media":"","overlay-type":"","overlay-color":"","overlay-opacity":"","overlay-gradient":""},"tablet":{"background-color":"var(--ast-global-color-5)","background-image":"","background-repeat":"repeat","background-position":"center center","background-size":"auto","background-attachment":"scroll","background-type":"","background-media":"","overlay-type":"","overlay-color":"","overlay-opacity":"","overlay-gradient":""},"mobile":{"background-color":"var(--ast-global-color-5)","background-image":"","background-repeat":"repeat","background-position":"center center","background-size":"auto","background-attachment":"scroll","background-type":"","background-media":"","overlay-type":"","overlay-color":"","overlay-opacity":"","overlay-gradient":""}},"footnotes":""},"categories":[8,512,441],"tags":[526],"class_list":["post-18726","post","type-post","status-publish","format-standard","has-post-thumbnail","hentry","category-edomex","category-metropoli","category-pan-estado-de-mexico","tag-edomex"],"yoast_head":"<!-- This site is optimized with the Yoast SEO plugin v27.4 - https:\/\/yoast.com\/product\/yoast-seo-wordpress\/ -->\n<title>A la calle el PAN Estado de M\u00e9xico, sigue con Jornadas de Salud y Apoyo al Gasto Familiar - Agencia252<\/title>\n<meta name=\"robots\" content=\"index, follow, max-snippet:-1, max-image-preview:large, max-video-preview:-1\" \/>\n<link rel=\"canonical\" href=\"https:\/\/agencia.252.com.mx\/home\/a-la-calle-el-pan-estado-de-mexico-sigue-con-jornadas-de-salud-y-apoyo-al-gasto-familiar\/\" \/>\n<meta property=\"og:locale\" content=\"es_ES\" \/>\n<meta property=\"og:type\" content=\"article\" \/>\n<meta property=\"og:title\" content=\"A la calle el PAN Estado de M\u00e9xico, sigue con Jornadas de Salud y Apoyo al Gasto Familiar - Agencia252\" \/>\n<meta property=\"og:description\" content=\"Visitas: 0 Juan Ignacio Corro&nbsp; Toluca, Estado de M\u00e9xico, a 26 de abril de 2026 El Partido Acci\u00f3n Nacional en el Estado de M\u00e9xico quiere mantener presencia territorial a trav\u00e9s de las Jornadas de Salud y Apoyo al Gasto Familiar, una estrategia permanente que acerca servicios m\u00e9dicos y productos de primera necesidad a las familias [&hellip;]\" \/>\n<meta property=\"og:url\" content=\"https:\/\/agencia.252.com.mx\/home\/a-la-calle-el-pan-estado-de-mexico-sigue-con-jornadas-de-salud-y-apoyo-al-gasto-familiar\/\" \/>\n<meta property=\"og:site_name\" content=\"Agencia252\" \/>\n<meta property=\"article:publisher\" content=\"https:\/\/www.facebook.com\/252Comunicacion\/\" \/>\n<meta property=\"article:author\" content=\"https:\/\/www.facebook.com\/jcorroherrera\/\" \/>\n<meta property=\"article:published_time\" content=\"2026-04-26T19:20:53+00:00\" \/>\n<meta property=\"article:modified_time\" content=\"2026-04-26T19:20:55+00:00\" \/>\n<meta property=\"og:image\" content=\"http:\/\/agencia.252.com.mx\/wp-content\/uploads\/2026\/04\/WhatsApp-Image-2026-04-26-at-10.06.59-AM-3.jpeg\" \/>\n\t<meta property=\"og:image:width\" content=\"1600\" \/>\n\t<meta property=\"og:image:height\" content=\"1066\" \/>\n\t<meta property=\"og:image:type\" content=\"image\/jpeg\" \/>\n<meta name=\"author\" content=\"Nacho Corro\" \/>\n<meta name=\"twitter:card\" content=\"summary_large_image\" \/>\n<meta name=\"twitter:creator\" content=\"@Juan Ignacio Corro Herrera\" \/>\n<meta name=\"twitter:site\" content=\"@252COMS\" \/>\n<meta name=\"twitter:label1\" content=\"Escrito por\" \/>\n\t<meta name=\"twitter:data1\" content=\"Nacho Corro\" \/>\n\t<meta name=\"twitter:label2\" content=\"Tiempo de lectura\" \/>\n\t<meta name=\"twitter:data2\" content=\"2 minutos\" \/>\n<script type=\"application\/ld+json\" class=\"yoast-schema-graph\">{\"@context\":\"https:\\\/\\\/schema.org\",\"@graph\":[{\"@type\":\"Article\",\"@id\":\"https:\\\/\\\/agencia.252.com.mx\\\/home\\\/a-la-calle-el-pan-estado-de-mexico-sigue-con-jornadas-de-salud-y-apoyo-al-gasto-familiar\\\/#article\",\"isPartOf\":{\"@id\":\"https:\\\/\\\/agencia.252.com.mx\\\/home\\\/a-la-calle-el-pan-estado-de-mexico-sigue-con-jornadas-de-salud-y-apoyo-al-gasto-familiar\\\/\"},\"author\":{\"name\":\"Nacho Corro\",\"@id\":\"https:\\\/\\\/agencia.252.com.mx\\\/home\\\/#\\\/schema\\\/person\\\/6b972021e9a92d45ade8c78d81509098\"},\"headline\":\"A la calle el PAN Estado de M\u00e9xico, sigue con Jornadas de Salud y Apoyo al Gasto Familiar\",\"datePublished\":\"2026-04-26T19:20:53+00:00\",\"dateModified\":\"2026-04-26T19:20:55+00:00\",\"mainEntityOfPage\":{\"@id\":\"https:\\\/\\\/agencia.252.com.mx\\\/home\\\/a-la-calle-el-pan-estado-de-mexico-sigue-con-jornadas-de-salud-y-apoyo-al-gasto-familiar\\\/\"},\"wordCount\":314,\"commentCount\":0,\"publisher\":{\"@id\":\"https:\\\/\\\/agencia.252.com.mx\\\/home\\\/#organization\"},\"image\":{\"@id\":\"https:\\\/\\\/agencia.252.com.mx\\\/home\\\/a-la-calle-el-pan-estado-de-mexico-sigue-con-jornadas-de-salud-y-apoyo-al-gasto-familiar\\\/#primaryimage\"},\"thumbnailUrl\":\"https:\\\/\\\/agencia.252.com.mx\\\/wp-content\\\/uploads\\\/2026\\\/04\\\/WhatsApp-Image-2026-04-26-at-10.06.59-AM-3.jpeg\",\"keywords\":[\"Edomex\"],\"articleSection\":[\"Edomex\",\"Metropoli\",\"PAN Estado de M\u00e9xico\"],\"inLanguage\":\"es\",\"potentialAction\":[{\"@type\":\"CommentAction\",\"name\":\"Comment\",\"target\":[\"https:\\\/\\\/agencia.252.com.mx\\\/home\\\/a-la-calle-el-pan-estado-de-mexico-sigue-con-jornadas-de-salud-y-apoyo-al-gasto-familiar\\\/#respond\"]}]},{\"@type\":\"WebPage\",\"@id\":\"https:\\\/\\\/agencia.252.com.mx\\\/home\\\/a-la-calle-el-pan-estado-de-mexico-sigue-con-jornadas-de-salud-y-apoyo-al-gasto-familiar\\\/\",\"url\":\"https:\\\/\\\/agencia.252.com.mx\\\/home\\\/a-la-calle-el-pan-estado-de-mexico-sigue-con-jornadas-de-salud-y-apoyo-al-gasto-familiar\\\/\",\"name\":\"A la calle el PAN Estado de M\u00e9xico, sigue con Jornadas de Salud y Apoyo al Gasto Familiar - Agencia252\",\"isPartOf\":{\"@id\":\"https:\\\/\\\/agencia.252.com.mx\\\/home\\\/#website\"},\"primaryImageOfPage\":{\"@id\":\"https:\\\/\\\/agencia.252.com.mx\\\/home\\\/a-la-calle-el-pan-estado-de-mexico-sigue-con-jornadas-de-salud-y-apoyo-al-gasto-familiar\\\/#primaryimage\"},\"image\":{\"@id\":\"https:\\\/\\\/agencia.252.com.mx\\\/home\\\/a-la-calle-el-pan-estado-de-mexico-sigue-con-jornadas-de-salud-y-apoyo-al-gasto-familiar\\\/#primaryimage\"},\"thumbnailUrl\":\"https:\\\/\\\/agencia.252.com.mx\\\/wp-content\\\/uploads\\\/2026\\\/04\\\/WhatsApp-Image-2026-04-26-at-10.06.59-AM-3.jpeg\",\"datePublished\":\"2026-04-26T19:20:53+00:00\",\"dateModified\":\"2026-04-26T19:20:55+00:00\",\"breadcrumb\":{\"@id\":\"https:\\\/\\\/agencia.252.com.mx\\\/home\\\/a-la-calle-el-pan-estado-de-mexico-sigue-con-jornadas-de-salud-y-apoyo-al-gasto-familiar\\\/#breadcrumb\"},\"inLanguage\":\"es\",\"potentialAction\":[{\"@type\":\"ReadAction\",\"target\":[\"https:\\\/\\\/agencia.252.com.mx\\\/home\\\/a-la-calle-el-pan-estado-de-mexico-sigue-con-jornadas-de-salud-y-apoyo-al-gasto-familiar\\\/\"]}]},{\"@type\":\"ImageObject\",\"inLanguage\":\"es\",\"@id\":\"https:\\\/\\\/agencia.252.com.mx\\\/home\\\/a-la-calle-el-pan-estado-de-mexico-sigue-con-jornadas-de-salud-y-apoyo-al-gasto-familiar\\\/#primaryimage\",\"url\":\"https:\\\/\\\/agencia.252.com.mx\\\/wp-content\\\/uploads\\\/2026\\\/04\\\/WhatsApp-Image-2026-04-26-at-10.06.59-AM-3.jpeg\",\"contentUrl\":\"https:\\\/\\\/agencia.252.com.mx\\\/wp-content\\\/uploads\\\/2026\\\/04\\\/WhatsApp-Image-2026-04-26-at-10.06.59-AM-3.jpeg\",\"width\":1600,\"height\":1066},{\"@type\":\"BreadcrumbList\",\"@id\":\"https:\\\/\\\/agencia.252.com.mx\\\/home\\\/a-la-calle-el-pan-estado-de-mexico-sigue-con-jornadas-de-salud-y-apoyo-al-gasto-familiar\\\/#breadcrumb\",\"itemListElement\":[{\"@type\":\"ListItem\",\"position\":1,\"name\":\"Portada\",\"item\":\"https:\\\/\\\/agencia.252.com.mx\\\/home\\\/\"},{\"@type\":\"ListItem\",\"position\":2,\"name\":\"A la calle el PAN Estado de M\u00e9xico, sigue con Jornadas de Salud y Apoyo al Gasto Familiar\"}]},{\"@type\":\"WebSite\",\"@id\":\"https:\\\/\\\/agencia.252.com.mx\\\/home\\\/#website\",\"url\":\"https:\\\/\\\/agencia.252.com.mx\\\/home\\\/\",\"name\":\"Agencia252\",\"description\":\"Tu espacio en la Red\",\"publisher\":{\"@id\":\"https:\\\/\\\/agencia.252.com.mx\\\/home\\\/#organization\"},\"potentialAction\":[{\"@type\":\"SearchAction\",\"target\":{\"@type\":\"EntryPoint\",\"urlTemplate\":\"https:\\\/\\\/agencia.252.com.mx\\\/home\\\/?s={search_term_string}\"},\"query-input\":{\"@type\":\"PropertyValueSpecification\",\"valueRequired\":true,\"valueName\":\"search_term_string\"}}],\"inLanguage\":\"es\"},{\"@type\":\"Organization\",\"@id\":\"https:\\\/\\\/agencia.252.com.mx\\\/home\\\/#organization\",\"name\":\"Agencia252\",\"url\":\"https:\\\/\\\/agencia.252.com.mx\\\/home\\\/\",\"logo\":{\"@type\":\"ImageObject\",\"inLanguage\":\"es\",\"@id\":\"https:\\\/\\\/agencia.252.com.mx\\\/home\\\/#\\\/schema\\\/logo\\\/image\\\/\",\"url\":\"https:\\\/\\\/agencia.252.com.mx\\\/wp-content\\\/uploads\\\/2023\\\/02\\\/cropped-ciruclo-agencia-e1677562404136.png\",\"contentUrl\":\"https:\\\/\\\/agencia.252.com.mx\\\/wp-content\\\/uploads\\\/2023\\\/02\\\/cropped-ciruclo-agencia-e1677562404136.png\",\"width\":512,\"height\":512,\"caption\":\"Agencia252\"},\"image\":{\"@id\":\"https:\\\/\\\/agencia.252.com.mx\\\/home\\\/#\\\/schema\\\/logo\\\/image\\\/\"},\"sameAs\":[\"https:\\\/\\\/www.facebook.com\\\/252Comunicacion\\\/\",\"https:\\\/\\\/x.com\\\/252COMS\"]},{\"@type\":\"Person\",\"@id\":\"https:\\\/\\\/agencia.252.com.mx\\\/home\\\/#\\\/schema\\\/person\\\/6b972021e9a92d45ade8c78d81509098\",\"name\":\"Nacho Corro\",\"image\":{\"@type\":\"ImageObject\",\"inLanguage\":\"es\",\"@id\":\"https:\\\/\\\/secure.gravatar.com\\\/avatar\\\/5db6df507cfe1307e192fbb498c6b85f1cf2ffd8b4cd37141b9eea588fcbd5a4?s=96&r=g\",\"url\":\"https:\\\/\\\/secure.gravatar.com\\\/avatar\\\/5db6df507cfe1307e192fbb498c6b85f1cf2ffd8b4cd37141b9eea588fcbd5a4?s=96&r=g\",\"contentUrl\":\"https:\\\/\\\/secure.gravatar.com\\\/avatar\\\/5db6df507cfe1307e192fbb498c6b85f1cf2ffd8b4cd37141b9eea588fcbd5a4?s=96&r=g\",\"caption\":\"Nacho Corro\"},\"description\":\"Comunicador Social, Periodista y Administraci\u00f3n P\u00fablica. Conversador pol\u00edtico, temas electorales y seguridad. Generador de contenidos digitales. Amante de la fotograf\u00eda\",\"sameAs\":[\"https:\\\/\\\/www.facebook.com\\\/jcorroherrera\\\/\",\"www.instagram.com\\\/nachocorro\\\/\",\"https:\\\/\\\/x.com\\\/Juan Ignacio Corro Herrera\"],\"url\":\"https:\\\/\\\/agencia.252.com.mx\\\/home\\\/author\\\/i-corro\\\/\"}]}<\/script>\n<!-- \/ Yoast SEO plugin. -->","yoast_head_json":{"title":"A la calle el PAN Estado de M\u00e9xico, sigue con Jornadas de Salud y Apoyo al Gasto Familiar - Agencia252","robots":{"index":"index","follow":"follow","max-snippet":"max-snippet:-1","max-image-preview":"max-image-preview:large","max-video-preview":"max-video-preview:-1"},"canonical":"https:\/\/agencia.252.com.mx\/home\/a-la-calle-el-pan-estado-de-mexico-sigue-con-jornadas-de-salud-y-apoyo-al-gasto-familiar\/","og_locale":"es_ES","og_type":"article","og_title":"A la calle el PAN Estado de M\u00e9xico, sigue con Jornadas de Salud y Apoyo al Gasto Familiar - Agencia252","og_description":"Visitas: 0 Juan Ignacio Corro&nbsp; Toluca, Estado de M\u00e9xico, a 26 de abril de 2026 El Partido Acci\u00f3n Nacional en el Estado de M\u00e9xico quiere mantener presencia territorial a trav\u00e9s de las Jornadas de Salud y Apoyo al Gasto Familiar, una estrategia permanente que acerca servicios m\u00e9dicos y productos de primera necesidad a las familias [&hellip;]","og_url":"https:\/\/agencia.252.com.mx\/home\/a-la-calle-el-pan-estado-de-mexico-sigue-con-jornadas-de-salud-y-apoyo-al-gasto-familiar\/","og_site_name":"Agencia252","article_publisher":"https:\/\/www.facebook.com\/252Comunicacion\/","article_author":"https:\/\/www.facebook.com\/jcorroherrera\/","article_published_time":"2026-04-26T19:20:53+00:00","article_modified_time":"2026-04-26T19:20:55+00:00","og_image":[{"width":1600,"height":1066,"url":"http:\/\/agencia.252.com.mx\/wp-content\/uploads\/2026\/04\/WhatsApp-Image-2026-04-26-at-10.06.59-AM-3.jpeg","type":"image\/jpeg"}],"author":"Nacho Corro","twitter_card":"summary_large_image","twitter_creator":"@Juan Ignacio Corro Herrera","twitter_site":"@252COMS","twitter_misc":{"Escrito por":"Nacho Corro","Tiempo de lectura":"2 minutos"},"schema":{"@context":"https:\/\/schema.org","@graph":[{"@type":"Article","@id":"https:\/\/agencia.252.com.mx\/home\/a-la-calle-el-pan-estado-de-mexico-sigue-con-jornadas-de-salud-y-apoyo-al-gasto-familiar\/#article","isPartOf":{"@id":"https:\/\/agencia.252.com.mx\/home\/a-la-calle-el-pan-estado-de-mexico-sigue-con-jornadas-de-salud-y-apoyo-al-gasto-familiar\/"},"author":{"name":"Nacho Corro","@id":"https:\/\/agencia.252.com.mx\/home\/#\/schema\/person\/6b972021e9a92d45ade8c78d81509098"},"headline":"A la calle el PAN Estado de M\u00e9xico, sigue con Jornadas de Salud y Apoyo al Gasto Familiar","datePublished":"2026-04-26T19:20:53+00:00","dateModified":"2026-04-26T19:20:55+00:00","mainEntityOfPage":{"@id":"https:\/\/agencia.252.com.mx\/home\/a-la-calle-el-pan-estado-de-mexico-sigue-con-jornadas-de-salud-y-apoyo-al-gasto-familiar\/"},"wordCount":314,"commentCount":0,"publisher":{"@id":"https:\/\/agencia.252.com.mx\/home\/#organization"},"image":{"@id":"https:\/\/agencia.252.com.mx\/home\/a-la-calle-el-pan-estado-de-mexico-sigue-con-jornadas-de-salud-y-apoyo-al-gasto-familiar\/#primaryimage"},"thumbnailUrl":"https:\/\/agencia.252.com.mx\/wp-content\/uploads\/2026\/04\/WhatsApp-Image-2026-04-26-at-10.06.59-AM-3.jpeg","keywords":["Edomex"],"articleSection":["Edomex","Metropoli","PAN Estado de M\u00e9xico"],"inLanguage":"es","potentialAction":[{"@type":"CommentAction","name":"Comment","target":["https:\/\/agencia.252.com.mx\/home\/a-la-calle-el-pan-estado-de-mexico-sigue-con-jornadas-de-salud-y-apoyo-al-gasto-familiar\/#respond"]}]},{"@type":"WebPage","@id":"https:\/\/agencia.252.com.mx\/home\/a-la-calle-el-pan-estado-de-mexico-sigue-con-jornadas-de-salud-y-apoyo-al-gasto-familiar\/","url":"https:\/\/agencia.252.com.mx\/home\/a-la-calle-el-pan-estado-de-mexico-sigue-con-jornadas-de-salud-y-apoyo-al-gasto-familiar\/","name":"A la calle el PAN Estado de M\u00e9xico, sigue con Jornadas de Salud y Apoyo al Gasto Familiar - Agencia252","isPartOf":{"@id":"https:\/\/agencia.252.com.mx\/home\/#website"},"primaryImageOfPage":{"@id":"https:\/\/agencia.252.com.mx\/home\/a-la-calle-el-pan-estado-de-mexico-sigue-con-jornadas-de-salud-y-apoyo-al-gasto-familiar\/#primaryimage"},"image":{"@id":"https:\/\/agencia.252.com.mx\/home\/a-la-calle-el-pan-estado-de-mexico-sigue-con-jornadas-de-salud-y-apoyo-al-gasto-familiar\/#primaryimage"},"thumbnailUrl":"https:\/\/agencia.252.com.mx\/wp-content\/uploads\/2026\/04\/WhatsApp-Image-2026-04-26-at-10.06.59-AM-3.jpeg","datePublished":"2026-04-26T19:20:53+00:00","dateModified":"2026-04-26T19:20:55+00:00","breadcrumb":{"@id":"https:\/\/agencia.252.com.mx\/home\/a-la-calle-el-pan-estado-de-mexico-sigue-con-jornadas-de-salud-y-apoyo-al-gasto-familiar\/#breadcrumb"},"inLanguage":"es","potentialAction":[{"@type":"ReadAction","target":["https:\/\/agencia.252.com.mx\/home\/a-la-calle-el-pan-estado-de-mexico-sigue-con-jornadas-de-salud-y-apoyo-al-gasto-familiar\/"]}]},{"@type":"ImageObject","inLanguage":"es","@id":"https:\/\/agencia.252.com.mx\/home\/a-la-calle-el-pan-estado-de-mexico-sigue-con-jornadas-de-salud-y-apoyo-al-gasto-familiar\/#primaryimage","url":"https:\/\/agencia.252.com.mx\/wp-content\/uploads\/2026\/04\/WhatsApp-Image-2026-04-26-at-10.06.59-AM-3.jpeg","contentUrl":"https:\/\/agencia.252.com.mx\/wp-content\/uploads\/2026\/04\/WhatsApp-Image-2026-04-26-at-10.06.59-AM-3.jpeg","width":1600,"height":1066},{"@type":"BreadcrumbList","@id":"https:\/\/agencia.252.com.mx\/home\/a-la-calle-el-pan-estado-de-mexico-sigue-con-jornadas-de-salud-y-apoyo-al-gasto-familiar\/#breadcrumb","itemListElement":[{"@type":"ListItem","position":1,"name":"Portada","item":"https:\/\/agencia.252.com.mx\/home\/"},{"@type":"ListItem","position":2,"name":"A la calle el PAN Estado de M\u00e9xico, sigue con Jornadas de Salud y Apoyo al Gasto Familiar"}]},{"@type":"WebSite","@id":"https:\/\/agencia.252.com.mx\/home\/#website","url":"https:\/\/agencia.252.com.mx\/home\/","name":"Agencia252","description":"Tu espacio en la Red","publisher":{"@id":"https:\/\/agencia.252.com.mx\/home\/#organization"},"potentialAction":[{"@type":"SearchAction","target":{"@type":"EntryPoint","urlTemplate":"https:\/\/agencia.252.com.mx\/home\/?s={search_term_string}"},"query-input":{"@type":"PropertyValueSpecification","valueRequired":true,"valueName":"search_term_string"}}],"inLanguage":"es"},{"@type":"Organization","@id":"https:\/\/agencia.252.com.mx\/home\/#organization","name":"Agencia252","url":"https:\/\/agencia.252.com.mx\/home\/","logo":{"@type":"ImageObject","inLanguage":"es","@id":"https:\/\/agencia.252.com.mx\/home\/#\/schema\/logo\/image\/","url":"https:\/\/agencia.252.com.mx\/wp-content\/uploads\/2023\/02\/cropped-ciruclo-agencia-e1677562404136.png","contentUrl":"https:\/\/agencia.252.com.mx\/wp-content\/uploads\/2023\/02\/cropped-ciruclo-agencia-e1677562404136.png","width":512,"height":512,"caption":"Agencia252"},"image":{"@id":"https:\/\/agencia.252.com.mx\/home\/#\/schema\/logo\/image\/"},"sameAs":["https:\/\/www.facebook.com\/252Comunicacion\/","https:\/\/x.com\/252COMS"]},{"@type":"Person","@id":"https:\/\/agencia.252.com.mx\/home\/#\/schema\/person\/6b972021e9a92d45ade8c78d81509098","name":"Nacho Corro","image":{"@type":"ImageObject","inLanguage":"es","@id":"https:\/\/secure.gravatar.com\/avatar\/5db6df507cfe1307e192fbb498c6b85f1cf2ffd8b4cd37141b9eea588fcbd5a4?s=96&r=g","url":"https:\/\/secure.gravatar.com\/avatar\/5db6df507cfe1307e192fbb498c6b85f1cf2ffd8b4cd37141b9eea588fcbd5a4?s=96&r=g","contentUrl":"https:\/\/secure.gravatar.com\/avatar\/5db6df507cfe1307e192fbb498c6b85f1cf2ffd8b4cd37141b9eea588fcbd5a4?s=96&r=g","caption":"Nacho Corro"},"description":"Comunicador Social, Periodista y Administraci\u00f3n P\u00fablica. Conversador pol\u00edtico, temas electorales y seguridad. Generador de contenidos digitales. Amante de la fotograf\u00eda","sameAs":["https:\/\/www.facebook.com\/jcorroherrera\/","www.instagram.com\/nachocorro\/","https:\/\/x.com\/Juan Ignacio Corro Herrera"],"url":"https:\/\/agencia.252.com.mx\/home\/author\/i-corro\/"}]}},"_links":{"self":[{"href":"https:\/\/agencia.252.com.mx\/home\/wp-json\/wp\/v2\/posts\/18726","targetHints":{"allow":["GET"]}}],"collection":[{"href":"https:\/\/agencia.252.com.mx\/home\/wp-json\/wp\/v2\/posts"}],"about":[{"href":"https:\/\/agencia.252.com.mx\/home\/wp-json\/wp\/v2\/types\/post"}],"author":[{"embeddable":true,"href":"https:\/\/agencia.252.com.mx\/home\/wp-json\/wp\/v2\/users\/5"}],"replies":[{"embeddable":true,"href":"https:\/\/agencia.252.com.mx\/home\/wp-json\/wp\/v2\/comments?post=18726"}],"version-history":[{"count":1,"href":"https:\/\/agencia.252.com.mx\/home\/wp-json\/wp\/v2\/posts\/18726\/revisions"}],"predecessor-version":[{"id":18729,"href":"https:\/\/agencia.252.com.mx\/home\/wp-json\/wp\/v2\/posts\/18726\/revisions\/18729"}],"wp:featuredmedia":[{"embeddable":true,"href":"https:\/\/agencia.252.com.mx\/home\/wp-json\/wp\/v2\/media\/18728"}],"wp:attachment":[{"href":"https:\/\/agencia.252.com.mx\/home\/wp-json\/wp\/v2\/media?parent=18726"}],"wp:term":[{"taxonomy":"category","embeddable":true,"href":"https:\/\/agencia.252.com.mx\/home\/wp-json\/wp\/v2\/categories?post=18726"},{"taxonomy":"post_tag","embeddable":true,"href":"https:\/\/agencia.252.com.mx\/home\/wp-json\/wp\/v2\/tags?post=18726"}],"curies":[{"name":"wp","href":"https:\/\/api.w.org\/{rel}","templated":true}]}}