{"id":18723,"date":"2026-04-26T11:37:47","date_gmt":"2026-04-26T17:37:47","guid":{"rendered":"https:\/\/agencia.252.com.mx\/home\/?p=18723"},"modified":"2026-04-26T11:38:28","modified_gmt":"2026-04-26T17:38:28","slug":"respalda-autoridad-mexiquense-agenda-de-derechos-para-mujeres-con-el-colectivo-501-en-el-edomex","status":"publish","type":"post","link":"https:\/\/agencia.252.com.mx\/home\/respalda-autoridad-mexiquense-agenda-de-derechos-para-mujeres-con-el-colectivo-501-en-el-edomex\/","title":{"rendered":"Respalda autoridad mexiquense agenda de derechos para mujeres con el Colectivo 50+1 en el EdoM\u00e9x"},"content":{"rendered":"<p>Visitas: 1<\/p>\n<ul class=\"wp-block-list\">\n<li><em>Necesario construir una sociedad m\u00e1s justa e igualitaria, y fortalecer la transformaci\u00f3n que impulsan de forma coordinada los tres poderes de gobierno en favor de las mexiquenses.<\/em><\/li>\n<\/ul>\n\n\n\n<p>Juan Ignacio Corro&nbsp;<\/p>\n\n\n\n<p class=\"has-text-align-right\">Toluca, Estado de M\u00e9xico, a 26 de abril de 2026<\/p>\n\n\n\n<p>El nuevo Comit\u00e9 Directivo del Colectivo 50+1, cap\u00edtulo Estado de M\u00e9xico tomo protesta, organismo conformado por mujeres destacadas en diversos \u00e1mbitos de la vida p\u00fablica: pol\u00edticas, empresarias, magistradas, juzgadoras, acad\u00e9micas, activistas y profesionistas, quienes con su experiencia y trayectoria abren camino para las siguientes generaciones en favor de la paridad de g\u00e9nero<\/p>\n\n\n\n<p>En el Congreso local, la diputada federal por el Distrito 34 Toluca, M\u00f3nica \u00c1lvarez Nemer, se erigi\u00f3 como la nueva presidenta del Colectivo en la entidad, cargo que, asegur\u00f3, representa una oportunidad para continuar la construcci\u00f3n de una sociedad m\u00e1s justa e igualitaria, y fortalecer la transformaci\u00f3n que impulsan de forma coordinada los tres poderes de gobierno en favor de las mexiquenses.<\/p>\n\n\n\n<p>Destac\u00f3 las modificaciones a la Ley de Acceso de las Mujeres a una Vida Libre de Violencia y al C\u00f3digo Civil, que reconocen la violencia vicaria para proteger a las mujeres y a sus hijos, as\u00ed como la violencia digital, esta \u00faltima con base en la \u201cLey Olimpia\u201d.<\/p>\n\n\n\n<p>Adem\u00e1s, record\u00f3 la reforma a la Constituci\u00f3n estatal para impulsar el Juzgado LIBRE, en coordinaci\u00f3n con la Comisi\u00f3n de Derechos Humanos del Estado de M\u00e9xico (CODHEM), a fin de emitir medidas de protecci\u00f3n urgentes; as\u00ed como la firma del Compromiso por la Igualdad con los 125 municipios.<\/p>\n\n\n\n<p>\u00c1lvarez Nemer afirm\u00f3 que su trabajo se realizar\u00e1 con honorabilidad y dignidad por una vida igualitaria en el pa\u00eds y para salvaguardar los derechos sociales de todas y todos, acorde con la Agenda 2030, con la convicci\u00f3n de caminar juntas en tiempo de mujeres, con la primera Presidenta de M\u00e9xico, la Doctora Claudia Sheinbaum Pardo, y la primera Gobernadora mexiquense, Delfina G\u00f3mez \u00c1lvarez.<\/p>\n\n\n\n<p>Asistieron al evento Mar\u00eda Elena Orantes L\u00f3pez, presidenta de 50+1 Internacional; Martha Azucena Camacho Reynoso, presidenta de la Mesa Directiva de la Sexag\u00e9sima Segunda Legislatura estatal; Ana Lilia Herrera Anzaldo, presidenta saliente de 50+1 cap\u00edtulo Estado de M\u00e9xico; Gabriela Georgina Jim\u00e9nez Godoy, representante del Poder Legislativo federal y fundadora de 50+1; Diva Gast\u00e9lum Bajo, vicepresidenta de 50+1 M\u00e9xico; y Claudia Trujillo Rinc\u00f3n, secretaria t\u00e9cnica de 50+1 Internacional; as\u00ed como integrantes del gabinete estatal, del Congreso federal y estatal, e invitadas especiales.<\/p>\n","protected":false},"excerpt":{"rendered":"<p>Visitas: 1 Juan Ignacio Corro&nbsp; Toluca, Estado de M\u00e9xico, a 26 de abril de 2026 El nuevo Comit\u00e9 Directivo del Colectivo 50+1, cap\u00edtulo Estado de M\u00e9xico tomo protesta, organismo conformado por mujeres destacadas en diversos \u00e1mbitos de la vida p\u00fablica: pol\u00edticas, empresarias, magistradas, juzgadoras, acad\u00e9micas, activistas y profesionistas, quienes con su experiencia y trayectoria abren [&hellip;]<\/p>\n","protected":false},"author":5,"featured_media":18724,"comment_status":"open","ping_status":"open","sticky":false,"template":"","format":"standard","meta":{"site-sidebar-layout":"default","site-content-layout":"","ast-site-content-layout":"default","site-content-style":"default","site-sidebar-style":"default","ast-global-header-display":"","ast-banner-title-visibility":"","ast-main-header-display":"","ast-hfb-above-header-display":"","ast-hfb-below-header-display":"","ast-hfb-mobile-header-display":"","site-post-title":"","ast-breadcrumbs-content":"","ast-featured-img":"","footer-sml-layout":"","ast-disable-related-posts":"","theme-transparent-header-meta":"","adv-header-id-meta":"","stick-header-meta":"","header-above-stick-meta":"","header-main-stick-meta":"","header-below-stick-meta":"","astra-migrate-meta-layouts":"set","ast-page-background-enabled":"default","ast-page-background-meta":{"desktop":{"background-color":"var(--ast-global-color-4)","background-image":"","background-repeat":"repeat","background-position":"center center","background-size":"auto","background-attachment":"scroll","background-type":"","background-media":"","overlay-type":"","overlay-color":"","overlay-opacity":"","overlay-gradient":""},"tablet":{"background-color":"","background-image":"","background-repeat":"repeat","background-position":"center center","background-size":"auto","background-attachment":"scroll","background-type":"","background-media":"","overlay-type":"","overlay-color":"","overlay-opacity":"","overlay-gradient":""},"mobile":{"background-color":"","background-image":"","background-repeat":"repeat","background-position":"center center","background-size":"auto","background-attachment":"scroll","background-type":"","background-media":"","overlay-type":"","overlay-color":"","overlay-opacity":"","overlay-gradient":""}},"ast-content-background-meta":{"desktop":{"background-color":"var(--ast-global-color-5)","background-image":"","background-repeat":"repeat","background-position":"center center","background-size":"auto","background-attachment":"scroll","background-type":"","background-media":"","overlay-type":"","overlay-color":"","overlay-opacity":"","overlay-gradient":""},"tablet":{"background-color":"var(--ast-global-color-5)","background-image":"","background-repeat":"repeat","background-position":"center center","background-size":"auto","background-attachment":"scroll","background-type":"","background-media":"","overlay-type":"","overlay-color":"","overlay-opacity":"","overlay-gradient":""},"mobile":{"background-color":"var(--ast-global-color-5)","background-image":"","background-repeat":"repeat","background-position":"center center","background-size":"auto","background-attachment":"scroll","background-type":"","background-media":"","overlay-type":"","overlay-color":"","overlay-opacity":"","overlay-gradient":""}},"footnotes":""},"categories":[94,8,53,68],"tags":[526],"class_list":["post-18723","post","type-post","status-publish","format-standard","has-post-thumbnail","hentry","category-congreso-edomex","category-edomex","category-mujeres","category-seguridad","tag-edomex"],"yoast_head":"<!-- This site is optimized with the Yoast SEO plugin v27.4 - https:\/\/yoast.com\/product\/yoast-seo-wordpress\/ -->\n<title>Respalda autoridad mexiquense agenda de derechos para mujeres con el Colectivo 50+1 en el EdoM\u00e9x - Agencia252<\/title>\n<meta name=\"robots\" content=\"index, follow, max-snippet:-1, max-image-preview:large, max-video-preview:-1\" \/>\n<link rel=\"canonical\" href=\"https:\/\/agencia.252.com.mx\/home\/respalda-autoridad-mexiquense-agenda-de-derechos-para-mujeres-con-el-colectivo-501-en-el-edomex\/\" \/>\n<meta property=\"og:locale\" content=\"es_ES\" \/>\n<meta property=\"og:type\" content=\"article\" \/>\n<meta property=\"og:title\" content=\"Respalda autoridad mexiquense agenda de derechos para mujeres con el Colectivo 50+1 en el EdoM\u00e9x - Agencia252\" \/>\n<meta property=\"og:description\" content=\"Visitas: 1 Juan Ignacio Corro&nbsp; Toluca, Estado de M\u00e9xico, a 26 de abril de 2026 El nuevo Comit\u00e9 Directivo del Colectivo 50+1, cap\u00edtulo Estado de M\u00e9xico tomo protesta, organismo conformado por mujeres destacadas en diversos \u00e1mbitos de la vida p\u00fablica: pol\u00edticas, empresarias, magistradas, juzgadoras, acad\u00e9micas, activistas y profesionistas, quienes con su experiencia y trayectoria abren [&hellip;]\" \/>\n<meta property=\"og:url\" content=\"https:\/\/agencia.252.com.mx\/home\/respalda-autoridad-mexiquense-agenda-de-derechos-para-mujeres-con-el-colectivo-501-en-el-edomex\/\" \/>\n<meta property=\"og:site_name\" content=\"Agencia252\" \/>\n<meta property=\"article:publisher\" content=\"https:\/\/www.facebook.com\/252Comunicacion\/\" \/>\n<meta property=\"article:author\" content=\"https:\/\/www.facebook.com\/jcorroherrera\/\" \/>\n<meta property=\"article:published_time\" content=\"2026-04-26T17:37:47+00:00\" \/>\n<meta property=\"article:modified_time\" content=\"2026-04-26T17:38:28+00:00\" \/>\n<meta property=\"og:image\" content=\"http:\/\/agencia.252.com.mx\/wp-content\/uploads\/2026\/04\/WhatsApp-Image-2026-04-25-at-4.54.55-PM-2.jpeg\" \/>\n\t<meta property=\"og:image:width\" content=\"1280\" \/>\n\t<meta property=\"og:image:height\" content=\"853\" \/>\n\t<meta property=\"og:image:type\" content=\"image\/jpeg\" \/>\n<meta name=\"author\" content=\"Nacho Corro\" \/>\n<meta name=\"twitter:card\" content=\"summary_large_image\" \/>\n<meta name=\"twitter:creator\" content=\"@Juan Ignacio Corro Herrera\" \/>\n<meta name=\"twitter:site\" content=\"@252COMS\" \/>\n<meta name=\"twitter:label1\" content=\"Escrito por\" \/>\n\t<meta name=\"twitter:data1\" content=\"Nacho Corro\" \/>\n\t<meta name=\"twitter:label2\" content=\"Tiempo de lectura\" \/>\n\t<meta name=\"twitter:data2\" content=\"3 minutos\" \/>\n<script type=\"application\/ld+json\" class=\"yoast-schema-graph\">{\"@context\":\"https:\\\/\\\/schema.org\",\"@graph\":[{\"@type\":\"Article\",\"@id\":\"https:\\\/\\\/agencia.252.com.mx\\\/home\\\/respalda-autoridad-mexiquense-agenda-de-derechos-para-mujeres-con-el-colectivo-501-en-el-edomex\\\/#article\",\"isPartOf\":{\"@id\":\"https:\\\/\\\/agencia.252.com.mx\\\/home\\\/respalda-autoridad-mexiquense-agenda-de-derechos-para-mujeres-con-el-colectivo-501-en-el-edomex\\\/\"},\"author\":{\"name\":\"Nacho Corro\",\"@id\":\"https:\\\/\\\/agencia.252.com.mx\\\/home\\\/#\\\/schema\\\/person\\\/6b972021e9a92d45ade8c78d81509098\"},\"headline\":\"Respalda autoridad mexiquense agenda de derechos para mujeres con el Colectivo 50+1 en el EdoM\u00e9x\",\"datePublished\":\"2026-04-26T17:37:47+00:00\",\"dateModified\":\"2026-04-26T17:38:28+00:00\",\"mainEntityOfPage\":{\"@id\":\"https:\\\/\\\/agencia.252.com.mx\\\/home\\\/respalda-autoridad-mexiquense-agenda-de-derechos-para-mujeres-con-el-colectivo-501-en-el-edomex\\\/\"},\"wordCount\":432,\"commentCount\":0,\"publisher\":{\"@id\":\"https:\\\/\\\/agencia.252.com.mx\\\/home\\\/#organization\"},\"image\":{\"@id\":\"https:\\\/\\\/agencia.252.com.mx\\\/home\\\/respalda-autoridad-mexiquense-agenda-de-derechos-para-mujeres-con-el-colectivo-501-en-el-edomex\\\/#primaryimage\"},\"thumbnailUrl\":\"https:\\\/\\\/agencia.252.com.mx\\\/wp-content\\\/uploads\\\/2026\\\/04\\\/WhatsApp-Image-2026-04-25-at-4.54.55-PM-2.jpeg\",\"keywords\":[\"Edomex\"],\"articleSection\":[\"Congreso Edomex\",\"Edomex\",\"Mujeres\",\"Seguridad\"],\"inLanguage\":\"es\",\"potentialAction\":[{\"@type\":\"CommentAction\",\"name\":\"Comment\",\"target\":[\"https:\\\/\\\/agencia.252.com.mx\\\/home\\\/respalda-autoridad-mexiquense-agenda-de-derechos-para-mujeres-con-el-colectivo-501-en-el-edomex\\\/#respond\"]}]},{\"@type\":\"WebPage\",\"@id\":\"https:\\\/\\\/agencia.252.com.mx\\\/home\\\/respalda-autoridad-mexiquense-agenda-de-derechos-para-mujeres-con-el-colectivo-501-en-el-edomex\\\/\",\"url\":\"https:\\\/\\\/agencia.252.com.mx\\\/home\\\/respalda-autoridad-mexiquense-agenda-de-derechos-para-mujeres-con-el-colectivo-501-en-el-edomex\\\/\",\"name\":\"Respalda autoridad mexiquense agenda de derechos para mujeres con el Colectivo 50+1 en el EdoM\u00e9x - Agencia252\",\"isPartOf\":{\"@id\":\"https:\\\/\\\/agencia.252.com.mx\\\/home\\\/#website\"},\"primaryImageOfPage\":{\"@id\":\"https:\\\/\\\/agencia.252.com.mx\\\/home\\\/respalda-autoridad-mexiquense-agenda-de-derechos-para-mujeres-con-el-colectivo-501-en-el-edomex\\\/#primaryimage\"},\"image\":{\"@id\":\"https:\\\/\\\/agencia.252.com.mx\\\/home\\\/respalda-autoridad-mexiquense-agenda-de-derechos-para-mujeres-con-el-colectivo-501-en-el-edomex\\\/#primaryimage\"},\"thumbnailUrl\":\"https:\\\/\\\/agencia.252.com.mx\\\/wp-content\\\/uploads\\\/2026\\\/04\\\/WhatsApp-Image-2026-04-25-at-4.54.55-PM-2.jpeg\",\"datePublished\":\"2026-04-26T17:37:47+00:00\",\"dateModified\":\"2026-04-26T17:38:28+00:00\",\"breadcrumb\":{\"@id\":\"https:\\\/\\\/agencia.252.com.mx\\\/home\\\/respalda-autoridad-mexiquense-agenda-de-derechos-para-mujeres-con-el-colectivo-501-en-el-edomex\\\/#breadcrumb\"},\"inLanguage\":\"es\",\"potentialAction\":[{\"@type\":\"ReadAction\",\"target\":[\"https:\\\/\\\/agencia.252.com.mx\\\/home\\\/respalda-autoridad-mexiquense-agenda-de-derechos-para-mujeres-con-el-colectivo-501-en-el-edomex\\\/\"]}]},{\"@type\":\"ImageObject\",\"inLanguage\":\"es\",\"@id\":\"https:\\\/\\\/agencia.252.com.mx\\\/home\\\/respalda-autoridad-mexiquense-agenda-de-derechos-para-mujeres-con-el-colectivo-501-en-el-edomex\\\/#primaryimage\",\"url\":\"https:\\\/\\\/agencia.252.com.mx\\\/wp-content\\\/uploads\\\/2026\\\/04\\\/WhatsApp-Image-2026-04-25-at-4.54.55-PM-2.jpeg\",\"contentUrl\":\"https:\\\/\\\/agencia.252.com.mx\\\/wp-content\\\/uploads\\\/2026\\\/04\\\/WhatsApp-Image-2026-04-25-at-4.54.55-PM-2.jpeg\",\"width\":1280,\"height\":853},{\"@type\":\"BreadcrumbList\",\"@id\":\"https:\\\/\\\/agencia.252.com.mx\\\/home\\\/respalda-autoridad-mexiquense-agenda-de-derechos-para-mujeres-con-el-colectivo-501-en-el-edomex\\\/#breadcrumb\",\"itemListElement\":[{\"@type\":\"ListItem\",\"position\":1,\"name\":\"Portada\",\"item\":\"https:\\\/\\\/agencia.252.com.mx\\\/home\\\/\"},{\"@type\":\"ListItem\",\"position\":2,\"name\":\"Respalda autoridad mexiquense agenda de derechos para mujeres con el Colectivo 50+1 en el EdoM\u00e9x\"}]},{\"@type\":\"WebSite\",\"@id\":\"https:\\\/\\\/agencia.252.com.mx\\\/home\\\/#website\",\"url\":\"https:\\\/\\\/agencia.252.com.mx\\\/home\\\/\",\"name\":\"Agencia252\",\"description\":\"Tu espacio en la Red\",\"publisher\":{\"@id\":\"https:\\\/\\\/agencia.252.com.mx\\\/home\\\/#organization\"},\"potentialAction\":[{\"@type\":\"SearchAction\",\"target\":{\"@type\":\"EntryPoint\",\"urlTemplate\":\"https:\\\/\\\/agencia.252.com.mx\\\/home\\\/?s={search_term_string}\"},\"query-input\":{\"@type\":\"PropertyValueSpecification\",\"valueRequired\":true,\"valueName\":\"search_term_string\"}}],\"inLanguage\":\"es\"},{\"@type\":\"Organization\",\"@id\":\"https:\\\/\\\/agencia.252.com.mx\\\/home\\\/#organization\",\"name\":\"Agencia252\",\"url\":\"https:\\\/\\\/agencia.252.com.mx\\\/home\\\/\",\"logo\":{\"@type\":\"ImageObject\",\"inLanguage\":\"es\",\"@id\":\"https:\\\/\\\/agencia.252.com.mx\\\/home\\\/#\\\/schema\\\/logo\\\/image\\\/\",\"url\":\"https:\\\/\\\/agencia.252.com.mx\\\/wp-content\\\/uploads\\\/2023\\\/02\\\/cropped-ciruclo-agencia-e1677562404136.png\",\"contentUrl\":\"https:\\\/\\\/agencia.252.com.mx\\\/wp-content\\\/uploads\\\/2023\\\/02\\\/cropped-ciruclo-agencia-e1677562404136.png\",\"width\":512,\"height\":512,\"caption\":\"Agencia252\"},\"image\":{\"@id\":\"https:\\\/\\\/agencia.252.com.mx\\\/home\\\/#\\\/schema\\\/logo\\\/image\\\/\"},\"sameAs\":[\"https:\\\/\\\/www.facebook.com\\\/252Comunicacion\\\/\",\"https:\\\/\\\/x.com\\\/252COMS\"]},{\"@type\":\"Person\",\"@id\":\"https:\\\/\\\/agencia.252.com.mx\\\/home\\\/#\\\/schema\\\/person\\\/6b972021e9a92d45ade8c78d81509098\",\"name\":\"Nacho Corro\",\"image\":{\"@type\":\"ImageObject\",\"inLanguage\":\"es\",\"@id\":\"https:\\\/\\\/secure.gravatar.com\\\/avatar\\\/5db6df507cfe1307e192fbb498c6b85f1cf2ffd8b4cd37141b9eea588fcbd5a4?s=96&r=g\",\"url\":\"https:\\\/\\\/secure.gravatar.com\\\/avatar\\\/5db6df507cfe1307e192fbb498c6b85f1cf2ffd8b4cd37141b9eea588fcbd5a4?s=96&r=g\",\"contentUrl\":\"https:\\\/\\\/secure.gravatar.com\\\/avatar\\\/5db6df507cfe1307e192fbb498c6b85f1cf2ffd8b4cd37141b9eea588fcbd5a4?s=96&r=g\",\"caption\":\"Nacho Corro\"},\"description\":\"Comunicador Social, Periodista y Administraci\u00f3n P\u00fablica. Conversador pol\u00edtico, temas electorales y seguridad. Generador de contenidos digitales. Amante de la fotograf\u00eda\",\"sameAs\":[\"https:\\\/\\\/www.facebook.com\\\/jcorroherrera\\\/\",\"www.instagram.com\\\/nachocorro\\\/\",\"https:\\\/\\\/x.com\\\/Juan Ignacio Corro Herrera\"],\"url\":\"https:\\\/\\\/agencia.252.com.mx\\\/home\\\/author\\\/i-corro\\\/\"}]}<\/script>\n<!-- \/ Yoast SEO plugin. -->","yoast_head_json":{"title":"Respalda autoridad mexiquense agenda de derechos para mujeres con el Colectivo 50+1 en el EdoM\u00e9x - Agencia252","robots":{"index":"index","follow":"follow","max-snippet":"max-snippet:-1","max-image-preview":"max-image-preview:large","max-video-preview":"max-video-preview:-1"},"canonical":"https:\/\/agencia.252.com.mx\/home\/respalda-autoridad-mexiquense-agenda-de-derechos-para-mujeres-con-el-colectivo-501-en-el-edomex\/","og_locale":"es_ES","og_type":"article","og_title":"Respalda autoridad mexiquense agenda de derechos para mujeres con el Colectivo 50+1 en el EdoM\u00e9x - Agencia252","og_description":"Visitas: 1 Juan Ignacio Corro&nbsp; Toluca, Estado de M\u00e9xico, a 26 de abril de 2026 El nuevo Comit\u00e9 Directivo del Colectivo 50+1, cap\u00edtulo Estado de M\u00e9xico tomo protesta, organismo conformado por mujeres destacadas en diversos \u00e1mbitos de la vida p\u00fablica: pol\u00edticas, empresarias, magistradas, juzgadoras, acad\u00e9micas, activistas y profesionistas, quienes con su experiencia y trayectoria abren [&hellip;]","og_url":"https:\/\/agencia.252.com.mx\/home\/respalda-autoridad-mexiquense-agenda-de-derechos-para-mujeres-con-el-colectivo-501-en-el-edomex\/","og_site_name":"Agencia252","article_publisher":"https:\/\/www.facebook.com\/252Comunicacion\/","article_author":"https:\/\/www.facebook.com\/jcorroherrera\/","article_published_time":"2026-04-26T17:37:47+00:00","article_modified_time":"2026-04-26T17:38:28+00:00","og_image":[{"width":1280,"height":853,"url":"http:\/\/agencia.252.com.mx\/wp-content\/uploads\/2026\/04\/WhatsApp-Image-2026-04-25-at-4.54.55-PM-2.jpeg","type":"image\/jpeg"}],"author":"Nacho Corro","twitter_card":"summary_large_image","twitter_creator":"@Juan Ignacio Corro Herrera","twitter_site":"@252COMS","twitter_misc":{"Escrito por":"Nacho Corro","Tiempo de lectura":"3 minutos"},"schema":{"@context":"https:\/\/schema.org","@graph":[{"@type":"Article","@id":"https:\/\/agencia.252.com.mx\/home\/respalda-autoridad-mexiquense-agenda-de-derechos-para-mujeres-con-el-colectivo-501-en-el-edomex\/#article","isPartOf":{"@id":"https:\/\/agencia.252.com.mx\/home\/respalda-autoridad-mexiquense-agenda-de-derechos-para-mujeres-con-el-colectivo-501-en-el-edomex\/"},"author":{"name":"Nacho Corro","@id":"https:\/\/agencia.252.com.mx\/home\/#\/schema\/person\/6b972021e9a92d45ade8c78d81509098"},"headline":"Respalda autoridad mexiquense agenda de derechos para mujeres con el Colectivo 50+1 en el EdoM\u00e9x","datePublished":"2026-04-26T17:37:47+00:00","dateModified":"2026-04-26T17:38:28+00:00","mainEntityOfPage":{"@id":"https:\/\/agencia.252.com.mx\/home\/respalda-autoridad-mexiquense-agenda-de-derechos-para-mujeres-con-el-colectivo-501-en-el-edomex\/"},"wordCount":432,"commentCount":0,"publisher":{"@id":"https:\/\/agencia.252.com.mx\/home\/#organization"},"image":{"@id":"https:\/\/agencia.252.com.mx\/home\/respalda-autoridad-mexiquense-agenda-de-derechos-para-mujeres-con-el-colectivo-501-en-el-edomex\/#primaryimage"},"thumbnailUrl":"https:\/\/agencia.252.com.mx\/wp-content\/uploads\/2026\/04\/WhatsApp-Image-2026-04-25-at-4.54.55-PM-2.jpeg","keywords":["Edomex"],"articleSection":["Congreso Edomex","Edomex","Mujeres","Seguridad"],"inLanguage":"es","potentialAction":[{"@type":"CommentAction","name":"Comment","target":["https:\/\/agencia.252.com.mx\/home\/respalda-autoridad-mexiquense-agenda-de-derechos-para-mujeres-con-el-colectivo-501-en-el-edomex\/#respond"]}]},{"@type":"WebPage","@id":"https:\/\/agencia.252.com.mx\/home\/respalda-autoridad-mexiquense-agenda-de-derechos-para-mujeres-con-el-colectivo-501-en-el-edomex\/","url":"https:\/\/agencia.252.com.mx\/home\/respalda-autoridad-mexiquense-agenda-de-derechos-para-mujeres-con-el-colectivo-501-en-el-edomex\/","name":"Respalda autoridad mexiquense agenda de derechos para mujeres con el Colectivo 50+1 en el EdoM\u00e9x - Agencia252","isPartOf":{"@id":"https:\/\/agencia.252.com.mx\/home\/#website"},"primaryImageOfPage":{"@id":"https:\/\/agencia.252.com.mx\/home\/respalda-autoridad-mexiquense-agenda-de-derechos-para-mujeres-con-el-colectivo-501-en-el-edomex\/#primaryimage"},"image":{"@id":"https:\/\/agencia.252.com.mx\/home\/respalda-autoridad-mexiquense-agenda-de-derechos-para-mujeres-con-el-colectivo-501-en-el-edomex\/#primaryimage"},"thumbnailUrl":"https:\/\/agencia.252.com.mx\/wp-content\/uploads\/2026\/04\/WhatsApp-Image-2026-04-25-at-4.54.55-PM-2.jpeg","datePublished":"2026-04-26T17:37:47+00:00","dateModified":"2026-04-26T17:38:28+00:00","breadcrumb":{"@id":"https:\/\/agencia.252.com.mx\/home\/respalda-autoridad-mexiquense-agenda-de-derechos-para-mujeres-con-el-colectivo-501-en-el-edomex\/#breadcrumb"},"inLanguage":"es","potentialAction":[{"@type":"ReadAction","target":["https:\/\/agencia.252.com.mx\/home\/respalda-autoridad-mexiquense-agenda-de-derechos-para-mujeres-con-el-colectivo-501-en-el-edomex\/"]}]},{"@type":"ImageObject","inLanguage":"es","@id":"https:\/\/agencia.252.com.mx\/home\/respalda-autoridad-mexiquense-agenda-de-derechos-para-mujeres-con-el-colectivo-501-en-el-edomex\/#primaryimage","url":"https:\/\/agencia.252.com.mx\/wp-content\/uploads\/2026\/04\/WhatsApp-Image-2026-04-25-at-4.54.55-PM-2.jpeg","contentUrl":"https:\/\/agencia.252.com.mx\/wp-content\/uploads\/2026\/04\/WhatsApp-Image-2026-04-25-at-4.54.55-PM-2.jpeg","width":1280,"height":853},{"@type":"BreadcrumbList","@id":"https:\/\/agencia.252.com.mx\/home\/respalda-autoridad-mexiquense-agenda-de-derechos-para-mujeres-con-el-colectivo-501-en-el-edomex\/#breadcrumb","itemListElement":[{"@type":"ListItem","position":1,"name":"Portada","item":"https:\/\/agencia.252.com.mx\/home\/"},{"@type":"ListItem","position":2,"name":"Respalda autoridad mexiquense agenda de derechos para mujeres con el Colectivo 50+1 en el EdoM\u00e9x"}]},{"@type":"WebSite","@id":"https:\/\/agencia.252.com.mx\/home\/#website","url":"https:\/\/agencia.252.com.mx\/home\/","name":"Agencia252","description":"Tu espacio en la Red","publisher":{"@id":"https:\/\/agencia.252.com.mx\/home\/#organization"},"potentialAction":[{"@type":"SearchAction","target":{"@type":"EntryPoint","urlTemplate":"https:\/\/agencia.252.com.mx\/home\/?s={search_term_string}"},"query-input":{"@type":"PropertyValueSpecification","valueRequired":true,"valueName":"search_term_string"}}],"inLanguage":"es"},{"@type":"Organization","@id":"https:\/\/agencia.252.com.mx\/home\/#organization","name":"Agencia252","url":"https:\/\/agencia.252.com.mx\/home\/","logo":{"@type":"ImageObject","inLanguage":"es","@id":"https:\/\/agencia.252.com.mx\/home\/#\/schema\/logo\/image\/","url":"https:\/\/agencia.252.com.mx\/wp-content\/uploads\/2023\/02\/cropped-ciruclo-agencia-e1677562404136.png","contentUrl":"https:\/\/agencia.252.com.mx\/wp-content\/uploads\/2023\/02\/cropped-ciruclo-agencia-e1677562404136.png","width":512,"height":512,"caption":"Agencia252"},"image":{"@id":"https:\/\/agencia.252.com.mx\/home\/#\/schema\/logo\/image\/"},"sameAs":["https:\/\/www.facebook.com\/252Comunicacion\/","https:\/\/x.com\/252COMS"]},{"@type":"Person","@id":"https:\/\/agencia.252.com.mx\/home\/#\/schema\/person\/6b972021e9a92d45ade8c78d81509098","name":"Nacho Corro","image":{"@type":"ImageObject","inLanguage":"es","@id":"https:\/\/secure.gravatar.com\/avatar\/5db6df507cfe1307e192fbb498c6b85f1cf2ffd8b4cd37141b9eea588fcbd5a4?s=96&r=g","url":"https:\/\/secure.gravatar.com\/avatar\/5db6df507cfe1307e192fbb498c6b85f1cf2ffd8b4cd37141b9eea588fcbd5a4?s=96&r=g","contentUrl":"https:\/\/secure.gravatar.com\/avatar\/5db6df507cfe1307e192fbb498c6b85f1cf2ffd8b4cd37141b9eea588fcbd5a4?s=96&r=g","caption":"Nacho Corro"},"description":"Comunicador Social, Periodista y Administraci\u00f3n P\u00fablica. Conversador pol\u00edtico, temas electorales y seguridad. Generador de contenidos digitales. Amante de la fotograf\u00eda","sameAs":["https:\/\/www.facebook.com\/jcorroherrera\/","www.instagram.com\/nachocorro\/","https:\/\/x.com\/Juan Ignacio Corro Herrera"],"url":"https:\/\/agencia.252.com.mx\/home\/author\/i-corro\/"}]}},"_links":{"self":[{"href":"https:\/\/agencia.252.com.mx\/home\/wp-json\/wp\/v2\/posts\/18723","targetHints":{"allow":["GET"]}}],"collection":[{"href":"https:\/\/agencia.252.com.mx\/home\/wp-json\/wp\/v2\/posts"}],"about":[{"href":"https:\/\/agencia.252.com.mx\/home\/wp-json\/wp\/v2\/types\/post"}],"author":[{"embeddable":true,"href":"https:\/\/agencia.252.com.mx\/home\/wp-json\/wp\/v2\/users\/5"}],"replies":[{"embeddable":true,"href":"https:\/\/agencia.252.com.mx\/home\/wp-json\/wp\/v2\/comments?post=18723"}],"version-history":[{"count":1,"href":"https:\/\/agencia.252.com.mx\/home\/wp-json\/wp\/v2\/posts\/18723\/revisions"}],"predecessor-version":[{"id":18725,"href":"https:\/\/agencia.252.com.mx\/home\/wp-json\/wp\/v2\/posts\/18723\/revisions\/18725"}],"wp:featuredmedia":[{"embeddable":true,"href":"https:\/\/agencia.252.com.mx\/home\/wp-json\/wp\/v2\/media\/18724"}],"wp:attachment":[{"href":"https:\/\/agencia.252.com.mx\/home\/wp-json\/wp\/v2\/media?parent=18723"}],"wp:term":[{"taxonomy":"category","embeddable":true,"href":"https:\/\/agencia.252.com.mx\/home\/wp-json\/wp\/v2\/categories?post=18723"},{"taxonomy":"post_tag","embeddable":true,"href":"https:\/\/agencia.252.com.mx\/home\/wp-json\/wp\/v2\/tags?post=18723"}],"curies":[{"name":"wp","href":"https:\/\/api.w.org\/{rel}","templated":true}]}}