{"id":18108,"date":"2026-04-09T20:53:38","date_gmt":"2026-04-10T02:53:38","guid":{"rendered":"https:\/\/agencia.252.com.mx\/home\/?p=18108"},"modified":"2026-04-09T20:53:40","modified_gmt":"2026-04-10T02:53:40","slug":"cabildo-de-ecatepec-aprueba-convocatoria-para-designar-integrantes-de-juzgados-civicos","status":"publish","type":"post","link":"https:\/\/agencia.252.com.mx\/home\/cabildo-de-ecatepec-aprueba-convocatoria-para-designar-integrantes-de-juzgados-civicos\/","title":{"rendered":"Cabildo de Ecatepec aprueba convocatoria para designar integrantes de Juzgados C\u00edvicos"},"content":{"rendered":"<p>Visitas: 16<\/p>\n<ul class=\"wp-block-list\">\n<li><em>Los aspirantes deber\u00e1n ser licenciados en Derecho y aprobar un examen de selecci\u00f3n<\/em><\/li>\n<\/ul>\n\n\n\n<p><em>Juan Ignacio Corro&nbsp;<\/em><\/p>\n\n\n\n<p class=\"has-text-align-right\"><em>Ecatepec, Estado de M\u00e9xico, a 9&nbsp;&nbsp;de abril de 2026<\/em><\/p>\n\n\n\n<p>Al celebrarse la d\u00e9cima primera sesi\u00f3n ordinaria, el Cabildo de este municipio aprob\u00f3 la convocatoria para designar integrantes de Juzgados C\u00edvicos de Ecatepec, a fin de fortalecer la cultura de paz social en la localidad.<\/p>\n\n\n\n<p>Por unanimidad, la presidenta municipal Azucena Cisneros Coss y las y los integrantes del Cabildo aprobaron expedir convocatoria abierta y p\u00fablica para designar juezas y jueces c\u00edvicos, secretarias y secretarios c\u00edvicos y personas facilitadoras del Juzgado C\u00edvico de Ecatepec, con base en el dictamen emitido por los integrantes de la Comisi\u00f3n Edilicia de Gobernaci\u00f3n.<\/p>\n\n\n\n<figure class=\"wp-block-image alignleft size-medium\"><img fetchpriority=\"high\" decoding=\"async\" width=\"300\" height=\"207\" src=\"https:\/\/agencia.252.com.mx\/wp-content\/uploads\/2026\/04\/WhatsApp-Image-2026-04-09-at-2.06.00-PM-300x207.jpeg\" alt=\"\" class=\"wp-image-18110\" srcset=\"https:\/\/agencia.252.com.mx\/wp-content\/uploads\/2026\/04\/WhatsApp-Image-2026-04-09-at-2.06.00-PM-300x207.jpeg 300w, https:\/\/agencia.252.com.mx\/wp-content\/uploads\/2026\/04\/WhatsApp-Image-2026-04-09-at-2.06.00-PM-1024x708.jpeg 1024w, https:\/\/agencia.252.com.mx\/wp-content\/uploads\/2026\/04\/WhatsApp-Image-2026-04-09-at-2.06.00-PM-768x531.jpeg 768w, https:\/\/agencia.252.com.mx\/wp-content\/uploads\/2026\/04\/WhatsApp-Image-2026-04-09-at-2.06.00-PM.jpeg 1280w\" sizes=\"(max-width: 300px) 100vw, 300px\" \/><\/figure>\n\n\n\n<p>Hay que recordar que la Ley de Justicia C\u00edvica del Estado de M\u00e9xico y sus Municipios busca establecer reglas m\u00ednimas de comportamiento c\u00edvico, que permitan garantizar el respeto a las personas y sus bienes, mejorar la convivencia social y mantener el orden p\u00fablico.<\/p>\n\n\n\n<p>La convocatoria aprobada establece, entre otros requisitos, que los aspirantes deben ser ciudadanos mexicanos, tener t\u00edtulo de licenciatura en Derecho y contar con c\u00e9dula profesional, as\u00ed como aprobar un examen. Tambi\u00e9n se busca lograr la paridad de g\u00e9nero en el momento de la&nbsp;&nbsp;selecci\u00f3n de las y los aspirantes a integrar los Juzgados C\u00edvicos.<\/p>\n\n\n\n<p>La toma de protesta y entrega de nombramientos de las y los jueces c\u00edvicos, secretarios y facilitadores se realizar\u00e1 en mayo pr\u00f3ximo y la duraci\u00f3n del periodo ser\u00e1 de cuatro a\u00f1os, con posibilidad de renovaci\u00f3n en funci\u00f3n de su desempe\u00f1o.<\/p>\n","protected":false},"excerpt":{"rendered":"<p>Visitas: 16 Juan Ignacio Corro&nbsp; Ecatepec, Estado de M\u00e9xico, a 9&nbsp;&nbsp;de abril de 2026 Al celebrarse la d\u00e9cima primera sesi\u00f3n ordinaria, el Cabildo de este municipio aprob\u00f3 la convocatoria para designar integrantes de Juzgados C\u00edvicos de Ecatepec, a fin de fortalecer la cultura de paz social en la localidad. Por unanimidad, la presidenta municipal Azucena [&hellip;]<\/p>\n","protected":false},"author":5,"featured_media":18109,"comment_status":"open","ping_status":"open","sticky":false,"template":"","format":"standard","meta":{"site-sidebar-layout":"default","site-content-layout":"","ast-site-content-layout":"default","site-content-style":"default","site-sidebar-style":"default","ast-global-header-display":"","ast-banner-title-visibility":"","ast-main-header-display":"","ast-hfb-above-header-display":"","ast-hfb-below-header-display":"","ast-hfb-mobile-header-display":"","site-post-title":"","ast-breadcrumbs-content":"","ast-featured-img":"","footer-sml-layout":"","ast-disable-related-posts":"","theme-transparent-header-meta":"","adv-header-id-meta":"","stick-header-meta":"","header-above-stick-meta":"","header-main-stick-meta":"","header-below-stick-meta":"","astra-migrate-meta-layouts":"set","ast-page-background-enabled":"default","ast-page-background-meta":{"desktop":{"background-color":"var(--ast-global-color-4)","background-image":"","background-repeat":"repeat","background-position":"center center","background-size":"auto","background-attachment":"scroll","background-type":"","background-media":"","overlay-type":"","overlay-color":"","overlay-opacity":"","overlay-gradient":""},"tablet":{"background-color":"","background-image":"","background-repeat":"repeat","background-position":"center center","background-size":"auto","background-attachment":"scroll","background-type":"","background-media":"","overlay-type":"","overlay-color":"","overlay-opacity":"","overlay-gradient":""},"mobile":{"background-color":"","background-image":"","background-repeat":"repeat","background-position":"center center","background-size":"auto","background-attachment":"scroll","background-type":"","background-media":"","overlay-type":"","overlay-color":"","overlay-opacity":"","overlay-gradient":""}},"ast-content-background-meta":{"desktop":{"background-color":"var(--ast-global-color-5)","background-image":"","background-repeat":"repeat","background-position":"center center","background-size":"auto","background-attachment":"scroll","background-type":"","background-media":"","overlay-type":"","overlay-color":"","overlay-opacity":"","overlay-gradient":""},"tablet":{"background-color":"var(--ast-global-color-5)","background-image":"","background-repeat":"repeat","background-position":"center center","background-size":"auto","background-attachment":"scroll","background-type":"","background-media":"","overlay-type":"","overlay-color":"","overlay-opacity":"","overlay-gradient":""},"mobile":{"background-color":"var(--ast-global-color-5)","background-image":"","background-repeat":"repeat","background-position":"center center","background-size":"auto","background-attachment":"scroll","background-type":"","background-media":"","overlay-type":"","overlay-color":"","overlay-opacity":"","overlay-gradient":""}},"footnotes":""},"categories":[38,8,68],"tags":[526],"class_list":["post-18108","post","type-post","status-publish","format-standard","has-post-thumbnail","hentry","category-ecatepec","category-edomex","category-seguridad","tag-edomex"],"yoast_head":"<!-- This site is optimized with the Yoast SEO plugin v27.4 - https:\/\/yoast.com\/product\/yoast-seo-wordpress\/ -->\n<title>Cabildo de Ecatepec aprueba convocatoria para designar integrantes de Juzgados C\u00edvicos - Agencia252<\/title>\n<meta name=\"robots\" content=\"index, follow, max-snippet:-1, max-image-preview:large, max-video-preview:-1\" \/>\n<link rel=\"canonical\" href=\"https:\/\/agencia.252.com.mx\/home\/cabildo-de-ecatepec-aprueba-convocatoria-para-designar-integrantes-de-juzgados-civicos\/\" \/>\n<meta property=\"og:locale\" content=\"es_ES\" \/>\n<meta property=\"og:type\" content=\"article\" \/>\n<meta property=\"og:title\" content=\"Cabildo de Ecatepec aprueba convocatoria para designar integrantes de Juzgados C\u00edvicos - Agencia252\" \/>\n<meta property=\"og:description\" content=\"Visitas: 16 Juan Ignacio Corro&nbsp; Ecatepec, Estado de M\u00e9xico, a 9&nbsp;&nbsp;de abril de 2026 Al celebrarse la d\u00e9cima primera sesi\u00f3n ordinaria, el Cabildo de este municipio aprob\u00f3 la convocatoria para designar integrantes de Juzgados C\u00edvicos de Ecatepec, a fin de fortalecer la cultura de paz social en la localidad. Por unanimidad, la presidenta municipal Azucena [&hellip;]\" \/>\n<meta property=\"og:url\" content=\"https:\/\/agencia.252.com.mx\/home\/cabildo-de-ecatepec-aprueba-convocatoria-para-designar-integrantes-de-juzgados-civicos\/\" \/>\n<meta property=\"og:site_name\" content=\"Agencia252\" \/>\n<meta property=\"article:publisher\" content=\"https:\/\/www.facebook.com\/252Comunicacion\/\" \/>\n<meta property=\"article:author\" content=\"https:\/\/www.facebook.com\/jcorroherrera\/\" \/>\n<meta property=\"article:published_time\" content=\"2026-04-10T02:53:38+00:00\" \/>\n<meta property=\"article:modified_time\" content=\"2026-04-10T02:53:40+00:00\" \/>\n<meta property=\"og:image\" content=\"http:\/\/agencia.252.com.mx\/wp-content\/uploads\/2026\/04\/WhatsApp-Image-2026-04-09-at-2.06.03-PM.jpeg\" \/>\n\t<meta property=\"og:image:width\" content=\"1280\" \/>\n\t<meta property=\"og:image:height\" content=\"853\" \/>\n\t<meta property=\"og:image:type\" content=\"image\/jpeg\" \/>\n<meta name=\"author\" content=\"Nacho Corro\" \/>\n<meta name=\"twitter:card\" content=\"summary_large_image\" \/>\n<meta name=\"twitter:creator\" content=\"@Juan Ignacio Corro Herrera\" \/>\n<meta name=\"twitter:site\" content=\"@252COMS\" \/>\n<meta name=\"twitter:label1\" content=\"Escrito por\" \/>\n\t<meta name=\"twitter:data1\" content=\"Nacho Corro\" \/>\n\t<meta name=\"twitter:label2\" content=\"Tiempo de lectura\" \/>\n\t<meta name=\"twitter:data2\" content=\"2 minutos\" \/>\n<script type=\"application\/ld+json\" class=\"yoast-schema-graph\">{\"@context\":\"https:\\\/\\\/schema.org\",\"@graph\":[{\"@type\":\"Article\",\"@id\":\"https:\\\/\\\/agencia.252.com.mx\\\/home\\\/cabildo-de-ecatepec-aprueba-convocatoria-para-designar-integrantes-de-juzgados-civicos\\\/#article\",\"isPartOf\":{\"@id\":\"https:\\\/\\\/agencia.252.com.mx\\\/home\\\/cabildo-de-ecatepec-aprueba-convocatoria-para-designar-integrantes-de-juzgados-civicos\\\/\"},\"author\":{\"name\":\"Nacho Corro\",\"@id\":\"https:\\\/\\\/agencia.252.com.mx\\\/home\\\/#\\\/schema\\\/person\\\/6b972021e9a92d45ade8c78d81509098\"},\"headline\":\"Cabildo de Ecatepec aprueba convocatoria para designar integrantes de Juzgados C\u00edvicos\",\"datePublished\":\"2026-04-10T02:53:38+00:00\",\"dateModified\":\"2026-04-10T02:53:40+00:00\",\"mainEntityOfPage\":{\"@id\":\"https:\\\/\\\/agencia.252.com.mx\\\/home\\\/cabildo-de-ecatepec-aprueba-convocatoria-para-designar-integrantes-de-juzgados-civicos\\\/\"},\"wordCount\":297,\"commentCount\":0,\"publisher\":{\"@id\":\"https:\\\/\\\/agencia.252.com.mx\\\/home\\\/#organization\"},\"image\":{\"@id\":\"https:\\\/\\\/agencia.252.com.mx\\\/home\\\/cabildo-de-ecatepec-aprueba-convocatoria-para-designar-integrantes-de-juzgados-civicos\\\/#primaryimage\"},\"thumbnailUrl\":\"https:\\\/\\\/agencia.252.com.mx\\\/wp-content\\\/uploads\\\/2026\\\/04\\\/WhatsApp-Image-2026-04-09-at-2.06.03-PM.jpeg\",\"keywords\":[\"Edomex\"],\"articleSection\":[\"Ecatepec\",\"Edomex\",\"Seguridad\"],\"inLanguage\":\"es\",\"potentialAction\":[{\"@type\":\"CommentAction\",\"name\":\"Comment\",\"target\":[\"https:\\\/\\\/agencia.252.com.mx\\\/home\\\/cabildo-de-ecatepec-aprueba-convocatoria-para-designar-integrantes-de-juzgados-civicos\\\/#respond\"]}]},{\"@type\":\"WebPage\",\"@id\":\"https:\\\/\\\/agencia.252.com.mx\\\/home\\\/cabildo-de-ecatepec-aprueba-convocatoria-para-designar-integrantes-de-juzgados-civicos\\\/\",\"url\":\"https:\\\/\\\/agencia.252.com.mx\\\/home\\\/cabildo-de-ecatepec-aprueba-convocatoria-para-designar-integrantes-de-juzgados-civicos\\\/\",\"name\":\"Cabildo de Ecatepec aprueba convocatoria para designar integrantes de Juzgados C\u00edvicos - Agencia252\",\"isPartOf\":{\"@id\":\"https:\\\/\\\/agencia.252.com.mx\\\/home\\\/#website\"},\"primaryImageOfPage\":{\"@id\":\"https:\\\/\\\/agencia.252.com.mx\\\/home\\\/cabildo-de-ecatepec-aprueba-convocatoria-para-designar-integrantes-de-juzgados-civicos\\\/#primaryimage\"},\"image\":{\"@id\":\"https:\\\/\\\/agencia.252.com.mx\\\/home\\\/cabildo-de-ecatepec-aprueba-convocatoria-para-designar-integrantes-de-juzgados-civicos\\\/#primaryimage\"},\"thumbnailUrl\":\"https:\\\/\\\/agencia.252.com.mx\\\/wp-content\\\/uploads\\\/2026\\\/04\\\/WhatsApp-Image-2026-04-09-at-2.06.03-PM.jpeg\",\"datePublished\":\"2026-04-10T02:53:38+00:00\",\"dateModified\":\"2026-04-10T02:53:40+00:00\",\"breadcrumb\":{\"@id\":\"https:\\\/\\\/agencia.252.com.mx\\\/home\\\/cabildo-de-ecatepec-aprueba-convocatoria-para-designar-integrantes-de-juzgados-civicos\\\/#breadcrumb\"},\"inLanguage\":\"es\",\"potentialAction\":[{\"@type\":\"ReadAction\",\"target\":[\"https:\\\/\\\/agencia.252.com.mx\\\/home\\\/cabildo-de-ecatepec-aprueba-convocatoria-para-designar-integrantes-de-juzgados-civicos\\\/\"]}]},{\"@type\":\"ImageObject\",\"inLanguage\":\"es\",\"@id\":\"https:\\\/\\\/agencia.252.com.mx\\\/home\\\/cabildo-de-ecatepec-aprueba-convocatoria-para-designar-integrantes-de-juzgados-civicos\\\/#primaryimage\",\"url\":\"https:\\\/\\\/agencia.252.com.mx\\\/wp-content\\\/uploads\\\/2026\\\/04\\\/WhatsApp-Image-2026-04-09-at-2.06.03-PM.jpeg\",\"contentUrl\":\"https:\\\/\\\/agencia.252.com.mx\\\/wp-content\\\/uploads\\\/2026\\\/04\\\/WhatsApp-Image-2026-04-09-at-2.06.03-PM.jpeg\",\"width\":1280,\"height\":853},{\"@type\":\"BreadcrumbList\",\"@id\":\"https:\\\/\\\/agencia.252.com.mx\\\/home\\\/cabildo-de-ecatepec-aprueba-convocatoria-para-designar-integrantes-de-juzgados-civicos\\\/#breadcrumb\",\"itemListElement\":[{\"@type\":\"ListItem\",\"position\":1,\"name\":\"Portada\",\"item\":\"https:\\\/\\\/agencia.252.com.mx\\\/home\\\/\"},{\"@type\":\"ListItem\",\"position\":2,\"name\":\"Cabildo de Ecatepec aprueba convocatoria para designar integrantes de Juzgados C\u00edvicos\"}]},{\"@type\":\"WebSite\",\"@id\":\"https:\\\/\\\/agencia.252.com.mx\\\/home\\\/#website\",\"url\":\"https:\\\/\\\/agencia.252.com.mx\\\/home\\\/\",\"name\":\"Agencia252\",\"description\":\"Tu espacio en la Red\",\"publisher\":{\"@id\":\"https:\\\/\\\/agencia.252.com.mx\\\/home\\\/#organization\"},\"potentialAction\":[{\"@type\":\"SearchAction\",\"target\":{\"@type\":\"EntryPoint\",\"urlTemplate\":\"https:\\\/\\\/agencia.252.com.mx\\\/home\\\/?s={search_term_string}\"},\"query-input\":{\"@type\":\"PropertyValueSpecification\",\"valueRequired\":true,\"valueName\":\"search_term_string\"}}],\"inLanguage\":\"es\"},{\"@type\":\"Organization\",\"@id\":\"https:\\\/\\\/agencia.252.com.mx\\\/home\\\/#organization\",\"name\":\"Agencia252\",\"url\":\"https:\\\/\\\/agencia.252.com.mx\\\/home\\\/\",\"logo\":{\"@type\":\"ImageObject\",\"inLanguage\":\"es\",\"@id\":\"https:\\\/\\\/agencia.252.com.mx\\\/home\\\/#\\\/schema\\\/logo\\\/image\\\/\",\"url\":\"https:\\\/\\\/agencia.252.com.mx\\\/wp-content\\\/uploads\\\/2023\\\/02\\\/cropped-ciruclo-agencia-e1677562404136.png\",\"contentUrl\":\"https:\\\/\\\/agencia.252.com.mx\\\/wp-content\\\/uploads\\\/2023\\\/02\\\/cropped-ciruclo-agencia-e1677562404136.png\",\"width\":512,\"height\":512,\"caption\":\"Agencia252\"},\"image\":{\"@id\":\"https:\\\/\\\/agencia.252.com.mx\\\/home\\\/#\\\/schema\\\/logo\\\/image\\\/\"},\"sameAs\":[\"https:\\\/\\\/www.facebook.com\\\/252Comunicacion\\\/\",\"https:\\\/\\\/x.com\\\/252COMS\"]},{\"@type\":\"Person\",\"@id\":\"https:\\\/\\\/agencia.252.com.mx\\\/home\\\/#\\\/schema\\\/person\\\/6b972021e9a92d45ade8c78d81509098\",\"name\":\"Nacho Corro\",\"image\":{\"@type\":\"ImageObject\",\"inLanguage\":\"es\",\"@id\":\"https:\\\/\\\/secure.gravatar.com\\\/avatar\\\/5db6df507cfe1307e192fbb498c6b85f1cf2ffd8b4cd37141b9eea588fcbd5a4?s=96&r=g\",\"url\":\"https:\\\/\\\/secure.gravatar.com\\\/avatar\\\/5db6df507cfe1307e192fbb498c6b85f1cf2ffd8b4cd37141b9eea588fcbd5a4?s=96&r=g\",\"contentUrl\":\"https:\\\/\\\/secure.gravatar.com\\\/avatar\\\/5db6df507cfe1307e192fbb498c6b85f1cf2ffd8b4cd37141b9eea588fcbd5a4?s=96&r=g\",\"caption\":\"Nacho Corro\"},\"description\":\"Comunicador Social, Periodista y Administraci\u00f3n P\u00fablica. Conversador pol\u00edtico, temas electorales y seguridad. Generador de contenidos digitales. Amante de la fotograf\u00eda\",\"sameAs\":[\"https:\\\/\\\/www.facebook.com\\\/jcorroherrera\\\/\",\"www.instagram.com\\\/nachocorro\\\/\",\"https:\\\/\\\/x.com\\\/Juan Ignacio Corro Herrera\"],\"url\":\"https:\\\/\\\/agencia.252.com.mx\\\/home\\\/author\\\/i-corro\\\/\"}]}<\/script>\n<!-- \/ Yoast SEO plugin. -->","yoast_head_json":{"title":"Cabildo de Ecatepec aprueba convocatoria para designar integrantes de Juzgados C\u00edvicos - Agencia252","robots":{"index":"index","follow":"follow","max-snippet":"max-snippet:-1","max-image-preview":"max-image-preview:large","max-video-preview":"max-video-preview:-1"},"canonical":"https:\/\/agencia.252.com.mx\/home\/cabildo-de-ecatepec-aprueba-convocatoria-para-designar-integrantes-de-juzgados-civicos\/","og_locale":"es_ES","og_type":"article","og_title":"Cabildo de Ecatepec aprueba convocatoria para designar integrantes de Juzgados C\u00edvicos - Agencia252","og_description":"Visitas: 16 Juan Ignacio Corro&nbsp; Ecatepec, Estado de M\u00e9xico, a 9&nbsp;&nbsp;de abril de 2026 Al celebrarse la d\u00e9cima primera sesi\u00f3n ordinaria, el Cabildo de este municipio aprob\u00f3 la convocatoria para designar integrantes de Juzgados C\u00edvicos de Ecatepec, a fin de fortalecer la cultura de paz social en la localidad. Por unanimidad, la presidenta municipal Azucena [&hellip;]","og_url":"https:\/\/agencia.252.com.mx\/home\/cabildo-de-ecatepec-aprueba-convocatoria-para-designar-integrantes-de-juzgados-civicos\/","og_site_name":"Agencia252","article_publisher":"https:\/\/www.facebook.com\/252Comunicacion\/","article_author":"https:\/\/www.facebook.com\/jcorroherrera\/","article_published_time":"2026-04-10T02:53:38+00:00","article_modified_time":"2026-04-10T02:53:40+00:00","og_image":[{"width":1280,"height":853,"url":"http:\/\/agencia.252.com.mx\/wp-content\/uploads\/2026\/04\/WhatsApp-Image-2026-04-09-at-2.06.03-PM.jpeg","type":"image\/jpeg"}],"author":"Nacho Corro","twitter_card":"summary_large_image","twitter_creator":"@Juan Ignacio Corro Herrera","twitter_site":"@252COMS","twitter_misc":{"Escrito por":"Nacho Corro","Tiempo de lectura":"2 minutos"},"schema":{"@context":"https:\/\/schema.org","@graph":[{"@type":"Article","@id":"https:\/\/agencia.252.com.mx\/home\/cabildo-de-ecatepec-aprueba-convocatoria-para-designar-integrantes-de-juzgados-civicos\/#article","isPartOf":{"@id":"https:\/\/agencia.252.com.mx\/home\/cabildo-de-ecatepec-aprueba-convocatoria-para-designar-integrantes-de-juzgados-civicos\/"},"author":{"name":"Nacho Corro","@id":"https:\/\/agencia.252.com.mx\/home\/#\/schema\/person\/6b972021e9a92d45ade8c78d81509098"},"headline":"Cabildo de Ecatepec aprueba convocatoria para designar integrantes de Juzgados C\u00edvicos","datePublished":"2026-04-10T02:53:38+00:00","dateModified":"2026-04-10T02:53:40+00:00","mainEntityOfPage":{"@id":"https:\/\/agencia.252.com.mx\/home\/cabildo-de-ecatepec-aprueba-convocatoria-para-designar-integrantes-de-juzgados-civicos\/"},"wordCount":297,"commentCount":0,"publisher":{"@id":"https:\/\/agencia.252.com.mx\/home\/#organization"},"image":{"@id":"https:\/\/agencia.252.com.mx\/home\/cabildo-de-ecatepec-aprueba-convocatoria-para-designar-integrantes-de-juzgados-civicos\/#primaryimage"},"thumbnailUrl":"https:\/\/agencia.252.com.mx\/wp-content\/uploads\/2026\/04\/WhatsApp-Image-2026-04-09-at-2.06.03-PM.jpeg","keywords":["Edomex"],"articleSection":["Ecatepec","Edomex","Seguridad"],"inLanguage":"es","potentialAction":[{"@type":"CommentAction","name":"Comment","target":["https:\/\/agencia.252.com.mx\/home\/cabildo-de-ecatepec-aprueba-convocatoria-para-designar-integrantes-de-juzgados-civicos\/#respond"]}]},{"@type":"WebPage","@id":"https:\/\/agencia.252.com.mx\/home\/cabildo-de-ecatepec-aprueba-convocatoria-para-designar-integrantes-de-juzgados-civicos\/","url":"https:\/\/agencia.252.com.mx\/home\/cabildo-de-ecatepec-aprueba-convocatoria-para-designar-integrantes-de-juzgados-civicos\/","name":"Cabildo de Ecatepec aprueba convocatoria para designar integrantes de Juzgados C\u00edvicos - Agencia252","isPartOf":{"@id":"https:\/\/agencia.252.com.mx\/home\/#website"},"primaryImageOfPage":{"@id":"https:\/\/agencia.252.com.mx\/home\/cabildo-de-ecatepec-aprueba-convocatoria-para-designar-integrantes-de-juzgados-civicos\/#primaryimage"},"image":{"@id":"https:\/\/agencia.252.com.mx\/home\/cabildo-de-ecatepec-aprueba-convocatoria-para-designar-integrantes-de-juzgados-civicos\/#primaryimage"},"thumbnailUrl":"https:\/\/agencia.252.com.mx\/wp-content\/uploads\/2026\/04\/WhatsApp-Image-2026-04-09-at-2.06.03-PM.jpeg","datePublished":"2026-04-10T02:53:38+00:00","dateModified":"2026-04-10T02:53:40+00:00","breadcrumb":{"@id":"https:\/\/agencia.252.com.mx\/home\/cabildo-de-ecatepec-aprueba-convocatoria-para-designar-integrantes-de-juzgados-civicos\/#breadcrumb"},"inLanguage":"es","potentialAction":[{"@type":"ReadAction","target":["https:\/\/agencia.252.com.mx\/home\/cabildo-de-ecatepec-aprueba-convocatoria-para-designar-integrantes-de-juzgados-civicos\/"]}]},{"@type":"ImageObject","inLanguage":"es","@id":"https:\/\/agencia.252.com.mx\/home\/cabildo-de-ecatepec-aprueba-convocatoria-para-designar-integrantes-de-juzgados-civicos\/#primaryimage","url":"https:\/\/agencia.252.com.mx\/wp-content\/uploads\/2026\/04\/WhatsApp-Image-2026-04-09-at-2.06.03-PM.jpeg","contentUrl":"https:\/\/agencia.252.com.mx\/wp-content\/uploads\/2026\/04\/WhatsApp-Image-2026-04-09-at-2.06.03-PM.jpeg","width":1280,"height":853},{"@type":"BreadcrumbList","@id":"https:\/\/agencia.252.com.mx\/home\/cabildo-de-ecatepec-aprueba-convocatoria-para-designar-integrantes-de-juzgados-civicos\/#breadcrumb","itemListElement":[{"@type":"ListItem","position":1,"name":"Portada","item":"https:\/\/agencia.252.com.mx\/home\/"},{"@type":"ListItem","position":2,"name":"Cabildo de Ecatepec aprueba convocatoria para designar integrantes de Juzgados C\u00edvicos"}]},{"@type":"WebSite","@id":"https:\/\/agencia.252.com.mx\/home\/#website","url":"https:\/\/agencia.252.com.mx\/home\/","name":"Agencia252","description":"Tu espacio en la Red","publisher":{"@id":"https:\/\/agencia.252.com.mx\/home\/#organization"},"potentialAction":[{"@type":"SearchAction","target":{"@type":"EntryPoint","urlTemplate":"https:\/\/agencia.252.com.mx\/home\/?s={search_term_string}"},"query-input":{"@type":"PropertyValueSpecification","valueRequired":true,"valueName":"search_term_string"}}],"inLanguage":"es"},{"@type":"Organization","@id":"https:\/\/agencia.252.com.mx\/home\/#organization","name":"Agencia252","url":"https:\/\/agencia.252.com.mx\/home\/","logo":{"@type":"ImageObject","inLanguage":"es","@id":"https:\/\/agencia.252.com.mx\/home\/#\/schema\/logo\/image\/","url":"https:\/\/agencia.252.com.mx\/wp-content\/uploads\/2023\/02\/cropped-ciruclo-agencia-e1677562404136.png","contentUrl":"https:\/\/agencia.252.com.mx\/wp-content\/uploads\/2023\/02\/cropped-ciruclo-agencia-e1677562404136.png","width":512,"height":512,"caption":"Agencia252"},"image":{"@id":"https:\/\/agencia.252.com.mx\/home\/#\/schema\/logo\/image\/"},"sameAs":["https:\/\/www.facebook.com\/252Comunicacion\/","https:\/\/x.com\/252COMS"]},{"@type":"Person","@id":"https:\/\/agencia.252.com.mx\/home\/#\/schema\/person\/6b972021e9a92d45ade8c78d81509098","name":"Nacho Corro","image":{"@type":"ImageObject","inLanguage":"es","@id":"https:\/\/secure.gravatar.com\/avatar\/5db6df507cfe1307e192fbb498c6b85f1cf2ffd8b4cd37141b9eea588fcbd5a4?s=96&r=g","url":"https:\/\/secure.gravatar.com\/avatar\/5db6df507cfe1307e192fbb498c6b85f1cf2ffd8b4cd37141b9eea588fcbd5a4?s=96&r=g","contentUrl":"https:\/\/secure.gravatar.com\/avatar\/5db6df507cfe1307e192fbb498c6b85f1cf2ffd8b4cd37141b9eea588fcbd5a4?s=96&r=g","caption":"Nacho Corro"},"description":"Comunicador Social, Periodista y Administraci\u00f3n P\u00fablica. Conversador pol\u00edtico, temas electorales y seguridad. Generador de contenidos digitales. Amante de la fotograf\u00eda","sameAs":["https:\/\/www.facebook.com\/jcorroherrera\/","www.instagram.com\/nachocorro\/","https:\/\/x.com\/Juan Ignacio Corro Herrera"],"url":"https:\/\/agencia.252.com.mx\/home\/author\/i-corro\/"}]}},"_links":{"self":[{"href":"https:\/\/agencia.252.com.mx\/home\/wp-json\/wp\/v2\/posts\/18108","targetHints":{"allow":["GET"]}}],"collection":[{"href":"https:\/\/agencia.252.com.mx\/home\/wp-json\/wp\/v2\/posts"}],"about":[{"href":"https:\/\/agencia.252.com.mx\/home\/wp-json\/wp\/v2\/types\/post"}],"author":[{"embeddable":true,"href":"https:\/\/agencia.252.com.mx\/home\/wp-json\/wp\/v2\/users\/5"}],"replies":[{"embeddable":true,"href":"https:\/\/agencia.252.com.mx\/home\/wp-json\/wp\/v2\/comments?post=18108"}],"version-history":[{"count":1,"href":"https:\/\/agencia.252.com.mx\/home\/wp-json\/wp\/v2\/posts\/18108\/revisions"}],"predecessor-version":[{"id":18111,"href":"https:\/\/agencia.252.com.mx\/home\/wp-json\/wp\/v2\/posts\/18108\/revisions\/18111"}],"wp:featuredmedia":[{"embeddable":true,"href":"https:\/\/agencia.252.com.mx\/home\/wp-json\/wp\/v2\/media\/18109"}],"wp:attachment":[{"href":"https:\/\/agencia.252.com.mx\/home\/wp-json\/wp\/v2\/media?parent=18108"}],"wp:term":[{"taxonomy":"category","embeddable":true,"href":"https:\/\/agencia.252.com.mx\/home\/wp-json\/wp\/v2\/categories?post=18108"},{"taxonomy":"post_tag","embeddable":true,"href":"https:\/\/agencia.252.com.mx\/home\/wp-json\/wp\/v2\/tags?post=18108"}],"curies":[{"name":"wp","href":"https:\/\/api.w.org\/{rel}","templated":true}]}}