{"id":18102,"date":"2026-04-09T20:46:05","date_gmt":"2026-04-10T02:46:05","guid":{"rendered":"https:\/\/agencia.252.com.mx\/home\/?p=18102"},"modified":"2026-04-12T13:24:43","modified_gmt":"2026-04-12T19:24:43","slug":"presenta-raciel-perez-cruz-la-jornada-deportiva-nuestro-mundial-tlalnepatla-2026","status":"publish","type":"post","link":"https:\/\/agencia.252.com.mx\/home\/presenta-raciel-perez-cruz-la-jornada-deportiva-nuestro-mundial-tlalnepatla-2026\/","title":{"rendered":"Presenta Raciel P\u00e9rez Cruz la Jornada deportiva \u201cNuestro Mundial Tlalnepantla 2026\u201d"},"content":{"rendered":"<p>Visitas: 8<\/p>\n<ul class=\"wp-block-list\">\n<li><em>La iniciativa contempla cinco torneos de f\u00fatbol soccer gratuitos para diversas categor\u00edas y edades.<\/em><\/li>\n\n\n\n<li><em>El Alcalde destac\u00f3 que el deporte es fundamental para alejar a la ni\u00f1ez y juventud de conductas antisociales.<\/em><\/li>\n\n\n\n<li><em>\u00abTlalnepantla est\u00e1 listo para recibir el mundial con actividades e infraestructura\u00bb: Raciel P\u00e9rez Cruz.\u00a0<\/em><\/li>\n<\/ul>\n\n\n\n<p>&nbsp;<em>Juan Ignacio Corro&nbsp;<\/em><\/p>\n\n\n\n<p class=\"has-text-align-right\"><em>Tlalnepantla, Estado de M\u00e9xico, a 9&nbsp;&nbsp;de abril de 2026<\/em><\/p>\n\n\n\n<p>El Presidente Municipal de Tlalnepantla, Raciel P\u00e9rez Cruz, encabez\u00f3 la conferencia de prensa para presentar la jornada deportiva \u00abNuestro Mundial Tlalnepantla 2026\u00bb.<\/p>\n\n\n\n<p>El alcalde detall\u00f3 que esta estrategia busca aprovechar la efervescencia de la pr\u00f3xima Copa del Mundo para promover la paz, la activaci\u00f3n f\u00edsica y la sana convivencia entre las familias a trav\u00e9s de cinco torneos especializados.<\/p>\n\n\n\n<figure class=\"wp-block-image alignleft size-medium\"><img fetchpriority=\"high\" decoding=\"async\" width=\"300\" height=\"200\" src=\"https:\/\/agencia.252.com.mx\/wp-content\/uploads\/2026\/04\/WhatsApp-Image-2026-04-09-at-4.27.23-PM-2-300x200.jpeg\" alt=\"\" class=\"wp-image-18104\" srcset=\"https:\/\/agencia.252.com.mx\/wp-content\/uploads\/2026\/04\/WhatsApp-Image-2026-04-09-at-4.27.23-PM-2-300x200.jpeg 300w, https:\/\/agencia.252.com.mx\/wp-content\/uploads\/2026\/04\/WhatsApp-Image-2026-04-09-at-4.27.23-PM-2-1024x683.jpeg 1024w, https:\/\/agencia.252.com.mx\/wp-content\/uploads\/2026\/04\/WhatsApp-Image-2026-04-09-at-4.27.23-PM-2-768x512.jpeg 768w, https:\/\/agencia.252.com.mx\/wp-content\/uploads\/2026\/04\/WhatsApp-Image-2026-04-09-at-4.27.23-PM-2.jpeg 1280w\" sizes=\"(max-width: 300px) 100vw, 300px\" \/><\/figure>\n\n\n\n<p>Durante su intervenci\u00f3n, Raciel P\u00e9rez Cruz subray\u00f3 que, aunque el torneo femenil \u00abMundialita\u00bb ya tuvo sus primeras fechas, el resto de las convocatorias siguen vigentes y con inscripciones gratuitas. Los torneos que mantienen sus registros abiertos incluyen el de \u00abVeteranos\u00bb para mayores de 50 a\u00f1os, el de \u00abDeporte Adaptado\u00bb y los torneos \u00abInfantil y Juventudes\u00bb que abarcan categor\u00edas desde los 5 hasta los 17 a\u00f1os de edad.&nbsp;<\/p>\n\n\n\n<p>El edil enfatiz\u00f3 que no habr\u00e1 costo alguno por inscripci\u00f3n, facilitando que el talento local se desarrolle en instalaciones de primer nivel.<\/p>\n\n\n\n<p>Las sedes designadas para estos encuentros deportivos incluyen los deportivos Caracoles, Luis Garc\u00eda Postigo, Edson \u00c1lvarez, Viveros, Tepeolulco y el Parque Hidalgo, asegurando una cobertura total en el municipio.&nbsp;<\/p>\n\n\n\n<p>El Presidente Municipal concluy\u00f3 haciendo un llamado a los padres de familia para inscribir a sus hijos, reiter\u00f3 que su administraci\u00f3n prioriza el deporte como una herramienta clave para fortalecer el tejido social y ofrecer alternativas positivas de esparcimiento para todos los sectores de la poblaci\u00f3n.<\/p>\n","protected":false},"excerpt":{"rendered":"<p>Visitas: 8 &nbsp;Juan Ignacio Corro&nbsp; Tlalnepantla, Estado de M\u00e9xico, a 9&nbsp;&nbsp;de abril de 2026 El Presidente Municipal de Tlalnepantla, Raciel P\u00e9rez Cruz, encabez\u00f3 la conferencia de prensa para presentar la jornada deportiva \u00abNuestro Mundial Tlalnepantla 2026\u00bb. El alcalde detall\u00f3 que esta estrategia busca aprovechar la efervescencia de la pr\u00f3xima Copa del Mundo para promover la [&hellip;]<\/p>\n","protected":false},"author":5,"featured_media":18105,"comment_status":"open","ping_status":"open","sticky":false,"template":"","format":"standard","meta":{"site-sidebar-layout":"default","site-content-layout":"","ast-site-content-layout":"default","site-content-style":"default","site-sidebar-style":"default","ast-global-header-display":"","ast-banner-title-visibility":"","ast-main-header-display":"","ast-hfb-above-header-display":"","ast-hfb-below-header-display":"","ast-hfb-mobile-header-display":"","site-post-title":"","ast-breadcrumbs-content":"","ast-featured-img":"","footer-sml-layout":"","ast-disable-related-posts":"","theme-transparent-header-meta":"","adv-header-id-meta":"","stick-header-meta":"","header-above-stick-meta":"","header-main-stick-meta":"","header-below-stick-meta":"","astra-migrate-meta-layouts":"set","ast-page-background-enabled":"default","ast-page-background-meta":{"desktop":{"background-color":"var(--ast-global-color-4)","background-image":"","background-repeat":"repeat","background-position":"center center","background-size":"auto","background-attachment":"scroll","background-type":"","background-media":"","overlay-type":"","overlay-color":"","overlay-opacity":"","overlay-gradient":""},"tablet":{"background-color":"","background-image":"","background-repeat":"repeat","background-position":"center center","background-size":"auto","background-attachment":"scroll","background-type":"","background-media":"","overlay-type":"","overlay-color":"","overlay-opacity":"","overlay-gradient":""},"mobile":{"background-color":"","background-image":"","background-repeat":"repeat","background-position":"center center","background-size":"auto","background-attachment":"scroll","background-type":"","background-media":"","overlay-type":"","overlay-color":"","overlay-opacity":"","overlay-gradient":""}},"ast-content-background-meta":{"desktop":{"background-color":"var(--ast-global-color-5)","background-image":"","background-repeat":"repeat","background-position":"center center","background-size":"auto","background-attachment":"scroll","background-type":"","background-media":"","overlay-type":"","overlay-color":"","overlay-opacity":"","overlay-gradient":""},"tablet":{"background-color":"var(--ast-global-color-5)","background-image":"","background-repeat":"repeat","background-position":"center center","background-size":"auto","background-attachment":"scroll","background-type":"","background-media":"","overlay-type":"","overlay-color":"","overlay-opacity":"","overlay-gradient":""},"mobile":{"background-color":"var(--ast-global-color-5)","background-image":"","background-repeat":"repeat","background-position":"center center","background-size":"auto","background-attachment":"scroll","background-type":"","background-media":"","overlay-type":"","overlay-color":"","overlay-opacity":"","overlay-gradient":""}},"footnotes":""},"categories":[8,68,56],"tags":[526],"class_list":["post-18102","post","type-post","status-publish","format-standard","has-post-thumbnail","hentry","category-edomex","category-seguridad","category-tlalnepantla","tag-edomex"],"yoast_head":"<!-- This site is optimized with the Yoast SEO plugin v27.4 - https:\/\/yoast.com\/product\/yoast-seo-wordpress\/ -->\n<title>Presenta Raciel P\u00e9rez Cruz la Jornada deportiva \u201cNuestro Mundial Tlalnepantla 2026\u201d - Agencia252<\/title>\n<meta name=\"robots\" content=\"index, follow, max-snippet:-1, max-image-preview:large, max-video-preview:-1\" \/>\n<link rel=\"canonical\" href=\"https:\/\/agencia.252.com.mx\/home\/presenta-raciel-perez-cruz-la-jornada-deportiva-nuestro-mundial-tlalnepatla-2026\/\" \/>\n<meta property=\"og:locale\" content=\"es_ES\" \/>\n<meta property=\"og:type\" content=\"article\" \/>\n<meta property=\"og:title\" content=\"Presenta Raciel P\u00e9rez Cruz la Jornada deportiva \u201cNuestro Mundial Tlalnepantla 2026\u201d - Agencia252\" \/>\n<meta property=\"og:description\" content=\"Visitas: 8 &nbsp;Juan Ignacio Corro&nbsp; Tlalnepantla, Estado de M\u00e9xico, a 9&nbsp;&nbsp;de abril de 2026 El Presidente Municipal de Tlalnepantla, Raciel P\u00e9rez Cruz, encabez\u00f3 la conferencia de prensa para presentar la jornada deportiva \u00abNuestro Mundial Tlalnepantla 2026\u00bb. El alcalde detall\u00f3 que esta estrategia busca aprovechar la efervescencia de la pr\u00f3xima Copa del Mundo para promover la [&hellip;]\" \/>\n<meta property=\"og:url\" content=\"https:\/\/agencia.252.com.mx\/home\/presenta-raciel-perez-cruz-la-jornada-deportiva-nuestro-mundial-tlalnepatla-2026\/\" \/>\n<meta property=\"og:site_name\" content=\"Agencia252\" \/>\n<meta property=\"article:publisher\" content=\"https:\/\/www.facebook.com\/252Comunicacion\/\" \/>\n<meta property=\"article:author\" content=\"https:\/\/www.facebook.com\/jcorroherrera\/\" \/>\n<meta property=\"article:published_time\" content=\"2026-04-10T02:46:05+00:00\" \/>\n<meta property=\"article:modified_time\" content=\"2026-04-12T19:24:43+00:00\" \/>\n<meta property=\"og:image\" content=\"http:\/\/agencia.252.com.mx\/wp-content\/uploads\/2026\/04\/WhatsApp-Image-2026-04-09-at-4.27.23-PM.jpeg\" \/>\n\t<meta property=\"og:image:width\" content=\"1280\" \/>\n\t<meta property=\"og:image:height\" content=\"854\" \/>\n\t<meta property=\"og:image:type\" content=\"image\/jpeg\" \/>\n<meta name=\"author\" content=\"Nacho Corro\" \/>\n<meta name=\"twitter:card\" content=\"summary_large_image\" \/>\n<meta name=\"twitter:creator\" content=\"@Juan Ignacio Corro Herrera\" \/>\n<meta name=\"twitter:site\" content=\"@252COMS\" \/>\n<meta name=\"twitter:label1\" content=\"Escrito por\" \/>\n\t<meta name=\"twitter:data1\" content=\"Nacho Corro\" \/>\n\t<meta name=\"twitter:label2\" content=\"Tiempo de lectura\" \/>\n\t<meta name=\"twitter:data2\" content=\"2 minutos\" \/>\n<script type=\"application\/ld+json\" class=\"yoast-schema-graph\">{\"@context\":\"https:\\\/\\\/schema.org\",\"@graph\":[{\"@type\":\"Article\",\"@id\":\"https:\\\/\\\/agencia.252.com.mx\\\/home\\\/presenta-raciel-perez-cruz-la-jornada-deportiva-nuestro-mundial-tlalnepatla-2026\\\/#article\",\"isPartOf\":{\"@id\":\"https:\\\/\\\/agencia.252.com.mx\\\/home\\\/presenta-raciel-perez-cruz-la-jornada-deportiva-nuestro-mundial-tlalnepatla-2026\\\/\"},\"author\":{\"name\":\"Nacho Corro\",\"@id\":\"https:\\\/\\\/agencia.252.com.mx\\\/home\\\/#\\\/schema\\\/person\\\/6b972021e9a92d45ade8c78d81509098\"},\"headline\":\"Presenta Raciel P\u00e9rez Cruz la Jornada deportiva \u201cNuestro Mundial Tlalnepantla 2026\u201d\",\"datePublished\":\"2026-04-10T02:46:05+00:00\",\"dateModified\":\"2026-04-12T19:24:43+00:00\",\"mainEntityOfPage\":{\"@id\":\"https:\\\/\\\/agencia.252.com.mx\\\/home\\\/presenta-raciel-perez-cruz-la-jornada-deportiva-nuestro-mundial-tlalnepatla-2026\\\/\"},\"wordCount\":311,\"commentCount\":0,\"publisher\":{\"@id\":\"https:\\\/\\\/agencia.252.com.mx\\\/home\\\/#organization\"},\"image\":{\"@id\":\"https:\\\/\\\/agencia.252.com.mx\\\/home\\\/presenta-raciel-perez-cruz-la-jornada-deportiva-nuestro-mundial-tlalnepatla-2026\\\/#primaryimage\"},\"thumbnailUrl\":\"https:\\\/\\\/agencia.252.com.mx\\\/wp-content\\\/uploads\\\/2026\\\/04\\\/WhatsApp-Image-2026-04-09-at-4.27.23-PM.jpeg\",\"keywords\":[\"Edomex\"],\"articleSection\":[\"Edomex\",\"Seguridad\",\"Tlalnepantla\"],\"inLanguage\":\"es\",\"potentialAction\":[{\"@type\":\"CommentAction\",\"name\":\"Comment\",\"target\":[\"https:\\\/\\\/agencia.252.com.mx\\\/home\\\/presenta-raciel-perez-cruz-la-jornada-deportiva-nuestro-mundial-tlalnepatla-2026\\\/#respond\"]}]},{\"@type\":\"WebPage\",\"@id\":\"https:\\\/\\\/agencia.252.com.mx\\\/home\\\/presenta-raciel-perez-cruz-la-jornada-deportiva-nuestro-mundial-tlalnepatla-2026\\\/\",\"url\":\"https:\\\/\\\/agencia.252.com.mx\\\/home\\\/presenta-raciel-perez-cruz-la-jornada-deportiva-nuestro-mundial-tlalnepatla-2026\\\/\",\"name\":\"Presenta Raciel P\u00e9rez Cruz la Jornada deportiva \u201cNuestro Mundial Tlalnepantla 2026\u201d - Agencia252\",\"isPartOf\":{\"@id\":\"https:\\\/\\\/agencia.252.com.mx\\\/home\\\/#website\"},\"primaryImageOfPage\":{\"@id\":\"https:\\\/\\\/agencia.252.com.mx\\\/home\\\/presenta-raciel-perez-cruz-la-jornada-deportiva-nuestro-mundial-tlalnepatla-2026\\\/#primaryimage\"},\"image\":{\"@id\":\"https:\\\/\\\/agencia.252.com.mx\\\/home\\\/presenta-raciel-perez-cruz-la-jornada-deportiva-nuestro-mundial-tlalnepatla-2026\\\/#primaryimage\"},\"thumbnailUrl\":\"https:\\\/\\\/agencia.252.com.mx\\\/wp-content\\\/uploads\\\/2026\\\/04\\\/WhatsApp-Image-2026-04-09-at-4.27.23-PM.jpeg\",\"datePublished\":\"2026-04-10T02:46:05+00:00\",\"dateModified\":\"2026-04-12T19:24:43+00:00\",\"breadcrumb\":{\"@id\":\"https:\\\/\\\/agencia.252.com.mx\\\/home\\\/presenta-raciel-perez-cruz-la-jornada-deportiva-nuestro-mundial-tlalnepatla-2026\\\/#breadcrumb\"},\"inLanguage\":\"es\",\"potentialAction\":[{\"@type\":\"ReadAction\",\"target\":[\"https:\\\/\\\/agencia.252.com.mx\\\/home\\\/presenta-raciel-perez-cruz-la-jornada-deportiva-nuestro-mundial-tlalnepatla-2026\\\/\"]}]},{\"@type\":\"ImageObject\",\"inLanguage\":\"es\",\"@id\":\"https:\\\/\\\/agencia.252.com.mx\\\/home\\\/presenta-raciel-perez-cruz-la-jornada-deportiva-nuestro-mundial-tlalnepatla-2026\\\/#primaryimage\",\"url\":\"https:\\\/\\\/agencia.252.com.mx\\\/wp-content\\\/uploads\\\/2026\\\/04\\\/WhatsApp-Image-2026-04-09-at-4.27.23-PM.jpeg\",\"contentUrl\":\"https:\\\/\\\/agencia.252.com.mx\\\/wp-content\\\/uploads\\\/2026\\\/04\\\/WhatsApp-Image-2026-04-09-at-4.27.23-PM.jpeg\",\"width\":1280,\"height\":854},{\"@type\":\"BreadcrumbList\",\"@id\":\"https:\\\/\\\/agencia.252.com.mx\\\/home\\\/presenta-raciel-perez-cruz-la-jornada-deportiva-nuestro-mundial-tlalnepatla-2026\\\/#breadcrumb\",\"itemListElement\":[{\"@type\":\"ListItem\",\"position\":1,\"name\":\"Portada\",\"item\":\"https:\\\/\\\/agencia.252.com.mx\\\/home\\\/\"},{\"@type\":\"ListItem\",\"position\":2,\"name\":\"Presenta Raciel P\u00e9rez Cruz la Jornada deportiva \u201cNuestro Mundial Tlalnepantla 2026\u201d\"}]},{\"@type\":\"WebSite\",\"@id\":\"https:\\\/\\\/agencia.252.com.mx\\\/home\\\/#website\",\"url\":\"https:\\\/\\\/agencia.252.com.mx\\\/home\\\/\",\"name\":\"Agencia252\",\"description\":\"Tu espacio en la Red\",\"publisher\":{\"@id\":\"https:\\\/\\\/agencia.252.com.mx\\\/home\\\/#organization\"},\"potentialAction\":[{\"@type\":\"SearchAction\",\"target\":{\"@type\":\"EntryPoint\",\"urlTemplate\":\"https:\\\/\\\/agencia.252.com.mx\\\/home\\\/?s={search_term_string}\"},\"query-input\":{\"@type\":\"PropertyValueSpecification\",\"valueRequired\":true,\"valueName\":\"search_term_string\"}}],\"inLanguage\":\"es\"},{\"@type\":\"Organization\",\"@id\":\"https:\\\/\\\/agencia.252.com.mx\\\/home\\\/#organization\",\"name\":\"Agencia252\",\"url\":\"https:\\\/\\\/agencia.252.com.mx\\\/home\\\/\",\"logo\":{\"@type\":\"ImageObject\",\"inLanguage\":\"es\",\"@id\":\"https:\\\/\\\/agencia.252.com.mx\\\/home\\\/#\\\/schema\\\/logo\\\/image\\\/\",\"url\":\"https:\\\/\\\/agencia.252.com.mx\\\/wp-content\\\/uploads\\\/2023\\\/02\\\/cropped-ciruclo-agencia-e1677562404136.png\",\"contentUrl\":\"https:\\\/\\\/agencia.252.com.mx\\\/wp-content\\\/uploads\\\/2023\\\/02\\\/cropped-ciruclo-agencia-e1677562404136.png\",\"width\":512,\"height\":512,\"caption\":\"Agencia252\"},\"image\":{\"@id\":\"https:\\\/\\\/agencia.252.com.mx\\\/home\\\/#\\\/schema\\\/logo\\\/image\\\/\"},\"sameAs\":[\"https:\\\/\\\/www.facebook.com\\\/252Comunicacion\\\/\",\"https:\\\/\\\/x.com\\\/252COMS\"]},{\"@type\":\"Person\",\"@id\":\"https:\\\/\\\/agencia.252.com.mx\\\/home\\\/#\\\/schema\\\/person\\\/6b972021e9a92d45ade8c78d81509098\",\"name\":\"Nacho Corro\",\"image\":{\"@type\":\"ImageObject\",\"inLanguage\":\"es\",\"@id\":\"https:\\\/\\\/secure.gravatar.com\\\/avatar\\\/5db6df507cfe1307e192fbb498c6b85f1cf2ffd8b4cd37141b9eea588fcbd5a4?s=96&r=g\",\"url\":\"https:\\\/\\\/secure.gravatar.com\\\/avatar\\\/5db6df507cfe1307e192fbb498c6b85f1cf2ffd8b4cd37141b9eea588fcbd5a4?s=96&r=g\",\"contentUrl\":\"https:\\\/\\\/secure.gravatar.com\\\/avatar\\\/5db6df507cfe1307e192fbb498c6b85f1cf2ffd8b4cd37141b9eea588fcbd5a4?s=96&r=g\",\"caption\":\"Nacho Corro\"},\"description\":\"Comunicador Social, Periodista y Administraci\u00f3n P\u00fablica. Conversador pol\u00edtico, temas electorales y seguridad. Generador de contenidos digitales. Amante de la fotograf\u00eda\",\"sameAs\":[\"https:\\\/\\\/www.facebook.com\\\/jcorroherrera\\\/\",\"www.instagram.com\\\/nachocorro\\\/\",\"https:\\\/\\\/x.com\\\/Juan Ignacio Corro Herrera\"],\"url\":\"https:\\\/\\\/agencia.252.com.mx\\\/home\\\/author\\\/i-corro\\\/\"}]}<\/script>\n<!-- \/ Yoast SEO plugin. -->","yoast_head_json":{"title":"Presenta Raciel P\u00e9rez Cruz la Jornada deportiva \u201cNuestro Mundial Tlalnepantla 2026\u201d - Agencia252","robots":{"index":"index","follow":"follow","max-snippet":"max-snippet:-1","max-image-preview":"max-image-preview:large","max-video-preview":"max-video-preview:-1"},"canonical":"https:\/\/agencia.252.com.mx\/home\/presenta-raciel-perez-cruz-la-jornada-deportiva-nuestro-mundial-tlalnepatla-2026\/","og_locale":"es_ES","og_type":"article","og_title":"Presenta Raciel P\u00e9rez Cruz la Jornada deportiva \u201cNuestro Mundial Tlalnepantla 2026\u201d - Agencia252","og_description":"Visitas: 8 &nbsp;Juan Ignacio Corro&nbsp; Tlalnepantla, Estado de M\u00e9xico, a 9&nbsp;&nbsp;de abril de 2026 El Presidente Municipal de Tlalnepantla, Raciel P\u00e9rez Cruz, encabez\u00f3 la conferencia de prensa para presentar la jornada deportiva \u00abNuestro Mundial Tlalnepantla 2026\u00bb. El alcalde detall\u00f3 que esta estrategia busca aprovechar la efervescencia de la pr\u00f3xima Copa del Mundo para promover la [&hellip;]","og_url":"https:\/\/agencia.252.com.mx\/home\/presenta-raciel-perez-cruz-la-jornada-deportiva-nuestro-mundial-tlalnepatla-2026\/","og_site_name":"Agencia252","article_publisher":"https:\/\/www.facebook.com\/252Comunicacion\/","article_author":"https:\/\/www.facebook.com\/jcorroherrera\/","article_published_time":"2026-04-10T02:46:05+00:00","article_modified_time":"2026-04-12T19:24:43+00:00","og_image":[{"width":1280,"height":854,"url":"http:\/\/agencia.252.com.mx\/wp-content\/uploads\/2026\/04\/WhatsApp-Image-2026-04-09-at-4.27.23-PM.jpeg","type":"image\/jpeg"}],"author":"Nacho Corro","twitter_card":"summary_large_image","twitter_creator":"@Juan Ignacio Corro Herrera","twitter_site":"@252COMS","twitter_misc":{"Escrito por":"Nacho Corro","Tiempo de lectura":"2 minutos"},"schema":{"@context":"https:\/\/schema.org","@graph":[{"@type":"Article","@id":"https:\/\/agencia.252.com.mx\/home\/presenta-raciel-perez-cruz-la-jornada-deportiva-nuestro-mundial-tlalnepatla-2026\/#article","isPartOf":{"@id":"https:\/\/agencia.252.com.mx\/home\/presenta-raciel-perez-cruz-la-jornada-deportiva-nuestro-mundial-tlalnepatla-2026\/"},"author":{"name":"Nacho Corro","@id":"https:\/\/agencia.252.com.mx\/home\/#\/schema\/person\/6b972021e9a92d45ade8c78d81509098"},"headline":"Presenta Raciel P\u00e9rez Cruz la Jornada deportiva \u201cNuestro Mundial Tlalnepantla 2026\u201d","datePublished":"2026-04-10T02:46:05+00:00","dateModified":"2026-04-12T19:24:43+00:00","mainEntityOfPage":{"@id":"https:\/\/agencia.252.com.mx\/home\/presenta-raciel-perez-cruz-la-jornada-deportiva-nuestro-mundial-tlalnepatla-2026\/"},"wordCount":311,"commentCount":0,"publisher":{"@id":"https:\/\/agencia.252.com.mx\/home\/#organization"},"image":{"@id":"https:\/\/agencia.252.com.mx\/home\/presenta-raciel-perez-cruz-la-jornada-deportiva-nuestro-mundial-tlalnepatla-2026\/#primaryimage"},"thumbnailUrl":"https:\/\/agencia.252.com.mx\/wp-content\/uploads\/2026\/04\/WhatsApp-Image-2026-04-09-at-4.27.23-PM.jpeg","keywords":["Edomex"],"articleSection":["Edomex","Seguridad","Tlalnepantla"],"inLanguage":"es","potentialAction":[{"@type":"CommentAction","name":"Comment","target":["https:\/\/agencia.252.com.mx\/home\/presenta-raciel-perez-cruz-la-jornada-deportiva-nuestro-mundial-tlalnepatla-2026\/#respond"]}]},{"@type":"WebPage","@id":"https:\/\/agencia.252.com.mx\/home\/presenta-raciel-perez-cruz-la-jornada-deportiva-nuestro-mundial-tlalnepatla-2026\/","url":"https:\/\/agencia.252.com.mx\/home\/presenta-raciel-perez-cruz-la-jornada-deportiva-nuestro-mundial-tlalnepatla-2026\/","name":"Presenta Raciel P\u00e9rez Cruz la Jornada deportiva \u201cNuestro Mundial Tlalnepantla 2026\u201d - Agencia252","isPartOf":{"@id":"https:\/\/agencia.252.com.mx\/home\/#website"},"primaryImageOfPage":{"@id":"https:\/\/agencia.252.com.mx\/home\/presenta-raciel-perez-cruz-la-jornada-deportiva-nuestro-mundial-tlalnepatla-2026\/#primaryimage"},"image":{"@id":"https:\/\/agencia.252.com.mx\/home\/presenta-raciel-perez-cruz-la-jornada-deportiva-nuestro-mundial-tlalnepatla-2026\/#primaryimage"},"thumbnailUrl":"https:\/\/agencia.252.com.mx\/wp-content\/uploads\/2026\/04\/WhatsApp-Image-2026-04-09-at-4.27.23-PM.jpeg","datePublished":"2026-04-10T02:46:05+00:00","dateModified":"2026-04-12T19:24:43+00:00","breadcrumb":{"@id":"https:\/\/agencia.252.com.mx\/home\/presenta-raciel-perez-cruz-la-jornada-deportiva-nuestro-mundial-tlalnepatla-2026\/#breadcrumb"},"inLanguage":"es","potentialAction":[{"@type":"ReadAction","target":["https:\/\/agencia.252.com.mx\/home\/presenta-raciel-perez-cruz-la-jornada-deportiva-nuestro-mundial-tlalnepatla-2026\/"]}]},{"@type":"ImageObject","inLanguage":"es","@id":"https:\/\/agencia.252.com.mx\/home\/presenta-raciel-perez-cruz-la-jornada-deportiva-nuestro-mundial-tlalnepatla-2026\/#primaryimage","url":"https:\/\/agencia.252.com.mx\/wp-content\/uploads\/2026\/04\/WhatsApp-Image-2026-04-09-at-4.27.23-PM.jpeg","contentUrl":"https:\/\/agencia.252.com.mx\/wp-content\/uploads\/2026\/04\/WhatsApp-Image-2026-04-09-at-4.27.23-PM.jpeg","width":1280,"height":854},{"@type":"BreadcrumbList","@id":"https:\/\/agencia.252.com.mx\/home\/presenta-raciel-perez-cruz-la-jornada-deportiva-nuestro-mundial-tlalnepatla-2026\/#breadcrumb","itemListElement":[{"@type":"ListItem","position":1,"name":"Portada","item":"https:\/\/agencia.252.com.mx\/home\/"},{"@type":"ListItem","position":2,"name":"Presenta Raciel P\u00e9rez Cruz la Jornada deportiva \u201cNuestro Mundial Tlalnepantla 2026\u201d"}]},{"@type":"WebSite","@id":"https:\/\/agencia.252.com.mx\/home\/#website","url":"https:\/\/agencia.252.com.mx\/home\/","name":"Agencia252","description":"Tu espacio en la Red","publisher":{"@id":"https:\/\/agencia.252.com.mx\/home\/#organization"},"potentialAction":[{"@type":"SearchAction","target":{"@type":"EntryPoint","urlTemplate":"https:\/\/agencia.252.com.mx\/home\/?s={search_term_string}"},"query-input":{"@type":"PropertyValueSpecification","valueRequired":true,"valueName":"search_term_string"}}],"inLanguage":"es"},{"@type":"Organization","@id":"https:\/\/agencia.252.com.mx\/home\/#organization","name":"Agencia252","url":"https:\/\/agencia.252.com.mx\/home\/","logo":{"@type":"ImageObject","inLanguage":"es","@id":"https:\/\/agencia.252.com.mx\/home\/#\/schema\/logo\/image\/","url":"https:\/\/agencia.252.com.mx\/wp-content\/uploads\/2023\/02\/cropped-ciruclo-agencia-e1677562404136.png","contentUrl":"https:\/\/agencia.252.com.mx\/wp-content\/uploads\/2023\/02\/cropped-ciruclo-agencia-e1677562404136.png","width":512,"height":512,"caption":"Agencia252"},"image":{"@id":"https:\/\/agencia.252.com.mx\/home\/#\/schema\/logo\/image\/"},"sameAs":["https:\/\/www.facebook.com\/252Comunicacion\/","https:\/\/x.com\/252COMS"]},{"@type":"Person","@id":"https:\/\/agencia.252.com.mx\/home\/#\/schema\/person\/6b972021e9a92d45ade8c78d81509098","name":"Nacho Corro","image":{"@type":"ImageObject","inLanguage":"es","@id":"https:\/\/secure.gravatar.com\/avatar\/5db6df507cfe1307e192fbb498c6b85f1cf2ffd8b4cd37141b9eea588fcbd5a4?s=96&r=g","url":"https:\/\/secure.gravatar.com\/avatar\/5db6df507cfe1307e192fbb498c6b85f1cf2ffd8b4cd37141b9eea588fcbd5a4?s=96&r=g","contentUrl":"https:\/\/secure.gravatar.com\/avatar\/5db6df507cfe1307e192fbb498c6b85f1cf2ffd8b4cd37141b9eea588fcbd5a4?s=96&r=g","caption":"Nacho Corro"},"description":"Comunicador Social, Periodista y Administraci\u00f3n P\u00fablica. Conversador pol\u00edtico, temas electorales y seguridad. Generador de contenidos digitales. Amante de la fotograf\u00eda","sameAs":["https:\/\/www.facebook.com\/jcorroherrera\/","www.instagram.com\/nachocorro\/","https:\/\/x.com\/Juan Ignacio Corro Herrera"],"url":"https:\/\/agencia.252.com.mx\/home\/author\/i-corro\/"}]}},"_links":{"self":[{"href":"https:\/\/agencia.252.com.mx\/home\/wp-json\/wp\/v2\/posts\/18102","targetHints":{"allow":["GET"]}}],"collection":[{"href":"https:\/\/agencia.252.com.mx\/home\/wp-json\/wp\/v2\/posts"}],"about":[{"href":"https:\/\/agencia.252.com.mx\/home\/wp-json\/wp\/v2\/types\/post"}],"author":[{"embeddable":true,"href":"https:\/\/agencia.252.com.mx\/home\/wp-json\/wp\/v2\/users\/5"}],"replies":[{"embeddable":true,"href":"https:\/\/agencia.252.com.mx\/home\/wp-json\/wp\/v2\/comments?post=18102"}],"version-history":[{"count":2,"href":"https:\/\/agencia.252.com.mx\/home\/wp-json\/wp\/v2\/posts\/18102\/revisions"}],"predecessor-version":[{"id":18198,"href":"https:\/\/agencia.252.com.mx\/home\/wp-json\/wp\/v2\/posts\/18102\/revisions\/18198"}],"wp:featuredmedia":[{"embeddable":true,"href":"https:\/\/agencia.252.com.mx\/home\/wp-json\/wp\/v2\/media\/18105"}],"wp:attachment":[{"href":"https:\/\/agencia.252.com.mx\/home\/wp-json\/wp\/v2\/media?parent=18102"}],"wp:term":[{"taxonomy":"category","embeddable":true,"href":"https:\/\/agencia.252.com.mx\/home\/wp-json\/wp\/v2\/categories?post=18102"},{"taxonomy":"post_tag","embeddable":true,"href":"https:\/\/agencia.252.com.mx\/home\/wp-json\/wp\/v2\/tags?post=18102"}],"curies":[{"name":"wp","href":"https:\/\/api.w.org\/{rel}","templated":true}]}}