{"id":18100,"date":"2026-04-09T20:23:33","date_gmt":"2026-04-10T02:23:33","guid":{"rendered":"https:\/\/agencia.252.com.mx\/home\/?p=18100"},"modified":"2026-04-09T20:24:05","modified_gmt":"2026-04-10T02:24:05","slug":"pensiones-y-jubilaciones-en-sector-publico-del-edomex-no-podran-superar-la-mitad-de-sueldo-del-ejecutivo-estatal","status":"publish","type":"post","link":"https:\/\/agencia.252.com.mx\/home\/pensiones-y-jubilaciones-en-sector-publico-del-edomex-no-podran-superar-la-mitad-de-sueldo-del-ejecutivo-estatal\/","title":{"rendered":"Pensiones y jubilaciones en sector p\u00fablico del Edomex, no podr\u00e1n superar la mitad de sueldo del Ejecutivo Estatal\u00a0"},"content":{"rendered":"<p>Visitas: 12<\/p>\n<ul class=\"wp-block-list\">\n<li><em>El Congreso mexiquense aval\u00f3 la reforma a la Constituci\u00f3n mexicana conforme a la cual las pensiones y jubilaciones del personal de confianza de los organismos p\u00fablicos, las empresas del Estado, fideicomisos y entidades paraestatales no podr\u00e1n superar la mitad de la remuneraci\u00f3n de la persona titular del Ejecutivo federal.<\/em><\/li>\n\n\n\n<li><em>La minuta, remitida por la C\u00e1mara de Diputados del Congreso de la Uni\u00f3n, dispone que todas las jubilaciones o pensiones que no est\u00e9n excluidas y que se hayan otorgado con anterioridad a la entrada en vigencia del decreto, deber\u00e1n ajustarse al l\u00edmite establecido en el p\u00e1rrafo segundo de dicha fracci\u00f3n, incluyendo las que se encuentren vigentes.<\/em><\/li>\n<\/ul>\n\n\n\n<p><em>Juan Ignacio Corro&nbsp;<\/em><\/p>\n\n\n\n<p class=\"has-text-align-right\"><em>Toluca, Estado de M\u00e9xico, a 9&nbsp;&nbsp;de abril de 2026<\/em><\/p>\n\n\n\n<p>El Congreso mexiquense, en su calidad de integrante del Constituyente Permanente, aval\u00f3 la reforma a la Constituci\u00f3n mexicana, seg\u00fan la cual las pensiones y jubilaciones del personal de confianza de los organismos p\u00fablicos, las empresas del Estado, los fideicomisos y las entidades paraestatales \u2014tanto federales como estatales\u2014 no podr\u00e1n superar la mitad de la remuneraci\u00f3n de la persona titular del Ejecutivo federal.<\/p>\n\n\n\n<p>En sesi\u00f3n deliberante de la LXII Legislatura mexiquense, presidida por la diputada Martha Azucena Camacho Reynoso (morena), se aprob\u00f3 la minuta proyecto de decreto por el que se reforma el art\u00edculo 127 de la Constituci\u00f3n Pol\u00edtica de los Estados Unidos Mexicanos, remitida por la C\u00e1mara de Diputados del Congreso de la Uni\u00f3n, que tambi\u00e9n dispone que ning\u00fan instrumento jur\u00eddico podr\u00e1 establecer condiciones que rebasen ese l\u00edmite.<\/p>\n\n\n\n<p>La minuta, le\u00edda por la diputada Sara Alicia Ram\u00edrez de la O (PT), establece que quedan excluidos: el personal de las Fuerzas Armadas; las jubilaciones o pensiones constituidas a partir de aportaciones voluntarias a los sistemas de ahorro para el retiro basados en cuentas individuales; las jubilaciones o pensiones derivadas de aportaciones sind\u00edcales en los sistemas de ahorro complementarios; y la pensi\u00f3n no contributiva a que se refiere el art\u00edculo 4\u00ba de la Constituci\u00f3n.<\/p>\n\n\n\n<p>Asimismo, dispone que todas las jubilaciones o pensiones que no est\u00e9n excluidas y que se hayan otorgado con anterioridad a la entrada en vigencia del decreto, deber\u00e1n ajustarse al l\u00edmite establecido en el p\u00e1rrafo segundo de dicha fracci\u00f3n, incluyendo las que se encuentren vigentes.<\/p>\n\n\n\n<p>Adem\u00e1s, se\u00f1ala un plazo de 90 d\u00edas naturales para que el Congreso de la Uni\u00f3n y las legislaturas estatales, en el \u00e1mbito de sus respectivas competencias, deber\u00e1n revisar y, en su caso, adecuar el marco jur\u00eddico aplicable, a fin de hacerlo congruente con lo dispuesto en el presente decreto.<\/p>\n","protected":false},"excerpt":{"rendered":"<p>Visitas: 12 Juan Ignacio Corro&nbsp; Toluca, Estado de M\u00e9xico, a 9&nbsp;&nbsp;de abril de 2026 El Congreso mexiquense, en su calidad de integrante del Constituyente Permanente, aval\u00f3 la reforma a la Constituci\u00f3n mexicana, seg\u00fan la cual las pensiones y jubilaciones del personal de confianza de los organismos p\u00fablicos, las empresas del Estado, los fideicomisos y las [&hellip;]<\/p>\n","protected":false},"author":5,"featured_media":18097,"comment_status":"open","ping_status":"open","sticky":false,"template":"","format":"standard","meta":{"site-sidebar-layout":"default","site-content-layout":"","ast-site-content-layout":"default","site-content-style":"default","site-sidebar-style":"default","ast-global-header-display":"","ast-banner-title-visibility":"","ast-main-header-display":"","ast-hfb-above-header-display":"","ast-hfb-below-header-display":"","ast-hfb-mobile-header-display":"","site-post-title":"","ast-breadcrumbs-content":"","ast-featured-img":"","footer-sml-layout":"","ast-disable-related-posts":"","theme-transparent-header-meta":"","adv-header-id-meta":"","stick-header-meta":"","header-above-stick-meta":"","header-main-stick-meta":"","header-below-stick-meta":"","astra-migrate-meta-layouts":"set","ast-page-background-enabled":"default","ast-page-background-meta":{"desktop":{"background-color":"var(--ast-global-color-4)","background-image":"","background-repeat":"repeat","background-position":"center center","background-size":"auto","background-attachment":"scroll","background-type":"","background-media":"","overlay-type":"","overlay-color":"","overlay-opacity":"","overlay-gradient":""},"tablet":{"background-color":"","background-image":"","background-repeat":"repeat","background-position":"center center","background-size":"auto","background-attachment":"scroll","background-type":"","background-media":"","overlay-type":"","overlay-color":"","overlay-opacity":"","overlay-gradient":""},"mobile":{"background-color":"","background-image":"","background-repeat":"repeat","background-position":"center center","background-size":"auto","background-attachment":"scroll","background-type":"","background-media":"","overlay-type":"","overlay-color":"","overlay-opacity":"","overlay-gradient":""}},"ast-content-background-meta":{"desktop":{"background-color":"var(--ast-global-color-5)","background-image":"","background-repeat":"repeat","background-position":"center center","background-size":"auto","background-attachment":"scroll","background-type":"","background-media":"","overlay-type":"","overlay-color":"","overlay-opacity":"","overlay-gradient":""},"tablet":{"background-color":"var(--ast-global-color-5)","background-image":"","background-repeat":"repeat","background-position":"center center","background-size":"auto","background-attachment":"scroll","background-type":"","background-media":"","overlay-type":"","overlay-color":"","overlay-opacity":"","overlay-gradient":""},"mobile":{"background-color":"var(--ast-global-color-5)","background-image":"","background-repeat":"repeat","background-position":"center center","background-size":"auto","background-attachment":"scroll","background-type":"","background-media":"","overlay-type":"","overlay-color":"","overlay-opacity":"","overlay-gradient":""}},"footnotes":""},"categories":[94,8,68,31],"tags":[526],"class_list":["post-18100","post","type-post","status-publish","format-standard","has-post-thumbnail","hentry","category-congreso-edomex","category-edomex","category-seguridad","category-toluca","tag-edomex"],"yoast_head":"<!-- This site is optimized with the Yoast SEO plugin v27.4 - https:\/\/yoast.com\/product\/yoast-seo-wordpress\/ -->\n<title>Pensiones y jubilaciones en sector p\u00fablico del Edomex, no podr\u00e1n superar la mitad de sueldo del Ejecutivo Estatal\u00a0 - Agencia252<\/title>\n<meta name=\"robots\" content=\"index, follow, max-snippet:-1, max-image-preview:large, max-video-preview:-1\" \/>\n<link rel=\"canonical\" href=\"https:\/\/agencia.252.com.mx\/home\/pensiones-y-jubilaciones-en-sector-publico-del-edomex-no-podran-superar-la-mitad-de-sueldo-del-ejecutivo-estatal\/\" \/>\n<meta property=\"og:locale\" content=\"es_ES\" \/>\n<meta property=\"og:type\" content=\"article\" \/>\n<meta property=\"og:title\" content=\"Pensiones y jubilaciones en sector p\u00fablico del Edomex, no podr\u00e1n superar la mitad de sueldo del Ejecutivo Estatal\u00a0 - Agencia252\" \/>\n<meta property=\"og:description\" content=\"Visitas: 12 Juan Ignacio Corro&nbsp; Toluca, Estado de M\u00e9xico, a 9&nbsp;&nbsp;de abril de 2026 El Congreso mexiquense, en su calidad de integrante del Constituyente Permanente, aval\u00f3 la reforma a la Constituci\u00f3n mexicana, seg\u00fan la cual las pensiones y jubilaciones del personal de confianza de los organismos p\u00fablicos, las empresas del Estado, los fideicomisos y las [&hellip;]\" \/>\n<meta property=\"og:url\" content=\"https:\/\/agencia.252.com.mx\/home\/pensiones-y-jubilaciones-en-sector-publico-del-edomex-no-podran-superar-la-mitad-de-sueldo-del-ejecutivo-estatal\/\" \/>\n<meta property=\"og:site_name\" content=\"Agencia252\" \/>\n<meta property=\"article:publisher\" content=\"https:\/\/www.facebook.com\/252Comunicacion\/\" \/>\n<meta property=\"article:author\" content=\"https:\/\/www.facebook.com\/jcorroherrera\/\" \/>\n<meta property=\"article:published_time\" content=\"2026-04-10T02:23:33+00:00\" \/>\n<meta property=\"article:modified_time\" content=\"2026-04-10T02:24:05+00:00\" \/>\n<meta property=\"og:image\" content=\"http:\/\/agencia.252.com.mx\/wp-content\/uploads\/2026\/04\/WhatsApp-Image-2026-04-09-at-6.57.57-PM.jpeg\" \/>\n\t<meta property=\"og:image:width\" content=\"1417\" \/>\n\t<meta property=\"og:image:height\" content=\"946\" \/>\n\t<meta property=\"og:image:type\" content=\"image\/jpeg\" \/>\n<meta name=\"author\" content=\"Nacho Corro\" \/>\n<meta name=\"twitter:card\" content=\"summary_large_image\" \/>\n<meta name=\"twitter:creator\" content=\"@Juan Ignacio Corro Herrera\" \/>\n<meta name=\"twitter:site\" content=\"@252COMS\" \/>\n<meta name=\"twitter:label1\" content=\"Escrito por\" \/>\n\t<meta name=\"twitter:data1\" content=\"Nacho Corro\" \/>\n\t<meta name=\"twitter:label2\" content=\"Tiempo de lectura\" \/>\n\t<meta name=\"twitter:data2\" content=\"3 minutos\" \/>\n<script type=\"application\/ld+json\" class=\"yoast-schema-graph\">{\"@context\":\"https:\\\/\\\/schema.org\",\"@graph\":[{\"@type\":\"Article\",\"@id\":\"https:\\\/\\\/agencia.252.com.mx\\\/home\\\/pensiones-y-jubilaciones-en-sector-publico-del-edomex-no-podran-superar-la-mitad-de-sueldo-del-ejecutivo-estatal\\\/#article\",\"isPartOf\":{\"@id\":\"https:\\\/\\\/agencia.252.com.mx\\\/home\\\/pensiones-y-jubilaciones-en-sector-publico-del-edomex-no-podran-superar-la-mitad-de-sueldo-del-ejecutivo-estatal\\\/\"},\"author\":{\"name\":\"Nacho Corro\",\"@id\":\"https:\\\/\\\/agencia.252.com.mx\\\/home\\\/#\\\/schema\\\/person\\\/6b972021e9a92d45ade8c78d81509098\"},\"headline\":\"Pensiones y jubilaciones en sector p\u00fablico del Edomex, no podr\u00e1n superar la mitad de sueldo del Ejecutivo Estatal\u00a0\",\"datePublished\":\"2026-04-10T02:23:33+00:00\",\"dateModified\":\"2026-04-10T02:24:05+00:00\",\"mainEntityOfPage\":{\"@id\":\"https:\\\/\\\/agencia.252.com.mx\\\/home\\\/pensiones-y-jubilaciones-en-sector-publico-del-edomex-no-podran-superar-la-mitad-de-sueldo-del-ejecutivo-estatal\\\/\"},\"wordCount\":475,\"commentCount\":0,\"publisher\":{\"@id\":\"https:\\\/\\\/agencia.252.com.mx\\\/home\\\/#organization\"},\"image\":{\"@id\":\"https:\\\/\\\/agencia.252.com.mx\\\/home\\\/pensiones-y-jubilaciones-en-sector-publico-del-edomex-no-podran-superar-la-mitad-de-sueldo-del-ejecutivo-estatal\\\/#primaryimage\"},\"thumbnailUrl\":\"https:\\\/\\\/agencia.252.com.mx\\\/wp-content\\\/uploads\\\/2026\\\/04\\\/WhatsApp-Image-2026-04-09-at-6.57.57-PM.jpeg\",\"keywords\":[\"Edomex\"],\"articleSection\":[\"Congreso Edomex\",\"Edomex\",\"Seguridad\",\"Toluca\"],\"inLanguage\":\"es\",\"potentialAction\":[{\"@type\":\"CommentAction\",\"name\":\"Comment\",\"target\":[\"https:\\\/\\\/agencia.252.com.mx\\\/home\\\/pensiones-y-jubilaciones-en-sector-publico-del-edomex-no-podran-superar-la-mitad-de-sueldo-del-ejecutivo-estatal\\\/#respond\"]}]},{\"@type\":\"WebPage\",\"@id\":\"https:\\\/\\\/agencia.252.com.mx\\\/home\\\/pensiones-y-jubilaciones-en-sector-publico-del-edomex-no-podran-superar-la-mitad-de-sueldo-del-ejecutivo-estatal\\\/\",\"url\":\"https:\\\/\\\/agencia.252.com.mx\\\/home\\\/pensiones-y-jubilaciones-en-sector-publico-del-edomex-no-podran-superar-la-mitad-de-sueldo-del-ejecutivo-estatal\\\/\",\"name\":\"Pensiones y jubilaciones en sector p\u00fablico del Edomex, no podr\u00e1n superar la mitad de sueldo del Ejecutivo Estatal\u00a0 - Agencia252\",\"isPartOf\":{\"@id\":\"https:\\\/\\\/agencia.252.com.mx\\\/home\\\/#website\"},\"primaryImageOfPage\":{\"@id\":\"https:\\\/\\\/agencia.252.com.mx\\\/home\\\/pensiones-y-jubilaciones-en-sector-publico-del-edomex-no-podran-superar-la-mitad-de-sueldo-del-ejecutivo-estatal\\\/#primaryimage\"},\"image\":{\"@id\":\"https:\\\/\\\/agencia.252.com.mx\\\/home\\\/pensiones-y-jubilaciones-en-sector-publico-del-edomex-no-podran-superar-la-mitad-de-sueldo-del-ejecutivo-estatal\\\/#primaryimage\"},\"thumbnailUrl\":\"https:\\\/\\\/agencia.252.com.mx\\\/wp-content\\\/uploads\\\/2026\\\/04\\\/WhatsApp-Image-2026-04-09-at-6.57.57-PM.jpeg\",\"datePublished\":\"2026-04-10T02:23:33+00:00\",\"dateModified\":\"2026-04-10T02:24:05+00:00\",\"breadcrumb\":{\"@id\":\"https:\\\/\\\/agencia.252.com.mx\\\/home\\\/pensiones-y-jubilaciones-en-sector-publico-del-edomex-no-podran-superar-la-mitad-de-sueldo-del-ejecutivo-estatal\\\/#breadcrumb\"},\"inLanguage\":\"es\",\"potentialAction\":[{\"@type\":\"ReadAction\",\"target\":[\"https:\\\/\\\/agencia.252.com.mx\\\/home\\\/pensiones-y-jubilaciones-en-sector-publico-del-edomex-no-podran-superar-la-mitad-de-sueldo-del-ejecutivo-estatal\\\/\"]}]},{\"@type\":\"ImageObject\",\"inLanguage\":\"es\",\"@id\":\"https:\\\/\\\/agencia.252.com.mx\\\/home\\\/pensiones-y-jubilaciones-en-sector-publico-del-edomex-no-podran-superar-la-mitad-de-sueldo-del-ejecutivo-estatal\\\/#primaryimage\",\"url\":\"https:\\\/\\\/agencia.252.com.mx\\\/wp-content\\\/uploads\\\/2026\\\/04\\\/WhatsApp-Image-2026-04-09-at-6.57.57-PM.jpeg\",\"contentUrl\":\"https:\\\/\\\/agencia.252.com.mx\\\/wp-content\\\/uploads\\\/2026\\\/04\\\/WhatsApp-Image-2026-04-09-at-6.57.57-PM.jpeg\",\"width\":1417,\"height\":946},{\"@type\":\"BreadcrumbList\",\"@id\":\"https:\\\/\\\/agencia.252.com.mx\\\/home\\\/pensiones-y-jubilaciones-en-sector-publico-del-edomex-no-podran-superar-la-mitad-de-sueldo-del-ejecutivo-estatal\\\/#breadcrumb\",\"itemListElement\":[{\"@type\":\"ListItem\",\"position\":1,\"name\":\"Portada\",\"item\":\"https:\\\/\\\/agencia.252.com.mx\\\/home\\\/\"},{\"@type\":\"ListItem\",\"position\":2,\"name\":\"Pensiones y jubilaciones en sector p\u00fablico del Edomex, no podr\u00e1n superar la mitad de sueldo del Ejecutivo Estatal\u00a0\"}]},{\"@type\":\"WebSite\",\"@id\":\"https:\\\/\\\/agencia.252.com.mx\\\/home\\\/#website\",\"url\":\"https:\\\/\\\/agencia.252.com.mx\\\/home\\\/\",\"name\":\"Agencia252\",\"description\":\"Tu espacio en la Red\",\"publisher\":{\"@id\":\"https:\\\/\\\/agencia.252.com.mx\\\/home\\\/#organization\"},\"potentialAction\":[{\"@type\":\"SearchAction\",\"target\":{\"@type\":\"EntryPoint\",\"urlTemplate\":\"https:\\\/\\\/agencia.252.com.mx\\\/home\\\/?s={search_term_string}\"},\"query-input\":{\"@type\":\"PropertyValueSpecification\",\"valueRequired\":true,\"valueName\":\"search_term_string\"}}],\"inLanguage\":\"es\"},{\"@type\":\"Organization\",\"@id\":\"https:\\\/\\\/agencia.252.com.mx\\\/home\\\/#organization\",\"name\":\"Agencia252\",\"url\":\"https:\\\/\\\/agencia.252.com.mx\\\/home\\\/\",\"logo\":{\"@type\":\"ImageObject\",\"inLanguage\":\"es\",\"@id\":\"https:\\\/\\\/agencia.252.com.mx\\\/home\\\/#\\\/schema\\\/logo\\\/image\\\/\",\"url\":\"https:\\\/\\\/agencia.252.com.mx\\\/wp-content\\\/uploads\\\/2023\\\/02\\\/cropped-ciruclo-agencia-e1677562404136.png\",\"contentUrl\":\"https:\\\/\\\/agencia.252.com.mx\\\/wp-content\\\/uploads\\\/2023\\\/02\\\/cropped-ciruclo-agencia-e1677562404136.png\",\"width\":512,\"height\":512,\"caption\":\"Agencia252\"},\"image\":{\"@id\":\"https:\\\/\\\/agencia.252.com.mx\\\/home\\\/#\\\/schema\\\/logo\\\/image\\\/\"},\"sameAs\":[\"https:\\\/\\\/www.facebook.com\\\/252Comunicacion\\\/\",\"https:\\\/\\\/x.com\\\/252COMS\"]},{\"@type\":\"Person\",\"@id\":\"https:\\\/\\\/agencia.252.com.mx\\\/home\\\/#\\\/schema\\\/person\\\/6b972021e9a92d45ade8c78d81509098\",\"name\":\"Nacho Corro\",\"image\":{\"@type\":\"ImageObject\",\"inLanguage\":\"es\",\"@id\":\"https:\\\/\\\/secure.gravatar.com\\\/avatar\\\/5db6df507cfe1307e192fbb498c6b85f1cf2ffd8b4cd37141b9eea588fcbd5a4?s=96&r=g\",\"url\":\"https:\\\/\\\/secure.gravatar.com\\\/avatar\\\/5db6df507cfe1307e192fbb498c6b85f1cf2ffd8b4cd37141b9eea588fcbd5a4?s=96&r=g\",\"contentUrl\":\"https:\\\/\\\/secure.gravatar.com\\\/avatar\\\/5db6df507cfe1307e192fbb498c6b85f1cf2ffd8b4cd37141b9eea588fcbd5a4?s=96&r=g\",\"caption\":\"Nacho Corro\"},\"description\":\"Comunicador Social, Periodista y Administraci\u00f3n P\u00fablica. Conversador pol\u00edtico, temas electorales y seguridad. Generador de contenidos digitales. Amante de la fotograf\u00eda\",\"sameAs\":[\"https:\\\/\\\/www.facebook.com\\\/jcorroherrera\\\/\",\"www.instagram.com\\\/nachocorro\\\/\",\"https:\\\/\\\/x.com\\\/Juan Ignacio Corro Herrera\"],\"url\":\"https:\\\/\\\/agencia.252.com.mx\\\/home\\\/author\\\/i-corro\\\/\"}]}<\/script>\n<!-- \/ Yoast SEO plugin. -->","yoast_head_json":{"title":"Pensiones y jubilaciones en sector p\u00fablico del Edomex, no podr\u00e1n superar la mitad de sueldo del Ejecutivo Estatal\u00a0 - Agencia252","robots":{"index":"index","follow":"follow","max-snippet":"max-snippet:-1","max-image-preview":"max-image-preview:large","max-video-preview":"max-video-preview:-1"},"canonical":"https:\/\/agencia.252.com.mx\/home\/pensiones-y-jubilaciones-en-sector-publico-del-edomex-no-podran-superar-la-mitad-de-sueldo-del-ejecutivo-estatal\/","og_locale":"es_ES","og_type":"article","og_title":"Pensiones y jubilaciones en sector p\u00fablico del Edomex, no podr\u00e1n superar la mitad de sueldo del Ejecutivo Estatal\u00a0 - Agencia252","og_description":"Visitas: 12 Juan Ignacio Corro&nbsp; Toluca, Estado de M\u00e9xico, a 9&nbsp;&nbsp;de abril de 2026 El Congreso mexiquense, en su calidad de integrante del Constituyente Permanente, aval\u00f3 la reforma a la Constituci\u00f3n mexicana, seg\u00fan la cual las pensiones y jubilaciones del personal de confianza de los organismos p\u00fablicos, las empresas del Estado, los fideicomisos y las [&hellip;]","og_url":"https:\/\/agencia.252.com.mx\/home\/pensiones-y-jubilaciones-en-sector-publico-del-edomex-no-podran-superar-la-mitad-de-sueldo-del-ejecutivo-estatal\/","og_site_name":"Agencia252","article_publisher":"https:\/\/www.facebook.com\/252Comunicacion\/","article_author":"https:\/\/www.facebook.com\/jcorroherrera\/","article_published_time":"2026-04-10T02:23:33+00:00","article_modified_time":"2026-04-10T02:24:05+00:00","og_image":[{"width":1417,"height":946,"url":"http:\/\/agencia.252.com.mx\/wp-content\/uploads\/2026\/04\/WhatsApp-Image-2026-04-09-at-6.57.57-PM.jpeg","type":"image\/jpeg"}],"author":"Nacho Corro","twitter_card":"summary_large_image","twitter_creator":"@Juan Ignacio Corro Herrera","twitter_site":"@252COMS","twitter_misc":{"Escrito por":"Nacho Corro","Tiempo de lectura":"3 minutos"},"schema":{"@context":"https:\/\/schema.org","@graph":[{"@type":"Article","@id":"https:\/\/agencia.252.com.mx\/home\/pensiones-y-jubilaciones-en-sector-publico-del-edomex-no-podran-superar-la-mitad-de-sueldo-del-ejecutivo-estatal\/#article","isPartOf":{"@id":"https:\/\/agencia.252.com.mx\/home\/pensiones-y-jubilaciones-en-sector-publico-del-edomex-no-podran-superar-la-mitad-de-sueldo-del-ejecutivo-estatal\/"},"author":{"name":"Nacho Corro","@id":"https:\/\/agencia.252.com.mx\/home\/#\/schema\/person\/6b972021e9a92d45ade8c78d81509098"},"headline":"Pensiones y jubilaciones en sector p\u00fablico del Edomex, no podr\u00e1n superar la mitad de sueldo del Ejecutivo Estatal\u00a0","datePublished":"2026-04-10T02:23:33+00:00","dateModified":"2026-04-10T02:24:05+00:00","mainEntityOfPage":{"@id":"https:\/\/agencia.252.com.mx\/home\/pensiones-y-jubilaciones-en-sector-publico-del-edomex-no-podran-superar-la-mitad-de-sueldo-del-ejecutivo-estatal\/"},"wordCount":475,"commentCount":0,"publisher":{"@id":"https:\/\/agencia.252.com.mx\/home\/#organization"},"image":{"@id":"https:\/\/agencia.252.com.mx\/home\/pensiones-y-jubilaciones-en-sector-publico-del-edomex-no-podran-superar-la-mitad-de-sueldo-del-ejecutivo-estatal\/#primaryimage"},"thumbnailUrl":"https:\/\/agencia.252.com.mx\/wp-content\/uploads\/2026\/04\/WhatsApp-Image-2026-04-09-at-6.57.57-PM.jpeg","keywords":["Edomex"],"articleSection":["Congreso Edomex","Edomex","Seguridad","Toluca"],"inLanguage":"es","potentialAction":[{"@type":"CommentAction","name":"Comment","target":["https:\/\/agencia.252.com.mx\/home\/pensiones-y-jubilaciones-en-sector-publico-del-edomex-no-podran-superar-la-mitad-de-sueldo-del-ejecutivo-estatal\/#respond"]}]},{"@type":"WebPage","@id":"https:\/\/agencia.252.com.mx\/home\/pensiones-y-jubilaciones-en-sector-publico-del-edomex-no-podran-superar-la-mitad-de-sueldo-del-ejecutivo-estatal\/","url":"https:\/\/agencia.252.com.mx\/home\/pensiones-y-jubilaciones-en-sector-publico-del-edomex-no-podran-superar-la-mitad-de-sueldo-del-ejecutivo-estatal\/","name":"Pensiones y jubilaciones en sector p\u00fablico del Edomex, no podr\u00e1n superar la mitad de sueldo del Ejecutivo Estatal\u00a0 - Agencia252","isPartOf":{"@id":"https:\/\/agencia.252.com.mx\/home\/#website"},"primaryImageOfPage":{"@id":"https:\/\/agencia.252.com.mx\/home\/pensiones-y-jubilaciones-en-sector-publico-del-edomex-no-podran-superar-la-mitad-de-sueldo-del-ejecutivo-estatal\/#primaryimage"},"image":{"@id":"https:\/\/agencia.252.com.mx\/home\/pensiones-y-jubilaciones-en-sector-publico-del-edomex-no-podran-superar-la-mitad-de-sueldo-del-ejecutivo-estatal\/#primaryimage"},"thumbnailUrl":"https:\/\/agencia.252.com.mx\/wp-content\/uploads\/2026\/04\/WhatsApp-Image-2026-04-09-at-6.57.57-PM.jpeg","datePublished":"2026-04-10T02:23:33+00:00","dateModified":"2026-04-10T02:24:05+00:00","breadcrumb":{"@id":"https:\/\/agencia.252.com.mx\/home\/pensiones-y-jubilaciones-en-sector-publico-del-edomex-no-podran-superar-la-mitad-de-sueldo-del-ejecutivo-estatal\/#breadcrumb"},"inLanguage":"es","potentialAction":[{"@type":"ReadAction","target":["https:\/\/agencia.252.com.mx\/home\/pensiones-y-jubilaciones-en-sector-publico-del-edomex-no-podran-superar-la-mitad-de-sueldo-del-ejecutivo-estatal\/"]}]},{"@type":"ImageObject","inLanguage":"es","@id":"https:\/\/agencia.252.com.mx\/home\/pensiones-y-jubilaciones-en-sector-publico-del-edomex-no-podran-superar-la-mitad-de-sueldo-del-ejecutivo-estatal\/#primaryimage","url":"https:\/\/agencia.252.com.mx\/wp-content\/uploads\/2026\/04\/WhatsApp-Image-2026-04-09-at-6.57.57-PM.jpeg","contentUrl":"https:\/\/agencia.252.com.mx\/wp-content\/uploads\/2026\/04\/WhatsApp-Image-2026-04-09-at-6.57.57-PM.jpeg","width":1417,"height":946},{"@type":"BreadcrumbList","@id":"https:\/\/agencia.252.com.mx\/home\/pensiones-y-jubilaciones-en-sector-publico-del-edomex-no-podran-superar-la-mitad-de-sueldo-del-ejecutivo-estatal\/#breadcrumb","itemListElement":[{"@type":"ListItem","position":1,"name":"Portada","item":"https:\/\/agencia.252.com.mx\/home\/"},{"@type":"ListItem","position":2,"name":"Pensiones y jubilaciones en sector p\u00fablico del Edomex, no podr\u00e1n superar la mitad de sueldo del Ejecutivo Estatal\u00a0"}]},{"@type":"WebSite","@id":"https:\/\/agencia.252.com.mx\/home\/#website","url":"https:\/\/agencia.252.com.mx\/home\/","name":"Agencia252","description":"Tu espacio en la Red","publisher":{"@id":"https:\/\/agencia.252.com.mx\/home\/#organization"},"potentialAction":[{"@type":"SearchAction","target":{"@type":"EntryPoint","urlTemplate":"https:\/\/agencia.252.com.mx\/home\/?s={search_term_string}"},"query-input":{"@type":"PropertyValueSpecification","valueRequired":true,"valueName":"search_term_string"}}],"inLanguage":"es"},{"@type":"Organization","@id":"https:\/\/agencia.252.com.mx\/home\/#organization","name":"Agencia252","url":"https:\/\/agencia.252.com.mx\/home\/","logo":{"@type":"ImageObject","inLanguage":"es","@id":"https:\/\/agencia.252.com.mx\/home\/#\/schema\/logo\/image\/","url":"https:\/\/agencia.252.com.mx\/wp-content\/uploads\/2023\/02\/cropped-ciruclo-agencia-e1677562404136.png","contentUrl":"https:\/\/agencia.252.com.mx\/wp-content\/uploads\/2023\/02\/cropped-ciruclo-agencia-e1677562404136.png","width":512,"height":512,"caption":"Agencia252"},"image":{"@id":"https:\/\/agencia.252.com.mx\/home\/#\/schema\/logo\/image\/"},"sameAs":["https:\/\/www.facebook.com\/252Comunicacion\/","https:\/\/x.com\/252COMS"]},{"@type":"Person","@id":"https:\/\/agencia.252.com.mx\/home\/#\/schema\/person\/6b972021e9a92d45ade8c78d81509098","name":"Nacho Corro","image":{"@type":"ImageObject","inLanguage":"es","@id":"https:\/\/secure.gravatar.com\/avatar\/5db6df507cfe1307e192fbb498c6b85f1cf2ffd8b4cd37141b9eea588fcbd5a4?s=96&r=g","url":"https:\/\/secure.gravatar.com\/avatar\/5db6df507cfe1307e192fbb498c6b85f1cf2ffd8b4cd37141b9eea588fcbd5a4?s=96&r=g","contentUrl":"https:\/\/secure.gravatar.com\/avatar\/5db6df507cfe1307e192fbb498c6b85f1cf2ffd8b4cd37141b9eea588fcbd5a4?s=96&r=g","caption":"Nacho Corro"},"description":"Comunicador Social, Periodista y Administraci\u00f3n P\u00fablica. Conversador pol\u00edtico, temas electorales y seguridad. Generador de contenidos digitales. Amante de la fotograf\u00eda","sameAs":["https:\/\/www.facebook.com\/jcorroherrera\/","www.instagram.com\/nachocorro\/","https:\/\/x.com\/Juan Ignacio Corro Herrera"],"url":"https:\/\/agencia.252.com.mx\/home\/author\/i-corro\/"}]}},"_links":{"self":[{"href":"https:\/\/agencia.252.com.mx\/home\/wp-json\/wp\/v2\/posts\/18100","targetHints":{"allow":["GET"]}}],"collection":[{"href":"https:\/\/agencia.252.com.mx\/home\/wp-json\/wp\/v2\/posts"}],"about":[{"href":"https:\/\/agencia.252.com.mx\/home\/wp-json\/wp\/v2\/types\/post"}],"author":[{"embeddable":true,"href":"https:\/\/agencia.252.com.mx\/home\/wp-json\/wp\/v2\/users\/5"}],"replies":[{"embeddable":true,"href":"https:\/\/agencia.252.com.mx\/home\/wp-json\/wp\/v2\/comments?post=18100"}],"version-history":[{"count":1,"href":"https:\/\/agencia.252.com.mx\/home\/wp-json\/wp\/v2\/posts\/18100\/revisions"}],"predecessor-version":[{"id":18101,"href":"https:\/\/agencia.252.com.mx\/home\/wp-json\/wp\/v2\/posts\/18100\/revisions\/18101"}],"wp:featuredmedia":[{"embeddable":true,"href":"https:\/\/agencia.252.com.mx\/home\/wp-json\/wp\/v2\/media\/18097"}],"wp:attachment":[{"href":"https:\/\/agencia.252.com.mx\/home\/wp-json\/wp\/v2\/media?parent=18100"}],"wp:term":[{"taxonomy":"category","embeddable":true,"href":"https:\/\/agencia.252.com.mx\/home\/wp-json\/wp\/v2\/categories?post=18100"},{"taxonomy":"post_tag","embeddable":true,"href":"https:\/\/agencia.252.com.mx\/home\/wp-json\/wp\/v2\/tags?post=18100"}],"curies":[{"name":"wp","href":"https:\/\/api.w.org\/{rel}","templated":true}]}}