{"id":18095,"date":"2026-04-09T20:16:07","date_gmt":"2026-04-10T02:16:07","guid":{"rendered":"https:\/\/agencia.252.com.mx\/home\/?p=18095"},"modified":"2026-04-09T20:16:08","modified_gmt":"2026-04-10T02:16:08","slug":"delincuentes-tendran-penalidad-maxima-de-70-anos-de-prision-congreso-mexiquense-elimina-la-prision-vitalicia","status":"publish","type":"post","link":"https:\/\/agencia.252.com.mx\/home\/delincuentes-tendran-penalidad-maxima-de-70-anos-de-prision-congreso-mexiquense-elimina-la-prision-vitalicia\/","title":{"rendered":"Delincuentes tendr\u00e1n penalidad m\u00e1xima de 70 a\u00f1os de prisi\u00f3n; Congreso\u00a0\u00a0mexiquense elimina la prisi\u00f3n vitalicia\u00a0"},"content":{"rendered":"<p>Visitas: 14<\/p>\n<ul class=\"wp-block-list\">\n<li><em>A propuesta de la diputada Sof\u00eda Mart\u00ednez Molina (PT) y de la gobernadora Delfina G\u00f3mez \u00c1lvarez, el Congreso mexiquense aprob\u00f3 la supresi\u00f3n de la prisi\u00f3n vitalicia del C\u00f3digo Penal estatal, y se estableci\u00f3 una pena m\u00e1xima de 70 a\u00f1os.<\/em><\/li>\n\n\n\n<li><em>El dictamen de las iniciativas destaca que esta figura conlleva la privaci\u00f3n perpetua de la libertad sin posibilidad de revisi\u00f3n ni reducci\u00f3n de la pena, elimina por completo cualquier expectativa de reinserci\u00f3n social y transforma la sanci\u00f3n en una medida estrictamente retributiva.<\/em><\/li>\n\n\n\n<li><em>PRI la rechaza por el tema de la discrecionalidad&nbsp;<\/em><\/li>\n<\/ul>\n\n\n\n<p><em>Juan Ignacio Corro&nbsp;<\/em><\/p>\n\n\n\n<p class=\"has-text-align-right\"><em>Toluca, Estado de M\u00e9xico, a 9&nbsp;&nbsp;de abril de 2026<\/em><\/p>\n\n\n\n<p>A iniciativa de la diputada Sof\u00eda Mart\u00ednez Molina (PT) y de la gobernadora Delfina G\u00f3mez \u00c1lvarez, la LXII Legislatura mexiquense aprob\u00f3 la eliminaci\u00f3n de la prisi\u00f3n vitalicia del C\u00f3digo Penal estatal, al considerar que esta figura implica la privaci\u00f3n perpetua de la libertad sin posibilidad de revisi\u00f3n ni reducci\u00f3n de la pena, suprime toda expectativa de reinserci\u00f3n social y convierte la sanci\u00f3n en una medida estrictamente retributiva.<\/p>\n\n\n\n<figure class=\"wp-block-image alignleft size-medium\"><img fetchpriority=\"high\" decoding=\"async\" width=\"300\" height=\"200\" src=\"https:\/\/agencia.252.com.mx\/wp-content\/uploads\/2026\/04\/WhatsApp-Image-2026-04-09-at-6.57.57-PM-300x200.jpeg\" alt=\"\" class=\"wp-image-18097\" srcset=\"https:\/\/agencia.252.com.mx\/wp-content\/uploads\/2026\/04\/WhatsApp-Image-2026-04-09-at-6.57.57-PM-300x200.jpeg 300w, https:\/\/agencia.252.com.mx\/wp-content\/uploads\/2026\/04\/WhatsApp-Image-2026-04-09-at-6.57.57-PM-1024x684.jpeg 1024w, https:\/\/agencia.252.com.mx\/wp-content\/uploads\/2026\/04\/WhatsApp-Image-2026-04-09-at-6.57.57-PM-768x513.jpeg 768w, https:\/\/agencia.252.com.mx\/wp-content\/uploads\/2026\/04\/WhatsApp-Image-2026-04-09-at-6.57.57-PM.jpeg 1417w\" sizes=\"(max-width: 300px) 100vw, 300px\" \/><\/figure>\n\n\n\n<p>De acuerdo con el dictamen de las propuestas, presentadas por separado, esta figura \u2014seg\u00fan la Suprema Corte de Justicia de la Naci\u00f3n (SCJN)\u2014 contradice la finalidad del sistema penitenciario y resulta incompatible con el est\u00e1ndar constitucional, al no contemplar mecanismos que permitan evaluar el progreso de la persona sentenciada y, en su caso, posibilitar su reintegraci\u00f3n a la sociedad.<\/p>\n\n\n\n<p>Al respecto, el PRI advierte riesgos de discrecionalidad, toda vez que propone no ampliar mecanismos extraordinarios, sino fortalecer instituciones de justicia con procesos imparciales, transparentes y confiables<\/p>\n\n\n\n<p>Al dar lectura al dictamen, durante sesi\u00f3n deliberante del Congreso mexiquense, la parlamentaria Sof\u00eda Mart\u00ednez destac\u00f3 que la reforma armoniza la legislaci\u00f3n local con los criterios de la SCJN, la cual ha establecido que la prisi\u00f3n vitalicia es incompatible con el principio de proporcionalidad de las penas, al eliminar toda posibilidad de reinserci\u00f3n social de la persona.<\/p>\n\n\n\n<p>Puntualiz\u00f3 que no solo atiende un criterio jur\u00eddico, sino que se responde al mandato constitucional de garantizar un sistema penal basado en el respeto y los derechos humanos.&nbsp;<\/p>\n\n\n\n<p>En contrasentido, el PRI visualiz\u00f3 que existe el riesgo de que se otorgue amnist\u00eda a quien no lo merece o que se niegue a quien s\u00ed lo necesita. La justicia no puede depender del poder, si depende del poder deja de ser justicia y eso en el Estado de M\u00e9xico no lo vamos a normalizar\u201d, asegur\u00f3 el diputado Mariano Camacho.<\/p>\n\n\n\n<figure class=\"wp-block-image alignleft size-medium\"><img decoding=\"async\" width=\"300\" height=\"200\" src=\"https:\/\/agencia.252.com.mx\/wp-content\/uploads\/2026\/04\/WhatsApp-Image-2026-04-09-at-5.53.22-PM-300x200.jpeg\" alt=\"\" class=\"wp-image-18098\" srcset=\"https:\/\/agencia.252.com.mx\/wp-content\/uploads\/2026\/04\/WhatsApp-Image-2026-04-09-at-5.53.22-PM-300x200.jpeg 300w, https:\/\/agencia.252.com.mx\/wp-content\/uploads\/2026\/04\/WhatsApp-Image-2026-04-09-at-5.53.22-PM-1024x682.jpeg 1024w, https:\/\/agencia.252.com.mx\/wp-content\/uploads\/2026\/04\/WhatsApp-Image-2026-04-09-at-5.53.22-PM-768x512.jpeg 768w, https:\/\/agencia.252.com.mx\/wp-content\/uploads\/2026\/04\/WhatsApp-Image-2026-04-09-at-5.53.22-PM.jpeg 1280w\" sizes=\"(max-width: 300px) 100vw, 300px\" \/><\/figure>\n\n\n\n<p>El debate de fondo no debe centrarse en ampliar mecanismos extraordinarios, sino en fortalecer las instituciones encargadas de procurar e impartir justicia, garantizando procesos imparciales, transparentes y confiables.<\/p>\n\n\n\n<p>El PRI propone una estrategia integral basada en tres ejes: la prevenci\u00f3n social de la violencia y el delito, la correcci\u00f3n del sistema ministerial y judicial, y una reinserci\u00f3n social efectiva sustentada en el acceso a oportunidades de trabajo, educaci\u00f3n y capacitaci\u00f3n.<\/p>\n\n\n\n<p><strong>Eliminar la prisi\u00f3n vitalicia no debilita la respuesta del Estado<\/strong><\/p>\n\n\n\n<p>Sofia Ram\u00edrez dejo en claro que eliminar la prisi\u00f3n vitalicia no debilita la respuesta del Estado ante delitos graves, sino por el contrario, fortalece un sistema m\u00e1s justo y respetuoso de la dignidad humana.<\/p>\n\n\n\n<p>El dictamen de la iniciativa, elaborado por la Comisi\u00f3n de Procuraci\u00f3n y Administraci\u00f3n de Justicia del Congreso mexiquense, plantea reformar los art\u00edculos del C\u00f3digo Penal estatal que contemplan la prisi\u00f3n vitalicia como sanci\u00f3n m\u00e1xima, a fin de establecer que la pena m\u00e1xima ser\u00e1 de 70 a\u00f1os de prisi\u00f3n.<\/p>\n\n\n\n<p>Actualmente, la normatividad se\u00f1ala que son imprescriptibles los delitos que establezcan como pena m\u00e1xima la prisi\u00f3n vitalicia y aquellos que sean en perjuicio de ni\u00f1as, ni\u00f1os, adolescentes y mujeres v\u00edctimas de violencia de g\u00e9nero.<\/p>\n\n\n\n<p>Asimismo, indica que la pena de prisi\u00f3n vitalicia se aplica al delito de homicidio en los casos en que este sea calificado. Igualmente, procede cuando el homicidio se comete en contra del c\u00f3nyuge, concubina o concubinario, as\u00ed como de ascendientes, descendientes consangu\u00edneos en l\u00ednea recta o hermanos, siempre que la persona inculpada tenga conocimiento del parentesco.<\/p>\n\n\n\n<p>Adem\u00e1s, se impone dicha pena cuando exista la participaci\u00f3n de dos o m\u00e1s personas, ya sea en un mismo hecho o en distintos.&nbsp;<\/p>\n\n\n\n<p>Se contempla cuando el delito se haya cometido con ensa\u00f1amiento, crueldad o por odio manifiesto, motivado por discriminaci\u00f3n, aversi\u00f3n o rechazo hacia la v\u00edctima debido a su condici\u00f3n social o econ\u00f3mica, religi\u00f3n, origen \u00e9tnico, raza, discapacidad, orientaci\u00f3n sexual o identidad de g\u00e9nero.<\/p>\n\n\n\n<p>As\u00ed como en circunstancias como en el delito de violaci\u00f3n, cuando participen dos o m\u00e1s personas en el hecho o se cause la muerte de la v\u00edctima. Igualmente, en el delito de feminicidio en sus diferentes agravantes, y en el delito de robo si se causa la muerte de la v\u00edctima.&nbsp;<\/p>\n","protected":false},"excerpt":{"rendered":"<p>Visitas: 14 Juan Ignacio Corro&nbsp; Toluca, Estado de M\u00e9xico, a 9&nbsp;&nbsp;de abril de 2026 A iniciativa de la diputada Sof\u00eda Mart\u00ednez Molina (PT) y de la gobernadora Delfina G\u00f3mez \u00c1lvarez, la LXII Legislatura mexiquense aprob\u00f3 la eliminaci\u00f3n de la prisi\u00f3n vitalicia del C\u00f3digo Penal estatal, al considerar que esta figura implica la privaci\u00f3n perpetua de [&hellip;]<\/p>\n","protected":false},"author":5,"featured_media":18096,"comment_status":"open","ping_status":"open","sticky":false,"template":"","format":"standard","meta":{"site-sidebar-layout":"default","site-content-layout":"","ast-site-content-layout":"default","site-content-style":"default","site-sidebar-style":"default","ast-global-header-display":"","ast-banner-title-visibility":"","ast-main-header-display":"","ast-hfb-above-header-display":"","ast-hfb-below-header-display":"","ast-hfb-mobile-header-display":"","site-post-title":"","ast-breadcrumbs-content":"","ast-featured-img":"","footer-sml-layout":"","ast-disable-related-posts":"","theme-transparent-header-meta":"","adv-header-id-meta":"","stick-header-meta":"","header-above-stick-meta":"","header-main-stick-meta":"","header-below-stick-meta":"","astra-migrate-meta-layouts":"set","ast-page-background-enabled":"default","ast-page-background-meta":{"desktop":{"background-color":"var(--ast-global-color-4)","background-image":"","background-repeat":"repeat","background-position":"center center","background-size":"auto","background-attachment":"scroll","background-type":"","background-media":"","overlay-type":"","overlay-color":"","overlay-opacity":"","overlay-gradient":""},"tablet":{"background-color":"","background-image":"","background-repeat":"repeat","background-position":"center center","background-size":"auto","background-attachment":"scroll","background-type":"","background-media":"","overlay-type":"","overlay-color":"","overlay-opacity":"","overlay-gradient":""},"mobile":{"background-color":"","background-image":"","background-repeat":"repeat","background-position":"center center","background-size":"auto","background-attachment":"scroll","background-type":"","background-media":"","overlay-type":"","overlay-color":"","overlay-opacity":"","overlay-gradient":""}},"ast-content-background-meta":{"desktop":{"background-color":"var(--ast-global-color-5)","background-image":"","background-repeat":"repeat","background-position":"center center","background-size":"auto","background-attachment":"scroll","background-type":"","background-media":"","overlay-type":"","overlay-color":"","overlay-opacity":"","overlay-gradient":""},"tablet":{"background-color":"var(--ast-global-color-5)","background-image":"","background-repeat":"repeat","background-position":"center center","background-size":"auto","background-attachment":"scroll","background-type":"","background-media":"","overlay-type":"","overlay-color":"","overlay-opacity":"","overlay-gradient":""},"mobile":{"background-color":"var(--ast-global-color-5)","background-image":"","background-repeat":"repeat","background-position":"center center","background-size":"auto","background-attachment":"scroll","background-type":"","background-media":"","overlay-type":"","overlay-color":"","overlay-opacity":"","overlay-gradient":""}},"footnotes":""},"categories":[94,8,168,68,1],"tags":[526],"class_list":["post-18095","post","type-post","status-publish","format-standard","has-post-thumbnail","hentry","category-congreso-edomex","category-edomex","category-legislatura-edomex","category-seguridad","category-uncategorized","tag-edomex"],"yoast_head":"<!-- This site is optimized with the Yoast SEO plugin v27.4 - https:\/\/yoast.com\/product\/yoast-seo-wordpress\/ -->\n<title>Delincuentes tendr\u00e1n penalidad m\u00e1xima de 70 a\u00f1os de prisi\u00f3n; Congreso\u00a0\u00a0mexiquense elimina la prisi\u00f3n vitalicia\u00a0 - Agencia252<\/title>\n<meta name=\"robots\" content=\"index, follow, max-snippet:-1, max-image-preview:large, max-video-preview:-1\" \/>\n<link rel=\"canonical\" href=\"https:\/\/agencia.252.com.mx\/home\/delincuentes-tendran-penalidad-maxima-de-70-anos-de-prision-congreso-mexiquense-elimina-la-prision-vitalicia\/\" \/>\n<meta property=\"og:locale\" content=\"es_ES\" \/>\n<meta property=\"og:type\" content=\"article\" \/>\n<meta property=\"og:title\" content=\"Delincuentes tendr\u00e1n penalidad m\u00e1xima de 70 a\u00f1os de prisi\u00f3n; Congreso\u00a0\u00a0mexiquense elimina la prisi\u00f3n vitalicia\u00a0 - Agencia252\" \/>\n<meta property=\"og:description\" content=\"Visitas: 14 Juan Ignacio Corro&nbsp; Toluca, Estado de M\u00e9xico, a 9&nbsp;&nbsp;de abril de 2026 A iniciativa de la diputada Sof\u00eda Mart\u00ednez Molina (PT) y de la gobernadora Delfina G\u00f3mez \u00c1lvarez, la LXII Legislatura mexiquense aprob\u00f3 la eliminaci\u00f3n de la prisi\u00f3n vitalicia del C\u00f3digo Penal estatal, al considerar que esta figura implica la privaci\u00f3n perpetua de [&hellip;]\" \/>\n<meta property=\"og:url\" content=\"https:\/\/agencia.252.com.mx\/home\/delincuentes-tendran-penalidad-maxima-de-70-anos-de-prision-congreso-mexiquense-elimina-la-prision-vitalicia\/\" \/>\n<meta property=\"og:site_name\" content=\"Agencia252\" \/>\n<meta property=\"article:publisher\" content=\"https:\/\/www.facebook.com\/252Comunicacion\/\" \/>\n<meta property=\"article:author\" content=\"https:\/\/www.facebook.com\/jcorroherrera\/\" \/>\n<meta property=\"article:published_time\" content=\"2026-04-10T02:16:07+00:00\" \/>\n<meta property=\"article:modified_time\" content=\"2026-04-10T02:16:08+00:00\" \/>\n<meta property=\"og:image\" content=\"http:\/\/agencia.252.com.mx\/wp-content\/uploads\/2026\/04\/WhatsApp-Image-2026-04-09-at-6.52.10-PM.jpeg\" \/>\n\t<meta property=\"og:image:width\" content=\"1280\" \/>\n\t<meta property=\"og:image:height\" content=\"854\" \/>\n\t<meta property=\"og:image:type\" content=\"image\/jpeg\" \/>\n<meta name=\"author\" content=\"Nacho Corro\" \/>\n<meta name=\"twitter:card\" content=\"summary_large_image\" \/>\n<meta name=\"twitter:creator\" content=\"@Juan Ignacio Corro Herrera\" \/>\n<meta name=\"twitter:site\" content=\"@252COMS\" \/>\n<meta name=\"twitter:label1\" content=\"Escrito por\" \/>\n\t<meta name=\"twitter:data1\" content=\"Nacho Corro\" \/>\n\t<meta name=\"twitter:label2\" content=\"Tiempo de lectura\" \/>\n\t<meta name=\"twitter:data2\" content=\"4 minutos\" \/>\n<script type=\"application\/ld+json\" class=\"yoast-schema-graph\">{\"@context\":\"https:\\\/\\\/schema.org\",\"@graph\":[{\"@type\":\"Article\",\"@id\":\"https:\\\/\\\/agencia.252.com.mx\\\/home\\\/delincuentes-tendran-penalidad-maxima-de-70-anos-de-prision-congreso-mexiquense-elimina-la-prision-vitalicia\\\/#article\",\"isPartOf\":{\"@id\":\"https:\\\/\\\/agencia.252.com.mx\\\/home\\\/delincuentes-tendran-penalidad-maxima-de-70-anos-de-prision-congreso-mexiquense-elimina-la-prision-vitalicia\\\/\"},\"author\":{\"name\":\"Nacho Corro\",\"@id\":\"https:\\\/\\\/agencia.252.com.mx\\\/home\\\/#\\\/schema\\\/person\\\/6b972021e9a92d45ade8c78d81509098\"},\"headline\":\"Delincuentes tendr\u00e1n penalidad m\u00e1xima de 70 a\u00f1os de prisi\u00f3n; Congreso\u00a0\u00a0mexiquense elimina la prisi\u00f3n vitalicia\u00a0\",\"datePublished\":\"2026-04-10T02:16:07+00:00\",\"dateModified\":\"2026-04-10T02:16:08+00:00\",\"mainEntityOfPage\":{\"@id\":\"https:\\\/\\\/agencia.252.com.mx\\\/home\\\/delincuentes-tendran-penalidad-maxima-de-70-anos-de-prision-congreso-mexiquense-elimina-la-prision-vitalicia\\\/\"},\"wordCount\":876,\"commentCount\":0,\"publisher\":{\"@id\":\"https:\\\/\\\/agencia.252.com.mx\\\/home\\\/#organization\"},\"image\":{\"@id\":\"https:\\\/\\\/agencia.252.com.mx\\\/home\\\/delincuentes-tendran-penalidad-maxima-de-70-anos-de-prision-congreso-mexiquense-elimina-la-prision-vitalicia\\\/#primaryimage\"},\"thumbnailUrl\":\"https:\\\/\\\/agencia.252.com.mx\\\/wp-content\\\/uploads\\\/2026\\\/04\\\/WhatsApp-Image-2026-04-09-at-6.52.10-PM.jpeg\",\"keywords\":[\"Edomex\"],\"articleSection\":[\"Congreso Edomex\",\"Edomex\",\"Legislatura Edomex\",\"Seguridad\",\"Uncategorized\"],\"inLanguage\":\"es\",\"potentialAction\":[{\"@type\":\"CommentAction\",\"name\":\"Comment\",\"target\":[\"https:\\\/\\\/agencia.252.com.mx\\\/home\\\/delincuentes-tendran-penalidad-maxima-de-70-anos-de-prision-congreso-mexiquense-elimina-la-prision-vitalicia\\\/#respond\"]}]},{\"@type\":\"WebPage\",\"@id\":\"https:\\\/\\\/agencia.252.com.mx\\\/home\\\/delincuentes-tendran-penalidad-maxima-de-70-anos-de-prision-congreso-mexiquense-elimina-la-prision-vitalicia\\\/\",\"url\":\"https:\\\/\\\/agencia.252.com.mx\\\/home\\\/delincuentes-tendran-penalidad-maxima-de-70-anos-de-prision-congreso-mexiquense-elimina-la-prision-vitalicia\\\/\",\"name\":\"Delincuentes tendr\u00e1n penalidad m\u00e1xima de 70 a\u00f1os de prisi\u00f3n; Congreso\u00a0\u00a0mexiquense elimina la prisi\u00f3n vitalicia\u00a0 - Agencia252\",\"isPartOf\":{\"@id\":\"https:\\\/\\\/agencia.252.com.mx\\\/home\\\/#website\"},\"primaryImageOfPage\":{\"@id\":\"https:\\\/\\\/agencia.252.com.mx\\\/home\\\/delincuentes-tendran-penalidad-maxima-de-70-anos-de-prision-congreso-mexiquense-elimina-la-prision-vitalicia\\\/#primaryimage\"},\"image\":{\"@id\":\"https:\\\/\\\/agencia.252.com.mx\\\/home\\\/delincuentes-tendran-penalidad-maxima-de-70-anos-de-prision-congreso-mexiquense-elimina-la-prision-vitalicia\\\/#primaryimage\"},\"thumbnailUrl\":\"https:\\\/\\\/agencia.252.com.mx\\\/wp-content\\\/uploads\\\/2026\\\/04\\\/WhatsApp-Image-2026-04-09-at-6.52.10-PM.jpeg\",\"datePublished\":\"2026-04-10T02:16:07+00:00\",\"dateModified\":\"2026-04-10T02:16:08+00:00\",\"breadcrumb\":{\"@id\":\"https:\\\/\\\/agencia.252.com.mx\\\/home\\\/delincuentes-tendran-penalidad-maxima-de-70-anos-de-prision-congreso-mexiquense-elimina-la-prision-vitalicia\\\/#breadcrumb\"},\"inLanguage\":\"es\",\"potentialAction\":[{\"@type\":\"ReadAction\",\"target\":[\"https:\\\/\\\/agencia.252.com.mx\\\/home\\\/delincuentes-tendran-penalidad-maxima-de-70-anos-de-prision-congreso-mexiquense-elimina-la-prision-vitalicia\\\/\"]}]},{\"@type\":\"ImageObject\",\"inLanguage\":\"es\",\"@id\":\"https:\\\/\\\/agencia.252.com.mx\\\/home\\\/delincuentes-tendran-penalidad-maxima-de-70-anos-de-prision-congreso-mexiquense-elimina-la-prision-vitalicia\\\/#primaryimage\",\"url\":\"https:\\\/\\\/agencia.252.com.mx\\\/wp-content\\\/uploads\\\/2026\\\/04\\\/WhatsApp-Image-2026-04-09-at-6.52.10-PM.jpeg\",\"contentUrl\":\"https:\\\/\\\/agencia.252.com.mx\\\/wp-content\\\/uploads\\\/2026\\\/04\\\/WhatsApp-Image-2026-04-09-at-6.52.10-PM.jpeg\",\"width\":1280,\"height\":854},{\"@type\":\"BreadcrumbList\",\"@id\":\"https:\\\/\\\/agencia.252.com.mx\\\/home\\\/delincuentes-tendran-penalidad-maxima-de-70-anos-de-prision-congreso-mexiquense-elimina-la-prision-vitalicia\\\/#breadcrumb\",\"itemListElement\":[{\"@type\":\"ListItem\",\"position\":1,\"name\":\"Portada\",\"item\":\"https:\\\/\\\/agencia.252.com.mx\\\/home\\\/\"},{\"@type\":\"ListItem\",\"position\":2,\"name\":\"Delincuentes tendr\u00e1n penalidad m\u00e1xima de 70 a\u00f1os de prisi\u00f3n; Congreso\u00a0\u00a0mexiquense elimina la prisi\u00f3n vitalicia\u00a0\"}]},{\"@type\":\"WebSite\",\"@id\":\"https:\\\/\\\/agencia.252.com.mx\\\/home\\\/#website\",\"url\":\"https:\\\/\\\/agencia.252.com.mx\\\/home\\\/\",\"name\":\"Agencia252\",\"description\":\"Tu espacio en la Red\",\"publisher\":{\"@id\":\"https:\\\/\\\/agencia.252.com.mx\\\/home\\\/#organization\"},\"potentialAction\":[{\"@type\":\"SearchAction\",\"target\":{\"@type\":\"EntryPoint\",\"urlTemplate\":\"https:\\\/\\\/agencia.252.com.mx\\\/home\\\/?s={search_term_string}\"},\"query-input\":{\"@type\":\"PropertyValueSpecification\",\"valueRequired\":true,\"valueName\":\"search_term_string\"}}],\"inLanguage\":\"es\"},{\"@type\":\"Organization\",\"@id\":\"https:\\\/\\\/agencia.252.com.mx\\\/home\\\/#organization\",\"name\":\"Agencia252\",\"url\":\"https:\\\/\\\/agencia.252.com.mx\\\/home\\\/\",\"logo\":{\"@type\":\"ImageObject\",\"inLanguage\":\"es\",\"@id\":\"https:\\\/\\\/agencia.252.com.mx\\\/home\\\/#\\\/schema\\\/logo\\\/image\\\/\",\"url\":\"https:\\\/\\\/agencia.252.com.mx\\\/wp-content\\\/uploads\\\/2023\\\/02\\\/cropped-ciruclo-agencia-e1677562404136.png\",\"contentUrl\":\"https:\\\/\\\/agencia.252.com.mx\\\/wp-content\\\/uploads\\\/2023\\\/02\\\/cropped-ciruclo-agencia-e1677562404136.png\",\"width\":512,\"height\":512,\"caption\":\"Agencia252\"},\"image\":{\"@id\":\"https:\\\/\\\/agencia.252.com.mx\\\/home\\\/#\\\/schema\\\/logo\\\/image\\\/\"},\"sameAs\":[\"https:\\\/\\\/www.facebook.com\\\/252Comunicacion\\\/\",\"https:\\\/\\\/x.com\\\/252COMS\"]},{\"@type\":\"Person\",\"@id\":\"https:\\\/\\\/agencia.252.com.mx\\\/home\\\/#\\\/schema\\\/person\\\/6b972021e9a92d45ade8c78d81509098\",\"name\":\"Nacho Corro\",\"image\":{\"@type\":\"ImageObject\",\"inLanguage\":\"es\",\"@id\":\"https:\\\/\\\/secure.gravatar.com\\\/avatar\\\/5db6df507cfe1307e192fbb498c6b85f1cf2ffd8b4cd37141b9eea588fcbd5a4?s=96&r=g\",\"url\":\"https:\\\/\\\/secure.gravatar.com\\\/avatar\\\/5db6df507cfe1307e192fbb498c6b85f1cf2ffd8b4cd37141b9eea588fcbd5a4?s=96&r=g\",\"contentUrl\":\"https:\\\/\\\/secure.gravatar.com\\\/avatar\\\/5db6df507cfe1307e192fbb498c6b85f1cf2ffd8b4cd37141b9eea588fcbd5a4?s=96&r=g\",\"caption\":\"Nacho Corro\"},\"description\":\"Comunicador Social, Periodista y Administraci\u00f3n P\u00fablica. Conversador pol\u00edtico, temas electorales y seguridad. Generador de contenidos digitales. Amante de la fotograf\u00eda\",\"sameAs\":[\"https:\\\/\\\/www.facebook.com\\\/jcorroherrera\\\/\",\"www.instagram.com\\\/nachocorro\\\/\",\"https:\\\/\\\/x.com\\\/Juan Ignacio Corro Herrera\"],\"url\":\"https:\\\/\\\/agencia.252.com.mx\\\/home\\\/author\\\/i-corro\\\/\"}]}<\/script>\n<!-- \/ Yoast SEO plugin. -->","yoast_head_json":{"title":"Delincuentes tendr\u00e1n penalidad m\u00e1xima de 70 a\u00f1os de prisi\u00f3n; Congreso\u00a0\u00a0mexiquense elimina la prisi\u00f3n vitalicia\u00a0 - Agencia252","robots":{"index":"index","follow":"follow","max-snippet":"max-snippet:-1","max-image-preview":"max-image-preview:large","max-video-preview":"max-video-preview:-1"},"canonical":"https:\/\/agencia.252.com.mx\/home\/delincuentes-tendran-penalidad-maxima-de-70-anos-de-prision-congreso-mexiquense-elimina-la-prision-vitalicia\/","og_locale":"es_ES","og_type":"article","og_title":"Delincuentes tendr\u00e1n penalidad m\u00e1xima de 70 a\u00f1os de prisi\u00f3n; Congreso\u00a0\u00a0mexiquense elimina la prisi\u00f3n vitalicia\u00a0 - Agencia252","og_description":"Visitas: 14 Juan Ignacio Corro&nbsp; Toluca, Estado de M\u00e9xico, a 9&nbsp;&nbsp;de abril de 2026 A iniciativa de la diputada Sof\u00eda Mart\u00ednez Molina (PT) y de la gobernadora Delfina G\u00f3mez \u00c1lvarez, la LXII Legislatura mexiquense aprob\u00f3 la eliminaci\u00f3n de la prisi\u00f3n vitalicia del C\u00f3digo Penal estatal, al considerar que esta figura implica la privaci\u00f3n perpetua de [&hellip;]","og_url":"https:\/\/agencia.252.com.mx\/home\/delincuentes-tendran-penalidad-maxima-de-70-anos-de-prision-congreso-mexiquense-elimina-la-prision-vitalicia\/","og_site_name":"Agencia252","article_publisher":"https:\/\/www.facebook.com\/252Comunicacion\/","article_author":"https:\/\/www.facebook.com\/jcorroherrera\/","article_published_time":"2026-04-10T02:16:07+00:00","article_modified_time":"2026-04-10T02:16:08+00:00","og_image":[{"width":1280,"height":854,"url":"http:\/\/agencia.252.com.mx\/wp-content\/uploads\/2026\/04\/WhatsApp-Image-2026-04-09-at-6.52.10-PM.jpeg","type":"image\/jpeg"}],"author":"Nacho Corro","twitter_card":"summary_large_image","twitter_creator":"@Juan Ignacio Corro Herrera","twitter_site":"@252COMS","twitter_misc":{"Escrito por":"Nacho Corro","Tiempo de lectura":"4 minutos"},"schema":{"@context":"https:\/\/schema.org","@graph":[{"@type":"Article","@id":"https:\/\/agencia.252.com.mx\/home\/delincuentes-tendran-penalidad-maxima-de-70-anos-de-prision-congreso-mexiquense-elimina-la-prision-vitalicia\/#article","isPartOf":{"@id":"https:\/\/agencia.252.com.mx\/home\/delincuentes-tendran-penalidad-maxima-de-70-anos-de-prision-congreso-mexiquense-elimina-la-prision-vitalicia\/"},"author":{"name":"Nacho Corro","@id":"https:\/\/agencia.252.com.mx\/home\/#\/schema\/person\/6b972021e9a92d45ade8c78d81509098"},"headline":"Delincuentes tendr\u00e1n penalidad m\u00e1xima de 70 a\u00f1os de prisi\u00f3n; Congreso\u00a0\u00a0mexiquense elimina la prisi\u00f3n vitalicia\u00a0","datePublished":"2026-04-10T02:16:07+00:00","dateModified":"2026-04-10T02:16:08+00:00","mainEntityOfPage":{"@id":"https:\/\/agencia.252.com.mx\/home\/delincuentes-tendran-penalidad-maxima-de-70-anos-de-prision-congreso-mexiquense-elimina-la-prision-vitalicia\/"},"wordCount":876,"commentCount":0,"publisher":{"@id":"https:\/\/agencia.252.com.mx\/home\/#organization"},"image":{"@id":"https:\/\/agencia.252.com.mx\/home\/delincuentes-tendran-penalidad-maxima-de-70-anos-de-prision-congreso-mexiquense-elimina-la-prision-vitalicia\/#primaryimage"},"thumbnailUrl":"https:\/\/agencia.252.com.mx\/wp-content\/uploads\/2026\/04\/WhatsApp-Image-2026-04-09-at-6.52.10-PM.jpeg","keywords":["Edomex"],"articleSection":["Congreso Edomex","Edomex","Legislatura Edomex","Seguridad","Uncategorized"],"inLanguage":"es","potentialAction":[{"@type":"CommentAction","name":"Comment","target":["https:\/\/agencia.252.com.mx\/home\/delincuentes-tendran-penalidad-maxima-de-70-anos-de-prision-congreso-mexiquense-elimina-la-prision-vitalicia\/#respond"]}]},{"@type":"WebPage","@id":"https:\/\/agencia.252.com.mx\/home\/delincuentes-tendran-penalidad-maxima-de-70-anos-de-prision-congreso-mexiquense-elimina-la-prision-vitalicia\/","url":"https:\/\/agencia.252.com.mx\/home\/delincuentes-tendran-penalidad-maxima-de-70-anos-de-prision-congreso-mexiquense-elimina-la-prision-vitalicia\/","name":"Delincuentes tendr\u00e1n penalidad m\u00e1xima de 70 a\u00f1os de prisi\u00f3n; Congreso\u00a0\u00a0mexiquense elimina la prisi\u00f3n vitalicia\u00a0 - Agencia252","isPartOf":{"@id":"https:\/\/agencia.252.com.mx\/home\/#website"},"primaryImageOfPage":{"@id":"https:\/\/agencia.252.com.mx\/home\/delincuentes-tendran-penalidad-maxima-de-70-anos-de-prision-congreso-mexiquense-elimina-la-prision-vitalicia\/#primaryimage"},"image":{"@id":"https:\/\/agencia.252.com.mx\/home\/delincuentes-tendran-penalidad-maxima-de-70-anos-de-prision-congreso-mexiquense-elimina-la-prision-vitalicia\/#primaryimage"},"thumbnailUrl":"https:\/\/agencia.252.com.mx\/wp-content\/uploads\/2026\/04\/WhatsApp-Image-2026-04-09-at-6.52.10-PM.jpeg","datePublished":"2026-04-10T02:16:07+00:00","dateModified":"2026-04-10T02:16:08+00:00","breadcrumb":{"@id":"https:\/\/agencia.252.com.mx\/home\/delincuentes-tendran-penalidad-maxima-de-70-anos-de-prision-congreso-mexiquense-elimina-la-prision-vitalicia\/#breadcrumb"},"inLanguage":"es","potentialAction":[{"@type":"ReadAction","target":["https:\/\/agencia.252.com.mx\/home\/delincuentes-tendran-penalidad-maxima-de-70-anos-de-prision-congreso-mexiquense-elimina-la-prision-vitalicia\/"]}]},{"@type":"ImageObject","inLanguage":"es","@id":"https:\/\/agencia.252.com.mx\/home\/delincuentes-tendran-penalidad-maxima-de-70-anos-de-prision-congreso-mexiquense-elimina-la-prision-vitalicia\/#primaryimage","url":"https:\/\/agencia.252.com.mx\/wp-content\/uploads\/2026\/04\/WhatsApp-Image-2026-04-09-at-6.52.10-PM.jpeg","contentUrl":"https:\/\/agencia.252.com.mx\/wp-content\/uploads\/2026\/04\/WhatsApp-Image-2026-04-09-at-6.52.10-PM.jpeg","width":1280,"height":854},{"@type":"BreadcrumbList","@id":"https:\/\/agencia.252.com.mx\/home\/delincuentes-tendran-penalidad-maxima-de-70-anos-de-prision-congreso-mexiquense-elimina-la-prision-vitalicia\/#breadcrumb","itemListElement":[{"@type":"ListItem","position":1,"name":"Portada","item":"https:\/\/agencia.252.com.mx\/home\/"},{"@type":"ListItem","position":2,"name":"Delincuentes tendr\u00e1n penalidad m\u00e1xima de 70 a\u00f1os de prisi\u00f3n; Congreso\u00a0\u00a0mexiquense elimina la prisi\u00f3n vitalicia\u00a0"}]},{"@type":"WebSite","@id":"https:\/\/agencia.252.com.mx\/home\/#website","url":"https:\/\/agencia.252.com.mx\/home\/","name":"Agencia252","description":"Tu espacio en la Red","publisher":{"@id":"https:\/\/agencia.252.com.mx\/home\/#organization"},"potentialAction":[{"@type":"SearchAction","target":{"@type":"EntryPoint","urlTemplate":"https:\/\/agencia.252.com.mx\/home\/?s={search_term_string}"},"query-input":{"@type":"PropertyValueSpecification","valueRequired":true,"valueName":"search_term_string"}}],"inLanguage":"es"},{"@type":"Organization","@id":"https:\/\/agencia.252.com.mx\/home\/#organization","name":"Agencia252","url":"https:\/\/agencia.252.com.mx\/home\/","logo":{"@type":"ImageObject","inLanguage":"es","@id":"https:\/\/agencia.252.com.mx\/home\/#\/schema\/logo\/image\/","url":"https:\/\/agencia.252.com.mx\/wp-content\/uploads\/2023\/02\/cropped-ciruclo-agencia-e1677562404136.png","contentUrl":"https:\/\/agencia.252.com.mx\/wp-content\/uploads\/2023\/02\/cropped-ciruclo-agencia-e1677562404136.png","width":512,"height":512,"caption":"Agencia252"},"image":{"@id":"https:\/\/agencia.252.com.mx\/home\/#\/schema\/logo\/image\/"},"sameAs":["https:\/\/www.facebook.com\/252Comunicacion\/","https:\/\/x.com\/252COMS"]},{"@type":"Person","@id":"https:\/\/agencia.252.com.mx\/home\/#\/schema\/person\/6b972021e9a92d45ade8c78d81509098","name":"Nacho Corro","image":{"@type":"ImageObject","inLanguage":"es","@id":"https:\/\/secure.gravatar.com\/avatar\/5db6df507cfe1307e192fbb498c6b85f1cf2ffd8b4cd37141b9eea588fcbd5a4?s=96&r=g","url":"https:\/\/secure.gravatar.com\/avatar\/5db6df507cfe1307e192fbb498c6b85f1cf2ffd8b4cd37141b9eea588fcbd5a4?s=96&r=g","contentUrl":"https:\/\/secure.gravatar.com\/avatar\/5db6df507cfe1307e192fbb498c6b85f1cf2ffd8b4cd37141b9eea588fcbd5a4?s=96&r=g","caption":"Nacho Corro"},"description":"Comunicador Social, Periodista y Administraci\u00f3n P\u00fablica. Conversador pol\u00edtico, temas electorales y seguridad. Generador de contenidos digitales. Amante de la fotograf\u00eda","sameAs":["https:\/\/www.facebook.com\/jcorroherrera\/","www.instagram.com\/nachocorro\/","https:\/\/x.com\/Juan Ignacio Corro Herrera"],"url":"https:\/\/agencia.252.com.mx\/home\/author\/i-corro\/"}]}},"_links":{"self":[{"href":"https:\/\/agencia.252.com.mx\/home\/wp-json\/wp\/v2\/posts\/18095","targetHints":{"allow":["GET"]}}],"collection":[{"href":"https:\/\/agencia.252.com.mx\/home\/wp-json\/wp\/v2\/posts"}],"about":[{"href":"https:\/\/agencia.252.com.mx\/home\/wp-json\/wp\/v2\/types\/post"}],"author":[{"embeddable":true,"href":"https:\/\/agencia.252.com.mx\/home\/wp-json\/wp\/v2\/users\/5"}],"replies":[{"embeddable":true,"href":"https:\/\/agencia.252.com.mx\/home\/wp-json\/wp\/v2\/comments?post=18095"}],"version-history":[{"count":1,"href":"https:\/\/agencia.252.com.mx\/home\/wp-json\/wp\/v2\/posts\/18095\/revisions"}],"predecessor-version":[{"id":18099,"href":"https:\/\/agencia.252.com.mx\/home\/wp-json\/wp\/v2\/posts\/18095\/revisions\/18099"}],"wp:featuredmedia":[{"embeddable":true,"href":"https:\/\/agencia.252.com.mx\/home\/wp-json\/wp\/v2\/media\/18096"}],"wp:attachment":[{"href":"https:\/\/agencia.252.com.mx\/home\/wp-json\/wp\/v2\/media?parent=18095"}],"wp:term":[{"taxonomy":"category","embeddable":true,"href":"https:\/\/agencia.252.com.mx\/home\/wp-json\/wp\/v2\/categories?post=18095"},{"taxonomy":"post_tag","embeddable":true,"href":"https:\/\/agencia.252.com.mx\/home\/wp-json\/wp\/v2\/tags?post=18095"}],"curies":[{"name":"wp","href":"https:\/\/api.w.org\/{rel}","templated":true}]}}