{"id":18080,"date":"2026-04-08T20:08:02","date_gmt":"2026-04-09T02:08:02","guid":{"rendered":"https:\/\/agencia.252.com.mx\/home\/?p=18080"},"modified":"2026-04-08T20:08:03","modified_gmt":"2026-04-09T02:08:03","slug":"aprueba-tlalnepantla-reglamento-para-el-consejo-municipal-de-las-familias-y-avala-premio-huella-verde-2026","status":"publish","type":"post","link":"https:\/\/agencia.252.com.mx\/home\/aprueba-tlalnepantla-reglamento-para-el-consejo-municipal-de-las-familias-y-avala-premio-huella-verde-2026\/","title":{"rendered":"Aprueba Tlalnepantla Reglamento para el Consejo Municipal de las Familias y avala Premio Huella Verde 2026\u00a0"},"content":{"rendered":"<p>Visitas: 14<\/p>\n<ul class=\"wp-block-list\">\n<li><em>En Sesi\u00f3n de Cabildo, Raciel P\u00e9rez Cruz, en conjunto con los integrantes del cuerpo edilicio avalaron el marco normativo que regir\u00e1 al Consejo Municipal de las Familias para fortalecer el bienestar social.\u00a0\u00a0<\/em><\/li>\n\n\n\n<li><em>Se aprobaron las reglas de operaci\u00f3n y la convocatoria para reconocer acciones destacadas en materia ambiental.\u00a0\u00a0<\/em><\/li>\n<\/ul>\n\n\n\n<p><em>Juan Ignacio Corro&nbsp;<\/em><\/p>\n\n\n\n<p class=\"has-text-align-right\"><em>Tlalnepantla, Estado de M\u00e9xico, a 8 de abril de 2026<\/em><\/p>\n\n\n\n<p>En el marco de la Quincuag\u00e9sima Segunda Sesi\u00f3n Ordinaria de Cabildo, presidida por el edil Raciel P\u00e9rez Cruz, los integrantes del Ayuntamiento de Tlalnepantla aprobaron por unanimidad el Reglamento del Consejo Municipal de las Familias.<\/p>\n\n\n\n<p>Este nuevo ordenamiento jur\u00eddico tiene como prop\u00f3sito fundamental establecer las bases para el funcionamiento de un \u00f3rgano dedicado al an\u00e1lisis y dise\u00f1o de pol\u00edticas p\u00fablicas que promuevan el desarrollo integral y la protecci\u00f3n de los derechos de las y los integrantes de las familias en la demarcaci\u00f3n.&nbsp;<\/p>\n\n\n\n<p>Con esta acci\u00f3n, el Gobierno Municipal refuerza su compromiso con el fortalecimiento del tejido social a trav\u00e9s de instituciones s\u00f3lidas y reglamentadas.&nbsp;&nbsp;<\/p>\n\n\n\n<p>Durante el desarrollo del orden del d\u00eda, el cuerpo colegiado aprob\u00f3 el acuerdo que contiene las Reglas de Operaci\u00f3n y la respectiva Convocatoria del Premio Huella Verde 2026.&nbsp;<\/p>\n\n\n\n<p>Este reconocimiento busca incentivar y distinguir a quienes realicen proyectos o acciones de alto impacto para la preservaci\u00f3n del entorno natural y el fomento de la sustentabilidad en el territorio municipal.&nbsp;<\/p>\n\n\n\n<p>Se determin\u00f3 que las bases de participaci\u00f3n sean difundidas ampliamente para asegurar que la ciudadan\u00eda interesada en el cuidado del medio ambiente pueda inscribir sus propuestas.<\/p>\n","protected":false},"excerpt":{"rendered":"<p>Visitas: 14 Juan Ignacio Corro&nbsp; Tlalnepantla, Estado de M\u00e9xico, a 8 de abril de 2026 En el marco de la Quincuag\u00e9sima Segunda Sesi\u00f3n Ordinaria de Cabildo, presidida por el edil Raciel P\u00e9rez Cruz, los integrantes del Ayuntamiento de Tlalnepantla aprobaron por unanimidad el Reglamento del Consejo Municipal de las Familias. Este nuevo ordenamiento jur\u00eddico tiene [&hellip;]<\/p>\n","protected":false},"author":5,"featured_media":18081,"comment_status":"open","ping_status":"open","sticky":false,"template":"","format":"standard","meta":{"site-sidebar-layout":"default","site-content-layout":"","ast-site-content-layout":"default","site-content-style":"default","site-sidebar-style":"default","ast-global-header-display":"","ast-banner-title-visibility":"","ast-main-header-display":"","ast-hfb-above-header-display":"","ast-hfb-below-header-display":"","ast-hfb-mobile-header-display":"","site-post-title":"","ast-breadcrumbs-content":"","ast-featured-img":"","footer-sml-layout":"","ast-disable-related-posts":"","theme-transparent-header-meta":"","adv-header-id-meta":"","stick-header-meta":"","header-above-stick-meta":"","header-main-stick-meta":"","header-below-stick-meta":"","astra-migrate-meta-layouts":"set","ast-page-background-enabled":"default","ast-page-background-meta":{"desktop":{"background-color":"var(--ast-global-color-4)","background-image":"","background-repeat":"repeat","background-position":"center center","background-size":"auto","background-attachment":"scroll","background-type":"","background-media":"","overlay-type":"","overlay-color":"","overlay-opacity":"","overlay-gradient":""},"tablet":{"background-color":"","background-image":"","background-repeat":"repeat","background-position":"center center","background-size":"auto","background-attachment":"scroll","background-type":"","background-media":"","overlay-type":"","overlay-color":"","overlay-opacity":"","overlay-gradient":""},"mobile":{"background-color":"","background-image":"","background-repeat":"repeat","background-position":"center center","background-size":"auto","background-attachment":"scroll","background-type":"","background-media":"","overlay-type":"","overlay-color":"","overlay-opacity":"","overlay-gradient":""}},"ast-content-background-meta":{"desktop":{"background-color":"var(--ast-global-color-5)","background-image":"","background-repeat":"repeat","background-position":"center center","background-size":"auto","background-attachment":"scroll","background-type":"","background-media":"","overlay-type":"","overlay-color":"","overlay-opacity":"","overlay-gradient":""},"tablet":{"background-color":"var(--ast-global-color-5)","background-image":"","background-repeat":"repeat","background-position":"center center","background-size":"auto","background-attachment":"scroll","background-type":"","background-media":"","overlay-type":"","overlay-color":"","overlay-opacity":"","overlay-gradient":""},"mobile":{"background-color":"var(--ast-global-color-5)","background-image":"","background-repeat":"repeat","background-position":"center center","background-size":"auto","background-attachment":"scroll","background-type":"","background-media":"","overlay-type":"","overlay-color":"","overlay-opacity":"","overlay-gradient":""}},"footnotes":""},"categories":[8,512,56],"tags":[526],"class_list":["post-18080","post","type-post","status-publish","format-standard","has-post-thumbnail","hentry","category-edomex","category-metropoli","category-tlalnepantla","tag-edomex"],"yoast_head":"<!-- This site is optimized with the Yoast SEO plugin v27.4 - https:\/\/yoast.com\/product\/yoast-seo-wordpress\/ -->\n<title>Aprueba Tlalnepantla Reglamento para el Consejo Municipal de las Familias y avala Premio Huella Verde 2026\u00a0 - Agencia252<\/title>\n<meta name=\"robots\" content=\"index, follow, max-snippet:-1, max-image-preview:large, max-video-preview:-1\" \/>\n<link rel=\"canonical\" href=\"https:\/\/agencia.252.com.mx\/home\/aprueba-tlalnepantla-reglamento-para-el-consejo-municipal-de-las-familias-y-avala-premio-huella-verde-2026\/\" \/>\n<meta property=\"og:locale\" content=\"es_ES\" \/>\n<meta property=\"og:type\" content=\"article\" \/>\n<meta property=\"og:title\" content=\"Aprueba Tlalnepantla Reglamento para el Consejo Municipal de las Familias y avala Premio Huella Verde 2026\u00a0 - Agencia252\" \/>\n<meta property=\"og:description\" content=\"Visitas: 14 Juan Ignacio Corro&nbsp; Tlalnepantla, Estado de M\u00e9xico, a 8 de abril de 2026 En el marco de la Quincuag\u00e9sima Segunda Sesi\u00f3n Ordinaria de Cabildo, presidida por el edil Raciel P\u00e9rez Cruz, los integrantes del Ayuntamiento de Tlalnepantla aprobaron por unanimidad el Reglamento del Consejo Municipal de las Familias. Este nuevo ordenamiento jur\u00eddico tiene [&hellip;]\" \/>\n<meta property=\"og:url\" content=\"https:\/\/agencia.252.com.mx\/home\/aprueba-tlalnepantla-reglamento-para-el-consejo-municipal-de-las-familias-y-avala-premio-huella-verde-2026\/\" \/>\n<meta property=\"og:site_name\" content=\"Agencia252\" \/>\n<meta property=\"article:publisher\" content=\"https:\/\/www.facebook.com\/252Comunicacion\/\" \/>\n<meta property=\"article:author\" content=\"https:\/\/www.facebook.com\/jcorroherrera\/\" \/>\n<meta property=\"article:published_time\" content=\"2026-04-09T02:08:02+00:00\" \/>\n<meta property=\"article:modified_time\" content=\"2026-04-09T02:08:03+00:00\" \/>\n<meta property=\"og:image\" content=\"http:\/\/agencia.252.com.mx\/wp-content\/uploads\/2026\/04\/WhatsApp-Image-2026-04-08-at-2.57.05-PM-2.jpeg\" \/>\n\t<meta property=\"og:image:width\" content=\"1280\" \/>\n\t<meta property=\"og:image:height\" content=\"854\" \/>\n\t<meta property=\"og:image:type\" content=\"image\/jpeg\" \/>\n<meta name=\"author\" content=\"Nacho Corro\" \/>\n<meta name=\"twitter:card\" content=\"summary_large_image\" \/>\n<meta name=\"twitter:creator\" content=\"@Juan Ignacio Corro Herrera\" \/>\n<meta name=\"twitter:site\" content=\"@252COMS\" \/>\n<meta name=\"twitter:label1\" content=\"Escrito por\" \/>\n\t<meta name=\"twitter:data1\" content=\"Nacho Corro\" \/>\n\t<meta name=\"twitter:label2\" content=\"Tiempo de lectura\" \/>\n\t<meta name=\"twitter:data2\" content=\"2 minutos\" \/>\n<script type=\"application\/ld+json\" class=\"yoast-schema-graph\">{\"@context\":\"https:\\\/\\\/schema.org\",\"@graph\":[{\"@type\":\"Article\",\"@id\":\"https:\\\/\\\/agencia.252.com.mx\\\/home\\\/aprueba-tlalnepantla-reglamento-para-el-consejo-municipal-de-las-familias-y-avala-premio-huella-verde-2026\\\/#article\",\"isPartOf\":{\"@id\":\"https:\\\/\\\/agencia.252.com.mx\\\/home\\\/aprueba-tlalnepantla-reglamento-para-el-consejo-municipal-de-las-familias-y-avala-premio-huella-verde-2026\\\/\"},\"author\":{\"name\":\"Nacho Corro\",\"@id\":\"https:\\\/\\\/agencia.252.com.mx\\\/home\\\/#\\\/schema\\\/person\\\/6b972021e9a92d45ade8c78d81509098\"},\"headline\":\"Aprueba Tlalnepantla Reglamento para el Consejo Municipal de las Familias y avala Premio Huella Verde 2026\u00a0\",\"datePublished\":\"2026-04-09T02:08:02+00:00\",\"dateModified\":\"2026-04-09T02:08:03+00:00\",\"mainEntityOfPage\":{\"@id\":\"https:\\\/\\\/agencia.252.com.mx\\\/home\\\/aprueba-tlalnepantla-reglamento-para-el-consejo-municipal-de-las-familias-y-avala-premio-huella-verde-2026\\\/\"},\"wordCount\":291,\"commentCount\":0,\"publisher\":{\"@id\":\"https:\\\/\\\/agencia.252.com.mx\\\/home\\\/#organization\"},\"image\":{\"@id\":\"https:\\\/\\\/agencia.252.com.mx\\\/home\\\/aprueba-tlalnepantla-reglamento-para-el-consejo-municipal-de-las-familias-y-avala-premio-huella-verde-2026\\\/#primaryimage\"},\"thumbnailUrl\":\"https:\\\/\\\/agencia.252.com.mx\\\/wp-content\\\/uploads\\\/2026\\\/04\\\/WhatsApp-Image-2026-04-08-at-2.57.05-PM-2.jpeg\",\"keywords\":[\"Edomex\"],\"articleSection\":[\"Edomex\",\"Metropoli\",\"Tlalnepantla\"],\"inLanguage\":\"es\",\"potentialAction\":[{\"@type\":\"CommentAction\",\"name\":\"Comment\",\"target\":[\"https:\\\/\\\/agencia.252.com.mx\\\/home\\\/aprueba-tlalnepantla-reglamento-para-el-consejo-municipal-de-las-familias-y-avala-premio-huella-verde-2026\\\/#respond\"]}]},{\"@type\":\"WebPage\",\"@id\":\"https:\\\/\\\/agencia.252.com.mx\\\/home\\\/aprueba-tlalnepantla-reglamento-para-el-consejo-municipal-de-las-familias-y-avala-premio-huella-verde-2026\\\/\",\"url\":\"https:\\\/\\\/agencia.252.com.mx\\\/home\\\/aprueba-tlalnepantla-reglamento-para-el-consejo-municipal-de-las-familias-y-avala-premio-huella-verde-2026\\\/\",\"name\":\"Aprueba Tlalnepantla Reglamento para el Consejo Municipal de las Familias y avala Premio Huella Verde 2026\u00a0 - Agencia252\",\"isPartOf\":{\"@id\":\"https:\\\/\\\/agencia.252.com.mx\\\/home\\\/#website\"},\"primaryImageOfPage\":{\"@id\":\"https:\\\/\\\/agencia.252.com.mx\\\/home\\\/aprueba-tlalnepantla-reglamento-para-el-consejo-municipal-de-las-familias-y-avala-premio-huella-verde-2026\\\/#primaryimage\"},\"image\":{\"@id\":\"https:\\\/\\\/agencia.252.com.mx\\\/home\\\/aprueba-tlalnepantla-reglamento-para-el-consejo-municipal-de-las-familias-y-avala-premio-huella-verde-2026\\\/#primaryimage\"},\"thumbnailUrl\":\"https:\\\/\\\/agencia.252.com.mx\\\/wp-content\\\/uploads\\\/2026\\\/04\\\/WhatsApp-Image-2026-04-08-at-2.57.05-PM-2.jpeg\",\"datePublished\":\"2026-04-09T02:08:02+00:00\",\"dateModified\":\"2026-04-09T02:08:03+00:00\",\"breadcrumb\":{\"@id\":\"https:\\\/\\\/agencia.252.com.mx\\\/home\\\/aprueba-tlalnepantla-reglamento-para-el-consejo-municipal-de-las-familias-y-avala-premio-huella-verde-2026\\\/#breadcrumb\"},\"inLanguage\":\"es\",\"potentialAction\":[{\"@type\":\"ReadAction\",\"target\":[\"https:\\\/\\\/agencia.252.com.mx\\\/home\\\/aprueba-tlalnepantla-reglamento-para-el-consejo-municipal-de-las-familias-y-avala-premio-huella-verde-2026\\\/\"]}]},{\"@type\":\"ImageObject\",\"inLanguage\":\"es\",\"@id\":\"https:\\\/\\\/agencia.252.com.mx\\\/home\\\/aprueba-tlalnepantla-reglamento-para-el-consejo-municipal-de-las-familias-y-avala-premio-huella-verde-2026\\\/#primaryimage\",\"url\":\"https:\\\/\\\/agencia.252.com.mx\\\/wp-content\\\/uploads\\\/2026\\\/04\\\/WhatsApp-Image-2026-04-08-at-2.57.05-PM-2.jpeg\",\"contentUrl\":\"https:\\\/\\\/agencia.252.com.mx\\\/wp-content\\\/uploads\\\/2026\\\/04\\\/WhatsApp-Image-2026-04-08-at-2.57.05-PM-2.jpeg\",\"width\":1280,\"height\":854},{\"@type\":\"BreadcrumbList\",\"@id\":\"https:\\\/\\\/agencia.252.com.mx\\\/home\\\/aprueba-tlalnepantla-reglamento-para-el-consejo-municipal-de-las-familias-y-avala-premio-huella-verde-2026\\\/#breadcrumb\",\"itemListElement\":[{\"@type\":\"ListItem\",\"position\":1,\"name\":\"Portada\",\"item\":\"https:\\\/\\\/agencia.252.com.mx\\\/home\\\/\"},{\"@type\":\"ListItem\",\"position\":2,\"name\":\"Aprueba Tlalnepantla Reglamento para el Consejo Municipal de las Familias y avala Premio Huella Verde 2026\u00a0\"}]},{\"@type\":\"WebSite\",\"@id\":\"https:\\\/\\\/agencia.252.com.mx\\\/home\\\/#website\",\"url\":\"https:\\\/\\\/agencia.252.com.mx\\\/home\\\/\",\"name\":\"Agencia252\",\"description\":\"Tu espacio en la Red\",\"publisher\":{\"@id\":\"https:\\\/\\\/agencia.252.com.mx\\\/home\\\/#organization\"},\"potentialAction\":[{\"@type\":\"SearchAction\",\"target\":{\"@type\":\"EntryPoint\",\"urlTemplate\":\"https:\\\/\\\/agencia.252.com.mx\\\/home\\\/?s={search_term_string}\"},\"query-input\":{\"@type\":\"PropertyValueSpecification\",\"valueRequired\":true,\"valueName\":\"search_term_string\"}}],\"inLanguage\":\"es\"},{\"@type\":\"Organization\",\"@id\":\"https:\\\/\\\/agencia.252.com.mx\\\/home\\\/#organization\",\"name\":\"Agencia252\",\"url\":\"https:\\\/\\\/agencia.252.com.mx\\\/home\\\/\",\"logo\":{\"@type\":\"ImageObject\",\"inLanguage\":\"es\",\"@id\":\"https:\\\/\\\/agencia.252.com.mx\\\/home\\\/#\\\/schema\\\/logo\\\/image\\\/\",\"url\":\"https:\\\/\\\/agencia.252.com.mx\\\/wp-content\\\/uploads\\\/2023\\\/02\\\/cropped-ciruclo-agencia-e1677562404136.png\",\"contentUrl\":\"https:\\\/\\\/agencia.252.com.mx\\\/wp-content\\\/uploads\\\/2023\\\/02\\\/cropped-ciruclo-agencia-e1677562404136.png\",\"width\":512,\"height\":512,\"caption\":\"Agencia252\"},\"image\":{\"@id\":\"https:\\\/\\\/agencia.252.com.mx\\\/home\\\/#\\\/schema\\\/logo\\\/image\\\/\"},\"sameAs\":[\"https:\\\/\\\/www.facebook.com\\\/252Comunicacion\\\/\",\"https:\\\/\\\/x.com\\\/252COMS\"]},{\"@type\":\"Person\",\"@id\":\"https:\\\/\\\/agencia.252.com.mx\\\/home\\\/#\\\/schema\\\/person\\\/6b972021e9a92d45ade8c78d81509098\",\"name\":\"Nacho Corro\",\"image\":{\"@type\":\"ImageObject\",\"inLanguage\":\"es\",\"@id\":\"https:\\\/\\\/secure.gravatar.com\\\/avatar\\\/5db6df507cfe1307e192fbb498c6b85f1cf2ffd8b4cd37141b9eea588fcbd5a4?s=96&r=g\",\"url\":\"https:\\\/\\\/secure.gravatar.com\\\/avatar\\\/5db6df507cfe1307e192fbb498c6b85f1cf2ffd8b4cd37141b9eea588fcbd5a4?s=96&r=g\",\"contentUrl\":\"https:\\\/\\\/secure.gravatar.com\\\/avatar\\\/5db6df507cfe1307e192fbb498c6b85f1cf2ffd8b4cd37141b9eea588fcbd5a4?s=96&r=g\",\"caption\":\"Nacho Corro\"},\"description\":\"Comunicador Social, Periodista y Administraci\u00f3n P\u00fablica. Conversador pol\u00edtico, temas electorales y seguridad. Generador de contenidos digitales. Amante de la fotograf\u00eda\",\"sameAs\":[\"https:\\\/\\\/www.facebook.com\\\/jcorroherrera\\\/\",\"www.instagram.com\\\/nachocorro\\\/\",\"https:\\\/\\\/x.com\\\/Juan Ignacio Corro Herrera\"],\"url\":\"https:\\\/\\\/agencia.252.com.mx\\\/home\\\/author\\\/i-corro\\\/\"}]}<\/script>\n<!-- \/ Yoast SEO plugin. -->","yoast_head_json":{"title":"Aprueba Tlalnepantla Reglamento para el Consejo Municipal de las Familias y avala Premio Huella Verde 2026\u00a0 - Agencia252","robots":{"index":"index","follow":"follow","max-snippet":"max-snippet:-1","max-image-preview":"max-image-preview:large","max-video-preview":"max-video-preview:-1"},"canonical":"https:\/\/agencia.252.com.mx\/home\/aprueba-tlalnepantla-reglamento-para-el-consejo-municipal-de-las-familias-y-avala-premio-huella-verde-2026\/","og_locale":"es_ES","og_type":"article","og_title":"Aprueba Tlalnepantla Reglamento para el Consejo Municipal de las Familias y avala Premio Huella Verde 2026\u00a0 - Agencia252","og_description":"Visitas: 14 Juan Ignacio Corro&nbsp; Tlalnepantla, Estado de M\u00e9xico, a 8 de abril de 2026 En el marco de la Quincuag\u00e9sima Segunda Sesi\u00f3n Ordinaria de Cabildo, presidida por el edil Raciel P\u00e9rez Cruz, los integrantes del Ayuntamiento de Tlalnepantla aprobaron por unanimidad el Reglamento del Consejo Municipal de las Familias. Este nuevo ordenamiento jur\u00eddico tiene [&hellip;]","og_url":"https:\/\/agencia.252.com.mx\/home\/aprueba-tlalnepantla-reglamento-para-el-consejo-municipal-de-las-familias-y-avala-premio-huella-verde-2026\/","og_site_name":"Agencia252","article_publisher":"https:\/\/www.facebook.com\/252Comunicacion\/","article_author":"https:\/\/www.facebook.com\/jcorroherrera\/","article_published_time":"2026-04-09T02:08:02+00:00","article_modified_time":"2026-04-09T02:08:03+00:00","og_image":[{"width":1280,"height":854,"url":"http:\/\/agencia.252.com.mx\/wp-content\/uploads\/2026\/04\/WhatsApp-Image-2026-04-08-at-2.57.05-PM-2.jpeg","type":"image\/jpeg"}],"author":"Nacho Corro","twitter_card":"summary_large_image","twitter_creator":"@Juan Ignacio Corro Herrera","twitter_site":"@252COMS","twitter_misc":{"Escrito por":"Nacho Corro","Tiempo de lectura":"2 minutos"},"schema":{"@context":"https:\/\/schema.org","@graph":[{"@type":"Article","@id":"https:\/\/agencia.252.com.mx\/home\/aprueba-tlalnepantla-reglamento-para-el-consejo-municipal-de-las-familias-y-avala-premio-huella-verde-2026\/#article","isPartOf":{"@id":"https:\/\/agencia.252.com.mx\/home\/aprueba-tlalnepantla-reglamento-para-el-consejo-municipal-de-las-familias-y-avala-premio-huella-verde-2026\/"},"author":{"name":"Nacho Corro","@id":"https:\/\/agencia.252.com.mx\/home\/#\/schema\/person\/6b972021e9a92d45ade8c78d81509098"},"headline":"Aprueba Tlalnepantla Reglamento para el Consejo Municipal de las Familias y avala Premio Huella Verde 2026\u00a0","datePublished":"2026-04-09T02:08:02+00:00","dateModified":"2026-04-09T02:08:03+00:00","mainEntityOfPage":{"@id":"https:\/\/agencia.252.com.mx\/home\/aprueba-tlalnepantla-reglamento-para-el-consejo-municipal-de-las-familias-y-avala-premio-huella-verde-2026\/"},"wordCount":291,"commentCount":0,"publisher":{"@id":"https:\/\/agencia.252.com.mx\/home\/#organization"},"image":{"@id":"https:\/\/agencia.252.com.mx\/home\/aprueba-tlalnepantla-reglamento-para-el-consejo-municipal-de-las-familias-y-avala-premio-huella-verde-2026\/#primaryimage"},"thumbnailUrl":"https:\/\/agencia.252.com.mx\/wp-content\/uploads\/2026\/04\/WhatsApp-Image-2026-04-08-at-2.57.05-PM-2.jpeg","keywords":["Edomex"],"articleSection":["Edomex","Metropoli","Tlalnepantla"],"inLanguage":"es","potentialAction":[{"@type":"CommentAction","name":"Comment","target":["https:\/\/agencia.252.com.mx\/home\/aprueba-tlalnepantla-reglamento-para-el-consejo-municipal-de-las-familias-y-avala-premio-huella-verde-2026\/#respond"]}]},{"@type":"WebPage","@id":"https:\/\/agencia.252.com.mx\/home\/aprueba-tlalnepantla-reglamento-para-el-consejo-municipal-de-las-familias-y-avala-premio-huella-verde-2026\/","url":"https:\/\/agencia.252.com.mx\/home\/aprueba-tlalnepantla-reglamento-para-el-consejo-municipal-de-las-familias-y-avala-premio-huella-verde-2026\/","name":"Aprueba Tlalnepantla Reglamento para el Consejo Municipal de las Familias y avala Premio Huella Verde 2026\u00a0 - Agencia252","isPartOf":{"@id":"https:\/\/agencia.252.com.mx\/home\/#website"},"primaryImageOfPage":{"@id":"https:\/\/agencia.252.com.mx\/home\/aprueba-tlalnepantla-reglamento-para-el-consejo-municipal-de-las-familias-y-avala-premio-huella-verde-2026\/#primaryimage"},"image":{"@id":"https:\/\/agencia.252.com.mx\/home\/aprueba-tlalnepantla-reglamento-para-el-consejo-municipal-de-las-familias-y-avala-premio-huella-verde-2026\/#primaryimage"},"thumbnailUrl":"https:\/\/agencia.252.com.mx\/wp-content\/uploads\/2026\/04\/WhatsApp-Image-2026-04-08-at-2.57.05-PM-2.jpeg","datePublished":"2026-04-09T02:08:02+00:00","dateModified":"2026-04-09T02:08:03+00:00","breadcrumb":{"@id":"https:\/\/agencia.252.com.mx\/home\/aprueba-tlalnepantla-reglamento-para-el-consejo-municipal-de-las-familias-y-avala-premio-huella-verde-2026\/#breadcrumb"},"inLanguage":"es","potentialAction":[{"@type":"ReadAction","target":["https:\/\/agencia.252.com.mx\/home\/aprueba-tlalnepantla-reglamento-para-el-consejo-municipal-de-las-familias-y-avala-premio-huella-verde-2026\/"]}]},{"@type":"ImageObject","inLanguage":"es","@id":"https:\/\/agencia.252.com.mx\/home\/aprueba-tlalnepantla-reglamento-para-el-consejo-municipal-de-las-familias-y-avala-premio-huella-verde-2026\/#primaryimage","url":"https:\/\/agencia.252.com.mx\/wp-content\/uploads\/2026\/04\/WhatsApp-Image-2026-04-08-at-2.57.05-PM-2.jpeg","contentUrl":"https:\/\/agencia.252.com.mx\/wp-content\/uploads\/2026\/04\/WhatsApp-Image-2026-04-08-at-2.57.05-PM-2.jpeg","width":1280,"height":854},{"@type":"BreadcrumbList","@id":"https:\/\/agencia.252.com.mx\/home\/aprueba-tlalnepantla-reglamento-para-el-consejo-municipal-de-las-familias-y-avala-premio-huella-verde-2026\/#breadcrumb","itemListElement":[{"@type":"ListItem","position":1,"name":"Portada","item":"https:\/\/agencia.252.com.mx\/home\/"},{"@type":"ListItem","position":2,"name":"Aprueba Tlalnepantla Reglamento para el Consejo Municipal de las Familias y avala Premio Huella Verde 2026\u00a0"}]},{"@type":"WebSite","@id":"https:\/\/agencia.252.com.mx\/home\/#website","url":"https:\/\/agencia.252.com.mx\/home\/","name":"Agencia252","description":"Tu espacio en la Red","publisher":{"@id":"https:\/\/agencia.252.com.mx\/home\/#organization"},"potentialAction":[{"@type":"SearchAction","target":{"@type":"EntryPoint","urlTemplate":"https:\/\/agencia.252.com.mx\/home\/?s={search_term_string}"},"query-input":{"@type":"PropertyValueSpecification","valueRequired":true,"valueName":"search_term_string"}}],"inLanguage":"es"},{"@type":"Organization","@id":"https:\/\/agencia.252.com.mx\/home\/#organization","name":"Agencia252","url":"https:\/\/agencia.252.com.mx\/home\/","logo":{"@type":"ImageObject","inLanguage":"es","@id":"https:\/\/agencia.252.com.mx\/home\/#\/schema\/logo\/image\/","url":"https:\/\/agencia.252.com.mx\/wp-content\/uploads\/2023\/02\/cropped-ciruclo-agencia-e1677562404136.png","contentUrl":"https:\/\/agencia.252.com.mx\/wp-content\/uploads\/2023\/02\/cropped-ciruclo-agencia-e1677562404136.png","width":512,"height":512,"caption":"Agencia252"},"image":{"@id":"https:\/\/agencia.252.com.mx\/home\/#\/schema\/logo\/image\/"},"sameAs":["https:\/\/www.facebook.com\/252Comunicacion\/","https:\/\/x.com\/252COMS"]},{"@type":"Person","@id":"https:\/\/agencia.252.com.mx\/home\/#\/schema\/person\/6b972021e9a92d45ade8c78d81509098","name":"Nacho Corro","image":{"@type":"ImageObject","inLanguage":"es","@id":"https:\/\/secure.gravatar.com\/avatar\/5db6df507cfe1307e192fbb498c6b85f1cf2ffd8b4cd37141b9eea588fcbd5a4?s=96&r=g","url":"https:\/\/secure.gravatar.com\/avatar\/5db6df507cfe1307e192fbb498c6b85f1cf2ffd8b4cd37141b9eea588fcbd5a4?s=96&r=g","contentUrl":"https:\/\/secure.gravatar.com\/avatar\/5db6df507cfe1307e192fbb498c6b85f1cf2ffd8b4cd37141b9eea588fcbd5a4?s=96&r=g","caption":"Nacho Corro"},"description":"Comunicador Social, Periodista y Administraci\u00f3n P\u00fablica. Conversador pol\u00edtico, temas electorales y seguridad. Generador de contenidos digitales. Amante de la fotograf\u00eda","sameAs":["https:\/\/www.facebook.com\/jcorroherrera\/","www.instagram.com\/nachocorro\/","https:\/\/x.com\/Juan Ignacio Corro Herrera"],"url":"https:\/\/agencia.252.com.mx\/home\/author\/i-corro\/"}]}},"_links":{"self":[{"href":"https:\/\/agencia.252.com.mx\/home\/wp-json\/wp\/v2\/posts\/18080","targetHints":{"allow":["GET"]}}],"collection":[{"href":"https:\/\/agencia.252.com.mx\/home\/wp-json\/wp\/v2\/posts"}],"about":[{"href":"https:\/\/agencia.252.com.mx\/home\/wp-json\/wp\/v2\/types\/post"}],"author":[{"embeddable":true,"href":"https:\/\/agencia.252.com.mx\/home\/wp-json\/wp\/v2\/users\/5"}],"replies":[{"embeddable":true,"href":"https:\/\/agencia.252.com.mx\/home\/wp-json\/wp\/v2\/comments?post=18080"}],"version-history":[{"count":1,"href":"https:\/\/agencia.252.com.mx\/home\/wp-json\/wp\/v2\/posts\/18080\/revisions"}],"predecessor-version":[{"id":18082,"href":"https:\/\/agencia.252.com.mx\/home\/wp-json\/wp\/v2\/posts\/18080\/revisions\/18082"}],"wp:featuredmedia":[{"embeddable":true,"href":"https:\/\/agencia.252.com.mx\/home\/wp-json\/wp\/v2\/media\/18081"}],"wp:attachment":[{"href":"https:\/\/agencia.252.com.mx\/home\/wp-json\/wp\/v2\/media?parent=18080"}],"wp:term":[{"taxonomy":"category","embeddable":true,"href":"https:\/\/agencia.252.com.mx\/home\/wp-json\/wp\/v2\/categories?post=18080"},{"taxonomy":"post_tag","embeddable":true,"href":"https:\/\/agencia.252.com.mx\/home\/wp-json\/wp\/v2\/tags?post=18080"}],"curies":[{"name":"wp","href":"https:\/\/api.w.org\/{rel}","templated":true}]}}