{"id":17748,"date":"2026-03-29T19:10:15","date_gmt":"2026-03-30T01:10:15","guid":{"rendered":"https:\/\/agencia.252.com.mx\/home\/?p=17748"},"modified":"2026-03-29T19:10:16","modified_gmt":"2026-03-30T01:10:16","slug":"certificados-agrarios-a-mujeres-campesina-reconoce-a-las-mujeres-como-actoras-fundamentales-en-la-vida-productiva-y-comunitaria","status":"publish","type":"post","link":"https:\/\/agencia.252.com.mx\/home\/certificados-agrarios-a-mujeres-campesina-reconoce-a-las-mujeres-como-actoras-fundamentales-en-la-vida-productiva-y-comunitaria\/","title":{"rendered":"Certificados agrarios a mujeres campesina reconoce a las mujeres como actoras fundamentales en la vida productiva y comunitaria"},"content":{"rendered":"<p>Visitas: 9<\/p>\n<ul class=\"wp-block-list\">\n<li><em>La Jefa de Gobierno destac\u00f3 la entrega de certificados agrarios como acto de justicia hist\u00f3rica para mujeres del campo<\/em><\/li>\n\n\n\n<li><em>En esta capital se impulsa reconocimiento jur\u00eddico de mujeres campesinas como titulares de la tierra<\/em><\/li>\n<\/ul>\n\n\n\n<ul class=\"wp-block-list\">\n<li><em>La secretar\u00eda de las Mujeres anunci\u00f3 la creaci\u00f3n de la cartilla de derechos de mujeres agrarias para fortalecer su acceso a la tierra<\/em><\/li>\n<\/ul>\n\n\n\n<p><em>Juan Ignacio Corro&nbsp;<\/em><\/p>\n\n\n\n<p class=\"has-text-align-right\"><em>Ciudad de M\u00e9xico a 29 de marzo de 2026<\/em><\/p>\n\n\n\n<p>La Jefa de Gobierno, Clara Brugada Molina y la Presidenta de M\u00e9xico, Claudia Sheinbaum Pardo, encabezaron la entrega de 123 certificados agrarios a mujeres campesinas, donde coincidieron en la que se trata de un acto de justicia hist\u00f3rica para reconocer a las mujeres del campo como sujetas de derechos y un avance en la reivindicaci\u00f3n de su papel en la defensa del territorio y la construcci\u00f3n del pa\u00eds.<\/p>\n\n\n\n<p>Durante el encuentro con mujeres del campo, celebrado en el Parque Ecotur\u00edstico Las Maravillas, en la alcald\u00eda Tlalpan, la mandataria capitalina se\u00f1al\u00f3 que marzo es el mes en que se conmemora a las mujeres, sobre todo la lucha que han realizado contra las grandes desigualdades hist\u00f3ricas, por lo que el reconocimiento de las campesinas y la entrega de certificados agrarios representa un acto de justicia que transforma la vida de quienes hist\u00f3ricamente han trabajado la tierra sin ser reconocidas como sus titulares.<\/p>\n\n\n\n<figure class=\"wp-block-image alignright size-medium\"><img fetchpriority=\"high\" decoding=\"async\" width=\"300\" height=\"200\" src=\"https:\/\/agencia.252.com.mx\/wp-content\/uploads\/2026\/03\/WhatsApp-Image-2026-03-29-at-2.45.04-PM-300x200.jpeg\" alt=\"\" class=\"wp-image-17750\" srcset=\"https:\/\/agencia.252.com.mx\/wp-content\/uploads\/2026\/03\/WhatsApp-Image-2026-03-29-at-2.45.04-PM-300x200.jpeg 300w, https:\/\/agencia.252.com.mx\/wp-content\/uploads\/2026\/03\/WhatsApp-Image-2026-03-29-at-2.45.04-PM-1024x683.jpeg 1024w, https:\/\/agencia.252.com.mx\/wp-content\/uploads\/2026\/03\/WhatsApp-Image-2026-03-29-at-2.45.04-PM-768x512.jpeg 768w, https:\/\/agencia.252.com.mx\/wp-content\/uploads\/2026\/03\/WhatsApp-Image-2026-03-29-at-2.45.04-PM.jpeg 1280w\" sizes=\"(max-width: 300px) 100vw, 300px\" \/><\/figure>\n\n\n\n<p>\u201cLleg\u00f3 la hora en que las mujeres del campo sean nombradas. Hoy las reconocemos y lo hacemos tambi\u00e9n jur\u00eddicamente. La tierra tambi\u00e9n es de las mujeres\u201d, afirm\u00f3.<\/p>\n\n\n\n<p>Destac\u00f3 que este avance corrige una desigualdad estructural en el acceso a la propiedad social, donde durante d\u00e9cadas las mujeres fueron relegadas, pese a ser fundamentales en la producci\u00f3n y el cuidado del territorio.&nbsp;<\/p>\n\n\n\n<p>\u201cEs tiempo de reconocer que sin las mujeres campesinas no hay campo, no hay comunidad y no hay vida y hoy lo decimos, con convicci\u00f3n y con justicia: Sin mujeres no hay tierra, sin mujeres no hay pa\u00eds, la tierra tambi\u00e9n es de las mujeres. Que vivan las mujeres campesinas\u00bb, refiri\u00f3.<\/p>\n\n\n\n<p>La titular del Ejecutivo local subray\u00f3 que anteriormente la justicia de tener propiedad social cay\u00f3 en la titularidad de los hombres y releg\u00f3 hist\u00f3ricamente a las mujeres, por lo cual, subray\u00f3 que actualmente son otros tiempos donde hay esperanza de que las cosas cambien y enfatiz\u00f3 que este proceso se inscribe en un momento hist\u00f3rico para el pa\u00eds, marcado por la llegada de la primera mujer a la Presidencia de la Rep\u00fablica, lo que ha permitido visibilizar y reivindicar el papel de las mujeres, tanto en la historia como en la vida p\u00fablica.&nbsp;<\/p>\n\n\n\n<p>\u201cDurante siglos la tierra tuvo nombre de mujer, pero firma de hombre, y a\u00fan as\u00ed no se fueron; durante siglos han sido sembradoras de vida, guardianas del territorio, del agua, del bosque y de la milpa. Como dicen tambi\u00e9n las palabras de las mujeres campesinas: la mujer no s\u00f3lo siembra la tierra, la entiende, sabe cuando el suelo tiene sed y cuando guarda memoria de la lluvia. Sus manos conocen el ritmo de la milpa y su voz nombra a las semillas como si fueran hijas\u201d, afirm\u00f3.<\/p>\n\n\n\n<p>Por su parte, la Presidenta de M\u00e9xico, Claudia Sheinbaum Pardo, destac\u00f3 que la entrega de certificados agrarios a mujeres forma parte de una pol\u00edtica nacional orientada a garantizar su derecho a la propiedad de la tierra y cerrar brechas hist\u00f3ricas en el \u00e1mbito rural. Se\u00f1al\u00f3 que, a la fecha, se han entregado cerca de 30 mil t\u00edtulos a mujeres en todo el pa\u00eds, con la meta de alcanzar 150 mil.<\/p>\n\n\n\n<p>Subray\u00f3 que este esfuerzo reconoce a las mujeres como actoras fundamentales en la vida productiva, comunitaria y en la protecci\u00f3n del suelo de conservaci\u00f3n, al tiempo que reivindica su derecho a ser ejidatarias y comuneras.&nbsp;<\/p>\n\n\n\n<p>Asimismo, reconoci\u00f3 el trabajo de la Jefa de Gobierno para fortalecer el campo y las comunidades en la Ciudad de M\u00e9xico, y reiter\u00f3 que su administraci\u00f3n continuar\u00e1 trabajando de manera coordinada para apoyar a los ejidos y pueblos originarios, as\u00ed como para ampliar los derechos de las mujeres en todo el pa\u00eds.<\/p>\n\n\n\n<p>En ese sentido, enfatiz\u00f3 que M\u00e9xico vive un momento de transformaci\u00f3n en el que, adem\u00e1s de impulsar programas sociales y de bienestar, se avanza en el reconocimiento pleno de los derechos de las mujeres, particularmente en \u00e1mbitos donde hist\u00f3ricamente hab\u00edan sido excluidas, como el acceso a la tierra.<\/p>\n","protected":false},"excerpt":{"rendered":"<p>Visitas: 9 Juan Ignacio Corro&nbsp; Ciudad de M\u00e9xico a 29 de marzo de 2026 La Jefa de Gobierno, Clara Brugada Molina y la Presidenta de M\u00e9xico, Claudia Sheinbaum Pardo, encabezaron la entrega de 123 certificados agrarios a mujeres campesinas, donde coincidieron en la que se trata de un acto de justicia hist\u00f3rica para reconocer a [&hellip;]<\/p>\n","protected":false},"author":5,"featured_media":17751,"comment_status":"open","ping_status":"open","sticky":false,"template":"","format":"standard","meta":{"site-sidebar-layout":"default","site-content-layout":"","ast-site-content-layout":"default","site-content-style":"default","site-sidebar-style":"default","ast-global-header-display":"","ast-banner-title-visibility":"","ast-main-header-display":"","ast-hfb-above-header-display":"","ast-hfb-below-header-display":"","ast-hfb-mobile-header-display":"","site-post-title":"","ast-breadcrumbs-content":"","ast-featured-img":"","footer-sml-layout":"","ast-disable-related-posts":"","theme-transparent-header-meta":"","adv-header-id-meta":"","stick-header-meta":"","header-above-stick-meta":"","header-main-stick-meta":"","header-below-stick-meta":"","astra-migrate-meta-layouts":"set","ast-page-background-enabled":"default","ast-page-background-meta":{"desktop":{"background-color":"var(--ast-global-color-4)","background-image":"","background-repeat":"repeat","background-position":"center center","background-size":"auto","background-attachment":"scroll","background-type":"","background-media":"","overlay-type":"","overlay-color":"","overlay-opacity":"","overlay-gradient":""},"tablet":{"background-color":"","background-image":"","background-repeat":"repeat","background-position":"center center","background-size":"auto","background-attachment":"scroll","background-type":"","background-media":"","overlay-type":"","overlay-color":"","overlay-opacity":"","overlay-gradient":""},"mobile":{"background-color":"","background-image":"","background-repeat":"repeat","background-position":"center center","background-size":"auto","background-attachment":"scroll","background-type":"","background-media":"","overlay-type":"","overlay-color":"","overlay-opacity":"","overlay-gradient":""}},"ast-content-background-meta":{"desktop":{"background-color":"var(--ast-global-color-5)","background-image":"","background-repeat":"repeat","background-position":"center center","background-size":"auto","background-attachment":"scroll","background-type":"","background-media":"","overlay-type":"","overlay-color":"","overlay-opacity":"","overlay-gradient":""},"tablet":{"background-color":"var(--ast-global-color-5)","background-image":"","background-repeat":"repeat","background-position":"center center","background-size":"auto","background-attachment":"scroll","background-type":"","background-media":"","overlay-type":"","overlay-color":"","overlay-opacity":"","overlay-gradient":""},"mobile":{"background-color":"var(--ast-global-color-5)","background-image":"","background-repeat":"repeat","background-position":"center center","background-size":"auto","background-attachment":"scroll","background-type":"","background-media":"","overlay-type":"","overlay-color":"","overlay-opacity":"","overlay-gradient":""}},"footnotes":""},"categories":[69,53,68],"tags":[535],"class_list":["post-17748","post","type-post","status-publish","format-standard","has-post-thumbnail","hentry","category-cdmx","category-mujeres","category-seguridad","tag-cdmx"],"yoast_head":"<!-- This site is optimized with the Yoast SEO plugin v27.4 - https:\/\/yoast.com\/product\/yoast-seo-wordpress\/ -->\n<title>Certificados agrarios a mujeres campesina reconoce a las mujeres como actoras fundamentales en la vida productiva y comunitaria - Agencia252<\/title>\n<meta name=\"robots\" content=\"index, follow, max-snippet:-1, max-image-preview:large, max-video-preview:-1\" \/>\n<link rel=\"canonical\" href=\"https:\/\/agencia.252.com.mx\/home\/certificados-agrarios-a-mujeres-campesina-reconoce-a-las-mujeres-como-actoras-fundamentales-en-la-vida-productiva-y-comunitaria\/\" \/>\n<meta property=\"og:locale\" content=\"es_ES\" \/>\n<meta property=\"og:type\" content=\"article\" \/>\n<meta property=\"og:title\" content=\"Certificados agrarios a mujeres campesina reconoce a las mujeres como actoras fundamentales en la vida productiva y comunitaria - Agencia252\" \/>\n<meta property=\"og:description\" content=\"Visitas: 9 Juan Ignacio Corro&nbsp; Ciudad de M\u00e9xico a 29 de marzo de 2026 La Jefa de Gobierno, Clara Brugada Molina y la Presidenta de M\u00e9xico, Claudia Sheinbaum Pardo, encabezaron la entrega de 123 certificados agrarios a mujeres campesinas, donde coincidieron en la que se trata de un acto de justicia hist\u00f3rica para reconocer a [&hellip;]\" \/>\n<meta property=\"og:url\" content=\"https:\/\/agencia.252.com.mx\/home\/certificados-agrarios-a-mujeres-campesina-reconoce-a-las-mujeres-como-actoras-fundamentales-en-la-vida-productiva-y-comunitaria\/\" \/>\n<meta property=\"og:site_name\" content=\"Agencia252\" \/>\n<meta property=\"article:publisher\" content=\"https:\/\/www.facebook.com\/252Comunicacion\/\" \/>\n<meta property=\"article:author\" content=\"https:\/\/www.facebook.com\/jcorroherrera\/\" \/>\n<meta property=\"article:published_time\" content=\"2026-03-30T01:10:15+00:00\" \/>\n<meta property=\"article:modified_time\" content=\"2026-03-30T01:10:16+00:00\" \/>\n<meta property=\"og:image\" content=\"http:\/\/agencia.252.com.mx\/wp-content\/uploads\/2026\/03\/WhatsApp-Image-2026-03-29-at-2.45.05-PM.jpeg\" \/>\n\t<meta property=\"og:image:width\" content=\"1280\" \/>\n\t<meta property=\"og:image:height\" content=\"854\" \/>\n\t<meta property=\"og:image:type\" content=\"image\/jpeg\" \/>\n<meta name=\"author\" content=\"Nacho Corro\" \/>\n<meta name=\"twitter:card\" content=\"summary_large_image\" \/>\n<meta name=\"twitter:creator\" content=\"@Juan Ignacio Corro Herrera\" \/>\n<meta name=\"twitter:site\" content=\"@252COMS\" \/>\n<meta name=\"twitter:label1\" content=\"Escrito por\" \/>\n\t<meta name=\"twitter:data1\" content=\"Nacho Corro\" \/>\n\t<meta name=\"twitter:label2\" content=\"Tiempo de lectura\" \/>\n\t<meta name=\"twitter:data2\" content=\"4 minutos\" \/>\n<script type=\"application\/ld+json\" class=\"yoast-schema-graph\">{\"@context\":\"https:\\\/\\\/schema.org\",\"@graph\":[{\"@type\":\"Article\",\"@id\":\"https:\\\/\\\/agencia.252.com.mx\\\/home\\\/certificados-agrarios-a-mujeres-campesina-reconoce-a-las-mujeres-como-actoras-fundamentales-en-la-vida-productiva-y-comunitaria\\\/#article\",\"isPartOf\":{\"@id\":\"https:\\\/\\\/agencia.252.com.mx\\\/home\\\/certificados-agrarios-a-mujeres-campesina-reconoce-a-las-mujeres-como-actoras-fundamentales-en-la-vida-productiva-y-comunitaria\\\/\"},\"author\":{\"name\":\"Nacho Corro\",\"@id\":\"https:\\\/\\\/agencia.252.com.mx\\\/home\\\/#\\\/schema\\\/person\\\/6b972021e9a92d45ade8c78d81509098\"},\"headline\":\"Certificados agrarios a mujeres campesina reconoce a las mujeres como actoras fundamentales en la vida productiva y comunitaria\",\"datePublished\":\"2026-03-30T01:10:15+00:00\",\"dateModified\":\"2026-03-30T01:10:16+00:00\",\"mainEntityOfPage\":{\"@id\":\"https:\\\/\\\/agencia.252.com.mx\\\/home\\\/certificados-agrarios-a-mujeres-campesina-reconoce-a-las-mujeres-como-actoras-fundamentales-en-la-vida-productiva-y-comunitaria\\\/\"},\"wordCount\":780,\"commentCount\":0,\"publisher\":{\"@id\":\"https:\\\/\\\/agencia.252.com.mx\\\/home\\\/#organization\"},\"image\":{\"@id\":\"https:\\\/\\\/agencia.252.com.mx\\\/home\\\/certificados-agrarios-a-mujeres-campesina-reconoce-a-las-mujeres-como-actoras-fundamentales-en-la-vida-productiva-y-comunitaria\\\/#primaryimage\"},\"thumbnailUrl\":\"https:\\\/\\\/agencia.252.com.mx\\\/wp-content\\\/uploads\\\/2026\\\/03\\\/WhatsApp-Image-2026-03-29-at-2.45.05-PM.jpeg\",\"keywords\":[\"CDMX\"],\"articleSection\":[\"CDMX\",\"Mujeres\",\"Seguridad\"],\"inLanguage\":\"es\",\"potentialAction\":[{\"@type\":\"CommentAction\",\"name\":\"Comment\",\"target\":[\"https:\\\/\\\/agencia.252.com.mx\\\/home\\\/certificados-agrarios-a-mujeres-campesina-reconoce-a-las-mujeres-como-actoras-fundamentales-en-la-vida-productiva-y-comunitaria\\\/#respond\"]}]},{\"@type\":\"WebPage\",\"@id\":\"https:\\\/\\\/agencia.252.com.mx\\\/home\\\/certificados-agrarios-a-mujeres-campesina-reconoce-a-las-mujeres-como-actoras-fundamentales-en-la-vida-productiva-y-comunitaria\\\/\",\"url\":\"https:\\\/\\\/agencia.252.com.mx\\\/home\\\/certificados-agrarios-a-mujeres-campesina-reconoce-a-las-mujeres-como-actoras-fundamentales-en-la-vida-productiva-y-comunitaria\\\/\",\"name\":\"Certificados agrarios a mujeres campesina reconoce a las mujeres como actoras fundamentales en la vida productiva y comunitaria - Agencia252\",\"isPartOf\":{\"@id\":\"https:\\\/\\\/agencia.252.com.mx\\\/home\\\/#website\"},\"primaryImageOfPage\":{\"@id\":\"https:\\\/\\\/agencia.252.com.mx\\\/home\\\/certificados-agrarios-a-mujeres-campesina-reconoce-a-las-mujeres-como-actoras-fundamentales-en-la-vida-productiva-y-comunitaria\\\/#primaryimage\"},\"image\":{\"@id\":\"https:\\\/\\\/agencia.252.com.mx\\\/home\\\/certificados-agrarios-a-mujeres-campesina-reconoce-a-las-mujeres-como-actoras-fundamentales-en-la-vida-productiva-y-comunitaria\\\/#primaryimage\"},\"thumbnailUrl\":\"https:\\\/\\\/agencia.252.com.mx\\\/wp-content\\\/uploads\\\/2026\\\/03\\\/WhatsApp-Image-2026-03-29-at-2.45.05-PM.jpeg\",\"datePublished\":\"2026-03-30T01:10:15+00:00\",\"dateModified\":\"2026-03-30T01:10:16+00:00\",\"breadcrumb\":{\"@id\":\"https:\\\/\\\/agencia.252.com.mx\\\/home\\\/certificados-agrarios-a-mujeres-campesina-reconoce-a-las-mujeres-como-actoras-fundamentales-en-la-vida-productiva-y-comunitaria\\\/#breadcrumb\"},\"inLanguage\":\"es\",\"potentialAction\":[{\"@type\":\"ReadAction\",\"target\":[\"https:\\\/\\\/agencia.252.com.mx\\\/home\\\/certificados-agrarios-a-mujeres-campesina-reconoce-a-las-mujeres-como-actoras-fundamentales-en-la-vida-productiva-y-comunitaria\\\/\"]}]},{\"@type\":\"ImageObject\",\"inLanguage\":\"es\",\"@id\":\"https:\\\/\\\/agencia.252.com.mx\\\/home\\\/certificados-agrarios-a-mujeres-campesina-reconoce-a-las-mujeres-como-actoras-fundamentales-en-la-vida-productiva-y-comunitaria\\\/#primaryimage\",\"url\":\"https:\\\/\\\/agencia.252.com.mx\\\/wp-content\\\/uploads\\\/2026\\\/03\\\/WhatsApp-Image-2026-03-29-at-2.45.05-PM.jpeg\",\"contentUrl\":\"https:\\\/\\\/agencia.252.com.mx\\\/wp-content\\\/uploads\\\/2026\\\/03\\\/WhatsApp-Image-2026-03-29-at-2.45.05-PM.jpeg\",\"width\":1280,\"height\":854},{\"@type\":\"BreadcrumbList\",\"@id\":\"https:\\\/\\\/agencia.252.com.mx\\\/home\\\/certificados-agrarios-a-mujeres-campesina-reconoce-a-las-mujeres-como-actoras-fundamentales-en-la-vida-productiva-y-comunitaria\\\/#breadcrumb\",\"itemListElement\":[{\"@type\":\"ListItem\",\"position\":1,\"name\":\"Portada\",\"item\":\"https:\\\/\\\/agencia.252.com.mx\\\/home\\\/\"},{\"@type\":\"ListItem\",\"position\":2,\"name\":\"Certificados agrarios a mujeres campesina reconoce a las mujeres como actoras fundamentales en la vida productiva y comunitaria\"}]},{\"@type\":\"WebSite\",\"@id\":\"https:\\\/\\\/agencia.252.com.mx\\\/home\\\/#website\",\"url\":\"https:\\\/\\\/agencia.252.com.mx\\\/home\\\/\",\"name\":\"Agencia252\",\"description\":\"Tu espacio en la Red\",\"publisher\":{\"@id\":\"https:\\\/\\\/agencia.252.com.mx\\\/home\\\/#organization\"},\"potentialAction\":[{\"@type\":\"SearchAction\",\"target\":{\"@type\":\"EntryPoint\",\"urlTemplate\":\"https:\\\/\\\/agencia.252.com.mx\\\/home\\\/?s={search_term_string}\"},\"query-input\":{\"@type\":\"PropertyValueSpecification\",\"valueRequired\":true,\"valueName\":\"search_term_string\"}}],\"inLanguage\":\"es\"},{\"@type\":\"Organization\",\"@id\":\"https:\\\/\\\/agencia.252.com.mx\\\/home\\\/#organization\",\"name\":\"Agencia252\",\"url\":\"https:\\\/\\\/agencia.252.com.mx\\\/home\\\/\",\"logo\":{\"@type\":\"ImageObject\",\"inLanguage\":\"es\",\"@id\":\"https:\\\/\\\/agencia.252.com.mx\\\/home\\\/#\\\/schema\\\/logo\\\/image\\\/\",\"url\":\"https:\\\/\\\/agencia.252.com.mx\\\/wp-content\\\/uploads\\\/2023\\\/02\\\/cropped-ciruclo-agencia-e1677562404136.png\",\"contentUrl\":\"https:\\\/\\\/agencia.252.com.mx\\\/wp-content\\\/uploads\\\/2023\\\/02\\\/cropped-ciruclo-agencia-e1677562404136.png\",\"width\":512,\"height\":512,\"caption\":\"Agencia252\"},\"image\":{\"@id\":\"https:\\\/\\\/agencia.252.com.mx\\\/home\\\/#\\\/schema\\\/logo\\\/image\\\/\"},\"sameAs\":[\"https:\\\/\\\/www.facebook.com\\\/252Comunicacion\\\/\",\"https:\\\/\\\/x.com\\\/252COMS\"]},{\"@type\":\"Person\",\"@id\":\"https:\\\/\\\/agencia.252.com.mx\\\/home\\\/#\\\/schema\\\/person\\\/6b972021e9a92d45ade8c78d81509098\",\"name\":\"Nacho Corro\",\"image\":{\"@type\":\"ImageObject\",\"inLanguage\":\"es\",\"@id\":\"https:\\\/\\\/secure.gravatar.com\\\/avatar\\\/5db6df507cfe1307e192fbb498c6b85f1cf2ffd8b4cd37141b9eea588fcbd5a4?s=96&r=g\",\"url\":\"https:\\\/\\\/secure.gravatar.com\\\/avatar\\\/5db6df507cfe1307e192fbb498c6b85f1cf2ffd8b4cd37141b9eea588fcbd5a4?s=96&r=g\",\"contentUrl\":\"https:\\\/\\\/secure.gravatar.com\\\/avatar\\\/5db6df507cfe1307e192fbb498c6b85f1cf2ffd8b4cd37141b9eea588fcbd5a4?s=96&r=g\",\"caption\":\"Nacho Corro\"},\"description\":\"Comunicador Social, Periodista y Administraci\u00f3n P\u00fablica. Conversador pol\u00edtico, temas electorales y seguridad. Generador de contenidos digitales. Amante de la fotograf\u00eda\",\"sameAs\":[\"https:\\\/\\\/www.facebook.com\\\/jcorroherrera\\\/\",\"www.instagram.com\\\/nachocorro\\\/\",\"https:\\\/\\\/x.com\\\/Juan Ignacio Corro Herrera\"],\"url\":\"https:\\\/\\\/agencia.252.com.mx\\\/home\\\/author\\\/i-corro\\\/\"}]}<\/script>\n<!-- \/ Yoast SEO plugin. -->","yoast_head_json":{"title":"Certificados agrarios a mujeres campesina reconoce a las mujeres como actoras fundamentales en la vida productiva y comunitaria - Agencia252","robots":{"index":"index","follow":"follow","max-snippet":"max-snippet:-1","max-image-preview":"max-image-preview:large","max-video-preview":"max-video-preview:-1"},"canonical":"https:\/\/agencia.252.com.mx\/home\/certificados-agrarios-a-mujeres-campesina-reconoce-a-las-mujeres-como-actoras-fundamentales-en-la-vida-productiva-y-comunitaria\/","og_locale":"es_ES","og_type":"article","og_title":"Certificados agrarios a mujeres campesina reconoce a las mujeres como actoras fundamentales en la vida productiva y comunitaria - Agencia252","og_description":"Visitas: 9 Juan Ignacio Corro&nbsp; Ciudad de M\u00e9xico a 29 de marzo de 2026 La Jefa de Gobierno, Clara Brugada Molina y la Presidenta de M\u00e9xico, Claudia Sheinbaum Pardo, encabezaron la entrega de 123 certificados agrarios a mujeres campesinas, donde coincidieron en la que se trata de un acto de justicia hist\u00f3rica para reconocer a [&hellip;]","og_url":"https:\/\/agencia.252.com.mx\/home\/certificados-agrarios-a-mujeres-campesina-reconoce-a-las-mujeres-como-actoras-fundamentales-en-la-vida-productiva-y-comunitaria\/","og_site_name":"Agencia252","article_publisher":"https:\/\/www.facebook.com\/252Comunicacion\/","article_author":"https:\/\/www.facebook.com\/jcorroherrera\/","article_published_time":"2026-03-30T01:10:15+00:00","article_modified_time":"2026-03-30T01:10:16+00:00","og_image":[{"width":1280,"height":854,"url":"http:\/\/agencia.252.com.mx\/wp-content\/uploads\/2026\/03\/WhatsApp-Image-2026-03-29-at-2.45.05-PM.jpeg","type":"image\/jpeg"}],"author":"Nacho Corro","twitter_card":"summary_large_image","twitter_creator":"@Juan Ignacio Corro Herrera","twitter_site":"@252COMS","twitter_misc":{"Escrito por":"Nacho Corro","Tiempo de lectura":"4 minutos"},"schema":{"@context":"https:\/\/schema.org","@graph":[{"@type":"Article","@id":"https:\/\/agencia.252.com.mx\/home\/certificados-agrarios-a-mujeres-campesina-reconoce-a-las-mujeres-como-actoras-fundamentales-en-la-vida-productiva-y-comunitaria\/#article","isPartOf":{"@id":"https:\/\/agencia.252.com.mx\/home\/certificados-agrarios-a-mujeres-campesina-reconoce-a-las-mujeres-como-actoras-fundamentales-en-la-vida-productiva-y-comunitaria\/"},"author":{"name":"Nacho Corro","@id":"https:\/\/agencia.252.com.mx\/home\/#\/schema\/person\/6b972021e9a92d45ade8c78d81509098"},"headline":"Certificados agrarios a mujeres campesina reconoce a las mujeres como actoras fundamentales en la vida productiva y comunitaria","datePublished":"2026-03-30T01:10:15+00:00","dateModified":"2026-03-30T01:10:16+00:00","mainEntityOfPage":{"@id":"https:\/\/agencia.252.com.mx\/home\/certificados-agrarios-a-mujeres-campesina-reconoce-a-las-mujeres-como-actoras-fundamentales-en-la-vida-productiva-y-comunitaria\/"},"wordCount":780,"commentCount":0,"publisher":{"@id":"https:\/\/agencia.252.com.mx\/home\/#organization"},"image":{"@id":"https:\/\/agencia.252.com.mx\/home\/certificados-agrarios-a-mujeres-campesina-reconoce-a-las-mujeres-como-actoras-fundamentales-en-la-vida-productiva-y-comunitaria\/#primaryimage"},"thumbnailUrl":"https:\/\/agencia.252.com.mx\/wp-content\/uploads\/2026\/03\/WhatsApp-Image-2026-03-29-at-2.45.05-PM.jpeg","keywords":["CDMX"],"articleSection":["CDMX","Mujeres","Seguridad"],"inLanguage":"es","potentialAction":[{"@type":"CommentAction","name":"Comment","target":["https:\/\/agencia.252.com.mx\/home\/certificados-agrarios-a-mujeres-campesina-reconoce-a-las-mujeres-como-actoras-fundamentales-en-la-vida-productiva-y-comunitaria\/#respond"]}]},{"@type":"WebPage","@id":"https:\/\/agencia.252.com.mx\/home\/certificados-agrarios-a-mujeres-campesina-reconoce-a-las-mujeres-como-actoras-fundamentales-en-la-vida-productiva-y-comunitaria\/","url":"https:\/\/agencia.252.com.mx\/home\/certificados-agrarios-a-mujeres-campesina-reconoce-a-las-mujeres-como-actoras-fundamentales-en-la-vida-productiva-y-comunitaria\/","name":"Certificados agrarios a mujeres campesina reconoce a las mujeres como actoras fundamentales en la vida productiva y comunitaria - Agencia252","isPartOf":{"@id":"https:\/\/agencia.252.com.mx\/home\/#website"},"primaryImageOfPage":{"@id":"https:\/\/agencia.252.com.mx\/home\/certificados-agrarios-a-mujeres-campesina-reconoce-a-las-mujeres-como-actoras-fundamentales-en-la-vida-productiva-y-comunitaria\/#primaryimage"},"image":{"@id":"https:\/\/agencia.252.com.mx\/home\/certificados-agrarios-a-mujeres-campesina-reconoce-a-las-mujeres-como-actoras-fundamentales-en-la-vida-productiva-y-comunitaria\/#primaryimage"},"thumbnailUrl":"https:\/\/agencia.252.com.mx\/wp-content\/uploads\/2026\/03\/WhatsApp-Image-2026-03-29-at-2.45.05-PM.jpeg","datePublished":"2026-03-30T01:10:15+00:00","dateModified":"2026-03-30T01:10:16+00:00","breadcrumb":{"@id":"https:\/\/agencia.252.com.mx\/home\/certificados-agrarios-a-mujeres-campesina-reconoce-a-las-mujeres-como-actoras-fundamentales-en-la-vida-productiva-y-comunitaria\/#breadcrumb"},"inLanguage":"es","potentialAction":[{"@type":"ReadAction","target":["https:\/\/agencia.252.com.mx\/home\/certificados-agrarios-a-mujeres-campesina-reconoce-a-las-mujeres-como-actoras-fundamentales-en-la-vida-productiva-y-comunitaria\/"]}]},{"@type":"ImageObject","inLanguage":"es","@id":"https:\/\/agencia.252.com.mx\/home\/certificados-agrarios-a-mujeres-campesina-reconoce-a-las-mujeres-como-actoras-fundamentales-en-la-vida-productiva-y-comunitaria\/#primaryimage","url":"https:\/\/agencia.252.com.mx\/wp-content\/uploads\/2026\/03\/WhatsApp-Image-2026-03-29-at-2.45.05-PM.jpeg","contentUrl":"https:\/\/agencia.252.com.mx\/wp-content\/uploads\/2026\/03\/WhatsApp-Image-2026-03-29-at-2.45.05-PM.jpeg","width":1280,"height":854},{"@type":"BreadcrumbList","@id":"https:\/\/agencia.252.com.mx\/home\/certificados-agrarios-a-mujeres-campesina-reconoce-a-las-mujeres-como-actoras-fundamentales-en-la-vida-productiva-y-comunitaria\/#breadcrumb","itemListElement":[{"@type":"ListItem","position":1,"name":"Portada","item":"https:\/\/agencia.252.com.mx\/home\/"},{"@type":"ListItem","position":2,"name":"Certificados agrarios a mujeres campesina reconoce a las mujeres como actoras fundamentales en la vida productiva y comunitaria"}]},{"@type":"WebSite","@id":"https:\/\/agencia.252.com.mx\/home\/#website","url":"https:\/\/agencia.252.com.mx\/home\/","name":"Agencia252","description":"Tu espacio en la Red","publisher":{"@id":"https:\/\/agencia.252.com.mx\/home\/#organization"},"potentialAction":[{"@type":"SearchAction","target":{"@type":"EntryPoint","urlTemplate":"https:\/\/agencia.252.com.mx\/home\/?s={search_term_string}"},"query-input":{"@type":"PropertyValueSpecification","valueRequired":true,"valueName":"search_term_string"}}],"inLanguage":"es"},{"@type":"Organization","@id":"https:\/\/agencia.252.com.mx\/home\/#organization","name":"Agencia252","url":"https:\/\/agencia.252.com.mx\/home\/","logo":{"@type":"ImageObject","inLanguage":"es","@id":"https:\/\/agencia.252.com.mx\/home\/#\/schema\/logo\/image\/","url":"https:\/\/agencia.252.com.mx\/wp-content\/uploads\/2023\/02\/cropped-ciruclo-agencia-e1677562404136.png","contentUrl":"https:\/\/agencia.252.com.mx\/wp-content\/uploads\/2023\/02\/cropped-ciruclo-agencia-e1677562404136.png","width":512,"height":512,"caption":"Agencia252"},"image":{"@id":"https:\/\/agencia.252.com.mx\/home\/#\/schema\/logo\/image\/"},"sameAs":["https:\/\/www.facebook.com\/252Comunicacion\/","https:\/\/x.com\/252COMS"]},{"@type":"Person","@id":"https:\/\/agencia.252.com.mx\/home\/#\/schema\/person\/6b972021e9a92d45ade8c78d81509098","name":"Nacho Corro","image":{"@type":"ImageObject","inLanguage":"es","@id":"https:\/\/secure.gravatar.com\/avatar\/5db6df507cfe1307e192fbb498c6b85f1cf2ffd8b4cd37141b9eea588fcbd5a4?s=96&r=g","url":"https:\/\/secure.gravatar.com\/avatar\/5db6df507cfe1307e192fbb498c6b85f1cf2ffd8b4cd37141b9eea588fcbd5a4?s=96&r=g","contentUrl":"https:\/\/secure.gravatar.com\/avatar\/5db6df507cfe1307e192fbb498c6b85f1cf2ffd8b4cd37141b9eea588fcbd5a4?s=96&r=g","caption":"Nacho Corro"},"description":"Comunicador Social, Periodista y Administraci\u00f3n P\u00fablica. Conversador pol\u00edtico, temas electorales y seguridad. Generador de contenidos digitales. Amante de la fotograf\u00eda","sameAs":["https:\/\/www.facebook.com\/jcorroherrera\/","www.instagram.com\/nachocorro\/","https:\/\/x.com\/Juan Ignacio Corro Herrera"],"url":"https:\/\/agencia.252.com.mx\/home\/author\/i-corro\/"}]}},"_links":{"self":[{"href":"https:\/\/agencia.252.com.mx\/home\/wp-json\/wp\/v2\/posts\/17748","targetHints":{"allow":["GET"]}}],"collection":[{"href":"https:\/\/agencia.252.com.mx\/home\/wp-json\/wp\/v2\/posts"}],"about":[{"href":"https:\/\/agencia.252.com.mx\/home\/wp-json\/wp\/v2\/types\/post"}],"author":[{"embeddable":true,"href":"https:\/\/agencia.252.com.mx\/home\/wp-json\/wp\/v2\/users\/5"}],"replies":[{"embeddable":true,"href":"https:\/\/agencia.252.com.mx\/home\/wp-json\/wp\/v2\/comments?post=17748"}],"version-history":[{"count":1,"href":"https:\/\/agencia.252.com.mx\/home\/wp-json\/wp\/v2\/posts\/17748\/revisions"}],"predecessor-version":[{"id":17752,"href":"https:\/\/agencia.252.com.mx\/home\/wp-json\/wp\/v2\/posts\/17748\/revisions\/17752"}],"wp:featuredmedia":[{"embeddable":true,"href":"https:\/\/agencia.252.com.mx\/home\/wp-json\/wp\/v2\/media\/17751"}],"wp:attachment":[{"href":"https:\/\/agencia.252.com.mx\/home\/wp-json\/wp\/v2\/media?parent=17748"}],"wp:term":[{"taxonomy":"category","embeddable":true,"href":"https:\/\/agencia.252.com.mx\/home\/wp-json\/wp\/v2\/categories?post=17748"},{"taxonomy":"post_tag","embeddable":true,"href":"https:\/\/agencia.252.com.mx\/home\/wp-json\/wp\/v2\/tags?post=17748"}],"curies":[{"name":"wp","href":"https:\/\/api.w.org\/{rel}","templated":true}]}}