{"id":17740,"date":"2026-03-29T14:39:32","date_gmt":"2026-03-29T20:39:32","guid":{"rendered":"https:\/\/agencia.252.com.mx\/home\/?p=17740"},"modified":"2026-03-29T14:39:33","modified_gmt":"2026-03-29T20:39:33","slug":"con-iluminacion-y-senalamientos-se-agilira-el-transito-en-periferico-norte","status":"publish","type":"post","link":"https:\/\/agencia.252.com.mx\/home\/con-iluminacion-y-senalamientos-se-agilira-el-transito-en-periferico-norte\/","title":{"rendered":"Con iluminaci\u00f3n y se\u00f1alamientos se agilir\u00e1 el tr\u00e1nsito en Perif\u00e9rico norte\u00a0"},"content":{"rendered":"<p>Visitas: 7<\/p>\n<ul class=\"wp-block-list\">\n<li><em>Las labores de balizamiento ayudan a delimitar carriles, indicar salidas, curvas, velocidad y aumentar la visibilidad en beneficio de m\u00e1s de 200 mil conductores diarios.<\/em><\/li>\n<\/ul>\n\n\n\n<p>Juan Ignacio Corro&nbsp;<\/p>\n\n\n\n<p class=\"has-text-align-right\">Naucalpan, Estado de M\u00e9xico, a 29 de marzo de 2026<\/p>\n\n\n\n<p>Como parte de la reconstrucci\u00f3n integral del Perif\u00e9rico Norte, se contemplan acciones de balizamiento con el objetivo de agilizar el tr\u00e1nsito, delimitar carriles, se\u00f1alar salidas y aumentar la visibilidad para la prevenci\u00f3n de accidentes, en beneficio de mas de 200 mil automovilistas que circulan por esta zona.<\/p>\n\n\n\n<p>Joel Gonz\u00e1lez Toral, Director General de la Junta de Caminos del Estado de M\u00e9xico, detall\u00f3 que se esta haciendo un cambio total en la imagen, inclusive los captafaros que van en los triblocks, el tema de los reflectores que lleva y que va a dar un tema de iluminaci\u00f3n, \u201cya que tambi\u00e9n estamos haciendo cambio de las luminarias que comprende el Perif\u00e9rico en sus 108 kil\u00f3metros\u201d.<\/p>\n\n\n\n<p>Entre los dispositivos reflectantes para procurar un tr\u00e1nsito ordenado de d\u00eda y noche, afirm\u00f3 que se toman en cuenta aspectos importantes como los se\u00f1alamientos para advertir las curvas y la velocidad \u00f3ptima para circular por la v\u00eda.<\/p>\n\n\n\n<p>\u201cEl tema de la velocidad restrictiva, que es el l\u00edmite y la velocidad de proyecto, los 80 kil\u00f3metros lo vamos inclusive a balizar tambi\u00e9n en el pavimento para que la gente lo observe y que tengan cuidado tambi\u00e9n al circular, que es un tema de seguridad\u201d, detall\u00f3.&nbsp;<\/p>\n\n\n\n<p>Estas acciones que velan por la tranquilidad de los usuarios de la v\u00eda, quienes adem\u00e1s podr\u00e1n disminuir los tiempos de traslado, mejoran tambi\u00e9n la imagen urbana con la atenci\u00f3n a la jardiner\u00eda en los tramos con zonas verdes y la mejora de puentes peatonales.<\/p>\n\n\n\n<p>El funcionario resalt\u00f3 los trabajos de desazolve, en coordinaci\u00f3n con la Comisi\u00f3n de Agua del Estado de M\u00e9xico (CAEM) y municipios, que contribuyen al mantenimiento y duraci\u00f3n de la infraestructura de esta importante arteria vial para evitar el maltrato del asfalto nuevo que se est\u00e1 colocando en la superficie de rodamiento.<\/p>\n\n\n\n<p>Finalmente agradeci\u00f3 la paciencia de los conductores con las obras de reconstrucci\u00f3n con jornadas nocturnas y diurnas con la finalidad de hacer la entrega; asimismo hizo un llamado a la ciudadan\u00eda a cuidar esta obra para mantenerla en buenas condiciones y no tirar basura.<\/p>\n","protected":false},"excerpt":{"rendered":"<p>Visitas: 7 Juan Ignacio Corro&nbsp; Naucalpan, Estado de M\u00e9xico, a 29 de marzo de 2026 Como parte de la reconstrucci\u00f3n integral del Perif\u00e9rico Norte, se contemplan acciones de balizamiento con el objetivo de agilizar el tr\u00e1nsito, delimitar carriles, se\u00f1alar salidas y aumentar la visibilidad para la prevenci\u00f3n de accidentes, en beneficio de mas de 200 [&hellip;]<\/p>\n","protected":false},"author":5,"featured_media":17741,"comment_status":"open","ping_status":"open","sticky":false,"template":"","format":"standard","meta":{"site-sidebar-layout":"default","site-content-layout":"","ast-site-content-layout":"default","site-content-style":"default","site-sidebar-style":"default","ast-global-header-display":"","ast-banner-title-visibility":"","ast-main-header-display":"","ast-hfb-above-header-display":"","ast-hfb-below-header-display":"","ast-hfb-mobile-header-display":"","site-post-title":"","ast-breadcrumbs-content":"","ast-featured-img":"","footer-sml-layout":"","ast-disable-related-posts":"","theme-transparent-header-meta":"","adv-header-id-meta":"","stick-header-meta":"","header-above-stick-meta":"","header-main-stick-meta":"","header-below-stick-meta":"","astra-migrate-meta-layouts":"set","ast-page-background-enabled":"default","ast-page-background-meta":{"desktop":{"background-color":"var(--ast-global-color-4)","background-image":"","background-repeat":"repeat","background-position":"center center","background-size":"auto","background-attachment":"scroll","background-type":"","background-media":"","overlay-type":"","overlay-color":"","overlay-opacity":"","overlay-gradient":""},"tablet":{"background-color":"","background-image":"","background-repeat":"repeat","background-position":"center center","background-size":"auto","background-attachment":"scroll","background-type":"","background-media":"","overlay-type":"","overlay-color":"","overlay-opacity":"","overlay-gradient":""},"mobile":{"background-color":"","background-image":"","background-repeat":"repeat","background-position":"center center","background-size":"auto","background-attachment":"scroll","background-type":"","background-media":"","overlay-type":"","overlay-color":"","overlay-opacity":"","overlay-gradient":""}},"ast-content-background-meta":{"desktop":{"background-color":"var(--ast-global-color-5)","background-image":"","background-repeat":"repeat","background-position":"center center","background-size":"auto","background-attachment":"scroll","background-type":"","background-media":"","overlay-type":"","overlay-color":"","overlay-opacity":"","overlay-gradient":""},"tablet":{"background-color":"var(--ast-global-color-5)","background-image":"","background-repeat":"repeat","background-position":"center center","background-size":"auto","background-attachment":"scroll","background-type":"","background-media":"","overlay-type":"","overlay-color":"","overlay-opacity":"","overlay-gradient":""},"mobile":{"background-color":"var(--ast-global-color-5)","background-image":"","background-repeat":"repeat","background-position":"center center","background-size":"auto","background-attachment":"scroll","background-type":"","background-media":"","overlay-type":"","overlay-color":"","overlay-opacity":"","overlay-gradient":""}},"footnotes":""},"categories":[8,512,68],"tags":[526],"class_list":["post-17740","post","type-post","status-publish","format-standard","has-post-thumbnail","hentry","category-edomex","category-metropoli","category-seguridad","tag-edomex"],"yoast_head":"<!-- This site is optimized with the Yoast SEO plugin v27.4 - https:\/\/yoast.com\/product\/yoast-seo-wordpress\/ -->\n<title>Con iluminaci\u00f3n y se\u00f1alamientos se agilir\u00e1 el tr\u00e1nsito en Perif\u00e9rico norte\u00a0 - Agencia252<\/title>\n<meta name=\"robots\" content=\"index, follow, max-snippet:-1, max-image-preview:large, max-video-preview:-1\" \/>\n<link rel=\"canonical\" href=\"https:\/\/agencia.252.com.mx\/home\/con-iluminacion-y-senalamientos-se-agilira-el-transito-en-periferico-norte\/\" \/>\n<meta property=\"og:locale\" content=\"es_ES\" \/>\n<meta property=\"og:type\" content=\"article\" \/>\n<meta property=\"og:title\" content=\"Con iluminaci\u00f3n y se\u00f1alamientos se agilir\u00e1 el tr\u00e1nsito en Perif\u00e9rico norte\u00a0 - Agencia252\" \/>\n<meta property=\"og:description\" content=\"Visitas: 7 Juan Ignacio Corro&nbsp; Naucalpan, Estado de M\u00e9xico, a 29 de marzo de 2026 Como parte de la reconstrucci\u00f3n integral del Perif\u00e9rico Norte, se contemplan acciones de balizamiento con el objetivo de agilizar el tr\u00e1nsito, delimitar carriles, se\u00f1alar salidas y aumentar la visibilidad para la prevenci\u00f3n de accidentes, en beneficio de mas de 200 [&hellip;]\" \/>\n<meta property=\"og:url\" content=\"https:\/\/agencia.252.com.mx\/home\/con-iluminacion-y-senalamientos-se-agilira-el-transito-en-periferico-norte\/\" \/>\n<meta property=\"og:site_name\" content=\"Agencia252\" \/>\n<meta property=\"article:publisher\" content=\"https:\/\/www.facebook.com\/252Comunicacion\/\" \/>\n<meta property=\"article:author\" content=\"https:\/\/www.facebook.com\/jcorroherrera\/\" \/>\n<meta property=\"article:published_time\" content=\"2026-03-29T20:39:32+00:00\" \/>\n<meta property=\"article:modified_time\" content=\"2026-03-29T20:39:33+00:00\" \/>\n<meta property=\"og:image\" content=\"http:\/\/agencia.252.com.mx\/wp-content\/uploads\/2026\/03\/w2_14048_3.jpeg\" \/>\n\t<meta property=\"og:image:width\" content=\"1600\" \/>\n\t<meta property=\"og:image:height\" content=\"1066\" \/>\n\t<meta property=\"og:image:type\" content=\"image\/jpeg\" \/>\n<meta name=\"author\" content=\"Nacho Corro\" \/>\n<meta name=\"twitter:card\" content=\"summary_large_image\" \/>\n<meta name=\"twitter:creator\" content=\"@Juan Ignacio Corro Herrera\" \/>\n<meta name=\"twitter:site\" content=\"@252COMS\" \/>\n<meta name=\"twitter:label1\" content=\"Escrito por\" \/>\n\t<meta name=\"twitter:data1\" content=\"Nacho Corro\" \/>\n\t<meta name=\"twitter:label2\" content=\"Tiempo de lectura\" \/>\n\t<meta name=\"twitter:data2\" content=\"2 minutos\" \/>\n<script type=\"application\/ld+json\" class=\"yoast-schema-graph\">{\"@context\":\"https:\\\/\\\/schema.org\",\"@graph\":[{\"@type\":\"Article\",\"@id\":\"https:\\\/\\\/agencia.252.com.mx\\\/home\\\/con-iluminacion-y-senalamientos-se-agilira-el-transito-en-periferico-norte\\\/#article\",\"isPartOf\":{\"@id\":\"https:\\\/\\\/agencia.252.com.mx\\\/home\\\/con-iluminacion-y-senalamientos-se-agilira-el-transito-en-periferico-norte\\\/\"},\"author\":{\"name\":\"Nacho Corro\",\"@id\":\"https:\\\/\\\/agencia.252.com.mx\\\/home\\\/#\\\/schema\\\/person\\\/6b972021e9a92d45ade8c78d81509098\"},\"headline\":\"Con iluminaci\u00f3n y se\u00f1alamientos se agilir\u00e1 el tr\u00e1nsito en Perif\u00e9rico norte\u00a0\",\"datePublished\":\"2026-03-29T20:39:32+00:00\",\"dateModified\":\"2026-03-29T20:39:33+00:00\",\"mainEntityOfPage\":{\"@id\":\"https:\\\/\\\/agencia.252.com.mx\\\/home\\\/con-iluminacion-y-senalamientos-se-agilira-el-transito-en-periferico-norte\\\/\"},\"wordCount\":418,\"commentCount\":0,\"publisher\":{\"@id\":\"https:\\\/\\\/agencia.252.com.mx\\\/home\\\/#organization\"},\"image\":{\"@id\":\"https:\\\/\\\/agencia.252.com.mx\\\/home\\\/con-iluminacion-y-senalamientos-se-agilira-el-transito-en-periferico-norte\\\/#primaryimage\"},\"thumbnailUrl\":\"https:\\\/\\\/agencia.252.com.mx\\\/wp-content\\\/uploads\\\/2026\\\/03\\\/w2_14048_3.jpeg\",\"keywords\":[\"Edomex\"],\"articleSection\":[\"Edomex\",\"Metropoli\",\"Seguridad\"],\"inLanguage\":\"es\",\"potentialAction\":[{\"@type\":\"CommentAction\",\"name\":\"Comment\",\"target\":[\"https:\\\/\\\/agencia.252.com.mx\\\/home\\\/con-iluminacion-y-senalamientos-se-agilira-el-transito-en-periferico-norte\\\/#respond\"]}]},{\"@type\":\"WebPage\",\"@id\":\"https:\\\/\\\/agencia.252.com.mx\\\/home\\\/con-iluminacion-y-senalamientos-se-agilira-el-transito-en-periferico-norte\\\/\",\"url\":\"https:\\\/\\\/agencia.252.com.mx\\\/home\\\/con-iluminacion-y-senalamientos-se-agilira-el-transito-en-periferico-norte\\\/\",\"name\":\"Con iluminaci\u00f3n y se\u00f1alamientos se agilir\u00e1 el tr\u00e1nsito en Perif\u00e9rico norte\u00a0 - Agencia252\",\"isPartOf\":{\"@id\":\"https:\\\/\\\/agencia.252.com.mx\\\/home\\\/#website\"},\"primaryImageOfPage\":{\"@id\":\"https:\\\/\\\/agencia.252.com.mx\\\/home\\\/con-iluminacion-y-senalamientos-se-agilira-el-transito-en-periferico-norte\\\/#primaryimage\"},\"image\":{\"@id\":\"https:\\\/\\\/agencia.252.com.mx\\\/home\\\/con-iluminacion-y-senalamientos-se-agilira-el-transito-en-periferico-norte\\\/#primaryimage\"},\"thumbnailUrl\":\"https:\\\/\\\/agencia.252.com.mx\\\/wp-content\\\/uploads\\\/2026\\\/03\\\/w2_14048_3.jpeg\",\"datePublished\":\"2026-03-29T20:39:32+00:00\",\"dateModified\":\"2026-03-29T20:39:33+00:00\",\"breadcrumb\":{\"@id\":\"https:\\\/\\\/agencia.252.com.mx\\\/home\\\/con-iluminacion-y-senalamientos-se-agilira-el-transito-en-periferico-norte\\\/#breadcrumb\"},\"inLanguage\":\"es\",\"potentialAction\":[{\"@type\":\"ReadAction\",\"target\":[\"https:\\\/\\\/agencia.252.com.mx\\\/home\\\/con-iluminacion-y-senalamientos-se-agilira-el-transito-en-periferico-norte\\\/\"]}]},{\"@type\":\"ImageObject\",\"inLanguage\":\"es\",\"@id\":\"https:\\\/\\\/agencia.252.com.mx\\\/home\\\/con-iluminacion-y-senalamientos-se-agilira-el-transito-en-periferico-norte\\\/#primaryimage\",\"url\":\"https:\\\/\\\/agencia.252.com.mx\\\/wp-content\\\/uploads\\\/2026\\\/03\\\/w2_14048_3.jpeg\",\"contentUrl\":\"https:\\\/\\\/agencia.252.com.mx\\\/wp-content\\\/uploads\\\/2026\\\/03\\\/w2_14048_3.jpeg\",\"width\":1600,\"height\":1066},{\"@type\":\"BreadcrumbList\",\"@id\":\"https:\\\/\\\/agencia.252.com.mx\\\/home\\\/con-iluminacion-y-senalamientos-se-agilira-el-transito-en-periferico-norte\\\/#breadcrumb\",\"itemListElement\":[{\"@type\":\"ListItem\",\"position\":1,\"name\":\"Portada\",\"item\":\"https:\\\/\\\/agencia.252.com.mx\\\/home\\\/\"},{\"@type\":\"ListItem\",\"position\":2,\"name\":\"Con iluminaci\u00f3n y se\u00f1alamientos se agilir\u00e1 el tr\u00e1nsito en Perif\u00e9rico norte\u00a0\"}]},{\"@type\":\"WebSite\",\"@id\":\"https:\\\/\\\/agencia.252.com.mx\\\/home\\\/#website\",\"url\":\"https:\\\/\\\/agencia.252.com.mx\\\/home\\\/\",\"name\":\"Agencia252\",\"description\":\"Tu espacio en la Red\",\"publisher\":{\"@id\":\"https:\\\/\\\/agencia.252.com.mx\\\/home\\\/#organization\"},\"potentialAction\":[{\"@type\":\"SearchAction\",\"target\":{\"@type\":\"EntryPoint\",\"urlTemplate\":\"https:\\\/\\\/agencia.252.com.mx\\\/home\\\/?s={search_term_string}\"},\"query-input\":{\"@type\":\"PropertyValueSpecification\",\"valueRequired\":true,\"valueName\":\"search_term_string\"}}],\"inLanguage\":\"es\"},{\"@type\":\"Organization\",\"@id\":\"https:\\\/\\\/agencia.252.com.mx\\\/home\\\/#organization\",\"name\":\"Agencia252\",\"url\":\"https:\\\/\\\/agencia.252.com.mx\\\/home\\\/\",\"logo\":{\"@type\":\"ImageObject\",\"inLanguage\":\"es\",\"@id\":\"https:\\\/\\\/agencia.252.com.mx\\\/home\\\/#\\\/schema\\\/logo\\\/image\\\/\",\"url\":\"https:\\\/\\\/agencia.252.com.mx\\\/wp-content\\\/uploads\\\/2023\\\/02\\\/cropped-ciruclo-agencia-e1677562404136.png\",\"contentUrl\":\"https:\\\/\\\/agencia.252.com.mx\\\/wp-content\\\/uploads\\\/2023\\\/02\\\/cropped-ciruclo-agencia-e1677562404136.png\",\"width\":512,\"height\":512,\"caption\":\"Agencia252\"},\"image\":{\"@id\":\"https:\\\/\\\/agencia.252.com.mx\\\/home\\\/#\\\/schema\\\/logo\\\/image\\\/\"},\"sameAs\":[\"https:\\\/\\\/www.facebook.com\\\/252Comunicacion\\\/\",\"https:\\\/\\\/x.com\\\/252COMS\"]},{\"@type\":\"Person\",\"@id\":\"https:\\\/\\\/agencia.252.com.mx\\\/home\\\/#\\\/schema\\\/person\\\/6b972021e9a92d45ade8c78d81509098\",\"name\":\"Nacho Corro\",\"image\":{\"@type\":\"ImageObject\",\"inLanguage\":\"es\",\"@id\":\"https:\\\/\\\/secure.gravatar.com\\\/avatar\\\/5db6df507cfe1307e192fbb498c6b85f1cf2ffd8b4cd37141b9eea588fcbd5a4?s=96&r=g\",\"url\":\"https:\\\/\\\/secure.gravatar.com\\\/avatar\\\/5db6df507cfe1307e192fbb498c6b85f1cf2ffd8b4cd37141b9eea588fcbd5a4?s=96&r=g\",\"contentUrl\":\"https:\\\/\\\/secure.gravatar.com\\\/avatar\\\/5db6df507cfe1307e192fbb498c6b85f1cf2ffd8b4cd37141b9eea588fcbd5a4?s=96&r=g\",\"caption\":\"Nacho Corro\"},\"description\":\"Comunicador Social, Periodista y Administraci\u00f3n P\u00fablica. Conversador pol\u00edtico, temas electorales y seguridad. Generador de contenidos digitales. Amante de la fotograf\u00eda\",\"sameAs\":[\"https:\\\/\\\/www.facebook.com\\\/jcorroherrera\\\/\",\"www.instagram.com\\\/nachocorro\\\/\",\"https:\\\/\\\/x.com\\\/Juan Ignacio Corro Herrera\"],\"url\":\"https:\\\/\\\/agencia.252.com.mx\\\/home\\\/author\\\/i-corro\\\/\"}]}<\/script>\n<!-- \/ Yoast SEO plugin. -->","yoast_head_json":{"title":"Con iluminaci\u00f3n y se\u00f1alamientos se agilir\u00e1 el tr\u00e1nsito en Perif\u00e9rico norte\u00a0 - Agencia252","robots":{"index":"index","follow":"follow","max-snippet":"max-snippet:-1","max-image-preview":"max-image-preview:large","max-video-preview":"max-video-preview:-1"},"canonical":"https:\/\/agencia.252.com.mx\/home\/con-iluminacion-y-senalamientos-se-agilira-el-transito-en-periferico-norte\/","og_locale":"es_ES","og_type":"article","og_title":"Con iluminaci\u00f3n y se\u00f1alamientos se agilir\u00e1 el tr\u00e1nsito en Perif\u00e9rico norte\u00a0 - Agencia252","og_description":"Visitas: 7 Juan Ignacio Corro&nbsp; Naucalpan, Estado de M\u00e9xico, a 29 de marzo de 2026 Como parte de la reconstrucci\u00f3n integral del Perif\u00e9rico Norte, se contemplan acciones de balizamiento con el objetivo de agilizar el tr\u00e1nsito, delimitar carriles, se\u00f1alar salidas y aumentar la visibilidad para la prevenci\u00f3n de accidentes, en beneficio de mas de 200 [&hellip;]","og_url":"https:\/\/agencia.252.com.mx\/home\/con-iluminacion-y-senalamientos-se-agilira-el-transito-en-periferico-norte\/","og_site_name":"Agencia252","article_publisher":"https:\/\/www.facebook.com\/252Comunicacion\/","article_author":"https:\/\/www.facebook.com\/jcorroherrera\/","article_published_time":"2026-03-29T20:39:32+00:00","article_modified_time":"2026-03-29T20:39:33+00:00","og_image":[{"width":1600,"height":1066,"url":"http:\/\/agencia.252.com.mx\/wp-content\/uploads\/2026\/03\/w2_14048_3.jpeg","type":"image\/jpeg"}],"author":"Nacho Corro","twitter_card":"summary_large_image","twitter_creator":"@Juan Ignacio Corro Herrera","twitter_site":"@252COMS","twitter_misc":{"Escrito por":"Nacho Corro","Tiempo de lectura":"2 minutos"},"schema":{"@context":"https:\/\/schema.org","@graph":[{"@type":"Article","@id":"https:\/\/agencia.252.com.mx\/home\/con-iluminacion-y-senalamientos-se-agilira-el-transito-en-periferico-norte\/#article","isPartOf":{"@id":"https:\/\/agencia.252.com.mx\/home\/con-iluminacion-y-senalamientos-se-agilira-el-transito-en-periferico-norte\/"},"author":{"name":"Nacho Corro","@id":"https:\/\/agencia.252.com.mx\/home\/#\/schema\/person\/6b972021e9a92d45ade8c78d81509098"},"headline":"Con iluminaci\u00f3n y se\u00f1alamientos se agilir\u00e1 el tr\u00e1nsito en Perif\u00e9rico norte\u00a0","datePublished":"2026-03-29T20:39:32+00:00","dateModified":"2026-03-29T20:39:33+00:00","mainEntityOfPage":{"@id":"https:\/\/agencia.252.com.mx\/home\/con-iluminacion-y-senalamientos-se-agilira-el-transito-en-periferico-norte\/"},"wordCount":418,"commentCount":0,"publisher":{"@id":"https:\/\/agencia.252.com.mx\/home\/#organization"},"image":{"@id":"https:\/\/agencia.252.com.mx\/home\/con-iluminacion-y-senalamientos-se-agilira-el-transito-en-periferico-norte\/#primaryimage"},"thumbnailUrl":"https:\/\/agencia.252.com.mx\/wp-content\/uploads\/2026\/03\/w2_14048_3.jpeg","keywords":["Edomex"],"articleSection":["Edomex","Metropoli","Seguridad"],"inLanguage":"es","potentialAction":[{"@type":"CommentAction","name":"Comment","target":["https:\/\/agencia.252.com.mx\/home\/con-iluminacion-y-senalamientos-se-agilira-el-transito-en-periferico-norte\/#respond"]}]},{"@type":"WebPage","@id":"https:\/\/agencia.252.com.mx\/home\/con-iluminacion-y-senalamientos-se-agilira-el-transito-en-periferico-norte\/","url":"https:\/\/agencia.252.com.mx\/home\/con-iluminacion-y-senalamientos-se-agilira-el-transito-en-periferico-norte\/","name":"Con iluminaci\u00f3n y se\u00f1alamientos se agilir\u00e1 el tr\u00e1nsito en Perif\u00e9rico norte\u00a0 - Agencia252","isPartOf":{"@id":"https:\/\/agencia.252.com.mx\/home\/#website"},"primaryImageOfPage":{"@id":"https:\/\/agencia.252.com.mx\/home\/con-iluminacion-y-senalamientos-se-agilira-el-transito-en-periferico-norte\/#primaryimage"},"image":{"@id":"https:\/\/agencia.252.com.mx\/home\/con-iluminacion-y-senalamientos-se-agilira-el-transito-en-periferico-norte\/#primaryimage"},"thumbnailUrl":"https:\/\/agencia.252.com.mx\/wp-content\/uploads\/2026\/03\/w2_14048_3.jpeg","datePublished":"2026-03-29T20:39:32+00:00","dateModified":"2026-03-29T20:39:33+00:00","breadcrumb":{"@id":"https:\/\/agencia.252.com.mx\/home\/con-iluminacion-y-senalamientos-se-agilira-el-transito-en-periferico-norte\/#breadcrumb"},"inLanguage":"es","potentialAction":[{"@type":"ReadAction","target":["https:\/\/agencia.252.com.mx\/home\/con-iluminacion-y-senalamientos-se-agilira-el-transito-en-periferico-norte\/"]}]},{"@type":"ImageObject","inLanguage":"es","@id":"https:\/\/agencia.252.com.mx\/home\/con-iluminacion-y-senalamientos-se-agilira-el-transito-en-periferico-norte\/#primaryimage","url":"https:\/\/agencia.252.com.mx\/wp-content\/uploads\/2026\/03\/w2_14048_3.jpeg","contentUrl":"https:\/\/agencia.252.com.mx\/wp-content\/uploads\/2026\/03\/w2_14048_3.jpeg","width":1600,"height":1066},{"@type":"BreadcrumbList","@id":"https:\/\/agencia.252.com.mx\/home\/con-iluminacion-y-senalamientos-se-agilira-el-transito-en-periferico-norte\/#breadcrumb","itemListElement":[{"@type":"ListItem","position":1,"name":"Portada","item":"https:\/\/agencia.252.com.mx\/home\/"},{"@type":"ListItem","position":2,"name":"Con iluminaci\u00f3n y se\u00f1alamientos se agilir\u00e1 el tr\u00e1nsito en Perif\u00e9rico norte\u00a0"}]},{"@type":"WebSite","@id":"https:\/\/agencia.252.com.mx\/home\/#website","url":"https:\/\/agencia.252.com.mx\/home\/","name":"Agencia252","description":"Tu espacio en la Red","publisher":{"@id":"https:\/\/agencia.252.com.mx\/home\/#organization"},"potentialAction":[{"@type":"SearchAction","target":{"@type":"EntryPoint","urlTemplate":"https:\/\/agencia.252.com.mx\/home\/?s={search_term_string}"},"query-input":{"@type":"PropertyValueSpecification","valueRequired":true,"valueName":"search_term_string"}}],"inLanguage":"es"},{"@type":"Organization","@id":"https:\/\/agencia.252.com.mx\/home\/#organization","name":"Agencia252","url":"https:\/\/agencia.252.com.mx\/home\/","logo":{"@type":"ImageObject","inLanguage":"es","@id":"https:\/\/agencia.252.com.mx\/home\/#\/schema\/logo\/image\/","url":"https:\/\/agencia.252.com.mx\/wp-content\/uploads\/2023\/02\/cropped-ciruclo-agencia-e1677562404136.png","contentUrl":"https:\/\/agencia.252.com.mx\/wp-content\/uploads\/2023\/02\/cropped-ciruclo-agencia-e1677562404136.png","width":512,"height":512,"caption":"Agencia252"},"image":{"@id":"https:\/\/agencia.252.com.mx\/home\/#\/schema\/logo\/image\/"},"sameAs":["https:\/\/www.facebook.com\/252Comunicacion\/","https:\/\/x.com\/252COMS"]},{"@type":"Person","@id":"https:\/\/agencia.252.com.mx\/home\/#\/schema\/person\/6b972021e9a92d45ade8c78d81509098","name":"Nacho Corro","image":{"@type":"ImageObject","inLanguage":"es","@id":"https:\/\/secure.gravatar.com\/avatar\/5db6df507cfe1307e192fbb498c6b85f1cf2ffd8b4cd37141b9eea588fcbd5a4?s=96&r=g","url":"https:\/\/secure.gravatar.com\/avatar\/5db6df507cfe1307e192fbb498c6b85f1cf2ffd8b4cd37141b9eea588fcbd5a4?s=96&r=g","contentUrl":"https:\/\/secure.gravatar.com\/avatar\/5db6df507cfe1307e192fbb498c6b85f1cf2ffd8b4cd37141b9eea588fcbd5a4?s=96&r=g","caption":"Nacho Corro"},"description":"Comunicador Social, Periodista y Administraci\u00f3n P\u00fablica. Conversador pol\u00edtico, temas electorales y seguridad. Generador de contenidos digitales. Amante de la fotograf\u00eda","sameAs":["https:\/\/www.facebook.com\/jcorroherrera\/","www.instagram.com\/nachocorro\/","https:\/\/x.com\/Juan Ignacio Corro Herrera"],"url":"https:\/\/agencia.252.com.mx\/home\/author\/i-corro\/"}]}},"_links":{"self":[{"href":"https:\/\/agencia.252.com.mx\/home\/wp-json\/wp\/v2\/posts\/17740","targetHints":{"allow":["GET"]}}],"collection":[{"href":"https:\/\/agencia.252.com.mx\/home\/wp-json\/wp\/v2\/posts"}],"about":[{"href":"https:\/\/agencia.252.com.mx\/home\/wp-json\/wp\/v2\/types\/post"}],"author":[{"embeddable":true,"href":"https:\/\/agencia.252.com.mx\/home\/wp-json\/wp\/v2\/users\/5"}],"replies":[{"embeddable":true,"href":"https:\/\/agencia.252.com.mx\/home\/wp-json\/wp\/v2\/comments?post=17740"}],"version-history":[{"count":1,"href":"https:\/\/agencia.252.com.mx\/home\/wp-json\/wp\/v2\/posts\/17740\/revisions"}],"predecessor-version":[{"id":17742,"href":"https:\/\/agencia.252.com.mx\/home\/wp-json\/wp\/v2\/posts\/17740\/revisions\/17742"}],"wp:featuredmedia":[{"embeddable":true,"href":"https:\/\/agencia.252.com.mx\/home\/wp-json\/wp\/v2\/media\/17741"}],"wp:attachment":[{"href":"https:\/\/agencia.252.com.mx\/home\/wp-json\/wp\/v2\/media?parent=17740"}],"wp:term":[{"taxonomy":"category","embeddable":true,"href":"https:\/\/agencia.252.com.mx\/home\/wp-json\/wp\/v2\/categories?post=17740"},{"taxonomy":"post_tag","embeddable":true,"href":"https:\/\/agencia.252.com.mx\/home\/wp-json\/wp\/v2\/tags?post=17740"}],"curies":[{"name":"wp","href":"https:\/\/api.w.org\/{rel}","templated":true}]}}