{"id":17730,"date":"2026-03-29T14:00:43","date_gmt":"2026-03-29T20:00:43","guid":{"rendered":"https:\/\/agencia.252.com.mx\/home\/?p=17730"},"modified":"2026-03-29T14:00:44","modified_gmt":"2026-03-29T20:00:44","slug":"con-1200-policias-arranca-operativo-semana-santa-en-ecatepec","status":"publish","type":"post","link":"https:\/\/agencia.252.com.mx\/home\/con-1200-policias-arranca-operativo-semana-santa-en-ecatepec\/","title":{"rendered":"Con 1200 polic\u00edas, arranca operativo Semana Santa en Ecatepec"},"content":{"rendered":"<p>Visitas: 11<\/p>\n<ul class=\"wp-block-list\">\n<li><em>Resguardar\u00e1n celebraciones en 118 iglesias<\/em><\/li>\n<\/ul>\n\n\n\n<ul class=\"wp-block-list\">\n<li><em>Con respaldo de patrullaje v\u00eda drones y c\u00e1maras de vigilancia\u00a0<\/em><\/li>\n<\/ul>\n\n\n\n<p>Juan Ignacio Corro&nbsp;<\/p>\n\n\n\n<p class=\"has-text-align-right\">Ecatepec. Estado de M\u00e9xico, a 29 de marzo de 2026<\/p>\n\n\n\n<p>Con el despliegue de mil 200 elementos y 495 patrullas, la presidenta municipal Azucena Cisneros Coss dio el banderazo de salida del Operativo Semana Santa, que se realiza del 29 de marzo al 05 de abril, para prevenir delitos de alto impacto en las comunidades, adem\u00e1s de resguardar las celebraciones religiosas en 118 iglesias del municipio.<\/p>\n\n\n\n<p>En la explanada c\u00edvica del pueblo de Guadalupe Victoria la alcaldesa afirm\u00f3 que habr\u00e1 una vigilancia puntual en los d\u00edas de asueto para garantizar la tranquilidad de las familias y cuidar su patrimonio, adem\u00e1s de brindar seguridad a miles de feligreses que acuden a celebraciones religiosas.<\/p>\n\n\n\n<p>\u201cEstamos iniciando el Operativo Semana Santa, es una etapa que aprovechan muchos para las celebraciones religiosas, otros para salir de vacaciones y otros para la convivencia familiar, es importante decirles que tendremos m\u00e1s de mil polic\u00edas para que puedan vivir estas celebraciones en paz y tranquilidad\u201d, explic\u00f3.<\/p>\n\n\n\n<figure class=\"wp-block-gallery has-nested-images columns-default is-cropped wp-block-gallery-1 is-layout-flex wp-block-gallery-is-layout-flex\">\n<figure class=\"wp-block-image size-large\"><img fetchpriority=\"high\" decoding=\"async\" width=\"1024\" height=\"576\" data-id=\"17733\" src=\"https:\/\/agencia.252.com.mx\/wp-content\/uploads\/2026\/03\/WhatsApp-Image-2026-03-29-at-12.44.51-PM-1024x576.jpeg\" alt=\"\" class=\"wp-image-17733\" srcset=\"https:\/\/agencia.252.com.mx\/wp-content\/uploads\/2026\/03\/WhatsApp-Image-2026-03-29-at-12.44.51-PM-1024x576.jpeg 1024w, https:\/\/agencia.252.com.mx\/wp-content\/uploads\/2026\/03\/WhatsApp-Image-2026-03-29-at-12.44.51-PM-300x169.jpeg 300w, https:\/\/agencia.252.com.mx\/wp-content\/uploads\/2026\/03\/WhatsApp-Image-2026-03-29-at-12.44.51-PM-768x432.jpeg 768w, https:\/\/agencia.252.com.mx\/wp-content\/uploads\/2026\/03\/WhatsApp-Image-2026-03-29-at-12.44.51-PM.jpeg 1280w\" sizes=\"(max-width: 1024px) 100vw, 1024px\" \/><\/figure>\n\n\n\n<figure class=\"wp-block-image size-large\"><img decoding=\"async\" width=\"1024\" height=\"576\" data-id=\"17732\" src=\"https:\/\/agencia.252.com.mx\/wp-content\/uploads\/2026\/03\/WhatsApp-Image-2026-03-29-at-12.44.51-PM-3-1024x576.jpeg\" alt=\"\" class=\"wp-image-17732\" srcset=\"https:\/\/agencia.252.com.mx\/wp-content\/uploads\/2026\/03\/WhatsApp-Image-2026-03-29-at-12.44.51-PM-3-1024x576.jpeg 1024w, https:\/\/agencia.252.com.mx\/wp-content\/uploads\/2026\/03\/WhatsApp-Image-2026-03-29-at-12.44.51-PM-3-300x169.jpeg 300w, https:\/\/agencia.252.com.mx\/wp-content\/uploads\/2026\/03\/WhatsApp-Image-2026-03-29-at-12.44.51-PM-3-768x432.jpeg 768w, https:\/\/agencia.252.com.mx\/wp-content\/uploads\/2026\/03\/WhatsApp-Image-2026-03-29-at-12.44.51-PM-3.jpeg 1280w\" sizes=\"(max-width: 1024px) 100vw, 1024px\" \/><\/figure>\n<\/figure>\n\n\n\n<p>El en el despliegue operativo participan los polic\u00edas de los 27 sectores, Polic\u00eda Metropolitana, Grupo de Operaciones Especiales, Tr\u00e1nsito, con respaldo de Fuerza de Tarea Marina, y personal de Protecci\u00f3n Civil.<\/p>\n\n\n\n<p>El comisario de Seguridad Ciudadana y Tr\u00e1nsito Municipal, Luis Alberto Taylor Gonz\u00e1lez indic\u00f3 que en estas vacaciones mantienen coordinaci\u00f3n puntual con la polic\u00eda estatal, Sedena y Guardia Nacional para garantizar la seguridad de los habitantes y feligreses que acuden a celebraciones religiosas.<\/p>\n\n\n\n<p>\u201cEste despliegue atiende a la instrucci\u00f3n de la presidenta municipal de garantizar la paz y la tranquilidad de los ciudadanos y familias de Ecatepec, as\u00ed como los visitantes de las iglesias para acudir a las celebraciones de Semana Santa en un ambiente seguro\u201d, destac\u00f3.<\/p>\n\n\n\n<p>Record\u00f3 que ahora en los despliegues operativos disponen de drones para patrullaje a\u00e9reo que pueda detectar situaciones de riesgo y realizar intervenciones oportunas, en conjunto con el monitoreo de c\u00e1maras de vigilancia del Centro de Mando, adem\u00e1s de que se cuenta con personal de Marina en puntos de concentraciones masivas.<\/p>\n\n\n\n<p>El despliegue de uniformados incluye las 118 iglesias que realizar\u00e1n celebraciones religiosas, principalmente en 11 de \u00e9stas que tienen concentraci\u00f3n de miles de feligreses como en El Calvario, Guadalupe Victoria, San Crist\u00f3bal, Santo Tom\u00e1s Chiconautla, Santa Mar\u00eda Chiconautla, San Isidro Atlautenco, Santa Mar\u00eda Tulpetlac, Santuario Tulpetlac, San Andr\u00e9s de la Ca\u00f1ada, San Pedro Xalostoc y Santa Clara Coatitla.<\/p>\n","protected":false},"excerpt":{"rendered":"<p>Visitas: 11 Juan Ignacio Corro&nbsp; Ecatepec. Estado de M\u00e9xico, a 29 de marzo de 2026 Con el despliegue de mil 200 elementos y 495 patrullas, la presidenta municipal Azucena Cisneros Coss dio el banderazo de salida del Operativo Semana Santa, que se realiza del 29 de marzo al 05 de abril, para prevenir delitos de [&hellip;]<\/p>\n","protected":false},"author":5,"featured_media":17731,"comment_status":"open","ping_status":"open","sticky":false,"template":"","format":"standard","meta":{"site-sidebar-layout":"default","site-content-layout":"","ast-site-content-layout":"default","site-content-style":"default","site-sidebar-style":"default","ast-global-header-display":"","ast-banner-title-visibility":"","ast-main-header-display":"","ast-hfb-above-header-display":"","ast-hfb-below-header-display":"","ast-hfb-mobile-header-display":"","site-post-title":"","ast-breadcrumbs-content":"","ast-featured-img":"","footer-sml-layout":"","ast-disable-related-posts":"","theme-transparent-header-meta":"","adv-header-id-meta":"","stick-header-meta":"","header-above-stick-meta":"","header-main-stick-meta":"","header-below-stick-meta":"","astra-migrate-meta-layouts":"set","ast-page-background-enabled":"default","ast-page-background-meta":{"desktop":{"background-color":"var(--ast-global-color-4)","background-image":"","background-repeat":"repeat","background-position":"center center","background-size":"auto","background-attachment":"scroll","background-type":"","background-media":"","overlay-type":"","overlay-color":"","overlay-opacity":"","overlay-gradient":""},"tablet":{"background-color":"","background-image":"","background-repeat":"repeat","background-position":"center center","background-size":"auto","background-attachment":"scroll","background-type":"","background-media":"","overlay-type":"","overlay-color":"","overlay-opacity":"","overlay-gradient":""},"mobile":{"background-color":"","background-image":"","background-repeat":"repeat","background-position":"center center","background-size":"auto","background-attachment":"scroll","background-type":"","background-media":"","overlay-type":"","overlay-color":"","overlay-opacity":"","overlay-gradient":""}},"ast-content-background-meta":{"desktop":{"background-color":"var(--ast-global-color-5)","background-image":"","background-repeat":"repeat","background-position":"center center","background-size":"auto","background-attachment":"scroll","background-type":"","background-media":"","overlay-type":"","overlay-color":"","overlay-opacity":"","overlay-gradient":""},"tablet":{"background-color":"var(--ast-global-color-5)","background-image":"","background-repeat":"repeat","background-position":"center center","background-size":"auto","background-attachment":"scroll","background-type":"","background-media":"","overlay-type":"","overlay-color":"","overlay-opacity":"","overlay-gradient":""},"mobile":{"background-color":"var(--ast-global-color-5)","background-image":"","background-repeat":"repeat","background-position":"center center","background-size":"auto","background-attachment":"scroll","background-type":"","background-media":"","overlay-type":"","overlay-color":"","overlay-opacity":"","overlay-gradient":""}},"footnotes":""},"categories":[38,8,512,68],"tags":[526],"class_list":["post-17730","post","type-post","status-publish","format-standard","has-post-thumbnail","hentry","category-ecatepec","category-edomex","category-metropoli","category-seguridad","tag-edomex"],"yoast_head":"<!-- This site is optimized with the Yoast SEO plugin v27.4 - https:\/\/yoast.com\/product\/yoast-seo-wordpress\/ -->\n<title>Con 1200 polic\u00edas, arranca operativo Semana Santa en Ecatepec - Agencia252<\/title>\n<meta name=\"robots\" content=\"index, follow, max-snippet:-1, max-image-preview:large, max-video-preview:-1\" \/>\n<link rel=\"canonical\" href=\"https:\/\/agencia.252.com.mx\/home\/con-1200-policias-arranca-operativo-semana-santa-en-ecatepec\/\" \/>\n<meta property=\"og:locale\" content=\"es_ES\" \/>\n<meta property=\"og:type\" content=\"article\" \/>\n<meta property=\"og:title\" content=\"Con 1200 polic\u00edas, arranca operativo Semana Santa en Ecatepec - Agencia252\" \/>\n<meta property=\"og:description\" content=\"Visitas: 11 Juan Ignacio Corro&nbsp; Ecatepec. Estado de M\u00e9xico, a 29 de marzo de 2026 Con el despliegue de mil 200 elementos y 495 patrullas, la presidenta municipal Azucena Cisneros Coss dio el banderazo de salida del Operativo Semana Santa, que se realiza del 29 de marzo al 05 de abril, para prevenir delitos de [&hellip;]\" \/>\n<meta property=\"og:url\" content=\"https:\/\/agencia.252.com.mx\/home\/con-1200-policias-arranca-operativo-semana-santa-en-ecatepec\/\" \/>\n<meta property=\"og:site_name\" content=\"Agencia252\" \/>\n<meta property=\"article:publisher\" content=\"https:\/\/www.facebook.com\/252Comunicacion\/\" \/>\n<meta property=\"article:author\" content=\"https:\/\/www.facebook.com\/jcorroherrera\/\" \/>\n<meta property=\"article:published_time\" content=\"2026-03-29T20:00:43+00:00\" \/>\n<meta property=\"article:modified_time\" content=\"2026-03-29T20:00:44+00:00\" \/>\n<meta property=\"og:image\" content=\"http:\/\/agencia.252.com.mx\/wp-content\/uploads\/2026\/03\/WhatsApp-Image-2026-03-29-at-12.44.51-PM-2.jpeg\" \/>\n\t<meta property=\"og:image:width\" content=\"1280\" \/>\n\t<meta property=\"og:image:height\" content=\"720\" \/>\n\t<meta property=\"og:image:type\" content=\"image\/jpeg\" \/>\n<meta name=\"author\" content=\"Nacho Corro\" \/>\n<meta name=\"twitter:card\" content=\"summary_large_image\" \/>\n<meta name=\"twitter:creator\" content=\"@Juan Ignacio Corro Herrera\" \/>\n<meta name=\"twitter:site\" content=\"@252COMS\" \/>\n<meta name=\"twitter:label1\" content=\"Escrito por\" \/>\n\t<meta name=\"twitter:data1\" content=\"Nacho Corro\" \/>\n\t<meta name=\"twitter:label2\" content=\"Tiempo de lectura\" \/>\n\t<meta name=\"twitter:data2\" content=\"3 minutos\" \/>\n<script type=\"application\/ld+json\" class=\"yoast-schema-graph\">{\"@context\":\"https:\\\/\\\/schema.org\",\"@graph\":[{\"@type\":\"Article\",\"@id\":\"https:\\\/\\\/agencia.252.com.mx\\\/home\\\/con-1200-policias-arranca-operativo-semana-santa-en-ecatepec\\\/#article\",\"isPartOf\":{\"@id\":\"https:\\\/\\\/agencia.252.com.mx\\\/home\\\/con-1200-policias-arranca-operativo-semana-santa-en-ecatepec\\\/\"},\"author\":{\"name\":\"Nacho Corro\",\"@id\":\"https:\\\/\\\/agencia.252.com.mx\\\/home\\\/#\\\/schema\\\/person\\\/6b972021e9a92d45ade8c78d81509098\"},\"headline\":\"Con 1200 polic\u00edas, arranca operativo Semana Santa en Ecatepec\",\"datePublished\":\"2026-03-29T20:00:43+00:00\",\"dateModified\":\"2026-03-29T20:00:44+00:00\",\"mainEntityOfPage\":{\"@id\":\"https:\\\/\\\/agencia.252.com.mx\\\/home\\\/con-1200-policias-arranca-operativo-semana-santa-en-ecatepec\\\/\"},\"wordCount\":431,\"commentCount\":0,\"publisher\":{\"@id\":\"https:\\\/\\\/agencia.252.com.mx\\\/home\\\/#organization\"},\"image\":{\"@id\":\"https:\\\/\\\/agencia.252.com.mx\\\/home\\\/con-1200-policias-arranca-operativo-semana-santa-en-ecatepec\\\/#primaryimage\"},\"thumbnailUrl\":\"https:\\\/\\\/agencia.252.com.mx\\\/wp-content\\\/uploads\\\/2026\\\/03\\\/WhatsApp-Image-2026-03-29-at-12.44.51-PM-2.jpeg\",\"keywords\":[\"Edomex\"],\"articleSection\":[\"Ecatepec\",\"Edomex\",\"Metropoli\",\"Seguridad\"],\"inLanguage\":\"es\",\"potentialAction\":[{\"@type\":\"CommentAction\",\"name\":\"Comment\",\"target\":[\"https:\\\/\\\/agencia.252.com.mx\\\/home\\\/con-1200-policias-arranca-operativo-semana-santa-en-ecatepec\\\/#respond\"]}]},{\"@type\":\"WebPage\",\"@id\":\"https:\\\/\\\/agencia.252.com.mx\\\/home\\\/con-1200-policias-arranca-operativo-semana-santa-en-ecatepec\\\/\",\"url\":\"https:\\\/\\\/agencia.252.com.mx\\\/home\\\/con-1200-policias-arranca-operativo-semana-santa-en-ecatepec\\\/\",\"name\":\"Con 1200 polic\u00edas, arranca operativo Semana Santa en Ecatepec - Agencia252\",\"isPartOf\":{\"@id\":\"https:\\\/\\\/agencia.252.com.mx\\\/home\\\/#website\"},\"primaryImageOfPage\":{\"@id\":\"https:\\\/\\\/agencia.252.com.mx\\\/home\\\/con-1200-policias-arranca-operativo-semana-santa-en-ecatepec\\\/#primaryimage\"},\"image\":{\"@id\":\"https:\\\/\\\/agencia.252.com.mx\\\/home\\\/con-1200-policias-arranca-operativo-semana-santa-en-ecatepec\\\/#primaryimage\"},\"thumbnailUrl\":\"https:\\\/\\\/agencia.252.com.mx\\\/wp-content\\\/uploads\\\/2026\\\/03\\\/WhatsApp-Image-2026-03-29-at-12.44.51-PM-2.jpeg\",\"datePublished\":\"2026-03-29T20:00:43+00:00\",\"dateModified\":\"2026-03-29T20:00:44+00:00\",\"breadcrumb\":{\"@id\":\"https:\\\/\\\/agencia.252.com.mx\\\/home\\\/con-1200-policias-arranca-operativo-semana-santa-en-ecatepec\\\/#breadcrumb\"},\"inLanguage\":\"es\",\"potentialAction\":[{\"@type\":\"ReadAction\",\"target\":[\"https:\\\/\\\/agencia.252.com.mx\\\/home\\\/con-1200-policias-arranca-operativo-semana-santa-en-ecatepec\\\/\"]}]},{\"@type\":\"ImageObject\",\"inLanguage\":\"es\",\"@id\":\"https:\\\/\\\/agencia.252.com.mx\\\/home\\\/con-1200-policias-arranca-operativo-semana-santa-en-ecatepec\\\/#primaryimage\",\"url\":\"https:\\\/\\\/agencia.252.com.mx\\\/wp-content\\\/uploads\\\/2026\\\/03\\\/WhatsApp-Image-2026-03-29-at-12.44.51-PM-2.jpeg\",\"contentUrl\":\"https:\\\/\\\/agencia.252.com.mx\\\/wp-content\\\/uploads\\\/2026\\\/03\\\/WhatsApp-Image-2026-03-29-at-12.44.51-PM-2.jpeg\",\"width\":1280,\"height\":720},{\"@type\":\"BreadcrumbList\",\"@id\":\"https:\\\/\\\/agencia.252.com.mx\\\/home\\\/con-1200-policias-arranca-operativo-semana-santa-en-ecatepec\\\/#breadcrumb\",\"itemListElement\":[{\"@type\":\"ListItem\",\"position\":1,\"name\":\"Portada\",\"item\":\"https:\\\/\\\/agencia.252.com.mx\\\/home\\\/\"},{\"@type\":\"ListItem\",\"position\":2,\"name\":\"Con 1200 polic\u00edas, arranca operativo Semana Santa en Ecatepec\"}]},{\"@type\":\"WebSite\",\"@id\":\"https:\\\/\\\/agencia.252.com.mx\\\/home\\\/#website\",\"url\":\"https:\\\/\\\/agencia.252.com.mx\\\/home\\\/\",\"name\":\"Agencia252\",\"description\":\"Tu espacio en la Red\",\"publisher\":{\"@id\":\"https:\\\/\\\/agencia.252.com.mx\\\/home\\\/#organization\"},\"potentialAction\":[{\"@type\":\"SearchAction\",\"target\":{\"@type\":\"EntryPoint\",\"urlTemplate\":\"https:\\\/\\\/agencia.252.com.mx\\\/home\\\/?s={search_term_string}\"},\"query-input\":{\"@type\":\"PropertyValueSpecification\",\"valueRequired\":true,\"valueName\":\"search_term_string\"}}],\"inLanguage\":\"es\"},{\"@type\":\"Organization\",\"@id\":\"https:\\\/\\\/agencia.252.com.mx\\\/home\\\/#organization\",\"name\":\"Agencia252\",\"url\":\"https:\\\/\\\/agencia.252.com.mx\\\/home\\\/\",\"logo\":{\"@type\":\"ImageObject\",\"inLanguage\":\"es\",\"@id\":\"https:\\\/\\\/agencia.252.com.mx\\\/home\\\/#\\\/schema\\\/logo\\\/image\\\/\",\"url\":\"https:\\\/\\\/agencia.252.com.mx\\\/wp-content\\\/uploads\\\/2023\\\/02\\\/cropped-ciruclo-agencia-e1677562404136.png\",\"contentUrl\":\"https:\\\/\\\/agencia.252.com.mx\\\/wp-content\\\/uploads\\\/2023\\\/02\\\/cropped-ciruclo-agencia-e1677562404136.png\",\"width\":512,\"height\":512,\"caption\":\"Agencia252\"},\"image\":{\"@id\":\"https:\\\/\\\/agencia.252.com.mx\\\/home\\\/#\\\/schema\\\/logo\\\/image\\\/\"},\"sameAs\":[\"https:\\\/\\\/www.facebook.com\\\/252Comunicacion\\\/\",\"https:\\\/\\\/x.com\\\/252COMS\"]},{\"@type\":\"Person\",\"@id\":\"https:\\\/\\\/agencia.252.com.mx\\\/home\\\/#\\\/schema\\\/person\\\/6b972021e9a92d45ade8c78d81509098\",\"name\":\"Nacho Corro\",\"image\":{\"@type\":\"ImageObject\",\"inLanguage\":\"es\",\"@id\":\"https:\\\/\\\/secure.gravatar.com\\\/avatar\\\/5db6df507cfe1307e192fbb498c6b85f1cf2ffd8b4cd37141b9eea588fcbd5a4?s=96&r=g\",\"url\":\"https:\\\/\\\/secure.gravatar.com\\\/avatar\\\/5db6df507cfe1307e192fbb498c6b85f1cf2ffd8b4cd37141b9eea588fcbd5a4?s=96&r=g\",\"contentUrl\":\"https:\\\/\\\/secure.gravatar.com\\\/avatar\\\/5db6df507cfe1307e192fbb498c6b85f1cf2ffd8b4cd37141b9eea588fcbd5a4?s=96&r=g\",\"caption\":\"Nacho Corro\"},\"description\":\"Comunicador Social, Periodista y Administraci\u00f3n P\u00fablica. Conversador pol\u00edtico, temas electorales y seguridad. Generador de contenidos digitales. Amante de la fotograf\u00eda\",\"sameAs\":[\"https:\\\/\\\/www.facebook.com\\\/jcorroherrera\\\/\",\"www.instagram.com\\\/nachocorro\\\/\",\"https:\\\/\\\/x.com\\\/Juan Ignacio Corro Herrera\"],\"url\":\"https:\\\/\\\/agencia.252.com.mx\\\/home\\\/author\\\/i-corro\\\/\"}]}<\/script>\n<!-- \/ Yoast SEO plugin. -->","yoast_head_json":{"title":"Con 1200 polic\u00edas, arranca operativo Semana Santa en Ecatepec - Agencia252","robots":{"index":"index","follow":"follow","max-snippet":"max-snippet:-1","max-image-preview":"max-image-preview:large","max-video-preview":"max-video-preview:-1"},"canonical":"https:\/\/agencia.252.com.mx\/home\/con-1200-policias-arranca-operativo-semana-santa-en-ecatepec\/","og_locale":"es_ES","og_type":"article","og_title":"Con 1200 polic\u00edas, arranca operativo Semana Santa en Ecatepec - Agencia252","og_description":"Visitas: 11 Juan Ignacio Corro&nbsp; Ecatepec. Estado de M\u00e9xico, a 29 de marzo de 2026 Con el despliegue de mil 200 elementos y 495 patrullas, la presidenta municipal Azucena Cisneros Coss dio el banderazo de salida del Operativo Semana Santa, que se realiza del 29 de marzo al 05 de abril, para prevenir delitos de [&hellip;]","og_url":"https:\/\/agencia.252.com.mx\/home\/con-1200-policias-arranca-operativo-semana-santa-en-ecatepec\/","og_site_name":"Agencia252","article_publisher":"https:\/\/www.facebook.com\/252Comunicacion\/","article_author":"https:\/\/www.facebook.com\/jcorroherrera\/","article_published_time":"2026-03-29T20:00:43+00:00","article_modified_time":"2026-03-29T20:00:44+00:00","og_image":[{"width":1280,"height":720,"url":"http:\/\/agencia.252.com.mx\/wp-content\/uploads\/2026\/03\/WhatsApp-Image-2026-03-29-at-12.44.51-PM-2.jpeg","type":"image\/jpeg"}],"author":"Nacho Corro","twitter_card":"summary_large_image","twitter_creator":"@Juan Ignacio Corro Herrera","twitter_site":"@252COMS","twitter_misc":{"Escrito por":"Nacho Corro","Tiempo de lectura":"3 minutos"},"schema":{"@context":"https:\/\/schema.org","@graph":[{"@type":"Article","@id":"https:\/\/agencia.252.com.mx\/home\/con-1200-policias-arranca-operativo-semana-santa-en-ecatepec\/#article","isPartOf":{"@id":"https:\/\/agencia.252.com.mx\/home\/con-1200-policias-arranca-operativo-semana-santa-en-ecatepec\/"},"author":{"name":"Nacho Corro","@id":"https:\/\/agencia.252.com.mx\/home\/#\/schema\/person\/6b972021e9a92d45ade8c78d81509098"},"headline":"Con 1200 polic\u00edas, arranca operativo Semana Santa en Ecatepec","datePublished":"2026-03-29T20:00:43+00:00","dateModified":"2026-03-29T20:00:44+00:00","mainEntityOfPage":{"@id":"https:\/\/agencia.252.com.mx\/home\/con-1200-policias-arranca-operativo-semana-santa-en-ecatepec\/"},"wordCount":431,"commentCount":0,"publisher":{"@id":"https:\/\/agencia.252.com.mx\/home\/#organization"},"image":{"@id":"https:\/\/agencia.252.com.mx\/home\/con-1200-policias-arranca-operativo-semana-santa-en-ecatepec\/#primaryimage"},"thumbnailUrl":"https:\/\/agencia.252.com.mx\/wp-content\/uploads\/2026\/03\/WhatsApp-Image-2026-03-29-at-12.44.51-PM-2.jpeg","keywords":["Edomex"],"articleSection":["Ecatepec","Edomex","Metropoli","Seguridad"],"inLanguage":"es","potentialAction":[{"@type":"CommentAction","name":"Comment","target":["https:\/\/agencia.252.com.mx\/home\/con-1200-policias-arranca-operativo-semana-santa-en-ecatepec\/#respond"]}]},{"@type":"WebPage","@id":"https:\/\/agencia.252.com.mx\/home\/con-1200-policias-arranca-operativo-semana-santa-en-ecatepec\/","url":"https:\/\/agencia.252.com.mx\/home\/con-1200-policias-arranca-operativo-semana-santa-en-ecatepec\/","name":"Con 1200 polic\u00edas, arranca operativo Semana Santa en Ecatepec - Agencia252","isPartOf":{"@id":"https:\/\/agencia.252.com.mx\/home\/#website"},"primaryImageOfPage":{"@id":"https:\/\/agencia.252.com.mx\/home\/con-1200-policias-arranca-operativo-semana-santa-en-ecatepec\/#primaryimage"},"image":{"@id":"https:\/\/agencia.252.com.mx\/home\/con-1200-policias-arranca-operativo-semana-santa-en-ecatepec\/#primaryimage"},"thumbnailUrl":"https:\/\/agencia.252.com.mx\/wp-content\/uploads\/2026\/03\/WhatsApp-Image-2026-03-29-at-12.44.51-PM-2.jpeg","datePublished":"2026-03-29T20:00:43+00:00","dateModified":"2026-03-29T20:00:44+00:00","breadcrumb":{"@id":"https:\/\/agencia.252.com.mx\/home\/con-1200-policias-arranca-operativo-semana-santa-en-ecatepec\/#breadcrumb"},"inLanguage":"es","potentialAction":[{"@type":"ReadAction","target":["https:\/\/agencia.252.com.mx\/home\/con-1200-policias-arranca-operativo-semana-santa-en-ecatepec\/"]}]},{"@type":"ImageObject","inLanguage":"es","@id":"https:\/\/agencia.252.com.mx\/home\/con-1200-policias-arranca-operativo-semana-santa-en-ecatepec\/#primaryimage","url":"https:\/\/agencia.252.com.mx\/wp-content\/uploads\/2026\/03\/WhatsApp-Image-2026-03-29-at-12.44.51-PM-2.jpeg","contentUrl":"https:\/\/agencia.252.com.mx\/wp-content\/uploads\/2026\/03\/WhatsApp-Image-2026-03-29-at-12.44.51-PM-2.jpeg","width":1280,"height":720},{"@type":"BreadcrumbList","@id":"https:\/\/agencia.252.com.mx\/home\/con-1200-policias-arranca-operativo-semana-santa-en-ecatepec\/#breadcrumb","itemListElement":[{"@type":"ListItem","position":1,"name":"Portada","item":"https:\/\/agencia.252.com.mx\/home\/"},{"@type":"ListItem","position":2,"name":"Con 1200 polic\u00edas, arranca operativo Semana Santa en Ecatepec"}]},{"@type":"WebSite","@id":"https:\/\/agencia.252.com.mx\/home\/#website","url":"https:\/\/agencia.252.com.mx\/home\/","name":"Agencia252","description":"Tu espacio en la Red","publisher":{"@id":"https:\/\/agencia.252.com.mx\/home\/#organization"},"potentialAction":[{"@type":"SearchAction","target":{"@type":"EntryPoint","urlTemplate":"https:\/\/agencia.252.com.mx\/home\/?s={search_term_string}"},"query-input":{"@type":"PropertyValueSpecification","valueRequired":true,"valueName":"search_term_string"}}],"inLanguage":"es"},{"@type":"Organization","@id":"https:\/\/agencia.252.com.mx\/home\/#organization","name":"Agencia252","url":"https:\/\/agencia.252.com.mx\/home\/","logo":{"@type":"ImageObject","inLanguage":"es","@id":"https:\/\/agencia.252.com.mx\/home\/#\/schema\/logo\/image\/","url":"https:\/\/agencia.252.com.mx\/wp-content\/uploads\/2023\/02\/cropped-ciruclo-agencia-e1677562404136.png","contentUrl":"https:\/\/agencia.252.com.mx\/wp-content\/uploads\/2023\/02\/cropped-ciruclo-agencia-e1677562404136.png","width":512,"height":512,"caption":"Agencia252"},"image":{"@id":"https:\/\/agencia.252.com.mx\/home\/#\/schema\/logo\/image\/"},"sameAs":["https:\/\/www.facebook.com\/252Comunicacion\/","https:\/\/x.com\/252COMS"]},{"@type":"Person","@id":"https:\/\/agencia.252.com.mx\/home\/#\/schema\/person\/6b972021e9a92d45ade8c78d81509098","name":"Nacho Corro","image":{"@type":"ImageObject","inLanguage":"es","@id":"https:\/\/secure.gravatar.com\/avatar\/5db6df507cfe1307e192fbb498c6b85f1cf2ffd8b4cd37141b9eea588fcbd5a4?s=96&r=g","url":"https:\/\/secure.gravatar.com\/avatar\/5db6df507cfe1307e192fbb498c6b85f1cf2ffd8b4cd37141b9eea588fcbd5a4?s=96&r=g","contentUrl":"https:\/\/secure.gravatar.com\/avatar\/5db6df507cfe1307e192fbb498c6b85f1cf2ffd8b4cd37141b9eea588fcbd5a4?s=96&r=g","caption":"Nacho Corro"},"description":"Comunicador Social, Periodista y Administraci\u00f3n P\u00fablica. Conversador pol\u00edtico, temas electorales y seguridad. Generador de contenidos digitales. Amante de la fotograf\u00eda","sameAs":["https:\/\/www.facebook.com\/jcorroherrera\/","www.instagram.com\/nachocorro\/","https:\/\/x.com\/Juan Ignacio Corro Herrera"],"url":"https:\/\/agencia.252.com.mx\/home\/author\/i-corro\/"}]}},"_links":{"self":[{"href":"https:\/\/agencia.252.com.mx\/home\/wp-json\/wp\/v2\/posts\/17730","targetHints":{"allow":["GET"]}}],"collection":[{"href":"https:\/\/agencia.252.com.mx\/home\/wp-json\/wp\/v2\/posts"}],"about":[{"href":"https:\/\/agencia.252.com.mx\/home\/wp-json\/wp\/v2\/types\/post"}],"author":[{"embeddable":true,"href":"https:\/\/agencia.252.com.mx\/home\/wp-json\/wp\/v2\/users\/5"}],"replies":[{"embeddable":true,"href":"https:\/\/agencia.252.com.mx\/home\/wp-json\/wp\/v2\/comments?post=17730"}],"version-history":[{"count":1,"href":"https:\/\/agencia.252.com.mx\/home\/wp-json\/wp\/v2\/posts\/17730\/revisions"}],"predecessor-version":[{"id":17734,"href":"https:\/\/agencia.252.com.mx\/home\/wp-json\/wp\/v2\/posts\/17730\/revisions\/17734"}],"wp:featuredmedia":[{"embeddable":true,"href":"https:\/\/agencia.252.com.mx\/home\/wp-json\/wp\/v2\/media\/17731"}],"wp:attachment":[{"href":"https:\/\/agencia.252.com.mx\/home\/wp-json\/wp\/v2\/media?parent=17730"}],"wp:term":[{"taxonomy":"category","embeddable":true,"href":"https:\/\/agencia.252.com.mx\/home\/wp-json\/wp\/v2\/categories?post=17730"},{"taxonomy":"post_tag","embeddable":true,"href":"https:\/\/agencia.252.com.mx\/home\/wp-json\/wp\/v2\/tags?post=17730"}],"curies":[{"name":"wp","href":"https:\/\/api.w.org\/{rel}","templated":true}]}}