{"id":17724,"date":"2026-03-29T14:07:42","date_gmt":"2026-03-29T20:07:42","guid":{"rendered":"https:\/\/agencia.252.com.mx\/home\/?p=17724"},"modified":"2026-03-29T14:07:43","modified_gmt":"2026-03-29T20:07:43","slug":"toma-precauciones-al-salir-a-carretera-en-estas-vacaciones-de-semana-santa","status":"publish","type":"post","link":"https:\/\/agencia.252.com.mx\/home\/toma-precauciones-al-salir-a-carretera-en-estas-vacaciones-de-semana-santa\/","title":{"rendered":"Toma precauciones al salir a carretera en estas vacaciones de Semana Santa"},"content":{"rendered":"<p>Visitas: 12<\/p>\n<ul class=\"wp-block-list\">\n<li><em>En d\u00edas de asueto se incrementa el tr\u00e1fico vehicular en las 12 carreteras de cuota a cargo del Gobierno estatal, vialidades libres de peaje y autopistas federales que convergen en la entidad.<\/em><\/li>\n\n\n\n<li><em>Es conveniente revisar las condiciones f\u00edsico-mec\u00e1nicas del autom\u00f3vil; para los motociclistas, usar equipo de seguridad; as\u00ed como respetar el reglamento de tr\u00e1nsito y tener presentes los n\u00fameros de emergencia.<\/em><\/li>\n<\/ul>\n\n\n\n<p><em>Juan Ignacio Corro&nbsp;<\/em><\/p>\n\n\n\n<p class=\"has-text-align-right\"><em>Ecatepec, Estado de M\u00e9xico, a 28 de marzo de 2026<\/em><\/p>\n\n\n\n<p>Con el prop\u00f3sito de que las y los mexiquenses viajen seguros y lleguen con tranquilidad a sus destinos vacacionales de Semana Santa, se recomienda a las y los usuarios de la red carretera del Estado de M\u00e9xico, extremar precauciones y tomar en cuenta las se\u00f1alizaciones viales durante sus traslados.<\/p>\n\n\n\n<p>Juan Hugo de la Rosa, Secretario de Movilidad, afirm\u00f3 que en d\u00edas de asueto se incrementa el tr\u00e1fico vehicular en los 465 kil\u00f3metros de las 12 carreteras de cuota a cargo del Estado de M\u00e9xico, en los m\u00e1s de cuatro mil 326 kil\u00f3metros de vialidades libres de peaje que atiende la Junta de Caminos del Estado de M\u00e9xico, as\u00ed como en las autopistas federales que convergen en la entidad mexiquense.<\/p>\n\n\n\n<p>Por ello, asegur\u00f3 que es conveniente revisar las condiciones f\u00edsico-mec\u00e1nicas del autom\u00f3vil antes de salir a carretera: aceite de veh\u00edculo, anticongelante, presi\u00f3n y alineaci\u00f3n de las llantas, sistema de frenos, las luces delanteras y traseras, con el objetivo de evitar incidentes que pongan en riesgo la integridad f\u00edsica de las y los mexiquenses y visitantes, para que puedan disfrutar su estancia en los diversos espacios religiosos y tur\u00edsticos de la entidad.<\/p>\n\n\n\n<p>Los usuarios de motociclistas deber\u00e1n usar casco y se recomienda el equipo de seguridad completo, conducir con responsabilidad y respeto hacia los peatones y dem\u00e1s veh\u00edculos.<\/p>\n\n\n\n<p>Roberto Carlos \u00c1lvarez Ju\u00e1rez, Director General del Sistema de Autopistas, Aeropuertos, Servicios Conexos y Auxiliares del Estado de M\u00e9xico (SAASCAEM), recomend\u00f3 usar el cintur\u00f3n de seguridad, respetar los l\u00edmites de velocidad y se\u00f1alamientos viales, evitar utilizar el tel\u00e9fono celular al conducir, no manejar cansado o bajo los efectos del alcohol o alguna sustancia t\u00f3xica, ya que, detall\u00f3, que el 75 por ciento de los accidentes se producen por estas causas.<\/p>\n\n\n\n<p>Es importante mantenerse informado sobre el estado de las carreteras y utilizar las autopistas y libramientos para mayor seguridad. Se deben tener presentes los n\u00fameros de emergencia:<\/p>\n\n\n\n<p>El 9-1-1, n\u00famero nacional de emergencias en el que se podr\u00e1 obtener apoyo de la Secretar\u00eda de Seguridad del Estado de M\u00e9xico (SSEM), de la Fiscal\u00eda General de Justicia del Estado de M\u00e9xico (FGJEM), polic\u00edas municipales, Cruz Roja, bomberos, protecci\u00f3n civil y el Sistema Nacional de Atenci\u00f3n de Emergencias.<\/p>\n\n\n\n<p>El 088 de la Guardia Nacional.<\/p>\n\n\n\n<p>El 074 para la atenci\u00f3n telef\u00f3nica de emergencia y auxilio vial de Caminos y Puentes Federales (CAPUFE),<\/p>\n\n\n\n<p>As\u00ed como los n\u00fameros telef\u00f3nicos de las autopistas de cuota a cargo del Estado de M\u00e9xico, que se encuentran impresos en los tikets de pago y en las casetas de cobro.<\/p>\n\n\n\n<p>Se recomienda planear con anticipaci\u00f3n los trayectos y tomar en cuenta los tiempos de recorrido para respetar las distintas formas de movilidad en las comunidades, la cultura vial, asimismo el derecho humano a la movilidad y al libre tr\u00e1nsito.<\/p>\n","protected":false},"excerpt":{"rendered":"<p>Visitas: 12 Juan Ignacio Corro&nbsp; Ecatepec, Estado de M\u00e9xico, a 28 de marzo de 2026 Con el prop\u00f3sito de que las y los mexiquenses viajen seguros y lleguen con tranquilidad a sus destinos vacacionales de Semana Santa, se recomienda a las y los usuarios de la red carretera del Estado de M\u00e9xico, extremar precauciones y [&hellip;]<\/p>\n","protected":false},"author":5,"featured_media":17735,"comment_status":"open","ping_status":"open","sticky":false,"template":"","format":"standard","meta":{"site-sidebar-layout":"default","site-content-layout":"","ast-site-content-layout":"default","site-content-style":"default","site-sidebar-style":"default","ast-global-header-display":"","ast-banner-title-visibility":"","ast-main-header-display":"","ast-hfb-above-header-display":"","ast-hfb-below-header-display":"","ast-hfb-mobile-header-display":"","site-post-title":"","ast-breadcrumbs-content":"","ast-featured-img":"","footer-sml-layout":"","ast-disable-related-posts":"","theme-transparent-header-meta":"","adv-header-id-meta":"","stick-header-meta":"","header-above-stick-meta":"","header-main-stick-meta":"","header-below-stick-meta":"","astra-migrate-meta-layouts":"set","ast-page-background-enabled":"default","ast-page-background-meta":{"desktop":{"background-color":"var(--ast-global-color-4)","background-image":"","background-repeat":"repeat","background-position":"center center","background-size":"auto","background-attachment":"scroll","background-type":"","background-media":"","overlay-type":"","overlay-color":"","overlay-opacity":"","overlay-gradient":""},"tablet":{"background-color":"","background-image":"","background-repeat":"repeat","background-position":"center center","background-size":"auto","background-attachment":"scroll","background-type":"","background-media":"","overlay-type":"","overlay-color":"","overlay-opacity":"","overlay-gradient":""},"mobile":{"background-color":"","background-image":"","background-repeat":"repeat","background-position":"center center","background-size":"auto","background-attachment":"scroll","background-type":"","background-media":"","overlay-type":"","overlay-color":"","overlay-opacity":"","overlay-gradient":""}},"ast-content-background-meta":{"desktop":{"background-color":"var(--ast-global-color-5)","background-image":"","background-repeat":"repeat","background-position":"center center","background-size":"auto","background-attachment":"scroll","background-type":"","background-media":"","overlay-type":"","overlay-color":"","overlay-opacity":"","overlay-gradient":""},"tablet":{"background-color":"var(--ast-global-color-5)","background-image":"","background-repeat":"repeat","background-position":"center center","background-size":"auto","background-attachment":"scroll","background-type":"","background-media":"","overlay-type":"","overlay-color":"","overlay-opacity":"","overlay-gradient":""},"mobile":{"background-color":"var(--ast-global-color-5)","background-image":"","background-repeat":"repeat","background-position":"center center","background-size":"auto","background-attachment":"scroll","background-type":"","background-media":"","overlay-type":"","overlay-color":"","overlay-opacity":"","overlay-gradient":""}},"footnotes":""},"categories":[8,512,68],"tags":[526],"class_list":["post-17724","post","type-post","status-publish","format-standard","has-post-thumbnail","hentry","category-edomex","category-metropoli","category-seguridad","tag-edomex"],"yoast_head":"<!-- This site is optimized with the Yoast SEO plugin v27.4 - https:\/\/yoast.com\/product\/yoast-seo-wordpress\/ -->\n<title>Toma precauciones al salir a carretera en estas vacaciones de Semana Santa - Agencia252<\/title>\n<meta name=\"robots\" content=\"index, follow, max-snippet:-1, max-image-preview:large, max-video-preview:-1\" \/>\n<link rel=\"canonical\" href=\"https:\/\/agencia.252.com.mx\/home\/toma-precauciones-al-salir-a-carretera-en-estas-vacaciones-de-semana-santa\/\" \/>\n<meta property=\"og:locale\" content=\"es_ES\" \/>\n<meta property=\"og:type\" content=\"article\" \/>\n<meta property=\"og:title\" content=\"Toma precauciones al salir a carretera en estas vacaciones de Semana Santa - Agencia252\" \/>\n<meta property=\"og:description\" content=\"Visitas: 12 Juan Ignacio Corro&nbsp; Ecatepec, Estado de M\u00e9xico, a 28 de marzo de 2026 Con el prop\u00f3sito de que las y los mexiquenses viajen seguros y lleguen con tranquilidad a sus destinos vacacionales de Semana Santa, se recomienda a las y los usuarios de la red carretera del Estado de M\u00e9xico, extremar precauciones y [&hellip;]\" \/>\n<meta property=\"og:url\" content=\"https:\/\/agencia.252.com.mx\/home\/toma-precauciones-al-salir-a-carretera-en-estas-vacaciones-de-semana-santa\/\" \/>\n<meta property=\"og:site_name\" content=\"Agencia252\" \/>\n<meta property=\"article:publisher\" content=\"https:\/\/www.facebook.com\/252Comunicacion\/\" \/>\n<meta property=\"article:author\" content=\"https:\/\/www.facebook.com\/jcorroherrera\/\" \/>\n<meta property=\"article:published_time\" content=\"2026-03-29T20:07:42+00:00\" \/>\n<meta property=\"article:modified_time\" content=\"2026-03-29T20:07:43+00:00\" \/>\n<meta property=\"og:image\" content=\"http:\/\/agencia.252.com.mx\/wp-content\/uploads\/2026\/03\/w2_14021_1.jpeg\" \/>\n\t<meta property=\"og:image:width\" content=\"1600\" \/>\n\t<meta property=\"og:image:height\" content=\"900\" \/>\n\t<meta property=\"og:image:type\" content=\"image\/jpeg\" \/>\n<meta name=\"author\" content=\"Nacho Corro\" \/>\n<meta name=\"twitter:card\" content=\"summary_large_image\" \/>\n<meta name=\"twitter:creator\" content=\"@Juan Ignacio Corro Herrera\" \/>\n<meta name=\"twitter:site\" content=\"@252COMS\" \/>\n<meta name=\"twitter:label1\" content=\"Escrito por\" \/>\n\t<meta name=\"twitter:data1\" content=\"Nacho Corro\" \/>\n\t<meta name=\"twitter:label2\" content=\"Tiempo de lectura\" \/>\n\t<meta name=\"twitter:data2\" content=\"3 minutos\" \/>\n<script type=\"application\/ld+json\" class=\"yoast-schema-graph\">{\"@context\":\"https:\\\/\\\/schema.org\",\"@graph\":[{\"@type\":\"Article\",\"@id\":\"https:\\\/\\\/agencia.252.com.mx\\\/home\\\/toma-precauciones-al-salir-a-carretera-en-estas-vacaciones-de-semana-santa\\\/#article\",\"isPartOf\":{\"@id\":\"https:\\\/\\\/agencia.252.com.mx\\\/home\\\/toma-precauciones-al-salir-a-carretera-en-estas-vacaciones-de-semana-santa\\\/\"},\"author\":{\"name\":\"Nacho Corro\",\"@id\":\"https:\\\/\\\/agencia.252.com.mx\\\/home\\\/#\\\/schema\\\/person\\\/6b972021e9a92d45ade8c78d81509098\"},\"headline\":\"Toma precauciones al salir a carretera en estas vacaciones de Semana Santa\",\"datePublished\":\"2026-03-29T20:07:42+00:00\",\"dateModified\":\"2026-03-29T20:07:43+00:00\",\"mainEntityOfPage\":{\"@id\":\"https:\\\/\\\/agencia.252.com.mx\\\/home\\\/toma-precauciones-al-salir-a-carretera-en-estas-vacaciones-de-semana-santa\\\/\"},\"wordCount\":586,\"commentCount\":0,\"publisher\":{\"@id\":\"https:\\\/\\\/agencia.252.com.mx\\\/home\\\/#organization\"},\"image\":{\"@id\":\"https:\\\/\\\/agencia.252.com.mx\\\/home\\\/toma-precauciones-al-salir-a-carretera-en-estas-vacaciones-de-semana-santa\\\/#primaryimage\"},\"thumbnailUrl\":\"https:\\\/\\\/agencia.252.com.mx\\\/wp-content\\\/uploads\\\/2026\\\/03\\\/w2_14021_1.jpeg\",\"keywords\":[\"Edomex\"],\"articleSection\":[\"Edomex\",\"Metropoli\",\"Seguridad\"],\"inLanguage\":\"es\",\"potentialAction\":[{\"@type\":\"CommentAction\",\"name\":\"Comment\",\"target\":[\"https:\\\/\\\/agencia.252.com.mx\\\/home\\\/toma-precauciones-al-salir-a-carretera-en-estas-vacaciones-de-semana-santa\\\/#respond\"]}]},{\"@type\":\"WebPage\",\"@id\":\"https:\\\/\\\/agencia.252.com.mx\\\/home\\\/toma-precauciones-al-salir-a-carretera-en-estas-vacaciones-de-semana-santa\\\/\",\"url\":\"https:\\\/\\\/agencia.252.com.mx\\\/home\\\/toma-precauciones-al-salir-a-carretera-en-estas-vacaciones-de-semana-santa\\\/\",\"name\":\"Toma precauciones al salir a carretera en estas vacaciones de Semana Santa - Agencia252\",\"isPartOf\":{\"@id\":\"https:\\\/\\\/agencia.252.com.mx\\\/home\\\/#website\"},\"primaryImageOfPage\":{\"@id\":\"https:\\\/\\\/agencia.252.com.mx\\\/home\\\/toma-precauciones-al-salir-a-carretera-en-estas-vacaciones-de-semana-santa\\\/#primaryimage\"},\"image\":{\"@id\":\"https:\\\/\\\/agencia.252.com.mx\\\/home\\\/toma-precauciones-al-salir-a-carretera-en-estas-vacaciones-de-semana-santa\\\/#primaryimage\"},\"thumbnailUrl\":\"https:\\\/\\\/agencia.252.com.mx\\\/wp-content\\\/uploads\\\/2026\\\/03\\\/w2_14021_1.jpeg\",\"datePublished\":\"2026-03-29T20:07:42+00:00\",\"dateModified\":\"2026-03-29T20:07:43+00:00\",\"breadcrumb\":{\"@id\":\"https:\\\/\\\/agencia.252.com.mx\\\/home\\\/toma-precauciones-al-salir-a-carretera-en-estas-vacaciones-de-semana-santa\\\/#breadcrumb\"},\"inLanguage\":\"es\",\"potentialAction\":[{\"@type\":\"ReadAction\",\"target\":[\"https:\\\/\\\/agencia.252.com.mx\\\/home\\\/toma-precauciones-al-salir-a-carretera-en-estas-vacaciones-de-semana-santa\\\/\"]}]},{\"@type\":\"ImageObject\",\"inLanguage\":\"es\",\"@id\":\"https:\\\/\\\/agencia.252.com.mx\\\/home\\\/toma-precauciones-al-salir-a-carretera-en-estas-vacaciones-de-semana-santa\\\/#primaryimage\",\"url\":\"https:\\\/\\\/agencia.252.com.mx\\\/wp-content\\\/uploads\\\/2026\\\/03\\\/w2_14021_1.jpeg\",\"contentUrl\":\"https:\\\/\\\/agencia.252.com.mx\\\/wp-content\\\/uploads\\\/2026\\\/03\\\/w2_14021_1.jpeg\",\"width\":1600,\"height\":900},{\"@type\":\"BreadcrumbList\",\"@id\":\"https:\\\/\\\/agencia.252.com.mx\\\/home\\\/toma-precauciones-al-salir-a-carretera-en-estas-vacaciones-de-semana-santa\\\/#breadcrumb\",\"itemListElement\":[{\"@type\":\"ListItem\",\"position\":1,\"name\":\"Portada\",\"item\":\"https:\\\/\\\/agencia.252.com.mx\\\/home\\\/\"},{\"@type\":\"ListItem\",\"position\":2,\"name\":\"Toma precauciones al salir a carretera en estas vacaciones de Semana Santa\"}]},{\"@type\":\"WebSite\",\"@id\":\"https:\\\/\\\/agencia.252.com.mx\\\/home\\\/#website\",\"url\":\"https:\\\/\\\/agencia.252.com.mx\\\/home\\\/\",\"name\":\"Agencia252\",\"description\":\"Tu espacio en la Red\",\"publisher\":{\"@id\":\"https:\\\/\\\/agencia.252.com.mx\\\/home\\\/#organization\"},\"potentialAction\":[{\"@type\":\"SearchAction\",\"target\":{\"@type\":\"EntryPoint\",\"urlTemplate\":\"https:\\\/\\\/agencia.252.com.mx\\\/home\\\/?s={search_term_string}\"},\"query-input\":{\"@type\":\"PropertyValueSpecification\",\"valueRequired\":true,\"valueName\":\"search_term_string\"}}],\"inLanguage\":\"es\"},{\"@type\":\"Organization\",\"@id\":\"https:\\\/\\\/agencia.252.com.mx\\\/home\\\/#organization\",\"name\":\"Agencia252\",\"url\":\"https:\\\/\\\/agencia.252.com.mx\\\/home\\\/\",\"logo\":{\"@type\":\"ImageObject\",\"inLanguage\":\"es\",\"@id\":\"https:\\\/\\\/agencia.252.com.mx\\\/home\\\/#\\\/schema\\\/logo\\\/image\\\/\",\"url\":\"https:\\\/\\\/agencia.252.com.mx\\\/wp-content\\\/uploads\\\/2023\\\/02\\\/cropped-ciruclo-agencia-e1677562404136.png\",\"contentUrl\":\"https:\\\/\\\/agencia.252.com.mx\\\/wp-content\\\/uploads\\\/2023\\\/02\\\/cropped-ciruclo-agencia-e1677562404136.png\",\"width\":512,\"height\":512,\"caption\":\"Agencia252\"},\"image\":{\"@id\":\"https:\\\/\\\/agencia.252.com.mx\\\/home\\\/#\\\/schema\\\/logo\\\/image\\\/\"},\"sameAs\":[\"https:\\\/\\\/www.facebook.com\\\/252Comunicacion\\\/\",\"https:\\\/\\\/x.com\\\/252COMS\"]},{\"@type\":\"Person\",\"@id\":\"https:\\\/\\\/agencia.252.com.mx\\\/home\\\/#\\\/schema\\\/person\\\/6b972021e9a92d45ade8c78d81509098\",\"name\":\"Nacho Corro\",\"image\":{\"@type\":\"ImageObject\",\"inLanguage\":\"es\",\"@id\":\"https:\\\/\\\/secure.gravatar.com\\\/avatar\\\/5db6df507cfe1307e192fbb498c6b85f1cf2ffd8b4cd37141b9eea588fcbd5a4?s=96&r=g\",\"url\":\"https:\\\/\\\/secure.gravatar.com\\\/avatar\\\/5db6df507cfe1307e192fbb498c6b85f1cf2ffd8b4cd37141b9eea588fcbd5a4?s=96&r=g\",\"contentUrl\":\"https:\\\/\\\/secure.gravatar.com\\\/avatar\\\/5db6df507cfe1307e192fbb498c6b85f1cf2ffd8b4cd37141b9eea588fcbd5a4?s=96&r=g\",\"caption\":\"Nacho Corro\"},\"description\":\"Comunicador Social, Periodista y Administraci\u00f3n P\u00fablica. Conversador pol\u00edtico, temas electorales y seguridad. Generador de contenidos digitales. Amante de la fotograf\u00eda\",\"sameAs\":[\"https:\\\/\\\/www.facebook.com\\\/jcorroherrera\\\/\",\"www.instagram.com\\\/nachocorro\\\/\",\"https:\\\/\\\/x.com\\\/Juan Ignacio Corro Herrera\"],\"url\":\"https:\\\/\\\/agencia.252.com.mx\\\/home\\\/author\\\/i-corro\\\/\"}]}<\/script>\n<!-- \/ Yoast SEO plugin. -->","yoast_head_json":{"title":"Toma precauciones al salir a carretera en estas vacaciones de Semana Santa - Agencia252","robots":{"index":"index","follow":"follow","max-snippet":"max-snippet:-1","max-image-preview":"max-image-preview:large","max-video-preview":"max-video-preview:-1"},"canonical":"https:\/\/agencia.252.com.mx\/home\/toma-precauciones-al-salir-a-carretera-en-estas-vacaciones-de-semana-santa\/","og_locale":"es_ES","og_type":"article","og_title":"Toma precauciones al salir a carretera en estas vacaciones de Semana Santa - Agencia252","og_description":"Visitas: 12 Juan Ignacio Corro&nbsp; Ecatepec, Estado de M\u00e9xico, a 28 de marzo de 2026 Con el prop\u00f3sito de que las y los mexiquenses viajen seguros y lleguen con tranquilidad a sus destinos vacacionales de Semana Santa, se recomienda a las y los usuarios de la red carretera del Estado de M\u00e9xico, extremar precauciones y [&hellip;]","og_url":"https:\/\/agencia.252.com.mx\/home\/toma-precauciones-al-salir-a-carretera-en-estas-vacaciones-de-semana-santa\/","og_site_name":"Agencia252","article_publisher":"https:\/\/www.facebook.com\/252Comunicacion\/","article_author":"https:\/\/www.facebook.com\/jcorroherrera\/","article_published_time":"2026-03-29T20:07:42+00:00","article_modified_time":"2026-03-29T20:07:43+00:00","og_image":[{"width":1600,"height":900,"url":"http:\/\/agencia.252.com.mx\/wp-content\/uploads\/2026\/03\/w2_14021_1.jpeg","type":"image\/jpeg"}],"author":"Nacho Corro","twitter_card":"summary_large_image","twitter_creator":"@Juan Ignacio Corro Herrera","twitter_site":"@252COMS","twitter_misc":{"Escrito por":"Nacho Corro","Tiempo de lectura":"3 minutos"},"schema":{"@context":"https:\/\/schema.org","@graph":[{"@type":"Article","@id":"https:\/\/agencia.252.com.mx\/home\/toma-precauciones-al-salir-a-carretera-en-estas-vacaciones-de-semana-santa\/#article","isPartOf":{"@id":"https:\/\/agencia.252.com.mx\/home\/toma-precauciones-al-salir-a-carretera-en-estas-vacaciones-de-semana-santa\/"},"author":{"name":"Nacho Corro","@id":"https:\/\/agencia.252.com.mx\/home\/#\/schema\/person\/6b972021e9a92d45ade8c78d81509098"},"headline":"Toma precauciones al salir a carretera en estas vacaciones de Semana Santa","datePublished":"2026-03-29T20:07:42+00:00","dateModified":"2026-03-29T20:07:43+00:00","mainEntityOfPage":{"@id":"https:\/\/agencia.252.com.mx\/home\/toma-precauciones-al-salir-a-carretera-en-estas-vacaciones-de-semana-santa\/"},"wordCount":586,"commentCount":0,"publisher":{"@id":"https:\/\/agencia.252.com.mx\/home\/#organization"},"image":{"@id":"https:\/\/agencia.252.com.mx\/home\/toma-precauciones-al-salir-a-carretera-en-estas-vacaciones-de-semana-santa\/#primaryimage"},"thumbnailUrl":"https:\/\/agencia.252.com.mx\/wp-content\/uploads\/2026\/03\/w2_14021_1.jpeg","keywords":["Edomex"],"articleSection":["Edomex","Metropoli","Seguridad"],"inLanguage":"es","potentialAction":[{"@type":"CommentAction","name":"Comment","target":["https:\/\/agencia.252.com.mx\/home\/toma-precauciones-al-salir-a-carretera-en-estas-vacaciones-de-semana-santa\/#respond"]}]},{"@type":"WebPage","@id":"https:\/\/agencia.252.com.mx\/home\/toma-precauciones-al-salir-a-carretera-en-estas-vacaciones-de-semana-santa\/","url":"https:\/\/agencia.252.com.mx\/home\/toma-precauciones-al-salir-a-carretera-en-estas-vacaciones-de-semana-santa\/","name":"Toma precauciones al salir a carretera en estas vacaciones de Semana Santa - Agencia252","isPartOf":{"@id":"https:\/\/agencia.252.com.mx\/home\/#website"},"primaryImageOfPage":{"@id":"https:\/\/agencia.252.com.mx\/home\/toma-precauciones-al-salir-a-carretera-en-estas-vacaciones-de-semana-santa\/#primaryimage"},"image":{"@id":"https:\/\/agencia.252.com.mx\/home\/toma-precauciones-al-salir-a-carretera-en-estas-vacaciones-de-semana-santa\/#primaryimage"},"thumbnailUrl":"https:\/\/agencia.252.com.mx\/wp-content\/uploads\/2026\/03\/w2_14021_1.jpeg","datePublished":"2026-03-29T20:07:42+00:00","dateModified":"2026-03-29T20:07:43+00:00","breadcrumb":{"@id":"https:\/\/agencia.252.com.mx\/home\/toma-precauciones-al-salir-a-carretera-en-estas-vacaciones-de-semana-santa\/#breadcrumb"},"inLanguage":"es","potentialAction":[{"@type":"ReadAction","target":["https:\/\/agencia.252.com.mx\/home\/toma-precauciones-al-salir-a-carretera-en-estas-vacaciones-de-semana-santa\/"]}]},{"@type":"ImageObject","inLanguage":"es","@id":"https:\/\/agencia.252.com.mx\/home\/toma-precauciones-al-salir-a-carretera-en-estas-vacaciones-de-semana-santa\/#primaryimage","url":"https:\/\/agencia.252.com.mx\/wp-content\/uploads\/2026\/03\/w2_14021_1.jpeg","contentUrl":"https:\/\/agencia.252.com.mx\/wp-content\/uploads\/2026\/03\/w2_14021_1.jpeg","width":1600,"height":900},{"@type":"BreadcrumbList","@id":"https:\/\/agencia.252.com.mx\/home\/toma-precauciones-al-salir-a-carretera-en-estas-vacaciones-de-semana-santa\/#breadcrumb","itemListElement":[{"@type":"ListItem","position":1,"name":"Portada","item":"https:\/\/agencia.252.com.mx\/home\/"},{"@type":"ListItem","position":2,"name":"Toma precauciones al salir a carretera en estas vacaciones de Semana Santa"}]},{"@type":"WebSite","@id":"https:\/\/agencia.252.com.mx\/home\/#website","url":"https:\/\/agencia.252.com.mx\/home\/","name":"Agencia252","description":"Tu espacio en la Red","publisher":{"@id":"https:\/\/agencia.252.com.mx\/home\/#organization"},"potentialAction":[{"@type":"SearchAction","target":{"@type":"EntryPoint","urlTemplate":"https:\/\/agencia.252.com.mx\/home\/?s={search_term_string}"},"query-input":{"@type":"PropertyValueSpecification","valueRequired":true,"valueName":"search_term_string"}}],"inLanguage":"es"},{"@type":"Organization","@id":"https:\/\/agencia.252.com.mx\/home\/#organization","name":"Agencia252","url":"https:\/\/agencia.252.com.mx\/home\/","logo":{"@type":"ImageObject","inLanguage":"es","@id":"https:\/\/agencia.252.com.mx\/home\/#\/schema\/logo\/image\/","url":"https:\/\/agencia.252.com.mx\/wp-content\/uploads\/2023\/02\/cropped-ciruclo-agencia-e1677562404136.png","contentUrl":"https:\/\/agencia.252.com.mx\/wp-content\/uploads\/2023\/02\/cropped-ciruclo-agencia-e1677562404136.png","width":512,"height":512,"caption":"Agencia252"},"image":{"@id":"https:\/\/agencia.252.com.mx\/home\/#\/schema\/logo\/image\/"},"sameAs":["https:\/\/www.facebook.com\/252Comunicacion\/","https:\/\/x.com\/252COMS"]},{"@type":"Person","@id":"https:\/\/agencia.252.com.mx\/home\/#\/schema\/person\/6b972021e9a92d45ade8c78d81509098","name":"Nacho Corro","image":{"@type":"ImageObject","inLanguage":"es","@id":"https:\/\/secure.gravatar.com\/avatar\/5db6df507cfe1307e192fbb498c6b85f1cf2ffd8b4cd37141b9eea588fcbd5a4?s=96&r=g","url":"https:\/\/secure.gravatar.com\/avatar\/5db6df507cfe1307e192fbb498c6b85f1cf2ffd8b4cd37141b9eea588fcbd5a4?s=96&r=g","contentUrl":"https:\/\/secure.gravatar.com\/avatar\/5db6df507cfe1307e192fbb498c6b85f1cf2ffd8b4cd37141b9eea588fcbd5a4?s=96&r=g","caption":"Nacho Corro"},"description":"Comunicador Social, Periodista y Administraci\u00f3n P\u00fablica. Conversador pol\u00edtico, temas electorales y seguridad. Generador de contenidos digitales. Amante de la fotograf\u00eda","sameAs":["https:\/\/www.facebook.com\/jcorroherrera\/","www.instagram.com\/nachocorro\/","https:\/\/x.com\/Juan Ignacio Corro Herrera"],"url":"https:\/\/agencia.252.com.mx\/home\/author\/i-corro\/"}]}},"_links":{"self":[{"href":"https:\/\/agencia.252.com.mx\/home\/wp-json\/wp\/v2\/posts\/17724","targetHints":{"allow":["GET"]}}],"collection":[{"href":"https:\/\/agencia.252.com.mx\/home\/wp-json\/wp\/v2\/posts"}],"about":[{"href":"https:\/\/agencia.252.com.mx\/home\/wp-json\/wp\/v2\/types\/post"}],"author":[{"embeddable":true,"href":"https:\/\/agencia.252.com.mx\/home\/wp-json\/wp\/v2\/users\/5"}],"replies":[{"embeddable":true,"href":"https:\/\/agencia.252.com.mx\/home\/wp-json\/wp\/v2\/comments?post=17724"}],"version-history":[{"count":1,"href":"https:\/\/agencia.252.com.mx\/home\/wp-json\/wp\/v2\/posts\/17724\/revisions"}],"predecessor-version":[{"id":17736,"href":"https:\/\/agencia.252.com.mx\/home\/wp-json\/wp\/v2\/posts\/17724\/revisions\/17736"}],"wp:featuredmedia":[{"embeddable":true,"href":"https:\/\/agencia.252.com.mx\/home\/wp-json\/wp\/v2\/media\/17735"}],"wp:attachment":[{"href":"https:\/\/agencia.252.com.mx\/home\/wp-json\/wp\/v2\/media?parent=17724"}],"wp:term":[{"taxonomy":"category","embeddable":true,"href":"https:\/\/agencia.252.com.mx\/home\/wp-json\/wp\/v2\/categories?post=17724"},{"taxonomy":"post_tag","embeddable":true,"href":"https:\/\/agencia.252.com.mx\/home\/wp-json\/wp\/v2\/tags?post=17724"}],"curies":[{"name":"wp","href":"https:\/\/api.w.org\/{rel}","templated":true}]}}