{"id":17720,"date":"2026-03-28T14:41:53","date_gmt":"2026-03-28T20:41:53","guid":{"rendered":"https:\/\/agencia.252.com.mx\/home\/?p=17720"},"modified":"2026-03-28T14:42:25","modified_gmt":"2026-03-28T20:42:25","slug":"cambia-la-presidencia-de-consejo-intermunicipal-de-seguridad-publica-region-9-del-edomex","status":"publish","type":"post","link":"https:\/\/agencia.252.com.mx\/home\/cambia-la-presidencia-de-consejo-intermunicipal-de-seguridad-publica-region-9-del-edomex\/","title":{"rendered":"Cambia la Presidencia de Consejo Intermunicipal de Seguridad P\u00fablica regi\u00f3n 9 del Edomex\u00a0"},"content":{"rendered":"<p>Visitas: 20<\/p>\n<ul class=\"wp-block-list\">\n<li><em>Se acord\u00f3 dar continuidad a las evaluaciones de control de con\ufb01anza y capacitaciones para las respectivas corporaciones policiacas<\/em><\/li>\n<\/ul>\n\n\n\n<p><em>Juan Ignacio Corro&nbsp;<\/em><\/p>\n\n\n\n<p class=\"has-text-align-right\"><em>Ecatepec, Estado de M\u00e9xico, a 28 de marzo de 2026<\/em><\/p>\n\n\n\n<p>El alcalde Daniel Serrano asumi\u00f3 la Presidencia del Consejo Intermunicipal, durante la Quinta Sesi\u00f3n Ordinaria del Consejo Intermunicipal de Seguridad P\u00fablica, en la que participaron sus hom\u00f3logos de los municipios de Atizap\u00e1n de Zaragoza, Pedro Rodr\u00edguez Villegas y de Tlalnepantla de Baz, Raciel P\u00e9rez Cruz.<\/p>\n\n\n\n<p>El alcalde reconoci\u00f3 el trabajo del edil de Atizap\u00e1n de Zaragoza, Pedro Rodr\u00edguez Villegas quien hasta entonces se desempe\u00f1\u00f3 en dicha posici\u00f3n.<\/p>\n\n\n\n<figure class=\"wp-block-image size-large\"><img fetchpriority=\"high\" decoding=\"async\" width=\"1024\" height=\"682\" src=\"http:\/\/agencia.252.com.mx\/wp-content\/uploads\/2026\/03\/WhatsApp-Image-2026-03-28-at-10.36.33-AM-3-1024x682.jpeg\" alt=\"\" class=\"wp-image-17721\" srcset=\"https:\/\/agencia.252.com.mx\/wp-content\/uploads\/2026\/03\/WhatsApp-Image-2026-03-28-at-10.36.33-AM-3-1024x682.jpeg 1024w, https:\/\/agencia.252.com.mx\/wp-content\/uploads\/2026\/03\/WhatsApp-Image-2026-03-28-at-10.36.33-AM-3-300x200.jpeg 300w, https:\/\/agencia.252.com.mx\/wp-content\/uploads\/2026\/03\/WhatsApp-Image-2026-03-28-at-10.36.33-AM-3-768x512.jpeg 768w, https:\/\/agencia.252.com.mx\/wp-content\/uploads\/2026\/03\/WhatsApp-Image-2026-03-28-at-10.36.33-AM-3-1536x1023.jpeg 1536w, https:\/\/agencia.252.com.mx\/wp-content\/uploads\/2026\/03\/WhatsApp-Image-2026-03-28-at-10.36.33-AM-3.jpeg 1600w\" sizes=\"(max-width: 1024px) 100vw, 1024px\" \/><\/figure>\n\n\n\n<p>Durante la sesi\u00f3n, en la cual tambi\u00e9n particip\u00f3 Pedro Guevara por parte del Secretariado Ejecutivo del Sistema Estatal de Seguridad, se dio cuenta de los avances en reducci\u00f3n de la incidencia delictiva en los tres municipios que comprenden la regi\u00f3n, destacando 27 il\u00edcitos con tendencia a la baja en las demarcaciones.<\/p>\n\n\n\n<p>En el caso de Cuautitl\u00e1n Izcalli se reporta disminuci\u00f3n, de febrero de 2025 a febrero de 2026, en homicidio doloso (-57%), lesiones (-14%), abuso sexual (-50%), acoso sexual (-75%), violaci\u00f3n (-50%), robo a casa (-71%), robo de veh\u00edculo (-21%), robo de autopartes (-50%), robo a transportista (-21%), extorsi\u00f3n (-50%) y violencia de g\u00e9nero (-100%).<\/p>\n\n\n\n<p>Se acord\u00f3 dar continuidad a las evaluaciones de control de con\ufb01anza y capacitaciones para las respectivas corporaciones policiacas, lo cual brinde una atenci\u00f3n cercana y profesional a la ciudadan\u00eda. Asimismo, fortalecer los esfuerzos de prevenci\u00f3n del delito a trav\u00e9s de labores coordinadas y transversales entre instancias locales y estatales.<\/p>\n\n\n\n<p>Dependencias del Gobierno del Estado de M\u00e9xico, como la Secretar\u00eda de Seguridad, la Secretar\u00eda de Movilidad y de Salud, refrendaron su voluntad de coadyuvar con las estrategias de los municipios en esta materia, tal como lo demuestra la colaboraci\u00f3n de la Polic\u00eda Estatal en distintos operativos como \u201cTransporte Seguro\u201d, \u201cLangosta\u201d y \u201cPegaso\u201d.<\/p>\n","protected":false},"excerpt":{"rendered":"<p>Visitas: 20 Juan Ignacio Corro&nbsp; Ecatepec, Estado de M\u00e9xico, a 28 de marzo de 2026 El alcalde Daniel Serrano asumi\u00f3 la Presidencia del Consejo Intermunicipal, durante la Quinta Sesi\u00f3n Ordinaria del Consejo Intermunicipal de Seguridad P\u00fablica, en la que participaron sus hom\u00f3logos de los municipios de Atizap\u00e1n de Zaragoza, Pedro Rodr\u00edguez Villegas y de Tlalnepantla [&hellip;]<\/p>\n","protected":false},"author":5,"featured_media":17722,"comment_status":"open","ping_status":"open","sticky":false,"template":"","format":"standard","meta":{"site-sidebar-layout":"default","site-content-layout":"","ast-site-content-layout":"default","site-content-style":"default","site-sidebar-style":"default","ast-global-header-display":"","ast-banner-title-visibility":"","ast-main-header-display":"","ast-hfb-above-header-display":"","ast-hfb-below-header-display":"","ast-hfb-mobile-header-display":"","site-post-title":"","ast-breadcrumbs-content":"","ast-featured-img":"","footer-sml-layout":"","ast-disable-related-posts":"","theme-transparent-header-meta":"","adv-header-id-meta":"","stick-header-meta":"","header-above-stick-meta":"","header-main-stick-meta":"","header-below-stick-meta":"","astra-migrate-meta-layouts":"set","ast-page-background-enabled":"default","ast-page-background-meta":{"desktop":{"background-color":"var(--ast-global-color-4)","background-image":"","background-repeat":"repeat","background-position":"center center","background-size":"auto","background-attachment":"scroll","background-type":"","background-media":"","overlay-type":"","overlay-color":"","overlay-opacity":"","overlay-gradient":""},"tablet":{"background-color":"","background-image":"","background-repeat":"repeat","background-position":"center center","background-size":"auto","background-attachment":"scroll","background-type":"","background-media":"","overlay-type":"","overlay-color":"","overlay-opacity":"","overlay-gradient":""},"mobile":{"background-color":"","background-image":"","background-repeat":"repeat","background-position":"center center","background-size":"auto","background-attachment":"scroll","background-type":"","background-media":"","overlay-type":"","overlay-color":"","overlay-opacity":"","overlay-gradient":""}},"ast-content-background-meta":{"desktop":{"background-color":"var(--ast-global-color-5)","background-image":"","background-repeat":"repeat","background-position":"center center","background-size":"auto","background-attachment":"scroll","background-type":"","background-media":"","overlay-type":"","overlay-color":"","overlay-opacity":"","overlay-gradient":""},"tablet":{"background-color":"var(--ast-global-color-5)","background-image":"","background-repeat":"repeat","background-position":"center center","background-size":"auto","background-attachment":"scroll","background-type":"","background-media":"","overlay-type":"","overlay-color":"","overlay-opacity":"","overlay-gradient":""},"mobile":{"background-color":"var(--ast-global-color-5)","background-image":"","background-repeat":"repeat","background-position":"center center","background-size":"auto","background-attachment":"scroll","background-type":"","background-media":"","overlay-type":"","overlay-color":"","overlay-opacity":"","overlay-gradient":""}},"footnotes":""},"categories":[324,8,68],"tags":[526],"class_list":["post-17720","post","type-post","status-publish","format-standard","has-post-thumbnail","hentry","category-cuautitlan-izcalli","category-edomex","category-seguridad","tag-edomex"],"yoast_head":"<!-- This site is optimized with the Yoast SEO plugin v27.4 - https:\/\/yoast.com\/product\/yoast-seo-wordpress\/ -->\n<title>Cambia la Presidencia de Consejo Intermunicipal de Seguridad P\u00fablica regi\u00f3n 9 del Edomex\u00a0 - Agencia252<\/title>\n<meta name=\"robots\" content=\"index, follow, max-snippet:-1, max-image-preview:large, max-video-preview:-1\" \/>\n<link rel=\"canonical\" href=\"https:\/\/agencia.252.com.mx\/home\/cambia-la-presidencia-de-consejo-intermunicipal-de-seguridad-publica-region-9-del-edomex\/\" \/>\n<meta property=\"og:locale\" content=\"es_ES\" \/>\n<meta property=\"og:type\" content=\"article\" \/>\n<meta property=\"og:title\" content=\"Cambia la Presidencia de Consejo Intermunicipal de Seguridad P\u00fablica regi\u00f3n 9 del Edomex\u00a0 - Agencia252\" \/>\n<meta property=\"og:description\" content=\"Visitas: 20 Juan Ignacio Corro&nbsp; Ecatepec, Estado de M\u00e9xico, a 28 de marzo de 2026 El alcalde Daniel Serrano asumi\u00f3 la Presidencia del Consejo Intermunicipal, durante la Quinta Sesi\u00f3n Ordinaria del Consejo Intermunicipal de Seguridad P\u00fablica, en la que participaron sus hom\u00f3logos de los municipios de Atizap\u00e1n de Zaragoza, Pedro Rodr\u00edguez Villegas y de Tlalnepantla [&hellip;]\" \/>\n<meta property=\"og:url\" content=\"https:\/\/agencia.252.com.mx\/home\/cambia-la-presidencia-de-consejo-intermunicipal-de-seguridad-publica-region-9-del-edomex\/\" \/>\n<meta property=\"og:site_name\" content=\"Agencia252\" \/>\n<meta property=\"article:publisher\" content=\"https:\/\/www.facebook.com\/252Comunicacion\/\" \/>\n<meta property=\"article:author\" content=\"https:\/\/www.facebook.com\/jcorroherrera\/\" \/>\n<meta property=\"article:published_time\" content=\"2026-03-28T20:41:53+00:00\" \/>\n<meta property=\"article:modified_time\" content=\"2026-03-28T20:42:25+00:00\" \/>\n<meta property=\"og:image\" content=\"http:\/\/agencia.252.com.mx\/wp-content\/uploads\/2026\/03\/WhatsApp-Image-2026-03-28-at-10.36.33-AM.jpeg\" \/>\n\t<meta property=\"og:image:width\" content=\"1600\" \/>\n\t<meta property=\"og:image:height\" content=\"1066\" \/>\n\t<meta property=\"og:image:type\" content=\"image\/jpeg\" \/>\n<meta name=\"author\" content=\"Nacho Corro\" \/>\n<meta name=\"twitter:card\" content=\"summary_large_image\" \/>\n<meta name=\"twitter:creator\" content=\"@Juan Ignacio Corro Herrera\" \/>\n<meta name=\"twitter:site\" content=\"@252COMS\" \/>\n<meta name=\"twitter:label1\" content=\"Escrito por\" \/>\n\t<meta name=\"twitter:data1\" content=\"Nacho Corro\" \/>\n\t<meta name=\"twitter:label2\" content=\"Tiempo de lectura\" \/>\n\t<meta name=\"twitter:data2\" content=\"2 minutos\" \/>\n<script type=\"application\/ld+json\" class=\"yoast-schema-graph\">{\"@context\":\"https:\\\/\\\/schema.org\",\"@graph\":[{\"@type\":\"Article\",\"@id\":\"https:\\\/\\\/agencia.252.com.mx\\\/home\\\/cambia-la-presidencia-de-consejo-intermunicipal-de-seguridad-publica-region-9-del-edomex\\\/#article\",\"isPartOf\":{\"@id\":\"https:\\\/\\\/agencia.252.com.mx\\\/home\\\/cambia-la-presidencia-de-consejo-intermunicipal-de-seguridad-publica-region-9-del-edomex\\\/\"},\"author\":{\"name\":\"Nacho Corro\",\"@id\":\"https:\\\/\\\/agencia.252.com.mx\\\/home\\\/#\\\/schema\\\/person\\\/6b972021e9a92d45ade8c78d81509098\"},\"headline\":\"Cambia la Presidencia de Consejo Intermunicipal de Seguridad P\u00fablica regi\u00f3n 9 del Edomex\u00a0\",\"datePublished\":\"2026-03-28T20:41:53+00:00\",\"dateModified\":\"2026-03-28T20:42:25+00:00\",\"mainEntityOfPage\":{\"@id\":\"https:\\\/\\\/agencia.252.com.mx\\\/home\\\/cambia-la-presidencia-de-consejo-intermunicipal-de-seguridad-publica-region-9-del-edomex\\\/\"},\"wordCount\":346,\"commentCount\":0,\"publisher\":{\"@id\":\"https:\\\/\\\/agencia.252.com.mx\\\/home\\\/#organization\"},\"image\":{\"@id\":\"https:\\\/\\\/agencia.252.com.mx\\\/home\\\/cambia-la-presidencia-de-consejo-intermunicipal-de-seguridad-publica-region-9-del-edomex\\\/#primaryimage\"},\"thumbnailUrl\":\"https:\\\/\\\/agencia.252.com.mx\\\/wp-content\\\/uploads\\\/2026\\\/03\\\/WhatsApp-Image-2026-03-28-at-10.36.33-AM.jpeg\",\"keywords\":[\"Edomex\"],\"articleSection\":[\"Cuautitl\u00e1n Izcalli\",\"Edomex\",\"Seguridad\"],\"inLanguage\":\"es\",\"potentialAction\":[{\"@type\":\"CommentAction\",\"name\":\"Comment\",\"target\":[\"https:\\\/\\\/agencia.252.com.mx\\\/home\\\/cambia-la-presidencia-de-consejo-intermunicipal-de-seguridad-publica-region-9-del-edomex\\\/#respond\"]}]},{\"@type\":\"WebPage\",\"@id\":\"https:\\\/\\\/agencia.252.com.mx\\\/home\\\/cambia-la-presidencia-de-consejo-intermunicipal-de-seguridad-publica-region-9-del-edomex\\\/\",\"url\":\"https:\\\/\\\/agencia.252.com.mx\\\/home\\\/cambia-la-presidencia-de-consejo-intermunicipal-de-seguridad-publica-region-9-del-edomex\\\/\",\"name\":\"Cambia la Presidencia de Consejo Intermunicipal de Seguridad P\u00fablica regi\u00f3n 9 del Edomex\u00a0 - Agencia252\",\"isPartOf\":{\"@id\":\"https:\\\/\\\/agencia.252.com.mx\\\/home\\\/#website\"},\"primaryImageOfPage\":{\"@id\":\"https:\\\/\\\/agencia.252.com.mx\\\/home\\\/cambia-la-presidencia-de-consejo-intermunicipal-de-seguridad-publica-region-9-del-edomex\\\/#primaryimage\"},\"image\":{\"@id\":\"https:\\\/\\\/agencia.252.com.mx\\\/home\\\/cambia-la-presidencia-de-consejo-intermunicipal-de-seguridad-publica-region-9-del-edomex\\\/#primaryimage\"},\"thumbnailUrl\":\"https:\\\/\\\/agencia.252.com.mx\\\/wp-content\\\/uploads\\\/2026\\\/03\\\/WhatsApp-Image-2026-03-28-at-10.36.33-AM.jpeg\",\"datePublished\":\"2026-03-28T20:41:53+00:00\",\"dateModified\":\"2026-03-28T20:42:25+00:00\",\"breadcrumb\":{\"@id\":\"https:\\\/\\\/agencia.252.com.mx\\\/home\\\/cambia-la-presidencia-de-consejo-intermunicipal-de-seguridad-publica-region-9-del-edomex\\\/#breadcrumb\"},\"inLanguage\":\"es\",\"potentialAction\":[{\"@type\":\"ReadAction\",\"target\":[\"https:\\\/\\\/agencia.252.com.mx\\\/home\\\/cambia-la-presidencia-de-consejo-intermunicipal-de-seguridad-publica-region-9-del-edomex\\\/\"]}]},{\"@type\":\"ImageObject\",\"inLanguage\":\"es\",\"@id\":\"https:\\\/\\\/agencia.252.com.mx\\\/home\\\/cambia-la-presidencia-de-consejo-intermunicipal-de-seguridad-publica-region-9-del-edomex\\\/#primaryimage\",\"url\":\"https:\\\/\\\/agencia.252.com.mx\\\/wp-content\\\/uploads\\\/2026\\\/03\\\/WhatsApp-Image-2026-03-28-at-10.36.33-AM.jpeg\",\"contentUrl\":\"https:\\\/\\\/agencia.252.com.mx\\\/wp-content\\\/uploads\\\/2026\\\/03\\\/WhatsApp-Image-2026-03-28-at-10.36.33-AM.jpeg\",\"width\":1600,\"height\":1066},{\"@type\":\"BreadcrumbList\",\"@id\":\"https:\\\/\\\/agencia.252.com.mx\\\/home\\\/cambia-la-presidencia-de-consejo-intermunicipal-de-seguridad-publica-region-9-del-edomex\\\/#breadcrumb\",\"itemListElement\":[{\"@type\":\"ListItem\",\"position\":1,\"name\":\"Portada\",\"item\":\"https:\\\/\\\/agencia.252.com.mx\\\/home\\\/\"},{\"@type\":\"ListItem\",\"position\":2,\"name\":\"Cambia la Presidencia de Consejo Intermunicipal de Seguridad P\u00fablica regi\u00f3n 9 del Edomex\u00a0\"}]},{\"@type\":\"WebSite\",\"@id\":\"https:\\\/\\\/agencia.252.com.mx\\\/home\\\/#website\",\"url\":\"https:\\\/\\\/agencia.252.com.mx\\\/home\\\/\",\"name\":\"Agencia252\",\"description\":\"Tu espacio en la Red\",\"publisher\":{\"@id\":\"https:\\\/\\\/agencia.252.com.mx\\\/home\\\/#organization\"},\"potentialAction\":[{\"@type\":\"SearchAction\",\"target\":{\"@type\":\"EntryPoint\",\"urlTemplate\":\"https:\\\/\\\/agencia.252.com.mx\\\/home\\\/?s={search_term_string}\"},\"query-input\":{\"@type\":\"PropertyValueSpecification\",\"valueRequired\":true,\"valueName\":\"search_term_string\"}}],\"inLanguage\":\"es\"},{\"@type\":\"Organization\",\"@id\":\"https:\\\/\\\/agencia.252.com.mx\\\/home\\\/#organization\",\"name\":\"Agencia252\",\"url\":\"https:\\\/\\\/agencia.252.com.mx\\\/home\\\/\",\"logo\":{\"@type\":\"ImageObject\",\"inLanguage\":\"es\",\"@id\":\"https:\\\/\\\/agencia.252.com.mx\\\/home\\\/#\\\/schema\\\/logo\\\/image\\\/\",\"url\":\"https:\\\/\\\/agencia.252.com.mx\\\/wp-content\\\/uploads\\\/2023\\\/02\\\/cropped-ciruclo-agencia-e1677562404136.png\",\"contentUrl\":\"https:\\\/\\\/agencia.252.com.mx\\\/wp-content\\\/uploads\\\/2023\\\/02\\\/cropped-ciruclo-agencia-e1677562404136.png\",\"width\":512,\"height\":512,\"caption\":\"Agencia252\"},\"image\":{\"@id\":\"https:\\\/\\\/agencia.252.com.mx\\\/home\\\/#\\\/schema\\\/logo\\\/image\\\/\"},\"sameAs\":[\"https:\\\/\\\/www.facebook.com\\\/252Comunicacion\\\/\",\"https:\\\/\\\/x.com\\\/252COMS\"]},{\"@type\":\"Person\",\"@id\":\"https:\\\/\\\/agencia.252.com.mx\\\/home\\\/#\\\/schema\\\/person\\\/6b972021e9a92d45ade8c78d81509098\",\"name\":\"Nacho Corro\",\"image\":{\"@type\":\"ImageObject\",\"inLanguage\":\"es\",\"@id\":\"https:\\\/\\\/secure.gravatar.com\\\/avatar\\\/5db6df507cfe1307e192fbb498c6b85f1cf2ffd8b4cd37141b9eea588fcbd5a4?s=96&r=g\",\"url\":\"https:\\\/\\\/secure.gravatar.com\\\/avatar\\\/5db6df507cfe1307e192fbb498c6b85f1cf2ffd8b4cd37141b9eea588fcbd5a4?s=96&r=g\",\"contentUrl\":\"https:\\\/\\\/secure.gravatar.com\\\/avatar\\\/5db6df507cfe1307e192fbb498c6b85f1cf2ffd8b4cd37141b9eea588fcbd5a4?s=96&r=g\",\"caption\":\"Nacho Corro\"},\"description\":\"Comunicador Social, Periodista y Administraci\u00f3n P\u00fablica. Conversador pol\u00edtico, temas electorales y seguridad. Generador de contenidos digitales. Amante de la fotograf\u00eda\",\"sameAs\":[\"https:\\\/\\\/www.facebook.com\\\/jcorroherrera\\\/\",\"www.instagram.com\\\/nachocorro\\\/\",\"https:\\\/\\\/x.com\\\/Juan Ignacio Corro Herrera\"],\"url\":\"https:\\\/\\\/agencia.252.com.mx\\\/home\\\/author\\\/i-corro\\\/\"}]}<\/script>\n<!-- \/ Yoast SEO plugin. -->","yoast_head_json":{"title":"Cambia la Presidencia de Consejo Intermunicipal de Seguridad P\u00fablica regi\u00f3n 9 del Edomex\u00a0 - Agencia252","robots":{"index":"index","follow":"follow","max-snippet":"max-snippet:-1","max-image-preview":"max-image-preview:large","max-video-preview":"max-video-preview:-1"},"canonical":"https:\/\/agencia.252.com.mx\/home\/cambia-la-presidencia-de-consejo-intermunicipal-de-seguridad-publica-region-9-del-edomex\/","og_locale":"es_ES","og_type":"article","og_title":"Cambia la Presidencia de Consejo Intermunicipal de Seguridad P\u00fablica regi\u00f3n 9 del Edomex\u00a0 - Agencia252","og_description":"Visitas: 20 Juan Ignacio Corro&nbsp; Ecatepec, Estado de M\u00e9xico, a 28 de marzo de 2026 El alcalde Daniel Serrano asumi\u00f3 la Presidencia del Consejo Intermunicipal, durante la Quinta Sesi\u00f3n Ordinaria del Consejo Intermunicipal de Seguridad P\u00fablica, en la que participaron sus hom\u00f3logos de los municipios de Atizap\u00e1n de Zaragoza, Pedro Rodr\u00edguez Villegas y de Tlalnepantla [&hellip;]","og_url":"https:\/\/agencia.252.com.mx\/home\/cambia-la-presidencia-de-consejo-intermunicipal-de-seguridad-publica-region-9-del-edomex\/","og_site_name":"Agencia252","article_publisher":"https:\/\/www.facebook.com\/252Comunicacion\/","article_author":"https:\/\/www.facebook.com\/jcorroherrera\/","article_published_time":"2026-03-28T20:41:53+00:00","article_modified_time":"2026-03-28T20:42:25+00:00","og_image":[{"width":1600,"height":1066,"url":"http:\/\/agencia.252.com.mx\/wp-content\/uploads\/2026\/03\/WhatsApp-Image-2026-03-28-at-10.36.33-AM.jpeg","type":"image\/jpeg"}],"author":"Nacho Corro","twitter_card":"summary_large_image","twitter_creator":"@Juan Ignacio Corro Herrera","twitter_site":"@252COMS","twitter_misc":{"Escrito por":"Nacho Corro","Tiempo de lectura":"2 minutos"},"schema":{"@context":"https:\/\/schema.org","@graph":[{"@type":"Article","@id":"https:\/\/agencia.252.com.mx\/home\/cambia-la-presidencia-de-consejo-intermunicipal-de-seguridad-publica-region-9-del-edomex\/#article","isPartOf":{"@id":"https:\/\/agencia.252.com.mx\/home\/cambia-la-presidencia-de-consejo-intermunicipal-de-seguridad-publica-region-9-del-edomex\/"},"author":{"name":"Nacho Corro","@id":"https:\/\/agencia.252.com.mx\/home\/#\/schema\/person\/6b972021e9a92d45ade8c78d81509098"},"headline":"Cambia la Presidencia de Consejo Intermunicipal de Seguridad P\u00fablica regi\u00f3n 9 del Edomex\u00a0","datePublished":"2026-03-28T20:41:53+00:00","dateModified":"2026-03-28T20:42:25+00:00","mainEntityOfPage":{"@id":"https:\/\/agencia.252.com.mx\/home\/cambia-la-presidencia-de-consejo-intermunicipal-de-seguridad-publica-region-9-del-edomex\/"},"wordCount":346,"commentCount":0,"publisher":{"@id":"https:\/\/agencia.252.com.mx\/home\/#organization"},"image":{"@id":"https:\/\/agencia.252.com.mx\/home\/cambia-la-presidencia-de-consejo-intermunicipal-de-seguridad-publica-region-9-del-edomex\/#primaryimage"},"thumbnailUrl":"https:\/\/agencia.252.com.mx\/wp-content\/uploads\/2026\/03\/WhatsApp-Image-2026-03-28-at-10.36.33-AM.jpeg","keywords":["Edomex"],"articleSection":["Cuautitl\u00e1n Izcalli","Edomex","Seguridad"],"inLanguage":"es","potentialAction":[{"@type":"CommentAction","name":"Comment","target":["https:\/\/agencia.252.com.mx\/home\/cambia-la-presidencia-de-consejo-intermunicipal-de-seguridad-publica-region-9-del-edomex\/#respond"]}]},{"@type":"WebPage","@id":"https:\/\/agencia.252.com.mx\/home\/cambia-la-presidencia-de-consejo-intermunicipal-de-seguridad-publica-region-9-del-edomex\/","url":"https:\/\/agencia.252.com.mx\/home\/cambia-la-presidencia-de-consejo-intermunicipal-de-seguridad-publica-region-9-del-edomex\/","name":"Cambia la Presidencia de Consejo Intermunicipal de Seguridad P\u00fablica regi\u00f3n 9 del Edomex\u00a0 - Agencia252","isPartOf":{"@id":"https:\/\/agencia.252.com.mx\/home\/#website"},"primaryImageOfPage":{"@id":"https:\/\/agencia.252.com.mx\/home\/cambia-la-presidencia-de-consejo-intermunicipal-de-seguridad-publica-region-9-del-edomex\/#primaryimage"},"image":{"@id":"https:\/\/agencia.252.com.mx\/home\/cambia-la-presidencia-de-consejo-intermunicipal-de-seguridad-publica-region-9-del-edomex\/#primaryimage"},"thumbnailUrl":"https:\/\/agencia.252.com.mx\/wp-content\/uploads\/2026\/03\/WhatsApp-Image-2026-03-28-at-10.36.33-AM.jpeg","datePublished":"2026-03-28T20:41:53+00:00","dateModified":"2026-03-28T20:42:25+00:00","breadcrumb":{"@id":"https:\/\/agencia.252.com.mx\/home\/cambia-la-presidencia-de-consejo-intermunicipal-de-seguridad-publica-region-9-del-edomex\/#breadcrumb"},"inLanguage":"es","potentialAction":[{"@type":"ReadAction","target":["https:\/\/agencia.252.com.mx\/home\/cambia-la-presidencia-de-consejo-intermunicipal-de-seguridad-publica-region-9-del-edomex\/"]}]},{"@type":"ImageObject","inLanguage":"es","@id":"https:\/\/agencia.252.com.mx\/home\/cambia-la-presidencia-de-consejo-intermunicipal-de-seguridad-publica-region-9-del-edomex\/#primaryimage","url":"https:\/\/agencia.252.com.mx\/wp-content\/uploads\/2026\/03\/WhatsApp-Image-2026-03-28-at-10.36.33-AM.jpeg","contentUrl":"https:\/\/agencia.252.com.mx\/wp-content\/uploads\/2026\/03\/WhatsApp-Image-2026-03-28-at-10.36.33-AM.jpeg","width":1600,"height":1066},{"@type":"BreadcrumbList","@id":"https:\/\/agencia.252.com.mx\/home\/cambia-la-presidencia-de-consejo-intermunicipal-de-seguridad-publica-region-9-del-edomex\/#breadcrumb","itemListElement":[{"@type":"ListItem","position":1,"name":"Portada","item":"https:\/\/agencia.252.com.mx\/home\/"},{"@type":"ListItem","position":2,"name":"Cambia la Presidencia de Consejo Intermunicipal de Seguridad P\u00fablica regi\u00f3n 9 del Edomex\u00a0"}]},{"@type":"WebSite","@id":"https:\/\/agencia.252.com.mx\/home\/#website","url":"https:\/\/agencia.252.com.mx\/home\/","name":"Agencia252","description":"Tu espacio en la Red","publisher":{"@id":"https:\/\/agencia.252.com.mx\/home\/#organization"},"potentialAction":[{"@type":"SearchAction","target":{"@type":"EntryPoint","urlTemplate":"https:\/\/agencia.252.com.mx\/home\/?s={search_term_string}"},"query-input":{"@type":"PropertyValueSpecification","valueRequired":true,"valueName":"search_term_string"}}],"inLanguage":"es"},{"@type":"Organization","@id":"https:\/\/agencia.252.com.mx\/home\/#organization","name":"Agencia252","url":"https:\/\/agencia.252.com.mx\/home\/","logo":{"@type":"ImageObject","inLanguage":"es","@id":"https:\/\/agencia.252.com.mx\/home\/#\/schema\/logo\/image\/","url":"https:\/\/agencia.252.com.mx\/wp-content\/uploads\/2023\/02\/cropped-ciruclo-agencia-e1677562404136.png","contentUrl":"https:\/\/agencia.252.com.mx\/wp-content\/uploads\/2023\/02\/cropped-ciruclo-agencia-e1677562404136.png","width":512,"height":512,"caption":"Agencia252"},"image":{"@id":"https:\/\/agencia.252.com.mx\/home\/#\/schema\/logo\/image\/"},"sameAs":["https:\/\/www.facebook.com\/252Comunicacion\/","https:\/\/x.com\/252COMS"]},{"@type":"Person","@id":"https:\/\/agencia.252.com.mx\/home\/#\/schema\/person\/6b972021e9a92d45ade8c78d81509098","name":"Nacho Corro","image":{"@type":"ImageObject","inLanguage":"es","@id":"https:\/\/secure.gravatar.com\/avatar\/5db6df507cfe1307e192fbb498c6b85f1cf2ffd8b4cd37141b9eea588fcbd5a4?s=96&r=g","url":"https:\/\/secure.gravatar.com\/avatar\/5db6df507cfe1307e192fbb498c6b85f1cf2ffd8b4cd37141b9eea588fcbd5a4?s=96&r=g","contentUrl":"https:\/\/secure.gravatar.com\/avatar\/5db6df507cfe1307e192fbb498c6b85f1cf2ffd8b4cd37141b9eea588fcbd5a4?s=96&r=g","caption":"Nacho Corro"},"description":"Comunicador Social, Periodista y Administraci\u00f3n P\u00fablica. Conversador pol\u00edtico, temas electorales y seguridad. Generador de contenidos digitales. Amante de la fotograf\u00eda","sameAs":["https:\/\/www.facebook.com\/jcorroherrera\/","www.instagram.com\/nachocorro\/","https:\/\/x.com\/Juan Ignacio Corro Herrera"],"url":"https:\/\/agencia.252.com.mx\/home\/author\/i-corro\/"}]}},"_links":{"self":[{"href":"https:\/\/agencia.252.com.mx\/home\/wp-json\/wp\/v2\/posts\/17720","targetHints":{"allow":["GET"]}}],"collection":[{"href":"https:\/\/agencia.252.com.mx\/home\/wp-json\/wp\/v2\/posts"}],"about":[{"href":"https:\/\/agencia.252.com.mx\/home\/wp-json\/wp\/v2\/types\/post"}],"author":[{"embeddable":true,"href":"https:\/\/agencia.252.com.mx\/home\/wp-json\/wp\/v2\/users\/5"}],"replies":[{"embeddable":true,"href":"https:\/\/agencia.252.com.mx\/home\/wp-json\/wp\/v2\/comments?post=17720"}],"version-history":[{"count":1,"href":"https:\/\/agencia.252.com.mx\/home\/wp-json\/wp\/v2\/posts\/17720\/revisions"}],"predecessor-version":[{"id":17723,"href":"https:\/\/agencia.252.com.mx\/home\/wp-json\/wp\/v2\/posts\/17720\/revisions\/17723"}],"wp:featuredmedia":[{"embeddable":true,"href":"https:\/\/agencia.252.com.mx\/home\/wp-json\/wp\/v2\/media\/17722"}],"wp:attachment":[{"href":"https:\/\/agencia.252.com.mx\/home\/wp-json\/wp\/v2\/media?parent=17720"}],"wp:term":[{"taxonomy":"category","embeddable":true,"href":"https:\/\/agencia.252.com.mx\/home\/wp-json\/wp\/v2\/categories?post=17720"},{"taxonomy":"post_tag","embeddable":true,"href":"https:\/\/agencia.252.com.mx\/home\/wp-json\/wp\/v2\/tags?post=17720"}],"curies":[{"name":"wp","href":"https:\/\/api.w.org\/{rel}","templated":true}]}}