{"id":17715,"date":"2026-03-28T13:10:46","date_gmt":"2026-03-28T19:10:46","guid":{"rendered":"https:\/\/agencia.252.com.mx\/home\/?p=17715"},"modified":"2026-03-28T13:10:47","modified_gmt":"2026-03-28T19:10:47","slug":"se-organizan-vecinos-de-ecatepec-en-comites-por-la-paz-en-ecatepec-para-tener-mayor-capacidad-de-vigilancia","status":"publish","type":"post","link":"https:\/\/agencia.252.com.mx\/home\/se-organizan-vecinos-de-ecatepec-en-comites-por-la-paz-en-ecatepec-para-tener-mayor-capacidad-de-vigilancia\/","title":{"rendered":"Se organizan vecinos de Ecatepec en Comit\u00e9s por la Paz en Ecatepec, para tener mayor capacidad de vigilancia\u00a0"},"content":{"rendered":"<p>Visitas: 15<\/p>\n<ul class=\"wp-block-list\">\n<li><em>La autoridad tendr\u00e1 pronta respuesta mediante la coordinaci\u00f3n entre ciudadanos y polic\u00edas<\/em><\/li>\n<\/ul>\n\n\n\n<ul class=\"wp-block-list\">\n<li><em>Azucena Cisneros y Delfina G\u00f3mez toman protesta a 5 mil Comit\u00e9s por la Paz\u00a0<\/em><\/li>\n<\/ul>\n\n\n\n<p><em>Juan Ignacio Corro&nbsp;<\/em><\/p>\n\n\n\n<p class=\"has-text-align-right\"><em>Ecatepec, Estado de M\u00e9xico, a 28 de marzo de 2026<\/em><\/p>\n\n\n\n<p>La presidenta municipal Azucena Cisneros Coss y la gobernadora Delfina G\u00f3mez \u00c1lvarez tomaron protesta a integrantes de cinco mil Comit\u00e9s por la Paz vecinales, resultado del trabajo en equipo y coordinaci\u00f3n entre autoridades de los tres niveles de gobierno por la seguridad de las familias de Ecatepec.<\/p>\n\n\n\n<p>\u201cEstamos rompiendo inercias y estigmas para lograr la paz, la tranquilidad y levantar las comunidades, lo est\u00e1 haciendo el pueblo con el gobierno. Como nunca en la historia de Ecatepec, los vecinos forman parte fundamental en la reconstrucci\u00f3n del municipio\u00bb, afirm\u00f3 la alcaldesa ante miles de vecinos reunidos en el deportivo Valle de An\u00e1huac.&nbsp;<\/p>\n\n\n\n<p>Agreg\u00f3 que hoy se avanza en la organizaci\u00f3n en cada calle para tener mayor capacidad de vigilancia y pronta respuesta mediante la coordinaci\u00f3n entre ciudadanos y polic\u00edas.<\/p>\n\n\n\n<figure class=\"wp-block-image alignleft size-medium\"><img fetchpriority=\"high\" decoding=\"async\" width=\"300\" height=\"221\" src=\"https:\/\/agencia.252.com.mx\/wp-content\/uploads\/2026\/03\/WhatsApp-Image-2026-03-28-at-11.32.12-AM-3-300x221.jpeg\" alt=\"\" class=\"wp-image-17716\" srcset=\"https:\/\/agencia.252.com.mx\/wp-content\/uploads\/2026\/03\/WhatsApp-Image-2026-03-28-at-11.32.12-AM-3-300x221.jpeg 300w, https:\/\/agencia.252.com.mx\/wp-content\/uploads\/2026\/03\/WhatsApp-Image-2026-03-28-at-11.32.12-AM-3-1024x754.jpeg 1024w, https:\/\/agencia.252.com.mx\/wp-content\/uploads\/2026\/03\/WhatsApp-Image-2026-03-28-at-11.32.12-AM-3-768x565.jpeg 768w, https:\/\/agencia.252.com.mx\/wp-content\/uploads\/2026\/03\/WhatsApp-Image-2026-03-28-at-11.32.12-AM-3.jpeg 1280w\" sizes=\"(max-width: 300px) 100vw, 300px\" \/><\/figure>\n\n\n\n<p>Cisneros Coss record\u00f3 que en Ecatepec hay resultados hist\u00f3ricos en materia de seguridad que no se ve\u00edan en 15 a\u00f1os, y que se deben a la aplicaci\u00f3n de la estrategia de seguridad de la presidenta de la Rep\u00fablica, Claudia Sheinbaum, y la coordinacion con la gobernadora Delfina G\u00f3mez \u00c1lvarez.<\/p>\n\n\n\n<p>\u201cHay un gran rezago pero demostraremos que Ecatepec no estaba condenado a ser la nota roja, a ser lo sucio, a ser lo obscuro, porque hoy ya es una realidad radicalmente distinta\u201d, dijo.<\/p>\n\n\n\n<p>G\u00f3mez \u00c1lvarez mencion\u00f3 que la coordinaci\u00f3n existente entre los gobiernos municipal, estatal y federal se traduce en resultados y acciones, y destac\u00f3 la participaci\u00f3n ciudadana en los Comit\u00e9s por la Paz, cuyas propuestas mejorar\u00e1n rubros que requieran mayor atenci\u00f3n.<\/p>\n\n\n\n<p>\u201cMe comprometo a volver a portar esta gorra cada que vuelva (a Ecatepec), a hacer limpieza, a ver una obra, a ver alguna escuela, porque el gobierno del Estado y aqu\u00ed con nuestra presidenta (municipal Azucena Cisneros) estamos haciendo mejoras y con nuestra presidenta de la Rep\u00fablica tambi\u00e9n\u201d, reiter\u00f3.<\/p>\n\n\n\n<p>La gobernadora mexiquense agradeci\u00f3 a Cisneros Coss por el trabajo realizado en Ecatepec, as\u00ed como a colonos, empresarios, comerciantes y organizaciones sociales por sumarse a las acciones del gobierno municipal para lograr mayor seguridad.<\/p>\n\n\n\n<figure class=\"wp-block-image alignright size-large\"><img decoding=\"async\" width=\"1024\" height=\"650\" src=\"http:\/\/agencia.252.com.mx\/wp-content\/uploads\/2026\/03\/WhatsApp-Image-2026-03-28-at-11.32.12-AM-2-1024x650.jpeg\" alt=\"\" class=\"wp-image-17717\" srcset=\"https:\/\/agencia.252.com.mx\/wp-content\/uploads\/2026\/03\/WhatsApp-Image-2026-03-28-at-11.32.12-AM-2-1024x650.jpeg 1024w, https:\/\/agencia.252.com.mx\/wp-content\/uploads\/2026\/03\/WhatsApp-Image-2026-03-28-at-11.32.12-AM-2-300x191.jpeg 300w, https:\/\/agencia.252.com.mx\/wp-content\/uploads\/2026\/03\/WhatsApp-Image-2026-03-28-at-11.32.12-AM-2-768x488.jpeg 768w, https:\/\/agencia.252.com.mx\/wp-content\/uploads\/2026\/03\/WhatsApp-Image-2026-03-28-at-11.32.12-AM-2.jpeg 1280w\" sizes=\"(max-width: 1024px) 100vw, 1024px\" \/><\/figure>\n\n\n\n<p>Mart\u00edn V\u00e1zquez P\u00e9rez, coordinador de los Comit\u00e9s por la Paz, se\u00f1al\u00f3 que son espacios de organizaci\u00f3n y puntos de encuentro que permiten construir la paz con la participaci\u00f3n de la comunidad, porque la violencia creci\u00f3 por el abandono y la falta de oportunidades en el municipio.<\/p>\n\n\n\n<p>H\u00e9ctor Saucedo Zempoalteca y su esposa Mar\u00eda Cecilia Pichardo Ram\u00edrez, de la colonia M\u00e9xico Prehisp\u00e1nico, ambos del Comit\u00e9 por la Paz de su calle, coincidieron en que las c\u00e1maras y alarmas servir\u00e1n para lograr mayor seguridad, adem\u00e1s de que los integrantes del mismo se convertir\u00e1n en los ojos de los vecinos para reportar irregularidades.<\/p>\n\n\n\n<p>Mar\u00eda Guadalupe Penilla, de Santa Mar\u00eda Xalosctoc, expres\u00f3 que los comit\u00e9s brindar\u00e1n mayor seguridad a la colonia en su conjunto y a todos los vecinos, que trabajar\u00e1n en coordinaci\u00f3n con los polic\u00edas adscritos a la colonia; \u201cen la comunidad se han visto cambios, ya pasa m\u00e1s la patrulla, los comandantes se acercan con los vecinos, es lo mejor que ahorita puede estar pasando\u201d, dijo.<\/p>\n\n\n\n<p>Los Comit\u00e9s por la Paz tendr\u00e1n la funci\u00f3n de colaborar con las autoridades de seguridad p\u00fablica para realizar diagn\u00f3sticos sobre las problem\u00e1ticas de violencia, conflictividad social, factores de riesgo en las comunidades, proponer acciones de prevenci\u00f3n social de la violencia y del delito, de la resoluci\u00f3n pac\u00edfica de conflictos y la reconstrucci\u00f3n del tejido social, adem\u00e1s de impusar jornadas, campa\u00f1as y actividades de Cultura de Paz.<\/p>\n","protected":false},"excerpt":{"rendered":"<p>Visitas: 15 Juan Ignacio Corro&nbsp; Ecatepec, Estado de M\u00e9xico, a 28 de marzo de 2026 La presidenta municipal Azucena Cisneros Coss y la gobernadora Delfina G\u00f3mez \u00c1lvarez tomaron protesta a integrantes de cinco mil Comit\u00e9s por la Paz vecinales, resultado del trabajo en equipo y coordinaci\u00f3n entre autoridades de los tres niveles de gobierno por [&hellip;]<\/p>\n","protected":false},"author":5,"featured_media":17718,"comment_status":"open","ping_status":"open","sticky":false,"template":"","format":"standard","meta":{"site-sidebar-layout":"default","site-content-layout":"","ast-site-content-layout":"default","site-content-style":"default","site-sidebar-style":"default","ast-global-header-display":"","ast-banner-title-visibility":"","ast-main-header-display":"","ast-hfb-above-header-display":"","ast-hfb-below-header-display":"","ast-hfb-mobile-header-display":"","site-post-title":"","ast-breadcrumbs-content":"","ast-featured-img":"","footer-sml-layout":"","ast-disable-related-posts":"","theme-transparent-header-meta":"","adv-header-id-meta":"","stick-header-meta":"","header-above-stick-meta":"","header-main-stick-meta":"","header-below-stick-meta":"","astra-migrate-meta-layouts":"set","ast-page-background-enabled":"default","ast-page-background-meta":{"desktop":{"background-color":"var(--ast-global-color-4)","background-image":"","background-repeat":"repeat","background-position":"center center","background-size":"auto","background-attachment":"scroll","background-type":"","background-media":"","overlay-type":"","overlay-color":"","overlay-opacity":"","overlay-gradient":""},"tablet":{"background-color":"","background-image":"","background-repeat":"repeat","background-position":"center center","background-size":"auto","background-attachment":"scroll","background-type":"","background-media":"","overlay-type":"","overlay-color":"","overlay-opacity":"","overlay-gradient":""},"mobile":{"background-color":"","background-image":"","background-repeat":"repeat","background-position":"center center","background-size":"auto","background-attachment":"scroll","background-type":"","background-media":"","overlay-type":"","overlay-color":"","overlay-opacity":"","overlay-gradient":""}},"ast-content-background-meta":{"desktop":{"background-color":"var(--ast-global-color-5)","background-image":"","background-repeat":"repeat","background-position":"center center","background-size":"auto","background-attachment":"scroll","background-type":"","background-media":"","overlay-type":"","overlay-color":"","overlay-opacity":"","overlay-gradient":""},"tablet":{"background-color":"var(--ast-global-color-5)","background-image":"","background-repeat":"repeat","background-position":"center center","background-size":"auto","background-attachment":"scroll","background-type":"","background-media":"","overlay-type":"","overlay-color":"","overlay-opacity":"","overlay-gradient":""},"mobile":{"background-color":"var(--ast-global-color-5)","background-image":"","background-repeat":"repeat","background-position":"center center","background-size":"auto","background-attachment":"scroll","background-type":"","background-media":"","overlay-type":"","overlay-color":"","overlay-opacity":"","overlay-gradient":""}},"footnotes":""},"categories":[38,8,512,68],"tags":[526],"class_list":["post-17715","post","type-post","status-publish","format-standard","has-post-thumbnail","hentry","category-ecatepec","category-edomex","category-metropoli","category-seguridad","tag-edomex"],"yoast_head":"<!-- This site is optimized with the Yoast SEO plugin v27.4 - https:\/\/yoast.com\/product\/yoast-seo-wordpress\/ -->\n<title>Se organizan vecinos de Ecatepec en Comit\u00e9s por la Paz en Ecatepec, para tener mayor capacidad de vigilancia\u00a0 - Agencia252<\/title>\n<meta name=\"robots\" content=\"index, follow, max-snippet:-1, max-image-preview:large, max-video-preview:-1\" \/>\n<link rel=\"canonical\" href=\"https:\/\/agencia.252.com.mx\/home\/se-organizan-vecinos-de-ecatepec-en-comites-por-la-paz-en-ecatepec-para-tener-mayor-capacidad-de-vigilancia\/\" \/>\n<meta property=\"og:locale\" content=\"es_ES\" \/>\n<meta property=\"og:type\" content=\"article\" \/>\n<meta property=\"og:title\" content=\"Se organizan vecinos de Ecatepec en Comit\u00e9s por la Paz en Ecatepec, para tener mayor capacidad de vigilancia\u00a0 - Agencia252\" \/>\n<meta property=\"og:description\" content=\"Visitas: 15 Juan Ignacio Corro&nbsp; Ecatepec, Estado de M\u00e9xico, a 28 de marzo de 2026 La presidenta municipal Azucena Cisneros Coss y la gobernadora Delfina G\u00f3mez \u00c1lvarez tomaron protesta a integrantes de cinco mil Comit\u00e9s por la Paz vecinales, resultado del trabajo en equipo y coordinaci\u00f3n entre autoridades de los tres niveles de gobierno por [&hellip;]\" \/>\n<meta property=\"og:url\" content=\"https:\/\/agencia.252.com.mx\/home\/se-organizan-vecinos-de-ecatepec-en-comites-por-la-paz-en-ecatepec-para-tener-mayor-capacidad-de-vigilancia\/\" \/>\n<meta property=\"og:site_name\" content=\"Agencia252\" \/>\n<meta property=\"article:publisher\" content=\"https:\/\/www.facebook.com\/252Comunicacion\/\" \/>\n<meta property=\"article:author\" content=\"https:\/\/www.facebook.com\/jcorroherrera\/\" \/>\n<meta property=\"article:published_time\" content=\"2026-03-28T19:10:46+00:00\" \/>\n<meta property=\"article:modified_time\" content=\"2026-03-28T19:10:47+00:00\" \/>\n<meta property=\"og:image\" content=\"http:\/\/agencia.252.com.mx\/wp-content\/uploads\/2026\/03\/WhatsApp-Image-2026-03-28-at-11.32.13-AM.jpeg\" \/>\n\t<meta property=\"og:image:width\" content=\"1280\" \/>\n\t<meta property=\"og:image:height\" content=\"853\" \/>\n\t<meta property=\"og:image:type\" content=\"image\/jpeg\" \/>\n<meta name=\"author\" content=\"Nacho Corro\" \/>\n<meta name=\"twitter:card\" content=\"summary_large_image\" \/>\n<meta name=\"twitter:creator\" content=\"@Juan Ignacio Corro Herrera\" \/>\n<meta name=\"twitter:site\" content=\"@252COMS\" \/>\n<meta name=\"twitter:label1\" content=\"Escrito por\" \/>\n\t<meta name=\"twitter:data1\" content=\"Nacho Corro\" \/>\n\t<meta name=\"twitter:label2\" content=\"Tiempo de lectura\" \/>\n\t<meta name=\"twitter:data2\" content=\"4 minutos\" \/>\n<script type=\"application\/ld+json\" class=\"yoast-schema-graph\">{\"@context\":\"https:\\\/\\\/schema.org\",\"@graph\":[{\"@type\":\"Article\",\"@id\":\"https:\\\/\\\/agencia.252.com.mx\\\/home\\\/se-organizan-vecinos-de-ecatepec-en-comites-por-la-paz-en-ecatepec-para-tener-mayor-capacidad-de-vigilancia\\\/#article\",\"isPartOf\":{\"@id\":\"https:\\\/\\\/agencia.252.com.mx\\\/home\\\/se-organizan-vecinos-de-ecatepec-en-comites-por-la-paz-en-ecatepec-para-tener-mayor-capacidad-de-vigilancia\\\/\"},\"author\":{\"name\":\"Nacho Corro\",\"@id\":\"https:\\\/\\\/agencia.252.com.mx\\\/home\\\/#\\\/schema\\\/person\\\/6b972021e9a92d45ade8c78d81509098\"},\"headline\":\"Se organizan vecinos de Ecatepec en Comit\u00e9s por la Paz en Ecatepec, para tener mayor capacidad de vigilancia\u00a0\",\"datePublished\":\"2026-03-28T19:10:46+00:00\",\"dateModified\":\"2026-03-28T19:10:47+00:00\",\"mainEntityOfPage\":{\"@id\":\"https:\\\/\\\/agencia.252.com.mx\\\/home\\\/se-organizan-vecinos-de-ecatepec-en-comites-por-la-paz-en-ecatepec-para-tener-mayor-capacidad-de-vigilancia\\\/\"},\"wordCount\":681,\"commentCount\":0,\"publisher\":{\"@id\":\"https:\\\/\\\/agencia.252.com.mx\\\/home\\\/#organization\"},\"image\":{\"@id\":\"https:\\\/\\\/agencia.252.com.mx\\\/home\\\/se-organizan-vecinos-de-ecatepec-en-comites-por-la-paz-en-ecatepec-para-tener-mayor-capacidad-de-vigilancia\\\/#primaryimage\"},\"thumbnailUrl\":\"https:\\\/\\\/agencia.252.com.mx\\\/wp-content\\\/uploads\\\/2026\\\/03\\\/WhatsApp-Image-2026-03-28-at-11.32.13-AM.jpeg\",\"keywords\":[\"Edomex\"],\"articleSection\":[\"Ecatepec\",\"Edomex\",\"Metropoli\",\"Seguridad\"],\"inLanguage\":\"es\",\"potentialAction\":[{\"@type\":\"CommentAction\",\"name\":\"Comment\",\"target\":[\"https:\\\/\\\/agencia.252.com.mx\\\/home\\\/se-organizan-vecinos-de-ecatepec-en-comites-por-la-paz-en-ecatepec-para-tener-mayor-capacidad-de-vigilancia\\\/#respond\"]}]},{\"@type\":\"WebPage\",\"@id\":\"https:\\\/\\\/agencia.252.com.mx\\\/home\\\/se-organizan-vecinos-de-ecatepec-en-comites-por-la-paz-en-ecatepec-para-tener-mayor-capacidad-de-vigilancia\\\/\",\"url\":\"https:\\\/\\\/agencia.252.com.mx\\\/home\\\/se-organizan-vecinos-de-ecatepec-en-comites-por-la-paz-en-ecatepec-para-tener-mayor-capacidad-de-vigilancia\\\/\",\"name\":\"Se organizan vecinos de Ecatepec en Comit\u00e9s por la Paz en Ecatepec, para tener mayor capacidad de vigilancia\u00a0 - Agencia252\",\"isPartOf\":{\"@id\":\"https:\\\/\\\/agencia.252.com.mx\\\/home\\\/#website\"},\"primaryImageOfPage\":{\"@id\":\"https:\\\/\\\/agencia.252.com.mx\\\/home\\\/se-organizan-vecinos-de-ecatepec-en-comites-por-la-paz-en-ecatepec-para-tener-mayor-capacidad-de-vigilancia\\\/#primaryimage\"},\"image\":{\"@id\":\"https:\\\/\\\/agencia.252.com.mx\\\/home\\\/se-organizan-vecinos-de-ecatepec-en-comites-por-la-paz-en-ecatepec-para-tener-mayor-capacidad-de-vigilancia\\\/#primaryimage\"},\"thumbnailUrl\":\"https:\\\/\\\/agencia.252.com.mx\\\/wp-content\\\/uploads\\\/2026\\\/03\\\/WhatsApp-Image-2026-03-28-at-11.32.13-AM.jpeg\",\"datePublished\":\"2026-03-28T19:10:46+00:00\",\"dateModified\":\"2026-03-28T19:10:47+00:00\",\"breadcrumb\":{\"@id\":\"https:\\\/\\\/agencia.252.com.mx\\\/home\\\/se-organizan-vecinos-de-ecatepec-en-comites-por-la-paz-en-ecatepec-para-tener-mayor-capacidad-de-vigilancia\\\/#breadcrumb\"},\"inLanguage\":\"es\",\"potentialAction\":[{\"@type\":\"ReadAction\",\"target\":[\"https:\\\/\\\/agencia.252.com.mx\\\/home\\\/se-organizan-vecinos-de-ecatepec-en-comites-por-la-paz-en-ecatepec-para-tener-mayor-capacidad-de-vigilancia\\\/\"]}]},{\"@type\":\"ImageObject\",\"inLanguage\":\"es\",\"@id\":\"https:\\\/\\\/agencia.252.com.mx\\\/home\\\/se-organizan-vecinos-de-ecatepec-en-comites-por-la-paz-en-ecatepec-para-tener-mayor-capacidad-de-vigilancia\\\/#primaryimage\",\"url\":\"https:\\\/\\\/agencia.252.com.mx\\\/wp-content\\\/uploads\\\/2026\\\/03\\\/WhatsApp-Image-2026-03-28-at-11.32.13-AM.jpeg\",\"contentUrl\":\"https:\\\/\\\/agencia.252.com.mx\\\/wp-content\\\/uploads\\\/2026\\\/03\\\/WhatsApp-Image-2026-03-28-at-11.32.13-AM.jpeg\",\"width\":1280,\"height\":853},{\"@type\":\"BreadcrumbList\",\"@id\":\"https:\\\/\\\/agencia.252.com.mx\\\/home\\\/se-organizan-vecinos-de-ecatepec-en-comites-por-la-paz-en-ecatepec-para-tener-mayor-capacidad-de-vigilancia\\\/#breadcrumb\",\"itemListElement\":[{\"@type\":\"ListItem\",\"position\":1,\"name\":\"Portada\",\"item\":\"https:\\\/\\\/agencia.252.com.mx\\\/home\\\/\"},{\"@type\":\"ListItem\",\"position\":2,\"name\":\"Se organizan vecinos de Ecatepec en Comit\u00e9s por la Paz en Ecatepec, para tener mayor capacidad de vigilancia\u00a0\"}]},{\"@type\":\"WebSite\",\"@id\":\"https:\\\/\\\/agencia.252.com.mx\\\/home\\\/#website\",\"url\":\"https:\\\/\\\/agencia.252.com.mx\\\/home\\\/\",\"name\":\"Agencia252\",\"description\":\"Tu espacio en la Red\",\"publisher\":{\"@id\":\"https:\\\/\\\/agencia.252.com.mx\\\/home\\\/#organization\"},\"potentialAction\":[{\"@type\":\"SearchAction\",\"target\":{\"@type\":\"EntryPoint\",\"urlTemplate\":\"https:\\\/\\\/agencia.252.com.mx\\\/home\\\/?s={search_term_string}\"},\"query-input\":{\"@type\":\"PropertyValueSpecification\",\"valueRequired\":true,\"valueName\":\"search_term_string\"}}],\"inLanguage\":\"es\"},{\"@type\":\"Organization\",\"@id\":\"https:\\\/\\\/agencia.252.com.mx\\\/home\\\/#organization\",\"name\":\"Agencia252\",\"url\":\"https:\\\/\\\/agencia.252.com.mx\\\/home\\\/\",\"logo\":{\"@type\":\"ImageObject\",\"inLanguage\":\"es\",\"@id\":\"https:\\\/\\\/agencia.252.com.mx\\\/home\\\/#\\\/schema\\\/logo\\\/image\\\/\",\"url\":\"https:\\\/\\\/agencia.252.com.mx\\\/wp-content\\\/uploads\\\/2023\\\/02\\\/cropped-ciruclo-agencia-e1677562404136.png\",\"contentUrl\":\"https:\\\/\\\/agencia.252.com.mx\\\/wp-content\\\/uploads\\\/2023\\\/02\\\/cropped-ciruclo-agencia-e1677562404136.png\",\"width\":512,\"height\":512,\"caption\":\"Agencia252\"},\"image\":{\"@id\":\"https:\\\/\\\/agencia.252.com.mx\\\/home\\\/#\\\/schema\\\/logo\\\/image\\\/\"},\"sameAs\":[\"https:\\\/\\\/www.facebook.com\\\/252Comunicacion\\\/\",\"https:\\\/\\\/x.com\\\/252COMS\"]},{\"@type\":\"Person\",\"@id\":\"https:\\\/\\\/agencia.252.com.mx\\\/home\\\/#\\\/schema\\\/person\\\/6b972021e9a92d45ade8c78d81509098\",\"name\":\"Nacho Corro\",\"image\":{\"@type\":\"ImageObject\",\"inLanguage\":\"es\",\"@id\":\"https:\\\/\\\/secure.gravatar.com\\\/avatar\\\/5db6df507cfe1307e192fbb498c6b85f1cf2ffd8b4cd37141b9eea588fcbd5a4?s=96&r=g\",\"url\":\"https:\\\/\\\/secure.gravatar.com\\\/avatar\\\/5db6df507cfe1307e192fbb498c6b85f1cf2ffd8b4cd37141b9eea588fcbd5a4?s=96&r=g\",\"contentUrl\":\"https:\\\/\\\/secure.gravatar.com\\\/avatar\\\/5db6df507cfe1307e192fbb498c6b85f1cf2ffd8b4cd37141b9eea588fcbd5a4?s=96&r=g\",\"caption\":\"Nacho Corro\"},\"description\":\"Comunicador Social, Periodista y Administraci\u00f3n P\u00fablica. Conversador pol\u00edtico, temas electorales y seguridad. Generador de contenidos digitales. Amante de la fotograf\u00eda\",\"sameAs\":[\"https:\\\/\\\/www.facebook.com\\\/jcorroherrera\\\/\",\"www.instagram.com\\\/nachocorro\\\/\",\"https:\\\/\\\/x.com\\\/Juan Ignacio Corro Herrera\"],\"url\":\"https:\\\/\\\/agencia.252.com.mx\\\/home\\\/author\\\/i-corro\\\/\"}]}<\/script>\n<!-- \/ Yoast SEO plugin. -->","yoast_head_json":{"title":"Se organizan vecinos de Ecatepec en Comit\u00e9s por la Paz en Ecatepec, para tener mayor capacidad de vigilancia\u00a0 - Agencia252","robots":{"index":"index","follow":"follow","max-snippet":"max-snippet:-1","max-image-preview":"max-image-preview:large","max-video-preview":"max-video-preview:-1"},"canonical":"https:\/\/agencia.252.com.mx\/home\/se-organizan-vecinos-de-ecatepec-en-comites-por-la-paz-en-ecatepec-para-tener-mayor-capacidad-de-vigilancia\/","og_locale":"es_ES","og_type":"article","og_title":"Se organizan vecinos de Ecatepec en Comit\u00e9s por la Paz en Ecatepec, para tener mayor capacidad de vigilancia\u00a0 - Agencia252","og_description":"Visitas: 15 Juan Ignacio Corro&nbsp; Ecatepec, Estado de M\u00e9xico, a 28 de marzo de 2026 La presidenta municipal Azucena Cisneros Coss y la gobernadora Delfina G\u00f3mez \u00c1lvarez tomaron protesta a integrantes de cinco mil Comit\u00e9s por la Paz vecinales, resultado del trabajo en equipo y coordinaci\u00f3n entre autoridades de los tres niveles de gobierno por [&hellip;]","og_url":"https:\/\/agencia.252.com.mx\/home\/se-organizan-vecinos-de-ecatepec-en-comites-por-la-paz-en-ecatepec-para-tener-mayor-capacidad-de-vigilancia\/","og_site_name":"Agencia252","article_publisher":"https:\/\/www.facebook.com\/252Comunicacion\/","article_author":"https:\/\/www.facebook.com\/jcorroherrera\/","article_published_time":"2026-03-28T19:10:46+00:00","article_modified_time":"2026-03-28T19:10:47+00:00","og_image":[{"width":1280,"height":853,"url":"http:\/\/agencia.252.com.mx\/wp-content\/uploads\/2026\/03\/WhatsApp-Image-2026-03-28-at-11.32.13-AM.jpeg","type":"image\/jpeg"}],"author":"Nacho Corro","twitter_card":"summary_large_image","twitter_creator":"@Juan Ignacio Corro Herrera","twitter_site":"@252COMS","twitter_misc":{"Escrito por":"Nacho Corro","Tiempo de lectura":"4 minutos"},"schema":{"@context":"https:\/\/schema.org","@graph":[{"@type":"Article","@id":"https:\/\/agencia.252.com.mx\/home\/se-organizan-vecinos-de-ecatepec-en-comites-por-la-paz-en-ecatepec-para-tener-mayor-capacidad-de-vigilancia\/#article","isPartOf":{"@id":"https:\/\/agencia.252.com.mx\/home\/se-organizan-vecinos-de-ecatepec-en-comites-por-la-paz-en-ecatepec-para-tener-mayor-capacidad-de-vigilancia\/"},"author":{"name":"Nacho Corro","@id":"https:\/\/agencia.252.com.mx\/home\/#\/schema\/person\/6b972021e9a92d45ade8c78d81509098"},"headline":"Se organizan vecinos de Ecatepec en Comit\u00e9s por la Paz en Ecatepec, para tener mayor capacidad de vigilancia\u00a0","datePublished":"2026-03-28T19:10:46+00:00","dateModified":"2026-03-28T19:10:47+00:00","mainEntityOfPage":{"@id":"https:\/\/agencia.252.com.mx\/home\/se-organizan-vecinos-de-ecatepec-en-comites-por-la-paz-en-ecatepec-para-tener-mayor-capacidad-de-vigilancia\/"},"wordCount":681,"commentCount":0,"publisher":{"@id":"https:\/\/agencia.252.com.mx\/home\/#organization"},"image":{"@id":"https:\/\/agencia.252.com.mx\/home\/se-organizan-vecinos-de-ecatepec-en-comites-por-la-paz-en-ecatepec-para-tener-mayor-capacidad-de-vigilancia\/#primaryimage"},"thumbnailUrl":"https:\/\/agencia.252.com.mx\/wp-content\/uploads\/2026\/03\/WhatsApp-Image-2026-03-28-at-11.32.13-AM.jpeg","keywords":["Edomex"],"articleSection":["Ecatepec","Edomex","Metropoli","Seguridad"],"inLanguage":"es","potentialAction":[{"@type":"CommentAction","name":"Comment","target":["https:\/\/agencia.252.com.mx\/home\/se-organizan-vecinos-de-ecatepec-en-comites-por-la-paz-en-ecatepec-para-tener-mayor-capacidad-de-vigilancia\/#respond"]}]},{"@type":"WebPage","@id":"https:\/\/agencia.252.com.mx\/home\/se-organizan-vecinos-de-ecatepec-en-comites-por-la-paz-en-ecatepec-para-tener-mayor-capacidad-de-vigilancia\/","url":"https:\/\/agencia.252.com.mx\/home\/se-organizan-vecinos-de-ecatepec-en-comites-por-la-paz-en-ecatepec-para-tener-mayor-capacidad-de-vigilancia\/","name":"Se organizan vecinos de Ecatepec en Comit\u00e9s por la Paz en Ecatepec, para tener mayor capacidad de vigilancia\u00a0 - Agencia252","isPartOf":{"@id":"https:\/\/agencia.252.com.mx\/home\/#website"},"primaryImageOfPage":{"@id":"https:\/\/agencia.252.com.mx\/home\/se-organizan-vecinos-de-ecatepec-en-comites-por-la-paz-en-ecatepec-para-tener-mayor-capacidad-de-vigilancia\/#primaryimage"},"image":{"@id":"https:\/\/agencia.252.com.mx\/home\/se-organizan-vecinos-de-ecatepec-en-comites-por-la-paz-en-ecatepec-para-tener-mayor-capacidad-de-vigilancia\/#primaryimage"},"thumbnailUrl":"https:\/\/agencia.252.com.mx\/wp-content\/uploads\/2026\/03\/WhatsApp-Image-2026-03-28-at-11.32.13-AM.jpeg","datePublished":"2026-03-28T19:10:46+00:00","dateModified":"2026-03-28T19:10:47+00:00","breadcrumb":{"@id":"https:\/\/agencia.252.com.mx\/home\/se-organizan-vecinos-de-ecatepec-en-comites-por-la-paz-en-ecatepec-para-tener-mayor-capacidad-de-vigilancia\/#breadcrumb"},"inLanguage":"es","potentialAction":[{"@type":"ReadAction","target":["https:\/\/agencia.252.com.mx\/home\/se-organizan-vecinos-de-ecatepec-en-comites-por-la-paz-en-ecatepec-para-tener-mayor-capacidad-de-vigilancia\/"]}]},{"@type":"ImageObject","inLanguage":"es","@id":"https:\/\/agencia.252.com.mx\/home\/se-organizan-vecinos-de-ecatepec-en-comites-por-la-paz-en-ecatepec-para-tener-mayor-capacidad-de-vigilancia\/#primaryimage","url":"https:\/\/agencia.252.com.mx\/wp-content\/uploads\/2026\/03\/WhatsApp-Image-2026-03-28-at-11.32.13-AM.jpeg","contentUrl":"https:\/\/agencia.252.com.mx\/wp-content\/uploads\/2026\/03\/WhatsApp-Image-2026-03-28-at-11.32.13-AM.jpeg","width":1280,"height":853},{"@type":"BreadcrumbList","@id":"https:\/\/agencia.252.com.mx\/home\/se-organizan-vecinos-de-ecatepec-en-comites-por-la-paz-en-ecatepec-para-tener-mayor-capacidad-de-vigilancia\/#breadcrumb","itemListElement":[{"@type":"ListItem","position":1,"name":"Portada","item":"https:\/\/agencia.252.com.mx\/home\/"},{"@type":"ListItem","position":2,"name":"Se organizan vecinos de Ecatepec en Comit\u00e9s por la Paz en Ecatepec, para tener mayor capacidad de vigilancia\u00a0"}]},{"@type":"WebSite","@id":"https:\/\/agencia.252.com.mx\/home\/#website","url":"https:\/\/agencia.252.com.mx\/home\/","name":"Agencia252","description":"Tu espacio en la Red","publisher":{"@id":"https:\/\/agencia.252.com.mx\/home\/#organization"},"potentialAction":[{"@type":"SearchAction","target":{"@type":"EntryPoint","urlTemplate":"https:\/\/agencia.252.com.mx\/home\/?s={search_term_string}"},"query-input":{"@type":"PropertyValueSpecification","valueRequired":true,"valueName":"search_term_string"}}],"inLanguage":"es"},{"@type":"Organization","@id":"https:\/\/agencia.252.com.mx\/home\/#organization","name":"Agencia252","url":"https:\/\/agencia.252.com.mx\/home\/","logo":{"@type":"ImageObject","inLanguage":"es","@id":"https:\/\/agencia.252.com.mx\/home\/#\/schema\/logo\/image\/","url":"https:\/\/agencia.252.com.mx\/wp-content\/uploads\/2023\/02\/cropped-ciruclo-agencia-e1677562404136.png","contentUrl":"https:\/\/agencia.252.com.mx\/wp-content\/uploads\/2023\/02\/cropped-ciruclo-agencia-e1677562404136.png","width":512,"height":512,"caption":"Agencia252"},"image":{"@id":"https:\/\/agencia.252.com.mx\/home\/#\/schema\/logo\/image\/"},"sameAs":["https:\/\/www.facebook.com\/252Comunicacion\/","https:\/\/x.com\/252COMS"]},{"@type":"Person","@id":"https:\/\/agencia.252.com.mx\/home\/#\/schema\/person\/6b972021e9a92d45ade8c78d81509098","name":"Nacho Corro","image":{"@type":"ImageObject","inLanguage":"es","@id":"https:\/\/secure.gravatar.com\/avatar\/5db6df507cfe1307e192fbb498c6b85f1cf2ffd8b4cd37141b9eea588fcbd5a4?s=96&r=g","url":"https:\/\/secure.gravatar.com\/avatar\/5db6df507cfe1307e192fbb498c6b85f1cf2ffd8b4cd37141b9eea588fcbd5a4?s=96&r=g","contentUrl":"https:\/\/secure.gravatar.com\/avatar\/5db6df507cfe1307e192fbb498c6b85f1cf2ffd8b4cd37141b9eea588fcbd5a4?s=96&r=g","caption":"Nacho Corro"},"description":"Comunicador Social, Periodista y Administraci\u00f3n P\u00fablica. Conversador pol\u00edtico, temas electorales y seguridad. Generador de contenidos digitales. Amante de la fotograf\u00eda","sameAs":["https:\/\/www.facebook.com\/jcorroherrera\/","www.instagram.com\/nachocorro\/","https:\/\/x.com\/Juan Ignacio Corro Herrera"],"url":"https:\/\/agencia.252.com.mx\/home\/author\/i-corro\/"}]}},"_links":{"self":[{"href":"https:\/\/agencia.252.com.mx\/home\/wp-json\/wp\/v2\/posts\/17715","targetHints":{"allow":["GET"]}}],"collection":[{"href":"https:\/\/agencia.252.com.mx\/home\/wp-json\/wp\/v2\/posts"}],"about":[{"href":"https:\/\/agencia.252.com.mx\/home\/wp-json\/wp\/v2\/types\/post"}],"author":[{"embeddable":true,"href":"https:\/\/agencia.252.com.mx\/home\/wp-json\/wp\/v2\/users\/5"}],"replies":[{"embeddable":true,"href":"https:\/\/agencia.252.com.mx\/home\/wp-json\/wp\/v2\/comments?post=17715"}],"version-history":[{"count":1,"href":"https:\/\/agencia.252.com.mx\/home\/wp-json\/wp\/v2\/posts\/17715\/revisions"}],"predecessor-version":[{"id":17719,"href":"https:\/\/agencia.252.com.mx\/home\/wp-json\/wp\/v2\/posts\/17715\/revisions\/17719"}],"wp:featuredmedia":[{"embeddable":true,"href":"https:\/\/agencia.252.com.mx\/home\/wp-json\/wp\/v2\/media\/17718"}],"wp:attachment":[{"href":"https:\/\/agencia.252.com.mx\/home\/wp-json\/wp\/v2\/media?parent=17715"}],"wp:term":[{"taxonomy":"category","embeddable":true,"href":"https:\/\/agencia.252.com.mx\/home\/wp-json\/wp\/v2\/categories?post=17715"},{"taxonomy":"post_tag","embeddable":true,"href":"https:\/\/agencia.252.com.mx\/home\/wp-json\/wp\/v2\/tags?post=17715"}],"curies":[{"name":"wp","href":"https:\/\/api.w.org\/{rel}","templated":true}]}}