{"id":17703,"date":"2026-03-28T11:59:04","date_gmt":"2026-03-28T17:59:04","guid":{"rendered":"https:\/\/agencia.252.com.mx\/home\/?p=17703"},"modified":"2026-03-28T12:16:53","modified_gmt":"2026-03-28T18:16:53","slug":"destaca-50-reduccion-de-robo-con-violencia-en-cdmx-durante-reunion-interestatal-de-paz-y-seguridad","status":"publish","type":"post","link":"https:\/\/agencia.252.com.mx\/home\/destaca-50-reduccion-de-robo-con-violencia-en-cdmx-durante-reunion-interestatal-de-paz-y-seguridad\/","title":{"rendered":"Destaca 50% reducci\u00f3n de robo con violencia en CDMX durante reuni\u00f3n interestatal de paz y seguridad\u00a0"},"content":{"rendered":"<p>Visitas: 23<\/p>\n<ul class=\"wp-block-list\">\n<li><em>El promedio diario de robo de veh\u00edculos ha alcanzado su nivel m\u00e1s bajo en los \u00faltimos a\u00f1os<\/em><\/li>\n<\/ul>\n\n\n\n<p><em>Juan Ignacio Corro&nbsp;<\/em><\/p>\n\n\n\n<p class=\"has-text-align-right\"><em>Ciudad de M\u00e9xico, a 28 de marzo de 2026<\/em><\/p>\n\n\n\n<p>Durante la Reuni\u00f3n de Coordinaci\u00f3n Interestatal de Paz y Seguridad realizada en San Agust\u00edn Tlaxiaca, Hidalgo, la Jefa de Gobierno de la Ciudad de M\u00e9xico, Clara Brugada Molina,&nbsp;&nbsp;destac\u00f3 los avances en la reducci\u00f3n de delitos, particularmente en el robo de veh\u00edculos, como resultado de la coordinaci\u00f3n entre los gobiernos del Estado de M\u00e9xico, Morelos&nbsp;&nbsp;e Hidalgo&nbsp;<\/p>\n\n\n\n<p>Ante las gobernadoras del Estado de M\u00e9xico, Delfina G\u00f3mez \u00c1lvarez, y de Morelos, Margarita G\u00f3mez Saravia; del gobernador de Hidalgo, Julio Menchaca Salazar, asi como autoridades de Puebla, Guerrero y Tlaxcala, y del gobierno de la Rep\u00fablica y de la Ciudad de M\u00e9xico, Brugada Molina, inform\u00f3 que en la capital del pa\u00eds el robo de veh\u00edculos registr\u00f3 una disminuci\u00f3n de 30.18 por ciento de enero al 15 de marzo de 2026, respecto al mismo lapso de 2025.<\/p>\n\n\n\n<figure class=\"wp-block-image size-large\"><img fetchpriority=\"high\" decoding=\"async\" width=\"1024\" height=\"682\" src=\"http:\/\/agencia.252.com.mx\/wp-content\/uploads\/2026\/03\/WhatsApp-Image-2026-03-27-at-8.41.46-PM-1024x682.jpeg\" alt=\"\" class=\"wp-image-17705\" srcset=\"https:\/\/agencia.252.com.mx\/wp-content\/uploads\/2026\/03\/WhatsApp-Image-2026-03-27-at-8.41.46-PM-1024x682.jpeg 1024w, https:\/\/agencia.252.com.mx\/wp-content\/uploads\/2026\/03\/WhatsApp-Image-2026-03-27-at-8.41.46-PM-300x200.jpeg 300w, https:\/\/agencia.252.com.mx\/wp-content\/uploads\/2026\/03\/WhatsApp-Image-2026-03-27-at-8.41.46-PM-768x512.jpeg 768w, https:\/\/agencia.252.com.mx\/wp-content\/uploads\/2026\/03\/WhatsApp-Image-2026-03-27-at-8.41.46-PM.jpeg 1280w\" sizes=\"(max-width: 1024px) 100vw, 1024px\" \/><\/figure>\n\n\n\n<p>A\u00f1adi\u00f3 que el robo de veh\u00edculo con violencia presenta una reducci\u00f3n superior al 50 por ciento, mientras que el robo sin violencia \u2014uno de los delitos m\u00e1s complejos de combatir\u2014 disminuy\u00f3 en 25 por ciento.<\/p>\n\n\n\n<p>Asimismo, destac\u00f3 que el promedio diario de robo de veh\u00edculos ha alcanzado su nivel m\u00e1s bajo en los \u00faltimos a\u00f1os. Se\u00f1al\u00f3 que el robo de veh\u00edculo con violencia pas\u00f3 de casi 13 casos diarios en 2019 a 1.6 en 2026, mientras que el robo sin violencia se redujo de 26.6 a 11.5 casos diarios en el mismo periodo.<\/p>\n\n\n\n<p>\u201cEstos resultados son producto de una estrategia coordinada, basada en investigaci\u00f3n, uso de tecnolog\u00eda, seguimiento de patrones delictivos y atenci\u00f3n focalizada en territorio\u201d, subray\u00f3.<\/p>\n\n\n\n<p>La mandataria capitalina reconoci\u00f3 el trabajo conjunto del Gabinete de Seguridad de la Ciudad de M\u00e9xico, en coordinaci\u00f3n con la Secretar\u00eda de Seguridad Ciudadana (SSC), la Fiscal\u00eda General de Justicia (FGJ) y las fuerzas federales, as\u00ed como la colaboraci\u00f3n con entidades vecinas, especialmente el Estado de M\u00e9xico.<\/p>\n\n\n\n<p>\u201cHa sido clave la coordinaci\u00f3n entre gobiernos para enfrentar delitos que rebasan fronteras, como el robo de veh\u00edculos\u201d, afirm\u00f3.<\/p>\n\n\n\n<p>En el encuentro, Clara Brugada enfatiz\u00f3 la importancia de fortalecer la coordinaci\u00f3n interestatal para atender delitos de alto impacto como homicidio, extorsi\u00f3n, robo de veh\u00edculos y tala ilegal, mediante estrategias conjuntas y evaluaci\u00f3n permanente de resultados.<\/p>\n\n\n\n<p>Asimismo, plante\u00f3 avanzar hacia un sistema de videovigilancia metropolitana que permita mejorar la persecuci\u00f3n del delito en zonas lim\u00edtrofes entre entidades.<\/p>\n\n\n\n<p>\u201cNecesitamos reforzar la videovigilancia en toda la zona metropolitana para evitar que quienes cometen delitos crucen de una entidad a otra y evadan la acci\u00f3n de la justicia\u201d, se\u00f1al\u00f3.<\/p>\n\n\n\n<p>Destac\u00f3 que los avances en materia de seguridad responden a una estrategia nacional encabezada por la presidenta de M\u00e9xico y reiter\u00f3 la importancia de mantener la coordinaci\u00f3n entre los distintos \u00f3rdenes de gobierno.<\/p>\n\n\n\n<p>\u201cVamos bien, pero debemos fortalecer a\u00fan m\u00e1s el trabajo conjunto para consolidar la disminuci\u00f3n de los delitos en beneficio de la poblaci\u00f3n\u201d, concluy\u00f3.<\/p>\n\n\n\n<p>En la reuni\u00f3n participaron autoridades de los estados de Hidalgo, Estado de M\u00e9xico, Morelos, Puebla, Guerrero, Tlaxcala, quienes coincidieron en la importancia de reforzar la coordinaci\u00f3n regional en materia de seguridad.<\/p>\n","protected":false},"excerpt":{"rendered":"<p>Visitas: 23 Juan Ignacio Corro&nbsp; Ciudad de M\u00e9xico, a 28 de marzo de 2026 Durante la Reuni\u00f3n de Coordinaci\u00f3n Interestatal de Paz y Seguridad realizada en San Agust\u00edn Tlaxiaca, Hidalgo, la Jefa de Gobierno de la Ciudad de M\u00e9xico, Clara Brugada Molina,&nbsp;&nbsp;destac\u00f3 los avances en la reducci\u00f3n de delitos, particularmente en el robo de veh\u00edculos, [&hellip;]<\/p>\n","protected":false},"author":5,"featured_media":17706,"comment_status":"open","ping_status":"open","sticky":false,"template":"","format":"standard","meta":{"site-sidebar-layout":"default","site-content-layout":"","ast-site-content-layout":"default","site-content-style":"default","site-sidebar-style":"default","ast-global-header-display":"","ast-banner-title-visibility":"","ast-main-header-display":"","ast-hfb-above-header-display":"","ast-hfb-below-header-display":"","ast-hfb-mobile-header-display":"","site-post-title":"","ast-breadcrumbs-content":"","ast-featured-img":"","footer-sml-layout":"","ast-disable-related-posts":"","theme-transparent-header-meta":"","adv-header-id-meta":"","stick-header-meta":"","header-above-stick-meta":"","header-main-stick-meta":"","header-below-stick-meta":"","astra-migrate-meta-layouts":"set","ast-page-background-enabled":"default","ast-page-background-meta":{"desktop":{"background-color":"var(--ast-global-color-4)","background-image":"","background-repeat":"repeat","background-position":"center center","background-size":"auto","background-attachment":"scroll","background-type":"","background-media":"","overlay-type":"","overlay-color":"","overlay-opacity":"","overlay-gradient":""},"tablet":{"background-color":"","background-image":"","background-repeat":"repeat","background-position":"center center","background-size":"auto","background-attachment":"scroll","background-type":"","background-media":"","overlay-type":"","overlay-color":"","overlay-opacity":"","overlay-gradient":""},"mobile":{"background-color":"","background-image":"","background-repeat":"repeat","background-position":"center center","background-size":"auto","background-attachment":"scroll","background-type":"","background-media":"","overlay-type":"","overlay-color":"","overlay-opacity":"","overlay-gradient":""}},"ast-content-background-meta":{"desktop":{"background-color":"var(--ast-global-color-5)","background-image":"","background-repeat":"repeat","background-position":"center center","background-size":"auto","background-attachment":"scroll","background-type":"","background-media":"","overlay-type":"","overlay-color":"","overlay-opacity":"","overlay-gradient":""},"tablet":{"background-color":"var(--ast-global-color-5)","background-image":"","background-repeat":"repeat","background-position":"center center","background-size":"auto","background-attachment":"scroll","background-type":"","background-media":"","overlay-type":"","overlay-color":"","overlay-opacity":"","overlay-gradient":""},"mobile":{"background-color":"var(--ast-global-color-5)","background-image":"","background-repeat":"repeat","background-position":"center center","background-size":"auto","background-attachment":"scroll","background-type":"","background-media":"","overlay-type":"","overlay-color":"","overlay-opacity":"","overlay-gradient":""}},"footnotes":""},"categories":[69,8,9,68],"tags":[535,526,569],"class_list":["post-17703","post","type-post","status-publish","format-standard","has-post-thumbnail","hentry","category-cdmx","category-edomex","category-estados","category-seguridad","tag-cdmx","tag-edomex","tag-estados"],"yoast_head":"<!-- This site is optimized with the Yoast SEO plugin v27.4 - https:\/\/yoast.com\/product\/yoast-seo-wordpress\/ -->\n<title>Destaca 50% reducci\u00f3n de robo con violencia en CDMX durante reuni\u00f3n interestatal de paz y seguridad\u00a0 - Agencia252<\/title>\n<meta name=\"robots\" content=\"index, follow, max-snippet:-1, max-image-preview:large, max-video-preview:-1\" \/>\n<link rel=\"canonical\" href=\"https:\/\/agencia.252.com.mx\/home\/destaca-50-reduccion-de-robo-con-violencia-en-cdmx-durante-reunion-interestatal-de-paz-y-seguridad\/\" \/>\n<meta property=\"og:locale\" content=\"es_ES\" \/>\n<meta property=\"og:type\" content=\"article\" \/>\n<meta property=\"og:title\" content=\"Destaca 50% reducci\u00f3n de robo con violencia en CDMX durante reuni\u00f3n interestatal de paz y seguridad\u00a0 - Agencia252\" \/>\n<meta property=\"og:description\" content=\"Visitas: 23 Juan Ignacio Corro&nbsp; Ciudad de M\u00e9xico, a 28 de marzo de 2026 Durante la Reuni\u00f3n de Coordinaci\u00f3n Interestatal de Paz y Seguridad realizada en San Agust\u00edn Tlaxiaca, Hidalgo, la Jefa de Gobierno de la Ciudad de M\u00e9xico, Clara Brugada Molina,&nbsp;&nbsp;destac\u00f3 los avances en la reducci\u00f3n de delitos, particularmente en el robo de veh\u00edculos, [&hellip;]\" \/>\n<meta property=\"og:url\" content=\"https:\/\/agencia.252.com.mx\/home\/destaca-50-reduccion-de-robo-con-violencia-en-cdmx-durante-reunion-interestatal-de-paz-y-seguridad\/\" \/>\n<meta property=\"og:site_name\" content=\"Agencia252\" \/>\n<meta property=\"article:publisher\" content=\"https:\/\/www.facebook.com\/252Comunicacion\/\" \/>\n<meta property=\"article:author\" content=\"https:\/\/www.facebook.com\/jcorroherrera\/\" \/>\n<meta property=\"article:published_time\" content=\"2026-03-28T17:59:04+00:00\" \/>\n<meta property=\"article:modified_time\" content=\"2026-03-28T18:16:53+00:00\" \/>\n<meta property=\"og:image\" content=\"http:\/\/agencia.252.com.mx\/wp-content\/uploads\/2026\/03\/WhatsApp-Image-2026-03-27-at-8.42.26-PM.jpeg\" \/>\n\t<meta property=\"og:image:width\" content=\"1280\" \/>\n\t<meta property=\"og:image:height\" content=\"853\" \/>\n\t<meta property=\"og:image:type\" content=\"image\/jpeg\" \/>\n<meta name=\"author\" content=\"Nacho Corro\" \/>\n<meta name=\"twitter:card\" content=\"summary_large_image\" \/>\n<meta name=\"twitter:creator\" content=\"@Juan Ignacio Corro Herrera\" \/>\n<meta name=\"twitter:site\" content=\"@252COMS\" \/>\n<meta name=\"twitter:label1\" content=\"Escrito por\" \/>\n\t<meta name=\"twitter:data1\" content=\"Nacho Corro\" \/>\n\t<meta name=\"twitter:label2\" content=\"Tiempo de lectura\" \/>\n\t<meta name=\"twitter:data2\" content=\"3 minutos\" \/>\n<script type=\"application\/ld+json\" class=\"yoast-schema-graph\">{\"@context\":\"https:\\\/\\\/schema.org\",\"@graph\":[{\"@type\":\"Article\",\"@id\":\"https:\\\/\\\/agencia.252.com.mx\\\/home\\\/destaca-50-reduccion-de-robo-con-violencia-en-cdmx-durante-reunion-interestatal-de-paz-y-seguridad\\\/#article\",\"isPartOf\":{\"@id\":\"https:\\\/\\\/agencia.252.com.mx\\\/home\\\/destaca-50-reduccion-de-robo-con-violencia-en-cdmx-durante-reunion-interestatal-de-paz-y-seguridad\\\/\"},\"author\":{\"name\":\"Nacho Corro\",\"@id\":\"https:\\\/\\\/agencia.252.com.mx\\\/home\\\/#\\\/schema\\\/person\\\/6b972021e9a92d45ade8c78d81509098\"},\"headline\":\"Destaca 50% reducci\u00f3n de robo con violencia en CDMX durante reuni\u00f3n interestatal de paz y seguridad\u00a0\",\"datePublished\":\"2026-03-28T17:59:04+00:00\",\"dateModified\":\"2026-03-28T18:16:53+00:00\",\"mainEntityOfPage\":{\"@id\":\"https:\\\/\\\/agencia.252.com.mx\\\/home\\\/destaca-50-reduccion-de-robo-con-violencia-en-cdmx-durante-reunion-interestatal-de-paz-y-seguridad\\\/\"},\"wordCount\":585,\"commentCount\":0,\"publisher\":{\"@id\":\"https:\\\/\\\/agencia.252.com.mx\\\/home\\\/#organization\"},\"image\":{\"@id\":\"https:\\\/\\\/agencia.252.com.mx\\\/home\\\/destaca-50-reduccion-de-robo-con-violencia-en-cdmx-durante-reunion-interestatal-de-paz-y-seguridad\\\/#primaryimage\"},\"thumbnailUrl\":\"https:\\\/\\\/agencia.252.com.mx\\\/wp-content\\\/uploads\\\/2026\\\/03\\\/WhatsApp-Image-2026-03-27-at-8.42.26-PM.jpeg\",\"keywords\":[\"CDMX\",\"Edomex\",\"Estados\"],\"articleSection\":[\"CDMX\",\"Edomex\",\"Estados\",\"Seguridad\"],\"inLanguage\":\"es\",\"potentialAction\":[{\"@type\":\"CommentAction\",\"name\":\"Comment\",\"target\":[\"https:\\\/\\\/agencia.252.com.mx\\\/home\\\/destaca-50-reduccion-de-robo-con-violencia-en-cdmx-durante-reunion-interestatal-de-paz-y-seguridad\\\/#respond\"]}]},{\"@type\":\"WebPage\",\"@id\":\"https:\\\/\\\/agencia.252.com.mx\\\/home\\\/destaca-50-reduccion-de-robo-con-violencia-en-cdmx-durante-reunion-interestatal-de-paz-y-seguridad\\\/\",\"url\":\"https:\\\/\\\/agencia.252.com.mx\\\/home\\\/destaca-50-reduccion-de-robo-con-violencia-en-cdmx-durante-reunion-interestatal-de-paz-y-seguridad\\\/\",\"name\":\"Destaca 50% reducci\u00f3n de robo con violencia en CDMX durante reuni\u00f3n interestatal de paz y seguridad\u00a0 - Agencia252\",\"isPartOf\":{\"@id\":\"https:\\\/\\\/agencia.252.com.mx\\\/home\\\/#website\"},\"primaryImageOfPage\":{\"@id\":\"https:\\\/\\\/agencia.252.com.mx\\\/home\\\/destaca-50-reduccion-de-robo-con-violencia-en-cdmx-durante-reunion-interestatal-de-paz-y-seguridad\\\/#primaryimage\"},\"image\":{\"@id\":\"https:\\\/\\\/agencia.252.com.mx\\\/home\\\/destaca-50-reduccion-de-robo-con-violencia-en-cdmx-durante-reunion-interestatal-de-paz-y-seguridad\\\/#primaryimage\"},\"thumbnailUrl\":\"https:\\\/\\\/agencia.252.com.mx\\\/wp-content\\\/uploads\\\/2026\\\/03\\\/WhatsApp-Image-2026-03-27-at-8.42.26-PM.jpeg\",\"datePublished\":\"2026-03-28T17:59:04+00:00\",\"dateModified\":\"2026-03-28T18:16:53+00:00\",\"breadcrumb\":{\"@id\":\"https:\\\/\\\/agencia.252.com.mx\\\/home\\\/destaca-50-reduccion-de-robo-con-violencia-en-cdmx-durante-reunion-interestatal-de-paz-y-seguridad\\\/#breadcrumb\"},\"inLanguage\":\"es\",\"potentialAction\":[{\"@type\":\"ReadAction\",\"target\":[\"https:\\\/\\\/agencia.252.com.mx\\\/home\\\/destaca-50-reduccion-de-robo-con-violencia-en-cdmx-durante-reunion-interestatal-de-paz-y-seguridad\\\/\"]}]},{\"@type\":\"ImageObject\",\"inLanguage\":\"es\",\"@id\":\"https:\\\/\\\/agencia.252.com.mx\\\/home\\\/destaca-50-reduccion-de-robo-con-violencia-en-cdmx-durante-reunion-interestatal-de-paz-y-seguridad\\\/#primaryimage\",\"url\":\"https:\\\/\\\/agencia.252.com.mx\\\/wp-content\\\/uploads\\\/2026\\\/03\\\/WhatsApp-Image-2026-03-27-at-8.42.26-PM.jpeg\",\"contentUrl\":\"https:\\\/\\\/agencia.252.com.mx\\\/wp-content\\\/uploads\\\/2026\\\/03\\\/WhatsApp-Image-2026-03-27-at-8.42.26-PM.jpeg\",\"width\":1280,\"height\":853},{\"@type\":\"BreadcrumbList\",\"@id\":\"https:\\\/\\\/agencia.252.com.mx\\\/home\\\/destaca-50-reduccion-de-robo-con-violencia-en-cdmx-durante-reunion-interestatal-de-paz-y-seguridad\\\/#breadcrumb\",\"itemListElement\":[{\"@type\":\"ListItem\",\"position\":1,\"name\":\"Portada\",\"item\":\"https:\\\/\\\/agencia.252.com.mx\\\/home\\\/\"},{\"@type\":\"ListItem\",\"position\":2,\"name\":\"Destaca 50% reducci\u00f3n de robo con violencia en CDMX durante reuni\u00f3n interestatal de paz y seguridad\u00a0\"}]},{\"@type\":\"WebSite\",\"@id\":\"https:\\\/\\\/agencia.252.com.mx\\\/home\\\/#website\",\"url\":\"https:\\\/\\\/agencia.252.com.mx\\\/home\\\/\",\"name\":\"Agencia252\",\"description\":\"Tu espacio en la Red\",\"publisher\":{\"@id\":\"https:\\\/\\\/agencia.252.com.mx\\\/home\\\/#organization\"},\"potentialAction\":[{\"@type\":\"SearchAction\",\"target\":{\"@type\":\"EntryPoint\",\"urlTemplate\":\"https:\\\/\\\/agencia.252.com.mx\\\/home\\\/?s={search_term_string}\"},\"query-input\":{\"@type\":\"PropertyValueSpecification\",\"valueRequired\":true,\"valueName\":\"search_term_string\"}}],\"inLanguage\":\"es\"},{\"@type\":\"Organization\",\"@id\":\"https:\\\/\\\/agencia.252.com.mx\\\/home\\\/#organization\",\"name\":\"Agencia252\",\"url\":\"https:\\\/\\\/agencia.252.com.mx\\\/home\\\/\",\"logo\":{\"@type\":\"ImageObject\",\"inLanguage\":\"es\",\"@id\":\"https:\\\/\\\/agencia.252.com.mx\\\/home\\\/#\\\/schema\\\/logo\\\/image\\\/\",\"url\":\"https:\\\/\\\/agencia.252.com.mx\\\/wp-content\\\/uploads\\\/2023\\\/02\\\/cropped-ciruclo-agencia-e1677562404136.png\",\"contentUrl\":\"https:\\\/\\\/agencia.252.com.mx\\\/wp-content\\\/uploads\\\/2023\\\/02\\\/cropped-ciruclo-agencia-e1677562404136.png\",\"width\":512,\"height\":512,\"caption\":\"Agencia252\"},\"image\":{\"@id\":\"https:\\\/\\\/agencia.252.com.mx\\\/home\\\/#\\\/schema\\\/logo\\\/image\\\/\"},\"sameAs\":[\"https:\\\/\\\/www.facebook.com\\\/252Comunicacion\\\/\",\"https:\\\/\\\/x.com\\\/252COMS\"]},{\"@type\":\"Person\",\"@id\":\"https:\\\/\\\/agencia.252.com.mx\\\/home\\\/#\\\/schema\\\/person\\\/6b972021e9a92d45ade8c78d81509098\",\"name\":\"Nacho Corro\",\"image\":{\"@type\":\"ImageObject\",\"inLanguage\":\"es\",\"@id\":\"https:\\\/\\\/secure.gravatar.com\\\/avatar\\\/5db6df507cfe1307e192fbb498c6b85f1cf2ffd8b4cd37141b9eea588fcbd5a4?s=96&r=g\",\"url\":\"https:\\\/\\\/secure.gravatar.com\\\/avatar\\\/5db6df507cfe1307e192fbb498c6b85f1cf2ffd8b4cd37141b9eea588fcbd5a4?s=96&r=g\",\"contentUrl\":\"https:\\\/\\\/secure.gravatar.com\\\/avatar\\\/5db6df507cfe1307e192fbb498c6b85f1cf2ffd8b4cd37141b9eea588fcbd5a4?s=96&r=g\",\"caption\":\"Nacho Corro\"},\"description\":\"Comunicador Social, Periodista y Administraci\u00f3n P\u00fablica. Conversador pol\u00edtico, temas electorales y seguridad. Generador de contenidos digitales. Amante de la fotograf\u00eda\",\"sameAs\":[\"https:\\\/\\\/www.facebook.com\\\/jcorroherrera\\\/\",\"www.instagram.com\\\/nachocorro\\\/\",\"https:\\\/\\\/x.com\\\/Juan Ignacio Corro Herrera\"],\"url\":\"https:\\\/\\\/agencia.252.com.mx\\\/home\\\/author\\\/i-corro\\\/\"}]}<\/script>\n<!-- \/ Yoast SEO plugin. -->","yoast_head_json":{"title":"Destaca 50% reducci\u00f3n de robo con violencia en CDMX durante reuni\u00f3n interestatal de paz y seguridad\u00a0 - Agencia252","robots":{"index":"index","follow":"follow","max-snippet":"max-snippet:-1","max-image-preview":"max-image-preview:large","max-video-preview":"max-video-preview:-1"},"canonical":"https:\/\/agencia.252.com.mx\/home\/destaca-50-reduccion-de-robo-con-violencia-en-cdmx-durante-reunion-interestatal-de-paz-y-seguridad\/","og_locale":"es_ES","og_type":"article","og_title":"Destaca 50% reducci\u00f3n de robo con violencia en CDMX durante reuni\u00f3n interestatal de paz y seguridad\u00a0 - Agencia252","og_description":"Visitas: 23 Juan Ignacio Corro&nbsp; Ciudad de M\u00e9xico, a 28 de marzo de 2026 Durante la Reuni\u00f3n de Coordinaci\u00f3n Interestatal de Paz y Seguridad realizada en San Agust\u00edn Tlaxiaca, Hidalgo, la Jefa de Gobierno de la Ciudad de M\u00e9xico, Clara Brugada Molina,&nbsp;&nbsp;destac\u00f3 los avances en la reducci\u00f3n de delitos, particularmente en el robo de veh\u00edculos, [&hellip;]","og_url":"https:\/\/agencia.252.com.mx\/home\/destaca-50-reduccion-de-robo-con-violencia-en-cdmx-durante-reunion-interestatal-de-paz-y-seguridad\/","og_site_name":"Agencia252","article_publisher":"https:\/\/www.facebook.com\/252Comunicacion\/","article_author":"https:\/\/www.facebook.com\/jcorroherrera\/","article_published_time":"2026-03-28T17:59:04+00:00","article_modified_time":"2026-03-28T18:16:53+00:00","og_image":[{"width":1280,"height":853,"url":"http:\/\/agencia.252.com.mx\/wp-content\/uploads\/2026\/03\/WhatsApp-Image-2026-03-27-at-8.42.26-PM.jpeg","type":"image\/jpeg"}],"author":"Nacho Corro","twitter_card":"summary_large_image","twitter_creator":"@Juan Ignacio Corro Herrera","twitter_site":"@252COMS","twitter_misc":{"Escrito por":"Nacho Corro","Tiempo de lectura":"3 minutos"},"schema":{"@context":"https:\/\/schema.org","@graph":[{"@type":"Article","@id":"https:\/\/agencia.252.com.mx\/home\/destaca-50-reduccion-de-robo-con-violencia-en-cdmx-durante-reunion-interestatal-de-paz-y-seguridad\/#article","isPartOf":{"@id":"https:\/\/agencia.252.com.mx\/home\/destaca-50-reduccion-de-robo-con-violencia-en-cdmx-durante-reunion-interestatal-de-paz-y-seguridad\/"},"author":{"name":"Nacho Corro","@id":"https:\/\/agencia.252.com.mx\/home\/#\/schema\/person\/6b972021e9a92d45ade8c78d81509098"},"headline":"Destaca 50% reducci\u00f3n de robo con violencia en CDMX durante reuni\u00f3n interestatal de paz y seguridad\u00a0","datePublished":"2026-03-28T17:59:04+00:00","dateModified":"2026-03-28T18:16:53+00:00","mainEntityOfPage":{"@id":"https:\/\/agencia.252.com.mx\/home\/destaca-50-reduccion-de-robo-con-violencia-en-cdmx-durante-reunion-interestatal-de-paz-y-seguridad\/"},"wordCount":585,"commentCount":0,"publisher":{"@id":"https:\/\/agencia.252.com.mx\/home\/#organization"},"image":{"@id":"https:\/\/agencia.252.com.mx\/home\/destaca-50-reduccion-de-robo-con-violencia-en-cdmx-durante-reunion-interestatal-de-paz-y-seguridad\/#primaryimage"},"thumbnailUrl":"https:\/\/agencia.252.com.mx\/wp-content\/uploads\/2026\/03\/WhatsApp-Image-2026-03-27-at-8.42.26-PM.jpeg","keywords":["CDMX","Edomex","Estados"],"articleSection":["CDMX","Edomex","Estados","Seguridad"],"inLanguage":"es","potentialAction":[{"@type":"CommentAction","name":"Comment","target":["https:\/\/agencia.252.com.mx\/home\/destaca-50-reduccion-de-robo-con-violencia-en-cdmx-durante-reunion-interestatal-de-paz-y-seguridad\/#respond"]}]},{"@type":"WebPage","@id":"https:\/\/agencia.252.com.mx\/home\/destaca-50-reduccion-de-robo-con-violencia-en-cdmx-durante-reunion-interestatal-de-paz-y-seguridad\/","url":"https:\/\/agencia.252.com.mx\/home\/destaca-50-reduccion-de-robo-con-violencia-en-cdmx-durante-reunion-interestatal-de-paz-y-seguridad\/","name":"Destaca 50% reducci\u00f3n de robo con violencia en CDMX durante reuni\u00f3n interestatal de paz y seguridad\u00a0 - Agencia252","isPartOf":{"@id":"https:\/\/agencia.252.com.mx\/home\/#website"},"primaryImageOfPage":{"@id":"https:\/\/agencia.252.com.mx\/home\/destaca-50-reduccion-de-robo-con-violencia-en-cdmx-durante-reunion-interestatal-de-paz-y-seguridad\/#primaryimage"},"image":{"@id":"https:\/\/agencia.252.com.mx\/home\/destaca-50-reduccion-de-robo-con-violencia-en-cdmx-durante-reunion-interestatal-de-paz-y-seguridad\/#primaryimage"},"thumbnailUrl":"https:\/\/agencia.252.com.mx\/wp-content\/uploads\/2026\/03\/WhatsApp-Image-2026-03-27-at-8.42.26-PM.jpeg","datePublished":"2026-03-28T17:59:04+00:00","dateModified":"2026-03-28T18:16:53+00:00","breadcrumb":{"@id":"https:\/\/agencia.252.com.mx\/home\/destaca-50-reduccion-de-robo-con-violencia-en-cdmx-durante-reunion-interestatal-de-paz-y-seguridad\/#breadcrumb"},"inLanguage":"es","potentialAction":[{"@type":"ReadAction","target":["https:\/\/agencia.252.com.mx\/home\/destaca-50-reduccion-de-robo-con-violencia-en-cdmx-durante-reunion-interestatal-de-paz-y-seguridad\/"]}]},{"@type":"ImageObject","inLanguage":"es","@id":"https:\/\/agencia.252.com.mx\/home\/destaca-50-reduccion-de-robo-con-violencia-en-cdmx-durante-reunion-interestatal-de-paz-y-seguridad\/#primaryimage","url":"https:\/\/agencia.252.com.mx\/wp-content\/uploads\/2026\/03\/WhatsApp-Image-2026-03-27-at-8.42.26-PM.jpeg","contentUrl":"https:\/\/agencia.252.com.mx\/wp-content\/uploads\/2026\/03\/WhatsApp-Image-2026-03-27-at-8.42.26-PM.jpeg","width":1280,"height":853},{"@type":"BreadcrumbList","@id":"https:\/\/agencia.252.com.mx\/home\/destaca-50-reduccion-de-robo-con-violencia-en-cdmx-durante-reunion-interestatal-de-paz-y-seguridad\/#breadcrumb","itemListElement":[{"@type":"ListItem","position":1,"name":"Portada","item":"https:\/\/agencia.252.com.mx\/home\/"},{"@type":"ListItem","position":2,"name":"Destaca 50% reducci\u00f3n de robo con violencia en CDMX durante reuni\u00f3n interestatal de paz y seguridad\u00a0"}]},{"@type":"WebSite","@id":"https:\/\/agencia.252.com.mx\/home\/#website","url":"https:\/\/agencia.252.com.mx\/home\/","name":"Agencia252","description":"Tu espacio en la Red","publisher":{"@id":"https:\/\/agencia.252.com.mx\/home\/#organization"},"potentialAction":[{"@type":"SearchAction","target":{"@type":"EntryPoint","urlTemplate":"https:\/\/agencia.252.com.mx\/home\/?s={search_term_string}"},"query-input":{"@type":"PropertyValueSpecification","valueRequired":true,"valueName":"search_term_string"}}],"inLanguage":"es"},{"@type":"Organization","@id":"https:\/\/agencia.252.com.mx\/home\/#organization","name":"Agencia252","url":"https:\/\/agencia.252.com.mx\/home\/","logo":{"@type":"ImageObject","inLanguage":"es","@id":"https:\/\/agencia.252.com.mx\/home\/#\/schema\/logo\/image\/","url":"https:\/\/agencia.252.com.mx\/wp-content\/uploads\/2023\/02\/cropped-ciruclo-agencia-e1677562404136.png","contentUrl":"https:\/\/agencia.252.com.mx\/wp-content\/uploads\/2023\/02\/cropped-ciruclo-agencia-e1677562404136.png","width":512,"height":512,"caption":"Agencia252"},"image":{"@id":"https:\/\/agencia.252.com.mx\/home\/#\/schema\/logo\/image\/"},"sameAs":["https:\/\/www.facebook.com\/252Comunicacion\/","https:\/\/x.com\/252COMS"]},{"@type":"Person","@id":"https:\/\/agencia.252.com.mx\/home\/#\/schema\/person\/6b972021e9a92d45ade8c78d81509098","name":"Nacho Corro","image":{"@type":"ImageObject","inLanguage":"es","@id":"https:\/\/secure.gravatar.com\/avatar\/5db6df507cfe1307e192fbb498c6b85f1cf2ffd8b4cd37141b9eea588fcbd5a4?s=96&r=g","url":"https:\/\/secure.gravatar.com\/avatar\/5db6df507cfe1307e192fbb498c6b85f1cf2ffd8b4cd37141b9eea588fcbd5a4?s=96&r=g","contentUrl":"https:\/\/secure.gravatar.com\/avatar\/5db6df507cfe1307e192fbb498c6b85f1cf2ffd8b4cd37141b9eea588fcbd5a4?s=96&r=g","caption":"Nacho Corro"},"description":"Comunicador Social, Periodista y Administraci\u00f3n P\u00fablica. Conversador pol\u00edtico, temas electorales y seguridad. Generador de contenidos digitales. Amante de la fotograf\u00eda","sameAs":["https:\/\/www.facebook.com\/jcorroherrera\/","www.instagram.com\/nachocorro\/","https:\/\/x.com\/Juan Ignacio Corro Herrera"],"url":"https:\/\/agencia.252.com.mx\/home\/author\/i-corro\/"}]}},"_links":{"self":[{"href":"https:\/\/agencia.252.com.mx\/home\/wp-json\/wp\/v2\/posts\/17703","targetHints":{"allow":["GET"]}}],"collection":[{"href":"https:\/\/agencia.252.com.mx\/home\/wp-json\/wp\/v2\/posts"}],"about":[{"href":"https:\/\/agencia.252.com.mx\/home\/wp-json\/wp\/v2\/types\/post"}],"author":[{"embeddable":true,"href":"https:\/\/agencia.252.com.mx\/home\/wp-json\/wp\/v2\/users\/5"}],"replies":[{"embeddable":true,"href":"https:\/\/agencia.252.com.mx\/home\/wp-json\/wp\/v2\/comments?post=17703"}],"version-history":[{"count":2,"href":"https:\/\/agencia.252.com.mx\/home\/wp-json\/wp\/v2\/posts\/17703\/revisions"}],"predecessor-version":[{"id":17709,"href":"https:\/\/agencia.252.com.mx\/home\/wp-json\/wp\/v2\/posts\/17703\/revisions\/17709"}],"wp:featuredmedia":[{"embeddable":true,"href":"https:\/\/agencia.252.com.mx\/home\/wp-json\/wp\/v2\/media\/17706"}],"wp:attachment":[{"href":"https:\/\/agencia.252.com.mx\/home\/wp-json\/wp\/v2\/media?parent=17703"}],"wp:term":[{"taxonomy":"category","embeddable":true,"href":"https:\/\/agencia.252.com.mx\/home\/wp-json\/wp\/v2\/categories?post=17703"},{"taxonomy":"post_tag","embeddable":true,"href":"https:\/\/agencia.252.com.mx\/home\/wp-json\/wp\/v2\/tags?post=17703"}],"curies":[{"name":"wp","href":"https:\/\/api.w.org\/{rel}","templated":true}]}}