{"id":16747,"date":"2026-03-08T19:06:36","date_gmt":"2026-03-09T01:06:36","guid":{"rendered":"https:\/\/agencia.252.com.mx\/home\/?p=16747"},"modified":"2026-03-08T19:06:37","modified_gmt":"2026-03-09T01:06:37","slug":"tlalnepantla-se-suma-a-la-campana-estatal-en-e-tranporte-publico-nos-movemos-seguras","status":"publish","type":"post","link":"https:\/\/agencia.252.com.mx\/home\/tlalnepantla-se-suma-a-la-campana-estatal-en-e-tranporte-publico-nos-movemos-seguras\/","title":{"rendered":"Tlalnepantla se suma a la campa\u00f1a estatal en e tranporte p\u00fablico \u201cNos movemos seguras\u201d"},"content":{"rendered":"<p>Visitas: 24<\/p>\n<ul class=\"wp-block-list\">\n<li><em>El Gobierno Municipal reafirma su compromiso con la erradicaci\u00f3n del acoso y la violencia de g\u00e9nero.<\/em><\/li>\n\n\n\n<li><em>A trav\u00e9s de la colocaci\u00f3n de microperforados en unidades de transporte p\u00fablico, se busca visibilizar y prevenir conductas que vulneran la integridad de las mujeres.<\/em><\/li>\n<\/ul>\n\n\n\n<p>\u200b<em>&nbsp;Juan Ignacio Corro&nbsp;<\/em><\/p>\n\n\n\n<p class=\"has-text-align-right\">Toluca,&nbsp;&nbsp;Estado de M\u00e9xico, a 8 de marzo&nbsp;de 2026<\/p>\n\n\n\n<p>\u200bEn el marco de la conmemoraci\u00f3n del 8 de marzo, el Gobierno del Presidente Municipal Raciel P\u00e9rez Cruz llev\u00f3 a cabo la colocaci\u00f3n de microperforados \u00abNos Movemos Seguras\u00bb, el acoso no tiene rostro\u00bb.<\/p>\n\n\n\n<p>Esta activaci\u00f3n se realiz\u00f3 en las inmediaciones del Parque \u00abCri-Cri\u00bb, con el objetivo de visibilizar, prevenir y sancionar el acoso y la violencia que enfrentan las mujeres en el transporte p\u00fablico y en sus trayectos diarios.&nbsp;<\/p>\n\n\n\n<figure class=\"wp-block-image alignright size-medium\"><img fetchpriority=\"high\" decoding=\"async\" width=\"300\" height=\"200\" src=\"https:\/\/agencia.252.com.mx\/wp-content\/uploads\/2026\/03\/WhatsApp-Image-2026-03-08-at-2.59.14-PM-300x200.jpeg\" alt=\"\" class=\"wp-image-16749\" srcset=\"https:\/\/agencia.252.com.mx\/wp-content\/uploads\/2026\/03\/WhatsApp-Image-2026-03-08-at-2.59.14-PM-300x200.jpeg 300w, https:\/\/agencia.252.com.mx\/wp-content\/uploads\/2026\/03\/WhatsApp-Image-2026-03-08-at-2.59.14-PM-1024x682.jpeg 1024w, https:\/\/agencia.252.com.mx\/wp-content\/uploads\/2026\/03\/WhatsApp-Image-2026-03-08-at-2.59.14-PM-768x512.jpeg 768w, https:\/\/agencia.252.com.mx\/wp-content\/uploads\/2026\/03\/WhatsApp-Image-2026-03-08-at-2.59.14-PM-1536x1023.jpeg 1536w, https:\/\/agencia.252.com.mx\/wp-content\/uploads\/2026\/03\/WhatsApp-Image-2026-03-08-at-2.59.14-PM.jpeg 1600w\" sizes=\"(max-width: 300px) 100vw, 300px\" \/><\/figure>\n\n\n\n<p>El Alcalde Raciel P\u00e9rez Cruz ha instruido que la seguridad de las mujeres sea una prioridad absoluta de su administraci\u00f3n, as\u00ed como reconocer que el derecho a la movilidad libre y segura es fundamental para construir una sociedad m\u00e1s justa e igualitaria.<\/p>\n\n\n\n<p>Es de gran importancia sumar esfuerzos con el gremio transportista para desnaturalizar conductas como el acoso y los tocamientos, que generan miedo y limitan la libertad de las usuarias.&nbsp;<\/p>\n\n\n\n<p>Estos distintivos informativos en las unidades permiten a las mujeres conocer los mecanismos de auxilio, como la l\u00ednea 911, y fomenta una cultura de respeto y denuncia.&nbsp;<\/p>\n\n\n\n<p>La administraci\u00f3n municipal enfatiz\u00f3 que la colaboraci\u00f3n entre la sociedad, los operadores de rutas y el gobierno es la clave para transformar el transporte en un entorno de protecci\u00f3n y bienestar.<\/p>\n","protected":false},"excerpt":{"rendered":"<p>Visitas: 24 \u200b&nbsp;Juan Ignacio Corro&nbsp; Toluca,&nbsp;&nbsp;Estado de M\u00e9xico, a 8 de marzo&nbsp;de 2026 \u200bEn el marco de la conmemoraci\u00f3n del 8 de marzo, el Gobierno del Presidente Municipal Raciel P\u00e9rez Cruz llev\u00f3 a cabo la colocaci\u00f3n de microperforados \u00abNos Movemos Seguras\u00bb, el acoso no tiene rostro\u00bb. Esta activaci\u00f3n se realiz\u00f3 en las inmediaciones del Parque [&hellip;]<\/p>\n","protected":false},"author":5,"featured_media":16748,"comment_status":"open","ping_status":"open","sticky":false,"template":"","format":"standard","meta":{"site-sidebar-layout":"default","site-content-layout":"","ast-site-content-layout":"default","site-content-style":"default","site-sidebar-style":"default","ast-global-header-display":"","ast-banner-title-visibility":"","ast-main-header-display":"","ast-hfb-above-header-display":"","ast-hfb-below-header-display":"","ast-hfb-mobile-header-display":"","site-post-title":"","ast-breadcrumbs-content":"","ast-featured-img":"","footer-sml-layout":"","ast-disable-related-posts":"","theme-transparent-header-meta":"","adv-header-id-meta":"","stick-header-meta":"","header-above-stick-meta":"","header-main-stick-meta":"","header-below-stick-meta":"","astra-migrate-meta-layouts":"set","ast-page-background-enabled":"default","ast-page-background-meta":{"desktop":{"background-color":"var(--ast-global-color-4)","background-image":"","background-repeat":"repeat","background-position":"center center","background-size":"auto","background-attachment":"scroll","background-type":"","background-media":"","overlay-type":"","overlay-color":"","overlay-opacity":"","overlay-gradient":""},"tablet":{"background-color":"","background-image":"","background-repeat":"repeat","background-position":"center center","background-size":"auto","background-attachment":"scroll","background-type":"","background-media":"","overlay-type":"","overlay-color":"","overlay-opacity":"","overlay-gradient":""},"mobile":{"background-color":"","background-image":"","background-repeat":"repeat","background-position":"center center","background-size":"auto","background-attachment":"scroll","background-type":"","background-media":"","overlay-type":"","overlay-color":"","overlay-opacity":"","overlay-gradient":""}},"ast-content-background-meta":{"desktop":{"background-color":"var(--ast-global-color-5)","background-image":"","background-repeat":"repeat","background-position":"center center","background-size":"auto","background-attachment":"scroll","background-type":"","background-media":"","overlay-type":"","overlay-color":"","overlay-opacity":"","overlay-gradient":""},"tablet":{"background-color":"var(--ast-global-color-5)","background-image":"","background-repeat":"repeat","background-position":"center center","background-size":"auto","background-attachment":"scroll","background-type":"","background-media":"","overlay-type":"","overlay-color":"","overlay-opacity":"","overlay-gradient":""},"mobile":{"background-color":"var(--ast-global-color-5)","background-image":"","background-repeat":"repeat","background-position":"center center","background-size":"auto","background-attachment":"scroll","background-type":"","background-media":"","overlay-type":"","overlay-color":"","overlay-opacity":"","overlay-gradient":""}},"footnotes":""},"categories":[38,8,53,68],"tags":[526],"class_list":["post-16747","post","type-post","status-publish","format-standard","has-post-thumbnail","hentry","category-ecatepec","category-edomex","category-mujeres","category-seguridad","tag-edomex"],"yoast_head":"<!-- This site is optimized with the Yoast SEO plugin v27.4 - https:\/\/yoast.com\/product\/yoast-seo-wordpress\/ -->\n<title>Tlalnepantla se suma a la campa\u00f1a estatal en e tranporte p\u00fablico \u201cNos movemos seguras\u201d - Agencia252<\/title>\n<meta name=\"robots\" content=\"index, follow, max-snippet:-1, max-image-preview:large, max-video-preview:-1\" \/>\n<link rel=\"canonical\" href=\"https:\/\/agencia.252.com.mx\/home\/tlalnepantla-se-suma-a-la-campana-estatal-en-e-tranporte-publico-nos-movemos-seguras\/\" \/>\n<meta property=\"og:locale\" content=\"es_ES\" \/>\n<meta property=\"og:type\" content=\"article\" \/>\n<meta property=\"og:title\" content=\"Tlalnepantla se suma a la campa\u00f1a estatal en e tranporte p\u00fablico \u201cNos movemos seguras\u201d - Agencia252\" \/>\n<meta property=\"og:description\" content=\"Visitas: 24 \u200b&nbsp;Juan Ignacio Corro&nbsp; Toluca,&nbsp;&nbsp;Estado de M\u00e9xico, a 8 de marzo&nbsp;de 2026 \u200bEn el marco de la conmemoraci\u00f3n del 8 de marzo, el Gobierno del Presidente Municipal Raciel P\u00e9rez Cruz llev\u00f3 a cabo la colocaci\u00f3n de microperforados \u00abNos Movemos Seguras\u00bb, el acoso no tiene rostro\u00bb. Esta activaci\u00f3n se realiz\u00f3 en las inmediaciones del Parque [&hellip;]\" \/>\n<meta property=\"og:url\" content=\"https:\/\/agencia.252.com.mx\/home\/tlalnepantla-se-suma-a-la-campana-estatal-en-e-tranporte-publico-nos-movemos-seguras\/\" \/>\n<meta property=\"og:site_name\" content=\"Agencia252\" \/>\n<meta property=\"article:publisher\" content=\"https:\/\/www.facebook.com\/252Comunicacion\/\" \/>\n<meta property=\"article:author\" content=\"https:\/\/www.facebook.com\/jcorroherrera\/\" \/>\n<meta property=\"article:published_time\" content=\"2026-03-09T01:06:36+00:00\" \/>\n<meta property=\"article:modified_time\" content=\"2026-03-09T01:06:37+00:00\" \/>\n<meta property=\"og:image\" content=\"http:\/\/agencia.252.com.mx\/wp-content\/uploads\/2026\/03\/WhatsApp-Image-2026-03-08-at-2.59.13-PM.jpeg\" \/>\n\t<meta property=\"og:image:width\" content=\"1600\" \/>\n\t<meta property=\"og:image:height\" content=\"1066\" \/>\n\t<meta property=\"og:image:type\" content=\"image\/jpeg\" \/>\n<meta name=\"author\" content=\"Nacho Corro\" \/>\n<meta name=\"twitter:card\" content=\"summary_large_image\" \/>\n<meta name=\"twitter:creator\" content=\"@Juan Ignacio Corro Herrera\" \/>\n<meta name=\"twitter:site\" content=\"@252COMS\" \/>\n<meta name=\"twitter:label1\" content=\"Escrito por\" \/>\n\t<meta name=\"twitter:data1\" content=\"Nacho Corro\" \/>\n\t<meta name=\"twitter:label2\" content=\"Tiempo de lectura\" \/>\n\t<meta name=\"twitter:data2\" content=\"2 minutos\" \/>\n<script type=\"application\/ld+json\" class=\"yoast-schema-graph\">{\"@context\":\"https:\\\/\\\/schema.org\",\"@graph\":[{\"@type\":\"Article\",\"@id\":\"https:\\\/\\\/agencia.252.com.mx\\\/home\\\/tlalnepantla-se-suma-a-la-campana-estatal-en-e-tranporte-publico-nos-movemos-seguras\\\/#article\",\"isPartOf\":{\"@id\":\"https:\\\/\\\/agencia.252.com.mx\\\/home\\\/tlalnepantla-se-suma-a-la-campana-estatal-en-e-tranporte-publico-nos-movemos-seguras\\\/\"},\"author\":{\"name\":\"Nacho Corro\",\"@id\":\"https:\\\/\\\/agencia.252.com.mx\\\/home\\\/#\\\/schema\\\/person\\\/6b972021e9a92d45ade8c78d81509098\"},\"headline\":\"Tlalnepantla se suma a la campa\u00f1a estatal en e tranporte p\u00fablico \u201cNos movemos seguras\u201d\",\"datePublished\":\"2026-03-09T01:06:36+00:00\",\"dateModified\":\"2026-03-09T01:06:37+00:00\",\"mainEntityOfPage\":{\"@id\":\"https:\\\/\\\/agencia.252.com.mx\\\/home\\\/tlalnepantla-se-suma-a-la-campana-estatal-en-e-tranporte-publico-nos-movemos-seguras\\\/\"},\"wordCount\":290,\"commentCount\":0,\"publisher\":{\"@id\":\"https:\\\/\\\/agencia.252.com.mx\\\/home\\\/#organization\"},\"image\":{\"@id\":\"https:\\\/\\\/agencia.252.com.mx\\\/home\\\/tlalnepantla-se-suma-a-la-campana-estatal-en-e-tranporte-publico-nos-movemos-seguras\\\/#primaryimage\"},\"thumbnailUrl\":\"https:\\\/\\\/agencia.252.com.mx\\\/wp-content\\\/uploads\\\/2026\\\/03\\\/WhatsApp-Image-2026-03-08-at-2.59.13-PM.jpeg\",\"keywords\":[\"Edomex\"],\"articleSection\":[\"Ecatepec\",\"Edomex\",\"Mujeres\",\"Seguridad\"],\"inLanguage\":\"es\",\"potentialAction\":[{\"@type\":\"CommentAction\",\"name\":\"Comment\",\"target\":[\"https:\\\/\\\/agencia.252.com.mx\\\/home\\\/tlalnepantla-se-suma-a-la-campana-estatal-en-e-tranporte-publico-nos-movemos-seguras\\\/#respond\"]}]},{\"@type\":\"WebPage\",\"@id\":\"https:\\\/\\\/agencia.252.com.mx\\\/home\\\/tlalnepantla-se-suma-a-la-campana-estatal-en-e-tranporte-publico-nos-movemos-seguras\\\/\",\"url\":\"https:\\\/\\\/agencia.252.com.mx\\\/home\\\/tlalnepantla-se-suma-a-la-campana-estatal-en-e-tranporte-publico-nos-movemos-seguras\\\/\",\"name\":\"Tlalnepantla se suma a la campa\u00f1a estatal en e tranporte p\u00fablico \u201cNos movemos seguras\u201d - Agencia252\",\"isPartOf\":{\"@id\":\"https:\\\/\\\/agencia.252.com.mx\\\/home\\\/#website\"},\"primaryImageOfPage\":{\"@id\":\"https:\\\/\\\/agencia.252.com.mx\\\/home\\\/tlalnepantla-se-suma-a-la-campana-estatal-en-e-tranporte-publico-nos-movemos-seguras\\\/#primaryimage\"},\"image\":{\"@id\":\"https:\\\/\\\/agencia.252.com.mx\\\/home\\\/tlalnepantla-se-suma-a-la-campana-estatal-en-e-tranporte-publico-nos-movemos-seguras\\\/#primaryimage\"},\"thumbnailUrl\":\"https:\\\/\\\/agencia.252.com.mx\\\/wp-content\\\/uploads\\\/2026\\\/03\\\/WhatsApp-Image-2026-03-08-at-2.59.13-PM.jpeg\",\"datePublished\":\"2026-03-09T01:06:36+00:00\",\"dateModified\":\"2026-03-09T01:06:37+00:00\",\"breadcrumb\":{\"@id\":\"https:\\\/\\\/agencia.252.com.mx\\\/home\\\/tlalnepantla-se-suma-a-la-campana-estatal-en-e-tranporte-publico-nos-movemos-seguras\\\/#breadcrumb\"},\"inLanguage\":\"es\",\"potentialAction\":[{\"@type\":\"ReadAction\",\"target\":[\"https:\\\/\\\/agencia.252.com.mx\\\/home\\\/tlalnepantla-se-suma-a-la-campana-estatal-en-e-tranporte-publico-nos-movemos-seguras\\\/\"]}]},{\"@type\":\"ImageObject\",\"inLanguage\":\"es\",\"@id\":\"https:\\\/\\\/agencia.252.com.mx\\\/home\\\/tlalnepantla-se-suma-a-la-campana-estatal-en-e-tranporte-publico-nos-movemos-seguras\\\/#primaryimage\",\"url\":\"https:\\\/\\\/agencia.252.com.mx\\\/wp-content\\\/uploads\\\/2026\\\/03\\\/WhatsApp-Image-2026-03-08-at-2.59.13-PM.jpeg\",\"contentUrl\":\"https:\\\/\\\/agencia.252.com.mx\\\/wp-content\\\/uploads\\\/2026\\\/03\\\/WhatsApp-Image-2026-03-08-at-2.59.13-PM.jpeg\",\"width\":1600,\"height\":1066},{\"@type\":\"BreadcrumbList\",\"@id\":\"https:\\\/\\\/agencia.252.com.mx\\\/home\\\/tlalnepantla-se-suma-a-la-campana-estatal-en-e-tranporte-publico-nos-movemos-seguras\\\/#breadcrumb\",\"itemListElement\":[{\"@type\":\"ListItem\",\"position\":1,\"name\":\"Portada\",\"item\":\"https:\\\/\\\/agencia.252.com.mx\\\/home\\\/\"},{\"@type\":\"ListItem\",\"position\":2,\"name\":\"Tlalnepantla se suma a la campa\u00f1a estatal en e tranporte p\u00fablico \u201cNos movemos seguras\u201d\"}]},{\"@type\":\"WebSite\",\"@id\":\"https:\\\/\\\/agencia.252.com.mx\\\/home\\\/#website\",\"url\":\"https:\\\/\\\/agencia.252.com.mx\\\/home\\\/\",\"name\":\"Agencia252\",\"description\":\"Tu espacio en la Red\",\"publisher\":{\"@id\":\"https:\\\/\\\/agencia.252.com.mx\\\/home\\\/#organization\"},\"potentialAction\":[{\"@type\":\"SearchAction\",\"target\":{\"@type\":\"EntryPoint\",\"urlTemplate\":\"https:\\\/\\\/agencia.252.com.mx\\\/home\\\/?s={search_term_string}\"},\"query-input\":{\"@type\":\"PropertyValueSpecification\",\"valueRequired\":true,\"valueName\":\"search_term_string\"}}],\"inLanguage\":\"es\"},{\"@type\":\"Organization\",\"@id\":\"https:\\\/\\\/agencia.252.com.mx\\\/home\\\/#organization\",\"name\":\"Agencia252\",\"url\":\"https:\\\/\\\/agencia.252.com.mx\\\/home\\\/\",\"logo\":{\"@type\":\"ImageObject\",\"inLanguage\":\"es\",\"@id\":\"https:\\\/\\\/agencia.252.com.mx\\\/home\\\/#\\\/schema\\\/logo\\\/image\\\/\",\"url\":\"https:\\\/\\\/agencia.252.com.mx\\\/wp-content\\\/uploads\\\/2023\\\/02\\\/cropped-ciruclo-agencia-e1677562404136.png\",\"contentUrl\":\"https:\\\/\\\/agencia.252.com.mx\\\/wp-content\\\/uploads\\\/2023\\\/02\\\/cropped-ciruclo-agencia-e1677562404136.png\",\"width\":512,\"height\":512,\"caption\":\"Agencia252\"},\"image\":{\"@id\":\"https:\\\/\\\/agencia.252.com.mx\\\/home\\\/#\\\/schema\\\/logo\\\/image\\\/\"},\"sameAs\":[\"https:\\\/\\\/www.facebook.com\\\/252Comunicacion\\\/\",\"https:\\\/\\\/x.com\\\/252COMS\"]},{\"@type\":\"Person\",\"@id\":\"https:\\\/\\\/agencia.252.com.mx\\\/home\\\/#\\\/schema\\\/person\\\/6b972021e9a92d45ade8c78d81509098\",\"name\":\"Nacho Corro\",\"image\":{\"@type\":\"ImageObject\",\"inLanguage\":\"es\",\"@id\":\"https:\\\/\\\/secure.gravatar.com\\\/avatar\\\/5db6df507cfe1307e192fbb498c6b85f1cf2ffd8b4cd37141b9eea588fcbd5a4?s=96&r=g\",\"url\":\"https:\\\/\\\/secure.gravatar.com\\\/avatar\\\/5db6df507cfe1307e192fbb498c6b85f1cf2ffd8b4cd37141b9eea588fcbd5a4?s=96&r=g\",\"contentUrl\":\"https:\\\/\\\/secure.gravatar.com\\\/avatar\\\/5db6df507cfe1307e192fbb498c6b85f1cf2ffd8b4cd37141b9eea588fcbd5a4?s=96&r=g\",\"caption\":\"Nacho Corro\"},\"description\":\"Comunicador Social, Periodista y Administraci\u00f3n P\u00fablica. Conversador pol\u00edtico, temas electorales y seguridad. Generador de contenidos digitales. Amante de la fotograf\u00eda\",\"sameAs\":[\"https:\\\/\\\/www.facebook.com\\\/jcorroherrera\\\/\",\"www.instagram.com\\\/nachocorro\\\/\",\"https:\\\/\\\/x.com\\\/Juan Ignacio Corro Herrera\"],\"url\":\"https:\\\/\\\/agencia.252.com.mx\\\/home\\\/author\\\/i-corro\\\/\"}]}<\/script>\n<!-- \/ Yoast SEO plugin. -->","yoast_head_json":{"title":"Tlalnepantla se suma a la campa\u00f1a estatal en e tranporte p\u00fablico \u201cNos movemos seguras\u201d - Agencia252","robots":{"index":"index","follow":"follow","max-snippet":"max-snippet:-1","max-image-preview":"max-image-preview:large","max-video-preview":"max-video-preview:-1"},"canonical":"https:\/\/agencia.252.com.mx\/home\/tlalnepantla-se-suma-a-la-campana-estatal-en-e-tranporte-publico-nos-movemos-seguras\/","og_locale":"es_ES","og_type":"article","og_title":"Tlalnepantla se suma a la campa\u00f1a estatal en e tranporte p\u00fablico \u201cNos movemos seguras\u201d - Agencia252","og_description":"Visitas: 24 \u200b&nbsp;Juan Ignacio Corro&nbsp; Toluca,&nbsp;&nbsp;Estado de M\u00e9xico, a 8 de marzo&nbsp;de 2026 \u200bEn el marco de la conmemoraci\u00f3n del 8 de marzo, el Gobierno del Presidente Municipal Raciel P\u00e9rez Cruz llev\u00f3 a cabo la colocaci\u00f3n de microperforados \u00abNos Movemos Seguras\u00bb, el acoso no tiene rostro\u00bb. Esta activaci\u00f3n se realiz\u00f3 en las inmediaciones del Parque [&hellip;]","og_url":"https:\/\/agencia.252.com.mx\/home\/tlalnepantla-se-suma-a-la-campana-estatal-en-e-tranporte-publico-nos-movemos-seguras\/","og_site_name":"Agencia252","article_publisher":"https:\/\/www.facebook.com\/252Comunicacion\/","article_author":"https:\/\/www.facebook.com\/jcorroherrera\/","article_published_time":"2026-03-09T01:06:36+00:00","article_modified_time":"2026-03-09T01:06:37+00:00","og_image":[{"width":1600,"height":1066,"url":"http:\/\/agencia.252.com.mx\/wp-content\/uploads\/2026\/03\/WhatsApp-Image-2026-03-08-at-2.59.13-PM.jpeg","type":"image\/jpeg"}],"author":"Nacho Corro","twitter_card":"summary_large_image","twitter_creator":"@Juan Ignacio Corro Herrera","twitter_site":"@252COMS","twitter_misc":{"Escrito por":"Nacho Corro","Tiempo de lectura":"2 minutos"},"schema":{"@context":"https:\/\/schema.org","@graph":[{"@type":"Article","@id":"https:\/\/agencia.252.com.mx\/home\/tlalnepantla-se-suma-a-la-campana-estatal-en-e-tranporte-publico-nos-movemos-seguras\/#article","isPartOf":{"@id":"https:\/\/agencia.252.com.mx\/home\/tlalnepantla-se-suma-a-la-campana-estatal-en-e-tranporte-publico-nos-movemos-seguras\/"},"author":{"name":"Nacho Corro","@id":"https:\/\/agencia.252.com.mx\/home\/#\/schema\/person\/6b972021e9a92d45ade8c78d81509098"},"headline":"Tlalnepantla se suma a la campa\u00f1a estatal en e tranporte p\u00fablico \u201cNos movemos seguras\u201d","datePublished":"2026-03-09T01:06:36+00:00","dateModified":"2026-03-09T01:06:37+00:00","mainEntityOfPage":{"@id":"https:\/\/agencia.252.com.mx\/home\/tlalnepantla-se-suma-a-la-campana-estatal-en-e-tranporte-publico-nos-movemos-seguras\/"},"wordCount":290,"commentCount":0,"publisher":{"@id":"https:\/\/agencia.252.com.mx\/home\/#organization"},"image":{"@id":"https:\/\/agencia.252.com.mx\/home\/tlalnepantla-se-suma-a-la-campana-estatal-en-e-tranporte-publico-nos-movemos-seguras\/#primaryimage"},"thumbnailUrl":"https:\/\/agencia.252.com.mx\/wp-content\/uploads\/2026\/03\/WhatsApp-Image-2026-03-08-at-2.59.13-PM.jpeg","keywords":["Edomex"],"articleSection":["Ecatepec","Edomex","Mujeres","Seguridad"],"inLanguage":"es","potentialAction":[{"@type":"CommentAction","name":"Comment","target":["https:\/\/agencia.252.com.mx\/home\/tlalnepantla-se-suma-a-la-campana-estatal-en-e-tranporte-publico-nos-movemos-seguras\/#respond"]}]},{"@type":"WebPage","@id":"https:\/\/agencia.252.com.mx\/home\/tlalnepantla-se-suma-a-la-campana-estatal-en-e-tranporte-publico-nos-movemos-seguras\/","url":"https:\/\/agencia.252.com.mx\/home\/tlalnepantla-se-suma-a-la-campana-estatal-en-e-tranporte-publico-nos-movemos-seguras\/","name":"Tlalnepantla se suma a la campa\u00f1a estatal en e tranporte p\u00fablico \u201cNos movemos seguras\u201d - Agencia252","isPartOf":{"@id":"https:\/\/agencia.252.com.mx\/home\/#website"},"primaryImageOfPage":{"@id":"https:\/\/agencia.252.com.mx\/home\/tlalnepantla-se-suma-a-la-campana-estatal-en-e-tranporte-publico-nos-movemos-seguras\/#primaryimage"},"image":{"@id":"https:\/\/agencia.252.com.mx\/home\/tlalnepantla-se-suma-a-la-campana-estatal-en-e-tranporte-publico-nos-movemos-seguras\/#primaryimage"},"thumbnailUrl":"https:\/\/agencia.252.com.mx\/wp-content\/uploads\/2026\/03\/WhatsApp-Image-2026-03-08-at-2.59.13-PM.jpeg","datePublished":"2026-03-09T01:06:36+00:00","dateModified":"2026-03-09T01:06:37+00:00","breadcrumb":{"@id":"https:\/\/agencia.252.com.mx\/home\/tlalnepantla-se-suma-a-la-campana-estatal-en-e-tranporte-publico-nos-movemos-seguras\/#breadcrumb"},"inLanguage":"es","potentialAction":[{"@type":"ReadAction","target":["https:\/\/agencia.252.com.mx\/home\/tlalnepantla-se-suma-a-la-campana-estatal-en-e-tranporte-publico-nos-movemos-seguras\/"]}]},{"@type":"ImageObject","inLanguage":"es","@id":"https:\/\/agencia.252.com.mx\/home\/tlalnepantla-se-suma-a-la-campana-estatal-en-e-tranporte-publico-nos-movemos-seguras\/#primaryimage","url":"https:\/\/agencia.252.com.mx\/wp-content\/uploads\/2026\/03\/WhatsApp-Image-2026-03-08-at-2.59.13-PM.jpeg","contentUrl":"https:\/\/agencia.252.com.mx\/wp-content\/uploads\/2026\/03\/WhatsApp-Image-2026-03-08-at-2.59.13-PM.jpeg","width":1600,"height":1066},{"@type":"BreadcrumbList","@id":"https:\/\/agencia.252.com.mx\/home\/tlalnepantla-se-suma-a-la-campana-estatal-en-e-tranporte-publico-nos-movemos-seguras\/#breadcrumb","itemListElement":[{"@type":"ListItem","position":1,"name":"Portada","item":"https:\/\/agencia.252.com.mx\/home\/"},{"@type":"ListItem","position":2,"name":"Tlalnepantla se suma a la campa\u00f1a estatal en e tranporte p\u00fablico \u201cNos movemos seguras\u201d"}]},{"@type":"WebSite","@id":"https:\/\/agencia.252.com.mx\/home\/#website","url":"https:\/\/agencia.252.com.mx\/home\/","name":"Agencia252","description":"Tu espacio en la Red","publisher":{"@id":"https:\/\/agencia.252.com.mx\/home\/#organization"},"potentialAction":[{"@type":"SearchAction","target":{"@type":"EntryPoint","urlTemplate":"https:\/\/agencia.252.com.mx\/home\/?s={search_term_string}"},"query-input":{"@type":"PropertyValueSpecification","valueRequired":true,"valueName":"search_term_string"}}],"inLanguage":"es"},{"@type":"Organization","@id":"https:\/\/agencia.252.com.mx\/home\/#organization","name":"Agencia252","url":"https:\/\/agencia.252.com.mx\/home\/","logo":{"@type":"ImageObject","inLanguage":"es","@id":"https:\/\/agencia.252.com.mx\/home\/#\/schema\/logo\/image\/","url":"https:\/\/agencia.252.com.mx\/wp-content\/uploads\/2023\/02\/cropped-ciruclo-agencia-e1677562404136.png","contentUrl":"https:\/\/agencia.252.com.mx\/wp-content\/uploads\/2023\/02\/cropped-ciruclo-agencia-e1677562404136.png","width":512,"height":512,"caption":"Agencia252"},"image":{"@id":"https:\/\/agencia.252.com.mx\/home\/#\/schema\/logo\/image\/"},"sameAs":["https:\/\/www.facebook.com\/252Comunicacion\/","https:\/\/x.com\/252COMS"]},{"@type":"Person","@id":"https:\/\/agencia.252.com.mx\/home\/#\/schema\/person\/6b972021e9a92d45ade8c78d81509098","name":"Nacho Corro","image":{"@type":"ImageObject","inLanguage":"es","@id":"https:\/\/secure.gravatar.com\/avatar\/5db6df507cfe1307e192fbb498c6b85f1cf2ffd8b4cd37141b9eea588fcbd5a4?s=96&r=g","url":"https:\/\/secure.gravatar.com\/avatar\/5db6df507cfe1307e192fbb498c6b85f1cf2ffd8b4cd37141b9eea588fcbd5a4?s=96&r=g","contentUrl":"https:\/\/secure.gravatar.com\/avatar\/5db6df507cfe1307e192fbb498c6b85f1cf2ffd8b4cd37141b9eea588fcbd5a4?s=96&r=g","caption":"Nacho Corro"},"description":"Comunicador Social, Periodista y Administraci\u00f3n P\u00fablica. Conversador pol\u00edtico, temas electorales y seguridad. Generador de contenidos digitales. Amante de la fotograf\u00eda","sameAs":["https:\/\/www.facebook.com\/jcorroherrera\/","www.instagram.com\/nachocorro\/","https:\/\/x.com\/Juan Ignacio Corro Herrera"],"url":"https:\/\/agencia.252.com.mx\/home\/author\/i-corro\/"}]}},"_links":{"self":[{"href":"https:\/\/agencia.252.com.mx\/home\/wp-json\/wp\/v2\/posts\/16747","targetHints":{"allow":["GET"]}}],"collection":[{"href":"https:\/\/agencia.252.com.mx\/home\/wp-json\/wp\/v2\/posts"}],"about":[{"href":"https:\/\/agencia.252.com.mx\/home\/wp-json\/wp\/v2\/types\/post"}],"author":[{"embeddable":true,"href":"https:\/\/agencia.252.com.mx\/home\/wp-json\/wp\/v2\/users\/5"}],"replies":[{"embeddable":true,"href":"https:\/\/agencia.252.com.mx\/home\/wp-json\/wp\/v2\/comments?post=16747"}],"version-history":[{"count":1,"href":"https:\/\/agencia.252.com.mx\/home\/wp-json\/wp\/v2\/posts\/16747\/revisions"}],"predecessor-version":[{"id":16750,"href":"https:\/\/agencia.252.com.mx\/home\/wp-json\/wp\/v2\/posts\/16747\/revisions\/16750"}],"wp:featuredmedia":[{"embeddable":true,"href":"https:\/\/agencia.252.com.mx\/home\/wp-json\/wp\/v2\/media\/16748"}],"wp:attachment":[{"href":"https:\/\/agencia.252.com.mx\/home\/wp-json\/wp\/v2\/media?parent=16747"}],"wp:term":[{"taxonomy":"category","embeddable":true,"href":"https:\/\/agencia.252.com.mx\/home\/wp-json\/wp\/v2\/categories?post=16747"},{"taxonomy":"post_tag","embeddable":true,"href":"https:\/\/agencia.252.com.mx\/home\/wp-json\/wp\/v2\/tags?post=16747"}],"curies":[{"name":"wp","href":"https:\/\/api.w.org\/{rel}","templated":true}]}}