{"id":16742,"date":"2026-03-08T18:44:52","date_gmt":"2026-03-09T00:44:52","guid":{"rendered":"https:\/\/agencia.252.com.mx\/home\/?p=16742"},"modified":"2026-03-08T18:44:53","modified_gmt":"2026-03-09T00:44:53","slug":"mas-de-9-mil-mujeres-marchan-en-toluca-durante-el-8m","status":"publish","type":"post","link":"https:\/\/agencia.252.com.mx\/home\/mas-de-9-mil-mujeres-marchan-en-toluca-durante-el-8m\/","title":{"rendered":"M\u00e1s de 9 mil mujeres marchan en Toluca durante el 8M\u00a0"},"content":{"rendered":"<p>Visitas: 23<\/p>\n<ul class=\"wp-block-list\">\n<li><em>Los pliegos petitorios de las colectivas feministas fueron recibidos por personal de la Secretar\u00eda General de Gobierno.<\/em><\/li>\n\n\n\n<li><em>Integrantes del DIFEM brindaron acompa\u00f1amiento para salvaguardar los derechos de las y los menores de edad que participaron<\/em><\/li>\n\n\n\n<li><em>Personal de la CODHEM observ\u00f3 y acompa\u00f1\u00f3 movilizaciones en ocho municipios, brind\u00f3 orientaci\u00f3n y verific\u00f3 el respeto a los derechos humanos durante la conmemoraci\u00f3n del D\u00eda Internacional de la Mujer.<\/em><\/li>\n<\/ul>\n\n\n\n<p><em>Juan Ignacio Corro&nbsp;<\/em><\/p>\n\n\n\n<p class=\"has-text-align-right\">Toluca,&nbsp;&nbsp;Estado de M\u00e9xico, a 8 de marzo&nbsp;de 2026<\/p>\n\n\n\n<p>El Gobierno del Estado de M\u00e9xico reporta saldo blanco tras las movilizaciones realizadas en el territorio mexiquense con motivo al D\u00eda Internacional de la Mujer, donde participaron m\u00e1s de 9 mil 700 mujeres.&nbsp;<\/p>\n\n\n\n<p>Con el objetivo de brindar acompa\u00f1amiento y garantizar la seguridad, el derecho a la libre manifestaci\u00f3n y el respeto a los derechos humanos, se despleg\u00f3 un operativo de la Polic\u00eda de G\u00e9nero y la instalaci\u00f3n de un puesto de mando interinstitucional en el Centro de Control, Comando, Comunicaci\u00f3n, C\u00f3mputo y Calidad del Estado de M\u00e9xico, sede Toluca y Ecatepec.<\/p>\n\n\n\n<figure class=\"wp-block-gallery has-nested-images columns-default is-cropped wp-block-gallery-1 is-layout-flex wp-block-gallery-is-layout-flex\">\n<figure class=\"wp-block-image size-large\"><img fetchpriority=\"high\" decoding=\"async\" width=\"1024\" height=\"683\" data-id=\"16743\" src=\"https:\/\/agencia.252.com.mx\/wp-content\/uploads\/2026\/03\/WhatsApp-Image-2026-03-08-at-5.36.06-PM-1024x683.jpeg\" alt=\"\" class=\"wp-image-16743\" srcset=\"https:\/\/agencia.252.com.mx\/wp-content\/uploads\/2026\/03\/WhatsApp-Image-2026-03-08-at-5.36.06-PM-1024x683.jpeg 1024w, https:\/\/agencia.252.com.mx\/wp-content\/uploads\/2026\/03\/WhatsApp-Image-2026-03-08-at-5.36.06-PM-300x200.jpeg 300w, https:\/\/agencia.252.com.mx\/wp-content\/uploads\/2026\/03\/WhatsApp-Image-2026-03-08-at-5.36.06-PM-768x512.jpeg 768w, https:\/\/agencia.252.com.mx\/wp-content\/uploads\/2026\/03\/WhatsApp-Image-2026-03-08-at-5.36.06-PM-1536x1024.jpeg 1536w, https:\/\/agencia.252.com.mx\/wp-content\/uploads\/2026\/03\/WhatsApp-Image-2026-03-08-at-5.36.06-PM.jpeg 1599w\" sizes=\"(max-width: 1024px) 100vw, 1024px\" \/><\/figure>\n\n\n\n<figure class=\"wp-block-image size-large\"><img decoding=\"async\" width=\"768\" height=\"1024\" data-id=\"16744\" src=\"https:\/\/agencia.252.com.mx\/wp-content\/uploads\/2026\/03\/WhatsApp-Image-2026-03-08-at-5.36.08-PM-2-768x1024.jpeg\" alt=\"\" class=\"wp-image-16744\" srcset=\"https:\/\/agencia.252.com.mx\/wp-content\/uploads\/2026\/03\/WhatsApp-Image-2026-03-08-at-5.36.08-PM-2-768x1024.jpeg 768w, https:\/\/agencia.252.com.mx\/wp-content\/uploads\/2026\/03\/WhatsApp-Image-2026-03-08-at-5.36.08-PM-2-225x300.jpeg 225w, https:\/\/agencia.252.com.mx\/wp-content\/uploads\/2026\/03\/WhatsApp-Image-2026-03-08-at-5.36.08-PM-2-1152x1536.jpeg 1152w, https:\/\/agencia.252.com.mx\/wp-content\/uploads\/2026\/03\/WhatsApp-Image-2026-03-08-at-5.36.08-PM-2.jpeg 1200w\" sizes=\"(max-width: 768px) 100vw, 768px\" \/><\/figure>\n<\/figure>\n\n\n\n<p>&nbsp;Se registraron movilizaciones en Otzolotepec, Acambay, Tepetlixpa, Ixtapaluca, Tlalnepantla de Baz, Ecatepec de Morelos, Zumpango, Atlautla, Atizap\u00e1n de Zaragoza, Huixquilucan, Chimalhuac\u00e1n, Cuautitl\u00e1n Izcalli, Chalco, San Mateo Atenco, Lerma, Tejupilco, Teotihuac\u00e1n, Santiago Tianguistenco y Toluca, en este \u00faltimo se report\u00f3 el mayor n\u00famero de participantes, con 6 mil 042 asistentes.&nbsp;<\/p>\n\n\n\n<p>Con el prop\u00f3sito de verificar el respeto a los derechos humanos de las participantes en las movilizaciones del 8 de marzo, D\u00eda Internacional de la Mujer, personal de la Comisi\u00f3n de Derechos Humanos del Estado de M\u00e9xico (CODHEM) acompa\u00f1\u00f3 y observ\u00f3 el desarrollo de diversas manifestaciones en la entidad, con presencia en ocho municipios y participaci\u00f3n estimada de poco m\u00e1s de 9 mil mujeres, ni\u00f1as y adolescentes.<\/p>\n\n\n\n<p>La Secretar\u00eda General de Gobierno mantuvo monitoreo permanente, en coordinaci\u00f3n con la Secretar\u00eda de Seguridad del Estado de M\u00e9xico y la Secretar\u00eda de las Mujeres, quienes adem\u00e1s desplegaron \u201cBrigadas Violeta\u201d, integradas por personal femenino capacitado para resguardar la integridad de organizaciones y colectivas feministas.&nbsp;<\/p>\n\n\n\n<p><strong>CODHEM no reporta incidentes; brinda dos asesor\u00edas&nbsp;<\/strong><\/p>\n\n\n\n<p>Como parte de su despliegue institucional, la CODHEM moviliz\u00f3 a 70 personas servidoras p\u00fablicas desde temprana hora para realizar acciones preventivas y de observaci\u00f3n. En primera instancia, verific\u00f3 a m\u00e1s de 2,300 elementos de corporaciones de seguridad, a fin de constatar que no portaran armas u objetos que pudieran poner en riesgo la integridad de las manifestantes; posteriormente, el personal se incorpor\u00f3 a puntos de concentraci\u00f3n y recorridos en Toluca, Tonanitla, Otzolotepec, Atlacomulco, Naucalpan, Tlalnepantla, Tec\u00e1mac y Texcoco.<\/p>\n\n\n\n<p>En la capital mexiquense, personal del organismo defensor realiz\u00f3 recorridos de observaci\u00f3n en puntos de concentraci\u00f3n de contingentes, como la Alameda Central, el Parque Vicente Guerrero y las inmediaciones de la Terminal de Autobuses, entre otros, hasta el arribo al primer cuadro de la ciudad.<\/p>\n\n\n\n<p>Durante la jornada, se constat\u00f3 que la actuaci\u00f3n de las corporaciones de seguridad se condujera con apego a los principios de legalidad, prevenci\u00f3n y respeto a la dignidad humana, y se brindaron dos asesor\u00edas: una a una madre de familia cuyo caso se relaciona con el acceso a la justicia por un hecho de violencia feminicida; y otra a una mujer que refiri\u00f3 agresiones por parte de un vecino.<\/p>\n\n\n\n<p>A trav\u00e9s del acompa\u00f1amiento, la orientaci\u00f3n y la observaci\u00f3n institucional, la CODHEM reafirma su compromiso de promover una jornada pac\u00edfica en la que se respeten los derechos y libertades de las personas que ejercen su derecho a la manifestaci\u00f3n, con especial atenci\u00f3n a la protecci\u00f3n de la integridad y la no revictimizaci\u00f3n.<\/p>\n","protected":false},"excerpt":{"rendered":"<p>Visitas: 23 Juan Ignacio Corro&nbsp; Toluca,&nbsp;&nbsp;Estado de M\u00e9xico, a 8 de marzo&nbsp;de 2026 El Gobierno del Estado de M\u00e9xico reporta saldo blanco tras las movilizaciones realizadas en el territorio mexiquense con motivo al D\u00eda Internacional de la Mujer, donde participaron m\u00e1s de 9 mil 700 mujeres.&nbsp; Con el objetivo de brindar acompa\u00f1amiento y garantizar la [&hellip;]<\/p>\n","protected":false},"author":5,"featured_media":16745,"comment_status":"open","ping_status":"open","sticky":false,"template":"","format":"standard","meta":{"site-sidebar-layout":"default","site-content-layout":"","ast-site-content-layout":"default","site-content-style":"default","site-sidebar-style":"default","ast-global-header-display":"","ast-banner-title-visibility":"","ast-main-header-display":"","ast-hfb-above-header-display":"","ast-hfb-below-header-display":"","ast-hfb-mobile-header-display":"","site-post-title":"","ast-breadcrumbs-content":"","ast-featured-img":"","footer-sml-layout":"","ast-disable-related-posts":"","theme-transparent-header-meta":"","adv-header-id-meta":"","stick-header-meta":"","header-above-stick-meta":"","header-main-stick-meta":"","header-below-stick-meta":"","astra-migrate-meta-layouts":"set","ast-page-background-enabled":"default","ast-page-background-meta":{"desktop":{"background-color":"var(--ast-global-color-4)","background-image":"","background-repeat":"repeat","background-position":"center center","background-size":"auto","background-attachment":"scroll","background-type":"","background-media":"","overlay-type":"","overlay-color":"","overlay-opacity":"","overlay-gradient":""},"tablet":{"background-color":"","background-image":"","background-repeat":"repeat","background-position":"center center","background-size":"auto","background-attachment":"scroll","background-type":"","background-media":"","overlay-type":"","overlay-color":"","overlay-opacity":"","overlay-gradient":""},"mobile":{"background-color":"","background-image":"","background-repeat":"repeat","background-position":"center center","background-size":"auto","background-attachment":"scroll","background-type":"","background-media":"","overlay-type":"","overlay-color":"","overlay-opacity":"","overlay-gradient":""}},"ast-content-background-meta":{"desktop":{"background-color":"var(--ast-global-color-5)","background-image":"","background-repeat":"repeat","background-position":"center center","background-size":"auto","background-attachment":"scroll","background-type":"","background-media":"","overlay-type":"","overlay-color":"","overlay-opacity":"","overlay-gradient":""},"tablet":{"background-color":"var(--ast-global-color-5)","background-image":"","background-repeat":"repeat","background-position":"center center","background-size":"auto","background-attachment":"scroll","background-type":"","background-media":"","overlay-type":"","overlay-color":"","overlay-opacity":"","overlay-gradient":""},"mobile":{"background-color":"var(--ast-global-color-5)","background-image":"","background-repeat":"repeat","background-position":"center center","background-size":"auto","background-attachment":"scroll","background-type":"","background-media":"","overlay-type":"","overlay-color":"","overlay-opacity":"","overlay-gradient":""}},"footnotes":""},"categories":[8,53,68,31],"tags":[526],"class_list":["post-16742","post","type-post","status-publish","format-standard","has-post-thumbnail","hentry","category-edomex","category-mujeres","category-seguridad","category-toluca","tag-edomex"],"yoast_head":"<!-- This site is optimized with the Yoast SEO plugin v27.4 - https:\/\/yoast.com\/product\/yoast-seo-wordpress\/ -->\n<title>M\u00e1s de 9 mil mujeres marchan en Toluca durante el 8M\u00a0 - Agencia252<\/title>\n<meta name=\"robots\" content=\"index, follow, max-snippet:-1, max-image-preview:large, max-video-preview:-1\" \/>\n<link rel=\"canonical\" href=\"https:\/\/agencia.252.com.mx\/home\/mas-de-9-mil-mujeres-marchan-en-toluca-durante-el-8m\/\" \/>\n<meta property=\"og:locale\" content=\"es_ES\" \/>\n<meta property=\"og:type\" content=\"article\" \/>\n<meta property=\"og:title\" content=\"M\u00e1s de 9 mil mujeres marchan en Toluca durante el 8M\u00a0 - Agencia252\" \/>\n<meta property=\"og:description\" content=\"Visitas: 23 Juan Ignacio Corro&nbsp; Toluca,&nbsp;&nbsp;Estado de M\u00e9xico, a 8 de marzo&nbsp;de 2026 El Gobierno del Estado de M\u00e9xico reporta saldo blanco tras las movilizaciones realizadas en el territorio mexiquense con motivo al D\u00eda Internacional de la Mujer, donde participaron m\u00e1s de 9 mil 700 mujeres.&nbsp; Con el objetivo de brindar acompa\u00f1amiento y garantizar la [&hellip;]\" \/>\n<meta property=\"og:url\" content=\"https:\/\/agencia.252.com.mx\/home\/mas-de-9-mil-mujeres-marchan-en-toluca-durante-el-8m\/\" \/>\n<meta property=\"og:site_name\" content=\"Agencia252\" \/>\n<meta property=\"article:publisher\" content=\"https:\/\/www.facebook.com\/252Comunicacion\/\" \/>\n<meta property=\"article:author\" content=\"https:\/\/www.facebook.com\/jcorroherrera\/\" \/>\n<meta property=\"article:published_time\" content=\"2026-03-09T00:44:52+00:00\" \/>\n<meta property=\"article:modified_time\" content=\"2026-03-09T00:44:53+00:00\" \/>\n<meta property=\"og:image\" content=\"http:\/\/agencia.252.com.mx\/wp-content\/uploads\/2026\/03\/WhatsApp-Image-2026-03-08-at-5.36.08-PM.jpeg\" \/>\n\t<meta property=\"og:image:width\" content=\"1600\" \/>\n\t<meta property=\"og:image:height\" content=\"900\" \/>\n\t<meta property=\"og:image:type\" content=\"image\/jpeg\" \/>\n<meta name=\"author\" content=\"Nacho Corro\" \/>\n<meta name=\"twitter:card\" content=\"summary_large_image\" \/>\n<meta name=\"twitter:creator\" content=\"@Juan Ignacio Corro Herrera\" \/>\n<meta name=\"twitter:site\" content=\"@252COMS\" \/>\n<meta name=\"twitter:label1\" content=\"Escrito por\" \/>\n\t<meta name=\"twitter:data1\" content=\"Nacho Corro\" \/>\n\t<meta name=\"twitter:label2\" content=\"Tiempo de lectura\" \/>\n\t<meta name=\"twitter:data2\" content=\"4 minutos\" \/>\n<script type=\"application\/ld+json\" class=\"yoast-schema-graph\">{\"@context\":\"https:\\\/\\\/schema.org\",\"@graph\":[{\"@type\":\"Article\",\"@id\":\"https:\\\/\\\/agencia.252.com.mx\\\/home\\\/mas-de-9-mil-mujeres-marchan-en-toluca-durante-el-8m\\\/#article\",\"isPartOf\":{\"@id\":\"https:\\\/\\\/agencia.252.com.mx\\\/home\\\/mas-de-9-mil-mujeres-marchan-en-toluca-durante-el-8m\\\/\"},\"author\":{\"name\":\"Nacho Corro\",\"@id\":\"https:\\\/\\\/agencia.252.com.mx\\\/home\\\/#\\\/schema\\\/person\\\/6b972021e9a92d45ade8c78d81509098\"},\"headline\":\"M\u00e1s de 9 mil mujeres marchan en Toluca durante el 8M\u00a0\",\"datePublished\":\"2026-03-09T00:44:52+00:00\",\"dateModified\":\"2026-03-09T00:44:53+00:00\",\"mainEntityOfPage\":{\"@id\":\"https:\\\/\\\/agencia.252.com.mx\\\/home\\\/mas-de-9-mil-mujeres-marchan-en-toluca-durante-el-8m\\\/\"},\"wordCount\":646,\"commentCount\":0,\"publisher\":{\"@id\":\"https:\\\/\\\/agencia.252.com.mx\\\/home\\\/#organization\"},\"image\":{\"@id\":\"https:\\\/\\\/agencia.252.com.mx\\\/home\\\/mas-de-9-mil-mujeres-marchan-en-toluca-durante-el-8m\\\/#primaryimage\"},\"thumbnailUrl\":\"https:\\\/\\\/agencia.252.com.mx\\\/wp-content\\\/uploads\\\/2026\\\/03\\\/WhatsApp-Image-2026-03-08-at-5.36.08-PM.jpeg\",\"keywords\":[\"Edomex\"],\"articleSection\":[\"Edomex\",\"Mujeres\",\"Seguridad\",\"Toluca\"],\"inLanguage\":\"es\",\"potentialAction\":[{\"@type\":\"CommentAction\",\"name\":\"Comment\",\"target\":[\"https:\\\/\\\/agencia.252.com.mx\\\/home\\\/mas-de-9-mil-mujeres-marchan-en-toluca-durante-el-8m\\\/#respond\"]}]},{\"@type\":\"WebPage\",\"@id\":\"https:\\\/\\\/agencia.252.com.mx\\\/home\\\/mas-de-9-mil-mujeres-marchan-en-toluca-durante-el-8m\\\/\",\"url\":\"https:\\\/\\\/agencia.252.com.mx\\\/home\\\/mas-de-9-mil-mujeres-marchan-en-toluca-durante-el-8m\\\/\",\"name\":\"M\u00e1s de 9 mil mujeres marchan en Toluca durante el 8M\u00a0 - Agencia252\",\"isPartOf\":{\"@id\":\"https:\\\/\\\/agencia.252.com.mx\\\/home\\\/#website\"},\"primaryImageOfPage\":{\"@id\":\"https:\\\/\\\/agencia.252.com.mx\\\/home\\\/mas-de-9-mil-mujeres-marchan-en-toluca-durante-el-8m\\\/#primaryimage\"},\"image\":{\"@id\":\"https:\\\/\\\/agencia.252.com.mx\\\/home\\\/mas-de-9-mil-mujeres-marchan-en-toluca-durante-el-8m\\\/#primaryimage\"},\"thumbnailUrl\":\"https:\\\/\\\/agencia.252.com.mx\\\/wp-content\\\/uploads\\\/2026\\\/03\\\/WhatsApp-Image-2026-03-08-at-5.36.08-PM.jpeg\",\"datePublished\":\"2026-03-09T00:44:52+00:00\",\"dateModified\":\"2026-03-09T00:44:53+00:00\",\"breadcrumb\":{\"@id\":\"https:\\\/\\\/agencia.252.com.mx\\\/home\\\/mas-de-9-mil-mujeres-marchan-en-toluca-durante-el-8m\\\/#breadcrumb\"},\"inLanguage\":\"es\",\"potentialAction\":[{\"@type\":\"ReadAction\",\"target\":[\"https:\\\/\\\/agencia.252.com.mx\\\/home\\\/mas-de-9-mil-mujeres-marchan-en-toluca-durante-el-8m\\\/\"]}]},{\"@type\":\"ImageObject\",\"inLanguage\":\"es\",\"@id\":\"https:\\\/\\\/agencia.252.com.mx\\\/home\\\/mas-de-9-mil-mujeres-marchan-en-toluca-durante-el-8m\\\/#primaryimage\",\"url\":\"https:\\\/\\\/agencia.252.com.mx\\\/wp-content\\\/uploads\\\/2026\\\/03\\\/WhatsApp-Image-2026-03-08-at-5.36.08-PM.jpeg\",\"contentUrl\":\"https:\\\/\\\/agencia.252.com.mx\\\/wp-content\\\/uploads\\\/2026\\\/03\\\/WhatsApp-Image-2026-03-08-at-5.36.08-PM.jpeg\",\"width\":1600,\"height\":900},{\"@type\":\"BreadcrumbList\",\"@id\":\"https:\\\/\\\/agencia.252.com.mx\\\/home\\\/mas-de-9-mil-mujeres-marchan-en-toluca-durante-el-8m\\\/#breadcrumb\",\"itemListElement\":[{\"@type\":\"ListItem\",\"position\":1,\"name\":\"Portada\",\"item\":\"https:\\\/\\\/agencia.252.com.mx\\\/home\\\/\"},{\"@type\":\"ListItem\",\"position\":2,\"name\":\"M\u00e1s de 9 mil mujeres marchan en Toluca durante el 8M\u00a0\"}]},{\"@type\":\"WebSite\",\"@id\":\"https:\\\/\\\/agencia.252.com.mx\\\/home\\\/#website\",\"url\":\"https:\\\/\\\/agencia.252.com.mx\\\/home\\\/\",\"name\":\"Agencia252\",\"description\":\"Tu espacio en la Red\",\"publisher\":{\"@id\":\"https:\\\/\\\/agencia.252.com.mx\\\/home\\\/#organization\"},\"potentialAction\":[{\"@type\":\"SearchAction\",\"target\":{\"@type\":\"EntryPoint\",\"urlTemplate\":\"https:\\\/\\\/agencia.252.com.mx\\\/home\\\/?s={search_term_string}\"},\"query-input\":{\"@type\":\"PropertyValueSpecification\",\"valueRequired\":true,\"valueName\":\"search_term_string\"}}],\"inLanguage\":\"es\"},{\"@type\":\"Organization\",\"@id\":\"https:\\\/\\\/agencia.252.com.mx\\\/home\\\/#organization\",\"name\":\"Agencia252\",\"url\":\"https:\\\/\\\/agencia.252.com.mx\\\/home\\\/\",\"logo\":{\"@type\":\"ImageObject\",\"inLanguage\":\"es\",\"@id\":\"https:\\\/\\\/agencia.252.com.mx\\\/home\\\/#\\\/schema\\\/logo\\\/image\\\/\",\"url\":\"https:\\\/\\\/agencia.252.com.mx\\\/wp-content\\\/uploads\\\/2023\\\/02\\\/cropped-ciruclo-agencia-e1677562404136.png\",\"contentUrl\":\"https:\\\/\\\/agencia.252.com.mx\\\/wp-content\\\/uploads\\\/2023\\\/02\\\/cropped-ciruclo-agencia-e1677562404136.png\",\"width\":512,\"height\":512,\"caption\":\"Agencia252\"},\"image\":{\"@id\":\"https:\\\/\\\/agencia.252.com.mx\\\/home\\\/#\\\/schema\\\/logo\\\/image\\\/\"},\"sameAs\":[\"https:\\\/\\\/www.facebook.com\\\/252Comunicacion\\\/\",\"https:\\\/\\\/x.com\\\/252COMS\"]},{\"@type\":\"Person\",\"@id\":\"https:\\\/\\\/agencia.252.com.mx\\\/home\\\/#\\\/schema\\\/person\\\/6b972021e9a92d45ade8c78d81509098\",\"name\":\"Nacho Corro\",\"image\":{\"@type\":\"ImageObject\",\"inLanguage\":\"es\",\"@id\":\"https:\\\/\\\/secure.gravatar.com\\\/avatar\\\/5db6df507cfe1307e192fbb498c6b85f1cf2ffd8b4cd37141b9eea588fcbd5a4?s=96&r=g\",\"url\":\"https:\\\/\\\/secure.gravatar.com\\\/avatar\\\/5db6df507cfe1307e192fbb498c6b85f1cf2ffd8b4cd37141b9eea588fcbd5a4?s=96&r=g\",\"contentUrl\":\"https:\\\/\\\/secure.gravatar.com\\\/avatar\\\/5db6df507cfe1307e192fbb498c6b85f1cf2ffd8b4cd37141b9eea588fcbd5a4?s=96&r=g\",\"caption\":\"Nacho Corro\"},\"description\":\"Comunicador Social, Periodista y Administraci\u00f3n P\u00fablica. Conversador pol\u00edtico, temas electorales y seguridad. Generador de contenidos digitales. Amante de la fotograf\u00eda\",\"sameAs\":[\"https:\\\/\\\/www.facebook.com\\\/jcorroherrera\\\/\",\"www.instagram.com\\\/nachocorro\\\/\",\"https:\\\/\\\/x.com\\\/Juan Ignacio Corro Herrera\"],\"url\":\"https:\\\/\\\/agencia.252.com.mx\\\/home\\\/author\\\/i-corro\\\/\"}]}<\/script>\n<!-- \/ Yoast SEO plugin. -->","yoast_head_json":{"title":"M\u00e1s de 9 mil mujeres marchan en Toluca durante el 8M\u00a0 - Agencia252","robots":{"index":"index","follow":"follow","max-snippet":"max-snippet:-1","max-image-preview":"max-image-preview:large","max-video-preview":"max-video-preview:-1"},"canonical":"https:\/\/agencia.252.com.mx\/home\/mas-de-9-mil-mujeres-marchan-en-toluca-durante-el-8m\/","og_locale":"es_ES","og_type":"article","og_title":"M\u00e1s de 9 mil mujeres marchan en Toluca durante el 8M\u00a0 - Agencia252","og_description":"Visitas: 23 Juan Ignacio Corro&nbsp; Toluca,&nbsp;&nbsp;Estado de M\u00e9xico, a 8 de marzo&nbsp;de 2026 El Gobierno del Estado de M\u00e9xico reporta saldo blanco tras las movilizaciones realizadas en el territorio mexiquense con motivo al D\u00eda Internacional de la Mujer, donde participaron m\u00e1s de 9 mil 700 mujeres.&nbsp; Con el objetivo de brindar acompa\u00f1amiento y garantizar la [&hellip;]","og_url":"https:\/\/agencia.252.com.mx\/home\/mas-de-9-mil-mujeres-marchan-en-toluca-durante-el-8m\/","og_site_name":"Agencia252","article_publisher":"https:\/\/www.facebook.com\/252Comunicacion\/","article_author":"https:\/\/www.facebook.com\/jcorroherrera\/","article_published_time":"2026-03-09T00:44:52+00:00","article_modified_time":"2026-03-09T00:44:53+00:00","og_image":[{"width":1600,"height":900,"url":"http:\/\/agencia.252.com.mx\/wp-content\/uploads\/2026\/03\/WhatsApp-Image-2026-03-08-at-5.36.08-PM.jpeg","type":"image\/jpeg"}],"author":"Nacho Corro","twitter_card":"summary_large_image","twitter_creator":"@Juan Ignacio Corro Herrera","twitter_site":"@252COMS","twitter_misc":{"Escrito por":"Nacho Corro","Tiempo de lectura":"4 minutos"},"schema":{"@context":"https:\/\/schema.org","@graph":[{"@type":"Article","@id":"https:\/\/agencia.252.com.mx\/home\/mas-de-9-mil-mujeres-marchan-en-toluca-durante-el-8m\/#article","isPartOf":{"@id":"https:\/\/agencia.252.com.mx\/home\/mas-de-9-mil-mujeres-marchan-en-toluca-durante-el-8m\/"},"author":{"name":"Nacho Corro","@id":"https:\/\/agencia.252.com.mx\/home\/#\/schema\/person\/6b972021e9a92d45ade8c78d81509098"},"headline":"M\u00e1s de 9 mil mujeres marchan en Toluca durante el 8M\u00a0","datePublished":"2026-03-09T00:44:52+00:00","dateModified":"2026-03-09T00:44:53+00:00","mainEntityOfPage":{"@id":"https:\/\/agencia.252.com.mx\/home\/mas-de-9-mil-mujeres-marchan-en-toluca-durante-el-8m\/"},"wordCount":646,"commentCount":0,"publisher":{"@id":"https:\/\/agencia.252.com.mx\/home\/#organization"},"image":{"@id":"https:\/\/agencia.252.com.mx\/home\/mas-de-9-mil-mujeres-marchan-en-toluca-durante-el-8m\/#primaryimage"},"thumbnailUrl":"https:\/\/agencia.252.com.mx\/wp-content\/uploads\/2026\/03\/WhatsApp-Image-2026-03-08-at-5.36.08-PM.jpeg","keywords":["Edomex"],"articleSection":["Edomex","Mujeres","Seguridad","Toluca"],"inLanguage":"es","potentialAction":[{"@type":"CommentAction","name":"Comment","target":["https:\/\/agencia.252.com.mx\/home\/mas-de-9-mil-mujeres-marchan-en-toluca-durante-el-8m\/#respond"]}]},{"@type":"WebPage","@id":"https:\/\/agencia.252.com.mx\/home\/mas-de-9-mil-mujeres-marchan-en-toluca-durante-el-8m\/","url":"https:\/\/agencia.252.com.mx\/home\/mas-de-9-mil-mujeres-marchan-en-toluca-durante-el-8m\/","name":"M\u00e1s de 9 mil mujeres marchan en Toluca durante el 8M\u00a0 - Agencia252","isPartOf":{"@id":"https:\/\/agencia.252.com.mx\/home\/#website"},"primaryImageOfPage":{"@id":"https:\/\/agencia.252.com.mx\/home\/mas-de-9-mil-mujeres-marchan-en-toluca-durante-el-8m\/#primaryimage"},"image":{"@id":"https:\/\/agencia.252.com.mx\/home\/mas-de-9-mil-mujeres-marchan-en-toluca-durante-el-8m\/#primaryimage"},"thumbnailUrl":"https:\/\/agencia.252.com.mx\/wp-content\/uploads\/2026\/03\/WhatsApp-Image-2026-03-08-at-5.36.08-PM.jpeg","datePublished":"2026-03-09T00:44:52+00:00","dateModified":"2026-03-09T00:44:53+00:00","breadcrumb":{"@id":"https:\/\/agencia.252.com.mx\/home\/mas-de-9-mil-mujeres-marchan-en-toluca-durante-el-8m\/#breadcrumb"},"inLanguage":"es","potentialAction":[{"@type":"ReadAction","target":["https:\/\/agencia.252.com.mx\/home\/mas-de-9-mil-mujeres-marchan-en-toluca-durante-el-8m\/"]}]},{"@type":"ImageObject","inLanguage":"es","@id":"https:\/\/agencia.252.com.mx\/home\/mas-de-9-mil-mujeres-marchan-en-toluca-durante-el-8m\/#primaryimage","url":"https:\/\/agencia.252.com.mx\/wp-content\/uploads\/2026\/03\/WhatsApp-Image-2026-03-08-at-5.36.08-PM.jpeg","contentUrl":"https:\/\/agencia.252.com.mx\/wp-content\/uploads\/2026\/03\/WhatsApp-Image-2026-03-08-at-5.36.08-PM.jpeg","width":1600,"height":900},{"@type":"BreadcrumbList","@id":"https:\/\/agencia.252.com.mx\/home\/mas-de-9-mil-mujeres-marchan-en-toluca-durante-el-8m\/#breadcrumb","itemListElement":[{"@type":"ListItem","position":1,"name":"Portada","item":"https:\/\/agencia.252.com.mx\/home\/"},{"@type":"ListItem","position":2,"name":"M\u00e1s de 9 mil mujeres marchan en Toluca durante el 8M\u00a0"}]},{"@type":"WebSite","@id":"https:\/\/agencia.252.com.mx\/home\/#website","url":"https:\/\/agencia.252.com.mx\/home\/","name":"Agencia252","description":"Tu espacio en la Red","publisher":{"@id":"https:\/\/agencia.252.com.mx\/home\/#organization"},"potentialAction":[{"@type":"SearchAction","target":{"@type":"EntryPoint","urlTemplate":"https:\/\/agencia.252.com.mx\/home\/?s={search_term_string}"},"query-input":{"@type":"PropertyValueSpecification","valueRequired":true,"valueName":"search_term_string"}}],"inLanguage":"es"},{"@type":"Organization","@id":"https:\/\/agencia.252.com.mx\/home\/#organization","name":"Agencia252","url":"https:\/\/agencia.252.com.mx\/home\/","logo":{"@type":"ImageObject","inLanguage":"es","@id":"https:\/\/agencia.252.com.mx\/home\/#\/schema\/logo\/image\/","url":"https:\/\/agencia.252.com.mx\/wp-content\/uploads\/2023\/02\/cropped-ciruclo-agencia-e1677562404136.png","contentUrl":"https:\/\/agencia.252.com.mx\/wp-content\/uploads\/2023\/02\/cropped-ciruclo-agencia-e1677562404136.png","width":512,"height":512,"caption":"Agencia252"},"image":{"@id":"https:\/\/agencia.252.com.mx\/home\/#\/schema\/logo\/image\/"},"sameAs":["https:\/\/www.facebook.com\/252Comunicacion\/","https:\/\/x.com\/252COMS"]},{"@type":"Person","@id":"https:\/\/agencia.252.com.mx\/home\/#\/schema\/person\/6b972021e9a92d45ade8c78d81509098","name":"Nacho Corro","image":{"@type":"ImageObject","inLanguage":"es","@id":"https:\/\/secure.gravatar.com\/avatar\/5db6df507cfe1307e192fbb498c6b85f1cf2ffd8b4cd37141b9eea588fcbd5a4?s=96&r=g","url":"https:\/\/secure.gravatar.com\/avatar\/5db6df507cfe1307e192fbb498c6b85f1cf2ffd8b4cd37141b9eea588fcbd5a4?s=96&r=g","contentUrl":"https:\/\/secure.gravatar.com\/avatar\/5db6df507cfe1307e192fbb498c6b85f1cf2ffd8b4cd37141b9eea588fcbd5a4?s=96&r=g","caption":"Nacho Corro"},"description":"Comunicador Social, Periodista y Administraci\u00f3n P\u00fablica. Conversador pol\u00edtico, temas electorales y seguridad. Generador de contenidos digitales. Amante de la fotograf\u00eda","sameAs":["https:\/\/www.facebook.com\/jcorroherrera\/","www.instagram.com\/nachocorro\/","https:\/\/x.com\/Juan Ignacio Corro Herrera"],"url":"https:\/\/agencia.252.com.mx\/home\/author\/i-corro\/"}]}},"_links":{"self":[{"href":"https:\/\/agencia.252.com.mx\/home\/wp-json\/wp\/v2\/posts\/16742","targetHints":{"allow":["GET"]}}],"collection":[{"href":"https:\/\/agencia.252.com.mx\/home\/wp-json\/wp\/v2\/posts"}],"about":[{"href":"https:\/\/agencia.252.com.mx\/home\/wp-json\/wp\/v2\/types\/post"}],"author":[{"embeddable":true,"href":"https:\/\/agencia.252.com.mx\/home\/wp-json\/wp\/v2\/users\/5"}],"replies":[{"embeddable":true,"href":"https:\/\/agencia.252.com.mx\/home\/wp-json\/wp\/v2\/comments?post=16742"}],"version-history":[{"count":1,"href":"https:\/\/agencia.252.com.mx\/home\/wp-json\/wp\/v2\/posts\/16742\/revisions"}],"predecessor-version":[{"id":16746,"href":"https:\/\/agencia.252.com.mx\/home\/wp-json\/wp\/v2\/posts\/16742\/revisions\/16746"}],"wp:featuredmedia":[{"embeddable":true,"href":"https:\/\/agencia.252.com.mx\/home\/wp-json\/wp\/v2\/media\/16745"}],"wp:attachment":[{"href":"https:\/\/agencia.252.com.mx\/home\/wp-json\/wp\/v2\/media?parent=16742"}],"wp:term":[{"taxonomy":"category","embeddable":true,"href":"https:\/\/agencia.252.com.mx\/home\/wp-json\/wp\/v2\/categories?post=16742"},{"taxonomy":"post_tag","embeddable":true,"href":"https:\/\/agencia.252.com.mx\/home\/wp-json\/wp\/v2\/tags?post=16742"}],"curies":[{"name":"wp","href":"https:\/\/api.w.org\/{rel}","templated":true}]}}