{"id":16737,"date":"2026-03-08T18:33:32","date_gmt":"2026-03-09T00:33:32","guid":{"rendered":"https:\/\/agencia.252.com.mx\/home\/?p=16737"},"modified":"2026-03-08T18:33:33","modified_gmt":"2026-03-09T00:33:33","slug":"en-el-marco-del-8m-mujeres-morenistas-de-naucalpan-firman-manifiesto-para-seguir-impulsando-mujeres","status":"publish","type":"post","link":"https:\/\/agencia.252.com.mx\/home\/en-el-marco-del-8m-mujeres-morenistas-de-naucalpan-firman-manifiesto-para-seguir-impulsando-mujeres\/","title":{"rendered":"En el marco del 8M, mujeres morenistas de Naucalpan firman Manifiesto para seguir Impulsando Mujeres"},"content":{"rendered":"<p>Visitas: 42<\/p>\n<ul class=\"wp-block-list\">\n<li><em>M\u00e1s de dos mil mujeres firmaron este manifiesto por un presente de igualdad y un futuro transformador<\/em><\/li>\n<\/ul>\n\n\n\n<p><em>Juan Ignacio Corro&nbsp;<\/em><\/p>\n\n\n\n<p class=\"has-text-align-right\">Naucalpan, Estado de M\u00e9xico, a 8 de marzo&nbsp;de 2026<\/p>\n\n\n\n<p>En el marco del D\u00eda Internacional de las Mujeres, m\u00e1s de dos mil mujeres morenistas de Naucalpan se reunieron para firmar el Manifiesto Naucalpense para seguir Impulsando Mujeres, un pronunciamiento colectivo que reafirma el compromiso con la igualdad, la organizaci\u00f3n y el fortalecimiento del liderazgo de las mujeres en la transformaci\u00f3n de sus comunidades.<\/p>\n\n\n\n<p>El encuentro se realiz\u00f3 como parte de las actividades del movimiento del Partido de Regeneraci\u00f3n Nacional (Morena) en Naucalpan, a trav\u00e9s del espacio organizativo Impulsando Mujeres, donde las asistentes destacaron la importancia de reconocer las luchas hist\u00f3ricas del movimiento feminista y de las mujeres progresistas de izquierda que, desde distintos espacios, han defendido los derechos de las mujeres y abierto camino para las nuevas generaciones.<\/p>\n\n\n\n<figure class=\"wp-block-gallery has-nested-images columns-default is-cropped wp-block-gallery-1 is-layout-flex wp-block-gallery-is-layout-flex\">\n<figure class=\"wp-block-image size-large\"><img fetchpriority=\"high\" decoding=\"async\" width=\"1024\" height=\"684\" data-id=\"16739\" src=\"https:\/\/agencia.252.com.mx\/wp-content\/uploads\/2026\/03\/WhatsApp-Image-2026-03-08-at-6.20.07-PM-2-1024x684.jpeg\" alt=\"\" class=\"wp-image-16739\" srcset=\"https:\/\/agencia.252.com.mx\/wp-content\/uploads\/2026\/03\/WhatsApp-Image-2026-03-08-at-6.20.07-PM-2-1024x684.jpeg 1024w, https:\/\/agencia.252.com.mx\/wp-content\/uploads\/2026\/03\/WhatsApp-Image-2026-03-08-at-6.20.07-PM-2-300x200.jpeg 300w, https:\/\/agencia.252.com.mx\/wp-content\/uploads\/2026\/03\/WhatsApp-Image-2026-03-08-at-6.20.07-PM-2-768x513.jpeg 768w, https:\/\/agencia.252.com.mx\/wp-content\/uploads\/2026\/03\/WhatsApp-Image-2026-03-08-at-6.20.07-PM-2-1536x1025.jpeg 1536w, https:\/\/agencia.252.com.mx\/wp-content\/uploads\/2026\/03\/WhatsApp-Image-2026-03-08-at-6.20.07-PM-2.jpeg 1600w\" sizes=\"(max-width: 1024px) 100vw, 1024px\" \/><\/figure>\n\n\n\n<figure class=\"wp-block-image size-large\"><img decoding=\"async\" width=\"1024\" height=\"805\" data-id=\"16738\" src=\"https:\/\/agencia.252.com.mx\/wp-content\/uploads\/2026\/03\/WhatsApp-Image-2026-03-08-at-6.20.08-PM-1024x805.jpeg\" alt=\"\" class=\"wp-image-16738\" srcset=\"https:\/\/agencia.252.com.mx\/wp-content\/uploads\/2026\/03\/WhatsApp-Image-2026-03-08-at-6.20.08-PM-1024x805.jpeg 1024w, https:\/\/agencia.252.com.mx\/wp-content\/uploads\/2026\/03\/WhatsApp-Image-2026-03-08-at-6.20.08-PM-300x236.jpeg 300w, https:\/\/agencia.252.com.mx\/wp-content\/uploads\/2026\/03\/WhatsApp-Image-2026-03-08-at-6.20.08-PM-768x604.jpeg 768w, https:\/\/agencia.252.com.mx\/wp-content\/uploads\/2026\/03\/WhatsApp-Image-2026-03-08-at-6.20.08-PM-1536x1208.jpeg 1536w, https:\/\/agencia.252.com.mx\/wp-content\/uploads\/2026\/03\/WhatsApp-Image-2026-03-08-at-6.20.08-PM.jpeg 1581w\" sizes=\"(max-width: 1024px) 100vw, 1024px\" \/><\/figure>\n<\/figure>\n\n\n\n<p>Durante su intervenci\u00f3n, Isaac Montoya M\u00e1rquez, consejero nacional de Morena, presidente municipal de Naucalpan y aliado de las luchas feministas, expres\u00f3 su reconocimiento a las mujeres que desde sus comunidades, familias y espacios organizativos sostienen d\u00eda a d\u00eda las luchas por la igualdad. En ese marco, reiter\u00f3 su compromiso de acompa\u00f1ar y respaldar las acciones que fortalezcan la participaci\u00f3n de las mujeres y contribuyan a erradicar cualquier forma de violencia contra ellas.<\/p>\n\n\n\n<p>Montoya M\u00e1rquez subray\u00f3 que la transformaci\u00f3n del pa\u00eds tambi\u00e9n ha sido posible gracias al avance de las mujeres en la vida p\u00fablica, recordando que en el proceso de la Cuarta Transformaci\u00f3n se han consolidado avances importantes en materia de participaci\u00f3n pol\u00edtica y paridad, impulsados desde el gobierno del ex presidente Andr\u00e9s Manuel L\u00f3pez Obrador, y que hoy contin\u00faan con el liderazgo de la presidenta Claudia Sheinbaum y de la gobernadora del Estado de M\u00e9xico, Delfina G\u00f3mez \u00c1lvarez.<\/p>\n\n\n\n<p>Asimismo, se\u00f1al\u00f3 que las luchas feministas han sido fundamentales para ampliar derechos y libertades, y que hist\u00f3ricamente las posturas conservadoras han buscado limitar los derechos de las mujeres, por lo que subray\u00f3 la importancia de seguir defendiendo una agenda de igualdad y dignidad para todas.<\/p>\n\n\n\n<p>Durante el evento, Isaac Montoya M\u00e1rquez estuvo acompa\u00f1ado por mujeres de su familia, con quienes comparte su vida cotidiana: su esposa, Adriana Escobar; su madre, Juana M\u00e1rquez; su hermana, Berenice Montoya; su hija, Aurora Montoya; su suegra, Ang\u00e9lica Escobar; y su abuelita, Guadalupe Espinoza. Asimismo, record\u00f3 con cari\u00f1o a su abuela Mar\u00eda Mart\u00ednez, mujeres que han marcado profundamente su vida y en quienes ha encontrado fortaleza y gu\u00eda a lo largo de su camino.<\/p>\n\n\n\n<p>Tras la lectura del Manifiesto Naucalpense, mujeres morenistas de distintas colonias del municipio \u2014reconocidas como liderazgos sociales en sus comunidades\u2014 realizaron la firma del documento que establece cinco ejes fundamentales: el llamado a la memoria, el diagn\u00f3stico de nuestra realidad, el compromiso por la unidad, un mensaje a la ciudadan\u00eda y una proclama final que reafirma que las mujeres de Naucalpan continuar\u00e1n organiz\u00e1ndose hasta que la igualdad sea una pr\u00e1ctica cotidiana.<\/p>\n\n\n\n<p>Durante el encuentro se reconoci\u00f3 que las mujeres han sido protagonistas en la construcci\u00f3n de comunidades m\u00e1s justas, impulsando desde sus barrios, familias, espacios laborales y organizativos procesos de transformaci\u00f3n social.<\/p>\n\n\n\n<p>Asimismo, se anunci\u00f3 que durante el mes de marzo se desarrollar\u00e1 una agenda integral de actividades educativas, culturales y deportivas orientadas al fortalecimiento de las mujeres, con el objetivo de promover espacios de formaci\u00f3n, organizaci\u00f3n y participaci\u00f3n.<\/p>\n\n\n\n<p>Las actividades que integran esta agenda ser\u00e1n difundidas a trav\u00e9s de las redes sociales y de la p\u00e1gina oficial del partido Morena Naucalpan, para que m\u00e1s mujeres del municipio puedan sumarse y participar.<\/p>\n\n\n\n<p>Las asistentes coincidieron en que la organizaci\u00f3n de las mujeres seguir\u00e1 siendo una fuerza fundamental para avanzar hacia una sociedad m\u00e1s igualitaria, reafirmando que el liderazgo de las mujeres es clave para continuar impulsando la transformaci\u00f3n de Naucalpan y del pa\u00eds.<\/p>\n","protected":false},"excerpt":{"rendered":"<p>Visitas: 42 Juan Ignacio Corro&nbsp; Naucalpan, Estado de M\u00e9xico, a 8 de marzo&nbsp;de 2026 En el marco del D\u00eda Internacional de las Mujeres, m\u00e1s de dos mil mujeres morenistas de Naucalpan se reunieron para firmar el Manifiesto Naucalpense para seguir Impulsando Mujeres, un pronunciamiento colectivo que reafirma el compromiso con la igualdad, la organizaci\u00f3n y [&hellip;]<\/p>\n","protected":false},"author":5,"featured_media":16740,"comment_status":"open","ping_status":"open","sticky":false,"template":"","format":"standard","meta":{"site-sidebar-layout":"default","site-content-layout":"","ast-site-content-layout":"default","site-content-style":"default","site-sidebar-style":"default","ast-global-header-display":"","ast-banner-title-visibility":"","ast-main-header-display":"","ast-hfb-above-header-display":"","ast-hfb-below-header-display":"","ast-hfb-mobile-header-display":"","site-post-title":"","ast-breadcrumbs-content":"","ast-featured-img":"","footer-sml-layout":"","ast-disable-related-posts":"","theme-transparent-header-meta":"","adv-header-id-meta":"","stick-header-meta":"","header-above-stick-meta":"","header-main-stick-meta":"","header-below-stick-meta":"","astra-migrate-meta-layouts":"set","ast-page-background-enabled":"default","ast-page-background-meta":{"desktop":{"background-color":"var(--ast-global-color-4)","background-image":"","background-repeat":"repeat","background-position":"center center","background-size":"auto","background-attachment":"scroll","background-type":"","background-media":"","overlay-type":"","overlay-color":"","overlay-opacity":"","overlay-gradient":""},"tablet":{"background-color":"","background-image":"","background-repeat":"repeat","background-position":"center center","background-size":"auto","background-attachment":"scroll","background-type":"","background-media":"","overlay-type":"","overlay-color":"","overlay-opacity":"","overlay-gradient":""},"mobile":{"background-color":"","background-image":"","background-repeat":"repeat","background-position":"center center","background-size":"auto","background-attachment":"scroll","background-type":"","background-media":"","overlay-type":"","overlay-color":"","overlay-opacity":"","overlay-gradient":""}},"ast-content-background-meta":{"desktop":{"background-color":"var(--ast-global-color-5)","background-image":"","background-repeat":"repeat","background-position":"center center","background-size":"auto","background-attachment":"scroll","background-type":"","background-media":"","overlay-type":"","overlay-color":"","overlay-opacity":"","overlay-gradient":""},"tablet":{"background-color":"var(--ast-global-color-5)","background-image":"","background-repeat":"repeat","background-position":"center center","background-size":"auto","background-attachment":"scroll","background-type":"","background-media":"","overlay-type":"","overlay-color":"","overlay-opacity":"","overlay-gradient":""},"mobile":{"background-color":"var(--ast-global-color-5)","background-image":"","background-repeat":"repeat","background-position":"center center","background-size":"auto","background-attachment":"scroll","background-type":"","background-media":"","overlay-type":"","overlay-color":"","overlay-opacity":"","overlay-gradient":""}},"footnotes":""},"categories":[8,53,70,68],"tags":[526],"class_list":["post-16737","post","type-post","status-publish","format-standard","has-post-thumbnail","hentry","category-edomex","category-mujeres","category-naucalpan","category-seguridad","tag-edomex"],"yoast_head":"<!-- This site is optimized with the Yoast SEO plugin v27.4 - https:\/\/yoast.com\/product\/yoast-seo-wordpress\/ -->\n<title>En el marco del 8M, mujeres morenistas de Naucalpan firman Manifiesto para seguir Impulsando Mujeres - Agencia252<\/title>\n<meta name=\"robots\" content=\"index, follow, max-snippet:-1, max-image-preview:large, max-video-preview:-1\" \/>\n<link rel=\"canonical\" href=\"https:\/\/agencia.252.com.mx\/home\/en-el-marco-del-8m-mujeres-morenistas-de-naucalpan-firman-manifiesto-para-seguir-impulsando-mujeres\/\" \/>\n<meta property=\"og:locale\" content=\"es_ES\" \/>\n<meta property=\"og:type\" content=\"article\" \/>\n<meta property=\"og:title\" content=\"En el marco del 8M, mujeres morenistas de Naucalpan firman Manifiesto para seguir Impulsando Mujeres - Agencia252\" \/>\n<meta property=\"og:description\" content=\"Visitas: 42 Juan Ignacio Corro&nbsp; Naucalpan, Estado de M\u00e9xico, a 8 de marzo&nbsp;de 2026 En el marco del D\u00eda Internacional de las Mujeres, m\u00e1s de dos mil mujeres morenistas de Naucalpan se reunieron para firmar el Manifiesto Naucalpense para seguir Impulsando Mujeres, un pronunciamiento colectivo que reafirma el compromiso con la igualdad, la organizaci\u00f3n y [&hellip;]\" \/>\n<meta property=\"og:url\" content=\"https:\/\/agencia.252.com.mx\/home\/en-el-marco-del-8m-mujeres-morenistas-de-naucalpan-firman-manifiesto-para-seguir-impulsando-mujeres\/\" \/>\n<meta property=\"og:site_name\" content=\"Agencia252\" \/>\n<meta property=\"article:publisher\" content=\"https:\/\/www.facebook.com\/252Comunicacion\/\" \/>\n<meta property=\"article:author\" content=\"https:\/\/www.facebook.com\/jcorroherrera\/\" \/>\n<meta property=\"article:published_time\" content=\"2026-03-09T00:33:32+00:00\" \/>\n<meta property=\"article:modified_time\" content=\"2026-03-09T00:33:33+00:00\" \/>\n<meta property=\"og:image\" content=\"http:\/\/agencia.252.com.mx\/wp-content\/uploads\/2026\/03\/WhatsApp-Image-2026-03-08-at-6.20.07-PM.jpeg\" \/>\n\t<meta property=\"og:image:width\" content=\"1600\" \/>\n\t<meta property=\"og:image:height\" content=\"1068\" \/>\n\t<meta property=\"og:image:type\" content=\"image\/jpeg\" \/>\n<meta name=\"author\" content=\"Nacho Corro\" \/>\n<meta name=\"twitter:card\" content=\"summary_large_image\" \/>\n<meta name=\"twitter:creator\" content=\"@Juan Ignacio Corro Herrera\" \/>\n<meta name=\"twitter:site\" content=\"@252COMS\" \/>\n<meta name=\"twitter:label1\" content=\"Escrito por\" \/>\n\t<meta name=\"twitter:data1\" content=\"Nacho Corro\" \/>\n\t<meta name=\"twitter:label2\" content=\"Tiempo de lectura\" \/>\n\t<meta name=\"twitter:data2\" content=\"4 minutos\" \/>\n<script type=\"application\/ld+json\" class=\"yoast-schema-graph\">{\"@context\":\"https:\\\/\\\/schema.org\",\"@graph\":[{\"@type\":\"Article\",\"@id\":\"https:\\\/\\\/agencia.252.com.mx\\\/home\\\/en-el-marco-del-8m-mujeres-morenistas-de-naucalpan-firman-manifiesto-para-seguir-impulsando-mujeres\\\/#article\",\"isPartOf\":{\"@id\":\"https:\\\/\\\/agencia.252.com.mx\\\/home\\\/en-el-marco-del-8m-mujeres-morenistas-de-naucalpan-firman-manifiesto-para-seguir-impulsando-mujeres\\\/\"},\"author\":{\"name\":\"Nacho Corro\",\"@id\":\"https:\\\/\\\/agencia.252.com.mx\\\/home\\\/#\\\/schema\\\/person\\\/6b972021e9a92d45ade8c78d81509098\"},\"headline\":\"En el marco del 8M, mujeres morenistas de Naucalpan firman Manifiesto para seguir Impulsando Mujeres\",\"datePublished\":\"2026-03-09T00:33:32+00:00\",\"dateModified\":\"2026-03-09T00:33:33+00:00\",\"mainEntityOfPage\":{\"@id\":\"https:\\\/\\\/agencia.252.com.mx\\\/home\\\/en-el-marco-del-8m-mujeres-morenistas-de-naucalpan-firman-manifiesto-para-seguir-impulsando-mujeres\\\/\"},\"wordCount\":702,\"commentCount\":0,\"publisher\":{\"@id\":\"https:\\\/\\\/agencia.252.com.mx\\\/home\\\/#organization\"},\"image\":{\"@id\":\"https:\\\/\\\/agencia.252.com.mx\\\/home\\\/en-el-marco-del-8m-mujeres-morenistas-de-naucalpan-firman-manifiesto-para-seguir-impulsando-mujeres\\\/#primaryimage\"},\"thumbnailUrl\":\"https:\\\/\\\/agencia.252.com.mx\\\/wp-content\\\/uploads\\\/2026\\\/03\\\/WhatsApp-Image-2026-03-08-at-6.20.07-PM.jpeg\",\"keywords\":[\"Edomex\"],\"articleSection\":[\"Edomex\",\"Mujeres\",\"Naucalpan\",\"Seguridad\"],\"inLanguage\":\"es\",\"potentialAction\":[{\"@type\":\"CommentAction\",\"name\":\"Comment\",\"target\":[\"https:\\\/\\\/agencia.252.com.mx\\\/home\\\/en-el-marco-del-8m-mujeres-morenistas-de-naucalpan-firman-manifiesto-para-seguir-impulsando-mujeres\\\/#respond\"]}]},{\"@type\":\"WebPage\",\"@id\":\"https:\\\/\\\/agencia.252.com.mx\\\/home\\\/en-el-marco-del-8m-mujeres-morenistas-de-naucalpan-firman-manifiesto-para-seguir-impulsando-mujeres\\\/\",\"url\":\"https:\\\/\\\/agencia.252.com.mx\\\/home\\\/en-el-marco-del-8m-mujeres-morenistas-de-naucalpan-firman-manifiesto-para-seguir-impulsando-mujeres\\\/\",\"name\":\"En el marco del 8M, mujeres morenistas de Naucalpan firman Manifiesto para seguir Impulsando Mujeres - Agencia252\",\"isPartOf\":{\"@id\":\"https:\\\/\\\/agencia.252.com.mx\\\/home\\\/#website\"},\"primaryImageOfPage\":{\"@id\":\"https:\\\/\\\/agencia.252.com.mx\\\/home\\\/en-el-marco-del-8m-mujeres-morenistas-de-naucalpan-firman-manifiesto-para-seguir-impulsando-mujeres\\\/#primaryimage\"},\"image\":{\"@id\":\"https:\\\/\\\/agencia.252.com.mx\\\/home\\\/en-el-marco-del-8m-mujeres-morenistas-de-naucalpan-firman-manifiesto-para-seguir-impulsando-mujeres\\\/#primaryimage\"},\"thumbnailUrl\":\"https:\\\/\\\/agencia.252.com.mx\\\/wp-content\\\/uploads\\\/2026\\\/03\\\/WhatsApp-Image-2026-03-08-at-6.20.07-PM.jpeg\",\"datePublished\":\"2026-03-09T00:33:32+00:00\",\"dateModified\":\"2026-03-09T00:33:33+00:00\",\"breadcrumb\":{\"@id\":\"https:\\\/\\\/agencia.252.com.mx\\\/home\\\/en-el-marco-del-8m-mujeres-morenistas-de-naucalpan-firman-manifiesto-para-seguir-impulsando-mujeres\\\/#breadcrumb\"},\"inLanguage\":\"es\",\"potentialAction\":[{\"@type\":\"ReadAction\",\"target\":[\"https:\\\/\\\/agencia.252.com.mx\\\/home\\\/en-el-marco-del-8m-mujeres-morenistas-de-naucalpan-firman-manifiesto-para-seguir-impulsando-mujeres\\\/\"]}]},{\"@type\":\"ImageObject\",\"inLanguage\":\"es\",\"@id\":\"https:\\\/\\\/agencia.252.com.mx\\\/home\\\/en-el-marco-del-8m-mujeres-morenistas-de-naucalpan-firman-manifiesto-para-seguir-impulsando-mujeres\\\/#primaryimage\",\"url\":\"https:\\\/\\\/agencia.252.com.mx\\\/wp-content\\\/uploads\\\/2026\\\/03\\\/WhatsApp-Image-2026-03-08-at-6.20.07-PM.jpeg\",\"contentUrl\":\"https:\\\/\\\/agencia.252.com.mx\\\/wp-content\\\/uploads\\\/2026\\\/03\\\/WhatsApp-Image-2026-03-08-at-6.20.07-PM.jpeg\",\"width\":1600,\"height\":1068},{\"@type\":\"BreadcrumbList\",\"@id\":\"https:\\\/\\\/agencia.252.com.mx\\\/home\\\/en-el-marco-del-8m-mujeres-morenistas-de-naucalpan-firman-manifiesto-para-seguir-impulsando-mujeres\\\/#breadcrumb\",\"itemListElement\":[{\"@type\":\"ListItem\",\"position\":1,\"name\":\"Portada\",\"item\":\"https:\\\/\\\/agencia.252.com.mx\\\/home\\\/\"},{\"@type\":\"ListItem\",\"position\":2,\"name\":\"En el marco del 8M, mujeres morenistas de Naucalpan firman Manifiesto para seguir Impulsando Mujeres\"}]},{\"@type\":\"WebSite\",\"@id\":\"https:\\\/\\\/agencia.252.com.mx\\\/home\\\/#website\",\"url\":\"https:\\\/\\\/agencia.252.com.mx\\\/home\\\/\",\"name\":\"Agencia252\",\"description\":\"Tu espacio en la Red\",\"publisher\":{\"@id\":\"https:\\\/\\\/agencia.252.com.mx\\\/home\\\/#organization\"},\"potentialAction\":[{\"@type\":\"SearchAction\",\"target\":{\"@type\":\"EntryPoint\",\"urlTemplate\":\"https:\\\/\\\/agencia.252.com.mx\\\/home\\\/?s={search_term_string}\"},\"query-input\":{\"@type\":\"PropertyValueSpecification\",\"valueRequired\":true,\"valueName\":\"search_term_string\"}}],\"inLanguage\":\"es\"},{\"@type\":\"Organization\",\"@id\":\"https:\\\/\\\/agencia.252.com.mx\\\/home\\\/#organization\",\"name\":\"Agencia252\",\"url\":\"https:\\\/\\\/agencia.252.com.mx\\\/home\\\/\",\"logo\":{\"@type\":\"ImageObject\",\"inLanguage\":\"es\",\"@id\":\"https:\\\/\\\/agencia.252.com.mx\\\/home\\\/#\\\/schema\\\/logo\\\/image\\\/\",\"url\":\"https:\\\/\\\/agencia.252.com.mx\\\/wp-content\\\/uploads\\\/2023\\\/02\\\/cropped-ciruclo-agencia-e1677562404136.png\",\"contentUrl\":\"https:\\\/\\\/agencia.252.com.mx\\\/wp-content\\\/uploads\\\/2023\\\/02\\\/cropped-ciruclo-agencia-e1677562404136.png\",\"width\":512,\"height\":512,\"caption\":\"Agencia252\"},\"image\":{\"@id\":\"https:\\\/\\\/agencia.252.com.mx\\\/home\\\/#\\\/schema\\\/logo\\\/image\\\/\"},\"sameAs\":[\"https:\\\/\\\/www.facebook.com\\\/252Comunicacion\\\/\",\"https:\\\/\\\/x.com\\\/252COMS\"]},{\"@type\":\"Person\",\"@id\":\"https:\\\/\\\/agencia.252.com.mx\\\/home\\\/#\\\/schema\\\/person\\\/6b972021e9a92d45ade8c78d81509098\",\"name\":\"Nacho Corro\",\"image\":{\"@type\":\"ImageObject\",\"inLanguage\":\"es\",\"@id\":\"https:\\\/\\\/secure.gravatar.com\\\/avatar\\\/5db6df507cfe1307e192fbb498c6b85f1cf2ffd8b4cd37141b9eea588fcbd5a4?s=96&r=g\",\"url\":\"https:\\\/\\\/secure.gravatar.com\\\/avatar\\\/5db6df507cfe1307e192fbb498c6b85f1cf2ffd8b4cd37141b9eea588fcbd5a4?s=96&r=g\",\"contentUrl\":\"https:\\\/\\\/secure.gravatar.com\\\/avatar\\\/5db6df507cfe1307e192fbb498c6b85f1cf2ffd8b4cd37141b9eea588fcbd5a4?s=96&r=g\",\"caption\":\"Nacho Corro\"},\"description\":\"Comunicador Social, Periodista y Administraci\u00f3n P\u00fablica. Conversador pol\u00edtico, temas electorales y seguridad. Generador de contenidos digitales. Amante de la fotograf\u00eda\",\"sameAs\":[\"https:\\\/\\\/www.facebook.com\\\/jcorroherrera\\\/\",\"www.instagram.com\\\/nachocorro\\\/\",\"https:\\\/\\\/x.com\\\/Juan Ignacio Corro Herrera\"],\"url\":\"https:\\\/\\\/agencia.252.com.mx\\\/home\\\/author\\\/i-corro\\\/\"}]}<\/script>\n<!-- \/ Yoast SEO plugin. -->","yoast_head_json":{"title":"En el marco del 8M, mujeres morenistas de Naucalpan firman Manifiesto para seguir Impulsando Mujeres - Agencia252","robots":{"index":"index","follow":"follow","max-snippet":"max-snippet:-1","max-image-preview":"max-image-preview:large","max-video-preview":"max-video-preview:-1"},"canonical":"https:\/\/agencia.252.com.mx\/home\/en-el-marco-del-8m-mujeres-morenistas-de-naucalpan-firman-manifiesto-para-seguir-impulsando-mujeres\/","og_locale":"es_ES","og_type":"article","og_title":"En el marco del 8M, mujeres morenistas de Naucalpan firman Manifiesto para seguir Impulsando Mujeres - Agencia252","og_description":"Visitas: 42 Juan Ignacio Corro&nbsp; Naucalpan, Estado de M\u00e9xico, a 8 de marzo&nbsp;de 2026 En el marco del D\u00eda Internacional de las Mujeres, m\u00e1s de dos mil mujeres morenistas de Naucalpan se reunieron para firmar el Manifiesto Naucalpense para seguir Impulsando Mujeres, un pronunciamiento colectivo que reafirma el compromiso con la igualdad, la organizaci\u00f3n y [&hellip;]","og_url":"https:\/\/agencia.252.com.mx\/home\/en-el-marco-del-8m-mujeres-morenistas-de-naucalpan-firman-manifiesto-para-seguir-impulsando-mujeres\/","og_site_name":"Agencia252","article_publisher":"https:\/\/www.facebook.com\/252Comunicacion\/","article_author":"https:\/\/www.facebook.com\/jcorroherrera\/","article_published_time":"2026-03-09T00:33:32+00:00","article_modified_time":"2026-03-09T00:33:33+00:00","og_image":[{"width":1600,"height":1068,"url":"http:\/\/agencia.252.com.mx\/wp-content\/uploads\/2026\/03\/WhatsApp-Image-2026-03-08-at-6.20.07-PM.jpeg","type":"image\/jpeg"}],"author":"Nacho Corro","twitter_card":"summary_large_image","twitter_creator":"@Juan Ignacio Corro Herrera","twitter_site":"@252COMS","twitter_misc":{"Escrito por":"Nacho Corro","Tiempo de lectura":"4 minutos"},"schema":{"@context":"https:\/\/schema.org","@graph":[{"@type":"Article","@id":"https:\/\/agencia.252.com.mx\/home\/en-el-marco-del-8m-mujeres-morenistas-de-naucalpan-firman-manifiesto-para-seguir-impulsando-mujeres\/#article","isPartOf":{"@id":"https:\/\/agencia.252.com.mx\/home\/en-el-marco-del-8m-mujeres-morenistas-de-naucalpan-firman-manifiesto-para-seguir-impulsando-mujeres\/"},"author":{"name":"Nacho Corro","@id":"https:\/\/agencia.252.com.mx\/home\/#\/schema\/person\/6b972021e9a92d45ade8c78d81509098"},"headline":"En el marco del 8M, mujeres morenistas de Naucalpan firman Manifiesto para seguir Impulsando Mujeres","datePublished":"2026-03-09T00:33:32+00:00","dateModified":"2026-03-09T00:33:33+00:00","mainEntityOfPage":{"@id":"https:\/\/agencia.252.com.mx\/home\/en-el-marco-del-8m-mujeres-morenistas-de-naucalpan-firman-manifiesto-para-seguir-impulsando-mujeres\/"},"wordCount":702,"commentCount":0,"publisher":{"@id":"https:\/\/agencia.252.com.mx\/home\/#organization"},"image":{"@id":"https:\/\/agencia.252.com.mx\/home\/en-el-marco-del-8m-mujeres-morenistas-de-naucalpan-firman-manifiesto-para-seguir-impulsando-mujeres\/#primaryimage"},"thumbnailUrl":"https:\/\/agencia.252.com.mx\/wp-content\/uploads\/2026\/03\/WhatsApp-Image-2026-03-08-at-6.20.07-PM.jpeg","keywords":["Edomex"],"articleSection":["Edomex","Mujeres","Naucalpan","Seguridad"],"inLanguage":"es","potentialAction":[{"@type":"CommentAction","name":"Comment","target":["https:\/\/agencia.252.com.mx\/home\/en-el-marco-del-8m-mujeres-morenistas-de-naucalpan-firman-manifiesto-para-seguir-impulsando-mujeres\/#respond"]}]},{"@type":"WebPage","@id":"https:\/\/agencia.252.com.mx\/home\/en-el-marco-del-8m-mujeres-morenistas-de-naucalpan-firman-manifiesto-para-seguir-impulsando-mujeres\/","url":"https:\/\/agencia.252.com.mx\/home\/en-el-marco-del-8m-mujeres-morenistas-de-naucalpan-firman-manifiesto-para-seguir-impulsando-mujeres\/","name":"En el marco del 8M, mujeres morenistas de Naucalpan firman Manifiesto para seguir Impulsando Mujeres - Agencia252","isPartOf":{"@id":"https:\/\/agencia.252.com.mx\/home\/#website"},"primaryImageOfPage":{"@id":"https:\/\/agencia.252.com.mx\/home\/en-el-marco-del-8m-mujeres-morenistas-de-naucalpan-firman-manifiesto-para-seguir-impulsando-mujeres\/#primaryimage"},"image":{"@id":"https:\/\/agencia.252.com.mx\/home\/en-el-marco-del-8m-mujeres-morenistas-de-naucalpan-firman-manifiesto-para-seguir-impulsando-mujeres\/#primaryimage"},"thumbnailUrl":"https:\/\/agencia.252.com.mx\/wp-content\/uploads\/2026\/03\/WhatsApp-Image-2026-03-08-at-6.20.07-PM.jpeg","datePublished":"2026-03-09T00:33:32+00:00","dateModified":"2026-03-09T00:33:33+00:00","breadcrumb":{"@id":"https:\/\/agencia.252.com.mx\/home\/en-el-marco-del-8m-mujeres-morenistas-de-naucalpan-firman-manifiesto-para-seguir-impulsando-mujeres\/#breadcrumb"},"inLanguage":"es","potentialAction":[{"@type":"ReadAction","target":["https:\/\/agencia.252.com.mx\/home\/en-el-marco-del-8m-mujeres-morenistas-de-naucalpan-firman-manifiesto-para-seguir-impulsando-mujeres\/"]}]},{"@type":"ImageObject","inLanguage":"es","@id":"https:\/\/agencia.252.com.mx\/home\/en-el-marco-del-8m-mujeres-morenistas-de-naucalpan-firman-manifiesto-para-seguir-impulsando-mujeres\/#primaryimage","url":"https:\/\/agencia.252.com.mx\/wp-content\/uploads\/2026\/03\/WhatsApp-Image-2026-03-08-at-6.20.07-PM.jpeg","contentUrl":"https:\/\/agencia.252.com.mx\/wp-content\/uploads\/2026\/03\/WhatsApp-Image-2026-03-08-at-6.20.07-PM.jpeg","width":1600,"height":1068},{"@type":"BreadcrumbList","@id":"https:\/\/agencia.252.com.mx\/home\/en-el-marco-del-8m-mujeres-morenistas-de-naucalpan-firman-manifiesto-para-seguir-impulsando-mujeres\/#breadcrumb","itemListElement":[{"@type":"ListItem","position":1,"name":"Portada","item":"https:\/\/agencia.252.com.mx\/home\/"},{"@type":"ListItem","position":2,"name":"En el marco del 8M, mujeres morenistas de Naucalpan firman Manifiesto para seguir Impulsando Mujeres"}]},{"@type":"WebSite","@id":"https:\/\/agencia.252.com.mx\/home\/#website","url":"https:\/\/agencia.252.com.mx\/home\/","name":"Agencia252","description":"Tu espacio en la Red","publisher":{"@id":"https:\/\/agencia.252.com.mx\/home\/#organization"},"potentialAction":[{"@type":"SearchAction","target":{"@type":"EntryPoint","urlTemplate":"https:\/\/agencia.252.com.mx\/home\/?s={search_term_string}"},"query-input":{"@type":"PropertyValueSpecification","valueRequired":true,"valueName":"search_term_string"}}],"inLanguage":"es"},{"@type":"Organization","@id":"https:\/\/agencia.252.com.mx\/home\/#organization","name":"Agencia252","url":"https:\/\/agencia.252.com.mx\/home\/","logo":{"@type":"ImageObject","inLanguage":"es","@id":"https:\/\/agencia.252.com.mx\/home\/#\/schema\/logo\/image\/","url":"https:\/\/agencia.252.com.mx\/wp-content\/uploads\/2023\/02\/cropped-ciruclo-agencia-e1677562404136.png","contentUrl":"https:\/\/agencia.252.com.mx\/wp-content\/uploads\/2023\/02\/cropped-ciruclo-agencia-e1677562404136.png","width":512,"height":512,"caption":"Agencia252"},"image":{"@id":"https:\/\/agencia.252.com.mx\/home\/#\/schema\/logo\/image\/"},"sameAs":["https:\/\/www.facebook.com\/252Comunicacion\/","https:\/\/x.com\/252COMS"]},{"@type":"Person","@id":"https:\/\/agencia.252.com.mx\/home\/#\/schema\/person\/6b972021e9a92d45ade8c78d81509098","name":"Nacho Corro","image":{"@type":"ImageObject","inLanguage":"es","@id":"https:\/\/secure.gravatar.com\/avatar\/5db6df507cfe1307e192fbb498c6b85f1cf2ffd8b4cd37141b9eea588fcbd5a4?s=96&r=g","url":"https:\/\/secure.gravatar.com\/avatar\/5db6df507cfe1307e192fbb498c6b85f1cf2ffd8b4cd37141b9eea588fcbd5a4?s=96&r=g","contentUrl":"https:\/\/secure.gravatar.com\/avatar\/5db6df507cfe1307e192fbb498c6b85f1cf2ffd8b4cd37141b9eea588fcbd5a4?s=96&r=g","caption":"Nacho Corro"},"description":"Comunicador Social, Periodista y Administraci\u00f3n P\u00fablica. Conversador pol\u00edtico, temas electorales y seguridad. Generador de contenidos digitales. Amante de la fotograf\u00eda","sameAs":["https:\/\/www.facebook.com\/jcorroherrera\/","www.instagram.com\/nachocorro\/","https:\/\/x.com\/Juan Ignacio Corro Herrera"],"url":"https:\/\/agencia.252.com.mx\/home\/author\/i-corro\/"}]}},"_links":{"self":[{"href":"https:\/\/agencia.252.com.mx\/home\/wp-json\/wp\/v2\/posts\/16737","targetHints":{"allow":["GET"]}}],"collection":[{"href":"https:\/\/agencia.252.com.mx\/home\/wp-json\/wp\/v2\/posts"}],"about":[{"href":"https:\/\/agencia.252.com.mx\/home\/wp-json\/wp\/v2\/types\/post"}],"author":[{"embeddable":true,"href":"https:\/\/agencia.252.com.mx\/home\/wp-json\/wp\/v2\/users\/5"}],"replies":[{"embeddable":true,"href":"https:\/\/agencia.252.com.mx\/home\/wp-json\/wp\/v2\/comments?post=16737"}],"version-history":[{"count":1,"href":"https:\/\/agencia.252.com.mx\/home\/wp-json\/wp\/v2\/posts\/16737\/revisions"}],"predecessor-version":[{"id":16741,"href":"https:\/\/agencia.252.com.mx\/home\/wp-json\/wp\/v2\/posts\/16737\/revisions\/16741"}],"wp:featuredmedia":[{"embeddable":true,"href":"https:\/\/agencia.252.com.mx\/home\/wp-json\/wp\/v2\/media\/16740"}],"wp:attachment":[{"href":"https:\/\/agencia.252.com.mx\/home\/wp-json\/wp\/v2\/media?parent=16737"}],"wp:term":[{"taxonomy":"category","embeddable":true,"href":"https:\/\/agencia.252.com.mx\/home\/wp-json\/wp\/v2\/categories?post=16737"},{"taxonomy":"post_tag","embeddable":true,"href":"https:\/\/agencia.252.com.mx\/home\/wp-json\/wp\/v2\/tags?post=16737"}],"curies":[{"name":"wp","href":"https:\/\/api.w.org\/{rel}","templated":true}]}}