{"id":16731,"date":"2026-03-08T16:02:56","date_gmt":"2026-03-08T22:02:56","guid":{"rendered":"https:\/\/agencia.252.com.mx\/home\/?p=16731"},"modified":"2026-03-08T16:03:22","modified_gmt":"2026-03-08T22:03:22","slug":"cero-tolerancia-a-la-violencia-de-genero-en-huixquilucan","status":"publish","type":"post","link":"https:\/\/agencia.252.com.mx\/home\/cero-tolerancia-a-la-violencia-de-genero-en-huixquilucan\/","title":{"rendered":"Cero Tolerancia a la violencia de g\u00e9nero en Huixquilucan\u00a0"},"content":{"rendered":"<p>Visitas: 9<\/p>\n<ul class=\"wp-block-list\">\n<li><em>En el marco de la conmemoraci\u00f3n del D\u00eda Internacional de la Mujer, la presidenta municipal, Romina Contreras, refrend\u00f3 su compromiso con las huixquiluquenses de reforzar su pol\u00edtica de cero tolerancia a la violencia de g\u00e9nero\u00a0\u00a0<\/em><\/li>\n\n\n\n<li><em>El Gobierno de Huixquilucan ha implementado diversas acciones para la protecci\u00f3n de las mujeres como la creaci\u00f3n de la Direcci\u00f3n General de la Mujer, la Polic\u00eda de G\u00e9nero y la instalaci\u00f3n de m\u00e1s de 100 Puntos Violeta, entre otros<\/em><\/li>\n<\/ul>\n\n\n\n<p><em>Juan Ignacio Corro&nbsp;<\/em><\/p>\n\n\n\n<p class=\"has-text-align-right\">Huixquilucan, Estado de M\u00e9xico, a 8 de marzo&nbsp;de 2026<\/p>\n\n\n\n<p>En el marco del D\u00eda Internacional de la Mujer, la presidenta municipal, Romina Contreras Carrasco, reafirm\u00f3 su compromiso con las huixquiluquenses de continuar con su pol\u00edtica de cero tolerancia a la violencia de g\u00e9nero, a trav\u00e9s de diversas acciones para fortalecer su seguridad y empoderamiento, as\u00ed como la creaci\u00f3n y reforzamiento de programas de prevenci\u00f3n y atenci\u00f3n a quienes viven una situaci\u00f3n de vulnerabilidad.<\/p>\n\n\n\n<p>Ante m\u00e1s de 500 mujeres de todo el territorio que se dieron cita en el Auditorio Municipal para conmemorar el 08 de marzo, la alcaldesa Romina Contreras, quien estuvo acompa\u00f1ada por el vicecoordinador del Grupo Parlamentario del Partido Acci\u00f3n Nacional (PAN) en el Senado, Enrique Vargas del Villar, asegur\u00f3 que, en Huixquilucan, se trabaja 24\/7 para proteger a las ni\u00f1as, adolescentes y mujeres de todo el municipio, con iniciativas que contribuyan a un desarrollo integral.<\/p>\n\n\n\n<p>Entre estas acciones, mencion\u00f3 la creaci\u00f3n de la Direcci\u00f3n General de la Mujer, la Polic\u00eda de G\u00e9nero, la instalaci\u00f3n de m\u00e1s de 100 Puntos Violeta por todo el territorio, la promoci\u00f3n de paridad de g\u00e9nero, la creaci\u00f3n del Centro de Oficios, la atenci\u00f3n m\u00e9dica y especializada que se brinda a trav\u00e9s del Complejo Rosa M\u00edstica, la existencia de una C\u00e9lula de G\u00e9nero y otra de Personas Desaparecidas.\u00e7<\/p>\n\n\n\n<figure class=\"wp-block-image alignleft size-medium\"><img fetchpriority=\"high\" decoding=\"async\" width=\"300\" height=\"200\" src=\"https:\/\/agencia.252.com.mx\/wp-content\/uploads\/2026\/03\/Huixquilucan-Romina-Contreras-C-057-2026-2-1-300x200.jpg\" alt=\"\" class=\"wp-image-16734\" srcset=\"https:\/\/agencia.252.com.mx\/wp-content\/uploads\/2026\/03\/Huixquilucan-Romina-Contreras-C-057-2026-2-1-300x200.jpg 300w, https:\/\/agencia.252.com.mx\/wp-content\/uploads\/2026\/03\/Huixquilucan-Romina-Contreras-C-057-2026-2-1-1024x683.jpg 1024w, https:\/\/agencia.252.com.mx\/wp-content\/uploads\/2026\/03\/Huixquilucan-Romina-Contreras-C-057-2026-2-1-768x512.jpg 768w, https:\/\/agencia.252.com.mx\/wp-content\/uploads\/2026\/03\/Huixquilucan-Romina-Contreras-C-057-2026-2-1-1536x1024.jpg 1536w, https:\/\/agencia.252.com.mx\/wp-content\/uploads\/2026\/03\/Huixquilucan-Romina-Contreras-C-057-2026-2-1-2048x1365.jpg 2048w\" sizes=\"(max-width: 300px) 100vw, 300px\" \/><\/figure>\n\n\n\n<p>\u201cEn este municipio no se permite la violencia en ninguna de sus ramas, en ninguno de sus matices, no permitimos la m\u00ednima violencia hacia el g\u00e9nero femenino. Desde 2019, este municipio tambi\u00e9n fue declarado como libre de trata, por lo que quiero que sepan que aqu\u00ed no se permite ning\u00fan tipo de abuso hacia nuestras ni\u00f1as, adolescentes y mujeres\u201d, enfatiz\u00f3 la presidenta municipal.<\/p>\n\n\n\n<p>Romina Contreras record\u00f3 que, desde 2019, Huixquilucan fue declarado como un municipio libre de trata de personas, pues la puesta en marcha del programa Punto Violeta para generar sitios de ayuda y la construcci\u00f3n de la Unidad de An\u00e1lisis y Contexto de la Direcci\u00f3n General de Seguridad P\u00fablica y Vialidad para estudiar las causas de violencia de g\u00e9nero en el territorio, adem\u00e1s de&nbsp; impulsar capacitaciones, cursos, asesor\u00edas y acompa\u00f1amiento jur\u00eddico, ayuda a construir un Huixquilucan seguro, donde se previene, atiende y sanciona la violencia de g\u00e9nero.<\/p>\n\n\n\n<p>\u201cSi bien estos esfuerzos son importantes y significativos, tengo claro que siempre ser\u00e1n insuficientes, si no combatimos la violencia de g\u00e9nero juntas y no nos apoyamos entre nosotras. Por eso, las y los convoco a seguir impulsando iniciativas y trabajando en equipo para hacer realidad una vida libre de violencia contra las ni\u00f1as, j\u00f3venes y mujeres, y continuar rompiendo los llamados techos de cristal\u201d, sentenci\u00f3 la presidenta municipal.&nbsp;<\/p>\n\n\n\n<p>Al respecto, detall\u00f3 que el Complejo Rosa M\u00edstica del Sistema Municipal DIF de Huixquilucan cuenta con diversas instancias que brindan apoyo integral a ni\u00f1as, adolescentes, mam\u00e1s solteras y adultas mayores como la Cl\u00ednica Mater Dei, el Albergue Temporal \u201cRenacer\u201d, el Centro Gerontol\u00f3gico \u201cSagrado Coraz\u00f3n\u201d y el Centro de Rehabilitaci\u00f3n Integral contra las Adicciones \u201cSanta Rita\u201d.<\/p>\n\n\n\n<p>Asimismo, Romina Contreras expres\u00f3 que el Centro de Oficios de Huixquilucan busca fortalecer el empoderamiento de las mujeres al brindarles capacitaci\u00f3n y habilidades que les permitan conseguir o mejorar sus empleos, para fomentar su independencia econ\u00f3mica, autonom\u00eda y autoestima.&nbsp;<\/p>\n\n\n\n<p>En tanto, el senador Enrique Vargas reiter\u00f3 el apoyo que ha brindado a las huixquilquenses desde hace m\u00e1s de 10 a\u00f1os, y destac\u00f3 el trabajo de la presidenta municipal, Romina Contreras, que ha sido calificada en los primeros lugares de desempe\u00f1o a nivel estatal y en varias ocasiones a nivel nacional, lo que tambi\u00e9n se traduce en mejores condiciones para vivir en un ambiente libre de violencia.<\/p>\n\n\n\n<p>Por su parte, la maestra Zuemy Anette Flores, quien fue v\u00edctima de acoso en su vida profesional, reconoci\u00f3 al Gobierno de Huixquilucan por escuchar y brindarle acompa\u00f1amiento en todo momento, as\u00ed como apoyo psicol\u00f3gico a trav\u00e9s de la Direcci\u00f3n General de la Mujer.<\/p>\n\n\n\n<p>\u201cCuando una mujer decide hablar, el acompa\u00f1amiento de las instituciones y de la comunidad pueden marcar una enorme diferencia. Presidenta Romina Contreras, gracias por escucharme y por abrir las puertas del municipio cuando mi caso necesitaba atenci\u00f3n y sensibilidad institucional, ese respaldo fue un mensaje contundente, no solo para m\u00ed, sino para todas las mujeres que atraviesan situaciones dif\u00edciles. No est\u00e1n solas\u201d, finaliz\u00f3.<\/p>\n","protected":false},"excerpt":{"rendered":"<p>Visitas: 9 Juan Ignacio Corro&nbsp; Huixquilucan, Estado de M\u00e9xico, a 8 de marzo&nbsp;de 2026 En el marco del D\u00eda Internacional de la Mujer, la presidenta municipal, Romina Contreras Carrasco, reafirm\u00f3 su compromiso con las huixquiluquenses de continuar con su pol\u00edtica de cero tolerancia a la violencia de g\u00e9nero, a trav\u00e9s de diversas acciones para fortalecer [&hellip;]<\/p>\n","protected":false},"author":5,"featured_media":16733,"comment_status":"open","ping_status":"open","sticky":false,"template":"","format":"standard","meta":{"site-sidebar-layout":"default","site-content-layout":"","ast-site-content-layout":"default","site-content-style":"default","site-sidebar-style":"default","ast-global-header-display":"","ast-banner-title-visibility":"","ast-main-header-display":"","ast-hfb-above-header-display":"","ast-hfb-below-header-display":"","ast-hfb-mobile-header-display":"","site-post-title":"","ast-breadcrumbs-content":"","ast-featured-img":"","footer-sml-layout":"","ast-disable-related-posts":"","theme-transparent-header-meta":"","adv-header-id-meta":"","stick-header-meta":"","header-above-stick-meta":"","header-main-stick-meta":"","header-below-stick-meta":"","astra-migrate-meta-layouts":"set","ast-page-background-enabled":"default","ast-page-background-meta":{"desktop":{"background-color":"var(--ast-global-color-4)","background-image":"","background-repeat":"repeat","background-position":"center center","background-size":"auto","background-attachment":"scroll","background-type":"","background-media":"","overlay-type":"","overlay-color":"","overlay-opacity":"","overlay-gradient":""},"tablet":{"background-color":"","background-image":"","background-repeat":"repeat","background-position":"center center","background-size":"auto","background-attachment":"scroll","background-type":"","background-media":"","overlay-type":"","overlay-color":"","overlay-opacity":"","overlay-gradient":""},"mobile":{"background-color":"","background-image":"","background-repeat":"repeat","background-position":"center center","background-size":"auto","background-attachment":"scroll","background-type":"","background-media":"","overlay-type":"","overlay-color":"","overlay-opacity":"","overlay-gradient":""}},"ast-content-background-meta":{"desktop":{"background-color":"var(--ast-global-color-5)","background-image":"","background-repeat":"repeat","background-position":"center center","background-size":"auto","background-attachment":"scroll","background-type":"","background-media":"","overlay-type":"","overlay-color":"","overlay-opacity":"","overlay-gradient":""},"tablet":{"background-color":"var(--ast-global-color-5)","background-image":"","background-repeat":"repeat","background-position":"center center","background-size":"auto","background-attachment":"scroll","background-type":"","background-media":"","overlay-type":"","overlay-color":"","overlay-opacity":"","overlay-gradient":""},"mobile":{"background-color":"var(--ast-global-color-5)","background-image":"","background-repeat":"repeat","background-position":"center center","background-size":"auto","background-attachment":"scroll","background-type":"","background-media":"","overlay-type":"","overlay-color":"","overlay-opacity":"","overlay-gradient":""}},"footnotes":""},"categories":[8,283,53,68],"tags":[526],"class_list":["post-16731","post","type-post","status-publish","format-standard","has-post-thumbnail","hentry","category-edomex","category-huixquilucan","category-mujeres","category-seguridad","tag-edomex"],"yoast_head":"<!-- This site is optimized with the Yoast SEO plugin v27.4 - https:\/\/yoast.com\/product\/yoast-seo-wordpress\/ -->\n<title>Cero Tolerancia a la violencia de g\u00e9nero en Huixquilucan\u00a0 - Agencia252<\/title>\n<meta name=\"robots\" content=\"index, follow, max-snippet:-1, max-image-preview:large, max-video-preview:-1\" \/>\n<link rel=\"canonical\" href=\"https:\/\/agencia.252.com.mx\/home\/cero-tolerancia-a-la-violencia-de-genero-en-huixquilucan\/\" \/>\n<meta property=\"og:locale\" content=\"es_ES\" \/>\n<meta property=\"og:type\" content=\"article\" \/>\n<meta property=\"og:title\" content=\"Cero Tolerancia a la violencia de g\u00e9nero en Huixquilucan\u00a0 - Agencia252\" \/>\n<meta property=\"og:description\" content=\"Visitas: 9 Juan Ignacio Corro&nbsp; Huixquilucan, Estado de M\u00e9xico, a 8 de marzo&nbsp;de 2026 En el marco del D\u00eda Internacional de la Mujer, la presidenta municipal, Romina Contreras Carrasco, reafirm\u00f3 su compromiso con las huixquiluquenses de continuar con su pol\u00edtica de cero tolerancia a la violencia de g\u00e9nero, a trav\u00e9s de diversas acciones para fortalecer [&hellip;]\" \/>\n<meta property=\"og:url\" content=\"https:\/\/agencia.252.com.mx\/home\/cero-tolerancia-a-la-violencia-de-genero-en-huixquilucan\/\" \/>\n<meta property=\"og:site_name\" content=\"Agencia252\" \/>\n<meta property=\"article:publisher\" content=\"https:\/\/www.facebook.com\/252Comunicacion\/\" \/>\n<meta property=\"article:author\" content=\"https:\/\/www.facebook.com\/jcorroherrera\/\" \/>\n<meta property=\"article:published_time\" content=\"2026-03-08T22:02:56+00:00\" \/>\n<meta property=\"article:modified_time\" content=\"2026-03-08T22:03:22+00:00\" \/>\n<meta property=\"og:image\" content=\"http:\/\/agencia.252.com.mx\/wp-content\/uploads\/2026\/03\/Huixquilucan-Romina-Contreras-C-057-2026-3-scaled.jpg\" \/>\n\t<meta property=\"og:image:width\" content=\"2560\" \/>\n\t<meta property=\"og:image:height\" content=\"1707\" \/>\n\t<meta property=\"og:image:type\" content=\"image\/jpeg\" \/>\n<meta name=\"author\" content=\"Nacho Corro\" \/>\n<meta name=\"twitter:card\" content=\"summary_large_image\" \/>\n<meta name=\"twitter:creator\" content=\"@Juan Ignacio Corro Herrera\" \/>\n<meta name=\"twitter:site\" content=\"@252COMS\" \/>\n<meta name=\"twitter:label1\" content=\"Escrito por\" \/>\n\t<meta name=\"twitter:data1\" content=\"Nacho Corro\" \/>\n\t<meta name=\"twitter:label2\" content=\"Tiempo de lectura\" \/>\n\t<meta name=\"twitter:data2\" content=\"4 minutos\" \/>\n<script type=\"application\/ld+json\" class=\"yoast-schema-graph\">{\"@context\":\"https:\\\/\\\/schema.org\",\"@graph\":[{\"@type\":\"Article\",\"@id\":\"https:\\\/\\\/agencia.252.com.mx\\\/home\\\/cero-tolerancia-a-la-violencia-de-genero-en-huixquilucan\\\/#article\",\"isPartOf\":{\"@id\":\"https:\\\/\\\/agencia.252.com.mx\\\/home\\\/cero-tolerancia-a-la-violencia-de-genero-en-huixquilucan\\\/\"},\"author\":{\"name\":\"Nacho Corro\",\"@id\":\"https:\\\/\\\/agencia.252.com.mx\\\/home\\\/#\\\/schema\\\/person\\\/6b972021e9a92d45ade8c78d81509098\"},\"headline\":\"Cero Tolerancia a la violencia de g\u00e9nero en Huixquilucan\u00a0\",\"datePublished\":\"2026-03-08T22:02:56+00:00\",\"dateModified\":\"2026-03-08T22:03:22+00:00\",\"mainEntityOfPage\":{\"@id\":\"https:\\\/\\\/agencia.252.com.mx\\\/home\\\/cero-tolerancia-a-la-violencia-de-genero-en-huixquilucan\\\/\"},\"wordCount\":863,\"commentCount\":0,\"publisher\":{\"@id\":\"https:\\\/\\\/agencia.252.com.mx\\\/home\\\/#organization\"},\"image\":{\"@id\":\"https:\\\/\\\/agencia.252.com.mx\\\/home\\\/cero-tolerancia-a-la-violencia-de-genero-en-huixquilucan\\\/#primaryimage\"},\"thumbnailUrl\":\"https:\\\/\\\/agencia.252.com.mx\\\/wp-content\\\/uploads\\\/2026\\\/03\\\/Huixquilucan-Romina-Contreras-C-057-2026-3-scaled.jpg\",\"keywords\":[\"Edomex\"],\"articleSection\":[\"Edomex\",\"huixquilucan\",\"Mujeres\",\"Seguridad\"],\"inLanguage\":\"es\",\"potentialAction\":[{\"@type\":\"CommentAction\",\"name\":\"Comment\",\"target\":[\"https:\\\/\\\/agencia.252.com.mx\\\/home\\\/cero-tolerancia-a-la-violencia-de-genero-en-huixquilucan\\\/#respond\"]}]},{\"@type\":\"WebPage\",\"@id\":\"https:\\\/\\\/agencia.252.com.mx\\\/home\\\/cero-tolerancia-a-la-violencia-de-genero-en-huixquilucan\\\/\",\"url\":\"https:\\\/\\\/agencia.252.com.mx\\\/home\\\/cero-tolerancia-a-la-violencia-de-genero-en-huixquilucan\\\/\",\"name\":\"Cero Tolerancia a la violencia de g\u00e9nero en Huixquilucan\u00a0 - Agencia252\",\"isPartOf\":{\"@id\":\"https:\\\/\\\/agencia.252.com.mx\\\/home\\\/#website\"},\"primaryImageOfPage\":{\"@id\":\"https:\\\/\\\/agencia.252.com.mx\\\/home\\\/cero-tolerancia-a-la-violencia-de-genero-en-huixquilucan\\\/#primaryimage\"},\"image\":{\"@id\":\"https:\\\/\\\/agencia.252.com.mx\\\/home\\\/cero-tolerancia-a-la-violencia-de-genero-en-huixquilucan\\\/#primaryimage\"},\"thumbnailUrl\":\"https:\\\/\\\/agencia.252.com.mx\\\/wp-content\\\/uploads\\\/2026\\\/03\\\/Huixquilucan-Romina-Contreras-C-057-2026-3-scaled.jpg\",\"datePublished\":\"2026-03-08T22:02:56+00:00\",\"dateModified\":\"2026-03-08T22:03:22+00:00\",\"breadcrumb\":{\"@id\":\"https:\\\/\\\/agencia.252.com.mx\\\/home\\\/cero-tolerancia-a-la-violencia-de-genero-en-huixquilucan\\\/#breadcrumb\"},\"inLanguage\":\"es\",\"potentialAction\":[{\"@type\":\"ReadAction\",\"target\":[\"https:\\\/\\\/agencia.252.com.mx\\\/home\\\/cero-tolerancia-a-la-violencia-de-genero-en-huixquilucan\\\/\"]}]},{\"@type\":\"ImageObject\",\"inLanguage\":\"es\",\"@id\":\"https:\\\/\\\/agencia.252.com.mx\\\/home\\\/cero-tolerancia-a-la-violencia-de-genero-en-huixquilucan\\\/#primaryimage\",\"url\":\"https:\\\/\\\/agencia.252.com.mx\\\/wp-content\\\/uploads\\\/2026\\\/03\\\/Huixquilucan-Romina-Contreras-C-057-2026-3-scaled.jpg\",\"contentUrl\":\"https:\\\/\\\/agencia.252.com.mx\\\/wp-content\\\/uploads\\\/2026\\\/03\\\/Huixquilucan-Romina-Contreras-C-057-2026-3-scaled.jpg\",\"width\":2560,\"height\":1707},{\"@type\":\"BreadcrumbList\",\"@id\":\"https:\\\/\\\/agencia.252.com.mx\\\/home\\\/cero-tolerancia-a-la-violencia-de-genero-en-huixquilucan\\\/#breadcrumb\",\"itemListElement\":[{\"@type\":\"ListItem\",\"position\":1,\"name\":\"Portada\",\"item\":\"https:\\\/\\\/agencia.252.com.mx\\\/home\\\/\"},{\"@type\":\"ListItem\",\"position\":2,\"name\":\"Cero Tolerancia a la violencia de g\u00e9nero en Huixquilucan\u00a0\"}]},{\"@type\":\"WebSite\",\"@id\":\"https:\\\/\\\/agencia.252.com.mx\\\/home\\\/#website\",\"url\":\"https:\\\/\\\/agencia.252.com.mx\\\/home\\\/\",\"name\":\"Agencia252\",\"description\":\"Tu espacio en la Red\",\"publisher\":{\"@id\":\"https:\\\/\\\/agencia.252.com.mx\\\/home\\\/#organization\"},\"potentialAction\":[{\"@type\":\"SearchAction\",\"target\":{\"@type\":\"EntryPoint\",\"urlTemplate\":\"https:\\\/\\\/agencia.252.com.mx\\\/home\\\/?s={search_term_string}\"},\"query-input\":{\"@type\":\"PropertyValueSpecification\",\"valueRequired\":true,\"valueName\":\"search_term_string\"}}],\"inLanguage\":\"es\"},{\"@type\":\"Organization\",\"@id\":\"https:\\\/\\\/agencia.252.com.mx\\\/home\\\/#organization\",\"name\":\"Agencia252\",\"url\":\"https:\\\/\\\/agencia.252.com.mx\\\/home\\\/\",\"logo\":{\"@type\":\"ImageObject\",\"inLanguage\":\"es\",\"@id\":\"https:\\\/\\\/agencia.252.com.mx\\\/home\\\/#\\\/schema\\\/logo\\\/image\\\/\",\"url\":\"https:\\\/\\\/agencia.252.com.mx\\\/wp-content\\\/uploads\\\/2023\\\/02\\\/cropped-ciruclo-agencia-e1677562404136.png\",\"contentUrl\":\"https:\\\/\\\/agencia.252.com.mx\\\/wp-content\\\/uploads\\\/2023\\\/02\\\/cropped-ciruclo-agencia-e1677562404136.png\",\"width\":512,\"height\":512,\"caption\":\"Agencia252\"},\"image\":{\"@id\":\"https:\\\/\\\/agencia.252.com.mx\\\/home\\\/#\\\/schema\\\/logo\\\/image\\\/\"},\"sameAs\":[\"https:\\\/\\\/www.facebook.com\\\/252Comunicacion\\\/\",\"https:\\\/\\\/x.com\\\/252COMS\"]},{\"@type\":\"Person\",\"@id\":\"https:\\\/\\\/agencia.252.com.mx\\\/home\\\/#\\\/schema\\\/person\\\/6b972021e9a92d45ade8c78d81509098\",\"name\":\"Nacho Corro\",\"image\":{\"@type\":\"ImageObject\",\"inLanguage\":\"es\",\"@id\":\"https:\\\/\\\/secure.gravatar.com\\\/avatar\\\/5db6df507cfe1307e192fbb498c6b85f1cf2ffd8b4cd37141b9eea588fcbd5a4?s=96&r=g\",\"url\":\"https:\\\/\\\/secure.gravatar.com\\\/avatar\\\/5db6df507cfe1307e192fbb498c6b85f1cf2ffd8b4cd37141b9eea588fcbd5a4?s=96&r=g\",\"contentUrl\":\"https:\\\/\\\/secure.gravatar.com\\\/avatar\\\/5db6df507cfe1307e192fbb498c6b85f1cf2ffd8b4cd37141b9eea588fcbd5a4?s=96&r=g\",\"caption\":\"Nacho Corro\"},\"description\":\"Comunicador Social, Periodista y Administraci\u00f3n P\u00fablica. Conversador pol\u00edtico, temas electorales y seguridad. Generador de contenidos digitales. Amante de la fotograf\u00eda\",\"sameAs\":[\"https:\\\/\\\/www.facebook.com\\\/jcorroherrera\\\/\",\"www.instagram.com\\\/nachocorro\\\/\",\"https:\\\/\\\/x.com\\\/Juan Ignacio Corro Herrera\"],\"url\":\"https:\\\/\\\/agencia.252.com.mx\\\/home\\\/author\\\/i-corro\\\/\"}]}<\/script>\n<!-- \/ Yoast SEO plugin. -->","yoast_head_json":{"title":"Cero Tolerancia a la violencia de g\u00e9nero en Huixquilucan\u00a0 - Agencia252","robots":{"index":"index","follow":"follow","max-snippet":"max-snippet:-1","max-image-preview":"max-image-preview:large","max-video-preview":"max-video-preview:-1"},"canonical":"https:\/\/agencia.252.com.mx\/home\/cero-tolerancia-a-la-violencia-de-genero-en-huixquilucan\/","og_locale":"es_ES","og_type":"article","og_title":"Cero Tolerancia a la violencia de g\u00e9nero en Huixquilucan\u00a0 - Agencia252","og_description":"Visitas: 9 Juan Ignacio Corro&nbsp; Huixquilucan, Estado de M\u00e9xico, a 8 de marzo&nbsp;de 2026 En el marco del D\u00eda Internacional de la Mujer, la presidenta municipal, Romina Contreras Carrasco, reafirm\u00f3 su compromiso con las huixquiluquenses de continuar con su pol\u00edtica de cero tolerancia a la violencia de g\u00e9nero, a trav\u00e9s de diversas acciones para fortalecer [&hellip;]","og_url":"https:\/\/agencia.252.com.mx\/home\/cero-tolerancia-a-la-violencia-de-genero-en-huixquilucan\/","og_site_name":"Agencia252","article_publisher":"https:\/\/www.facebook.com\/252Comunicacion\/","article_author":"https:\/\/www.facebook.com\/jcorroherrera\/","article_published_time":"2026-03-08T22:02:56+00:00","article_modified_time":"2026-03-08T22:03:22+00:00","og_image":[{"width":2560,"height":1707,"url":"http:\/\/agencia.252.com.mx\/wp-content\/uploads\/2026\/03\/Huixquilucan-Romina-Contreras-C-057-2026-3-scaled.jpg","type":"image\/jpeg"}],"author":"Nacho Corro","twitter_card":"summary_large_image","twitter_creator":"@Juan Ignacio Corro Herrera","twitter_site":"@252COMS","twitter_misc":{"Escrito por":"Nacho Corro","Tiempo de lectura":"4 minutos"},"schema":{"@context":"https:\/\/schema.org","@graph":[{"@type":"Article","@id":"https:\/\/agencia.252.com.mx\/home\/cero-tolerancia-a-la-violencia-de-genero-en-huixquilucan\/#article","isPartOf":{"@id":"https:\/\/agencia.252.com.mx\/home\/cero-tolerancia-a-la-violencia-de-genero-en-huixquilucan\/"},"author":{"name":"Nacho Corro","@id":"https:\/\/agencia.252.com.mx\/home\/#\/schema\/person\/6b972021e9a92d45ade8c78d81509098"},"headline":"Cero Tolerancia a la violencia de g\u00e9nero en Huixquilucan\u00a0","datePublished":"2026-03-08T22:02:56+00:00","dateModified":"2026-03-08T22:03:22+00:00","mainEntityOfPage":{"@id":"https:\/\/agencia.252.com.mx\/home\/cero-tolerancia-a-la-violencia-de-genero-en-huixquilucan\/"},"wordCount":863,"commentCount":0,"publisher":{"@id":"https:\/\/agencia.252.com.mx\/home\/#organization"},"image":{"@id":"https:\/\/agencia.252.com.mx\/home\/cero-tolerancia-a-la-violencia-de-genero-en-huixquilucan\/#primaryimage"},"thumbnailUrl":"https:\/\/agencia.252.com.mx\/wp-content\/uploads\/2026\/03\/Huixquilucan-Romina-Contreras-C-057-2026-3-scaled.jpg","keywords":["Edomex"],"articleSection":["Edomex","huixquilucan","Mujeres","Seguridad"],"inLanguage":"es","potentialAction":[{"@type":"CommentAction","name":"Comment","target":["https:\/\/agencia.252.com.mx\/home\/cero-tolerancia-a-la-violencia-de-genero-en-huixquilucan\/#respond"]}]},{"@type":"WebPage","@id":"https:\/\/agencia.252.com.mx\/home\/cero-tolerancia-a-la-violencia-de-genero-en-huixquilucan\/","url":"https:\/\/agencia.252.com.mx\/home\/cero-tolerancia-a-la-violencia-de-genero-en-huixquilucan\/","name":"Cero Tolerancia a la violencia de g\u00e9nero en Huixquilucan\u00a0 - Agencia252","isPartOf":{"@id":"https:\/\/agencia.252.com.mx\/home\/#website"},"primaryImageOfPage":{"@id":"https:\/\/agencia.252.com.mx\/home\/cero-tolerancia-a-la-violencia-de-genero-en-huixquilucan\/#primaryimage"},"image":{"@id":"https:\/\/agencia.252.com.mx\/home\/cero-tolerancia-a-la-violencia-de-genero-en-huixquilucan\/#primaryimage"},"thumbnailUrl":"https:\/\/agencia.252.com.mx\/wp-content\/uploads\/2026\/03\/Huixquilucan-Romina-Contreras-C-057-2026-3-scaled.jpg","datePublished":"2026-03-08T22:02:56+00:00","dateModified":"2026-03-08T22:03:22+00:00","breadcrumb":{"@id":"https:\/\/agencia.252.com.mx\/home\/cero-tolerancia-a-la-violencia-de-genero-en-huixquilucan\/#breadcrumb"},"inLanguage":"es","potentialAction":[{"@type":"ReadAction","target":["https:\/\/agencia.252.com.mx\/home\/cero-tolerancia-a-la-violencia-de-genero-en-huixquilucan\/"]}]},{"@type":"ImageObject","inLanguage":"es","@id":"https:\/\/agencia.252.com.mx\/home\/cero-tolerancia-a-la-violencia-de-genero-en-huixquilucan\/#primaryimage","url":"https:\/\/agencia.252.com.mx\/wp-content\/uploads\/2026\/03\/Huixquilucan-Romina-Contreras-C-057-2026-3-scaled.jpg","contentUrl":"https:\/\/agencia.252.com.mx\/wp-content\/uploads\/2026\/03\/Huixquilucan-Romina-Contreras-C-057-2026-3-scaled.jpg","width":2560,"height":1707},{"@type":"BreadcrumbList","@id":"https:\/\/agencia.252.com.mx\/home\/cero-tolerancia-a-la-violencia-de-genero-en-huixquilucan\/#breadcrumb","itemListElement":[{"@type":"ListItem","position":1,"name":"Portada","item":"https:\/\/agencia.252.com.mx\/home\/"},{"@type":"ListItem","position":2,"name":"Cero Tolerancia a la violencia de g\u00e9nero en Huixquilucan\u00a0"}]},{"@type":"WebSite","@id":"https:\/\/agencia.252.com.mx\/home\/#website","url":"https:\/\/agencia.252.com.mx\/home\/","name":"Agencia252","description":"Tu espacio en la Red","publisher":{"@id":"https:\/\/agencia.252.com.mx\/home\/#organization"},"potentialAction":[{"@type":"SearchAction","target":{"@type":"EntryPoint","urlTemplate":"https:\/\/agencia.252.com.mx\/home\/?s={search_term_string}"},"query-input":{"@type":"PropertyValueSpecification","valueRequired":true,"valueName":"search_term_string"}}],"inLanguage":"es"},{"@type":"Organization","@id":"https:\/\/agencia.252.com.mx\/home\/#organization","name":"Agencia252","url":"https:\/\/agencia.252.com.mx\/home\/","logo":{"@type":"ImageObject","inLanguage":"es","@id":"https:\/\/agencia.252.com.mx\/home\/#\/schema\/logo\/image\/","url":"https:\/\/agencia.252.com.mx\/wp-content\/uploads\/2023\/02\/cropped-ciruclo-agencia-e1677562404136.png","contentUrl":"https:\/\/agencia.252.com.mx\/wp-content\/uploads\/2023\/02\/cropped-ciruclo-agencia-e1677562404136.png","width":512,"height":512,"caption":"Agencia252"},"image":{"@id":"https:\/\/agencia.252.com.mx\/home\/#\/schema\/logo\/image\/"},"sameAs":["https:\/\/www.facebook.com\/252Comunicacion\/","https:\/\/x.com\/252COMS"]},{"@type":"Person","@id":"https:\/\/agencia.252.com.mx\/home\/#\/schema\/person\/6b972021e9a92d45ade8c78d81509098","name":"Nacho Corro","image":{"@type":"ImageObject","inLanguage":"es","@id":"https:\/\/secure.gravatar.com\/avatar\/5db6df507cfe1307e192fbb498c6b85f1cf2ffd8b4cd37141b9eea588fcbd5a4?s=96&r=g","url":"https:\/\/secure.gravatar.com\/avatar\/5db6df507cfe1307e192fbb498c6b85f1cf2ffd8b4cd37141b9eea588fcbd5a4?s=96&r=g","contentUrl":"https:\/\/secure.gravatar.com\/avatar\/5db6df507cfe1307e192fbb498c6b85f1cf2ffd8b4cd37141b9eea588fcbd5a4?s=96&r=g","caption":"Nacho Corro"},"description":"Comunicador Social, Periodista y Administraci\u00f3n P\u00fablica. Conversador pol\u00edtico, temas electorales y seguridad. Generador de contenidos digitales. Amante de la fotograf\u00eda","sameAs":["https:\/\/www.facebook.com\/jcorroherrera\/","www.instagram.com\/nachocorro\/","https:\/\/x.com\/Juan Ignacio Corro Herrera"],"url":"https:\/\/agencia.252.com.mx\/home\/author\/i-corro\/"}]}},"_links":{"self":[{"href":"https:\/\/agencia.252.com.mx\/home\/wp-json\/wp\/v2\/posts\/16731","targetHints":{"allow":["GET"]}}],"collection":[{"href":"https:\/\/agencia.252.com.mx\/home\/wp-json\/wp\/v2\/posts"}],"about":[{"href":"https:\/\/agencia.252.com.mx\/home\/wp-json\/wp\/v2\/types\/post"}],"author":[{"embeddable":true,"href":"https:\/\/agencia.252.com.mx\/home\/wp-json\/wp\/v2\/users\/5"}],"replies":[{"embeddable":true,"href":"https:\/\/agencia.252.com.mx\/home\/wp-json\/wp\/v2\/comments?post=16731"}],"version-history":[{"count":1,"href":"https:\/\/agencia.252.com.mx\/home\/wp-json\/wp\/v2\/posts\/16731\/revisions"}],"predecessor-version":[{"id":16736,"href":"https:\/\/agencia.252.com.mx\/home\/wp-json\/wp\/v2\/posts\/16731\/revisions\/16736"}],"wp:featuredmedia":[{"embeddable":true,"href":"https:\/\/agencia.252.com.mx\/home\/wp-json\/wp\/v2\/media\/16733"}],"wp:attachment":[{"href":"https:\/\/agencia.252.com.mx\/home\/wp-json\/wp\/v2\/media?parent=16731"}],"wp:term":[{"taxonomy":"category","embeddable":true,"href":"https:\/\/agencia.252.com.mx\/home\/wp-json\/wp\/v2\/categories?post=16731"},{"taxonomy":"post_tag","embeddable":true,"href":"https:\/\/agencia.252.com.mx\/home\/wp-json\/wp\/v2\/tags?post=16731"}],"curies":[{"name":"wp","href":"https:\/\/api.w.org\/{rel}","templated":true}]}}