{"id":16727,"date":"2026-03-08T15:44:28","date_gmt":"2026-03-08T21:44:28","guid":{"rendered":"https:\/\/agencia.252.com.mx\/home\/?p=16727"},"modified":"2026-03-08T15:44:28","modified_gmt":"2026-03-08T21:44:28","slug":"ecatepec-se-prepara-para-enfrentar-la-temporada-de-calor","status":"publish","type":"post","link":"https:\/\/agencia.252.com.mx\/home\/ecatepec-se-prepara-para-enfrentar-la-temporada-de-calor\/","title":{"rendered":"Ecatepec se prepara para enfrentar la temporada de calor"},"content":{"rendered":"<p>Visitas: 9<\/p>\n<ul class=\"wp-block-list\">\n<li><em>Refuerza acciones para prevenir y atender incendios forestales<\/em><\/li>\n\n\n\n<li><em>Primera sesi\u00f3n ordinaria del Consejo Municipal de Protecci\u00f3n Civil<\/em><\/li>\n<\/ul>\n\n\n\n<p><em>Juan Ignacio Corro&nbsp;<\/em><\/p>\n\n\n\n<p class=\"has-text-align-right\">Ecatepec, Estado de M\u00e9xico, a 8 de marzo&nbsp;de 2026<\/p>\n\n\n\n<p>El Consejo Municipal de Protecci\u00f3n Civil de Ecatepec aprob\u00f3 el Programa para la temporada de calor y la integraci\u00f3n del Subcomit\u00e9 municipal de manejo del fuego, el primero de ellos que contempla acciones para prevenir y atender riesgos, as\u00ed como garantizar la seguridad de la poblaci\u00f3n, sobre todo por incendios forestales.<\/p>\n\n\n\n<p>A su vez, Faustino de la Cruz P\u00e9rez, secretario del Ayuntamiento, alert\u00f3 que se espera una \u00e9poca de intenso calor, por lo que tiraderos y empresas clandestinas constituyen puntos de riesgo, pues no cumplen las normas de seguridad en la materia.<\/p>\n\n\n\n<figure class=\"wp-block-image size-large\"><img fetchpriority=\"high\" decoding=\"async\" width=\"1024\" height=\"768\" src=\"http:\/\/agencia.252.com.mx\/wp-content\/uploads\/2026\/03\/WhatsApp-Image-2026-03-08-at-10.21.20-AM-1024x768.jpeg\" alt=\"\" class=\"wp-image-16728\" srcset=\"https:\/\/agencia.252.com.mx\/wp-content\/uploads\/2026\/03\/WhatsApp-Image-2026-03-08-at-10.21.20-AM-1024x768.jpeg 1024w, https:\/\/agencia.252.com.mx\/wp-content\/uploads\/2026\/03\/WhatsApp-Image-2026-03-08-at-10.21.20-AM-300x225.jpeg 300w, https:\/\/agencia.252.com.mx\/wp-content\/uploads\/2026\/03\/WhatsApp-Image-2026-03-08-at-10.21.20-AM-768x576.jpeg 768w, https:\/\/agencia.252.com.mx\/wp-content\/uploads\/2026\/03\/WhatsApp-Image-2026-03-08-at-10.21.20-AM-1536x1152.jpeg 1536w, https:\/\/agencia.252.com.mx\/wp-content\/uploads\/2026\/03\/WhatsApp-Image-2026-03-08-at-10.21.20-AM.jpeg 1600w\" sizes=\"(max-width: 1024px) 100vw, 1024px\" \/><\/figure>\n\n\n\n<p>En mensaje dirigido a la poblaci\u00f3n, detall\u00f3 que la alcaldesa Azucena Cisneros Coss pidi\u00f3 reforzar las medidas para prevenir siniestros que pudieran poner en riesgo a la comunidad; record\u00f3 que en 2025 Ecatepec registr\u00f3 71 incendios en basureros clandestinos y cinco en empresas tambi\u00e9n irregulares, sofocados oportunamente por elementos de Protecci\u00f3n Civil y Bombero, a veces con apoyo de otras corporaciones.<\/p>\n\n\n\n<p>En la primera sesi\u00f3n ordinaria de 2026 del Consejo Municipal de Protecci\u00f3n Civil, Juan Jes\u00fas Clara Gonz\u00e1lez, director de Protecci\u00f3n Civil y Bomberos de Ecatepec, destac\u00f3 que durante la temporada de calor el municipio enfrenta condiciones ambientales cr\u00edticas, particularmente en la Sierra de Guadalupe, afectada de manera recurrente por incendios.<\/p>\n\n\n\n<p>Edgar Guti\u00e9rrez, subdirector operativo de Protecci\u00f3n Civil y Bomberos, inform\u00f3 que el a\u00f1o pasado se registraron en Ecatepec 595 incendios forestales, en tanto que en enero y febrero de este a\u00f1o suman 216.<\/p>\n\n\n\n<p>Dijo que los incendios forestales afectan principalmente pastizales y matorrales en cerros, barrancas y ca\u00f1adas, sobre todo de la Sierra de Guadalupe y colonias colindantes, como Lomas de Tepeolulco, Tablas del Pozo y Hank Gonz\u00e1lez, entre otras.<\/p>\n\n\n\n<p>Expres\u00f3 que la intervenci\u00f3n oportuna y coordinada de Protecci\u00f3n Civil y Bomberos, con apoyo de corporaciones de otros municipios e incluso de la Ciudad de M\u00e9xico, as\u00ed como de la Comisi\u00f3n Nacional Forestal, evit\u00f3 da\u00f1os a viviendas y a la poblaci\u00f3n, pero \u201cestos esfuerzos reactivos deben fortalecerse mediante acciones preventivas m\u00e1s s\u00f3lidas y permanentes\u201d.<\/p>\n\n\n\n<p>Agreg\u00f3: \u201ces importante se\u00f1alar que parte significativa de estos incendios tiene su origen en actividades humanas evitables, como la quema de basura, las quemas irregulares y la falta de conciencia sobre el manejo responsable del entorno natural. Por ello, el objetivo central de esta sesi\u00f3n es reforzar las estrategias de mitigaci\u00f3n del estiaje, priorizando la prevenci\u00f3n, la vigilancia continua, la denuncia oportuna y la participaci\u00f3n ciudadana\u201d.<\/p>\n\n\n\n<p>Los integrantes del citado Consejo igualmente aprobaron la integraci\u00f3n del Subcomit\u00e9 municipal de manejo del fuego, que es una brigada de prevenci\u00f3n y manejo de incendios forestales, as\u00ed como de gesti\u00f3n para capacitaci\u00f3n al respecto, en coordinaci\u00f3n con instancias estatales y federales; tambi\u00e9n se rindi\u00f3 un informe sobre zonas de riesgo en Ecatepec.<\/p>\n","protected":false},"excerpt":{"rendered":"<p>Visitas: 9 Juan Ignacio Corro&nbsp; Ecatepec, Estado de M\u00e9xico, a 8 de marzo&nbsp;de 2026 El Consejo Municipal de Protecci\u00f3n Civil de Ecatepec aprob\u00f3 el Programa para la temporada de calor y la integraci\u00f3n del Subcomit\u00e9 municipal de manejo del fuego, el primero de ellos que contempla acciones para prevenir y atender riesgos, as\u00ed como garantizar [&hellip;]<\/p>\n","protected":false},"author":5,"featured_media":16729,"comment_status":"open","ping_status":"open","sticky":false,"template":"","format":"standard","meta":{"site-sidebar-layout":"default","site-content-layout":"","ast-site-content-layout":"default","site-content-style":"default","site-sidebar-style":"default","ast-global-header-display":"","ast-banner-title-visibility":"","ast-main-header-display":"","ast-hfb-above-header-display":"","ast-hfb-below-header-display":"","ast-hfb-mobile-header-display":"","site-post-title":"","ast-breadcrumbs-content":"","ast-featured-img":"","footer-sml-layout":"","ast-disable-related-posts":"","theme-transparent-header-meta":"","adv-header-id-meta":"","stick-header-meta":"","header-above-stick-meta":"","header-main-stick-meta":"","header-below-stick-meta":"","astra-migrate-meta-layouts":"set","ast-page-background-enabled":"default","ast-page-background-meta":{"desktop":{"background-color":"var(--ast-global-color-4)","background-image":"","background-repeat":"repeat","background-position":"center center","background-size":"auto","background-attachment":"scroll","background-type":"","background-media":"","overlay-type":"","overlay-color":"","overlay-opacity":"","overlay-gradient":""},"tablet":{"background-color":"","background-image":"","background-repeat":"repeat","background-position":"center center","background-size":"auto","background-attachment":"scroll","background-type":"","background-media":"","overlay-type":"","overlay-color":"","overlay-opacity":"","overlay-gradient":""},"mobile":{"background-color":"","background-image":"","background-repeat":"repeat","background-position":"center center","background-size":"auto","background-attachment":"scroll","background-type":"","background-media":"","overlay-type":"","overlay-color":"","overlay-opacity":"","overlay-gradient":""}},"ast-content-background-meta":{"desktop":{"background-color":"var(--ast-global-color-5)","background-image":"","background-repeat":"repeat","background-position":"center center","background-size":"auto","background-attachment":"scroll","background-type":"","background-media":"","overlay-type":"","overlay-color":"","overlay-opacity":"","overlay-gradient":""},"tablet":{"background-color":"var(--ast-global-color-5)","background-image":"","background-repeat":"repeat","background-position":"center center","background-size":"auto","background-attachment":"scroll","background-type":"","background-media":"","overlay-type":"","overlay-color":"","overlay-opacity":"","overlay-gradient":""},"mobile":{"background-color":"var(--ast-global-color-5)","background-image":"","background-repeat":"repeat","background-position":"center center","background-size":"auto","background-attachment":"scroll","background-type":"","background-media":"","overlay-type":"","overlay-color":"","overlay-opacity":"","overlay-gradient":""}},"footnotes":""},"categories":[38,8,572,68],"tags":[526],"class_list":["post-16727","post","type-post","status-publish","format-standard","has-post-thumbnail","hentry","category-ecatepec","category-edomex","category-emergencias","category-seguridad","tag-edomex"],"yoast_head":"<!-- This site is optimized with the Yoast SEO plugin v27.4 - https:\/\/yoast.com\/product\/yoast-seo-wordpress\/ -->\n<title>Ecatepec se prepara para enfrentar la temporada de calor - Agencia252<\/title>\n<meta name=\"robots\" content=\"index, follow, max-snippet:-1, max-image-preview:large, max-video-preview:-1\" \/>\n<link rel=\"canonical\" href=\"https:\/\/agencia.252.com.mx\/home\/ecatepec-se-prepara-para-enfrentar-la-temporada-de-calor\/\" \/>\n<meta property=\"og:locale\" content=\"es_ES\" \/>\n<meta property=\"og:type\" content=\"article\" \/>\n<meta property=\"og:title\" content=\"Ecatepec se prepara para enfrentar la temporada de calor - Agencia252\" \/>\n<meta property=\"og:description\" content=\"Visitas: 9 Juan Ignacio Corro&nbsp; Ecatepec, Estado de M\u00e9xico, a 8 de marzo&nbsp;de 2026 El Consejo Municipal de Protecci\u00f3n Civil de Ecatepec aprob\u00f3 el Programa para la temporada de calor y la integraci\u00f3n del Subcomit\u00e9 municipal de manejo del fuego, el primero de ellos que contempla acciones para prevenir y atender riesgos, as\u00ed como garantizar [&hellip;]\" \/>\n<meta property=\"og:url\" content=\"https:\/\/agencia.252.com.mx\/home\/ecatepec-se-prepara-para-enfrentar-la-temporada-de-calor\/\" \/>\n<meta property=\"og:site_name\" content=\"Agencia252\" \/>\n<meta property=\"article:publisher\" content=\"https:\/\/www.facebook.com\/252Comunicacion\/\" \/>\n<meta property=\"article:author\" content=\"https:\/\/www.facebook.com\/jcorroherrera\/\" \/>\n<meta property=\"article:published_time\" content=\"2026-03-08T21:44:28+00:00\" \/>\n<meta property=\"og:image\" content=\"http:\/\/agencia.252.com.mx\/wp-content\/uploads\/2026\/03\/WhatsApp-Image-2026-03-08-at-10.21.21-AM.jpeg\" \/>\n\t<meta property=\"og:image:width\" content=\"1280\" \/>\n\t<meta property=\"og:image:height\" content=\"960\" \/>\n\t<meta property=\"og:image:type\" content=\"image\/jpeg\" \/>\n<meta name=\"author\" content=\"Nacho Corro\" \/>\n<meta name=\"twitter:card\" content=\"summary_large_image\" \/>\n<meta name=\"twitter:creator\" content=\"@Juan Ignacio Corro Herrera\" \/>\n<meta name=\"twitter:site\" content=\"@252COMS\" \/>\n<meta name=\"twitter:label1\" content=\"Escrito por\" \/>\n\t<meta name=\"twitter:data1\" content=\"Nacho Corro\" \/>\n\t<meta name=\"twitter:label2\" content=\"Tiempo de lectura\" \/>\n\t<meta name=\"twitter:data2\" content=\"3 minutos\" \/>\n<script type=\"application\/ld+json\" class=\"yoast-schema-graph\">{\"@context\":\"https:\\\/\\\/schema.org\",\"@graph\":[{\"@type\":\"Article\",\"@id\":\"https:\\\/\\\/agencia.252.com.mx\\\/home\\\/ecatepec-se-prepara-para-enfrentar-la-temporada-de-calor\\\/#article\",\"isPartOf\":{\"@id\":\"https:\\\/\\\/agencia.252.com.mx\\\/home\\\/ecatepec-se-prepara-para-enfrentar-la-temporada-de-calor\\\/\"},\"author\":{\"name\":\"Nacho Corro\",\"@id\":\"https:\\\/\\\/agencia.252.com.mx\\\/home\\\/#\\\/schema\\\/person\\\/6b972021e9a92d45ade8c78d81509098\"},\"headline\":\"Ecatepec se prepara para enfrentar la temporada de calor\",\"datePublished\":\"2026-03-08T21:44:28+00:00\",\"mainEntityOfPage\":{\"@id\":\"https:\\\/\\\/agencia.252.com.mx\\\/home\\\/ecatepec-se-prepara-para-enfrentar-la-temporada-de-calor\\\/\"},\"wordCount\":521,\"commentCount\":0,\"publisher\":{\"@id\":\"https:\\\/\\\/agencia.252.com.mx\\\/home\\\/#organization\"},\"image\":{\"@id\":\"https:\\\/\\\/agencia.252.com.mx\\\/home\\\/ecatepec-se-prepara-para-enfrentar-la-temporada-de-calor\\\/#primaryimage\"},\"thumbnailUrl\":\"https:\\\/\\\/agencia.252.com.mx\\\/wp-content\\\/uploads\\\/2026\\\/03\\\/WhatsApp-Image-2026-03-08-at-10.21.21-AM.jpeg\",\"keywords\":[\"Edomex\"],\"articleSection\":[\"Ecatepec\",\"Edomex\",\"Emergencias\",\"Seguridad\"],\"inLanguage\":\"es\",\"potentialAction\":[{\"@type\":\"CommentAction\",\"name\":\"Comment\",\"target\":[\"https:\\\/\\\/agencia.252.com.mx\\\/home\\\/ecatepec-se-prepara-para-enfrentar-la-temporada-de-calor\\\/#respond\"]}]},{\"@type\":\"WebPage\",\"@id\":\"https:\\\/\\\/agencia.252.com.mx\\\/home\\\/ecatepec-se-prepara-para-enfrentar-la-temporada-de-calor\\\/\",\"url\":\"https:\\\/\\\/agencia.252.com.mx\\\/home\\\/ecatepec-se-prepara-para-enfrentar-la-temporada-de-calor\\\/\",\"name\":\"Ecatepec se prepara para enfrentar la temporada de calor - Agencia252\",\"isPartOf\":{\"@id\":\"https:\\\/\\\/agencia.252.com.mx\\\/home\\\/#website\"},\"primaryImageOfPage\":{\"@id\":\"https:\\\/\\\/agencia.252.com.mx\\\/home\\\/ecatepec-se-prepara-para-enfrentar-la-temporada-de-calor\\\/#primaryimage\"},\"image\":{\"@id\":\"https:\\\/\\\/agencia.252.com.mx\\\/home\\\/ecatepec-se-prepara-para-enfrentar-la-temporada-de-calor\\\/#primaryimage\"},\"thumbnailUrl\":\"https:\\\/\\\/agencia.252.com.mx\\\/wp-content\\\/uploads\\\/2026\\\/03\\\/WhatsApp-Image-2026-03-08-at-10.21.21-AM.jpeg\",\"datePublished\":\"2026-03-08T21:44:28+00:00\",\"breadcrumb\":{\"@id\":\"https:\\\/\\\/agencia.252.com.mx\\\/home\\\/ecatepec-se-prepara-para-enfrentar-la-temporada-de-calor\\\/#breadcrumb\"},\"inLanguage\":\"es\",\"potentialAction\":[{\"@type\":\"ReadAction\",\"target\":[\"https:\\\/\\\/agencia.252.com.mx\\\/home\\\/ecatepec-se-prepara-para-enfrentar-la-temporada-de-calor\\\/\"]}]},{\"@type\":\"ImageObject\",\"inLanguage\":\"es\",\"@id\":\"https:\\\/\\\/agencia.252.com.mx\\\/home\\\/ecatepec-se-prepara-para-enfrentar-la-temporada-de-calor\\\/#primaryimage\",\"url\":\"https:\\\/\\\/agencia.252.com.mx\\\/wp-content\\\/uploads\\\/2026\\\/03\\\/WhatsApp-Image-2026-03-08-at-10.21.21-AM.jpeg\",\"contentUrl\":\"https:\\\/\\\/agencia.252.com.mx\\\/wp-content\\\/uploads\\\/2026\\\/03\\\/WhatsApp-Image-2026-03-08-at-10.21.21-AM.jpeg\",\"width\":1280,\"height\":960},{\"@type\":\"BreadcrumbList\",\"@id\":\"https:\\\/\\\/agencia.252.com.mx\\\/home\\\/ecatepec-se-prepara-para-enfrentar-la-temporada-de-calor\\\/#breadcrumb\",\"itemListElement\":[{\"@type\":\"ListItem\",\"position\":1,\"name\":\"Portada\",\"item\":\"https:\\\/\\\/agencia.252.com.mx\\\/home\\\/\"},{\"@type\":\"ListItem\",\"position\":2,\"name\":\"Ecatepec se prepara para enfrentar la temporada de calor\"}]},{\"@type\":\"WebSite\",\"@id\":\"https:\\\/\\\/agencia.252.com.mx\\\/home\\\/#website\",\"url\":\"https:\\\/\\\/agencia.252.com.mx\\\/home\\\/\",\"name\":\"Agencia252\",\"description\":\"Tu espacio en la Red\",\"publisher\":{\"@id\":\"https:\\\/\\\/agencia.252.com.mx\\\/home\\\/#organization\"},\"potentialAction\":[{\"@type\":\"SearchAction\",\"target\":{\"@type\":\"EntryPoint\",\"urlTemplate\":\"https:\\\/\\\/agencia.252.com.mx\\\/home\\\/?s={search_term_string}\"},\"query-input\":{\"@type\":\"PropertyValueSpecification\",\"valueRequired\":true,\"valueName\":\"search_term_string\"}}],\"inLanguage\":\"es\"},{\"@type\":\"Organization\",\"@id\":\"https:\\\/\\\/agencia.252.com.mx\\\/home\\\/#organization\",\"name\":\"Agencia252\",\"url\":\"https:\\\/\\\/agencia.252.com.mx\\\/home\\\/\",\"logo\":{\"@type\":\"ImageObject\",\"inLanguage\":\"es\",\"@id\":\"https:\\\/\\\/agencia.252.com.mx\\\/home\\\/#\\\/schema\\\/logo\\\/image\\\/\",\"url\":\"https:\\\/\\\/agencia.252.com.mx\\\/wp-content\\\/uploads\\\/2023\\\/02\\\/cropped-ciruclo-agencia-e1677562404136.png\",\"contentUrl\":\"https:\\\/\\\/agencia.252.com.mx\\\/wp-content\\\/uploads\\\/2023\\\/02\\\/cropped-ciruclo-agencia-e1677562404136.png\",\"width\":512,\"height\":512,\"caption\":\"Agencia252\"},\"image\":{\"@id\":\"https:\\\/\\\/agencia.252.com.mx\\\/home\\\/#\\\/schema\\\/logo\\\/image\\\/\"},\"sameAs\":[\"https:\\\/\\\/www.facebook.com\\\/252Comunicacion\\\/\",\"https:\\\/\\\/x.com\\\/252COMS\"]},{\"@type\":\"Person\",\"@id\":\"https:\\\/\\\/agencia.252.com.mx\\\/home\\\/#\\\/schema\\\/person\\\/6b972021e9a92d45ade8c78d81509098\",\"name\":\"Nacho Corro\",\"image\":{\"@type\":\"ImageObject\",\"inLanguage\":\"es\",\"@id\":\"https:\\\/\\\/secure.gravatar.com\\\/avatar\\\/5db6df507cfe1307e192fbb498c6b85f1cf2ffd8b4cd37141b9eea588fcbd5a4?s=96&r=g\",\"url\":\"https:\\\/\\\/secure.gravatar.com\\\/avatar\\\/5db6df507cfe1307e192fbb498c6b85f1cf2ffd8b4cd37141b9eea588fcbd5a4?s=96&r=g\",\"contentUrl\":\"https:\\\/\\\/secure.gravatar.com\\\/avatar\\\/5db6df507cfe1307e192fbb498c6b85f1cf2ffd8b4cd37141b9eea588fcbd5a4?s=96&r=g\",\"caption\":\"Nacho Corro\"},\"description\":\"Comunicador Social, Periodista y Administraci\u00f3n P\u00fablica. Conversador pol\u00edtico, temas electorales y seguridad. Generador de contenidos digitales. Amante de la fotograf\u00eda\",\"sameAs\":[\"https:\\\/\\\/www.facebook.com\\\/jcorroherrera\\\/\",\"www.instagram.com\\\/nachocorro\\\/\",\"https:\\\/\\\/x.com\\\/Juan Ignacio Corro Herrera\"],\"url\":\"https:\\\/\\\/agencia.252.com.mx\\\/home\\\/author\\\/i-corro\\\/\"}]}<\/script>\n<!-- \/ Yoast SEO plugin. -->","yoast_head_json":{"title":"Ecatepec se prepara para enfrentar la temporada de calor - Agencia252","robots":{"index":"index","follow":"follow","max-snippet":"max-snippet:-1","max-image-preview":"max-image-preview:large","max-video-preview":"max-video-preview:-1"},"canonical":"https:\/\/agencia.252.com.mx\/home\/ecatepec-se-prepara-para-enfrentar-la-temporada-de-calor\/","og_locale":"es_ES","og_type":"article","og_title":"Ecatepec se prepara para enfrentar la temporada de calor - Agencia252","og_description":"Visitas: 9 Juan Ignacio Corro&nbsp; Ecatepec, Estado de M\u00e9xico, a 8 de marzo&nbsp;de 2026 El Consejo Municipal de Protecci\u00f3n Civil de Ecatepec aprob\u00f3 el Programa para la temporada de calor y la integraci\u00f3n del Subcomit\u00e9 municipal de manejo del fuego, el primero de ellos que contempla acciones para prevenir y atender riesgos, as\u00ed como garantizar [&hellip;]","og_url":"https:\/\/agencia.252.com.mx\/home\/ecatepec-se-prepara-para-enfrentar-la-temporada-de-calor\/","og_site_name":"Agencia252","article_publisher":"https:\/\/www.facebook.com\/252Comunicacion\/","article_author":"https:\/\/www.facebook.com\/jcorroherrera\/","article_published_time":"2026-03-08T21:44:28+00:00","og_image":[{"width":1280,"height":960,"url":"http:\/\/agencia.252.com.mx\/wp-content\/uploads\/2026\/03\/WhatsApp-Image-2026-03-08-at-10.21.21-AM.jpeg","type":"image\/jpeg"}],"author":"Nacho Corro","twitter_card":"summary_large_image","twitter_creator":"@Juan Ignacio Corro Herrera","twitter_site":"@252COMS","twitter_misc":{"Escrito por":"Nacho Corro","Tiempo de lectura":"3 minutos"},"schema":{"@context":"https:\/\/schema.org","@graph":[{"@type":"Article","@id":"https:\/\/agencia.252.com.mx\/home\/ecatepec-se-prepara-para-enfrentar-la-temporada-de-calor\/#article","isPartOf":{"@id":"https:\/\/agencia.252.com.mx\/home\/ecatepec-se-prepara-para-enfrentar-la-temporada-de-calor\/"},"author":{"name":"Nacho Corro","@id":"https:\/\/agencia.252.com.mx\/home\/#\/schema\/person\/6b972021e9a92d45ade8c78d81509098"},"headline":"Ecatepec se prepara para enfrentar la temporada de calor","datePublished":"2026-03-08T21:44:28+00:00","mainEntityOfPage":{"@id":"https:\/\/agencia.252.com.mx\/home\/ecatepec-se-prepara-para-enfrentar-la-temporada-de-calor\/"},"wordCount":521,"commentCount":0,"publisher":{"@id":"https:\/\/agencia.252.com.mx\/home\/#organization"},"image":{"@id":"https:\/\/agencia.252.com.mx\/home\/ecatepec-se-prepara-para-enfrentar-la-temporada-de-calor\/#primaryimage"},"thumbnailUrl":"https:\/\/agencia.252.com.mx\/wp-content\/uploads\/2026\/03\/WhatsApp-Image-2026-03-08-at-10.21.21-AM.jpeg","keywords":["Edomex"],"articleSection":["Ecatepec","Edomex","Emergencias","Seguridad"],"inLanguage":"es","potentialAction":[{"@type":"CommentAction","name":"Comment","target":["https:\/\/agencia.252.com.mx\/home\/ecatepec-se-prepara-para-enfrentar-la-temporada-de-calor\/#respond"]}]},{"@type":"WebPage","@id":"https:\/\/agencia.252.com.mx\/home\/ecatepec-se-prepara-para-enfrentar-la-temporada-de-calor\/","url":"https:\/\/agencia.252.com.mx\/home\/ecatepec-se-prepara-para-enfrentar-la-temporada-de-calor\/","name":"Ecatepec se prepara para enfrentar la temporada de calor - Agencia252","isPartOf":{"@id":"https:\/\/agencia.252.com.mx\/home\/#website"},"primaryImageOfPage":{"@id":"https:\/\/agencia.252.com.mx\/home\/ecatepec-se-prepara-para-enfrentar-la-temporada-de-calor\/#primaryimage"},"image":{"@id":"https:\/\/agencia.252.com.mx\/home\/ecatepec-se-prepara-para-enfrentar-la-temporada-de-calor\/#primaryimage"},"thumbnailUrl":"https:\/\/agencia.252.com.mx\/wp-content\/uploads\/2026\/03\/WhatsApp-Image-2026-03-08-at-10.21.21-AM.jpeg","datePublished":"2026-03-08T21:44:28+00:00","breadcrumb":{"@id":"https:\/\/agencia.252.com.mx\/home\/ecatepec-se-prepara-para-enfrentar-la-temporada-de-calor\/#breadcrumb"},"inLanguage":"es","potentialAction":[{"@type":"ReadAction","target":["https:\/\/agencia.252.com.mx\/home\/ecatepec-se-prepara-para-enfrentar-la-temporada-de-calor\/"]}]},{"@type":"ImageObject","inLanguage":"es","@id":"https:\/\/agencia.252.com.mx\/home\/ecatepec-se-prepara-para-enfrentar-la-temporada-de-calor\/#primaryimage","url":"https:\/\/agencia.252.com.mx\/wp-content\/uploads\/2026\/03\/WhatsApp-Image-2026-03-08-at-10.21.21-AM.jpeg","contentUrl":"https:\/\/agencia.252.com.mx\/wp-content\/uploads\/2026\/03\/WhatsApp-Image-2026-03-08-at-10.21.21-AM.jpeg","width":1280,"height":960},{"@type":"BreadcrumbList","@id":"https:\/\/agencia.252.com.mx\/home\/ecatepec-se-prepara-para-enfrentar-la-temporada-de-calor\/#breadcrumb","itemListElement":[{"@type":"ListItem","position":1,"name":"Portada","item":"https:\/\/agencia.252.com.mx\/home\/"},{"@type":"ListItem","position":2,"name":"Ecatepec se prepara para enfrentar la temporada de calor"}]},{"@type":"WebSite","@id":"https:\/\/agencia.252.com.mx\/home\/#website","url":"https:\/\/agencia.252.com.mx\/home\/","name":"Agencia252","description":"Tu espacio en la Red","publisher":{"@id":"https:\/\/agencia.252.com.mx\/home\/#organization"},"potentialAction":[{"@type":"SearchAction","target":{"@type":"EntryPoint","urlTemplate":"https:\/\/agencia.252.com.mx\/home\/?s={search_term_string}"},"query-input":{"@type":"PropertyValueSpecification","valueRequired":true,"valueName":"search_term_string"}}],"inLanguage":"es"},{"@type":"Organization","@id":"https:\/\/agencia.252.com.mx\/home\/#organization","name":"Agencia252","url":"https:\/\/agencia.252.com.mx\/home\/","logo":{"@type":"ImageObject","inLanguage":"es","@id":"https:\/\/agencia.252.com.mx\/home\/#\/schema\/logo\/image\/","url":"https:\/\/agencia.252.com.mx\/wp-content\/uploads\/2023\/02\/cropped-ciruclo-agencia-e1677562404136.png","contentUrl":"https:\/\/agencia.252.com.mx\/wp-content\/uploads\/2023\/02\/cropped-ciruclo-agencia-e1677562404136.png","width":512,"height":512,"caption":"Agencia252"},"image":{"@id":"https:\/\/agencia.252.com.mx\/home\/#\/schema\/logo\/image\/"},"sameAs":["https:\/\/www.facebook.com\/252Comunicacion\/","https:\/\/x.com\/252COMS"]},{"@type":"Person","@id":"https:\/\/agencia.252.com.mx\/home\/#\/schema\/person\/6b972021e9a92d45ade8c78d81509098","name":"Nacho Corro","image":{"@type":"ImageObject","inLanguage":"es","@id":"https:\/\/secure.gravatar.com\/avatar\/5db6df507cfe1307e192fbb498c6b85f1cf2ffd8b4cd37141b9eea588fcbd5a4?s=96&r=g","url":"https:\/\/secure.gravatar.com\/avatar\/5db6df507cfe1307e192fbb498c6b85f1cf2ffd8b4cd37141b9eea588fcbd5a4?s=96&r=g","contentUrl":"https:\/\/secure.gravatar.com\/avatar\/5db6df507cfe1307e192fbb498c6b85f1cf2ffd8b4cd37141b9eea588fcbd5a4?s=96&r=g","caption":"Nacho Corro"},"description":"Comunicador Social, Periodista y Administraci\u00f3n P\u00fablica. Conversador pol\u00edtico, temas electorales y seguridad. Generador de contenidos digitales. Amante de la fotograf\u00eda","sameAs":["https:\/\/www.facebook.com\/jcorroherrera\/","www.instagram.com\/nachocorro\/","https:\/\/x.com\/Juan Ignacio Corro Herrera"],"url":"https:\/\/agencia.252.com.mx\/home\/author\/i-corro\/"}]}},"_links":{"self":[{"href":"https:\/\/agencia.252.com.mx\/home\/wp-json\/wp\/v2\/posts\/16727","targetHints":{"allow":["GET"]}}],"collection":[{"href":"https:\/\/agencia.252.com.mx\/home\/wp-json\/wp\/v2\/posts"}],"about":[{"href":"https:\/\/agencia.252.com.mx\/home\/wp-json\/wp\/v2\/types\/post"}],"author":[{"embeddable":true,"href":"https:\/\/agencia.252.com.mx\/home\/wp-json\/wp\/v2\/users\/5"}],"replies":[{"embeddable":true,"href":"https:\/\/agencia.252.com.mx\/home\/wp-json\/wp\/v2\/comments?post=16727"}],"version-history":[{"count":1,"href":"https:\/\/agencia.252.com.mx\/home\/wp-json\/wp\/v2\/posts\/16727\/revisions"}],"predecessor-version":[{"id":16730,"href":"https:\/\/agencia.252.com.mx\/home\/wp-json\/wp\/v2\/posts\/16727\/revisions\/16730"}],"wp:featuredmedia":[{"embeddable":true,"href":"https:\/\/agencia.252.com.mx\/home\/wp-json\/wp\/v2\/media\/16729"}],"wp:attachment":[{"href":"https:\/\/agencia.252.com.mx\/home\/wp-json\/wp\/v2\/media?parent=16727"}],"wp:term":[{"taxonomy":"category","embeddable":true,"href":"https:\/\/agencia.252.com.mx\/home\/wp-json\/wp\/v2\/categories?post=16727"},{"taxonomy":"post_tag","embeddable":true,"href":"https:\/\/agencia.252.com.mx\/home\/wp-json\/wp\/v2\/tags?post=16727"}],"curies":[{"name":"wp","href":"https:\/\/api.w.org\/{rel}","templated":true}]}}