{"id":16725,"date":"2026-03-08T15:30:38","date_gmt":"2026-03-08T21:30:38","guid":{"rendered":"https:\/\/agencia.252.com.mx\/home\/?p=16725"},"modified":"2026-03-08T15:30:39","modified_gmt":"2026-03-08T21:30:39","slug":"avanza-congreso-del-edomex-en-proteccion-y-derechos-de-las-mujeres","status":"publish","type":"post","link":"https:\/\/agencia.252.com.mx\/home\/avanza-congreso-del-edomex-en-proteccion-y-derechos-de-las-mujeres\/","title":{"rendered":"Avanza Congreso del Edomex en protecci\u00f3n y derechos de las mujeres"},"content":{"rendered":"<p>Visitas: 8<\/p>\n<ul class=\"wp-block-list\">\n<li>La LXII Legislatura mexiquense se ha caracterizado por impulsar acciones para derribar las barreras estructurales que impiden la igualdad ante la justicia, con leyes que promueven la equidad, igualdad de g\u00e9nero y no discriminaci\u00f3n, fortaleciendo el marco jur\u00eddico para combatir, erradicar y castigar cualquier tipo de violencia contra las mujeres.<\/li>\n\n\n\n<li>Entre las reformas avaladas en favor de las mexiquenses destacan las que buscan proteger su integridad; combatir la violencia sexual, vicaria, digital y pol\u00edtica en su contra; y promover la igualdad sustantiva.\u00a0<\/li>\n\n\n\n<li>Desde su instalaci\u00f3n (el 4 de septiembre de 2024) a la fecha, esta legislatura aval\u00f3 la creaci\u00f3n de un juzgado especial para proteger a las mujeres contra cualquier violencia; tipific\u00f3 el delito de acecho; aument\u00f3 las penas por abuso y hostigamiento sexual; y estableci\u00f3 castigos por la creaci\u00f3n y difusi\u00f3n de contenido sexual manipulado con inteligencia artificial.<\/li>\n<\/ul>\n\n\n\n<p><em>Juan Ignacio Corro&nbsp;<\/em><\/p>\n\n\n\n<p class=\"has-text-align-right\">Toluca, Estado de M\u00e9xico, a 8 de marzo&nbsp;de 2026<\/p>\n\n\n\n<p>Como reflejo de la paridad en su integraci\u00f3n \u201437 diputadas, 37 diputados y un diputade, la LXII Legislatura mexiquense se ha caracterizado por impulsar acciones para derribar las barreras estructurales que impiden la igualdad ante la justicia, con leyes que promueven la equidad, igualdad de g\u00e9nero y no discriminaci\u00f3n, fortaleciendo el marco jur\u00eddico para combatir, erradicar y castigar cualquier tipo de violencia contra las mujeres.&nbsp;<\/p>\n\n\n\n<p>En el marco del \u2018D\u00eda Internacional de las Mujeres\u2019, conmemorado este 8 de marzo y que este a\u00f1o tiene el lema \u2018Derechos, justicia y acci\u00f3n #PorYParaTodas\u2019, es preciso recordar el trabajo realizado por el Congreso del Estado de M\u00e9xico para proteger la integridad de las mujeres; combatir la violencia sexual, vicaria, digital y pol\u00edtica en su contra; y promover la igualdad sustantiva entre g\u00e9neros, como la creaci\u00f3n de un juzgado especial para protegerlas ante cualquier violencia.&nbsp;<\/p>\n\n\n\n<p>Desde su inicio (el 5 de septiembre de 2024) a la fecha, la LXII Legislatura mexiquense ha avalado reformas para establecer que el Estado tiene deberes reforzados de protecci\u00f3n hacia las mujeres; resguardar los derechos sexuales y reproductivos; tipificar el delito de acecho y la creaci\u00f3n y difusi\u00f3n no consentida de contenidos de car\u00e1cter sexual manipulados con inteligencia artificial; y aumentar las sanciones por abuso y hostigamiento sexual.<\/p>\n\n\n\n<p>Tambi\u00e9n destaca la aprobaci\u00f3n para crear el Juzgado LIBRE (Libertad, Igualdad, Bienestar, Redes y Emancipaci\u00f3n), un \u00f3rgano especializado en la emisi\u00f3n de \u00f3rdenes y medidas de protecci\u00f3n inmediata, con el cual se incorporan deberes para todas las autoridades del Estado y los municipios para prevenir, atender y erradicar la violencia, y se reconoce expresamente el derecho de las mexiquenses a vivir libres de violencia en todos los \u00e1mbitos.<\/p>\n\n\n\n<p>Con otras reformas se estableci\u00f3 que el Estado tenga deberes reforzados de protecci\u00f3n hacia mujeres, adolescentes y ni\u00f1as, y que las unidades municipales de igualdad de g\u00e9nero y erradicaci\u00f3n de la violencia incorporen la perspectiva de g\u00e9nero en los trabajos de la administraci\u00f3n p\u00fablica.<\/p>\n\n\n\n<p>Igualmente se aval\u00f3 la despenalizaci\u00f3n del aborto hasta las 12 semanas de gestaci\u00f3n; y la incorporaci\u00f3n en el C\u00f3digo Penal estatal del delito de acecho o \u201cstalking\u201d, cuyas sanciones alcanzan hasta seis a\u00f1os y ocho meses de prisi\u00f3n y 750 d\u00edas multa.&nbsp;<\/p>\n\n\n\n<p>Por otro lado, y en sinton\u00eda con las nuevas modalidades de violencia de g\u00e9nero, el Pleno legislativo estableci\u00f3 castigos por la creaci\u00f3n y difusi\u00f3n no consentida de im\u00e1genes, audios o videos de contenido sexual manipulados mediante inteligencia artificial, con penas de hasta cinco a\u00f1os de prisi\u00f3n y 500 Unidades de Medida y Actualizaci\u00f3n (UMA), equivalentes a 56 mil 570 pesos.<\/p>\n\n\n\n<p>El Congreso mexiquense tambi\u00e9n estableci\u00f3 penas de hasta ocho a\u00f1os de prisi\u00f3n para el hombre que, con la intenci\u00f3n de da\u00f1ar a una mujer, emplee como medio a sus hijas, hijos, familiares o personas cercanas a trav\u00e9s de amenazas u otras conductas, lo que es conocido como violencia vicaria. Asimismo, ser\u00e1n acreedores a sanciones econ\u00f3micas, perder\u00e1n la patria potestad y tendr\u00e1n tratamiento psicol\u00f3gico-psicoterap\u00e9utico, psiqui\u00e1trico o reeducativo.&nbsp;&nbsp;<\/p>\n\n\n\n<p>En este sentido, cabe destacar la aprobaci\u00f3n en comisiones legislativas de que, en casos de violencia digital y para garantizar la integridad de la v\u00edctima, el Ministerio P\u00fablico y la jueza o el juez deber\u00e1n ordenar de manera inmediata las medidas de protecci\u00f3n necesarias, as\u00ed como la interrupci\u00f3n, bloqueo, destrucci\u00f3n o eliminaci\u00f3n de cuentas, im\u00e1genes, audios o videos vinculados a la investigaci\u00f3n previa. Esta reforma en materia de violencia digital est\u00e1 pendiente de aprobarse por el Pleno legislativo.&nbsp;<\/p>\n\n\n\n<p>En otros aspectos, se establecieron penas de hasta 20 a\u00f1os de prisi\u00f3n por abuso sexual y hasta nueve a\u00f1os por hostigamiento sexual, que estos delitos se persigan de oficio y que, para su interpretaci\u00f3n, se considere la perspectiva de g\u00e9nero y los contextos de vulnerabilidad de la v\u00edctima.&nbsp;&nbsp;<\/p>\n\n\n\n<p>Se ampliaron los supuestos que configuran los delitos contra la libertad sexual y se reform\u00f3 la configuraci\u00f3n del delito de acoso sexual, con sanciones de hasta 12 a\u00f1os de prisi\u00f3n cuando la conducta se cometa de manera reiterada o se aproveche de circunstancias que generen desventaja, indefensi\u00f3n o riesgo inminente para la v\u00edctima.&nbsp;<\/p>\n\n\n\n<p>Por otro lado, se retiraron las exenciones de responsabilidad a quienes encubran a personas investigadas o vinculadas a proceso por los delitos de feminicidio, con lo cual esta conducta podr\u00eda alcanzar hasta 12 a\u00f1os de prisi\u00f3n.&nbsp;<\/p>\n\n\n\n<p>Asimismo, se autoriz\u00f3 la creaci\u00f3n de un Sistema Estatal de Cuidados, con \u00e9nfasis en la revalorizaci\u00f3n de esta labor cuando la realicen mujeres.&nbsp;<\/p>\n\n\n\n<p>En cuanto a exhortos, el Congreso mexiquense llam\u00f3 a los 125 ayuntamientos a cumplir con el principio de paridad en la designaci\u00f3n de personas titulares del gobierno y de las \u00e1reas de la administraci\u00f3n p\u00fablica; a los municipios con declaratorias de alerta de violencia de g\u00e9nero por feminicidio y desaparici\u00f3n a ejercer en su totalidad los recursos asignados para ambos mecanismos; y a la Comisi\u00f3n de B\u00fasqueda de Personas del Estado de M\u00e9xico a fortalecer las acciones dirigidas a atender la desaparici\u00f3n de personas, con \u00e9nfasis en las mujeres.<\/p>\n\n\n\n<p>Igualmente se autoriz\u00f3 a la Comisi\u00f3n Legislativa para las Declaratorias de Alerta de Violencia de G\u00e9nero contra las Mujeres por Feminicidio y Desaparici\u00f3n a celebrar el primer encuentro interparlamentario con su hom\u00f3loga del Congreso de la Ciudad de M\u00e9xico.&nbsp;<\/p>\n\n\n\n<p>En el \u00e1mbito federal, se solicit\u00f3 al Congreso de la Uni\u00f3n la creaci\u00f3n de una Comisi\u00f3n Legislativa Ordinaria de Seguimiento para las Declaratorias de Alerta de Violencia de G\u00e9nero contra las Mujeres por Feminicidio, Desaparici\u00f3n y cualquier tipo de violencia; as\u00ed como la actualizaci\u00f3n del lenguaje constitucional y legal del pa\u00eds, reconociendo a las mujeres y contribuyendo a la paridad y equidad en todos los espacios de la vida p\u00fablica.&nbsp;<\/p>\n\n\n\n<p>Como parte del Constituyente Permanente, el Pleno legislativo mexiquense aval\u00f3 la minuta para garantizar que el Estado asegure el goce y ejercicio del derecho a la igualdad sustantiva de las mujeres y que toda persona tenga derecho a vivir una vida libre de violencias; as\u00ed como que se consideren beneficiarios de los programas, acciones y servicios de asistencia social, de manera prioritaria, a ni\u00f1as, ni\u00f1os y adolescentes que est\u00e9n en condici\u00f3n de orfandad por feminicidio o dependientes de v\u00edctimas por desaparici\u00f3n, y hasta los 25 a\u00f1os de edad cuando comprueben estudios en curso y no tengan v\u00ednculos matrimoniales.<\/p>\n\n\n\n<p>Por lo que hace a las iniciativas que a\u00fan se encuentran en estudio en comisiones legislativas, destacan las referentes a fortalecer la atenci\u00f3n integral del c\u00e1ncer de mama, la menopausia, el climaterio y salud menstrual; establecer castigos para los padres que no aporten gastos durante el embarazo o que no contribuyan con pensi\u00f3n alimenticia; sancionar los ataques con sustancias qu\u00edmicas.&nbsp;<\/p>\n\n\n\n<p>As\u00ed como para impulsar el desarrollo empresarial, industrial, comercial y profesional de las mujeres; admitir procedimientos sumarios de pensi\u00f3n alimenticia; expedir la Ley de Protecci\u00f3n al Parto Humanizado y a la Maternidad Digna; reconocer la leg\u00edtima defensa con perspectiva de g\u00e9nero; y establecer que el Estado instale refugios para las mujeres v\u00edctimas de violencia y sus hijas e hijos.&nbsp;<\/p>\n\n\n\n<p>Otras propuestas buscan reconocer expresamente el derecho a obtener una incapacidad m\u00e9dica para efectos laborales y acad\u00e9micos por Interrupci\u00f3n Legal del Embarazo por un per\u00edodo m\u00ednimo de tres d\u00edas h\u00e1biles, prorrogables seg\u00fan criterio m\u00e9dico; castigar con hasta 27 a\u00f1os de prisi\u00f3n la explotaci\u00f3n reproductiva, entendida como el ofrecimiento, gesti\u00f3n, promoci\u00f3n, intermediaci\u00f3n o contrataci\u00f3n de servicios de gestaci\u00f3n subrogada, ya sea con fines comerciales o bajo cualquier forma de remuneraci\u00f3n; fortalecer la igualdad de g\u00e9nero en la distribuci\u00f3n del trabajo dom\u00e9stico no remunerado, y establecer mecanismos que contribuyan a reducir la brecha salarial de g\u00e9nero.&nbsp;<\/p>\n\n\n\n<p>Adem\u00e1s, reconocer y proteger a padres y madres buscadoras que se dedican a la localizaci\u00f3n de sus familiares desaparecidos; establecer hasta 20 a\u00f1os de prisi\u00f3n por el delito de estupro \u2014definido como la c\u00f3pula de una persona adulta con una persona mayor de 15 y menor de 18 a\u00f1os mediante cualquier tipo de seducci\u00f3n\u2014; y la iniciativa de Ley de Salud del Estado de M\u00e9xico, que identifica a las mujeres entre los grupos de atenci\u00f3n prioritaria, adem\u00e1s de que contiene un cap\u00edtulo sobre la prestaci\u00f3n de servicios de interrupci\u00f3n del embarazo, en el que se establece que las mujeres y personas gestantes tienen derecho a decidir sobre su propio cuerpo.<\/p>\n","protected":false},"excerpt":{"rendered":"<p>Visitas: 8 Juan Ignacio Corro&nbsp; Toluca, Estado de M\u00e9xico, a 8 de marzo&nbsp;de 2026 Como reflejo de la paridad en su integraci\u00f3n \u201437 diputadas, 37 diputados y un diputade, la LXII Legislatura mexiquense se ha caracterizado por impulsar acciones para derribar las barreras estructurales que impiden la igualdad ante la justicia, con leyes que promueven [&hellip;]<\/p>\n","protected":false},"author":5,"featured_media":16600,"comment_status":"open","ping_status":"open","sticky":false,"template":"","format":"standard","meta":{"site-sidebar-layout":"default","site-content-layout":"","ast-site-content-layout":"default","site-content-style":"default","site-sidebar-style":"default","ast-global-header-display":"","ast-banner-title-visibility":"","ast-main-header-display":"","ast-hfb-above-header-display":"","ast-hfb-below-header-display":"","ast-hfb-mobile-header-display":"","site-post-title":"","ast-breadcrumbs-content":"","ast-featured-img":"","footer-sml-layout":"","ast-disable-related-posts":"","theme-transparent-header-meta":"","adv-header-id-meta":"","stick-header-meta":"","header-above-stick-meta":"","header-main-stick-meta":"","header-below-stick-meta":"","astra-migrate-meta-layouts":"set","ast-page-background-enabled":"default","ast-page-background-meta":{"desktop":{"background-color":"var(--ast-global-color-4)","background-image":"","background-repeat":"repeat","background-position":"center center","background-size":"auto","background-attachment":"scroll","background-type":"","background-media":"","overlay-type":"","overlay-color":"","overlay-opacity":"","overlay-gradient":""},"tablet":{"background-color":"","background-image":"","background-repeat":"repeat","background-position":"center center","background-size":"auto","background-attachment":"scroll","background-type":"","background-media":"","overlay-type":"","overlay-color":"","overlay-opacity":"","overlay-gradient":""},"mobile":{"background-color":"","background-image":"","background-repeat":"repeat","background-position":"center center","background-size":"auto","background-attachment":"scroll","background-type":"","background-media":"","overlay-type":"","overlay-color":"","overlay-opacity":"","overlay-gradient":""}},"ast-content-background-meta":{"desktop":{"background-color":"var(--ast-global-color-5)","background-image":"","background-repeat":"repeat","background-position":"center center","background-size":"auto","background-attachment":"scroll","background-type":"","background-media":"","overlay-type":"","overlay-color":"","overlay-opacity":"","overlay-gradient":""},"tablet":{"background-color":"var(--ast-global-color-5)","background-image":"","background-repeat":"repeat","background-position":"center center","background-size":"auto","background-attachment":"scroll","background-type":"","background-media":"","overlay-type":"","overlay-color":"","overlay-opacity":"","overlay-gradient":""},"mobile":{"background-color":"var(--ast-global-color-5)","background-image":"","background-repeat":"repeat","background-position":"center center","background-size":"auto","background-attachment":"scroll","background-type":"","background-media":"","overlay-type":"","overlay-color":"","overlay-opacity":"","overlay-gradient":""}},"footnotes":""},"categories":[94,8,512,68,31],"tags":[526],"class_list":["post-16725","post","type-post","status-publish","format-standard","has-post-thumbnail","hentry","category-congreso-edomex","category-edomex","category-metropoli","category-seguridad","category-toluca","tag-edomex"],"yoast_head":"<!-- This site is optimized with the Yoast SEO plugin v27.4 - https:\/\/yoast.com\/product\/yoast-seo-wordpress\/ -->\n<title>Avanza Congreso del Edomex en protecci\u00f3n y derechos de las mujeres - Agencia252<\/title>\n<meta name=\"robots\" content=\"index, follow, max-snippet:-1, max-image-preview:large, max-video-preview:-1\" \/>\n<link rel=\"canonical\" href=\"https:\/\/agencia.252.com.mx\/home\/avanza-congreso-del-edomex-en-proteccion-y-derechos-de-las-mujeres\/\" \/>\n<meta property=\"og:locale\" content=\"es_ES\" \/>\n<meta property=\"og:type\" content=\"article\" \/>\n<meta property=\"og:title\" content=\"Avanza Congreso del Edomex en protecci\u00f3n y derechos de las mujeres - Agencia252\" \/>\n<meta property=\"og:description\" content=\"Visitas: 8 Juan Ignacio Corro&nbsp; Toluca, Estado de M\u00e9xico, a 8 de marzo&nbsp;de 2026 Como reflejo de la paridad en su integraci\u00f3n \u201437 diputadas, 37 diputados y un diputade, la LXII Legislatura mexiquense se ha caracterizado por impulsar acciones para derribar las barreras estructurales que impiden la igualdad ante la justicia, con leyes que promueven [&hellip;]\" \/>\n<meta property=\"og:url\" content=\"https:\/\/agencia.252.com.mx\/home\/avanza-congreso-del-edomex-en-proteccion-y-derechos-de-las-mujeres\/\" \/>\n<meta property=\"og:site_name\" content=\"Agencia252\" \/>\n<meta property=\"article:publisher\" content=\"https:\/\/www.facebook.com\/252Comunicacion\/\" \/>\n<meta property=\"article:author\" content=\"https:\/\/www.facebook.com\/jcorroherrera\/\" \/>\n<meta property=\"article:published_time\" content=\"2026-03-08T21:30:38+00:00\" \/>\n<meta property=\"article:modified_time\" content=\"2026-03-08T21:30:39+00:00\" \/>\n<meta property=\"og:image\" content=\"http:\/\/agencia.252.com.mx\/wp-content\/uploads\/2026\/03\/WhatsApp-Image-2026-03-05-at-10.50.41-AM.jpeg\" \/>\n\t<meta property=\"og:image:width\" content=\"1280\" \/>\n\t<meta property=\"og:image:height\" content=\"873\" \/>\n\t<meta property=\"og:image:type\" content=\"image\/jpeg\" \/>\n<meta name=\"author\" content=\"Nacho Corro\" \/>\n<meta name=\"twitter:card\" content=\"summary_large_image\" \/>\n<meta name=\"twitter:creator\" content=\"@Juan Ignacio Corro Herrera\" \/>\n<meta name=\"twitter:site\" content=\"@252COMS\" \/>\n<meta name=\"twitter:label1\" content=\"Escrito por\" \/>\n\t<meta name=\"twitter:data1\" content=\"Nacho Corro\" \/>\n\t<meta name=\"twitter:label2\" content=\"Tiempo de lectura\" \/>\n\t<meta name=\"twitter:data2\" content=\"8 minutos\" \/>\n<script type=\"application\/ld+json\" class=\"yoast-schema-graph\">{\"@context\":\"https:\\\/\\\/schema.org\",\"@graph\":[{\"@type\":\"Article\",\"@id\":\"https:\\\/\\\/agencia.252.com.mx\\\/home\\\/avanza-congreso-del-edomex-en-proteccion-y-derechos-de-las-mujeres\\\/#article\",\"isPartOf\":{\"@id\":\"https:\\\/\\\/agencia.252.com.mx\\\/home\\\/avanza-congreso-del-edomex-en-proteccion-y-derechos-de-las-mujeres\\\/\"},\"author\":{\"name\":\"Nacho Corro\",\"@id\":\"https:\\\/\\\/agencia.252.com.mx\\\/home\\\/#\\\/schema\\\/person\\\/6b972021e9a92d45ade8c78d81509098\"},\"headline\":\"Avanza Congreso del Edomex en protecci\u00f3n y derechos de las mujeres\",\"datePublished\":\"2026-03-08T21:30:38+00:00\",\"dateModified\":\"2026-03-08T21:30:39+00:00\",\"mainEntityOfPage\":{\"@id\":\"https:\\\/\\\/agencia.252.com.mx\\\/home\\\/avanza-congreso-del-edomex-en-proteccion-y-derechos-de-las-mujeres\\\/\"},\"wordCount\":1670,\"commentCount\":0,\"publisher\":{\"@id\":\"https:\\\/\\\/agencia.252.com.mx\\\/home\\\/#organization\"},\"image\":{\"@id\":\"https:\\\/\\\/agencia.252.com.mx\\\/home\\\/avanza-congreso-del-edomex-en-proteccion-y-derechos-de-las-mujeres\\\/#primaryimage\"},\"thumbnailUrl\":\"https:\\\/\\\/agencia.252.com.mx\\\/wp-content\\\/uploads\\\/2026\\\/03\\\/WhatsApp-Image-2026-03-05-at-10.50.41-AM.jpeg\",\"keywords\":[\"Edomex\"],\"articleSection\":[\"Congreso Edomex\",\"Edomex\",\"Metropoli\",\"Seguridad\",\"Toluca\"],\"inLanguage\":\"es\",\"potentialAction\":[{\"@type\":\"CommentAction\",\"name\":\"Comment\",\"target\":[\"https:\\\/\\\/agencia.252.com.mx\\\/home\\\/avanza-congreso-del-edomex-en-proteccion-y-derechos-de-las-mujeres\\\/#respond\"]}]},{\"@type\":\"WebPage\",\"@id\":\"https:\\\/\\\/agencia.252.com.mx\\\/home\\\/avanza-congreso-del-edomex-en-proteccion-y-derechos-de-las-mujeres\\\/\",\"url\":\"https:\\\/\\\/agencia.252.com.mx\\\/home\\\/avanza-congreso-del-edomex-en-proteccion-y-derechos-de-las-mujeres\\\/\",\"name\":\"Avanza Congreso del Edomex en protecci\u00f3n y derechos de las mujeres - Agencia252\",\"isPartOf\":{\"@id\":\"https:\\\/\\\/agencia.252.com.mx\\\/home\\\/#website\"},\"primaryImageOfPage\":{\"@id\":\"https:\\\/\\\/agencia.252.com.mx\\\/home\\\/avanza-congreso-del-edomex-en-proteccion-y-derechos-de-las-mujeres\\\/#primaryimage\"},\"image\":{\"@id\":\"https:\\\/\\\/agencia.252.com.mx\\\/home\\\/avanza-congreso-del-edomex-en-proteccion-y-derechos-de-las-mujeres\\\/#primaryimage\"},\"thumbnailUrl\":\"https:\\\/\\\/agencia.252.com.mx\\\/wp-content\\\/uploads\\\/2026\\\/03\\\/WhatsApp-Image-2026-03-05-at-10.50.41-AM.jpeg\",\"datePublished\":\"2026-03-08T21:30:38+00:00\",\"dateModified\":\"2026-03-08T21:30:39+00:00\",\"breadcrumb\":{\"@id\":\"https:\\\/\\\/agencia.252.com.mx\\\/home\\\/avanza-congreso-del-edomex-en-proteccion-y-derechos-de-las-mujeres\\\/#breadcrumb\"},\"inLanguage\":\"es\",\"potentialAction\":[{\"@type\":\"ReadAction\",\"target\":[\"https:\\\/\\\/agencia.252.com.mx\\\/home\\\/avanza-congreso-del-edomex-en-proteccion-y-derechos-de-las-mujeres\\\/\"]}]},{\"@type\":\"ImageObject\",\"inLanguage\":\"es\",\"@id\":\"https:\\\/\\\/agencia.252.com.mx\\\/home\\\/avanza-congreso-del-edomex-en-proteccion-y-derechos-de-las-mujeres\\\/#primaryimage\",\"url\":\"https:\\\/\\\/agencia.252.com.mx\\\/wp-content\\\/uploads\\\/2026\\\/03\\\/WhatsApp-Image-2026-03-05-at-10.50.41-AM.jpeg\",\"contentUrl\":\"https:\\\/\\\/agencia.252.com.mx\\\/wp-content\\\/uploads\\\/2026\\\/03\\\/WhatsApp-Image-2026-03-05-at-10.50.41-AM.jpeg\",\"width\":1280,\"height\":873},{\"@type\":\"BreadcrumbList\",\"@id\":\"https:\\\/\\\/agencia.252.com.mx\\\/home\\\/avanza-congreso-del-edomex-en-proteccion-y-derechos-de-las-mujeres\\\/#breadcrumb\",\"itemListElement\":[{\"@type\":\"ListItem\",\"position\":1,\"name\":\"Portada\",\"item\":\"https:\\\/\\\/agencia.252.com.mx\\\/home\\\/\"},{\"@type\":\"ListItem\",\"position\":2,\"name\":\"Avanza Congreso del Edomex en protecci\u00f3n y derechos de las mujeres\"}]},{\"@type\":\"WebSite\",\"@id\":\"https:\\\/\\\/agencia.252.com.mx\\\/home\\\/#website\",\"url\":\"https:\\\/\\\/agencia.252.com.mx\\\/home\\\/\",\"name\":\"Agencia252\",\"description\":\"Tu espacio en la Red\",\"publisher\":{\"@id\":\"https:\\\/\\\/agencia.252.com.mx\\\/home\\\/#organization\"},\"potentialAction\":[{\"@type\":\"SearchAction\",\"target\":{\"@type\":\"EntryPoint\",\"urlTemplate\":\"https:\\\/\\\/agencia.252.com.mx\\\/home\\\/?s={search_term_string}\"},\"query-input\":{\"@type\":\"PropertyValueSpecification\",\"valueRequired\":true,\"valueName\":\"search_term_string\"}}],\"inLanguage\":\"es\"},{\"@type\":\"Organization\",\"@id\":\"https:\\\/\\\/agencia.252.com.mx\\\/home\\\/#organization\",\"name\":\"Agencia252\",\"url\":\"https:\\\/\\\/agencia.252.com.mx\\\/home\\\/\",\"logo\":{\"@type\":\"ImageObject\",\"inLanguage\":\"es\",\"@id\":\"https:\\\/\\\/agencia.252.com.mx\\\/home\\\/#\\\/schema\\\/logo\\\/image\\\/\",\"url\":\"https:\\\/\\\/agencia.252.com.mx\\\/wp-content\\\/uploads\\\/2023\\\/02\\\/cropped-ciruclo-agencia-e1677562404136.png\",\"contentUrl\":\"https:\\\/\\\/agencia.252.com.mx\\\/wp-content\\\/uploads\\\/2023\\\/02\\\/cropped-ciruclo-agencia-e1677562404136.png\",\"width\":512,\"height\":512,\"caption\":\"Agencia252\"},\"image\":{\"@id\":\"https:\\\/\\\/agencia.252.com.mx\\\/home\\\/#\\\/schema\\\/logo\\\/image\\\/\"},\"sameAs\":[\"https:\\\/\\\/www.facebook.com\\\/252Comunicacion\\\/\",\"https:\\\/\\\/x.com\\\/252COMS\"]},{\"@type\":\"Person\",\"@id\":\"https:\\\/\\\/agencia.252.com.mx\\\/home\\\/#\\\/schema\\\/person\\\/6b972021e9a92d45ade8c78d81509098\",\"name\":\"Nacho Corro\",\"image\":{\"@type\":\"ImageObject\",\"inLanguage\":\"es\",\"@id\":\"https:\\\/\\\/secure.gravatar.com\\\/avatar\\\/5db6df507cfe1307e192fbb498c6b85f1cf2ffd8b4cd37141b9eea588fcbd5a4?s=96&r=g\",\"url\":\"https:\\\/\\\/secure.gravatar.com\\\/avatar\\\/5db6df507cfe1307e192fbb498c6b85f1cf2ffd8b4cd37141b9eea588fcbd5a4?s=96&r=g\",\"contentUrl\":\"https:\\\/\\\/secure.gravatar.com\\\/avatar\\\/5db6df507cfe1307e192fbb498c6b85f1cf2ffd8b4cd37141b9eea588fcbd5a4?s=96&r=g\",\"caption\":\"Nacho Corro\"},\"description\":\"Comunicador Social, Periodista y Administraci\u00f3n P\u00fablica. Conversador pol\u00edtico, temas electorales y seguridad. Generador de contenidos digitales. Amante de la fotograf\u00eda\",\"sameAs\":[\"https:\\\/\\\/www.facebook.com\\\/jcorroherrera\\\/\",\"www.instagram.com\\\/nachocorro\\\/\",\"https:\\\/\\\/x.com\\\/Juan Ignacio Corro Herrera\"],\"url\":\"https:\\\/\\\/agencia.252.com.mx\\\/home\\\/author\\\/i-corro\\\/\"}]}<\/script>\n<!-- \/ Yoast SEO plugin. -->","yoast_head_json":{"title":"Avanza Congreso del Edomex en protecci\u00f3n y derechos de las mujeres - Agencia252","robots":{"index":"index","follow":"follow","max-snippet":"max-snippet:-1","max-image-preview":"max-image-preview:large","max-video-preview":"max-video-preview:-1"},"canonical":"https:\/\/agencia.252.com.mx\/home\/avanza-congreso-del-edomex-en-proteccion-y-derechos-de-las-mujeres\/","og_locale":"es_ES","og_type":"article","og_title":"Avanza Congreso del Edomex en protecci\u00f3n y derechos de las mujeres - Agencia252","og_description":"Visitas: 8 Juan Ignacio Corro&nbsp; Toluca, Estado de M\u00e9xico, a 8 de marzo&nbsp;de 2026 Como reflejo de la paridad en su integraci\u00f3n \u201437 diputadas, 37 diputados y un diputade, la LXII Legislatura mexiquense se ha caracterizado por impulsar acciones para derribar las barreras estructurales que impiden la igualdad ante la justicia, con leyes que promueven [&hellip;]","og_url":"https:\/\/agencia.252.com.mx\/home\/avanza-congreso-del-edomex-en-proteccion-y-derechos-de-las-mujeres\/","og_site_name":"Agencia252","article_publisher":"https:\/\/www.facebook.com\/252Comunicacion\/","article_author":"https:\/\/www.facebook.com\/jcorroherrera\/","article_published_time":"2026-03-08T21:30:38+00:00","article_modified_time":"2026-03-08T21:30:39+00:00","og_image":[{"width":1280,"height":873,"url":"http:\/\/agencia.252.com.mx\/wp-content\/uploads\/2026\/03\/WhatsApp-Image-2026-03-05-at-10.50.41-AM.jpeg","type":"image\/jpeg"}],"author":"Nacho Corro","twitter_card":"summary_large_image","twitter_creator":"@Juan Ignacio Corro Herrera","twitter_site":"@252COMS","twitter_misc":{"Escrito por":"Nacho Corro","Tiempo de lectura":"8 minutos"},"schema":{"@context":"https:\/\/schema.org","@graph":[{"@type":"Article","@id":"https:\/\/agencia.252.com.mx\/home\/avanza-congreso-del-edomex-en-proteccion-y-derechos-de-las-mujeres\/#article","isPartOf":{"@id":"https:\/\/agencia.252.com.mx\/home\/avanza-congreso-del-edomex-en-proteccion-y-derechos-de-las-mujeres\/"},"author":{"name":"Nacho Corro","@id":"https:\/\/agencia.252.com.mx\/home\/#\/schema\/person\/6b972021e9a92d45ade8c78d81509098"},"headline":"Avanza Congreso del Edomex en protecci\u00f3n y derechos de las mujeres","datePublished":"2026-03-08T21:30:38+00:00","dateModified":"2026-03-08T21:30:39+00:00","mainEntityOfPage":{"@id":"https:\/\/agencia.252.com.mx\/home\/avanza-congreso-del-edomex-en-proteccion-y-derechos-de-las-mujeres\/"},"wordCount":1670,"commentCount":0,"publisher":{"@id":"https:\/\/agencia.252.com.mx\/home\/#organization"},"image":{"@id":"https:\/\/agencia.252.com.mx\/home\/avanza-congreso-del-edomex-en-proteccion-y-derechos-de-las-mujeres\/#primaryimage"},"thumbnailUrl":"https:\/\/agencia.252.com.mx\/wp-content\/uploads\/2026\/03\/WhatsApp-Image-2026-03-05-at-10.50.41-AM.jpeg","keywords":["Edomex"],"articleSection":["Congreso Edomex","Edomex","Metropoli","Seguridad","Toluca"],"inLanguage":"es","potentialAction":[{"@type":"CommentAction","name":"Comment","target":["https:\/\/agencia.252.com.mx\/home\/avanza-congreso-del-edomex-en-proteccion-y-derechos-de-las-mujeres\/#respond"]}]},{"@type":"WebPage","@id":"https:\/\/agencia.252.com.mx\/home\/avanza-congreso-del-edomex-en-proteccion-y-derechos-de-las-mujeres\/","url":"https:\/\/agencia.252.com.mx\/home\/avanza-congreso-del-edomex-en-proteccion-y-derechos-de-las-mujeres\/","name":"Avanza Congreso del Edomex en protecci\u00f3n y derechos de las mujeres - Agencia252","isPartOf":{"@id":"https:\/\/agencia.252.com.mx\/home\/#website"},"primaryImageOfPage":{"@id":"https:\/\/agencia.252.com.mx\/home\/avanza-congreso-del-edomex-en-proteccion-y-derechos-de-las-mujeres\/#primaryimage"},"image":{"@id":"https:\/\/agencia.252.com.mx\/home\/avanza-congreso-del-edomex-en-proteccion-y-derechos-de-las-mujeres\/#primaryimage"},"thumbnailUrl":"https:\/\/agencia.252.com.mx\/wp-content\/uploads\/2026\/03\/WhatsApp-Image-2026-03-05-at-10.50.41-AM.jpeg","datePublished":"2026-03-08T21:30:38+00:00","dateModified":"2026-03-08T21:30:39+00:00","breadcrumb":{"@id":"https:\/\/agencia.252.com.mx\/home\/avanza-congreso-del-edomex-en-proteccion-y-derechos-de-las-mujeres\/#breadcrumb"},"inLanguage":"es","potentialAction":[{"@type":"ReadAction","target":["https:\/\/agencia.252.com.mx\/home\/avanza-congreso-del-edomex-en-proteccion-y-derechos-de-las-mujeres\/"]}]},{"@type":"ImageObject","inLanguage":"es","@id":"https:\/\/agencia.252.com.mx\/home\/avanza-congreso-del-edomex-en-proteccion-y-derechos-de-las-mujeres\/#primaryimage","url":"https:\/\/agencia.252.com.mx\/wp-content\/uploads\/2026\/03\/WhatsApp-Image-2026-03-05-at-10.50.41-AM.jpeg","contentUrl":"https:\/\/agencia.252.com.mx\/wp-content\/uploads\/2026\/03\/WhatsApp-Image-2026-03-05-at-10.50.41-AM.jpeg","width":1280,"height":873},{"@type":"BreadcrumbList","@id":"https:\/\/agencia.252.com.mx\/home\/avanza-congreso-del-edomex-en-proteccion-y-derechos-de-las-mujeres\/#breadcrumb","itemListElement":[{"@type":"ListItem","position":1,"name":"Portada","item":"https:\/\/agencia.252.com.mx\/home\/"},{"@type":"ListItem","position":2,"name":"Avanza Congreso del Edomex en protecci\u00f3n y derechos de las mujeres"}]},{"@type":"WebSite","@id":"https:\/\/agencia.252.com.mx\/home\/#website","url":"https:\/\/agencia.252.com.mx\/home\/","name":"Agencia252","description":"Tu espacio en la Red","publisher":{"@id":"https:\/\/agencia.252.com.mx\/home\/#organization"},"potentialAction":[{"@type":"SearchAction","target":{"@type":"EntryPoint","urlTemplate":"https:\/\/agencia.252.com.mx\/home\/?s={search_term_string}"},"query-input":{"@type":"PropertyValueSpecification","valueRequired":true,"valueName":"search_term_string"}}],"inLanguage":"es"},{"@type":"Organization","@id":"https:\/\/agencia.252.com.mx\/home\/#organization","name":"Agencia252","url":"https:\/\/agencia.252.com.mx\/home\/","logo":{"@type":"ImageObject","inLanguage":"es","@id":"https:\/\/agencia.252.com.mx\/home\/#\/schema\/logo\/image\/","url":"https:\/\/agencia.252.com.mx\/wp-content\/uploads\/2023\/02\/cropped-ciruclo-agencia-e1677562404136.png","contentUrl":"https:\/\/agencia.252.com.mx\/wp-content\/uploads\/2023\/02\/cropped-ciruclo-agencia-e1677562404136.png","width":512,"height":512,"caption":"Agencia252"},"image":{"@id":"https:\/\/agencia.252.com.mx\/home\/#\/schema\/logo\/image\/"},"sameAs":["https:\/\/www.facebook.com\/252Comunicacion\/","https:\/\/x.com\/252COMS"]},{"@type":"Person","@id":"https:\/\/agencia.252.com.mx\/home\/#\/schema\/person\/6b972021e9a92d45ade8c78d81509098","name":"Nacho Corro","image":{"@type":"ImageObject","inLanguage":"es","@id":"https:\/\/secure.gravatar.com\/avatar\/5db6df507cfe1307e192fbb498c6b85f1cf2ffd8b4cd37141b9eea588fcbd5a4?s=96&r=g","url":"https:\/\/secure.gravatar.com\/avatar\/5db6df507cfe1307e192fbb498c6b85f1cf2ffd8b4cd37141b9eea588fcbd5a4?s=96&r=g","contentUrl":"https:\/\/secure.gravatar.com\/avatar\/5db6df507cfe1307e192fbb498c6b85f1cf2ffd8b4cd37141b9eea588fcbd5a4?s=96&r=g","caption":"Nacho Corro"},"description":"Comunicador Social, Periodista y Administraci\u00f3n P\u00fablica. Conversador pol\u00edtico, temas electorales y seguridad. Generador de contenidos digitales. Amante de la fotograf\u00eda","sameAs":["https:\/\/www.facebook.com\/jcorroherrera\/","www.instagram.com\/nachocorro\/","https:\/\/x.com\/Juan Ignacio Corro Herrera"],"url":"https:\/\/agencia.252.com.mx\/home\/author\/i-corro\/"}]}},"_links":{"self":[{"href":"https:\/\/agencia.252.com.mx\/home\/wp-json\/wp\/v2\/posts\/16725","targetHints":{"allow":["GET"]}}],"collection":[{"href":"https:\/\/agencia.252.com.mx\/home\/wp-json\/wp\/v2\/posts"}],"about":[{"href":"https:\/\/agencia.252.com.mx\/home\/wp-json\/wp\/v2\/types\/post"}],"author":[{"embeddable":true,"href":"https:\/\/agencia.252.com.mx\/home\/wp-json\/wp\/v2\/users\/5"}],"replies":[{"embeddable":true,"href":"https:\/\/agencia.252.com.mx\/home\/wp-json\/wp\/v2\/comments?post=16725"}],"version-history":[{"count":1,"href":"https:\/\/agencia.252.com.mx\/home\/wp-json\/wp\/v2\/posts\/16725\/revisions"}],"predecessor-version":[{"id":16726,"href":"https:\/\/agencia.252.com.mx\/home\/wp-json\/wp\/v2\/posts\/16725\/revisions\/16726"}],"wp:featuredmedia":[{"embeddable":true,"href":"https:\/\/agencia.252.com.mx\/home\/wp-json\/wp\/v2\/media\/16600"}],"wp:attachment":[{"href":"https:\/\/agencia.252.com.mx\/home\/wp-json\/wp\/v2\/media?parent=16725"}],"wp:term":[{"taxonomy":"category","embeddable":true,"href":"https:\/\/agencia.252.com.mx\/home\/wp-json\/wp\/v2\/categories?post=16725"},{"taxonomy":"post_tag","embeddable":true,"href":"https:\/\/agencia.252.com.mx\/home\/wp-json\/wp\/v2\/tags?post=16725"}],"curies":[{"name":"wp","href":"https:\/\/api.w.org\/{rel}","templated":true}]}}